{"id":158076,"date":"2026-02-16T12:51:18","date_gmt":"2026-02-16T11:51:18","guid":{"rendered":"https:\/\/exaudi.org\/?p=158076"},"modified":"2026-02-16T13:10:49","modified_gmt":"2026-02-16T12:10:49","slug":"el-papa-leon-xiv-urge-priorizar-la-vida-y-la-salud-en-un-mundo-en-guerra","status":"publish","type":"post","link":"https:\/\/exaudi.org\/es\/el-papa-leon-xiv-urge-priorizar-la-vida-y-la-salud-en-un-mundo-en-guerra\/","title":{"rendered":"El Papa Le\u00f3n XIV urge priorizar la vida y la salud en un mundo en guerra"},"content":{"rendered":"<p dir=\"auto\">\u201cEn un mundo marcado por los conflictos, que consumen enormes recursos econ\u00f3micos, tecnol\u00f3gicos y organizativos en la producci\u00f3n de armas y otros tipos de equipo militar, nunca ha sido m\u00e1s importante dedicar tiempo, personas y experiencia a la salvaguardia de la vida y la salud.\u201d<\/p>\n<p dir=\"auto\">Esta contundente afirmaci\u00f3n, pronunciada por el Papa Le\u00f3n XIV el 16 de febrero de 2026 en la Sala Clementina del Vaticano, resume el n\u00facleo de su discurso ante los participantes en la Asamblea Plenaria de la Pontificia Academia para la Vida (PAV). El Pont\u00edfice critica abiertamente la desproporci\u00f3n entre los ingentes recursos destinados a la guerra y la insuficiente inversi\u00f3n en el cuidado de la salud humana, llamando a una inversi\u00f3n \u00e9tica y urgente en favor de la vida.<\/p>\n<p dir=\"auto\">En su primer encuentro con la Pontificia Academia para la Vida tras el nombramiento de su nuevo presidente, Monse\u00f1or Renzo Pegoraro, el Papa Le\u00f3n XIV centr\u00f3 su intervenci\u00f3n en el tema de la plenaria 2026: <em>Healthcare for All. Sustainability and Equity<\/em> (Atenci\u00f3n sanitaria para todos. Sostenibilidad y equidad). El Santo Padre agradeci\u00f3 el compromiso cient\u00edfico de la Academia al servicio de la vida humana y subray\u00f3 la necesidad de tratar la salud como un derecho universal, no como un bien de consumo o privilegio, retomando ense\u00f1anzas del Papa Francisco.<\/p>\n<p dir=\"auto\">Le\u00f3n XIV destac\u00f3 la interdependencia entre la salud individual y colectiva, puesta de manifiesto por la pandemia de Covid-19, y abog\u00f3 por un di\u00e1logo interdisciplinario entre medicina, pol\u00edtica, \u00e9tica y gesti\u00f3n para abordar la complejidad de los sistemas sanitarios. Insisti\u00f3 en la prevenci\u00f3n, en las graves desigualdades de acceso a la salud \u2014determinadas por ingresos, educaci\u00f3n y entorno\u2014 y rechaz\u00f3 la hipocres\u00eda de proclamar la igualdad de todas las vidas mientras se toleran causas estructurales de inequidad, especialmente las guerras que destruyen infraestructuras civiles esenciales como hospitales.<\/p>\n<p dir=\"auto\">El Pont\u00edfice promovi\u00f3 el paradigma de <em>One Health<\/em>, que integra la dimensi\u00f3n ambiental y la interconexi\u00f3n entre la vida humana y el resto de las criaturas, citando la enc\u00edclica <em>Laudato Si\u2019<\/em> del Papa Francisco sobre la \u201cfamilia universal\u201d unida por lazos invisibles. Pidi\u00f3 integrar la salud en todas las pol\u00edticas p\u00fablicas (transporte, vivienda, agricultura, educaci\u00f3n) y fortalecer el bien com\u00fan mediante relaciones de cuidado, solidaridad y redes colaborativas, con el fin de crear sistemas sanitarios sostenibles y restaurar la confianza en la ciencia y la medicina.<\/p>\n<p dir=\"auto\">Finalmente, reiter\u00f3 la importancia de las relaciones internacionales y multilaterales para prevenir conflictos y fomentar la cooperaci\u00f3n en salud, expresando su esperanza de que el trabajo de la Academia sea un testimonio vivo del cuidado mutuo que refleja el amor de Dios por todos sus hijos. El discurso concluy\u00f3 con una bendici\u00f3n y la oraci\u00f3n compartida del Padre Nuestro.<\/p>\n<p dir=\"auto\"><strong>Discurso completo del Papa Le\u00f3n XIV:<\/strong><\/p>\n<p dir=\"auto\" style=\"text-align: center;\"><strong>A los participantes en la Asamblea Plenaria de la Pontificia Academia para la Vida<\/strong><\/p>\n<p dir=\"auto\" style=\"text-align: center;\">Sala Clementina Lunes, 16 de febrero de 2026<\/p>\n<p dir=\"auto\" style=\"text-align: left;\">En el nombre del Padre y del Hijo y del Esp\u00edritu Santo. La paz est\u00e9 con ustedes.<\/p>\n<p dir=\"auto\">\u00a1Buenos d\u00edas a todos y bienvenidos!<\/p>\n<p dir=\"auto\">Eminencias, Excelencias, Ilustres Miembros de la Academia, Queridos hermanos y hermanas,<\/p>\n<p dir=\"auto\">Es un placer para m\u00ed encontrarme con ustedes por primera vez, junto a su nuevo Presidente, Monse\u00f1or Renzo Pegoraro. Quiero agradecerles su investigaci\u00f3n cient\u00edfica puesta al servicio de la vida humana y el trabajo realizado por la Pontificia Academia para la Vida.<\/p>\n<p dir=\"auto\">Aprecio enormemente el tema que han elegido para esta reuni\u00f3n anual: <em>Atenci\u00f3n sanitaria para todos. Sostenibilidad y equidad<\/em>. Este tema es muy importante, tanto por su actualidad como por su significado simb\u00f3lico. En efecto, en un mundo marcado por los conflictos, que consumen enormes recursos econ\u00f3micos, tecnol\u00f3gicos y organizativos en la producci\u00f3n de armas y otros tipos de equipo militar, nunca ha sido m\u00e1s importante dedicar tiempo, personas y experiencia a la salvaguardia de la vida y la salud. A este respecto, el Papa Francisco afirm\u00f3 que la salud \u201cno es un bien de consumo, sino un derecho universal que significa que el acceso a los servicios sanitarios no puede ser un privilegio\u201d (Discurso a \u201cM\u00e9dicos con \u00c1frica \u2013 CUAMM\u201d, 7 de mayo de 2016). Por eso les agradezco haber elegido este tema.<\/p>\n<p dir=\"auto\">El primer aspecto que deseo subrayar es la <em>conexi\u00f3n entre la salud de todos y la de cada uno<\/em>. La pandemia de Covid-19 lo demostr\u00f3, a veces de forma dura. Se ha hecho evidente cu\u00e1nto reciprocidad e interdependencia sustentan nuestra salud y nuestra misma vida. Estudiar esta interdependencia requiere un di\u00e1logo entre diferentes campos del saber: medicina, pol\u00edtica, \u00e9tica, gesti\u00f3n y otros. Es como un mosaico, cuyo \u00e9xito depende tanto de la elecci\u00f3n de las piezas como de su combinaci\u00f3n. En materia de sistemas sanitarios y salud p\u00fablica se trata, por un lado, de comprender los fen\u00f3menos y, por otro, de identificar acciones pol\u00edticas, sociales y tecnol\u00f3gicas espec\u00edficas que afectan a la familia, el trabajo, el ambiente y la sociedad en su conjunto. Nuestra responsabilidad no consiste solo en adoptar medidas para curar enfermedades y garantizar un acceso equitativo a la atenci\u00f3n sanitaria, sino tambi\u00e9n en reconocer c\u00f3mo la salud es influida y promovida por una combinaci\u00f3n de factores que deben examinarse y afrontarse en su complejidad.<\/p>\n<p dir=\"auto\">A este respecto, quiero reiterar que debemos centrarnos no \u201cen el beneficio inmediato, sino en lo que ser\u00e1 mejor para todos, sabiendo ser pacientes, generosos y solidarios, creando lazos y tendiendo puentes, trabajando en red, optimizando recursos, para que todos se sientan protagonistas y beneficiarios del trabajo com\u00fan\u201d (Discurso a los participantes en el Seminario \u201c\u00c9tica y administraci\u00f3n de empresas en el sector sanitario\u201d, 17 de noviembre de 2025).<\/p>\n<p dir=\"auto\">Aqu\u00ed llegamos al tema de la <em>prevenci\u00f3n<\/em>, que tambi\u00e9n implica una perspectiva amplia, pues las situaciones en las que se encuentran las comunidades son fruto de pol\u00edticas sociales y ambientales, y repercuten en la salud y la vida de las personas. Cuando observamos la esperanza de vida y la calidad de la salud en diferentes pa\u00edses y grupos sociales, descubrimos enormes desigualdades. Estas dependen de variables como el nivel de ingresos, el grado de educaci\u00f3n alcanzado y el barrio en el que se vive. Lamentablemente, hoy tambi\u00e9n nos enfrentamos a guerras que afectan a estructuras civiles, incluidos hospitales, que constituyen los ataques m\u00e1s graves que las manos humanas pueden infligir contra la vida y la salud p\u00fablica. A menudo se dice que la vida y la salud son valores fundamentales e iguales para todos, pero esta afirmaci\u00f3n es hip\u00f3crita si al mismo tiempo ignoramos las causas estructurales y las pol\u00edticas que determinan las desigualdades. En realidad, pese a las declaraciones en sentido contrario, no todas las vidas son igualmente respetadas ni la salud es protegida y promovida de la misma manera para todos.<\/p>\n<p dir=\"auto\">El concepto de <em>One Health<\/em> puede ayudarnos como base para un enfoque global, multidisciplinario e integrado de los problemas de salud. Pone de relieve la dimensi\u00f3n ambiental y la interdependencia de las diversas formas de vida y los factores ecol\u00f3gicos que permiten su desarrollo equilibrado. Por tanto, es importante crecer en la conciencia de que la vida humana es incomprensible e insostenible sin las dem\u00e1s criaturas. En efecto, citando la enc\u00edclica <em>Laudato Si\u2019<\/em>, \u201ctodos estamos unidos por v\u00ednculos invisibles y juntos formamos una especie de familia universal, una sublime comuni\u00f3n que nos llena de un respeto sagrado, afectuoso y humilde\u201d (n. 89). Este enfoque est\u00e1 muy en sinton\u00eda con la bio\u00e9tica global que su Academia ha cultivado repetidamente y que hacen bien en seguir promoviendo.<\/p>\n<p dir=\"auto\">Entendido en t\u00e9rminos de acci\u00f3n p\u00fablica, <em>One Health<\/em> exige integrar las consideraciones sanitarias en todas las pol\u00edticas (transporte, vivienda, agricultura, empleo, educaci\u00f3n, etc.), ya que las cuestiones de salud tocan todos los aspectos de la vida. As\u00ed, debemos fortalecer nuestra comprensi\u00f3n y promoci\u00f3n del bien com\u00fan, para que no sea violado bajo la presi\u00f3n de intereses individuales o nacionales particulares.<\/p>\n<p dir=\"auto\">El bien com\u00fan \u2014uno de los principios fundamentales de la doctrina social de la Iglesia\u2014 corre el riesgo de quedar como una noci\u00f3n abstracta e irrelevante si no reconocemos que est\u00e1 arraigado en el fomento de relaciones estrechas entre las personas y v\u00ednculos entre los miembros de la sociedad. Este es el terreno sobre el que puede crecer una cultura democr\u00e1tica que fomente la participaci\u00f3n y sea capaz de unir eficiencia, solidaridad y justicia. Necesitamos redescubrir la actitud fundamental del cuidado como apoyo y cercan\u00eda al otro, no solo porque alguien est\u00e1 necesitado o enfermo, sino porque experimenta vulnerabilidad, la vulnerabilidad com\u00fan a todos los seres humanos. Solo as\u00ed podremos desarrollar sistemas sanitarios m\u00e1s eficaces y sostenibles, capaces de satisfacer toda necesidad de salud en un mundo de recursos limitados, as\u00ed como restaurar la confianza en la medicina y los profesionales sanitarios, a pesar de cualquier desinformaci\u00f3n o escepticismo hacia la ciencia.<\/p>\n<p dir=\"auto\">Dada la importancia global de esta cuesti\u00f3n, reitero la necesidad de encontrar medios eficaces para fortalecer las relaciones internacionales y multilaterales, de modo que puedan \u201crecobrar la fuerza necesaria para asumir su papel de encuentro y mediaci\u00f3n. Esto es indispensable para prevenir conflictos y para que nadie se sienta tentado a prevalecer sobre los dem\u00e1s con la mentalidad de la fuerza, ya sea verbal, f\u00edsica o militar\u201d (Discurso al Cuerpo Diplom\u00e1tico, 9 de enero de 2026). Esta visi\u00f3n tambi\u00e9n se aplica a la cooperaci\u00f3n y coordinaci\u00f3n llevada a cabo por organizaciones supranacionales dedicadas a la protecci\u00f3n y promoci\u00f3n de la salud.<\/p>\n<p dir=\"auto\">Y as\u00ed, amigos m\u00edos, concluyo expresando mi esperanza de que su compromiso sea un testimonio eficaz del cuidado mutuo, que expresa el modo en que Dios nos trata, porque cuida de todos sus hijos. Los bendigo cordialmente a cada uno de ustedes, a sus seres queridos y al trabajo que realizan. Gracias.<\/p>\n<p dir=\"auto\">Recemos juntos<\/p>\n<p dir=\"auto\">Padre Nuestro\u2026<\/p>\n<p dir=\"auto\">El Se\u00f1or est\u00e9 con ustedes\u2026<\/p>\n","protected":false},"excerpt":{"rendered":"<p>A los participantes en la Asamblea Plenaria de la Pontificia Academia para la Vida<\/p>\n","protected":false},"author":15,"featured_media":158079,"comment_status":"closed","ping_status":"closed","sticky":false,"template":"","format":"standard","meta":{"_acf_changed":false,"_crdt_document":"","inline_featured_image":false,"footnotes":""},"categories":[],"tags":[96482,96476,542,542,542,542,5057,44730,80735,96483,96480,25640,62725,62725,96481,59635,34041,34041,96479,8992,93254,96484,49476,96477,96478],"class_list":{"0":"post-158076","1":"post","2":"type-post","3":"status-publish","4":"format-standard","5":"has-post-thumbnail","6":"hentry","7":"tag-armas-vs-salud","8":"tag-atencion-sanitaria-para-todos","9":"tag-bien-comun","13":"tag-bioetica-global","14":"tag-cooperacion-internacional","15":"tag-cuidado-mutuo","16":"tag-derecho-a-la-salud","17":"tag-desigualdades-sanitarias","18":"tag-discurso-papal","19":"tag-equidad-en-salud","21":"tag-gasto-militar","22":"tag-laudato-si-5","23":"tag-multilateralismo-2","25":"tag-one-health","26":"tag-pontificia-academia-para-la-vida","27":"tag-prevencion-salud","28":"tag-renzo-pegoraro","29":"tag-salud-publica","30":"tag-salud-universal","31":"tag-sostenibilidad-sanitaria"},"acf":[],"yoast_head":"<!-- This site is optimized with the Yoast SEO plugin v27.4 - https:\/\/yoast.com\/product\/yoast-seo-wordpress\/ -->\n<title>El Papa Le\u00f3n XIV urge priorizar la vida y la salud en un mundo en guerra &#8211; Exaudi<\/title>\n<meta name=\"robots\" content=\"index, follow, max-snippet:-1, max-image-preview:large, max-video-preview:-1\" \/>\n<link rel=\"canonical\" href=\"https:\/\/exaudi.org\/es\/el-papa-leon-xiv-urge-priorizar-la-vida-y-la-salud-en-un-mundo-en-guerra\/\" \/>\n<meta property=\"og:locale\" content=\"es_ES\" \/>\n<meta property=\"og:type\" content=\"article\" \/>\n<meta property=\"og:title\" content=\"El Papa Le\u00f3n XIV urge priorizar la vida y la salud en un mundo en guerra &#8211; Exaudi\" \/>\n<meta property=\"og:description\" content=\"A los participantes en la Asamblea Plenaria de la Pontificia Academia para la Vida\" \/>\n<meta property=\"og:url\" content=\"https:\/\/exaudi.org\/es\/el-papa-leon-xiv-urge-priorizar-la-vida-y-la-salud-en-un-mundo-en-guerra\/\" \/>\n<meta property=\"og:site_name\" content=\"Exaudi\" \/>\n<meta property=\"article:publisher\" content=\"https:\/\/www.facebook.com\/ExaudiNews\" \/>\n<meta property=\"article:author\" content=\"https:\/\/www.facebook.com\/ExaudiNoticias\/\" \/>\n<meta property=\"article:published_time\" content=\"2026-02-16T11:51:18+00:00\" \/>\n<meta property=\"article:modified_time\" content=\"2026-02-16T12:10:49+00:00\" \/>\n<meta property=\"og:image\" content=\"https:\/\/exaudi.org\/wp-content\/uploads\/2026\/02\/cq5dam.web_.800.800.jpg\" \/>\n\t<meta property=\"og:image:width\" content=\"1248\" \/>\n\t<meta property=\"og:image:height\" content=\"832\" \/>\n\t<meta property=\"og:image:type\" content=\"image\/jpeg\" \/>\n<meta name=\"author\" content=\"Exaudi Redacci\u00f3n\" \/>\n<meta name=\"twitter:card\" content=\"summary_large_image\" \/>\n<meta name=\"twitter:creator\" content=\"@Exaudi_noticias\" \/>\n<meta name=\"twitter:site\" content=\"@Exaudi_News\" \/>\n<meta name=\"twitter:label1\" content=\"Escrito por\" \/>\n\t<meta name=\"twitter:data1\" content=\"Exaudi Redacci\u00f3n\" \/>\n\t<meta name=\"twitter:label2\" content=\"Tiempo de lectura\" \/>\n\t<meta name=\"twitter:data2\" content=\"9 minutos\" \/>\n<script type=\"application\/ld+json\" class=\"yoast-schema-graph\">{\"@context\":\"https:\\\/\\\/schema.org\",\"@graph\":[{\"@type\":\"Article\",\"@id\":\"https:\\\/\\\/exaudi.org\\\/es\\\/el-papa-leon-xiv-urge-priorizar-la-vida-y-la-salud-en-un-mundo-en-guerra\\\/#article\",\"isPartOf\":{\"@id\":\"https:\\\/\\\/exaudi.org\\\/es\\\/el-papa-leon-xiv-urge-priorizar-la-vida-y-la-salud-en-un-mundo-en-guerra\\\/\"},\"author\":{\"name\":\"Exaudi Redacci\u00f3n\",\"@id\":\"https:\\\/\\\/exaudi.org\\\/#\\\/schema\\\/person\\\/f5fc8f063065e38742da7afe15f25df7\"},\"headline\":\"El Papa Le\u00f3n XIV urge priorizar la vida y la salud en un mundo en guerra\",\"datePublished\":\"2026-02-16T11:51:18+00:00\",\"dateModified\":\"2026-02-16T12:10:49+00:00\",\"mainEntityOfPage\":{\"@id\":\"https:\\\/\\\/exaudi.org\\\/es\\\/el-papa-leon-xiv-urge-priorizar-la-vida-y-la-salud-en-un-mundo-en-guerra\\\/\"},\"wordCount\":1721,\"image\":{\"@id\":\"https:\\\/\\\/exaudi.org\\\/es\\\/el-papa-leon-xiv-urge-priorizar-la-vida-y-la-salud-en-un-mundo-en-guerra\\\/#primaryimage\"},\"thumbnailUrl\":\"https:\\\/\\\/exaudi.org\\\/wp-content\\\/uploads\\\/2026\\\/02\\\/cq5dam.web_.800.800.jpg\",\"keywords\":[\"armas vs salud\",\"atenci\u00f3n sanitaria para todos\",\"Bien com\u00fan\",\"Bien com\u00fan\",\"Bien com\u00fan\",\"Bien com\u00fan\",\"Bio\u00e9tica Global\",\"cooperaci\u00f3n internacional\",\"cuidado mutuo\",\"derecho a la salud\",\"desigualdades sanitarias\",\"discurso papal\",\"equidad en salud\",\"equidad en salud\",\"gasto militar\",\"Laudato si\u2019\",\"multilateralismo\",\"multilateralismo\",\"One Health\",\"Pontificia Academia para la Vida\",\"prevenci\u00f3n salud\",\"Renzo Pegoraro\",\"salud p\u00fablica\",\"salud universal\",\"sostenibilidad sanitaria\"],\"inLanguage\":\"es\"},{\"@type\":\"WebPage\",\"@id\":\"https:\\\/\\\/exaudi.org\\\/es\\\/el-papa-leon-xiv-urge-priorizar-la-vida-y-la-salud-en-un-mundo-en-guerra\\\/\",\"url\":\"https:\\\/\\\/exaudi.org\\\/es\\\/el-papa-leon-xiv-urge-priorizar-la-vida-y-la-salud-en-un-mundo-en-guerra\\\/\",\"name\":\"El Papa Le\u00f3n XIV urge priorizar la vida y la salud en un mundo en guerra &#8211; Exaudi\",\"isPartOf\":{\"@id\":\"https:\\\/\\\/exaudi.org\\\/#website\"},\"primaryImageOfPage\":{\"@id\":\"https:\\\/\\\/exaudi.org\\\/es\\\/el-papa-leon-xiv-urge-priorizar-la-vida-y-la-salud-en-un-mundo-en-guerra\\\/#primaryimage\"},\"image\":{\"@id\":\"https:\\\/\\\/exaudi.org\\\/es\\\/el-papa-leon-xiv-urge-priorizar-la-vida-y-la-salud-en-un-mundo-en-guerra\\\/#primaryimage\"},\"thumbnailUrl\":\"https:\\\/\\\/exaudi.org\\\/wp-content\\\/uploads\\\/2026\\\/02\\\/cq5dam.web_.800.800.jpg\",\"datePublished\":\"2026-02-16T11:51:18+00:00\",\"dateModified\":\"2026-02-16T12:10:49+00:00\",\"author\":{\"@id\":\"https:\\\/\\\/exaudi.org\\\/#\\\/schema\\\/person\\\/f5fc8f063065e38742da7afe15f25df7\"},\"breadcrumb\":{\"@id\":\"https:\\\/\\\/exaudi.org\\\/es\\\/el-papa-leon-xiv-urge-priorizar-la-vida-y-la-salud-en-un-mundo-en-guerra\\\/#breadcrumb\"},\"inLanguage\":\"es\",\"potentialAction\":[{\"@type\":\"ReadAction\",\"target\":[\"https:\\\/\\\/exaudi.org\\\/es\\\/el-papa-leon-xiv-urge-priorizar-la-vida-y-la-salud-en-un-mundo-en-guerra\\\/\"]}]},{\"@type\":\"ImageObject\",\"inLanguage\":\"es\",\"@id\":\"https:\\\/\\\/exaudi.org\\\/es\\\/el-papa-leon-xiv-urge-priorizar-la-vida-y-la-salud-en-un-mundo-en-guerra\\\/#primaryimage\",\"url\":\"https:\\\/\\\/exaudi.org\\\/wp-content\\\/uploads\\\/2026\\\/02\\\/cq5dam.web_.800.800.jpg\",\"contentUrl\":\"https:\\\/\\\/exaudi.org\\\/wp-content\\\/uploads\\\/2026\\\/02\\\/cq5dam.web_.800.800.jpg\",\"width\":1248,\"height\":832},{\"@type\":\"BreadcrumbList\",\"@id\":\"https:\\\/\\\/exaudi.org\\\/es\\\/el-papa-leon-xiv-urge-priorizar-la-vida-y-la-salud-en-un-mundo-en-guerra\\\/#breadcrumb\",\"itemListElement\":[{\"@type\":\"ListItem\",\"position\":1,\"name\":\"Portada\",\"item\":\"https:\\\/\\\/exaudi.org\\\/es\\\/\"},{\"@type\":\"ListItem\",\"position\":2,\"name\":\"El Papa Le\u00f3n XIV urge priorizar la vida y la salud en un mundo en guerra\"}]},{\"@type\":\"WebSite\",\"@id\":\"https:\\\/\\\/exaudi.org\\\/#website\",\"url\":\"https:\\\/\\\/exaudi.org\\\/\",\"name\":\"Exaudi\",\"description\":\"News\",\"potentialAction\":[{\"@type\":\"SearchAction\",\"target\":{\"@type\":\"EntryPoint\",\"urlTemplate\":\"https:\\\/\\\/exaudi.org\\\/?s={search_term_string}\"},\"query-input\":{\"@type\":\"PropertyValueSpecification\",\"valueRequired\":true,\"valueName\":\"search_term_string\"}}],\"inLanguage\":\"es\"},{\"@type\":\"Person\",\"@id\":\"https:\\\/\\\/exaudi.org\\\/#\\\/schema\\\/person\\\/f5fc8f063065e38742da7afe15f25df7\",\"name\":\"Exaudi Redacci\u00f3n\",\"image\":{\"@type\":\"ImageObject\",\"inLanguage\":\"es\",\"@id\":\"https:\\\/\\\/secure.gravatar.com\\\/avatar\\\/fe0f6a059fb68d9b3e11bc5850dd4899b1c7492091a3cb6dd9b01b56ad828be2?s=96&d=mm&r=g\",\"url\":\"https:\\\/\\\/secure.gravatar.com\\\/avatar\\\/fe0f6a059fb68d9b3e11bc5850dd4899b1c7492091a3cb6dd9b01b56ad828be2?s=96&d=mm&r=g\",\"contentUrl\":\"https:\\\/\\\/secure.gravatar.com\\\/avatar\\\/fe0f6a059fb68d9b3e11bc5850dd4899b1c7492091a3cb6dd9b01b56ad828be2?s=96&d=mm&r=g\",\"caption\":\"Exaudi Redacci\u00f3n\"},\"description\":\"\u00bfQu\u00e9 es Exaudi News? Exaudi News es un medio de comunicaci\u00f3n cat\u00f3lico internacional que informa, forma y transforma, diariamente en espa\u00f1ol, ingl\u00e9s e italiano. A trav\u00e9s de noticias, art\u00edculos de an\u00e1lisis y transmisiones en directo de los eventos del Papa, Exaudi busca fortalecer la unidad de los cristianos y contribuir a la evangelizaci\u00f3n del mundo, siempre guiados por la doctrina social de la Iglesia. Trabajamos para acercar la verdad y los valores cristianos a cada rinc\u00f3n del planeta. \u00a1Ay\u00fadanos a transformar el mundo con Exaudi! En Exaudi creemos que la evangelizaci\u00f3n y la informaci\u00f3n de calidad pueden cambiar vidas. Para continuar con nuestra misi\u00f3n y expandir nuestro alcance, necesitamos tu ayuda. Adem\u00e1s, buscamos personas comprometidas que deseen unirse a nuestro equipo. Con tu apoyo, lograremos llegar a m\u00e1s personas, difundir el mensaje de Cristo y reforzar la unidad de los cristianos. \u00bfTe unes a nuestra misi\u00f3n? Para m\u00e1s informaci\u00f3n sobre c\u00f3mo colaborar, visita Exaudi.org\\\/es o cont\u00e1ctanos directamente: info@exaudi.org Exaudi: Informa, forma y transforma.\",\"sameAs\":[\"https:\\\/\\\/www.facebook.com\\\/ExaudiNoticias\\\/\",\"https:\\\/\\\/www.instagram.com\\\/exaudi_noticias\\\/\",\"https:\\\/\\\/x.com\\\/Exaudi_noticias\",\"https:\\\/\\\/www.youtube.com\\\/@exaudicatholicnews\"],\"url\":\"https:\\\/\\\/exaudi.org\\\/es\\\/author\\\/redaccionexaudi\\\/\"}]}<\/script>\n<!-- \/ Yoast SEO plugin. -->","yoast_head_json":{"title":"El Papa Le\u00f3n XIV urge priorizar la vida y la salud en un mundo en guerra &#8211; Exaudi","robots":{"index":"index","follow":"follow","max-snippet":"max-snippet:-1","max-image-preview":"max-image-preview:large","max-video-preview":"max-video-preview:-1"},"canonical":"https:\/\/exaudi.org\/es\/el-papa-leon-xiv-urge-priorizar-la-vida-y-la-salud-en-un-mundo-en-guerra\/","og_locale":"es_ES","og_type":"article","og_title":"El Papa Le\u00f3n XIV urge priorizar la vida y la salud en un mundo en guerra &#8211; Exaudi","og_description":"A los participantes en la Asamblea Plenaria de la Pontificia Academia para la Vida","og_url":"https:\/\/exaudi.org\/es\/el-papa-leon-xiv-urge-priorizar-la-vida-y-la-salud-en-un-mundo-en-guerra\/","og_site_name":"Exaudi","article_publisher":"https:\/\/www.facebook.com\/ExaudiNews","article_author":"https:\/\/www.facebook.com\/ExaudiNoticias\/","article_published_time":"2026-02-16T11:51:18+00:00","article_modified_time":"2026-02-16T12:10:49+00:00","og_image":[{"width":1248,"height":832,"url":"https:\/\/exaudi.org\/wp-content\/uploads\/2026\/02\/cq5dam.web_.800.800.jpg","type":"image\/jpeg"}],"author":"Exaudi Redacci\u00f3n","twitter_card":"summary_large_image","twitter_creator":"@Exaudi_noticias","twitter_site":"@Exaudi_News","twitter_misc":{"Escrito por":"Exaudi Redacci\u00f3n","Tiempo de lectura":"9 minutos"},"schema":{"@context":"https:\/\/schema.org","@graph":[{"@type":"Article","@id":"https:\/\/exaudi.org\/es\/el-papa-leon-xiv-urge-priorizar-la-vida-y-la-salud-en-un-mundo-en-guerra\/#article","isPartOf":{"@id":"https:\/\/exaudi.org\/es\/el-papa-leon-xiv-urge-priorizar-la-vida-y-la-salud-en-un-mundo-en-guerra\/"},"author":{"name":"Exaudi Redacci\u00f3n","@id":"https:\/\/exaudi.org\/#\/schema\/person\/f5fc8f063065e38742da7afe15f25df7"},"headline":"El Papa Le\u00f3n XIV urge priorizar la vida y la salud en un mundo en guerra","datePublished":"2026-02-16T11:51:18+00:00","dateModified":"2026-02-16T12:10:49+00:00","mainEntityOfPage":{"@id":"https:\/\/exaudi.org\/es\/el-papa-leon-xiv-urge-priorizar-la-vida-y-la-salud-en-un-mundo-en-guerra\/"},"wordCount":1721,"image":{"@id":"https:\/\/exaudi.org\/es\/el-papa-leon-xiv-urge-priorizar-la-vida-y-la-salud-en-un-mundo-en-guerra\/#primaryimage"},"thumbnailUrl":"https:\/\/exaudi.org\/wp-content\/uploads\/2026\/02\/cq5dam.web_.800.800.jpg","keywords":["armas vs salud","atenci\u00f3n sanitaria para todos","Bien com\u00fan","Bien com\u00fan","Bien com\u00fan","Bien com\u00fan","Bio\u00e9tica Global","cooperaci\u00f3n internacional","cuidado mutuo","derecho a la salud","desigualdades sanitarias","discurso papal","equidad en salud","equidad en salud","gasto militar","Laudato si\u2019","multilateralismo","multilateralismo","One Health","Pontificia Academia para la Vida","prevenci\u00f3n salud","Renzo Pegoraro","salud p\u00fablica","salud universal","sostenibilidad sanitaria"],"inLanguage":"es"},{"@type":"WebPage","@id":"https:\/\/exaudi.org\/es\/el-papa-leon-xiv-urge-priorizar-la-vida-y-la-salud-en-un-mundo-en-guerra\/","url":"https:\/\/exaudi.org\/es\/el-papa-leon-xiv-urge-priorizar-la-vida-y-la-salud-en-un-mundo-en-guerra\/","name":"El Papa Le\u00f3n XIV urge priorizar la vida y la salud en un mundo en guerra &#8211; Exaudi","isPartOf":{"@id":"https:\/\/exaudi.org\/#website"},"primaryImageOfPage":{"@id":"https:\/\/exaudi.org\/es\/el-papa-leon-xiv-urge-priorizar-la-vida-y-la-salud-en-un-mundo-en-guerra\/#primaryimage"},"image":{"@id":"https:\/\/exaudi.org\/es\/el-papa-leon-xiv-urge-priorizar-la-vida-y-la-salud-en-un-mundo-en-guerra\/#primaryimage"},"thumbnailUrl":"https:\/\/exaudi.org\/wp-content\/uploads\/2026\/02\/cq5dam.web_.800.800.jpg","datePublished":"2026-02-16T11:51:18+00:00","dateModified":"2026-02-16T12:10:49+00:00","author":{"@id":"https:\/\/exaudi.org\/#\/schema\/person\/f5fc8f063065e38742da7afe15f25df7"},"breadcrumb":{"@id":"https:\/\/exaudi.org\/es\/el-papa-leon-xiv-urge-priorizar-la-vida-y-la-salud-en-un-mundo-en-guerra\/#breadcrumb"},"inLanguage":"es","potentialAction":[{"@type":"ReadAction","target":["https:\/\/exaudi.org\/es\/el-papa-leon-xiv-urge-priorizar-la-vida-y-la-salud-en-un-mundo-en-guerra\/"]}]},{"@type":"ImageObject","inLanguage":"es","@id":"https:\/\/exaudi.org\/es\/el-papa-leon-xiv-urge-priorizar-la-vida-y-la-salud-en-un-mundo-en-guerra\/#primaryimage","url":"https:\/\/exaudi.org\/wp-content\/uploads\/2026\/02\/cq5dam.web_.800.800.jpg","contentUrl":"https:\/\/exaudi.org\/wp-content\/uploads\/2026\/02\/cq5dam.web_.800.800.jpg","width":1248,"height":832},{"@type":"BreadcrumbList","@id":"https:\/\/exaudi.org\/es\/el-papa-leon-xiv-urge-priorizar-la-vida-y-la-salud-en-un-mundo-en-guerra\/#breadcrumb","itemListElement":[{"@type":"ListItem","position":1,"name":"Portada","item":"https:\/\/exaudi.org\/es\/"},{"@type":"ListItem","position":2,"name":"El Papa Le\u00f3n XIV urge priorizar la vida y la salud en un mundo en guerra"}]},{"@type":"WebSite","@id":"https:\/\/exaudi.org\/#website","url":"https:\/\/exaudi.org\/","name":"Exaudi","description":"News","potentialAction":[{"@type":"SearchAction","target":{"@type":"EntryPoint","urlTemplate":"https:\/\/exaudi.org\/?s={search_term_string}"},"query-input":{"@type":"PropertyValueSpecification","valueRequired":true,"valueName":"search_term_string"}}],"inLanguage":"es"},{"@type":"Person","@id":"https:\/\/exaudi.org\/#\/schema\/person\/f5fc8f063065e38742da7afe15f25df7","name":"Exaudi Redacci\u00f3n","image":{"@type":"ImageObject","inLanguage":"es","@id":"https:\/\/secure.gravatar.com\/avatar\/fe0f6a059fb68d9b3e11bc5850dd4899b1c7492091a3cb6dd9b01b56ad828be2?s=96&d=mm&r=g","url":"https:\/\/secure.gravatar.com\/avatar\/fe0f6a059fb68d9b3e11bc5850dd4899b1c7492091a3cb6dd9b01b56ad828be2?s=96&d=mm&r=g","contentUrl":"https:\/\/secure.gravatar.com\/avatar\/fe0f6a059fb68d9b3e11bc5850dd4899b1c7492091a3cb6dd9b01b56ad828be2?s=96&d=mm&r=g","caption":"Exaudi Redacci\u00f3n"},"description":"\u00bfQu\u00e9 es Exaudi News? Exaudi News es un medio de comunicaci\u00f3n cat\u00f3lico internacional que informa, forma y transforma, diariamente en espa\u00f1ol, ingl\u00e9s e italiano. A trav\u00e9s de noticias, art\u00edculos de an\u00e1lisis y transmisiones en directo de los eventos del Papa, Exaudi busca fortalecer la unidad de los cristianos y contribuir a la evangelizaci\u00f3n del mundo, siempre guiados por la doctrina social de la Iglesia. Trabajamos para acercar la verdad y los valores cristianos a cada rinc\u00f3n del planeta. \u00a1Ay\u00fadanos a transformar el mundo con Exaudi! En Exaudi creemos que la evangelizaci\u00f3n y la informaci\u00f3n de calidad pueden cambiar vidas. Para continuar con nuestra misi\u00f3n y expandir nuestro alcance, necesitamos tu ayuda. Adem\u00e1s, buscamos personas comprometidas que deseen unirse a nuestro equipo. Con tu apoyo, lograremos llegar a m\u00e1s personas, difundir el mensaje de Cristo y reforzar la unidad de los cristianos. \u00bfTe unes a nuestra misi\u00f3n? Para m\u00e1s informaci\u00f3n sobre c\u00f3mo colaborar, visita Exaudi.org\/es o cont\u00e1ctanos directamente: info@exaudi.org Exaudi: Informa, forma y transforma.","sameAs":["https:\/\/www.facebook.com\/ExaudiNoticias\/","https:\/\/www.instagram.com\/exaudi_noticias\/","https:\/\/x.com\/Exaudi_noticias","https:\/\/www.youtube.com\/@exaudicatholicnews"],"url":"https:\/\/exaudi.org\/es\/author\/redaccionexaudi\/"}]}},"jetpack_featured_media_url":"https:\/\/exaudi.org\/wp-content\/uploads\/2026\/02\/cq5dam.web_.800.800.jpg","jetpack_shortlink":"https:\/\/wp.me\/pgKjF2-F7C","_links":{"self":[{"href":"https:\/\/exaudi.org\/es\/wp-json\/wp\/v2\/posts\/158076","targetHints":{"allow":["GET"]}}],"collection":[{"href":"https:\/\/exaudi.org\/es\/wp-json\/wp\/v2\/posts"}],"about":[{"href":"https:\/\/exaudi.org\/es\/wp-json\/wp\/v2\/types\/post"}],"author":[{"embeddable":true,"href":"https:\/\/exaudi.org\/es\/wp-json\/wp\/v2\/users\/15"}],"replies":[{"embeddable":true,"href":"https:\/\/exaudi.org\/es\/wp-json\/wp\/v2\/comments?post=158076"}],"version-history":[{"count":3,"href":"https:\/\/exaudi.org\/es\/wp-json\/wp\/v2\/posts\/158076\/revisions"}],"predecessor-version":[{"id":158082,"href":"https:\/\/exaudi.org\/es\/wp-json\/wp\/v2\/posts\/158076\/revisions\/158082"}],"wp:featuredmedia":[{"embeddable":true,"href":"https:\/\/exaudi.org\/es\/wp-json\/wp\/v2\/media\/158079"}],"wp:attachment":[{"href":"https:\/\/exaudi.org\/es\/wp-json\/wp\/v2\/media?parent=158076"}],"wp:term":[{"taxonomy":"category","embeddable":true,"href":"https:\/\/exaudi.org\/es\/wp-json\/wp\/v2\/categories?post=158076"},{"taxonomy":"post_tag","embeddable":true,"href":"https:\/\/exaudi.org\/es\/wp-json\/wp\/v2\/tags?post=158076"}],"curies":[{"name":"wp","href":"https:\/\/api.w.org\/{rel}","templated":true}]}}