{"id":158015,"date":"2026-02-17T09:00:19","date_gmt":"2026-02-17T08:00:19","guid":{"rendered":"https:\/\/exaudi.org\/?p=158015"},"modified":"2026-02-16T11:41:43","modified_gmt":"2026-02-16T10:41:43","slug":"vivir-la-cuaresma-en-la-empresa-santificar-el-trabajo-como-camino-de-conversion-y-alegria","status":"publish","type":"post","link":"https:\/\/exaudi.org\/es\/vivir-la-cuaresma-en-la-empresa-santificar-el-trabajo-como-camino-de-conversion-y-alegria\/","title":{"rendered":"Vivir la Cuaresma en la empresa: Santificar el trabajo como camino de conversi\u00f3n y alegr\u00eda"},"content":{"rendered":"<p>La Cuaresma no es un par\u00e9ntesis en la vida. Es el tiempo en el que la Iglesia nos regala 40 d\u00edas para volver al centro: a Cristo. Y para quien pasa la mayor parte de su jornada en una oficina, f\u00e1brica, despacho o proyecto profesional, ese centro se encuentra precisamente all\u00ed, en medio del teclado, las reuniones, los correos y las decisiones cotidianas.<\/p>\n<p><iframe title=\"Spotify Embed: Vivir la Cuaresma en la empresa: Santificar el trabajo como camino de conversi\u00f3n y alegr\u00eda\" style=\"border-radius: 12px\" width=\"100%\" height=\"152\" frameborder=\"0\" allowfullscreen allow=\"autoplay; clipboard-write; encrypted-media; fullscreen; picture-in-picture\" loading=\"lazy\" src=\"https:\/\/open.spotify.com\/embed\/episode\/6HArZaDqMxUtGWfO1TjZgQ?si=132e144bce454f0c&amp;utm_source=oembed\"><\/iframe><\/p>\n<p>\u201cLa conversi\u00f3n es cosa de un instante; la santificaci\u00f3n es tarea para toda la vida\u201d. Y en Cuaresma esa santificaci\u00f3n se vive con especial intensidad en el trabajo, porque es ah\u00ed donde la mayor\u00eda de los laicos pasamos m\u00e1s horas del d\u00eda. No se trata de a\u00f1adir devociones extra al horario ya apretado, sino de vivir las mismas horas de otra manera: con m\u00e1s amor, m\u00e1s entrega, m\u00e1s presencia de Dios.<\/p>\n<h3><strong>Oraci\u00f3n: convertir el trabajo en di\u00e1logo constante con Dios<\/strong><\/h3>\n<p>El primer pilar de la Cuaresma es la oraci\u00f3n. Y en la empresa, la oraci\u00f3n no necesita ser larga; necesita ser frecuente y sincera.<\/p>\n<ul>\n<li><strong>Al comenzar la jornada<\/strong>: dedica 30 segundos a ofrecer todo el d\u00eda. \u201cSe\u00f1or, este trabajo de hoy lo pongo en tus manos. Quiero hacerlo contigo y para Ti\u201d. San Josemar\u00eda lo llamaba \u201cponer un motivo sobrenatural a tu ordinaria labor profesional\u201d.<\/li>\n<li><strong>Durante el d\u00eda<\/strong>: las jaculatorias son un tesoro. Un \u201cJes\u00fas, te amo\u201d mientras esperas el ascensor, un \u201cTodo por Ti\u201d al terminar un informe dif\u00edcil, un \u201cMar\u00eda, ay\u00fadame\u201d antes de una conversaci\u00f3n tensa. Son oraciones breves que convierten el trabajo en conversaci\u00f3n continua con Dios.<\/li>\n<li><strong>En los momentos de pausa<\/strong>: en vez de mirar solo el m\u00f3vil, puedes dedicar un minuto a mirar a Cristo presente en el Sagrario m\u00e1s cercano (aunque sea virtualmente, con una aplicaci\u00f3n de adoraci\u00f3n) o simplemente a dar gracias por el don de poder trabajar.<\/li>\n<\/ul>\n<p>Quien ora as\u00ed descubre que su escritorio se convierte en altar y su profesi\u00f3n en vocaci\u00f3n.<\/p>\n<h3><strong>Ayuno: mortificar lo que nos separa de Dios y de los dem\u00e1s<\/strong><\/h3>\n<p>El ayuno no es solo no comer chocolate. Es renunciar a todo lo que nos esclaviza para ser m\u00e1s libres para amar.<\/p>\n<p>En la empresa, el ayuno toma formas muy concretas y poderosas:<\/p>\n<ul>\n<li><strong>Ayuno de palabras hirientes<\/strong>. El papa Le\u00f3n XIV, en su mensaje para la Cuaresma 2026, nos pide con urgencia: \u201cAprendamos a medir las palabras y a cultivar la amabilidad\u2026 en el lugar de trabajo\u201d. Renunciar a la cr\u00edtica f\u00e1cil, al chisme, al juicio r\u00e1pido sobre el compa\u00f1ero que se equivoca. Sustituirlo por una palabra de aliento, un silencio prudente o una correcci\u00f3n hecha con cari\u00f1o.<br \/>\nAyuno de distracciones**. Cerrar las pesta\u00f1as innecesarias, limitar las redes sociales en horario laboral, llegar puntual y concentrado. Cada minuto ganado para trabajar bien es un minuto ofrecido a Dios.<\/li>\n<li><strong>Ayuno de orgullo profesional<\/strong>. Renunciar a la necesidad de tener siempre la raz\u00f3n, de destacar por encima de los dem\u00e1s, de defender a toda costa nuestra imagen. Aceptar que podemos aprender de cualquiera, incluso del m\u00e1s joven o del que piensa distinto.<\/li>\n<li><strong>Ayuno corporal<\/strong>. Muchos cat\u00f3licos mantienen el ayuno y la abstinencia de los viernes. Hacerlo con alegr\u00eda y ofrecerlo por las intenciones de los compa\u00f1eros que sufren (desempleo, problemas familiares, enfermedades) da un sentido profundo a esa peque\u00f1a renuncia.<\/li>\n<\/ul>\n<p>El ayuno bien vivido no entristece: libera. Nos hace m\u00e1s ligeros para correr hacia Dios.<\/p>\n<h3><strong>Limosna: la caridad que se vive en el trabajo<\/strong><\/h3>\n<p>La limosna no es solo dar dinero. Es dar lo que somos y lo que tenemos. En la empresa se manifiesta de maneras preciosas:<\/p>\n<ul>\n<li><strong>Tiempo para los dem\u00e1s<\/strong>. Dedicar unos minutos a escuchar de verdad al compa\u00f1ero que est\u00e1 pasando un mal momento. Ense\u00f1ar a un nuevo sin esperar nada a cambio. Compartir conocimiento sin guardarse \u201csecretos profesionales\u201d.<\/li>\n<li><strong>Justicia y honestidad<\/strong>. Cumplir escrupulosamente los horarios, no inflar gastos, tratar con respeto a proveedores y clientes, defender la dignidad de cada persona aunque eso cueste en t\u00e9rminos econ\u00f3micos.<\/li>\n<li><strong>Generosidad apost\u00f3lica<\/strong>. Como ped\u00eda san Josemar\u00eda en Cuaresma: \u201c\u00bfavanzo\u2026 en generosidad apost\u00f3lica en mi vida diaria, en mi trabajo ordinario entre mis compa\u00f1eros de profesi\u00f3n?\u201d. Un comentario oportuno sobre la fe, una invitaci\u00f3n discreta a Misa, un ejemplo de paz en medio del estr\u00e9s: todo eso es limosna espiritual de alt\u00edsimo valor.<\/li>\n<li><strong>Limosna material<\/strong>. Destinar una parte de nuestro sueldo a obras de caridad, a la Iglesia o a necesidades concretas que conozcamos en el entorno laboral (un compa\u00f1ero en dificultad econ\u00f3mica, una familia de un proveedor que pasa apuros).<\/li>\n<\/ul>\n<h3><strong>Un Cuaresma que termina en Resurrecci\u00f3n<\/strong><\/h3>\n<p>Quien vive as\u00ed la Cuaresma en la empresa no llega a Semana Santa agotado, sino renovado. Descubre que su trabajo ya no es solo \u201cganarse la vida\u201d, sino colaborar con Dios en la creaci\u00f3n y redenci\u00f3n del mundo. Cada decisi\u00f3n \u00e9tica, cada sonrisa sincera, cada esfuerzo bien hecho es semilla de santidad que dar\u00e1 fruto en Pascua.<\/p>\n<p>Al terminar estos 40 d\u00edas, no habremos \u201ccumplido\u201d una devoci\u00f3n m\u00e1s. Habremos dejado que Cristo transforme nuestro lugar de trabajo en un peque\u00f1o pedazo de Reino: un sitio donde se trabaja mejor, se trata mejor a las personas y se ama m\u00e1s a Dios.<\/p>\n<p>\u201cEl trabajo bien hecho, ofrecido a Dios, nos orienta hacia la santidad\u201d, nos ense\u00f1a san Josemar\u00eda. Esta Cuaresma es una ocasi\u00f3n magn\u00edfica para comprobarlo en primera persona.<\/p>\n<p>\u00a1\u00c1nimo! El Se\u00f1or te espera en tu escritorio, en tu taller, en tu reuni\u00f3n de las 9:00. No est\u00e1 lejos. Est\u00e1 ah\u00ed, deseando santificarte precisamente a trav\u00e9s de lo que ya est\u00e1s haciendo.<\/p>\n<p>Que esta Cuaresma sea para ti y para tu empresa un tiempo de gracia profunda, de conversi\u00f3n alegre y de encuentro real con Aquel que convirti\u00f3 el taller de Nazaret en camino de salvaci\u00f3n para el mundo.<\/p>\n<p>\u00a1Feliz y santa Cuaresma!<\/p>\n<p><img loading=\"lazy\" decoding=\"async\" class=\"size-full wp-image-158023 alignnone\" src=\"https:\/\/exaudi.org\/wp-content\/uploads\/2026\/02\/Voces-10.jpg\" alt=\"\" width=\"1080\" height=\"1080\" srcset=\"https:\/\/exaudi.org\/wp-content\/uploads\/2026\/02\/Voces-10.jpg 1080w, https:\/\/exaudi.org\/wp-content\/uploads\/2026\/02\/Voces-10-300x300.jpg 300w, https:\/\/exaudi.org\/wp-content\/uploads\/2026\/02\/Voces-10-1024x1024.jpg 1024w, https:\/\/exaudi.org\/wp-content\/uploads\/2026\/02\/Voces-10-100x100.jpg?crop=1 100w, https:\/\/exaudi.org\/wp-content\/uploads\/2026\/02\/Voces-10-770x770.jpg 770w, https:\/\/exaudi.org\/wp-content\/uploads\/2026\/02\/Voces-10-500x500.jpg 500w\" sizes=\"auto, (max-width: 1080px) 100vw, 1080px\" \/><\/p>\n","protected":false},"excerpt":{"rendered":"<p>C\u00f3mo los 40 d\u00edas de Cuaresma pueden transformar tu d\u00eda a d\u00eda laboral en un encuentro real con Cristo, ofreciendo cada tarea, cada relaci\u00f3n y cada desaf\u00edo como oraci\u00f3n, penitencia y caridad<\/p>\n","protected":false},"author":149,"featured_media":158018,"comment_status":"closed","ping_status":"closed","sticky":false,"template":"","format":"standard","meta":{"_acf_changed":false,"_crdt_document":"","inline_featured_image":false,"footnotes":""},"categories":[72],"tags":[96435,96441,96443,96437,53827,96434,95220,96431,96446,96438,96444,96448,96449,96445,96436,96447,96432,43832,96440,96433,26165,46696,96442,58880,96439],"class_list":["post-158015","post","type-post","status-publish","format-standard","has-post-thumbnail","hentry","category-analisis","tag-ayuno-laboral","tag-caridad-profesional","tag-catolicismo-y-empresa","tag-catolicos-en-el-trabajo","tag-conversion-diaria","tag-conversion-en-la-empresa","tag-cuaresma-2026","tag-cuaresma-en-el-trabajo","tag-cuaresma-positiva","tag-espiritualidad-laboral","tag-formacion-cristiana-laboral","tag-generosidad-apostolica","tag-jaculatorias-laborales","tag-jornada-laboral-con-cristo","tag-limosna-en-la-oficina","tag-mortificacion-en-el-trabajo","tag-opus-dei-cuaresma","tag-oracion-en-el-trabajo","tag-penitencia-cotidiana","tag-san-josemaria-trabajo","tag-santidad-en-lo-ordinario","tag-santificar-el-trabajo","tag-trabajo-ofrecido-a-dios","tag-trending-es-151","tag-vivir-la-fe-en-el-empleo"],"acf":[],"yoast_head":"<!-- This site is optimized with the Yoast SEO plugin v27.5 - https:\/\/yoast.com\/product\/yoast-seo-wordpress\/ -->\n<title>Vivir la Cuaresma en la empresa: Santificar el trabajo como camino de conversi\u00f3n y alegr\u00eda &#8211; Exaudi<\/title>\n<meta name=\"robots\" content=\"index, follow, max-snippet:-1, max-image-preview:large, max-video-preview:-1\" \/>\n<link rel=\"canonical\" href=\"https:\/\/exaudi.org\/es\/vivir-la-cuaresma-en-la-empresa-santificar-el-trabajo-como-camino-de-conversion-y-alegria\/\" \/>\n<meta property=\"og:locale\" content=\"es_ES\" \/>\n<meta property=\"og:type\" content=\"article\" \/>\n<meta property=\"og:title\" content=\"Vivir la Cuaresma en la empresa: Santificar el trabajo como camino de conversi\u00f3n y alegr\u00eda &#8211; Exaudi\" \/>\n<meta property=\"og:description\" content=\"C\u00f3mo los 40 d\u00edas de Cuaresma pueden transformar tu d\u00eda a d\u00eda laboral en un encuentro real con Cristo, ofreciendo cada tarea, cada relaci\u00f3n y cada desaf\u00edo como oraci\u00f3n, penitencia y caridad\" \/>\n<meta property=\"og:url\" content=\"https:\/\/exaudi.org\/es\/vivir-la-cuaresma-en-la-empresa-santificar-el-trabajo-como-camino-de-conversion-y-alegria\/\" \/>\n<meta property=\"og:site_name\" content=\"Exaudi\" \/>\n<meta property=\"article:publisher\" content=\"https:\/\/www.facebook.com\/ExaudiNews\" \/>\n<meta property=\"article:published_time\" content=\"2026-02-17T08:00:19+00:00\" \/>\n<meta property=\"og:image\" content=\"https:\/\/exaudi.org\/wp-content\/uploads\/2026\/02\/image-3.jpg\" \/>\n\t<meta property=\"og:image:width\" content=\"1280\" \/>\n\t<meta property=\"og:image:height\" content=\"720\" \/>\n\t<meta property=\"og:image:type\" content=\"image\/jpeg\" \/>\n<meta name=\"author\" content=\"Javier Ferrer Garc\u00eda\" \/>\n<meta name=\"twitter:card\" content=\"summary_large_image\" \/>\n<meta name=\"twitter:creator\" content=\"@Exaudi_News\" \/>\n<meta name=\"twitter:site\" content=\"@Exaudi_News\" \/>\n<meta name=\"twitter:label1\" content=\"Escrito por\" \/>\n\t<meta name=\"twitter:data1\" content=\"Javier Ferrer Garc\u00eda\" \/>\n\t<meta name=\"twitter:label2\" content=\"Tiempo de lectura\" \/>\n\t<meta name=\"twitter:data2\" content=\"5 minutos\" \/>\n<script type=\"application\/ld+json\" class=\"yoast-schema-graph\">{\"@context\":\"https:\\\/\\\/schema.org\",\"@graph\":[{\"@type\":\"Article\",\"@id\":\"https:\\\/\\\/exaudi.org\\\/es\\\/vivir-la-cuaresma-en-la-empresa-santificar-el-trabajo-como-camino-de-conversion-y-alegria\\\/#article\",\"isPartOf\":{\"@id\":\"https:\\\/\\\/exaudi.org\\\/es\\\/vivir-la-cuaresma-en-la-empresa-santificar-el-trabajo-como-camino-de-conversion-y-alegria\\\/\"},\"author\":{\"name\":\"Javier Ferrer Garc\u00eda\",\"@id\":\"https:\\\/\\\/exaudi.org\\\/#\\\/schema\\\/person\\\/0428626ea256fe1d193098fe0ee2b91d\"},\"headline\":\"Vivir la Cuaresma en la empresa: Santificar el trabajo como camino de conversi\u00f3n y alegr\u00eda\",\"datePublished\":\"2026-02-17T08:00:19+00:00\",\"mainEntityOfPage\":{\"@id\":\"https:\\\/\\\/exaudi.org\\\/es\\\/vivir-la-cuaresma-en-la-empresa-santificar-el-trabajo-como-camino-de-conversion-y-alegria\\\/\"},\"wordCount\":1053,\"image\":{\"@id\":\"https:\\\/\\\/exaudi.org\\\/es\\\/vivir-la-cuaresma-en-la-empresa-santificar-el-trabajo-como-camino-de-conversion-y-alegria\\\/#primaryimage\"},\"thumbnailUrl\":\"https:\\\/\\\/exaudi.org\\\/wp-content\\\/uploads\\\/2026\\\/02\\\/image-3.jpg\",\"keywords\":[\"ayuno laboral\",\"caridad profesional\",\"catolicismo y empresa\",\"cat\u00f3licos en el trabajo\",\"conversi\u00f3n diaria\",\"conversi\u00f3n en la empresa\",\"Cuaresma 2026\",\"cuaresma en el trabajo\",\"cuaresma positiva\",\"espiritualidad laboral\",\"formaci\u00f3n cristiana laboral\",\"generosidad apost\u00f3lica\",\"jaculatorias laborales\",\"jornada laboral con Cristo\",\"limosna en la oficina\",\"mortificaci\u00f3n en el trabajo\",\"opus dei cuaresma\",\"oraci\u00f3n en el trabajo\",\"penitencia cotidiana\",\"san josemar\u00eda trabajo\",\"santidad en lo ordinario\",\"santificar el trabajo\",\"trabajo ofrecido a Dios\",\"Trending\",\"vivir la fe en el empleo\"],\"articleSection\":[\"An\u00e1lisis\"],\"inLanguage\":\"es\"},{\"@type\":\"WebPage\",\"@id\":\"https:\\\/\\\/exaudi.org\\\/es\\\/vivir-la-cuaresma-en-la-empresa-santificar-el-trabajo-como-camino-de-conversion-y-alegria\\\/\",\"url\":\"https:\\\/\\\/exaudi.org\\\/es\\\/vivir-la-cuaresma-en-la-empresa-santificar-el-trabajo-como-camino-de-conversion-y-alegria\\\/\",\"name\":\"Vivir la Cuaresma en la empresa: Santificar el trabajo como camino de conversi\u00f3n y alegr\u00eda &#8211; Exaudi\",\"isPartOf\":{\"@id\":\"https:\\\/\\\/exaudi.org\\\/#website\"},\"primaryImageOfPage\":{\"@id\":\"https:\\\/\\\/exaudi.org\\\/es\\\/vivir-la-cuaresma-en-la-empresa-santificar-el-trabajo-como-camino-de-conversion-y-alegria\\\/#primaryimage\"},\"image\":{\"@id\":\"https:\\\/\\\/exaudi.org\\\/es\\\/vivir-la-cuaresma-en-la-empresa-santificar-el-trabajo-como-camino-de-conversion-y-alegria\\\/#primaryimage\"},\"thumbnailUrl\":\"https:\\\/\\\/exaudi.org\\\/wp-content\\\/uploads\\\/2026\\\/02\\\/image-3.jpg\",\"datePublished\":\"2026-02-17T08:00:19+00:00\",\"author\":{\"@id\":\"https:\\\/\\\/exaudi.org\\\/#\\\/schema\\\/person\\\/0428626ea256fe1d193098fe0ee2b91d\"},\"breadcrumb\":{\"@id\":\"https:\\\/\\\/exaudi.org\\\/es\\\/vivir-la-cuaresma-en-la-empresa-santificar-el-trabajo-como-camino-de-conversion-y-alegria\\\/#breadcrumb\"},\"inLanguage\":\"es\",\"potentialAction\":[{\"@type\":\"ReadAction\",\"target\":[\"https:\\\/\\\/exaudi.org\\\/es\\\/vivir-la-cuaresma-en-la-empresa-santificar-el-trabajo-como-camino-de-conversion-y-alegria\\\/\"]}]},{\"@type\":\"ImageObject\",\"inLanguage\":\"es\",\"@id\":\"https:\\\/\\\/exaudi.org\\\/es\\\/vivir-la-cuaresma-en-la-empresa-santificar-el-trabajo-como-camino-de-conversion-y-alegria\\\/#primaryimage\",\"url\":\"https:\\\/\\\/exaudi.org\\\/wp-content\\\/uploads\\\/2026\\\/02\\\/image-3.jpg\",\"contentUrl\":\"https:\\\/\\\/exaudi.org\\\/wp-content\\\/uploads\\\/2026\\\/02\\\/image-3.jpg\",\"width\":1280,\"height\":720},{\"@type\":\"BreadcrumbList\",\"@id\":\"https:\\\/\\\/exaudi.org\\\/es\\\/vivir-la-cuaresma-en-la-empresa-santificar-el-trabajo-como-camino-de-conversion-y-alegria\\\/#breadcrumb\",\"itemListElement\":[{\"@type\":\"ListItem\",\"position\":1,\"name\":\"Portada\",\"item\":\"https:\\\/\\\/exaudi.org\\\/es\\\/\"},{\"@type\":\"ListItem\",\"position\":2,\"name\":\"Vivir la Cuaresma en la empresa: Santificar el trabajo como camino de conversi\u00f3n y alegr\u00eda\"}]},{\"@type\":\"WebSite\",\"@id\":\"https:\\\/\\\/exaudi.org\\\/#website\",\"url\":\"https:\\\/\\\/exaudi.org\\\/\",\"name\":\"Exaudi\",\"description\":\"News\",\"potentialAction\":[{\"@type\":\"SearchAction\",\"target\":{\"@type\":\"EntryPoint\",\"urlTemplate\":\"https:\\\/\\\/exaudi.org\\\/?s={search_term_string}\"},\"query-input\":{\"@type\":\"PropertyValueSpecification\",\"valueRequired\":true,\"valueName\":\"search_term_string\"}}],\"inLanguage\":\"es\"},{\"@type\":\"Person\",\"@id\":\"https:\\\/\\\/exaudi.org\\\/#\\\/schema\\\/person\\\/0428626ea256fe1d193098fe0ee2b91d\",\"name\":\"Javier Ferrer Garc\u00eda\",\"image\":{\"@type\":\"ImageObject\",\"inLanguage\":\"es\",\"@id\":\"https:\\\/\\\/secure.gravatar.com\\\/avatar\\\/c7bc1aef05f4433794cef4a55499c99ae6c0d617e2aa24ba4876a5432af93b2d?s=96&d=mm&r=g\",\"url\":\"https:\\\/\\\/secure.gravatar.com\\\/avatar\\\/c7bc1aef05f4433794cef4a55499c99ae6c0d617e2aa24ba4876a5432af93b2d?s=96&d=mm&r=g\",\"contentUrl\":\"https:\\\/\\\/secure.gravatar.com\\\/avatar\\\/c7bc1aef05f4433794cef4a55499c99ae6c0d617e2aa24ba4876a5432af93b2d?s=96&d=mm&r=g\",\"caption\":\"Javier Ferrer Garc\u00eda\"},\"description\":\"Soy un apasionado de la vida. Fil\u00f3sofo y economista. Mi carrera profesional se ha enriquecido con el constante deseo de aprender y crecer tanto en el \u00e1mbito acad\u00e9mico como en el personal. Me considero un ferviente lector y amante del cine, lo cual me permite tener una perspectiva amplia y diversa sobre el mundo que nos rodea. Como cat\u00f3lico comprometido, busco integrar mis valores en cada aspecto de mi vida, desde mi carrera profesional hasta mi rol como esposo y padre de familia\",\"url\":\"https:\\\/\\\/exaudi.org\\\/es\\\/author\\\/javier-ferrer-garcia\\\/\"}]}<\/script>\n<!-- \/ Yoast SEO plugin. -->","yoast_head_json":{"title":"Vivir la Cuaresma en la empresa: Santificar el trabajo como camino de conversi\u00f3n y alegr\u00eda &#8211; Exaudi","robots":{"index":"index","follow":"follow","max-snippet":"max-snippet:-1","max-image-preview":"max-image-preview:large","max-video-preview":"max-video-preview:-1"},"canonical":"https:\/\/exaudi.org\/es\/vivir-la-cuaresma-en-la-empresa-santificar-el-trabajo-como-camino-de-conversion-y-alegria\/","og_locale":"es_ES","og_type":"article","og_title":"Vivir la Cuaresma en la empresa: Santificar el trabajo como camino de conversi\u00f3n y alegr\u00eda &#8211; Exaudi","og_description":"C\u00f3mo los 40 d\u00edas de Cuaresma pueden transformar tu d\u00eda a d\u00eda laboral en un encuentro real con Cristo, ofreciendo cada tarea, cada relaci\u00f3n y cada desaf\u00edo como oraci\u00f3n, penitencia y caridad","og_url":"https:\/\/exaudi.org\/es\/vivir-la-cuaresma-en-la-empresa-santificar-el-trabajo-como-camino-de-conversion-y-alegria\/","og_site_name":"Exaudi","article_publisher":"https:\/\/www.facebook.com\/ExaudiNews","article_published_time":"2026-02-17T08:00:19+00:00","og_image":[{"width":1280,"height":720,"url":"https:\/\/exaudi.org\/wp-content\/uploads\/2026\/02\/image-3.jpg","type":"image\/jpeg"}],"author":"Javier Ferrer Garc\u00eda","twitter_card":"summary_large_image","twitter_creator":"@Exaudi_News","twitter_site":"@Exaudi_News","twitter_misc":{"Escrito por":"Javier Ferrer Garc\u00eda","Tiempo de lectura":"5 minutos"},"schema":{"@context":"https:\/\/schema.org","@graph":[{"@type":"Article","@id":"https:\/\/exaudi.org\/es\/vivir-la-cuaresma-en-la-empresa-santificar-el-trabajo-como-camino-de-conversion-y-alegria\/#article","isPartOf":{"@id":"https:\/\/exaudi.org\/es\/vivir-la-cuaresma-en-la-empresa-santificar-el-trabajo-como-camino-de-conversion-y-alegria\/"},"author":{"name":"Javier Ferrer Garc\u00eda","@id":"https:\/\/exaudi.org\/#\/schema\/person\/0428626ea256fe1d193098fe0ee2b91d"},"headline":"Vivir la Cuaresma en la empresa: Santificar el trabajo como camino de conversi\u00f3n y alegr\u00eda","datePublished":"2026-02-17T08:00:19+00:00","mainEntityOfPage":{"@id":"https:\/\/exaudi.org\/es\/vivir-la-cuaresma-en-la-empresa-santificar-el-trabajo-como-camino-de-conversion-y-alegria\/"},"wordCount":1053,"image":{"@id":"https:\/\/exaudi.org\/es\/vivir-la-cuaresma-en-la-empresa-santificar-el-trabajo-como-camino-de-conversion-y-alegria\/#primaryimage"},"thumbnailUrl":"https:\/\/exaudi.org\/wp-content\/uploads\/2026\/02\/image-3.jpg","keywords":["ayuno laboral","caridad profesional","catolicismo y empresa","cat\u00f3licos en el trabajo","conversi\u00f3n diaria","conversi\u00f3n en la empresa","Cuaresma 2026","cuaresma en el trabajo","cuaresma positiva","espiritualidad laboral","formaci\u00f3n cristiana laboral","generosidad apost\u00f3lica","jaculatorias laborales","jornada laboral con Cristo","limosna en la oficina","mortificaci\u00f3n en el trabajo","opus dei cuaresma","oraci\u00f3n en el trabajo","penitencia cotidiana","san josemar\u00eda trabajo","santidad en lo ordinario","santificar el trabajo","trabajo ofrecido a Dios","Trending","vivir la fe en el empleo"],"articleSection":["An\u00e1lisis"],"inLanguage":"es"},{"@type":"WebPage","@id":"https:\/\/exaudi.org\/es\/vivir-la-cuaresma-en-la-empresa-santificar-el-trabajo-como-camino-de-conversion-y-alegria\/","url":"https:\/\/exaudi.org\/es\/vivir-la-cuaresma-en-la-empresa-santificar-el-trabajo-como-camino-de-conversion-y-alegria\/","name":"Vivir la Cuaresma en la empresa: Santificar el trabajo como camino de conversi\u00f3n y alegr\u00eda &#8211; Exaudi","isPartOf":{"@id":"https:\/\/exaudi.org\/#website"},"primaryImageOfPage":{"@id":"https:\/\/exaudi.org\/es\/vivir-la-cuaresma-en-la-empresa-santificar-el-trabajo-como-camino-de-conversion-y-alegria\/#primaryimage"},"image":{"@id":"https:\/\/exaudi.org\/es\/vivir-la-cuaresma-en-la-empresa-santificar-el-trabajo-como-camino-de-conversion-y-alegria\/#primaryimage"},"thumbnailUrl":"https:\/\/exaudi.org\/wp-content\/uploads\/2026\/02\/image-3.jpg","datePublished":"2026-02-17T08:00:19+00:00","author":{"@id":"https:\/\/exaudi.org\/#\/schema\/person\/0428626ea256fe1d193098fe0ee2b91d"},"breadcrumb":{"@id":"https:\/\/exaudi.org\/es\/vivir-la-cuaresma-en-la-empresa-santificar-el-trabajo-como-camino-de-conversion-y-alegria\/#breadcrumb"},"inLanguage":"es","potentialAction":[{"@type":"ReadAction","target":["https:\/\/exaudi.org\/es\/vivir-la-cuaresma-en-la-empresa-santificar-el-trabajo-como-camino-de-conversion-y-alegria\/"]}]},{"@type":"ImageObject","inLanguage":"es","@id":"https:\/\/exaudi.org\/es\/vivir-la-cuaresma-en-la-empresa-santificar-el-trabajo-como-camino-de-conversion-y-alegria\/#primaryimage","url":"https:\/\/exaudi.org\/wp-content\/uploads\/2026\/02\/image-3.jpg","contentUrl":"https:\/\/exaudi.org\/wp-content\/uploads\/2026\/02\/image-3.jpg","width":1280,"height":720},{"@type":"BreadcrumbList","@id":"https:\/\/exaudi.org\/es\/vivir-la-cuaresma-en-la-empresa-santificar-el-trabajo-como-camino-de-conversion-y-alegria\/#breadcrumb","itemListElement":[{"@type":"ListItem","position":1,"name":"Portada","item":"https:\/\/exaudi.org\/es\/"},{"@type":"ListItem","position":2,"name":"Vivir la Cuaresma en la empresa: Santificar el trabajo como camino de conversi\u00f3n y alegr\u00eda"}]},{"@type":"WebSite","@id":"https:\/\/exaudi.org\/#website","url":"https:\/\/exaudi.org\/","name":"Exaudi","description":"News","potentialAction":[{"@type":"SearchAction","target":{"@type":"EntryPoint","urlTemplate":"https:\/\/exaudi.org\/?s={search_term_string}"},"query-input":{"@type":"PropertyValueSpecification","valueRequired":true,"valueName":"search_term_string"}}],"inLanguage":"es"},{"@type":"Person","@id":"https:\/\/exaudi.org\/#\/schema\/person\/0428626ea256fe1d193098fe0ee2b91d","name":"Javier Ferrer Garc\u00eda","image":{"@type":"ImageObject","inLanguage":"es","@id":"https:\/\/secure.gravatar.com\/avatar\/c7bc1aef05f4433794cef4a55499c99ae6c0d617e2aa24ba4876a5432af93b2d?s=96&d=mm&r=g","url":"https:\/\/secure.gravatar.com\/avatar\/c7bc1aef05f4433794cef4a55499c99ae6c0d617e2aa24ba4876a5432af93b2d?s=96&d=mm&r=g","contentUrl":"https:\/\/secure.gravatar.com\/avatar\/c7bc1aef05f4433794cef4a55499c99ae6c0d617e2aa24ba4876a5432af93b2d?s=96&d=mm&r=g","caption":"Javier Ferrer Garc\u00eda"},"description":"Soy un apasionado de la vida. Fil\u00f3sofo y economista. Mi carrera profesional se ha enriquecido con el constante deseo de aprender y crecer tanto en el \u00e1mbito acad\u00e9mico como en el personal. Me considero un ferviente lector y amante del cine, lo cual me permite tener una perspectiva amplia y diversa sobre el mundo que nos rodea. Como cat\u00f3lico comprometido, busco integrar mis valores en cada aspecto de mi vida, desde mi carrera profesional hasta mi rol como esposo y padre de familia","url":"https:\/\/exaudi.org\/es\/author\/javier-ferrer-garcia\/"}]}},"jetpack_featured_media_url":"https:\/\/exaudi.org\/wp-content\/uploads\/2026\/02\/image-3.jpg","jetpack_shortlink":"https:\/\/wp.me\/pgKjF2-F6D","_links":{"self":[{"href":"https:\/\/exaudi.org\/es\/wp-json\/wp\/v2\/posts\/158015","targetHints":{"allow":["GET"]}}],"collection":[{"href":"https:\/\/exaudi.org\/es\/wp-json\/wp\/v2\/posts"}],"about":[{"href":"https:\/\/exaudi.org\/es\/wp-json\/wp\/v2\/types\/post"}],"author":[{"embeddable":true,"href":"https:\/\/exaudi.org\/es\/wp-json\/wp\/v2\/users\/149"}],"replies":[{"embeddable":true,"href":"https:\/\/exaudi.org\/es\/wp-json\/wp\/v2\/comments?post=158015"}],"version-history":[{"count":6,"href":"https:\/\/exaudi.org\/es\/wp-json\/wp\/v2\/posts\/158015\/revisions"}],"predecessor-version":[{"id":158054,"href":"https:\/\/exaudi.org\/es\/wp-json\/wp\/v2\/posts\/158015\/revisions\/158054"}],"wp:featuredmedia":[{"embeddable":true,"href":"https:\/\/exaudi.org\/es\/wp-json\/wp\/v2\/media\/158018"}],"wp:attachment":[{"href":"https:\/\/exaudi.org\/es\/wp-json\/wp\/v2\/media?parent=158015"}],"wp:term":[{"taxonomy":"category","embeddable":true,"href":"https:\/\/exaudi.org\/es\/wp-json\/wp\/v2\/categories?post=158015"},{"taxonomy":"post_tag","embeddable":true,"href":"https:\/\/exaudi.org\/es\/wp-json\/wp\/v2\/tags?post=158015"}],"curies":[{"name":"wp","href":"https:\/\/api.w.org\/{rel}","templated":true}]}}