{"id":157834,"date":"2026-02-15T09:21:44","date_gmt":"2026-02-15T08:21:44","guid":{"rendered":"https:\/\/exaudi.org\/?p=157834"},"modified":"2026-02-15T09:21:44","modified_gmt":"2026-02-15T08:21:44","slug":"reflexion-de-monsenor-enrique-diaz-por-el-espiritu-dios-nos-revela-lo-mas-profundo","status":"publish","type":"post","link":"https:\/\/exaudi.org\/es\/reflexion-de-monsenor-enrique-diaz-por-el-espiritu-dios-nos-revela-lo-mas-profundo\/","title":{"rendered":"Reflexi\u00f3n de Monse\u00f1or Enrique D\u00edaz: Por el Esp\u00edritu, Dios nos revela lo mas profundo"},"content":{"rendered":"<p><span dir=\"auto\">Monse\u00f1or Enrique D\u00edaz D\u00edaz comparte con los lectores de Exaudi su reflexi\u00f3n sobre el\u00a0<a href=\"https:\/\/www.dominicos.org\/predicacion\/homilia\/15-2-2026\/lecturas\/\" target=\"_blank\" rel=\"noopener\">Evangelio de este domingo 8 de febrero de 2026\u00a0<\/a>\u00a0<\/span><span dir=\"auto\">titulado: \u201c<em>Por el Esp\u00edritu, Dios nos revela lo mas profundo<\/em>\u201d<\/span><em>.<\/em><\/p>\n<p>***<\/p>\n<p>Sir\u00e1cide 15, 16-21: \u201cDelante del hombre est\u00e1n la muerte y la vida\u201d<\/p>\n<p>Salmo 118: \u201cDichoso el que cumple la voluntad del Se\u00f1or\u201d<\/p>\n<p>Corintios 2, 6-10: \u201cPor el Esp\u00edritu, Dios nos revela lo mas profundo\u201d<\/p>\n<p>San Mateo 5, 17-37: \u201cHan o\u00eddo que se dijo a los antiguos, pero yo les digo\u2026\u201d<\/p>\n<p>\u00bfQu\u00e9 pensar\u00e1 Jes\u00fas de nuestra forma de vivir y de actuar en relaci\u00f3n con la ley? Sus palabras revelan la gran tensi\u00f3n que sus propuestas provocaban en los diferentes grupos de su tiempo. Hab\u00eda quienes alegremente dec\u00edan que toda la ley estaba superada y que ahora se podr\u00eda vivir con libertad dejando en el pasado la ley que hab\u00edan dado Mois\u00e9s y los profetas. Otro grupo se aferraba a la ley y entend\u00eda que Jes\u00fas era un cumplidor de la ley y que exig\u00eda a sus nuevos adeptos que siguieran al pie de la letra todas las prescripciones y la interpretaci\u00f3n minuciosa que los fariseos hac\u00edan de la ley. \u00bfCristo quiere abolir la ley? No, Cristo quiere encontrar el verdadero sentido de la ley y darle su justo valor. No propone la ley por la ley, sino ir m\u00e1s all\u00e1, al interior de hombre y a su relaci\u00f3n con Dios y sus hermanos, para descubrir el gran valor de la ley. Resume su posici\u00f3n afirmando que la ley estar\u00e1 basada en una \u201cverdadera justicia\u201d; si no, pierde su sentido. Las leyes, en un principio establecidas para protecci\u00f3n de los m\u00e1s d\u00e9biles y cuidado de los peque\u00f1os, de pronto se fueron tornando una carga insoportable y un pretexto para la sumisi\u00f3n y la esclavitud. As\u00ed la ley en lugar de dar dignidad a la persona, la esclaviza.<\/p>\n<p>Cristo proclama la verdadera libertad del coraz\u00f3n y no un libertinaje que justifica las acciones m\u00e1s irracionales bajo el amparo de la ley. Cristo mira el coraz\u00f3n del hombre y en \u00e9l pone una nueva vitalidad y una nueva ley basada en la justicia y en el amor. Nos habla de relaciones que se centran en el reconocimiento de cada persona como hija de Dios y heredera del Reino. Atr\u00e1s quedan el formalismo y el legalismo que cosifican a las personas y las someten al yugo de leyes sustentadas en el capricho de unos cuantos. Y despu\u00e9s de centrarnos en esta justicia que debe ser mayor que la de los escribas y fariseos, Cristo nos presenta varios casos en que se deforma la ley, casos que no quedan en el ayer ni el olvido, sino son muy actuales. No hace una relaci\u00f3n exhaustiva de casos en que se infringe la ley, sino simplemente nos llama la atenci\u00f3n en ejemplos que suceden todos los d\u00edas y que muchas veces ni cuenta nos damos del desprecio que estamos haciendo a las personas. El pasaje nos centra en el respeto a la vida de la persona, en la sinceridad de las relaciones y en el valor de la palabra.<\/p>\n<p>As\u00ed inicia por lo m\u00e1s elemental: el respeto a la vida de las personas. Est\u00e1 muy lejano de lo que diariamente escuchamos en las noticias tanto en nuestra patria como en todo el mundo: actos demenciales que rompen la armon\u00eda de la comunidad y que destruyen vidas de personas inocentes. Cada d\u00eda amanecemos con el sobresalto, pregunt\u00e1ndonos qu\u00e9 nueva masacre ha sucedido o si no ha sido atacado alguno de nuestros conocidos. Las escenas se repiten constantemente en los noticiarios y a cada acto salvaje, que cre\u00edamos era el peor, se a\u00f1ade uno nuevo con m\u00e1s encarnizamiento y con peores maneras de tortura. Personas que parec\u00edan tan cuerdas y transparentes, servidores p\u00fablicos, modestos obreros, se descubren como estafadores y crueles criminales. \u00bfQu\u00e9 sucede con nuestra humanidad? \u00bfHasta d\u00f3nde seremos capaces de llegar? Hay quienes proponen la pena de muerte o castigos m\u00e1s severos como soluci\u00f3n, pero mientras no nos descubramos como hermanos y como hijos de Dios, mientras el hombre o el poder sean el \u00fanico par\u00e1metro de la ley, se seguir\u00e1 despreciando la vida de los peque\u00f1os y se seguir\u00e1 cegando impunemente vidas inocentes. Cristo va m\u00e1s all\u00e1 y nos pide, no s\u00f3lo el respeto a la vida, sino tambi\u00e9n a la dignidad de la persona, no podemos vivir en el odio, en el insulto y la descalificaci\u00f3n. Cuando odiamos, nosotros mismos estamos perdiendo la esencia misma de nuestra identidad.<\/p>\n<p>Igualmente habla Cristo de la sexualidad y del divorcio. No se puede mirar al otro o la otra s\u00f3lo como objeto de placer. Mientras las relaciones no est\u00e9n fundadas en la aceptaci\u00f3n del otro, con toda su dignidad y con todos sus derechos, las relaciones ser\u00e1n solamente superficiales, utilizar\u00e1n a las personas y se llegar\u00e1 a los extremos de los abusos, la trata de personas o la esclavitud sexual. Con mucha frecuencia entramos en la din\u00e1mica del mundo del placer y del poder, y nos olvidamos que el amor conyugal est\u00e1 llamado a ser exclusivo, total e incondicional para toda la vida. Lo que nos propone Cristo no es una absurda concepci\u00f3n de la persona en donde se esconde o no se puede hablar de la relaci\u00f3n sexual, lo que nos propone es la verdadera exigencia del amor que nace en las personas que realmente se aman. Nuestra sociedad necesita personas que sepan vivir, testimoniar y defender el proyecto del amor indisoluble, que vayan m\u00e1s all\u00e1 de la b\u00fasqueda del placer irresponsable. J\u00f3venes que se arriesguen a vivir la plenitud de un amor fiel, responsable y comprometido.<\/p>\n<p>Finalmente Cristo nos habla del valor de la palabra. Si en aquellos tiempos la palabra necesitaba ser reforzada con juramentos, ahora necesita documentos y papeles que la hagan cre\u00edble. Pero ni as\u00ed: encontramos acomodaciones, subterfugios, letras chiquitas o pactos no cumplidos. La mentira y la corrupci\u00f3n invaden las relaciones. Y Cristo nos exige que le demos su verdadero valor a la palabra. \u00c9l que es la palabra hecha carne, la Palabra hecha relaci\u00f3n, nos pide que nosotros seamos coherentes con lo que hablamos. No habr\u00e1 leyes que puedan superar las mentiras cuando se han adue\u00f1ado del coraz\u00f3n. Necesita el hombre descubrir su relaci\u00f3n \u00edntima con la verdad y defenderla siempre y en todas partes para ser fiel a su propia vocaci\u00f3n.<\/p>\n<p>No puede un coraz\u00f3n dividido por el odio, por la mentira o por el placer, presentarse dignamente ante Dios. Est\u00e1 falseando la relaci\u00f3n porque no ofrece toda su persona. Miremos c\u00f3mo estamos nosotros viviendo las leyes, si solamente las cumplimos, si brotan de nuestro interior, o si vamos caminando por la vida con \u201cdos corazones\u201d, esa expresi\u00f3n ind\u00edgena para describir la cruel realidad de quien vive dividido y no tiene armon\u00eda ni con Dios, ni con los hermanos, ni consigo mismo. \u00bfQu\u00e9 queda hoy en nuestro coraz\u00f3n? Sigamos meditando las palabras de Jes\u00fas: \u201cSi su justicia no es mayor que la de los escribas y fariseos, ciertamente no entrar\u00e1n ustedes en el Reino de los cielos\u201d.<\/p>\n<p>Se\u00f1or, conc\u00e9denos descubrir los caminos de la verdad, del amor y de nuestra propia dignidad, que nos lleven a vivir en tu presencia. Am\u00e9n.<\/p>\n<p>&nbsp;<\/p>\n<p>&nbsp;<\/p>\n<p>&nbsp;<\/p>\n<p>&nbsp;<\/p>\n<p>&nbsp;<\/p>\n","protected":false},"excerpt":{"rendered":"<p>VI Domingo Ordinario<\/p>\n","protected":false},"author":25,"featured_media":157837,"comment_status":"closed","ping_status":"closed","sticky":false,"template":"","format":"standard","meta":{"_acf_changed":false,"_crdt_document":"","inline_featured_image":false,"footnotes":""},"categories":[96,74],"tags":[5654,7678,58880],"class_list":["post-157834","post","type-post","status-publish","format-standard","has-post-thumbnail","hentry","category-espiritualidad","category-iglesia-y-mundo","tag-enrique-diaz","tag-reflexion-evangelio","tag-trending-es-151"],"acf":[],"yoast_head":"<!-- This site is optimized with the Yoast SEO plugin v27.4 - https:\/\/yoast.com\/product\/yoast-seo-wordpress\/ -->\n<title>Reflexi\u00f3n de Monse\u00f1or Enrique D\u00edaz: Por el Esp\u00edritu, Dios nos revela lo mas profundo &#8211; Exaudi<\/title>\n<meta name=\"robots\" content=\"index, follow, max-snippet:-1, max-image-preview:large, max-video-preview:-1\" \/>\n<link rel=\"canonical\" href=\"https:\/\/exaudi.org\/es\/reflexion-de-monsenor-enrique-diaz-por-el-espiritu-dios-nos-revela-lo-mas-profundo\/\" \/>\n<meta property=\"og:locale\" content=\"es_ES\" \/>\n<meta property=\"og:type\" content=\"article\" \/>\n<meta property=\"og:title\" content=\"Reflexi\u00f3n de Monse\u00f1or Enrique D\u00edaz: Por el Esp\u00edritu, Dios nos revela lo mas profundo &#8211; Exaudi\" \/>\n<meta property=\"og:description\" content=\"VI Domingo Ordinario\" \/>\n<meta property=\"og:url\" content=\"https:\/\/exaudi.org\/es\/reflexion-de-monsenor-enrique-diaz-por-el-espiritu-dios-nos-revela-lo-mas-profundo\/\" \/>\n<meta property=\"og:site_name\" content=\"Exaudi\" \/>\n<meta property=\"article:publisher\" content=\"https:\/\/www.facebook.com\/ExaudiNews\" \/>\n<meta property=\"article:published_time\" content=\"2026-02-15T08:21:44+00:00\" \/>\n<meta name=\"author\" content=\"Enrique D\u00edaz\" \/>\n<meta name=\"twitter:card\" content=\"summary_large_image\" \/>\n<meta name=\"twitter:creator\" content=\"@Exaudi_News\" \/>\n<meta name=\"twitter:site\" content=\"@Exaudi_News\" \/>\n<meta name=\"twitter:label1\" content=\"Escrito por\" \/>\n\t<meta name=\"twitter:data1\" content=\"Enrique D\u00edaz\" \/>\n\t<meta name=\"twitter:label2\" content=\"Tiempo de lectura\" \/>\n\t<meta name=\"twitter:data2\" content=\"6 minutos\" \/>\n<script type=\"application\/ld+json\" class=\"yoast-schema-graph\">{\"@context\":\"https:\\\/\\\/schema.org\",\"@graph\":[{\"@type\":\"Article\",\"@id\":\"https:\\\/\\\/exaudi.org\\\/es\\\/reflexion-de-monsenor-enrique-diaz-por-el-espiritu-dios-nos-revela-lo-mas-profundo\\\/#article\",\"isPartOf\":{\"@id\":\"https:\\\/\\\/exaudi.org\\\/es\\\/reflexion-de-monsenor-enrique-diaz-por-el-espiritu-dios-nos-revela-lo-mas-profundo\\\/\"},\"author\":{\"name\":\"Enrique D\u00edaz\",\"@id\":\"https:\\\/\\\/exaudi.org\\\/#\\\/schema\\\/person\\\/c02ffbd10830fa375f6882f7dcf1844d\"},\"headline\":\"Reflexi\u00f3n de Monse\u00f1or Enrique D\u00edaz: Por el Esp\u00edritu, Dios nos revela lo mas profundo\",\"datePublished\":\"2026-02-15T08:21:44+00:00\",\"mainEntityOfPage\":{\"@id\":\"https:\\\/\\\/exaudi.org\\\/es\\\/reflexion-de-monsenor-enrique-diaz-por-el-espiritu-dios-nos-revela-lo-mas-profundo\\\/\"},\"wordCount\":1298,\"image\":{\"@id\":\"https:\\\/\\\/exaudi.org\\\/es\\\/reflexion-de-monsenor-enrique-diaz-por-el-espiritu-dios-nos-revela-lo-mas-profundo\\\/#primaryimage\"},\"thumbnailUrl\":\"https:\\\/\\\/exaudi.org\\\/wp-content\\\/uploads\\\/2026\\\/02\\\/geralt-hand-3452582_1920.jpg\",\"keywords\":[\"Enrique D\u00edaz\",\"Reflexi\u00f3n evangelio\",\"Trending\"],\"articleSection\":[\"Espiritualidad\",\"Iglesia y Mundo\"],\"inLanguage\":\"es\"},{\"@type\":\"WebPage\",\"@id\":\"https:\\\/\\\/exaudi.org\\\/es\\\/reflexion-de-monsenor-enrique-diaz-por-el-espiritu-dios-nos-revela-lo-mas-profundo\\\/\",\"url\":\"https:\\\/\\\/exaudi.org\\\/es\\\/reflexion-de-monsenor-enrique-diaz-por-el-espiritu-dios-nos-revela-lo-mas-profundo\\\/\",\"name\":\"Reflexi\u00f3n de Monse\u00f1or Enrique D\u00edaz: Por el Esp\u00edritu, Dios nos revela lo mas profundo &#8211; Exaudi\",\"isPartOf\":{\"@id\":\"https:\\\/\\\/exaudi.org\\\/#website\"},\"primaryImageOfPage\":{\"@id\":\"https:\\\/\\\/exaudi.org\\\/es\\\/reflexion-de-monsenor-enrique-diaz-por-el-espiritu-dios-nos-revela-lo-mas-profundo\\\/#primaryimage\"},\"image\":{\"@id\":\"https:\\\/\\\/exaudi.org\\\/es\\\/reflexion-de-monsenor-enrique-diaz-por-el-espiritu-dios-nos-revela-lo-mas-profundo\\\/#primaryimage\"},\"thumbnailUrl\":\"https:\\\/\\\/exaudi.org\\\/wp-content\\\/uploads\\\/2026\\\/02\\\/geralt-hand-3452582_1920.jpg\",\"datePublished\":\"2026-02-15T08:21:44+00:00\",\"author\":{\"@id\":\"https:\\\/\\\/exaudi.org\\\/#\\\/schema\\\/person\\\/c02ffbd10830fa375f6882f7dcf1844d\"},\"breadcrumb\":{\"@id\":\"https:\\\/\\\/exaudi.org\\\/es\\\/reflexion-de-monsenor-enrique-diaz-por-el-espiritu-dios-nos-revela-lo-mas-profundo\\\/#breadcrumb\"},\"inLanguage\":\"es\",\"potentialAction\":[{\"@type\":\"ReadAction\",\"target\":[\"https:\\\/\\\/exaudi.org\\\/es\\\/reflexion-de-monsenor-enrique-diaz-por-el-espiritu-dios-nos-revela-lo-mas-profundo\\\/\"]}]},{\"@type\":\"ImageObject\",\"inLanguage\":\"es\",\"@id\":\"https:\\\/\\\/exaudi.org\\\/es\\\/reflexion-de-monsenor-enrique-diaz-por-el-espiritu-dios-nos-revela-lo-mas-profundo\\\/#primaryimage\",\"url\":\"https:\\\/\\\/exaudi.org\\\/wp-content\\\/uploads\\\/2026\\\/02\\\/geralt-hand-3452582_1920.jpg\",\"contentUrl\":\"https:\\\/\\\/exaudi.org\\\/wp-content\\\/uploads\\\/2026\\\/02\\\/geralt-hand-3452582_1920.jpg\",\"width\":1920,\"height\":1078},{\"@type\":\"BreadcrumbList\",\"@id\":\"https:\\\/\\\/exaudi.org\\\/es\\\/reflexion-de-monsenor-enrique-diaz-por-el-espiritu-dios-nos-revela-lo-mas-profundo\\\/#breadcrumb\",\"itemListElement\":[{\"@type\":\"ListItem\",\"position\":1,\"name\":\"Portada\",\"item\":\"https:\\\/\\\/exaudi.org\\\/es\\\/\"},{\"@type\":\"ListItem\",\"position\":2,\"name\":\"Reflexi\u00f3n de Monse\u00f1or Enrique D\u00edaz: Por el Esp\u00edritu, Dios nos revela lo mas profundo\"}]},{\"@type\":\"WebSite\",\"@id\":\"https:\\\/\\\/exaudi.org\\\/#website\",\"url\":\"https:\\\/\\\/exaudi.org\\\/\",\"name\":\"Exaudi\",\"description\":\"News\",\"potentialAction\":[{\"@type\":\"SearchAction\",\"target\":{\"@type\":\"EntryPoint\",\"urlTemplate\":\"https:\\\/\\\/exaudi.org\\\/?s={search_term_string}\"},\"query-input\":{\"@type\":\"PropertyValueSpecification\",\"valueRequired\":true,\"valueName\":\"search_term_string\"}}],\"inLanguage\":\"es\"},{\"@type\":\"Person\",\"@id\":\"https:\\\/\\\/exaudi.org\\\/#\\\/schema\\\/person\\\/c02ffbd10830fa375f6882f7dcf1844d\",\"name\":\"Enrique D\u00edaz\",\"image\":{\"@type\":\"ImageObject\",\"inLanguage\":\"es\",\"@id\":\"https:\\\/\\\/secure.gravatar.com\\\/avatar\\\/7ca10be5325a95d04b74082d68ba605aa69611eb0f68f47096cb1bc349873284?s=96&d=mm&r=g\",\"url\":\"https:\\\/\\\/secure.gravatar.com\\\/avatar\\\/7ca10be5325a95d04b74082d68ba605aa69611eb0f68f47096cb1bc349873284?s=96&d=mm&r=g\",\"contentUrl\":\"https:\\\/\\\/secure.gravatar.com\\\/avatar\\\/7ca10be5325a95d04b74082d68ba605aa69611eb0f68f47096cb1bc349873284?s=96&d=mm&r=g\",\"caption\":\"Enrique D\u00edaz\"},\"description\":\"Naci\u00f3 en Huandacareo, Michoac\u00e1n, M\u00e9xico, en 1952. Realiz\u00f3 sus estudios de Filosof\u00eda y Teolog\u00eda en el Seminario de Morelia. Ordenado di\u00e1cono el 22 de mayo de 1977, y presb\u00edtero el 23 de octubre del mismo a\u00f1o. Obtuvo la Licenciatura en Sagrada Escritura en el Pontificio Instituto B\u00edblico en Roma. Ha desarrollado m\u00faltiples encargos pastorales como el de capell\u00e1n de la rector\u00eda de las Tres Aves Mar\u00edas; responsable de la Pastoral B\u00edblica Diocesana y director de la Escuela B\u00edblica en Morelia; maestro de Biblia en el Seminario Conciliar de Morelia, p\u00e1rroco de la Parroquia de Nuestra Se\u00f1ora de Guadalupe, Col. Guadalupe, Morelia; o vicario episcopal para la Zona de Nuestra Se\u00f1ora de la Luz, P\u00e1tzcuaro. Ordenado obispo auxiliar de san Crist\u00f3bal de las Casas en 2003. En la Conferencia Episcopal form\u00f3 parte de las Comisiones de Biblia, Diaconado y Ministerios Laicales. Fue responsable de las Dimensiones de Ministerios Laicales, de Educaci\u00f3n y Cultura. Ha participado en encuentros latinoamericanos y mundiales sobre el Diaconado Permanente. Actualmente es el responsable de la Dimensi\u00f3n de Pastoral de la Cultura. Particip\u00f3 como Miembro del S\u00ednodo de Obispos sobre la Palabra de Dios en la Vida y Misi\u00f3n de la Iglesia en Roma, en 2008. Recibi\u00f3 el nombramiento de obispo coadjutor de San Crist\u00f3bal de las Casas en 2014. Nombrado II obispo de Irapuato el d\u00eda 11 de marzo, tom\u00f3 posesi\u00f3n el 19 de Mayo. Colabora en varias revistas y publicaciones sobre todo con la reflexi\u00f3n diaria y dominical tanto en audio como escrita.\",\"url\":\"https:\\\/\\\/exaudi.org\\\/es\\\/author\\\/enriquediaz\\\/\"}]}<\/script>\n<!-- \/ Yoast SEO plugin. -->","yoast_head_json":{"title":"Reflexi\u00f3n de Monse\u00f1or Enrique D\u00edaz: Por el Esp\u00edritu, Dios nos revela lo mas profundo &#8211; Exaudi","robots":{"index":"index","follow":"follow","max-snippet":"max-snippet:-1","max-image-preview":"max-image-preview:large","max-video-preview":"max-video-preview:-1"},"canonical":"https:\/\/exaudi.org\/es\/reflexion-de-monsenor-enrique-diaz-por-el-espiritu-dios-nos-revela-lo-mas-profundo\/","og_locale":"es_ES","og_type":"article","og_title":"Reflexi\u00f3n de Monse\u00f1or Enrique D\u00edaz: Por el Esp\u00edritu, Dios nos revela lo mas profundo &#8211; Exaudi","og_description":"VI Domingo Ordinario","og_url":"https:\/\/exaudi.org\/es\/reflexion-de-monsenor-enrique-diaz-por-el-espiritu-dios-nos-revela-lo-mas-profundo\/","og_site_name":"Exaudi","article_publisher":"https:\/\/www.facebook.com\/ExaudiNews","article_published_time":"2026-02-15T08:21:44+00:00","author":"Enrique D\u00edaz","twitter_card":"summary_large_image","twitter_creator":"@Exaudi_News","twitter_site":"@Exaudi_News","twitter_misc":{"Escrito por":"Enrique D\u00edaz","Tiempo de lectura":"6 minutos"},"schema":{"@context":"https:\/\/schema.org","@graph":[{"@type":"Article","@id":"https:\/\/exaudi.org\/es\/reflexion-de-monsenor-enrique-diaz-por-el-espiritu-dios-nos-revela-lo-mas-profundo\/#article","isPartOf":{"@id":"https:\/\/exaudi.org\/es\/reflexion-de-monsenor-enrique-diaz-por-el-espiritu-dios-nos-revela-lo-mas-profundo\/"},"author":{"name":"Enrique D\u00edaz","@id":"https:\/\/exaudi.org\/#\/schema\/person\/c02ffbd10830fa375f6882f7dcf1844d"},"headline":"Reflexi\u00f3n de Monse\u00f1or Enrique D\u00edaz: Por el Esp\u00edritu, Dios nos revela lo mas profundo","datePublished":"2026-02-15T08:21:44+00:00","mainEntityOfPage":{"@id":"https:\/\/exaudi.org\/es\/reflexion-de-monsenor-enrique-diaz-por-el-espiritu-dios-nos-revela-lo-mas-profundo\/"},"wordCount":1298,"image":{"@id":"https:\/\/exaudi.org\/es\/reflexion-de-monsenor-enrique-diaz-por-el-espiritu-dios-nos-revela-lo-mas-profundo\/#primaryimage"},"thumbnailUrl":"https:\/\/exaudi.org\/wp-content\/uploads\/2026\/02\/geralt-hand-3452582_1920.jpg","keywords":["Enrique D\u00edaz","Reflexi\u00f3n evangelio","Trending"],"articleSection":["Espiritualidad","Iglesia y Mundo"],"inLanguage":"es"},{"@type":"WebPage","@id":"https:\/\/exaudi.org\/es\/reflexion-de-monsenor-enrique-diaz-por-el-espiritu-dios-nos-revela-lo-mas-profundo\/","url":"https:\/\/exaudi.org\/es\/reflexion-de-monsenor-enrique-diaz-por-el-espiritu-dios-nos-revela-lo-mas-profundo\/","name":"Reflexi\u00f3n de Monse\u00f1or Enrique D\u00edaz: Por el Esp\u00edritu, Dios nos revela lo mas profundo &#8211; Exaudi","isPartOf":{"@id":"https:\/\/exaudi.org\/#website"},"primaryImageOfPage":{"@id":"https:\/\/exaudi.org\/es\/reflexion-de-monsenor-enrique-diaz-por-el-espiritu-dios-nos-revela-lo-mas-profundo\/#primaryimage"},"image":{"@id":"https:\/\/exaudi.org\/es\/reflexion-de-monsenor-enrique-diaz-por-el-espiritu-dios-nos-revela-lo-mas-profundo\/#primaryimage"},"thumbnailUrl":"https:\/\/exaudi.org\/wp-content\/uploads\/2026\/02\/geralt-hand-3452582_1920.jpg","datePublished":"2026-02-15T08:21:44+00:00","author":{"@id":"https:\/\/exaudi.org\/#\/schema\/person\/c02ffbd10830fa375f6882f7dcf1844d"},"breadcrumb":{"@id":"https:\/\/exaudi.org\/es\/reflexion-de-monsenor-enrique-diaz-por-el-espiritu-dios-nos-revela-lo-mas-profundo\/#breadcrumb"},"inLanguage":"es","potentialAction":[{"@type":"ReadAction","target":["https:\/\/exaudi.org\/es\/reflexion-de-monsenor-enrique-diaz-por-el-espiritu-dios-nos-revela-lo-mas-profundo\/"]}]},{"@type":"ImageObject","inLanguage":"es","@id":"https:\/\/exaudi.org\/es\/reflexion-de-monsenor-enrique-diaz-por-el-espiritu-dios-nos-revela-lo-mas-profundo\/#primaryimage","url":"https:\/\/exaudi.org\/wp-content\/uploads\/2026\/02\/geralt-hand-3452582_1920.jpg","contentUrl":"https:\/\/exaudi.org\/wp-content\/uploads\/2026\/02\/geralt-hand-3452582_1920.jpg","width":1920,"height":1078},{"@type":"BreadcrumbList","@id":"https:\/\/exaudi.org\/es\/reflexion-de-monsenor-enrique-diaz-por-el-espiritu-dios-nos-revela-lo-mas-profundo\/#breadcrumb","itemListElement":[{"@type":"ListItem","position":1,"name":"Portada","item":"https:\/\/exaudi.org\/es\/"},{"@type":"ListItem","position":2,"name":"Reflexi\u00f3n de Monse\u00f1or Enrique D\u00edaz: Por el Esp\u00edritu, Dios nos revela lo mas profundo"}]},{"@type":"WebSite","@id":"https:\/\/exaudi.org\/#website","url":"https:\/\/exaudi.org\/","name":"Exaudi","description":"News","potentialAction":[{"@type":"SearchAction","target":{"@type":"EntryPoint","urlTemplate":"https:\/\/exaudi.org\/?s={search_term_string}"},"query-input":{"@type":"PropertyValueSpecification","valueRequired":true,"valueName":"search_term_string"}}],"inLanguage":"es"},{"@type":"Person","@id":"https:\/\/exaudi.org\/#\/schema\/person\/c02ffbd10830fa375f6882f7dcf1844d","name":"Enrique D\u00edaz","image":{"@type":"ImageObject","inLanguage":"es","@id":"https:\/\/secure.gravatar.com\/avatar\/7ca10be5325a95d04b74082d68ba605aa69611eb0f68f47096cb1bc349873284?s=96&d=mm&r=g","url":"https:\/\/secure.gravatar.com\/avatar\/7ca10be5325a95d04b74082d68ba605aa69611eb0f68f47096cb1bc349873284?s=96&d=mm&r=g","contentUrl":"https:\/\/secure.gravatar.com\/avatar\/7ca10be5325a95d04b74082d68ba605aa69611eb0f68f47096cb1bc349873284?s=96&d=mm&r=g","caption":"Enrique D\u00edaz"},"description":"Naci\u00f3 en Huandacareo, Michoac\u00e1n, M\u00e9xico, en 1952. Realiz\u00f3 sus estudios de Filosof\u00eda y Teolog\u00eda en el Seminario de Morelia. Ordenado di\u00e1cono el 22 de mayo de 1977, y presb\u00edtero el 23 de octubre del mismo a\u00f1o. Obtuvo la Licenciatura en Sagrada Escritura en el Pontificio Instituto B\u00edblico en Roma. Ha desarrollado m\u00faltiples encargos pastorales como el de capell\u00e1n de la rector\u00eda de las Tres Aves Mar\u00edas; responsable de la Pastoral B\u00edblica Diocesana y director de la Escuela B\u00edblica en Morelia; maestro de Biblia en el Seminario Conciliar de Morelia, p\u00e1rroco de la Parroquia de Nuestra Se\u00f1ora de Guadalupe, Col. Guadalupe, Morelia; o vicario episcopal para la Zona de Nuestra Se\u00f1ora de la Luz, P\u00e1tzcuaro. Ordenado obispo auxiliar de san Crist\u00f3bal de las Casas en 2003. En la Conferencia Episcopal form\u00f3 parte de las Comisiones de Biblia, Diaconado y Ministerios Laicales. Fue responsable de las Dimensiones de Ministerios Laicales, de Educaci\u00f3n y Cultura. Ha participado en encuentros latinoamericanos y mundiales sobre el Diaconado Permanente. Actualmente es el responsable de la Dimensi\u00f3n de Pastoral de la Cultura. Particip\u00f3 como Miembro del S\u00ednodo de Obispos sobre la Palabra de Dios en la Vida y Misi\u00f3n de la Iglesia en Roma, en 2008. Recibi\u00f3 el nombramiento de obispo coadjutor de San Crist\u00f3bal de las Casas en 2014. Nombrado II obispo de Irapuato el d\u00eda 11 de marzo, tom\u00f3 posesi\u00f3n el 19 de Mayo. Colabora en varias revistas y publicaciones sobre todo con la reflexi\u00f3n diaria y dominical tanto en audio como escrita.","url":"https:\/\/exaudi.org\/es\/author\/enriquediaz\/"}]}},"jetpack_featured_media_url":"https:\/\/exaudi.org\/wp-content\/uploads\/2026\/02\/geralt-hand-3452582_1920.jpg","jetpack_shortlink":"https:\/\/wp.me\/pgKjF2-F3I","_links":{"self":[{"href":"https:\/\/exaudi.org\/es\/wp-json\/wp\/v2\/posts\/157834","targetHints":{"allow":["GET"]}}],"collection":[{"href":"https:\/\/exaudi.org\/es\/wp-json\/wp\/v2\/posts"}],"about":[{"href":"https:\/\/exaudi.org\/es\/wp-json\/wp\/v2\/types\/post"}],"author":[{"embeddable":true,"href":"https:\/\/exaudi.org\/es\/wp-json\/wp\/v2\/users\/25"}],"replies":[{"embeddable":true,"href":"https:\/\/exaudi.org\/es\/wp-json\/wp\/v2\/comments?post=157834"}],"version-history":[{"count":3,"href":"https:\/\/exaudi.org\/es\/wp-json\/wp\/v2\/posts\/157834\/revisions"}],"predecessor-version":[{"id":157840,"href":"https:\/\/exaudi.org\/es\/wp-json\/wp\/v2\/posts\/157834\/revisions\/157840"}],"wp:featuredmedia":[{"embeddable":true,"href":"https:\/\/exaudi.org\/es\/wp-json\/wp\/v2\/media\/157837"}],"wp:attachment":[{"href":"https:\/\/exaudi.org\/es\/wp-json\/wp\/v2\/media?parent=157834"}],"wp:term":[{"taxonomy":"category","embeddable":true,"href":"https:\/\/exaudi.org\/es\/wp-json\/wp\/v2\/categories?post=157834"},{"taxonomy":"post_tag","embeddable":true,"href":"https:\/\/exaudi.org\/es\/wp-json\/wp\/v2\/tags?post=157834"}],"curies":[{"name":"wp","href":"https:\/\/api.w.org\/{rel}","templated":true}]}}