{"id":15707,"date":"2021-05-07T13:18:49","date_gmt":"2021-05-07T11:18:49","guid":{"rendered":"https:\/\/exaudi.org\/?p=15707"},"modified":"2021-05-07T13:47:54","modified_gmt":"2021-05-07T11:47:54","slug":"colombia-obispos-rezar-paz","status":"publish","type":"post","link":"https:\/\/exaudi.org\/es\/colombia-obispos-rezar-paz\/","title":{"rendered":"Colombia: Obispos animan a rezar por la paz"},"content":{"rendered":"<p>Ante la <a href=\"https:\/\/exaudi.org\/es\/colombia-obispos-convocan-jornada-de-oracion-por-la-paz\/\" target=\"_blank\" rel=\"noopener noreferrer\">jornada de oraci\u00f3n por la paz<\/a> y la reconciliaci\u00f3n celebrada hoy, 7 de mayo de 2021, los obispos de Colombia animan, a trav\u00e9s de distintos comunicados a participar en ella y a no perder la esperanza.<\/p>\n<p>Debido a las actuales circunstancias del pa\u00eds, los prelados de las distintas circunscripciones eclesi\u00e1sticas se han ido uniendo de manera sinodal al llamado \u201curgente y clamoroso: \u00a1Que se detenga, por el bien de todos, la espiral de violencia y el c\u00edrculo de muerte que se est\u00e1n impulsando!\u201d, realizado por la Conferencia Episcopal de Colombia (CEC).<\/p>\n<h4><strong><img loading=\"lazy\" decoding=\"async\" class=\"size-medium wp-image-15715 alignleft\" src=\"https:\/\/exaudi.org\/wp-content\/uploads\/2021\/05\/Oracion-por-Colombia-232x300.jpg\" alt=\"\" width=\"232\" height=\"300\" srcset=\"https:\/\/exaudi.org\/wp-content\/uploads\/2021\/05\/Oracion-por-Colombia-232x300.jpg 232w, https:\/\/exaudi.org\/wp-content\/uploads\/2021\/05\/Oracion-por-Colombia-150x194.jpg 150w, https:\/\/exaudi.org\/wp-content\/uploads\/2021\/05\/Oracion-por-Colombia-300x388.jpg 300w, https:\/\/exaudi.org\/wp-content\/uploads\/2021\/05\/Oracion-por-Colombia-696x900.jpg 696w, https:\/\/exaudi.org\/wp-content\/uploads\/2021\/05\/Oracion-por-Colombia-325x420.jpg 325w, https:\/\/exaudi.org\/wp-content\/uploads\/2021\/05\/Oracion-por-Colombia.jpg 700w\" sizes=\"auto, (max-width: 232px) 100vw, 232px\" \/>Acompa\u00f1amiento de la Iglesia<\/strong><\/h4>\n<p>En estos mensajes, tal y como indica una nota del episcopado, \u201cimpregnados por el deseo de la reconciliaci\u00f3n, se visibiliza la acci\u00f3n de acompa\u00f1amiento que la Iglesia est\u00e1 adelantando en las diferentes regiones del pa\u00eds con el fin de aportar, desde el magisterio y la doctrina social de la Iglesia, para avanzar por caminos que ponga fin a este momento de incertidumbre que vive nuestra naci\u00f3n\u201d.<\/p>\n<p>Del mismo modo, animan \u201ca todos los cat\u00f3licos y personas de buen coraz\u00f3n para que este viernes 7 de mayo se unan a una jornada de oraci\u00f3n por Colombia, que se realizar\u00e1 de acuerdo a los horarios programados por las parroquias en cada ciudad\u201d.<\/p>\n<p>A continuaci\u00f3n, se exponen algunos de los mensajes que han llegado al Secretariado Permanente del Episcopado Colombiano (SPEC) y enlaces a los mismos, compartidos por la CEC.<\/p>\n<h4><strong>Arquidi\u00f3cesis de Bogot\u00e1<\/strong><\/h4>\n<p>\u201cEn medio del ambiente caldeado por el que estamos pasando, es necesario no perder la esperanza que las cosas pueden mejorar, si hay verdadera actitud de di\u00e1logo, capaz de derrumbar los muros que nos dividen, por medio de la escucha y del aprendizaje rec\u00edproco (\u2026)\u201d . Comunicado completo <a href=\"https:\/\/www.cec.org.co\/sites\/default\/files\/Arq-Bogota-Comunicado-009-realidad-pais.pdf\" target=\"_blank\" rel=\"noopener noreferrer\">AQU\u00cd<\/a>. Invitaci\u00f3n a Jornada de oraci\u00f3n <a href=\"https:\/\/www.cec.org.co\/sites\/default\/files\/Arq-Bogota-Comunicado%20010-invitacion-jornada.pdf\" target=\"_blank\" rel=\"noopener noreferrer\">AQU\u00cd<\/a>. Video de invitaci\u00f3n <a href=\"https:\/\/www.youtube.com\/watch?v=Mfuk7NY_CkY\" target=\"_blank\" rel=\"noopener noreferrer\">AQU\u00cd<\/a>.<\/p>\n<h4><strong>Arquidi\u00f3cesis de Cali<\/strong><\/h4>\n<p>\u201cAnte la petici\u00f3n de diversos sectores movilizados en las protestas nacionales, de la comunidad internacional y del Ministerio P\u00fablico representado en la Procuradur\u00eda, la Personer\u00eda, la Defensor\u00eda del Pueblo y de varios \u00f3rganos de la sociedad se informa a la comunidad en general que el arzobispo de Cali, monse\u00f1or Dar\u00edo de Jes\u00fas Monsalve Mej\u00eda, ha propuesto crear una Comisi\u00f3n Humanitaria que permita superar este momento tan dif\u00edcil para nuestra sociedad y los municipios que conforman la arquidi\u00f3cesis (\u2026)\u201d. Comunicado completo <a href=\"https:\/\/www.cec.org.co\/sites\/default\/files\/Comunicado-arz-Cali-comision-humanitaria-paro.pdf\" target=\"_blank\" rel=\"noopener noreferrer\">AQU\u00cd<\/a>.<\/p>\n<h4><strong>Arquidi\u00f3cesis de Ibagu\u00e9<\/strong><\/h4>\n<p>\u201cLa Arquidi\u00f3cesis de Ibagu\u00e9, se une a la Conferencia Episcopal de Colombia que, ante \u201cla situaci\u00f3n cr\u00edtica de agitaci\u00f3n social que se est\u00e1 presentando en diversas ciudades del pa\u00eds\u201d nos invita a promover una Jornada de oraci\u00f3n por la paz de nuestra naci\u00f3n (&#8230;)\u201d. Comunicado completo <a href=\"https:\/\/www.cec.org.co\/sites\/default\/files\/Comunicado-arz-ibague-jornada-oracion-paro.pdf\" target=\"_blank\" rel=\"noopener noreferrer\">AQU\u00cd<\/a>.<\/p>\n<h4><strong>Arquidi\u00f3cesis de Tunja<\/strong><\/h4>\n<p>\u201cLa arquidi\u00f3cesis de Tunja, acogiendo la solicitud de la Conferencia Episcopal de Colombia, que ha sugerido \u201cante la situaci\u00f3n cr\u00edtica de agitaci\u00f3n social que se est\u00e1 presentando en diversas ciudades del pa\u00eds\u201d, se promueva una jornada de oraci\u00f3n por la paz en nuestra Patria (&#8230;) Comunicado completo AQU\u00cd. Ver video de invitaci\u00f3n <a href=\"https:\/\/youtu.be\/Ijbjr3UXiBc\" target=\"_blank\" rel=\"noopener noreferrer\">AQU\u00cd<\/a>.<\/p>\n<h4><strong>Di\u00f3cesis de Apartad\u00f3<\/strong><\/h4>\n<p>\u201cEl presente mensaje se emite con el fin de convocar a todas las parroquias pertenecientes a la Di\u00f3cesis de Apartad\u00f3 a movilizar la valent\u00eda creativa para orar por la paz de Colombia, el fin de la pandemia por la Covid-19 y la consagraci\u00f3n de todas las familias a la Virgen Mar\u00eda (&#8230;)\u201d. Comunicado\u00a0completo\u00a0<a href=\"https:\/\/www.cec.org.co\/sites\/default\/files\/Dioc-Apartado-situaci%C3%B3n-pais-jornada-oracion.pdf\" target=\"_blank\" rel=\"noopener noreferrer\">AQU\u00cd<\/a>.<\/p>\n<h4><strong>Di\u00f3cesis de Armenia<\/strong><\/h4>\n<p>\u201cAnte la situaci\u00f3n que atraviesa Colombia, Monse\u00f1or Carlos Arturo Quintero G\u00f3mez, como Padre y Pastor de la Iglesia Cat\u00f3lica en el Quind\u00edo, juntamente con el Clero Diocesano entrega su meditaci\u00f3n al pueblo quindiano y colombiano sobre las manifestaciones que se han vivido, tanto en nuestro Departamento como en el Pa\u00eds (&#8230;)\u201d. Comunicado completo <a href=\"https:\/\/www.cec.org.co\/sites\/default\/files\/Dioc-Armenia-Comunicado-paro-nacional.pdf\" target=\"_blank\" rel=\"noopener noreferrer\">AQU\u00cd.<\/a><\/p>\n<h4><strong>Di\u00f3cesis de Barrancabermeja<\/strong><\/h4>\n<p>Invitaci\u00f3n de monse\u00f1or Ovidio Giraldo Vel\u00e1squez, Obispo Di\u00f3cesis de Barrancabermeja, para participar en la Jornada de oraci\u00f3n por Colombia y pidiendo adem\u00e1s por el fin de la pandemia Ver video <a href=\"https:\/\/fb.watch\/5k0QDb_Azs\/\" target=\"_blank\" rel=\"noopener noreferrer\">AQU\u00cd<\/a>.<\/p>\n<h4><strong>Di\u00f3cesis de Buga<\/strong><\/h4>\n<p>\u201cCon profundo dolor hemos visto en estos d\u00edas una situaci\u00f3n que afecta gravemente a nuestra Patria y en particular a nuestro departamento y la ciudad de Buga.\u00a0 As\u00ed mismo, vemos que los acuerdos que se hab\u00edan hecho desde la Mesa T\u00e9cnica Municipal de la cual hacemos parte, en la que se habla del corredor humanitario y la intervenci\u00f3n del Esmad, se han incumplido (\u2026)\u201d. Comunicado completo\u00a0<a href=\"https:\/\/www.cec.org.co\/sites\/default\/files\/Comunicado%20de%20la%20Di%C3%B3cesis%20de%20Buga%20ante%20la%20situaci%C3%B3n%20de%20violencia.pdf\" target=\"_blank\" rel=\"noopener noreferrer\">AQU\u00cd<\/a>.<\/p>\n<h4><strong>Di\u00f3cesis de Istimina<\/strong><\/h4>\n<p>\u201cAtendemos la invitaci\u00f3n de la Conferencia Episcopal de Colombia y ma\u00f1ana, en todas las parroquias e instituciones cat\u00f3licas de la di\u00f3cesis, realizaremos la Jornada de oraci\u00f3n por Colombia (\u2026)\u201d. \u201cNuestra Colombia est\u00e1 peligrosamente polarizada y f\u00e1cilmente nosotros, los ministros sagrados, las religiosas, los religiosos, los seminaristas, los catequistas, los animadores de la fe, los testigos del Evangelio de Cristo, podemos caer en la trampa de servir, equivocadamente, a una determinada ideolog\u00eda y alimentar as\u00ed, a\u00fan m\u00e1s, la polarizaci\u00f3n (\u2026)\u201d. Comunicado completo\u00a0<a href=\"https:\/\/www.cec.org.co\/sites\/default\/files\/Dioc-istmina-jornada-oracion.pdf\" target=\"_blank\" rel=\"noopener noreferrer\">AQU\u00cd<\/a>.<\/p>\n<h4><strong>Di\u00f3cesis de Quibd\u00f3<\/strong><\/h4>\n<p>Ante la convocatoria de la Conferencia Episcopal, en la cual se nos invita a una \u2018Jornada de oraci\u00f3n el viernes 7 de mayo, primer viernes de mes, dedicado al Coraz\u00f3n de Jes\u00fas, pues la paz es un don de Dios y una tarea nuestra\u2019, desde la di\u00f3cesis de Quibd\u00f3, seg\u00fan programaci\u00f3n de cada parroquia, oraremos para que cesen: La inequidad social que hace de Colombia uno de los diez pa\u00edses m\u00e1s desiguales del mundo (\u2026)\u201d. Comunicado completo <a href=\"https:\/\/www.cec.org.co\/sites\/default\/files\/Convocatoria%20a%20jornada%20de%20oraci%C3%B3n%20por%20la%20justicia%20social%20y%20la%20paz%20de%20Colombia%20%281%29.pdf\" target=\"_blank\" rel=\"noopener noreferrer\">AQU\u00cd<\/a>.<\/p>\n<h4><strong>Di\u00f3cesis de Yopal<\/strong><\/h4>\n<p>Comunicado completo\u00a0<a href=\"https:\/\/www.cec.org.co\/sites\/default\/files\/Dioc-yopal-Comunicado-jornada-oracion-paro.pdf\" target=\"_blank\" rel=\"noopener noreferrer\">AQU\u00cd <\/a>.<\/p>\n<h4><strong>Mensaje de los obispos de Nari\u00f1o<\/strong><\/h4>\n<p>\u201cEl clamor de justicia social se eleva en la manifestaci\u00f3n social que vive Colombia, reclama el respeto del valor supremo de la vida, de los bienes p\u00fablicos y privados y la defensa de los derechos humanos. La noble aspiraci\u00f3n de una mejor naci\u00f3n es una tarea con mirada de futuro abierto a la esperanza: es una labor artesanal (&#8230;)\u201d. Comunicado completo\u00a0<a href=\"https:\/\/www.cec.org.co\/sites\/default\/files\/Comunicado-obispos-narino-realidad-pais_1.pdf\" target=\"_blank\" rel=\"noopener noreferrer\">AQU\u00cd<\/a>.<\/p>\n","protected":false},"excerpt":{"rendered":"<p>Hoy, 7 de mayo<\/p>\n","protected":false},"author":5,"featured_media":15719,"comment_status":"open","ping_status":"open","sticky":false,"template":"","format":"standard","meta":{"_acf_changed":false,"_crdt_document":"","inline_featured_image":false,"footnotes":""},"categories":[86,94,298],"tags":[724,602,676,625],"class_list":["post-15707","post","type-post","status-publish","format-standard","has-post-thumbnail","hentry","category-iglesia-local","category-justicia-y-paz","category-ultimas-noticias","tag-colombia","tag-obispos","tag-oracion","tag-paz"],"acf":[],"yoast_head":"<!-- This site is optimized with the Yoast SEO plugin v27.5 - https:\/\/yoast.com\/product\/yoast-seo-wordpress\/ -->\n<title>Colombia: Obispos animan a rezar por la paz &#8211; Exaudi<\/title>\n<meta name=\"description\" content=\"Colombia: Los obispos animan a participar en la jornada de oraci\u00f3n por la paz y la reconciliaci\u00f3n celebrada hoy, 7 de mayo de 2021\" \/>\n<meta name=\"robots\" content=\"index, follow, max-snippet:-1, max-image-preview:large, max-video-preview:-1\" \/>\n<link rel=\"canonical\" href=\"https:\/\/exaudi.org\/es\/colombia-obispos-rezar-paz\/\" \/>\n<meta property=\"og:locale\" content=\"es_ES\" \/>\n<meta property=\"og:type\" content=\"article\" \/>\n<meta property=\"og:title\" content=\"Colombia: Obispos animan a rezar por la paz &#8211; Exaudi\" \/>\n<meta property=\"og:description\" content=\"Colombia: Los obispos animan a participar en la jornada de oraci\u00f3n por la paz y la reconciliaci\u00f3n celebrada hoy, 7 de mayo de 2021\" \/>\n<meta property=\"og:url\" content=\"https:\/\/exaudi.org\/es\/colombia-obispos-rezar-paz\/\" \/>\n<meta property=\"og:site_name\" content=\"Exaudi\" \/>\n<meta property=\"article:publisher\" content=\"https:\/\/www.facebook.com\/ExaudiNews\" \/>\n<meta property=\"article:published_time\" content=\"2021-05-07T11:18:49+00:00\" \/>\n<meta property=\"article:modified_time\" content=\"2021-05-07T11:47:54+00:00\" \/>\n<meta property=\"og:image\" content=\"https:\/\/exaudi.org\/wp-content\/uploads\/2021\/05\/cathopic_1521082244666544-scaled.jpg\" \/>\n\t<meta property=\"og:image:width\" content=\"2560\" \/>\n\t<meta property=\"og:image:height\" content=\"1707\" \/>\n\t<meta property=\"og:image:type\" content=\"image\/jpeg\" \/>\n<meta name=\"author\" content=\"Larissa I. L\u00f3pez\" \/>\n<meta name=\"twitter:card\" content=\"summary_large_image\" \/>\n<meta name=\"twitter:creator\" content=\"@Exaudi_News\" \/>\n<meta name=\"twitter:site\" content=\"@Exaudi_News\" \/>\n<meta name=\"twitter:label1\" content=\"Escrito por\" \/>\n\t<meta name=\"twitter:data1\" content=\"Larissa I. L\u00f3pez\" \/>\n\t<meta name=\"twitter:label2\" content=\"Tiempo de lectura\" \/>\n\t<meta name=\"twitter:data2\" content=\"5 minutos\" \/>\n<script type=\"application\/ld+json\" class=\"yoast-schema-graph\">{\"@context\":\"https:\\\/\\\/schema.org\",\"@graph\":[{\"@type\":\"Article\",\"@id\":\"https:\\\/\\\/exaudi.org\\\/es\\\/colombia-obispos-rezar-paz\\\/#article\",\"isPartOf\":{\"@id\":\"https:\\\/\\\/exaudi.org\\\/es\\\/colombia-obispos-rezar-paz\\\/\"},\"author\":{\"name\":\"Larissa I. L\u00f3pez\",\"@id\":\"https:\\\/\\\/exaudi.org\\\/#\\\/schema\\\/person\\\/7d2f77db033c2c0929edfab6dbe8c588\"},\"headline\":\"Colombia: Obispos animan a rezar por la paz\",\"datePublished\":\"2021-05-07T11:18:49+00:00\",\"dateModified\":\"2021-05-07T11:47:54+00:00\",\"mainEntityOfPage\":{\"@id\":\"https:\\\/\\\/exaudi.org\\\/es\\\/colombia-obispos-rezar-paz\\\/\"},\"wordCount\":1041,\"commentCount\":0,\"image\":{\"@id\":\"https:\\\/\\\/exaudi.org\\\/es\\\/colombia-obispos-rezar-paz\\\/#primaryimage\"},\"thumbnailUrl\":\"https:\\\/\\\/exaudi.org\\\/wp-content\\\/uploads\\\/2021\\\/05\\\/cathopic_1521082244666544-scaled.jpg\",\"keywords\":[\"Colombia\",\"obispos\",\"Oraci\u00f3n\",\"Paz\"],\"articleSection\":[\"Iglesia Local\",\"Justicia y Paz\",\"\u00daltimas noticias\"],\"inLanguage\":\"es\",\"potentialAction\":[{\"@type\":\"CommentAction\",\"name\":\"Comment\",\"target\":[\"https:\\\/\\\/exaudi.org\\\/es\\\/colombia-obispos-rezar-paz\\\/#respond\"]}]},{\"@type\":\"WebPage\",\"@id\":\"https:\\\/\\\/exaudi.org\\\/es\\\/colombia-obispos-rezar-paz\\\/\",\"url\":\"https:\\\/\\\/exaudi.org\\\/es\\\/colombia-obispos-rezar-paz\\\/\",\"name\":\"Colombia: Obispos animan a rezar por la paz &#8211; Exaudi\",\"isPartOf\":{\"@id\":\"https:\\\/\\\/exaudi.org\\\/#website\"},\"primaryImageOfPage\":{\"@id\":\"https:\\\/\\\/exaudi.org\\\/es\\\/colombia-obispos-rezar-paz\\\/#primaryimage\"},\"image\":{\"@id\":\"https:\\\/\\\/exaudi.org\\\/es\\\/colombia-obispos-rezar-paz\\\/#primaryimage\"},\"thumbnailUrl\":\"https:\\\/\\\/exaudi.org\\\/wp-content\\\/uploads\\\/2021\\\/05\\\/cathopic_1521082244666544-scaled.jpg\",\"datePublished\":\"2021-05-07T11:18:49+00:00\",\"dateModified\":\"2021-05-07T11:47:54+00:00\",\"author\":{\"@id\":\"https:\\\/\\\/exaudi.org\\\/#\\\/schema\\\/person\\\/7d2f77db033c2c0929edfab6dbe8c588\"},\"description\":\"Colombia: Los obispos animan a participar en la jornada de oraci\u00f3n por la paz y la reconciliaci\u00f3n celebrada hoy, 7 de mayo de 2021\",\"breadcrumb\":{\"@id\":\"https:\\\/\\\/exaudi.org\\\/es\\\/colombia-obispos-rezar-paz\\\/#breadcrumb\"},\"inLanguage\":\"es\",\"potentialAction\":[{\"@type\":\"ReadAction\",\"target\":[\"https:\\\/\\\/exaudi.org\\\/es\\\/colombia-obispos-rezar-paz\\\/\"]}]},{\"@type\":\"ImageObject\",\"inLanguage\":\"es\",\"@id\":\"https:\\\/\\\/exaudi.org\\\/es\\\/colombia-obispos-rezar-paz\\\/#primaryimage\",\"url\":\"https:\\\/\\\/exaudi.org\\\/wp-content\\\/uploads\\\/2021\\\/05\\\/cathopic_1521082244666544-scaled.jpg\",\"contentUrl\":\"https:\\\/\\\/exaudi.org\\\/wp-content\\\/uploads\\\/2021\\\/05\\\/cathopic_1521082244666544-scaled.jpg\",\"width\":2560,\"height\":1707,\"caption\":\"Oraci\u00f3n \u00a9 Cathopic. Roberto Castillo\"},{\"@type\":\"BreadcrumbList\",\"@id\":\"https:\\\/\\\/exaudi.org\\\/es\\\/colombia-obispos-rezar-paz\\\/#breadcrumb\",\"itemListElement\":[{\"@type\":\"ListItem\",\"position\":1,\"name\":\"Portada\",\"item\":\"https:\\\/\\\/exaudi.org\\\/es\\\/\"},{\"@type\":\"ListItem\",\"position\":2,\"name\":\"Colombia: Obispos animan a rezar por la paz\"}]},{\"@type\":\"WebSite\",\"@id\":\"https:\\\/\\\/exaudi.org\\\/#website\",\"url\":\"https:\\\/\\\/exaudi.org\\\/\",\"name\":\"Exaudi\",\"description\":\"News\",\"potentialAction\":[{\"@type\":\"SearchAction\",\"target\":{\"@type\":\"EntryPoint\",\"urlTemplate\":\"https:\\\/\\\/exaudi.org\\\/?s={search_term_string}\"},\"query-input\":{\"@type\":\"PropertyValueSpecification\",\"valueRequired\":true,\"valueName\":\"search_term_string\"}}],\"inLanguage\":\"es\"},{\"@type\":\"Person\",\"@id\":\"https:\\\/\\\/exaudi.org\\\/#\\\/schema\\\/person\\\/7d2f77db033c2c0929edfab6dbe8c588\",\"name\":\"Larissa I. L\u00f3pez\",\"image\":{\"@type\":\"ImageObject\",\"inLanguage\":\"es\",\"@id\":\"https:\\\/\\\/secure.gravatar.com\\\/avatar\\\/db3ef399ff343d0bb9d25dc5198bc8ece5ac6d621eca79876697a354dabc1e3f?s=96&d=mm&r=g\",\"url\":\"https:\\\/\\\/secure.gravatar.com\\\/avatar\\\/db3ef399ff343d0bb9d25dc5198bc8ece5ac6d621eca79876697a354dabc1e3f?s=96&d=mm&r=g\",\"contentUrl\":\"https:\\\/\\\/secure.gravatar.com\\\/avatar\\\/db3ef399ff343d0bb9d25dc5198bc8ece5ac6d621eca79876697a354dabc1e3f?s=96&d=mm&r=g\",\"caption\":\"Larissa I. L\u00f3pez\"},\"description\":\"Doctora en Comunicaci\u00f3n. Mi trayectoria profesional ha transcurrido entre el \u00e1mbito de la comunicaci\u00f3n y el de la docencia. En los \u00faltimos a\u00f1os, he trabajado como coordinadora y redactora de la edici\u00f3n de ZENIT en espa\u00f1ol. Como profesora, he impartido clases en la universidad y en centros de FP y bachillerato. Cordobesa de nacimiento, tambi\u00e9n he vivido en Sevilla, Madrid y Roma\",\"url\":\"https:\\\/\\\/exaudi.org\\\/es\\\/author\\\/llopezexaudi-org\\\/\"}]}<\/script>\n<!-- \/ Yoast SEO plugin. -->","yoast_head_json":{"title":"Colombia: Obispos animan a rezar por la paz &#8211; Exaudi","description":"Colombia: Los obispos animan a participar en la jornada de oraci\u00f3n por la paz y la reconciliaci\u00f3n celebrada hoy, 7 de mayo de 2021","robots":{"index":"index","follow":"follow","max-snippet":"max-snippet:-1","max-image-preview":"max-image-preview:large","max-video-preview":"max-video-preview:-1"},"canonical":"https:\/\/exaudi.org\/es\/colombia-obispos-rezar-paz\/","og_locale":"es_ES","og_type":"article","og_title":"Colombia: Obispos animan a rezar por la paz &#8211; Exaudi","og_description":"Colombia: Los obispos animan a participar en la jornada de oraci\u00f3n por la paz y la reconciliaci\u00f3n celebrada hoy, 7 de mayo de 2021","og_url":"https:\/\/exaudi.org\/es\/colombia-obispos-rezar-paz\/","og_site_name":"Exaudi","article_publisher":"https:\/\/www.facebook.com\/ExaudiNews","article_published_time":"2021-05-07T11:18:49+00:00","article_modified_time":"2021-05-07T11:47:54+00:00","og_image":[{"width":2560,"height":1707,"url":"https:\/\/exaudi.org\/wp-content\/uploads\/2021\/05\/cathopic_1521082244666544-scaled.jpg","type":"image\/jpeg"}],"author":"Larissa I. L\u00f3pez","twitter_card":"summary_large_image","twitter_creator":"@Exaudi_News","twitter_site":"@Exaudi_News","twitter_misc":{"Escrito por":"Larissa I. L\u00f3pez","Tiempo de lectura":"5 minutos"},"schema":{"@context":"https:\/\/schema.org","@graph":[{"@type":"Article","@id":"https:\/\/exaudi.org\/es\/colombia-obispos-rezar-paz\/#article","isPartOf":{"@id":"https:\/\/exaudi.org\/es\/colombia-obispos-rezar-paz\/"},"author":{"name":"Larissa I. L\u00f3pez","@id":"https:\/\/exaudi.org\/#\/schema\/person\/7d2f77db033c2c0929edfab6dbe8c588"},"headline":"Colombia: Obispos animan a rezar por la paz","datePublished":"2021-05-07T11:18:49+00:00","dateModified":"2021-05-07T11:47:54+00:00","mainEntityOfPage":{"@id":"https:\/\/exaudi.org\/es\/colombia-obispos-rezar-paz\/"},"wordCount":1041,"commentCount":0,"image":{"@id":"https:\/\/exaudi.org\/es\/colombia-obispos-rezar-paz\/#primaryimage"},"thumbnailUrl":"https:\/\/exaudi.org\/wp-content\/uploads\/2021\/05\/cathopic_1521082244666544-scaled.jpg","keywords":["Colombia","obispos","Oraci\u00f3n","Paz"],"articleSection":["Iglesia Local","Justicia y Paz","\u00daltimas noticias"],"inLanguage":"es","potentialAction":[{"@type":"CommentAction","name":"Comment","target":["https:\/\/exaudi.org\/es\/colombia-obispos-rezar-paz\/#respond"]}]},{"@type":"WebPage","@id":"https:\/\/exaudi.org\/es\/colombia-obispos-rezar-paz\/","url":"https:\/\/exaudi.org\/es\/colombia-obispos-rezar-paz\/","name":"Colombia: Obispos animan a rezar por la paz &#8211; Exaudi","isPartOf":{"@id":"https:\/\/exaudi.org\/#website"},"primaryImageOfPage":{"@id":"https:\/\/exaudi.org\/es\/colombia-obispos-rezar-paz\/#primaryimage"},"image":{"@id":"https:\/\/exaudi.org\/es\/colombia-obispos-rezar-paz\/#primaryimage"},"thumbnailUrl":"https:\/\/exaudi.org\/wp-content\/uploads\/2021\/05\/cathopic_1521082244666544-scaled.jpg","datePublished":"2021-05-07T11:18:49+00:00","dateModified":"2021-05-07T11:47:54+00:00","author":{"@id":"https:\/\/exaudi.org\/#\/schema\/person\/7d2f77db033c2c0929edfab6dbe8c588"},"description":"Colombia: Los obispos animan a participar en la jornada de oraci\u00f3n por la paz y la reconciliaci\u00f3n celebrada hoy, 7 de mayo de 2021","breadcrumb":{"@id":"https:\/\/exaudi.org\/es\/colombia-obispos-rezar-paz\/#breadcrumb"},"inLanguage":"es","potentialAction":[{"@type":"ReadAction","target":["https:\/\/exaudi.org\/es\/colombia-obispos-rezar-paz\/"]}]},{"@type":"ImageObject","inLanguage":"es","@id":"https:\/\/exaudi.org\/es\/colombia-obispos-rezar-paz\/#primaryimage","url":"https:\/\/exaudi.org\/wp-content\/uploads\/2021\/05\/cathopic_1521082244666544-scaled.jpg","contentUrl":"https:\/\/exaudi.org\/wp-content\/uploads\/2021\/05\/cathopic_1521082244666544-scaled.jpg","width":2560,"height":1707,"caption":"Oraci\u00f3n \u00a9 Cathopic. Roberto Castillo"},{"@type":"BreadcrumbList","@id":"https:\/\/exaudi.org\/es\/colombia-obispos-rezar-paz\/#breadcrumb","itemListElement":[{"@type":"ListItem","position":1,"name":"Portada","item":"https:\/\/exaudi.org\/es\/"},{"@type":"ListItem","position":2,"name":"Colombia: Obispos animan a rezar por la paz"}]},{"@type":"WebSite","@id":"https:\/\/exaudi.org\/#website","url":"https:\/\/exaudi.org\/","name":"Exaudi","description":"News","potentialAction":[{"@type":"SearchAction","target":{"@type":"EntryPoint","urlTemplate":"https:\/\/exaudi.org\/?s={search_term_string}"},"query-input":{"@type":"PropertyValueSpecification","valueRequired":true,"valueName":"search_term_string"}}],"inLanguage":"es"},{"@type":"Person","@id":"https:\/\/exaudi.org\/#\/schema\/person\/7d2f77db033c2c0929edfab6dbe8c588","name":"Larissa I. L\u00f3pez","image":{"@type":"ImageObject","inLanguage":"es","@id":"https:\/\/secure.gravatar.com\/avatar\/db3ef399ff343d0bb9d25dc5198bc8ece5ac6d621eca79876697a354dabc1e3f?s=96&d=mm&r=g","url":"https:\/\/secure.gravatar.com\/avatar\/db3ef399ff343d0bb9d25dc5198bc8ece5ac6d621eca79876697a354dabc1e3f?s=96&d=mm&r=g","contentUrl":"https:\/\/secure.gravatar.com\/avatar\/db3ef399ff343d0bb9d25dc5198bc8ece5ac6d621eca79876697a354dabc1e3f?s=96&d=mm&r=g","caption":"Larissa I. L\u00f3pez"},"description":"Doctora en Comunicaci\u00f3n. Mi trayectoria profesional ha transcurrido entre el \u00e1mbito de la comunicaci\u00f3n y el de la docencia. En los \u00faltimos a\u00f1os, he trabajado como coordinadora y redactora de la edici\u00f3n de ZENIT en espa\u00f1ol. Como profesora, he impartido clases en la universidad y en centros de FP y bachillerato. Cordobesa de nacimiento, tambi\u00e9n he vivido en Sevilla, Madrid y Roma","url":"https:\/\/exaudi.org\/es\/author\/llopezexaudi-org\/"}]}},"jetpack_featured_media_url":"https:\/\/exaudi.org\/wp-content\/uploads\/2021\/05\/cathopic_1521082244666544-scaled.jpg","jetpack_shortlink":"https:\/\/wp.me\/pgKjF2-45l","_links":{"self":[{"href":"https:\/\/exaudi.org\/es\/wp-json\/wp\/v2\/posts\/15707","targetHints":{"allow":["GET"]}}],"collection":[{"href":"https:\/\/exaudi.org\/es\/wp-json\/wp\/v2\/posts"}],"about":[{"href":"https:\/\/exaudi.org\/es\/wp-json\/wp\/v2\/types\/post"}],"author":[{"embeddable":true,"href":"https:\/\/exaudi.org\/es\/wp-json\/wp\/v2\/users\/5"}],"replies":[{"embeddable":true,"href":"https:\/\/exaudi.org\/es\/wp-json\/wp\/v2\/comments?post=15707"}],"version-history":[{"count":0,"href":"https:\/\/exaudi.org\/es\/wp-json\/wp\/v2\/posts\/15707\/revisions"}],"wp:featuredmedia":[{"embeddable":true,"href":"https:\/\/exaudi.org\/es\/wp-json\/wp\/v2\/media\/15719"}],"wp:attachment":[{"href":"https:\/\/exaudi.org\/es\/wp-json\/wp\/v2\/media?parent=15707"}],"wp:term":[{"taxonomy":"category","embeddable":true,"href":"https:\/\/exaudi.org\/es\/wp-json\/wp\/v2\/categories?post=15707"},{"taxonomy":"post_tag","embeddable":true,"href":"https:\/\/exaudi.org\/es\/wp-json\/wp\/v2\/tags?post=15707"}],"curies":[{"name":"wp","href":"https:\/\/api.w.org\/{rel}","templated":true}]}}