{"id":157048,"date":"2026-02-10T13:00:16","date_gmt":"2026-02-10T12:00:16","guid":{"rendered":"https:\/\/exaudi.org\/?p=157048"},"modified":"2026-02-11T10:27:10","modified_gmt":"2026-02-11T09:27:10","slug":"por-los-enfermos-nos-conoceran","status":"publish","type":"post","link":"https:\/\/exaudi.org\/es\/por-los-enfermos-nos-conoceran\/","title":{"rendered":"Por los ENFERMOS nos conocer\u00e1n"},"content":{"rendered":"<p>Anualmente, el 11 de febrero de cada a\u00f1o, el mundo celebra EL D\u00cdA DEL ENFERMO. La Iglesia cat\u00f3lica, con ocasi\u00f3n de esta fecha y desde hace 34 a\u00f1os, celebra esta Jornada Mundial con un mensaje del Papa que en este 2026 estar\u00e1 dedicado a reflexionar sobre:\u00a0<em>\u201cLa compasi\u00f3n del samaritano: amar llevando el dolor del otro<\/em>\u201d. Dicha Jornada tendr\u00e1 como epicentro la ciudad de Chiclayo en Per\u00fa, la Di\u00f3cesis sede del ministerio episcopal (de 2015 a 2023) del entonces Monse\u00f1or Robert Prevost, hoy Le\u00f3n XIV.<\/p>\n<p><iframe title=\"Spotify Embed: Por los ENFERMOS nos conocer\u00e1n \" style=\"border-radius: 12px\" width=\"100%\" height=\"152\" frameborder=\"0\" allowfullscreen allow=\"autoplay; clipboard-write; encrypted-media; fullscreen; picture-in-picture\" loading=\"lazy\" src=\"https:\/\/open.spotify.com\/embed\/episode\/26VeXry3SilXO7f3TbEBDO?si=be277c40e70149e7&amp;utm_source=oembed\"><\/iframe><\/p>\n<p>La Jornada Mundial del Enfermo, fue instituida por San Juan Pablo II en 1992, con el prop\u00f3sito de dedicar un espacio tiempo a la oraci\u00f3n, a la solidaridad, al acompa\u00f1amiento y a la reflexi\u00f3n sobre las carencias o dificultades que, en la salud, viven millones de seres humanos.<\/p>\n<p>Este a\u00f1o, con la celebraci\u00f3n solemne en Per\u00fa, el Papa convoca a la Iglesia y al mundo entero a volver la mirada hacia Am\u00e9rica Latina y como CEO de SOMOS\u00a0 Community Care, una organizaci\u00f3n al servicio de la salud de los habitantes de la ciudad de Nueva York, que coordina una red de m\u00e1s de 2500 m\u00e9dicos y sus cl\u00ednicas privadas, destinada, especialmente, a la atenci\u00f3n en salud de poblaci\u00f3n vulnerable e inmigrante, deseo compartir con ustedes unas reflexiones sobre la importancia de esta Jornada, la importancia de la salud y del enfermo en la sociedad y algunas lecciones que la figura del samaritano \u2013 desde la par\u00e1bola del evangelio \u2013 tiene para los creyentes en Cristo y para todo hombre y mujer de buena voluntad.<\/p>\n<p>La celebraci\u00f3n anual de la <strong>JORNADA MUNDIAL DEL ENFERMO<\/strong> tiene especial relevancia porque nos convoca a todos a una sensibilizaci\u00f3n sobre el tema de la salud, de la enfermedad, de los enfermos, de sus familias, del personal m\u00e9dico y de todos quienes se dedican al cuidado de los enfermos. Del mismo modo, esta Jornada contiene un llamamiento de sensibilizaci\u00f3n a todas las instituciones sociales sobre la urgente necesidad de asistir y acompa\u00f1ar, de todas las maneras requeridas y posibles, a los enfermos y a sus pr\u00f3ximos.<\/p>\n<p>Pero tambi\u00e9n, esta fecha, supone una valoraci\u00f3n sobre el sufrimiento humano que comporta toda enfermedad y a la necesaria b\u00fasqueda del sentido trascendente de la vida como tarea de todo ser humano y, muy especialmente, de quienes experimentan el padecimiento estando enfermos.<\/p>\n<p>El mensaje del Papa que, anualmente, acompa\u00f1a esta Jornada se constituye en una orientaci\u00f3n \u00e9tica, moral y pastoral para la Iglesia y para toda sociedad, con llamados a la oraci\u00f3n y a la acci\u00f3n, a superar la indiferencia y a promover la compasi\u00f3n y la solidaridad humana, teniendo en cuenta el valor de la vida, de la dignidad de la persona humana, la necesidad de las relaciones fraternas que combaten la soledad y el aislamiento y la esperanza como refugio y baluarte ante la tribulaci\u00f3n y la angustia. Todo esto, en medio de una sociedad del \u201cdescarte\u201d y del utilitarismo y materialismo inmisericorde.<\/p>\n<p><strong>LA SALUD<\/strong> no puede ser definida solamente, de modo simple y negativo, como la ausencia de enfermedad. La salud es mucho m\u00e1s: es la base sobre la que construimos nuestras existencias personales y familiares y nuestras vidas en comunidad. Por eso, la Organizaci\u00f3n Mundial de la Salud (OMS), la define como un <em>\u201cestado de completo bienestar f\u00edsico, mental y social\u201d.<\/em><\/p>\n<p>La salud para cada individuo se constituye en el motor de la existencia y en el recurso y tesoro m\u00e1s valioso que poseemos, pues, sin ella, todas los dem\u00e1s objetivos y aspiraciones humanas se convierten en imposibles, en quimeras.<\/p>\n<p>Gracias a la salud, los seres humanos gozamos de autonom\u00eda, de libertad, podemos alcanzar un desarrollo potencial, calidad de vida, \u00e9xito, longevidad y la satisfacci\u00f3n cotidiana que nos impulsa a la b\u00fasqueda de la verdad, del sentido de la vida y de la felicidad.<\/p>\n<p>La importancia de la salud explica que la salud sea uno de los derechos fundamentales de la persona humana. Por estas mismas razones personales, la salud se convierte, tambi\u00e9n, en el motor de progreso de toda sociedad. Gracias a la salud las comunidades desarrollan productividad econ\u00f3mica, desarrollo de los individuos, cohesi\u00f3n social, sostenibilidad de los sistemas gubernamentales de salud. La salud, entonces, no deber\u00eda ser \u2013 en ninguna sociedad \u2013 un privilegio sino una garant\u00eda social que asegure la vida digna de todo ser humano.<\/p>\n<p>Y, \u00bfpor qu\u00e9 hablar de la<strong> IMPORTANCIA DE LOS ENFERMOS EN LA SOCIEDAD? <\/strong>Porque cada ser humano enfermo nos aterriza y nos recuerda la verdad de nuestra condici\u00f3n humana humilde, fr\u00e1gil, vulnerable y necesitada de solidaridad. Porque cada enfermo nos convoca a la empat\u00eda y a la compasi\u00f3n y misericordia fraternas. Y porque cada hermano enfermo o enferma nos invita al cuidado y al respeto por la inalienable e inviolable dignidad de todo ser humano.<\/p>\n<p>Del mismo modo, cada enfermo y cada enfermedad se constituyen en motores de la investigaci\u00f3n cient\u00edfica m\u00e9dica y, gracias a ello, ocurre el desarrollo y progreso de los servicios sanitarios sociales. Los enfermos, adem\u00e1s, contribuyen a la unidad y a la cohesi\u00f3n familiar y social y a la valoraci\u00f3n, en todos, de la salud y de estilos de vida m\u00e1s saludables para la prevenci\u00f3n colectiva de las enfermedades. En definitiva, los enfermos miden y muestran la calidad \u00e9tica y moral de una sociedad.<\/p>\n<p>Finalmente, <strong>LA FIGURA DEL SAMARITANO<\/strong> en la par\u00e1bola de Jes\u00fas de Nazaret, lema de esta Jornada Mundial del Enfermo 2026, nos invita siempre a vivir en el amor que sirve, especialmente a amar al hermano ca\u00eddo, en necesidad.<\/p>\n<p>Pero, <em>\u00bfQu\u00e9 tenemos que hacer para alcanzar la vida eterna?<\/em> \u00bfQu\u00e9 tenemos que hacer para ser felices? Tenemos que practicar la misericordia. Pero, \u00bfC\u00f3mo amar?: Tratar a los dem\u00e1s como el buen samaritano, que:<\/p>\n<ul>\n<li><em>Aunque iba de viaje,<\/em> es decir, estaba ocupado en sus asuntos\u2026<\/li>\n<li>Lleg\u00f3 al lugar donde se encontraba el necesitado: <em>se abaj\u00f3,<\/em> se aproxim\u00f3, tom\u00f3 la iniciativa,<\/li>\n<li><em>Lo vio:<\/em> porque casi siempre pasamos de largo sin querer ver al otro y sus necesidades,<\/li>\n<li><em>Sinti\u00f3 l\u00e1stima, compasi\u00f3n, piedad, misericordia.<\/em> Es decir, estremecimiento interior de todo el ser. Estremecimiento que empuja a actuar, a solucionar, a sanar, a salvar,<\/li>\n<li><em>Se le acerc\u00f3,<\/em><\/li>\n<li><em>Le vend\u00f3 las heridas,<\/em><\/li>\n<li><em>Con aceite y vino:<\/em> productos de lujo en la \u00e9poca,<\/li>\n<li><em>Lo mont\u00f3 en su propia cabalgadura:<\/em> en su propia historia personal y en sus mismas condiciones de vida,<\/li>\n<li><em>Lo llev\u00f3 a una posada:<\/em> el mejor hospedaje de la \u00e9poca,<\/li>\n<li><em>Lo cuid\u00f3:<\/em> se comprometi\u00f3 con la vida del hermano en necesidad,<\/li>\n<li><em>Pag\u00f3 <\/em>&#8211; anticipadamente &#8211; por sus cuidados,<\/li>\n<li><em>Pidi\u00f3 que cuidar\u00e1n de \u00e9l,<\/em><\/li>\n<li><em>Se comprometi\u00f3<\/em> a regresar por \u00e9l,<\/li>\n<li>En fin: hizo suyos los problemas del otro.<\/li>\n<\/ul>\n<div class=\"abstract text parbase vaticanrichtext\">\n<p><em><strong>Carta del Santo Padre:<\/strong><\/em><\/p>\n<p style=\"text-align: center;\"><i><b><span class=\"title-1-color\">CARTA DEL SANTO PADRE LE\u00d3N XIV<br \/>\nAL ENVIADO ESPECIAL CON MOTIVO DE LA<br \/>\nXXXIV JORNADA MUNDIAL DEL ENFERMO<\/span><\/b><\/i><\/p>\n<p style=\"text-align: center;\"><span class=\"color-text\">[<i>Santuario de Nuestra Se\u00f1ora de la Paz, Di\u00f3cesis de Chiclayo (Per\u00fa) 11 de febrero de 2026<\/i>]<\/span><\/p>\n<p>___________________________________<\/p>\n<\/div>\n<div class=\"text parbase vaticanrichtext\">\n<p>A nuestro Venerado Hermano<\/p>\n<p><b>MICHAEL S.R.E. Cardenal CZERNY, S.I.<\/b><\/p>\n<p>Prefecto del Dicasterio para el Servicio del Desarrollo Humano Integral<\/p>\n<p>Desde el momento en que el Dios de la Paz nos convoc\u00f3 y constituy\u00f3 en la Sede de San Pedro, a menudo, con todo el afecto de nuestro coraz\u00f3n y nuestra mente, volvemos nuestro esp\u00edritu hacia la querida tierra del Per\u00fa, cuyos fieles, guiados por la piedad y el amor, buscan con confianza refugio bajo la protecci\u00f3n de la Sant\u00edsima Virgen Mar\u00eda. De hecho, hace doce a\u00f1os, en la catedral dedicada a Santa Mar\u00eda Madre de Dios, fuimos elevados al sagrado orden del episcopado para la di\u00f3cesis de Chiclayo, tan querida para nosotros, y desde entonces hemos encomendado incesantemente con solicitud a la Sant\u00edsima Virgen no solo nuestra misi\u00f3n apost\u00f3lica, sino tambi\u00e9n el progreso en la fe cristiana del santo pueblo de Dios y, ahora de manera especial, de toda la Iglesia. Por divina providencia, sucedi\u00f3 despu\u00e9s que el Papa Francisco, de feliz memoria, quiso que la XXXIV Jornada Mundial del Enfermo se celebrara precisamente en esta tierra del Per\u00fa, para expresar con mayor intensidad la maternal solicitud de la Sant\u00edsima Virgen Mar\u00eda hacia todos aquellos que sufren diversos dolores y enfermedades; voluntad que nosotros mismos hemos acogido con gratitud; y con el parecer favorable de la Conferencia Episcopal del Per\u00fa, confirmamos con gusto que la mencionada Jornada Mundial de 2026 tenga lugar y se celebre solemnemente en el Santuario de Nuestra Se\u00f1ora de la Paz, en la di\u00f3cesis de Chiclayo, donde tambi\u00e9n nosotros, en el pasado, hemos invocado en varias ocasiones la ayuda de Dios en nuestras oraciones.<\/p>\n<p>Por lo tanto, en tal ocasi\u00f3n, en especial uni\u00f3n de oraci\u00f3n con la Iglesia extendida por todo el mundo por todos los fieles enfermos afectados por enfermedades, patolog\u00edas o dolores, pedimos humildemente que ellos, sostenidos por esta maternal intercesi\u00f3n, quieran ofrecer benignamente a Dios misericordioso, por medio de Mar\u00eda, por la paz de este mundo, todos los malestares de su vida. De hecho, como muy acertadamente ense\u00f1a san Agust\u00edn, el \u00e1nimo humano es inquieto, y solo en la caridad inefable de Dios y en su aplicaci\u00f3n a la vida cotidiana y espiritual puede encontrar la paz verdadera y duradera (cfr. S. Agust\u00edn,\u00a0<i>Confesiones<\/i>, I, 1, 1).<\/p>\n<p>Con el deseo de cumplir con esp\u00edritu vigilante el oficio de Pastor universal de la Iglesia, te hemos elegido a ti, venerado hermano nuestro, en representaci\u00f3n del Sucesor de Pedro, a fin de que instruyas con cuidado al pueblo reunido en la sabidur\u00eda del Evangelio y, en virtud de esta Carta, te declaramos nuestro Enviado Especial al mencionado evento, que se celebrar\u00e1 solemnemente el 11 del pr\u00f3ximo mes de febrero, en la memoria lit\u00fargica de la Sant\u00edsima Virgen Mar\u00eda de Lourdes. Presidir\u00e1s los ritos sagrados en nuestro nombre, llevando a los fieles cristianos all\u00ed reunidos, especialmente a todos los enfermos, la confortaci\u00f3n y el consuelo del Evangelio, procedentes de la inefable comuni\u00f3n de Cristo, que prometi\u00f3 estar con nosotros en todas las circunstancias, todos los d\u00edas, hasta el fin del mundo (cfr. Mt 28, 20).<\/p>\n<p>Por \u00faltimo, te rogamos encarecidamente, venerado hermano nuestro, que saludes cordialmente a todos los hermanos en el episcopado all\u00ed presentes, a las autoridades civiles, a los presb\u00edteros, a los di\u00e1conos y a los miembros de los institutos de vida consagrada, as\u00ed como a los fieles laicos y, sobre todo, a todos los enfermos y a quienes los asisten, mostr\u00e1ndoles nuestra benevolencia: los exhortamos a todos a dar testimonio de las virtudes teologales \u2014fe, esperanza y caridad\u2014 y de la cercan\u00eda humana y cristiana en las necesidades, llevando las cargas los unos de los otros y cumpliendo as\u00ed la ley de Cristo (cfr. Gal 6, 2) desde lo m\u00e1s profundo del coraz\u00f3n.<\/p>\n<p>Al encomendar tu misi\u00f3n, venerado hermano nuestro, a la protecci\u00f3n de la Sant\u00edsima Virgen Mar\u00eda de la Paz, te impartimos de buen grado nuestra bendici\u00f3n apost\u00f3lica, prenda de las gracias celestiales, que deseamos se extienda a todos los participantes en este D\u00eda Mundial del Enfermo.<\/p>\n<p>En el Vaticano, el 21 de enero de 2026, primer a\u00f1o de nuestro Pontificado.<\/p>\n<p>LE\u00d3N PP. XIV<\/p>\n<\/div>\n<p><img loading=\"lazy\" decoding=\"async\" class=\"size-full wp-image-157057 alignnone\" src=\"https:\/\/exaudi.org\/wp-content\/uploads\/2026\/02\/Voces-5.jpg\" alt=\"\" width=\"1080\" height=\"1080\" srcset=\"https:\/\/exaudi.org\/wp-content\/uploads\/2026\/02\/Voces-5.jpg 1080w, https:\/\/exaudi.org\/wp-content\/uploads\/2026\/02\/Voces-5-300x300.jpg 300w, https:\/\/exaudi.org\/wp-content\/uploads\/2026\/02\/Voces-5-1024x1024.jpg 1024w, https:\/\/exaudi.org\/wp-content\/uploads\/2026\/02\/Voces-5-100x100.jpg?crop=1 100w, https:\/\/exaudi.org\/wp-content\/uploads\/2026\/02\/Voces-5-770x770.jpg 770w, https:\/\/exaudi.org\/wp-content\/uploads\/2026\/02\/Voces-5-500x500.jpg 500w\" sizes=\"auto, (max-width: 1080px) 100vw, 1080px\" \/><\/p>\n","protected":false},"excerpt":{"rendered":"<p>La compasi\u00f3n del samaritano como camino de amor y solidaridad en la Jornada Mundial del Enfermo 2026<\/p>\n","protected":false},"author":114,"featured_media":157050,"comment_status":"closed","ping_status":"closed","sticky":false,"template":"","format":"standard","meta":{"_acf_changed":false,"_crdt_document":"","inline_featured_image":false,"footnotes":""},"categories":[130],"tags":[94684,94689,94696,28289,58114,74283,94683,94691,94695,94682,27568,94694,10102,94686,94692,94690,449,74282,58067,7881,86639,46795,40889,58111,94688,45678,58112,94685,94693,94687,7882,18449,58880],"class_list":["post-157048","post","type-post","status-publish","format-standard","has-post-thumbnail","hentry","category-voces","tag-amar-llevando-el-dolor-del-otro","tag-atencion-a-inmigrantes","tag-bienestar-fisico-mental-social","tag-buen-samaritano","tag-chiclayo-peru","tag-compasion-activa","tag-compasion-del-samaritano","tag-cuidado-de-enfermos","tag-derechos-humanos-salud","tag-dia-del-enfermo","tag-dignidad-de-la-persona","tag-empatia-y-misericordia","tag-enfermos","tag-enfermos-en-la-sociedad","tag-esperanza-ante-el-dolor","tag-gestos-concretos-de-amor","tag-iglesia-catolica","tag-jornada-mundial-del-enfermo-2026","tag-leon-xiv","tag-mario-j-paredes","tag-mensaje-papal-2026","tag-misericordia-cristiana","tag-nuestra-senora-de-lourdes","tag-papa-leon-xiv","tag-parabola-del-samaritano","tag-pastoral-de-la-salud","tag-robert-prevost","tag-salud-como-derecho","tag-sociedad-del-descarte","tag-solidaridad-con-vulnerables","tag-somos-community-care","tag-sufrimiento-humano","tag-trending-es-151"],"acf":[],"yoast_head":"<!-- This site is optimized with the Yoast SEO plugin v27.5 - https:\/\/yoast.com\/product\/yoast-seo-wordpress\/ -->\n<title>Por los ENFERMOS nos conocer\u00e1n &#8211; Exaudi<\/title>\n<meta name=\"robots\" content=\"index, follow, max-snippet:-1, max-image-preview:large, max-video-preview:-1\" \/>\n<link rel=\"canonical\" href=\"https:\/\/exaudi.org\/es\/por-los-enfermos-nos-conoceran\/\" \/>\n<meta property=\"og:locale\" content=\"es_ES\" \/>\n<meta property=\"og:type\" content=\"article\" \/>\n<meta property=\"og:title\" content=\"Por los ENFERMOS nos conocer\u00e1n &#8211; Exaudi\" \/>\n<meta property=\"og:description\" content=\"La compasi\u00f3n del samaritano como camino de amor y solidaridad en la Jornada Mundial del Enfermo 2026\" \/>\n<meta property=\"og:url\" content=\"https:\/\/exaudi.org\/es\/por-los-enfermos-nos-conoceran\/\" \/>\n<meta property=\"og:site_name\" content=\"Exaudi\" \/>\n<meta property=\"article:publisher\" content=\"https:\/\/www.facebook.com\/ExaudiNews\" \/>\n<meta property=\"article:author\" content=\"https:\/\/www.facebook.com\/SOMOSCommunityCare\/\" \/>\n<meta property=\"article:published_time\" content=\"2026-02-10T12:00:16+00:00\" \/>\n<meta property=\"article:modified_time\" content=\"2026-02-11T09:27:10+00:00\" \/>\n<meta property=\"og:image\" content=\"https:\/\/exaudi.org\/wp-content\/uploads\/2026\/02\/cq5dam.thumbnail.cropped.750.422-2.jpeg\" \/>\n\t<meta property=\"og:image:width\" content=\"750\" \/>\n\t<meta property=\"og:image:height\" content=\"422\" \/>\n\t<meta property=\"og:image:type\" content=\"image\/jpeg\" \/>\n<meta name=\"author\" content=\"Mario J. Paredes\" \/>\n<meta name=\"twitter:card\" content=\"summary_large_image\" \/>\n<meta name=\"twitter:creator\" content=\"@SOMOSCare\" \/>\n<meta name=\"twitter:site\" content=\"@Exaudi_News\" \/>\n<meta name=\"twitter:label1\" content=\"Escrito por\" \/>\n\t<meta name=\"twitter:data1\" content=\"Mario J. Paredes\" \/>\n\t<meta name=\"twitter:label2\" content=\"Tiempo de lectura\" \/>\n\t<meta name=\"twitter:data2\" content=\"10 minutos\" \/>\n<script type=\"application\/ld+json\" class=\"yoast-schema-graph\">{\"@context\":\"https:\\\/\\\/schema.org\",\"@graph\":[{\"@type\":\"Article\",\"@id\":\"https:\\\/\\\/exaudi.org\\\/es\\\/por-los-enfermos-nos-conoceran\\\/#article\",\"isPartOf\":{\"@id\":\"https:\\\/\\\/exaudi.org\\\/es\\\/por-los-enfermos-nos-conoceran\\\/\"},\"author\":{\"name\":\"Mario J. Paredes\",\"@id\":\"https:\\\/\\\/exaudi.org\\\/#\\\/schema\\\/person\\\/f4babf785ff6e9ecd6850d1802095c1d\"},\"headline\":\"Por los ENFERMOS nos conocer\u00e1n\",\"datePublished\":\"2026-02-10T12:00:16+00:00\",\"dateModified\":\"2026-02-11T09:27:10+00:00\",\"mainEntityOfPage\":{\"@id\":\"https:\\\/\\\/exaudi.org\\\/es\\\/por-los-enfermos-nos-conoceran\\\/\"},\"wordCount\":1944,\"image\":{\"@id\":\"https:\\\/\\\/exaudi.org\\\/es\\\/por-los-enfermos-nos-conoceran\\\/#primaryimage\"},\"thumbnailUrl\":\"https:\\\/\\\/exaudi.org\\\/wp-content\\\/uploads\\\/2026\\\/02\\\/cq5dam.thumbnail.cropped.750.422-2.jpeg\",\"keywords\":[\"amar llevando el dolor del otro\",\"atenci\u00f3n a inmigrantes\",\"bienestar f\u00edsico mental social\",\"Buen Samaritano\",\"chiclayo per\u00fa\",\"compasion activa\",\"compasi\u00f3n del samaritano\",\"cuidado de enfermos\",\"derechos humanos salud\",\"D\u00eda del Enfermo\",\"dignidad de la persona\",\"empat\u00eda y misericordia\",\"enfermos\",\"enfermos en la sociedad\",\"esperanza ante el dolor\",\"gestos concretos de amor\",\"Iglesia cat\u00f3lica\",\"jornada mundial del enfermo 2026\",\"Le\u00f3n XIV\",\"Mario J Paredes\",\"mensaje papal 2026\",\"misericordia cristiana\",\"Nuestra Se\u00f1ora de Lourdes\",\"papa le\u00f3n xiv\",\"par\u00e1bola del samaritano\",\"Pastoral de la Salud\",\"robert prevost\",\"salud como derecho\",\"sociedad del descarte\",\"solidaridad con vulnerables\",\"SOMOS Community Care\",\"sufrimiento humano\",\"Trending\"],\"articleSection\":[\"Voces\"],\"inLanguage\":\"es\"},{\"@type\":\"WebPage\",\"@id\":\"https:\\\/\\\/exaudi.org\\\/es\\\/por-los-enfermos-nos-conoceran\\\/\",\"url\":\"https:\\\/\\\/exaudi.org\\\/es\\\/por-los-enfermos-nos-conoceran\\\/\",\"name\":\"Por los ENFERMOS nos conocer\u00e1n &#8211; Exaudi\",\"isPartOf\":{\"@id\":\"https:\\\/\\\/exaudi.org\\\/#website\"},\"primaryImageOfPage\":{\"@id\":\"https:\\\/\\\/exaudi.org\\\/es\\\/por-los-enfermos-nos-conoceran\\\/#primaryimage\"},\"image\":{\"@id\":\"https:\\\/\\\/exaudi.org\\\/es\\\/por-los-enfermos-nos-conoceran\\\/#primaryimage\"},\"thumbnailUrl\":\"https:\\\/\\\/exaudi.org\\\/wp-content\\\/uploads\\\/2026\\\/02\\\/cq5dam.thumbnail.cropped.750.422-2.jpeg\",\"datePublished\":\"2026-02-10T12:00:16+00:00\",\"dateModified\":\"2026-02-11T09:27:10+00:00\",\"author\":{\"@id\":\"https:\\\/\\\/exaudi.org\\\/#\\\/schema\\\/person\\\/f4babf785ff6e9ecd6850d1802095c1d\"},\"breadcrumb\":{\"@id\":\"https:\\\/\\\/exaudi.org\\\/es\\\/por-los-enfermos-nos-conoceran\\\/#breadcrumb\"},\"inLanguage\":\"es\",\"potentialAction\":[{\"@type\":\"ReadAction\",\"target\":[\"https:\\\/\\\/exaudi.org\\\/es\\\/por-los-enfermos-nos-conoceran\\\/\"]}]},{\"@type\":\"ImageObject\",\"inLanguage\":\"es\",\"@id\":\"https:\\\/\\\/exaudi.org\\\/es\\\/por-los-enfermos-nos-conoceran\\\/#primaryimage\",\"url\":\"https:\\\/\\\/exaudi.org\\\/wp-content\\\/uploads\\\/2026\\\/02\\\/cq5dam.thumbnail.cropped.750.422-2.jpeg\",\"contentUrl\":\"https:\\\/\\\/exaudi.org\\\/wp-content\\\/uploads\\\/2026\\\/02\\\/cq5dam.thumbnail.cropped.750.422-2.jpeg\",\"width\":750,\"height\":422},{\"@type\":\"BreadcrumbList\",\"@id\":\"https:\\\/\\\/exaudi.org\\\/es\\\/por-los-enfermos-nos-conoceran\\\/#breadcrumb\",\"itemListElement\":[{\"@type\":\"ListItem\",\"position\":1,\"name\":\"Portada\",\"item\":\"https:\\\/\\\/exaudi.org\\\/es\\\/\"},{\"@type\":\"ListItem\",\"position\":2,\"name\":\"Por los ENFERMOS nos conocer\u00e1n\"}]},{\"@type\":\"WebSite\",\"@id\":\"https:\\\/\\\/exaudi.org\\\/#website\",\"url\":\"https:\\\/\\\/exaudi.org\\\/\",\"name\":\"Exaudi\",\"description\":\"News\",\"potentialAction\":[{\"@type\":\"SearchAction\",\"target\":{\"@type\":\"EntryPoint\",\"urlTemplate\":\"https:\\\/\\\/exaudi.org\\\/?s={search_term_string}\"},\"query-input\":{\"@type\":\"PropertyValueSpecification\",\"valueRequired\":true,\"valueName\":\"search_term_string\"}}],\"inLanguage\":\"es\"},{\"@type\":\"Person\",\"@id\":\"https:\\\/\\\/exaudi.org\\\/#\\\/schema\\\/person\\\/f4babf785ff6e9ecd6850d1802095c1d\",\"name\":\"Mario J. Paredes\",\"image\":{\"@type\":\"ImageObject\",\"inLanguage\":\"es\",\"@id\":\"https:\\\/\\\/secure.gravatar.com\\\/avatar\\\/28c707f8b881139d324797c87373ccf8502494a7f73d0f6d23dcda1548e9d254?s=96&d=mm&r=g\",\"url\":\"https:\\\/\\\/secure.gravatar.com\\\/avatar\\\/28c707f8b881139d324797c87373ccf8502494a7f73d0f6d23dcda1548e9d254?s=96&d=mm&r=g\",\"contentUrl\":\"https:\\\/\\\/secure.gravatar.com\\\/avatar\\\/28c707f8b881139d324797c87373ccf8502494a7f73d0f6d23dcda1548e9d254?s=96&d=mm&r=g\",\"caption\":\"Mario J. Paredes\"},\"description\":\"Presidente ejecutivo de SOMOS Community Care, una red de 2,600 m\u00e9dicos independientes -en su mayor\u00eda de atenci\u00f3n primaria- que atienden a cerca de un mill\u00f3n de los pacientes m\u00e1s vulnerables del Medicaid de la Ciudad de Nueva York\",\"sameAs\":[\"http:\\\/\\\/somosnyhealth.org\",\"https:\\\/\\\/www.facebook.com\\\/SOMOSCommunityCare\\\/\",\"https:\\\/\\\/www.instagram.com\\\/somoscare\\\/\",\"https:\\\/\\\/www.linkedin.com\\\/company\\\/somoscommunitycare\\\/\",\"https:\\\/\\\/x.com\\\/SOMOSCare\",\"https:\\\/\\\/www.youtube.com\\\/channel\\\/UCUrnRjEHj5UrNvxU0jHSzQQ\"],\"url\":\"https:\\\/\\\/exaudi.org\\\/es\\\/author\\\/mario-j-paredes\\\/\"}]}<\/script>\n<!-- \/ Yoast SEO plugin. -->","yoast_head_json":{"title":"Por los ENFERMOS nos conocer\u00e1n &#8211; Exaudi","robots":{"index":"index","follow":"follow","max-snippet":"max-snippet:-1","max-image-preview":"max-image-preview:large","max-video-preview":"max-video-preview:-1"},"canonical":"https:\/\/exaudi.org\/es\/por-los-enfermos-nos-conoceran\/","og_locale":"es_ES","og_type":"article","og_title":"Por los ENFERMOS nos conocer\u00e1n &#8211; Exaudi","og_description":"La compasi\u00f3n del samaritano como camino de amor y solidaridad en la Jornada Mundial del Enfermo 2026","og_url":"https:\/\/exaudi.org\/es\/por-los-enfermos-nos-conoceran\/","og_site_name":"Exaudi","article_publisher":"https:\/\/www.facebook.com\/ExaudiNews","article_author":"https:\/\/www.facebook.com\/SOMOSCommunityCare\/","article_published_time":"2026-02-10T12:00:16+00:00","article_modified_time":"2026-02-11T09:27:10+00:00","og_image":[{"width":750,"height":422,"url":"https:\/\/exaudi.org\/wp-content\/uploads\/2026\/02\/cq5dam.thumbnail.cropped.750.422-2.jpeg","type":"image\/jpeg"}],"author":"Mario J. Paredes","twitter_card":"summary_large_image","twitter_creator":"@SOMOSCare","twitter_site":"@Exaudi_News","twitter_misc":{"Escrito por":"Mario J. Paredes","Tiempo de lectura":"10 minutos"},"schema":{"@context":"https:\/\/schema.org","@graph":[{"@type":"Article","@id":"https:\/\/exaudi.org\/es\/por-los-enfermos-nos-conoceran\/#article","isPartOf":{"@id":"https:\/\/exaudi.org\/es\/por-los-enfermos-nos-conoceran\/"},"author":{"name":"Mario J. Paredes","@id":"https:\/\/exaudi.org\/#\/schema\/person\/f4babf785ff6e9ecd6850d1802095c1d"},"headline":"Por los ENFERMOS nos conocer\u00e1n","datePublished":"2026-02-10T12:00:16+00:00","dateModified":"2026-02-11T09:27:10+00:00","mainEntityOfPage":{"@id":"https:\/\/exaudi.org\/es\/por-los-enfermos-nos-conoceran\/"},"wordCount":1944,"image":{"@id":"https:\/\/exaudi.org\/es\/por-los-enfermos-nos-conoceran\/#primaryimage"},"thumbnailUrl":"https:\/\/exaudi.org\/wp-content\/uploads\/2026\/02\/cq5dam.thumbnail.cropped.750.422-2.jpeg","keywords":["amar llevando el dolor del otro","atenci\u00f3n a inmigrantes","bienestar f\u00edsico mental social","Buen Samaritano","chiclayo per\u00fa","compasion activa","compasi\u00f3n del samaritano","cuidado de enfermos","derechos humanos salud","D\u00eda del Enfermo","dignidad de la persona","empat\u00eda y misericordia","enfermos","enfermos en la sociedad","esperanza ante el dolor","gestos concretos de amor","Iglesia cat\u00f3lica","jornada mundial del enfermo 2026","Le\u00f3n XIV","Mario J Paredes","mensaje papal 2026","misericordia cristiana","Nuestra Se\u00f1ora de Lourdes","papa le\u00f3n xiv","par\u00e1bola del samaritano","Pastoral de la Salud","robert prevost","salud como derecho","sociedad del descarte","solidaridad con vulnerables","SOMOS Community Care","sufrimiento humano","Trending"],"articleSection":["Voces"],"inLanguage":"es"},{"@type":"WebPage","@id":"https:\/\/exaudi.org\/es\/por-los-enfermos-nos-conoceran\/","url":"https:\/\/exaudi.org\/es\/por-los-enfermos-nos-conoceran\/","name":"Por los ENFERMOS nos conocer\u00e1n &#8211; Exaudi","isPartOf":{"@id":"https:\/\/exaudi.org\/#website"},"primaryImageOfPage":{"@id":"https:\/\/exaudi.org\/es\/por-los-enfermos-nos-conoceran\/#primaryimage"},"image":{"@id":"https:\/\/exaudi.org\/es\/por-los-enfermos-nos-conoceran\/#primaryimage"},"thumbnailUrl":"https:\/\/exaudi.org\/wp-content\/uploads\/2026\/02\/cq5dam.thumbnail.cropped.750.422-2.jpeg","datePublished":"2026-02-10T12:00:16+00:00","dateModified":"2026-02-11T09:27:10+00:00","author":{"@id":"https:\/\/exaudi.org\/#\/schema\/person\/f4babf785ff6e9ecd6850d1802095c1d"},"breadcrumb":{"@id":"https:\/\/exaudi.org\/es\/por-los-enfermos-nos-conoceran\/#breadcrumb"},"inLanguage":"es","potentialAction":[{"@type":"ReadAction","target":["https:\/\/exaudi.org\/es\/por-los-enfermos-nos-conoceran\/"]}]},{"@type":"ImageObject","inLanguage":"es","@id":"https:\/\/exaudi.org\/es\/por-los-enfermos-nos-conoceran\/#primaryimage","url":"https:\/\/exaudi.org\/wp-content\/uploads\/2026\/02\/cq5dam.thumbnail.cropped.750.422-2.jpeg","contentUrl":"https:\/\/exaudi.org\/wp-content\/uploads\/2026\/02\/cq5dam.thumbnail.cropped.750.422-2.jpeg","width":750,"height":422},{"@type":"BreadcrumbList","@id":"https:\/\/exaudi.org\/es\/por-los-enfermos-nos-conoceran\/#breadcrumb","itemListElement":[{"@type":"ListItem","position":1,"name":"Portada","item":"https:\/\/exaudi.org\/es\/"},{"@type":"ListItem","position":2,"name":"Por los ENFERMOS nos conocer\u00e1n"}]},{"@type":"WebSite","@id":"https:\/\/exaudi.org\/#website","url":"https:\/\/exaudi.org\/","name":"Exaudi","description":"News","potentialAction":[{"@type":"SearchAction","target":{"@type":"EntryPoint","urlTemplate":"https:\/\/exaudi.org\/?s={search_term_string}"},"query-input":{"@type":"PropertyValueSpecification","valueRequired":true,"valueName":"search_term_string"}}],"inLanguage":"es"},{"@type":"Person","@id":"https:\/\/exaudi.org\/#\/schema\/person\/f4babf785ff6e9ecd6850d1802095c1d","name":"Mario J. Paredes","image":{"@type":"ImageObject","inLanguage":"es","@id":"https:\/\/secure.gravatar.com\/avatar\/28c707f8b881139d324797c87373ccf8502494a7f73d0f6d23dcda1548e9d254?s=96&d=mm&r=g","url":"https:\/\/secure.gravatar.com\/avatar\/28c707f8b881139d324797c87373ccf8502494a7f73d0f6d23dcda1548e9d254?s=96&d=mm&r=g","contentUrl":"https:\/\/secure.gravatar.com\/avatar\/28c707f8b881139d324797c87373ccf8502494a7f73d0f6d23dcda1548e9d254?s=96&d=mm&r=g","caption":"Mario J. Paredes"},"description":"Presidente ejecutivo de SOMOS Community Care, una red de 2,600 m\u00e9dicos independientes -en su mayor\u00eda de atenci\u00f3n primaria- que atienden a cerca de un mill\u00f3n de los pacientes m\u00e1s vulnerables del Medicaid de la Ciudad de Nueva York","sameAs":["http:\/\/somosnyhealth.org","https:\/\/www.facebook.com\/SOMOSCommunityCare\/","https:\/\/www.instagram.com\/somoscare\/","https:\/\/www.linkedin.com\/company\/somoscommunitycare\/","https:\/\/x.com\/SOMOSCare","https:\/\/www.youtube.com\/channel\/UCUrnRjEHj5UrNvxU0jHSzQQ"],"url":"https:\/\/exaudi.org\/es\/author\/mario-j-paredes\/"}]}},"jetpack_featured_media_url":"https:\/\/exaudi.org\/wp-content\/uploads\/2026\/02\/cq5dam.thumbnail.cropped.750.422-2.jpeg","jetpack_shortlink":"https:\/\/wp.me\/pgKjF2-ER2","_links":{"self":[{"href":"https:\/\/exaudi.org\/es\/wp-json\/wp\/v2\/posts\/157048","targetHints":{"allow":["GET"]}}],"collection":[{"href":"https:\/\/exaudi.org\/es\/wp-json\/wp\/v2\/posts"}],"about":[{"href":"https:\/\/exaudi.org\/es\/wp-json\/wp\/v2\/types\/post"}],"author":[{"embeddable":true,"href":"https:\/\/exaudi.org\/es\/wp-json\/wp\/v2\/users\/114"}],"replies":[{"embeddable":true,"href":"https:\/\/exaudi.org\/es\/wp-json\/wp\/v2\/comments?post=157048"}],"version-history":[{"count":7,"href":"https:\/\/exaudi.org\/es\/wp-json\/wp\/v2\/posts\/157048\/revisions"}],"predecessor-version":[{"id":157114,"href":"https:\/\/exaudi.org\/es\/wp-json\/wp\/v2\/posts\/157048\/revisions\/157114"}],"wp:featuredmedia":[{"embeddable":true,"href":"https:\/\/exaudi.org\/es\/wp-json\/wp\/v2\/media\/157050"}],"wp:attachment":[{"href":"https:\/\/exaudi.org\/es\/wp-json\/wp\/v2\/media?parent=157048"}],"wp:term":[{"taxonomy":"category","embeddable":true,"href":"https:\/\/exaudi.org\/es\/wp-json\/wp\/v2\/categories?post=157048"},{"taxonomy":"post_tag","embeddable":true,"href":"https:\/\/exaudi.org\/es\/wp-json\/wp\/v2\/tags?post=157048"}],"curies":[{"name":"wp","href":"https:\/\/api.w.org\/{rel}","templated":true}]}}