{"id":15702,"date":"2021-05-07T12:39:06","date_gmt":"2021-05-07T10:39:06","guid":{"rendered":"https:\/\/exaudi.org\/?p=15702"},"modified":"2021-05-07T12:40:05","modified_gmt":"2021-05-07T10:40:05","slug":"venezuela-pastoral-universitaria-celebra-1a-asamblea-nacional","status":"publish","type":"post","link":"https:\/\/exaudi.org\/es\/venezuela-pastoral-universitaria-celebra-1a-asamblea-nacional\/","title":{"rendered":"Venezuela: Pastoral Universitaria celebra 1\u00aa Asamblea Nacional"},"content":{"rendered":"<p>El Departamento de Educaci\u00f3n del Secretariado Permanente del <a href=\"https:\/\/exaudi.org\/es\/venezuela-obispos-plan-vacunacion\/\" target=\"_blank\" rel=\"noopener noreferrer\">episcopado de Venezuela<\/a> y el equipo animador de la Pastoral Universitaria celebrar\u00e1n la primera Asamblea Nacional de Pastoral Universitaria. Este evento se realizar\u00e1 bajo la modalidad virtual el viernes 14 de mayo de 2021, desde las 9:00 a.m. hasta las 12 a.m., informa la <a href=\"https:\/\/conferenciaepiscopalvenezolana.com\/\">Conferencia Episcopal Venezolana<\/a> en una nota.<\/p>\n<p>La Asamblea Nacional de Pastoral Universitaria es un espacio de participaci\u00f3n, de car\u00e1cter deliberativo, donde se define el caminar de la Pastoral Universitaria en el pa\u00eds. Igualmente, se profundiza la propuesta pastoral de todos los \u00e1mbitos de participaci\u00f3n y se ofrecen orientaciones pastorales. Es planificada y animada esta vez por el Equipo Animador de la Pastoral Universitaria.<\/p>\n<p>Asimismo, esta primera Asamblea tiene como objetivo escuchar, dialogar y converger con la realidad de la Pastoral Universitaria en la Venezuela de hoy, y, en consecuencia, conformar la Coordinaci\u00f3n de Pastoral Universitaria, como instancia nacional de representatividad, participaci\u00f3n, animaci\u00f3n y acompa\u00f1amiento.<\/p>\n<h4><strong>Comuni\u00f3n y sinodalidad<\/strong><\/h4>\n<p>Erinson de Jes\u00fas Bustamante, animador del equipo de Pastoral Universitaria, afirma que se encuentran en un proceso de animaci\u00f3n, \u201cdesde la comuni\u00f3n y la sinodalidad\u201d apuntando a la organizaci\u00f3n en todas las instancias a nivel nacional. \u201cPor ello, queriendo ser una Pastoral Universitaria prof\u00e9tica y renovada para los nuevos tiempos, con alegr\u00eda pascual y esperanza renovada, convocamos esta asamblea\u201d, declar\u00f3.<\/p>\n<p>La Asamblea est\u00e1 dirigida a los Coordinadores de los Secretariados arqui\/diocesanos\/vicariales de Pastoral Universitaria. Asimismo, est\u00e1n convocados los Coordinadores de Pastoral Universitaria de instituciones, movimientos y organizaciones de instancias nacionales y los representantes de expresiones locales, donde no exista organizaci\u00f3n arqui\/diocesana\/vicarial.<\/p>\n<p>La cita se desarrollar\u00e1 a trav\u00e9s de la plataforma Zoom, por lo que Bustamante anima a los convocados a organizarse para participar, y aunque las dificultades en tiempos de virtualidad son muchas, que estas no les hagan perder la paz, el \u00e1nimo, la valent\u00eda y la esperanza.<\/p>\n","protected":false},"excerpt":{"rendered":"<p>En modo virtual<\/p>\n","protected":false},"author":15,"featured_media":15703,"comment_status":"open","ping_status":"open","sticky":false,"template":"","format":"standard","meta":{"_acf_changed":false,"_crdt_document":"","inline_featured_image":false,"footnotes":""},"categories":[86,100,298],"tags":[2192,1855,2191,966],"class_list":["post-15702","post","type-post","status-publish","format-standard","has-post-thumbnail","hentry","category-iglesia-local","category-jovenes","category-ultimas-noticias","tag-asamblea-nacional","tag-jovenes","tag-pastoral-universitaria","tag-venezuela"],"acf":[],"yoast_head":"<!-- This site is optimized with the Yoast SEO plugin v27.5 - https:\/\/yoast.com\/product\/yoast-seo-wordpress\/ -->\n<title>Venezuela: Pastoral Universitaria celebra 1\u00aa Asamblea Nacional &#8211; Exaudi<\/title>\n<meta name=\"description\" content=\"Venezuela: La Pastoral Universitaria del pa\u00eds celebrar\u00e1 su primera Asamblea Nacional de Pastoral Universitaria el pr\u00f3ximo 14 de mayo\" \/>\n<meta name=\"robots\" content=\"index, follow, max-snippet:-1, max-image-preview:large, max-video-preview:-1\" \/>\n<link rel=\"canonical\" href=\"https:\/\/exaudi.org\/es\/venezuela-pastoral-universitaria-celebra-1a-asamblea-nacional\/\" \/>\n<meta property=\"og:locale\" content=\"es_ES\" \/>\n<meta property=\"og:type\" content=\"article\" \/>\n<meta property=\"og:title\" content=\"Venezuela: Pastoral Universitaria celebra 1\u00aa Asamblea Nacional &#8211; Exaudi\" \/>\n<meta property=\"og:description\" content=\"Venezuela: La Pastoral Universitaria del pa\u00eds celebrar\u00e1 su primera Asamblea Nacional de Pastoral Universitaria el pr\u00f3ximo 14 de mayo\" \/>\n<meta property=\"og:url\" content=\"https:\/\/exaudi.org\/es\/venezuela-pastoral-universitaria-celebra-1a-asamblea-nacional\/\" \/>\n<meta property=\"og:site_name\" content=\"Exaudi\" \/>\n<meta property=\"article:publisher\" content=\"https:\/\/www.facebook.com\/ExaudiNews\" \/>\n<meta property=\"article:author\" content=\"https:\/\/www.facebook.com\/ExaudiNoticias\/\" \/>\n<meta property=\"article:published_time\" content=\"2021-05-07T10:39:06+00:00\" \/>\n<meta property=\"article:modified_time\" content=\"2021-05-07T10:40:05+00:00\" \/>\n<meta property=\"og:image\" content=\"https:\/\/exaudi.org\/wp-content\/uploads\/2021\/05\/Jovenes-CELAM.jpeg\" \/>\n\t<meta property=\"og:image:width\" content=\"1186\" \/>\n\t<meta property=\"og:image:height\" content=\"623\" \/>\n\t<meta property=\"og:image:type\" content=\"image\/jpeg\" \/>\n<meta name=\"author\" content=\"Exaudi Redacci\u00f3n\" \/>\n<meta name=\"twitter:card\" content=\"summary_large_image\" \/>\n<meta name=\"twitter:creator\" content=\"@Exaudi_noticias\" \/>\n<meta name=\"twitter:site\" content=\"@Exaudi_News\" \/>\n<meta name=\"twitter:label1\" content=\"Escrito por\" \/>\n\t<meta name=\"twitter:data1\" content=\"Exaudi Redacci\u00f3n\" \/>\n\t<meta name=\"twitter:label2\" content=\"Tiempo de lectura\" \/>\n\t<meta name=\"twitter:data2\" content=\"2 minutos\" \/>\n<script type=\"application\/ld+json\" class=\"yoast-schema-graph\">{\"@context\":\"https:\\\/\\\/schema.org\",\"@graph\":[{\"@type\":\"Article\",\"@id\":\"https:\\\/\\\/exaudi.org\\\/es\\\/venezuela-pastoral-universitaria-celebra-1a-asamblea-nacional\\\/#article\",\"isPartOf\":{\"@id\":\"https:\\\/\\\/exaudi.org\\\/es\\\/venezuela-pastoral-universitaria-celebra-1a-asamblea-nacional\\\/\"},\"author\":{\"name\":\"Exaudi Redacci\u00f3n\",\"@id\":\"https:\\\/\\\/exaudi.org\\\/#\\\/schema\\\/person\\\/f5fc8f063065e38742da7afe15f25df7\"},\"headline\":\"Venezuela: Pastoral Universitaria celebra 1\u00aa Asamblea Nacional\",\"datePublished\":\"2021-05-07T10:39:06+00:00\",\"dateModified\":\"2021-05-07T10:40:05+00:00\",\"mainEntityOfPage\":{\"@id\":\"https:\\\/\\\/exaudi.org\\\/es\\\/venezuela-pastoral-universitaria-celebra-1a-asamblea-nacional\\\/\"},\"wordCount\":336,\"commentCount\":0,\"image\":{\"@id\":\"https:\\\/\\\/exaudi.org\\\/es\\\/venezuela-pastoral-universitaria-celebra-1a-asamblea-nacional\\\/#primaryimage\"},\"thumbnailUrl\":\"https:\\\/\\\/exaudi.org\\\/wp-content\\\/uploads\\\/2021\\\/05\\\/Jovenes-CELAM.jpeg\",\"keywords\":[\"Asamblea Nacional\",\"J\u00f3venes\",\"Pastoral Universitaria\",\"Venezuela\"],\"articleSection\":[\"Iglesia Local\",\"J\u00f3venes\",\"\u00daltimas noticias\"],\"inLanguage\":\"es\",\"potentialAction\":[{\"@type\":\"CommentAction\",\"name\":\"Comment\",\"target\":[\"https:\\\/\\\/exaudi.org\\\/es\\\/venezuela-pastoral-universitaria-celebra-1a-asamblea-nacional\\\/#respond\"]}]},{\"@type\":\"WebPage\",\"@id\":\"https:\\\/\\\/exaudi.org\\\/es\\\/venezuela-pastoral-universitaria-celebra-1a-asamblea-nacional\\\/\",\"url\":\"https:\\\/\\\/exaudi.org\\\/es\\\/venezuela-pastoral-universitaria-celebra-1a-asamblea-nacional\\\/\",\"name\":\"Venezuela: Pastoral Universitaria celebra 1\u00aa Asamblea Nacional &#8211; Exaudi\",\"isPartOf\":{\"@id\":\"https:\\\/\\\/exaudi.org\\\/#website\"},\"primaryImageOfPage\":{\"@id\":\"https:\\\/\\\/exaudi.org\\\/es\\\/venezuela-pastoral-universitaria-celebra-1a-asamblea-nacional\\\/#primaryimage\"},\"image\":{\"@id\":\"https:\\\/\\\/exaudi.org\\\/es\\\/venezuela-pastoral-universitaria-celebra-1a-asamblea-nacional\\\/#primaryimage\"},\"thumbnailUrl\":\"https:\\\/\\\/exaudi.org\\\/wp-content\\\/uploads\\\/2021\\\/05\\\/Jovenes-CELAM.jpeg\",\"datePublished\":\"2021-05-07T10:39:06+00:00\",\"dateModified\":\"2021-05-07T10:40:05+00:00\",\"author\":{\"@id\":\"https:\\\/\\\/exaudi.org\\\/#\\\/schema\\\/person\\\/f5fc8f063065e38742da7afe15f25df7\"},\"description\":\"Venezuela: La Pastoral Universitaria del pa\u00eds celebrar\u00e1 su primera Asamblea Nacional de Pastoral Universitaria el pr\u00f3ximo 14 de mayo\",\"breadcrumb\":{\"@id\":\"https:\\\/\\\/exaudi.org\\\/es\\\/venezuela-pastoral-universitaria-celebra-1a-asamblea-nacional\\\/#breadcrumb\"},\"inLanguage\":\"es\",\"potentialAction\":[{\"@type\":\"ReadAction\",\"target\":[\"https:\\\/\\\/exaudi.org\\\/es\\\/venezuela-pastoral-universitaria-celebra-1a-asamblea-nacional\\\/\"]}]},{\"@type\":\"ImageObject\",\"inLanguage\":\"es\",\"@id\":\"https:\\\/\\\/exaudi.org\\\/es\\\/venezuela-pastoral-universitaria-celebra-1a-asamblea-nacional\\\/#primaryimage\",\"url\":\"https:\\\/\\\/exaudi.org\\\/wp-content\\\/uploads\\\/2021\\\/05\\\/Jovenes-CELAM.jpeg\",\"contentUrl\":\"https:\\\/\\\/exaudi.org\\\/wp-content\\\/uploads\\\/2021\\\/05\\\/Jovenes-CELAM.jpeg\",\"width\":1186,\"height\":623,\"caption\":\"J\u00f3venes \u00a9 CELAM\"},{\"@type\":\"BreadcrumbList\",\"@id\":\"https:\\\/\\\/exaudi.org\\\/es\\\/venezuela-pastoral-universitaria-celebra-1a-asamblea-nacional\\\/#breadcrumb\",\"itemListElement\":[{\"@type\":\"ListItem\",\"position\":1,\"name\":\"Portada\",\"item\":\"https:\\\/\\\/exaudi.org\\\/es\\\/\"},{\"@type\":\"ListItem\",\"position\":2,\"name\":\"Venezuela: Pastoral Universitaria celebra 1\u00aa Asamblea Nacional\"}]},{\"@type\":\"WebSite\",\"@id\":\"https:\\\/\\\/exaudi.org\\\/#website\",\"url\":\"https:\\\/\\\/exaudi.org\\\/\",\"name\":\"Exaudi\",\"description\":\"News\",\"potentialAction\":[{\"@type\":\"SearchAction\",\"target\":{\"@type\":\"EntryPoint\",\"urlTemplate\":\"https:\\\/\\\/exaudi.org\\\/?s={search_term_string}\"},\"query-input\":{\"@type\":\"PropertyValueSpecification\",\"valueRequired\":true,\"valueName\":\"search_term_string\"}}],\"inLanguage\":\"es\"},{\"@type\":\"Person\",\"@id\":\"https:\\\/\\\/exaudi.org\\\/#\\\/schema\\\/person\\\/f5fc8f063065e38742da7afe15f25df7\",\"name\":\"Exaudi Redacci\u00f3n\",\"image\":{\"@type\":\"ImageObject\",\"inLanguage\":\"es\",\"@id\":\"https:\\\/\\\/secure.gravatar.com\\\/avatar\\\/fe0f6a059fb68d9b3e11bc5850dd4899b1c7492091a3cb6dd9b01b56ad828be2?s=96&d=mm&r=g\",\"url\":\"https:\\\/\\\/secure.gravatar.com\\\/avatar\\\/fe0f6a059fb68d9b3e11bc5850dd4899b1c7492091a3cb6dd9b01b56ad828be2?s=96&d=mm&r=g\",\"contentUrl\":\"https:\\\/\\\/secure.gravatar.com\\\/avatar\\\/fe0f6a059fb68d9b3e11bc5850dd4899b1c7492091a3cb6dd9b01b56ad828be2?s=96&d=mm&r=g\",\"caption\":\"Exaudi Redacci\u00f3n\"},\"description\":\"\u00bfQu\u00e9 es Exaudi News? Exaudi News es un medio de comunicaci\u00f3n cat\u00f3lico internacional que informa, forma y transforma, diariamente en espa\u00f1ol, ingl\u00e9s e italiano. A trav\u00e9s de noticias, art\u00edculos de an\u00e1lisis y transmisiones en directo de los eventos del Papa, Exaudi busca fortalecer la unidad de los cristianos y contribuir a la evangelizaci\u00f3n del mundo, siempre guiados por la doctrina social de la Iglesia. Trabajamos para acercar la verdad y los valores cristianos a cada rinc\u00f3n del planeta. \u00a1Ay\u00fadanos a transformar el mundo con Exaudi! En Exaudi creemos que la evangelizaci\u00f3n y la informaci\u00f3n de calidad pueden cambiar vidas. Para continuar con nuestra misi\u00f3n y expandir nuestro alcance, necesitamos tu ayuda. Adem\u00e1s, buscamos personas comprometidas que deseen unirse a nuestro equipo. Con tu apoyo, lograremos llegar a m\u00e1s personas, difundir el mensaje de Cristo y reforzar la unidad de los cristianos. \u00bfTe unes a nuestra misi\u00f3n? Para m\u00e1s informaci\u00f3n sobre c\u00f3mo colaborar, visita Exaudi.org\\\/es o cont\u00e1ctanos directamente: info@exaudi.org Exaudi: Informa, forma y transforma.\",\"sameAs\":[\"https:\\\/\\\/www.facebook.com\\\/ExaudiNoticias\\\/\",\"https:\\\/\\\/www.instagram.com\\\/exaudi_noticias\\\/\",\"https:\\\/\\\/x.com\\\/Exaudi_noticias\",\"https:\\\/\\\/www.youtube.com\\\/@exaudicatholicnews\"],\"url\":\"https:\\\/\\\/exaudi.org\\\/es\\\/author\\\/redaccionexaudi\\\/\"}]}<\/script>\n<!-- \/ Yoast SEO plugin. -->","yoast_head_json":{"title":"Venezuela: Pastoral Universitaria celebra 1\u00aa Asamblea Nacional &#8211; Exaudi","description":"Venezuela: La Pastoral Universitaria del pa\u00eds celebrar\u00e1 su primera Asamblea Nacional de Pastoral Universitaria el pr\u00f3ximo 14 de mayo","robots":{"index":"index","follow":"follow","max-snippet":"max-snippet:-1","max-image-preview":"max-image-preview:large","max-video-preview":"max-video-preview:-1"},"canonical":"https:\/\/exaudi.org\/es\/venezuela-pastoral-universitaria-celebra-1a-asamblea-nacional\/","og_locale":"es_ES","og_type":"article","og_title":"Venezuela: Pastoral Universitaria celebra 1\u00aa Asamblea Nacional &#8211; Exaudi","og_description":"Venezuela: La Pastoral Universitaria del pa\u00eds celebrar\u00e1 su primera Asamblea Nacional de Pastoral Universitaria el pr\u00f3ximo 14 de mayo","og_url":"https:\/\/exaudi.org\/es\/venezuela-pastoral-universitaria-celebra-1a-asamblea-nacional\/","og_site_name":"Exaudi","article_publisher":"https:\/\/www.facebook.com\/ExaudiNews","article_author":"https:\/\/www.facebook.com\/ExaudiNoticias\/","article_published_time":"2021-05-07T10:39:06+00:00","article_modified_time":"2021-05-07T10:40:05+00:00","og_image":[{"width":1186,"height":623,"url":"https:\/\/exaudi.org\/wp-content\/uploads\/2021\/05\/Jovenes-CELAM.jpeg","type":"image\/jpeg"}],"author":"Exaudi Redacci\u00f3n","twitter_card":"summary_large_image","twitter_creator":"@Exaudi_noticias","twitter_site":"@Exaudi_News","twitter_misc":{"Escrito por":"Exaudi Redacci\u00f3n","Tiempo de lectura":"2 minutos"},"schema":{"@context":"https:\/\/schema.org","@graph":[{"@type":"Article","@id":"https:\/\/exaudi.org\/es\/venezuela-pastoral-universitaria-celebra-1a-asamblea-nacional\/#article","isPartOf":{"@id":"https:\/\/exaudi.org\/es\/venezuela-pastoral-universitaria-celebra-1a-asamblea-nacional\/"},"author":{"name":"Exaudi Redacci\u00f3n","@id":"https:\/\/exaudi.org\/#\/schema\/person\/f5fc8f063065e38742da7afe15f25df7"},"headline":"Venezuela: Pastoral Universitaria celebra 1\u00aa Asamblea Nacional","datePublished":"2021-05-07T10:39:06+00:00","dateModified":"2021-05-07T10:40:05+00:00","mainEntityOfPage":{"@id":"https:\/\/exaudi.org\/es\/venezuela-pastoral-universitaria-celebra-1a-asamblea-nacional\/"},"wordCount":336,"commentCount":0,"image":{"@id":"https:\/\/exaudi.org\/es\/venezuela-pastoral-universitaria-celebra-1a-asamblea-nacional\/#primaryimage"},"thumbnailUrl":"https:\/\/exaudi.org\/wp-content\/uploads\/2021\/05\/Jovenes-CELAM.jpeg","keywords":["Asamblea Nacional","J\u00f3venes","Pastoral Universitaria","Venezuela"],"articleSection":["Iglesia Local","J\u00f3venes","\u00daltimas noticias"],"inLanguage":"es","potentialAction":[{"@type":"CommentAction","name":"Comment","target":["https:\/\/exaudi.org\/es\/venezuela-pastoral-universitaria-celebra-1a-asamblea-nacional\/#respond"]}]},{"@type":"WebPage","@id":"https:\/\/exaudi.org\/es\/venezuela-pastoral-universitaria-celebra-1a-asamblea-nacional\/","url":"https:\/\/exaudi.org\/es\/venezuela-pastoral-universitaria-celebra-1a-asamblea-nacional\/","name":"Venezuela: Pastoral Universitaria celebra 1\u00aa Asamblea Nacional &#8211; Exaudi","isPartOf":{"@id":"https:\/\/exaudi.org\/#website"},"primaryImageOfPage":{"@id":"https:\/\/exaudi.org\/es\/venezuela-pastoral-universitaria-celebra-1a-asamblea-nacional\/#primaryimage"},"image":{"@id":"https:\/\/exaudi.org\/es\/venezuela-pastoral-universitaria-celebra-1a-asamblea-nacional\/#primaryimage"},"thumbnailUrl":"https:\/\/exaudi.org\/wp-content\/uploads\/2021\/05\/Jovenes-CELAM.jpeg","datePublished":"2021-05-07T10:39:06+00:00","dateModified":"2021-05-07T10:40:05+00:00","author":{"@id":"https:\/\/exaudi.org\/#\/schema\/person\/f5fc8f063065e38742da7afe15f25df7"},"description":"Venezuela: La Pastoral Universitaria del pa\u00eds celebrar\u00e1 su primera Asamblea Nacional de Pastoral Universitaria el pr\u00f3ximo 14 de mayo","breadcrumb":{"@id":"https:\/\/exaudi.org\/es\/venezuela-pastoral-universitaria-celebra-1a-asamblea-nacional\/#breadcrumb"},"inLanguage":"es","potentialAction":[{"@type":"ReadAction","target":["https:\/\/exaudi.org\/es\/venezuela-pastoral-universitaria-celebra-1a-asamblea-nacional\/"]}]},{"@type":"ImageObject","inLanguage":"es","@id":"https:\/\/exaudi.org\/es\/venezuela-pastoral-universitaria-celebra-1a-asamblea-nacional\/#primaryimage","url":"https:\/\/exaudi.org\/wp-content\/uploads\/2021\/05\/Jovenes-CELAM.jpeg","contentUrl":"https:\/\/exaudi.org\/wp-content\/uploads\/2021\/05\/Jovenes-CELAM.jpeg","width":1186,"height":623,"caption":"J\u00f3venes \u00a9 CELAM"},{"@type":"BreadcrumbList","@id":"https:\/\/exaudi.org\/es\/venezuela-pastoral-universitaria-celebra-1a-asamblea-nacional\/#breadcrumb","itemListElement":[{"@type":"ListItem","position":1,"name":"Portada","item":"https:\/\/exaudi.org\/es\/"},{"@type":"ListItem","position":2,"name":"Venezuela: Pastoral Universitaria celebra 1\u00aa Asamblea Nacional"}]},{"@type":"WebSite","@id":"https:\/\/exaudi.org\/#website","url":"https:\/\/exaudi.org\/","name":"Exaudi","description":"News","potentialAction":[{"@type":"SearchAction","target":{"@type":"EntryPoint","urlTemplate":"https:\/\/exaudi.org\/?s={search_term_string}"},"query-input":{"@type":"PropertyValueSpecification","valueRequired":true,"valueName":"search_term_string"}}],"inLanguage":"es"},{"@type":"Person","@id":"https:\/\/exaudi.org\/#\/schema\/person\/f5fc8f063065e38742da7afe15f25df7","name":"Exaudi Redacci\u00f3n","image":{"@type":"ImageObject","inLanguage":"es","@id":"https:\/\/secure.gravatar.com\/avatar\/fe0f6a059fb68d9b3e11bc5850dd4899b1c7492091a3cb6dd9b01b56ad828be2?s=96&d=mm&r=g","url":"https:\/\/secure.gravatar.com\/avatar\/fe0f6a059fb68d9b3e11bc5850dd4899b1c7492091a3cb6dd9b01b56ad828be2?s=96&d=mm&r=g","contentUrl":"https:\/\/secure.gravatar.com\/avatar\/fe0f6a059fb68d9b3e11bc5850dd4899b1c7492091a3cb6dd9b01b56ad828be2?s=96&d=mm&r=g","caption":"Exaudi Redacci\u00f3n"},"description":"\u00bfQu\u00e9 es Exaudi News? Exaudi News es un medio de comunicaci\u00f3n cat\u00f3lico internacional que informa, forma y transforma, diariamente en espa\u00f1ol, ingl\u00e9s e italiano. A trav\u00e9s de noticias, art\u00edculos de an\u00e1lisis y transmisiones en directo de los eventos del Papa, Exaudi busca fortalecer la unidad de los cristianos y contribuir a la evangelizaci\u00f3n del mundo, siempre guiados por la doctrina social de la Iglesia. Trabajamos para acercar la verdad y los valores cristianos a cada rinc\u00f3n del planeta. \u00a1Ay\u00fadanos a transformar el mundo con Exaudi! En Exaudi creemos que la evangelizaci\u00f3n y la informaci\u00f3n de calidad pueden cambiar vidas. Para continuar con nuestra misi\u00f3n y expandir nuestro alcance, necesitamos tu ayuda. Adem\u00e1s, buscamos personas comprometidas que deseen unirse a nuestro equipo. Con tu apoyo, lograremos llegar a m\u00e1s personas, difundir el mensaje de Cristo y reforzar la unidad de los cristianos. \u00bfTe unes a nuestra misi\u00f3n? Para m\u00e1s informaci\u00f3n sobre c\u00f3mo colaborar, visita Exaudi.org\/es o cont\u00e1ctanos directamente: info@exaudi.org Exaudi: Informa, forma y transforma.","sameAs":["https:\/\/www.facebook.com\/ExaudiNoticias\/","https:\/\/www.instagram.com\/exaudi_noticias\/","https:\/\/x.com\/Exaudi_noticias","https:\/\/www.youtube.com\/@exaudicatholicnews"],"url":"https:\/\/exaudi.org\/es\/author\/redaccionexaudi\/"}]}},"jetpack_featured_media_url":"https:\/\/exaudi.org\/wp-content\/uploads\/2021\/05\/Jovenes-CELAM.jpeg","jetpack_shortlink":"https:\/\/wp.me\/pgKjF2-45g","_links":{"self":[{"href":"https:\/\/exaudi.org\/es\/wp-json\/wp\/v2\/posts\/15702","targetHints":{"allow":["GET"]}}],"collection":[{"href":"https:\/\/exaudi.org\/es\/wp-json\/wp\/v2\/posts"}],"about":[{"href":"https:\/\/exaudi.org\/es\/wp-json\/wp\/v2\/types\/post"}],"author":[{"embeddable":true,"href":"https:\/\/exaudi.org\/es\/wp-json\/wp\/v2\/users\/15"}],"replies":[{"embeddable":true,"href":"https:\/\/exaudi.org\/es\/wp-json\/wp\/v2\/comments?post=15702"}],"version-history":[{"count":0,"href":"https:\/\/exaudi.org\/es\/wp-json\/wp\/v2\/posts\/15702\/revisions"}],"wp:featuredmedia":[{"embeddable":true,"href":"https:\/\/exaudi.org\/es\/wp-json\/wp\/v2\/media\/15703"}],"wp:attachment":[{"href":"https:\/\/exaudi.org\/es\/wp-json\/wp\/v2\/media?parent=15702"}],"wp:term":[{"taxonomy":"category","embeddable":true,"href":"https:\/\/exaudi.org\/es\/wp-json\/wp\/v2\/categories?post=15702"},{"taxonomy":"post_tag","embeddable":true,"href":"https:\/\/exaudi.org\/es\/wp-json\/wp\/v2\/tags?post=15702"}],"curies":[{"name":"wp","href":"https:\/\/api.w.org\/{rel}","templated":true}]}}