{"id":15698,"date":"2021-05-07T13:38:01","date_gmt":"2021-05-07T11:38:01","guid":{"rendered":"https:\/\/exaudi.org\/?p=15698"},"modified":"2021-05-10T10:02:04","modified_gmt":"2021-05-10T08:02:04","slug":"mexico-mensaje-obispos-elecciones-2021","status":"publish","type":"post","link":"https:\/\/exaudi.org\/es\/mexico-mensaje-obispos-elecciones-2021\/","title":{"rendered":"M\u00e9xico: Mensaje de los obispos por las elecciones 2021"},"content":{"rendered":"<p>Los obispos de la <a href=\"https:\/\/www.cem.org.mx\/\" target=\"_blank\" rel=\"noopener noreferrer\">Conferencia Episcopal de M\u00e9xico (CEM)<\/a> enviaron ayer, jueves 6 de mayo de 2021, un <a href=\"https:\/\/exaudi.org\/es\/mexico-mensaje-de-obispos-tras-cx-asamblea-plenaria\/\" target=\"_blank\" rel=\"noopener noreferrer\">mensaje<\/a> con motivo de las elecciones que se celebrar\u00e1n en el pa\u00eds en pr\u00f3ximo mes de junio. A trav\u00e9s de ocho puntos, el episcopado se dirige a \u201ctodos los hombres y mujeres de buena voluntad que compartimos nacionalidad, historia y cultura mexicanas\u201d<\/p>\n<h4><strong>Llamamiento a votar<\/strong><\/h4>\n<p>Al comienzo del documento, titulado \u201celegir con libertad para exigir con responsabilidad\u201d, los prelados animan a todo el pueblo mexicano, sin distinci\u00f3n de credo e ideolog\u00eda, \u201ca la m\u00e1s amplia participaci\u00f3n\u201d. Para los creyentes, afirman, \u201ces un deber moral ineludible\u201d.<\/p>\n<p>La jornada electoral de el mes de junio, explican, es un \u201cmomento crucial para definir el presente y el futuro de nuestro pa\u00eds. Por ello, es preciso que todos ejerzamos nuestro voto de manera libre, secreta y en conciencia, entendiendo que cada voto cuenta\u201d.<\/p>\n<h4><strong>Gu\u00eda de la Iglesia<\/strong><\/h4>\n<p>La CEM subraya la importancia de que los ministros de la Iglesia no hagan \u201cpropaganda o proselitismo a favor o en contra de cualquier candidato, agrupaci\u00f3n o partido pol\u00edtico\u201d. En este sentido, prosiguen, \u201ctodos estamos llamados a formar nuestra conciencia y a proponer y defender con libertad y creatividad los valores esenciales que configuran el bien com\u00fan, sin los cuales, hasta la misma democracia puede estar en riesgo\u201d.<\/p>\n<p>De este modo, en el mensaje se exhorta a \u201ctodo el pueblo de M\u00e9xico a realizar un esfuerzo de discernimiento con el objetivo de optar por quienes puedan realizar el aut\u00e9ntico bien com\u00fan\u201d, y a los creyentes a \u201csumarse con la oraci\u00f3n y la debida colaboraci\u00f3n para pedir luz en el discernimiento personal y para que los comicios y sus eventuales controversias, se realicen de manera ordenada, pac\u00edfica y con el m\u00e1s estricto apego a Derecho\u201d.<\/p>\n<h4><strong>Criterios de ayuda<\/strong><\/h4>\n<p>Los obispos ofrecen a los mexicanos algunas pautas de discernimiento como \u201cbuscar el bien posible, es decir, hay que discernir qu\u00e9 partido o candidato realiza el bien com\u00fan en las circunstancias concretas\u201d, evitando a toda costa basar la elecci\u00f3n en el mal menor, ya que el mal, moralmente no puede ser elegido nunca ni como fin ni como medio\u201d.<\/p>\n<p>Asimismo, se\u00f1alan la importancia de informarse sobre los programas pol\u00edticos de los candidatos, y tambi\u00e9n formar rectamente la conciencia sobre aspectos trascendentales como la dignidad humana, la defensa de la vida, la muerte natural, el matrimonio y la familia, la libertad religiosa o los pobres. Para cerrar este punto, animan a evitar \u201cactitudes como la apat\u00eda y la indiferencia\u201d y la manipulaci\u00f3n del voto.<\/p>\n<h4><strong>Naci\u00f3n plural<\/strong><\/h4>\n<p>Los pastores mexicanos sostienen que la pol\u00edtica debe construirse \u201cdesde la fraternidad y la amistad social, buscando acuerdos y no fracturas, como nos ense\u00f1a el Papa Francisco\u201d, que brote \u201cdel pueblo, de sus valores y de su historia, es decir, de la naci\u00f3n\u201d, en cuyo origen est\u00e1 el \u201cmestizaje \u00e9tnico y cultural, y que ha buscado caminos de reconciliaci\u00f3n y de aut\u00e9ntica soberan\u00eda a trav\u00e9s de la historia\u201d.<\/p>\n<p>\u201cAmar y servir al pa\u00eds nos debe llevar al respeto de todos y no caer en el riesgo de fomentar o incurrir en descalificaciones irracionales, agresiones o actos de venganza, lo cual no construye la atm\u00f3sfera que hoy necesita nuestra naci\u00f3n\u201d, concluyen.<\/p>\n","protected":false},"excerpt":{"rendered":"<p>Animan a votar<\/p>\n","protected":false},"author":6,"featured_media":15725,"comment_status":"closed","ping_status":"closed","sticky":false,"template":"","format":"standard","meta":{"_acf_changed":false,"_crdt_document":"","inline_featured_image":false,"footnotes":""},"categories":[86,298],"tags":[2193,946],"class_list":["post-15698","post","type-post","status-publish","format-standard","has-post-thumbnail","hentry","category-iglesia-local","category-ultimas-noticias","tag-conferencia-episcopal-de-mexico-cem","tag-elecciones-generales-2021"],"acf":[],"yoast_head":"<!-- This site is optimized with the Yoast SEO plugin v27.5 - https:\/\/yoast.com\/product\/yoast-seo-wordpress\/ -->\n<title>M\u00e9xico: Mensaje de los obispos por las elecciones 2021 - Exaudi<\/title>\n<meta name=\"description\" content=\"Los obispos de M\u00e9xico enviaron ayer un mensaje mensaje con motivo de las elecciones que se celebrar\u00e1n en el pa\u00eds en pr\u00f3ximo mes de junio.\" \/>\n<meta name=\"robots\" content=\"index, follow, max-snippet:-1, max-image-preview:large, max-video-preview:-1\" \/>\n<link rel=\"canonical\" href=\"https:\/\/exaudi.org\/es\/mexico-mensaje-obispos-elecciones-2021\/\" \/>\n<meta property=\"og:locale\" content=\"es_ES\" \/>\n<meta property=\"og:type\" content=\"article\" \/>\n<meta property=\"og:title\" content=\"M\u00e9xico: Mensaje de los obispos por las elecciones 2021 - Exaudi\" \/>\n<meta property=\"og:description\" content=\"Los obispos de M\u00e9xico enviaron ayer un mensaje mensaje con motivo de las elecciones que se celebrar\u00e1n en el pa\u00eds en pr\u00f3ximo mes de junio.\" \/>\n<meta property=\"og:url\" content=\"https:\/\/exaudi.org\/es\/mexico-mensaje-obispos-elecciones-2021\/\" \/>\n<meta property=\"og:site_name\" content=\"Exaudi\" \/>\n<meta property=\"article:publisher\" content=\"https:\/\/www.facebook.com\/ExaudiNews\" \/>\n<meta property=\"article:published_time\" content=\"2021-05-07T11:38:01+00:00\" \/>\n<meta property=\"article:modified_time\" content=\"2021-05-10T08:02:04+00:00\" \/>\n<meta property=\"og:image\" content=\"https:\/\/exaudi.org\/wp-content\/uploads\/2021\/05\/5e5e5e.jpeg\" \/>\n\t<meta property=\"og:image:width\" content=\"724\" \/>\n\t<meta property=\"og:image:height\" content=\"407\" \/>\n\t<meta property=\"og:image:type\" content=\"image\/jpeg\" \/>\n<meta name=\"author\" content=\"Gabriel Sales\" \/>\n<meta name=\"twitter:card\" content=\"summary_large_image\" \/>\n<meta name=\"twitter:creator\" content=\"@habemusman\" \/>\n<meta name=\"twitter:site\" content=\"@Exaudi_News\" \/>\n<meta name=\"twitter:label1\" content=\"Escrito por\" \/>\n\t<meta name=\"twitter:data1\" content=\"Gabriel Sales\" \/>\n\t<meta name=\"twitter:label2\" content=\"Tiempo de lectura\" \/>\n\t<meta name=\"twitter:data2\" content=\"3 minutos\" \/>\n<script type=\"application\/ld+json\" class=\"yoast-schema-graph\">{\"@context\":\"https:\\\/\\\/schema.org\",\"@graph\":[{\"@type\":\"Article\",\"@id\":\"https:\\\/\\\/exaudi.org\\\/es\\\/mexico-mensaje-obispos-elecciones-2021\\\/#article\",\"isPartOf\":{\"@id\":\"https:\\\/\\\/exaudi.org\\\/es\\\/mexico-mensaje-obispos-elecciones-2021\\\/\"},\"author\":{\"name\":\"Gabriel Sales\",\"@id\":\"https:\\\/\\\/exaudi.org\\\/#\\\/schema\\\/person\\\/d134b96438278131ce90c90c03fda6cd\"},\"headline\":\"M\u00e9xico: Mensaje de los obispos por las elecciones 2021\",\"datePublished\":\"2021-05-07T11:38:01+00:00\",\"dateModified\":\"2021-05-10T08:02:04+00:00\",\"mainEntityOfPage\":{\"@id\":\"https:\\\/\\\/exaudi.org\\\/es\\\/mexico-mensaje-obispos-elecciones-2021\\\/\"},\"wordCount\":579,\"image\":{\"@id\":\"https:\\\/\\\/exaudi.org\\\/es\\\/mexico-mensaje-obispos-elecciones-2021\\\/#primaryimage\"},\"thumbnailUrl\":\"https:\\\/\\\/exaudi.org\\\/wp-content\\\/uploads\\\/2021\\\/05\\\/5e5e5e.jpeg\",\"keywords\":[\"Conferencia Episcopal de M\u00e9xico (CEM)\",\"Elecciones generales 2021\"],\"articleSection\":[\"Iglesia Local\",\"\u00daltimas noticias\"],\"inLanguage\":\"es\"},{\"@type\":\"WebPage\",\"@id\":\"https:\\\/\\\/exaudi.org\\\/es\\\/mexico-mensaje-obispos-elecciones-2021\\\/\",\"url\":\"https:\\\/\\\/exaudi.org\\\/es\\\/mexico-mensaje-obispos-elecciones-2021\\\/\",\"name\":\"M\u00e9xico: Mensaje de los obispos por las elecciones 2021 - Exaudi\",\"isPartOf\":{\"@id\":\"https:\\\/\\\/exaudi.org\\\/#website\"},\"primaryImageOfPage\":{\"@id\":\"https:\\\/\\\/exaudi.org\\\/es\\\/mexico-mensaje-obispos-elecciones-2021\\\/#primaryimage\"},\"image\":{\"@id\":\"https:\\\/\\\/exaudi.org\\\/es\\\/mexico-mensaje-obispos-elecciones-2021\\\/#primaryimage\"},\"thumbnailUrl\":\"https:\\\/\\\/exaudi.org\\\/wp-content\\\/uploads\\\/2021\\\/05\\\/5e5e5e.jpeg\",\"datePublished\":\"2021-05-07T11:38:01+00:00\",\"dateModified\":\"2021-05-10T08:02:04+00:00\",\"author\":{\"@id\":\"https:\\\/\\\/exaudi.org\\\/#\\\/schema\\\/person\\\/d134b96438278131ce90c90c03fda6cd\"},\"description\":\"Los obispos de M\u00e9xico enviaron ayer un mensaje mensaje con motivo de las elecciones que se celebrar\u00e1n en el pa\u00eds en pr\u00f3ximo mes de junio.\",\"breadcrumb\":{\"@id\":\"https:\\\/\\\/exaudi.org\\\/es\\\/mexico-mensaje-obispos-elecciones-2021\\\/#breadcrumb\"},\"inLanguage\":\"es\",\"potentialAction\":[{\"@type\":\"ReadAction\",\"target\":[\"https:\\\/\\\/exaudi.org\\\/es\\\/mexico-mensaje-obispos-elecciones-2021\\\/\"]}]},{\"@type\":\"ImageObject\",\"inLanguage\":\"es\",\"@id\":\"https:\\\/\\\/exaudi.org\\\/es\\\/mexico-mensaje-obispos-elecciones-2021\\\/#primaryimage\",\"url\":\"https:\\\/\\\/exaudi.org\\\/wp-content\\\/uploads\\\/2021\\\/05\\\/5e5e5e.jpeg\",\"contentUrl\":\"https:\\\/\\\/exaudi.org\\\/wp-content\\\/uploads\\\/2021\\\/05\\\/5e5e5e.jpeg\",\"width\":724,\"height\":407,\"caption\":\"Grupo de mexicanos en las elecciones \u00a9 Vatican Media\"},{\"@type\":\"BreadcrumbList\",\"@id\":\"https:\\\/\\\/exaudi.org\\\/es\\\/mexico-mensaje-obispos-elecciones-2021\\\/#breadcrumb\",\"itemListElement\":[{\"@type\":\"ListItem\",\"position\":1,\"name\":\"Portada\",\"item\":\"https:\\\/\\\/exaudi.org\\\/es\\\/\"},{\"@type\":\"ListItem\",\"position\":2,\"name\":\"M\u00e9xico: Mensaje de los obispos por las elecciones 2021\"}]},{\"@type\":\"WebSite\",\"@id\":\"https:\\\/\\\/exaudi.org\\\/#website\",\"url\":\"https:\\\/\\\/exaudi.org\\\/\",\"name\":\"Exaudi\",\"description\":\"News\",\"potentialAction\":[{\"@type\":\"SearchAction\",\"target\":{\"@type\":\"EntryPoint\",\"urlTemplate\":\"https:\\\/\\\/exaudi.org\\\/?s={search_term_string}\"},\"query-input\":{\"@type\":\"PropertyValueSpecification\",\"valueRequired\":true,\"valueName\":\"search_term_string\"}}],\"inLanguage\":\"es\"},{\"@type\":\"Person\",\"@id\":\"https:\\\/\\\/exaudi.org\\\/#\\\/schema\\\/person\\\/d134b96438278131ce90c90c03fda6cd\",\"name\":\"Gabriel Sales\",\"image\":{\"@type\":\"ImageObject\",\"inLanguage\":\"es\",\"@id\":\"https:\\\/\\\/secure.gravatar.com\\\/avatar\\\/9b1269566f6a063ed26ffb3532b66a373cdde231ce5d0effb266167437fdaffd?s=96&d=mm&r=g\",\"url\":\"https:\\\/\\\/secure.gravatar.com\\\/avatar\\\/9b1269566f6a063ed26ffb3532b66a373cdde231ce5d0effb266167437fdaffd?s=96&d=mm&r=g\",\"contentUrl\":\"https:\\\/\\\/secure.gravatar.com\\\/avatar\\\/9b1269566f6a063ed26ffb3532b66a373cdde231ce5d0effb266167437fdaffd?s=96&d=mm&r=g\",\"caption\":\"Gabriel Sales\"},\"description\":\"Periodista y especialista en Comunicaci\u00f3n y Branding digital. Cin\u00e9filo y cr\u00edtico de cine y series de televisi\u00f3n.\",\"sameAs\":[\"https:\\\/\\\/www.instagram.com\\\/cine90segundos\\\/\",\"www.linkedin.com\\\/in\\\/habemusman\",\"https:\\\/\\\/x.com\\\/habemusman\",\"https:\\\/\\\/www.youtube.com\\\/channel\\\/UCVfCiOMkJ_C7T7OpyjuaLDg\"],\"url\":\"https:\\\/\\\/exaudi.org\\\/es\\\/author\\\/gsalesexaudi-org\\\/\"}]}<\/script>\n<!-- \/ Yoast SEO plugin. -->","yoast_head_json":{"title":"M\u00e9xico: Mensaje de los obispos por las elecciones 2021 - Exaudi","description":"Los obispos de M\u00e9xico enviaron ayer un mensaje mensaje con motivo de las elecciones que se celebrar\u00e1n en el pa\u00eds en pr\u00f3ximo mes de junio.","robots":{"index":"index","follow":"follow","max-snippet":"max-snippet:-1","max-image-preview":"max-image-preview:large","max-video-preview":"max-video-preview:-1"},"canonical":"https:\/\/exaudi.org\/es\/mexico-mensaje-obispos-elecciones-2021\/","og_locale":"es_ES","og_type":"article","og_title":"M\u00e9xico: Mensaje de los obispos por las elecciones 2021 - Exaudi","og_description":"Los obispos de M\u00e9xico enviaron ayer un mensaje mensaje con motivo de las elecciones que se celebrar\u00e1n en el pa\u00eds en pr\u00f3ximo mes de junio.","og_url":"https:\/\/exaudi.org\/es\/mexico-mensaje-obispos-elecciones-2021\/","og_site_name":"Exaudi","article_publisher":"https:\/\/www.facebook.com\/ExaudiNews","article_published_time":"2021-05-07T11:38:01+00:00","article_modified_time":"2021-05-10T08:02:04+00:00","og_image":[{"width":724,"height":407,"url":"https:\/\/exaudi.org\/wp-content\/uploads\/2021\/05\/5e5e5e.jpeg","type":"image\/jpeg"}],"author":"Gabriel Sales","twitter_card":"summary_large_image","twitter_creator":"@habemusman","twitter_site":"@Exaudi_News","twitter_misc":{"Escrito por":"Gabriel Sales","Tiempo de lectura":"3 minutos"},"schema":{"@context":"https:\/\/schema.org","@graph":[{"@type":"Article","@id":"https:\/\/exaudi.org\/es\/mexico-mensaje-obispos-elecciones-2021\/#article","isPartOf":{"@id":"https:\/\/exaudi.org\/es\/mexico-mensaje-obispos-elecciones-2021\/"},"author":{"name":"Gabriel Sales","@id":"https:\/\/exaudi.org\/#\/schema\/person\/d134b96438278131ce90c90c03fda6cd"},"headline":"M\u00e9xico: Mensaje de los obispos por las elecciones 2021","datePublished":"2021-05-07T11:38:01+00:00","dateModified":"2021-05-10T08:02:04+00:00","mainEntityOfPage":{"@id":"https:\/\/exaudi.org\/es\/mexico-mensaje-obispos-elecciones-2021\/"},"wordCount":579,"image":{"@id":"https:\/\/exaudi.org\/es\/mexico-mensaje-obispos-elecciones-2021\/#primaryimage"},"thumbnailUrl":"https:\/\/exaudi.org\/wp-content\/uploads\/2021\/05\/5e5e5e.jpeg","keywords":["Conferencia Episcopal de M\u00e9xico (CEM)","Elecciones generales 2021"],"articleSection":["Iglesia Local","\u00daltimas noticias"],"inLanguage":"es"},{"@type":"WebPage","@id":"https:\/\/exaudi.org\/es\/mexico-mensaje-obispos-elecciones-2021\/","url":"https:\/\/exaudi.org\/es\/mexico-mensaje-obispos-elecciones-2021\/","name":"M\u00e9xico: Mensaje de los obispos por las elecciones 2021 - Exaudi","isPartOf":{"@id":"https:\/\/exaudi.org\/#website"},"primaryImageOfPage":{"@id":"https:\/\/exaudi.org\/es\/mexico-mensaje-obispos-elecciones-2021\/#primaryimage"},"image":{"@id":"https:\/\/exaudi.org\/es\/mexico-mensaje-obispos-elecciones-2021\/#primaryimage"},"thumbnailUrl":"https:\/\/exaudi.org\/wp-content\/uploads\/2021\/05\/5e5e5e.jpeg","datePublished":"2021-05-07T11:38:01+00:00","dateModified":"2021-05-10T08:02:04+00:00","author":{"@id":"https:\/\/exaudi.org\/#\/schema\/person\/d134b96438278131ce90c90c03fda6cd"},"description":"Los obispos de M\u00e9xico enviaron ayer un mensaje mensaje con motivo de las elecciones que se celebrar\u00e1n en el pa\u00eds en pr\u00f3ximo mes de junio.","breadcrumb":{"@id":"https:\/\/exaudi.org\/es\/mexico-mensaje-obispos-elecciones-2021\/#breadcrumb"},"inLanguage":"es","potentialAction":[{"@type":"ReadAction","target":["https:\/\/exaudi.org\/es\/mexico-mensaje-obispos-elecciones-2021\/"]}]},{"@type":"ImageObject","inLanguage":"es","@id":"https:\/\/exaudi.org\/es\/mexico-mensaje-obispos-elecciones-2021\/#primaryimage","url":"https:\/\/exaudi.org\/wp-content\/uploads\/2021\/05\/5e5e5e.jpeg","contentUrl":"https:\/\/exaudi.org\/wp-content\/uploads\/2021\/05\/5e5e5e.jpeg","width":724,"height":407,"caption":"Grupo de mexicanos en las elecciones \u00a9 Vatican Media"},{"@type":"BreadcrumbList","@id":"https:\/\/exaudi.org\/es\/mexico-mensaje-obispos-elecciones-2021\/#breadcrumb","itemListElement":[{"@type":"ListItem","position":1,"name":"Portada","item":"https:\/\/exaudi.org\/es\/"},{"@type":"ListItem","position":2,"name":"M\u00e9xico: Mensaje de los obispos por las elecciones 2021"}]},{"@type":"WebSite","@id":"https:\/\/exaudi.org\/#website","url":"https:\/\/exaudi.org\/","name":"Exaudi","description":"News","potentialAction":[{"@type":"SearchAction","target":{"@type":"EntryPoint","urlTemplate":"https:\/\/exaudi.org\/?s={search_term_string}"},"query-input":{"@type":"PropertyValueSpecification","valueRequired":true,"valueName":"search_term_string"}}],"inLanguage":"es"},{"@type":"Person","@id":"https:\/\/exaudi.org\/#\/schema\/person\/d134b96438278131ce90c90c03fda6cd","name":"Gabriel Sales","image":{"@type":"ImageObject","inLanguage":"es","@id":"https:\/\/secure.gravatar.com\/avatar\/9b1269566f6a063ed26ffb3532b66a373cdde231ce5d0effb266167437fdaffd?s=96&d=mm&r=g","url":"https:\/\/secure.gravatar.com\/avatar\/9b1269566f6a063ed26ffb3532b66a373cdde231ce5d0effb266167437fdaffd?s=96&d=mm&r=g","contentUrl":"https:\/\/secure.gravatar.com\/avatar\/9b1269566f6a063ed26ffb3532b66a373cdde231ce5d0effb266167437fdaffd?s=96&d=mm&r=g","caption":"Gabriel Sales"},"description":"Periodista y especialista en Comunicaci\u00f3n y Branding digital. Cin\u00e9filo y cr\u00edtico de cine y series de televisi\u00f3n.","sameAs":["https:\/\/www.instagram.com\/cine90segundos\/","www.linkedin.com\/in\/habemusman","https:\/\/x.com\/habemusman","https:\/\/www.youtube.com\/channel\/UCVfCiOMkJ_C7T7OpyjuaLDg"],"url":"https:\/\/exaudi.org\/es\/author\/gsalesexaudi-org\/"}]}},"jetpack_featured_media_url":"https:\/\/exaudi.org\/wp-content\/uploads\/2021\/05\/5e5e5e.jpeg","jetpack_shortlink":"https:\/\/wp.me\/pgKjF2-45c","_links":{"self":[{"href":"https:\/\/exaudi.org\/es\/wp-json\/wp\/v2\/posts\/15698","targetHints":{"allow":["GET"]}}],"collection":[{"href":"https:\/\/exaudi.org\/es\/wp-json\/wp\/v2\/posts"}],"about":[{"href":"https:\/\/exaudi.org\/es\/wp-json\/wp\/v2\/types\/post"}],"author":[{"embeddable":true,"href":"https:\/\/exaudi.org\/es\/wp-json\/wp\/v2\/users\/6"}],"replies":[{"embeddable":true,"href":"https:\/\/exaudi.org\/es\/wp-json\/wp\/v2\/comments?post=15698"}],"version-history":[{"count":0,"href":"https:\/\/exaudi.org\/es\/wp-json\/wp\/v2\/posts\/15698\/revisions"}],"wp:featuredmedia":[{"embeddable":true,"href":"https:\/\/exaudi.org\/es\/wp-json\/wp\/v2\/media\/15725"}],"wp:attachment":[{"href":"https:\/\/exaudi.org\/es\/wp-json\/wp\/v2\/media?parent=15698"}],"wp:term":[{"taxonomy":"category","embeddable":true,"href":"https:\/\/exaudi.org\/es\/wp-json\/wp\/v2\/categories?post=15698"},{"taxonomy":"post_tag","embeddable":true,"href":"https:\/\/exaudi.org\/es\/wp-json\/wp\/v2\/tags?post=15698"}],"curies":[{"name":"wp","href":"https:\/\/api.w.org\/{rel}","templated":true}]}}