{"id":156865,"date":"2026-02-09T08:05:21","date_gmt":"2026-02-09T07:05:21","guid":{"rendered":"https:\/\/exaudi.org\/?p=156865"},"modified":"2026-02-09T12:34:52","modified_gmt":"2026-02-09T11:34:52","slug":"el-papa-leon-xiv-visitara-espana-en-2026-arranca-la-preparacion-de-un-viaje-historico","status":"publish","type":"post","link":"https:\/\/exaudi.org\/es\/el-papa-leon-xiv-visitara-espana-en-2026-arranca-la-preparacion-de-un-viaje-historico\/","title":{"rendered":"El Papa Le\u00f3n XIV visitar\u00e1 Espa\u00f1a en 2026: arranca la preparaci\u00f3n de un viaje hist\u00f3rico"},"content":{"rendered":"<p dir=\"auto\">La Iglesia en Espa\u00f1a vive d\u00edas de intensa actividad preparatoria. El Papa Le\u00f3n XIV ha manifestado su deseo de visitar nuestro pa\u00eds durante 2026, en lo que ser\u00eda uno de sus primeros viajes internacionales tras su elecci\u00f3n. Aunque las fechas exactas, el itinerario definitivo y la agenda completa a\u00fan no est\u00e1n confirmados oficialmente por la Santa Sede, los obispos espa\u00f1oles muestran un optimismo fundado y ya han comenzado los trabajos organizativos.<\/p>\n<p dir=\"auto\">El anuncio ha cobrado fuerza especialmente a trav\u00e9s de la web oficial <a href=\"https:\/\/conelpapa.es\/visita_papa_leon\" target=\"_blank\" rel=\"noopener noreferrer nofollow\">conelpapa.es<\/a>, lanzada recientemente para centralizar toda la informaci\u00f3n y canalizar la colaboraci\u00f3n de fieles y voluntarios. En ella se detallan los diferentes comit\u00e9s diocesanos y nacionales ya constituidos: desde el Comit\u00e9 Nacional de Coordinaci\u00f3n (CNC) y la Conferencia Episcopal Espa\u00f1ola (CEE), hasta los equipos espec\u00edficos de Madrid, Barcelona, Canarias y Tenerife.<\/p>\n<p dir=\"auto\">Uno de los nombres propios que m\u00e1s atenci\u00f3n ha despertado es el de <a href=\"https:\/\/www.linkedin.com\/in\/yago-de-la-cierva-a-de-sotomayor-07707a22\/\" target=\"_blank\" rel=\"noopener\"><strong>Yago de la Cierva<\/strong><\/a>, quien fuera uno de los responsables clave de la Jornada Mundial de la Juventud (JMJ) Madrid 2011. En una publicaci\u00f3n en <a href=\"https:\/\/www.linkedin.com\/feed\/update\/urn:li:activity:7426313626824790016\/?originTrackingId=Exs6fPa1yfHR1zUCKkykHQ%3D%3D\" target=\"_blank\" rel=\"noopener\">LinkedIn<\/a> que r\u00e1pidamente se ha viralizado, De la Cierva explica con entusiasmo:<\/p>\n<p dir=\"auto\" style=\"text-align: center;\"><em><strong>\u201cEl Papa Le\u00f3n XIV viene a Espa\u00f1a \u00a1Qu\u00e9 suerte tengo! 15 a\u00f1os despu\u00e9s de haber trabajado en la organizaci\u00f3n de la Jornada Mundial de la Juventud de Madrid, el Papa quiere volver a Espa\u00f1a y el arzobispo de Madrid me ha pedido que colabore en la organizaci\u00f3n de la visita de Le\u00f3n XIV a nuestro pa\u00eds.\u201d<\/strong><\/em><\/p>\n<p dir=\"auto\">Seg\u00fan relata, el cardenal <strong>Jos\u00e9 Cobo Cano<\/strong>, arzobispo de Madrid, ha decidido aprovechar la experiencia del equipo que organiz\u00f3 aquella JMJ con tanto \u00e9xito. Entre los \u201cveteranos\u201d ya confirmados figuran nombres como Fernando Gim\u00e9nez Barriocanal, Rafael Rubio, Paula Rodr\u00edguez, Javier Sobrino y Mariano Rodr\u00edguez, junto al \u00e1rea de Pastoral de la archidi\u00f3cesis, liderada por Laura Moreno. Pronto se incorporar\u00e1n muchos m\u00e1s colaboradores en las distintas sedes previstas.<\/p>\n<p dir=\"auto\">El Papa Le\u00f3n XIV habr\u00eda elegido Espa\u00f1a entre numerosas invitaciones internacionales \u2014incluyendo sus propios pa\u00edses de v\u00ednculo personal\u2014 por razones que a\u00fan no se han explicitado del todo. \u201c<em>No s\u00e9 si viene porque nos tiene una especial predilecci\u00f3n o porque lo necesitamos m\u00e1s que otros, pero \u00a1el hecho es que viene!<\/em>\u201d, escribe De la Cierva.<\/p>\n<p dir=\"auto\">El mensaje central del pont\u00edfice durante la visita ser\u00e1 doble: confirmar en la fe a los cat\u00f3licos y transmitir a toda la sociedad un mensaje de <strong>conciliaci\u00f3n, esperanza y paz<\/strong>, especialmente necesario en el contexto actual. Como recuerda el organizador citando a Nietzsche \u2014\u201c<em>el secreto del \u00e9xito de una fiesta no est\u00e1 ni en el lugar, ni en la comida, ni en la m\u00fasica, sino en los invitados\u201d\u2014, se espera que \u201ctodo el mundo est\u00e9 invitado<\/em>\u201d a este encuentro.<\/p>\n<p dir=\"auto\">Desde el punto de vista log\u00edstico, el desaf\u00edo es may\u00fasculo: se prev\u00e9 la participaci\u00f3n de cientos de miles de personas en los actos principales, lo que requerir\u00e1 acondicionar grandes espacios abiertos o estadios, infraestructuras de seguridad, transporte y atenci\u00f3n pastoral. Importante: los organizadores han dejado claro que <strong>no se solicitar\u00e1 financiaci\u00f3n p\u00fablica al Estado<\/strong>, por lo que todo depender\u00e1 de donaciones, voluntariado y aportaciones privadas.<\/p>\n<p dir=\"auto\">Por eso el llamamiento es expl\u00edcito y urgente:<\/p>\n<p dir=\"auto\" style=\"text-align: center;\"><em><strong>\u201cNecesitamos muchas cabezas, muchas manos y muchos bolsillos. [\u2026] Si quieres echarnos un cable, de un modo o de otro, echa un vistazo a la web oficial, conelpapa.es, deja tu email y te diremos c\u00f3mo hacerlo. \u00a1Gracias por adelantado!\u201d<\/strong><\/em><\/p>\n<p dir=\"auto\">La visita de Le\u00f3n XIV se inscribe en una larga tradici\u00f3n de viajes papales a Espa\u00f1a que han dejado huella profunda en la vida de la Iglesia y del pa\u00eds. Si finalmente se confirma \u2014y todo indica que los plazos avanzan con rapidez\u2014, 2026 ser\u00e1 recordado como el a\u00f1o en que un Papa de ra\u00edces americanas y latinoamericanas regres\u00f3 para encontrarse con la Iglesia espa\u00f1ola en un momento clave de su historia contempor\u00e1nea.<\/p>\n<p dir=\"auto\">Mientras se esperan los anuncios oficiales del Vaticano, la maquinaria ya est\u00e1 en marcha. La invitaci\u00f3n est\u00e1 lanzada: prepar\u00e9monos para recibir al Papa Le\u00f3n XIV.<\/p>\n","protected":false},"excerpt":{"rendered":"<p>Un equipo experimentado, liderado por veteranos de la JMJ Madrid 2011, se pone en marcha para recibir al pont\u00edfice americano-peruano en Madrid, Barcelona y Canarias<\/p>\n","protected":false},"author":15,"featured_media":156867,"comment_status":"closed","ping_status":"closed","sticky":false,"template":"","format":"standard","meta":{"_acf_changed":false,"_crdt_document":"","inline_featured_image":false,"footnotes":""},"categories":[],"tags":[94175,94160,94170,94166,94162,94174,94164,94159,94169,9414,94156,94171,94167,94157,94172,94163,94176,94173,94165,94155,94161,94168,94158],"class_list":["post-156865","post","type-post","status-publish","format-standard","has-post-thumbnail","hentry","tag-anuncio-visita-papa","tag-arzobispo-madrid","tag-cardenal-cobo","tag-conciliacion-esperanza-paz","tag-conelpapa-es","tag-iglesia-catolica-espana","tag-iglesia-espana-2026","tag-jmj-madrid-2011","tag-jmj-veteranos-2011","tag-jose-cobo-cano","tag-leon-xiv-espana","tag-leon-xiv-madrid","tag-organizacion-visita-papal","tag-papa-americano-peru","tag-papa-latinoamericano-espana","tag-papa-leon-xiv-2026","tag-papa-leon-xiv-itinerario","tag-peregrinacion-espana-2026","tag-viaje-papa-madrid-barcelona-canarias","tag-visita-papa-espana-2026","tag-visita-papal-espana","tag-voluntarios-papa-espana","tag-yago-de-la-cierva"],"acf":[],"yoast_head":"<!-- This site is optimized with the Yoast SEO plugin v27.4 - https:\/\/yoast.com\/product\/yoast-seo-wordpress\/ -->\n<title>El Papa Le\u00f3n XIV visitar\u00e1 Espa\u00f1a en 2026: arranca la preparaci\u00f3n de un viaje hist\u00f3rico &#8211; Exaudi<\/title>\n<meta name=\"robots\" content=\"index, follow, max-snippet:-1, max-image-preview:large, max-video-preview:-1\" \/>\n<link rel=\"canonical\" href=\"https:\/\/exaudi.org\/es\/el-papa-leon-xiv-visitara-espana-en-2026-arranca-la-preparacion-de-un-viaje-historico\/\" \/>\n<meta property=\"og:locale\" content=\"es_ES\" \/>\n<meta property=\"og:type\" content=\"article\" \/>\n<meta property=\"og:title\" content=\"El Papa Le\u00f3n XIV visitar\u00e1 Espa\u00f1a en 2026: arranca la preparaci\u00f3n de un viaje hist\u00f3rico &#8211; Exaudi\" \/>\n<meta property=\"og:description\" content=\"Un equipo experimentado, liderado por veteranos de la JMJ Madrid 2011, se pone en marcha para recibir al pont\u00edfice americano-peruano en Madrid, Barcelona y Canarias\" \/>\n<meta property=\"og:url\" content=\"https:\/\/exaudi.org\/es\/el-papa-leon-xiv-visitara-espana-en-2026-arranca-la-preparacion-de-un-viaje-historico\/\" \/>\n<meta property=\"og:site_name\" content=\"Exaudi\" \/>\n<meta property=\"article:publisher\" content=\"https:\/\/www.facebook.com\/ExaudiNews\" \/>\n<meta property=\"article:author\" content=\"https:\/\/www.facebook.com\/ExaudiNoticias\/\" \/>\n<meta property=\"article:published_time\" content=\"2026-02-09T07:05:21+00:00\" \/>\n<meta property=\"article:modified_time\" content=\"2026-02-09T11:34:52+00:00\" \/>\n<meta property=\"og:image\" content=\"https:\/\/exaudi.org\/wp-content\/uploads\/2026\/02\/Con-el-Papa.jpg\" \/>\n\t<meta property=\"og:image:width\" content=\"1455\" \/>\n\t<meta property=\"og:image:height\" content=\"590\" \/>\n\t<meta property=\"og:image:type\" content=\"image\/jpeg\" \/>\n<meta name=\"author\" content=\"Exaudi Redacci\u00f3n\" \/>\n<meta name=\"twitter:card\" content=\"summary_large_image\" \/>\n<meta name=\"twitter:creator\" content=\"@Exaudi_noticias\" \/>\n<meta name=\"twitter:site\" content=\"@Exaudi_News\" \/>\n<meta name=\"twitter:label1\" content=\"Escrito por\" \/>\n\t<meta name=\"twitter:data1\" content=\"Exaudi Redacci\u00f3n\" \/>\n\t<meta name=\"twitter:label2\" content=\"Tiempo de lectura\" \/>\n\t<meta name=\"twitter:data2\" content=\"4 minutos\" \/>\n<script type=\"application\/ld+json\" class=\"yoast-schema-graph\">{\"@context\":\"https:\\\/\\\/schema.org\",\"@graph\":[{\"@type\":\"Article\",\"@id\":\"https:\\\/\\\/exaudi.org\\\/es\\\/el-papa-leon-xiv-visitara-espana-en-2026-arranca-la-preparacion-de-un-viaje-historico\\\/#article\",\"isPartOf\":{\"@id\":\"https:\\\/\\\/exaudi.org\\\/es\\\/el-papa-leon-xiv-visitara-espana-en-2026-arranca-la-preparacion-de-un-viaje-historico\\\/\"},\"author\":{\"name\":\"Exaudi Redacci\u00f3n\",\"@id\":\"https:\\\/\\\/exaudi.org\\\/#\\\/schema\\\/person\\\/f5fc8f063065e38742da7afe15f25df7\"},\"headline\":\"El Papa Le\u00f3n XIV visitar\u00e1 Espa\u00f1a en 2026: arranca la preparaci\u00f3n de un viaje hist\u00f3rico\",\"datePublished\":\"2026-02-09T07:05:21+00:00\",\"dateModified\":\"2026-02-09T11:34:52+00:00\",\"mainEntityOfPage\":{\"@id\":\"https:\\\/\\\/exaudi.org\\\/es\\\/el-papa-leon-xiv-visitara-espana-en-2026-arranca-la-preparacion-de-un-viaje-historico\\\/\"},\"wordCount\":734,\"image\":{\"@id\":\"https:\\\/\\\/exaudi.org\\\/es\\\/el-papa-leon-xiv-visitara-espana-en-2026-arranca-la-preparacion-de-un-viaje-historico\\\/#primaryimage\"},\"thumbnailUrl\":\"https:\\\/\\\/exaudi.org\\\/wp-content\\\/uploads\\\/2026\\\/02\\\/Con-el-Papa.jpg\",\"keywords\":[\"anuncio visita Papa\",\"arzobispo Madrid\",\"cardenal Cobo\",\"conciliaci\u00f3n esperanza paz\",\"conelpapa.es\",\"Iglesia cat\u00f3lica Espa\u00f1a\",\"Iglesia Espa\u00f1a 2026\",\"JMJ Madrid 2011\",\"JMJ veteranos 2011\",\"Jos\u00e9 Cobo Cano\",\"Le\u00f3n XIV Espa\u00f1a\",\"Le\u00f3n XIV Madrid\",\"organizaci\u00f3n visita papal\",\"Papa americano Per\u00fa\",\"Papa latinoamericano Espa\u00f1a\",\"Papa Le\u00f3n XIV 2026\",\"Papa Le\u00f3n XIV itinerario\",\"peregrinaci\u00f3n Espa\u00f1a 2026\",\"viaje Papa Madrid Barcelona Canarias\",\"visita Papa Espa\u00f1a 2026\",\"visita papal Espa\u00f1a\",\"voluntarios Papa Espa\u00f1a\",\"Yago de la Cierva\"],\"inLanguage\":\"es\"},{\"@type\":\"WebPage\",\"@id\":\"https:\\\/\\\/exaudi.org\\\/es\\\/el-papa-leon-xiv-visitara-espana-en-2026-arranca-la-preparacion-de-un-viaje-historico\\\/\",\"url\":\"https:\\\/\\\/exaudi.org\\\/es\\\/el-papa-leon-xiv-visitara-espana-en-2026-arranca-la-preparacion-de-un-viaje-historico\\\/\",\"name\":\"El Papa Le\u00f3n XIV visitar\u00e1 Espa\u00f1a en 2026: arranca la preparaci\u00f3n de un viaje hist\u00f3rico &#8211; Exaudi\",\"isPartOf\":{\"@id\":\"https:\\\/\\\/exaudi.org\\\/#website\"},\"primaryImageOfPage\":{\"@id\":\"https:\\\/\\\/exaudi.org\\\/es\\\/el-papa-leon-xiv-visitara-espana-en-2026-arranca-la-preparacion-de-un-viaje-historico\\\/#primaryimage\"},\"image\":{\"@id\":\"https:\\\/\\\/exaudi.org\\\/es\\\/el-papa-leon-xiv-visitara-espana-en-2026-arranca-la-preparacion-de-un-viaje-historico\\\/#primaryimage\"},\"thumbnailUrl\":\"https:\\\/\\\/exaudi.org\\\/wp-content\\\/uploads\\\/2026\\\/02\\\/Con-el-Papa.jpg\",\"datePublished\":\"2026-02-09T07:05:21+00:00\",\"dateModified\":\"2026-02-09T11:34:52+00:00\",\"author\":{\"@id\":\"https:\\\/\\\/exaudi.org\\\/#\\\/schema\\\/person\\\/f5fc8f063065e38742da7afe15f25df7\"},\"breadcrumb\":{\"@id\":\"https:\\\/\\\/exaudi.org\\\/es\\\/el-papa-leon-xiv-visitara-espana-en-2026-arranca-la-preparacion-de-un-viaje-historico\\\/#breadcrumb\"},\"inLanguage\":\"es\",\"potentialAction\":[{\"@type\":\"ReadAction\",\"target\":[\"https:\\\/\\\/exaudi.org\\\/es\\\/el-papa-leon-xiv-visitara-espana-en-2026-arranca-la-preparacion-de-un-viaje-historico\\\/\"]}]},{\"@type\":\"ImageObject\",\"inLanguage\":\"es\",\"@id\":\"https:\\\/\\\/exaudi.org\\\/es\\\/el-papa-leon-xiv-visitara-espana-en-2026-arranca-la-preparacion-de-un-viaje-historico\\\/#primaryimage\",\"url\":\"https:\\\/\\\/exaudi.org\\\/wp-content\\\/uploads\\\/2026\\\/02\\\/Con-el-Papa.jpg\",\"contentUrl\":\"https:\\\/\\\/exaudi.org\\\/wp-content\\\/uploads\\\/2026\\\/02\\\/Con-el-Papa.jpg\",\"width\":1455,\"height\":590},{\"@type\":\"BreadcrumbList\",\"@id\":\"https:\\\/\\\/exaudi.org\\\/es\\\/el-papa-leon-xiv-visitara-espana-en-2026-arranca-la-preparacion-de-un-viaje-historico\\\/#breadcrumb\",\"itemListElement\":[{\"@type\":\"ListItem\",\"position\":1,\"name\":\"Portada\",\"item\":\"https:\\\/\\\/exaudi.org\\\/es\\\/\"},{\"@type\":\"ListItem\",\"position\":2,\"name\":\"El Papa Le\u00f3n XIV visitar\u00e1 Espa\u00f1a en 2026: arranca la preparaci\u00f3n de un viaje hist\u00f3rico\"}]},{\"@type\":\"WebSite\",\"@id\":\"https:\\\/\\\/exaudi.org\\\/#website\",\"url\":\"https:\\\/\\\/exaudi.org\\\/\",\"name\":\"Exaudi\",\"description\":\"News\",\"potentialAction\":[{\"@type\":\"SearchAction\",\"target\":{\"@type\":\"EntryPoint\",\"urlTemplate\":\"https:\\\/\\\/exaudi.org\\\/?s={search_term_string}\"},\"query-input\":{\"@type\":\"PropertyValueSpecification\",\"valueRequired\":true,\"valueName\":\"search_term_string\"}}],\"inLanguage\":\"es\"},{\"@type\":\"Person\",\"@id\":\"https:\\\/\\\/exaudi.org\\\/#\\\/schema\\\/person\\\/f5fc8f063065e38742da7afe15f25df7\",\"name\":\"Exaudi Redacci\u00f3n\",\"image\":{\"@type\":\"ImageObject\",\"inLanguage\":\"es\",\"@id\":\"https:\\\/\\\/secure.gravatar.com\\\/avatar\\\/fe0f6a059fb68d9b3e11bc5850dd4899b1c7492091a3cb6dd9b01b56ad828be2?s=96&d=mm&r=g\",\"url\":\"https:\\\/\\\/secure.gravatar.com\\\/avatar\\\/fe0f6a059fb68d9b3e11bc5850dd4899b1c7492091a3cb6dd9b01b56ad828be2?s=96&d=mm&r=g\",\"contentUrl\":\"https:\\\/\\\/secure.gravatar.com\\\/avatar\\\/fe0f6a059fb68d9b3e11bc5850dd4899b1c7492091a3cb6dd9b01b56ad828be2?s=96&d=mm&r=g\",\"caption\":\"Exaudi Redacci\u00f3n\"},\"description\":\"\u00bfQu\u00e9 es Exaudi News? Exaudi News es un medio de comunicaci\u00f3n cat\u00f3lico internacional que informa, forma y transforma, diariamente en espa\u00f1ol, ingl\u00e9s e italiano. A trav\u00e9s de noticias, art\u00edculos de an\u00e1lisis y transmisiones en directo de los eventos del Papa, Exaudi busca fortalecer la unidad de los cristianos y contribuir a la evangelizaci\u00f3n del mundo, siempre guiados por la doctrina social de la Iglesia. Trabajamos para acercar la verdad y los valores cristianos a cada rinc\u00f3n del planeta. \u00a1Ay\u00fadanos a transformar el mundo con Exaudi! En Exaudi creemos que la evangelizaci\u00f3n y la informaci\u00f3n de calidad pueden cambiar vidas. Para continuar con nuestra misi\u00f3n y expandir nuestro alcance, necesitamos tu ayuda. Adem\u00e1s, buscamos personas comprometidas que deseen unirse a nuestro equipo. Con tu apoyo, lograremos llegar a m\u00e1s personas, difundir el mensaje de Cristo y reforzar la unidad de los cristianos. \u00bfTe unes a nuestra misi\u00f3n? Para m\u00e1s informaci\u00f3n sobre c\u00f3mo colaborar, visita Exaudi.org\\\/es o cont\u00e1ctanos directamente: info@exaudi.org Exaudi: Informa, forma y transforma.\",\"sameAs\":[\"https:\\\/\\\/www.facebook.com\\\/ExaudiNoticias\\\/\",\"https:\\\/\\\/www.instagram.com\\\/exaudi_noticias\\\/\",\"https:\\\/\\\/x.com\\\/Exaudi_noticias\",\"https:\\\/\\\/www.youtube.com\\\/@exaudicatholicnews\"],\"url\":\"https:\\\/\\\/exaudi.org\\\/es\\\/author\\\/redaccionexaudi\\\/\"}]}<\/script>\n<!-- \/ Yoast SEO plugin. -->","yoast_head_json":{"title":"El Papa Le\u00f3n XIV visitar\u00e1 Espa\u00f1a en 2026: arranca la preparaci\u00f3n de un viaje hist\u00f3rico &#8211; Exaudi","robots":{"index":"index","follow":"follow","max-snippet":"max-snippet:-1","max-image-preview":"max-image-preview:large","max-video-preview":"max-video-preview:-1"},"canonical":"https:\/\/exaudi.org\/es\/el-papa-leon-xiv-visitara-espana-en-2026-arranca-la-preparacion-de-un-viaje-historico\/","og_locale":"es_ES","og_type":"article","og_title":"El Papa Le\u00f3n XIV visitar\u00e1 Espa\u00f1a en 2026: arranca la preparaci\u00f3n de un viaje hist\u00f3rico &#8211; Exaudi","og_description":"Un equipo experimentado, liderado por veteranos de la JMJ Madrid 2011, se pone en marcha para recibir al pont\u00edfice americano-peruano en Madrid, Barcelona y Canarias","og_url":"https:\/\/exaudi.org\/es\/el-papa-leon-xiv-visitara-espana-en-2026-arranca-la-preparacion-de-un-viaje-historico\/","og_site_name":"Exaudi","article_publisher":"https:\/\/www.facebook.com\/ExaudiNews","article_author":"https:\/\/www.facebook.com\/ExaudiNoticias\/","article_published_time":"2026-02-09T07:05:21+00:00","article_modified_time":"2026-02-09T11:34:52+00:00","og_image":[{"width":1455,"height":590,"url":"https:\/\/exaudi.org\/wp-content\/uploads\/2026\/02\/Con-el-Papa.jpg","type":"image\/jpeg"}],"author":"Exaudi Redacci\u00f3n","twitter_card":"summary_large_image","twitter_creator":"@Exaudi_noticias","twitter_site":"@Exaudi_News","twitter_misc":{"Escrito por":"Exaudi Redacci\u00f3n","Tiempo de lectura":"4 minutos"},"schema":{"@context":"https:\/\/schema.org","@graph":[{"@type":"Article","@id":"https:\/\/exaudi.org\/es\/el-papa-leon-xiv-visitara-espana-en-2026-arranca-la-preparacion-de-un-viaje-historico\/#article","isPartOf":{"@id":"https:\/\/exaudi.org\/es\/el-papa-leon-xiv-visitara-espana-en-2026-arranca-la-preparacion-de-un-viaje-historico\/"},"author":{"name":"Exaudi Redacci\u00f3n","@id":"https:\/\/exaudi.org\/#\/schema\/person\/f5fc8f063065e38742da7afe15f25df7"},"headline":"El Papa Le\u00f3n XIV visitar\u00e1 Espa\u00f1a en 2026: arranca la preparaci\u00f3n de un viaje hist\u00f3rico","datePublished":"2026-02-09T07:05:21+00:00","dateModified":"2026-02-09T11:34:52+00:00","mainEntityOfPage":{"@id":"https:\/\/exaudi.org\/es\/el-papa-leon-xiv-visitara-espana-en-2026-arranca-la-preparacion-de-un-viaje-historico\/"},"wordCount":734,"image":{"@id":"https:\/\/exaudi.org\/es\/el-papa-leon-xiv-visitara-espana-en-2026-arranca-la-preparacion-de-un-viaje-historico\/#primaryimage"},"thumbnailUrl":"https:\/\/exaudi.org\/wp-content\/uploads\/2026\/02\/Con-el-Papa.jpg","keywords":["anuncio visita Papa","arzobispo Madrid","cardenal Cobo","conciliaci\u00f3n esperanza paz","conelpapa.es","Iglesia cat\u00f3lica Espa\u00f1a","Iglesia Espa\u00f1a 2026","JMJ Madrid 2011","JMJ veteranos 2011","Jos\u00e9 Cobo Cano","Le\u00f3n XIV Espa\u00f1a","Le\u00f3n XIV Madrid","organizaci\u00f3n visita papal","Papa americano Per\u00fa","Papa latinoamericano Espa\u00f1a","Papa Le\u00f3n XIV 2026","Papa Le\u00f3n XIV itinerario","peregrinaci\u00f3n Espa\u00f1a 2026","viaje Papa Madrid Barcelona Canarias","visita Papa Espa\u00f1a 2026","visita papal Espa\u00f1a","voluntarios Papa Espa\u00f1a","Yago de la Cierva"],"inLanguage":"es"},{"@type":"WebPage","@id":"https:\/\/exaudi.org\/es\/el-papa-leon-xiv-visitara-espana-en-2026-arranca-la-preparacion-de-un-viaje-historico\/","url":"https:\/\/exaudi.org\/es\/el-papa-leon-xiv-visitara-espana-en-2026-arranca-la-preparacion-de-un-viaje-historico\/","name":"El Papa Le\u00f3n XIV visitar\u00e1 Espa\u00f1a en 2026: arranca la preparaci\u00f3n de un viaje hist\u00f3rico &#8211; Exaudi","isPartOf":{"@id":"https:\/\/exaudi.org\/#website"},"primaryImageOfPage":{"@id":"https:\/\/exaudi.org\/es\/el-papa-leon-xiv-visitara-espana-en-2026-arranca-la-preparacion-de-un-viaje-historico\/#primaryimage"},"image":{"@id":"https:\/\/exaudi.org\/es\/el-papa-leon-xiv-visitara-espana-en-2026-arranca-la-preparacion-de-un-viaje-historico\/#primaryimage"},"thumbnailUrl":"https:\/\/exaudi.org\/wp-content\/uploads\/2026\/02\/Con-el-Papa.jpg","datePublished":"2026-02-09T07:05:21+00:00","dateModified":"2026-02-09T11:34:52+00:00","author":{"@id":"https:\/\/exaudi.org\/#\/schema\/person\/f5fc8f063065e38742da7afe15f25df7"},"breadcrumb":{"@id":"https:\/\/exaudi.org\/es\/el-papa-leon-xiv-visitara-espana-en-2026-arranca-la-preparacion-de-un-viaje-historico\/#breadcrumb"},"inLanguage":"es","potentialAction":[{"@type":"ReadAction","target":["https:\/\/exaudi.org\/es\/el-papa-leon-xiv-visitara-espana-en-2026-arranca-la-preparacion-de-un-viaje-historico\/"]}]},{"@type":"ImageObject","inLanguage":"es","@id":"https:\/\/exaudi.org\/es\/el-papa-leon-xiv-visitara-espana-en-2026-arranca-la-preparacion-de-un-viaje-historico\/#primaryimage","url":"https:\/\/exaudi.org\/wp-content\/uploads\/2026\/02\/Con-el-Papa.jpg","contentUrl":"https:\/\/exaudi.org\/wp-content\/uploads\/2026\/02\/Con-el-Papa.jpg","width":1455,"height":590},{"@type":"BreadcrumbList","@id":"https:\/\/exaudi.org\/es\/el-papa-leon-xiv-visitara-espana-en-2026-arranca-la-preparacion-de-un-viaje-historico\/#breadcrumb","itemListElement":[{"@type":"ListItem","position":1,"name":"Portada","item":"https:\/\/exaudi.org\/es\/"},{"@type":"ListItem","position":2,"name":"El Papa Le\u00f3n XIV visitar\u00e1 Espa\u00f1a en 2026: arranca la preparaci\u00f3n de un viaje hist\u00f3rico"}]},{"@type":"WebSite","@id":"https:\/\/exaudi.org\/#website","url":"https:\/\/exaudi.org\/","name":"Exaudi","description":"News","potentialAction":[{"@type":"SearchAction","target":{"@type":"EntryPoint","urlTemplate":"https:\/\/exaudi.org\/?s={search_term_string}"},"query-input":{"@type":"PropertyValueSpecification","valueRequired":true,"valueName":"search_term_string"}}],"inLanguage":"es"},{"@type":"Person","@id":"https:\/\/exaudi.org\/#\/schema\/person\/f5fc8f063065e38742da7afe15f25df7","name":"Exaudi Redacci\u00f3n","image":{"@type":"ImageObject","inLanguage":"es","@id":"https:\/\/secure.gravatar.com\/avatar\/fe0f6a059fb68d9b3e11bc5850dd4899b1c7492091a3cb6dd9b01b56ad828be2?s=96&d=mm&r=g","url":"https:\/\/secure.gravatar.com\/avatar\/fe0f6a059fb68d9b3e11bc5850dd4899b1c7492091a3cb6dd9b01b56ad828be2?s=96&d=mm&r=g","contentUrl":"https:\/\/secure.gravatar.com\/avatar\/fe0f6a059fb68d9b3e11bc5850dd4899b1c7492091a3cb6dd9b01b56ad828be2?s=96&d=mm&r=g","caption":"Exaudi Redacci\u00f3n"},"description":"\u00bfQu\u00e9 es Exaudi News? Exaudi News es un medio de comunicaci\u00f3n cat\u00f3lico internacional que informa, forma y transforma, diariamente en espa\u00f1ol, ingl\u00e9s e italiano. A trav\u00e9s de noticias, art\u00edculos de an\u00e1lisis y transmisiones en directo de los eventos del Papa, Exaudi busca fortalecer la unidad de los cristianos y contribuir a la evangelizaci\u00f3n del mundo, siempre guiados por la doctrina social de la Iglesia. Trabajamos para acercar la verdad y los valores cristianos a cada rinc\u00f3n del planeta. \u00a1Ay\u00fadanos a transformar el mundo con Exaudi! En Exaudi creemos que la evangelizaci\u00f3n y la informaci\u00f3n de calidad pueden cambiar vidas. Para continuar con nuestra misi\u00f3n y expandir nuestro alcance, necesitamos tu ayuda. Adem\u00e1s, buscamos personas comprometidas que deseen unirse a nuestro equipo. Con tu apoyo, lograremos llegar a m\u00e1s personas, difundir el mensaje de Cristo y reforzar la unidad de los cristianos. \u00bfTe unes a nuestra misi\u00f3n? Para m\u00e1s informaci\u00f3n sobre c\u00f3mo colaborar, visita Exaudi.org\/es o cont\u00e1ctanos directamente: info@exaudi.org Exaudi: Informa, forma y transforma.","sameAs":["https:\/\/www.facebook.com\/ExaudiNoticias\/","https:\/\/www.instagram.com\/exaudi_noticias\/","https:\/\/x.com\/Exaudi_noticias","https:\/\/www.youtube.com\/@exaudicatholicnews"],"url":"https:\/\/exaudi.org\/es\/author\/redaccionexaudi\/"}]}},"jetpack_featured_media_url":"https:\/\/exaudi.org\/wp-content\/uploads\/2026\/02\/Con-el-Papa.jpg","jetpack_shortlink":"https:\/\/wp.me\/pgKjF2-EO5","_links":{"self":[{"href":"https:\/\/exaudi.org\/es\/wp-json\/wp\/v2\/posts\/156865","targetHints":{"allow":["GET"]}}],"collection":[{"href":"https:\/\/exaudi.org\/es\/wp-json\/wp\/v2\/posts"}],"about":[{"href":"https:\/\/exaudi.org\/es\/wp-json\/wp\/v2\/types\/post"}],"author":[{"embeddable":true,"href":"https:\/\/exaudi.org\/es\/wp-json\/wp\/v2\/users\/15"}],"replies":[{"embeddable":true,"href":"https:\/\/exaudi.org\/es\/wp-json\/wp\/v2\/comments?post=156865"}],"version-history":[{"count":2,"href":"https:\/\/exaudi.org\/es\/wp-json\/wp\/v2\/posts\/156865\/revisions"}],"predecessor-version":[{"id":156870,"href":"https:\/\/exaudi.org\/es\/wp-json\/wp\/v2\/posts\/156865\/revisions\/156870"}],"wp:featuredmedia":[{"embeddable":true,"href":"https:\/\/exaudi.org\/es\/wp-json\/wp\/v2\/media\/156867"}],"wp:attachment":[{"href":"https:\/\/exaudi.org\/es\/wp-json\/wp\/v2\/media?parent=156865"}],"wp:term":[{"taxonomy":"category","embeddable":true,"href":"https:\/\/exaudi.org\/es\/wp-json\/wp\/v2\/categories?post=156865"},{"taxonomy":"post_tag","embeddable":true,"href":"https:\/\/exaudi.org\/es\/wp-json\/wp\/v2\/tags?post=156865"}],"curies":[{"name":"wp","href":"https:\/\/api.w.org\/{rel}","templated":true}]}}