{"id":15684,"date":"2021-05-07T12:02:28","date_gmt":"2021-05-07T10:02:28","guid":{"rendered":"https:\/\/exaudi.org\/?p=15684"},"modified":"2021-05-07T16:14:39","modified_gmt":"2021-05-07T14:14:39","slug":"costa-rica-acceso-libre-anticoncepcion-emergencia","status":"publish","type":"post","link":"https:\/\/exaudi.org\/es\/costa-rica-acceso-libre-anticoncepcion-emergencia\/","title":{"rendered":"Costa Rica: Acceso libre a anticoncepci\u00f3n de emergencia"},"content":{"rendered":"<p>Los <a href=\"https:\/\/exaudi.org\/es\/costa-rica-obispos-llaman-respetar-cierre-templos-2021\/\" target=\"_blank\" rel=\"noopener noreferrer\">obispos<\/a> de la\u00a0<a href=\"https:\/\/www.facebook.com\/Comunicaci%C3%B3n-Conferencia-Episcopal-de-Costa-Rica-341869476147600\/\">Conferencia Episcopal de Costa Rica\u00a0<\/a>manifiestan su sorpresa ante la aprobaci\u00f3n del acceso libre en centros de salud de la anticoncepci\u00f3n de emergencia, llamada \u2018p\u00edldora del d\u00eda despu\u00e9s\u2019, por parte de la Caja Social de Seguro social del pa\u00eds.<\/p>\n<p>En un comunicado difundido el 5 de mayo de 2021, los prelados indican que esta medida atenta contra el derecho fundamental a la vida, la cual \u201ces sagrada porque desde su inicio comporta la acci\u00f3n creadora de Dios y permanece siempre en una especial relaci\u00f3n con el Creador, su \u00fanico fin. S\u00f3lo Dios es Se\u00f1or de la vida desde su comienzo hasta su t\u00e9rmino: nadie, en ninguna circunstancia, puede atribuirse el derecho de matar de modo directo a un ser humano inocente\u201d.<\/p>\n<h4><strong>Defensa de la vida<\/strong><\/h4>\n<p>La nota expresa la preocupaci\u00f3n de los prelados por \u201clas pol\u00edticas en contra de la defensa de la vida, promovidas en los \u00faltimos a\u00f1os, y especialmente por este Gobierno\u201d, y, en consecuencia, exhortan a los profesionales de la salud \u201ca que puedan dar testimonio de defensa de la vida por medio de la objeci\u00f3n de conciencia\u201d.<\/p>\n<p>Los miembros del episcopado explican que esta pastilla del d\u00eda siguiente \u201cejerce un mecanismo de tipo predominantemente antianidatorio, es decir, que impide que el eventual \u00f3vulo fecundado, que es un embri\u00f3n humano, se implante en la pared uterina\u201d.<\/p>\n<p>Asimismo, piden que \u201cno se permita seguir propiciando condiciones contra la vida del ser m\u00e1s vulnerable que es el embri\u00f3n humano\u201d y les preocupa \u00b7el descenso de la natalidad, que pone en riesgo el futuro de la sociedad\u201d.<\/p>\n<p>\u201cLos efectos de la pandemia est\u00e1n provocando, ahora mismo, estragos en el pa\u00eds, y las cifras de muerte podr\u00edan ser m\u00e1s catastr\u00f3ficas. Una vez m\u00e1s, nuestro llamado de apertura a la vida en todas sus etapas\u201d, insisten los obispos costarricenses.<\/p>\n","protected":false},"excerpt":{"rendered":"<p>Comunicado de los obispos<\/p>\n","protected":false},"author":5,"featured_media":15690,"comment_status":"closed","ping_status":"closed","sticky":false,"template":"","format":"standard","meta":{"_acf_changed":false,"_crdt_document":"","inline_featured_image":false,"footnotes":""},"categories":[86,298],"tags":[],"class_list":["post-15684","post","type-post","status-publish","format-standard","has-post-thumbnail","hentry","category-iglesia-local","category-ultimas-noticias"],"acf":[],"yoast_head":"<!-- This site is optimized with the Yoast SEO plugin v27.5 - https:\/\/yoast.com\/product\/yoast-seo-wordpress\/ -->\n<title>Costa Rica: Acceso libre a anticoncepci\u00f3n de emergencia &#8211; Exaudi<\/title>\n<meta name=\"description\" content=\"Los obispos de Costa Rica\u00a0manifiestan su sorpresa ante la aprobaci\u00f3n del acceso libre en centros de salud de la anticoncepci\u00f3n de emergencia\" \/>\n<meta name=\"robots\" content=\"index, follow, max-snippet:-1, max-image-preview:large, max-video-preview:-1\" \/>\n<link rel=\"canonical\" href=\"https:\/\/exaudi.org\/es\/costa-rica-acceso-libre-anticoncepcion-emergencia\/\" \/>\n<meta property=\"og:locale\" content=\"es_ES\" \/>\n<meta property=\"og:type\" content=\"article\" \/>\n<meta property=\"og:title\" content=\"Costa Rica: Acceso libre a anticoncepci\u00f3n de emergencia &#8211; Exaudi\" \/>\n<meta property=\"og:description\" content=\"Los obispos de Costa Rica\u00a0manifiestan su sorpresa ante la aprobaci\u00f3n del acceso libre en centros de salud de la anticoncepci\u00f3n de emergencia\" \/>\n<meta property=\"og:url\" content=\"https:\/\/exaudi.org\/es\/costa-rica-acceso-libre-anticoncepcion-emergencia\/\" \/>\n<meta property=\"og:site_name\" content=\"Exaudi\" \/>\n<meta property=\"article:publisher\" content=\"https:\/\/www.facebook.com\/ExaudiNews\" \/>\n<meta property=\"article:published_time\" content=\"2021-05-07T10:02:28+00:00\" \/>\n<meta property=\"article:modified_time\" content=\"2021-05-07T14:14:39+00:00\" \/>\n<meta property=\"og:image\" content=\"https:\/\/exaudi.org\/wp-content\/uploads\/2021\/05\/Seguro-Social-Costa-Rica.jpeg\" \/>\n\t<meta property=\"og:image:width\" content=\"1200\" \/>\n\t<meta property=\"og:image:height\" content=\"589\" \/>\n\t<meta property=\"og:image:type\" content=\"image\/jpeg\" \/>\n<meta name=\"author\" content=\"Larissa I. L\u00f3pez\" \/>\n<meta name=\"twitter:card\" content=\"summary_large_image\" \/>\n<meta name=\"twitter:creator\" content=\"@Exaudi_News\" \/>\n<meta name=\"twitter:site\" content=\"@Exaudi_News\" \/>\n<meta name=\"twitter:label1\" content=\"Escrito por\" \/>\n\t<meta name=\"twitter:data1\" content=\"Larissa I. L\u00f3pez\" \/>\n\t<meta name=\"twitter:label2\" content=\"Tiempo de lectura\" \/>\n\t<meta name=\"twitter:data2\" content=\"2 minutos\" \/>\n<script type=\"application\/ld+json\" class=\"yoast-schema-graph\">{\"@context\":\"https:\\\/\\\/schema.org\",\"@graph\":[{\"@type\":\"Article\",\"@id\":\"https:\\\/\\\/exaudi.org\\\/es\\\/costa-rica-acceso-libre-anticoncepcion-emergencia\\\/#article\",\"isPartOf\":{\"@id\":\"https:\\\/\\\/exaudi.org\\\/es\\\/costa-rica-acceso-libre-anticoncepcion-emergencia\\\/\"},\"author\":{\"name\":\"Larissa I. L\u00f3pez\",\"@id\":\"https:\\\/\\\/exaudi.org\\\/#\\\/schema\\\/person\\\/7d2f77db033c2c0929edfab6dbe8c588\"},\"headline\":\"Costa Rica: Acceso libre a anticoncepci\u00f3n de emergencia\",\"datePublished\":\"2021-05-07T10:02:28+00:00\",\"dateModified\":\"2021-05-07T14:14:39+00:00\",\"mainEntityOfPage\":{\"@id\":\"https:\\\/\\\/exaudi.org\\\/es\\\/costa-rica-acceso-libre-anticoncepcion-emergencia\\\/\"},\"wordCount\":333,\"image\":{\"@id\":\"https:\\\/\\\/exaudi.org\\\/es\\\/costa-rica-acceso-libre-anticoncepcion-emergencia\\\/#primaryimage\"},\"thumbnailUrl\":\"https:\\\/\\\/exaudi.org\\\/wp-content\\\/uploads\\\/2021\\\/05\\\/Seguro-Social-Costa-Rica.jpeg\",\"articleSection\":[\"Iglesia Local\",\"\u00daltimas noticias\"],\"inLanguage\":\"es\"},{\"@type\":\"WebPage\",\"@id\":\"https:\\\/\\\/exaudi.org\\\/es\\\/costa-rica-acceso-libre-anticoncepcion-emergencia\\\/\",\"url\":\"https:\\\/\\\/exaudi.org\\\/es\\\/costa-rica-acceso-libre-anticoncepcion-emergencia\\\/\",\"name\":\"Costa Rica: Acceso libre a anticoncepci\u00f3n de emergencia &#8211; Exaudi\",\"isPartOf\":{\"@id\":\"https:\\\/\\\/exaudi.org\\\/#website\"},\"primaryImageOfPage\":{\"@id\":\"https:\\\/\\\/exaudi.org\\\/es\\\/costa-rica-acceso-libre-anticoncepcion-emergencia\\\/#primaryimage\"},\"image\":{\"@id\":\"https:\\\/\\\/exaudi.org\\\/es\\\/costa-rica-acceso-libre-anticoncepcion-emergencia\\\/#primaryimage\"},\"thumbnailUrl\":\"https:\\\/\\\/exaudi.org\\\/wp-content\\\/uploads\\\/2021\\\/05\\\/Seguro-Social-Costa-Rica.jpeg\",\"datePublished\":\"2021-05-07T10:02:28+00:00\",\"dateModified\":\"2021-05-07T14:14:39+00:00\",\"author\":{\"@id\":\"https:\\\/\\\/exaudi.org\\\/#\\\/schema\\\/person\\\/7d2f77db033c2c0929edfab6dbe8c588\"},\"description\":\"Los obispos de Costa Rica\u00a0manifiestan su sorpresa ante la aprobaci\u00f3n del acceso libre en centros de salud de la anticoncepci\u00f3n de emergencia\",\"breadcrumb\":{\"@id\":\"https:\\\/\\\/exaudi.org\\\/es\\\/costa-rica-acceso-libre-anticoncepcion-emergencia\\\/#breadcrumb\"},\"inLanguage\":\"es\",\"potentialAction\":[{\"@type\":\"ReadAction\",\"target\":[\"https:\\\/\\\/exaudi.org\\\/es\\\/costa-rica-acceso-libre-anticoncepcion-emergencia\\\/\"]}]},{\"@type\":\"ImageObject\",\"inLanguage\":\"es\",\"@id\":\"https:\\\/\\\/exaudi.org\\\/es\\\/costa-rica-acceso-libre-anticoncepcion-emergencia\\\/#primaryimage\",\"url\":\"https:\\\/\\\/exaudi.org\\\/wp-content\\\/uploads\\\/2021\\\/05\\\/Seguro-Social-Costa-Rica.jpeg\",\"contentUrl\":\"https:\\\/\\\/exaudi.org\\\/wp-content\\\/uploads\\\/2021\\\/05\\\/Seguro-Social-Costa-Rica.jpeg\",\"width\":1200,\"height\":589,\"caption\":\"Seguro Social Costa Rica \u00a9 CELAM\"},{\"@type\":\"BreadcrumbList\",\"@id\":\"https:\\\/\\\/exaudi.org\\\/es\\\/costa-rica-acceso-libre-anticoncepcion-emergencia\\\/#breadcrumb\",\"itemListElement\":[{\"@type\":\"ListItem\",\"position\":1,\"name\":\"Portada\",\"item\":\"https:\\\/\\\/exaudi.org\\\/es\\\/\"},{\"@type\":\"ListItem\",\"position\":2,\"name\":\"Costa Rica: Acceso libre a anticoncepci\u00f3n de emergencia\"}]},{\"@type\":\"WebSite\",\"@id\":\"https:\\\/\\\/exaudi.org\\\/#website\",\"url\":\"https:\\\/\\\/exaudi.org\\\/\",\"name\":\"Exaudi\",\"description\":\"News\",\"potentialAction\":[{\"@type\":\"SearchAction\",\"target\":{\"@type\":\"EntryPoint\",\"urlTemplate\":\"https:\\\/\\\/exaudi.org\\\/?s={search_term_string}\"},\"query-input\":{\"@type\":\"PropertyValueSpecification\",\"valueRequired\":true,\"valueName\":\"search_term_string\"}}],\"inLanguage\":\"es\"},{\"@type\":\"Person\",\"@id\":\"https:\\\/\\\/exaudi.org\\\/#\\\/schema\\\/person\\\/7d2f77db033c2c0929edfab6dbe8c588\",\"name\":\"Larissa I. L\u00f3pez\",\"image\":{\"@type\":\"ImageObject\",\"inLanguage\":\"es\",\"@id\":\"https:\\\/\\\/secure.gravatar.com\\\/avatar\\\/db3ef399ff343d0bb9d25dc5198bc8ece5ac6d621eca79876697a354dabc1e3f?s=96&d=mm&r=g\",\"url\":\"https:\\\/\\\/secure.gravatar.com\\\/avatar\\\/db3ef399ff343d0bb9d25dc5198bc8ece5ac6d621eca79876697a354dabc1e3f?s=96&d=mm&r=g\",\"contentUrl\":\"https:\\\/\\\/secure.gravatar.com\\\/avatar\\\/db3ef399ff343d0bb9d25dc5198bc8ece5ac6d621eca79876697a354dabc1e3f?s=96&d=mm&r=g\",\"caption\":\"Larissa I. L\u00f3pez\"},\"description\":\"Doctora en Comunicaci\u00f3n. Mi trayectoria profesional ha transcurrido entre el \u00e1mbito de la comunicaci\u00f3n y el de la docencia. En los \u00faltimos a\u00f1os, he trabajado como coordinadora y redactora de la edici\u00f3n de ZENIT en espa\u00f1ol. Como profesora, he impartido clases en la universidad y en centros de FP y bachillerato. Cordobesa de nacimiento, tambi\u00e9n he vivido en Sevilla, Madrid y Roma\",\"url\":\"https:\\\/\\\/exaudi.org\\\/es\\\/author\\\/llopezexaudi-org\\\/\"}]}<\/script>\n<!-- \/ Yoast SEO plugin. -->","yoast_head_json":{"title":"Costa Rica: Acceso libre a anticoncepci\u00f3n de emergencia &#8211; Exaudi","description":"Los obispos de Costa Rica\u00a0manifiestan su sorpresa ante la aprobaci\u00f3n del acceso libre en centros de salud de la anticoncepci\u00f3n de emergencia","robots":{"index":"index","follow":"follow","max-snippet":"max-snippet:-1","max-image-preview":"max-image-preview:large","max-video-preview":"max-video-preview:-1"},"canonical":"https:\/\/exaudi.org\/es\/costa-rica-acceso-libre-anticoncepcion-emergencia\/","og_locale":"es_ES","og_type":"article","og_title":"Costa Rica: Acceso libre a anticoncepci\u00f3n de emergencia &#8211; Exaudi","og_description":"Los obispos de Costa Rica\u00a0manifiestan su sorpresa ante la aprobaci\u00f3n del acceso libre en centros de salud de la anticoncepci\u00f3n de emergencia","og_url":"https:\/\/exaudi.org\/es\/costa-rica-acceso-libre-anticoncepcion-emergencia\/","og_site_name":"Exaudi","article_publisher":"https:\/\/www.facebook.com\/ExaudiNews","article_published_time":"2021-05-07T10:02:28+00:00","article_modified_time":"2021-05-07T14:14:39+00:00","og_image":[{"width":1200,"height":589,"url":"https:\/\/exaudi.org\/wp-content\/uploads\/2021\/05\/Seguro-Social-Costa-Rica.jpeg","type":"image\/jpeg"}],"author":"Larissa I. L\u00f3pez","twitter_card":"summary_large_image","twitter_creator":"@Exaudi_News","twitter_site":"@Exaudi_News","twitter_misc":{"Escrito por":"Larissa I. L\u00f3pez","Tiempo de lectura":"2 minutos"},"schema":{"@context":"https:\/\/schema.org","@graph":[{"@type":"Article","@id":"https:\/\/exaudi.org\/es\/costa-rica-acceso-libre-anticoncepcion-emergencia\/#article","isPartOf":{"@id":"https:\/\/exaudi.org\/es\/costa-rica-acceso-libre-anticoncepcion-emergencia\/"},"author":{"name":"Larissa I. L\u00f3pez","@id":"https:\/\/exaudi.org\/#\/schema\/person\/7d2f77db033c2c0929edfab6dbe8c588"},"headline":"Costa Rica: Acceso libre a anticoncepci\u00f3n de emergencia","datePublished":"2021-05-07T10:02:28+00:00","dateModified":"2021-05-07T14:14:39+00:00","mainEntityOfPage":{"@id":"https:\/\/exaudi.org\/es\/costa-rica-acceso-libre-anticoncepcion-emergencia\/"},"wordCount":333,"image":{"@id":"https:\/\/exaudi.org\/es\/costa-rica-acceso-libre-anticoncepcion-emergencia\/#primaryimage"},"thumbnailUrl":"https:\/\/exaudi.org\/wp-content\/uploads\/2021\/05\/Seguro-Social-Costa-Rica.jpeg","articleSection":["Iglesia Local","\u00daltimas noticias"],"inLanguage":"es"},{"@type":"WebPage","@id":"https:\/\/exaudi.org\/es\/costa-rica-acceso-libre-anticoncepcion-emergencia\/","url":"https:\/\/exaudi.org\/es\/costa-rica-acceso-libre-anticoncepcion-emergencia\/","name":"Costa Rica: Acceso libre a anticoncepci\u00f3n de emergencia &#8211; Exaudi","isPartOf":{"@id":"https:\/\/exaudi.org\/#website"},"primaryImageOfPage":{"@id":"https:\/\/exaudi.org\/es\/costa-rica-acceso-libre-anticoncepcion-emergencia\/#primaryimage"},"image":{"@id":"https:\/\/exaudi.org\/es\/costa-rica-acceso-libre-anticoncepcion-emergencia\/#primaryimage"},"thumbnailUrl":"https:\/\/exaudi.org\/wp-content\/uploads\/2021\/05\/Seguro-Social-Costa-Rica.jpeg","datePublished":"2021-05-07T10:02:28+00:00","dateModified":"2021-05-07T14:14:39+00:00","author":{"@id":"https:\/\/exaudi.org\/#\/schema\/person\/7d2f77db033c2c0929edfab6dbe8c588"},"description":"Los obispos de Costa Rica\u00a0manifiestan su sorpresa ante la aprobaci\u00f3n del acceso libre en centros de salud de la anticoncepci\u00f3n de emergencia","breadcrumb":{"@id":"https:\/\/exaudi.org\/es\/costa-rica-acceso-libre-anticoncepcion-emergencia\/#breadcrumb"},"inLanguage":"es","potentialAction":[{"@type":"ReadAction","target":["https:\/\/exaudi.org\/es\/costa-rica-acceso-libre-anticoncepcion-emergencia\/"]}]},{"@type":"ImageObject","inLanguage":"es","@id":"https:\/\/exaudi.org\/es\/costa-rica-acceso-libre-anticoncepcion-emergencia\/#primaryimage","url":"https:\/\/exaudi.org\/wp-content\/uploads\/2021\/05\/Seguro-Social-Costa-Rica.jpeg","contentUrl":"https:\/\/exaudi.org\/wp-content\/uploads\/2021\/05\/Seguro-Social-Costa-Rica.jpeg","width":1200,"height":589,"caption":"Seguro Social Costa Rica \u00a9 CELAM"},{"@type":"BreadcrumbList","@id":"https:\/\/exaudi.org\/es\/costa-rica-acceso-libre-anticoncepcion-emergencia\/#breadcrumb","itemListElement":[{"@type":"ListItem","position":1,"name":"Portada","item":"https:\/\/exaudi.org\/es\/"},{"@type":"ListItem","position":2,"name":"Costa Rica: Acceso libre a anticoncepci\u00f3n de emergencia"}]},{"@type":"WebSite","@id":"https:\/\/exaudi.org\/#website","url":"https:\/\/exaudi.org\/","name":"Exaudi","description":"News","potentialAction":[{"@type":"SearchAction","target":{"@type":"EntryPoint","urlTemplate":"https:\/\/exaudi.org\/?s={search_term_string}"},"query-input":{"@type":"PropertyValueSpecification","valueRequired":true,"valueName":"search_term_string"}}],"inLanguage":"es"},{"@type":"Person","@id":"https:\/\/exaudi.org\/#\/schema\/person\/7d2f77db033c2c0929edfab6dbe8c588","name":"Larissa I. L\u00f3pez","image":{"@type":"ImageObject","inLanguage":"es","@id":"https:\/\/secure.gravatar.com\/avatar\/db3ef399ff343d0bb9d25dc5198bc8ece5ac6d621eca79876697a354dabc1e3f?s=96&d=mm&r=g","url":"https:\/\/secure.gravatar.com\/avatar\/db3ef399ff343d0bb9d25dc5198bc8ece5ac6d621eca79876697a354dabc1e3f?s=96&d=mm&r=g","contentUrl":"https:\/\/secure.gravatar.com\/avatar\/db3ef399ff343d0bb9d25dc5198bc8ece5ac6d621eca79876697a354dabc1e3f?s=96&d=mm&r=g","caption":"Larissa I. L\u00f3pez"},"description":"Doctora en Comunicaci\u00f3n. Mi trayectoria profesional ha transcurrido entre el \u00e1mbito de la comunicaci\u00f3n y el de la docencia. En los \u00faltimos a\u00f1os, he trabajado como coordinadora y redactora de la edici\u00f3n de ZENIT en espa\u00f1ol. Como profesora, he impartido clases en la universidad y en centros de FP y bachillerato. Cordobesa de nacimiento, tambi\u00e9n he vivido en Sevilla, Madrid y Roma","url":"https:\/\/exaudi.org\/es\/author\/llopezexaudi-org\/"}]}},"jetpack_featured_media_url":"https:\/\/exaudi.org\/wp-content\/uploads\/2021\/05\/Seguro-Social-Costa-Rica.jpeg","jetpack_shortlink":"https:\/\/wp.me\/pgKjF2-44Y","_links":{"self":[{"href":"https:\/\/exaudi.org\/es\/wp-json\/wp\/v2\/posts\/15684","targetHints":{"allow":["GET"]}}],"collection":[{"href":"https:\/\/exaudi.org\/es\/wp-json\/wp\/v2\/posts"}],"about":[{"href":"https:\/\/exaudi.org\/es\/wp-json\/wp\/v2\/types\/post"}],"author":[{"embeddable":true,"href":"https:\/\/exaudi.org\/es\/wp-json\/wp\/v2\/users\/5"}],"replies":[{"embeddable":true,"href":"https:\/\/exaudi.org\/es\/wp-json\/wp\/v2\/comments?post=15684"}],"version-history":[{"count":0,"href":"https:\/\/exaudi.org\/es\/wp-json\/wp\/v2\/posts\/15684\/revisions"}],"wp:featuredmedia":[{"embeddable":true,"href":"https:\/\/exaudi.org\/es\/wp-json\/wp\/v2\/media\/15690"}],"wp:attachment":[{"href":"https:\/\/exaudi.org\/es\/wp-json\/wp\/v2\/media?parent=15684"}],"wp:term":[{"taxonomy":"category","embeddable":true,"href":"https:\/\/exaudi.org\/es\/wp-json\/wp\/v2\/categories?post=15684"},{"taxonomy":"post_tag","embeddable":true,"href":"https:\/\/exaudi.org\/es\/wp-json\/wp\/v2\/tags?post=15684"}],"curies":[{"name":"wp","href":"https:\/\/api.w.org\/{rel}","templated":true}]}}