{"id":15683,"date":"2021-05-07T12:02:10","date_gmt":"2021-05-07T10:02:10","guid":{"rendered":"https:\/\/exaudi.org\/?p=15683"},"modified":"2022-01-03T16:01:58","modified_gmt":"2022-01-03T15:01:58","slug":"bioetica-anticuerpos-embarazadas-vacunadas-covid-2021","status":"publish","type":"post","link":"https:\/\/exaudi.org\/es\/bioetica-anticuerpos-embarazadas-vacunadas-covid-2021\/","title":{"rendered":"Bio\u00e9tica: Anticuerpos de embarazadas vacunadas contra COVID"},"content":{"rendered":"<p>El <a href=\"https:\/\/www.observatoriobioetica.org\/\" target=\"_blank\" rel=\"noopener noreferrer\">Observatorio de Bio\u00e9tica de la Universidad Cat\u00f3lica de Valencia (UCV)<\/a> ofrece a los lectores de Exaudi su art\u00edculo titulado \u201clos anticuerpos de las embarazadas vacunadas contra la COVID-19, pueden pasar a sus hijos\u201d, publicado en el pasado 19 de abril de 2021.<\/p>\n<p>***<\/p>\n<p>En\u00a0<a href=\"https:\/\/www.observatoriobioetica.org\/2021\/03\/como-puede-afectar-la-vacunacion-contra-la-covid-19-a-las-mujeres-embarazadas-y-a-sus-embriones-y-fetos\/35412\" target=\"_blank\" rel=\"noopener noreferrer\">un informe nuestro anterior<\/a>\u00a0hac\u00edamos referencia a la conveniencia de que las mujeres embarazadas se vacunaran o no. Muy resumidamente, en \u00e9l conclu\u00edamos que, en general, los ginec\u00f3logos norteamericanos no ve\u00edan especial inconveniente en que se vacunaran.<\/p>\n<p>En cambio, los ginec\u00f3logos brit\u00e1nicos eran partidarios de que las embarazadas esperaran a vacunarse cuando el embarazo hubiera terminado, a menos que tengan objetivos factores de riesgo por su trabajo m\u00e9dico o social o por padecer alg\u00fan problema m\u00e9dico previo que pudiera predisponerse a la\u00a0<a href=\"https:\/\/www.observatoriobioetica.org\/?s=COVID-19\" target=\"_blank\" rel=\"noopener noreferrer\">COVID-19<\/a>.<\/p>\n<p>Ahora se publica en el\u00a0<a href=\"https:\/\/bmcpediatr.biomedcentral.com\/articles\/10.1186\/s12887-021-02618-y\" target=\"_blank\" rel=\"noopener noreferrer\"><em>BMC Pediatrics<\/em><\/a>\u00a0un nuevo art\u00edculo sobre este tema, cuyos autores pertenecen a diversas instituciones m\u00e9dicas de Boston. En este sentido, por ser del grupo norteamericano, los autores no muestran inconveniente en que las embarazadas se vacunen, e incluso comprueban que si la vacuna produce anticuerpos, \u00e9stas pueden pasar a la sangre del cord\u00f3n umbilical y al feto.<\/p>\n<p>Incluso tambi\u00e9n que, si amamantan a su hijo, con la leche pueden transferir los anticuerpos al lactante.<\/p>\n<p>En el estudio se incluyen 131 mujeres que han sido vacunadas (84 embarazadas, 31 lactantes y 16 no embarazadas). Los niveles de anticuerpos contra el SARS-CoV-1 fueron evaluados en las embarazadas y lactantes (que amamantaban a sus hijos). La valoraci\u00f3n se llev\u00f3 a cabo de 2 a 6 semanas despu\u00e9s de la segunda dosis de vacuna. Los niveles de anticuerpos en el cord\u00f3n umbilical se determinaron en el momento del parto.<\/p>\n<p>Los resultados muestran que los niveles de anticuerpos son similares en las embarazadas, lactantes y mujeres no embarazadas. Todos los niveles de anticuerpos eran m\u00e1s elevados que los que ten\u00edan las mujeres embarazadas que hab\u00edan pasado la COVID-19.<\/p>\n<p>Los autores concluyen que las vacunas mRNA contra la COVID-19 inducen una robusta respuesta inmunitaria en las mujeres embarazadas, que transmiten a sus hijos si los amamantan, y que dicha respuesta es superior a la que se consigue con la inmunidad natural. Estos datos abogar\u00edan por la conveniencia de vacunar contra la COVID-19, con vacunas mRNA, a las mujeres embarazadas (<a href=\"https:\/\/www.ajog.org\/article\/S0002-9378(21)00187-3\/fulltext\" target=\"_blank\" rel=\"noopener noreferrer\">ver m\u00e1s aqu\u00ed).<\/a><\/p>\n<p style=\"text-align: left\" align=\"right\"><strong>Observatorio de Bio\u00e9tica<\/strong><\/p>\n<p style=\"text-align: left\" align=\"right\"><strong>Instituto Ciencias de la Vida<\/strong><\/p>\n<p style=\"text-align: left\" align=\"right\"><strong>Universidad Cat\u00f3lica de Valencia San Vicente M\u00e1rtir<\/strong><\/p>\n","protected":false},"excerpt":{"rendered":"<p>Observatorio de Bio\u00e9tica \u2013 Universidad Cat\u00f3lica de Valencia<\/p>\n","protected":false},"author":87,"featured_media":15687,"comment_status":"closed","ping_status":"closed","sticky":false,"template":"","format":"standard","meta":{"_acf_changed":false,"_crdt_document":"","inline_featured_image":false,"footnotes":""},"categories":[],"tags":[541],"class_list":["post-15683","post","type-post","status-publish","format-standard","has-post-thumbnail","hentry","tag-covid-19"],"acf":[],"yoast_head":"<!-- This site is optimized with the Yoast SEO plugin v27.5 - https:\/\/yoast.com\/product\/yoast-seo-wordpress\/ -->\n<title>Bio\u00e9tica: Anticuerpos de embarazadas vacunadas contra COVID - Exaudi<\/title>\n<meta name=\"description\" content=\"El Observatorio de Bio\u00e9tica de la UCV se\u00f1ala en un art\u00edculo c\u00f3mo los anticuerpos de embarazadas vacunadas contra COVID pueden pasar al hijo.\" \/>\n<meta name=\"robots\" content=\"index, follow, max-snippet:-1, max-image-preview:large, max-video-preview:-1\" \/>\n<link rel=\"canonical\" href=\"https:\/\/exaudi.org\/es\/bioetica-anticuerpos-embarazadas-vacunadas-covid-2021\/\" \/>\n<meta property=\"og:locale\" content=\"es_ES\" \/>\n<meta property=\"og:type\" content=\"article\" \/>\n<meta property=\"og:title\" content=\"Bio\u00e9tica: Anticuerpos de embarazadas vacunadas contra COVID - Exaudi\" \/>\n<meta property=\"og:description\" content=\"El Observatorio de Bio\u00e9tica de la UCV se\u00f1ala en un art\u00edculo c\u00f3mo los anticuerpos de embarazadas vacunadas contra COVID pueden pasar al hijo.\" \/>\n<meta property=\"og:url\" content=\"https:\/\/exaudi.org\/es\/bioetica-anticuerpos-embarazadas-vacunadas-covid-2021\/\" \/>\n<meta property=\"og:site_name\" content=\"Exaudi\" \/>\n<meta property=\"article:publisher\" content=\"https:\/\/www.facebook.com\/ExaudiNews\" \/>\n<meta property=\"article:author\" content=\"https:\/\/www.facebook.com\/observatoriodebioetica\/\" \/>\n<meta property=\"article:published_time\" content=\"2021-05-07T10:02:10+00:00\" \/>\n<meta property=\"article:modified_time\" content=\"2022-01-03T15:01:58+00:00\" \/>\n<meta property=\"og:image\" content=\"https:\/\/exaudi.org\/wp-content\/uploads\/2021\/05\/2223s-scaled.jpg\" \/>\n\t<meta property=\"og:image:width\" content=\"2560\" \/>\n\t<meta property=\"og:image:height\" content=\"1976\" \/>\n\t<meta property=\"og:image:type\" content=\"image\/jpeg\" \/>\n<meta name=\"author\" content=\"Observatorio de Bio\u00e9tica UCV\" \/>\n<meta name=\"twitter:card\" content=\"summary_large_image\" \/>\n<meta name=\"twitter:creator\" content=\"@obioetica\" \/>\n<meta name=\"twitter:site\" content=\"@Exaudi_News\" \/>\n<meta name=\"twitter:label1\" content=\"Escrito por\" \/>\n\t<meta name=\"twitter:data1\" content=\"Observatorio de Bio\u00e9tica UCV\" \/>\n\t<meta name=\"twitter:label2\" content=\"Tiempo de lectura\" \/>\n\t<meta name=\"twitter:data2\" content=\"2 minutos\" \/>\n<script type=\"application\/ld+json\" class=\"yoast-schema-graph\">{\"@context\":\"https:\\\/\\\/schema.org\",\"@graph\":[{\"@type\":\"Article\",\"@id\":\"https:\\\/\\\/exaudi.org\\\/es\\\/bioetica-anticuerpos-embarazadas-vacunadas-covid-2021\\\/#article\",\"isPartOf\":{\"@id\":\"https:\\\/\\\/exaudi.org\\\/es\\\/bioetica-anticuerpos-embarazadas-vacunadas-covid-2021\\\/\"},\"author\":{\"name\":\"Observatorio de Bio\u00e9tica UCV\",\"@id\":\"https:\\\/\\\/exaudi.org\\\/#\\\/schema\\\/person\\\/05d1c06e56ecb5490e9bff0d27026595\"},\"headline\":\"Bio\u00e9tica: Anticuerpos de embarazadas vacunadas contra COVID\",\"datePublished\":\"2021-05-07T10:02:10+00:00\",\"dateModified\":\"2022-01-03T15:01:58+00:00\",\"mainEntityOfPage\":{\"@id\":\"https:\\\/\\\/exaudi.org\\\/es\\\/bioetica-anticuerpos-embarazadas-vacunadas-covid-2021\\\/\"},\"wordCount\":420,\"image\":{\"@id\":\"https:\\\/\\\/exaudi.org\\\/es\\\/bioetica-anticuerpos-embarazadas-vacunadas-covid-2021\\\/#primaryimage\"},\"thumbnailUrl\":\"https:\\\/\\\/exaudi.org\\\/wp-content\\\/uploads\\\/2021\\\/05\\\/2223s-scaled.jpg\",\"keywords\":[\"COVID-19\"],\"inLanguage\":\"es\"},{\"@type\":\"WebPage\",\"@id\":\"https:\\\/\\\/exaudi.org\\\/es\\\/bioetica-anticuerpos-embarazadas-vacunadas-covid-2021\\\/\",\"url\":\"https:\\\/\\\/exaudi.org\\\/es\\\/bioetica-anticuerpos-embarazadas-vacunadas-covid-2021\\\/\",\"name\":\"Bio\u00e9tica: Anticuerpos de embarazadas vacunadas contra COVID - Exaudi\",\"isPartOf\":{\"@id\":\"https:\\\/\\\/exaudi.org\\\/#website\"},\"primaryImageOfPage\":{\"@id\":\"https:\\\/\\\/exaudi.org\\\/es\\\/bioetica-anticuerpos-embarazadas-vacunadas-covid-2021\\\/#primaryimage\"},\"image\":{\"@id\":\"https:\\\/\\\/exaudi.org\\\/es\\\/bioetica-anticuerpos-embarazadas-vacunadas-covid-2021\\\/#primaryimage\"},\"thumbnailUrl\":\"https:\\\/\\\/exaudi.org\\\/wp-content\\\/uploads\\\/2021\\\/05\\\/2223s-scaled.jpg\",\"datePublished\":\"2021-05-07T10:02:10+00:00\",\"dateModified\":\"2022-01-03T15:01:58+00:00\",\"author\":{\"@id\":\"https:\\\/\\\/exaudi.org\\\/#\\\/schema\\\/person\\\/05d1c06e56ecb5490e9bff0d27026595\"},\"description\":\"El Observatorio de Bio\u00e9tica de la UCV se\u00f1ala en un art\u00edculo c\u00f3mo los anticuerpos de embarazadas vacunadas contra COVID pueden pasar al hijo.\",\"breadcrumb\":{\"@id\":\"https:\\\/\\\/exaudi.org\\\/es\\\/bioetica-anticuerpos-embarazadas-vacunadas-covid-2021\\\/#breadcrumb\"},\"inLanguage\":\"es\",\"potentialAction\":[{\"@type\":\"ReadAction\",\"target\":[\"https:\\\/\\\/exaudi.org\\\/es\\\/bioetica-anticuerpos-embarazadas-vacunadas-covid-2021\\\/\"]}]},{\"@type\":\"ImageObject\",\"inLanguage\":\"es\",\"@id\":\"https:\\\/\\\/exaudi.org\\\/es\\\/bioetica-anticuerpos-embarazadas-vacunadas-covid-2021\\\/#primaryimage\",\"url\":\"https:\\\/\\\/exaudi.org\\\/wp-content\\\/uploads\\\/2021\\\/05\\\/2223s-scaled.jpg\",\"contentUrl\":\"https:\\\/\\\/exaudi.org\\\/wp-content\\\/uploads\\\/2021\\\/05\\\/2223s-scaled.jpg\",\"width\":2560,\"height\":1976,\"caption\":\"Beb\u00e9 \u00a9 Cathopic\"},{\"@type\":\"BreadcrumbList\",\"@id\":\"https:\\\/\\\/exaudi.org\\\/es\\\/bioetica-anticuerpos-embarazadas-vacunadas-covid-2021\\\/#breadcrumb\",\"itemListElement\":[{\"@type\":\"ListItem\",\"position\":1,\"name\":\"Portada\",\"item\":\"https:\\\/\\\/exaudi.org\\\/es\\\/\"},{\"@type\":\"ListItem\",\"position\":2,\"name\":\"Bio\u00e9tica: Anticuerpos de embarazadas vacunadas contra COVID\"}]},{\"@type\":\"WebSite\",\"@id\":\"https:\\\/\\\/exaudi.org\\\/#website\",\"url\":\"https:\\\/\\\/exaudi.org\\\/\",\"name\":\"Exaudi\",\"description\":\"News\",\"potentialAction\":[{\"@type\":\"SearchAction\",\"target\":{\"@type\":\"EntryPoint\",\"urlTemplate\":\"https:\\\/\\\/exaudi.org\\\/?s={search_term_string}\"},\"query-input\":{\"@type\":\"PropertyValueSpecification\",\"valueRequired\":true,\"valueName\":\"search_term_string\"}}],\"inLanguage\":\"es\"},{\"@type\":\"Person\",\"@id\":\"https:\\\/\\\/exaudi.org\\\/#\\\/schema\\\/person\\\/05d1c06e56ecb5490e9bff0d27026595\",\"name\":\"Observatorio de Bio\u00e9tica UCV\",\"image\":{\"@type\":\"ImageObject\",\"inLanguage\":\"es\",\"@id\":\"https:\\\/\\\/secure.gravatar.com\\\/avatar\\\/086563f59595a89fb0851de25d712a03657b1cdfa8af3c9cd0a1ee122fc5d596?s=96&d=mm&r=g\",\"url\":\"https:\\\/\\\/secure.gravatar.com\\\/avatar\\\/086563f59595a89fb0851de25d712a03657b1cdfa8af3c9cd0a1ee122fc5d596?s=96&d=mm&r=g\",\"contentUrl\":\"https:\\\/\\\/secure.gravatar.com\\\/avatar\\\/086563f59595a89fb0851de25d712a03657b1cdfa8af3c9cd0a1ee122fc5d596?s=96&d=mm&r=g\",\"caption\":\"Observatorio de Bio\u00e9tica UCV\"},\"description\":\"El Observatorio de Bio\u00e9tica se encuentra dentro del Instituto Ciencias de la vida de la Universidad Cat\u00f3lica de Valencia \u201cSan Vicente M\u00e1rtir\u201d . En el trasfondo de sus publicaciones, se defiende la vida humana desde la fecundaci\u00f3n a la muerte natural y la dignidad de la persona, teniendo como objetivo aunar esfuerzos para difundir la cultura de la vida como la define la Evangelium Vitae.\",\"sameAs\":[\"https:\\\/\\\/www.observatoriobioetica.org\\\/\",\"https:\\\/\\\/www.facebook.com\\\/observatoriodebioetica\\\/\",\"https:\\\/\\\/x.com\\\/obioetica\",\"https:\\\/\\\/www.youtube.com\\\/channel\\\/UC_Tr4WS5-TXoNo5e1MdQc7w\"],\"url\":\"https:\\\/\\\/exaudi.org\\\/es\\\/author\\\/observatoriodebioeticaucv\\\/\"}]}<\/script>\n<!-- \/ Yoast SEO plugin. -->","yoast_head_json":{"title":"Bio\u00e9tica: Anticuerpos de embarazadas vacunadas contra COVID - Exaudi","description":"El Observatorio de Bio\u00e9tica de la UCV se\u00f1ala en un art\u00edculo c\u00f3mo los anticuerpos de embarazadas vacunadas contra COVID pueden pasar al hijo.","robots":{"index":"index","follow":"follow","max-snippet":"max-snippet:-1","max-image-preview":"max-image-preview:large","max-video-preview":"max-video-preview:-1"},"canonical":"https:\/\/exaudi.org\/es\/bioetica-anticuerpos-embarazadas-vacunadas-covid-2021\/","og_locale":"es_ES","og_type":"article","og_title":"Bio\u00e9tica: Anticuerpos de embarazadas vacunadas contra COVID - Exaudi","og_description":"El Observatorio de Bio\u00e9tica de la UCV se\u00f1ala en un art\u00edculo c\u00f3mo los anticuerpos de embarazadas vacunadas contra COVID pueden pasar al hijo.","og_url":"https:\/\/exaudi.org\/es\/bioetica-anticuerpos-embarazadas-vacunadas-covid-2021\/","og_site_name":"Exaudi","article_publisher":"https:\/\/www.facebook.com\/ExaudiNews","article_author":"https:\/\/www.facebook.com\/observatoriodebioetica\/","article_published_time":"2021-05-07T10:02:10+00:00","article_modified_time":"2022-01-03T15:01:58+00:00","og_image":[{"width":2560,"height":1976,"url":"https:\/\/exaudi.org\/wp-content\/uploads\/2021\/05\/2223s-scaled.jpg","type":"image\/jpeg"}],"author":"Observatorio de Bio\u00e9tica UCV","twitter_card":"summary_large_image","twitter_creator":"@obioetica","twitter_site":"@Exaudi_News","twitter_misc":{"Escrito por":"Observatorio de Bio\u00e9tica UCV","Tiempo de lectura":"2 minutos"},"schema":{"@context":"https:\/\/schema.org","@graph":[{"@type":"Article","@id":"https:\/\/exaudi.org\/es\/bioetica-anticuerpos-embarazadas-vacunadas-covid-2021\/#article","isPartOf":{"@id":"https:\/\/exaudi.org\/es\/bioetica-anticuerpos-embarazadas-vacunadas-covid-2021\/"},"author":{"name":"Observatorio de Bio\u00e9tica UCV","@id":"https:\/\/exaudi.org\/#\/schema\/person\/05d1c06e56ecb5490e9bff0d27026595"},"headline":"Bio\u00e9tica: Anticuerpos de embarazadas vacunadas contra COVID","datePublished":"2021-05-07T10:02:10+00:00","dateModified":"2022-01-03T15:01:58+00:00","mainEntityOfPage":{"@id":"https:\/\/exaudi.org\/es\/bioetica-anticuerpos-embarazadas-vacunadas-covid-2021\/"},"wordCount":420,"image":{"@id":"https:\/\/exaudi.org\/es\/bioetica-anticuerpos-embarazadas-vacunadas-covid-2021\/#primaryimage"},"thumbnailUrl":"https:\/\/exaudi.org\/wp-content\/uploads\/2021\/05\/2223s-scaled.jpg","keywords":["COVID-19"],"inLanguage":"es"},{"@type":"WebPage","@id":"https:\/\/exaudi.org\/es\/bioetica-anticuerpos-embarazadas-vacunadas-covid-2021\/","url":"https:\/\/exaudi.org\/es\/bioetica-anticuerpos-embarazadas-vacunadas-covid-2021\/","name":"Bio\u00e9tica: Anticuerpos de embarazadas vacunadas contra COVID - Exaudi","isPartOf":{"@id":"https:\/\/exaudi.org\/#website"},"primaryImageOfPage":{"@id":"https:\/\/exaudi.org\/es\/bioetica-anticuerpos-embarazadas-vacunadas-covid-2021\/#primaryimage"},"image":{"@id":"https:\/\/exaudi.org\/es\/bioetica-anticuerpos-embarazadas-vacunadas-covid-2021\/#primaryimage"},"thumbnailUrl":"https:\/\/exaudi.org\/wp-content\/uploads\/2021\/05\/2223s-scaled.jpg","datePublished":"2021-05-07T10:02:10+00:00","dateModified":"2022-01-03T15:01:58+00:00","author":{"@id":"https:\/\/exaudi.org\/#\/schema\/person\/05d1c06e56ecb5490e9bff0d27026595"},"description":"El Observatorio de Bio\u00e9tica de la UCV se\u00f1ala en un art\u00edculo c\u00f3mo los anticuerpos de embarazadas vacunadas contra COVID pueden pasar al hijo.","breadcrumb":{"@id":"https:\/\/exaudi.org\/es\/bioetica-anticuerpos-embarazadas-vacunadas-covid-2021\/#breadcrumb"},"inLanguage":"es","potentialAction":[{"@type":"ReadAction","target":["https:\/\/exaudi.org\/es\/bioetica-anticuerpos-embarazadas-vacunadas-covid-2021\/"]}]},{"@type":"ImageObject","inLanguage":"es","@id":"https:\/\/exaudi.org\/es\/bioetica-anticuerpos-embarazadas-vacunadas-covid-2021\/#primaryimage","url":"https:\/\/exaudi.org\/wp-content\/uploads\/2021\/05\/2223s-scaled.jpg","contentUrl":"https:\/\/exaudi.org\/wp-content\/uploads\/2021\/05\/2223s-scaled.jpg","width":2560,"height":1976,"caption":"Beb\u00e9 \u00a9 Cathopic"},{"@type":"BreadcrumbList","@id":"https:\/\/exaudi.org\/es\/bioetica-anticuerpos-embarazadas-vacunadas-covid-2021\/#breadcrumb","itemListElement":[{"@type":"ListItem","position":1,"name":"Portada","item":"https:\/\/exaudi.org\/es\/"},{"@type":"ListItem","position":2,"name":"Bio\u00e9tica: Anticuerpos de embarazadas vacunadas contra COVID"}]},{"@type":"WebSite","@id":"https:\/\/exaudi.org\/#website","url":"https:\/\/exaudi.org\/","name":"Exaudi","description":"News","potentialAction":[{"@type":"SearchAction","target":{"@type":"EntryPoint","urlTemplate":"https:\/\/exaudi.org\/?s={search_term_string}"},"query-input":{"@type":"PropertyValueSpecification","valueRequired":true,"valueName":"search_term_string"}}],"inLanguage":"es"},{"@type":"Person","@id":"https:\/\/exaudi.org\/#\/schema\/person\/05d1c06e56ecb5490e9bff0d27026595","name":"Observatorio de Bio\u00e9tica UCV","image":{"@type":"ImageObject","inLanguage":"es","@id":"https:\/\/secure.gravatar.com\/avatar\/086563f59595a89fb0851de25d712a03657b1cdfa8af3c9cd0a1ee122fc5d596?s=96&d=mm&r=g","url":"https:\/\/secure.gravatar.com\/avatar\/086563f59595a89fb0851de25d712a03657b1cdfa8af3c9cd0a1ee122fc5d596?s=96&d=mm&r=g","contentUrl":"https:\/\/secure.gravatar.com\/avatar\/086563f59595a89fb0851de25d712a03657b1cdfa8af3c9cd0a1ee122fc5d596?s=96&d=mm&r=g","caption":"Observatorio de Bio\u00e9tica UCV"},"description":"El Observatorio de Bio\u00e9tica se encuentra dentro del Instituto Ciencias de la vida de la Universidad Cat\u00f3lica de Valencia \u201cSan Vicente M\u00e1rtir\u201d . En el trasfondo de sus publicaciones, se defiende la vida humana desde la fecundaci\u00f3n a la muerte natural y la dignidad de la persona, teniendo como objetivo aunar esfuerzos para difundir la cultura de la vida como la define la Evangelium Vitae.","sameAs":["https:\/\/www.observatoriobioetica.org\/","https:\/\/www.facebook.com\/observatoriodebioetica\/","https:\/\/x.com\/obioetica","https:\/\/www.youtube.com\/channel\/UC_Tr4WS5-TXoNo5e1MdQc7w"],"url":"https:\/\/exaudi.org\/es\/author\/observatoriodebioeticaucv\/"}]}},"jetpack_featured_media_url":"https:\/\/exaudi.org\/wp-content\/uploads\/2021\/05\/2223s-scaled.jpg","jetpack_shortlink":"https:\/\/wp.me\/pgKjF2-44X","_links":{"self":[{"href":"https:\/\/exaudi.org\/es\/wp-json\/wp\/v2\/posts\/15683","targetHints":{"allow":["GET"]}}],"collection":[{"href":"https:\/\/exaudi.org\/es\/wp-json\/wp\/v2\/posts"}],"about":[{"href":"https:\/\/exaudi.org\/es\/wp-json\/wp\/v2\/types\/post"}],"author":[{"embeddable":true,"href":"https:\/\/exaudi.org\/es\/wp-json\/wp\/v2\/users\/87"}],"replies":[{"embeddable":true,"href":"https:\/\/exaudi.org\/es\/wp-json\/wp\/v2\/comments?post=15683"}],"version-history":[{"count":0,"href":"https:\/\/exaudi.org\/es\/wp-json\/wp\/v2\/posts\/15683\/revisions"}],"wp:featuredmedia":[{"embeddable":true,"href":"https:\/\/exaudi.org\/es\/wp-json\/wp\/v2\/media\/15687"}],"wp:attachment":[{"href":"https:\/\/exaudi.org\/es\/wp-json\/wp\/v2\/media?parent=15683"}],"wp:term":[{"taxonomy":"category","embeddable":true,"href":"https:\/\/exaudi.org\/es\/wp-json\/wp\/v2\/categories?post=15683"},{"taxonomy":"post_tag","embeddable":true,"href":"https:\/\/exaudi.org\/es\/wp-json\/wp\/v2\/tags?post=15683"}],"curies":[{"name":"wp","href":"https:\/\/api.w.org\/{rel}","templated":true}]}}