{"id":156734,"date":"2026-02-09T08:30:53","date_gmt":"2026-02-09T07:30:53","guid":{"rendered":"https:\/\/exaudi.org\/?p=156734"},"modified":"2026-02-08T17:20:42","modified_gmt":"2026-02-08T16:20:42","slug":"pedagogia-de-la-union-europea","status":"publish","type":"post","link":"https:\/\/exaudi.org\/es\/pedagogia-de-la-union-europea\/","title":{"rendered":"Pedagog\u00eda de la Uni\u00f3n Europea"},"content":{"rendered":"<p>El 17 de enero de 2026 se firm\u00f3 el acuerdo entre la Uni\u00f3n Europea y Mercosur. Aunque su significado tiene un alto componente pol\u00edtico, sus disposiciones crean la mayor \u00e1rea de libre comercio del mundo, integrada por pa\u00edses de Europa y Am\u00e9rica Latina con 750 millones de consumidores. Implica un paso decisivo en la constituci\u00f3n de la alianza estrat\u00e9gica entre ambas regiones, pues trasciende la l\u00f3gica econ\u00f3mica y se sit\u00faa en la dimensi\u00f3n de los valores culturales y los intereses internacionales compartidos.<\/p>\n<p><iframe title=\"Spotify Embed: Pedagog\u00eda de la Uni\u00f3n Europea\" style=\"border-radius: 12px\" width=\"100%\" height=\"152\" frameborder=\"0\" allowfullscreen allow=\"autoplay; clipboard-write; encrypted-media; fullscreen; picture-in-picture\" loading=\"lazy\" src=\"https:\/\/open.spotify.com\/embed\/episode\/2ukAoYUA7jpNuXaw3OBb5U?si=M7rEArH5RtqG5JjLvdeMtg&amp;context=spotify%3Ashow%3A2yh3xbVwh4e1WksFGord4D&amp;utm_source=oembed\"><\/iframe><\/p>\n<p>Sin embargo, la recepci\u00f3n de este convenio no ha sido favorable para buena parte de la opini\u00f3n p\u00fablica espa\u00f1ola, que ha aprovechado la coyuntura para sumar un motivo m\u00e1s de desencuentro con la organizaci\u00f3n comunitaria. A pesar de los pesares, sigue siendo m\u00e1s sensato pretender el fortalecimiento de la Uni\u00f3n que, como hacen sus detractores, promover su cuestionamiento y anhelar su desaparici\u00f3n, m\u00e1xime si se tiene en cuenta la actual situaci\u00f3n internacional, condicionada por un nuevo orden mundial de \u00e1reas de influencia liderado err\u00e1ticamente por China, Rusia y Estados Unidos.<\/p>\n<p>Por eso he acogido con satisfacci\u00f3n la noticia que, hace unos d\u00edas, se difundi\u00f3 en los medios de comunicaci\u00f3n por parte de las autoridades educativas valencianas: la introducci\u00f3n para el curso 2026-2027 de una asignatura optativa en el curr\u00edculo escolar cuyo contenido se centre en la Uni\u00f3n Europea. Al igual que sucedi\u00f3 ya en otras comunidades aut\u00f3nomas, dicha novedad encuentra fundamentalmente su motivaci\u00f3n en el inter\u00e9s de los centros educativos por la internacionalizaci\u00f3n. \u00c9sta ha propiciado la posici\u00f3n de liderazgo de la Comunitat en lo que se refiere a proyectos europeos \u2013intercambios, estancias temporales o de ejecuci\u00f3n colaborativa\u2026\u2013 concedidos a las escuelas, llegando a ser la regi\u00f3n con m\u00e1s adjudicaciones en determinadas modalidades.<\/p>\n<p>Esta suerte de \u00b4pedagog\u00eda comunitaria` es decisiva en el porvenir de la Uni\u00f3n, pues va dirigida a comunicar a los m\u00e1s j\u00f3venes el hallazgo hist\u00f3rico de esa aventura com\u00fan que es\u00a0la construcci\u00f3n de la Uni\u00f3n Europea y a potenciar el papel de la sociedad civil en dicho proceso.\u00a0Instrumentos como este son necesarios para superar la cr\u00f3nica debilidad que, desde los or\u00edgenes del proceso de integraci\u00f3n, arrastra la Uni\u00f3n en materia de influencia de las sociedades de sus Estados miembros a la hora de hacer frente a la preponderancia del poder instituido en sus diferentes formas de ejercicio.<\/p>\n<p>Si resulta preocupante la distancia, la indiferencia y la incredulidad de los gobernados en cualquier nivel de gobernabilidad, mucho m\u00e1s inquietante se presenta la que afecta a la construcci\u00f3n europea: por su propia estructura y funcionamiento (inmensidad de su maquinaria burocr\u00e1tica, complejidad jur\u00eddica, distanciamiento pol\u00edtico\u2026) y por el desconocimiento de su gran proyecto de integraci\u00f3n, que, mediante una progresiva puesta en com\u00fan de los distintos intereses nacionales, logr\u00f3 la convivencia pol\u00edtica entre potencias tradicionalmente enfrentadas. Por ello, la comprensi\u00f3n por parte del alumnado de la realidad geogr\u00e1fica, hist\u00f3rica, pol\u00edtica, econ\u00f3mica, social y cultural de la Uni\u00f3n Europea, as\u00ed como su toma de conciencia acerca del compromiso ciudadano con dicha entidad supranacional pueden contribuir al restablecimiento del entusiasmo original sobre aquel proceso.<\/p>\n<p>Estas ense\u00f1anzas, lejos de mostrar una Uni\u00f3n monopolizada por las cumbres de los altos dignatarios y los grandes acontecimientos pol\u00edticos, deben centrarse en la inculcaci\u00f3n de un esp\u00edritu c\u00edvico comprometido cotidianamente con la Europa comunitaria, de modo que esta sea percibida como problema de toda la sociedad y no solo de sus dirigentes. Lo que se precisa es una influencia pedag\u00f3gica por capilaridad que, actuando sobre la conciencia de cada europeo, sit\u00fae a la ciudadan\u00eda en el centro del proceso de integraci\u00f3n hasta reconocerse a s\u00ed misma en el origen del poder europeo y encontrar en sus servicios la raz\u00f3n de ser de la propia Uni\u00f3n.<\/p>\n<p>Es cierto que generar un efecto de asunci\u00f3n multitudinaria del proyecto comunitario como uno de los grandes inventos pol\u00edticos del pasado siglo resulta un quehacer arduo y prolongado en el tiempo, pero es absolutamente necesario hoy. En la actualidad no basta con \u00b4ser europeo`. Lo que urge es \u00b4saber ser europeo`, por cuanto que un proceso de integraci\u00f3n como \u00e9ste permite todav\u00eda abrigar la esperanza acariciada por Jean Monnet (1888-1979) de conseguir nuevos modos de organizaci\u00f3n de los pueblos basados en normas e instituciones comunes libremente aceptadas.<\/p>\n<p><a href=\"https:\/\/dametresminutos.wordpress.com\/2026\/02\/07\/pedagogia-de-la-union-europea-por-pedro-paricio\/\" target=\"_blank\" rel=\"noopener\"><em><strong>Pedro Paricio. Dame tres minutos<\/strong><\/em><\/a><\/p>\n<p><img loading=\"lazy\" decoding=\"async\" class=\"size-full wp-image-156772 alignnone\" src=\"https:\/\/exaudi.org\/wp-content\/uploads\/2026\/02\/voces.jpg\" alt=\"\" width=\"1080\" height=\"1080\" srcset=\"https:\/\/exaudi.org\/wp-content\/uploads\/2026\/02\/voces.jpg 1080w, https:\/\/exaudi.org\/wp-content\/uploads\/2026\/02\/voces-300x300.jpg 300w, https:\/\/exaudi.org\/wp-content\/uploads\/2026\/02\/voces-1024x1024.jpg 1024w, https:\/\/exaudi.org\/wp-content\/uploads\/2026\/02\/voces-100x100.jpg?crop=1 100w, https:\/\/exaudi.org\/wp-content\/uploads\/2026\/02\/voces-770x770.jpg 770w, https:\/\/exaudi.org\/wp-content\/uploads\/2026\/02\/voces-500x500.jpg 500w\" sizes=\"auto, (max-width: 1080px) 100vw, 1080px\" \/><\/p>\n","protected":false},"excerpt":{"rendered":"<p>Construyendo Europa desde la escuela: valores compartidos m\u00e1s all\u00e1 del comercio<\/p>\n","protected":false},"author":15,"featured_media":156767,"comment_status":"closed","ping_status":"closed","sticky":false,"template":"","format":"standard","meta":{"_acf_changed":false,"_crdt_document":"","inline_featured_image":false,"footnotes":""},"categories":[130],"tags":[94013,93995,94012,93999,94010,94005,94000,94001,74488,74488,74488,93998,94011,94002,94003,94008,94007,93997,93996,93994,94006,94009,2224,94004],"class_list":{"0":"post-156734","1":"post","2":"type-post","3":"status-publish","4":"format-standard","5":"has-post-thumbnail","6":"hentry","7":"category-voces","8":"tag-750-millones-consumidores","9":"tag-acuerdo-ue-mercosur","10":"tag-area-libre-comercio-mundo","11":"tag-asignatura-optativa-ue","12":"tag-burocracia-bruselas","13":"tag-ciudadania-europea","14":"tag-comunitat-valenciana","15":"tag-curso-2026-2027","16":"tag-dame-tres-minutos","19":"tag-educacion-union-europea","20":"tag-entusiasmo-europeo","21":"tag-euroescepticismo","22":"tag-integracion-europea","23":"tag-internacionalizacion-educativa","24":"tag-jean-monnet","25":"tag-libre-comercio-ue-mercosur","26":"tag-mercosur","27":"tag-pedagogia-comunitaria","28":"tag-proyecto-europeo","29":"tag-sociedad-civil-europea","30":"tag-union-europea","31":"tag-valores-europeos"},"acf":[],"yoast_head":"<!-- This site is optimized with the Yoast SEO plugin v27.4 - https:\/\/yoast.com\/product\/yoast-seo-wordpress\/ -->\n<title>Pedagog\u00eda de la Uni\u00f3n Europea &#8211; Exaudi<\/title>\n<meta name=\"robots\" content=\"index, follow, max-snippet:-1, max-image-preview:large, max-video-preview:-1\" \/>\n<link rel=\"canonical\" href=\"https:\/\/exaudi.org\/es\/pedagogia-de-la-union-europea\/\" \/>\n<meta property=\"og:locale\" content=\"es_ES\" \/>\n<meta property=\"og:type\" content=\"article\" \/>\n<meta property=\"og:title\" content=\"Pedagog\u00eda de la Uni\u00f3n Europea &#8211; Exaudi\" \/>\n<meta property=\"og:description\" content=\"Construyendo Europa desde la escuela: valores compartidos m\u00e1s all\u00e1 del comercio\" \/>\n<meta property=\"og:url\" content=\"https:\/\/exaudi.org\/es\/pedagogia-de-la-union-europea\/\" \/>\n<meta property=\"og:site_name\" content=\"Exaudi\" \/>\n<meta property=\"article:publisher\" content=\"https:\/\/www.facebook.com\/ExaudiNews\" \/>\n<meta property=\"article:author\" content=\"https:\/\/www.facebook.com\/ExaudiNoticias\/\" \/>\n<meta property=\"article:published_time\" content=\"2026-02-09T07:30:53+00:00\" \/>\n<meta property=\"og:image\" content=\"https:\/\/exaudi.org\/wp-content\/uploads\/2026\/02\/foto-pedagogia-de-la-union-europea-1.png\" \/>\n\t<meta property=\"og:image:width\" content=\"1024\" \/>\n\t<meta property=\"og:image:height\" content=\"566\" \/>\n\t<meta property=\"og:image:type\" content=\"image\/png\" \/>\n<meta name=\"author\" content=\"Exaudi Redacci\u00f3n\" \/>\n<meta name=\"twitter:card\" content=\"summary_large_image\" \/>\n<meta name=\"twitter:creator\" content=\"@Exaudi_noticias\" \/>\n<meta name=\"twitter:site\" content=\"@Exaudi_News\" \/>\n<meta name=\"twitter:label1\" content=\"Escrito por\" \/>\n\t<meta name=\"twitter:data1\" content=\"Exaudi Redacci\u00f3n\" \/>\n\t<meta name=\"twitter:label2\" content=\"Tiempo de lectura\" \/>\n\t<meta name=\"twitter:data2\" content=\"4 minutos\" \/>\n<script type=\"application\/ld+json\" class=\"yoast-schema-graph\">{\"@context\":\"https:\\\/\\\/schema.org\",\"@graph\":[{\"@type\":\"Article\",\"@id\":\"https:\\\/\\\/exaudi.org\\\/es\\\/pedagogia-de-la-union-europea\\\/#article\",\"isPartOf\":{\"@id\":\"https:\\\/\\\/exaudi.org\\\/es\\\/pedagogia-de-la-union-europea\\\/\"},\"author\":{\"name\":\"Exaudi Redacci\u00f3n\",\"@id\":\"https:\\\/\\\/exaudi.org\\\/#\\\/schema\\\/person\\\/f5fc8f063065e38742da7afe15f25df7\"},\"headline\":\"Pedagog\u00eda de la Uni\u00f3n Europea\",\"datePublished\":\"2026-02-09T07:30:53+00:00\",\"mainEntityOfPage\":{\"@id\":\"https:\\\/\\\/exaudi.org\\\/es\\\/pedagogia-de-la-union-europea\\\/\"},\"wordCount\":810,\"image\":{\"@id\":\"https:\\\/\\\/exaudi.org\\\/es\\\/pedagogia-de-la-union-europea\\\/#primaryimage\"},\"thumbnailUrl\":\"https:\\\/\\\/exaudi.org\\\/wp-content\\\/uploads\\\/2026\\\/02\\\/foto-pedagogia-de-la-union-europea-1.png\",\"keywords\":[\"750 millones consumidores\",\"acuerdo UE Mercosur\",\"\u00e1rea libre comercio mundo\",\"asignatura optativa UE\",\"burocracia Bruselas\",\"ciudadan\u00eda europea\",\"Comunitat Valenciana\",\"curso 2026-2027\",\"Dame tres minutos\",\"Dame tres minutos\",\"Dame tres minutos\",\"educaci\u00f3n Uni\u00f3n Europea\",\"entusiasmo europeo\",\"euroescepticismo\",\"integraci\u00f3n europea\",\"internacionalizaci\u00f3n educativa\",\"Jean Monnet\",\"libre comercio UE Mercosur\",\"Mercosur\",\"pedagog\u00eda comunitaria\",\"proyecto europeo\",\"sociedad civil europea\",\"Uni\u00f3n Europea\",\"valores europeos\"],\"articleSection\":[\"Voces\"],\"inLanguage\":\"es\"},{\"@type\":\"WebPage\",\"@id\":\"https:\\\/\\\/exaudi.org\\\/es\\\/pedagogia-de-la-union-europea\\\/\",\"url\":\"https:\\\/\\\/exaudi.org\\\/es\\\/pedagogia-de-la-union-europea\\\/\",\"name\":\"Pedagog\u00eda de la Uni\u00f3n Europea &#8211; Exaudi\",\"isPartOf\":{\"@id\":\"https:\\\/\\\/exaudi.org\\\/#website\"},\"primaryImageOfPage\":{\"@id\":\"https:\\\/\\\/exaudi.org\\\/es\\\/pedagogia-de-la-union-europea\\\/#primaryimage\"},\"image\":{\"@id\":\"https:\\\/\\\/exaudi.org\\\/es\\\/pedagogia-de-la-union-europea\\\/#primaryimage\"},\"thumbnailUrl\":\"https:\\\/\\\/exaudi.org\\\/wp-content\\\/uploads\\\/2026\\\/02\\\/foto-pedagogia-de-la-union-europea-1.png\",\"datePublished\":\"2026-02-09T07:30:53+00:00\",\"author\":{\"@id\":\"https:\\\/\\\/exaudi.org\\\/#\\\/schema\\\/person\\\/f5fc8f063065e38742da7afe15f25df7\"},\"breadcrumb\":{\"@id\":\"https:\\\/\\\/exaudi.org\\\/es\\\/pedagogia-de-la-union-europea\\\/#breadcrumb\"},\"inLanguage\":\"es\",\"potentialAction\":[{\"@type\":\"ReadAction\",\"target\":[\"https:\\\/\\\/exaudi.org\\\/es\\\/pedagogia-de-la-union-europea\\\/\"]}]},{\"@type\":\"ImageObject\",\"inLanguage\":\"es\",\"@id\":\"https:\\\/\\\/exaudi.org\\\/es\\\/pedagogia-de-la-union-europea\\\/#primaryimage\",\"url\":\"https:\\\/\\\/exaudi.org\\\/wp-content\\\/uploads\\\/2026\\\/02\\\/foto-pedagogia-de-la-union-europea-1.png\",\"contentUrl\":\"https:\\\/\\\/exaudi.org\\\/wp-content\\\/uploads\\\/2026\\\/02\\\/foto-pedagogia-de-la-union-europea-1.png\",\"width\":1024,\"height\":566},{\"@type\":\"BreadcrumbList\",\"@id\":\"https:\\\/\\\/exaudi.org\\\/es\\\/pedagogia-de-la-union-europea\\\/#breadcrumb\",\"itemListElement\":[{\"@type\":\"ListItem\",\"position\":1,\"name\":\"Portada\",\"item\":\"https:\\\/\\\/exaudi.org\\\/es\\\/\"},{\"@type\":\"ListItem\",\"position\":2,\"name\":\"Pedagog\u00eda de la Uni\u00f3n Europea\"}]},{\"@type\":\"WebSite\",\"@id\":\"https:\\\/\\\/exaudi.org\\\/#website\",\"url\":\"https:\\\/\\\/exaudi.org\\\/\",\"name\":\"Exaudi\",\"description\":\"News\",\"potentialAction\":[{\"@type\":\"SearchAction\",\"target\":{\"@type\":\"EntryPoint\",\"urlTemplate\":\"https:\\\/\\\/exaudi.org\\\/?s={search_term_string}\"},\"query-input\":{\"@type\":\"PropertyValueSpecification\",\"valueRequired\":true,\"valueName\":\"search_term_string\"}}],\"inLanguage\":\"es\"},{\"@type\":\"Person\",\"@id\":\"https:\\\/\\\/exaudi.org\\\/#\\\/schema\\\/person\\\/f5fc8f063065e38742da7afe15f25df7\",\"name\":\"Exaudi Redacci\u00f3n\",\"image\":{\"@type\":\"ImageObject\",\"inLanguage\":\"es\",\"@id\":\"https:\\\/\\\/secure.gravatar.com\\\/avatar\\\/fe0f6a059fb68d9b3e11bc5850dd4899b1c7492091a3cb6dd9b01b56ad828be2?s=96&d=mm&r=g\",\"url\":\"https:\\\/\\\/secure.gravatar.com\\\/avatar\\\/fe0f6a059fb68d9b3e11bc5850dd4899b1c7492091a3cb6dd9b01b56ad828be2?s=96&d=mm&r=g\",\"contentUrl\":\"https:\\\/\\\/secure.gravatar.com\\\/avatar\\\/fe0f6a059fb68d9b3e11bc5850dd4899b1c7492091a3cb6dd9b01b56ad828be2?s=96&d=mm&r=g\",\"caption\":\"Exaudi Redacci\u00f3n\"},\"description\":\"\u00bfQu\u00e9 es Exaudi News? Exaudi News es un medio de comunicaci\u00f3n cat\u00f3lico internacional que informa, forma y transforma, diariamente en espa\u00f1ol, ingl\u00e9s e italiano. A trav\u00e9s de noticias, art\u00edculos de an\u00e1lisis y transmisiones en directo de los eventos del Papa, Exaudi busca fortalecer la unidad de los cristianos y contribuir a la evangelizaci\u00f3n del mundo, siempre guiados por la doctrina social de la Iglesia. Trabajamos para acercar la verdad y los valores cristianos a cada rinc\u00f3n del planeta. \u00a1Ay\u00fadanos a transformar el mundo con Exaudi! En Exaudi creemos que la evangelizaci\u00f3n y la informaci\u00f3n de calidad pueden cambiar vidas. Para continuar con nuestra misi\u00f3n y expandir nuestro alcance, necesitamos tu ayuda. Adem\u00e1s, buscamos personas comprometidas que deseen unirse a nuestro equipo. Con tu apoyo, lograremos llegar a m\u00e1s personas, difundir el mensaje de Cristo y reforzar la unidad de los cristianos. \u00bfTe unes a nuestra misi\u00f3n? Para m\u00e1s informaci\u00f3n sobre c\u00f3mo colaborar, visita Exaudi.org\\\/es o cont\u00e1ctanos directamente: info@exaudi.org Exaudi: Informa, forma y transforma.\",\"sameAs\":[\"https:\\\/\\\/www.facebook.com\\\/ExaudiNoticias\\\/\",\"https:\\\/\\\/www.instagram.com\\\/exaudi_noticias\\\/\",\"https:\\\/\\\/x.com\\\/Exaudi_noticias\",\"https:\\\/\\\/www.youtube.com\\\/@exaudicatholicnews\"],\"url\":\"https:\\\/\\\/exaudi.org\\\/es\\\/author\\\/redaccionexaudi\\\/\"}]}<\/script>\n<!-- \/ Yoast SEO plugin. -->","yoast_head_json":{"title":"Pedagog\u00eda de la Uni\u00f3n Europea &#8211; Exaudi","robots":{"index":"index","follow":"follow","max-snippet":"max-snippet:-1","max-image-preview":"max-image-preview:large","max-video-preview":"max-video-preview:-1"},"canonical":"https:\/\/exaudi.org\/es\/pedagogia-de-la-union-europea\/","og_locale":"es_ES","og_type":"article","og_title":"Pedagog\u00eda de la Uni\u00f3n Europea &#8211; Exaudi","og_description":"Construyendo Europa desde la escuela: valores compartidos m\u00e1s all\u00e1 del comercio","og_url":"https:\/\/exaudi.org\/es\/pedagogia-de-la-union-europea\/","og_site_name":"Exaudi","article_publisher":"https:\/\/www.facebook.com\/ExaudiNews","article_author":"https:\/\/www.facebook.com\/ExaudiNoticias\/","article_published_time":"2026-02-09T07:30:53+00:00","og_image":[{"width":1024,"height":566,"url":"https:\/\/exaudi.org\/wp-content\/uploads\/2026\/02\/foto-pedagogia-de-la-union-europea-1.png","type":"image\/png"}],"author":"Exaudi Redacci\u00f3n","twitter_card":"summary_large_image","twitter_creator":"@Exaudi_noticias","twitter_site":"@Exaudi_News","twitter_misc":{"Escrito por":"Exaudi Redacci\u00f3n","Tiempo de lectura":"4 minutos"},"schema":{"@context":"https:\/\/schema.org","@graph":[{"@type":"Article","@id":"https:\/\/exaudi.org\/es\/pedagogia-de-la-union-europea\/#article","isPartOf":{"@id":"https:\/\/exaudi.org\/es\/pedagogia-de-la-union-europea\/"},"author":{"name":"Exaudi Redacci\u00f3n","@id":"https:\/\/exaudi.org\/#\/schema\/person\/f5fc8f063065e38742da7afe15f25df7"},"headline":"Pedagog\u00eda de la Uni\u00f3n Europea","datePublished":"2026-02-09T07:30:53+00:00","mainEntityOfPage":{"@id":"https:\/\/exaudi.org\/es\/pedagogia-de-la-union-europea\/"},"wordCount":810,"image":{"@id":"https:\/\/exaudi.org\/es\/pedagogia-de-la-union-europea\/#primaryimage"},"thumbnailUrl":"https:\/\/exaudi.org\/wp-content\/uploads\/2026\/02\/foto-pedagogia-de-la-union-europea-1.png","keywords":["750 millones consumidores","acuerdo UE Mercosur","\u00e1rea libre comercio mundo","asignatura optativa UE","burocracia Bruselas","ciudadan\u00eda europea","Comunitat Valenciana","curso 2026-2027","Dame tres minutos","Dame tres minutos","Dame tres minutos","educaci\u00f3n Uni\u00f3n Europea","entusiasmo europeo","euroescepticismo","integraci\u00f3n europea","internacionalizaci\u00f3n educativa","Jean Monnet","libre comercio UE Mercosur","Mercosur","pedagog\u00eda comunitaria","proyecto europeo","sociedad civil europea","Uni\u00f3n Europea","valores europeos"],"articleSection":["Voces"],"inLanguage":"es"},{"@type":"WebPage","@id":"https:\/\/exaudi.org\/es\/pedagogia-de-la-union-europea\/","url":"https:\/\/exaudi.org\/es\/pedagogia-de-la-union-europea\/","name":"Pedagog\u00eda de la Uni\u00f3n Europea &#8211; Exaudi","isPartOf":{"@id":"https:\/\/exaudi.org\/#website"},"primaryImageOfPage":{"@id":"https:\/\/exaudi.org\/es\/pedagogia-de-la-union-europea\/#primaryimage"},"image":{"@id":"https:\/\/exaudi.org\/es\/pedagogia-de-la-union-europea\/#primaryimage"},"thumbnailUrl":"https:\/\/exaudi.org\/wp-content\/uploads\/2026\/02\/foto-pedagogia-de-la-union-europea-1.png","datePublished":"2026-02-09T07:30:53+00:00","author":{"@id":"https:\/\/exaudi.org\/#\/schema\/person\/f5fc8f063065e38742da7afe15f25df7"},"breadcrumb":{"@id":"https:\/\/exaudi.org\/es\/pedagogia-de-la-union-europea\/#breadcrumb"},"inLanguage":"es","potentialAction":[{"@type":"ReadAction","target":["https:\/\/exaudi.org\/es\/pedagogia-de-la-union-europea\/"]}]},{"@type":"ImageObject","inLanguage":"es","@id":"https:\/\/exaudi.org\/es\/pedagogia-de-la-union-europea\/#primaryimage","url":"https:\/\/exaudi.org\/wp-content\/uploads\/2026\/02\/foto-pedagogia-de-la-union-europea-1.png","contentUrl":"https:\/\/exaudi.org\/wp-content\/uploads\/2026\/02\/foto-pedagogia-de-la-union-europea-1.png","width":1024,"height":566},{"@type":"BreadcrumbList","@id":"https:\/\/exaudi.org\/es\/pedagogia-de-la-union-europea\/#breadcrumb","itemListElement":[{"@type":"ListItem","position":1,"name":"Portada","item":"https:\/\/exaudi.org\/es\/"},{"@type":"ListItem","position":2,"name":"Pedagog\u00eda de la Uni\u00f3n Europea"}]},{"@type":"WebSite","@id":"https:\/\/exaudi.org\/#website","url":"https:\/\/exaudi.org\/","name":"Exaudi","description":"News","potentialAction":[{"@type":"SearchAction","target":{"@type":"EntryPoint","urlTemplate":"https:\/\/exaudi.org\/?s={search_term_string}"},"query-input":{"@type":"PropertyValueSpecification","valueRequired":true,"valueName":"search_term_string"}}],"inLanguage":"es"},{"@type":"Person","@id":"https:\/\/exaudi.org\/#\/schema\/person\/f5fc8f063065e38742da7afe15f25df7","name":"Exaudi Redacci\u00f3n","image":{"@type":"ImageObject","inLanguage":"es","@id":"https:\/\/secure.gravatar.com\/avatar\/fe0f6a059fb68d9b3e11bc5850dd4899b1c7492091a3cb6dd9b01b56ad828be2?s=96&d=mm&r=g","url":"https:\/\/secure.gravatar.com\/avatar\/fe0f6a059fb68d9b3e11bc5850dd4899b1c7492091a3cb6dd9b01b56ad828be2?s=96&d=mm&r=g","contentUrl":"https:\/\/secure.gravatar.com\/avatar\/fe0f6a059fb68d9b3e11bc5850dd4899b1c7492091a3cb6dd9b01b56ad828be2?s=96&d=mm&r=g","caption":"Exaudi Redacci\u00f3n"},"description":"\u00bfQu\u00e9 es Exaudi News? Exaudi News es un medio de comunicaci\u00f3n cat\u00f3lico internacional que informa, forma y transforma, diariamente en espa\u00f1ol, ingl\u00e9s e italiano. A trav\u00e9s de noticias, art\u00edculos de an\u00e1lisis y transmisiones en directo de los eventos del Papa, Exaudi busca fortalecer la unidad de los cristianos y contribuir a la evangelizaci\u00f3n del mundo, siempre guiados por la doctrina social de la Iglesia. Trabajamos para acercar la verdad y los valores cristianos a cada rinc\u00f3n del planeta. \u00a1Ay\u00fadanos a transformar el mundo con Exaudi! En Exaudi creemos que la evangelizaci\u00f3n y la informaci\u00f3n de calidad pueden cambiar vidas. Para continuar con nuestra misi\u00f3n y expandir nuestro alcance, necesitamos tu ayuda. Adem\u00e1s, buscamos personas comprometidas que deseen unirse a nuestro equipo. Con tu apoyo, lograremos llegar a m\u00e1s personas, difundir el mensaje de Cristo y reforzar la unidad de los cristianos. \u00bfTe unes a nuestra misi\u00f3n? Para m\u00e1s informaci\u00f3n sobre c\u00f3mo colaborar, visita Exaudi.org\/es o cont\u00e1ctanos directamente: info@exaudi.org Exaudi: Informa, forma y transforma.","sameAs":["https:\/\/www.facebook.com\/ExaudiNoticias\/","https:\/\/www.instagram.com\/exaudi_noticias\/","https:\/\/x.com\/Exaudi_noticias","https:\/\/www.youtube.com\/@exaudicatholicnews"],"url":"https:\/\/exaudi.org\/es\/author\/redaccionexaudi\/"}]}},"jetpack_featured_media_url":"https:\/\/exaudi.org\/wp-content\/uploads\/2026\/02\/foto-pedagogia-de-la-union-europea-1.png","jetpack_shortlink":"https:\/\/wp.me\/pgKjF2-ELY","_links":{"self":[{"href":"https:\/\/exaudi.org\/es\/wp-json\/wp\/v2\/posts\/156734","targetHints":{"allow":["GET"]}}],"collection":[{"href":"https:\/\/exaudi.org\/es\/wp-json\/wp\/v2\/posts"}],"about":[{"href":"https:\/\/exaudi.org\/es\/wp-json\/wp\/v2\/types\/post"}],"author":[{"embeddable":true,"href":"https:\/\/exaudi.org\/es\/wp-json\/wp\/v2\/users\/15"}],"replies":[{"embeddable":true,"href":"https:\/\/exaudi.org\/es\/wp-json\/wp\/v2\/comments?post=156734"}],"version-history":[{"count":9,"href":"https:\/\/exaudi.org\/es\/wp-json\/wp\/v2\/posts\/156734\/revisions"}],"predecessor-version":[{"id":156828,"href":"https:\/\/exaudi.org\/es\/wp-json\/wp\/v2\/posts\/156734\/revisions\/156828"}],"wp:featuredmedia":[{"embeddable":true,"href":"https:\/\/exaudi.org\/es\/wp-json\/wp\/v2\/media\/156767"}],"wp:attachment":[{"href":"https:\/\/exaudi.org\/es\/wp-json\/wp\/v2\/media?parent=156734"}],"wp:term":[{"taxonomy":"category","embeddable":true,"href":"https:\/\/exaudi.org\/es\/wp-json\/wp\/v2\/categories?post=156734"},{"taxonomy":"post_tag","embeddable":true,"href":"https:\/\/exaudi.org\/es\/wp-json\/wp\/v2\/tags?post=156734"}],"curies":[{"name":"wp","href":"https:\/\/api.w.org\/{rel}","templated":true}]}}