{"id":156354,"date":"2026-02-04T11:43:54","date_gmt":"2026-02-04T10:43:54","guid":{"rendered":"https:\/\/exaudi.org\/?p=156354"},"modified":"2026-02-04T13:12:08","modified_gmt":"2026-02-04T12:12:08","slug":"leon-xiv-dios-no-mortifica-nunca-al-ser-humano-ni-sus-potencialidades","status":"publish","type":"post","link":"https:\/\/exaudi.org\/es\/leon-xiv-dios-no-mortifica-nunca-al-ser-humano-ni-sus-potencialidades\/","title":{"rendered":"Le\u00f3n XIV: \u201c\u00a1Dios no mortifica nunca al ser humano ni sus potencialidades!\u201d"},"content":{"rendered":"<p dir=\"auto\">En la Audiencia General celebrada esta ma\u00f1ana en el Aula Pablo VI, el Papa Le\u00f3n XIV continu\u00f3 su ciclo de catequesis sobre el Concilio Vaticano II y dedic\u00f3 la reflexi\u00f3n a la Constituci\u00f3n Dogm\u00e1tica <em>Dei Verbum<\/em> sobre la Revelaci\u00f3n Divina. Ante miles de fieles, el Pont\u00edfice subray\u00f3 con fuerza que la Sagrada Escritura debe leerse reconociendo su doble dimensi\u00f3n: divina y profundamente humana.<\/p>\n<p dir=\"auto\">\u201cLas palabras de Dios, expresadas en lenguajes humanos, se han hecho semejantes al habla humana, al igual que el Verbo eterno se hizo semejante a los hombres\u201d, record\u00f3 citando textualmente el documento conciliar. El Papa insisti\u00f3 en que Dios es el autor principal de la Escritura, pero los escritores sagrados son \u201cverdaderos autores\u201d, no meros instrumentos pasivos. En un momento especialmente enf\u00e1tico exclam\u00f3: <strong>\u201c\u00a1Dios no mortifica nunca al ser humano ni sus potencialidades!\u201d<\/strong>, rechazando cualquier visi\u00f3n que presente la inspiraci\u00f3n divina como una anulaci\u00f3n de la libertad y la creatividad humana.<\/p>\n<p dir=\"auto\">Le\u00f3n XIV advirti\u00f3 que una lectura correcta de la Biblia exige atender al contexto hist\u00f3rico, cultural y literario de los textos. Abandonar este criterio puede derivar en fundamentalismos que traicionan el verdadero sentido de la Palabra de Dios. Aplicando esta ense\u00f1anza al anuncio del Evangelio hoy, se\u00f1al\u00f3 que si el mensaje pierde contacto con los sufrimientos, las esperanzas y la realidad concreta de las personas, o se expresa con un lenguaje anacr\u00f3nico, se vuelve ineficaz. Invocando las palabras de su predecesor Francisco en <em>Evangelii gaudium<\/em>, llam\u00f3 a recuperar la frescura del Evangelio mediante m\u00e9todos creativos y expresiones renovadas que hablen al coraz\u00f3n del mundo contempor\u00e1neo.<\/p>\n<p dir=\"auto\"><img loading=\"lazy\" decoding=\"async\" class=\"size-full wp-image-156360 alignnone\" src=\"https:\/\/exaudi.org\/wp-content\/uploads\/2026\/02\/cq5dam.web_.800.800-6.jpg\" alt=\"\" width=\"1248\" height=\"832\" srcset=\"https:\/\/exaudi.org\/wp-content\/uploads\/2026\/02\/cq5dam.web_.800.800-6.jpg 1248w, https:\/\/exaudi.org\/wp-content\/uploads\/2026\/02\/cq5dam.web_.800.800-6-300x200.jpg 300w, https:\/\/exaudi.org\/wp-content\/uploads\/2026\/02\/cq5dam.web_.800.800-6-1024x683.jpg 1024w, https:\/\/exaudi.org\/wp-content\/uploads\/2026\/02\/cq5dam.web_.800.800-6-770x513.jpg 770w, https:\/\/exaudi.org\/wp-content\/uploads\/2026\/02\/cq5dam.web_.800.800-6-360x240.jpg?crop=1 360w, https:\/\/exaudi.org\/wp-content\/uploads\/2026\/02\/cq5dam.web_.800.800-6-500x333.jpg 500w\" sizes=\"auto, (max-width: 1248px) 100vw, 1248px\" \/><\/p>\n<p dir=\"auto\">El Santo Padre record\u00f3 que la Escritura no es un texto del pasado, sino una palabra viva que, sobre todo en la liturgia, ilumina la vida presente de los creyentes. Citando a san Agust\u00edn, afirm\u00f3: \u201cQuien no edifica el amor a Dios y al pr\u00f3jimo a partir de la Escritura, a\u00fan no la ha entendido\u201d. No se trata de un mero mensaje filantr\u00f3pico, sino del anuncio de la vida plena y eterna en Jesucristo.<\/p>\n<p dir=\"auto\">Al concluir la catequesis, el Papa dirigi\u00f3 una sentida invitaci\u00f3n: \u201cDemos gracias al Se\u00f1or porque, en su bondad, no deja que falte en nuestras vidas el alimento esencial de su Palabra, y oremos para que nuestras palabras, y m\u00e1s a\u00fan nuestras vidas, no oscurezcan el amor de Dios que en ellas se narra\u201d.<\/p>\n<p dir=\"auto\">En la parte final de la audiencia, Le\u00f3n XIV expres\u00f3 su cercan\u00eda a Ucrania, duramente golpeada por nuevos bombardeos que afectan la infraestructura energ\u00e9tica en pleno invierno. \u201cAnimo a todos a apoyar con la oraci\u00f3n a nuestros hermanos y hermanas en Ucrania, duramente probados por las consecuencias de los bombardeos\u201d, dijo, y agradeci\u00f3 especialmente las iniciativas de solidaridad que llegan desde las di\u00f3cesis cat\u00f3licas de Polonia y otros pa\u00edses para ayudar a la poblaci\u00f3n a soportar el fr\u00edo extremo.<\/p>\n<p dir=\"auto\">El Pont\u00edfice tambi\u00e9n se refiri\u00f3 a la expiraci\u00f3n del tratado New START, que limita las armas nucleares estrat\u00e9gicas entre Estados Unidos y Rusia, y renov\u00f3 su llamado al desarme y al di\u00e1logo: \u201cEs urgente sustituir la l\u00f3gica del miedo y la desconfianza por una \u00e9tica com\u00fan orientada al bien com\u00fan y hacer de la paz un patrimonio custodiado por todos\u201d.<\/p>\n<p dir=\"auto\"><em><strong>Texto completo de la Audiencia:<\/strong><\/em><\/p>\n<div class=\"abstract text parbase vaticanrichtext\">\n<p style=\"text-align: center;\"><span class=\"color-text\">LE\u00d3N XIV<\/span><\/p>\n<p style=\"text-align: center;\"><i><b><span class=\"title-1-color\">AUDIENCIA GENERAL<\/span><\/b><\/i><\/p>\n<p style=\"text-align: center;\"><i><span class=\"color-text\">Aula Pablo VI<br \/>\nMi\u00e9rcoles, 4 de febrero de 2026<\/span><\/i><\/p>\n<p>____________________<\/p>\n<\/div>\n<div class=\"text parbase vaticanrichtext\">\n<p><b>Catequesis &#8211; Los Documentos del\u00a0<a href=\"https:\/\/www.vatican.va\/archive\/hist_councils\/ii_vatican_council\/index_sp.htm\">Concilio Vaticano II<\/a>\u00a0&#8211; I. Constituci\u00f3n dogm\u00e1tica\u00a0<a href=\"https:\/\/www.vatican.va\/archive\/hist_councils\/ii_vatican_council\/documents\/vat-ii_const_19651118_dei-verbum_sp.html\"><i>Dei Verbum<\/i><\/a>\u00a0<i>4. La Sagrada Escritura: Palabra de Dios en palabras humanas<\/i><\/b><\/p>\n<p>&nbsp;<\/p>\n<p><i>Queridos hermanos y hermanas, \u00a1buenos d\u00edas y bienvenidos!<\/i><\/p>\n<p>La Constituci\u00f3n conciliar\u00a0<i><a href=\"https:\/\/www.vatican.va\/archive\/hist_councils\/ii_vatican_council\/documents\/vat-ii_const_19651118_dei-verbum_sp.html\">Dei Verbum<\/a><\/i>, sobre la cual estamos reflexionando en estas semanas, indica en la Sagrada Escritura, le\u00edda en la Tradici\u00f3n viva de la Iglesia, un espacio privilegiado de encuentro en el que Dios sigue hablando a los hombres y a las mujeres de todos los tiempos, para que, escuch\u00e1ndolo, puedan conocerlo y amarlo. Los textos b\u00edblicos, sin embargo, no fueron escritos en un lenguaje celestial o sobrehumano. Como tambi\u00e9n nos ense\u00f1a la realidad cotidiana, de hecho, dos personas que hablan lenguas diferentes no se entienden entre ellas, no pueden entrar en di\u00e1logo, no logran establecer una relaci\u00f3n. En algunos casos, hacerse comprender por el otro es un primer acto de amor. Por esto Dios elige hablar usando lenguajes humanos y, as\u00ed, diferentes autores, inspirados por el Esp\u00edritu Santo, han redactado los textos de la Sagrada Escritura. Como recuerda el documento conciliar, \u00ablas palabras de Dios expresadas con lenguas humanas se han hecho semejantes al habla humana, como en otro tiempo el Verbo del Padre Eterno, tomada la carne de la debilidad humana, se hizo semejante a los hombres\u00bb (<i><a href=\"https:\/\/www.vatican.va\/archive\/hist_councils\/ii_vatican_council\/documents\/vat-ii_const_19651118_dei-verbum_sp.html\">DV<\/a><\/i>, 13). Por tanto, no s\u00f3lo en sus contenidos, sino tambi\u00e9n en el lenguaje, la Escritura revela la condescendencia misericordiosa de Dios hacia los hombres y su deseo de hacerse cercano a ellos.<\/p>\n<p>A lo largo de la historia de la Iglesia, se ha estudiado la relaci\u00f3n que se produce entre el Autor divino y los autores humanos de los textos sagrados. Durante muchos siglos, muchos te\u00f3logos se han preocupado por defender la inspiraci\u00f3n divina de la Sagrada Escritura, casi considerando a los autores humanos s\u00f3lo como instrumentos pasivos del Esp\u00edritu Santo. En tiempos m\u00e1s recientes, la reflexi\u00f3n ha revalorizado la contribuci\u00f3n de los hagi\u00f3grafos en la redacci\u00f3n de los textos sagrados, hasta el punto de que el documento conciliar habla de Dios como \u00abautor\u00bb principal de la Sagrada Escritura, pero llama tambi\u00e9n a los hagi\u00f3grafos \u00abverdaderos autores\u00bb de los libros sagrados (cfr\u00a0<i><a href=\"https:\/\/www.vatican.va\/archive\/hist_councils\/ii_vatican_council\/documents\/vat-ii_const_19651118_dei-verbum_sp.html\">DV<\/a>,<\/i>\u00a011). Como observaba un agudo ex\u00e9geta del siglo pasado, \u00abrebajar la operaci\u00f3n humana a la de puro amanuense no es glorificar la operaci\u00f3n divina\u00bb.\u00a0<a class=\" cleaner\" href=\"https:\/\/www.vatican.va\/content\/leo-xiv\/es\/audiences\/2026\/documents\/20260204-udienza-generale.html#_ftn1\" name=\"_ftnref1\">[1]<\/a>\u00a0\u00a1Dios no mortifica nunca al ser humano y sus potencialidades!<\/p>\n<p>Por tanto, si la Escritura es palabra de Dios en palabras humanas, cualquier aproximaci\u00f3n a ella que descuide o niegue una de estas dos dimensiones resulta parcial. De ello se desprende que una correcta interpretaci\u00f3n de los textos sagrados no puede prescindir del ambiente hist\u00f3rico en el que estos han madurado y de las formas literarias utilizadas; es m\u00e1s, la renuncia al estudio de las palabras humanas de las que Dios se ha servido, corre el riesgo de dar lugar a lecturas fundamentalistas o espiritualistas de la Escritura, que traicionan su significado. Este principio vale tambi\u00e9n para el anuncio de la Palabra de Dios: si pierde contacto con la realidad, con las esperanzas y los sufrimientos de los hombres, si utiliza un lenguaje incomprensible, poco comunicativo o anacr\u00f3nico, resulta ineficaz. En cada \u00e9poca la Iglesia est\u00e1 llamada a proponer de nuevo la Palabra de Dios con un lenguaje capaz de encarnarse en la historia y de alcanzar los corazones. Como recordaba el\u00a0<a href=\"https:\/\/www.vatican.va\/content\/francesco\/es.html\">Papa Francisco<\/a>, \u00abcada vez que intentamos volver a la fuente y recuperar la frescura original del Evangelio, brotan nuevos caminos, m\u00e9todos creativos, otras formas de expresi\u00f3n, signos m\u00e1s elocuentes, palabras cargadas de renovado significado para el mundo actual\u00bb.\u00a0<a class=\" cleaner\" href=\"https:\/\/www.vatican.va\/content\/leo-xiv\/es\/audiences\/2026\/documents\/20260204-udienza-generale.html#_ftn2\" name=\"_ftnref2\">[2]<\/a><\/p>\n<p>Igualmente reductiva es, por otra parte, una lectura de la Escritura que descuida su origen divino y termina entendi\u00e9ndola como una mera ense\u00f1anza humana, como algo que debe estudiarse simplemente desde un punto de vista t\u00e9cnico o como s\u00f3lo \u00abun texto del pasado\u00bb.\u00a0<a class=\" cleaner\" href=\"https:\/\/www.vatican.va\/content\/leo-xiv\/es\/audiences\/2026\/documents\/20260204-udienza-generale.html#_ftn3\" name=\"_ftnref3\">[3]<\/a>\u00a0M\u00e1s bien, especialmente cuando se proclama en el contexto de la liturgia, la Escritura pretende hablar a los creyentes de hoy, tocar su vida presente con sus problem\u00e1ticas, iluminar los pasos a seguir y las decisiones que tienen que asumir. Esto solamente es posible cuando el creyente lee e interpreta los textos sagrados bajo la gu\u00eda del mismo Esp\u00edritu que los inspir\u00f3 (cfr.\u00a0<i><a href=\"https:\/\/www.vatican.va\/archive\/hist_councils\/ii_vatican_council\/documents\/vat-ii_const_19651118_dei-verbum_sp.html\">DV<\/a><\/i>, 12).<\/p>\n<p>En este sentido, la Escritura sirve para alimentar la vida y la caridad de los creyentes, como recuerda san Agust\u00edn: \u00abEl que juzga haber entendido las divinas escrituras [\u2026], y con esta inteligencia no edifica este doble amor de Dios y del pr\u00f3jimo, a\u00fan no las entendi\u00f3\u00bb.\u00a0<a class=\" cleaner\" href=\"https:\/\/www.vatican.va\/content\/leo-xiv\/es\/audiences\/2026\/documents\/20260204-udienza-generale.html#_ftn4\" name=\"_ftnref4\">[4]<\/a>\u00a0El origen divino de la Escritura recuerda tambi\u00e9n que el Evangelio, encomendado al testimonio de los bautizados, incluso abrazando todas las dimensiones de la vida y de la realidad, las trasciende: esto no se puede reducir a mero mensaje filantr\u00f3pico o social, sino que es anuncio alegre de la vida plena y eterna, que Dios nos ha donado en Jes\u00fas.<\/p>\n<p>Queridos hermanos y hermanas, demos gracias al Se\u00f1or porque, en su bondad, no permite que en nuestras vidas falte el alimento esencial de su Palabra y oremos para que nuestras palabras, y m\u00e1s a\u00fan nuestras vidas, no oscurezcan el amor de Dios que en ellas se narra.<\/p>\n<p>__________________________________________________<\/p>\n<p><a class=\" cleaner\" href=\"https:\/\/www.vatican.va\/content\/leo-xiv\/es\/audiences\/2026\/documents\/20260204-udienza-generale.html#_ftnref1\" name=\"_ftn1\">[1]<\/a>\u00a0L. Alonso Sch\u00f6kel,\u00a0<i>La parola ispirata. La Bibbia alla luce della scienza del linguaggio<\/i>, Brescia 1987, 70. (\u00a0<i>La palabra inspirada. La Biblia a la luz de la ciencia del lenguaje<\/i>).<\/p>\n<p><a class=\" cleaner\" href=\"https:\/\/www.vatican.va\/content\/leo-xiv\/es\/audiences\/2026\/documents\/20260204-udienza-generale.html#_ftnref2\" name=\"_ftn2\">[2]<\/a>\u00a0Francisco, Exhort. ap.\u00a0<i><a href=\"https:\/\/www.vatican.va\/content\/francesco\/en\/apost_exhortations\/documents\/papa-francesco_esortazione-ap_20131124_evangelii-gaudium.html\">Evangelii gaudium<\/a><\/i>\u00a0(24 noviembre 2013), 11.<\/p>\n<p><a class=\" cleaner\" href=\"https:\/\/www.vatican.va\/content\/leo-xiv\/es\/audiences\/2026\/documents\/20260204-udienza-generale.html#_ftnref3\" name=\"_ftn3\">[3]<\/a>\u00a0Benedicto XVI, Exhort. ap. post-sin.\u00a0<i><a href=\"https:\/\/www.vatican.va\/content\/benedict-xvi\/es\/apost_exhortations\/documents\/hf_ben-xvi_exh_20100930_verbum-domini.html\">Verbum Domin<\/a>i<\/i>\u00a0(30 septiembre 2010), 35.<\/p>\n<p><a class=\" cleaner\" href=\"https:\/\/www.vatican.va\/content\/leo-xiv\/es\/audiences\/2026\/documents\/20260204-udienza-generale.html#_ftnref4\" name=\"_ftn4\">[4]<\/a>\u00a0S. Agust\u00edn,\u00a0<i>De doctrina christiana<\/i>\u00a0I, 36, 40.<\/p>\n<p>______________________________________________<\/p>\n<p><b>Saludos\u00a0<\/b><\/p>\n<p>Saludo cordialmente a los peregrinos de lengua espa\u00f1ola. Pidamos al Esp\u00edritu Santo que nos ilumine para que anunciemos la Palabra de Dios con fidelidad creativa y alegr\u00eda misionera, proclamando con nuestras palabras y nuestras obras las maravillas de su amor. Que el Se\u00f1or los bendiga. Muchas gracias.<\/p>\n<p><b>Resumen le\u00eddo por el Santo Padre en espa\u00f1ol<\/b><\/p>\n<p>Queridos hermanos y hermanas:<\/p>\n<p>La Constituci\u00f3n dogm\u00e1tica\u00a0<a href=\"https:\/\/www.vatican.va\/archive\/hist_councils\/ii_vatican_council\/documents\/vat-ii_const_19651118_dei-verbum_sp.html\"><i>Dei Verbum<\/i><\/a>\u00a0nos indica que la Sagrada Escritura, le\u00edda en la Tradici\u00f3n viva de la Iglesia, es un espacio privilegiado en el que Dios contin\u00faa hablando a los hombres y mujeres de todos los tiempos.<\/p>\n<p>Para comunicarse, Dios se vale de lenguajes humanos y, as\u00ed, diversos autores, inspirados por el Esp\u00edritu Santo, redactaron los textos de la Sagrada Escritura. Esto nos muestra que Dios es condescendiente, cercano y misericordioso no s\u00f3lo en el contenido de su mensaje sino tambi\u00e9n en el modo de expresarlo, es decir, en el lenguaje que utiliza, accesible a todas las personas.<\/p>\n<p>La Escritura, por tanto, es palabra de Dios en palabras humanas. Cualquier acercamiento a ella que descuide o niegue una de estas dos dimensiones resulta parcial. Este principio vale tambi\u00e9n para el anuncio de la Palabra de Dios: sin olvidar el origen divino de la Escritura, es necesario transmitirla de modo que sea comprensible y se encarne en la realidad de los creyentes de hoy.<\/p>\n<\/div>\n<p><iframe loading=\"lazy\" title=\"Audiencia General . 04 de febrero de 2026\" width=\"500\" height=\"281\" src=\"https:\/\/www.youtube.com\/embed\/EtGvGbveN_Y?feature=oembed\" frameborder=\"0\" allow=\"accelerometer; autoplay; clipboard-write; encrypted-media; gyroscope; picture-in-picture; web-share\" referrerpolicy=\"strict-origin-when-cross-origin\" allowfullscreen><\/iframe><\/p>\n","protected":false},"excerpt":{"rendered":"<p>En la catequesis del 4 de febrero de 2026, el Pont\u00edfice reflexiona sobre la Constituci\u00f3n &#8216;Dei Verbum&#8217; del Concilio Vaticano II y lanza un llamado urgente por la paz en Ucrania<\/p>\n","protected":false},"author":15,"featured_media":156355,"comment_status":"closed","ping_status":"closed","sticky":false,"template":"","format":"standard","meta":{"_acf_changed":false,"_crdt_document":"","inline_featured_image":false,"footnotes":""},"categories":[112],"tags":[20350,57550,57550,57550,57550,29050,93210,86665,86665,93209,30285,93208,93211,17700,5198,5198,1235],"class_list":{"0":"post-156354","1":"post","2":"type-post","3":"status-publish","4":"format-standard","5":"has-post-thumbnail","6":"hentry","7":"category-audiencia-general","8":"tag-amor-de-dios","9":"tag-dei-verbum","13":"tag-desarme-nuclear","14":"tag-evangelio-vivo","15":"tag-febrero-2026","17":"tag-humanidad-de-la-escritura","18":"tag-inspiracion-divina","19":"tag-interpretacion-biblica","20":"tag-new-start","21":"tag-palabra-de-dios","22":"tag-sagrada-escritura","24":"tag-ucrania"},"acf":[],"yoast_head":"<!-- This site is optimized with the Yoast SEO plugin v27.5 - https:\/\/yoast.com\/product\/yoast-seo-wordpress\/ -->\n<title>Le\u00f3n XIV: \u201c\u00a1Dios no mortifica nunca al ser humano ni sus potencialidades!\u201d &#8211; Exaudi<\/title>\n<meta name=\"robots\" content=\"index, follow, max-snippet:-1, max-image-preview:large, max-video-preview:-1\" \/>\n<link rel=\"canonical\" href=\"https:\/\/exaudi.org\/es\/leon-xiv-dios-no-mortifica-nunca-al-ser-humano-ni-sus-potencialidades\/\" \/>\n<meta property=\"og:locale\" content=\"es_ES\" \/>\n<meta property=\"og:type\" content=\"article\" \/>\n<meta property=\"og:title\" content=\"Le\u00f3n XIV: \u201c\u00a1Dios no mortifica nunca al ser humano ni sus potencialidades!\u201d &#8211; Exaudi\" \/>\n<meta property=\"og:description\" content=\"En la catequesis del 4 de febrero de 2026, el Pont\u00edfice reflexiona sobre la Constituci\u00f3n &#039;Dei Verbum&#039; del Concilio Vaticano II y lanza un llamado urgente por la paz en Ucrania\" \/>\n<meta property=\"og:url\" content=\"https:\/\/exaudi.org\/es\/leon-xiv-dios-no-mortifica-nunca-al-ser-humano-ni-sus-potencialidades\/\" \/>\n<meta property=\"og:site_name\" content=\"Exaudi\" \/>\n<meta property=\"article:publisher\" content=\"https:\/\/www.facebook.com\/ExaudiNews\" \/>\n<meta property=\"article:author\" content=\"https:\/\/www.facebook.com\/ExaudiNoticias\/\" \/>\n<meta property=\"article:published_time\" content=\"2026-02-04T10:43:54+00:00\" \/>\n<meta property=\"article:modified_time\" content=\"2026-02-04T12:12:08+00:00\" \/>\n<meta property=\"og:image\" content=\"https:\/\/exaudi.org\/wp-content\/uploads\/2026\/02\/cq5dam.web_.800.800-3.jpg\" \/>\n\t<meta property=\"og:image:width\" content=\"1248\" \/>\n\t<meta property=\"og:image:height\" content=\"832\" \/>\n\t<meta property=\"og:image:type\" content=\"image\/jpeg\" \/>\n<meta name=\"author\" content=\"Exaudi Redacci\u00f3n\" \/>\n<meta name=\"twitter:card\" content=\"summary_large_image\" \/>\n<meta name=\"twitter:creator\" content=\"@Exaudi_noticias\" \/>\n<meta name=\"twitter:site\" content=\"@Exaudi_News\" \/>\n<meta name=\"twitter:label1\" content=\"Escrito por\" \/>\n\t<meta name=\"twitter:data1\" content=\"Exaudi Redacci\u00f3n\" \/>\n\t<meta name=\"twitter:label2\" content=\"Tiempo de lectura\" \/>\n\t<meta name=\"twitter:data2\" content=\"9 minutos\" \/>\n<script type=\"application\/ld+json\" class=\"yoast-schema-graph\">{\"@context\":\"https:\\\/\\\/schema.org\",\"@graph\":[{\"@type\":\"Article\",\"@id\":\"https:\\\/\\\/exaudi.org\\\/es\\\/leon-xiv-dios-no-mortifica-nunca-al-ser-humano-ni-sus-potencialidades\\\/#article\",\"isPartOf\":{\"@id\":\"https:\\\/\\\/exaudi.org\\\/es\\\/leon-xiv-dios-no-mortifica-nunca-al-ser-humano-ni-sus-potencialidades\\\/\"},\"author\":{\"name\":\"Exaudi Redacci\u00f3n\",\"@id\":\"https:\\\/\\\/exaudi.org\\\/#\\\/schema\\\/person\\\/f5fc8f063065e38742da7afe15f25df7\"},\"headline\":\"Le\u00f3n XIV: \u201c\u00a1Dios no mortifica nunca al ser humano ni sus potencialidades!\u201d\",\"datePublished\":\"2026-02-04T10:43:54+00:00\",\"dateModified\":\"2026-02-04T12:12:08+00:00\",\"mainEntityOfPage\":{\"@id\":\"https:\\\/\\\/exaudi.org\\\/es\\\/leon-xiv-dios-no-mortifica-nunca-al-ser-humano-ni-sus-potencialidades\\\/\"},\"wordCount\":1799,\"image\":{\"@id\":\"https:\\\/\\\/exaudi.org\\\/es\\\/leon-xiv-dios-no-mortifica-nunca-al-ser-humano-ni-sus-potencialidades\\\/#primaryimage\"},\"thumbnailUrl\":\"https:\\\/\\\/exaudi.org\\\/wp-content\\\/uploads\\\/2026\\\/02\\\/cq5dam.web_.800.800-3.jpg\",\"keywords\":[\"amor de Dios\",\"Dei Verbum\",\"Dei Verbum\",\"Dei Verbum\",\"Dei Verbum\",\"desarme nuclear\",\"Evangelio vivo\",\"febrero 2026\",\"febrero 2026\",\"humanidad de la Escritura\",\"inspiraci\u00f3n divina\",\"interpretaci\u00f3n b\u00edblica\",\"New START\",\"Palabra de Dios\",\"Sagrada Escritura\",\"Sagrada Escritura\",\"Ucrania\"],\"articleSection\":[\"Audiencia General\"],\"inLanguage\":\"es\"},{\"@type\":\"WebPage\",\"@id\":\"https:\\\/\\\/exaudi.org\\\/es\\\/leon-xiv-dios-no-mortifica-nunca-al-ser-humano-ni-sus-potencialidades\\\/\",\"url\":\"https:\\\/\\\/exaudi.org\\\/es\\\/leon-xiv-dios-no-mortifica-nunca-al-ser-humano-ni-sus-potencialidades\\\/\",\"name\":\"Le\u00f3n XIV: \u201c\u00a1Dios no mortifica nunca al ser humano ni sus potencialidades!\u201d &#8211; Exaudi\",\"isPartOf\":{\"@id\":\"https:\\\/\\\/exaudi.org\\\/#website\"},\"primaryImageOfPage\":{\"@id\":\"https:\\\/\\\/exaudi.org\\\/es\\\/leon-xiv-dios-no-mortifica-nunca-al-ser-humano-ni-sus-potencialidades\\\/#primaryimage\"},\"image\":{\"@id\":\"https:\\\/\\\/exaudi.org\\\/es\\\/leon-xiv-dios-no-mortifica-nunca-al-ser-humano-ni-sus-potencialidades\\\/#primaryimage\"},\"thumbnailUrl\":\"https:\\\/\\\/exaudi.org\\\/wp-content\\\/uploads\\\/2026\\\/02\\\/cq5dam.web_.800.800-3.jpg\",\"datePublished\":\"2026-02-04T10:43:54+00:00\",\"dateModified\":\"2026-02-04T12:12:08+00:00\",\"author\":{\"@id\":\"https:\\\/\\\/exaudi.org\\\/#\\\/schema\\\/person\\\/f5fc8f063065e38742da7afe15f25df7\"},\"breadcrumb\":{\"@id\":\"https:\\\/\\\/exaudi.org\\\/es\\\/leon-xiv-dios-no-mortifica-nunca-al-ser-humano-ni-sus-potencialidades\\\/#breadcrumb\"},\"inLanguage\":\"es\",\"potentialAction\":[{\"@type\":\"ReadAction\",\"target\":[\"https:\\\/\\\/exaudi.org\\\/es\\\/leon-xiv-dios-no-mortifica-nunca-al-ser-humano-ni-sus-potencialidades\\\/\"]}]},{\"@type\":\"ImageObject\",\"inLanguage\":\"es\",\"@id\":\"https:\\\/\\\/exaudi.org\\\/es\\\/leon-xiv-dios-no-mortifica-nunca-al-ser-humano-ni-sus-potencialidades\\\/#primaryimage\",\"url\":\"https:\\\/\\\/exaudi.org\\\/wp-content\\\/uploads\\\/2026\\\/02\\\/cq5dam.web_.800.800-3.jpg\",\"contentUrl\":\"https:\\\/\\\/exaudi.org\\\/wp-content\\\/uploads\\\/2026\\\/02\\\/cq5dam.web_.800.800-3.jpg\",\"width\":1248,\"height\":832},{\"@type\":\"BreadcrumbList\",\"@id\":\"https:\\\/\\\/exaudi.org\\\/es\\\/leon-xiv-dios-no-mortifica-nunca-al-ser-humano-ni-sus-potencialidades\\\/#breadcrumb\",\"itemListElement\":[{\"@type\":\"ListItem\",\"position\":1,\"name\":\"Portada\",\"item\":\"https:\\\/\\\/exaudi.org\\\/es\\\/\"},{\"@type\":\"ListItem\",\"position\":2,\"name\":\"Le\u00f3n XIV: \u201c\u00a1Dios no mortifica nunca al ser humano ni sus potencialidades!\u201d\"}]},{\"@type\":\"WebSite\",\"@id\":\"https:\\\/\\\/exaudi.org\\\/#website\",\"url\":\"https:\\\/\\\/exaudi.org\\\/\",\"name\":\"Exaudi\",\"description\":\"News\",\"potentialAction\":[{\"@type\":\"SearchAction\",\"target\":{\"@type\":\"EntryPoint\",\"urlTemplate\":\"https:\\\/\\\/exaudi.org\\\/?s={search_term_string}\"},\"query-input\":{\"@type\":\"PropertyValueSpecification\",\"valueRequired\":true,\"valueName\":\"search_term_string\"}}],\"inLanguage\":\"es\"},{\"@type\":\"Person\",\"@id\":\"https:\\\/\\\/exaudi.org\\\/#\\\/schema\\\/person\\\/f5fc8f063065e38742da7afe15f25df7\",\"name\":\"Exaudi Redacci\u00f3n\",\"image\":{\"@type\":\"ImageObject\",\"inLanguage\":\"es\",\"@id\":\"https:\\\/\\\/secure.gravatar.com\\\/avatar\\\/fe0f6a059fb68d9b3e11bc5850dd4899b1c7492091a3cb6dd9b01b56ad828be2?s=96&d=mm&r=g\",\"url\":\"https:\\\/\\\/secure.gravatar.com\\\/avatar\\\/fe0f6a059fb68d9b3e11bc5850dd4899b1c7492091a3cb6dd9b01b56ad828be2?s=96&d=mm&r=g\",\"contentUrl\":\"https:\\\/\\\/secure.gravatar.com\\\/avatar\\\/fe0f6a059fb68d9b3e11bc5850dd4899b1c7492091a3cb6dd9b01b56ad828be2?s=96&d=mm&r=g\",\"caption\":\"Exaudi Redacci\u00f3n\"},\"description\":\"\u00bfQu\u00e9 es Exaudi News? Exaudi News es un medio de comunicaci\u00f3n cat\u00f3lico internacional que informa, forma y transforma, diariamente en espa\u00f1ol, ingl\u00e9s e italiano. A trav\u00e9s de noticias, art\u00edculos de an\u00e1lisis y transmisiones en directo de los eventos del Papa, Exaudi busca fortalecer la unidad de los cristianos y contribuir a la evangelizaci\u00f3n del mundo, siempre guiados por la doctrina social de la Iglesia. Trabajamos para acercar la verdad y los valores cristianos a cada rinc\u00f3n del planeta. \u00a1Ay\u00fadanos a transformar el mundo con Exaudi! En Exaudi creemos que la evangelizaci\u00f3n y la informaci\u00f3n de calidad pueden cambiar vidas. Para continuar con nuestra misi\u00f3n y expandir nuestro alcance, necesitamos tu ayuda. Adem\u00e1s, buscamos personas comprometidas que deseen unirse a nuestro equipo. Con tu apoyo, lograremos llegar a m\u00e1s personas, difundir el mensaje de Cristo y reforzar la unidad de los cristianos. \u00bfTe unes a nuestra misi\u00f3n? Para m\u00e1s informaci\u00f3n sobre c\u00f3mo colaborar, visita Exaudi.org\\\/es o cont\u00e1ctanos directamente: info@exaudi.org Exaudi: Informa, forma y transforma.\",\"sameAs\":[\"https:\\\/\\\/www.facebook.com\\\/ExaudiNoticias\\\/\",\"https:\\\/\\\/www.instagram.com\\\/exaudi_noticias\\\/\",\"https:\\\/\\\/x.com\\\/Exaudi_noticias\",\"https:\\\/\\\/www.youtube.com\\\/@exaudicatholicnews\"],\"url\":\"https:\\\/\\\/exaudi.org\\\/es\\\/author\\\/redaccionexaudi\\\/\"}]}<\/script>\n<!-- \/ Yoast SEO plugin. -->","yoast_head_json":{"title":"Le\u00f3n XIV: \u201c\u00a1Dios no mortifica nunca al ser humano ni sus potencialidades!\u201d &#8211; Exaudi","robots":{"index":"index","follow":"follow","max-snippet":"max-snippet:-1","max-image-preview":"max-image-preview:large","max-video-preview":"max-video-preview:-1"},"canonical":"https:\/\/exaudi.org\/es\/leon-xiv-dios-no-mortifica-nunca-al-ser-humano-ni-sus-potencialidades\/","og_locale":"es_ES","og_type":"article","og_title":"Le\u00f3n XIV: \u201c\u00a1Dios no mortifica nunca al ser humano ni sus potencialidades!\u201d &#8211; Exaudi","og_description":"En la catequesis del 4 de febrero de 2026, el Pont\u00edfice reflexiona sobre la Constituci\u00f3n 'Dei Verbum' del Concilio Vaticano II y lanza un llamado urgente por la paz en Ucrania","og_url":"https:\/\/exaudi.org\/es\/leon-xiv-dios-no-mortifica-nunca-al-ser-humano-ni-sus-potencialidades\/","og_site_name":"Exaudi","article_publisher":"https:\/\/www.facebook.com\/ExaudiNews","article_author":"https:\/\/www.facebook.com\/ExaudiNoticias\/","article_published_time":"2026-02-04T10:43:54+00:00","article_modified_time":"2026-02-04T12:12:08+00:00","og_image":[{"width":1248,"height":832,"url":"https:\/\/exaudi.org\/wp-content\/uploads\/2026\/02\/cq5dam.web_.800.800-3.jpg","type":"image\/jpeg"}],"author":"Exaudi Redacci\u00f3n","twitter_card":"summary_large_image","twitter_creator":"@Exaudi_noticias","twitter_site":"@Exaudi_News","twitter_misc":{"Escrito por":"Exaudi Redacci\u00f3n","Tiempo de lectura":"9 minutos"},"schema":{"@context":"https:\/\/schema.org","@graph":[{"@type":"Article","@id":"https:\/\/exaudi.org\/es\/leon-xiv-dios-no-mortifica-nunca-al-ser-humano-ni-sus-potencialidades\/#article","isPartOf":{"@id":"https:\/\/exaudi.org\/es\/leon-xiv-dios-no-mortifica-nunca-al-ser-humano-ni-sus-potencialidades\/"},"author":{"name":"Exaudi Redacci\u00f3n","@id":"https:\/\/exaudi.org\/#\/schema\/person\/f5fc8f063065e38742da7afe15f25df7"},"headline":"Le\u00f3n XIV: \u201c\u00a1Dios no mortifica nunca al ser humano ni sus potencialidades!\u201d","datePublished":"2026-02-04T10:43:54+00:00","dateModified":"2026-02-04T12:12:08+00:00","mainEntityOfPage":{"@id":"https:\/\/exaudi.org\/es\/leon-xiv-dios-no-mortifica-nunca-al-ser-humano-ni-sus-potencialidades\/"},"wordCount":1799,"image":{"@id":"https:\/\/exaudi.org\/es\/leon-xiv-dios-no-mortifica-nunca-al-ser-humano-ni-sus-potencialidades\/#primaryimage"},"thumbnailUrl":"https:\/\/exaudi.org\/wp-content\/uploads\/2026\/02\/cq5dam.web_.800.800-3.jpg","keywords":["amor de Dios","Dei Verbum","Dei Verbum","Dei Verbum","Dei Verbum","desarme nuclear","Evangelio vivo","febrero 2026","febrero 2026","humanidad de la Escritura","inspiraci\u00f3n divina","interpretaci\u00f3n b\u00edblica","New START","Palabra de Dios","Sagrada Escritura","Sagrada Escritura","Ucrania"],"articleSection":["Audiencia General"],"inLanguage":"es"},{"@type":"WebPage","@id":"https:\/\/exaudi.org\/es\/leon-xiv-dios-no-mortifica-nunca-al-ser-humano-ni-sus-potencialidades\/","url":"https:\/\/exaudi.org\/es\/leon-xiv-dios-no-mortifica-nunca-al-ser-humano-ni-sus-potencialidades\/","name":"Le\u00f3n XIV: \u201c\u00a1Dios no mortifica nunca al ser humano ni sus potencialidades!\u201d &#8211; Exaudi","isPartOf":{"@id":"https:\/\/exaudi.org\/#website"},"primaryImageOfPage":{"@id":"https:\/\/exaudi.org\/es\/leon-xiv-dios-no-mortifica-nunca-al-ser-humano-ni-sus-potencialidades\/#primaryimage"},"image":{"@id":"https:\/\/exaudi.org\/es\/leon-xiv-dios-no-mortifica-nunca-al-ser-humano-ni-sus-potencialidades\/#primaryimage"},"thumbnailUrl":"https:\/\/exaudi.org\/wp-content\/uploads\/2026\/02\/cq5dam.web_.800.800-3.jpg","datePublished":"2026-02-04T10:43:54+00:00","dateModified":"2026-02-04T12:12:08+00:00","author":{"@id":"https:\/\/exaudi.org\/#\/schema\/person\/f5fc8f063065e38742da7afe15f25df7"},"breadcrumb":{"@id":"https:\/\/exaudi.org\/es\/leon-xiv-dios-no-mortifica-nunca-al-ser-humano-ni-sus-potencialidades\/#breadcrumb"},"inLanguage":"es","potentialAction":[{"@type":"ReadAction","target":["https:\/\/exaudi.org\/es\/leon-xiv-dios-no-mortifica-nunca-al-ser-humano-ni-sus-potencialidades\/"]}]},{"@type":"ImageObject","inLanguage":"es","@id":"https:\/\/exaudi.org\/es\/leon-xiv-dios-no-mortifica-nunca-al-ser-humano-ni-sus-potencialidades\/#primaryimage","url":"https:\/\/exaudi.org\/wp-content\/uploads\/2026\/02\/cq5dam.web_.800.800-3.jpg","contentUrl":"https:\/\/exaudi.org\/wp-content\/uploads\/2026\/02\/cq5dam.web_.800.800-3.jpg","width":1248,"height":832},{"@type":"BreadcrumbList","@id":"https:\/\/exaudi.org\/es\/leon-xiv-dios-no-mortifica-nunca-al-ser-humano-ni-sus-potencialidades\/#breadcrumb","itemListElement":[{"@type":"ListItem","position":1,"name":"Portada","item":"https:\/\/exaudi.org\/es\/"},{"@type":"ListItem","position":2,"name":"Le\u00f3n XIV: \u201c\u00a1Dios no mortifica nunca al ser humano ni sus potencialidades!\u201d"}]},{"@type":"WebSite","@id":"https:\/\/exaudi.org\/#website","url":"https:\/\/exaudi.org\/","name":"Exaudi","description":"News","potentialAction":[{"@type":"SearchAction","target":{"@type":"EntryPoint","urlTemplate":"https:\/\/exaudi.org\/?s={search_term_string}"},"query-input":{"@type":"PropertyValueSpecification","valueRequired":true,"valueName":"search_term_string"}}],"inLanguage":"es"},{"@type":"Person","@id":"https:\/\/exaudi.org\/#\/schema\/person\/f5fc8f063065e38742da7afe15f25df7","name":"Exaudi Redacci\u00f3n","image":{"@type":"ImageObject","inLanguage":"es","@id":"https:\/\/secure.gravatar.com\/avatar\/fe0f6a059fb68d9b3e11bc5850dd4899b1c7492091a3cb6dd9b01b56ad828be2?s=96&d=mm&r=g","url":"https:\/\/secure.gravatar.com\/avatar\/fe0f6a059fb68d9b3e11bc5850dd4899b1c7492091a3cb6dd9b01b56ad828be2?s=96&d=mm&r=g","contentUrl":"https:\/\/secure.gravatar.com\/avatar\/fe0f6a059fb68d9b3e11bc5850dd4899b1c7492091a3cb6dd9b01b56ad828be2?s=96&d=mm&r=g","caption":"Exaudi Redacci\u00f3n"},"description":"\u00bfQu\u00e9 es Exaudi News? Exaudi News es un medio de comunicaci\u00f3n cat\u00f3lico internacional que informa, forma y transforma, diariamente en espa\u00f1ol, ingl\u00e9s e italiano. A trav\u00e9s de noticias, art\u00edculos de an\u00e1lisis y transmisiones en directo de los eventos del Papa, Exaudi busca fortalecer la unidad de los cristianos y contribuir a la evangelizaci\u00f3n del mundo, siempre guiados por la doctrina social de la Iglesia. Trabajamos para acercar la verdad y los valores cristianos a cada rinc\u00f3n del planeta. \u00a1Ay\u00fadanos a transformar el mundo con Exaudi! En Exaudi creemos que la evangelizaci\u00f3n y la informaci\u00f3n de calidad pueden cambiar vidas. Para continuar con nuestra misi\u00f3n y expandir nuestro alcance, necesitamos tu ayuda. Adem\u00e1s, buscamos personas comprometidas que deseen unirse a nuestro equipo. Con tu apoyo, lograremos llegar a m\u00e1s personas, difundir el mensaje de Cristo y reforzar la unidad de los cristianos. \u00bfTe unes a nuestra misi\u00f3n? Para m\u00e1s informaci\u00f3n sobre c\u00f3mo colaborar, visita Exaudi.org\/es o cont\u00e1ctanos directamente: info@exaudi.org Exaudi: Informa, forma y transforma.","sameAs":["https:\/\/www.facebook.com\/ExaudiNoticias\/","https:\/\/www.instagram.com\/exaudi_noticias\/","https:\/\/x.com\/Exaudi_noticias","https:\/\/www.youtube.com\/@exaudicatholicnews"],"url":"https:\/\/exaudi.org\/es\/author\/redaccionexaudi\/"}]}},"jetpack_featured_media_url":"https:\/\/exaudi.org\/wp-content\/uploads\/2026\/02\/cq5dam.web_.800.800-3.jpg","jetpack_shortlink":"https:\/\/wp.me\/pgKjF2-EFQ","_links":{"self":[{"href":"https:\/\/exaudi.org\/es\/wp-json\/wp\/v2\/posts\/156354","targetHints":{"allow":["GET"]}}],"collection":[{"href":"https:\/\/exaudi.org\/es\/wp-json\/wp\/v2\/posts"}],"about":[{"href":"https:\/\/exaudi.org\/es\/wp-json\/wp\/v2\/types\/post"}],"author":[{"embeddable":true,"href":"https:\/\/exaudi.org\/es\/wp-json\/wp\/v2\/users\/15"}],"replies":[{"embeddable":true,"href":"https:\/\/exaudi.org\/es\/wp-json\/wp\/v2\/comments?post=156354"}],"version-history":[{"count":4,"href":"https:\/\/exaudi.org\/es\/wp-json\/wp\/v2\/posts\/156354\/revisions"}],"predecessor-version":[{"id":156364,"href":"https:\/\/exaudi.org\/es\/wp-json\/wp\/v2\/posts\/156354\/revisions\/156364"}],"wp:featuredmedia":[{"embeddable":true,"href":"https:\/\/exaudi.org\/es\/wp-json\/wp\/v2\/media\/156355"}],"wp:attachment":[{"href":"https:\/\/exaudi.org\/es\/wp-json\/wp\/v2\/media?parent=156354"}],"wp:term":[{"taxonomy":"category","embeddable":true,"href":"https:\/\/exaudi.org\/es\/wp-json\/wp\/v2\/categories?post=156354"},{"taxonomy":"post_tag","embeddable":true,"href":"https:\/\/exaudi.org\/es\/wp-json\/wp\/v2\/tags?post=156354"}],"curies":[{"name":"wp","href":"https:\/\/api.w.org\/{rel}","templated":true}]}}