{"id":156231,"date":"2026-02-04T09:30:19","date_gmt":"2026-02-04T08:30:19","guid":{"rendered":"https:\/\/exaudi.org\/?p=156231"},"modified":"2026-02-04T09:39:46","modified_gmt":"2026-02-04T08:39:46","slug":"la-llamada-que-lo-cambia-todo","status":"publish","type":"post","link":"https:\/\/exaudi.org\/es\/la-llamada-que-lo-cambia-todo\/","title":{"rendered":"La llamada que lo cambia todo"},"content":{"rendered":"<p>\u00bfQu\u00e9 pasa cuando de repente tu vida se reduce a una llamada de tel\u00e9fono? \u00bfqu\u00e9 pasa cuando en un minuto, sin estar previsto, tus preocupaciones se ven limitadas a lo que te diga una voz al otro lado del m\u00f3vil? \u00bfqu\u00e9 te pasa cuando caes en la cuenta de tu fragilidad, de tu finitud, de tu vulnerabilidad?<\/p>\n<p><iframe title=\"Spotify Embed: La llamada que lo cambia todo\" style=\"border-radius: 12px\" width=\"100%\" height=\"152\" frameborder=\"0\" allowfullscreen allow=\"autoplay; clipboard-write; encrypted-media; fullscreen; picture-in-picture\" loading=\"lazy\" src=\"https:\/\/open.spotify.com\/embed\/episode\/67lYUUBcxpuzAlMPXHd9Y9?si=e66c065f1e1c49f0&amp;utm_source=oembed\"><\/iframe><\/p>\n<p>En estos d\u00edas a una persona important\u00edsima para m\u00ed le han hecho una biopsia de un bulto. En una revisi\u00f3n rutinaria, de esas a las que vas por poner un check en tu lista de pendientes, le vieron algo que era mejor analizar, y hecho el an\u00e1lisis, hab\u00eda que esperar unos d\u00edas a que le llamaran del hospital para conocer el diagn\u00f3stico.<\/p>\n<p>Gracias a Dios todo ha ido bien, pero todo esto me ha hecho pensar bastante en c\u00f3mo puede cambiar en un segundo tu vida. As\u00ed como en esa fragilidad que nos constituye y que no nos gusta admitir. En la finitud de la vida y en nuestra vulnerabilidad.<\/p>\n<p>Y aun vivi\u00e9ndolo desde la confianza y en la esperanza de que todo iba a ir bien, cuando me lo cont\u00f3 fue como si un ladr\u00f3n hubiera aparecido de la nada para quitarme algo de grand\u00edsimo valor sin mi permiso: la seguridad de tenerlo todo bajo control y mi querer saber siempre lo que vendr\u00e1 despu\u00e9s y despu\u00e9s y despu\u00e9s.<\/p>\n<p>Pensaba en la cantidad de cosas que doy por supuestas, como si vinieran de serie en cada acontecimiento o ya estuvieran impresas en la realidad, quit\u00e1ndolas ese enorme valor que tienen de don.<\/p>\n<p>Pensaba en el valor del presente. Del hoy. De cada minuto y segundo de cada d\u00eda.<\/p>\n<p>Y te das cuenta de que no controlas casi nada o mucho menos de lo que te cre\u00edas, y de c\u00f3mo, de forma autom\u00e1tica sin pensarlo, tus preocupaciones e inquietudes cotidianas, cambian. As\u00ed, esas aspiraciones laborales que tanto tiempo ocupaban en tu d\u00eda, en un segundo, son insignificantes. Ese cambio de coche que quer\u00edas hacer, aparece, tambi\u00e9n, como insignificante, y el llegar la primera o tener raz\u00f3n, ahora, ya no es lo m\u00e1s importante ni de lejos.<\/p>\n<p>Y pensaba en la cantidad de cosas que posponemos o que yo misma pospongo.\u00a0 En esos mensajes que no env\u00edo nunca o en esos encuentros que llevo tiempo queriendo tener, pero sin mover un dedo para hacerlos realidad. Me daba cuenta de c\u00f3mo escalaban posiciones en mi mente. Sent\u00eda c\u00f3mo ese rato en la cena despacito y sin prisa disfrutando de la conversaci\u00f3n con mi familia, era lo m\u00e1s valioso de mi d\u00eda, y de c\u00f3mo esos \u201clo siento\u201d o \u201cte quiero\u201d, que tanto pospon\u00eda, no hac\u00edan otra cosa sino intentar salir de mi boca a gritos.<\/p>\n<p>Y caes en la cuenta de que est\u00e1s muy preocupada por cosas vanas. Que caminas un poco dispersa y sin poner tu atenci\u00f3n en aquello de lo que quieres llenar tu vida. Que atender es amar y amar atender, \u00a0y que el tiempo es el bien m\u00e1s preciado que tienes.<\/p>\n<p>Y oyes de repente en tu interior una voz que te dice: Marta, Marta andas preocupada por muchas cosas y solo una es importante\u2026.<\/p>\n<p>Porque cuando nos vayamos de aqu\u00ed lo que permanecer\u00e1 ser\u00e1 el amor que hemos dado. Algo que estamos hartos de escuchar y que parece una frase hecha de taza de Mister Wonderful, pero que, cuando est\u00e1s esperando esa llamada, ves que es real. Porque no piensas en el coche, en tu ascenso o en el \u00e9xito de tu presentaci\u00f3n. Piensas en personas concretas con sus nombres y sus rostros. Porque lo material se gasta y se pierde, pero en el amor, cuando m\u00e1s das, m\u00e1s tienes.<\/p>\n<p>Paralelamente, en estos d\u00edas, ha sido el funeral por las v\u00edctimas del accidente ferroviario en C\u00f3rdoba. 46 vidas segadas en un segundo. 46 rostros. 46 corazones que ya no latir\u00e1n m\u00e1s en este mundo y 46 familias rotas de dolor. Se me pon\u00edan los pelos de punta al escuchar las palabras de Liliana, hija de una de las fallecidas. Unas palabras llenas de dolor y de verdad y que te invito, querido lector, a que escuches o leas si puedes hacerlo.<\/p>\n<p>\u201cSomos las 45 familias que han aprendido con demasiada crueldad que la llamada que no se hace se queda sin hacer y el beso que no damos es el que m\u00e1s recordamos. Somos las 45 familias que cambiar\u00edan todo el oro de este mundo, que ahora no vale nada, por poder mover las agujas del reloj tan s\u00f3lo 20 segundos\u201d<\/p>\n<p>Otra vez, la fragilidad de esta vida hac\u00eda acto de presencia en mi peque\u00f1a cotidianeidad. En mi peque\u00f1o metro cuadrado. Una fragilidad que me recordaba de nuevo lo maravilloso del regalo de cada d\u00eda. Del don de la vida.<\/p>\n<p>Una vida que pasa r\u00e1pido y m\u00e1s si no la habitas. Si solo te limitas a lo superficial. La rutina vivida desde la indiferencia, el ruido y la rapidez del mundo en el que vivimos hace que, muchas veces, bajemos los ojos para solo ver el corto plazo, lo inmediato y lo material. Eso que solo es perceptible por los sentidos, olvid\u00e1ndonos de levantar la mirada, para posibilitar a nuestro coraz\u00f3n ver eso que solo puede ver \u00e9l. Eso que no puede pesarse ni medirse con las m\u00e9tricas del mundo pero que, cuando falta, sabes que hay un vac\u00edo enorme.<\/p>\n<p>Un vac\u00edo que intentamos llenar de cosas que nunca nos llenar\u00e1n porque estamos hechos para algo mucho m\u00e1s grande. Porque nuestro deseo profundo de bien, bondad y de belleza, eso que nuestro coraz\u00f3n anhela y que llamamos felicidad, no est\u00e1 en el tener y en el acumular.\u00a0 Sino en el amor. En el amar y ser amado. En el amor que pones y das. En cada encuentro. En cada sonrisa. En cada acto de entrega.<\/p>\n<p>Porque no todo vale ni todo es lo mismo, e importa mucho c\u00f3mo decidas vivir cada d\u00eda. C\u00f3mo decidas responder ante lo que acontece, muchas veces no elegido. Porque importa y mucho de qu\u00e9 quieres llenar tu vida, y c\u00f3mo decides ponerte en relaci\u00f3n con ese otro con el que caminas. Importa y mucho, tu entrega y tu acogida. Importa y mucho habitar el presente. Eso que cada d\u00eda recibimos como un regalo.<\/p>\n<p><img loading=\"lazy\" decoding=\"async\" class=\"size-full wp-image-156293 alignnone\" src=\"https:\/\/exaudi.org\/wp-content\/uploads\/2026\/02\/Voces-1-1.jpg\" alt=\"\" width=\"1080\" height=\"1080\" srcset=\"https:\/\/exaudi.org\/wp-content\/uploads\/2026\/02\/Voces-1-1.jpg 1080w, https:\/\/exaudi.org\/wp-content\/uploads\/2026\/02\/Voces-1-1-300x300.jpg 300w, https:\/\/exaudi.org\/wp-content\/uploads\/2026\/02\/Voces-1-1-1024x1024.jpg 1024w, https:\/\/exaudi.org\/wp-content\/uploads\/2026\/02\/Voces-1-1-100x100.jpg?crop=1 100w, https:\/\/exaudi.org\/wp-content\/uploads\/2026\/02\/Voces-1-1-770x770.jpg 770w, https:\/\/exaudi.org\/wp-content\/uploads\/2026\/02\/Voces-1-1-500x500.jpg 500w\" sizes=\"auto, (max-width: 1080px) 100vw, 1080px\" \/><\/p>\n","protected":false},"excerpt":{"rendered":"<p>La fragilidad que revela lo esencial<\/p>\n","protected":false},"author":129,"featured_media":156236,"comment_status":"closed","ping_status":"closed","sticky":false,"template":"","format":"standard","meta":{"_acf_changed":false,"_crdt_document":"","inline_featured_image":false,"footnotes":""},"categories":[130],"tags":[92990,92989,92988,93008,92995,93005,92987,93004,27000,93000,93002,93006,92985,92984,93001,92998,92986,11313,92997,92994,63647,93003,92996,93007,92999,93009,92991,58880,92992,92993,30756],"class_list":["post-156231","post","type-post","status-publish","format-standard","has-post-thumbnail","hentry","category-voces","tag-46-victimas-adamuz","tag-accidente-ferroviario-cordoba-2026","tag-accidente-tren-adamuz-cordoba","tag-accidente-tren-espana-2026","tag-amor-lo-que-permanece","tag-atender-es-amar","tag-biopsia-diagnostico","tag-cosas-vanas","tag-don-de-la-vida","tag-entregar-amor","tag-esperanza-confianza","tag-familia-cena","tag-finitud-existencia","tag-fragilidad-de-la-vida","tag-habitar-presente","tag-liliana-palabras-funeral-adamuz","tag-llamada-telefono-cambio-vida","tag-marta-luquero","tag-marta-marta-preocupada","tag-posponer-lo-importante","tag-reflexion-existencial","tag-seguridad-ilusion-control","tag-solo-una-cosa-es-necesaria","tag-te-quiero-pospuesto","tag-tiempo-bien-preciado","tag-tragedia-adamuz-funeral","tag-tren-iryo-alvia-choque","tag-trending-es-151","tag-valor-del-presente","tag-vivir-el-hoy","tag-vulnerabilidad-humana"],"acf":[],"yoast_head":"<!-- This site is optimized with the Yoast SEO plugin v27.5 - https:\/\/yoast.com\/product\/yoast-seo-wordpress\/ -->\n<title>La llamada que lo cambia todo &#8211; Exaudi<\/title>\n<meta name=\"robots\" content=\"index, follow, max-snippet:-1, max-image-preview:large, max-video-preview:-1\" \/>\n<link rel=\"canonical\" href=\"https:\/\/exaudi.org\/es\/la-llamada-que-lo-cambia-todo\/\" \/>\n<meta property=\"og:locale\" content=\"es_ES\" \/>\n<meta property=\"og:type\" content=\"article\" \/>\n<meta property=\"og:title\" content=\"La llamada que lo cambia todo &#8211; Exaudi\" \/>\n<meta property=\"og:description\" content=\"La fragilidad que revela lo esencial\" \/>\n<meta property=\"og:url\" content=\"https:\/\/exaudi.org\/es\/la-llamada-que-lo-cambia-todo\/\" \/>\n<meta property=\"og:site_name\" content=\"Exaudi\" \/>\n<meta property=\"article:publisher\" content=\"https:\/\/www.facebook.com\/ExaudiNews\" \/>\n<meta property=\"article:published_time\" content=\"2026-02-04T08:30:19+00:00\" \/>\n<meta property=\"article:modified_time\" content=\"2026-02-04T08:39:46+00:00\" \/>\n<meta property=\"og:image\" content=\"https:\/\/exaudi.org\/wp-content\/uploads\/2026\/02\/pexels-negativespace-33999-scaled.jpg\" \/>\n\t<meta property=\"og:image:width\" content=\"2560\" \/>\n\t<meta property=\"og:image:height\" content=\"1707\" \/>\n\t<meta property=\"og:image:type\" content=\"image\/jpeg\" \/>\n<meta name=\"author\" content=\"Marta Luquero\" \/>\n<meta name=\"twitter:card\" content=\"summary_large_image\" \/>\n<meta name=\"twitter:creator\" content=\"@Exaudi_News\" \/>\n<meta name=\"twitter:site\" content=\"@Exaudi_News\" \/>\n<meta name=\"twitter:label1\" content=\"Escrito por\" \/>\n\t<meta name=\"twitter:data1\" content=\"Marta Luquero\" \/>\n\t<meta name=\"twitter:label2\" content=\"Tiempo de lectura\" \/>\n\t<meta name=\"twitter:data2\" content=\"6 minutos\" \/>\n<script type=\"application\/ld+json\" class=\"yoast-schema-graph\">{\"@context\":\"https:\\\/\\\/schema.org\",\"@graph\":[{\"@type\":\"Article\",\"@id\":\"https:\\\/\\\/exaudi.org\\\/es\\\/la-llamada-que-lo-cambia-todo\\\/#article\",\"isPartOf\":{\"@id\":\"https:\\\/\\\/exaudi.org\\\/es\\\/la-llamada-que-lo-cambia-todo\\\/\"},\"author\":{\"name\":\"Marta Luquero\",\"@id\":\"https:\\\/\\\/exaudi.org\\\/#\\\/schema\\\/person\\\/593e679cdac2ac955cdf94fd77952021\"},\"headline\":\"La llamada que lo cambia todo\",\"datePublished\":\"2026-02-04T08:30:19+00:00\",\"dateModified\":\"2026-02-04T08:39:46+00:00\",\"mainEntityOfPage\":{\"@id\":\"https:\\\/\\\/exaudi.org\\\/es\\\/la-llamada-que-lo-cambia-todo\\\/\"},\"wordCount\":1123,\"image\":{\"@id\":\"https:\\\/\\\/exaudi.org\\\/es\\\/la-llamada-que-lo-cambia-todo\\\/#primaryimage\"},\"thumbnailUrl\":\"https:\\\/\\\/exaudi.org\\\/wp-content\\\/uploads\\\/2026\\\/02\\\/pexels-negativespace-33999-scaled.jpg\",\"keywords\":[\"46 v\u00edctimas Adamuz\",\"accidente ferroviario C\u00f3rdoba 2026\",\"accidente tren Adamuz C\u00f3rdoba\",\"accidente tren Espa\u00f1a 2026\",\"amor lo que permanece\",\"atender es amar\",\"biopsia diagn\u00f3stico\",\"cosas vanas\",\"don de la vida\",\"entregar amor\",\"esperanza confianza\",\"familia cena\",\"finitud existencia\",\"fragilidad de la vida\",\"habitar presente\",\"Liliana palabras funeral Adamuz\",\"llamada tel\u00e9fono cambio vida\",\"Marta Luquero\",\"Marta Marta preocupada\",\"posponer lo importante\",\"reflexi\u00f3n existencial\",\"seguridad ilusi\u00f3n control\",\"solo una cosa es necesaria\",\"te quiero pospuesto\",\"tiempo bien preciado\",\"tragedia Adamuz funeral\",\"tren Iryo Alvia choque\",\"Trending\",\"valor del presente\",\"vivir el hoy\",\"vulnerabilidad humana\"],\"articleSection\":[\"Voces\"],\"inLanguage\":\"es\"},{\"@type\":\"WebPage\",\"@id\":\"https:\\\/\\\/exaudi.org\\\/es\\\/la-llamada-que-lo-cambia-todo\\\/\",\"url\":\"https:\\\/\\\/exaudi.org\\\/es\\\/la-llamada-que-lo-cambia-todo\\\/\",\"name\":\"La llamada que lo cambia todo &#8211; Exaudi\",\"isPartOf\":{\"@id\":\"https:\\\/\\\/exaudi.org\\\/#website\"},\"primaryImageOfPage\":{\"@id\":\"https:\\\/\\\/exaudi.org\\\/es\\\/la-llamada-que-lo-cambia-todo\\\/#primaryimage\"},\"image\":{\"@id\":\"https:\\\/\\\/exaudi.org\\\/es\\\/la-llamada-que-lo-cambia-todo\\\/#primaryimage\"},\"thumbnailUrl\":\"https:\\\/\\\/exaudi.org\\\/wp-content\\\/uploads\\\/2026\\\/02\\\/pexels-negativespace-33999-scaled.jpg\",\"datePublished\":\"2026-02-04T08:30:19+00:00\",\"dateModified\":\"2026-02-04T08:39:46+00:00\",\"author\":{\"@id\":\"https:\\\/\\\/exaudi.org\\\/#\\\/schema\\\/person\\\/593e679cdac2ac955cdf94fd77952021\"},\"breadcrumb\":{\"@id\":\"https:\\\/\\\/exaudi.org\\\/es\\\/la-llamada-que-lo-cambia-todo\\\/#breadcrumb\"},\"inLanguage\":\"es\",\"potentialAction\":[{\"@type\":\"ReadAction\",\"target\":[\"https:\\\/\\\/exaudi.org\\\/es\\\/la-llamada-que-lo-cambia-todo\\\/\"]}]},{\"@type\":\"ImageObject\",\"inLanguage\":\"es\",\"@id\":\"https:\\\/\\\/exaudi.org\\\/es\\\/la-llamada-que-lo-cambia-todo\\\/#primaryimage\",\"url\":\"https:\\\/\\\/exaudi.org\\\/wp-content\\\/uploads\\\/2026\\\/02\\\/pexels-negativespace-33999-scaled.jpg\",\"contentUrl\":\"https:\\\/\\\/exaudi.org\\\/wp-content\\\/uploads\\\/2026\\\/02\\\/pexels-negativespace-33999-scaled.jpg\",\"width\":2560,\"height\":1707},{\"@type\":\"BreadcrumbList\",\"@id\":\"https:\\\/\\\/exaudi.org\\\/es\\\/la-llamada-que-lo-cambia-todo\\\/#breadcrumb\",\"itemListElement\":[{\"@type\":\"ListItem\",\"position\":1,\"name\":\"Portada\",\"item\":\"https:\\\/\\\/exaudi.org\\\/es\\\/\"},{\"@type\":\"ListItem\",\"position\":2,\"name\":\"La llamada que lo cambia todo\"}]},{\"@type\":\"WebSite\",\"@id\":\"https:\\\/\\\/exaudi.org\\\/#website\",\"url\":\"https:\\\/\\\/exaudi.org\\\/\",\"name\":\"Exaudi\",\"description\":\"News\",\"potentialAction\":[{\"@type\":\"SearchAction\",\"target\":{\"@type\":\"EntryPoint\",\"urlTemplate\":\"https:\\\/\\\/exaudi.org\\\/?s={search_term_string}\"},\"query-input\":{\"@type\":\"PropertyValueSpecification\",\"valueRequired\":true,\"valueName\":\"search_term_string\"}}],\"inLanguage\":\"es\"},{\"@type\":\"Person\",\"@id\":\"https:\\\/\\\/exaudi.org\\\/#\\\/schema\\\/person\\\/593e679cdac2ac955cdf94fd77952021\",\"name\":\"Marta Luquero\",\"image\":{\"@type\":\"ImageObject\",\"inLanguage\":\"es\",\"@id\":\"https:\\\/\\\/secure.gravatar.com\\\/avatar\\\/4d835dde3204f153d4491cc82848d12bcb03055a2dff4ded8a8746c59d626537?s=96&d=mm&r=g\",\"url\":\"https:\\\/\\\/secure.gravatar.com\\\/avatar\\\/4d835dde3204f153d4491cc82848d12bcb03055a2dff4ded8a8746c59d626537?s=96&d=mm&r=g\",\"contentUrl\":\"https:\\\/\\\/secure.gravatar.com\\\/avatar\\\/4d835dde3204f153d4491cc82848d12bcb03055a2dff4ded8a8746c59d626537?s=96&d=mm&r=g\",\"caption\":\"Marta Luquero\"},\"description\":\"@sencillamentemarta Nacida en Madrid, soy madre de dos hijos. Licenciada en Derecho por la Universidad Complutense de Madrid, actualmente estoy cursando un m\u00e1ster en Humanidades. Apasionada de las personas y de una buena conversaci\u00f3n, hace a\u00f1os mi vida dio un giro de 180 grados cuando comprend\u00ed e hice experiencia de la necesidad vital de acompa\u00f1ar y ser acompa\u00f1ada. Trabajo en el mundo acad\u00e9mico, en una universidad cat\u00f3lica acompa\u00f1ando a j\u00f3venes en su camino universitario donde cada d\u00eda hago m\u00eda la necesidad del arte de recomenzar, y donde he reconectado con lo que significa ser universitario y el valor que tienen las grandes preguntas. Cada d\u00eda pongo intenci\u00f3n en mirar la realidad con atenci\u00f3n para no solo ver y soy firme defensora de las peque\u00f1as cosas hechas con amor.\",\"sameAs\":[\"https:\\\/\\\/www.instagram.com\\\/sencillamentemarta\\\/\"],\"url\":\"https:\\\/\\\/exaudi.org\\\/es\\\/author\\\/marta-luquero\\\/\"}]}<\/script>\n<!-- \/ Yoast SEO plugin. -->","yoast_head_json":{"title":"La llamada que lo cambia todo &#8211; Exaudi","robots":{"index":"index","follow":"follow","max-snippet":"max-snippet:-1","max-image-preview":"max-image-preview:large","max-video-preview":"max-video-preview:-1"},"canonical":"https:\/\/exaudi.org\/es\/la-llamada-que-lo-cambia-todo\/","og_locale":"es_ES","og_type":"article","og_title":"La llamada que lo cambia todo &#8211; Exaudi","og_description":"La fragilidad que revela lo esencial","og_url":"https:\/\/exaudi.org\/es\/la-llamada-que-lo-cambia-todo\/","og_site_name":"Exaudi","article_publisher":"https:\/\/www.facebook.com\/ExaudiNews","article_published_time":"2026-02-04T08:30:19+00:00","article_modified_time":"2026-02-04T08:39:46+00:00","og_image":[{"width":2560,"height":1707,"url":"https:\/\/exaudi.org\/wp-content\/uploads\/2026\/02\/pexels-negativespace-33999-scaled.jpg","type":"image\/jpeg"}],"author":"Marta Luquero","twitter_card":"summary_large_image","twitter_creator":"@Exaudi_News","twitter_site":"@Exaudi_News","twitter_misc":{"Escrito por":"Marta Luquero","Tiempo de lectura":"6 minutos"},"schema":{"@context":"https:\/\/schema.org","@graph":[{"@type":"Article","@id":"https:\/\/exaudi.org\/es\/la-llamada-que-lo-cambia-todo\/#article","isPartOf":{"@id":"https:\/\/exaudi.org\/es\/la-llamada-que-lo-cambia-todo\/"},"author":{"name":"Marta Luquero","@id":"https:\/\/exaudi.org\/#\/schema\/person\/593e679cdac2ac955cdf94fd77952021"},"headline":"La llamada que lo cambia todo","datePublished":"2026-02-04T08:30:19+00:00","dateModified":"2026-02-04T08:39:46+00:00","mainEntityOfPage":{"@id":"https:\/\/exaudi.org\/es\/la-llamada-que-lo-cambia-todo\/"},"wordCount":1123,"image":{"@id":"https:\/\/exaudi.org\/es\/la-llamada-que-lo-cambia-todo\/#primaryimage"},"thumbnailUrl":"https:\/\/exaudi.org\/wp-content\/uploads\/2026\/02\/pexels-negativespace-33999-scaled.jpg","keywords":["46 v\u00edctimas Adamuz","accidente ferroviario C\u00f3rdoba 2026","accidente tren Adamuz C\u00f3rdoba","accidente tren Espa\u00f1a 2026","amor lo que permanece","atender es amar","biopsia diagn\u00f3stico","cosas vanas","don de la vida","entregar amor","esperanza confianza","familia cena","finitud existencia","fragilidad de la vida","habitar presente","Liliana palabras funeral Adamuz","llamada tel\u00e9fono cambio vida","Marta Luquero","Marta Marta preocupada","posponer lo importante","reflexi\u00f3n existencial","seguridad ilusi\u00f3n control","solo una cosa es necesaria","te quiero pospuesto","tiempo bien preciado","tragedia Adamuz funeral","tren Iryo Alvia choque","Trending","valor del presente","vivir el hoy","vulnerabilidad humana"],"articleSection":["Voces"],"inLanguage":"es"},{"@type":"WebPage","@id":"https:\/\/exaudi.org\/es\/la-llamada-que-lo-cambia-todo\/","url":"https:\/\/exaudi.org\/es\/la-llamada-que-lo-cambia-todo\/","name":"La llamada que lo cambia todo &#8211; Exaudi","isPartOf":{"@id":"https:\/\/exaudi.org\/#website"},"primaryImageOfPage":{"@id":"https:\/\/exaudi.org\/es\/la-llamada-que-lo-cambia-todo\/#primaryimage"},"image":{"@id":"https:\/\/exaudi.org\/es\/la-llamada-que-lo-cambia-todo\/#primaryimage"},"thumbnailUrl":"https:\/\/exaudi.org\/wp-content\/uploads\/2026\/02\/pexels-negativespace-33999-scaled.jpg","datePublished":"2026-02-04T08:30:19+00:00","dateModified":"2026-02-04T08:39:46+00:00","author":{"@id":"https:\/\/exaudi.org\/#\/schema\/person\/593e679cdac2ac955cdf94fd77952021"},"breadcrumb":{"@id":"https:\/\/exaudi.org\/es\/la-llamada-que-lo-cambia-todo\/#breadcrumb"},"inLanguage":"es","potentialAction":[{"@type":"ReadAction","target":["https:\/\/exaudi.org\/es\/la-llamada-que-lo-cambia-todo\/"]}]},{"@type":"ImageObject","inLanguage":"es","@id":"https:\/\/exaudi.org\/es\/la-llamada-que-lo-cambia-todo\/#primaryimage","url":"https:\/\/exaudi.org\/wp-content\/uploads\/2026\/02\/pexels-negativespace-33999-scaled.jpg","contentUrl":"https:\/\/exaudi.org\/wp-content\/uploads\/2026\/02\/pexels-negativespace-33999-scaled.jpg","width":2560,"height":1707},{"@type":"BreadcrumbList","@id":"https:\/\/exaudi.org\/es\/la-llamada-que-lo-cambia-todo\/#breadcrumb","itemListElement":[{"@type":"ListItem","position":1,"name":"Portada","item":"https:\/\/exaudi.org\/es\/"},{"@type":"ListItem","position":2,"name":"La llamada que lo cambia todo"}]},{"@type":"WebSite","@id":"https:\/\/exaudi.org\/#website","url":"https:\/\/exaudi.org\/","name":"Exaudi","description":"News","potentialAction":[{"@type":"SearchAction","target":{"@type":"EntryPoint","urlTemplate":"https:\/\/exaudi.org\/?s={search_term_string}"},"query-input":{"@type":"PropertyValueSpecification","valueRequired":true,"valueName":"search_term_string"}}],"inLanguage":"es"},{"@type":"Person","@id":"https:\/\/exaudi.org\/#\/schema\/person\/593e679cdac2ac955cdf94fd77952021","name":"Marta Luquero","image":{"@type":"ImageObject","inLanguage":"es","@id":"https:\/\/secure.gravatar.com\/avatar\/4d835dde3204f153d4491cc82848d12bcb03055a2dff4ded8a8746c59d626537?s=96&d=mm&r=g","url":"https:\/\/secure.gravatar.com\/avatar\/4d835dde3204f153d4491cc82848d12bcb03055a2dff4ded8a8746c59d626537?s=96&d=mm&r=g","contentUrl":"https:\/\/secure.gravatar.com\/avatar\/4d835dde3204f153d4491cc82848d12bcb03055a2dff4ded8a8746c59d626537?s=96&d=mm&r=g","caption":"Marta Luquero"},"description":"@sencillamentemarta Nacida en Madrid, soy madre de dos hijos. Licenciada en Derecho por la Universidad Complutense de Madrid, actualmente estoy cursando un m\u00e1ster en Humanidades. Apasionada de las personas y de una buena conversaci\u00f3n, hace a\u00f1os mi vida dio un giro de 180 grados cuando comprend\u00ed e hice experiencia de la necesidad vital de acompa\u00f1ar y ser acompa\u00f1ada. Trabajo en el mundo acad\u00e9mico, en una universidad cat\u00f3lica acompa\u00f1ando a j\u00f3venes en su camino universitario donde cada d\u00eda hago m\u00eda la necesidad del arte de recomenzar, y donde he reconectado con lo que significa ser universitario y el valor que tienen las grandes preguntas. Cada d\u00eda pongo intenci\u00f3n en mirar la realidad con atenci\u00f3n para no solo ver y soy firme defensora de las peque\u00f1as cosas hechas con amor.","sameAs":["https:\/\/www.instagram.com\/sencillamentemarta\/"],"url":"https:\/\/exaudi.org\/es\/author\/marta-luquero\/"}]}},"jetpack_featured_media_url":"https:\/\/exaudi.org\/wp-content\/uploads\/2026\/02\/pexels-negativespace-33999-scaled.jpg","jetpack_shortlink":"https:\/\/wp.me\/pgKjF2-EDR","_links":{"self":[{"href":"https:\/\/exaudi.org\/es\/wp-json\/wp\/v2\/posts\/156231","targetHints":{"allow":["GET"]}}],"collection":[{"href":"https:\/\/exaudi.org\/es\/wp-json\/wp\/v2\/posts"}],"about":[{"href":"https:\/\/exaudi.org\/es\/wp-json\/wp\/v2\/types\/post"}],"author":[{"embeddable":true,"href":"https:\/\/exaudi.org\/es\/wp-json\/wp\/v2\/users\/129"}],"replies":[{"embeddable":true,"href":"https:\/\/exaudi.org\/es\/wp-json\/wp\/v2\/comments?post=156231"}],"version-history":[{"count":6,"href":"https:\/\/exaudi.org\/es\/wp-json\/wp\/v2\/posts\/156231\/revisions"}],"predecessor-version":[{"id":156326,"href":"https:\/\/exaudi.org\/es\/wp-json\/wp\/v2\/posts\/156231\/revisions\/156326"}],"wp:featuredmedia":[{"embeddable":true,"href":"https:\/\/exaudi.org\/es\/wp-json\/wp\/v2\/media\/156236"}],"wp:attachment":[{"href":"https:\/\/exaudi.org\/es\/wp-json\/wp\/v2\/media?parent=156231"}],"wp:term":[{"taxonomy":"category","embeddable":true,"href":"https:\/\/exaudi.org\/es\/wp-json\/wp\/v2\/categories?post=156231"},{"taxonomy":"post_tag","embeddable":true,"href":"https:\/\/exaudi.org\/es\/wp-json\/wp\/v2\/tags?post=156231"}],"curies":[{"name":"wp","href":"https:\/\/api.w.org\/{rel}","templated":true}]}}