{"id":156219,"date":"2026-02-04T09:00:47","date_gmt":"2026-02-04T08:00:47","guid":{"rendered":"https:\/\/exaudi.org\/?p=156219"},"modified":"2026-02-04T09:30:14","modified_gmt":"2026-02-04T08:30:14","slug":"maria-de-guadalupe-y-la-paz-entre-las-naciones","status":"publish","type":"post","link":"https:\/\/exaudi.org\/es\/maria-de-guadalupe-y-la-paz-entre-las-naciones\/","title":{"rendered":"Mar\u00eda de Guadalupe y la paz entre las naciones"},"content":{"rendered":"<p>En un mundo donde la palabra \u201cpaz\u201d se usa como eslogan mientras crecen las fronteras mentales \u2014nosotros contra ellos, norteamericanos contra \u201cilegales\u201d, jud\u00edos contra musulmanes\u2014, hay acontecimientos que no s\u00f3lo consuelan: reordenan la imaginaci\u00f3n moral, ciudadana y en el fondo, cristiana. Para millones de personas en M\u00e9xico y en todo el continente, la Virgen de Guadalupe es uno de estos hechos cargados de significado. No porque \u201cresuelva\u201d conflictos de manera \u201cm\u00e1gica\u201d, sino porque propone una l\u00f3gica distinta para relacionarnos como pueblos: la l\u00f3gica de la dignidad, el encuentro y la misericordia.<\/p>\n<p><iframe title=\"Spotify Embed: Mar\u00eda de Guadalupe y la paz entre las naciones\" style=\"border-radius: 12px\" width=\"100%\" height=\"152\" frameborder=\"0\" allowfullscreen allow=\"autoplay; clipboard-write; encrypted-media; fullscreen; picture-in-picture\" loading=\"lazy\" src=\"https:\/\/open.spotify.com\/embed\/episode\/7LqYchuErDfau2c76Wa6P9?si=150fcbda055048de&amp;utm_source=oembed\"><\/iframe><\/p>\n<p>Santa Mar\u00eda de Guadalupe aparece \u2014hist\u00f3ricamente\u2014 en el terreno m\u00e1s tenso que uno se pueda imaginar: el choque de culturas, heridas abiertas, humillaci\u00f3n, miedo y resentimiento. Lo decisivo es el acontecimiento de gracia, que mueve a la conversi\u00f3n y posee un mensaje social: en el relato guadalupano, Mar\u00eda se dirige a un ind\u00edgena sencillo y le habla con una ternura que no es cursiler\u00eda, sino acci\u00f3n profunda que alcanza el coraz\u00f3n. Le devuelve nombre, misi\u00f3n y confianza. \u00a1Lo redignifica! En una \u00e9poca de vencedores y vencidos, de prepotentes y humillados, ese gesto tiene una fuerza hist\u00f3rica peculiar: Dios elige el camino de lo peque\u00f1o para recomponer lo roto.<\/p>\n<p>Por eso Mar\u00eda de Guadalupe se vuelve \u201cmadre\u201d no en un sentido sentimental, sino en el sentido m\u00e1s concreto: madre es quien hace posible la vida y, cuando hay conflicto, hace posible la convivencia. La paz no comienza en las altas \u201crelaciones internacionales\u201d, llenas de glamour e intereses, a veces, inconfesables; comienza cuando una sociedad decide que el otro no es objeto de descarte, amenaza o instrumento. Mar\u00eda de Guadalupe, con su rostro mestizo y su cercan\u00eda a los \u00faltimos de la historia, afirma una idea que hoy urge repetir: ning\u00fan pueblo est\u00e1 destinado a ser sobrante, y ninguna cultura es autorizada a aplastar a otra para sentirse segura.<\/p>\n<p>Hay un rasgo guadalupano que suele pasar desapercibido: su capacidad para desactivar el sacrificio y las violencias. En tiempos de polarizaci\u00f3n, los conflictos se alimentan de una rutina psicol\u00f3gica: necesitamos culpables que concentren todo el mal para justificar nuestros propios excesos. Guadalupe, por el contrario, empuja hacia una identidad que no necesita odiar para existir. Su mensaje \u2014profundamente evang\u00e9lico y liberador\u2014 no niega la justicia; la purifica: justicia sin misericordia se vuelve revancha; misericordia sin justicia se vuelve ingenuidad. La paz verdadera sostiene ambas.<\/p>\n<p>Este punto es crucial para la conversaci\u00f3n internacional de hoy. Los pueblos se sienten tentados a creer que la paz es simplemente \u201cganar\u201d o imponer un equilibrio de fuerzas. Pero el equilibrio sin verdad dura poco: tarde o temprano explota. La tradici\u00f3n cristiana insiste en algo inc\u00f3modo para los c\u00ednicos y para los fan\u00e1ticos: la paz se construye con l\u00edmites morales y jur\u00eddicos, especialmente en la protecci\u00f3n del inocente, la b\u00fasqueda de acuerdos verificables y la renuncia a tratar a la poblaci\u00f3n civil como moneda de cambio. Mar\u00eda de Guadalupe no es un tratado de ciencia pol\u00edtica, pero s\u00ed es una escuela para todos, incluso para los pol\u00edticos: ense\u00f1a que la persona concreta \u2014el herido, el desplazado, el ni\u00f1o, el prisionero, el migrante, el ind\u00edgena\u2014 es el lugar donde se mide la verdad de cualquier \u201craz\u00f3n de Estado\u201d.<\/p>\n<p>Hay tambi\u00e9n un aporte guadalupano para el lenguaje p\u00fablico: la paz necesita palabras limpias. Cuando el discurso se llena de ret\u00f3rica politiquera, la realidad se vuelve manipulable. El relato guadalupano, en cambio, se expresa con un vocabulario de cercan\u00eda: \u201c\u00bfNo estoy yo aqu\u00ed que soy tu madre?\u201d. En t\u00e9rminos sociales, eso equivale a una pregunta que los pueblos nos deber\u00edamos hacer con frecuencia: \u201c\u00bfa qui\u00e9n estamos dejando solos?\u201d La violencia crece donde la soledad se institucionaliza; donde la vida humana deja de tener rostro.<\/p>\n<p>Por eso, Mar\u00eda de Guadalupe ha tenido \u2014y sigue teniendo\u2014 un papel singular como puente religioso y cultural. En M\u00e9xico, su imagen ha sido un punto de encuentro incluso entre personas con visiones pol\u00edticas opuestas; en la di\u00e1spora, acompa\u00f1a migraciones y comunidades que viven entre dos mundos; en el continente, se la percibe como un v\u00ednculo de pertenencia que no excluye por raza, clase social o idioma.<\/p>\n<p>La Virgen de Guadalupe no propone una \u201cpaz cosm\u00e9tica\u201d o meramente \u201cevasiva\u201d. Propone una paz encarnada: mirar de frente el sufrimiento, impedir su repetici\u00f3n, reconstruir confianza. En el plano social, eso se traduce en tareas muy concretas: educaci\u00f3n para la reconciliaci\u00f3n, justicia transicional donde haga falta, pol\u00edticas de acogida para v\u00edctimas, y una cultura que no celebre la humillaci\u00f3n del adversario. En el plano personal, significa aprender a discutir sin destruir, a exigir sin deshumanizar, a defender convicciones sin convertir al otro en caricatura.<\/p>\n<p>Hay, finalmente, una dimensi\u00f3n que s\u00f3lo se entiende desde la fe, pero que tiene efectos p\u00fablicos: Mar\u00eda de Guadalupe recuerda que la paz no nace s\u00f3lo de estrategias, sino, tambi\u00e9n, de conversi\u00f3n. Convertirse no es volverse \u201csuave\u201d o \u201ctibio\u201d; es volverse, por gracia de Dios, verdadero. Es renunciar a la mentira \u00fatil, al odio rentable y a la violencia presentada como \u201cinevitable\u201d. Cuando un pueblo se acostumbra a esos discursos, la guerra se vuelve cultura; cuando los rechaza, la paz se vuelve posible.<\/p>\n<p>En tiempos de incertidumbre global, la Virgen de Guadalupe sigue ofreciendo un mapa simple \u2014y por eso exigente\u2014 para la paz entre los pueblos: dignidad antes que dominio; encuentro antes que violencias; misericordia con justicia antes que venganza; y el rostro del vulnerable, del m\u00e1s humillado, del m\u00e1s excluido, como criterio \u00faltimo. En un mundo que se fragmenta, esta \u201cl\u00f3gica materna\u201d, esta \u201cl\u00f3gica guadalupana\u201d, no es debilidad. Es, quiz\u00e1, una de las pocas formas realistas de evitar que la historia vuelva a repetirse.<\/p>\n<p><img loading=\"lazy\" decoding=\"async\" class=\"size-full wp-image-156226 alignnone\" src=\"https:\/\/exaudi.org\/wp-content\/uploads\/2026\/02\/Voces-2.jpg\" alt=\"\" width=\"940\" height=\"788\" srcset=\"https:\/\/exaudi.org\/wp-content\/uploads\/2026\/02\/Voces-2.jpg 940w, https:\/\/exaudi.org\/wp-content\/uploads\/2026\/02\/Voces-2-300x251.jpg 300w, https:\/\/exaudi.org\/wp-content\/uploads\/2026\/02\/Voces-2-770x645.jpg 770w, https:\/\/exaudi.org\/wp-content\/uploads\/2026\/02\/Voces-2-500x419.jpg 500w\" sizes=\"auto, (max-width: 940px) 100vw, 940px\" \/><\/p>\n","protected":false},"excerpt":{"rendered":"<p>Dignidad, encuentro y misericordia frente a las fronteras del odio<\/p>\n","protected":false},"author":98,"featured_media":156221,"comment_status":"closed","ping_status":"closed","sticky":false,"template":"","format":"standard","meta":{"_acf_changed":false,"_crdt_document":"","inline_featured_image":false,"footnotes":""},"categories":[130],"tags":[83691,92974,80075,854,92983,12167,92969,17014,92972,92979,25002,92976,92970,74522,37095,30445,92971,92968,92973,92967,92977,92982,92975,92978,36980,13086,92980,92981],"class_list":["post-156219","post","type-post","status-publish","format-standard","has-post-thumbnail","hentry","category-voces","tag-acogida-migrantes","tag-conversion-y-paz","tag-devocion-guadalupana","tag-dialogo-interreligioso-es","tag-dignidad-del-vulnerable","tag-dignidad-humana","tag-encuentro-intercultural","tag-exclusion-social","tag-identidad-mexicana","tag-indigena-juan-diego","tag-justicia-transicional","tag-logica-materna","tag-madre-de-los-pueblos","tag-maria-de-guadalupe","tag-mensaje-guadalupano","tag-mestizaje-cultural","tag-migracion-y-paz","tag-misericordia-y-justicia","tag-paz-encarnada","tag-paz-entre-naciones","tag-paz-entre-pueblos","tag-paz-sin-venganza","tag-puente-religioso-cultural","tag-reconciliacion-entre-culturas","tag-reconciliacion-social","tag-rodrigo-guerra-lopez","tag-rostro-mestizo","tag-violencia-y-misericordia"],"acf":[],"yoast_head":"<!-- This site is optimized with the Yoast SEO plugin v27.4 - https:\/\/yoast.com\/product\/yoast-seo-wordpress\/ -->\n<title>Mar\u00eda de Guadalupe y la paz entre las naciones &#8211; Exaudi<\/title>\n<meta name=\"robots\" content=\"index, follow, max-snippet:-1, max-image-preview:large, max-video-preview:-1\" \/>\n<link rel=\"canonical\" href=\"https:\/\/exaudi.org\/es\/maria-de-guadalupe-y-la-paz-entre-las-naciones\/\" \/>\n<meta property=\"og:locale\" content=\"es_ES\" \/>\n<meta property=\"og:type\" content=\"article\" \/>\n<meta property=\"og:title\" content=\"Mar\u00eda de Guadalupe y la paz entre las naciones &#8211; Exaudi\" \/>\n<meta property=\"og:description\" content=\"Dignidad, encuentro y misericordia frente a las fronteras del odio\" \/>\n<meta property=\"og:url\" content=\"https:\/\/exaudi.org\/es\/maria-de-guadalupe-y-la-paz-entre-las-naciones\/\" \/>\n<meta property=\"og:site_name\" content=\"Exaudi\" \/>\n<meta property=\"article:publisher\" content=\"https:\/\/www.facebook.com\/ExaudiNews\" \/>\n<meta property=\"article:published_time\" content=\"2026-02-04T08:00:47+00:00\" \/>\n<meta property=\"article:modified_time\" content=\"2026-02-04T08:30:14+00:00\" \/>\n<meta property=\"og:image\" content=\"https:\/\/exaudi.org\/wp-content\/uploads\/2026\/02\/josh-applegate-aMjozFfD-GI-unsplash-scaled.jpg\" \/>\n\t<meta property=\"og:image:width\" content=\"2560\" \/>\n\t<meta property=\"og:image:height\" content=\"1709\" \/>\n\t<meta property=\"og:image:type\" content=\"image\/jpeg\" \/>\n<meta name=\"author\" content=\"Rodrigo Guerra L\u00f3pez\" \/>\n<meta name=\"twitter:card\" content=\"summary_large_image\" \/>\n<meta name=\"twitter:creator\" content=\"@Exaudi_News\" \/>\n<meta name=\"twitter:site\" content=\"@Exaudi_News\" \/>\n<meta name=\"twitter:label1\" content=\"Escrito por\" \/>\n\t<meta name=\"twitter:data1\" content=\"Rodrigo Guerra L\u00f3pez\" \/>\n\t<meta name=\"twitter:label2\" content=\"Tiempo de lectura\" \/>\n\t<meta name=\"twitter:data2\" content=\"5 minutos\" \/>\n<script type=\"application\/ld+json\" class=\"yoast-schema-graph\">{\"@context\":\"https:\\\/\\\/schema.org\",\"@graph\":[{\"@type\":\"Article\",\"@id\":\"https:\\\/\\\/exaudi.org\\\/es\\\/maria-de-guadalupe-y-la-paz-entre-las-naciones\\\/#article\",\"isPartOf\":{\"@id\":\"https:\\\/\\\/exaudi.org\\\/es\\\/maria-de-guadalupe-y-la-paz-entre-las-naciones\\\/\"},\"author\":{\"name\":\"Rodrigo Guerra L\u00f3pez\",\"@id\":\"https:\\\/\\\/exaudi.org\\\/#\\\/schema\\\/person\\\/42c0731aeb305e3ac79b333a9b056576\"},\"headline\":\"Mar\u00eda de Guadalupe y la paz entre las naciones\",\"datePublished\":\"2026-02-04T08:00:47+00:00\",\"dateModified\":\"2026-02-04T08:30:14+00:00\",\"mainEntityOfPage\":{\"@id\":\"https:\\\/\\\/exaudi.org\\\/es\\\/maria-de-guadalupe-y-la-paz-entre-las-naciones\\\/\"},\"wordCount\":1029,\"image\":{\"@id\":\"https:\\\/\\\/exaudi.org\\\/es\\\/maria-de-guadalupe-y-la-paz-entre-las-naciones\\\/#primaryimage\"},\"thumbnailUrl\":\"https:\\\/\\\/exaudi.org\\\/wp-content\\\/uploads\\\/2026\\\/02\\\/josh-applegate-aMjozFfD-GI-unsplash-scaled.jpg\",\"keywords\":[\"acogida migrantes\",\"conversi\u00f3n y paz\",\"devoci\u00f3n guadalupana\",\"dialogo interreligioso\",\"dignidad del vulnerable\",\"Dignidad humana\",\"encuentro intercultural\",\"exclusi\u00f3n social\",\"identidad mexicana\",\"ind\u00edgena Juan Diego\",\"justicia transicional\",\"l\u00f3gica materna\",\"madre de los pueblos\",\"Maria de Guadalupe\",\"mensaje guadalupano\",\"mestizaje cultural\",\"migraci\u00f3n y paz\",\"misericordia y justicia\",\"paz encarnada\",\"paz entre naciones\",\"paz entre pueblos\",\"paz sin venganza\",\"puente religioso cultural\",\"reconciliaci\u00f3n entre culturas\",\"reconciliaci\u00f3n social\",\"Rodrigo Guerra L\u00f3pez\",\"rostro mestizo\",\"violencia y misericordia\"],\"articleSection\":[\"Voces\"],\"inLanguage\":\"es\"},{\"@type\":\"WebPage\",\"@id\":\"https:\\\/\\\/exaudi.org\\\/es\\\/maria-de-guadalupe-y-la-paz-entre-las-naciones\\\/\",\"url\":\"https:\\\/\\\/exaudi.org\\\/es\\\/maria-de-guadalupe-y-la-paz-entre-las-naciones\\\/\",\"name\":\"Mar\u00eda de Guadalupe y la paz entre las naciones &#8211; Exaudi\",\"isPartOf\":{\"@id\":\"https:\\\/\\\/exaudi.org\\\/#website\"},\"primaryImageOfPage\":{\"@id\":\"https:\\\/\\\/exaudi.org\\\/es\\\/maria-de-guadalupe-y-la-paz-entre-las-naciones\\\/#primaryimage\"},\"image\":{\"@id\":\"https:\\\/\\\/exaudi.org\\\/es\\\/maria-de-guadalupe-y-la-paz-entre-las-naciones\\\/#primaryimage\"},\"thumbnailUrl\":\"https:\\\/\\\/exaudi.org\\\/wp-content\\\/uploads\\\/2026\\\/02\\\/josh-applegate-aMjozFfD-GI-unsplash-scaled.jpg\",\"datePublished\":\"2026-02-04T08:00:47+00:00\",\"dateModified\":\"2026-02-04T08:30:14+00:00\",\"author\":{\"@id\":\"https:\\\/\\\/exaudi.org\\\/#\\\/schema\\\/person\\\/42c0731aeb305e3ac79b333a9b056576\"},\"breadcrumb\":{\"@id\":\"https:\\\/\\\/exaudi.org\\\/es\\\/maria-de-guadalupe-y-la-paz-entre-las-naciones\\\/#breadcrumb\"},\"inLanguage\":\"es\",\"potentialAction\":[{\"@type\":\"ReadAction\",\"target\":[\"https:\\\/\\\/exaudi.org\\\/es\\\/maria-de-guadalupe-y-la-paz-entre-las-naciones\\\/\"]}]},{\"@type\":\"ImageObject\",\"inLanguage\":\"es\",\"@id\":\"https:\\\/\\\/exaudi.org\\\/es\\\/maria-de-guadalupe-y-la-paz-entre-las-naciones\\\/#primaryimage\",\"url\":\"https:\\\/\\\/exaudi.org\\\/wp-content\\\/uploads\\\/2026\\\/02\\\/josh-applegate-aMjozFfD-GI-unsplash-scaled.jpg\",\"contentUrl\":\"https:\\\/\\\/exaudi.org\\\/wp-content\\\/uploads\\\/2026\\\/02\\\/josh-applegate-aMjozFfD-GI-unsplash-scaled.jpg\",\"width\":2560,\"height\":1709,\"caption\":\"Josh Applegate . Unsplash\"},{\"@type\":\"BreadcrumbList\",\"@id\":\"https:\\\/\\\/exaudi.org\\\/es\\\/maria-de-guadalupe-y-la-paz-entre-las-naciones\\\/#breadcrumb\",\"itemListElement\":[{\"@type\":\"ListItem\",\"position\":1,\"name\":\"Portada\",\"item\":\"https:\\\/\\\/exaudi.org\\\/es\\\/\"},{\"@type\":\"ListItem\",\"position\":2,\"name\":\"Mar\u00eda de Guadalupe y la paz entre las naciones\"}]},{\"@type\":\"WebSite\",\"@id\":\"https:\\\/\\\/exaudi.org\\\/#website\",\"url\":\"https:\\\/\\\/exaudi.org\\\/\",\"name\":\"Exaudi\",\"description\":\"News\",\"potentialAction\":[{\"@type\":\"SearchAction\",\"target\":{\"@type\":\"EntryPoint\",\"urlTemplate\":\"https:\\\/\\\/exaudi.org\\\/?s={search_term_string}\"},\"query-input\":{\"@type\":\"PropertyValueSpecification\",\"valueRequired\":true,\"valueName\":\"search_term_string\"}}],\"inLanguage\":\"es\"},{\"@type\":\"Person\",\"@id\":\"https:\\\/\\\/exaudi.org\\\/#\\\/schema\\\/person\\\/42c0731aeb305e3ac79b333a9b056576\",\"name\":\"Rodrigo Guerra L\u00f3pez\",\"image\":{\"@type\":\"ImageObject\",\"inLanguage\":\"es\",\"@id\":\"https:\\\/\\\/secure.gravatar.com\\\/avatar\\\/5f52de5f3535733d62353d8cc63100c139881a50ae2b78830c358107e8dd2f9a?s=96&d=mm&r=g\",\"url\":\"https:\\\/\\\/secure.gravatar.com\\\/avatar\\\/5f52de5f3535733d62353d8cc63100c139881a50ae2b78830c358107e8dd2f9a?s=96&d=mm&r=g\",\"contentUrl\":\"https:\\\/\\\/secure.gravatar.com\\\/avatar\\\/5f52de5f3535733d62353d8cc63100c139881a50ae2b78830c358107e8dd2f9a?s=96&d=mm&r=g\",\"caption\":\"Rodrigo Guerra L\u00f3pez\"},\"description\":\"Doctor en filosof\u00eda por la Academia Internacional de Filosof\u00eda en el Principado de Liechtenstein; miembro ordinario de la Pontificia Academia para la Vida, de la Pontificia Academia de las Ciencias Sociales; Secretario de la Pontificia Comisi\u00f3n para Am\u00e9rica Latina. E-mail: rodrigoguerra@mac.com\",\"url\":\"https:\\\/\\\/exaudi.org\\\/es\\\/author\\\/rodrigoguerra\\\/\"}]}<\/script>\n<!-- \/ Yoast SEO plugin. -->","yoast_head_json":{"title":"Mar\u00eda de Guadalupe y la paz entre las naciones &#8211; Exaudi","robots":{"index":"index","follow":"follow","max-snippet":"max-snippet:-1","max-image-preview":"max-image-preview:large","max-video-preview":"max-video-preview:-1"},"canonical":"https:\/\/exaudi.org\/es\/maria-de-guadalupe-y-la-paz-entre-las-naciones\/","og_locale":"es_ES","og_type":"article","og_title":"Mar\u00eda de Guadalupe y la paz entre las naciones &#8211; Exaudi","og_description":"Dignidad, encuentro y misericordia frente a las fronteras del odio","og_url":"https:\/\/exaudi.org\/es\/maria-de-guadalupe-y-la-paz-entre-las-naciones\/","og_site_name":"Exaudi","article_publisher":"https:\/\/www.facebook.com\/ExaudiNews","article_published_time":"2026-02-04T08:00:47+00:00","article_modified_time":"2026-02-04T08:30:14+00:00","og_image":[{"width":2560,"height":1709,"url":"https:\/\/exaudi.org\/wp-content\/uploads\/2026\/02\/josh-applegate-aMjozFfD-GI-unsplash-scaled.jpg","type":"image\/jpeg"}],"author":"Rodrigo Guerra L\u00f3pez","twitter_card":"summary_large_image","twitter_creator":"@Exaudi_News","twitter_site":"@Exaudi_News","twitter_misc":{"Escrito por":"Rodrigo Guerra L\u00f3pez","Tiempo de lectura":"5 minutos"},"schema":{"@context":"https:\/\/schema.org","@graph":[{"@type":"Article","@id":"https:\/\/exaudi.org\/es\/maria-de-guadalupe-y-la-paz-entre-las-naciones\/#article","isPartOf":{"@id":"https:\/\/exaudi.org\/es\/maria-de-guadalupe-y-la-paz-entre-las-naciones\/"},"author":{"name":"Rodrigo Guerra L\u00f3pez","@id":"https:\/\/exaudi.org\/#\/schema\/person\/42c0731aeb305e3ac79b333a9b056576"},"headline":"Mar\u00eda de Guadalupe y la paz entre las naciones","datePublished":"2026-02-04T08:00:47+00:00","dateModified":"2026-02-04T08:30:14+00:00","mainEntityOfPage":{"@id":"https:\/\/exaudi.org\/es\/maria-de-guadalupe-y-la-paz-entre-las-naciones\/"},"wordCount":1029,"image":{"@id":"https:\/\/exaudi.org\/es\/maria-de-guadalupe-y-la-paz-entre-las-naciones\/#primaryimage"},"thumbnailUrl":"https:\/\/exaudi.org\/wp-content\/uploads\/2026\/02\/josh-applegate-aMjozFfD-GI-unsplash-scaled.jpg","keywords":["acogida migrantes","conversi\u00f3n y paz","devoci\u00f3n guadalupana","dialogo interreligioso","dignidad del vulnerable","Dignidad humana","encuentro intercultural","exclusi\u00f3n social","identidad mexicana","ind\u00edgena Juan Diego","justicia transicional","l\u00f3gica materna","madre de los pueblos","Maria de Guadalupe","mensaje guadalupano","mestizaje cultural","migraci\u00f3n y paz","misericordia y justicia","paz encarnada","paz entre naciones","paz entre pueblos","paz sin venganza","puente religioso cultural","reconciliaci\u00f3n entre culturas","reconciliaci\u00f3n social","Rodrigo Guerra L\u00f3pez","rostro mestizo","violencia y misericordia"],"articleSection":["Voces"],"inLanguage":"es"},{"@type":"WebPage","@id":"https:\/\/exaudi.org\/es\/maria-de-guadalupe-y-la-paz-entre-las-naciones\/","url":"https:\/\/exaudi.org\/es\/maria-de-guadalupe-y-la-paz-entre-las-naciones\/","name":"Mar\u00eda de Guadalupe y la paz entre las naciones &#8211; Exaudi","isPartOf":{"@id":"https:\/\/exaudi.org\/#website"},"primaryImageOfPage":{"@id":"https:\/\/exaudi.org\/es\/maria-de-guadalupe-y-la-paz-entre-las-naciones\/#primaryimage"},"image":{"@id":"https:\/\/exaudi.org\/es\/maria-de-guadalupe-y-la-paz-entre-las-naciones\/#primaryimage"},"thumbnailUrl":"https:\/\/exaudi.org\/wp-content\/uploads\/2026\/02\/josh-applegate-aMjozFfD-GI-unsplash-scaled.jpg","datePublished":"2026-02-04T08:00:47+00:00","dateModified":"2026-02-04T08:30:14+00:00","author":{"@id":"https:\/\/exaudi.org\/#\/schema\/person\/42c0731aeb305e3ac79b333a9b056576"},"breadcrumb":{"@id":"https:\/\/exaudi.org\/es\/maria-de-guadalupe-y-la-paz-entre-las-naciones\/#breadcrumb"},"inLanguage":"es","potentialAction":[{"@type":"ReadAction","target":["https:\/\/exaudi.org\/es\/maria-de-guadalupe-y-la-paz-entre-las-naciones\/"]}]},{"@type":"ImageObject","inLanguage":"es","@id":"https:\/\/exaudi.org\/es\/maria-de-guadalupe-y-la-paz-entre-las-naciones\/#primaryimage","url":"https:\/\/exaudi.org\/wp-content\/uploads\/2026\/02\/josh-applegate-aMjozFfD-GI-unsplash-scaled.jpg","contentUrl":"https:\/\/exaudi.org\/wp-content\/uploads\/2026\/02\/josh-applegate-aMjozFfD-GI-unsplash-scaled.jpg","width":2560,"height":1709,"caption":"Josh Applegate . Unsplash"},{"@type":"BreadcrumbList","@id":"https:\/\/exaudi.org\/es\/maria-de-guadalupe-y-la-paz-entre-las-naciones\/#breadcrumb","itemListElement":[{"@type":"ListItem","position":1,"name":"Portada","item":"https:\/\/exaudi.org\/es\/"},{"@type":"ListItem","position":2,"name":"Mar\u00eda de Guadalupe y la paz entre las naciones"}]},{"@type":"WebSite","@id":"https:\/\/exaudi.org\/#website","url":"https:\/\/exaudi.org\/","name":"Exaudi","description":"News","potentialAction":[{"@type":"SearchAction","target":{"@type":"EntryPoint","urlTemplate":"https:\/\/exaudi.org\/?s={search_term_string}"},"query-input":{"@type":"PropertyValueSpecification","valueRequired":true,"valueName":"search_term_string"}}],"inLanguage":"es"},{"@type":"Person","@id":"https:\/\/exaudi.org\/#\/schema\/person\/42c0731aeb305e3ac79b333a9b056576","name":"Rodrigo Guerra L\u00f3pez","image":{"@type":"ImageObject","inLanguage":"es","@id":"https:\/\/secure.gravatar.com\/avatar\/5f52de5f3535733d62353d8cc63100c139881a50ae2b78830c358107e8dd2f9a?s=96&d=mm&r=g","url":"https:\/\/secure.gravatar.com\/avatar\/5f52de5f3535733d62353d8cc63100c139881a50ae2b78830c358107e8dd2f9a?s=96&d=mm&r=g","contentUrl":"https:\/\/secure.gravatar.com\/avatar\/5f52de5f3535733d62353d8cc63100c139881a50ae2b78830c358107e8dd2f9a?s=96&d=mm&r=g","caption":"Rodrigo Guerra L\u00f3pez"},"description":"Doctor en filosof\u00eda por la Academia Internacional de Filosof\u00eda en el Principado de Liechtenstein; miembro ordinario de la Pontificia Academia para la Vida, de la Pontificia Academia de las Ciencias Sociales; Secretario de la Pontificia Comisi\u00f3n para Am\u00e9rica Latina. E-mail: rodrigoguerra@mac.com","url":"https:\/\/exaudi.org\/es\/author\/rodrigoguerra\/"}]}},"jetpack_featured_media_url":"https:\/\/exaudi.org\/wp-content\/uploads\/2026\/02\/josh-applegate-aMjozFfD-GI-unsplash-scaled.jpg","jetpack_shortlink":"https:\/\/wp.me\/pgKjF2-EDF","_links":{"self":[{"href":"https:\/\/exaudi.org\/es\/wp-json\/wp\/v2\/posts\/156219","targetHints":{"allow":["GET"]}}],"collection":[{"href":"https:\/\/exaudi.org\/es\/wp-json\/wp\/v2\/posts"}],"about":[{"href":"https:\/\/exaudi.org\/es\/wp-json\/wp\/v2\/types\/post"}],"author":[{"embeddable":true,"href":"https:\/\/exaudi.org\/es\/wp-json\/wp\/v2\/users\/98"}],"replies":[{"embeddable":true,"href":"https:\/\/exaudi.org\/es\/wp-json\/wp\/v2\/comments?post=156219"}],"version-history":[{"count":6,"href":"https:\/\/exaudi.org\/es\/wp-json\/wp\/v2\/posts\/156219\/revisions"}],"predecessor-version":[{"id":156325,"href":"https:\/\/exaudi.org\/es\/wp-json\/wp\/v2\/posts\/156219\/revisions\/156325"}],"wp:featuredmedia":[{"embeddable":true,"href":"https:\/\/exaudi.org\/es\/wp-json\/wp\/v2\/media\/156221"}],"wp:attachment":[{"href":"https:\/\/exaudi.org\/es\/wp-json\/wp\/v2\/media?parent=156219"}],"wp:term":[{"taxonomy":"category","embeddable":true,"href":"https:\/\/exaudi.org\/es\/wp-json\/wp\/v2\/categories?post=156219"},{"taxonomy":"post_tag","embeddable":true,"href":"https:\/\/exaudi.org\/es\/wp-json\/wp\/v2\/tags?post=156219"}],"curies":[{"name":"wp","href":"https:\/\/api.w.org\/{rel}","templated":true}]}}