{"id":155570,"date":"2026-01-30T09:30:03","date_gmt":"2026-01-30T08:30:03","guid":{"rendered":"https:\/\/exaudi.org\/?p=155570"},"modified":"2026-01-29T10:50:51","modified_gmt":"2026-01-29T09:50:51","slug":"la-plenitud-del-amado-meta-del-amor","status":"publish","type":"post","link":"https:\/\/exaudi.org\/es\/la-plenitud-del-amado-meta-del-amor\/","title":{"rendered":"La plenitud del amado, meta del amor"},"content":{"rendered":"<section class=\"elementor-section elementor-top-section elementor-element elementor-element-3601804c elementor-section-boxed elementor-section-height-default elementor-section-height-default\" data-id=\"3601804c\" data-element_type=\"section\">\n<div class=\"elementor-container elementor-column-gap-default\">\n<div class=\"elementor-column elementor-col-100 elementor-top-column elementor-element elementor-element-7f50c3d1\" data-id=\"7f50c3d1\" data-element_type=\"column\">\n<div class=\"elementor-widget-wrap elementor-element-populated\">\n<div class=\"elementor-element elementor-element-6b984d56 elementor-widget elementor-widget-heading\" data-id=\"6b984d56\" data-element_type=\"widget\" data-widget_type=\"heading.default\">\n<div class=\"elementor-widget-container\">\n<h3 class=\"elementor-heading-title elementor-size-default\"><strong>1. Querer a alguien es siempre querer-que-mejore<\/strong><\/h3>\n<\/div>\n<\/div>\n<\/div>\n<\/div>\n<\/div>\n<\/section>\n<section class=\"elementor-section elementor-top-section elementor-element elementor-element-3ae73df2 elementor-section-boxed elementor-section-height-default elementor-section-height-default\" data-id=\"3ae73df2\" data-element_type=\"section\">\n<div class=\"elementor-container elementor-column-gap-default\">\n<div class=\"elementor-column elementor-col-100 elementor-top-column elementor-element elementor-element-53c5242f\" data-id=\"53c5242f\" data-element_type=\"column\">\n<div class=\"elementor-widget-wrap elementor-element-populated\">\n<div class=\"elementor-element elementor-element-747bec2c elementor-widget elementor-widget-text-editor\" data-id=\"747bec2c\" data-element_type=\"widget\" data-widget_type=\"text-editor.default\">\n<div class=\"elementor-widget-container\">\n<p><strong>El bien real de aquel a quien amamos: su plenitud<\/strong><\/p>\n<p><strong>La sabidur\u00eda popular<\/strong><\/p>\n<p>Junto al af\u00e1n incondicional de que viva \u2014que analizamos en\u00a0los art\u00edculos que preceden\u2014, el amor busca que la persona amada\u00a0<strong><em>sea buena:<\/em><\/strong>\u00a0que\u00a0<em>viva\u00a0<strong>bien,<\/strong><\/em>\u00a0en el sentido en que utilizaban esta expresi\u00f3n los cl\u00e1sicos griegos, que poco o nada tiene que ver con el actual darse la buena vida.<\/p>\n<p>En efecto, lo m\u00e1s grande que podemos desear a aquel a quien queremos es que\u00a0<strong><em>alcance la plenitud a la que ha sido llamado.<\/em><\/strong><\/p>\n<p>Y esto, en expresi\u00f3n directa y sencilla, se enuncia con pocas palabras: que seas\u00a0<em>bueno o buena.<\/em><\/p>\n<p>Por eso, m\u00e1s de una vez he o\u00eddo comentar a personas de prestigio reconocido, con muchos a\u00f1os de estudio de antropolog\u00eda y \u00e9tica, ideas como la que sigue: \u00abel consejo m\u00e1s profundo que he recibido en mi vida consiste en lo que, llena de cari\u00f1o, me repet\u00eda mi abuela, cuando yo apenas contaba tres o cuatro a\u00f1os: \u201chijo m\u00edo, \u00a1que seas bueno!\u201d\u00bb.<\/p>\n<\/div>\n<\/div>\n<\/div>\n<\/div>\n<\/div>\n<\/section>\n<section class=\"elementor-section elementor-top-section elementor-element elementor-element-2f805fe elementor-section-boxed elementor-section-height-default elementor-section-height-default\" data-id=\"2f805fe\" data-element_type=\"section\">\n<div class=\"elementor-container elementor-column-gap-default\">\n<div class=\"elementor-column elementor-col-100 elementor-top-column elementor-element elementor-element-2bd7476\" data-id=\"2bd7476\" data-element_type=\"column\">\n<div class=\"elementor-widget-wrap elementor-element-populated\">\n<div class=\"elementor-element elementor-element-cd08fd9 elementor-widget elementor-widget-image\" data-id=\"cd08fd9\" data-element_type=\"widget\" data-widget_type=\"image.default\">\n<div class=\"elementor-widget-container\"><img loading=\"lazy\" decoding=\"async\" class=\"size-full wp-image-155572 alignnone\" src=\"https:\/\/exaudi.org\/wp-content\/uploads\/2026\/01\/la-plenitud-del-amado-meta-del-amor-1.png\" alt=\"\" width=\"698\" height=\"466\" srcset=\"https:\/\/exaudi.org\/wp-content\/uploads\/2026\/01\/la-plenitud-del-amado-meta-del-amor-1.png 698w, https:\/\/exaudi.org\/wp-content\/uploads\/2026\/01\/la-plenitud-del-amado-meta-del-amor-1-300x200.png 300w, https:\/\/exaudi.org\/wp-content\/uploads\/2026\/01\/la-plenitud-del-amado-meta-del-amor-1-360x240.png?crop=1 360w, https:\/\/exaudi.org\/wp-content\/uploads\/2026\/01\/la-plenitud-del-amado-meta-del-amor-1-500x334.png 500w\" sizes=\"auto, (max-width: 698px) 100vw, 698px\" \/><\/div>\n<\/div>\n<\/div>\n<\/div>\n<\/div>\n<\/section>\n<section class=\"elementor-section elementor-top-section elementor-element elementor-element-07130e2 elementor-section-boxed elementor-section-height-default elementor-section-height-default\" data-id=\"07130e2\" data-element_type=\"section\">\n<div class=\"elementor-container elementor-column-gap-default\">\n<div class=\"elementor-column elementor-col-100 elementor-top-column elementor-element elementor-element-ade5133\" data-id=\"ade5133\" data-element_type=\"column\">\n<div class=\"elementor-widget-wrap elementor-element-populated\">\n<div class=\"elementor-element elementor-element-6b9e02e elementor-widget elementor-widget-text-editor\" data-id=\"6b9e02e\" data-element_type=\"widget\" data-widget_type=\"text-editor.default\">\n<div class=\"elementor-widget-container\">\n<p>Los fil\u00f3sofos consagrados<\/p>\n<p><em><strong>Arist\u00f3teles<\/strong><\/em>\u00a0estar\u00eda de acuerdo con los sentimientos de esas ancianas. Para \u00e9l,\u00a0<a href=\"https:\/\/youtu.be\/w-ob00SLM9Q\" target=\"_blank\" rel=\"noopener\">el verdadero amor<\/a>\u00a0ha de ir acompa\u00f1ado del deseo eficaz de que aquellos a quienes queremos alcancen o se acerquen a su plenitud.<\/p>\n<p>De ah\u00ed que rechazara, como falsa y peligrosa, la amistad entre<\/p>\n<ul>\n<li>hombres de mala condici\u00f3n, que se asocian para cosas bajas, y se vuelven malvados al hacerse semejantes unos a otros.<\/li>\n<\/ul>\n<p>Para a\u00f1adir:<\/p>\n<ul>\n<li>En cambio, es buena la amistad entre los buenos, y los hace mejores, conforme aumenta el trato, pues mutuamente se toman como modelo y se corrigen.<\/li>\n<\/ul>\n<p>Y conclu\u00eda:<\/p>\n<ul>\n<li>La amistad perfecta es la de los hombres buenos e iguales en virtud, porque estos quieren el uno para el otro <em>lo aut\u00e9nticamente bueno<\/em>.<\/li>\n<\/ul>\n<\/div>\n<\/div>\n<div class=\"elementor-element elementor-element-b43580d elementor-widget elementor-widget-text-editor\" data-id=\"b43580d\" data-element_type=\"widget\" data-widget_type=\"text-editor.default\">\n<div class=\"elementor-widget-container\">\n<p style=\"text-align: center;\"><em><strong>El amor y la amistad aut\u00e9nticos<\/strong><\/em><br \/>\n<em><strong>quieren que aquellos a quienes aman sean buenos,<\/strong><\/em><br \/>\n<em><strong>que alcancen su plenitud.<\/strong><\/em><\/p>\n<\/div>\n<\/div>\n<\/div>\n<\/div>\n<\/div>\n<\/section>\n<section class=\"elementor-section elementor-top-section elementor-element elementor-element-3b1e588 elementor-section-boxed elementor-section-height-default elementor-section-height-default\" data-id=\"3b1e588\" data-element_type=\"section\">\n<div class=\"elementor-container elementor-column-gap-default\">\n<div class=\"elementor-column elementor-col-100 elementor-top-column elementor-element elementor-element-2ddc786\" data-id=\"2ddc786\" data-element_type=\"column\">\n<div class=\"elementor-widget-wrap elementor-element-populated\">\n<div class=\"elementor-element elementor-element-e15c05e elementor-widget elementor-widget-text-editor\" data-id=\"e15c05e\" data-element_type=\"widget\" data-widget_type=\"text-editor.default\">\n<div class=\"elementor-widget-container\">\n<p><strong>No el propio bien<\/strong><\/p>\n<p>Aqu\u00ed, los comentarios podr\u00edan multiplicarse, en buena parte, por contraste.<\/p>\n<p>Por ejemplo, a la vista de lo que afirma\u00a0<em><strong>Arist\u00f3teles,<\/strong>\u00a0<\/em>a bastantes madres y padres habr\u00eda que recordarles que la verdadera educaci\u00f3n impulsa a buscar el\u00a0<strong><em>aut\u00e9ntico<\/em><\/strong>\u00a0bien de\u00a0<strong><em>cada<\/em><\/strong>\u00a0hijo.<\/p>\n<ul>\n<li>No, como a menudo sucede, un mero beneficio <em>aparente:<\/em>\u00a0que no se\u00a0<em>sientan\u00a0<\/em>mal, o que\u00a0se\u00a0<em>sientan<\/em>\u00a0bien\u00a0(en lugar de procurar que\u00a0<strong><em>sean\u00a0<\/em><\/strong>buenos).<\/li>\n<li>Ni, mucho menos, con pretexto de amor hacia ellos, el supuesto bien o bienestar <em>de uno mismo<\/em>\u00a0(del padre o de la madre, en nuestro caso): tranquilidad, libertad de movimientos, autorrealizaci\u00f3n proyectada, ausencia de preocupaciones, permisivismo\u2026<\/li>\n<\/ul>\n<p>Y a todos, con independencia de su edad y condici\u00f3n, cabr\u00eda repetirles que, en sentido propio, no puede hablarse de amigo o amiga aut\u00e9nticos, cuando del trato con esa persona no se deriva, para ambos, una mejora real, que los acerca a su respectiva plenitud.<\/p>\n<p>Como explica\u00a0<em><strong>Alberoni:<\/strong><\/em><\/p>\n<ul>\n<li>para que haya amor, es preciso que el amante haga germinar posibilidades latentes o contenidas de nuestro ser:\n<ul>\n<li>que nos ayude a desarrollarnos y formarnos mejor, acerc\u00e1ndonos a nuestra plenitud.<\/li>\n<\/ul>\n<\/li>\n<\/ul>\n<\/div>\n<\/div>\n<div class=\"elementor-element elementor-element-9dca28a elementor-widget elementor-widget-text-editor\" data-id=\"9dca28a\" data-element_type=\"widget\" data-widget_type=\"text-editor.default\">\n<div class=\"elementor-widget-container\">\n<p style=\"text-align: center;\"><em><strong>No cabe hablar de amistad cuando del trato entre los amigos<\/strong><\/em><br \/>\n<em><strong>no se deriva, para ambos, una mejora real,<\/strong><\/em><br \/>\n<em><strong>un avance hacia la propia plenitud.<\/strong><\/em><\/p>\n<\/div>\n<\/div>\n<\/div>\n<\/div>\n<\/div>\n<\/section>\n<section class=\"elementor-section elementor-top-section elementor-element elementor-element-a0feb4c elementor-section-boxed elementor-section-height-default elementor-section-height-default\" data-id=\"a0feb4c\" data-element_type=\"section\">\n<div class=\"elementor-container elementor-column-gap-default\">\n<div class=\"elementor-column elementor-col-100 elementor-top-column elementor-element elementor-element-0f9e638\" data-id=\"0f9e638\" data-element_type=\"column\">\n<div class=\"elementor-widget-wrap elementor-element-populated\">\n<div class=\"elementor-element elementor-element-c320bb2 elementor-widget elementor-widget-heading\" data-id=\"c320bb2\" data-element_type=\"widget\" data-widget_type=\"heading.default\">\n<div class=\"elementor-widget-container\">\n<h3 class=\"elementor-heading-title elementor-size-default\"><strong>2. Acept\u00e1ndolo como realmente es, aunque queramos su plenitud<\/strong><\/h3>\n<\/div>\n<\/div>\n<\/div>\n<\/div>\n<\/div>\n<\/section>\n<section class=\"elementor-section elementor-top-section elementor-element elementor-element-390fdb4 elementor-section-boxed elementor-section-height-default elementor-section-height-default\" data-id=\"390fdb4\" data-element_type=\"section\">\n<div class=\"elementor-container elementor-column-gap-default\">\n<div class=\"elementor-column elementor-col-100 elementor-top-column elementor-element elementor-element-7578ce2\" data-id=\"7578ce2\" data-element_type=\"column\">\n<div class=\"elementor-widget-wrap elementor-element-populated\">\n<div class=\"elementor-element elementor-element-530ac83 elementor-widget elementor-widget-text-editor\" data-id=\"530ac83\" data-element_type=\"widget\" data-widget_type=\"text-editor.default\">\n<div class=\"elementor-widget-container\">\n<p class=\"LTtulo3\"><strong>No correr en exceso: las almas, como el buen vino, mejoran con el tiempo<\/strong><\/p>\n<p>Sin negar nada de lo reci\u00e9n apuntado, me parece a\u00fan m\u00e1s imprescindible una puntualizaci\u00f3n, de enormes repercusiones pr\u00e1cticas, sobre todo, en momentos de dificultad para aquel a quien queremos.<\/p>\n<p>Podr\u00eda resumirse diciendo que\u00a0<strong>no<\/strong>\u00a0amamos como es debido, si el deseo de que la persona querida mejore llega, e intenta imponerse,\u00a0<em>demasiado pronto.<\/em><\/p>\n<p>Es decir, visto desde el extremo opuesto: si desde el primer instante no la aceptamos \u00a1y queremos! tal como efectivamente es, con todos y cada uno de sus defectos, por m\u00e1s destructivos que parezcan y realmente sean.<\/p>\n<p>De otro modo, si pretendemos mejorarla\u00a0<em>antes de tiempo,<\/em>\u00a0esa persona se sentir\u00e1 rechazada, no querida, y\u00a0<strong><em>no podremos ayudarla.<\/em><\/strong><\/p>\n<\/div>\n<\/div>\n<div class=\"elementor-element elementor-element-5fc408f elementor-widget elementor-widget-text-editor\" data-id=\"5fc408f\" data-element_type=\"widget\" data-widget_type=\"text-editor.default\">\n<div class=\"elementor-widget-container\">\n<p style=\"text-align: center;\"><em><strong>Si pretendemos mejorarla\u00a0antes de tiempo,<\/strong><\/em><br \/>\n<em><strong>esa persona se sentir\u00e1 rechazada<\/strong><\/em><br \/>\n<em><strong>y\u00a0no podremos ayudarla.<\/strong><\/em><\/p>\n<\/div>\n<\/div>\n<\/div>\n<\/div>\n<\/div>\n<\/section>\n<section class=\"elementor-section elementor-top-section elementor-element elementor-element-32210e2 elementor-section-boxed elementor-section-height-default elementor-section-height-default\" data-id=\"32210e2\" data-element_type=\"section\">\n<div class=\"elementor-container elementor-column-gap-default\">\n<div class=\"elementor-column elementor-col-100 elementor-top-column elementor-element elementor-element-e710ec1\" data-id=\"e710ec1\" data-element_type=\"column\">\n<div class=\"elementor-widget-wrap elementor-element-populated\">\n<div class=\"elementor-element elementor-element-3ac301d elementor-widget elementor-widget-image\" data-id=\"3ac301d\" data-element_type=\"widget\" data-widget_type=\"image.default\">\n<div class=\"elementor-widget-container\"><img loading=\"lazy\" decoding=\"async\" class=\"size-full wp-image-155576 alignnone\" src=\"https:\/\/exaudi.org\/wp-content\/uploads\/2026\/01\/la-plenitud-del-amado-meta-del-amor-2.png\" alt=\"\" width=\"704\" height=\"466\" srcset=\"https:\/\/exaudi.org\/wp-content\/uploads\/2026\/01\/la-plenitud-del-amado-meta-del-amor-2.png 704w, https:\/\/exaudi.org\/wp-content\/uploads\/2026\/01\/la-plenitud-del-amado-meta-del-amor-2-300x199.png 300w, https:\/\/exaudi.org\/wp-content\/uploads\/2026\/01\/la-plenitud-del-amado-meta-del-amor-2-500x331.png 500w\" sizes=\"auto, (max-width: 704px) 100vw, 704px\" \/><\/div>\n<\/div>\n<\/div>\n<\/div>\n<\/div>\n<\/section>\n<section class=\"elementor-section elementor-top-section elementor-element elementor-element-b0f28b7 elementor-section-boxed elementor-section-height-default elementor-section-height-default\" data-id=\"b0f28b7\" data-element_type=\"section\">\n<div class=\"elementor-container elementor-column-gap-default\">\n<div class=\"elementor-column elementor-col-100 elementor-top-column elementor-element elementor-element-8c1494f\" data-id=\"8c1494f\" data-element_type=\"column\">\n<div class=\"elementor-widget-wrap elementor-element-populated\">\n<div class=\"elementor-element elementor-element-cbdf2be elementor-widget elementor-widget-text-editor\" data-id=\"cbdf2be\" data-element_type=\"widget\" data-widget_type=\"text-editor.default\">\n<div class=\"elementor-widget-container\">\n<p><strong>Para poder amarla \u00aba ella\u00bb<\/strong><\/p>\n<p>Se trata de una verdad particularmente relevante para quienes se empe\u00f1an en tareas de promoci\u00f3n de personas en situaciones irregulares o dif\u00edciles: hijos abandonados, madres solteras y solas, drogadictos, delincuentes\u2026<\/p>\n<p>Personas que, en ocasiones, han hecho del robo, del enga\u00f1o, del fraude, una suerte de segunda naturaleza, tal vez porque no han visto ni experimentado otro modo de vivir.<\/p>\n<p>Si, en nuestro af\u00e1n sincero de ayudarlas, no aceptamos y queremos a esas\u00a0<a href=\"https:\/\/youtu.be\/DnykkBn-0DA\" target=\"_blank\" rel=\"noopener\">personas como realmente son,<\/a>\u00a0con todos sus dolorosos y lacerantes defectos; si buscamos por encima de todo que cambien, no las estaremos amando\u00a0<strong><em>a ellas,<\/em><\/strong>\u00a0sino, por decirlo as\u00ed, a su alias mejorado seg\u00fan\u00a0<strong><em>nuestras<\/em><\/strong>\u00a0expectativas.<\/p>\n<p>Y dif\u00edcilmente lograremos el objetivo de socorrerlas y acercarlas a su plenitud.<\/p>\n<ul>\n<li>Al sentirse rechazadas, se encerrar\u00e1n en s\u00ed mismas, haciendo vano cualquier intento de llegar a ellas y ayudarlas a mejorar y salir adelante.<\/li>\n<\/ul>\n<\/div>\n<\/div>\n<div class=\"elementor-element elementor-element-c71f030 elementor-widget elementor-widget-text-editor\" data-id=\"c71f030\" data-element_type=\"widget\" data-widget_type=\"text-editor.default\">\n<div class=\"elementor-widget-container\">\n<p style=\"text-align: center;\"><em><strong>La aceptaci\u00f3n incondicional de la persona amada<\/strong><\/em><br \/>\n<em><strong>es el fundamento sobre el que se apoya todo nuestro amor.<\/strong><\/em><\/p>\n<\/div>\n<\/div>\n<\/div>\n<\/div>\n<\/div>\n<\/section>\n<section class=\"elementor-section elementor-top-section elementor-element elementor-element-0aabe1b elementor-section-boxed elementor-section-height-default elementor-section-height-default\" data-id=\"0aabe1b\" data-element_type=\"section\">\n<div class=\"elementor-container elementor-column-gap-default\">\n<div class=\"elementor-column elementor-col-100 elementor-top-column elementor-element elementor-element-721fad3\" data-id=\"721fad3\" data-element_type=\"column\">\n<div class=\"elementor-widget-wrap elementor-element-populated\">\n<div class=\"elementor-element elementor-element-02e9712 elementor-widget elementor-widget-heading\" data-id=\"02e9712\" data-element_type=\"widget\" data-widget_type=\"heading.default\">\n<div class=\"elementor-widget-container\">\n<h3 class=\"elementor-heading-title elementor-size-default\"><strong>3. Ser, para el hombre, es vivir y perfeccionarse: acercarse a su plenitud<\/strong><\/h3>\n<\/div>\n<\/div>\n<\/div>\n<\/div>\n<\/div>\n<\/section>\n<section class=\"elementor-section elementor-top-section elementor-element elementor-element-0a4ff7b elementor-section-boxed elementor-section-height-default elementor-section-height-default\" data-id=\"0a4ff7b\" data-element_type=\"section\">\n<div class=\"elementor-container elementor-column-gap-default\">\n<div class=\"elementor-column elementor-col-100 elementor-top-column elementor-element elementor-element-56b408b\" data-id=\"56b408b\" data-element_type=\"column\">\n<div class=\"elementor-widget-wrap elementor-element-populated\">\n<div class=\"elementor-element elementor-element-363f54d elementor-widget elementor-widget-text-editor\" data-id=\"363f54d\" data-element_type=\"widget\" data-widget_type=\"text-editor.default\">\n<div class=\"elementor-widget-container\">\n<p><strong>Confirmar \u00abdin\u00e1micamente\u00bb su ser<\/strong><\/p>\n<p><strong>Prolongaci\u00f3n del \u00abs\u00ed\u00bb originario<\/strong><\/p>\n<p>Pero volvamos al tema central de esta serie de art\u00edculo. Veremos entonces que el af\u00e1n de ayudar a mejorar a la persona amada, y acercarla a su plenitud, se encuentra siempre unido al amor, pues no representa sino<a href=\"https:\/\/www.amazon.es\/Amar-aqu%C3%AD-ahora-Tom%C3%A1s-Melendo\/dp\/1545589291\/ref=sr_1_1?__mk_es_ES=%C3%85M%C3%85%C5%BD%C3%95%C3%91&amp;dchild=1&amp;keywords=amar%2C+aqu%C3%AD+y+ahora&amp;qid=1631620904&amp;sr=8-1\" target=\"_blank\" rel=\"noopener\">\u00a0la prolongaci\u00f3n natural de lo que se persegu\u00eda al decirle que\u00a0<strong><em>s\u00ed<\/em><\/strong><em>,\u00a0<\/em>al confirmar su ser.<\/a><\/p>\n<p>\u00bfPor qu\u00e9 motivos?<\/p>\n<p>Sucede con el hombre algo parecido a lo que ocurre en el n\u00facleo renovador de una semilla: que\u00a0<strong>no<\/strong>\u00a0es algo inerte y est\u00e1tico. Constituye, m\u00e1s bien, una especie de\u00a0<em>energ\u00eda concentrada,<\/em>\u00a0que tiende a expandirse y a llevar a su plenitud a todos y cada uno de los componentes de la persona.<\/p>\n<p><strong>Con manifestaciones muy concretas<\/strong><\/p>\n<p>Lo apunta con claridad la biolog\u00eda contempor\u00e1nea relativa al ser humano.<\/p>\n<\/div>\n<\/div>\n<\/div>\n<\/div>\n<\/div>\n<\/section>\n<section class=\"elementor-section elementor-top-section elementor-element elementor-element-c04c22f elementor-section-boxed elementor-section-height-default elementor-section-height-default\" data-id=\"c04c22f\" data-element_type=\"section\">\n<div class=\"elementor-container elementor-column-gap-default\">\n<div class=\"elementor-column elementor-col-100 elementor-top-column elementor-element elementor-element-d4a795c\" data-id=\"d4a795c\" data-element_type=\"column\">\n<div class=\"elementor-widget-wrap elementor-element-populated\">\n<div class=\"elementor-element elementor-element-78d6a652 elementor-widget elementor-widget-text-editor\" data-id=\"78d6a652\" data-element_type=\"widget\" data-widget_type=\"text-editor.default\">\n<div class=\"elementor-widget-container\">\n<ul>\n<li>Desde el mismo instante de la concepci\u00f3n, la criatura reci\u00e9n engendrada toma las riendas de s\u00ed misma y, hasta cierto punto, de la madre.\n<ul>\n<li>Y, de inmediato, pone en movimiento toda su capacidad de desarrollo, multiplicando sus c\u00e9lulas, diferenci\u00e1ndolas y organiz\u00e1ndolas de una manera que ni el m\u00e1s avanzado de los ordenadores podr\u00eda conseguir en millones de a\u00f1os.<\/li>\n<\/ul>\n<\/li>\n<li>Despu\u00e9s, en cuanto sale del seno materno, todo es tambi\u00e9n crecer, desarrollarse y diferenciarse: tanto desde el punto de vista biol\u00f3gico, como en lo que ata\u00f1e a su capacidad de moverse, de sentir, de <a href=\"https:\/\/youtu.be\/wqfceV1OeCA\" target=\"_blank\" rel=\"noopener\">entender,<\/a>\u00a0de\u00a0<a href=\"https:\/\/youtu.be\/ZypioGyPd8o\" target=\"_blank\" rel=\"noopener\">querer.<\/a><\/li>\n<li>Y el resto de su vida, aunque de forma quiz\u00e1s menos vistosa, consiste o deber\u00eda consistir en continuar con ese despliegue, hasta acercarse a su plenitud, alcanzando cotas que, en ocasiones, resultan dif\u00edciles de predecir.\n<ul>\n<li>Pi\u00e9nsese en los gigantes de humanidad a lo largo de la historia: en un Juan Pablo II, en una Teresa de Calcuta o en cualquiera de los grandes artistas o cient\u00edficos \u2014Fidias, Miguel \u00c1ngel, Einstein\u2026\u2014, que han asombrado al mundo con sus descubrimientos.<\/li>\n<\/ul>\n<\/li>\n<\/ul>\n<p>Esto es lo natural para el ser humano:\u00a0<strong><em>crecer y desarrollarse,<\/em><\/strong>\u00a0en el sentido m\u00e1s amplio y noble de estos vocablos.<\/p>\n<\/div>\n<\/div>\n<div class=\"elementor-element elementor-element-6a01ed6c elementor-widget elementor-widget-text-editor\" data-id=\"6a01ed6c\" data-element_type=\"widget\" data-widget_type=\"text-editor.default\">\n<div class=\"elementor-widget-container\">\n<p style=\"text-align: center;\"><em><strong>Para el ser humano,<\/strong><\/em><br \/>\n<em><strong>lo natural es crecer y desarrollarse,<\/strong><\/em><br \/>\n<em><strong>hasta alcanzar la propia plenitud.<\/strong><\/em><\/p>\n<\/div>\n<\/div>\n<\/div>\n<\/div>\n<\/div>\n<\/section>\n<section class=\"elementor-section elementor-top-section elementor-element elementor-element-41e86f8 elementor-section-boxed elementor-section-height-default elementor-section-height-default\" data-id=\"41e86f8\" data-element_type=\"section\">\n<div class=\"elementor-container elementor-column-gap-default\">\n<div class=\"elementor-column elementor-col-100 elementor-top-column elementor-element elementor-element-08eea72\" data-id=\"08eea72\" data-element_type=\"column\">\n<div class=\"elementor-widget-wrap elementor-element-populated\">\n<div class=\"elementor-element elementor-element-ec79374 elementor-widget elementor-widget-text-editor\" data-id=\"ec79374\" data-element_type=\"widget\" data-widget_type=\"text-editor.default\">\n<div class=\"elementor-widget-container\">\n<p><strong>\u00a1Favorecer su desarrollo, acercarlo a su plenitud!<\/strong><\/p>\n<p><strong>Voluntad de promoci\u00f3n<\/strong><\/p>\n<p>De manera que no cabe propiamente querer a nadie, confirmarlo en su ser, sin desear al mismo tiempo que la persona querida progrese m\u00e1s y m\u00e1s. Sin aspirar a que despliegue toda la perfecci\u00f3n contenida ya en ella, en cierto modo, desde el momento mismo en que fue engendrada.<\/p>\n<p>En este sentido,\u00a0<em><strong>Maurice N\u00e9doncelle<\/strong><\/em>\u00a0define el amor como una\u00a0<strong><em>voluntad de promoci\u00f3n.<\/em><\/strong><\/p>\n<p>Y explica, resumiendo buena parte de lo expuesto hasta ahora:<\/p>\n<ul>\n<li>El yo que ama quiere antes que nada <em><strong>la existencia<\/strong>\u00a0<\/em>del t\u00fa;\n<ul>\n<li>quiere, por decirlo de otra manera, <em><strong>el desarrollo<\/strong><\/em>\u00a0del t\u00fa,<\/li>\n<li>y quiere que ese desarrollo aut\u00f3nomo sea (en la medida de lo posible) <em><strong>armonioso<\/strong><\/em>\u00a0por lo que respecta al valor entrevisto por el yo para \u00e9l.<\/li>\n<\/ul>\n<\/li>\n<\/ul>\n<p><strong>Con efectos reales<\/strong><\/p>\n<p>Con lo que se confirma una idea varias veces apuntada: el af\u00e1n de desarrollo y mejora al que me vengo refiriendo como elemento integrante del amor, no es una veleidad, un deseo vac\u00edo e inconsistente, que no obtiene ning\u00fan resultado.<\/p>\n<p>Muy al contrario, amar de verdad a alguien lleva siempre consigo el apoyo para que este\u00a0<strong><em>acreciente su perfecci\u00f3n, para que se forme y desarrolle, para que avance hacia su plenitud.<\/em><\/strong>\u00a0Un auxilio que es proporcional a la calidad, intensidad e inteligencia del amor que se le otorga, con la condici\u00f3n de que quien es querido no se oponga frontalmente a ello.<\/p>\n<p>En el pr\u00f3ximo art\u00edculo veremos, con cierto detalle, c\u00f3mo y por qu\u00e9.<\/p>\n<p>Anticipo, de momento, que:<\/p>\n<ol>\n<li>el amor permite ver los caminos que el amado debe transitar para alcanzar su plenitud<\/li>\n<li>y le otorga fuerzas para avanzar por ellos, sin desfallecer.<\/li>\n<\/ol>\n<\/div>\n<\/div>\n<div class=\"elementor-element elementor-element-685ddb1 elementor-widget elementor-widget-text-editor\" data-id=\"685ddb1\" data-element_type=\"widget\" data-widget_type=\"text-editor.default\">\n<div class=\"elementor-widget-container\">\n<p style=\"text-align: center;\"><em><strong>No cabe propiamente querer a nadie,<\/strong><\/em><br \/>\n<em><strong>sin procurar que progrese y se desarrolle,<\/strong><\/em><br \/>\n<em><strong>hasta acercarse a su plenitud.<\/strong><\/em><\/p>\n<\/div>\n<\/div>\n<\/div>\n<\/div>\n<\/div>\n<\/section>\n<section class=\"elementor-section elementor-top-section elementor-element elementor-element-33f91314 elementor-section-boxed elementor-section-height-default elementor-section-height-default\" data-id=\"33f91314\" data-element_type=\"section\">\n<div class=\"elementor-container elementor-column-gap-default\">\n<div class=\"elementor-column elementor-col-100 elementor-top-column elementor-element elementor-element-7c7392bf\" data-id=\"7c7392bf\" data-element_type=\"column\">\n<div class=\"elementor-widget-wrap elementor-element-populated\">\n<div class=\"elementor-element elementor-element-29f9c9f7 elementor-widget elementor-widget-text-editor\" data-id=\"29f9c9f7\" data-element_type=\"widget\" data-widget_type=\"text-editor.default\">\n<div class=\"elementor-widget-container\">\n<p><em>(Continuar\u00e1)<\/em><\/p>\n<p><strong>Tom\u00e1s Melendo<\/strong><br \/>\n<strong>Presidente de Edufamilia<\/strong><br \/>\n<strong><a href=\"http:\/\/www.edufamilia.com\" rel=\"nofollow\">http:\/\/www.edufamilia.com<\/a><\/strong><br \/>\n<strong>tmelendo@uma.es<\/strong><\/p>\n<p><img loading=\"lazy\" decoding=\"async\" class=\"size-full wp-image-155585 alignnone\" src=\"https:\/\/exaudi.org\/wp-content\/uploads\/2026\/01\/voces-2-3.jpg\" alt=\"\" width=\"940\" height=\"788\" srcset=\"https:\/\/exaudi.org\/wp-content\/uploads\/2026\/01\/voces-2-3.jpg 940w, https:\/\/exaudi.org\/wp-content\/uploads\/2026\/01\/voces-2-3-300x251.jpg 300w, https:\/\/exaudi.org\/wp-content\/uploads\/2026\/01\/voces-2-3-770x645.jpg 770w, https:\/\/exaudi.org\/wp-content\/uploads\/2026\/01\/voces-2-3-500x419.jpg 500w\" sizes=\"auto, (max-width: 940px) 100vw, 940px\" \/><\/p>\n<\/div>\n<\/div>\n<\/div>\n<\/div>\n<\/div>\n<\/section>\n","protected":false},"excerpt":{"rendered":"<p>Anhelos de plenitud<\/p>\n","protected":false},"author":167,"featured_media":155582,"comment_status":"closed","ping_status":"closed","sticky":false,"template":"","format":"standard","meta":{"_acf_changed":false,"_crdt_document":"","inline_featured_image":false,"footnotes":""},"categories":[130,130,130,130],"tags":[91731,91729,1761,15850,91738,91736,91726,1978,91728,91737,91732,1854,69686,617,4625,3793,91724,2618,91734,91725,8505,7164,91739,91730,91727,70498,46744,91735,58880,91733],"class_list":{"0":"post-155570","1":"post","2":"type-post","3":"status-publish","4":"format-standard","5":"has-post-thumbnail","6":"hentry","7":"category-voces","11":"tag-aceptacion-incondicional-defectos","12":"tag-amistad-perfecta-buenos-iguales","13":"tag-amor","14":"tag-amor-autentico","15":"tag-amor-ayuda-desarrollo","16":"tag-amor-prolongacion-ser","17":"tag-anhelos-de-plenitud","18":"tag-antropologia","19":"tag-aristoteles-amistad-virtud","20":"tag-crecer-perfeccionarse-humano","21":"tag-desarrollo-humano-plenitud","22":"tag-educacion","23":"tag-edufamilia","24":"tag-familia","25":"tag-felicidad","26":"tag-hijos","27":"tag-la-plenitud-del-amado","28":"tag-matrimonio-es","29":"tag-maurice-nedoncelle-amor","30":"tag-meta-del-amor","31":"tag-padres","32":"tag-persona-3","33":"tag-plenitud-exigencia-amor","34":"tag-plenitud-persona-amada","35":"tag-querer-que-mejore","36":"tag-sabermasparaamarmejor","37":"tag-tomas-melendo","38":"tag-tomas-melendo-edufamilia","39":"tag-trending-es-151","40":"tag-voluntad-promocion-amor"},"acf":[],"yoast_head":"<!-- This site is optimized with the Yoast SEO plugin v27.5 - https:\/\/yoast.com\/product\/yoast-seo-wordpress\/ -->\n<title>La plenitud del amado, meta del amor &#8211; Exaudi<\/title>\n<meta name=\"robots\" content=\"index, follow, max-snippet:-1, max-image-preview:large, max-video-preview:-1\" \/>\n<link rel=\"canonical\" href=\"https:\/\/exaudi.org\/es\/la-plenitud-del-amado-meta-del-amor\/\" \/>\n<meta property=\"og:locale\" content=\"es_ES\" \/>\n<meta property=\"og:type\" content=\"article\" \/>\n<meta property=\"og:title\" content=\"La plenitud del amado, meta del amor &#8211; Exaudi\" \/>\n<meta property=\"og:description\" content=\"Anhelos de plenitud\" \/>\n<meta property=\"og:url\" content=\"https:\/\/exaudi.org\/es\/la-plenitud-del-amado-meta-del-amor\/\" \/>\n<meta property=\"og:site_name\" content=\"Exaudi\" \/>\n<meta property=\"article:publisher\" content=\"https:\/\/www.facebook.com\/ExaudiNews\" \/>\n<meta property=\"article:author\" content=\"https:\/\/www.facebook.com\/TomasMelendo\" \/>\n<meta property=\"article:published_time\" content=\"2026-01-30T08:30:03+00:00\" \/>\n<meta property=\"og:image\" content=\"https:\/\/exaudi.org\/wp-content\/uploads\/2026\/01\/615df413-51bf-4c2a-8f44-6ef0d723d0c4.jpg\" \/>\n\t<meta property=\"og:image:width\" content=\"1168\" \/>\n\t<meta property=\"og:image:height\" content=\"784\" \/>\n\t<meta property=\"og:image:type\" content=\"image\/jpeg\" \/>\n<meta name=\"author\" content=\"EduFamilia\" \/>\n<meta name=\"twitter:card\" content=\"summary_large_image\" \/>\n<meta name=\"twitter:creator\" content=\"@Exaudi_News\" \/>\n<meta name=\"twitter:site\" content=\"@Exaudi_News\" \/>\n<meta name=\"twitter:label1\" content=\"Escrito por\" \/>\n\t<meta name=\"twitter:data1\" content=\"EduFamilia\" \/>\n\t<meta name=\"twitter:label2\" content=\"Tiempo de lectura\" \/>\n\t<meta name=\"twitter:data2\" content=\"8 minutos\" \/>\n<script type=\"application\/ld+json\" class=\"yoast-schema-graph\">{\"@context\":\"https:\\\/\\\/schema.org\",\"@graph\":[{\"@type\":\"Article\",\"@id\":\"https:\\\/\\\/exaudi.org\\\/es\\\/la-plenitud-del-amado-meta-del-amor\\\/#article\",\"isPartOf\":{\"@id\":\"https:\\\/\\\/exaudi.org\\\/es\\\/la-plenitud-del-amado-meta-del-amor\\\/\"},\"author\":{\"name\":\"EduFamilia\",\"@id\":\"https:\\\/\\\/exaudi.org\\\/#\\\/schema\\\/person\\\/789fd6e2af95f3a374496fef6b8057fc\"},\"headline\":\"La plenitud del amado, meta del amor\",\"datePublished\":\"2026-01-30T08:30:03+00:00\",\"mainEntityOfPage\":{\"@id\":\"https:\\\/\\\/exaudi.org\\\/es\\\/la-plenitud-del-amado-meta-del-amor\\\/\"},\"wordCount\":1602,\"image\":{\"@id\":\"https:\\\/\\\/exaudi.org\\\/es\\\/la-plenitud-del-amado-meta-del-amor\\\/#primaryimage\"},\"thumbnailUrl\":\"https:\\\/\\\/exaudi.org\\\/wp-content\\\/uploads\\\/2026\\\/01\\\/615df413-51bf-4c2a-8f44-6ef0d723d0c4.jpg\",\"keywords\":[\"aceptaci\u00f3n incondicional defectos\",\"amistad perfecta buenos iguales\",\"Amor\",\"amor aut\u00e9ntico\",\"amor ayuda desarrollo\",\"amor prolongaci\u00f3n ser\",\"anhelos de plenitud\",\"Antropolog\u00eda\",\"Arist\u00f3teles amistad virtud\",\"crecer perfeccionarse humano\",\"desarrollo humano plenitud\",\"Educaci\u00f3n\",\"EduFamilia\",\"Familia\",\"Felicidad\",\"Hijos\",\"La plenitud del amado\",\"matrimonio\",\"Maurice N\u00e9doncelle amor\",\"meta del amor\",\"Padres\",\"Persona\",\"plenitud exigencia amor\",\"plenitud persona amada\",\"querer que mejore\",\"SaberM\u00e1sParaAmarMejor\",\"Tomas Melendo\",\"Tom\u00e1s Melendo Edufamilia\",\"Trending\",\"voluntad promoci\u00f3n amor\"],\"articleSection\":[\"Voces\",\"Voces\",\"Voces\",\"Voces\"],\"inLanguage\":\"es\"},{\"@type\":\"WebPage\",\"@id\":\"https:\\\/\\\/exaudi.org\\\/es\\\/la-plenitud-del-amado-meta-del-amor\\\/\",\"url\":\"https:\\\/\\\/exaudi.org\\\/es\\\/la-plenitud-del-amado-meta-del-amor\\\/\",\"name\":\"La plenitud del amado, meta del amor &#8211; Exaudi\",\"isPartOf\":{\"@id\":\"https:\\\/\\\/exaudi.org\\\/#website\"},\"primaryImageOfPage\":{\"@id\":\"https:\\\/\\\/exaudi.org\\\/es\\\/la-plenitud-del-amado-meta-del-amor\\\/#primaryimage\"},\"image\":{\"@id\":\"https:\\\/\\\/exaudi.org\\\/es\\\/la-plenitud-del-amado-meta-del-amor\\\/#primaryimage\"},\"thumbnailUrl\":\"https:\\\/\\\/exaudi.org\\\/wp-content\\\/uploads\\\/2026\\\/01\\\/615df413-51bf-4c2a-8f44-6ef0d723d0c4.jpg\",\"datePublished\":\"2026-01-30T08:30:03+00:00\",\"author\":{\"@id\":\"https:\\\/\\\/exaudi.org\\\/#\\\/schema\\\/person\\\/789fd6e2af95f3a374496fef6b8057fc\"},\"breadcrumb\":{\"@id\":\"https:\\\/\\\/exaudi.org\\\/es\\\/la-plenitud-del-amado-meta-del-amor\\\/#breadcrumb\"},\"inLanguage\":\"es\",\"potentialAction\":[{\"@type\":\"ReadAction\",\"target\":[\"https:\\\/\\\/exaudi.org\\\/es\\\/la-plenitud-del-amado-meta-del-amor\\\/\"]}]},{\"@type\":\"ImageObject\",\"inLanguage\":\"es\",\"@id\":\"https:\\\/\\\/exaudi.org\\\/es\\\/la-plenitud-del-amado-meta-del-amor\\\/#primaryimage\",\"url\":\"https:\\\/\\\/exaudi.org\\\/wp-content\\\/uploads\\\/2026\\\/01\\\/615df413-51bf-4c2a-8f44-6ef0d723d0c4.jpg\",\"contentUrl\":\"https:\\\/\\\/exaudi.org\\\/wp-content\\\/uploads\\\/2026\\\/01\\\/615df413-51bf-4c2a-8f44-6ef0d723d0c4.jpg\",\"width\":1168,\"height\":784,\"caption\":\"Signature: WOWpaXu5Jjop\\\/cqNjBYxQhI6CbsVxX\\\/jgdi0lfnPECf4DVXZLEKaf43wSv6VTxSxTQ+XicFD2ajqKHnUyI+lJNMAEcAgmuFwbBu2GXfUXbF9qlScAVrfW99Aviwg7Dst0PhpJ2tUuZ2ZvGUwZqKxG82oaIJIyrxQITx21rkwQ1obXmxa8cz2YbvdHlTsSQ9oVMBLMLutkEHcoKqdj66KDPSG0GwCIWtrJSyjuoMum2ioMYKE3BEQ9aKC+xzbAnUBLijTidrqwXJQ4SZwHfQRPQ==\"},{\"@type\":\"BreadcrumbList\",\"@id\":\"https:\\\/\\\/exaudi.org\\\/es\\\/la-plenitud-del-amado-meta-del-amor\\\/#breadcrumb\",\"itemListElement\":[{\"@type\":\"ListItem\",\"position\":1,\"name\":\"Portada\",\"item\":\"https:\\\/\\\/exaudi.org\\\/es\\\/\"},{\"@type\":\"ListItem\",\"position\":2,\"name\":\"La plenitud del amado, meta del amor\"}]},{\"@type\":\"WebSite\",\"@id\":\"https:\\\/\\\/exaudi.org\\\/#website\",\"url\":\"https:\\\/\\\/exaudi.org\\\/\",\"name\":\"Exaudi\",\"description\":\"News\",\"potentialAction\":[{\"@type\":\"SearchAction\",\"target\":{\"@type\":\"EntryPoint\",\"urlTemplate\":\"https:\\\/\\\/exaudi.org\\\/?s={search_term_string}\"},\"query-input\":{\"@type\":\"PropertyValueSpecification\",\"valueRequired\":true,\"valueName\":\"search_term_string\"}}],\"inLanguage\":\"es\"},{\"@type\":\"Person\",\"@id\":\"https:\\\/\\\/exaudi.org\\\/#\\\/schema\\\/person\\\/789fd6e2af95f3a374496fef6b8057fc\",\"name\":\"EduFamilia\",\"image\":{\"@type\":\"ImageObject\",\"inLanguage\":\"es\",\"@id\":\"https:\\\/\\\/secure.gravatar.com\\\/avatar\\\/2ef1f3f76e97154daa0e14918939159ff06d6dba59a62843c706f74f696d396c?s=96&d=mm&r=g\",\"url\":\"https:\\\/\\\/secure.gravatar.com\\\/avatar\\\/2ef1f3f76e97154daa0e14918939159ff06d6dba59a62843c706f74f696d396c?s=96&d=mm&r=g\",\"contentUrl\":\"https:\\\/\\\/secure.gravatar.com\\\/avatar\\\/2ef1f3f76e97154daa0e14918939159ff06d6dba59a62843c706f74f696d396c?s=96&d=mm&r=g\",\"caption\":\"EduFamilia\"},\"description\":\"Edufamilia es una asociaci\u00f3n sin \u00e1nimo de lucro, nacida en el a\u00f1o 2005. Su fundador, Tom\u00e1s Melendo, advirti\u00f3 que una mejora en la calidad de las familias facilitar\u00eda la resoluci\u00f3n de bastantes de los problemas que aquejan a la sociedad de hoy. Y, apoyado siempre por su mujer, decidi\u00f3 lanzarse a esta aventura que cuenta con casi veinte a\u00f1os de vida y con m\u00faltiples ediciones de los distintos cursos formativos: M\u00e1steres y Maestr\u00edas, Expertos, cursos m\u00e1s breves, conferencias, ciclos culturales, seminarios y otros programas educativos. Aunque las primeras ediciones tuvieron car\u00e1cter presencial, actualmente se ha hecho un gran esfuerzo por promover la infraestructura virtual para adaptarse a los nuevos tiempos y que la formaci\u00f3n en torno a la familia alcance al mundo entero.\",\"sameAs\":[\"https:\\\/\\\/edufamilia.com\\\/\",\"https:\\\/\\\/www.facebook.com\\\/TomasMelendo\",\"https:\\\/\\\/www.instagram.com\\\/tomasmelendo\\\/\",\"https:\\\/\\\/www.linkedin.com\\\/company\\\/asociacin-edufamilia\\\/\",\"https:\\\/\\\/www.youtube.com\\\/channel\\\/UCU-7o2eQZJuHNtXB8AMMc1Q\"],\"url\":\"https:\\\/\\\/exaudi.org\\\/es\\\/author\\\/edufamilia\\\/\"}]}<\/script>\n<!-- \/ Yoast SEO plugin. -->","yoast_head_json":{"title":"La plenitud del amado, meta del amor &#8211; Exaudi","robots":{"index":"index","follow":"follow","max-snippet":"max-snippet:-1","max-image-preview":"max-image-preview:large","max-video-preview":"max-video-preview:-1"},"canonical":"https:\/\/exaudi.org\/es\/la-plenitud-del-amado-meta-del-amor\/","og_locale":"es_ES","og_type":"article","og_title":"La plenitud del amado, meta del amor &#8211; Exaudi","og_description":"Anhelos de plenitud","og_url":"https:\/\/exaudi.org\/es\/la-plenitud-del-amado-meta-del-amor\/","og_site_name":"Exaudi","article_publisher":"https:\/\/www.facebook.com\/ExaudiNews","article_author":"https:\/\/www.facebook.com\/TomasMelendo","article_published_time":"2026-01-30T08:30:03+00:00","og_image":[{"width":1168,"height":784,"url":"https:\/\/exaudi.org\/wp-content\/uploads\/2026\/01\/615df413-51bf-4c2a-8f44-6ef0d723d0c4.jpg","type":"image\/jpeg"}],"author":"EduFamilia","twitter_card":"summary_large_image","twitter_creator":"@Exaudi_News","twitter_site":"@Exaudi_News","twitter_misc":{"Escrito por":"EduFamilia","Tiempo de lectura":"8 minutos"},"schema":{"@context":"https:\/\/schema.org","@graph":[{"@type":"Article","@id":"https:\/\/exaudi.org\/es\/la-plenitud-del-amado-meta-del-amor\/#article","isPartOf":{"@id":"https:\/\/exaudi.org\/es\/la-plenitud-del-amado-meta-del-amor\/"},"author":{"name":"EduFamilia","@id":"https:\/\/exaudi.org\/#\/schema\/person\/789fd6e2af95f3a374496fef6b8057fc"},"headline":"La plenitud del amado, meta del amor","datePublished":"2026-01-30T08:30:03+00:00","mainEntityOfPage":{"@id":"https:\/\/exaudi.org\/es\/la-plenitud-del-amado-meta-del-amor\/"},"wordCount":1602,"image":{"@id":"https:\/\/exaudi.org\/es\/la-plenitud-del-amado-meta-del-amor\/#primaryimage"},"thumbnailUrl":"https:\/\/exaudi.org\/wp-content\/uploads\/2026\/01\/615df413-51bf-4c2a-8f44-6ef0d723d0c4.jpg","keywords":["aceptaci\u00f3n incondicional defectos","amistad perfecta buenos iguales","Amor","amor aut\u00e9ntico","amor ayuda desarrollo","amor prolongaci\u00f3n ser","anhelos de plenitud","Antropolog\u00eda","Arist\u00f3teles amistad virtud","crecer perfeccionarse humano","desarrollo humano plenitud","Educaci\u00f3n","EduFamilia","Familia","Felicidad","Hijos","La plenitud del amado","matrimonio","Maurice N\u00e9doncelle amor","meta del amor","Padres","Persona","plenitud exigencia amor","plenitud persona amada","querer que mejore","SaberM\u00e1sParaAmarMejor","Tomas Melendo","Tom\u00e1s Melendo Edufamilia","Trending","voluntad promoci\u00f3n amor"],"articleSection":["Voces","Voces","Voces","Voces"],"inLanguage":"es"},{"@type":"WebPage","@id":"https:\/\/exaudi.org\/es\/la-plenitud-del-amado-meta-del-amor\/","url":"https:\/\/exaudi.org\/es\/la-plenitud-del-amado-meta-del-amor\/","name":"La plenitud del amado, meta del amor &#8211; Exaudi","isPartOf":{"@id":"https:\/\/exaudi.org\/#website"},"primaryImageOfPage":{"@id":"https:\/\/exaudi.org\/es\/la-plenitud-del-amado-meta-del-amor\/#primaryimage"},"image":{"@id":"https:\/\/exaudi.org\/es\/la-plenitud-del-amado-meta-del-amor\/#primaryimage"},"thumbnailUrl":"https:\/\/exaudi.org\/wp-content\/uploads\/2026\/01\/615df413-51bf-4c2a-8f44-6ef0d723d0c4.jpg","datePublished":"2026-01-30T08:30:03+00:00","author":{"@id":"https:\/\/exaudi.org\/#\/schema\/person\/789fd6e2af95f3a374496fef6b8057fc"},"breadcrumb":{"@id":"https:\/\/exaudi.org\/es\/la-plenitud-del-amado-meta-del-amor\/#breadcrumb"},"inLanguage":"es","potentialAction":[{"@type":"ReadAction","target":["https:\/\/exaudi.org\/es\/la-plenitud-del-amado-meta-del-amor\/"]}]},{"@type":"ImageObject","inLanguage":"es","@id":"https:\/\/exaudi.org\/es\/la-plenitud-del-amado-meta-del-amor\/#primaryimage","url":"https:\/\/exaudi.org\/wp-content\/uploads\/2026\/01\/615df413-51bf-4c2a-8f44-6ef0d723d0c4.jpg","contentUrl":"https:\/\/exaudi.org\/wp-content\/uploads\/2026\/01\/615df413-51bf-4c2a-8f44-6ef0d723d0c4.jpg","width":1168,"height":784,"caption":"Signature: WOWpaXu5Jjop\/cqNjBYxQhI6CbsVxX\/jgdi0lfnPECf4DVXZLEKaf43wSv6VTxSxTQ+XicFD2ajqKHnUyI+lJNMAEcAgmuFwbBu2GXfUXbF9qlScAVrfW99Aviwg7Dst0PhpJ2tUuZ2ZvGUwZqKxG82oaIJIyrxQITx21rkwQ1obXmxa8cz2YbvdHlTsSQ9oVMBLMLutkEHcoKqdj66KDPSG0GwCIWtrJSyjuoMum2ioMYKE3BEQ9aKC+xzbAnUBLijTidrqwXJQ4SZwHfQRPQ=="},{"@type":"BreadcrumbList","@id":"https:\/\/exaudi.org\/es\/la-plenitud-del-amado-meta-del-amor\/#breadcrumb","itemListElement":[{"@type":"ListItem","position":1,"name":"Portada","item":"https:\/\/exaudi.org\/es\/"},{"@type":"ListItem","position":2,"name":"La plenitud del amado, meta del amor"}]},{"@type":"WebSite","@id":"https:\/\/exaudi.org\/#website","url":"https:\/\/exaudi.org\/","name":"Exaudi","description":"News","potentialAction":[{"@type":"SearchAction","target":{"@type":"EntryPoint","urlTemplate":"https:\/\/exaudi.org\/?s={search_term_string}"},"query-input":{"@type":"PropertyValueSpecification","valueRequired":true,"valueName":"search_term_string"}}],"inLanguage":"es"},{"@type":"Person","@id":"https:\/\/exaudi.org\/#\/schema\/person\/789fd6e2af95f3a374496fef6b8057fc","name":"EduFamilia","image":{"@type":"ImageObject","inLanguage":"es","@id":"https:\/\/secure.gravatar.com\/avatar\/2ef1f3f76e97154daa0e14918939159ff06d6dba59a62843c706f74f696d396c?s=96&d=mm&r=g","url":"https:\/\/secure.gravatar.com\/avatar\/2ef1f3f76e97154daa0e14918939159ff06d6dba59a62843c706f74f696d396c?s=96&d=mm&r=g","contentUrl":"https:\/\/secure.gravatar.com\/avatar\/2ef1f3f76e97154daa0e14918939159ff06d6dba59a62843c706f74f696d396c?s=96&d=mm&r=g","caption":"EduFamilia"},"description":"Edufamilia es una asociaci\u00f3n sin \u00e1nimo de lucro, nacida en el a\u00f1o 2005. Su fundador, Tom\u00e1s Melendo, advirti\u00f3 que una mejora en la calidad de las familias facilitar\u00eda la resoluci\u00f3n de bastantes de los problemas que aquejan a la sociedad de hoy. Y, apoyado siempre por su mujer, decidi\u00f3 lanzarse a esta aventura que cuenta con casi veinte a\u00f1os de vida y con m\u00faltiples ediciones de los distintos cursos formativos: M\u00e1steres y Maestr\u00edas, Expertos, cursos m\u00e1s breves, conferencias, ciclos culturales, seminarios y otros programas educativos. Aunque las primeras ediciones tuvieron car\u00e1cter presencial, actualmente se ha hecho un gran esfuerzo por promover la infraestructura virtual para adaptarse a los nuevos tiempos y que la formaci\u00f3n en torno a la familia alcance al mundo entero.","sameAs":["https:\/\/edufamilia.com\/","https:\/\/www.facebook.com\/TomasMelendo","https:\/\/www.instagram.com\/tomasmelendo\/","https:\/\/www.linkedin.com\/company\/asociacin-edufamilia\/","https:\/\/www.youtube.com\/channel\/UCU-7o2eQZJuHNtXB8AMMc1Q"],"url":"https:\/\/exaudi.org\/es\/author\/edufamilia\/"}]}},"jetpack_featured_media_url":"https:\/\/exaudi.org\/wp-content\/uploads\/2026\/01\/615df413-51bf-4c2a-8f44-6ef0d723d0c4.jpg","jetpack_shortlink":"https:\/\/wp.me\/pgKjF2-Etc","_links":{"self":[{"href":"https:\/\/exaudi.org\/es\/wp-json\/wp\/v2\/posts\/155570","targetHints":{"allow":["GET"]}}],"collection":[{"href":"https:\/\/exaudi.org\/es\/wp-json\/wp\/v2\/posts"}],"about":[{"href":"https:\/\/exaudi.org\/es\/wp-json\/wp\/v2\/types\/post"}],"author":[{"embeddable":true,"href":"https:\/\/exaudi.org\/es\/wp-json\/wp\/v2\/users\/167"}],"replies":[{"embeddable":true,"href":"https:\/\/exaudi.org\/es\/wp-json\/wp\/v2\/comments?post=155570"}],"version-history":[{"count":6,"href":"https:\/\/exaudi.org\/es\/wp-json\/wp\/v2\/posts\/155570\/revisions"}],"predecessor-version":[{"id":155588,"href":"https:\/\/exaudi.org\/es\/wp-json\/wp\/v2\/posts\/155570\/revisions\/155588"}],"wp:featuredmedia":[{"embeddable":true,"href":"https:\/\/exaudi.org\/es\/wp-json\/wp\/v2\/media\/155582"}],"wp:attachment":[{"href":"https:\/\/exaudi.org\/es\/wp-json\/wp\/v2\/media?parent=155570"}],"wp:term":[{"taxonomy":"category","embeddable":true,"href":"https:\/\/exaudi.org\/es\/wp-json\/wp\/v2\/categories?post=155570"},{"taxonomy":"post_tag","embeddable":true,"href":"https:\/\/exaudi.org\/es\/wp-json\/wp\/v2\/tags?post=155570"}],"curies":[{"name":"wp","href":"https:\/\/api.w.org\/{rel}","templated":true}]}}