{"id":15554,"date":"2021-05-06T13:30:02","date_gmt":"2021-05-06T11:30:02","guid":{"rendered":"https:\/\/exaudi.org\/?p=15554"},"modified":"2021-05-07T12:02:22","modified_gmt":"2021-05-07T10:02:22","slug":"peru-el-papa-recibe-a-mons-barbetta-y-sacerdotes","status":"publish","type":"post","link":"https:\/\/exaudi.org\/es\/peru-el-papa-recibe-a-mons-barbetta-y-sacerdotes\/","title":{"rendered":"Per\u00fa: El Papa recibe a Mons. Barbetta y sacerdotes"},"content":{"rendered":"<p>En la ma\u00f1ana de hoy, 6 de mayo de 2021, el Papa Francisco ha recibido en audiencia a Mons. Giorgio Barbetta, obispo auxiliar de Huari en Per\u00fa, que ha viajado a Italia junto con algunos sacerdotes de la di\u00f3cesis para concelebrar los funerales de <a href=\"https:\/\/exaudi.org\/es\/peru-pesame-papa-asesinato-misionera-chimbote-2021\/\" target=\"_blank\" rel=\"noopener noreferrer\">Nadia de Munari<\/a>, la misionera laica de Vicenza asesinada a finales de abril mientras prestaba servicio entre los m\u00e1s pobres y necesitados.<\/p>\n<p><img loading=\"lazy\" decoding=\"async\" class=\"size-medium wp-image-15558 alignleft\" src=\"https:\/\/exaudi.org\/wp-content\/uploads\/2021\/05\/DSC6021_050421--300x200.jpg\" alt=\"\" width=\"300\" height=\"200\" srcset=\"https:\/\/exaudi.org\/wp-content\/uploads\/2021\/05\/DSC6021_050421--300x200.jpg 300w, https:\/\/exaudi.org\/wp-content\/uploads\/2021\/05\/DSC6021_050421--1024x683.jpg 1024w, https:\/\/exaudi.org\/wp-content\/uploads\/2021\/05\/DSC6021_050421--768x512.jpg 768w, https:\/\/exaudi.org\/wp-content\/uploads\/2021\/05\/DSC6021_050421--1536x1024.jpg 1536w, https:\/\/exaudi.org\/wp-content\/uploads\/2021\/05\/DSC6021_050421--2048x1365.jpg 2048w, https:\/\/exaudi.org\/wp-content\/uploads\/2021\/05\/DSC6021_050421--150x100.jpg 150w, https:\/\/exaudi.org\/wp-content\/uploads\/2021\/05\/DSC6021_050421--696x464.jpg 696w, https:\/\/exaudi.org\/wp-content\/uploads\/2021\/05\/DSC6021_050421--1068x712.jpg 1068w, https:\/\/exaudi.org\/wp-content\/uploads\/2021\/05\/DSC6021_050421--1920x1280.jpg 1920w, https:\/\/exaudi.org\/wp-content\/uploads\/2021\/05\/DSC6021_050421--630x420.jpg 630w\" sizes=\"auto, (max-width: 300px) 100vw, 300px\" \/>As\u00ed ha informado la Oficina de Prensa de la Santa Sede. De acuerdo a la comunicaci\u00f3n, la exequias por la misionera italiana fallecida el pasado 24 de abril, fueron celebradas ayer por la tarde en Schio.<\/p>\n<h4><strong>Telegrama del Papa<\/strong><\/h4>\n<p>En los d\u00edas posteriores a la muerte de Nadia de Munari, el <a href=\"https:\/\/exaudi.org\/es\/motu-proprio-papa-vaticano-ley-anticorrupcion-directivos\/\">Papa Francisco<\/a>\u00a0envi\u00f3 un telegrama en espa\u00f1ol, firmado por el cardenal Pietro Parolin, secretario de Estado, al obispo de Chimbote,\u00a0Per\u00fa, reiterando su firme desaprobaci\u00f3n de ese nuevo e injustificable episodio de violencia, que se suma a los muchos otros en los que misioneros han perdido la vida mientras realizaban sus servicio con abnegaci\u00f3n al Evangelio y de la asistencia a los m\u00e1s necesitados e indefensos.<\/p>\n<p>Asimismo, el Pont\u00edfice ofreci\u00f3 oraciones por el eterno descanso del alma de esta voluntaria y la confi\u00f3 a la intercesi\u00f3n de la Virgen Mar\u00eda, y expres\u00f3 su cercan\u00eda paternal a sus padres, familia y allegados, asegur\u00e1ndoles su recuerdo en la oraci\u00f3n y su bendici\u00f3n a todos los que participar\u00e1n en el funeral, tanto en Per\u00fa como, lo antes posible, en Italia.<\/p>\n<h4><strong><img loading=\"lazy\" decoding=\"async\" class=\"size-medium wp-image-15561 alignright\" src=\"https:\/\/exaudi.org\/wp-content\/uploads\/2021\/05\/DSC6080_050421--300x200.jpg\" alt=\"\" width=\"300\" height=\"200\" srcset=\"https:\/\/exaudi.org\/wp-content\/uploads\/2021\/05\/DSC6080_050421--300x200.jpg 300w, https:\/\/exaudi.org\/wp-content\/uploads\/2021\/05\/DSC6080_050421--1024x683.jpg 1024w, https:\/\/exaudi.org\/wp-content\/uploads\/2021\/05\/DSC6080_050421--768x512.jpg 768w, https:\/\/exaudi.org\/wp-content\/uploads\/2021\/05\/DSC6080_050421--1536x1024.jpg 1536w, https:\/\/exaudi.org\/wp-content\/uploads\/2021\/05\/DSC6080_050421--2048x1365.jpg 2048w, https:\/\/exaudi.org\/wp-content\/uploads\/2021\/05\/DSC6080_050421--150x100.jpg 150w, https:\/\/exaudi.org\/wp-content\/uploads\/2021\/05\/DSC6080_050421--696x464.jpg 696w, https:\/\/exaudi.org\/wp-content\/uploads\/2021\/05\/DSC6080_050421--1068x712.jpg 1068w, https:\/\/exaudi.org\/wp-content\/uploads\/2021\/05\/DSC6080_050421--1920x1280.jpg 1920w, https:\/\/exaudi.org\/wp-content\/uploads\/2021\/05\/DSC6080_050421--630x420.jpg 630w\" sizes=\"auto, (max-width: 300px) 100vw, 300px\" \/>Sucesos<\/strong><\/h4>\n<p>Seg\u00fan relat\u00f3 el diario local de Chimbote, el pasado mi\u00e9rcoles 21 de abril de 2021, un grupo de delincuentes intentaron asesinar a la misionera italiana de 50 a\u00f1os, en ese momento encargada de la casa del hogar\u00a0<em>Mamma Mia<\/em>, perteneciente a la operaci\u00f3n\u00a0<em>Mato Grosso<\/em>\u00a0en Nuevo Chimbote. El ataque sucedi\u00f3 mientras la voluntaria dorm\u00eda, dej\u00e1ndola al borde de la muerte, ocurrida el s\u00e1bado 24. La polic\u00eda asegur\u00f3 que las heridas recibidas por Nadia fueron producidas por un machete y una comba.<\/p>\n<p>En el momento de atentado, dentro del edificio se encontraba un grupo de 10 docentes m\u00e1s, todos ellos residentes de forma permanente. Seg\u00fan relatan, la voluntaria asesinada se encontraba inconsciente sobre un gran charco de sangre con graves lesiones en la cabeza y fue trasladada con rapidez al hospital regional Eleazar Guzm\u00e1n Barr\u00f3n.<\/p>\n","protected":false},"excerpt":{"rendered":"<p>Viaje para celebrar funeral de misionera asesinada<\/p>\n","protected":false},"author":5,"featured_media":15555,"comment_status":"closed","ping_status":"closed","sticky":false,"template":"","format":"standard","meta":{"_acf_changed":false,"_crdt_document":"","inline_featured_image":false,"footnotes":""},"categories":[68,298],"tags":[2172,2171,158,945],"class_list":["post-15554","post","type-post","status-publish","format-standard","has-post-thumbnail","hentry","category-leon-xiv","category-ultimas-noticias","tag-monsenor-giorgio-barbetta","tag-nadia-de-munari","tag-papa-francisco","tag-peru"],"acf":[],"yoast_head":"<!-- This site is optimized with the Yoast SEO plugin v27.5 - https:\/\/yoast.com\/product\/yoast-seo-wordpress\/ -->\n<title>Per\u00fa: El Papa recibe a Mons. Barbetta y sacerdotes - Exaudi<\/title>\n<meta name=\"description\" content=\"En la ma\u00f1ana de hoy, 6 de mayo, el Papa Francisco ha recibido en audiencia a Mons. Giorgio Barbetta, obispo auxiliar de Huari en Per\u00fa.\" \/>\n<meta name=\"robots\" content=\"index, follow, max-snippet:-1, max-image-preview:large, max-video-preview:-1\" \/>\n<link rel=\"canonical\" href=\"https:\/\/exaudi.org\/es\/peru-el-papa-recibe-a-mons-barbetta-y-sacerdotes\/\" \/>\n<meta property=\"og:locale\" content=\"es_ES\" \/>\n<meta property=\"og:type\" content=\"article\" \/>\n<meta property=\"og:title\" content=\"Per\u00fa: El Papa recibe a Mons. Barbetta y sacerdotes - Exaudi\" \/>\n<meta property=\"og:description\" content=\"En la ma\u00f1ana de hoy, 6 de mayo, el Papa Francisco ha recibido en audiencia a Mons. Giorgio Barbetta, obispo auxiliar de Huari en Per\u00fa.\" \/>\n<meta property=\"og:url\" content=\"https:\/\/exaudi.org\/es\/peru-el-papa-recibe-a-mons-barbetta-y-sacerdotes\/\" \/>\n<meta property=\"og:site_name\" content=\"Exaudi\" \/>\n<meta property=\"article:publisher\" content=\"https:\/\/www.facebook.com\/ExaudiNews\" \/>\n<meta property=\"article:published_time\" content=\"2021-05-06T11:30:02+00:00\" \/>\n<meta property=\"article:modified_time\" content=\"2021-05-07T10:02:22+00:00\" \/>\n<meta property=\"og:image\" content=\"https:\/\/exaudi.org\/wp-content\/uploads\/2021\/05\/DSC6085_050421--scaled.jpg\" \/>\n\t<meta property=\"og:image:width\" content=\"2560\" \/>\n\t<meta property=\"og:image:height\" content=\"1706\" \/>\n\t<meta property=\"og:image:type\" content=\"image\/jpeg\" \/>\n<meta name=\"author\" content=\"Larissa I. L\u00f3pez\" \/>\n<meta name=\"twitter:card\" content=\"summary_large_image\" \/>\n<meta name=\"twitter:creator\" content=\"@Exaudi_News\" \/>\n<meta name=\"twitter:site\" content=\"@Exaudi_News\" \/>\n<meta name=\"twitter:label1\" content=\"Escrito por\" \/>\n\t<meta name=\"twitter:data1\" content=\"Larissa I. L\u00f3pez\" \/>\n\t<meta name=\"twitter:label2\" content=\"Tiempo de lectura\" \/>\n\t<meta name=\"twitter:data2\" content=\"3 minutos\" \/>\n<script type=\"application\/ld+json\" class=\"yoast-schema-graph\">{\"@context\":\"https:\\\/\\\/schema.org\",\"@graph\":[{\"@type\":\"Article\",\"@id\":\"https:\\\/\\\/exaudi.org\\\/es\\\/peru-el-papa-recibe-a-mons-barbetta-y-sacerdotes\\\/#article\",\"isPartOf\":{\"@id\":\"https:\\\/\\\/exaudi.org\\\/es\\\/peru-el-papa-recibe-a-mons-barbetta-y-sacerdotes\\\/\"},\"author\":{\"name\":\"Larissa I. L\u00f3pez\",\"@id\":\"https:\\\/\\\/exaudi.org\\\/#\\\/schema\\\/person\\\/7d2f77db033c2c0929edfab6dbe8c588\"},\"headline\":\"Per\u00fa: El Papa recibe a Mons. Barbetta y sacerdotes\",\"datePublished\":\"2021-05-06T11:30:02+00:00\",\"dateModified\":\"2021-05-07T10:02:22+00:00\",\"mainEntityOfPage\":{\"@id\":\"https:\\\/\\\/exaudi.org\\\/es\\\/peru-el-papa-recibe-a-mons-barbetta-y-sacerdotes\\\/\"},\"wordCount\":410,\"image\":{\"@id\":\"https:\\\/\\\/exaudi.org\\\/es\\\/peru-el-papa-recibe-a-mons-barbetta-y-sacerdotes\\\/#primaryimage\"},\"thumbnailUrl\":\"https:\\\/\\\/exaudi.org\\\/wp-content\\\/uploads\\\/2021\\\/05\\\/DSC6085_050421--scaled.jpg\",\"keywords\":[\"Monse\u00f1or Giorgio Barbetta\",\"Nadia de Munari\",\"papa francisco\",\"Per\u00fa\"],\"articleSection\":[\"Le\u00f3n XIV\",\"\u00daltimas noticias\"],\"inLanguage\":\"es\"},{\"@type\":\"WebPage\",\"@id\":\"https:\\\/\\\/exaudi.org\\\/es\\\/peru-el-papa-recibe-a-mons-barbetta-y-sacerdotes\\\/\",\"url\":\"https:\\\/\\\/exaudi.org\\\/es\\\/peru-el-papa-recibe-a-mons-barbetta-y-sacerdotes\\\/\",\"name\":\"Per\u00fa: El Papa recibe a Mons. Barbetta y sacerdotes - Exaudi\",\"isPartOf\":{\"@id\":\"https:\\\/\\\/exaudi.org\\\/#website\"},\"primaryImageOfPage\":{\"@id\":\"https:\\\/\\\/exaudi.org\\\/es\\\/peru-el-papa-recibe-a-mons-barbetta-y-sacerdotes\\\/#primaryimage\"},\"image\":{\"@id\":\"https:\\\/\\\/exaudi.org\\\/es\\\/peru-el-papa-recibe-a-mons-barbetta-y-sacerdotes\\\/#primaryimage\"},\"thumbnailUrl\":\"https:\\\/\\\/exaudi.org\\\/wp-content\\\/uploads\\\/2021\\\/05\\\/DSC6085_050421--scaled.jpg\",\"datePublished\":\"2021-05-06T11:30:02+00:00\",\"dateModified\":\"2021-05-07T10:02:22+00:00\",\"author\":{\"@id\":\"https:\\\/\\\/exaudi.org\\\/#\\\/schema\\\/person\\\/7d2f77db033c2c0929edfab6dbe8c588\"},\"description\":\"En la ma\u00f1ana de hoy, 6 de mayo, el Papa Francisco ha recibido en audiencia a Mons. Giorgio Barbetta, obispo auxiliar de Huari en Per\u00fa.\",\"breadcrumb\":{\"@id\":\"https:\\\/\\\/exaudi.org\\\/es\\\/peru-el-papa-recibe-a-mons-barbetta-y-sacerdotes\\\/#breadcrumb\"},\"inLanguage\":\"es\",\"potentialAction\":[{\"@type\":\"ReadAction\",\"target\":[\"https:\\\/\\\/exaudi.org\\\/es\\\/peru-el-papa-recibe-a-mons-barbetta-y-sacerdotes\\\/\"]}]},{\"@type\":\"ImageObject\",\"inLanguage\":\"es\",\"@id\":\"https:\\\/\\\/exaudi.org\\\/es\\\/peru-el-papa-recibe-a-mons-barbetta-y-sacerdotes\\\/#primaryimage\",\"url\":\"https:\\\/\\\/exaudi.org\\\/wp-content\\\/uploads\\\/2021\\\/05\\\/DSC6085_050421--scaled.jpg\",\"contentUrl\":\"https:\\\/\\\/exaudi.org\\\/wp-content\\\/uploads\\\/2021\\\/05\\\/DSC6085_050421--scaled.jpg\",\"width\":2560,\"height\":1706,\"caption\":\"Monse\u00f1or Barbetta y sacerdotes \u00a9 Vatican Media\"},{\"@type\":\"BreadcrumbList\",\"@id\":\"https:\\\/\\\/exaudi.org\\\/es\\\/peru-el-papa-recibe-a-mons-barbetta-y-sacerdotes\\\/#breadcrumb\",\"itemListElement\":[{\"@type\":\"ListItem\",\"position\":1,\"name\":\"Portada\",\"item\":\"https:\\\/\\\/exaudi.org\\\/es\\\/\"},{\"@type\":\"ListItem\",\"position\":2,\"name\":\"Per\u00fa: El Papa recibe a Mons. Barbetta y sacerdotes\"}]},{\"@type\":\"WebSite\",\"@id\":\"https:\\\/\\\/exaudi.org\\\/#website\",\"url\":\"https:\\\/\\\/exaudi.org\\\/\",\"name\":\"Exaudi\",\"description\":\"News\",\"potentialAction\":[{\"@type\":\"SearchAction\",\"target\":{\"@type\":\"EntryPoint\",\"urlTemplate\":\"https:\\\/\\\/exaudi.org\\\/?s={search_term_string}\"},\"query-input\":{\"@type\":\"PropertyValueSpecification\",\"valueRequired\":true,\"valueName\":\"search_term_string\"}}],\"inLanguage\":\"es\"},{\"@type\":\"Person\",\"@id\":\"https:\\\/\\\/exaudi.org\\\/#\\\/schema\\\/person\\\/7d2f77db033c2c0929edfab6dbe8c588\",\"name\":\"Larissa I. L\u00f3pez\",\"image\":{\"@type\":\"ImageObject\",\"inLanguage\":\"es\",\"@id\":\"https:\\\/\\\/secure.gravatar.com\\\/avatar\\\/db3ef399ff343d0bb9d25dc5198bc8ece5ac6d621eca79876697a354dabc1e3f?s=96&d=mm&r=g\",\"url\":\"https:\\\/\\\/secure.gravatar.com\\\/avatar\\\/db3ef399ff343d0bb9d25dc5198bc8ece5ac6d621eca79876697a354dabc1e3f?s=96&d=mm&r=g\",\"contentUrl\":\"https:\\\/\\\/secure.gravatar.com\\\/avatar\\\/db3ef399ff343d0bb9d25dc5198bc8ece5ac6d621eca79876697a354dabc1e3f?s=96&d=mm&r=g\",\"caption\":\"Larissa I. L\u00f3pez\"},\"description\":\"Doctora en Comunicaci\u00f3n. Mi trayectoria profesional ha transcurrido entre el \u00e1mbito de la comunicaci\u00f3n y el de la docencia. En los \u00faltimos a\u00f1os, he trabajado como coordinadora y redactora de la edici\u00f3n de ZENIT en espa\u00f1ol. Como profesora, he impartido clases en la universidad y en centros de FP y bachillerato. Cordobesa de nacimiento, tambi\u00e9n he vivido en Sevilla, Madrid y Roma\",\"url\":\"https:\\\/\\\/exaudi.org\\\/es\\\/author\\\/llopezexaudi-org\\\/\"}]}<\/script>\n<!-- \/ Yoast SEO plugin. -->","yoast_head_json":{"title":"Per\u00fa: El Papa recibe a Mons. Barbetta y sacerdotes - Exaudi","description":"En la ma\u00f1ana de hoy, 6 de mayo, el Papa Francisco ha recibido en audiencia a Mons. Giorgio Barbetta, obispo auxiliar de Huari en Per\u00fa.","robots":{"index":"index","follow":"follow","max-snippet":"max-snippet:-1","max-image-preview":"max-image-preview:large","max-video-preview":"max-video-preview:-1"},"canonical":"https:\/\/exaudi.org\/es\/peru-el-papa-recibe-a-mons-barbetta-y-sacerdotes\/","og_locale":"es_ES","og_type":"article","og_title":"Per\u00fa: El Papa recibe a Mons. Barbetta y sacerdotes - Exaudi","og_description":"En la ma\u00f1ana de hoy, 6 de mayo, el Papa Francisco ha recibido en audiencia a Mons. Giorgio Barbetta, obispo auxiliar de Huari en Per\u00fa.","og_url":"https:\/\/exaudi.org\/es\/peru-el-papa-recibe-a-mons-barbetta-y-sacerdotes\/","og_site_name":"Exaudi","article_publisher":"https:\/\/www.facebook.com\/ExaudiNews","article_published_time":"2021-05-06T11:30:02+00:00","article_modified_time":"2021-05-07T10:02:22+00:00","og_image":[{"width":2560,"height":1706,"url":"https:\/\/exaudi.org\/wp-content\/uploads\/2021\/05\/DSC6085_050421--scaled.jpg","type":"image\/jpeg"}],"author":"Larissa I. L\u00f3pez","twitter_card":"summary_large_image","twitter_creator":"@Exaudi_News","twitter_site":"@Exaudi_News","twitter_misc":{"Escrito por":"Larissa I. L\u00f3pez","Tiempo de lectura":"3 minutos"},"schema":{"@context":"https:\/\/schema.org","@graph":[{"@type":"Article","@id":"https:\/\/exaudi.org\/es\/peru-el-papa-recibe-a-mons-barbetta-y-sacerdotes\/#article","isPartOf":{"@id":"https:\/\/exaudi.org\/es\/peru-el-papa-recibe-a-mons-barbetta-y-sacerdotes\/"},"author":{"name":"Larissa I. L\u00f3pez","@id":"https:\/\/exaudi.org\/#\/schema\/person\/7d2f77db033c2c0929edfab6dbe8c588"},"headline":"Per\u00fa: El Papa recibe a Mons. Barbetta y sacerdotes","datePublished":"2021-05-06T11:30:02+00:00","dateModified":"2021-05-07T10:02:22+00:00","mainEntityOfPage":{"@id":"https:\/\/exaudi.org\/es\/peru-el-papa-recibe-a-mons-barbetta-y-sacerdotes\/"},"wordCount":410,"image":{"@id":"https:\/\/exaudi.org\/es\/peru-el-papa-recibe-a-mons-barbetta-y-sacerdotes\/#primaryimage"},"thumbnailUrl":"https:\/\/exaudi.org\/wp-content\/uploads\/2021\/05\/DSC6085_050421--scaled.jpg","keywords":["Monse\u00f1or Giorgio Barbetta","Nadia de Munari","papa francisco","Per\u00fa"],"articleSection":["Le\u00f3n XIV","\u00daltimas noticias"],"inLanguage":"es"},{"@type":"WebPage","@id":"https:\/\/exaudi.org\/es\/peru-el-papa-recibe-a-mons-barbetta-y-sacerdotes\/","url":"https:\/\/exaudi.org\/es\/peru-el-papa-recibe-a-mons-barbetta-y-sacerdotes\/","name":"Per\u00fa: El Papa recibe a Mons. Barbetta y sacerdotes - Exaudi","isPartOf":{"@id":"https:\/\/exaudi.org\/#website"},"primaryImageOfPage":{"@id":"https:\/\/exaudi.org\/es\/peru-el-papa-recibe-a-mons-barbetta-y-sacerdotes\/#primaryimage"},"image":{"@id":"https:\/\/exaudi.org\/es\/peru-el-papa-recibe-a-mons-barbetta-y-sacerdotes\/#primaryimage"},"thumbnailUrl":"https:\/\/exaudi.org\/wp-content\/uploads\/2021\/05\/DSC6085_050421--scaled.jpg","datePublished":"2021-05-06T11:30:02+00:00","dateModified":"2021-05-07T10:02:22+00:00","author":{"@id":"https:\/\/exaudi.org\/#\/schema\/person\/7d2f77db033c2c0929edfab6dbe8c588"},"description":"En la ma\u00f1ana de hoy, 6 de mayo, el Papa Francisco ha recibido en audiencia a Mons. Giorgio Barbetta, obispo auxiliar de Huari en Per\u00fa.","breadcrumb":{"@id":"https:\/\/exaudi.org\/es\/peru-el-papa-recibe-a-mons-barbetta-y-sacerdotes\/#breadcrumb"},"inLanguage":"es","potentialAction":[{"@type":"ReadAction","target":["https:\/\/exaudi.org\/es\/peru-el-papa-recibe-a-mons-barbetta-y-sacerdotes\/"]}]},{"@type":"ImageObject","inLanguage":"es","@id":"https:\/\/exaudi.org\/es\/peru-el-papa-recibe-a-mons-barbetta-y-sacerdotes\/#primaryimage","url":"https:\/\/exaudi.org\/wp-content\/uploads\/2021\/05\/DSC6085_050421--scaled.jpg","contentUrl":"https:\/\/exaudi.org\/wp-content\/uploads\/2021\/05\/DSC6085_050421--scaled.jpg","width":2560,"height":1706,"caption":"Monse\u00f1or Barbetta y sacerdotes \u00a9 Vatican Media"},{"@type":"BreadcrumbList","@id":"https:\/\/exaudi.org\/es\/peru-el-papa-recibe-a-mons-barbetta-y-sacerdotes\/#breadcrumb","itemListElement":[{"@type":"ListItem","position":1,"name":"Portada","item":"https:\/\/exaudi.org\/es\/"},{"@type":"ListItem","position":2,"name":"Per\u00fa: El Papa recibe a Mons. Barbetta y sacerdotes"}]},{"@type":"WebSite","@id":"https:\/\/exaudi.org\/#website","url":"https:\/\/exaudi.org\/","name":"Exaudi","description":"News","potentialAction":[{"@type":"SearchAction","target":{"@type":"EntryPoint","urlTemplate":"https:\/\/exaudi.org\/?s={search_term_string}"},"query-input":{"@type":"PropertyValueSpecification","valueRequired":true,"valueName":"search_term_string"}}],"inLanguage":"es"},{"@type":"Person","@id":"https:\/\/exaudi.org\/#\/schema\/person\/7d2f77db033c2c0929edfab6dbe8c588","name":"Larissa I. L\u00f3pez","image":{"@type":"ImageObject","inLanguage":"es","@id":"https:\/\/secure.gravatar.com\/avatar\/db3ef399ff343d0bb9d25dc5198bc8ece5ac6d621eca79876697a354dabc1e3f?s=96&d=mm&r=g","url":"https:\/\/secure.gravatar.com\/avatar\/db3ef399ff343d0bb9d25dc5198bc8ece5ac6d621eca79876697a354dabc1e3f?s=96&d=mm&r=g","contentUrl":"https:\/\/secure.gravatar.com\/avatar\/db3ef399ff343d0bb9d25dc5198bc8ece5ac6d621eca79876697a354dabc1e3f?s=96&d=mm&r=g","caption":"Larissa I. L\u00f3pez"},"description":"Doctora en Comunicaci\u00f3n. Mi trayectoria profesional ha transcurrido entre el \u00e1mbito de la comunicaci\u00f3n y el de la docencia. En los \u00faltimos a\u00f1os, he trabajado como coordinadora y redactora de la edici\u00f3n de ZENIT en espa\u00f1ol. Como profesora, he impartido clases en la universidad y en centros de FP y bachillerato. Cordobesa de nacimiento, tambi\u00e9n he vivido en Sevilla, Madrid y Roma","url":"https:\/\/exaudi.org\/es\/author\/llopezexaudi-org\/"}]}},"jetpack_featured_media_url":"https:\/\/exaudi.org\/wp-content\/uploads\/2021\/05\/DSC6085_050421--scaled.jpg","jetpack_shortlink":"https:\/\/wp.me\/pgKjF2-42S","_links":{"self":[{"href":"https:\/\/exaudi.org\/es\/wp-json\/wp\/v2\/posts\/15554","targetHints":{"allow":["GET"]}}],"collection":[{"href":"https:\/\/exaudi.org\/es\/wp-json\/wp\/v2\/posts"}],"about":[{"href":"https:\/\/exaudi.org\/es\/wp-json\/wp\/v2\/types\/post"}],"author":[{"embeddable":true,"href":"https:\/\/exaudi.org\/es\/wp-json\/wp\/v2\/users\/5"}],"replies":[{"embeddable":true,"href":"https:\/\/exaudi.org\/es\/wp-json\/wp\/v2\/comments?post=15554"}],"version-history":[{"count":0,"href":"https:\/\/exaudi.org\/es\/wp-json\/wp\/v2\/posts\/15554\/revisions"}],"wp:featuredmedia":[{"embeddable":true,"href":"https:\/\/exaudi.org\/es\/wp-json\/wp\/v2\/media\/15555"}],"wp:attachment":[{"href":"https:\/\/exaudi.org\/es\/wp-json\/wp\/v2\/media?parent=15554"}],"wp:term":[{"taxonomy":"category","embeddable":true,"href":"https:\/\/exaudi.org\/es\/wp-json\/wp\/v2\/categories?post=15554"},{"taxonomy":"post_tag","embeddable":true,"href":"https:\/\/exaudi.org\/es\/wp-json\/wp\/v2\/tags?post=15554"}],"curies":[{"name":"wp","href":"https:\/\/api.w.org\/{rel}","templated":true}]}}