{"id":155450,"date":"2026-01-27T22:26:54","date_gmt":"2026-01-27T21:26:54","guid":{"rendered":"https:\/\/exaudi.org\/?p=155450"},"modified":"2026-01-27T22:26:54","modified_gmt":"2026-01-27T21:26:54","slug":"leon-xiv-llama-a-orar-por-la-paz-y-a-combatir-toda-forma-de-antisemitismo-en-el-dia-de-la-memoria","status":"publish","type":"post","link":"https:\/\/exaudi.org\/es\/leon-xiv-llama-a-orar-por-la-paz-y-a-combatir-toda-forma-de-antisemitismo-en-el-dia-de-la-memoria\/","title":{"rendered":"Le\u00f3n XIV llama a orar por la paz y a combatir toda forma de antisemitismo en el D\u00eda de la Memoria"},"content":{"rendered":"<p data-start=\"416\" data-end=\"799\">El <strong data-start=\"419\" data-end=\"436\">Papa Le\u00f3n XIV<\/strong>, desde su residencia en <em data-start=\"461\" data-end=\"478\">Castel Gandolfo<\/em>, lanz\u00f3 un sentido llamado a la paz y a la oraci\u00f3n con motivo del <strong data-start=\"544\" data-end=\"594\">D\u00eda Internacional de la Memoria del Holocausto<\/strong>. En declaraciones a los medios, el Pont\u00edfice subray\u00f3 la necesidad de rezar intensamente por la paz, especialmente ante los conflictos que siguen afectando a <strong data-start=\"752\" data-end=\"769\">Oriente Medio<\/strong> y a otras regiones del mundo.<\/p>\n<p data-start=\"801\" data-end=\"1104\">El Santo Padre afirm\u00f3 que, aunque cada persona pueda sentirse peque\u00f1a ante los grandes problemas globales, todos tienen la responsabilidad de <strong data-start=\"943\" data-end=\"981\">alzar la voz y promover el di\u00e1logo<\/strong> como \u00fanico camino aut\u00e9ntico para resolver los conflictos, rechazando la violencia y el odio como instrumentos de soluci\u00f3n.<\/p>\n<p data-start=\"1106\" data-end=\"1554\">En el marco de esta jornada de recuerdo, Le\u00f3n XIV reiter\u00f3 con firmeza el <strong data-start=\"1179\" data-end=\"1243\">rechazo absoluto de la Iglesia a toda forma de antisemitismo<\/strong>, recordando las ense\u00f1anzas del Concilio Vaticano II y el compromiso permanente con el respeto y la dignidad del pueblo jud\u00edo. Se\u00f1al\u00f3 que la memoria del Holocausto no pertenece solo al pasado, sino que constituye una advertencia permanente frente a cualquier forma de discriminaci\u00f3n, persecuci\u00f3n o intolerancia.<\/p>\n<p data-start=\"1556\" data-end=\"1884\">El Papa insisti\u00f3 en que recordar a las v\u00edctimas de la Shoah es tambi\u00e9n un llamado a la conciencia colectiva para evitar que el odio vuelva a arraigarse en la humanidad. En este sentido, destac\u00f3 que la memoria hist\u00f3rica debe convertirse en un motor de compromiso activo por la justicia, la fraternidad y la paz entre los pueblos.<\/p>\n<p data-start=\"1886\" data-end=\"2159\">Finalmente, Le\u00f3n XIV reafirm\u00f3 que la paz solo puede construirse sobre el <strong data-start=\"1959\" data-end=\"2033\">respeto mutuo, el di\u00e1logo sincero y la defensa de los derechos humanos<\/strong>, animando a creyentes y no creyentes a convertirse en instrumentos de reconciliaci\u00f3n en sus comunidades y en el mundo entero.<\/p>\n","protected":false},"excerpt":{"rendered":"<p>Desde Castel Gandolfo, el Papa exhorta al di\u00e1logo frente a los conflictos actuales y recuerda el valor de la memoria hist\u00f3rica en la b\u00fasqueda de la paz<\/p>\n","protected":false},"author":15,"featured_media":155451,"comment_status":"closed","ping_status":"closed","sticky":false,"template":"","format":"standard","meta":{"_acf_changed":false,"_crdt_document":"","inline_featured_image":false,"footnotes":""},"categories":[],"tags":[2554,62989,62989,91573,802,42434,854,34920,240,289,1767,17955,27138,79055,2131,2892,91575,625,3589,91574],"class_list":{"0":"post-155450","1":"post","2":"type-post","3":"status-publish","4":"format-standard","5":"has-post-thumbnail","6":"hentry","7":"tag-antisemitismo","8":"tag-castel-gandolfo-3","10":"tag-castelgandolfo","11":"tag-derechos-humanos","12":"tag-dia-de-la-memoria","13":"tag-dialogo-interreligioso-es","14":"tag-featured-es-14","15":"tag-fraternidad","16":"tag-holocausto","17":"tag-justicia-social","18":"tag-memoria-historica","19":"tag-mensaje-papal","20":"tag-nostra-aetate-2","21":"tag-oracion-por-la-paz","22":"tag-oriente-medio","23":"tag-papa-y-paz","24":"tag-paz","25":"tag-reconciliacion","26":"tag-shoah-2"},"acf":[],"yoast_head":"<!-- This site is optimized with the Yoast SEO plugin v27.4 - https:\/\/yoast.com\/product\/yoast-seo-wordpress\/ -->\n<title>Le\u00f3n XIV llama a orar por la paz y a combatir toda forma de antisemitismo en el D\u00eda de la Memoria &#8211; Exaudi<\/title>\n<meta name=\"robots\" content=\"index, follow, max-snippet:-1, max-image-preview:large, max-video-preview:-1\" \/>\n<link rel=\"canonical\" href=\"https:\/\/exaudi.org\/es\/leon-xiv-llama-a-orar-por-la-paz-y-a-combatir-toda-forma-de-antisemitismo-en-el-dia-de-la-memoria\/\" \/>\n<meta property=\"og:locale\" content=\"es_ES\" \/>\n<meta property=\"og:type\" content=\"article\" \/>\n<meta property=\"og:title\" content=\"Le\u00f3n XIV llama a orar por la paz y a combatir toda forma de antisemitismo en el D\u00eda de la Memoria &#8211; Exaudi\" \/>\n<meta property=\"og:description\" content=\"Desde Castel Gandolfo, el Papa exhorta al di\u00e1logo frente a los conflictos actuales y recuerda el valor de la memoria hist\u00f3rica en la b\u00fasqueda de la paz\" \/>\n<meta property=\"og:url\" content=\"https:\/\/exaudi.org\/es\/leon-xiv-llama-a-orar-por-la-paz-y-a-combatir-toda-forma-de-antisemitismo-en-el-dia-de-la-memoria\/\" \/>\n<meta property=\"og:site_name\" content=\"Exaudi\" \/>\n<meta property=\"article:publisher\" content=\"https:\/\/www.facebook.com\/ExaudiNews\" \/>\n<meta property=\"article:author\" content=\"https:\/\/www.facebook.com\/ExaudiNoticias\/\" \/>\n<meta property=\"article:published_time\" content=\"2026-01-27T21:26:54+00:00\" \/>\n<meta name=\"author\" content=\"Exaudi Redacci\u00f3n\" \/>\n<meta name=\"twitter:card\" content=\"summary_large_image\" \/>\n<meta name=\"twitter:creator\" content=\"@Exaudi_noticias\" \/>\n<meta name=\"twitter:site\" content=\"@Exaudi_News\" \/>\n<meta name=\"twitter:label1\" content=\"Escrito por\" \/>\n\t<meta name=\"twitter:data1\" content=\"Exaudi Redacci\u00f3n\" \/>\n\t<meta name=\"twitter:label2\" content=\"Tiempo de lectura\" \/>\n\t<meta name=\"twitter:data2\" content=\"2 minutos\" \/>\n<script type=\"application\/ld+json\" class=\"yoast-schema-graph\">{\"@context\":\"https:\\\/\\\/schema.org\",\"@graph\":[{\"@type\":\"Article\",\"@id\":\"https:\\\/\\\/exaudi.org\\\/es\\\/leon-xiv-llama-a-orar-por-la-paz-y-a-combatir-toda-forma-de-antisemitismo-en-el-dia-de-la-memoria\\\/#article\",\"isPartOf\":{\"@id\":\"https:\\\/\\\/exaudi.org\\\/es\\\/leon-xiv-llama-a-orar-por-la-paz-y-a-combatir-toda-forma-de-antisemitismo-en-el-dia-de-la-memoria\\\/\"},\"author\":{\"name\":\"Exaudi Redacci\u00f3n\",\"@id\":\"https:\\\/\\\/exaudi.org\\\/#\\\/schema\\\/person\\\/f5fc8f063065e38742da7afe15f25df7\"},\"headline\":\"Le\u00f3n XIV llama a orar por la paz y a combatir toda forma de antisemitismo en el D\u00eda de la Memoria\",\"datePublished\":\"2026-01-27T21:26:54+00:00\",\"mainEntityOfPage\":{\"@id\":\"https:\\\/\\\/exaudi.org\\\/es\\\/leon-xiv-llama-a-orar-por-la-paz-y-a-combatir-toda-forma-de-antisemitismo-en-el-dia-de-la-memoria\\\/\"},\"wordCount\":324,\"image\":{\"@id\":\"https:\\\/\\\/exaudi.org\\\/es\\\/leon-xiv-llama-a-orar-por-la-paz-y-a-combatir-toda-forma-de-antisemitismo-en-el-dia-de-la-memoria\\\/#primaryimage\"},\"thumbnailUrl\":\"https:\\\/\\\/exaudi.org\\\/wp-content\\\/uploads\\\/2026\\\/01\\\/cq5dam.thumbnail.cropped.750.422-19-e1769549203203.jpeg\",\"keywords\":[\"Antisemitismo\",\"castel gandolfo\",\"castel gandolfo\",\"Castelgandolfo\",\"Derechos Humanos\",\"D\u00eda de la Memoria\",\"dialogo interreligioso\",\"Featured\",\"fraternidad\",\"Holocausto\",\"Justicia Social\",\"memoria hist\u00f3rica\",\"mensaje papal\",\"nostra aetate\",\"Oraci\u00f3n por la paz\",\"Oriente Medio\",\"Papa y paz\",\"Paz\",\"Reconciliaci\u00f3n\",\"Shoah\"],\"inLanguage\":\"es\"},{\"@type\":\"WebPage\",\"@id\":\"https:\\\/\\\/exaudi.org\\\/es\\\/leon-xiv-llama-a-orar-por-la-paz-y-a-combatir-toda-forma-de-antisemitismo-en-el-dia-de-la-memoria\\\/\",\"url\":\"https:\\\/\\\/exaudi.org\\\/es\\\/leon-xiv-llama-a-orar-por-la-paz-y-a-combatir-toda-forma-de-antisemitismo-en-el-dia-de-la-memoria\\\/\",\"name\":\"Le\u00f3n XIV llama a orar por la paz y a combatir toda forma de antisemitismo en el D\u00eda de la Memoria &#8211; Exaudi\",\"isPartOf\":{\"@id\":\"https:\\\/\\\/exaudi.org\\\/#website\"},\"primaryImageOfPage\":{\"@id\":\"https:\\\/\\\/exaudi.org\\\/es\\\/leon-xiv-llama-a-orar-por-la-paz-y-a-combatir-toda-forma-de-antisemitismo-en-el-dia-de-la-memoria\\\/#primaryimage\"},\"image\":{\"@id\":\"https:\\\/\\\/exaudi.org\\\/es\\\/leon-xiv-llama-a-orar-por-la-paz-y-a-combatir-toda-forma-de-antisemitismo-en-el-dia-de-la-memoria\\\/#primaryimage\"},\"thumbnailUrl\":\"https:\\\/\\\/exaudi.org\\\/wp-content\\\/uploads\\\/2026\\\/01\\\/cq5dam.thumbnail.cropped.750.422-19-e1769549203203.jpeg\",\"datePublished\":\"2026-01-27T21:26:54+00:00\",\"author\":{\"@id\":\"https:\\\/\\\/exaudi.org\\\/#\\\/schema\\\/person\\\/f5fc8f063065e38742da7afe15f25df7\"},\"breadcrumb\":{\"@id\":\"https:\\\/\\\/exaudi.org\\\/es\\\/leon-xiv-llama-a-orar-por-la-paz-y-a-combatir-toda-forma-de-antisemitismo-en-el-dia-de-la-memoria\\\/#breadcrumb\"},\"inLanguage\":\"es\",\"potentialAction\":[{\"@type\":\"ReadAction\",\"target\":[\"https:\\\/\\\/exaudi.org\\\/es\\\/leon-xiv-llama-a-orar-por-la-paz-y-a-combatir-toda-forma-de-antisemitismo-en-el-dia-de-la-memoria\\\/\"]}]},{\"@type\":\"ImageObject\",\"inLanguage\":\"es\",\"@id\":\"https:\\\/\\\/exaudi.org\\\/es\\\/leon-xiv-llama-a-orar-por-la-paz-y-a-combatir-toda-forma-de-antisemitismo-en-el-dia-de-la-memoria\\\/#primaryimage\",\"url\":\"https:\\\/\\\/exaudi.org\\\/wp-content\\\/uploads\\\/2026\\\/01\\\/cq5dam.thumbnail.cropped.750.422-19-e1769549203203.jpeg\",\"contentUrl\":\"https:\\\/\\\/exaudi.org\\\/wp-content\\\/uploads\\\/2026\\\/01\\\/cq5dam.thumbnail.cropped.750.422-19-e1769549203203.jpeg\",\"width\":750,\"height\":422},{\"@type\":\"BreadcrumbList\",\"@id\":\"https:\\\/\\\/exaudi.org\\\/es\\\/leon-xiv-llama-a-orar-por-la-paz-y-a-combatir-toda-forma-de-antisemitismo-en-el-dia-de-la-memoria\\\/#breadcrumb\",\"itemListElement\":[{\"@type\":\"ListItem\",\"position\":1,\"name\":\"Portada\",\"item\":\"https:\\\/\\\/exaudi.org\\\/es\\\/\"},{\"@type\":\"ListItem\",\"position\":2,\"name\":\"Le\u00f3n XIV llama a orar por la paz y a combatir toda forma de antisemitismo en el D\u00eda de la Memoria\"}]},{\"@type\":\"WebSite\",\"@id\":\"https:\\\/\\\/exaudi.org\\\/#website\",\"url\":\"https:\\\/\\\/exaudi.org\\\/\",\"name\":\"Exaudi\",\"description\":\"News\",\"potentialAction\":[{\"@type\":\"SearchAction\",\"target\":{\"@type\":\"EntryPoint\",\"urlTemplate\":\"https:\\\/\\\/exaudi.org\\\/?s={search_term_string}\"},\"query-input\":{\"@type\":\"PropertyValueSpecification\",\"valueRequired\":true,\"valueName\":\"search_term_string\"}}],\"inLanguage\":\"es\"},{\"@type\":\"Person\",\"@id\":\"https:\\\/\\\/exaudi.org\\\/#\\\/schema\\\/person\\\/f5fc8f063065e38742da7afe15f25df7\",\"name\":\"Exaudi Redacci\u00f3n\",\"image\":{\"@type\":\"ImageObject\",\"inLanguage\":\"es\",\"@id\":\"https:\\\/\\\/secure.gravatar.com\\\/avatar\\\/fe0f6a059fb68d9b3e11bc5850dd4899b1c7492091a3cb6dd9b01b56ad828be2?s=96&d=mm&r=g\",\"url\":\"https:\\\/\\\/secure.gravatar.com\\\/avatar\\\/fe0f6a059fb68d9b3e11bc5850dd4899b1c7492091a3cb6dd9b01b56ad828be2?s=96&d=mm&r=g\",\"contentUrl\":\"https:\\\/\\\/secure.gravatar.com\\\/avatar\\\/fe0f6a059fb68d9b3e11bc5850dd4899b1c7492091a3cb6dd9b01b56ad828be2?s=96&d=mm&r=g\",\"caption\":\"Exaudi Redacci\u00f3n\"},\"description\":\"\u00bfQu\u00e9 es Exaudi News? Exaudi News es un medio de comunicaci\u00f3n cat\u00f3lico internacional que informa, forma y transforma, diariamente en espa\u00f1ol, ingl\u00e9s e italiano. A trav\u00e9s de noticias, art\u00edculos de an\u00e1lisis y transmisiones en directo de los eventos del Papa, Exaudi busca fortalecer la unidad de los cristianos y contribuir a la evangelizaci\u00f3n del mundo, siempre guiados por la doctrina social de la Iglesia. Trabajamos para acercar la verdad y los valores cristianos a cada rinc\u00f3n del planeta. \u00a1Ay\u00fadanos a transformar el mundo con Exaudi! En Exaudi creemos que la evangelizaci\u00f3n y la informaci\u00f3n de calidad pueden cambiar vidas. Para continuar con nuestra misi\u00f3n y expandir nuestro alcance, necesitamos tu ayuda. Adem\u00e1s, buscamos personas comprometidas que deseen unirse a nuestro equipo. Con tu apoyo, lograremos llegar a m\u00e1s personas, difundir el mensaje de Cristo y reforzar la unidad de los cristianos. \u00bfTe unes a nuestra misi\u00f3n? Para m\u00e1s informaci\u00f3n sobre c\u00f3mo colaborar, visita Exaudi.org\\\/es o cont\u00e1ctanos directamente: info@exaudi.org Exaudi: Informa, forma y transforma.\",\"sameAs\":[\"https:\\\/\\\/www.facebook.com\\\/ExaudiNoticias\\\/\",\"https:\\\/\\\/www.instagram.com\\\/exaudi_noticias\\\/\",\"https:\\\/\\\/x.com\\\/Exaudi_noticias\",\"https:\\\/\\\/www.youtube.com\\\/@exaudicatholicnews\"],\"url\":\"https:\\\/\\\/exaudi.org\\\/es\\\/author\\\/redaccionexaudi\\\/\"}]}<\/script>\n<!-- \/ Yoast SEO plugin. -->","yoast_head_json":{"title":"Le\u00f3n XIV llama a orar por la paz y a combatir toda forma de antisemitismo en el D\u00eda de la Memoria &#8211; Exaudi","robots":{"index":"index","follow":"follow","max-snippet":"max-snippet:-1","max-image-preview":"max-image-preview:large","max-video-preview":"max-video-preview:-1"},"canonical":"https:\/\/exaudi.org\/es\/leon-xiv-llama-a-orar-por-la-paz-y-a-combatir-toda-forma-de-antisemitismo-en-el-dia-de-la-memoria\/","og_locale":"es_ES","og_type":"article","og_title":"Le\u00f3n XIV llama a orar por la paz y a combatir toda forma de antisemitismo en el D\u00eda de la Memoria &#8211; Exaudi","og_description":"Desde Castel Gandolfo, el Papa exhorta al di\u00e1logo frente a los conflictos actuales y recuerda el valor de la memoria hist\u00f3rica en la b\u00fasqueda de la paz","og_url":"https:\/\/exaudi.org\/es\/leon-xiv-llama-a-orar-por-la-paz-y-a-combatir-toda-forma-de-antisemitismo-en-el-dia-de-la-memoria\/","og_site_name":"Exaudi","article_publisher":"https:\/\/www.facebook.com\/ExaudiNews","article_author":"https:\/\/www.facebook.com\/ExaudiNoticias\/","article_published_time":"2026-01-27T21:26:54+00:00","author":"Exaudi Redacci\u00f3n","twitter_card":"summary_large_image","twitter_creator":"@Exaudi_noticias","twitter_site":"@Exaudi_News","twitter_misc":{"Escrito por":"Exaudi Redacci\u00f3n","Tiempo de lectura":"2 minutos"},"schema":{"@context":"https:\/\/schema.org","@graph":[{"@type":"Article","@id":"https:\/\/exaudi.org\/es\/leon-xiv-llama-a-orar-por-la-paz-y-a-combatir-toda-forma-de-antisemitismo-en-el-dia-de-la-memoria\/#article","isPartOf":{"@id":"https:\/\/exaudi.org\/es\/leon-xiv-llama-a-orar-por-la-paz-y-a-combatir-toda-forma-de-antisemitismo-en-el-dia-de-la-memoria\/"},"author":{"name":"Exaudi Redacci\u00f3n","@id":"https:\/\/exaudi.org\/#\/schema\/person\/f5fc8f063065e38742da7afe15f25df7"},"headline":"Le\u00f3n XIV llama a orar por la paz y a combatir toda forma de antisemitismo en el D\u00eda de la Memoria","datePublished":"2026-01-27T21:26:54+00:00","mainEntityOfPage":{"@id":"https:\/\/exaudi.org\/es\/leon-xiv-llama-a-orar-por-la-paz-y-a-combatir-toda-forma-de-antisemitismo-en-el-dia-de-la-memoria\/"},"wordCount":324,"image":{"@id":"https:\/\/exaudi.org\/es\/leon-xiv-llama-a-orar-por-la-paz-y-a-combatir-toda-forma-de-antisemitismo-en-el-dia-de-la-memoria\/#primaryimage"},"thumbnailUrl":"https:\/\/exaudi.org\/wp-content\/uploads\/2026\/01\/cq5dam.thumbnail.cropped.750.422-19-e1769549203203.jpeg","keywords":["Antisemitismo","castel gandolfo","castel gandolfo","Castelgandolfo","Derechos Humanos","D\u00eda de la Memoria","dialogo interreligioso","Featured","fraternidad","Holocausto","Justicia Social","memoria hist\u00f3rica","mensaje papal","nostra aetate","Oraci\u00f3n por la paz","Oriente Medio","Papa y paz","Paz","Reconciliaci\u00f3n","Shoah"],"inLanguage":"es"},{"@type":"WebPage","@id":"https:\/\/exaudi.org\/es\/leon-xiv-llama-a-orar-por-la-paz-y-a-combatir-toda-forma-de-antisemitismo-en-el-dia-de-la-memoria\/","url":"https:\/\/exaudi.org\/es\/leon-xiv-llama-a-orar-por-la-paz-y-a-combatir-toda-forma-de-antisemitismo-en-el-dia-de-la-memoria\/","name":"Le\u00f3n XIV llama a orar por la paz y a combatir toda forma de antisemitismo en el D\u00eda de la Memoria &#8211; Exaudi","isPartOf":{"@id":"https:\/\/exaudi.org\/#website"},"primaryImageOfPage":{"@id":"https:\/\/exaudi.org\/es\/leon-xiv-llama-a-orar-por-la-paz-y-a-combatir-toda-forma-de-antisemitismo-en-el-dia-de-la-memoria\/#primaryimage"},"image":{"@id":"https:\/\/exaudi.org\/es\/leon-xiv-llama-a-orar-por-la-paz-y-a-combatir-toda-forma-de-antisemitismo-en-el-dia-de-la-memoria\/#primaryimage"},"thumbnailUrl":"https:\/\/exaudi.org\/wp-content\/uploads\/2026\/01\/cq5dam.thumbnail.cropped.750.422-19-e1769549203203.jpeg","datePublished":"2026-01-27T21:26:54+00:00","author":{"@id":"https:\/\/exaudi.org\/#\/schema\/person\/f5fc8f063065e38742da7afe15f25df7"},"breadcrumb":{"@id":"https:\/\/exaudi.org\/es\/leon-xiv-llama-a-orar-por-la-paz-y-a-combatir-toda-forma-de-antisemitismo-en-el-dia-de-la-memoria\/#breadcrumb"},"inLanguage":"es","potentialAction":[{"@type":"ReadAction","target":["https:\/\/exaudi.org\/es\/leon-xiv-llama-a-orar-por-la-paz-y-a-combatir-toda-forma-de-antisemitismo-en-el-dia-de-la-memoria\/"]}]},{"@type":"ImageObject","inLanguage":"es","@id":"https:\/\/exaudi.org\/es\/leon-xiv-llama-a-orar-por-la-paz-y-a-combatir-toda-forma-de-antisemitismo-en-el-dia-de-la-memoria\/#primaryimage","url":"https:\/\/exaudi.org\/wp-content\/uploads\/2026\/01\/cq5dam.thumbnail.cropped.750.422-19-e1769549203203.jpeg","contentUrl":"https:\/\/exaudi.org\/wp-content\/uploads\/2026\/01\/cq5dam.thumbnail.cropped.750.422-19-e1769549203203.jpeg","width":750,"height":422},{"@type":"BreadcrumbList","@id":"https:\/\/exaudi.org\/es\/leon-xiv-llama-a-orar-por-la-paz-y-a-combatir-toda-forma-de-antisemitismo-en-el-dia-de-la-memoria\/#breadcrumb","itemListElement":[{"@type":"ListItem","position":1,"name":"Portada","item":"https:\/\/exaudi.org\/es\/"},{"@type":"ListItem","position":2,"name":"Le\u00f3n XIV llama a orar por la paz y a combatir toda forma de antisemitismo en el D\u00eda de la Memoria"}]},{"@type":"WebSite","@id":"https:\/\/exaudi.org\/#website","url":"https:\/\/exaudi.org\/","name":"Exaudi","description":"News","potentialAction":[{"@type":"SearchAction","target":{"@type":"EntryPoint","urlTemplate":"https:\/\/exaudi.org\/?s={search_term_string}"},"query-input":{"@type":"PropertyValueSpecification","valueRequired":true,"valueName":"search_term_string"}}],"inLanguage":"es"},{"@type":"Person","@id":"https:\/\/exaudi.org\/#\/schema\/person\/f5fc8f063065e38742da7afe15f25df7","name":"Exaudi Redacci\u00f3n","image":{"@type":"ImageObject","inLanguage":"es","@id":"https:\/\/secure.gravatar.com\/avatar\/fe0f6a059fb68d9b3e11bc5850dd4899b1c7492091a3cb6dd9b01b56ad828be2?s=96&d=mm&r=g","url":"https:\/\/secure.gravatar.com\/avatar\/fe0f6a059fb68d9b3e11bc5850dd4899b1c7492091a3cb6dd9b01b56ad828be2?s=96&d=mm&r=g","contentUrl":"https:\/\/secure.gravatar.com\/avatar\/fe0f6a059fb68d9b3e11bc5850dd4899b1c7492091a3cb6dd9b01b56ad828be2?s=96&d=mm&r=g","caption":"Exaudi Redacci\u00f3n"},"description":"\u00bfQu\u00e9 es Exaudi News? Exaudi News es un medio de comunicaci\u00f3n cat\u00f3lico internacional que informa, forma y transforma, diariamente en espa\u00f1ol, ingl\u00e9s e italiano. A trav\u00e9s de noticias, art\u00edculos de an\u00e1lisis y transmisiones en directo de los eventos del Papa, Exaudi busca fortalecer la unidad de los cristianos y contribuir a la evangelizaci\u00f3n del mundo, siempre guiados por la doctrina social de la Iglesia. Trabajamos para acercar la verdad y los valores cristianos a cada rinc\u00f3n del planeta. \u00a1Ay\u00fadanos a transformar el mundo con Exaudi! En Exaudi creemos que la evangelizaci\u00f3n y la informaci\u00f3n de calidad pueden cambiar vidas. Para continuar con nuestra misi\u00f3n y expandir nuestro alcance, necesitamos tu ayuda. Adem\u00e1s, buscamos personas comprometidas que deseen unirse a nuestro equipo. Con tu apoyo, lograremos llegar a m\u00e1s personas, difundir el mensaje de Cristo y reforzar la unidad de los cristianos. \u00bfTe unes a nuestra misi\u00f3n? Para m\u00e1s informaci\u00f3n sobre c\u00f3mo colaborar, visita Exaudi.org\/es o cont\u00e1ctanos directamente: info@exaudi.org Exaudi: Informa, forma y transforma.","sameAs":["https:\/\/www.facebook.com\/ExaudiNoticias\/","https:\/\/www.instagram.com\/exaudi_noticias\/","https:\/\/x.com\/Exaudi_noticias","https:\/\/www.youtube.com\/@exaudicatholicnews"],"url":"https:\/\/exaudi.org\/es\/author\/redaccionexaudi\/"}]}},"jetpack_featured_media_url":"https:\/\/exaudi.org\/wp-content\/uploads\/2026\/01\/cq5dam.thumbnail.cropped.750.422-19-e1769549203203.jpeg","jetpack_shortlink":"https:\/\/wp.me\/pgKjF2-Erg","_links":{"self":[{"href":"https:\/\/exaudi.org\/es\/wp-json\/wp\/v2\/posts\/155450","targetHints":{"allow":["GET"]}}],"collection":[{"href":"https:\/\/exaudi.org\/es\/wp-json\/wp\/v2\/posts"}],"about":[{"href":"https:\/\/exaudi.org\/es\/wp-json\/wp\/v2\/types\/post"}],"author":[{"embeddable":true,"href":"https:\/\/exaudi.org\/es\/wp-json\/wp\/v2\/users\/15"}],"replies":[{"embeddable":true,"href":"https:\/\/exaudi.org\/es\/wp-json\/wp\/v2\/comments?post=155450"}],"version-history":[{"count":2,"href":"https:\/\/exaudi.org\/es\/wp-json\/wp\/v2\/posts\/155450\/revisions"}],"predecessor-version":[{"id":155455,"href":"https:\/\/exaudi.org\/es\/wp-json\/wp\/v2\/posts\/155450\/revisions\/155455"}],"wp:featuredmedia":[{"embeddable":true,"href":"https:\/\/exaudi.org\/es\/wp-json\/wp\/v2\/media\/155451"}],"wp:attachment":[{"href":"https:\/\/exaudi.org\/es\/wp-json\/wp\/v2\/media?parent=155450"}],"wp:term":[{"taxonomy":"category","embeddable":true,"href":"https:\/\/exaudi.org\/es\/wp-json\/wp\/v2\/categories?post=155450"},{"taxonomy":"post_tag","embeddable":true,"href":"https:\/\/exaudi.org\/es\/wp-json\/wp\/v2\/tags?post=155450"}],"curies":[{"name":"wp","href":"https:\/\/api.w.org\/{rel}","templated":true}]}}