{"id":154677,"date":"2026-01-23T09:30:57","date_gmt":"2026-01-23T08:30:57","guid":{"rendered":"https:\/\/exaudi.org\/?p=154677"},"modified":"2026-01-22T23:45:30","modified_gmt":"2026-01-22T22:45:30","slug":"la-vocacion-a-la-familia-en-tiempos-de-desafio-una-perspectiva-de-esperanza","status":"publish","type":"post","link":"https:\/\/exaudi.org\/es\/la-vocacion-a-la-familia-en-tiempos-de-desafio-una-perspectiva-de-esperanza\/","title":{"rendered":"La vocaci\u00f3n a la familia en tiempos de desaf\u00edo: Una perspectiva de esperanza"},"content":{"rendered":"<p dir=\"auto\">La formaci\u00f3n de una familia se presenta como un anhelo profundo del coraz\u00f3n humano, alineado con el plan divino de amor y comuni\u00f3n. Desde la ense\u00f1anza cat\u00f3lica, la familia no es solo un n\u00facleo social, sino una \u00abiglesia dom\u00e9stica\u00bb donde se vive y transmite la fe, el amor y la vida. Sin embargo, en Espa\u00f1a, los j\u00f3venes y adultos hasta los 45 a\u00f1os enfrentan percepciones de dificultad o incluso imposibilidad para emprender este camino vocacional. Bar\u00f3metros recientes revelan que alrededor del 77-80% de los encuestados considera que formar una familia hoy es m\u00e1s dif\u00edcil que en generaciones anteriores, mientras que cerca del 50% de los menores de 45 a\u00f1os no contempla iniciar una familia en los pr\u00f3ximos cinco a\u00f1os. Estas cifras, destacadas en el XV Bar\u00f3metro de las Familias de The Family Watch y en reflexiones de la Conferencia Episcopal Espa\u00f1ola (CEE), no son meros datos estad\u00edsticos, sino se\u00f1ales de un drama vocacional y demogr\u00e1fico que invita a una respuesta constructiva, llena de esperanza cristiana.<\/p>\n<p><iframe title=\"Spotify Embed: La vocaci\u00f3n a la familia en tiempos de desaf\u00edo: Una perspectiva de esperanza\" style=\"border-radius: 12px\" width=\"100%\" height=\"152\" frameborder=\"0\" allowfullscreen allow=\"autoplay; clipboard-write; encrypted-media; fullscreen; picture-in-picture\" loading=\"lazy\" src=\"https:\/\/open.spotify.com\/embed\/episode\/5kKXbFtLKopBnk1oUHbiQu?si=a6444c9131d04baa&amp;utm_source=oembed\"><\/iframe><\/p>\n<p dir=\"auto\">Este an\u00e1lisis, basado exclusivamente en fuentes cat\u00f3licas fiables como documentos papales, exhortaciones del Vaticano y declaraciones de la CEE, busca no solo identificar las causas principales \u2014crisis de vivienda, precariedad laboral, emancipaci\u00f3n tard\u00eda y miedo al compromiso\u2014, sino tambi\u00e9n ofrecer una visi\u00f3n positiva y edificante. Inspirados en la exhortaci\u00f3n apost\u00f3lica <em>Amoris Laetitia<\/em> del Papa Francisco y en las intervenciones de la CEE, veremos c\u00f3mo estos desaf\u00edos pueden transformarse en oportunidades para redescubrir la vocaci\u00f3n al matrimonio y la familia como don de Dios, fomentando una renovaci\u00f3n demogr\u00e1fica y espiritual en la sociedad espa\u00f1ola.<\/p>\n<h3 dir=\"auto\"><strong>Las causas principales: Un contexto de desaf\u00edos modernos<\/strong><\/h3>\n<p dir=\"auto\">La Iglesia Cat\u00f3lica, en su magisterio constante, reconoce que la familia contempor\u00e1nea atraviesa una profunda crisis cultural. Esta crisis no es ajena a Espa\u00f1a, donde factores socioecon\u00f3micos y culturales entrelazados generan una percepci\u00f3n de imposibilidad para formar un n\u00facleo familiar estable. Analicemos las causas principales, iluminadas por ense\u00f1anzas eclesiales.<\/p>\n<p dir=\"auto\">En primer lugar, la <strong>crisis de vivienda<\/strong> emerge como un obst\u00e1culo tangible que retrasa la independencia de los j\u00f3venes y, por ende, la formaci\u00f3n de familias. En <em>Amoris Laetitia<\/em>, el Papa Francisco recuerda que \u00abla familia tiene derecho a una vivienda decente, apta para la vida familiar y proporcionada al n\u00famero de sus miembros, en un ambiente f\u00edsicamente sano, que ofrezca los servicios b\u00e1sicos para la vida de la familia y de la comunidad\u00bb. La falta de una vivienda digna o adecuada suele llevar a postergar la formalizaci\u00f3n de una relaci\u00f3n, y en Espa\u00f1a, el alto costo de la vida y la escasez de hogares asequibles agravan esta realidad. Desde una perspectiva constructiva, la Iglesia invita a ver esta dificultad como una llamada a pol\u00edticas p\u00fablicas que tutelen la familia, promoviendo el acceso a viviendas familiares y recordando que el hogar es un espacio sagrado donde se cultiva la comuni\u00f3n.<\/p>\n<p dir=\"auto\">La <strong>precariedad laboral e inestabilidad econ\u00f3mica<\/strong> es otra causa central, identificada por la CEE como un factor que atenaza a las familias j\u00f3venes. La preocupaci\u00f3n por la disminuci\u00f3n de la natalidad y el impacto de modelos econ\u00f3micos en la estabilidad familiar moviliza a la Iglesia a abogar por pol\u00edticas que favorezcan la conciliaci\u00f3n entre trabajo y vida personal. En Espa\u00f1a, el desempleo juvenil, salarios bajos y horarios extensos generan fatiga en las relaciones y reducen la fecundidad. Sin embargo, la ense\u00f1anza cat\u00f3lica ve en esto una oportunidad para fomentar la solidaridad: el trabajo digno es un derecho humano, y la Iglesia promueve leyes que faciliten la conciliaci\u00f3n laboral-familiar, transformando la precariedad en un camino de virtud y confianza en la Providencia divina.<\/p>\n<p dir=\"auto\">La <strong>emancipaci\u00f3n tard\u00eda<\/strong>, vinculada a los factores anteriores, prolonga la dependencia de los padres y retrasa las decisiones vitales. Esta demora fomenta una \u00abcultura del provisorio\u00bb, donde las relaciones se perciben como temporales. En Espa\u00f1a, bar\u00f3metros indican que el 77-80% percibe mayores dificultades para formar familias, lo que se alinea con la baja natalidad: en 2024 se registraron 318.005 nacimientos, una cifra hist\u00f3ricamente baja que refleja un descenso sostenido. Positivamente, la Iglesia propone programas de formaci\u00f3n juvenil para cultivar la madurez emocional y espiritual, preparando a los j\u00f3venes para una emancipaci\u00f3n responsable que culmine en vocaciones familiares fruct\u00edferas.<\/p>\n<p dir=\"auto\">Finalmente, el <strong>miedo al compromiso<\/strong> surge de una mentalidad individualista y relativista. Ideolog\u00edas que desvalorizan el matrimonio fomentan el rechazo a lo institucional, llevando a cohabitaciones o uniones informales por temor a la permanencia. La CEE alerta sobre la soledad creciente y la baja natalidad como drama social. No obstante, la ense\u00f1anza cat\u00f3lica presenta el compromiso como un icono del amor de Dios: fiel, exclusivo y eterno, capaz de superar miedos mediante la gracia sacramental.<\/p>\n<h3 dir=\"auto\"><strong>El drama vocacional y demogr\u00e1fico: Una llamada a la renovaci\u00f3n<\/strong><\/h3>\n<p dir=\"auto\">Estos desaf\u00edos se viven como un \u00abdrama vocacional\u00bb porque la familia es una vocaci\u00f3n divina, un camino de santidad donde el amor conyugal refleja la Trinidad. En <em>Amoris Laetitia<\/em>, el Papa Francisco enfatiza que el deseo de familia permanece vivo entre los j\u00f3venes, motivando a la Iglesia a acompa\u00f1arlos. En Espa\u00f1a, la percepci\u00f3n de imposibilidad frustra esta vocaci\u00f3n, generando soledad y desconexi\u00f3n. Demogr\u00e1ficamente, esto agrava la \u00abcrisis demogr\u00e1fica\u00bb, con bajas tasas de natalidad que amenazan la sostenibilidad social. La CEE, en sus asambleas plenarias, defiende la familia como pilar de la sociedad y promueve una \u00abalianza por la esperanza\u00bb a favor de la natalidad. Sin embargo, este drama es una invitaci\u00f3n constructiva: la familia cat\u00f3lica puede contrarrestar el \u00abinvierno demogr\u00e1fico\u00bb mediante la apertura a la vida, integrando a vulnerables y fomentando fraternidad.<\/p>\n<h3 dir=\"auto\"><strong>Perspectivas positivas y constructivas: La esperanza en acci\u00f3n<\/strong><\/h3>\n<p dir=\"auto\">La fe cat\u00f3lica no se detiene en los problemas; ofrece herramientas para superarlos. En primer lugar, el <strong>acompa\u00f1amiento pastoral<\/strong> es clave. <em>Amoris Laetitia<\/em> propone una \u00abpastoral del v\u00ednculo\u00bb que acompa\u00f1a con misericordia, reconociendo signos de amor en situaciones imperfectas y guiando hacia el sacramento. La CEE impulsa iniciativas de formaci\u00f3n vocacional y discernimiento, fomentando catequesis prematrimoniales que aborden miedos econ\u00f3micos y cultiven virtudes como la paciencia y el perd\u00f3n.<\/p>\n<p dir=\"auto\">En segundo lugar, la <strong>promoci\u00f3n de pol\u00edticas pro-familia<\/strong> es un llamado eclesial. La Iglesia insta a apoyar la estabilidad familiar mediante acceso a vivienda, conciliaci\u00f3n laboral y ayudas a la crianza, alineado con la doctrina social cat\u00f3lica que ve la familia como bien com\u00fan.<\/p>\n<p dir=\"auto\">Tercero, la <strong>educaci\u00f3n en la fe y el amor<\/strong> transforma percepciones. La Iglesia promueve la formaci\u00f3n de personas libres y responsables, transmitiendo la fe a trav\u00e9s de parroquias y asociaciones, e inspirando a los j\u00f3venes a redescubrir la vocaci\u00f3n familiar.<\/p>\n<p dir=\"auto\">Finalmente, la <strong>gracia sacramental<\/strong> es la fuente de esperanza. El matrimonio, como alianza eterna, recibe la gracia para superar crisis, fomentando fecundidad responsable y contrarrestando el individualismo.<\/p>\n<p dir=\"auto\">En conclusi\u00f3n, aunque las dificultades para formar familias en Espa\u00f1a son reales, la perspectiva cat\u00f3lica las ve como un \u00absigno de los tiempos\u00bb para una renovaci\u00f3n profunda. Con acompa\u00f1amiento, pol\u00edticas justas y confianza en Dios, los j\u00f3venes pueden abrazar esta vocaci\u00f3n, contribuyendo a un renacimiento demogr\u00e1fico y espiritual. La familia, iluminada por el Evangelio, no es un imposible, sino un testimonio vivo de amor eterno.<\/p>\n<p dir=\"auto\"><img loading=\"lazy\" decoding=\"async\" class=\"size-full wp-image-154685 alignnone\" src=\"https:\/\/exaudi.org\/wp-content\/uploads\/2026\/01\/Laetare-1.jpg\" alt=\"\" width=\"940\" height=\"788\" srcset=\"https:\/\/exaudi.org\/wp-content\/uploads\/2026\/01\/Laetare-1.jpg 940w, https:\/\/exaudi.org\/wp-content\/uploads\/2026\/01\/Laetare-1-300x251.jpg 300w, https:\/\/exaudi.org\/wp-content\/uploads\/2026\/01\/Laetare-1-770x645.jpg 770w, https:\/\/exaudi.org\/wp-content\/uploads\/2026\/01\/Laetare-1-500x419.jpg 500w\" sizes=\"auto, (max-width: 940px) 100vw, 940px\" \/><\/p>\n","protected":false},"excerpt":{"rendered":"<p>Superando obst\u00e1culos con la Gracia de Dios: Reflexiones sobre la formaci\u00f3n familiar entre j\u00f3venes y adultos<\/p>\n","protected":false},"author":154,"featured_media":154681,"comment_status":"closed","ping_status":"closed","sticky":false,"template":"","format":"standard","meta":{"_acf_changed":false,"_crdt_document":"","inline_featured_image":false,"footnotes":""},"categories":[72],"tags":[50087,12165,10114,71282,90356,90368,932,71283,90352,90376,90359,12433,90353,90364,90357,76485,90362,617,41623,90373,90372,90365,90371,623,5512,90354,90374,90367,90366,90360,90377,90370,90378,90355,4425,90363,90375,90358,90361,90369,58880,7440,77475,17869],"class_list":["post-154677","post","type-post","status-publish","format-standard","has-post-thumbnail","hentry","category-analisis","tag-acompanamiento-vocacional","tag-amor-conyugal","tag-amoris-laetitia-3","tag-baja-natalidad","tag-baja-natalidad-espana","tag-barometro-familias-espana","tag-conferencia-episcopal-espanola","tag-crisis-demografica","tag-crisis-demografica-espana","tag-crisis-vivienda","tag-crisis-vivienda-jovenes","tag-desafio","tag-dificultad-formar-familia","tag-drama-vocacional","tag-emancipacion-tardia","tag-esperanza-catolica","tag-esperanza-catolica-familia","tag-familia","tag-familia-catolica","tag-familia-catolica-espana","tag-familia-como-bien-comun","tag-fecundidad-responsable","tag-gracia-matrimonial","tag-iglesia-domestica","tag-invierno-demografico","tag-jovenes-espana-matrimonio","tag-jovenes-matrimonio-espana","tag-juventud-catolica-espana","tag-matrimonio-sacramento","tag-miedo-al-compromiso","tag-miedo-compromiso","tag-natalidad-catolica","tag-natalidad-espana-2025","tag-papa-francisco-familia","tag-pastoral-familiar","tag-politicas-pro-familia","tag-precariedad-laboral","tag-precariedad-laboral-familia","tag-renovacion-demografica","tag-the-family-watch","tag-trending-es-151","tag-vocacion","tag-vocacion-familiar","tag-vocacion-matrimonial"],"acf":[],"yoast_head":"<!-- This site is optimized with the Yoast SEO plugin v27.4 - https:\/\/yoast.com\/product\/yoast-seo-wordpress\/ -->\n<title>La vocaci\u00f3n a la familia en tiempos de desaf\u00edo: Una perspectiva de esperanza &#8211; Exaudi<\/title>\n<meta name=\"robots\" content=\"index, follow, max-snippet:-1, max-image-preview:large, max-video-preview:-1\" \/>\n<link rel=\"canonical\" href=\"https:\/\/exaudi.org\/es\/la-vocacion-a-la-familia-en-tiempos-de-desafio-una-perspectiva-de-esperanza\/\" \/>\n<meta property=\"og:locale\" content=\"es_ES\" \/>\n<meta property=\"og:type\" content=\"article\" \/>\n<meta property=\"og:title\" content=\"La vocaci\u00f3n a la familia en tiempos de desaf\u00edo: Una perspectiva de esperanza &#8211; Exaudi\" \/>\n<meta property=\"og:description\" content=\"Superando obst\u00e1culos con la Gracia de Dios: Reflexiones sobre la formaci\u00f3n familiar entre j\u00f3venes y adultos\" \/>\n<meta property=\"og:url\" content=\"https:\/\/exaudi.org\/es\/la-vocacion-a-la-familia-en-tiempos-de-desafio-una-perspectiva-de-esperanza\/\" \/>\n<meta property=\"og:site_name\" content=\"Exaudi\" \/>\n<meta property=\"article:publisher\" content=\"https:\/\/www.facebook.com\/ExaudiNews\" \/>\n<meta property=\"article:published_time\" content=\"2026-01-23T08:30:57+00:00\" \/>\n<meta property=\"og:image\" content=\"https:\/\/exaudi.org\/wp-content\/uploads\/2026\/01\/pexels-olia-danilevich-8524997-scaled.jpg\" \/>\n\t<meta property=\"og:image:width\" content=\"2560\" \/>\n\t<meta property=\"og:image:height\" content=\"1707\" \/>\n\t<meta property=\"og:image:type\" content=\"image\/jpeg\" \/>\n<meta name=\"author\" content=\"Laetare\" \/>\n<meta name=\"twitter:card\" content=\"summary_large_image\" \/>\n<meta name=\"twitter:creator\" content=\"@Exaudi_News\" \/>\n<meta name=\"twitter:site\" content=\"@Exaudi_News\" \/>\n<meta name=\"twitter:label1\" content=\"Escrito por\" \/>\n\t<meta name=\"twitter:data1\" content=\"Laetare\" \/>\n\t<meta name=\"twitter:label2\" content=\"Tiempo de lectura\" \/>\n\t<meta name=\"twitter:data2\" content=\"6 minutos\" \/>\n<script type=\"application\/ld+json\" class=\"yoast-schema-graph\">{\"@context\":\"https:\\\/\\\/schema.org\",\"@graph\":[{\"@type\":\"Article\",\"@id\":\"https:\\\/\\\/exaudi.org\\\/es\\\/la-vocacion-a-la-familia-en-tiempos-de-desafio-una-perspectiva-de-esperanza\\\/#article\",\"isPartOf\":{\"@id\":\"https:\\\/\\\/exaudi.org\\\/es\\\/la-vocacion-a-la-familia-en-tiempos-de-desafio-una-perspectiva-de-esperanza\\\/\"},\"author\":{\"name\":\"Laetare\",\"@id\":\"https:\\\/\\\/exaudi.org\\\/#\\\/schema\\\/person\\\/b4f60770b050db60868378f3d473b3d4\"},\"headline\":\"La vocaci\u00f3n a la familia en tiempos de desaf\u00edo: Una perspectiva de esperanza\",\"datePublished\":\"2026-01-23T08:30:57+00:00\",\"mainEntityOfPage\":{\"@id\":\"https:\\\/\\\/exaudi.org\\\/es\\\/la-vocacion-a-la-familia-en-tiempos-de-desafio-una-perspectiva-de-esperanza\\\/\"},\"wordCount\":1297,\"image\":{\"@id\":\"https:\\\/\\\/exaudi.org\\\/es\\\/la-vocacion-a-la-familia-en-tiempos-de-desafio-una-perspectiva-de-esperanza\\\/#primaryimage\"},\"thumbnailUrl\":\"https:\\\/\\\/exaudi.org\\\/wp-content\\\/uploads\\\/2026\\\/01\\\/pexels-olia-danilevich-8524997-scaled.jpg\",\"keywords\":[\"acompa\u00f1amiento vocacional\",\"Amor Conyugal\",\"Amoris laetitia\",\"baja natalidad\",\"baja natalidad Espa\u00f1a\",\"bar\u00f3metro familias Espa\u00f1a\",\"Conferencia Episcopal Espa\u00f1ola\",\"crisis demogr\u00e1fica\",\"crisis demogr\u00e1fica Espa\u00f1a\",\"crisis vivienda\",\"crisis vivienda j\u00f3venes\",\"Desaf\u00edo\",\"dificultad formar familia\",\"drama vocacional\",\"emancipaci\u00f3n tard\u00eda\",\"esperanza cat\u00f3lica\",\"esperanza cat\u00f3lica familia\",\"Familia\",\"familia cat\u00f3lica\",\"familia cat\u00f3lica Espa\u00f1a\",\"familia como bien com\u00fan\",\"fecundidad responsable\",\"gracia matrimonial\",\"Iglesia dom\u00e9stica\",\"Invierno demogr\u00e1fico\",\"j\u00f3venes Espa\u00f1a matrimonio\",\"j\u00f3venes matrimonio Espa\u00f1a\",\"juventud cat\u00f3lica Espa\u00f1a\",\"matrimonio sacramento\",\"miedo al compromiso\",\"miedo compromiso\",\"natalidad cat\u00f3lica\",\"natalidad Espa\u00f1a 2025\",\"Papa Francisco familia\",\"Pastoral familiar\",\"pol\u00edticas pro-familia\",\"precariedad laboral\",\"precariedad laboral familia\",\"renovaci\u00f3n demogr\u00e1fica\",\"The Family Watch\",\"Trending\",\"Vocaci\u00f3n\",\"vocaci\u00f3n familiar\",\"vocaci\u00f3n matrimonial\"],\"articleSection\":[\"An\u00e1lisis\"],\"inLanguage\":\"es\"},{\"@type\":\"WebPage\",\"@id\":\"https:\\\/\\\/exaudi.org\\\/es\\\/la-vocacion-a-la-familia-en-tiempos-de-desafio-una-perspectiva-de-esperanza\\\/\",\"url\":\"https:\\\/\\\/exaudi.org\\\/es\\\/la-vocacion-a-la-familia-en-tiempos-de-desafio-una-perspectiva-de-esperanza\\\/\",\"name\":\"La vocaci\u00f3n a la familia en tiempos de desaf\u00edo: Una perspectiva de esperanza &#8211; Exaudi\",\"isPartOf\":{\"@id\":\"https:\\\/\\\/exaudi.org\\\/#website\"},\"primaryImageOfPage\":{\"@id\":\"https:\\\/\\\/exaudi.org\\\/es\\\/la-vocacion-a-la-familia-en-tiempos-de-desafio-una-perspectiva-de-esperanza\\\/#primaryimage\"},\"image\":{\"@id\":\"https:\\\/\\\/exaudi.org\\\/es\\\/la-vocacion-a-la-familia-en-tiempos-de-desafio-una-perspectiva-de-esperanza\\\/#primaryimage\"},\"thumbnailUrl\":\"https:\\\/\\\/exaudi.org\\\/wp-content\\\/uploads\\\/2026\\\/01\\\/pexels-olia-danilevich-8524997-scaled.jpg\",\"datePublished\":\"2026-01-23T08:30:57+00:00\",\"author\":{\"@id\":\"https:\\\/\\\/exaudi.org\\\/#\\\/schema\\\/person\\\/b4f60770b050db60868378f3d473b3d4\"},\"breadcrumb\":{\"@id\":\"https:\\\/\\\/exaudi.org\\\/es\\\/la-vocacion-a-la-familia-en-tiempos-de-desafio-una-perspectiva-de-esperanza\\\/#breadcrumb\"},\"inLanguage\":\"es\",\"potentialAction\":[{\"@type\":\"ReadAction\",\"target\":[\"https:\\\/\\\/exaudi.org\\\/es\\\/la-vocacion-a-la-familia-en-tiempos-de-desafio-una-perspectiva-de-esperanza\\\/\"]}]},{\"@type\":\"ImageObject\",\"inLanguage\":\"es\",\"@id\":\"https:\\\/\\\/exaudi.org\\\/es\\\/la-vocacion-a-la-familia-en-tiempos-de-desafio-una-perspectiva-de-esperanza\\\/#primaryimage\",\"url\":\"https:\\\/\\\/exaudi.org\\\/wp-content\\\/uploads\\\/2026\\\/01\\\/pexels-olia-danilevich-8524997-scaled.jpg\",\"contentUrl\":\"https:\\\/\\\/exaudi.org\\\/wp-content\\\/uploads\\\/2026\\\/01\\\/pexels-olia-danilevich-8524997-scaled.jpg\",\"width\":2560,\"height\":1707},{\"@type\":\"BreadcrumbList\",\"@id\":\"https:\\\/\\\/exaudi.org\\\/es\\\/la-vocacion-a-la-familia-en-tiempos-de-desafio-una-perspectiva-de-esperanza\\\/#breadcrumb\",\"itemListElement\":[{\"@type\":\"ListItem\",\"position\":1,\"name\":\"Portada\",\"item\":\"https:\\\/\\\/exaudi.org\\\/es\\\/\"},{\"@type\":\"ListItem\",\"position\":2,\"name\":\"La vocaci\u00f3n a la familia en tiempos de desaf\u00edo: Una perspectiva de esperanza\"}]},{\"@type\":\"WebSite\",\"@id\":\"https:\\\/\\\/exaudi.org\\\/#website\",\"url\":\"https:\\\/\\\/exaudi.org\\\/\",\"name\":\"Exaudi\",\"description\":\"News\",\"potentialAction\":[{\"@type\":\"SearchAction\",\"target\":{\"@type\":\"EntryPoint\",\"urlTemplate\":\"https:\\\/\\\/exaudi.org\\\/?s={search_term_string}\"},\"query-input\":{\"@type\":\"PropertyValueSpecification\",\"valueRequired\":true,\"valueName\":\"search_term_string\"}}],\"inLanguage\":\"es\"},{\"@type\":\"Person\",\"@id\":\"https:\\\/\\\/exaudi.org\\\/#\\\/schema\\\/person\\\/b4f60770b050db60868378f3d473b3d4\",\"name\":\"Laetare\",\"image\":{\"@type\":\"ImageObject\",\"inLanguage\":\"es\",\"@id\":\"https:\\\/\\\/secure.gravatar.com\\\/avatar\\\/239ae5fc763d8bf7c26706d150679faa0bec9e2d51089775f40e9decb4806f15?s=96&d=mm&r=g\",\"url\":\"https:\\\/\\\/secure.gravatar.com\\\/avatar\\\/239ae5fc763d8bf7c26706d150679faa0bec9e2d51089775f40e9decb4806f15?s=96&d=mm&r=g\",\"contentUrl\":\"https:\\\/\\\/secure.gravatar.com\\\/avatar\\\/239ae5fc763d8bf7c26706d150679faa0bec9e2d51089775f40e9decb4806f15?s=96&d=mm&r=g\",\"caption\":\"Laetare\"},\"description\":\"Laetare es una asociaci\u00f3n fundada por Gabriel N\u00fa\u00f1ez, nacida en Sevilla con el prop\u00f3sito de defender y promover el desarrollo integral de la familia cristiana. Su actividad se organiza en cuatro ejes fundamentales: sensibilizar, orar, formar y servir. La asociaci\u00f3n trabaja en la preservaci\u00f3n de la familia como pilar de la sociedad, ofreciendo formaci\u00f3n especializada, retiros espirituales y apoyo integral a matrimonios en crisis, con un enfoque basado en la doctrina cat\u00f3lica y la acci\u00f3n comunitaria.\",\"url\":\"https:\\\/\\\/exaudi.org\\\/es\\\/author\\\/laetare\\\/\"}]}<\/script>\n<!-- \/ Yoast SEO plugin. -->","yoast_head_json":{"title":"La vocaci\u00f3n a la familia en tiempos de desaf\u00edo: Una perspectiva de esperanza &#8211; Exaudi","robots":{"index":"index","follow":"follow","max-snippet":"max-snippet:-1","max-image-preview":"max-image-preview:large","max-video-preview":"max-video-preview:-1"},"canonical":"https:\/\/exaudi.org\/es\/la-vocacion-a-la-familia-en-tiempos-de-desafio-una-perspectiva-de-esperanza\/","og_locale":"es_ES","og_type":"article","og_title":"La vocaci\u00f3n a la familia en tiempos de desaf\u00edo: Una perspectiva de esperanza &#8211; Exaudi","og_description":"Superando obst\u00e1culos con la Gracia de Dios: Reflexiones sobre la formaci\u00f3n familiar entre j\u00f3venes y adultos","og_url":"https:\/\/exaudi.org\/es\/la-vocacion-a-la-familia-en-tiempos-de-desafio-una-perspectiva-de-esperanza\/","og_site_name":"Exaudi","article_publisher":"https:\/\/www.facebook.com\/ExaudiNews","article_published_time":"2026-01-23T08:30:57+00:00","og_image":[{"width":2560,"height":1707,"url":"https:\/\/exaudi.org\/wp-content\/uploads\/2026\/01\/pexels-olia-danilevich-8524997-scaled.jpg","type":"image\/jpeg"}],"author":"Laetare","twitter_card":"summary_large_image","twitter_creator":"@Exaudi_News","twitter_site":"@Exaudi_News","twitter_misc":{"Escrito por":"Laetare","Tiempo de lectura":"6 minutos"},"schema":{"@context":"https:\/\/schema.org","@graph":[{"@type":"Article","@id":"https:\/\/exaudi.org\/es\/la-vocacion-a-la-familia-en-tiempos-de-desafio-una-perspectiva-de-esperanza\/#article","isPartOf":{"@id":"https:\/\/exaudi.org\/es\/la-vocacion-a-la-familia-en-tiempos-de-desafio-una-perspectiva-de-esperanza\/"},"author":{"name":"Laetare","@id":"https:\/\/exaudi.org\/#\/schema\/person\/b4f60770b050db60868378f3d473b3d4"},"headline":"La vocaci\u00f3n a la familia en tiempos de desaf\u00edo: Una perspectiva de esperanza","datePublished":"2026-01-23T08:30:57+00:00","mainEntityOfPage":{"@id":"https:\/\/exaudi.org\/es\/la-vocacion-a-la-familia-en-tiempos-de-desafio-una-perspectiva-de-esperanza\/"},"wordCount":1297,"image":{"@id":"https:\/\/exaudi.org\/es\/la-vocacion-a-la-familia-en-tiempos-de-desafio-una-perspectiva-de-esperanza\/#primaryimage"},"thumbnailUrl":"https:\/\/exaudi.org\/wp-content\/uploads\/2026\/01\/pexels-olia-danilevich-8524997-scaled.jpg","keywords":["acompa\u00f1amiento vocacional","Amor Conyugal","Amoris laetitia","baja natalidad","baja natalidad Espa\u00f1a","bar\u00f3metro familias Espa\u00f1a","Conferencia Episcopal Espa\u00f1ola","crisis demogr\u00e1fica","crisis demogr\u00e1fica Espa\u00f1a","crisis vivienda","crisis vivienda j\u00f3venes","Desaf\u00edo","dificultad formar familia","drama vocacional","emancipaci\u00f3n tard\u00eda","esperanza cat\u00f3lica","esperanza cat\u00f3lica familia","Familia","familia cat\u00f3lica","familia cat\u00f3lica Espa\u00f1a","familia como bien com\u00fan","fecundidad responsable","gracia matrimonial","Iglesia dom\u00e9stica","Invierno demogr\u00e1fico","j\u00f3venes Espa\u00f1a matrimonio","j\u00f3venes matrimonio Espa\u00f1a","juventud cat\u00f3lica Espa\u00f1a","matrimonio sacramento","miedo al compromiso","miedo compromiso","natalidad cat\u00f3lica","natalidad Espa\u00f1a 2025","Papa Francisco familia","Pastoral familiar","pol\u00edticas pro-familia","precariedad laboral","precariedad laboral familia","renovaci\u00f3n demogr\u00e1fica","The Family Watch","Trending","Vocaci\u00f3n","vocaci\u00f3n familiar","vocaci\u00f3n matrimonial"],"articleSection":["An\u00e1lisis"],"inLanguage":"es"},{"@type":"WebPage","@id":"https:\/\/exaudi.org\/es\/la-vocacion-a-la-familia-en-tiempos-de-desafio-una-perspectiva-de-esperanza\/","url":"https:\/\/exaudi.org\/es\/la-vocacion-a-la-familia-en-tiempos-de-desafio-una-perspectiva-de-esperanza\/","name":"La vocaci\u00f3n a la familia en tiempos de desaf\u00edo: Una perspectiva de esperanza &#8211; Exaudi","isPartOf":{"@id":"https:\/\/exaudi.org\/#website"},"primaryImageOfPage":{"@id":"https:\/\/exaudi.org\/es\/la-vocacion-a-la-familia-en-tiempos-de-desafio-una-perspectiva-de-esperanza\/#primaryimage"},"image":{"@id":"https:\/\/exaudi.org\/es\/la-vocacion-a-la-familia-en-tiempos-de-desafio-una-perspectiva-de-esperanza\/#primaryimage"},"thumbnailUrl":"https:\/\/exaudi.org\/wp-content\/uploads\/2026\/01\/pexels-olia-danilevich-8524997-scaled.jpg","datePublished":"2026-01-23T08:30:57+00:00","author":{"@id":"https:\/\/exaudi.org\/#\/schema\/person\/b4f60770b050db60868378f3d473b3d4"},"breadcrumb":{"@id":"https:\/\/exaudi.org\/es\/la-vocacion-a-la-familia-en-tiempos-de-desafio-una-perspectiva-de-esperanza\/#breadcrumb"},"inLanguage":"es","potentialAction":[{"@type":"ReadAction","target":["https:\/\/exaudi.org\/es\/la-vocacion-a-la-familia-en-tiempos-de-desafio-una-perspectiva-de-esperanza\/"]}]},{"@type":"ImageObject","inLanguage":"es","@id":"https:\/\/exaudi.org\/es\/la-vocacion-a-la-familia-en-tiempos-de-desafio-una-perspectiva-de-esperanza\/#primaryimage","url":"https:\/\/exaudi.org\/wp-content\/uploads\/2026\/01\/pexels-olia-danilevich-8524997-scaled.jpg","contentUrl":"https:\/\/exaudi.org\/wp-content\/uploads\/2026\/01\/pexels-olia-danilevich-8524997-scaled.jpg","width":2560,"height":1707},{"@type":"BreadcrumbList","@id":"https:\/\/exaudi.org\/es\/la-vocacion-a-la-familia-en-tiempos-de-desafio-una-perspectiva-de-esperanza\/#breadcrumb","itemListElement":[{"@type":"ListItem","position":1,"name":"Portada","item":"https:\/\/exaudi.org\/es\/"},{"@type":"ListItem","position":2,"name":"La vocaci\u00f3n a la familia en tiempos de desaf\u00edo: Una perspectiva de esperanza"}]},{"@type":"WebSite","@id":"https:\/\/exaudi.org\/#website","url":"https:\/\/exaudi.org\/","name":"Exaudi","description":"News","potentialAction":[{"@type":"SearchAction","target":{"@type":"EntryPoint","urlTemplate":"https:\/\/exaudi.org\/?s={search_term_string}"},"query-input":{"@type":"PropertyValueSpecification","valueRequired":true,"valueName":"search_term_string"}}],"inLanguage":"es"},{"@type":"Person","@id":"https:\/\/exaudi.org\/#\/schema\/person\/b4f60770b050db60868378f3d473b3d4","name":"Laetare","image":{"@type":"ImageObject","inLanguage":"es","@id":"https:\/\/secure.gravatar.com\/avatar\/239ae5fc763d8bf7c26706d150679faa0bec9e2d51089775f40e9decb4806f15?s=96&d=mm&r=g","url":"https:\/\/secure.gravatar.com\/avatar\/239ae5fc763d8bf7c26706d150679faa0bec9e2d51089775f40e9decb4806f15?s=96&d=mm&r=g","contentUrl":"https:\/\/secure.gravatar.com\/avatar\/239ae5fc763d8bf7c26706d150679faa0bec9e2d51089775f40e9decb4806f15?s=96&d=mm&r=g","caption":"Laetare"},"description":"Laetare es una asociaci\u00f3n fundada por Gabriel N\u00fa\u00f1ez, nacida en Sevilla con el prop\u00f3sito de defender y promover el desarrollo integral de la familia cristiana. Su actividad se organiza en cuatro ejes fundamentales: sensibilizar, orar, formar y servir. La asociaci\u00f3n trabaja en la preservaci\u00f3n de la familia como pilar de la sociedad, ofreciendo formaci\u00f3n especializada, retiros espirituales y apoyo integral a matrimonios en crisis, con un enfoque basado en la doctrina cat\u00f3lica y la acci\u00f3n comunitaria.","url":"https:\/\/exaudi.org\/es\/author\/laetare\/"}]}},"jetpack_featured_media_url":"https:\/\/exaudi.org\/wp-content\/uploads\/2026\/01\/pexels-olia-danilevich-8524997-scaled.jpg","jetpack_shortlink":"https:\/\/wp.me\/pgKjF2-EeN","_links":{"self":[{"href":"https:\/\/exaudi.org\/es\/wp-json\/wp\/v2\/posts\/154677","targetHints":{"allow":["GET"]}}],"collection":[{"href":"https:\/\/exaudi.org\/es\/wp-json\/wp\/v2\/posts"}],"about":[{"href":"https:\/\/exaudi.org\/es\/wp-json\/wp\/v2\/types\/post"}],"author":[{"embeddable":true,"href":"https:\/\/exaudi.org\/es\/wp-json\/wp\/v2\/users\/154"}],"replies":[{"embeddable":true,"href":"https:\/\/exaudi.org\/es\/wp-json\/wp\/v2\/comments?post=154677"}],"version-history":[{"count":5,"href":"https:\/\/exaudi.org\/es\/wp-json\/wp\/v2\/posts\/154677\/revisions"}],"predecessor-version":[{"id":154693,"href":"https:\/\/exaudi.org\/es\/wp-json\/wp\/v2\/posts\/154677\/revisions\/154693"}],"wp:featuredmedia":[{"embeddable":true,"href":"https:\/\/exaudi.org\/es\/wp-json\/wp\/v2\/media\/154681"}],"wp:attachment":[{"href":"https:\/\/exaudi.org\/es\/wp-json\/wp\/v2\/media?parent=154677"}],"wp:term":[{"taxonomy":"category","embeddable":true,"href":"https:\/\/exaudi.org\/es\/wp-json\/wp\/v2\/categories?post=154677"},{"taxonomy":"post_tag","embeddable":true,"href":"https:\/\/exaudi.org\/es\/wp-json\/wp\/v2\/tags?post=154677"}],"curies":[{"name":"wp","href":"https:\/\/api.w.org\/{rel}","templated":true}]}}