{"id":154605,"date":"2026-01-21T10:59:33","date_gmt":"2026-01-21T09:59:33","guid":{"rendered":"https:\/\/exaudi.org\/?p=154605"},"modified":"2026-01-21T16:10:02","modified_gmt":"2026-01-21T15:10:02","slug":"papa-leon-xiv-la-humanidad-de-jesus-nos-revela-la-verdad-del-padre","status":"publish","type":"post","link":"https:\/\/exaudi.org\/es\/papa-leon-xiv-la-humanidad-de-jesus-nos-revela-la-verdad-del-padre\/","title":{"rendered":"Papa Le\u00f3n XIV: La Humanidad de Jes\u00fas nos revela la verdad del Padre"},"content":{"rendered":"<p dir=\"auto\">El Papa Le\u00f3n XIV presidi\u00f3 este mi\u00e9rcoles 21 de enero de 2026 su Audiencia General semanal en la Aula Pablo VI, ante miles de peregrinos y fieles reunidos en el Vaticano. Continuando su serie de catequesis sobre la Constituci\u00f3n Dogm\u00e1tica <em>Dei Verbum<\/em> del Concilio Vaticano II, el Santo Padre profundiz\u00f3 en el tema de la revelaci\u00f3n divina, destacando que Dios se manifiesta no a trav\u00e9s de ideas abstractas, sino en un \u201cdi\u00e1logo de alianza\u201d dirigido a la humanidad como a amigos, fomentando una historia compartida y una comuni\u00f3n mutua.<\/p>\n<p dir=\"auto\">Citado el texto conciliar, el Papa afirm\u00f3: \u201cLa verdad \u00edntima tanto de Dios como de la salvaci\u00f3n del hombre resplandece para nosotros en Cristo, que es a la vez el mediador y la plenitud de toda la revelaci\u00f3n\u201d. Subray\u00f3 que el conocimiento pleno de Dios se alcanza al entrar en la relaci\u00f3n del Hijo con su Padre, gracias a la acci\u00f3n del Esp\u00edritu Santo, y que en Cristo, Dios se ha revelado a nosotros, mostr\u00e1ndonos al mismo tiempo nuestra verdadera identidad como hijos creados a imagen del Verbo.<\/p>\n<p dir=\"auto\">Un punto central de la catequesis fue la insistencia en acoger la \u201chumanidad integral\u201d de Jes\u00fas para conocer a Dios: \u201cLa verdad de Dios no se revela plenamente donde se quita algo de lo humano, as\u00ed como la integridad de la humanidad de Jes\u00fas no disminuye la plenitud del don divino. Es el humano integral de Jes\u00fas el que nos dice la verdad del Padre\u201d. El Pont\u00edfice explic\u00f3 que la salvaci\u00f3n no proviene solo de la muerte y resurrecci\u00f3n de Jes\u00fas, sino de su persona misma, y que la transmisi\u00f3n de la verdad divina ocurre a trav\u00e9s de su cuerpo real, su forma de percibir y sentir la realidad, y su modo de habitar el mundo.<\/p>\n<p dir=\"auto\"><img loading=\"lazy\" decoding=\"async\" class=\"size-full wp-image-154616 alignnone\" src=\"https:\/\/exaudi.org\/wp-content\/uploads\/2026\/01\/AG-21012026-3.jpeg\" alt=\"\" width=\"1280\" height=\"853\" srcset=\"https:\/\/exaudi.org\/wp-content\/uploads\/2026\/01\/AG-21012026-3.jpeg 1280w, https:\/\/exaudi.org\/wp-content\/uploads\/2026\/01\/AG-21012026-3-300x200.jpeg 300w, https:\/\/exaudi.org\/wp-content\/uploads\/2026\/01\/AG-21012026-3-1024x682.jpeg 1024w, https:\/\/exaudi.org\/wp-content\/uploads\/2026\/01\/AG-21012026-3-770x513.jpeg 770w, https:\/\/exaudi.org\/wp-content\/uploads\/2026\/01\/AG-21012026-3-360x240.jpeg?crop=1 360w, https:\/\/exaudi.org\/wp-content\/uploads\/2026\/01\/AG-21012026-3-500x333.jpeg 500w\" sizes=\"auto, (max-width: 1280px) 100vw, 1280px\" \/><\/p>\n<p dir=\"auto\">Refiri\u00e9ndose al Evangelio, invit\u00f3 a los presentes a compartir la mirada de Jes\u00fas sobre la realidad: \u201cMirad las aves del cielo: no siembran, ni siegan, ni recogen en graneros; y, sin embargo, vuestro Padre celestial las alimenta. \u00bfNo val\u00e9is vosotros mucho m\u00e1s que ellas?\u201d. Esta perspectiva filial lleva a una confianza absoluta en el Padre, como lo expresa San Pablo: \u201cSi Dios est\u00e1 por nosotros, \u00bfqui\u00e9n contra nosotros? El que no escatim\u00f3 ni a su propio Hijo, sino que lo entreg\u00f3 por todos nosotros, \u00bfc\u00f3mo no nos dar\u00e1 tambi\u00e9n con \u00e9l todas las cosas?\u201d.<\/p>\n<p dir=\"auto\">El Papa concluy\u00f3 recordando que, gracias a Jes\u00fas, los cristianos conocen a Dios como Padre y se entregan a \u00c9l con confianza, seguros de que nada puede separarlos del amor de Cristo. En los saludos finales, dirigi\u00f3 palabras a grupos de habla portuguesa, italiana, alemana e inglesa, incluyendo delegaciones ecum\u00e9nicas, y llam\u00f3 a orar por la paz en medio de un \u201ccreciente desprecio por la dignidad humana\u201d donde \u201cla guerra ha vuelto a estar de moda\u201d, as\u00ed como por la unidad de los cristianos durante la Semana de Oraci\u00f3n por la Unidad Cristiana.<\/p>\n<p><iframe loading=\"lazy\" title=\"Audiencia General . 21 de enero de 2026\" width=\"500\" height=\"281\" src=\"https:\/\/www.youtube.com\/embed\/s__SYS194LA?feature=oembed\" frameborder=\"0\" allow=\"accelerometer; autoplay; clipboard-write; encrypted-media; gyroscope; picture-in-picture; web-share\" referrerpolicy=\"strict-origin-when-cross-origin\" allowfullscreen><\/iframe><\/p>\n","protected":false},"excerpt":{"rendered":"<p>En la Audiencia General del 21 de enero de 2026, el Pont\u00edfice enfatiza que la revelaci\u00f3n divina se realiza a trav\u00e9s de un di\u00e1logo de alianza, invitando a los fieles a acoger la humanidad integral de Cristo<\/p>\n","protected":false},"author":15,"featured_media":154613,"comment_status":"closed","ping_status":"closed","sticky":false,"template":"","format":"standard","meta":{"_acf_changed":false,"_crdt_document":"","inline_featured_image":false,"footnotes":""},"categories":[],"tags":[90309,81762,81762,81762,68217,90312,90310,90313,90316,90314,39835,39835,39835,90315,90311],"class_list":{"0":"post-154605","1":"post","2":"type-post","3":"status-publish","4":"format-standard","5":"has-post-thumbnail","6":"hentry","7":"tag-21-enero-2026","8":"tag-catequesis-papal","11":"tag-confianza-en-el-padre","12":"tag-dialogo-de-alianza","13":"tag-humanidad-de-jesus","14":"tag-jesucristo-mediador","15":"tag-paz-mundo","16":"tag-plenitud-revelacion","17":"tag-revelacion-divina","20":"tag-semana-oracion-unidad-cristiana","21":"tag-verdad-del-padre"},"acf":[],"yoast_head":"<!-- This site is optimized with the Yoast SEO plugin v27.5 - https:\/\/yoast.com\/product\/yoast-seo-wordpress\/ -->\n<title>Papa Le\u00f3n XIV: La Humanidad de Jes\u00fas nos revela la verdad del Padre &#8211; Exaudi<\/title>\n<meta name=\"robots\" content=\"index, follow, max-snippet:-1, max-image-preview:large, max-video-preview:-1\" \/>\n<link rel=\"canonical\" href=\"https:\/\/exaudi.org\/es\/papa-leon-xiv-la-humanidad-de-jesus-nos-revela-la-verdad-del-padre\/\" \/>\n<meta property=\"og:locale\" content=\"es_ES\" \/>\n<meta property=\"og:type\" content=\"article\" \/>\n<meta property=\"og:title\" content=\"Papa Le\u00f3n XIV: La Humanidad de Jes\u00fas nos revela la verdad del Padre &#8211; Exaudi\" \/>\n<meta property=\"og:description\" content=\"En la Audiencia General del 21 de enero de 2026, el Pont\u00edfice enfatiza que la revelaci\u00f3n divina se realiza a trav\u00e9s de un di\u00e1logo de alianza, invitando a los fieles a acoger la humanidad integral de Cristo\" \/>\n<meta property=\"og:url\" content=\"https:\/\/exaudi.org\/es\/papa-leon-xiv-la-humanidad-de-jesus-nos-revela-la-verdad-del-padre\/\" \/>\n<meta property=\"og:site_name\" content=\"Exaudi\" \/>\n<meta property=\"article:publisher\" content=\"https:\/\/www.facebook.com\/ExaudiNews\" \/>\n<meta property=\"article:author\" content=\"https:\/\/www.facebook.com\/ExaudiNoticias\/\" \/>\n<meta property=\"article:published_time\" content=\"2026-01-21T09:59:33+00:00\" \/>\n<meta property=\"article:modified_time\" content=\"2026-01-21T15:10:02+00:00\" \/>\n<meta property=\"og:image\" content=\"https:\/\/exaudi.org\/wp-content\/uploads\/2026\/01\/cq5dam.web_.1280.1280-6.jpeg\" \/>\n\t<meta property=\"og:image:width\" content=\"1280\" \/>\n\t<meta property=\"og:image:height\" content=\"852\" \/>\n\t<meta property=\"og:image:type\" content=\"image\/jpeg\" \/>\n<meta name=\"author\" content=\"Exaudi Redacci\u00f3n\" \/>\n<meta name=\"twitter:card\" content=\"summary_large_image\" \/>\n<meta name=\"twitter:creator\" content=\"@Exaudi_noticias\" \/>\n<meta name=\"twitter:site\" content=\"@Exaudi_News\" \/>\n<meta name=\"twitter:label1\" content=\"Escrito por\" \/>\n\t<meta name=\"twitter:data1\" content=\"Exaudi Redacci\u00f3n\" \/>\n\t<meta name=\"twitter:label2\" content=\"Tiempo de lectura\" \/>\n\t<meta name=\"twitter:data2\" content=\"3 minutos\" \/>\n<script type=\"application\/ld+json\" class=\"yoast-schema-graph\">{\"@context\":\"https:\\\/\\\/schema.org\",\"@graph\":[{\"@type\":\"Article\",\"@id\":\"https:\\\/\\\/exaudi.org\\\/es\\\/papa-leon-xiv-la-humanidad-de-jesus-nos-revela-la-verdad-del-padre\\\/#article\",\"isPartOf\":{\"@id\":\"https:\\\/\\\/exaudi.org\\\/es\\\/papa-leon-xiv-la-humanidad-de-jesus-nos-revela-la-verdad-del-padre\\\/\"},\"author\":{\"name\":\"Exaudi Redacci\u00f3n\",\"@id\":\"https:\\\/\\\/exaudi.org\\\/#\\\/schema\\\/person\\\/f5fc8f063065e38742da7afe15f25df7\"},\"headline\":\"Papa Le\u00f3n XIV: La Humanidad de Jes\u00fas nos revela la verdad del Padre\",\"datePublished\":\"2026-01-21T09:59:33+00:00\",\"dateModified\":\"2026-01-21T15:10:02+00:00\",\"mainEntityOfPage\":{\"@id\":\"https:\\\/\\\/exaudi.org\\\/es\\\/papa-leon-xiv-la-humanidad-de-jesus-nos-revela-la-verdad-del-padre\\\/\"},\"wordCount\":532,\"image\":{\"@id\":\"https:\\\/\\\/exaudi.org\\\/es\\\/papa-leon-xiv-la-humanidad-de-jesus-nos-revela-la-verdad-del-padre\\\/#primaryimage\"},\"thumbnailUrl\":\"https:\\\/\\\/exaudi.org\\\/wp-content\\\/uploads\\\/2026\\\/01\\\/cq5dam.web_.1280.1280-6.jpeg\",\"keywords\":[\"21 enero 2026\",\"catequesis papal\",\"catequesis papal\",\"catequesis papal\",\"confianza en el Padre\",\"di\u00e1logo de alianza\",\"humanidad de Jes\u00fas\",\"Jesucristo mediador\",\"paz mundo\",\"plenitud revelaci\u00f3n\",\"revelaci\u00f3n divina\",\"revelaci\u00f3n divina\",\"revelaci\u00f3n divina\",\"Semana Oraci\u00f3n Unidad Cristiana\",\"verdad del Padre\"],\"inLanguage\":\"es\"},{\"@type\":\"WebPage\",\"@id\":\"https:\\\/\\\/exaudi.org\\\/es\\\/papa-leon-xiv-la-humanidad-de-jesus-nos-revela-la-verdad-del-padre\\\/\",\"url\":\"https:\\\/\\\/exaudi.org\\\/es\\\/papa-leon-xiv-la-humanidad-de-jesus-nos-revela-la-verdad-del-padre\\\/\",\"name\":\"Papa Le\u00f3n XIV: La Humanidad de Jes\u00fas nos revela la verdad del Padre &#8211; Exaudi\",\"isPartOf\":{\"@id\":\"https:\\\/\\\/exaudi.org\\\/#website\"},\"primaryImageOfPage\":{\"@id\":\"https:\\\/\\\/exaudi.org\\\/es\\\/papa-leon-xiv-la-humanidad-de-jesus-nos-revela-la-verdad-del-padre\\\/#primaryimage\"},\"image\":{\"@id\":\"https:\\\/\\\/exaudi.org\\\/es\\\/papa-leon-xiv-la-humanidad-de-jesus-nos-revela-la-verdad-del-padre\\\/#primaryimage\"},\"thumbnailUrl\":\"https:\\\/\\\/exaudi.org\\\/wp-content\\\/uploads\\\/2026\\\/01\\\/cq5dam.web_.1280.1280-6.jpeg\",\"datePublished\":\"2026-01-21T09:59:33+00:00\",\"dateModified\":\"2026-01-21T15:10:02+00:00\",\"author\":{\"@id\":\"https:\\\/\\\/exaudi.org\\\/#\\\/schema\\\/person\\\/f5fc8f063065e38742da7afe15f25df7\"},\"breadcrumb\":{\"@id\":\"https:\\\/\\\/exaudi.org\\\/es\\\/papa-leon-xiv-la-humanidad-de-jesus-nos-revela-la-verdad-del-padre\\\/#breadcrumb\"},\"inLanguage\":\"es\",\"potentialAction\":[{\"@type\":\"ReadAction\",\"target\":[\"https:\\\/\\\/exaudi.org\\\/es\\\/papa-leon-xiv-la-humanidad-de-jesus-nos-revela-la-verdad-del-padre\\\/\"]}]},{\"@type\":\"ImageObject\",\"inLanguage\":\"es\",\"@id\":\"https:\\\/\\\/exaudi.org\\\/es\\\/papa-leon-xiv-la-humanidad-de-jesus-nos-revela-la-verdad-del-padre\\\/#primaryimage\",\"url\":\"https:\\\/\\\/exaudi.org\\\/wp-content\\\/uploads\\\/2026\\\/01\\\/cq5dam.web_.1280.1280-6.jpeg\",\"contentUrl\":\"https:\\\/\\\/exaudi.org\\\/wp-content\\\/uploads\\\/2026\\\/01\\\/cq5dam.web_.1280.1280-6.jpeg\",\"width\":1280,\"height\":852},{\"@type\":\"BreadcrumbList\",\"@id\":\"https:\\\/\\\/exaudi.org\\\/es\\\/papa-leon-xiv-la-humanidad-de-jesus-nos-revela-la-verdad-del-padre\\\/#breadcrumb\",\"itemListElement\":[{\"@type\":\"ListItem\",\"position\":1,\"name\":\"Portada\",\"item\":\"https:\\\/\\\/exaudi.org\\\/es\\\/\"},{\"@type\":\"ListItem\",\"position\":2,\"name\":\"Papa Le\u00f3n XIV: La Humanidad de Jes\u00fas nos revela la verdad del Padre\"}]},{\"@type\":\"WebSite\",\"@id\":\"https:\\\/\\\/exaudi.org\\\/#website\",\"url\":\"https:\\\/\\\/exaudi.org\\\/\",\"name\":\"Exaudi\",\"description\":\"News\",\"potentialAction\":[{\"@type\":\"SearchAction\",\"target\":{\"@type\":\"EntryPoint\",\"urlTemplate\":\"https:\\\/\\\/exaudi.org\\\/?s={search_term_string}\"},\"query-input\":{\"@type\":\"PropertyValueSpecification\",\"valueRequired\":true,\"valueName\":\"search_term_string\"}}],\"inLanguage\":\"es\"},{\"@type\":\"Person\",\"@id\":\"https:\\\/\\\/exaudi.org\\\/#\\\/schema\\\/person\\\/f5fc8f063065e38742da7afe15f25df7\",\"name\":\"Exaudi Redacci\u00f3n\",\"image\":{\"@type\":\"ImageObject\",\"inLanguage\":\"es\",\"@id\":\"https:\\\/\\\/secure.gravatar.com\\\/avatar\\\/fe0f6a059fb68d9b3e11bc5850dd4899b1c7492091a3cb6dd9b01b56ad828be2?s=96&d=mm&r=g\",\"url\":\"https:\\\/\\\/secure.gravatar.com\\\/avatar\\\/fe0f6a059fb68d9b3e11bc5850dd4899b1c7492091a3cb6dd9b01b56ad828be2?s=96&d=mm&r=g\",\"contentUrl\":\"https:\\\/\\\/secure.gravatar.com\\\/avatar\\\/fe0f6a059fb68d9b3e11bc5850dd4899b1c7492091a3cb6dd9b01b56ad828be2?s=96&d=mm&r=g\",\"caption\":\"Exaudi Redacci\u00f3n\"},\"description\":\"\u00bfQu\u00e9 es Exaudi News? Exaudi News es un medio de comunicaci\u00f3n cat\u00f3lico internacional que informa, forma y transforma, diariamente en espa\u00f1ol, ingl\u00e9s e italiano. A trav\u00e9s de noticias, art\u00edculos de an\u00e1lisis y transmisiones en directo de los eventos del Papa, Exaudi busca fortalecer la unidad de los cristianos y contribuir a la evangelizaci\u00f3n del mundo, siempre guiados por la doctrina social de la Iglesia. Trabajamos para acercar la verdad y los valores cristianos a cada rinc\u00f3n del planeta. \u00a1Ay\u00fadanos a transformar el mundo con Exaudi! En Exaudi creemos que la evangelizaci\u00f3n y la informaci\u00f3n de calidad pueden cambiar vidas. Para continuar con nuestra misi\u00f3n y expandir nuestro alcance, necesitamos tu ayuda. Adem\u00e1s, buscamos personas comprometidas que deseen unirse a nuestro equipo. Con tu apoyo, lograremos llegar a m\u00e1s personas, difundir el mensaje de Cristo y reforzar la unidad de los cristianos. \u00bfTe unes a nuestra misi\u00f3n? Para m\u00e1s informaci\u00f3n sobre c\u00f3mo colaborar, visita Exaudi.org\\\/es o cont\u00e1ctanos directamente: info@exaudi.org Exaudi: Informa, forma y transforma.\",\"sameAs\":[\"https:\\\/\\\/www.facebook.com\\\/ExaudiNoticias\\\/\",\"https:\\\/\\\/www.instagram.com\\\/exaudi_noticias\\\/\",\"https:\\\/\\\/x.com\\\/Exaudi_noticias\",\"https:\\\/\\\/www.youtube.com\\\/@exaudicatholicnews\"],\"url\":\"https:\\\/\\\/exaudi.org\\\/es\\\/author\\\/redaccionexaudi\\\/\"}]}<\/script>\n<!-- \/ Yoast SEO plugin. -->","yoast_head_json":{"title":"Papa Le\u00f3n XIV: La Humanidad de Jes\u00fas nos revela la verdad del Padre &#8211; Exaudi","robots":{"index":"index","follow":"follow","max-snippet":"max-snippet:-1","max-image-preview":"max-image-preview:large","max-video-preview":"max-video-preview:-1"},"canonical":"https:\/\/exaudi.org\/es\/papa-leon-xiv-la-humanidad-de-jesus-nos-revela-la-verdad-del-padre\/","og_locale":"es_ES","og_type":"article","og_title":"Papa Le\u00f3n XIV: La Humanidad de Jes\u00fas nos revela la verdad del Padre &#8211; Exaudi","og_description":"En la Audiencia General del 21 de enero de 2026, el Pont\u00edfice enfatiza que la revelaci\u00f3n divina se realiza a trav\u00e9s de un di\u00e1logo de alianza, invitando a los fieles a acoger la humanidad integral de Cristo","og_url":"https:\/\/exaudi.org\/es\/papa-leon-xiv-la-humanidad-de-jesus-nos-revela-la-verdad-del-padre\/","og_site_name":"Exaudi","article_publisher":"https:\/\/www.facebook.com\/ExaudiNews","article_author":"https:\/\/www.facebook.com\/ExaudiNoticias\/","article_published_time":"2026-01-21T09:59:33+00:00","article_modified_time":"2026-01-21T15:10:02+00:00","og_image":[{"width":1280,"height":852,"url":"https:\/\/exaudi.org\/wp-content\/uploads\/2026\/01\/cq5dam.web_.1280.1280-6.jpeg","type":"image\/jpeg"}],"author":"Exaudi Redacci\u00f3n","twitter_card":"summary_large_image","twitter_creator":"@Exaudi_noticias","twitter_site":"@Exaudi_News","twitter_misc":{"Escrito por":"Exaudi Redacci\u00f3n","Tiempo de lectura":"3 minutos"},"schema":{"@context":"https:\/\/schema.org","@graph":[{"@type":"Article","@id":"https:\/\/exaudi.org\/es\/papa-leon-xiv-la-humanidad-de-jesus-nos-revela-la-verdad-del-padre\/#article","isPartOf":{"@id":"https:\/\/exaudi.org\/es\/papa-leon-xiv-la-humanidad-de-jesus-nos-revela-la-verdad-del-padre\/"},"author":{"name":"Exaudi Redacci\u00f3n","@id":"https:\/\/exaudi.org\/#\/schema\/person\/f5fc8f063065e38742da7afe15f25df7"},"headline":"Papa Le\u00f3n XIV: La Humanidad de Jes\u00fas nos revela la verdad del Padre","datePublished":"2026-01-21T09:59:33+00:00","dateModified":"2026-01-21T15:10:02+00:00","mainEntityOfPage":{"@id":"https:\/\/exaudi.org\/es\/papa-leon-xiv-la-humanidad-de-jesus-nos-revela-la-verdad-del-padre\/"},"wordCount":532,"image":{"@id":"https:\/\/exaudi.org\/es\/papa-leon-xiv-la-humanidad-de-jesus-nos-revela-la-verdad-del-padre\/#primaryimage"},"thumbnailUrl":"https:\/\/exaudi.org\/wp-content\/uploads\/2026\/01\/cq5dam.web_.1280.1280-6.jpeg","keywords":["21 enero 2026","catequesis papal","catequesis papal","catequesis papal","confianza en el Padre","di\u00e1logo de alianza","humanidad de Jes\u00fas","Jesucristo mediador","paz mundo","plenitud revelaci\u00f3n","revelaci\u00f3n divina","revelaci\u00f3n divina","revelaci\u00f3n divina","Semana Oraci\u00f3n Unidad Cristiana","verdad del Padre"],"inLanguage":"es"},{"@type":"WebPage","@id":"https:\/\/exaudi.org\/es\/papa-leon-xiv-la-humanidad-de-jesus-nos-revela-la-verdad-del-padre\/","url":"https:\/\/exaudi.org\/es\/papa-leon-xiv-la-humanidad-de-jesus-nos-revela-la-verdad-del-padre\/","name":"Papa Le\u00f3n XIV: La Humanidad de Jes\u00fas nos revela la verdad del Padre &#8211; Exaudi","isPartOf":{"@id":"https:\/\/exaudi.org\/#website"},"primaryImageOfPage":{"@id":"https:\/\/exaudi.org\/es\/papa-leon-xiv-la-humanidad-de-jesus-nos-revela-la-verdad-del-padre\/#primaryimage"},"image":{"@id":"https:\/\/exaudi.org\/es\/papa-leon-xiv-la-humanidad-de-jesus-nos-revela-la-verdad-del-padre\/#primaryimage"},"thumbnailUrl":"https:\/\/exaudi.org\/wp-content\/uploads\/2026\/01\/cq5dam.web_.1280.1280-6.jpeg","datePublished":"2026-01-21T09:59:33+00:00","dateModified":"2026-01-21T15:10:02+00:00","author":{"@id":"https:\/\/exaudi.org\/#\/schema\/person\/f5fc8f063065e38742da7afe15f25df7"},"breadcrumb":{"@id":"https:\/\/exaudi.org\/es\/papa-leon-xiv-la-humanidad-de-jesus-nos-revela-la-verdad-del-padre\/#breadcrumb"},"inLanguage":"es","potentialAction":[{"@type":"ReadAction","target":["https:\/\/exaudi.org\/es\/papa-leon-xiv-la-humanidad-de-jesus-nos-revela-la-verdad-del-padre\/"]}]},{"@type":"ImageObject","inLanguage":"es","@id":"https:\/\/exaudi.org\/es\/papa-leon-xiv-la-humanidad-de-jesus-nos-revela-la-verdad-del-padre\/#primaryimage","url":"https:\/\/exaudi.org\/wp-content\/uploads\/2026\/01\/cq5dam.web_.1280.1280-6.jpeg","contentUrl":"https:\/\/exaudi.org\/wp-content\/uploads\/2026\/01\/cq5dam.web_.1280.1280-6.jpeg","width":1280,"height":852},{"@type":"BreadcrumbList","@id":"https:\/\/exaudi.org\/es\/papa-leon-xiv-la-humanidad-de-jesus-nos-revela-la-verdad-del-padre\/#breadcrumb","itemListElement":[{"@type":"ListItem","position":1,"name":"Portada","item":"https:\/\/exaudi.org\/es\/"},{"@type":"ListItem","position":2,"name":"Papa Le\u00f3n XIV: La Humanidad de Jes\u00fas nos revela la verdad del Padre"}]},{"@type":"WebSite","@id":"https:\/\/exaudi.org\/#website","url":"https:\/\/exaudi.org\/","name":"Exaudi","description":"News","potentialAction":[{"@type":"SearchAction","target":{"@type":"EntryPoint","urlTemplate":"https:\/\/exaudi.org\/?s={search_term_string}"},"query-input":{"@type":"PropertyValueSpecification","valueRequired":true,"valueName":"search_term_string"}}],"inLanguage":"es"},{"@type":"Person","@id":"https:\/\/exaudi.org\/#\/schema\/person\/f5fc8f063065e38742da7afe15f25df7","name":"Exaudi Redacci\u00f3n","image":{"@type":"ImageObject","inLanguage":"es","@id":"https:\/\/secure.gravatar.com\/avatar\/fe0f6a059fb68d9b3e11bc5850dd4899b1c7492091a3cb6dd9b01b56ad828be2?s=96&d=mm&r=g","url":"https:\/\/secure.gravatar.com\/avatar\/fe0f6a059fb68d9b3e11bc5850dd4899b1c7492091a3cb6dd9b01b56ad828be2?s=96&d=mm&r=g","contentUrl":"https:\/\/secure.gravatar.com\/avatar\/fe0f6a059fb68d9b3e11bc5850dd4899b1c7492091a3cb6dd9b01b56ad828be2?s=96&d=mm&r=g","caption":"Exaudi Redacci\u00f3n"},"description":"\u00bfQu\u00e9 es Exaudi News? Exaudi News es un medio de comunicaci\u00f3n cat\u00f3lico internacional que informa, forma y transforma, diariamente en espa\u00f1ol, ingl\u00e9s e italiano. A trav\u00e9s de noticias, art\u00edculos de an\u00e1lisis y transmisiones en directo de los eventos del Papa, Exaudi busca fortalecer la unidad de los cristianos y contribuir a la evangelizaci\u00f3n del mundo, siempre guiados por la doctrina social de la Iglesia. Trabajamos para acercar la verdad y los valores cristianos a cada rinc\u00f3n del planeta. \u00a1Ay\u00fadanos a transformar el mundo con Exaudi! En Exaudi creemos que la evangelizaci\u00f3n y la informaci\u00f3n de calidad pueden cambiar vidas. Para continuar con nuestra misi\u00f3n y expandir nuestro alcance, necesitamos tu ayuda. Adem\u00e1s, buscamos personas comprometidas que deseen unirse a nuestro equipo. Con tu apoyo, lograremos llegar a m\u00e1s personas, difundir el mensaje de Cristo y reforzar la unidad de los cristianos. \u00bfTe unes a nuestra misi\u00f3n? Para m\u00e1s informaci\u00f3n sobre c\u00f3mo colaborar, visita Exaudi.org\/es o cont\u00e1ctanos directamente: info@exaudi.org Exaudi: Informa, forma y transforma.","sameAs":["https:\/\/www.facebook.com\/ExaudiNoticias\/","https:\/\/www.instagram.com\/exaudi_noticias\/","https:\/\/x.com\/Exaudi_noticias","https:\/\/www.youtube.com\/@exaudicatholicnews"],"url":"https:\/\/exaudi.org\/es\/author\/redaccionexaudi\/"}]}},"jetpack_featured_media_url":"https:\/\/exaudi.org\/wp-content\/uploads\/2026\/01\/cq5dam.web_.1280.1280-6.jpeg","jetpack_shortlink":"https:\/\/wp.me\/pgKjF2-EdD","_links":{"self":[{"href":"https:\/\/exaudi.org\/es\/wp-json\/wp\/v2\/posts\/154605","targetHints":{"allow":["GET"]}}],"collection":[{"href":"https:\/\/exaudi.org\/es\/wp-json\/wp\/v2\/posts"}],"about":[{"href":"https:\/\/exaudi.org\/es\/wp-json\/wp\/v2\/types\/post"}],"author":[{"embeddable":true,"href":"https:\/\/exaudi.org\/es\/wp-json\/wp\/v2\/users\/15"}],"replies":[{"embeddable":true,"href":"https:\/\/exaudi.org\/es\/wp-json\/wp\/v2\/comments?post=154605"}],"version-history":[{"count":5,"href":"https:\/\/exaudi.org\/es\/wp-json\/wp\/v2\/posts\/154605\/revisions"}],"predecessor-version":[{"id":154619,"href":"https:\/\/exaudi.org\/es\/wp-json\/wp\/v2\/posts\/154605\/revisions\/154619"}],"wp:featuredmedia":[{"embeddable":true,"href":"https:\/\/exaudi.org\/es\/wp-json\/wp\/v2\/media\/154613"}],"wp:attachment":[{"href":"https:\/\/exaudi.org\/es\/wp-json\/wp\/v2\/media?parent=154605"}],"wp:term":[{"taxonomy":"category","embeddable":true,"href":"https:\/\/exaudi.org\/es\/wp-json\/wp\/v2\/categories?post=154605"},{"taxonomy":"post_tag","embeddable":true,"href":"https:\/\/exaudi.org\/es\/wp-json\/wp\/v2\/tags?post=154605"}],"curies":[{"name":"wp","href":"https:\/\/api.w.org\/{rel}","templated":true}]}}