{"id":154594,"date":"2026-01-22T08:30:25","date_gmt":"2026-01-22T07:30:25","guid":{"rendered":"https:\/\/exaudi.org\/?p=154594"},"modified":"2026-01-21T13:12:28","modified_gmt":"2026-01-21T12:12:28","slug":"quien-nos-cuidara","status":"publish","type":"post","link":"https:\/\/exaudi.org\/es\/quien-nos-cuidara\/","title":{"rendered":"\u00bfQui\u00e9n nos cuidar\u00e1?"},"content":{"rendered":"<p>\u00bfQui\u00e9n cuidar\u00e1 de nosotros en un mundo cada vez m\u00e1s envejecido y solo? A partir de la pel\u00edcula\u00a0<em>Turno de guardia<\/em>, Vicente Bellver Capella reflexiona sobre la crisis global de la enfermer\u00eda, la escasez de cuidadores informales y los desaf\u00edos \u00e9ticos que plantea el futuro de los cuidados, subrayando la centralidad de la persona, la comunidad y la dignidad humana en la asistencia sanitaria.<\/p>\n<p><iframe title=\"Spotify Embed: \u00bfQui\u00e9n nos cuidar\u00e1?\" style=\"border-radius: 12px\" width=\"100%\" height=\"152\" frameborder=\"0\" allowfullscreen allow=\"autoplay; clipboard-write; encrypted-media; fullscreen; picture-in-picture\" loading=\"lazy\" src=\"https:\/\/open.spotify.com\/embed\/episode\/7hf9hkJS5ctdpvfHWLSBiW?si=82cc919bc5524382&amp;utm_source=oembed\"><\/iframe><\/p>\n<p><em>Turno de guardia\u00a0<\/em>es una de las pel\u00edculas que aspiran al Oscar a la mejor pel\u00edcula internacional. La protagonista, Floria Lindt, trabaja como enfermera de planta en un hospital suizo. Su jornada es agotadora porque tiene muchos m\u00e1s pacientes que tiempo para cuidarlos, y porque sus funciones entra\u00f1an un nivel de riesgo y responsabilidad que le exige estar permanentemente al m\u00e1ximo nivel de alerta y competencia. A pesar de la presi\u00f3n, su prioridad es siempre el bien de cada persona concreta a la que atiende. Sin caer en el sentimentalismo, la pel\u00edcula es probablemente el mayor homenaje que la gran pantalla ha dedicado hasta el momento a la enfermer\u00eda. Y es de justicia que por fin se haya hecho porque la imagen cinematogr\u00e1fica m\u00e1s extendida de la enfermera ha sido bastante superficial y urgente revisarla. Pero tambi\u00e9n es muy oportuno que este homenaje se rinda precisamente ahora, cuando se extiende la conciencia de que los cuidados son un aspecto nuclear de la asistencia sanitaria. El paradigma tecnocr\u00e1tico que alumbr\u00f3 la asistencia sanitaria tras la 2\u00aa Guerra Mundial est\u00e1 siendo reemplazado por un paradigma hol\u00edstico, que propone una asistencia centrada en la persona y no en la patolog\u00eda. Por supuesto, curar sigue siendo uno de los fines de la medicina. Pero cuando no es posible curar siempre se puede y se debe cuidar; y gracias a esos cuidados, las personas podemos tener una vida digna y con calidad hasta el final.<\/p>\n<p><iframe loading=\"lazy\" title=\"TURNO DE GUARDIA | TR\u00c1ILER ESPA\u00d1OL | 16 DE ENERO SOLO EN CINES\" width=\"500\" height=\"281\" src=\"https:\/\/www.youtube.com\/embed\/rWdQQPrWhdE?feature=oembed\" frameborder=\"0\" allow=\"accelerometer; autoplay; clipboard-write; encrypted-media; gyroscope; picture-in-picture; web-share\" referrerpolicy=\"strict-origin-when-cross-origin\" allowfullscreen><\/iframe><\/p>\n<p>La pel\u00edcula est\u00e1 ambientada en un hospital suizo, es decir, en uno de los pa\u00edses m\u00e1s ricos del mundo y con un alto nivel de asistencia sanitaria. Y, sin embargo, nos presenta una plantilla de hospital en la que no hay enfermeras suficientes para atender debidamente a todos los pacientes. Si eso ocurre en Suiza, \u00bfqu\u00e9 nos podemos encontrar en la mayor\u00eda de los pa\u00edses del mundo? Lo que nos muestra la pel\u00edcula no es ficci\u00f3n. Es una inquietante realidad que se agudiza crecientemente en los pr\u00f3ximos a\u00f1os: faltan enfermeras en todo el mundo. Sin af\u00e1n exhaustivo, se pueden identificar cuatro causas principales de esta crisis.<\/p>\n<p>Primera, el aumento de la demanda por el incremento de la cronicidad y la dependencia, fen\u00f3menos mayormente asociados al creciente envejecimiento de la poblaci\u00f3n. Segunda, la disminuci\u00f3n del n\u00famero de enfermeras por jubilaciones, agotamiento o migraci\u00f3n. Cuando una enfermera se va a trabajar a otro pa\u00eds, es obvio que deja un hueco en el suyo que no se cubre f\u00e1cilmente. Tercera, el insuficiente reconocimiento social y econ\u00f3mico, unido a las extenuantes condiciones de muchos de los puestos de enfermera.<\/p>\n<p><a href=\"https:\/\/www.observatoriobioetica.org\/wp-content\/uploads\/2026\/01\/fotos-web-Observatorio-Bioetica-29-scaled.jpg\" data-wpel-link=\"internal\" data-caption=\"\"><picture class=\"alignnone wp-image-10006918\"><source srcset=\"https:\/\/www.observatoriobioetica.org\/wp-content\/uploads\/2026\/01\/fotos-web-Observatorio-Bioetica-29-200x39.jpg.avif 200w, https:\/\/www.observatoriobioetica.org\/wp-content\/uploads\/2026\/01\/fotos-web-Observatorio-Bioetica-29-300x58.jpg.avif 300w, https:\/\/www.observatoriobioetica.org\/wp-content\/uploads\/2026\/01\/fotos-web-Observatorio-Bioetica-29-400x78.jpg.avif 400w, https:\/\/www.observatoriobioetica.org\/wp-content\/uploads\/2026\/01\/fotos-web-Observatorio-Bioetica-29-600x116.jpg.avif 600w, https:\/\/www.observatoriobioetica.org\/wp-content\/uploads\/2026\/01\/fotos-web-Observatorio-Bioetica-29-768x149.jpg.avif 768w, https:\/\/www.observatoriobioetica.org\/wp-content\/uploads\/2026\/01\/fotos-web-Observatorio-Bioetica-29-800x155.jpg.avif 800w, https:\/\/www.observatoriobioetica.org\/wp-content\/uploads\/2026\/01\/fotos-web-Observatorio-Bioetica-29-1024x199.jpg.avif 1024w, https:\/\/www.observatoriobioetica.org\/wp-content\/uploads\/2026\/01\/fotos-web-Observatorio-Bioetica-29-1200x233.jpg.avif 1200w, https:\/\/www.observatoriobioetica.org\/wp-content\/uploads\/2026\/01\/fotos-web-Observatorio-Bioetica-29-1320x256.jpg.avif 1320w, https:\/\/www.observatoriobioetica.org\/wp-content\/uploads\/2026\/01\/fotos-web-Observatorio-Bioetica-29-1536x298.jpg.avif 1536w\" type=\"image\/avif\" sizes=\"(max-width: 1142px) 100vw, 1142px\" \/><img loading=\"lazy\" decoding=\"async\" src=\"https:\/\/www.observatoriobioetica.org\/wp-content\/uploads\/2026\/01\/fotos-web-Observatorio-Bioetica-29-1024x199.jpg\" sizes=\"auto, (max-width: 1142px) 100vw, 1142px\" srcset=\"https:\/\/www.observatoriobioetica.org\/wp-content\/uploads\/2026\/01\/fotos-web-Observatorio-Bioetica-29-200x39.jpg 200w, https:\/\/www.observatoriobioetica.org\/wp-content\/uploads\/2026\/01\/fotos-web-Observatorio-Bioetica-29-300x58.jpg 300w, https:\/\/www.observatoriobioetica.org\/wp-content\/uploads\/2026\/01\/fotos-web-Observatorio-Bioetica-29-400x78.jpg 400w, https:\/\/www.observatoriobioetica.org\/wp-content\/uploads\/2026\/01\/fotos-web-Observatorio-Bioetica-29-600x116.jpg 600w, https:\/\/www.observatoriobioetica.org\/wp-content\/uploads\/2026\/01\/fotos-web-Observatorio-Bioetica-29-768x149.jpg 768w, https:\/\/www.observatoriobioetica.org\/wp-content\/uploads\/2026\/01\/fotos-web-Observatorio-Bioetica-29-800x155.jpg 800w, https:\/\/www.observatoriobioetica.org\/wp-content\/uploads\/2026\/01\/fotos-web-Observatorio-Bioetica-29-1024x199.jpg 1024w, https:\/\/www.observatoriobioetica.org\/wp-content\/uploads\/2026\/01\/fotos-web-Observatorio-Bioetica-29-1200x233.jpg 1200w, https:\/\/www.observatoriobioetica.org\/wp-content\/uploads\/2026\/01\/fotos-web-Observatorio-Bioetica-29-1320x256.jpg 1320w, https:\/\/www.observatoriobioetica.org\/wp-content\/uploads\/2026\/01\/fotos-web-Observatorio-Bioetica-29-1536x298.jpg 1536w\" alt=\"\" width=\"1142\" height=\"222\" \/><\/picture><\/a><\/p>\n<p>Quiero prestar algo m\u00e1s de atenci\u00f3n a la que considero cuarta causa de la crisis de la enfermer\u00eda: la paulatina disminuci\u00f3n de los cuidadores informales. Uno de los efectos de la soledad no deseada en la que viven cada vez m\u00e1s personas en todo el mundo es la falta de cuidadores informales. El \u201cacompa\u00f1ante\u201d en la habitaci\u00f3n de un hospital no es un figurante que, en el mejor de los casos, se limita a dar apoyo emocional. Es un actor imprescindible en la asistencia y su ausencia no puede ser suplida por las enfermeras, a las que se les incrementa en buena medida su trabajo. En la pel\u00edcula, cuando uno de los pacientes se presenta a Floria y le dice: \u00abestoy solo\u00bb, la enfermera le contesta: \u00abNo, me tiene a m\u00ed\u00bb. Esa respuesta da la medida del alto compromiso profesional que Floria tiene con sus pacientes. Pero ella sabe, y todos sabemos, que esa falta de acompa\u00f1ante es irreemplazable por mucho que trate de paliarla.<\/p>\n<p>Si nos faltan enfermeras y cuidadores informales, y ese problema se va a disparar en los pr\u00f3ximos a\u00f1os, \u00bfqu\u00e9 podemos hacer? No desesperar y buscar soluciones creativas y realistas, que es lo propio del ser humano cuando afronta los retos que le presenta la vida. Yo propongo tres l\u00edneas de acci\u00f3n, y las presento en orden creciente de importancia. En primer lugar, aprovechar todas las posibilidades que nos va a brindar la IA y la rob\u00f3tica. Es cierto que no son pocos los problemas \u00e9ticos que trae consigo su desarrollo e implantaci\u00f3n: deshumanizaci\u00f3n de los cuidados, asalto a la intimidad de las personas, brecha digital entre los que pueden y no pueden incorporarse al mundo virtual, etc. Esta bioprecariedad digital deber\u00e1 ser afrontada con dise\u00f1os adecuados de las aplicaciones y los robots, y con pol\u00edticas que garanticen el acceso universal a estas tecnolog\u00edas. En segundo lugar, potenciar la enfermer\u00eda. Aunque cuidar no es tan aparente como curar, es igual de importante y totalmente imprescindible: puede haber asistencia sin curaci\u00f3n, pero nunca sin cuidados. Si nos convencemos de que no podemos vivir sin la enfermer\u00eda, y reconocemos el valor que le corresponde, surgir\u00e1n enfermeras t\u00e9cnicamente competentes que pongan a la persona en el centro de su profesi\u00f3n. Y por \u00faltimo, pero lo m\u00e1s importante, debemos promover comunidades cuidadoras. La epidemia de soledad que aflige al mundo solo se revertir\u00e1 con el florecimiento de comunidades, cuya semilla siempre es la familia, el arquetipo cuidador por antonomasia. Si promovemos \u2018familia\u2019, reverdecer\u00e1n las comunidades y, con ellas, los cuidados. En ese entorno propicio, la enfermer\u00eda se percibir\u00e1 como una profesi\u00f3n atractiva, con la que vale la pena comprometerse. Y, muy importante, nos sentiremos legitimados para orientar el dise\u00f1o de las tecnolog\u00edas de cuidados digitales, de modo que cuiden y no deshumanicen.<\/p>\n<p><em><strong>Vicente Bellver Capella . Catedr\u00e1tico de Filosof\u00eda del Derecho y Pol\u00edtica. Universitat de Val\u00e8ncia<\/strong><\/em><\/p>\n<h6><a href=\"https:\/\/www.lasprovincias.es\/opinion\/vicente-bellver-capellacatedratico-de-filosofia-del-derecho-y-politica-universitat-de-valencia-cuidara-20260117000038-nt.html\" target=\"_blank\" rel=\"external noopener noreferrer\" data-wpel-link=\"external\">*Tribuna publicada en el diario \u201cLas Provincias\u201d<\/a><\/h6>\n<p><img loading=\"lazy\" decoding=\"async\" class=\"size-full wp-image-154601 alignnone\" src=\"https:\/\/exaudi.org\/wp-content\/uploads\/2026\/01\/Voces-13.jpg\" alt=\"\" width=\"940\" height=\"788\" srcset=\"https:\/\/exaudi.org\/wp-content\/uploads\/2026\/01\/Voces-13.jpg 940w, https:\/\/exaudi.org\/wp-content\/uploads\/2026\/01\/Voces-13-300x251.jpg 300w, https:\/\/exaudi.org\/wp-content\/uploads\/2026\/01\/Voces-13-770x645.jpg 770w, https:\/\/exaudi.org\/wp-content\/uploads\/2026\/01\/Voces-13-500x419.jpg 500w\" sizes=\"auto, (max-width: 940px) 100vw, 940px\" \/><\/p>\n","protected":false},"excerpt":{"rendered":"<p>La crisis global de la enfermer\u00eda, la escasez de cuidadores informales y los desaf\u00edos \u00e9ticos que plantea el futuro de los cuidados<\/p>\n","protected":false},"author":87,"featured_media":154597,"comment_status":"closed","ping_status":"closed","sticky":false,"template":"","format":"standard","meta":{"_acf_changed":false,"_crdt_document":"","inline_featured_image":false,"footnotes":""},"categories":[72],"tags":[90302,90284,90299,90285,90287,90288,90289,90296,12167,90301,90295,90286,90306,90293,90305,90294,90298,90308,90291,90303,630,90307,90300,90292,90304,90297,46142,58880,90290,90282,90283],"class_list":["post-154594","post","type-post","status-publish","format-standard","has-post-thumbnail","hentry","category-analisis","tag-burnout-enfermeras","tag-catedratico-de-filosofia-del-derecho-y-politica","tag-comunidades-cuidadoras","tag-crisis-enfermeria","tag-crisis-global-enfermeria","tag-cuidadores-informales","tag-cuidados-persona","tag-dependencia-cronicidad","tag-dignidad-humana","tag-enfermeria-profesion","tag-envejecimiento-poblacion","tag-escasez-enfermeras","tag-etica-cuidados","tag-floria-enfermera","tag-futuro-cuidados","tag-hospital-suizo","tag-ia-salud","tag-las-provincias-tribuna","tag-late-shift-pelicula","tag-migracion-enfermeras","tag-observatorio-de-bioetica-de-la-universidad-catolica-de-valencia","tag-oscar-pelicula-internacional","tag-paradigma-holistico-medicina","tag-petra-volpe","tag-reconocimiento-enfermeria","tag-robotica-cuidados","tag-soledad-no-deseada","tag-trending-es-151","tag-turno-de-guardia-pelicula","tag-universitat-de-valencia","tag-vicente-bellver-capella"],"acf":[],"yoast_head":"<!-- This site is optimized with the Yoast SEO plugin v27.4 - https:\/\/yoast.com\/product\/yoast-seo-wordpress\/ -->\n<title>\u00bfQui\u00e9n nos cuidar\u00e1? &#8211; Exaudi<\/title>\n<meta name=\"robots\" content=\"index, follow, max-snippet:-1, max-image-preview:large, max-video-preview:-1\" \/>\n<link rel=\"canonical\" href=\"https:\/\/exaudi.org\/es\/quien-nos-cuidara\/\" \/>\n<meta property=\"og:locale\" content=\"es_ES\" \/>\n<meta property=\"og:type\" content=\"article\" \/>\n<meta property=\"og:title\" content=\"\u00bfQui\u00e9n nos cuidar\u00e1? &#8211; Exaudi\" \/>\n<meta property=\"og:description\" content=\"La crisis global de la enfermer\u00eda, la escasez de cuidadores informales y los desaf\u00edos \u00e9ticos que plantea el futuro de los cuidados\" \/>\n<meta property=\"og:url\" content=\"https:\/\/exaudi.org\/es\/quien-nos-cuidara\/\" \/>\n<meta property=\"og:site_name\" content=\"Exaudi\" \/>\n<meta property=\"article:publisher\" content=\"https:\/\/www.facebook.com\/ExaudiNews\" \/>\n<meta property=\"article:author\" content=\"https:\/\/www.facebook.com\/observatoriodebioetica\/\" \/>\n<meta property=\"article:published_time\" content=\"2026-01-22T07:30:25+00:00\" \/>\n<meta property=\"og:image\" content=\"https:\/\/exaudi.org\/wp-content\/uploads\/2026\/01\/8-scaled-compressed-scaled.jpg\" \/>\n\t<meta property=\"og:image:width\" content=\"2560\" \/>\n\t<meta property=\"og:image:height\" content=\"994\" \/>\n\t<meta property=\"og:image:type\" content=\"image\/jpeg\" \/>\n<meta name=\"author\" content=\"Observatorio de Bio\u00e9tica UCV\" \/>\n<meta name=\"twitter:card\" content=\"summary_large_image\" \/>\n<meta name=\"twitter:creator\" content=\"@obioetica\" \/>\n<meta name=\"twitter:site\" content=\"@Exaudi_News\" \/>\n<meta name=\"twitter:label1\" content=\"Escrito por\" \/>\n\t<meta name=\"twitter:data1\" content=\"Observatorio de Bio\u00e9tica UCV\" \/>\n\t<meta name=\"twitter:label2\" content=\"Tiempo de lectura\" \/>\n\t<meta name=\"twitter:data2\" content=\"5 minutos\" \/>\n<script type=\"application\/ld+json\" class=\"yoast-schema-graph\">{\"@context\":\"https:\\\/\\\/schema.org\",\"@graph\":[{\"@type\":\"Article\",\"@id\":\"https:\\\/\\\/exaudi.org\\\/es\\\/quien-nos-cuidara\\\/#article\",\"isPartOf\":{\"@id\":\"https:\\\/\\\/exaudi.org\\\/es\\\/quien-nos-cuidara\\\/\"},\"author\":{\"name\":\"Observatorio de Bio\u00e9tica UCV\",\"@id\":\"https:\\\/\\\/exaudi.org\\\/#\\\/schema\\\/person\\\/05d1c06e56ecb5490e9bff0d27026595\"},\"headline\":\"\u00bfQui\u00e9n nos cuidar\u00e1?\",\"datePublished\":\"2026-01-22T07:30:25+00:00\",\"mainEntityOfPage\":{\"@id\":\"https:\\\/\\\/exaudi.org\\\/es\\\/quien-nos-cuidara\\\/\"},\"wordCount\":1064,\"image\":{\"@id\":\"https:\\\/\\\/exaudi.org\\\/es\\\/quien-nos-cuidara\\\/#primaryimage\"},\"thumbnailUrl\":\"https:\\\/\\\/exaudi.org\\\/wp-content\\\/uploads\\\/2026\\\/01\\\/8-scaled-compressed-scaled.jpg\",\"keywords\":[\"burnout enfermeras\",\"Catedr\u00e1tico de Filosof\u00eda del Derecho y Pol\u00edtica\",\"comunidades cuidadoras\",\"crisis enfermer\u00eda\",\"crisis global enfermer\u00eda\",\"cuidadores informales\",\"cuidados persona\",\"dependencia cronicidad\",\"Dignidad humana\",\"enfermer\u00eda profesi\u00f3n\",\"envejecimiento poblaci\u00f3n\",\"escasez enfermeras\",\"\u00e9tica cuidados\",\"Floria enfermera\",\"futuro cuidados\",\"hospital suizo\",\"IA salud\",\"Las Provincias tribuna\",\"Late Shift pel\u00edcula\",\"migraci\u00f3n enfermeras\",\"Observatorio de Bio\u00e9tica de la Universidad Cat\u00f3lica de Valencia\",\"Oscar pel\u00edcula internacional\",\"paradigma hol\u00edstico medicina\",\"Petra Volpe\",\"reconocimiento enfermer\u00eda\",\"rob\u00f3tica cuidados\",\"soledad no deseada\",\"Trending\",\"Turno de guardia pel\u00edcula\",\"Universitat de Val\u00e8ncia\",\"Vicente Bellver Capella\"],\"articleSection\":[\"An\u00e1lisis\"],\"inLanguage\":\"es\"},{\"@type\":\"WebPage\",\"@id\":\"https:\\\/\\\/exaudi.org\\\/es\\\/quien-nos-cuidara\\\/\",\"url\":\"https:\\\/\\\/exaudi.org\\\/es\\\/quien-nos-cuidara\\\/\",\"name\":\"\u00bfQui\u00e9n nos cuidar\u00e1? &#8211; Exaudi\",\"isPartOf\":{\"@id\":\"https:\\\/\\\/exaudi.org\\\/#website\"},\"primaryImageOfPage\":{\"@id\":\"https:\\\/\\\/exaudi.org\\\/es\\\/quien-nos-cuidara\\\/#primaryimage\"},\"image\":{\"@id\":\"https:\\\/\\\/exaudi.org\\\/es\\\/quien-nos-cuidara\\\/#primaryimage\"},\"thumbnailUrl\":\"https:\\\/\\\/exaudi.org\\\/wp-content\\\/uploads\\\/2026\\\/01\\\/8-scaled-compressed-scaled.jpg\",\"datePublished\":\"2026-01-22T07:30:25+00:00\",\"author\":{\"@id\":\"https:\\\/\\\/exaudi.org\\\/#\\\/schema\\\/person\\\/05d1c06e56ecb5490e9bff0d27026595\"},\"breadcrumb\":{\"@id\":\"https:\\\/\\\/exaudi.org\\\/es\\\/quien-nos-cuidara\\\/#breadcrumb\"},\"inLanguage\":\"es\",\"potentialAction\":[{\"@type\":\"ReadAction\",\"target\":[\"https:\\\/\\\/exaudi.org\\\/es\\\/quien-nos-cuidara\\\/\"]}]},{\"@type\":\"ImageObject\",\"inLanguage\":\"es\",\"@id\":\"https:\\\/\\\/exaudi.org\\\/es\\\/quien-nos-cuidara\\\/#primaryimage\",\"url\":\"https:\\\/\\\/exaudi.org\\\/wp-content\\\/uploads\\\/2026\\\/01\\\/8-scaled-compressed-scaled.jpg\",\"contentUrl\":\"https:\\\/\\\/exaudi.org\\\/wp-content\\\/uploads\\\/2026\\\/01\\\/8-scaled-compressed-scaled.jpg\",\"width\":2560,\"height\":994},{\"@type\":\"BreadcrumbList\",\"@id\":\"https:\\\/\\\/exaudi.org\\\/es\\\/quien-nos-cuidara\\\/#breadcrumb\",\"itemListElement\":[{\"@type\":\"ListItem\",\"position\":1,\"name\":\"Portada\",\"item\":\"https:\\\/\\\/exaudi.org\\\/es\\\/\"},{\"@type\":\"ListItem\",\"position\":2,\"name\":\"\u00bfQui\u00e9n nos cuidar\u00e1?\"}]},{\"@type\":\"WebSite\",\"@id\":\"https:\\\/\\\/exaudi.org\\\/#website\",\"url\":\"https:\\\/\\\/exaudi.org\\\/\",\"name\":\"Exaudi\",\"description\":\"News\",\"potentialAction\":[{\"@type\":\"SearchAction\",\"target\":{\"@type\":\"EntryPoint\",\"urlTemplate\":\"https:\\\/\\\/exaudi.org\\\/?s={search_term_string}\"},\"query-input\":{\"@type\":\"PropertyValueSpecification\",\"valueRequired\":true,\"valueName\":\"search_term_string\"}}],\"inLanguage\":\"es\"},{\"@type\":\"Person\",\"@id\":\"https:\\\/\\\/exaudi.org\\\/#\\\/schema\\\/person\\\/05d1c06e56ecb5490e9bff0d27026595\",\"name\":\"Observatorio de Bio\u00e9tica UCV\",\"image\":{\"@type\":\"ImageObject\",\"inLanguage\":\"es\",\"@id\":\"https:\\\/\\\/secure.gravatar.com\\\/avatar\\\/086563f59595a89fb0851de25d712a03657b1cdfa8af3c9cd0a1ee122fc5d596?s=96&d=mm&r=g\",\"url\":\"https:\\\/\\\/secure.gravatar.com\\\/avatar\\\/086563f59595a89fb0851de25d712a03657b1cdfa8af3c9cd0a1ee122fc5d596?s=96&d=mm&r=g\",\"contentUrl\":\"https:\\\/\\\/secure.gravatar.com\\\/avatar\\\/086563f59595a89fb0851de25d712a03657b1cdfa8af3c9cd0a1ee122fc5d596?s=96&d=mm&r=g\",\"caption\":\"Observatorio de Bio\u00e9tica UCV\"},\"description\":\"El Observatorio de Bio\u00e9tica se encuentra dentro del Instituto Ciencias de la vida de la Universidad Cat\u00f3lica de Valencia \u201cSan Vicente M\u00e1rtir\u201d . En el trasfondo de sus publicaciones, se defiende la vida humana desde la fecundaci\u00f3n a la muerte natural y la dignidad de la persona, teniendo como objetivo aunar esfuerzos para difundir la cultura de la vida como la define la Evangelium Vitae.\",\"sameAs\":[\"https:\\\/\\\/www.observatoriobioetica.org\\\/\",\"https:\\\/\\\/www.facebook.com\\\/observatoriodebioetica\\\/\",\"https:\\\/\\\/x.com\\\/obioetica\",\"https:\\\/\\\/www.youtube.com\\\/channel\\\/UC_Tr4WS5-TXoNo5e1MdQc7w\"],\"url\":\"https:\\\/\\\/exaudi.org\\\/es\\\/author\\\/observatoriodebioeticaucv\\\/\"}]}<\/script>\n<!-- \/ Yoast SEO plugin. -->","yoast_head_json":{"title":"\u00bfQui\u00e9n nos cuidar\u00e1? &#8211; Exaudi","robots":{"index":"index","follow":"follow","max-snippet":"max-snippet:-1","max-image-preview":"max-image-preview:large","max-video-preview":"max-video-preview:-1"},"canonical":"https:\/\/exaudi.org\/es\/quien-nos-cuidara\/","og_locale":"es_ES","og_type":"article","og_title":"\u00bfQui\u00e9n nos cuidar\u00e1? &#8211; Exaudi","og_description":"La crisis global de la enfermer\u00eda, la escasez de cuidadores informales y los desaf\u00edos \u00e9ticos que plantea el futuro de los cuidados","og_url":"https:\/\/exaudi.org\/es\/quien-nos-cuidara\/","og_site_name":"Exaudi","article_publisher":"https:\/\/www.facebook.com\/ExaudiNews","article_author":"https:\/\/www.facebook.com\/observatoriodebioetica\/","article_published_time":"2026-01-22T07:30:25+00:00","og_image":[{"width":2560,"height":994,"url":"https:\/\/exaudi.org\/wp-content\/uploads\/2026\/01\/8-scaled-compressed-scaled.jpg","type":"image\/jpeg"}],"author":"Observatorio de Bio\u00e9tica UCV","twitter_card":"summary_large_image","twitter_creator":"@obioetica","twitter_site":"@Exaudi_News","twitter_misc":{"Escrito por":"Observatorio de Bio\u00e9tica UCV","Tiempo de lectura":"5 minutos"},"schema":{"@context":"https:\/\/schema.org","@graph":[{"@type":"Article","@id":"https:\/\/exaudi.org\/es\/quien-nos-cuidara\/#article","isPartOf":{"@id":"https:\/\/exaudi.org\/es\/quien-nos-cuidara\/"},"author":{"name":"Observatorio de Bio\u00e9tica UCV","@id":"https:\/\/exaudi.org\/#\/schema\/person\/05d1c06e56ecb5490e9bff0d27026595"},"headline":"\u00bfQui\u00e9n nos cuidar\u00e1?","datePublished":"2026-01-22T07:30:25+00:00","mainEntityOfPage":{"@id":"https:\/\/exaudi.org\/es\/quien-nos-cuidara\/"},"wordCount":1064,"image":{"@id":"https:\/\/exaudi.org\/es\/quien-nos-cuidara\/#primaryimage"},"thumbnailUrl":"https:\/\/exaudi.org\/wp-content\/uploads\/2026\/01\/8-scaled-compressed-scaled.jpg","keywords":["burnout enfermeras","Catedr\u00e1tico de Filosof\u00eda del Derecho y Pol\u00edtica","comunidades cuidadoras","crisis enfermer\u00eda","crisis global enfermer\u00eda","cuidadores informales","cuidados persona","dependencia cronicidad","Dignidad humana","enfermer\u00eda profesi\u00f3n","envejecimiento poblaci\u00f3n","escasez enfermeras","\u00e9tica cuidados","Floria enfermera","futuro cuidados","hospital suizo","IA salud","Las Provincias tribuna","Late Shift pel\u00edcula","migraci\u00f3n enfermeras","Observatorio de Bio\u00e9tica de la Universidad Cat\u00f3lica de Valencia","Oscar pel\u00edcula internacional","paradigma hol\u00edstico medicina","Petra Volpe","reconocimiento enfermer\u00eda","rob\u00f3tica cuidados","soledad no deseada","Trending","Turno de guardia pel\u00edcula","Universitat de Val\u00e8ncia","Vicente Bellver Capella"],"articleSection":["An\u00e1lisis"],"inLanguage":"es"},{"@type":"WebPage","@id":"https:\/\/exaudi.org\/es\/quien-nos-cuidara\/","url":"https:\/\/exaudi.org\/es\/quien-nos-cuidara\/","name":"\u00bfQui\u00e9n nos cuidar\u00e1? &#8211; Exaudi","isPartOf":{"@id":"https:\/\/exaudi.org\/#website"},"primaryImageOfPage":{"@id":"https:\/\/exaudi.org\/es\/quien-nos-cuidara\/#primaryimage"},"image":{"@id":"https:\/\/exaudi.org\/es\/quien-nos-cuidara\/#primaryimage"},"thumbnailUrl":"https:\/\/exaudi.org\/wp-content\/uploads\/2026\/01\/8-scaled-compressed-scaled.jpg","datePublished":"2026-01-22T07:30:25+00:00","author":{"@id":"https:\/\/exaudi.org\/#\/schema\/person\/05d1c06e56ecb5490e9bff0d27026595"},"breadcrumb":{"@id":"https:\/\/exaudi.org\/es\/quien-nos-cuidara\/#breadcrumb"},"inLanguage":"es","potentialAction":[{"@type":"ReadAction","target":["https:\/\/exaudi.org\/es\/quien-nos-cuidara\/"]}]},{"@type":"ImageObject","inLanguage":"es","@id":"https:\/\/exaudi.org\/es\/quien-nos-cuidara\/#primaryimage","url":"https:\/\/exaudi.org\/wp-content\/uploads\/2026\/01\/8-scaled-compressed-scaled.jpg","contentUrl":"https:\/\/exaudi.org\/wp-content\/uploads\/2026\/01\/8-scaled-compressed-scaled.jpg","width":2560,"height":994},{"@type":"BreadcrumbList","@id":"https:\/\/exaudi.org\/es\/quien-nos-cuidara\/#breadcrumb","itemListElement":[{"@type":"ListItem","position":1,"name":"Portada","item":"https:\/\/exaudi.org\/es\/"},{"@type":"ListItem","position":2,"name":"\u00bfQui\u00e9n nos cuidar\u00e1?"}]},{"@type":"WebSite","@id":"https:\/\/exaudi.org\/#website","url":"https:\/\/exaudi.org\/","name":"Exaudi","description":"News","potentialAction":[{"@type":"SearchAction","target":{"@type":"EntryPoint","urlTemplate":"https:\/\/exaudi.org\/?s={search_term_string}"},"query-input":{"@type":"PropertyValueSpecification","valueRequired":true,"valueName":"search_term_string"}}],"inLanguage":"es"},{"@type":"Person","@id":"https:\/\/exaudi.org\/#\/schema\/person\/05d1c06e56ecb5490e9bff0d27026595","name":"Observatorio de Bio\u00e9tica UCV","image":{"@type":"ImageObject","inLanguage":"es","@id":"https:\/\/secure.gravatar.com\/avatar\/086563f59595a89fb0851de25d712a03657b1cdfa8af3c9cd0a1ee122fc5d596?s=96&d=mm&r=g","url":"https:\/\/secure.gravatar.com\/avatar\/086563f59595a89fb0851de25d712a03657b1cdfa8af3c9cd0a1ee122fc5d596?s=96&d=mm&r=g","contentUrl":"https:\/\/secure.gravatar.com\/avatar\/086563f59595a89fb0851de25d712a03657b1cdfa8af3c9cd0a1ee122fc5d596?s=96&d=mm&r=g","caption":"Observatorio de Bio\u00e9tica UCV"},"description":"El Observatorio de Bio\u00e9tica se encuentra dentro del Instituto Ciencias de la vida de la Universidad Cat\u00f3lica de Valencia \u201cSan Vicente M\u00e1rtir\u201d . En el trasfondo de sus publicaciones, se defiende la vida humana desde la fecundaci\u00f3n a la muerte natural y la dignidad de la persona, teniendo como objetivo aunar esfuerzos para difundir la cultura de la vida como la define la Evangelium Vitae.","sameAs":["https:\/\/www.observatoriobioetica.org\/","https:\/\/www.facebook.com\/observatoriodebioetica\/","https:\/\/x.com\/obioetica","https:\/\/www.youtube.com\/channel\/UC_Tr4WS5-TXoNo5e1MdQc7w"],"url":"https:\/\/exaudi.org\/es\/author\/observatoriodebioeticaucv\/"}]}},"jetpack_featured_media_url":"https:\/\/exaudi.org\/wp-content\/uploads\/2026\/01\/8-scaled-compressed-scaled.jpg","jetpack_shortlink":"https:\/\/wp.me\/pgKjF2-Eds","_links":{"self":[{"href":"https:\/\/exaudi.org\/es\/wp-json\/wp\/v2\/posts\/154594","targetHints":{"allow":["GET"]}}],"collection":[{"href":"https:\/\/exaudi.org\/es\/wp-json\/wp\/v2\/posts"}],"about":[{"href":"https:\/\/exaudi.org\/es\/wp-json\/wp\/v2\/types\/post"}],"author":[{"embeddable":true,"href":"https:\/\/exaudi.org\/es\/wp-json\/wp\/v2\/users\/87"}],"replies":[{"embeddable":true,"href":"https:\/\/exaudi.org\/es\/wp-json\/wp\/v2\/comments?post=154594"}],"version-history":[{"count":5,"href":"https:\/\/exaudi.org\/es\/wp-json\/wp\/v2\/posts\/154594\/revisions"}],"predecessor-version":[{"id":154691,"href":"https:\/\/exaudi.org\/es\/wp-json\/wp\/v2\/posts\/154594\/revisions\/154691"}],"wp:featuredmedia":[{"embeddable":true,"href":"https:\/\/exaudi.org\/es\/wp-json\/wp\/v2\/media\/154597"}],"wp:attachment":[{"href":"https:\/\/exaudi.org\/es\/wp-json\/wp\/v2\/media?parent=154594"}],"wp:term":[{"taxonomy":"category","embeddable":true,"href":"https:\/\/exaudi.org\/es\/wp-json\/wp\/v2\/categories?post=154594"},{"taxonomy":"post_tag","embeddable":true,"href":"https:\/\/exaudi.org\/es\/wp-json\/wp\/v2\/tags?post=154594"}],"curies":[{"name":"wp","href":"https:\/\/api.w.org\/{rel}","templated":true}]}}