{"id":15443,"date":"2021-05-06T12:10:32","date_gmt":"2021-05-06T10:10:32","guid":{"rendered":"https:\/\/exaudi.org\/?p=15443"},"modified":"2021-05-07T11:13:10","modified_gmt":"2021-05-07T09:13:10","slug":"guardia-suiza-discurso-del-papa-a-nuevos-reclutas-2021","status":"publish","type":"post","link":"https:\/\/exaudi.org\/es\/guardia-suiza-discurso-del-papa-a-nuevos-reclutas-2021\/","title":{"rendered":"Guardia Suiza: Discurso del Papa a nuevos reclutas"},"content":{"rendered":"<p>En la ma\u00f1ana de hoy, 6 de mayo de 2021, el Papa Francisco ha recibido en audiencia, en el Palacio Apost\u00f3lico Vaticano, a los nuevos reclutas de la <a href=\"https:\/\/www.guardiasvizzera.ch\/paepstliche-schweizergarde\/en\/about-us\/\" target=\"_blank\" rel=\"noopener noreferrer\">Guardia Suiza Pontificia<\/a>, acompa\u00f1ados de sus padres, que prestar\u00e1n <a href=\"https:\/\/exaudi.org\/es\/guardia-suiza-juramento-2021-solo-con-familiares-cercanos\/\" target=\"_blank\" rel=\"noopener noreferrer\">juramento<\/a> esta misma tarde en el Patio de San D\u00e1maso del Vaticano.<\/p>\n<p>En su mensaje, el Santo Padre les ha recordado que las funciones de la Guardia Suiza, \u201caunque de car\u00e1cter militar, constituyen un servicio especial al Sumo Pont\u00edfice y a la Sede Apost\u00f3lica en beneficio de toda la Iglesia\u201d. Por ello, \u201ces gran motivo de aprecio que los j\u00f3venes decidan dedicar algunos a\u00f1os de su vida al servicio generoso del Sucesor de Pedro y de la comunidad eclesial\u201d.<\/p>\n<p>Asimismo, ha se\u00f1alado como a veces \u201cel Se\u00f1or llama a algunos de vosotros a seguirle por el camino del sacerdocio o de la vida consagrada, encontrando un terreno disponible cultivado precisamente durante vuestro tiempo de servicio en la Guardia\u201d, mientras otros siguen la vocaci\u00f3n matrimonial y \u201cforman su propia familia\u201d. \u201cCon vosotros doy gracias al Se\u00f1or, fuente de todo bien, por los diversos dones y vocaciones que os ha confiado, y rezo para que los que ahora comienzan su servicio respondan plenamente a la llamada de Cristo, sigui\u00e9ndole con fiel generosidad\u201d, a\u00f1ade en este sentido.<\/p>\n<h4><strong>Cortes\u00eda y amabilidad<\/strong><\/h4>\n<p>Francisco aprovech\u00f3 la ocasi\u00f3n para \u201cagradecer p\u00fablicamente a todos los miembros de la Guardia Suiza su diligente servicio\u201d, apreciando \u201cmucho vuestra capacidad de conjugar los aspectos profesionales y espirituales, expresando as\u00ed vuestra devoci\u00f3n y fidelidad a la Sede Apost\u00f3lica\u201d y resaltando su cortes\u00eda y amabilidad con los turistas: \u201cNo olvid\u00e9is nunca estas cualidades, que constituyen un bello testimonio y un signo de la hospitalidad de la Iglesia\u201d.<\/p>\n<p>El Papa expres\u00f3 tambi\u00e9n sus mejores deseos a los j\u00f3venes reclutas, \u201cespero que tengan experiencias espirituales y humanas fruct\u00edferas tanto en el Vaticano como en la ciudad de Roma. Ojal\u00e1\u00a0 estos a\u00f1os que pasar\u00e9is aqu\u00ed sean una ocasi\u00f3n para profundizar en vuestra fe y en un amor a\u00fan m\u00e1s fuerte por la Iglesia\u201d.<\/p>\n<p>A continuaci\u00f3n, sigue el discurso completo del Obispo de Roma.<\/p>\n<p>***<\/p>\n<h4><strong>Discurso del Santo Padre<\/strong><\/h4>\n<p>Estimados oficiales y miembros de la Guardia Suiza,<\/p>\n<p>Queridos miembros de la familia,<\/p>\n<p>Con motivo del juramento de los reclutas, me complace recibiros en la casa del Sucesor de Pedro. Saludo al coronel Christoph Graf, que dirige el Cuerpo de la Guardia Suiza con gran abnegaci\u00f3n, al capell\u00e1n, a los oficiales y suboficiales y a todos los miembros del Cuerpo. Doy la bienvenida a los padres y madres que se suman a esta fiesta: su presencia atestigua el apego de muchos cat\u00f3licos suizos a la Iglesia, y en particular a la Sede de Pedro.<\/p>\n<p>Los lugares donde los nuevos reclutas son llamados a servir est\u00e1n cargados de historia; desde la creaci\u00f3n de la Guardia Suiza Pontificia, muchos j\u00f3venes han cumplido con compromiso y fidelidad esa particular misi\u00f3n que el Cuerpo sigue desempe\u00f1ando hoy. Algunos han llegado a sacrificar su propia vida para defender al Papa.<\/p>\n<p>Como bien sab\u00e9is, las funciones de la Guardia Suiza, aunque de car\u00e1cter militar, constituyen un servicio especial al Sumo Pont\u00edfice y a la Sede Apost\u00f3lica en beneficio de toda la Iglesia. Por eso es gran motivo de aprecio que los j\u00f3venes decidan dedicar algunos a\u00f1os de su vida al servicio generoso del Sucesor de Pedro y de la comunidad eclesial. A veces el Se\u00f1or llama a algunos de vosotros a seguirle por el camino del sacerdocio o de la vida consagrada, encontrando un terreno disponible cultivado precisamente durante vuestro tiempo de servicio en la Guardia. Otros, sin embargo, siguen la vocaci\u00f3n conyugal y forman su propia familia. Con vosotros doy gracias al Se\u00f1or, fuente de todo bien, por los diversos dones y vocaciones que os ha confiado, y rezo para que los que ahora comienzan su servicio respondan plenamente a la llamada de Cristo, sigui\u00e9ndole con fiel generosidad.<\/p>\n<p>Esta ocasi\u00f3n me da la oportunidad de agradecer p\u00fablicamente a todos los miembros de la Guardia Suiza su diligente servicio. Aprecio mucho vuestra capacidad de conjugar los aspectos profesionales y espirituales, expresando as\u00ed vuestra devoci\u00f3n y fidelidad a la Sede Apost\u00f3lica. Por su parte, los peregrinos y turistas que acuden a Roma tienen la oportunidad de experimentar la cortes\u00eda y la amabilidad de los guardias en las distintas entradas de la Ciudad del Vaticano. No olvid\u00e9is nunca estas cualidades, que constituyen un bello testimonio y un signo de la hospitalidad de la Iglesia.<\/p>\n<p>Expreso mis mejores deseos a los j\u00f3venes reclutas y espero que tengan experiencias espirituales y humanas fruct\u00edferas tanto en el Vaticano como en la ciudad de Roma. Ojal\u00e1\u00a0estos a\u00f1os que pasar\u00e9is aqu\u00ed sean una ocasi\u00f3n para profundizar en vuestra fe y en un amor a\u00fan m\u00e1s fuerte por la Iglesia. Os acompa\u00f1o con mi oraci\u00f3n y os agradezco que hay\u00e1is elegido poner a disposici\u00f3n del Sucesor de Pedro algunos a\u00f1os de vuestra vida. Vosotros tambi\u00e9n, por favor, rezad por m\u00ed.<\/p>\n<p>Con estos sentimientos, os deseo una feliz fiesta y de coraz\u00f3n imparto la bendici\u00f3n apost\u00f3lica a los aqu\u00ed presentes y a todo el Cuerpo de la Guardia Suiza Pontificia.<\/p>\n<p><strong>\u00a9 Librer\u00eda Editora Vaticana<\/strong><\/p>\n","protected":false},"excerpt":{"rendered":"<p>Prestar\u00e1n juramento esta tarde<\/p>\n","protected":false},"author":5,"featured_media":15444,"comment_status":"open","ping_status":"open","sticky":false,"template":"","format":"standard","meta":{"_acf_changed":false,"_crdt_document":"","inline_featured_image":false,"footnotes":""},"categories":[146,298,132],"tags":[2162,1654,158,272],"class_list":["post-15443","post","type-post","status-publish","format-standard","has-post-thumbnail","hentry","category-ciudad-del-vaticano","category-ultimas-noticias","category-vaticano-es","tag-guardia-suiza","tag-juramento-2021","tag-papa-francisco","tag-vaticano-es"],"acf":[],"yoast_head":"<!-- This site is optimized with the Yoast SEO plugin v27.5 - https:\/\/yoast.com\/product\/yoast-seo-wordpress\/ -->\n<title>Guardia Suiza: Discurso del Papa a nuevos reclutas &#8211; Exaudi<\/title>\n<meta name=\"description\" content=\"Hoy el Papa Francisco ha recibido en audiencia a los nuevos reclutas de la Guardia Suiza que prestar\u00e1n juramento esta tarde\" \/>\n<meta name=\"robots\" content=\"index, follow, max-snippet:-1, max-image-preview:large, max-video-preview:-1\" \/>\n<link rel=\"canonical\" href=\"https:\/\/exaudi.org\/es\/guardia-suiza-discurso-del-papa-a-nuevos-reclutas-2021\/\" \/>\n<meta property=\"og:locale\" content=\"es_ES\" \/>\n<meta property=\"og:type\" content=\"article\" \/>\n<meta property=\"og:title\" content=\"Guardia Suiza: Discurso del Papa a nuevos reclutas &#8211; Exaudi\" \/>\n<meta property=\"og:description\" content=\"Hoy el Papa Francisco ha recibido en audiencia a los nuevos reclutas de la Guardia Suiza que prestar\u00e1n juramento esta tarde\" \/>\n<meta property=\"og:url\" content=\"https:\/\/exaudi.org\/es\/guardia-suiza-discurso-del-papa-a-nuevos-reclutas-2021\/\" \/>\n<meta property=\"og:site_name\" content=\"Exaudi\" \/>\n<meta property=\"article:publisher\" content=\"https:\/\/www.facebook.com\/ExaudiNews\" \/>\n<meta property=\"article:published_time\" content=\"2021-05-06T10:10:32+00:00\" \/>\n<meta property=\"article:modified_time\" content=\"2021-05-07T09:13:10+00:00\" \/>\n<meta property=\"og:image\" content=\"https:\/\/exaudi.org\/wp-content\/uploads\/2021\/05\/Guardia-Suiza.jpg\" \/>\n\t<meta property=\"og:image:width\" content=\"1440\" \/>\n\t<meta property=\"og:image:height\" content=\"1440\" \/>\n\t<meta property=\"og:image:type\" content=\"image\/jpeg\" \/>\n<meta name=\"author\" content=\"Larissa I. L\u00f3pez\" \/>\n<meta name=\"twitter:card\" content=\"summary_large_image\" \/>\n<meta name=\"twitter:creator\" content=\"@Exaudi_News\" \/>\n<meta name=\"twitter:site\" content=\"@Exaudi_News\" \/>\n<meta name=\"twitter:label1\" content=\"Escrito por\" \/>\n\t<meta name=\"twitter:data1\" content=\"Larissa I. L\u00f3pez\" \/>\n\t<meta name=\"twitter:label2\" content=\"Tiempo de lectura\" \/>\n\t<meta name=\"twitter:data2\" content=\"4 minutos\" \/>\n<script type=\"application\/ld+json\" class=\"yoast-schema-graph\">{\"@context\":\"https:\\\/\\\/schema.org\",\"@graph\":[{\"@type\":\"Article\",\"@id\":\"https:\\\/\\\/exaudi.org\\\/es\\\/guardia-suiza-discurso-del-papa-a-nuevos-reclutas-2021\\\/#article\",\"isPartOf\":{\"@id\":\"https:\\\/\\\/exaudi.org\\\/es\\\/guardia-suiza-discurso-del-papa-a-nuevos-reclutas-2021\\\/\"},\"author\":{\"name\":\"Larissa I. L\u00f3pez\",\"@id\":\"https:\\\/\\\/exaudi.org\\\/#\\\/schema\\\/person\\\/7d2f77db033c2c0929edfab6dbe8c588\"},\"headline\":\"Guardia Suiza: Discurso del Papa a nuevos reclutas\",\"datePublished\":\"2021-05-06T10:10:32+00:00\",\"dateModified\":\"2021-05-07T09:13:10+00:00\",\"mainEntityOfPage\":{\"@id\":\"https:\\\/\\\/exaudi.org\\\/es\\\/guardia-suiza-discurso-del-papa-a-nuevos-reclutas-2021\\\/\"},\"wordCount\":926,\"commentCount\":1,\"image\":{\"@id\":\"https:\\\/\\\/exaudi.org\\\/es\\\/guardia-suiza-discurso-del-papa-a-nuevos-reclutas-2021\\\/#primaryimage\"},\"thumbnailUrl\":\"https:\\\/\\\/exaudi.org\\\/wp-content\\\/uploads\\\/2021\\\/05\\\/Guardia-Suiza.jpg\",\"keywords\":[\"Guardia Suiza\",\"Juramento 2021\",\"papa francisco\",\"Vaticano\"],\"articleSection\":[\"Ciudad del Vaticano\",\"\u00daltimas noticias\",\"Vaticano\"],\"inLanguage\":\"es\",\"potentialAction\":[{\"@type\":\"CommentAction\",\"name\":\"Comment\",\"target\":[\"https:\\\/\\\/exaudi.org\\\/es\\\/guardia-suiza-discurso-del-papa-a-nuevos-reclutas-2021\\\/#respond\"]}]},{\"@type\":\"WebPage\",\"@id\":\"https:\\\/\\\/exaudi.org\\\/es\\\/guardia-suiza-discurso-del-papa-a-nuevos-reclutas-2021\\\/\",\"url\":\"https:\\\/\\\/exaudi.org\\\/es\\\/guardia-suiza-discurso-del-papa-a-nuevos-reclutas-2021\\\/\",\"name\":\"Guardia Suiza: Discurso del Papa a nuevos reclutas &#8211; Exaudi\",\"isPartOf\":{\"@id\":\"https:\\\/\\\/exaudi.org\\\/#website\"},\"primaryImageOfPage\":{\"@id\":\"https:\\\/\\\/exaudi.org\\\/es\\\/guardia-suiza-discurso-del-papa-a-nuevos-reclutas-2021\\\/#primaryimage\"},\"image\":{\"@id\":\"https:\\\/\\\/exaudi.org\\\/es\\\/guardia-suiza-discurso-del-papa-a-nuevos-reclutas-2021\\\/#primaryimage\"},\"thumbnailUrl\":\"https:\\\/\\\/exaudi.org\\\/wp-content\\\/uploads\\\/2021\\\/05\\\/Guardia-Suiza.jpg\",\"datePublished\":\"2021-05-06T10:10:32+00:00\",\"dateModified\":\"2021-05-07T09:13:10+00:00\",\"author\":{\"@id\":\"https:\\\/\\\/exaudi.org\\\/#\\\/schema\\\/person\\\/7d2f77db033c2c0929edfab6dbe8c588\"},\"description\":\"Hoy el Papa Francisco ha recibido en audiencia a los nuevos reclutas de la Guardia Suiza que prestar\u00e1n juramento esta tarde\",\"breadcrumb\":{\"@id\":\"https:\\\/\\\/exaudi.org\\\/es\\\/guardia-suiza-discurso-del-papa-a-nuevos-reclutas-2021\\\/#breadcrumb\"},\"inLanguage\":\"es\",\"potentialAction\":[{\"@type\":\"ReadAction\",\"target\":[\"https:\\\/\\\/exaudi.org\\\/es\\\/guardia-suiza-discurso-del-papa-a-nuevos-reclutas-2021\\\/\"]}]},{\"@type\":\"ImageObject\",\"inLanguage\":\"es\",\"@id\":\"https:\\\/\\\/exaudi.org\\\/es\\\/guardia-suiza-discurso-del-papa-a-nuevos-reclutas-2021\\\/#primaryimage\",\"url\":\"https:\\\/\\\/exaudi.org\\\/wp-content\\\/uploads\\\/2021\\\/05\\\/Guardia-Suiza.jpg\",\"contentUrl\":\"https:\\\/\\\/exaudi.org\\\/wp-content\\\/uploads\\\/2021\\\/05\\\/Guardia-Suiza.jpg\",\"width\":1440,\"height\":1440,\"caption\":\"Guardia Suiza \u00a9 Vatican Media\"},{\"@type\":\"BreadcrumbList\",\"@id\":\"https:\\\/\\\/exaudi.org\\\/es\\\/guardia-suiza-discurso-del-papa-a-nuevos-reclutas-2021\\\/#breadcrumb\",\"itemListElement\":[{\"@type\":\"ListItem\",\"position\":1,\"name\":\"Portada\",\"item\":\"https:\\\/\\\/exaudi.org\\\/es\\\/\"},{\"@type\":\"ListItem\",\"position\":2,\"name\":\"Guardia Suiza: Discurso del Papa a nuevos reclutas\"}]},{\"@type\":\"WebSite\",\"@id\":\"https:\\\/\\\/exaudi.org\\\/#website\",\"url\":\"https:\\\/\\\/exaudi.org\\\/\",\"name\":\"Exaudi\",\"description\":\"News\",\"potentialAction\":[{\"@type\":\"SearchAction\",\"target\":{\"@type\":\"EntryPoint\",\"urlTemplate\":\"https:\\\/\\\/exaudi.org\\\/?s={search_term_string}\"},\"query-input\":{\"@type\":\"PropertyValueSpecification\",\"valueRequired\":true,\"valueName\":\"search_term_string\"}}],\"inLanguage\":\"es\"},{\"@type\":\"Person\",\"@id\":\"https:\\\/\\\/exaudi.org\\\/#\\\/schema\\\/person\\\/7d2f77db033c2c0929edfab6dbe8c588\",\"name\":\"Larissa I. L\u00f3pez\",\"image\":{\"@type\":\"ImageObject\",\"inLanguage\":\"es\",\"@id\":\"https:\\\/\\\/secure.gravatar.com\\\/avatar\\\/db3ef399ff343d0bb9d25dc5198bc8ece5ac6d621eca79876697a354dabc1e3f?s=96&d=mm&r=g\",\"url\":\"https:\\\/\\\/secure.gravatar.com\\\/avatar\\\/db3ef399ff343d0bb9d25dc5198bc8ece5ac6d621eca79876697a354dabc1e3f?s=96&d=mm&r=g\",\"contentUrl\":\"https:\\\/\\\/secure.gravatar.com\\\/avatar\\\/db3ef399ff343d0bb9d25dc5198bc8ece5ac6d621eca79876697a354dabc1e3f?s=96&d=mm&r=g\",\"caption\":\"Larissa I. L\u00f3pez\"},\"description\":\"Doctora en Comunicaci\u00f3n. Mi trayectoria profesional ha transcurrido entre el \u00e1mbito de la comunicaci\u00f3n y el de la docencia. En los \u00faltimos a\u00f1os, he trabajado como coordinadora y redactora de la edici\u00f3n de ZENIT en espa\u00f1ol. Como profesora, he impartido clases en la universidad y en centros de FP y bachillerato. Cordobesa de nacimiento, tambi\u00e9n he vivido en Sevilla, Madrid y Roma\",\"url\":\"https:\\\/\\\/exaudi.org\\\/es\\\/author\\\/llopezexaudi-org\\\/\"}]}<\/script>\n<!-- \/ Yoast SEO plugin. -->","yoast_head_json":{"title":"Guardia Suiza: Discurso del Papa a nuevos reclutas &#8211; Exaudi","description":"Hoy el Papa Francisco ha recibido en audiencia a los nuevos reclutas de la Guardia Suiza que prestar\u00e1n juramento esta tarde","robots":{"index":"index","follow":"follow","max-snippet":"max-snippet:-1","max-image-preview":"max-image-preview:large","max-video-preview":"max-video-preview:-1"},"canonical":"https:\/\/exaudi.org\/es\/guardia-suiza-discurso-del-papa-a-nuevos-reclutas-2021\/","og_locale":"es_ES","og_type":"article","og_title":"Guardia Suiza: Discurso del Papa a nuevos reclutas &#8211; Exaudi","og_description":"Hoy el Papa Francisco ha recibido en audiencia a los nuevos reclutas de la Guardia Suiza que prestar\u00e1n juramento esta tarde","og_url":"https:\/\/exaudi.org\/es\/guardia-suiza-discurso-del-papa-a-nuevos-reclutas-2021\/","og_site_name":"Exaudi","article_publisher":"https:\/\/www.facebook.com\/ExaudiNews","article_published_time":"2021-05-06T10:10:32+00:00","article_modified_time":"2021-05-07T09:13:10+00:00","og_image":[{"width":1440,"height":1440,"url":"https:\/\/exaudi.org\/wp-content\/uploads\/2021\/05\/Guardia-Suiza.jpg","type":"image\/jpeg"}],"author":"Larissa I. L\u00f3pez","twitter_card":"summary_large_image","twitter_creator":"@Exaudi_News","twitter_site":"@Exaudi_News","twitter_misc":{"Escrito por":"Larissa I. L\u00f3pez","Tiempo de lectura":"4 minutos"},"schema":{"@context":"https:\/\/schema.org","@graph":[{"@type":"Article","@id":"https:\/\/exaudi.org\/es\/guardia-suiza-discurso-del-papa-a-nuevos-reclutas-2021\/#article","isPartOf":{"@id":"https:\/\/exaudi.org\/es\/guardia-suiza-discurso-del-papa-a-nuevos-reclutas-2021\/"},"author":{"name":"Larissa I. L\u00f3pez","@id":"https:\/\/exaudi.org\/#\/schema\/person\/7d2f77db033c2c0929edfab6dbe8c588"},"headline":"Guardia Suiza: Discurso del Papa a nuevos reclutas","datePublished":"2021-05-06T10:10:32+00:00","dateModified":"2021-05-07T09:13:10+00:00","mainEntityOfPage":{"@id":"https:\/\/exaudi.org\/es\/guardia-suiza-discurso-del-papa-a-nuevos-reclutas-2021\/"},"wordCount":926,"commentCount":1,"image":{"@id":"https:\/\/exaudi.org\/es\/guardia-suiza-discurso-del-papa-a-nuevos-reclutas-2021\/#primaryimage"},"thumbnailUrl":"https:\/\/exaudi.org\/wp-content\/uploads\/2021\/05\/Guardia-Suiza.jpg","keywords":["Guardia Suiza","Juramento 2021","papa francisco","Vaticano"],"articleSection":["Ciudad del Vaticano","\u00daltimas noticias","Vaticano"],"inLanguage":"es","potentialAction":[{"@type":"CommentAction","name":"Comment","target":["https:\/\/exaudi.org\/es\/guardia-suiza-discurso-del-papa-a-nuevos-reclutas-2021\/#respond"]}]},{"@type":"WebPage","@id":"https:\/\/exaudi.org\/es\/guardia-suiza-discurso-del-papa-a-nuevos-reclutas-2021\/","url":"https:\/\/exaudi.org\/es\/guardia-suiza-discurso-del-papa-a-nuevos-reclutas-2021\/","name":"Guardia Suiza: Discurso del Papa a nuevos reclutas &#8211; Exaudi","isPartOf":{"@id":"https:\/\/exaudi.org\/#website"},"primaryImageOfPage":{"@id":"https:\/\/exaudi.org\/es\/guardia-suiza-discurso-del-papa-a-nuevos-reclutas-2021\/#primaryimage"},"image":{"@id":"https:\/\/exaudi.org\/es\/guardia-suiza-discurso-del-papa-a-nuevos-reclutas-2021\/#primaryimage"},"thumbnailUrl":"https:\/\/exaudi.org\/wp-content\/uploads\/2021\/05\/Guardia-Suiza.jpg","datePublished":"2021-05-06T10:10:32+00:00","dateModified":"2021-05-07T09:13:10+00:00","author":{"@id":"https:\/\/exaudi.org\/#\/schema\/person\/7d2f77db033c2c0929edfab6dbe8c588"},"description":"Hoy el Papa Francisco ha recibido en audiencia a los nuevos reclutas de la Guardia Suiza que prestar\u00e1n juramento esta tarde","breadcrumb":{"@id":"https:\/\/exaudi.org\/es\/guardia-suiza-discurso-del-papa-a-nuevos-reclutas-2021\/#breadcrumb"},"inLanguage":"es","potentialAction":[{"@type":"ReadAction","target":["https:\/\/exaudi.org\/es\/guardia-suiza-discurso-del-papa-a-nuevos-reclutas-2021\/"]}]},{"@type":"ImageObject","inLanguage":"es","@id":"https:\/\/exaudi.org\/es\/guardia-suiza-discurso-del-papa-a-nuevos-reclutas-2021\/#primaryimage","url":"https:\/\/exaudi.org\/wp-content\/uploads\/2021\/05\/Guardia-Suiza.jpg","contentUrl":"https:\/\/exaudi.org\/wp-content\/uploads\/2021\/05\/Guardia-Suiza.jpg","width":1440,"height":1440,"caption":"Guardia Suiza \u00a9 Vatican Media"},{"@type":"BreadcrumbList","@id":"https:\/\/exaudi.org\/es\/guardia-suiza-discurso-del-papa-a-nuevos-reclutas-2021\/#breadcrumb","itemListElement":[{"@type":"ListItem","position":1,"name":"Portada","item":"https:\/\/exaudi.org\/es\/"},{"@type":"ListItem","position":2,"name":"Guardia Suiza: Discurso del Papa a nuevos reclutas"}]},{"@type":"WebSite","@id":"https:\/\/exaudi.org\/#website","url":"https:\/\/exaudi.org\/","name":"Exaudi","description":"News","potentialAction":[{"@type":"SearchAction","target":{"@type":"EntryPoint","urlTemplate":"https:\/\/exaudi.org\/?s={search_term_string}"},"query-input":{"@type":"PropertyValueSpecification","valueRequired":true,"valueName":"search_term_string"}}],"inLanguage":"es"},{"@type":"Person","@id":"https:\/\/exaudi.org\/#\/schema\/person\/7d2f77db033c2c0929edfab6dbe8c588","name":"Larissa I. L\u00f3pez","image":{"@type":"ImageObject","inLanguage":"es","@id":"https:\/\/secure.gravatar.com\/avatar\/db3ef399ff343d0bb9d25dc5198bc8ece5ac6d621eca79876697a354dabc1e3f?s=96&d=mm&r=g","url":"https:\/\/secure.gravatar.com\/avatar\/db3ef399ff343d0bb9d25dc5198bc8ece5ac6d621eca79876697a354dabc1e3f?s=96&d=mm&r=g","contentUrl":"https:\/\/secure.gravatar.com\/avatar\/db3ef399ff343d0bb9d25dc5198bc8ece5ac6d621eca79876697a354dabc1e3f?s=96&d=mm&r=g","caption":"Larissa I. L\u00f3pez"},"description":"Doctora en Comunicaci\u00f3n. Mi trayectoria profesional ha transcurrido entre el \u00e1mbito de la comunicaci\u00f3n y el de la docencia. En los \u00faltimos a\u00f1os, he trabajado como coordinadora y redactora de la edici\u00f3n de ZENIT en espa\u00f1ol. Como profesora, he impartido clases en la universidad y en centros de FP y bachillerato. Cordobesa de nacimiento, tambi\u00e9n he vivido en Sevilla, Madrid y Roma","url":"https:\/\/exaudi.org\/es\/author\/llopezexaudi-org\/"}]}},"jetpack_featured_media_url":"https:\/\/exaudi.org\/wp-content\/uploads\/2021\/05\/Guardia-Suiza.jpg","jetpack_shortlink":"https:\/\/wp.me\/pgKjF2-415","_links":{"self":[{"href":"https:\/\/exaudi.org\/es\/wp-json\/wp\/v2\/posts\/15443","targetHints":{"allow":["GET"]}}],"collection":[{"href":"https:\/\/exaudi.org\/es\/wp-json\/wp\/v2\/posts"}],"about":[{"href":"https:\/\/exaudi.org\/es\/wp-json\/wp\/v2\/types\/post"}],"author":[{"embeddable":true,"href":"https:\/\/exaudi.org\/es\/wp-json\/wp\/v2\/users\/5"}],"replies":[{"embeddable":true,"href":"https:\/\/exaudi.org\/es\/wp-json\/wp\/v2\/comments?post=15443"}],"version-history":[{"count":0,"href":"https:\/\/exaudi.org\/es\/wp-json\/wp\/v2\/posts\/15443\/revisions"}],"wp:featuredmedia":[{"embeddable":true,"href":"https:\/\/exaudi.org\/es\/wp-json\/wp\/v2\/media\/15444"}],"wp:attachment":[{"href":"https:\/\/exaudi.org\/es\/wp-json\/wp\/v2\/media?parent=15443"}],"wp:term":[{"taxonomy":"category","embeddable":true,"href":"https:\/\/exaudi.org\/es\/wp-json\/wp\/v2\/categories?post=15443"},{"taxonomy":"post_tag","embeddable":true,"href":"https:\/\/exaudi.org\/es\/wp-json\/wp\/v2\/tags?post=15443"}],"curies":[{"name":"wp","href":"https:\/\/api.w.org\/{rel}","templated":true}]}}