{"id":154075,"date":"2026-01-17T08:51:21","date_gmt":"2026-01-17T07:51:21","guid":{"rendered":"https:\/\/exaudi.org\/?p=154075"},"modified":"2026-01-17T08:51:21","modified_gmt":"2026-01-17T07:51:21","slug":"este-es-el-cordero-de-dios-que-quita-el-pecado-del-mundo-comentario-del-p-jorge-miro","status":"publish","type":"post","link":"https:\/\/exaudi.org\/es\/este-es-el-cordero-de-dios-que-quita-el-pecado-del-mundo-comentario-del-p-jorge-miro\/","title":{"rendered":"Este es El Cordero de Dios que quita el pecado del mundo: Comentario del P. Jorge Mir\u00f3"},"content":{"rendered":"<p><span dir=\"auto\">El P. Jorge Mir\u00f3 comparte con los lectores de Exaudi su comentario al<a href=\"https:\/\/www.dominicos.org\/predicacion\/homilia\/18-1-2026\/lecturas\/\" target=\"_blank\" rel=\"noopener\"> Evangelio del domingo 18 de enero de 2026<\/a>\u00a0<\/span><span dir=\"auto\">titulado, \u201c<\/span>Este es El Cordero de Dios que quita el pecado del mundo\u201d<span dir=\"auto\">.<\/span><\/p>\n<p>***<\/p>\n<p>Concluido el tiempo de Navidad comenzamos el tiempo Ordinario, el tiempo del combate, el tiempo de vivir la fe de una manera ordinaria en la vida cotidiana y de hacerlo escuchando y acogiendo la predicaci\u00f3n de Jes\u00fas como un <em>camino de santidad<\/em>, es decir, de fe y de amistad con Jes\u00fas, el Maestro y el Se\u00f1or.<\/p>\n<p>A lo largo de este a\u00f1o vamos a ir escuchando la predicaci\u00f3n de Jes\u00fas en la que nos va a mostrar qu\u00e9 es <em>ser cristiano<\/em>, cu\u00e1l es el camino del <em>discipulado<\/em>. Este a\u00f1o lo haremos de la mano del evangelista San Mateo.<\/p>\n<p>En estos primeros d\u00edas del tiempo ordinario, el Se\u00f1or va ense\u00f1\u00e1ndonos a escuchar. Porque no sabemos escuchar. Nos quejamos mucho en la vida cotidiana de que los dem\u00e1s no nos escuchan o de que nos escuchan, pero no nos entienden.<\/p>\n<p>Por eso necesitamos aprender a escuchar al Se\u00f1or, porque si no, podemos estar todos los domingos escuchando la Palabra, pero que la Palabra entre por un o\u00eddo y salga por el otro. O que se quede solo en nuestra cabeza como informaci\u00f3n, pero no llegue a nuestro coraz\u00f3n, que es a donde tiene que llegar.<\/p>\n<p>Para que la Palabra llegue al coraz\u00f3n, necesitamos primero aprender a escuchar y despu\u00e9s pedir el Esp\u00edritu Santo, que es el que habla a tu esp\u00edritu y sella esta palabra en tu coraz\u00f3n. Y te revela y te certifica que t\u00fa eres hijo amado de Dios y por tanto, puedes acoger confiadamente la Palabra y ver c\u00f3mo esta Palabra da fruto en tu vida.<\/p>\n<p>Necesitamos escuchar la llamada de Jes\u00fas invit\u00e1ndonos a la conversi\u00f3n: Convert\u00edos y creed en el Evangelio. Esta es la clave para poder acoger la predicaci\u00f3n de Jes\u00fas. Jes\u00fas hablaba con autoridad. Su Palabra no es una opini\u00f3n m\u00e1s. S\u00f3lo Jes\u00fas tiene palabras de vida eterna, porque s\u00f3lo \u00c9l es el Maestro y el Se\u00f1or. \u00c9l es el \u00fanico Se\u00f1or.<\/p>\n<p>Y hoy tambi\u00e9n la palabra nos ha dicho algo importante: <em>T\u00fa no quieres sacrificios ni ofrendas y en cambio me abriste el o\u00eddo. Aqu\u00ed estoy, Se\u00f1or, para hacer tu voluntad<\/em>. Y con ello el Se\u00f1or nos est\u00e1 invitando a descubrir que estamos en el tiempo de la Nueva Alianza. En la antigua Alianza se hac\u00edan sacrificios y ofrendas. Todos los d\u00edas en el templo se sacrificaba un cordero por la ma\u00f1ana y otro por la tarde. En la Nueva Alianza el Cordero de Dios que quita el pecado del mundo es Jesucristo. \u00c9l se ha ofrecido de una vez para siempre. Y el verdadero sacrificio que quiere el Se\u00f1or para nosotros nos lo dice San Pablo en la carta de los Romanos: <em>Ofreceos vosotros como hostia viva, inmaculada, santa, agradable a Dios.<\/em><\/p>\n<p>\u00bfY qu\u00e9 es lo que nos hace agradables a Dios? Pues poder decir cada d\u00eda, aqu\u00ed estoy, Se\u00f1or, para hacer tu voluntad.<\/p>\n<p>Ser cristiano no es un moralismo ni una ideolog\u00eda o una filosof\u00eda, sino que hay que <em>nacer de nuevo<\/em>, nacer de agua y de Esp\u00edritu, y entrar a formar parte de una <em>nueva familia<\/em> la Iglesia, la familia de <em>los que escuchan la palabra de Dios y la cumplen<\/em>; con unos hermanos concretos que el Se\u00f1or te ha regalado para caminar juntos hacia la meta del cielo.<\/p>\n<p>Ser cristiano es vivir la vida como un encuentro personal con Jesucristo <em>vivo<\/em> y <em>resucitado<\/em>. Es haber descubierto que Dios te ama gratuitamente, que te ha creado por amor y te invita a vivir una vida de amistad y relaci\u00f3n <em>personal<\/em> con \u00c9l.<\/p>\n<p>Y el <em>ser disc\u00edpulo <\/em>se manifiesta en vivir cumpliendo la voluntad del Padre. Este es el <em>culto de la Nueva Alianza.<\/em><\/p>\n<p>Si le abres el coraz\u00f3n al Se\u00f1or y te dejas llenar por el Esp\u00edritu Santo, tambi\u00e9n t\u00fa gozar\u00e1s de la presencia del Esp\u00edritu Santo, que lo hace todo nuevo: <em>Yo esperaba con ansia al Se\u00f1or; \u00e9l se inclin\u00f3 y escuch\u00f3 mi grito. Me puso en la boca un c\u00e1ntico nuevo.<\/em><\/p>\n<p>El camino del cristiano es aceptar a <em>Cristo como la luz<\/em> que puede iluminar tu vida, tu historia, tus actitudes, tus obras; y, con esa luz de Cristo en tu coraz\u00f3n, dejar que Cristo vaya construyendo nuestra vida como \u00c9l quiere, ir viviendo la <em>vocaci\u00f3n a la santidad<\/em><em>. <\/em>El Se\u00f1or te invita a seguirle, a ser <em>santo<\/em>, \u00bfte atreves? \u00bfO tal vez tienes \u201cmiedo\u201d de que el Se\u00f1or cambie \u201cdemasiado\u201d tu vida?<\/p>\n<p>\u00a1Ven, Esp\u00edritu Santo!<\/p>\n","protected":false},"excerpt":{"rendered":"<p>Domingo, 18 de enero de 2026<\/p>\n","protected":false},"author":20,"featured_media":154079,"comment_status":"closed","ping_status":"closed","sticky":false,"template":"","format":"standard","meta":{"_acf_changed":false,"_crdt_document":"","inline_featured_image":false,"footnotes":""},"categories":[96,74],"tags":[1087,1372,6281,58880],"class_list":["post-154075","post","type-post","status-publish","format-standard","has-post-thumbnail","hentry","category-espiritualidad","category-iglesia-y-mundo","tag-comentario","tag-evangelio","tag-jorge-miro","tag-trending-es-151"],"acf":[],"yoast_head":"<!-- This site is optimized with the Yoast SEO plugin v27.5 - https:\/\/yoast.com\/product\/yoast-seo-wordpress\/ -->\n<title>Este es El Cordero de Dios que quita el pecado del mundo: Comentario del P. Jorge Mir\u00f3 &#8211; Exaudi<\/title>\n<meta name=\"robots\" content=\"index, follow, max-snippet:-1, max-image-preview:large, max-video-preview:-1\" \/>\n<link rel=\"canonical\" href=\"https:\/\/exaudi.org\/es\/este-es-el-cordero-de-dios-que-quita-el-pecado-del-mundo-comentario-del-p-jorge-miro\/\" \/>\n<meta property=\"og:locale\" content=\"es_ES\" \/>\n<meta property=\"og:type\" content=\"article\" \/>\n<meta property=\"og:title\" content=\"Este es El Cordero de Dios que quita el pecado del mundo: Comentario del P. Jorge Mir\u00f3 &#8211; Exaudi\" \/>\n<meta property=\"og:description\" content=\"Domingo, 18 de enero de 2026\" \/>\n<meta property=\"og:url\" content=\"https:\/\/exaudi.org\/es\/este-es-el-cordero-de-dios-que-quita-el-pecado-del-mundo-comentario-del-p-jorge-miro\/\" \/>\n<meta property=\"og:site_name\" content=\"Exaudi\" \/>\n<meta property=\"article:publisher\" content=\"https:\/\/www.facebook.com\/ExaudiNews\" \/>\n<meta property=\"article:published_time\" content=\"2026-01-17T07:51:21+00:00\" \/>\n<meta name=\"author\" content=\"Jorge Mir\u00f3\" \/>\n<meta name=\"twitter:card\" content=\"summary_large_image\" \/>\n<meta name=\"twitter:creator\" content=\"@Exaudi_News\" \/>\n<meta name=\"twitter:site\" content=\"@Exaudi_News\" \/>\n<meta name=\"twitter:label1\" content=\"Escrito por\" \/>\n\t<meta name=\"twitter:data1\" content=\"Jorge Mir\u00f3\" \/>\n\t<meta name=\"twitter:label2\" content=\"Tiempo de lectura\" \/>\n\t<meta name=\"twitter:data2\" content=\"4 minutos\" \/>\n<script type=\"application\/ld+json\" class=\"yoast-schema-graph\">{\"@context\":\"https:\\\/\\\/schema.org\",\"@graph\":[{\"@type\":\"Article\",\"@id\":\"https:\\\/\\\/exaudi.org\\\/es\\\/este-es-el-cordero-de-dios-que-quita-el-pecado-del-mundo-comentario-del-p-jorge-miro\\\/#article\",\"isPartOf\":{\"@id\":\"https:\\\/\\\/exaudi.org\\\/es\\\/este-es-el-cordero-de-dios-que-quita-el-pecado-del-mundo-comentario-del-p-jorge-miro\\\/\"},\"author\":{\"name\":\"Jorge Mir\u00f3\",\"@id\":\"https:\\\/\\\/exaudi.org\\\/#\\\/schema\\\/person\\\/a258c56b05e63b2b367bdca29e0ed3e3\"},\"headline\":\"Este es El Cordero de Dios que quita el pecado del mundo: Comentario del P. Jorge Mir\u00f3\",\"datePublished\":\"2026-01-17T07:51:21+00:00\",\"mainEntityOfPage\":{\"@id\":\"https:\\\/\\\/exaudi.org\\\/es\\\/este-es-el-cordero-de-dios-que-quita-el-pecado-del-mundo-comentario-del-p-jorge-miro\\\/\"},\"wordCount\":841,\"image\":{\"@id\":\"https:\\\/\\\/exaudi.org\\\/es\\\/este-es-el-cordero-de-dios-que-quita-el-pecado-del-mundo-comentario-del-p-jorge-miro\\\/#primaryimage\"},\"thumbnailUrl\":\"https:\\\/\\\/exaudi.org\\\/wp-content\\\/uploads\\\/2026\\\/01\\\/stained-glass-window-780844_1280.jpg\",\"keywords\":[\"Comentario\",\"Evangelio\",\"Jorge Mir\u00f3\",\"Trending\"],\"articleSection\":[\"Espiritualidad\",\"Iglesia y Mundo\"],\"inLanguage\":\"es\"},{\"@type\":\"WebPage\",\"@id\":\"https:\\\/\\\/exaudi.org\\\/es\\\/este-es-el-cordero-de-dios-que-quita-el-pecado-del-mundo-comentario-del-p-jorge-miro\\\/\",\"url\":\"https:\\\/\\\/exaudi.org\\\/es\\\/este-es-el-cordero-de-dios-que-quita-el-pecado-del-mundo-comentario-del-p-jorge-miro\\\/\",\"name\":\"Este es El Cordero de Dios que quita el pecado del mundo: Comentario del P. Jorge Mir\u00f3 &#8211; Exaudi\",\"isPartOf\":{\"@id\":\"https:\\\/\\\/exaudi.org\\\/#website\"},\"primaryImageOfPage\":{\"@id\":\"https:\\\/\\\/exaudi.org\\\/es\\\/este-es-el-cordero-de-dios-que-quita-el-pecado-del-mundo-comentario-del-p-jorge-miro\\\/#primaryimage\"},\"image\":{\"@id\":\"https:\\\/\\\/exaudi.org\\\/es\\\/este-es-el-cordero-de-dios-que-quita-el-pecado-del-mundo-comentario-del-p-jorge-miro\\\/#primaryimage\"},\"thumbnailUrl\":\"https:\\\/\\\/exaudi.org\\\/wp-content\\\/uploads\\\/2026\\\/01\\\/stained-glass-window-780844_1280.jpg\",\"datePublished\":\"2026-01-17T07:51:21+00:00\",\"author\":{\"@id\":\"https:\\\/\\\/exaudi.org\\\/#\\\/schema\\\/person\\\/a258c56b05e63b2b367bdca29e0ed3e3\"},\"breadcrumb\":{\"@id\":\"https:\\\/\\\/exaudi.org\\\/es\\\/este-es-el-cordero-de-dios-que-quita-el-pecado-del-mundo-comentario-del-p-jorge-miro\\\/#breadcrumb\"},\"inLanguage\":\"es\",\"potentialAction\":[{\"@type\":\"ReadAction\",\"target\":[\"https:\\\/\\\/exaudi.org\\\/es\\\/este-es-el-cordero-de-dios-que-quita-el-pecado-del-mundo-comentario-del-p-jorge-miro\\\/\"]}]},{\"@type\":\"ImageObject\",\"inLanguage\":\"es\",\"@id\":\"https:\\\/\\\/exaudi.org\\\/es\\\/este-es-el-cordero-de-dios-que-quita-el-pecado-del-mundo-comentario-del-p-jorge-miro\\\/#primaryimage\",\"url\":\"https:\\\/\\\/exaudi.org\\\/wp-content\\\/uploads\\\/2026\\\/01\\\/stained-glass-window-780844_1280.jpg\",\"contentUrl\":\"https:\\\/\\\/exaudi.org\\\/wp-content\\\/uploads\\\/2026\\\/01\\\/stained-glass-window-780844_1280.jpg\",\"width\":1280,\"height\":1168},{\"@type\":\"BreadcrumbList\",\"@id\":\"https:\\\/\\\/exaudi.org\\\/es\\\/este-es-el-cordero-de-dios-que-quita-el-pecado-del-mundo-comentario-del-p-jorge-miro\\\/#breadcrumb\",\"itemListElement\":[{\"@type\":\"ListItem\",\"position\":1,\"name\":\"Portada\",\"item\":\"https:\\\/\\\/exaudi.org\\\/es\\\/\"},{\"@type\":\"ListItem\",\"position\":2,\"name\":\"Este es El Cordero de Dios que quita el pecado del mundo: Comentario del P. Jorge Mir\u00f3\"}]},{\"@type\":\"WebSite\",\"@id\":\"https:\\\/\\\/exaudi.org\\\/#website\",\"url\":\"https:\\\/\\\/exaudi.org\\\/\",\"name\":\"Exaudi\",\"description\":\"News\",\"potentialAction\":[{\"@type\":\"SearchAction\",\"target\":{\"@type\":\"EntryPoint\",\"urlTemplate\":\"https:\\\/\\\/exaudi.org\\\/?s={search_term_string}\"},\"query-input\":{\"@type\":\"PropertyValueSpecification\",\"valueRequired\":true,\"valueName\":\"search_term_string\"}}],\"inLanguage\":\"es\"},{\"@type\":\"Person\",\"@id\":\"https:\\\/\\\/exaudi.org\\\/#\\\/schema\\\/person\\\/a258c56b05e63b2b367bdca29e0ed3e3\",\"name\":\"Jorge Mir\u00f3\",\"image\":{\"@type\":\"ImageObject\",\"inLanguage\":\"es\",\"@id\":\"https:\\\/\\\/secure.gravatar.com\\\/avatar\\\/f5ea26c436669b01b7b02124bf13596df002525d6f392707d301543be365bd44?s=96&d=mm&r=g\",\"url\":\"https:\\\/\\\/secure.gravatar.com\\\/avatar\\\/f5ea26c436669b01b7b02124bf13596df002525d6f392707d301543be365bd44?s=96&d=mm&r=g\",\"contentUrl\":\"https:\\\/\\\/secure.gravatar.com\\\/avatar\\\/f5ea26c436669b01b7b02124bf13596df002525d6f392707d301543be365bd44?s=96&d=mm&r=g\",\"caption\":\"Jorge Mir\u00f3\"},\"description\":\"Sacerdote de la archidi\u00f3cesis de Valencia y profesor en la Facultad de Ciencias Jur\u00eddicas, Econ\u00f3micas y Sociales de la Universidad Cat\u00f3lica de Valencia\",\"url\":\"https:\\\/\\\/exaudi.org\\\/es\\\/author\\\/jorgemiro\\\/\"}]}<\/script>\n<!-- \/ Yoast SEO plugin. -->","yoast_head_json":{"title":"Este es El Cordero de Dios que quita el pecado del mundo: Comentario del P. Jorge Mir\u00f3 &#8211; Exaudi","robots":{"index":"index","follow":"follow","max-snippet":"max-snippet:-1","max-image-preview":"max-image-preview:large","max-video-preview":"max-video-preview:-1"},"canonical":"https:\/\/exaudi.org\/es\/este-es-el-cordero-de-dios-que-quita-el-pecado-del-mundo-comentario-del-p-jorge-miro\/","og_locale":"es_ES","og_type":"article","og_title":"Este es El Cordero de Dios que quita el pecado del mundo: Comentario del P. Jorge Mir\u00f3 &#8211; Exaudi","og_description":"Domingo, 18 de enero de 2026","og_url":"https:\/\/exaudi.org\/es\/este-es-el-cordero-de-dios-que-quita-el-pecado-del-mundo-comentario-del-p-jorge-miro\/","og_site_name":"Exaudi","article_publisher":"https:\/\/www.facebook.com\/ExaudiNews","article_published_time":"2026-01-17T07:51:21+00:00","author":"Jorge Mir\u00f3","twitter_card":"summary_large_image","twitter_creator":"@Exaudi_News","twitter_site":"@Exaudi_News","twitter_misc":{"Escrito por":"Jorge Mir\u00f3","Tiempo de lectura":"4 minutos"},"schema":{"@context":"https:\/\/schema.org","@graph":[{"@type":"Article","@id":"https:\/\/exaudi.org\/es\/este-es-el-cordero-de-dios-que-quita-el-pecado-del-mundo-comentario-del-p-jorge-miro\/#article","isPartOf":{"@id":"https:\/\/exaudi.org\/es\/este-es-el-cordero-de-dios-que-quita-el-pecado-del-mundo-comentario-del-p-jorge-miro\/"},"author":{"name":"Jorge Mir\u00f3","@id":"https:\/\/exaudi.org\/#\/schema\/person\/a258c56b05e63b2b367bdca29e0ed3e3"},"headline":"Este es El Cordero de Dios que quita el pecado del mundo: Comentario del P. Jorge Mir\u00f3","datePublished":"2026-01-17T07:51:21+00:00","mainEntityOfPage":{"@id":"https:\/\/exaudi.org\/es\/este-es-el-cordero-de-dios-que-quita-el-pecado-del-mundo-comentario-del-p-jorge-miro\/"},"wordCount":841,"image":{"@id":"https:\/\/exaudi.org\/es\/este-es-el-cordero-de-dios-que-quita-el-pecado-del-mundo-comentario-del-p-jorge-miro\/#primaryimage"},"thumbnailUrl":"https:\/\/exaudi.org\/wp-content\/uploads\/2026\/01\/stained-glass-window-780844_1280.jpg","keywords":["Comentario","Evangelio","Jorge Mir\u00f3","Trending"],"articleSection":["Espiritualidad","Iglesia y Mundo"],"inLanguage":"es"},{"@type":"WebPage","@id":"https:\/\/exaudi.org\/es\/este-es-el-cordero-de-dios-que-quita-el-pecado-del-mundo-comentario-del-p-jorge-miro\/","url":"https:\/\/exaudi.org\/es\/este-es-el-cordero-de-dios-que-quita-el-pecado-del-mundo-comentario-del-p-jorge-miro\/","name":"Este es El Cordero de Dios que quita el pecado del mundo: Comentario del P. Jorge Mir\u00f3 &#8211; Exaudi","isPartOf":{"@id":"https:\/\/exaudi.org\/#website"},"primaryImageOfPage":{"@id":"https:\/\/exaudi.org\/es\/este-es-el-cordero-de-dios-que-quita-el-pecado-del-mundo-comentario-del-p-jorge-miro\/#primaryimage"},"image":{"@id":"https:\/\/exaudi.org\/es\/este-es-el-cordero-de-dios-que-quita-el-pecado-del-mundo-comentario-del-p-jorge-miro\/#primaryimage"},"thumbnailUrl":"https:\/\/exaudi.org\/wp-content\/uploads\/2026\/01\/stained-glass-window-780844_1280.jpg","datePublished":"2026-01-17T07:51:21+00:00","author":{"@id":"https:\/\/exaudi.org\/#\/schema\/person\/a258c56b05e63b2b367bdca29e0ed3e3"},"breadcrumb":{"@id":"https:\/\/exaudi.org\/es\/este-es-el-cordero-de-dios-que-quita-el-pecado-del-mundo-comentario-del-p-jorge-miro\/#breadcrumb"},"inLanguage":"es","potentialAction":[{"@type":"ReadAction","target":["https:\/\/exaudi.org\/es\/este-es-el-cordero-de-dios-que-quita-el-pecado-del-mundo-comentario-del-p-jorge-miro\/"]}]},{"@type":"ImageObject","inLanguage":"es","@id":"https:\/\/exaudi.org\/es\/este-es-el-cordero-de-dios-que-quita-el-pecado-del-mundo-comentario-del-p-jorge-miro\/#primaryimage","url":"https:\/\/exaudi.org\/wp-content\/uploads\/2026\/01\/stained-glass-window-780844_1280.jpg","contentUrl":"https:\/\/exaudi.org\/wp-content\/uploads\/2026\/01\/stained-glass-window-780844_1280.jpg","width":1280,"height":1168},{"@type":"BreadcrumbList","@id":"https:\/\/exaudi.org\/es\/este-es-el-cordero-de-dios-que-quita-el-pecado-del-mundo-comentario-del-p-jorge-miro\/#breadcrumb","itemListElement":[{"@type":"ListItem","position":1,"name":"Portada","item":"https:\/\/exaudi.org\/es\/"},{"@type":"ListItem","position":2,"name":"Este es El Cordero de Dios que quita el pecado del mundo: Comentario del P. Jorge Mir\u00f3"}]},{"@type":"WebSite","@id":"https:\/\/exaudi.org\/#website","url":"https:\/\/exaudi.org\/","name":"Exaudi","description":"News","potentialAction":[{"@type":"SearchAction","target":{"@type":"EntryPoint","urlTemplate":"https:\/\/exaudi.org\/?s={search_term_string}"},"query-input":{"@type":"PropertyValueSpecification","valueRequired":true,"valueName":"search_term_string"}}],"inLanguage":"es"},{"@type":"Person","@id":"https:\/\/exaudi.org\/#\/schema\/person\/a258c56b05e63b2b367bdca29e0ed3e3","name":"Jorge Mir\u00f3","image":{"@type":"ImageObject","inLanguage":"es","@id":"https:\/\/secure.gravatar.com\/avatar\/f5ea26c436669b01b7b02124bf13596df002525d6f392707d301543be365bd44?s=96&d=mm&r=g","url":"https:\/\/secure.gravatar.com\/avatar\/f5ea26c436669b01b7b02124bf13596df002525d6f392707d301543be365bd44?s=96&d=mm&r=g","contentUrl":"https:\/\/secure.gravatar.com\/avatar\/f5ea26c436669b01b7b02124bf13596df002525d6f392707d301543be365bd44?s=96&d=mm&r=g","caption":"Jorge Mir\u00f3"},"description":"Sacerdote de la archidi\u00f3cesis de Valencia y profesor en la Facultad de Ciencias Jur\u00eddicas, Econ\u00f3micas y Sociales de la Universidad Cat\u00f3lica de Valencia","url":"https:\/\/exaudi.org\/es\/author\/jorgemiro\/"}]}},"jetpack_featured_media_url":"https:\/\/exaudi.org\/wp-content\/uploads\/2026\/01\/stained-glass-window-780844_1280.jpg","jetpack_shortlink":"https:\/\/wp.me\/pgKjF2-E55","_links":{"self":[{"href":"https:\/\/exaudi.org\/es\/wp-json\/wp\/v2\/posts\/154075","targetHints":{"allow":["GET"]}}],"collection":[{"href":"https:\/\/exaudi.org\/es\/wp-json\/wp\/v2\/posts"}],"about":[{"href":"https:\/\/exaudi.org\/es\/wp-json\/wp\/v2\/types\/post"}],"author":[{"embeddable":true,"href":"https:\/\/exaudi.org\/es\/wp-json\/wp\/v2\/users\/20"}],"replies":[{"embeddable":true,"href":"https:\/\/exaudi.org\/es\/wp-json\/wp\/v2\/comments?post=154075"}],"version-history":[{"count":4,"href":"https:\/\/exaudi.org\/es\/wp-json\/wp\/v2\/posts\/154075\/revisions"}],"predecessor-version":[{"id":154082,"href":"https:\/\/exaudi.org\/es\/wp-json\/wp\/v2\/posts\/154075\/revisions\/154082"}],"wp:featuredmedia":[{"embeddable":true,"href":"https:\/\/exaudi.org\/es\/wp-json\/wp\/v2\/media\/154079"}],"wp:attachment":[{"href":"https:\/\/exaudi.org\/es\/wp-json\/wp\/v2\/media?parent=154075"}],"wp:term":[{"taxonomy":"category","embeddable":true,"href":"https:\/\/exaudi.org\/es\/wp-json\/wp\/v2\/categories?post=154075"},{"taxonomy":"post_tag","embeddable":true,"href":"https:\/\/exaudi.org\/es\/wp-json\/wp\/v2\/tags?post=154075"}],"curies":[{"name":"wp","href":"https:\/\/api.w.org\/{rel}","templated":true}]}}