{"id":153327,"date":"2026-01-12T16:22:13","date_gmt":"2026-01-12T15:22:13","guid":{"rendered":"https:\/\/exaudi.org\/?p=153327"},"modified":"2026-01-12T16:30:59","modified_gmt":"2026-01-12T15:30:59","slug":"maria-corina-pide-al-papa-interceder-por-la-liberacion-de-los-presos-politicos-y-la-transicion-en-venezuela","status":"publish","type":"post","link":"https:\/\/exaudi.org\/es\/maria-corina-pide-al-papa-interceder-por-la-liberacion-de-los-presos-politicos-y-la-transicion-en-venezuela\/","title":{"rendered":"Mar\u00eda Corina pide al Papa interceder por la liberaci\u00f3n de los presos pol\u00edticos y la transici\u00f3n en Venezuela"},"content":{"rendered":"<p>(ROMA. 12\/01\/2026) El Papa Le\u00f3n XIV recibi\u00f3 este lunes a Mar\u00eda Corina Machado en la Santa Sede, en El Vaticano.<\/p>\n<p>Durante la audiencia privada, la l\u00edder venezolana pidi\u00f3 al Pont\u00edfice interceder por la liberaci\u00f3n de los m\u00e1s de mil presos pol\u00edticos y por el avance sin demora de la transici\u00f3n a la democracia en Venezuela. \u201cHoy tuve la bendici\u00f3n y el honor de poder compartir con su Santidad y expresarle nuestro agradecimiento por su seguimiento sobre lo que sucede en nuestro pa\u00eds.<\/p>\n<p>Le transmit\u00ed tambi\u00e9n la fuerza del pueblo venezolano que se mantiene firme y en oraci\u00f3n por la libertad de Venezuela, y le ped\u00ed interceder por todos los venezolanos que permanecen secuestrados y desaparecidos\u201d, coment\u00f3 Machado. De igual forma, expres\u00f3 al Papa la importancia de la gesta c\u00edvica que protagonizaron los venezolanos el 28 de julio de 2024 y que ratifica la legitimidad del presidente Edmundo Gonz\u00e1lez Urrutia. Mar\u00eda Corina destac\u00f3 la lucha espiritual que durante a\u00f1os han enfrentado los venezolanos y asegur\u00f3 que finalmente, con el acompa\u00f1amiento de la Iglesia y la presi\u00f3n sin precedentes del Gobierno de los Estados Unidos, est\u00e1 m\u00e1s cerca la derrota del mal en el pa\u00eds. Posterior a este encuentro, la l\u00edder tambi\u00e9n pudo conversar con Pietro Parolin, secretario de Estado de la Santa Sede y Nuncio en Venezuela (2009-2013). Las citas tuvieron lugar pocas horas despu\u00e9s de que cientos de venezolanos exigieran en misas, vigilias y protestas en todo el territorio nacional la liberaci\u00f3n de los ciudadanos que permanecen secuestrados en distintos centros de tortura y reclusi\u00f3n.<\/p>\n<p>Hasta el momento, solo se ha confirmado la excarcelaci\u00f3n de 17 personas, seg\u00fan cifras del Foro Penal, lo que no sobrepasa el 2% del total de prisioneros.<\/p>\n<p><img loading=\"lazy\" decoding=\"async\" class=\"size-full wp-image-153332 alignnone\" src=\"https:\/\/exaudi.org\/wp-content\/uploads\/2026\/01\/G-eJhaZakAADn5w.jpg\" alt=\"\" width=\"1200\" height=\"1600\" srcset=\"https:\/\/exaudi.org\/wp-content\/uploads\/2026\/01\/G-eJhaZakAADn5w.jpg 1200w, https:\/\/exaudi.org\/wp-content\/uploads\/2026\/01\/G-eJhaZakAADn5w-225x300.jpg 225w, https:\/\/exaudi.org\/wp-content\/uploads\/2026\/01\/G-eJhaZakAADn5w-768x1024.jpg 768w, https:\/\/exaudi.org\/wp-content\/uploads\/2026\/01\/G-eJhaZakAADn5w-770x1027.jpg 770w, https:\/\/exaudi.org\/wp-content\/uploads\/2026\/01\/G-eJhaZakAADn5w-1152x1536.jpg 1152w, https:\/\/exaudi.org\/wp-content\/uploads\/2026\/01\/G-eJhaZakAADn5w-500x667.jpg 500w\" sizes=\"auto, (max-width: 1200px) 100vw, 1200px\" \/><\/p>\n<p>Fuente: <a href=\"https:\/\/x.com\/convzlacomando\/status\/2010726973644079518?s=46\" target=\"_blank\" rel=\"noopener\">X<\/a><\/p>\n","protected":false},"excerpt":{"rendered":"<p>La l\u00edder de la oposici\u00f3n venezolana y Premio Nobel por la Paz indic\u00f3 en la cuenta X<\/p>\n","protected":false},"author":15,"featured_media":153329,"comment_status":"closed","ping_status":"closed","sticky":false,"template":"","format":"standard","meta":{"_acf_changed":false,"_crdt_document":"","inline_featured_image":false,"footnotes":""},"categories":[],"tags":[23670,966],"class_list":["post-153327","post","type-post","status-publish","format-standard","has-post-thumbnail","hentry","tag-maria-corina-machado","tag-venezuela"],"acf":[],"yoast_head":"<!-- This site is optimized with the Yoast SEO plugin v27.5 - https:\/\/yoast.com\/product\/yoast-seo-wordpress\/ -->\n<title>Mar\u00eda Corina pide al Papa interceder por la liberaci\u00f3n de los presos pol\u00edticos y la transici\u00f3n en Venezuela &#8211; Exaudi<\/title>\n<meta name=\"robots\" content=\"index, follow, max-snippet:-1, max-image-preview:large, max-video-preview:-1\" \/>\n<link rel=\"canonical\" href=\"https:\/\/exaudi.org\/es\/maria-corina-pide-al-papa-interceder-por-la-liberacion-de-los-presos-politicos-y-la-transicion-en-venezuela\/\" \/>\n<meta property=\"og:locale\" content=\"es_ES\" \/>\n<meta property=\"og:type\" content=\"article\" \/>\n<meta property=\"og:title\" content=\"Mar\u00eda Corina pide al Papa interceder por la liberaci\u00f3n de los presos pol\u00edticos y la transici\u00f3n en Venezuela &#8211; Exaudi\" \/>\n<meta property=\"og:description\" content=\"La l\u00edder de la oposici\u00f3n venezolana y Premio Nobel por la Paz indic\u00f3 en la cuenta X\" \/>\n<meta property=\"og:url\" content=\"https:\/\/exaudi.org\/es\/maria-corina-pide-al-papa-interceder-por-la-liberacion-de-los-presos-politicos-y-la-transicion-en-venezuela\/\" \/>\n<meta property=\"og:site_name\" content=\"Exaudi\" \/>\n<meta property=\"article:publisher\" content=\"https:\/\/www.facebook.com\/ExaudiNews\" \/>\n<meta property=\"article:author\" content=\"https:\/\/www.facebook.com\/ExaudiNoticias\/\" \/>\n<meta property=\"article:published_time\" content=\"2026-01-12T15:22:13+00:00\" \/>\n<meta property=\"article:modified_time\" content=\"2026-01-12T15:30:59+00:00\" \/>\n<meta property=\"og:image\" content=\"https:\/\/exaudi.org\/wp-content\/uploads\/2026\/01\/G-eJhaUawAAjx2V.jpg\" \/>\n\t<meta property=\"og:image:width\" content=\"1080\" \/>\n\t<meta property=\"og:image:height\" content=\"720\" \/>\n\t<meta property=\"og:image:type\" content=\"image\/jpeg\" \/>\n<meta name=\"author\" content=\"Exaudi Redacci\u00f3n\" \/>\n<meta name=\"twitter:card\" content=\"summary_large_image\" \/>\n<meta name=\"twitter:creator\" content=\"@Exaudi_noticias\" \/>\n<meta name=\"twitter:site\" content=\"@Exaudi_News\" \/>\n<meta name=\"twitter:label1\" content=\"Escrito por\" \/>\n\t<meta name=\"twitter:data1\" content=\"Exaudi Redacci\u00f3n\" \/>\n\t<meta name=\"twitter:label2\" content=\"Tiempo de lectura\" \/>\n\t<meta name=\"twitter:data2\" content=\"2 minutos\" \/>\n<script type=\"application\/ld+json\" class=\"yoast-schema-graph\">{\"@context\":\"https:\\\/\\\/schema.org\",\"@graph\":[{\"@type\":\"Article\",\"@id\":\"https:\\\/\\\/exaudi.org\\\/es\\\/maria-corina-pide-al-papa-interceder-por-la-liberacion-de-los-presos-politicos-y-la-transicion-en-venezuela\\\/#article\",\"isPartOf\":{\"@id\":\"https:\\\/\\\/exaudi.org\\\/es\\\/maria-corina-pide-al-papa-interceder-por-la-liberacion-de-los-presos-politicos-y-la-transicion-en-venezuela\\\/\"},\"author\":{\"name\":\"Exaudi Redacci\u00f3n\",\"@id\":\"https:\\\/\\\/exaudi.org\\\/#\\\/schema\\\/person\\\/f5fc8f063065e38742da7afe15f25df7\"},\"headline\":\"Mar\u00eda Corina pide al Papa interceder por la liberaci\u00f3n de los presos pol\u00edticos y la transici\u00f3n en Venezuela\",\"datePublished\":\"2026-01-12T15:22:13+00:00\",\"dateModified\":\"2026-01-12T15:30:59+00:00\",\"mainEntityOfPage\":{\"@id\":\"https:\\\/\\\/exaudi.org\\\/es\\\/maria-corina-pide-al-papa-interceder-por-la-liberacion-de-los-presos-politicos-y-la-transicion-en-venezuela\\\/\"},\"wordCount\":328,\"image\":{\"@id\":\"https:\\\/\\\/exaudi.org\\\/es\\\/maria-corina-pide-al-papa-interceder-por-la-liberacion-de-los-presos-politicos-y-la-transicion-en-venezuela\\\/#primaryimage\"},\"thumbnailUrl\":\"https:\\\/\\\/exaudi.org\\\/wp-content\\\/uploads\\\/2026\\\/01\\\/G-eJhaUawAAjx2V.jpg\",\"keywords\":[\"Mar\u00eda Corina Machado\",\"Venezuela\"],\"inLanguage\":\"es\"},{\"@type\":\"WebPage\",\"@id\":\"https:\\\/\\\/exaudi.org\\\/es\\\/maria-corina-pide-al-papa-interceder-por-la-liberacion-de-los-presos-politicos-y-la-transicion-en-venezuela\\\/\",\"url\":\"https:\\\/\\\/exaudi.org\\\/es\\\/maria-corina-pide-al-papa-interceder-por-la-liberacion-de-los-presos-politicos-y-la-transicion-en-venezuela\\\/\",\"name\":\"Mar\u00eda Corina pide al Papa interceder por la liberaci\u00f3n de los presos pol\u00edticos y la transici\u00f3n en Venezuela &#8211; Exaudi\",\"isPartOf\":{\"@id\":\"https:\\\/\\\/exaudi.org\\\/#website\"},\"primaryImageOfPage\":{\"@id\":\"https:\\\/\\\/exaudi.org\\\/es\\\/maria-corina-pide-al-papa-interceder-por-la-liberacion-de-los-presos-politicos-y-la-transicion-en-venezuela\\\/#primaryimage\"},\"image\":{\"@id\":\"https:\\\/\\\/exaudi.org\\\/es\\\/maria-corina-pide-al-papa-interceder-por-la-liberacion-de-los-presos-politicos-y-la-transicion-en-venezuela\\\/#primaryimage\"},\"thumbnailUrl\":\"https:\\\/\\\/exaudi.org\\\/wp-content\\\/uploads\\\/2026\\\/01\\\/G-eJhaUawAAjx2V.jpg\",\"datePublished\":\"2026-01-12T15:22:13+00:00\",\"dateModified\":\"2026-01-12T15:30:59+00:00\",\"author\":{\"@id\":\"https:\\\/\\\/exaudi.org\\\/#\\\/schema\\\/person\\\/f5fc8f063065e38742da7afe15f25df7\"},\"breadcrumb\":{\"@id\":\"https:\\\/\\\/exaudi.org\\\/es\\\/maria-corina-pide-al-papa-interceder-por-la-liberacion-de-los-presos-politicos-y-la-transicion-en-venezuela\\\/#breadcrumb\"},\"inLanguage\":\"es\",\"potentialAction\":[{\"@type\":\"ReadAction\",\"target\":[\"https:\\\/\\\/exaudi.org\\\/es\\\/maria-corina-pide-al-papa-interceder-por-la-liberacion-de-los-presos-politicos-y-la-transicion-en-venezuela\\\/\"]}]},{\"@type\":\"ImageObject\",\"inLanguage\":\"es\",\"@id\":\"https:\\\/\\\/exaudi.org\\\/es\\\/maria-corina-pide-al-papa-interceder-por-la-liberacion-de-los-presos-politicos-y-la-transicion-en-venezuela\\\/#primaryimage\",\"url\":\"https:\\\/\\\/exaudi.org\\\/wp-content\\\/uploads\\\/2026\\\/01\\\/G-eJhaUawAAjx2V.jpg\",\"contentUrl\":\"https:\\\/\\\/exaudi.org\\\/wp-content\\\/uploads\\\/2026\\\/01\\\/G-eJhaUawAAjx2V.jpg\",\"width\":1080,\"height\":720},{\"@type\":\"BreadcrumbList\",\"@id\":\"https:\\\/\\\/exaudi.org\\\/es\\\/maria-corina-pide-al-papa-interceder-por-la-liberacion-de-los-presos-politicos-y-la-transicion-en-venezuela\\\/#breadcrumb\",\"itemListElement\":[{\"@type\":\"ListItem\",\"position\":1,\"name\":\"Portada\",\"item\":\"https:\\\/\\\/exaudi.org\\\/es\\\/\"},{\"@type\":\"ListItem\",\"position\":2,\"name\":\"Mar\u00eda Corina pide al Papa interceder por la liberaci\u00f3n de los presos pol\u00edticos y la transici\u00f3n en Venezuela\"}]},{\"@type\":\"WebSite\",\"@id\":\"https:\\\/\\\/exaudi.org\\\/#website\",\"url\":\"https:\\\/\\\/exaudi.org\\\/\",\"name\":\"Exaudi\",\"description\":\"News\",\"potentialAction\":[{\"@type\":\"SearchAction\",\"target\":{\"@type\":\"EntryPoint\",\"urlTemplate\":\"https:\\\/\\\/exaudi.org\\\/?s={search_term_string}\"},\"query-input\":{\"@type\":\"PropertyValueSpecification\",\"valueRequired\":true,\"valueName\":\"search_term_string\"}}],\"inLanguage\":\"es\"},{\"@type\":\"Person\",\"@id\":\"https:\\\/\\\/exaudi.org\\\/#\\\/schema\\\/person\\\/f5fc8f063065e38742da7afe15f25df7\",\"name\":\"Exaudi Redacci\u00f3n\",\"image\":{\"@type\":\"ImageObject\",\"inLanguage\":\"es\",\"@id\":\"https:\\\/\\\/secure.gravatar.com\\\/avatar\\\/fe0f6a059fb68d9b3e11bc5850dd4899b1c7492091a3cb6dd9b01b56ad828be2?s=96&d=mm&r=g\",\"url\":\"https:\\\/\\\/secure.gravatar.com\\\/avatar\\\/fe0f6a059fb68d9b3e11bc5850dd4899b1c7492091a3cb6dd9b01b56ad828be2?s=96&d=mm&r=g\",\"contentUrl\":\"https:\\\/\\\/secure.gravatar.com\\\/avatar\\\/fe0f6a059fb68d9b3e11bc5850dd4899b1c7492091a3cb6dd9b01b56ad828be2?s=96&d=mm&r=g\",\"caption\":\"Exaudi Redacci\u00f3n\"},\"description\":\"\u00bfQu\u00e9 es Exaudi News? Exaudi News es un medio de comunicaci\u00f3n cat\u00f3lico internacional que informa, forma y transforma, diariamente en espa\u00f1ol, ingl\u00e9s e italiano. A trav\u00e9s de noticias, art\u00edculos de an\u00e1lisis y transmisiones en directo de los eventos del Papa, Exaudi busca fortalecer la unidad de los cristianos y contribuir a la evangelizaci\u00f3n del mundo, siempre guiados por la doctrina social de la Iglesia. Trabajamos para acercar la verdad y los valores cristianos a cada rinc\u00f3n del planeta. \u00a1Ay\u00fadanos a transformar el mundo con Exaudi! En Exaudi creemos que la evangelizaci\u00f3n y la informaci\u00f3n de calidad pueden cambiar vidas. Para continuar con nuestra misi\u00f3n y expandir nuestro alcance, necesitamos tu ayuda. Adem\u00e1s, buscamos personas comprometidas que deseen unirse a nuestro equipo. Con tu apoyo, lograremos llegar a m\u00e1s personas, difundir el mensaje de Cristo y reforzar la unidad de los cristianos. \u00bfTe unes a nuestra misi\u00f3n? Para m\u00e1s informaci\u00f3n sobre c\u00f3mo colaborar, visita Exaudi.org\\\/es o cont\u00e1ctanos directamente: info@exaudi.org Exaudi: Informa, forma y transforma.\",\"sameAs\":[\"https:\\\/\\\/www.facebook.com\\\/ExaudiNoticias\\\/\",\"https:\\\/\\\/www.instagram.com\\\/exaudi_noticias\\\/\",\"https:\\\/\\\/x.com\\\/Exaudi_noticias\",\"https:\\\/\\\/www.youtube.com\\\/@exaudicatholicnews\"],\"url\":\"https:\\\/\\\/exaudi.org\\\/es\\\/author\\\/redaccionexaudi\\\/\"}]}<\/script>\n<!-- \/ Yoast SEO plugin. -->","yoast_head_json":{"title":"Mar\u00eda Corina pide al Papa interceder por la liberaci\u00f3n de los presos pol\u00edticos y la transici\u00f3n en Venezuela &#8211; Exaudi","robots":{"index":"index","follow":"follow","max-snippet":"max-snippet:-1","max-image-preview":"max-image-preview:large","max-video-preview":"max-video-preview:-1"},"canonical":"https:\/\/exaudi.org\/es\/maria-corina-pide-al-papa-interceder-por-la-liberacion-de-los-presos-politicos-y-la-transicion-en-venezuela\/","og_locale":"es_ES","og_type":"article","og_title":"Mar\u00eda Corina pide al Papa interceder por la liberaci\u00f3n de los presos pol\u00edticos y la transici\u00f3n en Venezuela &#8211; Exaudi","og_description":"La l\u00edder de la oposici\u00f3n venezolana y Premio Nobel por la Paz indic\u00f3 en la cuenta X","og_url":"https:\/\/exaudi.org\/es\/maria-corina-pide-al-papa-interceder-por-la-liberacion-de-los-presos-politicos-y-la-transicion-en-venezuela\/","og_site_name":"Exaudi","article_publisher":"https:\/\/www.facebook.com\/ExaudiNews","article_author":"https:\/\/www.facebook.com\/ExaudiNoticias\/","article_published_time":"2026-01-12T15:22:13+00:00","article_modified_time":"2026-01-12T15:30:59+00:00","og_image":[{"width":1080,"height":720,"url":"https:\/\/exaudi.org\/wp-content\/uploads\/2026\/01\/G-eJhaUawAAjx2V.jpg","type":"image\/jpeg"}],"author":"Exaudi Redacci\u00f3n","twitter_card":"summary_large_image","twitter_creator":"@Exaudi_noticias","twitter_site":"@Exaudi_News","twitter_misc":{"Escrito por":"Exaudi Redacci\u00f3n","Tiempo de lectura":"2 minutos"},"schema":{"@context":"https:\/\/schema.org","@graph":[{"@type":"Article","@id":"https:\/\/exaudi.org\/es\/maria-corina-pide-al-papa-interceder-por-la-liberacion-de-los-presos-politicos-y-la-transicion-en-venezuela\/#article","isPartOf":{"@id":"https:\/\/exaudi.org\/es\/maria-corina-pide-al-papa-interceder-por-la-liberacion-de-los-presos-politicos-y-la-transicion-en-venezuela\/"},"author":{"name":"Exaudi Redacci\u00f3n","@id":"https:\/\/exaudi.org\/#\/schema\/person\/f5fc8f063065e38742da7afe15f25df7"},"headline":"Mar\u00eda Corina pide al Papa interceder por la liberaci\u00f3n de los presos pol\u00edticos y la transici\u00f3n en Venezuela","datePublished":"2026-01-12T15:22:13+00:00","dateModified":"2026-01-12T15:30:59+00:00","mainEntityOfPage":{"@id":"https:\/\/exaudi.org\/es\/maria-corina-pide-al-papa-interceder-por-la-liberacion-de-los-presos-politicos-y-la-transicion-en-venezuela\/"},"wordCount":328,"image":{"@id":"https:\/\/exaudi.org\/es\/maria-corina-pide-al-papa-interceder-por-la-liberacion-de-los-presos-politicos-y-la-transicion-en-venezuela\/#primaryimage"},"thumbnailUrl":"https:\/\/exaudi.org\/wp-content\/uploads\/2026\/01\/G-eJhaUawAAjx2V.jpg","keywords":["Mar\u00eda Corina Machado","Venezuela"],"inLanguage":"es"},{"@type":"WebPage","@id":"https:\/\/exaudi.org\/es\/maria-corina-pide-al-papa-interceder-por-la-liberacion-de-los-presos-politicos-y-la-transicion-en-venezuela\/","url":"https:\/\/exaudi.org\/es\/maria-corina-pide-al-papa-interceder-por-la-liberacion-de-los-presos-politicos-y-la-transicion-en-venezuela\/","name":"Mar\u00eda Corina pide al Papa interceder por la liberaci\u00f3n de los presos pol\u00edticos y la transici\u00f3n en Venezuela &#8211; Exaudi","isPartOf":{"@id":"https:\/\/exaudi.org\/#website"},"primaryImageOfPage":{"@id":"https:\/\/exaudi.org\/es\/maria-corina-pide-al-papa-interceder-por-la-liberacion-de-los-presos-politicos-y-la-transicion-en-venezuela\/#primaryimage"},"image":{"@id":"https:\/\/exaudi.org\/es\/maria-corina-pide-al-papa-interceder-por-la-liberacion-de-los-presos-politicos-y-la-transicion-en-venezuela\/#primaryimage"},"thumbnailUrl":"https:\/\/exaudi.org\/wp-content\/uploads\/2026\/01\/G-eJhaUawAAjx2V.jpg","datePublished":"2026-01-12T15:22:13+00:00","dateModified":"2026-01-12T15:30:59+00:00","author":{"@id":"https:\/\/exaudi.org\/#\/schema\/person\/f5fc8f063065e38742da7afe15f25df7"},"breadcrumb":{"@id":"https:\/\/exaudi.org\/es\/maria-corina-pide-al-papa-interceder-por-la-liberacion-de-los-presos-politicos-y-la-transicion-en-venezuela\/#breadcrumb"},"inLanguage":"es","potentialAction":[{"@type":"ReadAction","target":["https:\/\/exaudi.org\/es\/maria-corina-pide-al-papa-interceder-por-la-liberacion-de-los-presos-politicos-y-la-transicion-en-venezuela\/"]}]},{"@type":"ImageObject","inLanguage":"es","@id":"https:\/\/exaudi.org\/es\/maria-corina-pide-al-papa-interceder-por-la-liberacion-de-los-presos-politicos-y-la-transicion-en-venezuela\/#primaryimage","url":"https:\/\/exaudi.org\/wp-content\/uploads\/2026\/01\/G-eJhaUawAAjx2V.jpg","contentUrl":"https:\/\/exaudi.org\/wp-content\/uploads\/2026\/01\/G-eJhaUawAAjx2V.jpg","width":1080,"height":720},{"@type":"BreadcrumbList","@id":"https:\/\/exaudi.org\/es\/maria-corina-pide-al-papa-interceder-por-la-liberacion-de-los-presos-politicos-y-la-transicion-en-venezuela\/#breadcrumb","itemListElement":[{"@type":"ListItem","position":1,"name":"Portada","item":"https:\/\/exaudi.org\/es\/"},{"@type":"ListItem","position":2,"name":"Mar\u00eda Corina pide al Papa interceder por la liberaci\u00f3n de los presos pol\u00edticos y la transici\u00f3n en Venezuela"}]},{"@type":"WebSite","@id":"https:\/\/exaudi.org\/#website","url":"https:\/\/exaudi.org\/","name":"Exaudi","description":"News","potentialAction":[{"@type":"SearchAction","target":{"@type":"EntryPoint","urlTemplate":"https:\/\/exaudi.org\/?s={search_term_string}"},"query-input":{"@type":"PropertyValueSpecification","valueRequired":true,"valueName":"search_term_string"}}],"inLanguage":"es"},{"@type":"Person","@id":"https:\/\/exaudi.org\/#\/schema\/person\/f5fc8f063065e38742da7afe15f25df7","name":"Exaudi Redacci\u00f3n","image":{"@type":"ImageObject","inLanguage":"es","@id":"https:\/\/secure.gravatar.com\/avatar\/fe0f6a059fb68d9b3e11bc5850dd4899b1c7492091a3cb6dd9b01b56ad828be2?s=96&d=mm&r=g","url":"https:\/\/secure.gravatar.com\/avatar\/fe0f6a059fb68d9b3e11bc5850dd4899b1c7492091a3cb6dd9b01b56ad828be2?s=96&d=mm&r=g","contentUrl":"https:\/\/secure.gravatar.com\/avatar\/fe0f6a059fb68d9b3e11bc5850dd4899b1c7492091a3cb6dd9b01b56ad828be2?s=96&d=mm&r=g","caption":"Exaudi Redacci\u00f3n"},"description":"\u00bfQu\u00e9 es Exaudi News? Exaudi News es un medio de comunicaci\u00f3n cat\u00f3lico internacional que informa, forma y transforma, diariamente en espa\u00f1ol, ingl\u00e9s e italiano. A trav\u00e9s de noticias, art\u00edculos de an\u00e1lisis y transmisiones en directo de los eventos del Papa, Exaudi busca fortalecer la unidad de los cristianos y contribuir a la evangelizaci\u00f3n del mundo, siempre guiados por la doctrina social de la Iglesia. Trabajamos para acercar la verdad y los valores cristianos a cada rinc\u00f3n del planeta. \u00a1Ay\u00fadanos a transformar el mundo con Exaudi! En Exaudi creemos que la evangelizaci\u00f3n y la informaci\u00f3n de calidad pueden cambiar vidas. Para continuar con nuestra misi\u00f3n y expandir nuestro alcance, necesitamos tu ayuda. Adem\u00e1s, buscamos personas comprometidas que deseen unirse a nuestro equipo. Con tu apoyo, lograremos llegar a m\u00e1s personas, difundir el mensaje de Cristo y reforzar la unidad de los cristianos. \u00bfTe unes a nuestra misi\u00f3n? Para m\u00e1s informaci\u00f3n sobre c\u00f3mo colaborar, visita Exaudi.org\/es o cont\u00e1ctanos directamente: info@exaudi.org Exaudi: Informa, forma y transforma.","sameAs":["https:\/\/www.facebook.com\/ExaudiNoticias\/","https:\/\/www.instagram.com\/exaudi_noticias\/","https:\/\/x.com\/Exaudi_noticias","https:\/\/www.youtube.com\/@exaudicatholicnews"],"url":"https:\/\/exaudi.org\/es\/author\/redaccionexaudi\/"}]}},"jetpack_featured_media_url":"https:\/\/exaudi.org\/wp-content\/uploads\/2026\/01\/G-eJhaUawAAjx2V.jpg","jetpack_shortlink":"https:\/\/wp.me\/pgKjF2-DT1","_links":{"self":[{"href":"https:\/\/exaudi.org\/es\/wp-json\/wp\/v2\/posts\/153327","targetHints":{"allow":["GET"]}}],"collection":[{"href":"https:\/\/exaudi.org\/es\/wp-json\/wp\/v2\/posts"}],"about":[{"href":"https:\/\/exaudi.org\/es\/wp-json\/wp\/v2\/types\/post"}],"author":[{"embeddable":true,"href":"https:\/\/exaudi.org\/es\/wp-json\/wp\/v2\/users\/15"}],"replies":[{"embeddable":true,"href":"https:\/\/exaudi.org\/es\/wp-json\/wp\/v2\/comments?post=153327"}],"version-history":[{"count":3,"href":"https:\/\/exaudi.org\/es\/wp-json\/wp\/v2\/posts\/153327\/revisions"}],"predecessor-version":[{"id":153336,"href":"https:\/\/exaudi.org\/es\/wp-json\/wp\/v2\/posts\/153327\/revisions\/153336"}],"wp:featuredmedia":[{"embeddable":true,"href":"https:\/\/exaudi.org\/es\/wp-json\/wp\/v2\/media\/153329"}],"wp:attachment":[{"href":"https:\/\/exaudi.org\/es\/wp-json\/wp\/v2\/media?parent=153327"}],"wp:term":[{"taxonomy":"category","embeddable":true,"href":"https:\/\/exaudi.org\/es\/wp-json\/wp\/v2\/categories?post=153327"},{"taxonomy":"post_tag","embeddable":true,"href":"https:\/\/exaudi.org\/es\/wp-json\/wp\/v2\/tags?post=153327"}],"curies":[{"name":"wp","href":"https:\/\/api.w.org\/{rel}","templated":true}]}}