{"id":153109,"date":"2026-01-10T09:10:46","date_gmt":"2026-01-10T08:10:46","guid":{"rendered":"https:\/\/exaudi.org\/?p=153109"},"modified":"2026-01-10T09:10:46","modified_gmt":"2026-01-10T08:10:46","slug":"este-es-mi-hijo-amado-en-quien-me-complazco-comentario-del-p-jorge-miro","status":"publish","type":"post","link":"https:\/\/exaudi.org\/es\/este-es-mi-hijo-amado-en-quien-me-complazco-comentario-del-p-jorge-miro\/","title":{"rendered":"Este es mi Hijo amado, en quien me complazco: Comentario del P. Jorge Mir\u00f3"},"content":{"rendered":"<p><span dir=\"auto\">El P. Jorge Mir\u00f3 comparte con los lectores de Exaudi su comentario al<a href=\"https:\/\/www.dominicos.org\/predicacion\/homilia\/11-1-2026\/lecturas\/\" target=\"_blank\" rel=\"noopener\">\u00a0Evangelio del domingo 11 de enero de 2026<\/a>\u00a0<\/span><span dir=\"auto\">titulado, \u201cEste es mi Hijo amado, en quien me complazco<\/span>\u201d<span dir=\"auto\">.<\/span><\/p>\n<p>***<\/p>\n<p>Con la fiesta del Bautismo del Se\u00f1or, que celebramos hoy, concluye el tiempo lit\u00fargico de Navidad.<\/p>\n<p>El bautismo de Jes\u00fas es la aceptaci\u00f3n y la inauguraci\u00f3n de su misi\u00f3n.<\/p>\n<p>En el evangelio contemplamos la impresionante escena de ver a Jes\u00fas que se deja contar entre los pecadores y se acerca a recibir el bautismo de Juan, que se queda sorprendido por la presencia de Jes\u00fas. Pero la presencia de Jes\u00fas es un signo: \u00c9l es el Cordero de Dios que quita el pecado del mundo. As\u00ed lo llama Juan Bautista, manifestando que Jes\u00fas es a la vez el Siervo doliente que se deja llevar en silencio al matadero y carga con el pecado de las multitudes y el cordero pascual s\u00edmbolo de la redenci\u00f3n de Israel cuando celebr\u00f3 la primera Pascua. Toda la vida de Cristo expresa su misi\u00f3n: <em>Servir y dar su vida en rescate por muchos<\/em> (<em>Catecismo <\/em>608).<\/p>\n<p>Esta celebraci\u00f3n nos invita a recordar y a revivir el bautismo que un d\u00eda recibimos y por el que hemos accedido a la salvaci\u00f3n que Jes\u00fas nos consigui\u00f3 con su muerte y resurrecci\u00f3n. El bautismo por el que hemos sido sumergidos en la muerte de Cristo y hemos salido resucitados con \u00c9l (cf. <em>Catecismo <\/em>1214).<\/p>\n<p>Pero el bautismo no es un rito, simplemente. El bautismo es el comienzo de una vida nueva. En el Bautismo hemos recibido la semilla de un <em>tesoro<\/em> que es la <em>fe<\/em> y <em>el don del Esp\u00edritu Santo<\/em>, que nos convierte en hijos amados de Dios en Cristo y nos introduce en la comunidad de los disc\u00edpulos de Jesucristo: la Iglesia.<\/p>\n<p>Hoy el Se\u00f1or nos invita a cuidar la semilla para que pueda crecer y dar fruto.<\/p>\n<p>Para ello, cada d\u00eda has de escuchar y acoger como dirigida a ti la palabra de que el Esp\u00edritu Santo susurra en cada latido de tu coraz\u00f3n y te recuerda que t\u00fa eres el hijo amado de Dios, su predilecto. Cada d\u00eda el Esp\u00edritu te certifica que Dios te ama, que te ha creado por amor y que est\u00e1 haciendo contigo una historia de amor y de salvaci\u00f3n. Esta es la clave. Cuando acoges este Amor gratuito, la vida cambia completamente.<\/p>\n<p>Esta fiesta es una invitaci\u00f3n a que vivas esta historia de amor con el Se\u00f1or. Una invitaci\u00f3n a disfrutar el bautismo. A vivir esta vida nueva, a vivir una relaci\u00f3n personal e \u00edntima con el Se\u00f1or, una relaci\u00f3n de amor. Porque la fe es vivir una vida que se disfruta. Una vida que hemos de cuidar.<\/p>\n<p>La cuidamos, escuchando la Palabra de Dios. Una Palabra que tiene vida eterna. La cuidamos viviendo la fe no de una manera individualista y solitaria, sino unidos a todos los que profesamos que Jes\u00fas es el Se\u00f1or, viviendo la fe en la familia de los disc\u00edpulos de Jes\u00fas, que es la Iglesia.<\/p>\n<p>Cuidamos la fe cuando celebramos la Eucarist\u00eda, cuando confesamos nuestros pecados, cuando pasamos por el mundo haciendo el bien, como hizo Jes\u00fas. Cuidamos la fe cuando oramos y vivimos esa intimidad con el Se\u00f1or. Hasta que lleguemos a la meta, que es el cielo, la vida eterna, <em>donde ni el ojo vio, ni el o\u00eddo oy\u00f3, ni el hombre puede imaginar lo que Dios tiene preparado para los que le aman <\/em>(<em>1 Cor <\/em>2, 9).<\/p>\n<p>\u00a1\u00c1brele el coraz\u00f3n al Se\u00f1or! \u00a1No tengas miedo! \u00a1El que comenz\u00f3 en ti la obra buena, \u00e9l mismo la llevar\u00e1 a su t\u00e9rmino!<\/p>\n<p>\u00a1Ven, Esp\u00edritu Santo!<\/p>\n","protected":false},"excerpt":{"rendered":"<p>Domingo, 11 de enero de 2026<\/p>\n","protected":false},"author":20,"featured_media":153113,"comment_status":"closed","ping_status":"closed","sticky":false,"template":"","format":"standard","meta":{"_acf_changed":false,"_crdt_document":"","inline_featured_image":false,"footnotes":""},"categories":[96,74],"tags":[38739,1087,1372,6281,58880],"class_list":["post-153109","post","type-post","status-publish","format-standard","has-post-thumbnail","hentry","category-espiritualidad","category-iglesia-y-mundo","tag-bautismo-de-jesus","tag-comentario","tag-evangelio","tag-jorge-miro","tag-trending-es-151"],"acf":[],"yoast_head":"<!-- This site is optimized with the Yoast SEO plugin v27.5 - https:\/\/yoast.com\/product\/yoast-seo-wordpress\/ -->\n<title>Este es mi Hijo amado, en quien me complazco: Comentario del P. Jorge Mir\u00f3 &#8211; Exaudi<\/title>\n<meta name=\"robots\" content=\"index, follow, max-snippet:-1, max-image-preview:large, max-video-preview:-1\" \/>\n<link rel=\"canonical\" href=\"https:\/\/exaudi.org\/es\/este-es-mi-hijo-amado-en-quien-me-complazco-comentario-del-p-jorge-miro\/\" \/>\n<meta property=\"og:locale\" content=\"es_ES\" \/>\n<meta property=\"og:type\" content=\"article\" \/>\n<meta property=\"og:title\" content=\"Este es mi Hijo amado, en quien me complazco: Comentario del P. Jorge Mir\u00f3 &#8211; Exaudi\" \/>\n<meta property=\"og:description\" content=\"Domingo, 11 de enero de 2026\" \/>\n<meta property=\"og:url\" content=\"https:\/\/exaudi.org\/es\/este-es-mi-hijo-amado-en-quien-me-complazco-comentario-del-p-jorge-miro\/\" \/>\n<meta property=\"og:site_name\" content=\"Exaudi\" \/>\n<meta property=\"article:publisher\" content=\"https:\/\/www.facebook.com\/ExaudiNews\" \/>\n<meta property=\"article:published_time\" content=\"2026-01-10T08:10:46+00:00\" \/>\n<meta name=\"author\" content=\"Jorge Mir\u00f3\" \/>\n<meta name=\"twitter:card\" content=\"summary_large_image\" \/>\n<meta name=\"twitter:creator\" content=\"@Exaudi_News\" \/>\n<meta name=\"twitter:site\" content=\"@Exaudi_News\" \/>\n<meta name=\"twitter:label1\" content=\"Escrito por\" \/>\n\t<meta name=\"twitter:data1\" content=\"Jorge Mir\u00f3\" \/>\n\t<meta name=\"twitter:label2\" content=\"Tiempo de lectura\" \/>\n\t<meta name=\"twitter:data2\" content=\"3 minutos\" \/>\n<script type=\"application\/ld+json\" class=\"yoast-schema-graph\">{\"@context\":\"https:\\\/\\\/schema.org\",\"@graph\":[{\"@type\":\"Article\",\"@id\":\"https:\\\/\\\/exaudi.org\\\/es\\\/este-es-mi-hijo-amado-en-quien-me-complazco-comentario-del-p-jorge-miro\\\/#article\",\"isPartOf\":{\"@id\":\"https:\\\/\\\/exaudi.org\\\/es\\\/este-es-mi-hijo-amado-en-quien-me-complazco-comentario-del-p-jorge-miro\\\/\"},\"author\":{\"name\":\"Jorge Mir\u00f3\",\"@id\":\"https:\\\/\\\/exaudi.org\\\/#\\\/schema\\\/person\\\/a258c56b05e63b2b367bdca29e0ed3e3\"},\"headline\":\"Este es mi Hijo amado, en quien me complazco: Comentario del P. Jorge Mir\u00f3\",\"datePublished\":\"2026-01-10T08:10:46+00:00\",\"mainEntityOfPage\":{\"@id\":\"https:\\\/\\\/exaudi.org\\\/es\\\/este-es-mi-hijo-amado-en-quien-me-complazco-comentario-del-p-jorge-miro\\\/\"},\"wordCount\":654,\"image\":{\"@id\":\"https:\\\/\\\/exaudi.org\\\/es\\\/este-es-mi-hijo-amado-en-quien-me-complazco-comentario-del-p-jorge-miro\\\/#primaryimage\"},\"thumbnailUrl\":\"https:\\\/\\\/exaudi.org\\\/wp-content\\\/uploads\\\/2026\\\/01\\\/ai-generated-8846507_1920.png\",\"keywords\":[\"bautismo de Jes\u00fas\",\"Comentario\",\"Evangelio\",\"Jorge Mir\u00f3\",\"Trending\"],\"articleSection\":[\"Espiritualidad\",\"Iglesia y Mundo\"],\"inLanguage\":\"es\"},{\"@type\":\"WebPage\",\"@id\":\"https:\\\/\\\/exaudi.org\\\/es\\\/este-es-mi-hijo-amado-en-quien-me-complazco-comentario-del-p-jorge-miro\\\/\",\"url\":\"https:\\\/\\\/exaudi.org\\\/es\\\/este-es-mi-hijo-amado-en-quien-me-complazco-comentario-del-p-jorge-miro\\\/\",\"name\":\"Este es mi Hijo amado, en quien me complazco: Comentario del P. Jorge Mir\u00f3 &#8211; Exaudi\",\"isPartOf\":{\"@id\":\"https:\\\/\\\/exaudi.org\\\/#website\"},\"primaryImageOfPage\":{\"@id\":\"https:\\\/\\\/exaudi.org\\\/es\\\/este-es-mi-hijo-amado-en-quien-me-complazco-comentario-del-p-jorge-miro\\\/#primaryimage\"},\"image\":{\"@id\":\"https:\\\/\\\/exaudi.org\\\/es\\\/este-es-mi-hijo-amado-en-quien-me-complazco-comentario-del-p-jorge-miro\\\/#primaryimage\"},\"thumbnailUrl\":\"https:\\\/\\\/exaudi.org\\\/wp-content\\\/uploads\\\/2026\\\/01\\\/ai-generated-8846507_1920.png\",\"datePublished\":\"2026-01-10T08:10:46+00:00\",\"author\":{\"@id\":\"https:\\\/\\\/exaudi.org\\\/#\\\/schema\\\/person\\\/a258c56b05e63b2b367bdca29e0ed3e3\"},\"breadcrumb\":{\"@id\":\"https:\\\/\\\/exaudi.org\\\/es\\\/este-es-mi-hijo-amado-en-quien-me-complazco-comentario-del-p-jorge-miro\\\/#breadcrumb\"},\"inLanguage\":\"es\",\"potentialAction\":[{\"@type\":\"ReadAction\",\"target\":[\"https:\\\/\\\/exaudi.org\\\/es\\\/este-es-mi-hijo-amado-en-quien-me-complazco-comentario-del-p-jorge-miro\\\/\"]}]},{\"@type\":\"ImageObject\",\"inLanguage\":\"es\",\"@id\":\"https:\\\/\\\/exaudi.org\\\/es\\\/este-es-mi-hijo-amado-en-quien-me-complazco-comentario-del-p-jorge-miro\\\/#primaryimage\",\"url\":\"https:\\\/\\\/exaudi.org\\\/wp-content\\\/uploads\\\/2026\\\/01\\\/ai-generated-8846507_1920.png\",\"contentUrl\":\"https:\\\/\\\/exaudi.org\\\/wp-content\\\/uploads\\\/2026\\\/01\\\/ai-generated-8846507_1920.png\",\"width\":1920,\"height\":1097},{\"@type\":\"BreadcrumbList\",\"@id\":\"https:\\\/\\\/exaudi.org\\\/es\\\/este-es-mi-hijo-amado-en-quien-me-complazco-comentario-del-p-jorge-miro\\\/#breadcrumb\",\"itemListElement\":[{\"@type\":\"ListItem\",\"position\":1,\"name\":\"Portada\",\"item\":\"https:\\\/\\\/exaudi.org\\\/es\\\/\"},{\"@type\":\"ListItem\",\"position\":2,\"name\":\"Este es mi Hijo amado, en quien me complazco: Comentario del P. Jorge Mir\u00f3\"}]},{\"@type\":\"WebSite\",\"@id\":\"https:\\\/\\\/exaudi.org\\\/#website\",\"url\":\"https:\\\/\\\/exaudi.org\\\/\",\"name\":\"Exaudi\",\"description\":\"News\",\"potentialAction\":[{\"@type\":\"SearchAction\",\"target\":{\"@type\":\"EntryPoint\",\"urlTemplate\":\"https:\\\/\\\/exaudi.org\\\/?s={search_term_string}\"},\"query-input\":{\"@type\":\"PropertyValueSpecification\",\"valueRequired\":true,\"valueName\":\"search_term_string\"}}],\"inLanguage\":\"es\"},{\"@type\":\"Person\",\"@id\":\"https:\\\/\\\/exaudi.org\\\/#\\\/schema\\\/person\\\/a258c56b05e63b2b367bdca29e0ed3e3\",\"name\":\"Jorge Mir\u00f3\",\"image\":{\"@type\":\"ImageObject\",\"inLanguage\":\"es\",\"@id\":\"https:\\\/\\\/secure.gravatar.com\\\/avatar\\\/f5ea26c436669b01b7b02124bf13596df002525d6f392707d301543be365bd44?s=96&d=mm&r=g\",\"url\":\"https:\\\/\\\/secure.gravatar.com\\\/avatar\\\/f5ea26c436669b01b7b02124bf13596df002525d6f392707d301543be365bd44?s=96&d=mm&r=g\",\"contentUrl\":\"https:\\\/\\\/secure.gravatar.com\\\/avatar\\\/f5ea26c436669b01b7b02124bf13596df002525d6f392707d301543be365bd44?s=96&d=mm&r=g\",\"caption\":\"Jorge Mir\u00f3\"},\"description\":\"Sacerdote de la archidi\u00f3cesis de Valencia y profesor en la Facultad de Ciencias Jur\u00eddicas, Econ\u00f3micas y Sociales de la Universidad Cat\u00f3lica de Valencia\",\"url\":\"https:\\\/\\\/exaudi.org\\\/es\\\/author\\\/jorgemiro\\\/\"}]}<\/script>\n<!-- \/ Yoast SEO plugin. -->","yoast_head_json":{"title":"Este es mi Hijo amado, en quien me complazco: Comentario del P. Jorge Mir\u00f3 &#8211; Exaudi","robots":{"index":"index","follow":"follow","max-snippet":"max-snippet:-1","max-image-preview":"max-image-preview:large","max-video-preview":"max-video-preview:-1"},"canonical":"https:\/\/exaudi.org\/es\/este-es-mi-hijo-amado-en-quien-me-complazco-comentario-del-p-jorge-miro\/","og_locale":"es_ES","og_type":"article","og_title":"Este es mi Hijo amado, en quien me complazco: Comentario del P. Jorge Mir\u00f3 &#8211; Exaudi","og_description":"Domingo, 11 de enero de 2026","og_url":"https:\/\/exaudi.org\/es\/este-es-mi-hijo-amado-en-quien-me-complazco-comentario-del-p-jorge-miro\/","og_site_name":"Exaudi","article_publisher":"https:\/\/www.facebook.com\/ExaudiNews","article_published_time":"2026-01-10T08:10:46+00:00","author":"Jorge Mir\u00f3","twitter_card":"summary_large_image","twitter_creator":"@Exaudi_News","twitter_site":"@Exaudi_News","twitter_misc":{"Escrito por":"Jorge Mir\u00f3","Tiempo de lectura":"3 minutos"},"schema":{"@context":"https:\/\/schema.org","@graph":[{"@type":"Article","@id":"https:\/\/exaudi.org\/es\/este-es-mi-hijo-amado-en-quien-me-complazco-comentario-del-p-jorge-miro\/#article","isPartOf":{"@id":"https:\/\/exaudi.org\/es\/este-es-mi-hijo-amado-en-quien-me-complazco-comentario-del-p-jorge-miro\/"},"author":{"name":"Jorge Mir\u00f3","@id":"https:\/\/exaudi.org\/#\/schema\/person\/a258c56b05e63b2b367bdca29e0ed3e3"},"headline":"Este es mi Hijo amado, en quien me complazco: Comentario del P. Jorge Mir\u00f3","datePublished":"2026-01-10T08:10:46+00:00","mainEntityOfPage":{"@id":"https:\/\/exaudi.org\/es\/este-es-mi-hijo-amado-en-quien-me-complazco-comentario-del-p-jorge-miro\/"},"wordCount":654,"image":{"@id":"https:\/\/exaudi.org\/es\/este-es-mi-hijo-amado-en-quien-me-complazco-comentario-del-p-jorge-miro\/#primaryimage"},"thumbnailUrl":"https:\/\/exaudi.org\/wp-content\/uploads\/2026\/01\/ai-generated-8846507_1920.png","keywords":["bautismo de Jes\u00fas","Comentario","Evangelio","Jorge Mir\u00f3","Trending"],"articleSection":["Espiritualidad","Iglesia y Mundo"],"inLanguage":"es"},{"@type":"WebPage","@id":"https:\/\/exaudi.org\/es\/este-es-mi-hijo-amado-en-quien-me-complazco-comentario-del-p-jorge-miro\/","url":"https:\/\/exaudi.org\/es\/este-es-mi-hijo-amado-en-quien-me-complazco-comentario-del-p-jorge-miro\/","name":"Este es mi Hijo amado, en quien me complazco: Comentario del P. Jorge Mir\u00f3 &#8211; Exaudi","isPartOf":{"@id":"https:\/\/exaudi.org\/#website"},"primaryImageOfPage":{"@id":"https:\/\/exaudi.org\/es\/este-es-mi-hijo-amado-en-quien-me-complazco-comentario-del-p-jorge-miro\/#primaryimage"},"image":{"@id":"https:\/\/exaudi.org\/es\/este-es-mi-hijo-amado-en-quien-me-complazco-comentario-del-p-jorge-miro\/#primaryimage"},"thumbnailUrl":"https:\/\/exaudi.org\/wp-content\/uploads\/2026\/01\/ai-generated-8846507_1920.png","datePublished":"2026-01-10T08:10:46+00:00","author":{"@id":"https:\/\/exaudi.org\/#\/schema\/person\/a258c56b05e63b2b367bdca29e0ed3e3"},"breadcrumb":{"@id":"https:\/\/exaudi.org\/es\/este-es-mi-hijo-amado-en-quien-me-complazco-comentario-del-p-jorge-miro\/#breadcrumb"},"inLanguage":"es","potentialAction":[{"@type":"ReadAction","target":["https:\/\/exaudi.org\/es\/este-es-mi-hijo-amado-en-quien-me-complazco-comentario-del-p-jorge-miro\/"]}]},{"@type":"ImageObject","inLanguage":"es","@id":"https:\/\/exaudi.org\/es\/este-es-mi-hijo-amado-en-quien-me-complazco-comentario-del-p-jorge-miro\/#primaryimage","url":"https:\/\/exaudi.org\/wp-content\/uploads\/2026\/01\/ai-generated-8846507_1920.png","contentUrl":"https:\/\/exaudi.org\/wp-content\/uploads\/2026\/01\/ai-generated-8846507_1920.png","width":1920,"height":1097},{"@type":"BreadcrumbList","@id":"https:\/\/exaudi.org\/es\/este-es-mi-hijo-amado-en-quien-me-complazco-comentario-del-p-jorge-miro\/#breadcrumb","itemListElement":[{"@type":"ListItem","position":1,"name":"Portada","item":"https:\/\/exaudi.org\/es\/"},{"@type":"ListItem","position":2,"name":"Este es mi Hijo amado, en quien me complazco: Comentario del P. Jorge Mir\u00f3"}]},{"@type":"WebSite","@id":"https:\/\/exaudi.org\/#website","url":"https:\/\/exaudi.org\/","name":"Exaudi","description":"News","potentialAction":[{"@type":"SearchAction","target":{"@type":"EntryPoint","urlTemplate":"https:\/\/exaudi.org\/?s={search_term_string}"},"query-input":{"@type":"PropertyValueSpecification","valueRequired":true,"valueName":"search_term_string"}}],"inLanguage":"es"},{"@type":"Person","@id":"https:\/\/exaudi.org\/#\/schema\/person\/a258c56b05e63b2b367bdca29e0ed3e3","name":"Jorge Mir\u00f3","image":{"@type":"ImageObject","inLanguage":"es","@id":"https:\/\/secure.gravatar.com\/avatar\/f5ea26c436669b01b7b02124bf13596df002525d6f392707d301543be365bd44?s=96&d=mm&r=g","url":"https:\/\/secure.gravatar.com\/avatar\/f5ea26c436669b01b7b02124bf13596df002525d6f392707d301543be365bd44?s=96&d=mm&r=g","contentUrl":"https:\/\/secure.gravatar.com\/avatar\/f5ea26c436669b01b7b02124bf13596df002525d6f392707d301543be365bd44?s=96&d=mm&r=g","caption":"Jorge Mir\u00f3"},"description":"Sacerdote de la archidi\u00f3cesis de Valencia y profesor en la Facultad de Ciencias Jur\u00eddicas, Econ\u00f3micas y Sociales de la Universidad Cat\u00f3lica de Valencia","url":"https:\/\/exaudi.org\/es\/author\/jorgemiro\/"}]}},"jetpack_featured_media_url":"https:\/\/exaudi.org\/wp-content\/uploads\/2026\/01\/ai-generated-8846507_1920.png","jetpack_shortlink":"https:\/\/wp.me\/pgKjF2-DPv","_links":{"self":[{"href":"https:\/\/exaudi.org\/es\/wp-json\/wp\/v2\/posts\/153109","targetHints":{"allow":["GET"]}}],"collection":[{"href":"https:\/\/exaudi.org\/es\/wp-json\/wp\/v2\/posts"}],"about":[{"href":"https:\/\/exaudi.org\/es\/wp-json\/wp\/v2\/types\/post"}],"author":[{"embeddable":true,"href":"https:\/\/exaudi.org\/es\/wp-json\/wp\/v2\/users\/20"}],"replies":[{"embeddable":true,"href":"https:\/\/exaudi.org\/es\/wp-json\/wp\/v2\/comments?post=153109"}],"version-history":[{"count":4,"href":"https:\/\/exaudi.org\/es\/wp-json\/wp\/v2\/posts\/153109\/revisions"}],"predecessor-version":[{"id":153116,"href":"https:\/\/exaudi.org\/es\/wp-json\/wp\/v2\/posts\/153109\/revisions\/153116"}],"wp:featuredmedia":[{"embeddable":true,"href":"https:\/\/exaudi.org\/es\/wp-json\/wp\/v2\/media\/153113"}],"wp:attachment":[{"href":"https:\/\/exaudi.org\/es\/wp-json\/wp\/v2\/media?parent=153109"}],"wp:term":[{"taxonomy":"category","embeddable":true,"href":"https:\/\/exaudi.org\/es\/wp-json\/wp\/v2\/categories?post=153109"},{"taxonomy":"post_tag","embeddable":true,"href":"https:\/\/exaudi.org\/es\/wp-json\/wp\/v2\/tags?post=153109"}],"curies":[{"name":"wp","href":"https:\/\/api.w.org\/{rel}","templated":true}]}}