{"id":152977,"date":"2026-01-09T07:00:18","date_gmt":"2026-01-09T06:00:18","guid":{"rendered":"https:\/\/exaudi.org\/?p=152977"},"modified":"2026-01-09T11:55:33","modified_gmt":"2026-01-09T10:55:33","slug":"papa-leon-xiv-anuncia-consistorios-anuales-con-los-cardenales-y-convoca-uno-nuevo-para-junio","status":"publish","type":"post","link":"https:\/\/exaudi.org\/es\/papa-leon-xiv-anuncia-consistorios-anuales-con-los-cardenales-y-convoca-uno-nuevo-para-junio\/","title":{"rendered":"Papa Le\u00f3n XIV anuncia consistorios anuales con los cardenales y convoca uno nuevo para junio"},"content":{"rendered":"<p dir=\"auto\">El Papa Le\u00f3n XIV ha concluido el Consistorio Extraordinario de cardenales celebrado los d\u00edas 7 y 8 de enero en el Aula Pablo VI del Vaticano, con la participaci\u00f3n de 170 purpurados, tanto electores como no electores. En su discurso de clausura, el Pont\u00edfice anunci\u00f3 la celebraci\u00f3n de un nuevo Consistorio Extraordinario en junio de 2026, coincidiendo con la solemnidad de los santos Pedro y Pablo, y expres\u00f3 su deseo de que estos encuentros se conviertan en una tradici\u00f3n anual, con una duraci\u00f3n de tres a cuatro d\u00edas.<\/p>\n<p dir=\"auto\">Le\u00f3n XIV describi\u00f3 este primer consistorio como una \u00abprefiguraci\u00f3n de nuestro camino futuro\u00bb, en continuidad con las congregaciones generales previas al C\u00f3nclave que lo eligi\u00f3. Subray\u00f3 la experiencia de una \u00absinodalidad no t\u00e9cnica\u00bb, caracterizada por una profunda sinton\u00eda y comuni\u00f3n, que permiti\u00f3 a los cardenales conocerse mutuamente pese a sus diversas procedencias y experiencias. El Papa record\u00f3 el Concilio Vaticano II como fundamento del renovamiento eclesial y aclar\u00f3 que temas no sometidos a votaci\u00f3n, como la liturgia y la constituci\u00f3n apost\u00f3lica <em>Praedicate evangelium<\/em>, permanecen vinculados al Concilio y no deben ser olvidados.<\/p>\n<p dir=\"auto\">En un gesto de gratitud, el Pont\u00edfice agradeci\u00f3 especialmente a los cardenales de mayor edad por su esfuerzo: \u00abSu testimonio es precioso\u00bb. Extendi\u00f3 su cercan\u00eda a los ausentes, afirmando: \u00abEstamos con ustedes y les sentimos cercanos\u00bb. Tambi\u00e9n evoc\u00f3 la situaci\u00f3n mundial, marcada por guerras y violencias, que hace \u00aba\u00fan m\u00e1s urgente\u00bb la respuesta de la Iglesia, con un pensamiento especial para las comunidades eclesiales que sufren.<\/p>\n<p dir=\"auto\"><img loading=\"lazy\" decoding=\"async\" class=\"size-full wp-image-152981 alignnone\" src=\"https:\/\/exaudi.org\/wp-content\/uploads\/2026\/01\/cq5dam.thumbnail.cropped.1500.844-2.jpeg\" alt=\"\" width=\"1280\" height=\"844\" srcset=\"https:\/\/exaudi.org\/wp-content\/uploads\/2026\/01\/cq5dam.thumbnail.cropped.1500.844-2.jpeg 1280w, https:\/\/exaudi.org\/wp-content\/uploads\/2026\/01\/cq5dam.thumbnail.cropped.1500.844-2-300x198.jpeg 300w, https:\/\/exaudi.org\/wp-content\/uploads\/2026\/01\/cq5dam.thumbnail.cropped.1500.844-2-1024x675.jpeg 1024w, https:\/\/exaudi.org\/wp-content\/uploads\/2026\/01\/cq5dam.thumbnail.cropped.1500.844-2-770x508.jpeg 770w, https:\/\/exaudi.org\/wp-content\/uploads\/2026\/01\/cq5dam.thumbnail.cropped.1500.844-2-500x330.jpeg 500w\" sizes=\"auto, (max-width: 1280px) 100vw, 1280px\" \/><\/p>\n<p dir=\"auto\">Durante el briefing de prensa al cierre del segundo d\u00eda, los cardenales Stephen Brislin (arzobispo de Johannesburgo, Sud\u00e1frica), Luis Jos\u00e9 Rueda Aparicio (arzobispo de Bogot\u00e1, Colombia) y Pablo David (obispo de Kalookan, Filipinas) ilustraron los trabajos realizados en 20 grupos ling\u00fc\u00edsticos. Los debates se centraron en la sinodalidad como \u00abcompa\u00f1eros de camino\u00bb, su reflejo en el ejercicio de la autoridad, la formaci\u00f3n sacerdotal, el rol de los nuncios y la necesidad de una mayor internacionalizaci\u00f3n de la Curia Romana. Se propuso una relectura de la exhortaci\u00f3n <em>Evangelii gaudium<\/em> de Francisco, considerada a\u00fan vigente y desafiante para di\u00f3cesis, Curia y el propio Papa. La propuesta de abordar la sinodalidad y la misi\u00f3n a la luz de este documento fue aprobada por mayor\u00eda.<\/p>\n<p dir=\"auto\">Aunque no figuraba en la agenda oficial, el tema de Venezuela emergi\u00f3 con fuerza, especialmente entre los cardenales latinoamericanos. El cardenal Rueda Aparicio record\u00f3 las palabras del Papa en el \u00c1ngelus del 4 de enero, donde expres\u00f3 \u00abprofunda preocupaci\u00f3n\u00bb por la situaci\u00f3n en el pa\u00eds y se comprometi\u00f3 a fomentar el di\u00e1logo para una paz \u00abdesarmada y desarmante\u00bb, respetuosa de los derechos humanos y la soberan\u00eda. \u00abEse mensaje marc\u00f3 el tono de mis reflexiones estos d\u00edas\u00bb, a\u00f1adi\u00f3 el purpurado colombiano, quien enfatiz\u00f3 que Venezuela \u00abnos duele a todos y deseamos los mejores desarrollos posibles\u00bb.<\/p>\n<p dir=\"auto\">Los cardenales coincidieron en calificar la experiencia como \u00abmuy enriquecedora\u00bb. Brislin destac\u00f3 la diversidad de perspectivas y la oportunidad de conocerse mejor, se\u00f1alando que el anuncio de junio demuestra que \u00abel Papa se toma en serio\u00bb el aporte colegial de los cardenales. Rueda Aparicio resalt\u00f3 la \u00abunidad sin uniformidad\u00bb y que, apenas ocho meses despu\u00e9s del C\u00f3nclave, Le\u00f3n XIV convoc\u00f3 este encuentro para \u00abescucharnos\u00bb. David elogi\u00f3 el formato de \u00abconversaci\u00f3n en el Esp\u00edritu\u00bb, donde todos pudieron intervenir, y alab\u00f3 la actitud del Papa, que \u00abescuch\u00f3 m\u00e1s de lo que habl\u00f3\u00bb, tomando notas con atenci\u00f3n.<\/p>\n<p dir=\"auto\">Sobre la participaci\u00f3n de laicos y mujeres, el cardenal David afirm\u00f3: \u00ab\u00bfC\u00f3mo no reconocer el papel de las mujeres y sus ministerios en la Iglesia?\u00bb. Mencion\u00f3 la preocupaci\u00f3n constante por el tema femenino, los trabajos de la Comisi\u00f3n para el Diaconado Femenino y la necesidad de superar el clericalismo, recordando el \u00absacerdocio del pueblo de Dios\u00bb del Vaticano II: \u00abTenemos la cabeza de la Iglesia, pero tambi\u00e9n un cuerpo; las personas tienen el poder de participar en la vida y misi\u00f3n eclesial\u00bb.<\/p>\n","protected":false},"excerpt":{"rendered":"<p>El Pont\u00edfice cierra el primer encuentro extraordinario destacando la sinodalidad vivida en comuni\u00f3n y confirma la Asamblea Eclesial de 2028<\/p>\n","protected":false},"author":15,"featured_media":152978,"comment_status":"closed","ping_status":"closed","sticky":false,"template":"","format":"standard","meta":{"_acf_changed":false,"_crdt_document":"","inline_featured_image":false,"footnotes":""},"categories":[],"tags":[88048,88049,1940,57992,26519,87872,8442,15373,88047,88050,88051,88052,966,966,966],"class_list":["post-152977","post","type-post","status-publish","format-standard","has-post-thumbnail","hentry","tag-asamblea-eclesial-2028","tag-briefing-sala-de-prensa","tag-cardenales","tag-colegialidad-eclesial","tag-comunion-eclesial","tag-consistorio-extraordinario","tag-evangelii-gaudium","tag-formacion-sacerdotal","tag-junio-2026","tag-papa-leon-xiv-anuncios","tag-reunion-cardenales-anual","tag-rol-mujeres-iglesia","tag-venezuela"],"acf":[],"yoast_head":"<!-- This site is optimized with the Yoast SEO plugin v27.5 - https:\/\/yoast.com\/product\/yoast-seo-wordpress\/ -->\n<title>Papa Le\u00f3n XIV anuncia consistorios anuales con los cardenales y convoca uno nuevo para junio &#8211; Exaudi<\/title>\n<meta name=\"robots\" content=\"index, follow, max-snippet:-1, max-image-preview:large, max-video-preview:-1\" \/>\n<link rel=\"canonical\" href=\"https:\/\/exaudi.org\/es\/papa-leon-xiv-anuncia-consistorios-anuales-con-los-cardenales-y-convoca-uno-nuevo-para-junio\/\" \/>\n<meta property=\"og:locale\" content=\"es_ES\" \/>\n<meta property=\"og:type\" content=\"article\" \/>\n<meta property=\"og:title\" content=\"Papa Le\u00f3n XIV anuncia consistorios anuales con los cardenales y convoca uno nuevo para junio &#8211; Exaudi\" \/>\n<meta property=\"og:description\" content=\"El Pont\u00edfice cierra el primer encuentro extraordinario destacando la sinodalidad vivida en comuni\u00f3n y confirma la Asamblea Eclesial de 2028\" \/>\n<meta property=\"og:url\" content=\"https:\/\/exaudi.org\/es\/papa-leon-xiv-anuncia-consistorios-anuales-con-los-cardenales-y-convoca-uno-nuevo-para-junio\/\" \/>\n<meta property=\"og:site_name\" content=\"Exaudi\" \/>\n<meta property=\"article:publisher\" content=\"https:\/\/www.facebook.com\/ExaudiNews\" \/>\n<meta property=\"article:author\" content=\"https:\/\/www.facebook.com\/ExaudiNoticias\/\" \/>\n<meta property=\"article:published_time\" content=\"2026-01-09T06:00:18+00:00\" \/>\n<meta property=\"article:modified_time\" content=\"2026-01-09T10:55:33+00:00\" \/>\n<meta property=\"og:image\" content=\"https:\/\/exaudi.org\/wp-content\/uploads\/2026\/01\/cq5dam.thumbnail.cropped.750.422-10-1.jpeg\" \/>\n\t<meta property=\"og:image:width\" content=\"750\" \/>\n\t<meta property=\"og:image:height\" content=\"422\" \/>\n\t<meta property=\"og:image:type\" content=\"image\/jpeg\" \/>\n<meta name=\"author\" content=\"Exaudi Redacci\u00f3n\" \/>\n<meta name=\"twitter:card\" content=\"summary_large_image\" \/>\n<meta name=\"twitter:creator\" content=\"@Exaudi_noticias\" \/>\n<meta name=\"twitter:site\" content=\"@Exaudi_News\" \/>\n<meta name=\"twitter:label1\" content=\"Escrito por\" \/>\n\t<meta name=\"twitter:data1\" content=\"Exaudi Redacci\u00f3n\" \/>\n\t<meta name=\"twitter:label2\" content=\"Tiempo de lectura\" \/>\n\t<meta name=\"twitter:data2\" content=\"3 minutos\" \/>\n<script type=\"application\/ld+json\" class=\"yoast-schema-graph\">{\"@context\":\"https:\\\/\\\/schema.org\",\"@graph\":[{\"@type\":\"Article\",\"@id\":\"https:\\\/\\\/exaudi.org\\\/es\\\/papa-leon-xiv-anuncia-consistorios-anuales-con-los-cardenales-y-convoca-uno-nuevo-para-junio\\\/#article\",\"isPartOf\":{\"@id\":\"https:\\\/\\\/exaudi.org\\\/es\\\/papa-leon-xiv-anuncia-consistorios-anuales-con-los-cardenales-y-convoca-uno-nuevo-para-junio\\\/\"},\"author\":{\"name\":\"Exaudi Redacci\u00f3n\",\"@id\":\"https:\\\/\\\/exaudi.org\\\/#\\\/schema\\\/person\\\/f5fc8f063065e38742da7afe15f25df7\"},\"headline\":\"Papa Le\u00f3n XIV anuncia consistorios anuales con los cardenales y convoca uno nuevo para junio\",\"datePublished\":\"2026-01-09T06:00:18+00:00\",\"dateModified\":\"2026-01-09T10:55:33+00:00\",\"mainEntityOfPage\":{\"@id\":\"https:\\\/\\\/exaudi.org\\\/es\\\/papa-leon-xiv-anuncia-consistorios-anuales-con-los-cardenales-y-convoca-uno-nuevo-para-junio\\\/\"},\"wordCount\":702,\"image\":{\"@id\":\"https:\\\/\\\/exaudi.org\\\/es\\\/papa-leon-xiv-anuncia-consistorios-anuales-con-los-cardenales-y-convoca-uno-nuevo-para-junio\\\/#primaryimage\"},\"thumbnailUrl\":\"https:\\\/\\\/exaudi.org\\\/wp-content\\\/uploads\\\/2026\\\/01\\\/cq5dam.thumbnail.cropped.750.422-10-1.jpeg\",\"keywords\":[\"Asamblea Eclesial 2028\",\"briefing Sala de Prensa\",\"Cardenales\",\"colegialidad eclesial\",\"comuni\u00f3n eclesial\",\"consistorio extraordinario\",\"Evangelii gaudium\",\"Formaci\u00f3n sacerdotal\",\"junio 2026\",\"Papa Le\u00f3n XIV anuncios\",\"reuni\u00f3n cardenales anual\",\"rol mujeres Iglesia\",\"Venezuela\",\"Venezuela\",\"Venezuela\"],\"inLanguage\":\"es\"},{\"@type\":\"WebPage\",\"@id\":\"https:\\\/\\\/exaudi.org\\\/es\\\/papa-leon-xiv-anuncia-consistorios-anuales-con-los-cardenales-y-convoca-uno-nuevo-para-junio\\\/\",\"url\":\"https:\\\/\\\/exaudi.org\\\/es\\\/papa-leon-xiv-anuncia-consistorios-anuales-con-los-cardenales-y-convoca-uno-nuevo-para-junio\\\/\",\"name\":\"Papa Le\u00f3n XIV anuncia consistorios anuales con los cardenales y convoca uno nuevo para junio &#8211; Exaudi\",\"isPartOf\":{\"@id\":\"https:\\\/\\\/exaudi.org\\\/#website\"},\"primaryImageOfPage\":{\"@id\":\"https:\\\/\\\/exaudi.org\\\/es\\\/papa-leon-xiv-anuncia-consistorios-anuales-con-los-cardenales-y-convoca-uno-nuevo-para-junio\\\/#primaryimage\"},\"image\":{\"@id\":\"https:\\\/\\\/exaudi.org\\\/es\\\/papa-leon-xiv-anuncia-consistorios-anuales-con-los-cardenales-y-convoca-uno-nuevo-para-junio\\\/#primaryimage\"},\"thumbnailUrl\":\"https:\\\/\\\/exaudi.org\\\/wp-content\\\/uploads\\\/2026\\\/01\\\/cq5dam.thumbnail.cropped.750.422-10-1.jpeg\",\"datePublished\":\"2026-01-09T06:00:18+00:00\",\"dateModified\":\"2026-01-09T10:55:33+00:00\",\"author\":{\"@id\":\"https:\\\/\\\/exaudi.org\\\/#\\\/schema\\\/person\\\/f5fc8f063065e38742da7afe15f25df7\"},\"breadcrumb\":{\"@id\":\"https:\\\/\\\/exaudi.org\\\/es\\\/papa-leon-xiv-anuncia-consistorios-anuales-con-los-cardenales-y-convoca-uno-nuevo-para-junio\\\/#breadcrumb\"},\"inLanguage\":\"es\",\"potentialAction\":[{\"@type\":\"ReadAction\",\"target\":[\"https:\\\/\\\/exaudi.org\\\/es\\\/papa-leon-xiv-anuncia-consistorios-anuales-con-los-cardenales-y-convoca-uno-nuevo-para-junio\\\/\"]}]},{\"@type\":\"ImageObject\",\"inLanguage\":\"es\",\"@id\":\"https:\\\/\\\/exaudi.org\\\/es\\\/papa-leon-xiv-anuncia-consistorios-anuales-con-los-cardenales-y-convoca-uno-nuevo-para-junio\\\/#primaryimage\",\"url\":\"https:\\\/\\\/exaudi.org\\\/wp-content\\\/uploads\\\/2026\\\/01\\\/cq5dam.thumbnail.cropped.750.422-10-1.jpeg\",\"contentUrl\":\"https:\\\/\\\/exaudi.org\\\/wp-content\\\/uploads\\\/2026\\\/01\\\/cq5dam.thumbnail.cropped.750.422-10-1.jpeg\",\"width\":750,\"height\":422},{\"@type\":\"BreadcrumbList\",\"@id\":\"https:\\\/\\\/exaudi.org\\\/es\\\/papa-leon-xiv-anuncia-consistorios-anuales-con-los-cardenales-y-convoca-uno-nuevo-para-junio\\\/#breadcrumb\",\"itemListElement\":[{\"@type\":\"ListItem\",\"position\":1,\"name\":\"Portada\",\"item\":\"https:\\\/\\\/exaudi.org\\\/es\\\/\"},{\"@type\":\"ListItem\",\"position\":2,\"name\":\"Papa Le\u00f3n XIV anuncia consistorios anuales con los cardenales y convoca uno nuevo para junio\"}]},{\"@type\":\"WebSite\",\"@id\":\"https:\\\/\\\/exaudi.org\\\/#website\",\"url\":\"https:\\\/\\\/exaudi.org\\\/\",\"name\":\"Exaudi\",\"description\":\"News\",\"potentialAction\":[{\"@type\":\"SearchAction\",\"target\":{\"@type\":\"EntryPoint\",\"urlTemplate\":\"https:\\\/\\\/exaudi.org\\\/?s={search_term_string}\"},\"query-input\":{\"@type\":\"PropertyValueSpecification\",\"valueRequired\":true,\"valueName\":\"search_term_string\"}}],\"inLanguage\":\"es\"},{\"@type\":\"Person\",\"@id\":\"https:\\\/\\\/exaudi.org\\\/#\\\/schema\\\/person\\\/f5fc8f063065e38742da7afe15f25df7\",\"name\":\"Exaudi Redacci\u00f3n\",\"image\":{\"@type\":\"ImageObject\",\"inLanguage\":\"es\",\"@id\":\"https:\\\/\\\/secure.gravatar.com\\\/avatar\\\/fe0f6a059fb68d9b3e11bc5850dd4899b1c7492091a3cb6dd9b01b56ad828be2?s=96&d=mm&r=g\",\"url\":\"https:\\\/\\\/secure.gravatar.com\\\/avatar\\\/fe0f6a059fb68d9b3e11bc5850dd4899b1c7492091a3cb6dd9b01b56ad828be2?s=96&d=mm&r=g\",\"contentUrl\":\"https:\\\/\\\/secure.gravatar.com\\\/avatar\\\/fe0f6a059fb68d9b3e11bc5850dd4899b1c7492091a3cb6dd9b01b56ad828be2?s=96&d=mm&r=g\",\"caption\":\"Exaudi Redacci\u00f3n\"},\"description\":\"\u00bfQu\u00e9 es Exaudi News? Exaudi News es un medio de comunicaci\u00f3n cat\u00f3lico internacional que informa, forma y transforma, diariamente en espa\u00f1ol, ingl\u00e9s e italiano. A trav\u00e9s de noticias, art\u00edculos de an\u00e1lisis y transmisiones en directo de los eventos del Papa, Exaudi busca fortalecer la unidad de los cristianos y contribuir a la evangelizaci\u00f3n del mundo, siempre guiados por la doctrina social de la Iglesia. Trabajamos para acercar la verdad y los valores cristianos a cada rinc\u00f3n del planeta. \u00a1Ay\u00fadanos a transformar el mundo con Exaudi! En Exaudi creemos que la evangelizaci\u00f3n y la informaci\u00f3n de calidad pueden cambiar vidas. Para continuar con nuestra misi\u00f3n y expandir nuestro alcance, necesitamos tu ayuda. Adem\u00e1s, buscamos personas comprometidas que deseen unirse a nuestro equipo. Con tu apoyo, lograremos llegar a m\u00e1s personas, difundir el mensaje de Cristo y reforzar la unidad de los cristianos. \u00bfTe unes a nuestra misi\u00f3n? Para m\u00e1s informaci\u00f3n sobre c\u00f3mo colaborar, visita Exaudi.org\\\/es o cont\u00e1ctanos directamente: info@exaudi.org Exaudi: Informa, forma y transforma.\",\"sameAs\":[\"https:\\\/\\\/www.facebook.com\\\/ExaudiNoticias\\\/\",\"https:\\\/\\\/www.instagram.com\\\/exaudi_noticias\\\/\",\"https:\\\/\\\/x.com\\\/Exaudi_noticias\",\"https:\\\/\\\/www.youtube.com\\\/@exaudicatholicnews\"],\"url\":\"https:\\\/\\\/exaudi.org\\\/es\\\/author\\\/redaccionexaudi\\\/\"}]}<\/script>\n<!-- \/ Yoast SEO plugin. -->","yoast_head_json":{"title":"Papa Le\u00f3n XIV anuncia consistorios anuales con los cardenales y convoca uno nuevo para junio &#8211; Exaudi","robots":{"index":"index","follow":"follow","max-snippet":"max-snippet:-1","max-image-preview":"max-image-preview:large","max-video-preview":"max-video-preview:-1"},"canonical":"https:\/\/exaudi.org\/es\/papa-leon-xiv-anuncia-consistorios-anuales-con-los-cardenales-y-convoca-uno-nuevo-para-junio\/","og_locale":"es_ES","og_type":"article","og_title":"Papa Le\u00f3n XIV anuncia consistorios anuales con los cardenales y convoca uno nuevo para junio &#8211; Exaudi","og_description":"El Pont\u00edfice cierra el primer encuentro extraordinario destacando la sinodalidad vivida en comuni\u00f3n y confirma la Asamblea Eclesial de 2028","og_url":"https:\/\/exaudi.org\/es\/papa-leon-xiv-anuncia-consistorios-anuales-con-los-cardenales-y-convoca-uno-nuevo-para-junio\/","og_site_name":"Exaudi","article_publisher":"https:\/\/www.facebook.com\/ExaudiNews","article_author":"https:\/\/www.facebook.com\/ExaudiNoticias\/","article_published_time":"2026-01-09T06:00:18+00:00","article_modified_time":"2026-01-09T10:55:33+00:00","og_image":[{"width":750,"height":422,"url":"https:\/\/exaudi.org\/wp-content\/uploads\/2026\/01\/cq5dam.thumbnail.cropped.750.422-10-1.jpeg","type":"image\/jpeg"}],"author":"Exaudi Redacci\u00f3n","twitter_card":"summary_large_image","twitter_creator":"@Exaudi_noticias","twitter_site":"@Exaudi_News","twitter_misc":{"Escrito por":"Exaudi Redacci\u00f3n","Tiempo de lectura":"3 minutos"},"schema":{"@context":"https:\/\/schema.org","@graph":[{"@type":"Article","@id":"https:\/\/exaudi.org\/es\/papa-leon-xiv-anuncia-consistorios-anuales-con-los-cardenales-y-convoca-uno-nuevo-para-junio\/#article","isPartOf":{"@id":"https:\/\/exaudi.org\/es\/papa-leon-xiv-anuncia-consistorios-anuales-con-los-cardenales-y-convoca-uno-nuevo-para-junio\/"},"author":{"name":"Exaudi Redacci\u00f3n","@id":"https:\/\/exaudi.org\/#\/schema\/person\/f5fc8f063065e38742da7afe15f25df7"},"headline":"Papa Le\u00f3n XIV anuncia consistorios anuales con los cardenales y convoca uno nuevo para junio","datePublished":"2026-01-09T06:00:18+00:00","dateModified":"2026-01-09T10:55:33+00:00","mainEntityOfPage":{"@id":"https:\/\/exaudi.org\/es\/papa-leon-xiv-anuncia-consistorios-anuales-con-los-cardenales-y-convoca-uno-nuevo-para-junio\/"},"wordCount":702,"image":{"@id":"https:\/\/exaudi.org\/es\/papa-leon-xiv-anuncia-consistorios-anuales-con-los-cardenales-y-convoca-uno-nuevo-para-junio\/#primaryimage"},"thumbnailUrl":"https:\/\/exaudi.org\/wp-content\/uploads\/2026\/01\/cq5dam.thumbnail.cropped.750.422-10-1.jpeg","keywords":["Asamblea Eclesial 2028","briefing Sala de Prensa","Cardenales","colegialidad eclesial","comuni\u00f3n eclesial","consistorio extraordinario","Evangelii gaudium","Formaci\u00f3n sacerdotal","junio 2026","Papa Le\u00f3n XIV anuncios","reuni\u00f3n cardenales anual","rol mujeres Iglesia","Venezuela","Venezuela","Venezuela"],"inLanguage":"es"},{"@type":"WebPage","@id":"https:\/\/exaudi.org\/es\/papa-leon-xiv-anuncia-consistorios-anuales-con-los-cardenales-y-convoca-uno-nuevo-para-junio\/","url":"https:\/\/exaudi.org\/es\/papa-leon-xiv-anuncia-consistorios-anuales-con-los-cardenales-y-convoca-uno-nuevo-para-junio\/","name":"Papa Le\u00f3n XIV anuncia consistorios anuales con los cardenales y convoca uno nuevo para junio &#8211; Exaudi","isPartOf":{"@id":"https:\/\/exaudi.org\/#website"},"primaryImageOfPage":{"@id":"https:\/\/exaudi.org\/es\/papa-leon-xiv-anuncia-consistorios-anuales-con-los-cardenales-y-convoca-uno-nuevo-para-junio\/#primaryimage"},"image":{"@id":"https:\/\/exaudi.org\/es\/papa-leon-xiv-anuncia-consistorios-anuales-con-los-cardenales-y-convoca-uno-nuevo-para-junio\/#primaryimage"},"thumbnailUrl":"https:\/\/exaudi.org\/wp-content\/uploads\/2026\/01\/cq5dam.thumbnail.cropped.750.422-10-1.jpeg","datePublished":"2026-01-09T06:00:18+00:00","dateModified":"2026-01-09T10:55:33+00:00","author":{"@id":"https:\/\/exaudi.org\/#\/schema\/person\/f5fc8f063065e38742da7afe15f25df7"},"breadcrumb":{"@id":"https:\/\/exaudi.org\/es\/papa-leon-xiv-anuncia-consistorios-anuales-con-los-cardenales-y-convoca-uno-nuevo-para-junio\/#breadcrumb"},"inLanguage":"es","potentialAction":[{"@type":"ReadAction","target":["https:\/\/exaudi.org\/es\/papa-leon-xiv-anuncia-consistorios-anuales-con-los-cardenales-y-convoca-uno-nuevo-para-junio\/"]}]},{"@type":"ImageObject","inLanguage":"es","@id":"https:\/\/exaudi.org\/es\/papa-leon-xiv-anuncia-consistorios-anuales-con-los-cardenales-y-convoca-uno-nuevo-para-junio\/#primaryimage","url":"https:\/\/exaudi.org\/wp-content\/uploads\/2026\/01\/cq5dam.thumbnail.cropped.750.422-10-1.jpeg","contentUrl":"https:\/\/exaudi.org\/wp-content\/uploads\/2026\/01\/cq5dam.thumbnail.cropped.750.422-10-1.jpeg","width":750,"height":422},{"@type":"BreadcrumbList","@id":"https:\/\/exaudi.org\/es\/papa-leon-xiv-anuncia-consistorios-anuales-con-los-cardenales-y-convoca-uno-nuevo-para-junio\/#breadcrumb","itemListElement":[{"@type":"ListItem","position":1,"name":"Portada","item":"https:\/\/exaudi.org\/es\/"},{"@type":"ListItem","position":2,"name":"Papa Le\u00f3n XIV anuncia consistorios anuales con los cardenales y convoca uno nuevo para junio"}]},{"@type":"WebSite","@id":"https:\/\/exaudi.org\/#website","url":"https:\/\/exaudi.org\/","name":"Exaudi","description":"News","potentialAction":[{"@type":"SearchAction","target":{"@type":"EntryPoint","urlTemplate":"https:\/\/exaudi.org\/?s={search_term_string}"},"query-input":{"@type":"PropertyValueSpecification","valueRequired":true,"valueName":"search_term_string"}}],"inLanguage":"es"},{"@type":"Person","@id":"https:\/\/exaudi.org\/#\/schema\/person\/f5fc8f063065e38742da7afe15f25df7","name":"Exaudi Redacci\u00f3n","image":{"@type":"ImageObject","inLanguage":"es","@id":"https:\/\/secure.gravatar.com\/avatar\/fe0f6a059fb68d9b3e11bc5850dd4899b1c7492091a3cb6dd9b01b56ad828be2?s=96&d=mm&r=g","url":"https:\/\/secure.gravatar.com\/avatar\/fe0f6a059fb68d9b3e11bc5850dd4899b1c7492091a3cb6dd9b01b56ad828be2?s=96&d=mm&r=g","contentUrl":"https:\/\/secure.gravatar.com\/avatar\/fe0f6a059fb68d9b3e11bc5850dd4899b1c7492091a3cb6dd9b01b56ad828be2?s=96&d=mm&r=g","caption":"Exaudi Redacci\u00f3n"},"description":"\u00bfQu\u00e9 es Exaudi News? Exaudi News es un medio de comunicaci\u00f3n cat\u00f3lico internacional que informa, forma y transforma, diariamente en espa\u00f1ol, ingl\u00e9s e italiano. A trav\u00e9s de noticias, art\u00edculos de an\u00e1lisis y transmisiones en directo de los eventos del Papa, Exaudi busca fortalecer la unidad de los cristianos y contribuir a la evangelizaci\u00f3n del mundo, siempre guiados por la doctrina social de la Iglesia. Trabajamos para acercar la verdad y los valores cristianos a cada rinc\u00f3n del planeta. \u00a1Ay\u00fadanos a transformar el mundo con Exaudi! En Exaudi creemos que la evangelizaci\u00f3n y la informaci\u00f3n de calidad pueden cambiar vidas. Para continuar con nuestra misi\u00f3n y expandir nuestro alcance, necesitamos tu ayuda. Adem\u00e1s, buscamos personas comprometidas que deseen unirse a nuestro equipo. Con tu apoyo, lograremos llegar a m\u00e1s personas, difundir el mensaje de Cristo y reforzar la unidad de los cristianos. \u00bfTe unes a nuestra misi\u00f3n? Para m\u00e1s informaci\u00f3n sobre c\u00f3mo colaborar, visita Exaudi.org\/es o cont\u00e1ctanos directamente: info@exaudi.org Exaudi: Informa, forma y transforma.","sameAs":["https:\/\/www.facebook.com\/ExaudiNoticias\/","https:\/\/www.instagram.com\/exaudi_noticias\/","https:\/\/x.com\/Exaudi_noticias","https:\/\/www.youtube.com\/@exaudicatholicnews"],"url":"https:\/\/exaudi.org\/es\/author\/redaccionexaudi\/"}]}},"jetpack_featured_media_url":"https:\/\/exaudi.org\/wp-content\/uploads\/2026\/01\/cq5dam.thumbnail.cropped.750.422-10-1.jpeg","jetpack_shortlink":"https:\/\/wp.me\/pgKjF2-DNn","_links":{"self":[{"href":"https:\/\/exaudi.org\/es\/wp-json\/wp\/v2\/posts\/152977","targetHints":{"allow":["GET"]}}],"collection":[{"href":"https:\/\/exaudi.org\/es\/wp-json\/wp\/v2\/posts"}],"about":[{"href":"https:\/\/exaudi.org\/es\/wp-json\/wp\/v2\/types\/post"}],"author":[{"embeddable":true,"href":"https:\/\/exaudi.org\/es\/wp-json\/wp\/v2\/users\/15"}],"replies":[{"embeddable":true,"href":"https:\/\/exaudi.org\/es\/wp-json\/wp\/v2\/comments?post=152977"}],"version-history":[{"count":1,"href":"https:\/\/exaudi.org\/es\/wp-json\/wp\/v2\/posts\/152977\/revisions"}],"predecessor-version":[{"id":152984,"href":"https:\/\/exaudi.org\/es\/wp-json\/wp\/v2\/posts\/152977\/revisions\/152984"}],"wp:featuredmedia":[{"embeddable":true,"href":"https:\/\/exaudi.org\/es\/wp-json\/wp\/v2\/media\/152978"}],"wp:attachment":[{"href":"https:\/\/exaudi.org\/es\/wp-json\/wp\/v2\/media?parent=152977"}],"wp:term":[{"taxonomy":"category","embeddable":true,"href":"https:\/\/exaudi.org\/es\/wp-json\/wp\/v2\/categories?post=152977"},{"taxonomy":"post_tag","embeddable":true,"href":"https:\/\/exaudi.org\/es\/wp-json\/wp\/v2\/tags?post=152977"}],"curies":[{"name":"wp","href":"https:\/\/api.w.org\/{rel}","templated":true}]}}