{"id":152728,"date":"2026-01-07T21:24:48","date_gmt":"2026-01-07T20:24:48","guid":{"rendered":"https:\/\/exaudi.org\/?p=152728"},"modified":"2026-01-07T21:25:51","modified_gmt":"2026-01-07T20:25:51","slug":"leon-xiv-abre-su-primer-consistorio-con-un-llamado-a-la-unidad-y-la-atraccion-por-el-amor-de-cristo","status":"publish","type":"post","link":"https:\/\/exaudi.org\/es\/leon-xiv-abre-su-primer-consistorio-con-un-llamado-a-la-unidad-y-la-atraccion-por-el-amor-de-cristo\/","title":{"rendered":"Le\u00f3n XIV abre su primer Consistorio con un llamado a la unidad y la atracci\u00f3n por el amor de Cristo"},"content":{"rendered":"<p dir=\"auto\">El Papa Le\u00f3n XIV inaugur\u00f3 este martes el primer Consistorio extraordinario de su pontificado, reunido con los cardenales los d\u00edas 7 y 8 de enero, con un discurso centrado en la luz de Cristo como fuerza atractiva para la Iglesia en un mundo marcado por las tinieblas.<\/p>\n<p dir=\"auto\">\u00abQueridos hermanos: Me complace mucho acogerlos y darles la bienvenida. \u00a1Gracias por su presencia! Que el Esp\u00edritu Santo, al que hemos invocado, nos gu\u00ede en estos dos d\u00edas de reflexi\u00f3n y di\u00e1logo\u00bb, comenz\u00f3 el Pont\u00edfice, destacando la significatividad de reunirse al d\u00eda siguiente de la solemnidad de la Epifan\u00eda.<\/p>\n<p dir=\"auto\">Inspirado en el profeta Isa\u00edas (\u00ab\u00a1Lev\u00e1ntate, resplandece, porque llega tu luz y la gloria del Se\u00f1or brilla sobre ti!\u00bb) y en el primer p\u00e1rrafo de la Constituci\u00f3n <em>Lumen gentium<\/em> del Concilio Vaticano II, Le\u00f3n XIV record\u00f3 que Cristo es la \u00abluz de los pueblos\u00bb y que la Iglesia, como sacramento de unidad, debe iluminar al mundo anunciando el Evangelio.<\/p>\n<p dir=\"auto\">El Papa interpret\u00f3 los pontificados de Pablo VI y Juan Pablo II como una irradiaci\u00f3n de la energ\u00eda evangelizadora nacida del Concilio, y resalt\u00f3 c\u00f3mo Benedicto XVI y Francisco resumieron esta visi\u00f3n en la palabra \u00ab<strong>atracci\u00f3n<\/strong>\u00bb. \u00abLa Iglesia no hace proselitismo. Crece mucho m\u00e1s por \u201catracci\u00f3n\u201d\u00bb, cit\u00f3 de Benedicto XVI en Aparecida (2007), una idea que Francisco repiti\u00f3 en m\u00faltiples ocasiones.<\/p>\n<p dir=\"auto\"><img loading=\"lazy\" decoding=\"async\" class=\"size-full wp-image-152733 alignnone\" src=\"https:\/\/exaudi.org\/wp-content\/uploads\/2026\/01\/cq5dam.thumbnail.cropped.1000.563-1.jpeg\" alt=\"\" width=\"1000\" height=\"563\" srcset=\"https:\/\/exaudi.org\/wp-content\/uploads\/2026\/01\/cq5dam.thumbnail.cropped.1000.563-1.jpeg 1000w, https:\/\/exaudi.org\/wp-content\/uploads\/2026\/01\/cq5dam.thumbnail.cropped.1000.563-1-300x169.jpeg 300w, https:\/\/exaudi.org\/wp-content\/uploads\/2026\/01\/cq5dam.thumbnail.cropped.1000.563-1-770x434.jpeg 770w, https:\/\/exaudi.org\/wp-content\/uploads\/2026\/01\/cq5dam.thumbnail.cropped.1000.563-1-500x282.jpeg 500w\" sizes=\"auto, (max-width: 1000px) 100vw, 1000px\" \/><\/p>\n<p dir=\"auto\">Le\u00f3n XIV retom\u00f3 esta concepto con alegr\u00eda: la fuerza atractiva no es de la Iglesia en s\u00ed, sino de Cristo, a trav\u00e9s del amor (<em>Charis<\/em>, <em>\u00c1gape<\/em>) que fluye por ella. Citando a san Pablo (\u00ab<em>Caritas Christi urget nos<\/em>\u00bb), explic\u00f3 que el amor de Cristo \u00abnos posee, nos envuelve y nos cautiva\u00bb, y profetiz\u00f3: \u00abCuando yo sea levantado en alto sobre la tierra, atraer\u00e9 a todos hacia m\u00ed\u00bb (Jn 12,32).<\/p>\n<p dir=\"auto\">\u00abS\u00f3lo el amor es cre\u00edble, s\u00f3lo el amor es digno de fe\u00bb, afirm\u00f3, recordando a Hans Urs von Balthasar. Subray\u00f3 que <strong>la unidad atrae<\/strong> y la divisi\u00f3n dispersa, incluso compar\u00e1ndolo con leyes f\u00edsicas del micro y macrocosmos. Para ser una Iglesia misionera, debe cumplirse el mandamiento nuevo: \u00ab\u00c1mense unos a otros como yo los he amado\u00bb.<\/p>\n<p dir=\"auto\">En este contexto, el Pont\u00edfice invit\u00f3 a los cardenales \u2013un grupo variado por procedencias, culturas y experiencias\u2013 a crecer en comuni\u00f3n y colegialidad, continuando el encuentro fraterno post-C\u00f3nclave y el esp\u00edritu sinodal de las asambleas de 2023 y 2024.<\/p>\n<p dir=\"auto\"><img loading=\"lazy\" decoding=\"async\" class=\"size-full wp-image-152730 alignnone\" src=\"https:\/\/exaudi.org\/wp-content\/uploads\/2026\/01\/cq5dam.thumbnail.cropped.750.422.jpeg\" alt=\"\" width=\"750\" height=\"422\" srcset=\"https:\/\/exaudi.org\/wp-content\/uploads\/2026\/01\/cq5dam.thumbnail.cropped.750.422.jpeg 750w, https:\/\/exaudi.org\/wp-content\/uploads\/2026\/01\/cq5dam.thumbnail.cropped.750.422-300x169.jpeg 300w, https:\/\/exaudi.org\/wp-content\/uploads\/2026\/01\/cq5dam.thumbnail.cropped.750.422-500x281.jpeg 500w\" sizes=\"auto, (max-width: 750px) 100vw, 750px\" \/><\/p>\n<p dir=\"auto\">Los temas de reflexi\u00f3n incluyen <em>Evangelii gaudium<\/em> (misi\u00f3n en el mundo actual), <em>Praedicate Evangelium<\/em> (servicio de la Curia), sinodalidad como estilo de colaboraci\u00f3n, y la liturgia como fuente de vida cristiana. Aunque solo dos tendr\u00e1n exposici\u00f3n espec\u00edfica, los 21 grupos ling\u00fc\u00edsticos contribuir\u00e1n, priorizando los informes de los nueve grupos de Iglesias locales.<\/p>\n<p dir=\"auto\">\u00abEstoy aqu\u00ed para escuchar\u00bb, enfatiz\u00f3 Le\u00f3n XIV, recordando que la sinodalidad es \u00abel camino que Dios espera de la Iglesia del tercer milenio\u00bb (Francisco, 2015). La din\u00e1mica ser\u00e1 breve y esencial (<em>Non multa sed multum<\/em>), buscando prioridades para los pr\u00f3ximos uno o dos a\u00f1os.<\/p>\n<p dir=\"auto\">El Papa concluy\u00f3 agradeciendo a los cardenales y encomend\u00e1ndose a la Virgen Mar\u00eda, Madre de la Iglesia, para que este encuentro sea prefiguraci\u00f3n de un camino colegial fruct\u00edfero.<\/p>\n<p><em><strong>Texto completo del discurso del Papa Le\u00f3n XIV:<\/strong><\/em><\/p>\n<p>Queridos hermanos:<\/p>\n<p>Me complace mucho acogerlos y darles la bienvenida. \u00a1Gracias por su presencia! Que el Esp\u00edritu Santo, al que hemos invocado, nos gu\u00ede en estos dos d\u00edas de reflexi\u00f3n y di\u00e1logo.<\/p>\n<p>Considero muy significativo el hecho de que nos hayamos reunido en Consistorio al d\u00eda siguiente de la solemnidad de la Epifan\u00eda del Se\u00f1or, y me gustar\u00eda introducir nuestros trabajos con una inspiraci\u00f3n que proviene precisamente de este misterio.<\/p>\n<p>En la liturgia ha resonado el siempre conmovedor llamamiento del profeta Isa\u00edas: \u00ab\u00a1Lev\u00e1ntate, resplandece, porque llega tu luz y la gloria del Se\u00f1or brilla sobre ti! Porque las tinieblas cubren la tierra y una densa oscuridad, a las naciones, pero sobre ti brillar\u00e1 el Se\u00f1or y su gloria aparecer\u00e1 sobre ti. Las naciones caminar\u00e1n a tu luz y los reyes, al esplendor de tu aurora\u00bb (<i>Is<\/i>60,1-3).<\/p>\n<p>Estas palabras recuerdan el comienzo de la Constituci\u00f3n sobre la Iglesia del Concilio Vaticano II. Leo \u00edntegramente el primer p\u00e1rrafo: \u00abCristo es la luz de los pueblos. Por ello este sacrosanto S\u00ednodo, reunido en el Esp\u00edritu Santo, desea ardientemente iluminar a todos los hombres, anunciando el Evangelio a toda criatura (cf.<i>Mc<\/i>16,15) con la claridad de Cristo, que resplandece sobre la faz de la Iglesia. Y porque la Iglesia es en Cristo como un sacramento, o sea signo e instrumento de la uni\u00f3n \u00edntima con Dios y de la unidad de todo el g\u00e9nero humano, ella se propone presentar a sus fieles y a todo el mundo con mayor precisi\u00f3n su naturaleza y su misi\u00f3n universal, abundando en la doctrina de los concilios precedentes. Las condiciones de nuestra \u00e9poca hacen m\u00e1s urgente este deber de la Iglesia, a saber, el que todos los hombres, que hoy est\u00e1n m\u00e1s \u00edntimamente unidos por m\u00faltiples v\u00ednculos sociales t\u00e9cnicos y culturales, consigan tambi\u00e9n la plena unidad en Cristo\u00bb (<i>Lumen gentium<\/i>, 1).<\/p>\n<p>Podemos decir que el Esp\u00edritu Santo, a siglos de distancia, inspir\u00f3 la misma visi\u00f3n al profeta y a los Padres conciliares: la visi\u00f3n de la luz del Se\u00f1or que ilumina la ciudad santa \u2014primero Jerusal\u00e9n, luego la Iglesia\u2014 y, reflej\u00e1ndose en ella, permite a todos los pueblos caminar en medio de las tinieblas del mundo. Lo que Isa\u00edas anunciaba \u201cen figura\u201d, el Concilio lo reconoce en la realidad plenamente revelada de Cristo, luz de las naciones.<\/p>\n<p>Los pontificados de san Pablo VI y san Juan Pablo II pueden interpretarse globalmente desde esta perspectiva conciliar, que contempla el misterio de la Iglesia plenamente incluido en el de Cristo y comprende as\u00ed la misi\u00f3n evangelizadora como irradiaci\u00f3n de la energ\u00eda inagotable que emana del acontecimiento central de la historia de la salvaci\u00f3n.<\/p>\n<p>Los Papas Benedicto XVI y Francisco resumieron esta visi\u00f3n en una sola palabra:<i>atracci\u00f3n<\/i>. El Papa Benedicto lo hizo en la homil\u00eda inaugural de la Conferencia de Aparecida, en 2007, cuando dijo: \u00abLa Iglesia no hace proselitismo. Crece mucho m\u00e1s por \u201c<i>atracci\u00f3n<\/i>\u201d: como Cristo \u201catrae a todos a s\u00ed\u201d con la fuerza de su amor, que culmin\u00f3 en el sacrificio de la cruz, as\u00ed la Iglesia cumple su misi\u00f3n en la medida en que, asociada a Cristo, realiza su obra conform\u00e1ndose en esp\u00edritu y concretamente con la caridad de su Se\u00f1or\u00bb. El Papa Francisco se mostr\u00f3 totalmente de acuerdo con este enfoque y lo repiti\u00f3 en varias ocasiones en diferentes contextos.<\/p>\n<p>Hoy, con alegr\u00eda, la retomo y la comparto con ustedes. Y los invito a ustedes y a m\u00ed a prestar mucha atenci\u00f3n a lo que el Papa Benedicto se\u00f1alaba como la \u201cfuerza\u201d que preside este movimiento de atracci\u00f3n: esa fuerza es la<i>Charis<\/i>, es el<i>\u00c1gape<\/i>, es el Amor de Dios que se encarn\u00f3 en Jesucristo y que en el Esp\u00edritu Santo se dona a la Iglesia y santifica todas sus acciones. En efecto, no es la Iglesia la que atrae, sino Cristo, y si un cristiano o una comunidad eclesial atrae, es porque a trav\u00e9s de ese \u201ccanal\u201d llega la savia vital de la caridad que brota del Coraz\u00f3n del Salvador. Es significativo que el Papa Francisco, que empez\u00f3 con<i>Evangelii gaudium<\/i>\u00absobre el anuncio del Evangelio en el mundo actual\u00bb, haya concluido con<i>Dilexit nos<\/i>\u00absobre el amor humano y divino del Coraz\u00f3n de Cristo\u00bb.<\/p>\n<p>San Pablo escribe: \u00ab<i>Caritas Christi urget nos<\/i>\u00bb (<i>2 Co<\/i>5,14). El verbo<i>sunechei<\/i>dice que el amor de Cristo nos impulsa puesto que nos posee, nos envuelve y nos cautiva. He aqu\u00ed la fuerza que atrae a todos hacia Cristo, como \u00c9l mismo profetiz\u00f3: \u00abCuando yo sea levantado en alto sobre la tierra, atraer\u00e9 a todos hacia m\u00ed\u00bb (<i>Jn<\/i>12,32). En la medida en que nos amamos unos a otros<i>comoCristo<\/i>nos ha amado, somos suyos, somos su comunidad y \u00c9l puede seguir atrayendo a trav\u00e9s de nosotros. De hecho, s\u00f3lo el amor es cre\u00edble, s\u00f3lo el amor es digno de fe.<sup>[1]<\/sup><\/p>\n<p>La unidad atrae, la divisi\u00f3n dispersa. Me parece que esto tambi\u00e9n se refleja en la f\u00edsica, tanto en el microcosmos como en el macrocosmos. Por lo tanto, para ser una Iglesia verdaderamente misionera, es decir, capaz de dar testimonio de la fuerza atractiva de la caridad de Cristo, debemos ante todo poner en pr\u00e1ctica su mandamiento, el \u00fanico que nos dio despu\u00e9s de lavar los pies a sus disc\u00edpulos: \u00abAs\u00ed como yo los he amado, \u00e1mense tambi\u00e9n ustedes los unos a los otros\u00bb. Y a\u00f1ade: \u00abEn esto todos reconocer\u00e1n que ustedes son mis disc\u00edpulos: en el amor que se tengan los unos a los otros\u00bb (<i>Jn<\/i>13,34-35). Comenta san Agust\u00edn: \u00abNos quiso, pues, para esto, para que nos queramos mutuamente, al conferirnos esto, queri\u00e9ndonos \u00e9l: que la mutua dilecci\u00f3n nos enlace entre nosotros y, unidos juntamente por tan dulce v\u00ednculo los miembros, seamos cuerpo de tan importante cabeza\u00bb (<i>Tratado del Evangelio de Juan<\/i>, 65,2).<\/p>\n<p>Queridos hermanos, quisiera partir de aqu\u00ed, de esta palabra del Se\u00f1or, para nuestro primer Consistorio y, sobre todo, para el camino colegial que, con la gracia de Dios, estamos llamados a recorrer. Somos un grupo muy variado, enriquecido por m\u00faltiples procedencias, culturas, tradiciones eclesiales y sociales, trayectorias formativas y acad\u00e9micas, experiencias pastorales y, naturalmente, caracteres y rasgos personales. Estamos llamados, ante todo, a conocernos y a dialogar para poder trabajar juntos al servicio de la Iglesia. Espero que podamos crecer en nuestra comuni\u00f3n para ofrecer un modelo de colegialidad.<\/p>\n<p>Hoy, en cierto sentido, continuamos el memorable encuentro que pude tener con muchos de ustedes inmediatamente despu\u00e9s del C\u00f3nclave, con \u00abun momento de comuni\u00f3n y fraternidad, de reflexi\u00f3n y de intercambio, destinado a apoyar y aconsejar al Papa en la grave responsabilidad del gobierno de la Iglesia universal\u00bb (<i>Carta de convocatoria del Consistorio extraordinario<\/i>, 12 diciembre 2025).<\/p>\n<p>En estos d\u00edas tendremos la oportunidad de experimentar una reflexi\u00f3n comunitaria sobre cuatro temas:<i>Evangelii gaudium<\/i>, o bien, la misi\u00f3n de la Iglesia en el mundo actual;<i>Praedicate Evangelium<\/i>, es decir, el servicio de la Santa Sede, especialmente a las Iglesias particulares; S\u00ednodo y sinodalidad, instrumento y estilo de colaboraci\u00f3n; y liturgia, fuente y culmen de la vida cristiana. Por razones de tiempo y para favorecer un an\u00e1lisis m\u00e1s profundo, s\u00f3lo dos de ellos ser\u00e1n objeto de una exposici\u00f3n espec\u00edfica.<\/p>\n<p>Los 21 grupos contribuir\u00e1n a la decisi\u00f3n que tomemos, pero, dado que para m\u00ed es m\u00e1s f\u00e1cil pedir consejo a quienes trabajan en la Curia y viven en Roma, los grupos que presentar\u00e1n sus informes ser\u00e1n los 9 procedentes de las Iglesias locales.<\/p>\n<p>Estoy aqu\u00ed para escuchar. Como aprendimos durante las dos Asambleas del S\u00ednodo de los Obispos de 2023 y 2024, la din\u00e1mica sinodal implica por excelencia la escucha. Cada momento de este tipo es una oportunidad para profundizar en nuestro aprecio compartido por la sinodalidad. \u00abEl mundo en el que vivimos, y que estamos llamados a amar y servir tambi\u00e9n en sus contradicciones, exige de la Iglesia el fortalecimiento de las sinergias en todos los \u00e1mbitos de su misi\u00f3n. Precisamente el camino de la<i>sinodalidad<\/i>es el camino que Dios espera de la Iglesia del tercer milenio\u00bb (Francisco,<i>Discurso en el 50\u00ba aniversario de la instituci\u00f3n del S\u00ednodo de los Obispos<\/i>, 17 octubre 2015).<\/p>\n<p>Esta jornada y media que pasaremos juntos ser\u00e1 una prefiguraci\u00f3n de nuestro camino futuro. No debemos llegar a un texto, sino mantener una conversaci\u00f3n que me ayude en mi servicio a la misi\u00f3n de toda la Iglesia.<\/p>\n<p>Ma\u00f1ana abordaremos los dos temas elegidos, con la siguiente pregunta gu\u00eda:<\/p>\n<p><i>De frente al camino de los pr\u00f3ximos uno o dos a\u00f1os, \u00bfqu\u00e9 aspectos y prioridades podr\u00edan orientar la acci\u00f3n del Santo Padre y de la Curia sobre esta cuesti\u00f3n?<\/i><\/p>\n<p>Escuchar la mente, el coraz\u00f3n y el esp\u00edritu de cada uno; escucharnos unos a otros; expresar s\u00f3lo el punto principal y de manera muy breve, para que todos puedan hablar: \u00e9sta ser\u00e1 nuestra forma de proceder. Los antiguos sabios romanos dec\u00edan:<i>Non multa sed multum<\/i>. Y en el futuro, esta forma de escucharnos unos a otros, buscando la gu\u00eda del Esp\u00edritu Santo y caminando juntos, seguir\u00e1 siendo de gran ayuda para el ministerio petrino que se me ha confiado. Tambi\u00e9n de la forma en que aprendemos a trabajar juntos, con fraternidad y amistad sincera, puede surgir algo nuevo, que pone en juego el presente y el futuro.<\/p>\n<p>Queridos hermanos, desde ya doy gracias a Dios por la presencia de todos ustedes y sus contribuciones. Que la Virgen Mar\u00eda, Madre de la Iglesia, nos asista siempre.<\/p>\n<p>_______________<\/p>\n<p><sup>[1]<\/sup>\u00a0Cf. H.U. von Balthasar,<i>S\u00f3lo el amor es digno de fe<\/i>, Salamanca 2004.<\/p>\n","protected":false},"excerpt":{"rendered":"<p>El Papa enfatiza la colegialidad, la sinodalidad y la misi\u00f3n evangelizadora en el encuentro con los cardenales, celebrado al d\u00eda siguiente de la Epifan\u00eda<\/p>\n","protected":false},"author":15,"featured_media":152736,"comment_status":"closed","ping_status":"closed","sticky":false,"template":"","format":"standard","meta":{"_acf_changed":false,"_crdt_document":"","inline_featured_image":false,"footnotes":""},"categories":[],"tags":[87867,87866,515,87868,60641,2998,87865,5383,37078,12133,28506,6144,6144,6144,6144,6144,80304,87869],"class_list":{"0":"post-152728","1":"post","2":"type-post","3":"status-publish","4":"format-standard","5":"has-post-thumbnail","6":"hentry","7":"tag-amor-cristo","8":"tag-atraccion-iglesia","9":"tag-benedicto-xvi","10":"tag-caritas-christi-urget-nos","11":"tag-colegialidad","12":"tag-concilio-vaticano-ii","13":"tag-consistorio-cardenales-2026","14":"tag-epifania","15":"tag-liturgia-cristiana","16":"tag-lumen-gentium","17":"tag-mision-evangelizadora","18":"tag-praedicate-evangelium","23":"tag-unidad-iglesia","24":"tag-virgen-maria-madre-iglesia"},"acf":[],"yoast_head":"<!-- This site is optimized with the Yoast SEO plugin v27.5 - https:\/\/yoast.com\/product\/yoast-seo-wordpress\/ -->\n<title>Le\u00f3n XIV abre su primer Consistorio con un llamado a la unidad y la atracci\u00f3n por el amor de Cristo &#8211; Exaudi<\/title>\n<meta name=\"robots\" content=\"index, follow, max-snippet:-1, max-image-preview:large, max-video-preview:-1\" \/>\n<link rel=\"canonical\" href=\"https:\/\/exaudi.org\/es\/leon-xiv-abre-su-primer-consistorio-con-un-llamado-a-la-unidad-y-la-atraccion-por-el-amor-de-cristo\/\" \/>\n<meta property=\"og:locale\" content=\"es_ES\" \/>\n<meta property=\"og:type\" content=\"article\" \/>\n<meta property=\"og:title\" content=\"Le\u00f3n XIV abre su primer Consistorio con un llamado a la unidad y la atracci\u00f3n por el amor de Cristo &#8211; Exaudi\" \/>\n<meta property=\"og:description\" content=\"El Papa enfatiza la colegialidad, la sinodalidad y la misi\u00f3n evangelizadora en el encuentro con los cardenales, celebrado al d\u00eda siguiente de la Epifan\u00eda\" \/>\n<meta property=\"og:url\" content=\"https:\/\/exaudi.org\/es\/leon-xiv-abre-su-primer-consistorio-con-un-llamado-a-la-unidad-y-la-atraccion-por-el-amor-de-cristo\/\" \/>\n<meta property=\"og:site_name\" content=\"Exaudi\" \/>\n<meta property=\"article:publisher\" content=\"https:\/\/www.facebook.com\/ExaudiNews\" \/>\n<meta property=\"article:author\" content=\"https:\/\/www.facebook.com\/ExaudiNoticias\/\" \/>\n<meta property=\"article:published_time\" content=\"2026-01-07T20:24:48+00:00\" \/>\n<meta property=\"article:modified_time\" content=\"2026-01-07T20:25:51+00:00\" \/>\n<meta property=\"og:image\" content=\"https:\/\/exaudi.org\/wp-content\/uploads\/2026\/01\/cq5dam.thumbnail.cropped.1000.563.jpeg\" \/>\n\t<meta property=\"og:image:width\" content=\"1000\" \/>\n\t<meta property=\"og:image:height\" content=\"563\" \/>\n\t<meta property=\"og:image:type\" content=\"image\/jpeg\" \/>\n<meta name=\"author\" content=\"Exaudi Redacci\u00f3n\" \/>\n<meta name=\"twitter:card\" content=\"summary_large_image\" \/>\n<meta name=\"twitter:creator\" content=\"@Exaudi_noticias\" \/>\n<meta name=\"twitter:site\" content=\"@Exaudi_News\" \/>\n<meta name=\"twitter:label1\" content=\"Escrito por\" \/>\n\t<meta name=\"twitter:data1\" content=\"Exaudi Redacci\u00f3n\" \/>\n\t<meta name=\"twitter:label2\" content=\"Tiempo de lectura\" \/>\n\t<meta name=\"twitter:data2\" content=\"11 minutos\" \/>\n<script type=\"application\/ld+json\" class=\"yoast-schema-graph\">{\"@context\":\"https:\\\/\\\/schema.org\",\"@graph\":[{\"@type\":\"Article\",\"@id\":\"https:\\\/\\\/exaudi.org\\\/es\\\/leon-xiv-abre-su-primer-consistorio-con-un-llamado-a-la-unidad-y-la-atraccion-por-el-amor-de-cristo\\\/#article\",\"isPartOf\":{\"@id\":\"https:\\\/\\\/exaudi.org\\\/es\\\/leon-xiv-abre-su-primer-consistorio-con-un-llamado-a-la-unidad-y-la-atraccion-por-el-amor-de-cristo\\\/\"},\"author\":{\"name\":\"Exaudi Redacci\u00f3n\",\"@id\":\"https:\\\/\\\/exaudi.org\\\/#\\\/schema\\\/person\\\/f5fc8f063065e38742da7afe15f25df7\"},\"headline\":\"Le\u00f3n XIV abre su primer Consistorio con un llamado a la unidad y la atracci\u00f3n por el amor de Cristo\",\"datePublished\":\"2026-01-07T20:24:48+00:00\",\"dateModified\":\"2026-01-07T20:25:51+00:00\",\"mainEntityOfPage\":{\"@id\":\"https:\\\/\\\/exaudi.org\\\/es\\\/leon-xiv-abre-su-primer-consistorio-con-un-llamado-a-la-unidad-y-la-atraccion-por-el-amor-de-cristo\\\/\"},\"wordCount\":2237,\"image\":{\"@id\":\"https:\\\/\\\/exaudi.org\\\/es\\\/leon-xiv-abre-su-primer-consistorio-con-un-llamado-a-la-unidad-y-la-atraccion-por-el-amor-de-cristo\\\/#primaryimage\"},\"thumbnailUrl\":\"https:\\\/\\\/exaudi.org\\\/wp-content\\\/uploads\\\/2026\\\/01\\\/cq5dam.thumbnail.cropped.1000.563.jpeg\",\"keywords\":[\"amor Cristo\",\"atracci\u00f3n Iglesia\",\"Benedicto XVI\",\"caritas Christi urget nos\",\"colegialidad\",\"Concilio Vaticano II\",\"Consistorio cardenales 2026\",\"Epifan\u00eda\",\"liturgia cristiana\",\"Lumen Gentium\",\"misi\u00f3n evangelizadora\",\"Praedicate evangelium\",\"Praedicate evangelium\",\"Praedicate evangelium\",\"Praedicate evangelium\",\"Praedicate evangelium\",\"unidad iglesia\",\"Virgen Mar\u00eda Madre Iglesia\"],\"inLanguage\":\"es\"},{\"@type\":\"WebPage\",\"@id\":\"https:\\\/\\\/exaudi.org\\\/es\\\/leon-xiv-abre-su-primer-consistorio-con-un-llamado-a-la-unidad-y-la-atraccion-por-el-amor-de-cristo\\\/\",\"url\":\"https:\\\/\\\/exaudi.org\\\/es\\\/leon-xiv-abre-su-primer-consistorio-con-un-llamado-a-la-unidad-y-la-atraccion-por-el-amor-de-cristo\\\/\",\"name\":\"Le\u00f3n XIV abre su primer Consistorio con un llamado a la unidad y la atracci\u00f3n por el amor de Cristo &#8211; Exaudi\",\"isPartOf\":{\"@id\":\"https:\\\/\\\/exaudi.org\\\/#website\"},\"primaryImageOfPage\":{\"@id\":\"https:\\\/\\\/exaudi.org\\\/es\\\/leon-xiv-abre-su-primer-consistorio-con-un-llamado-a-la-unidad-y-la-atraccion-por-el-amor-de-cristo\\\/#primaryimage\"},\"image\":{\"@id\":\"https:\\\/\\\/exaudi.org\\\/es\\\/leon-xiv-abre-su-primer-consistorio-con-un-llamado-a-la-unidad-y-la-atraccion-por-el-amor-de-cristo\\\/#primaryimage\"},\"thumbnailUrl\":\"https:\\\/\\\/exaudi.org\\\/wp-content\\\/uploads\\\/2026\\\/01\\\/cq5dam.thumbnail.cropped.1000.563.jpeg\",\"datePublished\":\"2026-01-07T20:24:48+00:00\",\"dateModified\":\"2026-01-07T20:25:51+00:00\",\"author\":{\"@id\":\"https:\\\/\\\/exaudi.org\\\/#\\\/schema\\\/person\\\/f5fc8f063065e38742da7afe15f25df7\"},\"breadcrumb\":{\"@id\":\"https:\\\/\\\/exaudi.org\\\/es\\\/leon-xiv-abre-su-primer-consistorio-con-un-llamado-a-la-unidad-y-la-atraccion-por-el-amor-de-cristo\\\/#breadcrumb\"},\"inLanguage\":\"es\",\"potentialAction\":[{\"@type\":\"ReadAction\",\"target\":[\"https:\\\/\\\/exaudi.org\\\/es\\\/leon-xiv-abre-su-primer-consistorio-con-un-llamado-a-la-unidad-y-la-atraccion-por-el-amor-de-cristo\\\/\"]}]},{\"@type\":\"ImageObject\",\"inLanguage\":\"es\",\"@id\":\"https:\\\/\\\/exaudi.org\\\/es\\\/leon-xiv-abre-su-primer-consistorio-con-un-llamado-a-la-unidad-y-la-atraccion-por-el-amor-de-cristo\\\/#primaryimage\",\"url\":\"https:\\\/\\\/exaudi.org\\\/wp-content\\\/uploads\\\/2026\\\/01\\\/cq5dam.thumbnail.cropped.1000.563.jpeg\",\"contentUrl\":\"https:\\\/\\\/exaudi.org\\\/wp-content\\\/uploads\\\/2026\\\/01\\\/cq5dam.thumbnail.cropped.1000.563.jpeg\",\"width\":1000,\"height\":563},{\"@type\":\"BreadcrumbList\",\"@id\":\"https:\\\/\\\/exaudi.org\\\/es\\\/leon-xiv-abre-su-primer-consistorio-con-un-llamado-a-la-unidad-y-la-atraccion-por-el-amor-de-cristo\\\/#breadcrumb\",\"itemListElement\":[{\"@type\":\"ListItem\",\"position\":1,\"name\":\"Portada\",\"item\":\"https:\\\/\\\/exaudi.org\\\/es\\\/\"},{\"@type\":\"ListItem\",\"position\":2,\"name\":\"Le\u00f3n XIV abre su primer Consistorio con un llamado a la unidad y la atracci\u00f3n por el amor de Cristo\"}]},{\"@type\":\"WebSite\",\"@id\":\"https:\\\/\\\/exaudi.org\\\/#website\",\"url\":\"https:\\\/\\\/exaudi.org\\\/\",\"name\":\"Exaudi\",\"description\":\"News\",\"potentialAction\":[{\"@type\":\"SearchAction\",\"target\":{\"@type\":\"EntryPoint\",\"urlTemplate\":\"https:\\\/\\\/exaudi.org\\\/?s={search_term_string}\"},\"query-input\":{\"@type\":\"PropertyValueSpecification\",\"valueRequired\":true,\"valueName\":\"search_term_string\"}}],\"inLanguage\":\"es\"},{\"@type\":\"Person\",\"@id\":\"https:\\\/\\\/exaudi.org\\\/#\\\/schema\\\/person\\\/f5fc8f063065e38742da7afe15f25df7\",\"name\":\"Exaudi Redacci\u00f3n\",\"image\":{\"@type\":\"ImageObject\",\"inLanguage\":\"es\",\"@id\":\"https:\\\/\\\/secure.gravatar.com\\\/avatar\\\/fe0f6a059fb68d9b3e11bc5850dd4899b1c7492091a3cb6dd9b01b56ad828be2?s=96&d=mm&r=g\",\"url\":\"https:\\\/\\\/secure.gravatar.com\\\/avatar\\\/fe0f6a059fb68d9b3e11bc5850dd4899b1c7492091a3cb6dd9b01b56ad828be2?s=96&d=mm&r=g\",\"contentUrl\":\"https:\\\/\\\/secure.gravatar.com\\\/avatar\\\/fe0f6a059fb68d9b3e11bc5850dd4899b1c7492091a3cb6dd9b01b56ad828be2?s=96&d=mm&r=g\",\"caption\":\"Exaudi Redacci\u00f3n\"},\"description\":\"\u00bfQu\u00e9 es Exaudi News? Exaudi News es un medio de comunicaci\u00f3n cat\u00f3lico internacional que informa, forma y transforma, diariamente en espa\u00f1ol, ingl\u00e9s e italiano. A trav\u00e9s de noticias, art\u00edculos de an\u00e1lisis y transmisiones en directo de los eventos del Papa, Exaudi busca fortalecer la unidad de los cristianos y contribuir a la evangelizaci\u00f3n del mundo, siempre guiados por la doctrina social de la Iglesia. Trabajamos para acercar la verdad y los valores cristianos a cada rinc\u00f3n del planeta. \u00a1Ay\u00fadanos a transformar el mundo con Exaudi! En Exaudi creemos que la evangelizaci\u00f3n y la informaci\u00f3n de calidad pueden cambiar vidas. Para continuar con nuestra misi\u00f3n y expandir nuestro alcance, necesitamos tu ayuda. Adem\u00e1s, buscamos personas comprometidas que deseen unirse a nuestro equipo. Con tu apoyo, lograremos llegar a m\u00e1s personas, difundir el mensaje de Cristo y reforzar la unidad de los cristianos. \u00bfTe unes a nuestra misi\u00f3n? Para m\u00e1s informaci\u00f3n sobre c\u00f3mo colaborar, visita Exaudi.org\\\/es o cont\u00e1ctanos directamente: info@exaudi.org Exaudi: Informa, forma y transforma.\",\"sameAs\":[\"https:\\\/\\\/www.facebook.com\\\/ExaudiNoticias\\\/\",\"https:\\\/\\\/www.instagram.com\\\/exaudi_noticias\\\/\",\"https:\\\/\\\/x.com\\\/Exaudi_noticias\",\"https:\\\/\\\/www.youtube.com\\\/@exaudicatholicnews\"],\"url\":\"https:\\\/\\\/exaudi.org\\\/es\\\/author\\\/redaccionexaudi\\\/\"}]}<\/script>\n<!-- \/ Yoast SEO plugin. -->","yoast_head_json":{"title":"Le\u00f3n XIV abre su primer Consistorio con un llamado a la unidad y la atracci\u00f3n por el amor de Cristo &#8211; Exaudi","robots":{"index":"index","follow":"follow","max-snippet":"max-snippet:-1","max-image-preview":"max-image-preview:large","max-video-preview":"max-video-preview:-1"},"canonical":"https:\/\/exaudi.org\/es\/leon-xiv-abre-su-primer-consistorio-con-un-llamado-a-la-unidad-y-la-atraccion-por-el-amor-de-cristo\/","og_locale":"es_ES","og_type":"article","og_title":"Le\u00f3n XIV abre su primer Consistorio con un llamado a la unidad y la atracci\u00f3n por el amor de Cristo &#8211; Exaudi","og_description":"El Papa enfatiza la colegialidad, la sinodalidad y la misi\u00f3n evangelizadora en el encuentro con los cardenales, celebrado al d\u00eda siguiente de la Epifan\u00eda","og_url":"https:\/\/exaudi.org\/es\/leon-xiv-abre-su-primer-consistorio-con-un-llamado-a-la-unidad-y-la-atraccion-por-el-amor-de-cristo\/","og_site_name":"Exaudi","article_publisher":"https:\/\/www.facebook.com\/ExaudiNews","article_author":"https:\/\/www.facebook.com\/ExaudiNoticias\/","article_published_time":"2026-01-07T20:24:48+00:00","article_modified_time":"2026-01-07T20:25:51+00:00","og_image":[{"width":1000,"height":563,"url":"https:\/\/exaudi.org\/wp-content\/uploads\/2026\/01\/cq5dam.thumbnail.cropped.1000.563.jpeg","type":"image\/jpeg"}],"author":"Exaudi Redacci\u00f3n","twitter_card":"summary_large_image","twitter_creator":"@Exaudi_noticias","twitter_site":"@Exaudi_News","twitter_misc":{"Escrito por":"Exaudi Redacci\u00f3n","Tiempo de lectura":"11 minutos"},"schema":{"@context":"https:\/\/schema.org","@graph":[{"@type":"Article","@id":"https:\/\/exaudi.org\/es\/leon-xiv-abre-su-primer-consistorio-con-un-llamado-a-la-unidad-y-la-atraccion-por-el-amor-de-cristo\/#article","isPartOf":{"@id":"https:\/\/exaudi.org\/es\/leon-xiv-abre-su-primer-consistorio-con-un-llamado-a-la-unidad-y-la-atraccion-por-el-amor-de-cristo\/"},"author":{"name":"Exaudi Redacci\u00f3n","@id":"https:\/\/exaudi.org\/#\/schema\/person\/f5fc8f063065e38742da7afe15f25df7"},"headline":"Le\u00f3n XIV abre su primer Consistorio con un llamado a la unidad y la atracci\u00f3n por el amor de Cristo","datePublished":"2026-01-07T20:24:48+00:00","dateModified":"2026-01-07T20:25:51+00:00","mainEntityOfPage":{"@id":"https:\/\/exaudi.org\/es\/leon-xiv-abre-su-primer-consistorio-con-un-llamado-a-la-unidad-y-la-atraccion-por-el-amor-de-cristo\/"},"wordCount":2237,"image":{"@id":"https:\/\/exaudi.org\/es\/leon-xiv-abre-su-primer-consistorio-con-un-llamado-a-la-unidad-y-la-atraccion-por-el-amor-de-cristo\/#primaryimage"},"thumbnailUrl":"https:\/\/exaudi.org\/wp-content\/uploads\/2026\/01\/cq5dam.thumbnail.cropped.1000.563.jpeg","keywords":["amor Cristo","atracci\u00f3n Iglesia","Benedicto XVI","caritas Christi urget nos","colegialidad","Concilio Vaticano II","Consistorio cardenales 2026","Epifan\u00eda","liturgia cristiana","Lumen Gentium","misi\u00f3n evangelizadora","Praedicate evangelium","Praedicate evangelium","Praedicate evangelium","Praedicate evangelium","Praedicate evangelium","unidad iglesia","Virgen Mar\u00eda Madre Iglesia"],"inLanguage":"es"},{"@type":"WebPage","@id":"https:\/\/exaudi.org\/es\/leon-xiv-abre-su-primer-consistorio-con-un-llamado-a-la-unidad-y-la-atraccion-por-el-amor-de-cristo\/","url":"https:\/\/exaudi.org\/es\/leon-xiv-abre-su-primer-consistorio-con-un-llamado-a-la-unidad-y-la-atraccion-por-el-amor-de-cristo\/","name":"Le\u00f3n XIV abre su primer Consistorio con un llamado a la unidad y la atracci\u00f3n por el amor de Cristo &#8211; Exaudi","isPartOf":{"@id":"https:\/\/exaudi.org\/#website"},"primaryImageOfPage":{"@id":"https:\/\/exaudi.org\/es\/leon-xiv-abre-su-primer-consistorio-con-un-llamado-a-la-unidad-y-la-atraccion-por-el-amor-de-cristo\/#primaryimage"},"image":{"@id":"https:\/\/exaudi.org\/es\/leon-xiv-abre-su-primer-consistorio-con-un-llamado-a-la-unidad-y-la-atraccion-por-el-amor-de-cristo\/#primaryimage"},"thumbnailUrl":"https:\/\/exaudi.org\/wp-content\/uploads\/2026\/01\/cq5dam.thumbnail.cropped.1000.563.jpeg","datePublished":"2026-01-07T20:24:48+00:00","dateModified":"2026-01-07T20:25:51+00:00","author":{"@id":"https:\/\/exaudi.org\/#\/schema\/person\/f5fc8f063065e38742da7afe15f25df7"},"breadcrumb":{"@id":"https:\/\/exaudi.org\/es\/leon-xiv-abre-su-primer-consistorio-con-un-llamado-a-la-unidad-y-la-atraccion-por-el-amor-de-cristo\/#breadcrumb"},"inLanguage":"es","potentialAction":[{"@type":"ReadAction","target":["https:\/\/exaudi.org\/es\/leon-xiv-abre-su-primer-consistorio-con-un-llamado-a-la-unidad-y-la-atraccion-por-el-amor-de-cristo\/"]}]},{"@type":"ImageObject","inLanguage":"es","@id":"https:\/\/exaudi.org\/es\/leon-xiv-abre-su-primer-consistorio-con-un-llamado-a-la-unidad-y-la-atraccion-por-el-amor-de-cristo\/#primaryimage","url":"https:\/\/exaudi.org\/wp-content\/uploads\/2026\/01\/cq5dam.thumbnail.cropped.1000.563.jpeg","contentUrl":"https:\/\/exaudi.org\/wp-content\/uploads\/2026\/01\/cq5dam.thumbnail.cropped.1000.563.jpeg","width":1000,"height":563},{"@type":"BreadcrumbList","@id":"https:\/\/exaudi.org\/es\/leon-xiv-abre-su-primer-consistorio-con-un-llamado-a-la-unidad-y-la-atraccion-por-el-amor-de-cristo\/#breadcrumb","itemListElement":[{"@type":"ListItem","position":1,"name":"Portada","item":"https:\/\/exaudi.org\/es\/"},{"@type":"ListItem","position":2,"name":"Le\u00f3n XIV abre su primer Consistorio con un llamado a la unidad y la atracci\u00f3n por el amor de Cristo"}]},{"@type":"WebSite","@id":"https:\/\/exaudi.org\/#website","url":"https:\/\/exaudi.org\/","name":"Exaudi","description":"News","potentialAction":[{"@type":"SearchAction","target":{"@type":"EntryPoint","urlTemplate":"https:\/\/exaudi.org\/?s={search_term_string}"},"query-input":{"@type":"PropertyValueSpecification","valueRequired":true,"valueName":"search_term_string"}}],"inLanguage":"es"},{"@type":"Person","@id":"https:\/\/exaudi.org\/#\/schema\/person\/f5fc8f063065e38742da7afe15f25df7","name":"Exaudi Redacci\u00f3n","image":{"@type":"ImageObject","inLanguage":"es","@id":"https:\/\/secure.gravatar.com\/avatar\/fe0f6a059fb68d9b3e11bc5850dd4899b1c7492091a3cb6dd9b01b56ad828be2?s=96&d=mm&r=g","url":"https:\/\/secure.gravatar.com\/avatar\/fe0f6a059fb68d9b3e11bc5850dd4899b1c7492091a3cb6dd9b01b56ad828be2?s=96&d=mm&r=g","contentUrl":"https:\/\/secure.gravatar.com\/avatar\/fe0f6a059fb68d9b3e11bc5850dd4899b1c7492091a3cb6dd9b01b56ad828be2?s=96&d=mm&r=g","caption":"Exaudi Redacci\u00f3n"},"description":"\u00bfQu\u00e9 es Exaudi News? Exaudi News es un medio de comunicaci\u00f3n cat\u00f3lico internacional que informa, forma y transforma, diariamente en espa\u00f1ol, ingl\u00e9s e italiano. A trav\u00e9s de noticias, art\u00edculos de an\u00e1lisis y transmisiones en directo de los eventos del Papa, Exaudi busca fortalecer la unidad de los cristianos y contribuir a la evangelizaci\u00f3n del mundo, siempre guiados por la doctrina social de la Iglesia. Trabajamos para acercar la verdad y los valores cristianos a cada rinc\u00f3n del planeta. \u00a1Ay\u00fadanos a transformar el mundo con Exaudi! En Exaudi creemos que la evangelizaci\u00f3n y la informaci\u00f3n de calidad pueden cambiar vidas. Para continuar con nuestra misi\u00f3n y expandir nuestro alcance, necesitamos tu ayuda. Adem\u00e1s, buscamos personas comprometidas que deseen unirse a nuestro equipo. Con tu apoyo, lograremos llegar a m\u00e1s personas, difundir el mensaje de Cristo y reforzar la unidad de los cristianos. \u00bfTe unes a nuestra misi\u00f3n? Para m\u00e1s informaci\u00f3n sobre c\u00f3mo colaborar, visita Exaudi.org\/es o cont\u00e1ctanos directamente: info@exaudi.org Exaudi: Informa, forma y transforma.","sameAs":["https:\/\/www.facebook.com\/ExaudiNoticias\/","https:\/\/www.instagram.com\/exaudi_noticias\/","https:\/\/x.com\/Exaudi_noticias","https:\/\/www.youtube.com\/@exaudicatholicnews"],"url":"https:\/\/exaudi.org\/es\/author\/redaccionexaudi\/"}]}},"jetpack_featured_media_url":"https:\/\/exaudi.org\/wp-content\/uploads\/2026\/01\/cq5dam.thumbnail.cropped.1000.563.jpeg","jetpack_shortlink":"https:\/\/wp.me\/pgKjF2-DJm","_links":{"self":[{"href":"https:\/\/exaudi.org\/es\/wp-json\/wp\/v2\/posts\/152728","targetHints":{"allow":["GET"]}}],"collection":[{"href":"https:\/\/exaudi.org\/es\/wp-json\/wp\/v2\/posts"}],"about":[{"href":"https:\/\/exaudi.org\/es\/wp-json\/wp\/v2\/types\/post"}],"author":[{"embeddable":true,"href":"https:\/\/exaudi.org\/es\/wp-json\/wp\/v2\/users\/15"}],"replies":[{"embeddable":true,"href":"https:\/\/exaudi.org\/es\/wp-json\/wp\/v2\/comments?post=152728"}],"version-history":[{"count":2,"href":"https:\/\/exaudi.org\/es\/wp-json\/wp\/v2\/posts\/152728\/revisions"}],"predecessor-version":[{"id":152741,"href":"https:\/\/exaudi.org\/es\/wp-json\/wp\/v2\/posts\/152728\/revisions\/152741"}],"wp:featuredmedia":[{"embeddable":true,"href":"https:\/\/exaudi.org\/es\/wp-json\/wp\/v2\/media\/152736"}],"wp:attachment":[{"href":"https:\/\/exaudi.org\/es\/wp-json\/wp\/v2\/media?parent=152728"}],"wp:term":[{"taxonomy":"category","embeddable":true,"href":"https:\/\/exaudi.org\/es\/wp-json\/wp\/v2\/categories?post=152728"},{"taxonomy":"post_tag","embeddable":true,"href":"https:\/\/exaudi.org\/es\/wp-json\/wp\/v2\/tags?post=152728"}],"curies":[{"name":"wp","href":"https:\/\/api.w.org\/{rel}","templated":true}]}}