{"id":152601,"date":"2026-01-06T14:27:57","date_gmt":"2026-01-06T13:27:57","guid":{"rendered":"https:\/\/exaudi.org\/?p=152601"},"modified":"2026-01-07T12:56:23","modified_gmt":"2026-01-07T11:56:23","slug":"es-hermoso-convertirse-en-peregrinos-de-esperanza-leon-xiv-clausura-el-ano-jubilar-en-la-epifania","status":"publish","type":"post","link":"https:\/\/exaudi.org\/es\/es-hermoso-convertirse-en-peregrinos-de-esperanza-leon-xiv-clausura-el-ano-jubilar-en-la-epifania\/","title":{"rendered":"\u00abEs hermoso convertirse en peregrinos de esperanza\u00bb: Le\u00f3n XIV clausura el A\u00f1o Jubilar en la Epifan\u00eda"},"content":{"rendered":"<p>El Papa Le\u00f3n XIV presidi\u00f3 esta ma\u00f1ana en la Bas\u00edlica de San Pedro la Santa Misa por la Solemnidad de la Epifan\u00eda del Se\u00f1or, que coincidi\u00f3 con la clausura definitiva de la Puerta Santa, poniendo fin al A\u00f1o Jubilar de la Esperanza. Miles de fieles y peregrinos llenaron la plaza y el templo vaticano para asistir al cierre de este tiempo de gracia extraordinario, iniciado por su predecesor y concluido bajo su pontificado.<\/p>\n<p>En su homil\u00eda, el Santo Padre reflexion\u00f3 sobre el Evangelio de los Reyes Magos (Mt 2,1-12), destacando los contrastes presentes en la manifestaci\u00f3n de Dios: la inmensa alegr\u00eda de los magos ante la estrella y la turbaci\u00f3n de Herodes y Jerusal\u00e9n. \u201cAnte su presencia nada sigue como antes. Este es el comienzo de la esperanza\u201d, afirm\u00f3 Le\u00f3n XIV, citando al profeta Isa\u00edas: \u201c\u00a1Lev\u00e1ntate, resplandece, porque llega tu luz y la gloria del Se\u00f1or brilla sobre ti!\u201d.<\/p>\n<p>El Pont\u00edfice interrog\u00f3 a la Iglesia sobre su capacidad para acoger a los \u201cmagos\u201d contempor\u00e1neos: aquellos millones de peregrinos que, durante el Jubileo, cruzaron los umbrales de las Puertas Santas en b\u00fasqueda espiritual. \u201c\u00bfQu\u00e9 han encontrado? \u00bfQu\u00e9 corazones, qu\u00e9 atenci\u00f3n, qu\u00e9 reciprocidad?\u201d, pregunt\u00f3, recordando que el ser humano es un \u201chomo viator\u201d, un peregrino en constante camino.<\/p>\n<p>Con tono solemne, advirti\u00f3 contra los miedos que, como en Herodes, llevan a la manipulaci\u00f3n y la agresi\u00f3n, y llam\u00f3 a proteger la fragilidad del Reino que nace, peque\u00f1o y delicado como un ni\u00f1o. \u201cAmar la paz significa proteger lo que es santo y que precisamente por eso est\u00e1 naciendo\u201d, enfatiz\u00f3, criticando una econom\u00eda que transforma la sed de b\u00fasqueda en mero negocio.<\/p>\n<p>Le\u00f3n XIV concluy\u00f3 invitando a las comunidades cristianas a no reducirse a monumentos, sino a convertirse en hogares vivos donde brote la esperanza. \u201cSi rechazamos unidos los halagos de los poderosos, entonces seremos la generaci\u00f3n de la aurora. Mar\u00eda, Estrella de la ma\u00f1ana, caminar\u00e1 siempre delante de nosotros\u201d.<\/p>\n<p>Al t\u00e9rmino de la Misa, el Papa imparti\u00f3 la bendici\u00f3n apost\u00f3lica, mientras los fieles ovacionaban al sucesor de Pedro en este d\u00eda que marca la manifestaci\u00f3n del Se\u00f1or a todas las naciones. Con la clausura de la Puerta Santa, se cierra un cap\u00edtulo de gracia, pero, como record\u00f3 el Pont\u00edfice, \u201cel Se\u00f1or quiere crecer entre nosotros\u201d y la peregrinaci\u00f3n de la Iglesia contin\u00faa.<\/p>\n<p><em><strong>Texto completo de la homil\u00eda:\u00a0<\/strong><\/em><\/p>\n<p style=\"text-align: center\">SOLEMNIDAD DE LA EPIFAN\u00cdA DEL SE\u00d1OR \u2013<\/p>\n<p style=\"text-align: center\">CLAUSURA DE LA PUERTA SANTA Y SANTA MISA<\/p>\n<p style=\"text-align: center\">CAPILLA PAPAL<\/p>\n<p style=\"text-align: center\">HOMIL\u00cdA DEL SANTO PADRE LE\u00d3N XIV<\/p>\n<p style=\"text-align: center\">Bas\u00edlica de San Pedro<\/p>\n<p style=\"text-align: center\">Martes, 6 de enero de 2026<\/p>\n<p>_________________________<\/p>\n<p>Queridos hermanos y hermanas:<\/p>\n<p>El Evangelio (cf. Mt 2,1-12) nos ha detallado la grand\u00edsima alegr\u00eda de los magos al ver la estrella (cf. v. 10), pero tambi\u00e9n la turbaci\u00f3n experimentada por Herodes y por toda Jerusal\u00e9n ante su b\u00fasqueda (cf. v. 3). Cada vez que se trata de las manifestaciones de Dios, la Sagrada Escritura no esconde este tipo de contrastes: alegr\u00eda y turbaci\u00f3n, resistencia y obediencia, miedo y deseo. Celebramos hoy la Epifan\u00eda del Se\u00f1or, conscientes de que ante su presencia nada sigue como antes. Este es el comienzo de la esperanza. Dios se revela, y nada puede permanecer est\u00e1tico. Se termina un cierto tipo de tranquilidad, la que hace repetir a los melanc\u00f3licos: \u00abNo hay nada nuevo bajo el sol\u00bb (Qo 1,9). Empieza algo de lo que dependen el presente y el futuro, como anuncia el Profeta: \u00ab\u00a1Lev\u00e1ntate, resplandece, porque llega tu luz y la gloria del Se\u00f1or brilla sobre ti!\u00bb (Is 60,1).<\/p>\n<p>Sorprende el hecho de que sea precisamente Jerusal\u00e9n, la ciudad testigo de tantos nuevos comienzos, la que est\u00e9 turbada. En su seno, el que estudia las Escrituras y piensa que tiene todas las respuestas parece haber perdido la capacidad de hacerse preguntas y de cultivar deseos. Es m\u00e1s, la ciudad est\u00e1 atemorizada por el que, movido por la esperanza, llega a ella desde lejos, hasta el punto de considerar como amenaza aquello que deber\u00eda, por el contrario, causarle mucha alegr\u00eda. Esta reacci\u00f3n tambi\u00e9n nos interpela a nosotros, como Iglesia.<\/p>\n<p>La Puerta Santa de esta Bas\u00edlica, que ha sido hoy la \u00faltima en cerrarse, ha visto pasar innumerables hombres y mujeres, peregrinos de esperanza, en camino hacia la Ciudad de las puertas siempre abiertas, la nueva Jerusal\u00e9n (cf. Ap 21,25). \u00bfQui\u00e9nes eran y qu\u00e9 les mov\u00eda? Nos cuestiona con particular seriedad, al finalizar el A\u00f1o jubilar, la b\u00fasqueda espiritual de nuestros contempor\u00e1neos, mucho m\u00e1s rica de lo que quiz\u00e1 podamos comprender. Millones de ellos han atravesado el umbral de la Iglesia. \u00bfQu\u00e9 es lo que han encontrado? \u00bfQu\u00e9 corazones, qu\u00e9 atenci\u00f3n, qu\u00e9 reciprocidad? S\u00ed, los magos a\u00fan existen. Son personas que aceptan el desaf\u00edo de arriesgar cada uno su propio viaje; que en un mundo complicado como el nuestro \u2014en muchos aspectos excluyente y peligroso\u2014 sienten la exigencia de ponerse en camino, en b\u00fasqueda.<\/p>\n<p>Homo viator, dec\u00edan los antiguos. Somos vidas en camino. El Evangelio lleva a la Iglesia a no temer este dinamismo, sino a valorarlo y a orientarlo hacia el Dios que lo suscita. Es un Dios que nos puede desconcertar, porque no podemos asirlo en nuestras manos como a los \u00eddolos de plata y oro, porque est\u00e1 vivo y vivifica, como ese Ni\u00f1o que Mar\u00eda ten\u00eda entre sus brazos y que los magos adoraron. Lugares santos como las catedrales, las bas\u00edlicas y los santuarios, convertidos en meta de peregrinaci\u00f3n jubilar, deben difundir el perfume de la vida, la se\u00f1al indeleble de que otro mundo ha comenzado.<\/p>\n<p>Pregunt\u00e9monos: \u00bfhay vida en nuestra Iglesia? \u00bfHay espacio para aquello que nace? \u00bfAmamos y anunciamos a un Dios que nos pone en camino?<\/p>\n<p>En el relato, Herodes teme por su trono, se agita por lo que se le escapa de su control. Intenta aprovecharse del deseo de los magos manipulando su b\u00fasqueda en beneficio propio. Est\u00e1 listo para mentir, est\u00e1 dispuesto a todo; el miedo, en efecto, enceguece. La alegr\u00eda del Evangelio, en cambio, libera; nos hace prudentes, s\u00ed, pero tambi\u00e9n audaces, atentos y creativos; sugiere caminos distintos de los ya recorridos.<\/p>\n<p>Los magos traen a Jerusal\u00e9n una pregunta sencilla y esencial: \u00ab\u00bfD\u00f3nde est\u00e1 el rey de los jud\u00edos que acaba de nacer?\u00bb (Mt 2,2). Qu\u00e9 importante es que, el que cruza la puerta de la Iglesia, se percate de que el Mes\u00edas reci\u00e9n ha nacido all\u00ed, que all\u00ed se re\u00fane una comunidad donde ha surgido la esperanza, que all\u00ed se est\u00e1 realizando una historia de vida. El Jubileo ha venido a recordarnos que se puede volver a empezar, es m\u00e1s, que estamos a\u00fan en los comienzos, que el Se\u00f1or quiere crecer entre nosotros, quiere ser el Dios-con-nosotros. S\u00ed, Dios cuestiona el orden existente; tiene sue\u00f1os que inspira tambi\u00e9n hoy a sus profetas; est\u00e1 decidido a rescatarnos de antiguas y nuevas esclavitudes; en sus obras de misericordia, en las maravillas de su justicia, involucra a j\u00f3venes y ancianos, a pobres y ricos, a hombres y mujeres, a santos y pecadores. Sin hacer ruido; sin embargo, su Reino ya est\u00e1 brotando en todo el mundo.<\/p>\n<p>\u00a1Cu\u00e1ntas epifan\u00edas nos han sido dadas o se nos dar\u00e1n! Pero deben sustraerse de las intenciones de Herodes, de los miedos siempre al acecho para transformarse en agresi\u00f3n. \u00abDesde la \u00e9poca de Juan el Bautista hasta ahora, el Reino de los Cielos es combatido violentamente, y los violentos intentan arrebatarlo\u00bb (Mt 11,12). Esta misteriosa expresi\u00f3n de Jes\u00fas, indicada en el Evangelio de Mateo, nos hace pensar en los numerosos conflictos con los que los hombres pueden resistirse e incluso atacar la Novedad que Dios ha reservado para todos. Amar la paz, buscar la paz, significa proteger lo que es santo y que precisamente por eso est\u00e1 naciendo: peque\u00f1o, delicado y fr\u00e1gil como un ni\u00f1o. A nuestro alrededor, una econom\u00eda deformada intenta sacar provecho de todo. Lo vemos: el mercado transforma en negocios incluso la sed humana de buscar, de viajar y de recomenzar. Pregunt\u00e9monos: \u00bfnos ha educado el Jubileo a huir de este tipo de eficiencia que reduce cualquier cosa a producto y al ser humano a consumidor? Despu\u00e9s de este a\u00f1o, \u00bfseremos m\u00e1s capaces de reconocer en el visitante a un peregrino, en el desconocido a un buscador, en el lejano a un vecino, en el diferente a un compa\u00f1ero de viaje?<\/p>\n<p>El modo en el que Jes\u00fas sali\u00f3 al encuentro de todos y dej\u00f3 que todos se le acercaran nos ense\u00f1a a valorar el secreto de los corazones que s\u00f3lo \u00c9l sabe leer. Con \u00e9l aprendemos a captar los signos de los tiempos (cf. Conc. Ecum. Vat. II, Const. past. Gaudium et spes, 4). Nadie puede vendernos esto. El Ni\u00f1o que los magos adoran es un Bien que no tiene precio ni medida. Es la Epifan\u00eda de la gratuidad. No nos espera en los lugares prestigiosos, sino en las realidades humildes. \u00abY t\u00fa, Bel\u00e9n, tierra de Jud\u00e1, ciertamente no eres la menor entre las principales ciudades de Jud\u00e1\u00bb (Mt 2,6). Cu\u00e1ntas ciudades, cu\u00e1ntas comunidades necesitan que se les diga: \u201cCiertamente no eres la menor\u201d. S\u00ed, \u00a1el Se\u00f1or nos sigue sorprendiendo! Se deja encontrar. Sus caminos no son nuestros caminos, y los violentos no consiguen dominarlos, ni los poderes del mundo los pueden obstruir. Aqu\u00ed reside la grand\u00edsima alegr\u00eda de los magos, que dejan atr\u00e1s el palacio y el templo para ir hacia Bel\u00e9n; \u00a1y es entonces cuando vuelven a ver la estrella!<\/p>\n<p>Por eso, queridos hermanos y hermanas, es hermoso convertirse en peregrinos de esperanza. Y es hermoso seguir si\u00e9ndolo, juntos. La fidelidad de Dios siempre nos sorprender\u00e1. Si no reducimos nuestras iglesias a monumentos, si nuestras comunidades se convierten en hogares, si rechazamos unidos los halagos de los poderosos, entonces seremos la generaci\u00f3n de la aurora. Mar\u00eda, Estrella de la ma\u00f1ana, caminar\u00e1 siempre delante de nosotros. En su Hijo contemplaremos y serviremos a una humanidad magn\u00edfica, transformada no por delirios de omnipotencia, sino por el Dios que se hizo carne por amor.<\/p>\n","protected":false},"excerpt":{"rendered":"<p>El Pont\u00edfice urge a la Iglesia a acoger a los \u00abmagos contempor\u00e1neos\u00bb y a proteger la fragilidad del Reino que nace en un mundo turbado<\/p>\n","protected":false},"author":15,"featured_media":152603,"comment_status":"closed","ping_status":"closed","sticky":false,"template":"","format":"standard","meta":{"_acf_changed":false,"_crdt_document":"","inline_featured_image":false,"footnotes":""},"categories":[114,114,114,114,114,114,114,114],"tags":[172,177],"class_list":{"0":"post-152601","1":"post","2":"type-post","3":"status-publish","4":"format-standard","5":"has-post-thumbnail","6":"hentry","7":"category-homilias","15":"tag-epifania-del-senor","16":"tag-misa"},"acf":[],"yoast_head":"<!-- This site is optimized with the Yoast SEO plugin v27.4 - https:\/\/yoast.com\/product\/yoast-seo-wordpress\/ -->\n<title>\u00abEs hermoso convertirse en peregrinos de esperanza\u00bb: Le\u00f3n XIV clausura el A\u00f1o Jubilar en la Epifan\u00eda &#8211; Exaudi<\/title>\n<meta name=\"robots\" content=\"index, follow, max-snippet:-1, max-image-preview:large, max-video-preview:-1\" \/>\n<link rel=\"canonical\" href=\"https:\/\/exaudi.org\/es\/es-hermoso-convertirse-en-peregrinos-de-esperanza-leon-xiv-clausura-el-ano-jubilar-en-la-epifania\/\" \/>\n<meta property=\"og:locale\" content=\"es_ES\" \/>\n<meta property=\"og:type\" content=\"article\" \/>\n<meta property=\"og:title\" content=\"\u00abEs hermoso convertirse en peregrinos de esperanza\u00bb: Le\u00f3n XIV clausura el A\u00f1o Jubilar en la Epifan\u00eda &#8211; Exaudi\" \/>\n<meta property=\"og:description\" content=\"El Pont\u00edfice urge a la Iglesia a acoger a los \u00abmagos contempor\u00e1neos\u00bb y a proteger la fragilidad del Reino que nace en un mundo turbado\" \/>\n<meta property=\"og:url\" content=\"https:\/\/exaudi.org\/es\/es-hermoso-convertirse-en-peregrinos-de-esperanza-leon-xiv-clausura-el-ano-jubilar-en-la-epifania\/\" \/>\n<meta property=\"og:site_name\" content=\"Exaudi\" \/>\n<meta property=\"article:publisher\" content=\"https:\/\/www.facebook.com\/ExaudiNews\" \/>\n<meta property=\"article:author\" content=\"https:\/\/www.facebook.com\/ExaudiNoticias\/\" \/>\n<meta property=\"article:published_time\" content=\"2026-01-06T13:27:57+00:00\" \/>\n<meta property=\"article:modified_time\" content=\"2026-01-07T11:56:23+00:00\" \/>\n<meta property=\"og:image\" content=\"https:\/\/exaudi.org\/wp-content\/uploads\/2026\/01\/SaveClip.App_612030386_18550788910041022_1073457719498969270_n.jpg\" \/>\n\t<meta property=\"og:image:width\" content=\"1080\" \/>\n\t<meta property=\"og:image:height\" content=\"1440\" \/>\n\t<meta property=\"og:image:type\" content=\"image\/jpeg\" \/>\n<meta name=\"author\" content=\"Exaudi Redacci\u00f3n\" \/>\n<meta name=\"twitter:card\" content=\"summary_large_image\" \/>\n<meta name=\"twitter:creator\" content=\"@Exaudi_noticias\" \/>\n<meta name=\"twitter:site\" content=\"@Exaudi_News\" \/>\n<meta name=\"twitter:label1\" content=\"Escrito por\" \/>\n\t<meta name=\"twitter:data1\" content=\"Exaudi Redacci\u00f3n\" \/>\n\t<meta name=\"twitter:label2\" content=\"Tiempo de lectura\" \/>\n\t<meta name=\"twitter:data2\" content=\"9 minutos\" \/>\n<script type=\"application\/ld+json\" class=\"yoast-schema-graph\">{\"@context\":\"https:\\\/\\\/schema.org\",\"@graph\":[{\"@type\":\"Article\",\"@id\":\"https:\\\/\\\/exaudi.org\\\/es\\\/es-hermoso-convertirse-en-peregrinos-de-esperanza-leon-xiv-clausura-el-ano-jubilar-en-la-epifania\\\/#article\",\"isPartOf\":{\"@id\":\"https:\\\/\\\/exaudi.org\\\/es\\\/es-hermoso-convertirse-en-peregrinos-de-esperanza-leon-xiv-clausura-el-ano-jubilar-en-la-epifania\\\/\"},\"author\":{\"name\":\"Exaudi Redacci\u00f3n\",\"@id\":\"https:\\\/\\\/exaudi.org\\\/#\\\/schema\\\/person\\\/f5fc8f063065e38742da7afe15f25df7\"},\"headline\":\"\u00abEs hermoso convertirse en peregrinos de esperanza\u00bb: Le\u00f3n XIV clausura el A\u00f1o Jubilar en la Epifan\u00eda\",\"datePublished\":\"2026-01-06T13:27:57+00:00\",\"dateModified\":\"2026-01-07T11:56:23+00:00\",\"mainEntityOfPage\":{\"@id\":\"https:\\\/\\\/exaudi.org\\\/es\\\/es-hermoso-convertirse-en-peregrinos-de-esperanza-leon-xiv-clausura-el-ano-jubilar-en-la-epifania\\\/\"},\"wordCount\":1771,\"image\":{\"@id\":\"https:\\\/\\\/exaudi.org\\\/es\\\/es-hermoso-convertirse-en-peregrinos-de-esperanza-leon-xiv-clausura-el-ano-jubilar-en-la-epifania\\\/#primaryimage\"},\"thumbnailUrl\":\"https:\\\/\\\/exaudi.org\\\/wp-content\\\/uploads\\\/2026\\\/01\\\/SaveClip.App_612030386_18550788910041022_1073457719498969270_n.jpg\",\"keywords\":[\"epifan\u00eda del se\u00f1or\",\"misa\"],\"articleSection\":[\"Homilias\",\"Homilias\",\"Homilias\",\"Homilias\",\"Homilias\",\"Homilias\",\"Homilias\",\"Homilias\"],\"inLanguage\":\"es\"},{\"@type\":\"WebPage\",\"@id\":\"https:\\\/\\\/exaudi.org\\\/es\\\/es-hermoso-convertirse-en-peregrinos-de-esperanza-leon-xiv-clausura-el-ano-jubilar-en-la-epifania\\\/\",\"url\":\"https:\\\/\\\/exaudi.org\\\/es\\\/es-hermoso-convertirse-en-peregrinos-de-esperanza-leon-xiv-clausura-el-ano-jubilar-en-la-epifania\\\/\",\"name\":\"\u00abEs hermoso convertirse en peregrinos de esperanza\u00bb: Le\u00f3n XIV clausura el A\u00f1o Jubilar en la Epifan\u00eda &#8211; Exaudi\",\"isPartOf\":{\"@id\":\"https:\\\/\\\/exaudi.org\\\/#website\"},\"primaryImageOfPage\":{\"@id\":\"https:\\\/\\\/exaudi.org\\\/es\\\/es-hermoso-convertirse-en-peregrinos-de-esperanza-leon-xiv-clausura-el-ano-jubilar-en-la-epifania\\\/#primaryimage\"},\"image\":{\"@id\":\"https:\\\/\\\/exaudi.org\\\/es\\\/es-hermoso-convertirse-en-peregrinos-de-esperanza-leon-xiv-clausura-el-ano-jubilar-en-la-epifania\\\/#primaryimage\"},\"thumbnailUrl\":\"https:\\\/\\\/exaudi.org\\\/wp-content\\\/uploads\\\/2026\\\/01\\\/SaveClip.App_612030386_18550788910041022_1073457719498969270_n.jpg\",\"datePublished\":\"2026-01-06T13:27:57+00:00\",\"dateModified\":\"2026-01-07T11:56:23+00:00\",\"author\":{\"@id\":\"https:\\\/\\\/exaudi.org\\\/#\\\/schema\\\/person\\\/f5fc8f063065e38742da7afe15f25df7\"},\"breadcrumb\":{\"@id\":\"https:\\\/\\\/exaudi.org\\\/es\\\/es-hermoso-convertirse-en-peregrinos-de-esperanza-leon-xiv-clausura-el-ano-jubilar-en-la-epifania\\\/#breadcrumb\"},\"inLanguage\":\"es\",\"potentialAction\":[{\"@type\":\"ReadAction\",\"target\":[\"https:\\\/\\\/exaudi.org\\\/es\\\/es-hermoso-convertirse-en-peregrinos-de-esperanza-leon-xiv-clausura-el-ano-jubilar-en-la-epifania\\\/\"]}]},{\"@type\":\"ImageObject\",\"inLanguage\":\"es\",\"@id\":\"https:\\\/\\\/exaudi.org\\\/es\\\/es-hermoso-convertirse-en-peregrinos-de-esperanza-leon-xiv-clausura-el-ano-jubilar-en-la-epifania\\\/#primaryimage\",\"url\":\"https:\\\/\\\/exaudi.org\\\/wp-content\\\/uploads\\\/2026\\\/01\\\/SaveClip.App_612030386_18550788910041022_1073457719498969270_n.jpg\",\"contentUrl\":\"https:\\\/\\\/exaudi.org\\\/wp-content\\\/uploads\\\/2026\\\/01\\\/SaveClip.App_612030386_18550788910041022_1073457719498969270_n.jpg\",\"width\":1080,\"height\":1440},{\"@type\":\"BreadcrumbList\",\"@id\":\"https:\\\/\\\/exaudi.org\\\/es\\\/es-hermoso-convertirse-en-peregrinos-de-esperanza-leon-xiv-clausura-el-ano-jubilar-en-la-epifania\\\/#breadcrumb\",\"itemListElement\":[{\"@type\":\"ListItem\",\"position\":1,\"name\":\"Portada\",\"item\":\"https:\\\/\\\/exaudi.org\\\/es\\\/\"},{\"@type\":\"ListItem\",\"position\":2,\"name\":\"\u00abEs hermoso convertirse en peregrinos de esperanza\u00bb: Le\u00f3n XIV clausura el A\u00f1o Jubilar en la Epifan\u00eda\"}]},{\"@type\":\"WebSite\",\"@id\":\"https:\\\/\\\/exaudi.org\\\/#website\",\"url\":\"https:\\\/\\\/exaudi.org\\\/\",\"name\":\"Exaudi\",\"description\":\"News\",\"potentialAction\":[{\"@type\":\"SearchAction\",\"target\":{\"@type\":\"EntryPoint\",\"urlTemplate\":\"https:\\\/\\\/exaudi.org\\\/?s={search_term_string}\"},\"query-input\":{\"@type\":\"PropertyValueSpecification\",\"valueRequired\":true,\"valueName\":\"search_term_string\"}}],\"inLanguage\":\"es\"},{\"@type\":\"Person\",\"@id\":\"https:\\\/\\\/exaudi.org\\\/#\\\/schema\\\/person\\\/f5fc8f063065e38742da7afe15f25df7\",\"name\":\"Exaudi Redacci\u00f3n\",\"image\":{\"@type\":\"ImageObject\",\"inLanguage\":\"es\",\"@id\":\"https:\\\/\\\/secure.gravatar.com\\\/avatar\\\/fe0f6a059fb68d9b3e11bc5850dd4899b1c7492091a3cb6dd9b01b56ad828be2?s=96&d=mm&r=g\",\"url\":\"https:\\\/\\\/secure.gravatar.com\\\/avatar\\\/fe0f6a059fb68d9b3e11bc5850dd4899b1c7492091a3cb6dd9b01b56ad828be2?s=96&d=mm&r=g\",\"contentUrl\":\"https:\\\/\\\/secure.gravatar.com\\\/avatar\\\/fe0f6a059fb68d9b3e11bc5850dd4899b1c7492091a3cb6dd9b01b56ad828be2?s=96&d=mm&r=g\",\"caption\":\"Exaudi Redacci\u00f3n\"},\"description\":\"\u00bfQu\u00e9 es Exaudi News? Exaudi News es un medio de comunicaci\u00f3n cat\u00f3lico internacional que informa, forma y transforma, diariamente en espa\u00f1ol, ingl\u00e9s e italiano. A trav\u00e9s de noticias, art\u00edculos de an\u00e1lisis y transmisiones en directo de los eventos del Papa, Exaudi busca fortalecer la unidad de los cristianos y contribuir a la evangelizaci\u00f3n del mundo, siempre guiados por la doctrina social de la Iglesia. Trabajamos para acercar la verdad y los valores cristianos a cada rinc\u00f3n del planeta. \u00a1Ay\u00fadanos a transformar el mundo con Exaudi! En Exaudi creemos que la evangelizaci\u00f3n y la informaci\u00f3n de calidad pueden cambiar vidas. Para continuar con nuestra misi\u00f3n y expandir nuestro alcance, necesitamos tu ayuda. Adem\u00e1s, buscamos personas comprometidas que deseen unirse a nuestro equipo. Con tu apoyo, lograremos llegar a m\u00e1s personas, difundir el mensaje de Cristo y reforzar la unidad de los cristianos. \u00bfTe unes a nuestra misi\u00f3n? Para m\u00e1s informaci\u00f3n sobre c\u00f3mo colaborar, visita Exaudi.org\\\/es o cont\u00e1ctanos directamente: info@exaudi.org Exaudi: Informa, forma y transforma.\",\"sameAs\":[\"https:\\\/\\\/www.facebook.com\\\/ExaudiNoticias\\\/\",\"https:\\\/\\\/www.instagram.com\\\/exaudi_noticias\\\/\",\"https:\\\/\\\/x.com\\\/Exaudi_noticias\",\"https:\\\/\\\/www.youtube.com\\\/@exaudicatholicnews\"],\"url\":\"https:\\\/\\\/exaudi.org\\\/es\\\/author\\\/redaccionexaudi\\\/\"}]}<\/script>\n<!-- \/ Yoast SEO plugin. -->","yoast_head_json":{"title":"\u00abEs hermoso convertirse en peregrinos de esperanza\u00bb: Le\u00f3n XIV clausura el A\u00f1o Jubilar en la Epifan\u00eda &#8211; Exaudi","robots":{"index":"index","follow":"follow","max-snippet":"max-snippet:-1","max-image-preview":"max-image-preview:large","max-video-preview":"max-video-preview:-1"},"canonical":"https:\/\/exaudi.org\/es\/es-hermoso-convertirse-en-peregrinos-de-esperanza-leon-xiv-clausura-el-ano-jubilar-en-la-epifania\/","og_locale":"es_ES","og_type":"article","og_title":"\u00abEs hermoso convertirse en peregrinos de esperanza\u00bb: Le\u00f3n XIV clausura el A\u00f1o Jubilar en la Epifan\u00eda &#8211; Exaudi","og_description":"El Pont\u00edfice urge a la Iglesia a acoger a los \u00abmagos contempor\u00e1neos\u00bb y a proteger la fragilidad del Reino que nace en un mundo turbado","og_url":"https:\/\/exaudi.org\/es\/es-hermoso-convertirse-en-peregrinos-de-esperanza-leon-xiv-clausura-el-ano-jubilar-en-la-epifania\/","og_site_name":"Exaudi","article_publisher":"https:\/\/www.facebook.com\/ExaudiNews","article_author":"https:\/\/www.facebook.com\/ExaudiNoticias\/","article_published_time":"2026-01-06T13:27:57+00:00","article_modified_time":"2026-01-07T11:56:23+00:00","og_image":[{"width":1080,"height":1440,"url":"https:\/\/exaudi.org\/wp-content\/uploads\/2026\/01\/SaveClip.App_612030386_18550788910041022_1073457719498969270_n.jpg","type":"image\/jpeg"}],"author":"Exaudi Redacci\u00f3n","twitter_card":"summary_large_image","twitter_creator":"@Exaudi_noticias","twitter_site":"@Exaudi_News","twitter_misc":{"Escrito por":"Exaudi Redacci\u00f3n","Tiempo de lectura":"9 minutos"},"schema":{"@context":"https:\/\/schema.org","@graph":[{"@type":"Article","@id":"https:\/\/exaudi.org\/es\/es-hermoso-convertirse-en-peregrinos-de-esperanza-leon-xiv-clausura-el-ano-jubilar-en-la-epifania\/#article","isPartOf":{"@id":"https:\/\/exaudi.org\/es\/es-hermoso-convertirse-en-peregrinos-de-esperanza-leon-xiv-clausura-el-ano-jubilar-en-la-epifania\/"},"author":{"name":"Exaudi Redacci\u00f3n","@id":"https:\/\/exaudi.org\/#\/schema\/person\/f5fc8f063065e38742da7afe15f25df7"},"headline":"\u00abEs hermoso convertirse en peregrinos de esperanza\u00bb: Le\u00f3n XIV clausura el A\u00f1o Jubilar en la Epifan\u00eda","datePublished":"2026-01-06T13:27:57+00:00","dateModified":"2026-01-07T11:56:23+00:00","mainEntityOfPage":{"@id":"https:\/\/exaudi.org\/es\/es-hermoso-convertirse-en-peregrinos-de-esperanza-leon-xiv-clausura-el-ano-jubilar-en-la-epifania\/"},"wordCount":1771,"image":{"@id":"https:\/\/exaudi.org\/es\/es-hermoso-convertirse-en-peregrinos-de-esperanza-leon-xiv-clausura-el-ano-jubilar-en-la-epifania\/#primaryimage"},"thumbnailUrl":"https:\/\/exaudi.org\/wp-content\/uploads\/2026\/01\/SaveClip.App_612030386_18550788910041022_1073457719498969270_n.jpg","keywords":["epifan\u00eda del se\u00f1or","misa"],"articleSection":["Homilias","Homilias","Homilias","Homilias","Homilias","Homilias","Homilias","Homilias"],"inLanguage":"es"},{"@type":"WebPage","@id":"https:\/\/exaudi.org\/es\/es-hermoso-convertirse-en-peregrinos-de-esperanza-leon-xiv-clausura-el-ano-jubilar-en-la-epifania\/","url":"https:\/\/exaudi.org\/es\/es-hermoso-convertirse-en-peregrinos-de-esperanza-leon-xiv-clausura-el-ano-jubilar-en-la-epifania\/","name":"\u00abEs hermoso convertirse en peregrinos de esperanza\u00bb: Le\u00f3n XIV clausura el A\u00f1o Jubilar en la Epifan\u00eda &#8211; Exaudi","isPartOf":{"@id":"https:\/\/exaudi.org\/#website"},"primaryImageOfPage":{"@id":"https:\/\/exaudi.org\/es\/es-hermoso-convertirse-en-peregrinos-de-esperanza-leon-xiv-clausura-el-ano-jubilar-en-la-epifania\/#primaryimage"},"image":{"@id":"https:\/\/exaudi.org\/es\/es-hermoso-convertirse-en-peregrinos-de-esperanza-leon-xiv-clausura-el-ano-jubilar-en-la-epifania\/#primaryimage"},"thumbnailUrl":"https:\/\/exaudi.org\/wp-content\/uploads\/2026\/01\/SaveClip.App_612030386_18550788910041022_1073457719498969270_n.jpg","datePublished":"2026-01-06T13:27:57+00:00","dateModified":"2026-01-07T11:56:23+00:00","author":{"@id":"https:\/\/exaudi.org\/#\/schema\/person\/f5fc8f063065e38742da7afe15f25df7"},"breadcrumb":{"@id":"https:\/\/exaudi.org\/es\/es-hermoso-convertirse-en-peregrinos-de-esperanza-leon-xiv-clausura-el-ano-jubilar-en-la-epifania\/#breadcrumb"},"inLanguage":"es","potentialAction":[{"@type":"ReadAction","target":["https:\/\/exaudi.org\/es\/es-hermoso-convertirse-en-peregrinos-de-esperanza-leon-xiv-clausura-el-ano-jubilar-en-la-epifania\/"]}]},{"@type":"ImageObject","inLanguage":"es","@id":"https:\/\/exaudi.org\/es\/es-hermoso-convertirse-en-peregrinos-de-esperanza-leon-xiv-clausura-el-ano-jubilar-en-la-epifania\/#primaryimage","url":"https:\/\/exaudi.org\/wp-content\/uploads\/2026\/01\/SaveClip.App_612030386_18550788910041022_1073457719498969270_n.jpg","contentUrl":"https:\/\/exaudi.org\/wp-content\/uploads\/2026\/01\/SaveClip.App_612030386_18550788910041022_1073457719498969270_n.jpg","width":1080,"height":1440},{"@type":"BreadcrumbList","@id":"https:\/\/exaudi.org\/es\/es-hermoso-convertirse-en-peregrinos-de-esperanza-leon-xiv-clausura-el-ano-jubilar-en-la-epifania\/#breadcrumb","itemListElement":[{"@type":"ListItem","position":1,"name":"Portada","item":"https:\/\/exaudi.org\/es\/"},{"@type":"ListItem","position":2,"name":"\u00abEs hermoso convertirse en peregrinos de esperanza\u00bb: Le\u00f3n XIV clausura el A\u00f1o Jubilar en la Epifan\u00eda"}]},{"@type":"WebSite","@id":"https:\/\/exaudi.org\/#website","url":"https:\/\/exaudi.org\/","name":"Exaudi","description":"News","potentialAction":[{"@type":"SearchAction","target":{"@type":"EntryPoint","urlTemplate":"https:\/\/exaudi.org\/?s={search_term_string}"},"query-input":{"@type":"PropertyValueSpecification","valueRequired":true,"valueName":"search_term_string"}}],"inLanguage":"es"},{"@type":"Person","@id":"https:\/\/exaudi.org\/#\/schema\/person\/f5fc8f063065e38742da7afe15f25df7","name":"Exaudi Redacci\u00f3n","image":{"@type":"ImageObject","inLanguage":"es","@id":"https:\/\/secure.gravatar.com\/avatar\/fe0f6a059fb68d9b3e11bc5850dd4899b1c7492091a3cb6dd9b01b56ad828be2?s=96&d=mm&r=g","url":"https:\/\/secure.gravatar.com\/avatar\/fe0f6a059fb68d9b3e11bc5850dd4899b1c7492091a3cb6dd9b01b56ad828be2?s=96&d=mm&r=g","contentUrl":"https:\/\/secure.gravatar.com\/avatar\/fe0f6a059fb68d9b3e11bc5850dd4899b1c7492091a3cb6dd9b01b56ad828be2?s=96&d=mm&r=g","caption":"Exaudi Redacci\u00f3n"},"description":"\u00bfQu\u00e9 es Exaudi News? Exaudi News es un medio de comunicaci\u00f3n cat\u00f3lico internacional que informa, forma y transforma, diariamente en espa\u00f1ol, ingl\u00e9s e italiano. A trav\u00e9s de noticias, art\u00edculos de an\u00e1lisis y transmisiones en directo de los eventos del Papa, Exaudi busca fortalecer la unidad de los cristianos y contribuir a la evangelizaci\u00f3n del mundo, siempre guiados por la doctrina social de la Iglesia. Trabajamos para acercar la verdad y los valores cristianos a cada rinc\u00f3n del planeta. \u00a1Ay\u00fadanos a transformar el mundo con Exaudi! En Exaudi creemos que la evangelizaci\u00f3n y la informaci\u00f3n de calidad pueden cambiar vidas. Para continuar con nuestra misi\u00f3n y expandir nuestro alcance, necesitamos tu ayuda. Adem\u00e1s, buscamos personas comprometidas que deseen unirse a nuestro equipo. Con tu apoyo, lograremos llegar a m\u00e1s personas, difundir el mensaje de Cristo y reforzar la unidad de los cristianos. \u00bfTe unes a nuestra misi\u00f3n? Para m\u00e1s informaci\u00f3n sobre c\u00f3mo colaborar, visita Exaudi.org\/es o cont\u00e1ctanos directamente: info@exaudi.org Exaudi: Informa, forma y transforma.","sameAs":["https:\/\/www.facebook.com\/ExaudiNoticias\/","https:\/\/www.instagram.com\/exaudi_noticias\/","https:\/\/x.com\/Exaudi_noticias","https:\/\/www.youtube.com\/@exaudicatholicnews"],"url":"https:\/\/exaudi.org\/es\/author\/redaccionexaudi\/"}]}},"jetpack_featured_media_url":"https:\/\/exaudi.org\/wp-content\/uploads\/2026\/01\/SaveClip.App_612030386_18550788910041022_1073457719498969270_n.jpg","jetpack_shortlink":"https:\/\/wp.me\/pgKjF2-DHj","_links":{"self":[{"href":"https:\/\/exaudi.org\/es\/wp-json\/wp\/v2\/posts\/152601","targetHints":{"allow":["GET"]}}],"collection":[{"href":"https:\/\/exaudi.org\/es\/wp-json\/wp\/v2\/posts"}],"about":[{"href":"https:\/\/exaudi.org\/es\/wp-json\/wp\/v2\/types\/post"}],"author":[{"embeddable":true,"href":"https:\/\/exaudi.org\/es\/wp-json\/wp\/v2\/users\/15"}],"replies":[{"embeddable":true,"href":"https:\/\/exaudi.org\/es\/wp-json\/wp\/v2\/comments?post=152601"}],"version-history":[{"count":6,"href":"https:\/\/exaudi.org\/es\/wp-json\/wp\/v2\/posts\/152601\/revisions"}],"predecessor-version":[{"id":152697,"href":"https:\/\/exaudi.org\/es\/wp-json\/wp\/v2\/posts\/152601\/revisions\/152697"}],"wp:featuredmedia":[{"embeddable":true,"href":"https:\/\/exaudi.org\/es\/wp-json\/wp\/v2\/media\/152603"}],"wp:attachment":[{"href":"https:\/\/exaudi.org\/es\/wp-json\/wp\/v2\/media?parent=152601"}],"wp:term":[{"taxonomy":"category","embeddable":true,"href":"https:\/\/exaudi.org\/es\/wp-json\/wp\/v2\/categories?post=152601"},{"taxonomy":"post_tag","embeddable":true,"href":"https:\/\/exaudi.org\/es\/wp-json\/wp\/v2\/tags?post=152601"}],"curies":[{"name":"wp","href":"https:\/\/api.w.org\/{rel}","templated":true}]}}