{"id":152584,"date":"2026-01-06T07:55:25","date_gmt":"2026-01-06T06:55:25","guid":{"rendered":"https:\/\/exaudi.org\/?p=152584"},"modified":"2026-01-06T05:02:23","modified_gmt":"2026-01-06T04:02:23","slug":"venezuela-no-perder-la-objetividad-y-discernir-desde-principios-morales","status":"publish","type":"post","link":"https:\/\/exaudi.org\/es\/venezuela-no-perder-la-objetividad-y-discernir-desde-principios-morales\/","title":{"rendered":"Venezuela: No perder la objetividad y discernir desde principios morales"},"content":{"rendered":"<p>Como cristianos, tenemos la obligaci\u00f3n moral de razonar de forma objetiva, y de expresarnos de la forma menos polarizante y m\u00e1s conciliadora posible.<\/p>\n<p><iframe title=\"Spotify Embed: Venezuela: No perder la objetividad y discernir desde principios morales\" style=\"border-radius: 12px\" width=\"100%\" height=\"152\" frameborder=\"0\" allowfullscreen allow=\"autoplay; clipboard-write; encrypted-media; fullscreen; picture-in-picture\" loading=\"lazy\" src=\"https:\/\/open.spotify.com\/embed\/episode\/5SHVhuAg0qkNCU9vAVMRf6?si=lpQ4uJYoSbW9Zjr2ZpX3TA&amp;utm_source=oembed\"><\/iframe><\/p>\n<ul>\n<li>No es moralmente aceptable seguir ciegamente los dictados de la extrema izquierda ni de la extrema derecha.<\/li>\n<li>No es moralmente aceptable seguir ciegamente ninguna ideolog\u00eda.<\/li>\n<li>No es moralmente aceptable defender tiran\u00edas acordes a nuestras ideolog\u00edas, y condenar las que no nos gustan.<\/li>\n<li>No es moralmente aceptable fingir demencia ante terribles violaciones de los derechos humanos.<\/li>\n<li>No es moralmente aceptable poner la pol\u00edtica por encima de la dignidad de las personas, de los derechos humanos.<\/li>\n<\/ul>\n<p>Algunos justifican moralmente una invasi\u00f3n ilegal a un pa\u00eds para evitar un mal peor, tambi\u00e9n basado en graves ilegalidades. Otros lo condenan.<\/p>\n<p>Los temas son complejos. Es importante siempre tener objetividad para evaluar situaciones similares con opuestos protagonistas, y no cambiar de discurso de acuerdo a la conveniencia ideol\u00f3gica. A la vez poder combinar la objetividad de la ley, con esp\u00edritu cristiano ante situaciones injustas.<\/p>\n<p>Dos hechos:<\/p>\n<ol>\n<li>Estados Unidos no invade Venezuela por razones altruistas. Lo hace por razones geopol\u00edticas y de recursos.<\/li>\n<li>Venezuela no es una democracia, sino una dictadura. Maduro jam\u00e1s mostr\u00f3 los resultados de las \u00faltimas elecciones presidenciales. Se erigi\u00f3 como ganador, negando la victoria de Edmundo Gonz\u00e1lez por un aproximado de 67%, habiendo adem\u00e1s proscripto a la candidata Mar\u00eda Corina Machado.<\/li>\n<\/ol>\n<p>Ante los asesinatos, las torturas, las grav\u00edsimas violaciones de los derechos humanos y la escasez de todo tipo de recursos, m\u00e1s de 7,7 millones de venezolanos han emigrado del pa\u00eds entre 2014 y 2025, seg\u00fan la Agencia de la ONU para los Refugiados (ACNUR\/UNHCR) y la OIM, convirti\u00e9ndose en uno de los mayores \u00e9xodos de poblaci\u00f3n del mundo contempor\u00e1neo. \u00bfC\u00f3mo puede un cristiano justificar las razones que generaron este \u00e9xodo inaudito?<\/p>\n<p>Es muy peligroso el mensaje que deja la invasi\u00f3n a Venezuela por parte de Estados Unidos, violando la soberan\u00eda del pa\u00eds. No podemos aceptar livianamente que pa\u00edses invadan territorios aut\u00f3nomos y rapten a personas que no son de su agrado. Esto deja un alarmante precedente.<\/p>\n<p>A la vez, no puedo dejar pasar la teor\u00eda de que esta invasi\u00f3n es contra el pueblo venezolano. Son dos temas distintos. Una cuesti\u00f3n es la invasi\u00f3n en s\u00ed, y otra son sus consecuencias.<\/p>\n<p>Sobre la invasi\u00f3n de Estados Unidos a Venezuela, obviamente ilegal, no existe un punto moral inequ\u00edvoco. Ante dos males, se debe recurrir al discernimiento: cu\u00e1l es peor. No pretendemos ni podemos resolver el tema aqu\u00ed, y es imposible que todos coincidamos en la evaluaci\u00f3n. Debemos respetar las opiniones diversas y enriquecernos con ellas.<\/p>\n<p>Dice el Papa Le\u00f3n sobre Venezuela*: \u201c<em><strong>El bien del querido pueblo venezolano debe prevalecer por encima de cualquier otra consideraci\u00f3n<\/strong><\/em>\u201d.<\/p>\n<p>El pueblo opin\u00f3 en las urnas, y hoy lo hace con masivas manifestaciones en cientos de ciudades del mundo. Es interesante observar que entre las manifestaciones contra la invasi\u00f3n, no se observa la participaci\u00f3n de venezolanos. Al mismo tiempo, las grandes concentraciones en distintos lugares del mundo est\u00e1n formadas por venezolanos, regocijados por ver que se acaba la dictadura en su pa\u00eds, el terror, la tortura, y que se abren las puertas a la democracia.<\/p>\n<p><em><strong>Toda dictadura merece caer, no solo las de derecha, como tampoco solo las de izquierda. Todas<\/strong><\/em>.<\/p>\n<p>Es indudable que, si Venezuela recupera la democracia, el pueblo recobrar\u00e1 el poder que le otorga la Constituci\u00f3n a trav\u00e9s de los votos, la libertad y la dignidad; los presos pol\u00edticos torturados ser\u00e1n liberados y se restablecer\u00e1n las instituciones constitucionales, como exige el derecho. En otras palabras, el pa\u00eds saldr\u00e1 del infierno de una feroz dictadura para recuperar los valores humanos, sociales, que una democracia favorece.<\/p>\n<p>Hagamos el esfuerzo de dejar de pensar todo en blanco y negro, derecha e izquierda, y de intentar hacerlo en forma objetiva (no me arrogo en absoluto la pretensi\u00f3n de lograrlo), en un aut\u00e9ntico discernimiento, con valores morales y esp\u00edritu cristiano de di\u00e1logo, estampados en la Doctrina Social de la Iglesia.<\/p>\n<p><img loading=\"lazy\" decoding=\"async\" class=\"size-full wp-image-152595 alignnone\" src=\"https:\/\/exaudi.org\/wp-content\/uploads\/2026\/01\/Copia-de-Julio-Tudela.jpg\" alt=\"\" width=\"940\" height=\"788\" srcset=\"https:\/\/exaudi.org\/wp-content\/uploads\/2026\/01\/Copia-de-Julio-Tudela.jpg 940w, https:\/\/exaudi.org\/wp-content\/uploads\/2026\/01\/Copia-de-Julio-Tudela-300x251.jpg 300w, https:\/\/exaudi.org\/wp-content\/uploads\/2026\/01\/Copia-de-Julio-Tudela-770x645.jpg 770w, https:\/\/exaudi.org\/wp-content\/uploads\/2026\/01\/Copia-de-Julio-Tudela-500x419.jpg 500w\" sizes=\"auto, (max-width: 940px) 100vw, 940px\" \/><\/p>\n<p>***<\/p>\n<h5><em>* Palabras del Papa Le\u00f3n en el \u00c1ngelus del 4 de enero 2026:<\/em><\/h5>\n<h5><em>\u00abSigo con gran preocupaci\u00f3n la evoluci\u00f3n de la situaci\u00f3n en Venezuela. El bien del querido pueblo venezolano debe prevalecer por encima de cualquier otra consideraci\u00f3n y llevar a superar la violencia y emprender caminos de justicia y paz, garantizando la soberan\u00eda del pa\u00eds, asegurando el estado de derecho inscrito en la Constituci\u00f3n, respetando los derechos humanos y civiles de todos y cada uno, y trabajando juntos para construir un futuro sereno de colaboraci\u00f3n, estabilidad y concordia, con especial atenci\u00f3n a los m\u00e1s pobres que sufren a causa de la dif\u00edcil situaci\u00f3n econ\u00f3mica. Por eso rezo y les invito a rezar, confiando nuestra oraci\u00f3n a la intercesi\u00f3n de Nuestra Se\u00f1ora de Coromoto y de los santos Jos\u00e9 Gregorio Hern\u00e1ndez y sor Carmen Rendiles\u201d.<\/em><\/h5>\n","protected":false},"excerpt":{"rendered":"<p>En un mundo polarizado, debemos hacer vida la Doctrina Social de la Iglesia, comprendiendo la complejidad de la realidad y aportando con un di\u00e1logo constructivo<\/p>\n","protected":false},"author":41,"featured_media":152591,"comment_status":"closed","ping_status":"closed","sticky":false,"template":"","format":"standard","meta":{"_acf_changed":false,"_crdt_document":"","inline_featured_image":false,"footnotes":""},"categories":[130],"tags":[4650,4912,565,14061,58880,966,584],"class_list":["post-152584","post","type-post","status-publish","format-standard","has-post-thumbnail","hentry","category-voces","tag-cristiano","tag-enrique-soros","tag-estados-unidos","tag-moral","tag-trending-es-151","tag-venezuela","tag-voces"],"acf":[],"yoast_head":"<!-- This site is optimized with the Yoast SEO plugin v27.5 - https:\/\/yoast.com\/product\/yoast-seo-wordpress\/ -->\n<title>Venezuela: No perder la objetividad y discernir desde principios morales &#8211; Exaudi<\/title>\n<meta name=\"robots\" content=\"index, follow, max-snippet:-1, max-image-preview:large, max-video-preview:-1\" \/>\n<link rel=\"canonical\" href=\"https:\/\/exaudi.org\/es\/venezuela-no-perder-la-objetividad-y-discernir-desde-principios-morales\/\" \/>\n<meta property=\"og:locale\" content=\"es_ES\" \/>\n<meta property=\"og:type\" content=\"article\" \/>\n<meta property=\"og:title\" content=\"Venezuela: No perder la objetividad y discernir desde principios morales &#8211; Exaudi\" \/>\n<meta property=\"og:description\" content=\"En un mundo polarizado, debemos hacer vida la Doctrina Social de la Iglesia, comprendiendo la complejidad de la realidad y aportando con un di\u00e1logo constructivo\" \/>\n<meta property=\"og:url\" content=\"https:\/\/exaudi.org\/es\/venezuela-no-perder-la-objetividad-y-discernir-desde-principios-morales\/\" \/>\n<meta property=\"og:site_name\" content=\"Exaudi\" \/>\n<meta property=\"article:publisher\" content=\"https:\/\/www.facebook.com\/ExaudiNews\" \/>\n<meta property=\"article:published_time\" content=\"2026-01-06T06:55:25+00:00\" \/>\n<meta property=\"og:image\" content=\"https:\/\/exaudi.org\/wp-content\/uploads\/2026\/01\/leonardo-guillen-FRZrypUj2c-unsplash-scaled.jpg\" \/>\n\t<meta property=\"og:image:width\" content=\"2560\" \/>\n\t<meta property=\"og:image:height\" content=\"1707\" \/>\n\t<meta property=\"og:image:type\" content=\"image\/jpeg\" \/>\n<meta name=\"author\" content=\"Enrique Soros\" \/>\n<meta name=\"twitter:card\" content=\"summary_large_image\" \/>\n<meta name=\"twitter:creator\" content=\"@Exaudi_News\" \/>\n<meta name=\"twitter:site\" content=\"@Exaudi_News\" \/>\n<meta name=\"twitter:label1\" content=\"Escrito por\" \/>\n\t<meta name=\"twitter:data1\" content=\"Enrique Soros\" \/>\n\t<meta name=\"twitter:label2\" content=\"Tiempo de lectura\" \/>\n\t<meta name=\"twitter:data2\" content=\"4 minutos\" \/>\n<script type=\"application\/ld+json\" class=\"yoast-schema-graph\">{\"@context\":\"https:\\\/\\\/schema.org\",\"@graph\":[{\"@type\":\"Article\",\"@id\":\"https:\\\/\\\/exaudi.org\\\/es\\\/venezuela-no-perder-la-objetividad-y-discernir-desde-principios-morales\\\/#article\",\"isPartOf\":{\"@id\":\"https:\\\/\\\/exaudi.org\\\/es\\\/venezuela-no-perder-la-objetividad-y-discernir-desde-principios-morales\\\/\"},\"author\":{\"name\":\"Enrique Soros\",\"@id\":\"https:\\\/\\\/exaudi.org\\\/#\\\/schema\\\/person\\\/b562feb21279ee01cdb5c8cd58ac4e33\"},\"headline\":\"Venezuela: No perder la objetividad y discernir desde principios morales\",\"datePublished\":\"2026-01-06T06:55:25+00:00\",\"mainEntityOfPage\":{\"@id\":\"https:\\\/\\\/exaudi.org\\\/es\\\/venezuela-no-perder-la-objetividad-y-discernir-desde-principios-morales\\\/\"},\"wordCount\":877,\"image\":{\"@id\":\"https:\\\/\\\/exaudi.org\\\/es\\\/venezuela-no-perder-la-objetividad-y-discernir-desde-principios-morales\\\/#primaryimage\"},\"thumbnailUrl\":\"https:\\\/\\\/exaudi.org\\\/wp-content\\\/uploads\\\/2026\\\/01\\\/leonardo-guillen-FRZrypUj2c-unsplash-scaled.jpg\",\"keywords\":[\"cristiano\",\"Enrique Soros\",\"Estados Unidos\",\"Moral\",\"Trending\",\"Venezuela\",\"Voces\"],\"articleSection\":[\"Voces\"],\"inLanguage\":\"es\"},{\"@type\":\"WebPage\",\"@id\":\"https:\\\/\\\/exaudi.org\\\/es\\\/venezuela-no-perder-la-objetividad-y-discernir-desde-principios-morales\\\/\",\"url\":\"https:\\\/\\\/exaudi.org\\\/es\\\/venezuela-no-perder-la-objetividad-y-discernir-desde-principios-morales\\\/\",\"name\":\"Venezuela: No perder la objetividad y discernir desde principios morales &#8211; Exaudi\",\"isPartOf\":{\"@id\":\"https:\\\/\\\/exaudi.org\\\/#website\"},\"primaryImageOfPage\":{\"@id\":\"https:\\\/\\\/exaudi.org\\\/es\\\/venezuela-no-perder-la-objetividad-y-discernir-desde-principios-morales\\\/#primaryimage\"},\"image\":{\"@id\":\"https:\\\/\\\/exaudi.org\\\/es\\\/venezuela-no-perder-la-objetividad-y-discernir-desde-principios-morales\\\/#primaryimage\"},\"thumbnailUrl\":\"https:\\\/\\\/exaudi.org\\\/wp-content\\\/uploads\\\/2026\\\/01\\\/leonardo-guillen-FRZrypUj2c-unsplash-scaled.jpg\",\"datePublished\":\"2026-01-06T06:55:25+00:00\",\"author\":{\"@id\":\"https:\\\/\\\/exaudi.org\\\/#\\\/schema\\\/person\\\/b562feb21279ee01cdb5c8cd58ac4e33\"},\"breadcrumb\":{\"@id\":\"https:\\\/\\\/exaudi.org\\\/es\\\/venezuela-no-perder-la-objetividad-y-discernir-desde-principios-morales\\\/#breadcrumb\"},\"inLanguage\":\"es\",\"potentialAction\":[{\"@type\":\"ReadAction\",\"target\":[\"https:\\\/\\\/exaudi.org\\\/es\\\/venezuela-no-perder-la-objetividad-y-discernir-desde-principios-morales\\\/\"]}]},{\"@type\":\"ImageObject\",\"inLanguage\":\"es\",\"@id\":\"https:\\\/\\\/exaudi.org\\\/es\\\/venezuela-no-perder-la-objetividad-y-discernir-desde-principios-morales\\\/#primaryimage\",\"url\":\"https:\\\/\\\/exaudi.org\\\/wp-content\\\/uploads\\\/2026\\\/01\\\/leonardo-guillen-FRZrypUj2c-unsplash-scaled.jpg\",\"contentUrl\":\"https:\\\/\\\/exaudi.org\\\/wp-content\\\/uploads\\\/2026\\\/01\\\/leonardo-guillen-FRZrypUj2c-unsplash-scaled.jpg\",\"width\":2560,\"height\":1707},{\"@type\":\"BreadcrumbList\",\"@id\":\"https:\\\/\\\/exaudi.org\\\/es\\\/venezuela-no-perder-la-objetividad-y-discernir-desde-principios-morales\\\/#breadcrumb\",\"itemListElement\":[{\"@type\":\"ListItem\",\"position\":1,\"name\":\"Portada\",\"item\":\"https:\\\/\\\/exaudi.org\\\/es\\\/\"},{\"@type\":\"ListItem\",\"position\":2,\"name\":\"Venezuela: No perder la objetividad y discernir desde principios morales\"}]},{\"@type\":\"WebSite\",\"@id\":\"https:\\\/\\\/exaudi.org\\\/#website\",\"url\":\"https:\\\/\\\/exaudi.org\\\/\",\"name\":\"Exaudi\",\"description\":\"News\",\"potentialAction\":[{\"@type\":\"SearchAction\",\"target\":{\"@type\":\"EntryPoint\",\"urlTemplate\":\"https:\\\/\\\/exaudi.org\\\/?s={search_term_string}\"},\"query-input\":{\"@type\":\"PropertyValueSpecification\",\"valueRequired\":true,\"valueName\":\"search_term_string\"}}],\"inLanguage\":\"es\"},{\"@type\":\"Person\",\"@id\":\"https:\\\/\\\/exaudi.org\\\/#\\\/schema\\\/person\\\/b562feb21279ee01cdb5c8cd58ac4e33\",\"name\":\"Enrique Soros\",\"image\":{\"@type\":\"ImageObject\",\"inLanguage\":\"es\",\"@id\":\"https:\\\/\\\/secure.gravatar.com\\\/avatar\\\/909c464715f2daa91ebbef733cea12657b24a5ddb7284bf9b3bb3911d874bb9e?s=96&d=mm&r=g\",\"url\":\"https:\\\/\\\/secure.gravatar.com\\\/avatar\\\/909c464715f2daa91ebbef733cea12657b24a5ddb7284bf9b3bb3911d874bb9e?s=96&d=mm&r=g\",\"contentUrl\":\"https:\\\/\\\/secure.gravatar.com\\\/avatar\\\/909c464715f2daa91ebbef733cea12657b24a5ddb7284bf9b3bb3911d874bb9e?s=96&d=mm&r=g\",\"caption\":\"Enrique Soros\"},\"description\":\"Argentino. Reside desde hace 27 a\u00f1os en Washington, DC, Estados Unidos, con su esposa Erica, con quien tiene un hijo, Mart\u00edn, de 21 a\u00f1os. Es comunicador social, escritor, traductor p\u00fablico. Act\u00faa como agente pastoral y comunicacional en Estados Unidos, donde es vicepresidente del Consejo Nacional Cat\u00f3lico para el Ministerio Hispano -NCCHM, por sus siglas en ingl\u00e9s-, que tiene como misi\u00f3n la promoci\u00f3n y el trabajo com\u00fan de las fuerzas pastorales hispanas en el pa\u00eds. Participa en proyectos pastorales y comunicacionales en Latinoam\u00e9rica y desde 2012 colabora con el CELAM, Consejo Episcopal Latinoamericano en esfuerzos de integraci\u00f3n pastoral entre dicha instituci\u00f3n y la Iglesia en los Estados Unidos.\",\"url\":\"https:\\\/\\\/exaudi.org\\\/es\\\/author\\\/enriquesoros\\\/\"}]}<\/script>\n<!-- \/ Yoast SEO plugin. -->","yoast_head_json":{"title":"Venezuela: No perder la objetividad y discernir desde principios morales &#8211; Exaudi","robots":{"index":"index","follow":"follow","max-snippet":"max-snippet:-1","max-image-preview":"max-image-preview:large","max-video-preview":"max-video-preview:-1"},"canonical":"https:\/\/exaudi.org\/es\/venezuela-no-perder-la-objetividad-y-discernir-desde-principios-morales\/","og_locale":"es_ES","og_type":"article","og_title":"Venezuela: No perder la objetividad y discernir desde principios morales &#8211; Exaudi","og_description":"En un mundo polarizado, debemos hacer vida la Doctrina Social de la Iglesia, comprendiendo la complejidad de la realidad y aportando con un di\u00e1logo constructivo","og_url":"https:\/\/exaudi.org\/es\/venezuela-no-perder-la-objetividad-y-discernir-desde-principios-morales\/","og_site_name":"Exaudi","article_publisher":"https:\/\/www.facebook.com\/ExaudiNews","article_published_time":"2026-01-06T06:55:25+00:00","og_image":[{"width":2560,"height":1707,"url":"https:\/\/exaudi.org\/wp-content\/uploads\/2026\/01\/leonardo-guillen-FRZrypUj2c-unsplash-scaled.jpg","type":"image\/jpeg"}],"author":"Enrique Soros","twitter_card":"summary_large_image","twitter_creator":"@Exaudi_News","twitter_site":"@Exaudi_News","twitter_misc":{"Escrito por":"Enrique Soros","Tiempo de lectura":"4 minutos"},"schema":{"@context":"https:\/\/schema.org","@graph":[{"@type":"Article","@id":"https:\/\/exaudi.org\/es\/venezuela-no-perder-la-objetividad-y-discernir-desde-principios-morales\/#article","isPartOf":{"@id":"https:\/\/exaudi.org\/es\/venezuela-no-perder-la-objetividad-y-discernir-desde-principios-morales\/"},"author":{"name":"Enrique Soros","@id":"https:\/\/exaudi.org\/#\/schema\/person\/b562feb21279ee01cdb5c8cd58ac4e33"},"headline":"Venezuela: No perder la objetividad y discernir desde principios morales","datePublished":"2026-01-06T06:55:25+00:00","mainEntityOfPage":{"@id":"https:\/\/exaudi.org\/es\/venezuela-no-perder-la-objetividad-y-discernir-desde-principios-morales\/"},"wordCount":877,"image":{"@id":"https:\/\/exaudi.org\/es\/venezuela-no-perder-la-objetividad-y-discernir-desde-principios-morales\/#primaryimage"},"thumbnailUrl":"https:\/\/exaudi.org\/wp-content\/uploads\/2026\/01\/leonardo-guillen-FRZrypUj2c-unsplash-scaled.jpg","keywords":["cristiano","Enrique Soros","Estados Unidos","Moral","Trending","Venezuela","Voces"],"articleSection":["Voces"],"inLanguage":"es"},{"@type":"WebPage","@id":"https:\/\/exaudi.org\/es\/venezuela-no-perder-la-objetividad-y-discernir-desde-principios-morales\/","url":"https:\/\/exaudi.org\/es\/venezuela-no-perder-la-objetividad-y-discernir-desde-principios-morales\/","name":"Venezuela: No perder la objetividad y discernir desde principios morales &#8211; Exaudi","isPartOf":{"@id":"https:\/\/exaudi.org\/#website"},"primaryImageOfPage":{"@id":"https:\/\/exaudi.org\/es\/venezuela-no-perder-la-objetividad-y-discernir-desde-principios-morales\/#primaryimage"},"image":{"@id":"https:\/\/exaudi.org\/es\/venezuela-no-perder-la-objetividad-y-discernir-desde-principios-morales\/#primaryimage"},"thumbnailUrl":"https:\/\/exaudi.org\/wp-content\/uploads\/2026\/01\/leonardo-guillen-FRZrypUj2c-unsplash-scaled.jpg","datePublished":"2026-01-06T06:55:25+00:00","author":{"@id":"https:\/\/exaudi.org\/#\/schema\/person\/b562feb21279ee01cdb5c8cd58ac4e33"},"breadcrumb":{"@id":"https:\/\/exaudi.org\/es\/venezuela-no-perder-la-objetividad-y-discernir-desde-principios-morales\/#breadcrumb"},"inLanguage":"es","potentialAction":[{"@type":"ReadAction","target":["https:\/\/exaudi.org\/es\/venezuela-no-perder-la-objetividad-y-discernir-desde-principios-morales\/"]}]},{"@type":"ImageObject","inLanguage":"es","@id":"https:\/\/exaudi.org\/es\/venezuela-no-perder-la-objetividad-y-discernir-desde-principios-morales\/#primaryimage","url":"https:\/\/exaudi.org\/wp-content\/uploads\/2026\/01\/leonardo-guillen-FRZrypUj2c-unsplash-scaled.jpg","contentUrl":"https:\/\/exaudi.org\/wp-content\/uploads\/2026\/01\/leonardo-guillen-FRZrypUj2c-unsplash-scaled.jpg","width":2560,"height":1707},{"@type":"BreadcrumbList","@id":"https:\/\/exaudi.org\/es\/venezuela-no-perder-la-objetividad-y-discernir-desde-principios-morales\/#breadcrumb","itemListElement":[{"@type":"ListItem","position":1,"name":"Portada","item":"https:\/\/exaudi.org\/es\/"},{"@type":"ListItem","position":2,"name":"Venezuela: No perder la objetividad y discernir desde principios morales"}]},{"@type":"WebSite","@id":"https:\/\/exaudi.org\/#website","url":"https:\/\/exaudi.org\/","name":"Exaudi","description":"News","potentialAction":[{"@type":"SearchAction","target":{"@type":"EntryPoint","urlTemplate":"https:\/\/exaudi.org\/?s={search_term_string}"},"query-input":{"@type":"PropertyValueSpecification","valueRequired":true,"valueName":"search_term_string"}}],"inLanguage":"es"},{"@type":"Person","@id":"https:\/\/exaudi.org\/#\/schema\/person\/b562feb21279ee01cdb5c8cd58ac4e33","name":"Enrique Soros","image":{"@type":"ImageObject","inLanguage":"es","@id":"https:\/\/secure.gravatar.com\/avatar\/909c464715f2daa91ebbef733cea12657b24a5ddb7284bf9b3bb3911d874bb9e?s=96&d=mm&r=g","url":"https:\/\/secure.gravatar.com\/avatar\/909c464715f2daa91ebbef733cea12657b24a5ddb7284bf9b3bb3911d874bb9e?s=96&d=mm&r=g","contentUrl":"https:\/\/secure.gravatar.com\/avatar\/909c464715f2daa91ebbef733cea12657b24a5ddb7284bf9b3bb3911d874bb9e?s=96&d=mm&r=g","caption":"Enrique Soros"},"description":"Argentino. Reside desde hace 27 a\u00f1os en Washington, DC, Estados Unidos, con su esposa Erica, con quien tiene un hijo, Mart\u00edn, de 21 a\u00f1os. Es comunicador social, escritor, traductor p\u00fablico. Act\u00faa como agente pastoral y comunicacional en Estados Unidos, donde es vicepresidente del Consejo Nacional Cat\u00f3lico para el Ministerio Hispano -NCCHM, por sus siglas en ingl\u00e9s-, que tiene como misi\u00f3n la promoci\u00f3n y el trabajo com\u00fan de las fuerzas pastorales hispanas en el pa\u00eds. Participa en proyectos pastorales y comunicacionales en Latinoam\u00e9rica y desde 2012 colabora con el CELAM, Consejo Episcopal Latinoamericano en esfuerzos de integraci\u00f3n pastoral entre dicha instituci\u00f3n y la Iglesia en los Estados Unidos.","url":"https:\/\/exaudi.org\/es\/author\/enriquesoros\/"}]}},"jetpack_featured_media_url":"https:\/\/exaudi.org\/wp-content\/uploads\/2026\/01\/leonardo-guillen-FRZrypUj2c-unsplash-scaled.jpg","jetpack_shortlink":"https:\/\/wp.me\/pgKjF2-DH2","_links":{"self":[{"href":"https:\/\/exaudi.org\/es\/wp-json\/wp\/v2\/posts\/152584","targetHints":{"allow":["GET"]}}],"collection":[{"href":"https:\/\/exaudi.org\/es\/wp-json\/wp\/v2\/posts"}],"about":[{"href":"https:\/\/exaudi.org\/es\/wp-json\/wp\/v2\/types\/post"}],"author":[{"embeddable":true,"href":"https:\/\/exaudi.org\/es\/wp-json\/wp\/v2\/users\/41"}],"replies":[{"embeddable":true,"href":"https:\/\/exaudi.org\/es\/wp-json\/wp\/v2\/comments?post=152584"}],"version-history":[{"count":9,"href":"https:\/\/exaudi.org\/es\/wp-json\/wp\/v2\/posts\/152584\/revisions"}],"predecessor-version":[{"id":152600,"href":"https:\/\/exaudi.org\/es\/wp-json\/wp\/v2\/posts\/152584\/revisions\/152600"}],"wp:featuredmedia":[{"embeddable":true,"href":"https:\/\/exaudi.org\/es\/wp-json\/wp\/v2\/media\/152591"}],"wp:attachment":[{"href":"https:\/\/exaudi.org\/es\/wp-json\/wp\/v2\/media?parent=152584"}],"wp:term":[{"taxonomy":"category","embeddable":true,"href":"https:\/\/exaudi.org\/es\/wp-json\/wp\/v2\/categories?post=152584"},{"taxonomy":"post_tag","embeddable":true,"href":"https:\/\/exaudi.org\/es\/wp-json\/wp\/v2\/tags?post=152584"}],"curies":[{"name":"wp","href":"https:\/\/api.w.org\/{rel}","templated":true}]}}