{"id":152137,"date":"2025-12-31T15:55:11","date_gmt":"2025-12-31T14:55:11","guid":{"rendered":"https:\/\/exaudi.org\/?p=152137"},"modified":"2026-01-01T14:20:35","modified_gmt":"2026-01-01T13:20:35","slug":"los-mensajes-de-un-nuevo-ano","status":"publish","type":"post","link":"https:\/\/exaudi.org\/es\/los-mensajes-de-un-nuevo-ano\/","title":{"rendered":"Los mensajes de un nuevo a\u00f1o"},"content":{"rendered":"<p>La llegada de un a\u00f1o nuevo, aunque es una celebraci\u00f3n universal, var\u00eda en fecha y rituales seg\u00fan las diferentes culturas. En nuestro caso, celebramos la llegada del a\u00f1o nuevo de acuerdo a nuestro calendario gregoriano, es decir, seg\u00fan la manera de contar la historia en a\u00f1os o siglos, a partir del nacimiento de Cristo.<\/p>\n<p><iframe title=\"Spotify Embed: Los mensajes de un nuevo a\u00f1o\" style=\"border-radius: 12px\" width=\"100%\" height=\"152\" frameborder=\"0\" allowfullscreen allow=\"autoplay; clipboard-write; encrypted-media; fullscreen; picture-in-picture\" loading=\"lazy\" src=\"https:\/\/open.spotify.com\/embed\/episode\/41npi20wV8GPRO3Rm0CGdj?si=d2dfba858dd043e1&amp;utm_source=oembed\"><\/iframe><\/p>\n<p>Pero para todos los seres humanos, el comienzo de un nuevo a\u00f1o contiene un profundo significado y mensajes v\u00e1lidos para toda la humanidad. Porque, m\u00e1s all\u00e1, de ser un cambio de fecha, esta celebraci\u00f3n representa muchos de nuestros anhelos permanentes de cambio, de renovaci\u00f3n y de esperanza en tiempos mejores.<\/p>\n<p>Porque el inicio de un a\u00f1o nuevo, en todas las culturas, es una oportunidad para la evaluaci\u00f3n, para el inventario, para los buenos prop\u00f3sitos, para cerrar ciclos y para dar la bienvenida a nuevos comienzos en las distintas \u00e1reas de la existencia humana. Celebramos el a\u00f1o nuevo con la alegr\u00eda de poder reescribir nuestra historia personal, familiar y social, dejando lo viejo y lo malo atr\u00e1s en la espera de mejores historias y de un mundo mejor.<\/p>\n<p>Todo lo cual nos pide momentos de reflexi\u00f3n, de autoexamen, de introspecci\u00f3n. Un nuevo a\u00f1o, un nuevo comienzo, nos pide a todos hacer un alto en el camino, para enderezar la andadura, evaluando y agradeciendo lo vivido y aprendido, con miras a atender los desaf\u00edos que a todos nos esperan en el nuevo a\u00f1o. S\u00f3lo el balance e inventario personal de logros alcanzados y de errores cometidos nos pueden ayudar \u2013 mediante el crecimiento humano &#8211; a hacer del a\u00f1o que comienza <strong><em>un a\u00f1o verdaderamente \u201cnuevo\u201d.<\/em><\/strong><\/p>\n<p>Es tradici\u00f3n que, para el a\u00f1o nuevo, los seres humanos, llenos de las mejores intenciones, <strong><em>nos hacemos prop\u00f3sitos y nos proponemos cumplir objetivos y metas<\/em><\/strong>. Esta costumbre hunde sus ra\u00edces en la antig\u00fcedad, cuando las personas y comunidades promet\u00edan a los dioses cumplir metas a cambio de bendiciones. Hoy, la costumbre permanece, como una forma de comprometerse con uno mismo para alcanzar nuevos objetivos personales, familiares o profesionales.<\/p>\n<p>La llegada del A\u00f1o Nuevo es, tambi\u00e9n, <strong><em>una ocasi\u00f3n para reunirse<\/em><\/strong> con familiares y amigos. Es un momento para reforzar los lazos afectivos, para compartir alegr\u00edas e ilusiones y para mantener vivas las tradiciones. En un mundo cada vez m\u00e1s individualista, de mayor cantidad de gente viviendo aislada y en soledad, esta celebraci\u00f3n fomenta lazos y nos conecta desde los valores m\u00e1s nobles que habitan en el coraz\u00f3n del ser humano.<\/p>\n<p>Pero la celebraci\u00f3n de un a\u00f1o nuevo nos recuerda y alegra, tambi\u00e9n, por la <strong><em>oportunidad de volver a empezar, <\/em><\/strong>de mejorar, de cambiar, de reemprender nuevos rumbos. Esta experiencia profundamente antropol\u00f3gica nos llena de <strong><em>esperanza,<\/em><\/strong> motor de nuestras vidas y de nuestra historia. Porque es la esperanza en d\u00edas mejores y en un futuro y mundo nuevo y mejor lo que alienta nuestras luchas cotidianas y va llenado de entusiasmo y sentido nuestros d\u00edas en la tierra.<\/p>\n<p>Estos anhelos y luchas, esta celebraci\u00f3n y esta esperanza en tiempos mejores no la vivimos en solitario sino <strong><em>en comunidad.<\/em><\/strong> Lo cual significa que no estamos solos en las mismas b\u00fasquedas y sue\u00f1os y que el logro de lo bueno, nuevo y mejor que esperamos ha de ser una conquista colectiva, generosa, mancomunada, comprometida y solidaria: un logro de todos permanentemente.<\/p>\n<p>Adem\u00e1s, la celebraci\u00f3n del a\u00f1o nuevo es un momento oportuno para <strong><em>la gratitud,<\/em><\/strong> para agradecer todo lo bueno y para aprender de lo menos bueno. Y para que siendo capaces de agradecer y de descubrir bondad en todo cuanto somos, tenemos y nos acontece seamos felices.<\/p>\n<p>Nuestra realidad social, nacional y mundial, est\u00e1 llena de desaf\u00edos, de mucho por cambiar y mejorar. Pero el cambio de las instituciones y de las estructuras sociales pasa, primero, por el cambio <strong><em>en el coraz\u00f3n de cada ser humano<\/em><\/strong>.<\/p>\n<p>Y ya que la celebraci\u00f3n del A\u00f1o Nuevo es un reflejo de los m\u00e1s profundos y mejores anhelos del ser humano y de toda la humanidad, aprovechemos el inicio de este 2026 para transitar mejores caminos que nos conduzcan a la realizaci\u00f3n de mejores historias personales, familiares y sociales.<\/p>\n<p>Hagamos de la llegada de un nuevo a\u00f1o un a\u00f1o verdaderamente nuevo. <strong><em>\u00a1FELIZ A\u00d1O NUEVO PARA TODOS!<\/em><\/strong><\/p>\n<p><img loading=\"lazy\" decoding=\"async\" class=\"size-full wp-image-152145 alignnone\" src=\"https:\/\/exaudi.org\/wp-content\/uploads\/2025\/12\/Copia-de-Julio-Tudela-1.jpg\" alt=\"\" width=\"940\" height=\"788\" srcset=\"https:\/\/exaudi.org\/wp-content\/uploads\/2025\/12\/Copia-de-Julio-Tudela-1.jpg 940w, https:\/\/exaudi.org\/wp-content\/uploads\/2025\/12\/Copia-de-Julio-Tudela-1-300x251.jpg 300w, https:\/\/exaudi.org\/wp-content\/uploads\/2025\/12\/Copia-de-Julio-Tudela-1-770x645.jpg 770w, https:\/\/exaudi.org\/wp-content\/uploads\/2025\/12\/Copia-de-Julio-Tudela-1-500x419.jpg 500w\" sizes=\"auto, (max-width: 940px) 100vw, 940px\" \/><\/p>\n","protected":false},"excerpt":{"rendered":"<p>Renovaci\u00f3n, gratitud y prop\u00f3sitos: El verdadero significado del A\u00f1o Nuevo<\/p>\n","protected":false},"author":114,"featured_media":152140,"comment_status":"closed","ping_status":"closed","sticky":false,"template":"","format":"standard","meta":{"_acf_changed":false,"_crdt_document":"","inline_featured_image":false,"footnotes":""},"categories":[130],"tags":[87475,87486,21093,87484,87488,87482,87487,87474,87483,87485,7881,87478,47963,87480,87479,87481,58880],"class_list":["post-152137","post","type-post","status-publish","format-standard","has-post-thumbnail","hentry","category-voces","tag-ano-nuevo-2026","tag-buenos-propositos","tag-cambio-personal","tag-celebracion-ano-nuevo","tag-deseos-ano-nuevo","tag-esperanza-nuevo-ano","tag-feliz-2026","tag-feliz-ano-nuevo","tag-gratitud-ano-nuevo","tag-introspeccion-fin-de-ano","tag-mario-j-paredes","tag-mensajes-ano-nuevo","tag-nuevos-comienzos","tag-propositos-ano-nuevo","tag-reflexion-ano-nuevo","tag-renovacion-personal","tag-trending-es-151"],"acf":[],"yoast_head":"<!-- This site is optimized with the Yoast SEO plugin v27.5 - https:\/\/yoast.com\/product\/yoast-seo-wordpress\/ -->\n<title>Los mensajes de un nuevo a\u00f1o &#8211; Exaudi<\/title>\n<meta name=\"robots\" content=\"index, follow, max-snippet:-1, max-image-preview:large, max-video-preview:-1\" \/>\n<link rel=\"canonical\" href=\"https:\/\/exaudi.org\/es\/los-mensajes-de-un-nuevo-ano\/\" \/>\n<meta property=\"og:locale\" content=\"es_ES\" \/>\n<meta property=\"og:type\" content=\"article\" \/>\n<meta property=\"og:title\" content=\"Los mensajes de un nuevo a\u00f1o &#8211; Exaudi\" \/>\n<meta property=\"og:description\" content=\"Renovaci\u00f3n, gratitud y prop\u00f3sitos: El verdadero significado del A\u00f1o Nuevo\" \/>\n<meta property=\"og:url\" content=\"https:\/\/exaudi.org\/es\/los-mensajes-de-un-nuevo-ano\/\" \/>\n<meta property=\"og:site_name\" content=\"Exaudi\" \/>\n<meta property=\"article:publisher\" content=\"https:\/\/www.facebook.com\/ExaudiNews\" \/>\n<meta property=\"article:author\" content=\"https:\/\/www.facebook.com\/SOMOSCommunityCare\/\" \/>\n<meta property=\"article:published_time\" content=\"2025-12-31T14:55:11+00:00\" \/>\n<meta property=\"article:modified_time\" content=\"2026-01-01T13:20:35+00:00\" \/>\n<meta property=\"og:image\" content=\"https:\/\/exaudi.org\/wp-content\/uploads\/2025\/12\/pexels-patricia-luquet-293443066-14946491-scaled.jpg\" \/>\n\t<meta property=\"og:image:width\" content=\"2560\" \/>\n\t<meta property=\"og:image:height\" content=\"1920\" \/>\n\t<meta property=\"og:image:type\" content=\"image\/jpeg\" \/>\n<meta name=\"author\" content=\"Mario J. Paredes\" \/>\n<meta name=\"twitter:card\" content=\"summary_large_image\" \/>\n<meta name=\"twitter:creator\" content=\"@SOMOSCare\" \/>\n<meta name=\"twitter:site\" content=\"@Exaudi_News\" \/>\n<meta name=\"twitter:label1\" content=\"Escrito por\" \/>\n\t<meta name=\"twitter:data1\" content=\"Mario J. Paredes\" \/>\n\t<meta name=\"twitter:label2\" content=\"Tiempo de lectura\" \/>\n\t<meta name=\"twitter:data2\" content=\"4 minutos\" \/>\n<script type=\"application\/ld+json\" class=\"yoast-schema-graph\">{\"@context\":\"https:\\\/\\\/schema.org\",\"@graph\":[{\"@type\":\"Article\",\"@id\":\"https:\\\/\\\/exaudi.org\\\/es\\\/los-mensajes-de-un-nuevo-ano\\\/#article\",\"isPartOf\":{\"@id\":\"https:\\\/\\\/exaudi.org\\\/es\\\/los-mensajes-de-un-nuevo-ano\\\/\"},\"author\":{\"name\":\"Mario J. Paredes\",\"@id\":\"https:\\\/\\\/exaudi.org\\\/#\\\/schema\\\/person\\\/f4babf785ff6e9ecd6850d1802095c1d\"},\"headline\":\"Los mensajes de un nuevo a\u00f1o\",\"datePublished\":\"2025-12-31T14:55:11+00:00\",\"dateModified\":\"2026-01-01T13:20:35+00:00\",\"mainEntityOfPage\":{\"@id\":\"https:\\\/\\\/exaudi.org\\\/es\\\/los-mensajes-de-un-nuevo-ano\\\/\"},\"wordCount\":776,\"image\":{\"@id\":\"https:\\\/\\\/exaudi.org\\\/es\\\/los-mensajes-de-un-nuevo-ano\\\/#primaryimage\"},\"thumbnailUrl\":\"https:\\\/\\\/exaudi.org\\\/wp-content\\\/uploads\\\/2025\\\/12\\\/pexels-patricia-luquet-293443066-14946491-scaled.jpg\",\"keywords\":[\"a\u00f1o nuevo 2026\",\"buenos prop\u00f3sitos\",\"cambio personal\",\"celebraci\u00f3n a\u00f1o nuevo\",\"deseos a\u00f1o nuevo\",\"esperanza nuevo a\u00f1o\",\"feliz 2026\",\"feliz a\u00f1o nuevo\",\"gratitud a\u00f1o nuevo\",\"introspecci\u00f3n fin de a\u00f1o\",\"Mario J Paredes\",\"mensajes a\u00f1o nuevo\",\"nuevos comienzos\",\"prop\u00f3sitos a\u00f1o nuevo\",\"reflexi\u00f3n a\u00f1o nuevo\",\"renovaci\u00f3n personal\",\"Trending\"],\"articleSection\":[\"Voces\"],\"inLanguage\":\"es\"},{\"@type\":\"WebPage\",\"@id\":\"https:\\\/\\\/exaudi.org\\\/es\\\/los-mensajes-de-un-nuevo-ano\\\/\",\"url\":\"https:\\\/\\\/exaudi.org\\\/es\\\/los-mensajes-de-un-nuevo-ano\\\/\",\"name\":\"Los mensajes de un nuevo a\u00f1o &#8211; Exaudi\",\"isPartOf\":{\"@id\":\"https:\\\/\\\/exaudi.org\\\/#website\"},\"primaryImageOfPage\":{\"@id\":\"https:\\\/\\\/exaudi.org\\\/es\\\/los-mensajes-de-un-nuevo-ano\\\/#primaryimage\"},\"image\":{\"@id\":\"https:\\\/\\\/exaudi.org\\\/es\\\/los-mensajes-de-un-nuevo-ano\\\/#primaryimage\"},\"thumbnailUrl\":\"https:\\\/\\\/exaudi.org\\\/wp-content\\\/uploads\\\/2025\\\/12\\\/pexels-patricia-luquet-293443066-14946491-scaled.jpg\",\"datePublished\":\"2025-12-31T14:55:11+00:00\",\"dateModified\":\"2026-01-01T13:20:35+00:00\",\"author\":{\"@id\":\"https:\\\/\\\/exaudi.org\\\/#\\\/schema\\\/person\\\/f4babf785ff6e9ecd6850d1802095c1d\"},\"breadcrumb\":{\"@id\":\"https:\\\/\\\/exaudi.org\\\/es\\\/los-mensajes-de-un-nuevo-ano\\\/#breadcrumb\"},\"inLanguage\":\"es\",\"potentialAction\":[{\"@type\":\"ReadAction\",\"target\":[\"https:\\\/\\\/exaudi.org\\\/es\\\/los-mensajes-de-un-nuevo-ano\\\/\"]}]},{\"@type\":\"ImageObject\",\"inLanguage\":\"es\",\"@id\":\"https:\\\/\\\/exaudi.org\\\/es\\\/los-mensajes-de-un-nuevo-ano\\\/#primaryimage\",\"url\":\"https:\\\/\\\/exaudi.org\\\/wp-content\\\/uploads\\\/2025\\\/12\\\/pexels-patricia-luquet-293443066-14946491-scaled.jpg\",\"contentUrl\":\"https:\\\/\\\/exaudi.org\\\/wp-content\\\/uploads\\\/2025\\\/12\\\/pexels-patricia-luquet-293443066-14946491-scaled.jpg\",\"width\":2560,\"height\":1920},{\"@type\":\"BreadcrumbList\",\"@id\":\"https:\\\/\\\/exaudi.org\\\/es\\\/los-mensajes-de-un-nuevo-ano\\\/#breadcrumb\",\"itemListElement\":[{\"@type\":\"ListItem\",\"position\":1,\"name\":\"Portada\",\"item\":\"https:\\\/\\\/exaudi.org\\\/es\\\/\"},{\"@type\":\"ListItem\",\"position\":2,\"name\":\"Los mensajes de un nuevo a\u00f1o\"}]},{\"@type\":\"WebSite\",\"@id\":\"https:\\\/\\\/exaudi.org\\\/#website\",\"url\":\"https:\\\/\\\/exaudi.org\\\/\",\"name\":\"Exaudi\",\"description\":\"News\",\"potentialAction\":[{\"@type\":\"SearchAction\",\"target\":{\"@type\":\"EntryPoint\",\"urlTemplate\":\"https:\\\/\\\/exaudi.org\\\/?s={search_term_string}\"},\"query-input\":{\"@type\":\"PropertyValueSpecification\",\"valueRequired\":true,\"valueName\":\"search_term_string\"}}],\"inLanguage\":\"es\"},{\"@type\":\"Person\",\"@id\":\"https:\\\/\\\/exaudi.org\\\/#\\\/schema\\\/person\\\/f4babf785ff6e9ecd6850d1802095c1d\",\"name\":\"Mario J. Paredes\",\"image\":{\"@type\":\"ImageObject\",\"inLanguage\":\"es\",\"@id\":\"https:\\\/\\\/secure.gravatar.com\\\/avatar\\\/28c707f8b881139d324797c87373ccf8502494a7f73d0f6d23dcda1548e9d254?s=96&d=mm&r=g\",\"url\":\"https:\\\/\\\/secure.gravatar.com\\\/avatar\\\/28c707f8b881139d324797c87373ccf8502494a7f73d0f6d23dcda1548e9d254?s=96&d=mm&r=g\",\"contentUrl\":\"https:\\\/\\\/secure.gravatar.com\\\/avatar\\\/28c707f8b881139d324797c87373ccf8502494a7f73d0f6d23dcda1548e9d254?s=96&d=mm&r=g\",\"caption\":\"Mario J. Paredes\"},\"description\":\"Presidente ejecutivo de SOMOS Community Care, una red de 2,600 m\u00e9dicos independientes -en su mayor\u00eda de atenci\u00f3n primaria- que atienden a cerca de un mill\u00f3n de los pacientes m\u00e1s vulnerables del Medicaid de la Ciudad de Nueva York\",\"sameAs\":[\"http:\\\/\\\/somosnyhealth.org\",\"https:\\\/\\\/www.facebook.com\\\/SOMOSCommunityCare\\\/\",\"https:\\\/\\\/www.instagram.com\\\/somoscare\\\/\",\"https:\\\/\\\/www.linkedin.com\\\/company\\\/somoscommunitycare\\\/\",\"https:\\\/\\\/x.com\\\/SOMOSCare\",\"https:\\\/\\\/www.youtube.com\\\/channel\\\/UCUrnRjEHj5UrNvxU0jHSzQQ\"],\"url\":\"https:\\\/\\\/exaudi.org\\\/es\\\/author\\\/mario-j-paredes\\\/\"}]}<\/script>\n<!-- \/ Yoast SEO plugin. -->","yoast_head_json":{"title":"Los mensajes de un nuevo a\u00f1o &#8211; Exaudi","robots":{"index":"index","follow":"follow","max-snippet":"max-snippet:-1","max-image-preview":"max-image-preview:large","max-video-preview":"max-video-preview:-1"},"canonical":"https:\/\/exaudi.org\/es\/los-mensajes-de-un-nuevo-ano\/","og_locale":"es_ES","og_type":"article","og_title":"Los mensajes de un nuevo a\u00f1o &#8211; Exaudi","og_description":"Renovaci\u00f3n, gratitud y prop\u00f3sitos: El verdadero significado del A\u00f1o Nuevo","og_url":"https:\/\/exaudi.org\/es\/los-mensajes-de-un-nuevo-ano\/","og_site_name":"Exaudi","article_publisher":"https:\/\/www.facebook.com\/ExaudiNews","article_author":"https:\/\/www.facebook.com\/SOMOSCommunityCare\/","article_published_time":"2025-12-31T14:55:11+00:00","article_modified_time":"2026-01-01T13:20:35+00:00","og_image":[{"width":2560,"height":1920,"url":"https:\/\/exaudi.org\/wp-content\/uploads\/2025\/12\/pexels-patricia-luquet-293443066-14946491-scaled.jpg","type":"image\/jpeg"}],"author":"Mario J. Paredes","twitter_card":"summary_large_image","twitter_creator":"@SOMOSCare","twitter_site":"@Exaudi_News","twitter_misc":{"Escrito por":"Mario J. Paredes","Tiempo de lectura":"4 minutos"},"schema":{"@context":"https:\/\/schema.org","@graph":[{"@type":"Article","@id":"https:\/\/exaudi.org\/es\/los-mensajes-de-un-nuevo-ano\/#article","isPartOf":{"@id":"https:\/\/exaudi.org\/es\/los-mensajes-de-un-nuevo-ano\/"},"author":{"name":"Mario J. Paredes","@id":"https:\/\/exaudi.org\/#\/schema\/person\/f4babf785ff6e9ecd6850d1802095c1d"},"headline":"Los mensajes de un nuevo a\u00f1o","datePublished":"2025-12-31T14:55:11+00:00","dateModified":"2026-01-01T13:20:35+00:00","mainEntityOfPage":{"@id":"https:\/\/exaudi.org\/es\/los-mensajes-de-un-nuevo-ano\/"},"wordCount":776,"image":{"@id":"https:\/\/exaudi.org\/es\/los-mensajes-de-un-nuevo-ano\/#primaryimage"},"thumbnailUrl":"https:\/\/exaudi.org\/wp-content\/uploads\/2025\/12\/pexels-patricia-luquet-293443066-14946491-scaled.jpg","keywords":["a\u00f1o nuevo 2026","buenos prop\u00f3sitos","cambio personal","celebraci\u00f3n a\u00f1o nuevo","deseos a\u00f1o nuevo","esperanza nuevo a\u00f1o","feliz 2026","feliz a\u00f1o nuevo","gratitud a\u00f1o nuevo","introspecci\u00f3n fin de a\u00f1o","Mario J Paredes","mensajes a\u00f1o nuevo","nuevos comienzos","prop\u00f3sitos a\u00f1o nuevo","reflexi\u00f3n a\u00f1o nuevo","renovaci\u00f3n personal","Trending"],"articleSection":["Voces"],"inLanguage":"es"},{"@type":"WebPage","@id":"https:\/\/exaudi.org\/es\/los-mensajes-de-un-nuevo-ano\/","url":"https:\/\/exaudi.org\/es\/los-mensajes-de-un-nuevo-ano\/","name":"Los mensajes de un nuevo a\u00f1o &#8211; Exaudi","isPartOf":{"@id":"https:\/\/exaudi.org\/#website"},"primaryImageOfPage":{"@id":"https:\/\/exaudi.org\/es\/los-mensajes-de-un-nuevo-ano\/#primaryimage"},"image":{"@id":"https:\/\/exaudi.org\/es\/los-mensajes-de-un-nuevo-ano\/#primaryimage"},"thumbnailUrl":"https:\/\/exaudi.org\/wp-content\/uploads\/2025\/12\/pexels-patricia-luquet-293443066-14946491-scaled.jpg","datePublished":"2025-12-31T14:55:11+00:00","dateModified":"2026-01-01T13:20:35+00:00","author":{"@id":"https:\/\/exaudi.org\/#\/schema\/person\/f4babf785ff6e9ecd6850d1802095c1d"},"breadcrumb":{"@id":"https:\/\/exaudi.org\/es\/los-mensajes-de-un-nuevo-ano\/#breadcrumb"},"inLanguage":"es","potentialAction":[{"@type":"ReadAction","target":["https:\/\/exaudi.org\/es\/los-mensajes-de-un-nuevo-ano\/"]}]},{"@type":"ImageObject","inLanguage":"es","@id":"https:\/\/exaudi.org\/es\/los-mensajes-de-un-nuevo-ano\/#primaryimage","url":"https:\/\/exaudi.org\/wp-content\/uploads\/2025\/12\/pexels-patricia-luquet-293443066-14946491-scaled.jpg","contentUrl":"https:\/\/exaudi.org\/wp-content\/uploads\/2025\/12\/pexels-patricia-luquet-293443066-14946491-scaled.jpg","width":2560,"height":1920},{"@type":"BreadcrumbList","@id":"https:\/\/exaudi.org\/es\/los-mensajes-de-un-nuevo-ano\/#breadcrumb","itemListElement":[{"@type":"ListItem","position":1,"name":"Portada","item":"https:\/\/exaudi.org\/es\/"},{"@type":"ListItem","position":2,"name":"Los mensajes de un nuevo a\u00f1o"}]},{"@type":"WebSite","@id":"https:\/\/exaudi.org\/#website","url":"https:\/\/exaudi.org\/","name":"Exaudi","description":"News","potentialAction":[{"@type":"SearchAction","target":{"@type":"EntryPoint","urlTemplate":"https:\/\/exaudi.org\/?s={search_term_string}"},"query-input":{"@type":"PropertyValueSpecification","valueRequired":true,"valueName":"search_term_string"}}],"inLanguage":"es"},{"@type":"Person","@id":"https:\/\/exaudi.org\/#\/schema\/person\/f4babf785ff6e9ecd6850d1802095c1d","name":"Mario J. Paredes","image":{"@type":"ImageObject","inLanguage":"es","@id":"https:\/\/secure.gravatar.com\/avatar\/28c707f8b881139d324797c87373ccf8502494a7f73d0f6d23dcda1548e9d254?s=96&d=mm&r=g","url":"https:\/\/secure.gravatar.com\/avatar\/28c707f8b881139d324797c87373ccf8502494a7f73d0f6d23dcda1548e9d254?s=96&d=mm&r=g","contentUrl":"https:\/\/secure.gravatar.com\/avatar\/28c707f8b881139d324797c87373ccf8502494a7f73d0f6d23dcda1548e9d254?s=96&d=mm&r=g","caption":"Mario J. Paredes"},"description":"Presidente ejecutivo de SOMOS Community Care, una red de 2,600 m\u00e9dicos independientes -en su mayor\u00eda de atenci\u00f3n primaria- que atienden a cerca de un mill\u00f3n de los pacientes m\u00e1s vulnerables del Medicaid de la Ciudad de Nueva York","sameAs":["http:\/\/somosnyhealth.org","https:\/\/www.facebook.com\/SOMOSCommunityCare\/","https:\/\/www.instagram.com\/somoscare\/","https:\/\/www.linkedin.com\/company\/somoscommunitycare\/","https:\/\/x.com\/SOMOSCare","https:\/\/www.youtube.com\/channel\/UCUrnRjEHj5UrNvxU0jHSzQQ"],"url":"https:\/\/exaudi.org\/es\/author\/mario-j-paredes\/"}]}},"jetpack_featured_media_url":"https:\/\/exaudi.org\/wp-content\/uploads\/2025\/12\/pexels-patricia-luquet-293443066-14946491-scaled.jpg","jetpack_shortlink":"https:\/\/wp.me\/pgKjF2-DzP","_links":{"self":[{"href":"https:\/\/exaudi.org\/es\/wp-json\/wp\/v2\/posts\/152137","targetHints":{"allow":["GET"]}}],"collection":[{"href":"https:\/\/exaudi.org\/es\/wp-json\/wp\/v2\/posts"}],"about":[{"href":"https:\/\/exaudi.org\/es\/wp-json\/wp\/v2\/types\/post"}],"author":[{"embeddable":true,"href":"https:\/\/exaudi.org\/es\/wp-json\/wp\/v2\/users\/114"}],"replies":[{"embeddable":true,"href":"https:\/\/exaudi.org\/es\/wp-json\/wp\/v2\/comments?post=152137"}],"version-history":[{"count":6,"href":"https:\/\/exaudi.org\/es\/wp-json\/wp\/v2\/posts\/152137\/revisions"}],"predecessor-version":[{"id":152236,"href":"https:\/\/exaudi.org\/es\/wp-json\/wp\/v2\/posts\/152137\/revisions\/152236"}],"wp:featuredmedia":[{"embeddable":true,"href":"https:\/\/exaudi.org\/es\/wp-json\/wp\/v2\/media\/152140"}],"wp:attachment":[{"href":"https:\/\/exaudi.org\/es\/wp-json\/wp\/v2\/media?parent=152137"}],"wp:term":[{"taxonomy":"category","embeddable":true,"href":"https:\/\/exaudi.org\/es\/wp-json\/wp\/v2\/categories?post=152137"},{"taxonomy":"post_tag","embeddable":true,"href":"https:\/\/exaudi.org\/es\/wp-json\/wp\/v2\/tags?post=152137"}],"curies":[{"name":"wp","href":"https:\/\/api.w.org\/{rel}","templated":true}]}}