{"id":152115,"date":"2025-12-31T12:58:41","date_gmt":"2025-12-31T11:58:41","guid":{"rendered":"https:\/\/exaudi.org\/?p=152115"},"modified":"2025-12-31T15:35:46","modified_gmt":"2025-12-31T14:35:46","slug":"feliz-ano-nuevo","status":"publish","type":"post","link":"https:\/\/exaudi.org\/es\/feliz-ano-nuevo\/","title":{"rendered":"Feliz A\u00f1o Nuevo"},"content":{"rendered":"<p>Querido Dios, al terminar este a\u00f1o queremos darte gracias por todo: aquello que recibimos de Ti, la familia y los amigos, lo que luchamos por lograr\u2026<\/p>\n<p><iframe title=\"Spotify Embed: Feliz A\u00f1o Nuevo\" style=\"border-radius: 12px\" width=\"100%\" height=\"152\" frameborder=\"0\" allowfullscreen allow=\"autoplay; clipboard-write; encrypted-media; fullscreen; picture-in-picture\" loading=\"lazy\" src=\"https:\/\/open.spotify.com\/embed\/episode\/3CAB757wfScIHLbi0Dkhnn?si=9aa68757c7ba4a86&amp;utm_source=oembed\"><\/iframe><\/p>\n<p>Gracias\u00a0por la vida y el amor, por las flores, el aire y el sol, por la alegr\u00eda y el dolor, por cuanto fue posible y por lo que no pudo ser.<\/p>\n<p>Te ofrezco\u00a0cuanto hice en este a\u00f1o,\u00a0el trabajo\u00a0que pude realizar y las cosas que pasaron por mis manos y lo que con ellas se\u00a0construy\u00f3.<\/p>\n<p>Te presento a las personas que am\u00e9,\u00a0las amistades de los m\u00e1s cercanos, y los que est\u00e9n m\u00e1s lejos, los que me dieron su mano y aquellos a los que pude ayudar, con los que\u00a0compart\u00ed la vida, el trabajo, el dolor y la alegr\u00eda. A veces sin conocerlos mucho\u2026, pero ah\u00ed estaban esperando una ayuda.<\/p>\n<p>Tambi\u00e9n quiero\u00a0pedirte perd\u00f3n: por el tiempo perdido,\u00a0por el dinero mal gastado,\u00a0por la palabra in\u00fatil o hiriente, por el amor y las oportunidades desperdiciados.\u00a0Perd\u00f3n por\u00a0las obras vac\u00edas y por el trabajo mal hecho,\u00a0y perd\u00f3n\u00a0por vivir sin pensar en los dem\u00e1s\u00a0y sin alegr\u00eda y entusiasmo.<\/p>\n<p>Tambi\u00e9n\u00a0por olvidarme de ti, por la oraci\u00f3n que fui aplazando\u00a0y que ahora vengo a presentarte.<\/p>\n<p>Por todos mis\u00a0olvidos, descuidos y silencios nuevamente te pido perd\u00f3n. Y s\u00e9 que me ayudar\u00e1s m\u00e1s a llevarte en el coraz\u00f3n\u2026<\/p>\n<p>Detengo mi vida ante este a\u00f1o a\u00fan sin estrenar, para\u00a0presentarte esos d\u00edas que s\u00f3lo T\u00fa sabes qu\u00e9 retos me presentar\u00e1n. Sin embargo, con tu ayuda conf\u00edo en superarlos.<\/p>\n<p>Hoy\u00a0te pido para nosotros la paz y la alegr\u00eda,\u00a0la fortaleza, la claridad y la sabidur\u00eda. Y un coraz\u00f3n que descubra lo bello, y lo mejor de los dem\u00e1s.<\/p>\n<p>Queremos vivir cada d\u00eda\u00a0con optimismo y bondad llevando a todas partes ese coraz\u00f3n lleno de comprensi\u00f3n y paz.<\/p>\n<p>Cierra T\u00fa mis o\u00eddos a toda maldad y mis labios a palabras falsas, ego\u00edstas, mordaces o hirientes.<\/p>\n<p>C\u00f3lmame de bondad y de alegr\u00eda para que, cuantos se acerquen a m\u00ed\u00a0encuentren en mi vida un poquito de Ti. Como dec\u00eda J. H. Newman, ay\u00fadame a esparcir tu gracia donde quiera que yo vaya\u2026 qu\u00e9date en mi coraz\u00f3n, y que mi vida sea una irradiaci\u00f3n de la tuya.<\/p>\n<p>Gracias de nuevo por tanto, y danos un feliz a\u00f1o,\u00a0ense\u00f1\u00e1ndonos a repartir alegr\u00eda y felicidad. Pues la Felicia des directamente proporcional al amor que repartimos.<\/p>\n<p>Os deseamos \u00a1Feliz a\u00f1o lleno de optimismo y esperanza!<\/p>\n<p><img loading=\"lazy\" decoding=\"async\" class=\"size-full wp-image-152122 alignnone\" src=\"https:\/\/exaudi.org\/wp-content\/uploads\/2025\/12\/GRACIAS.jpg\" alt=\"\" width=\"1080\" height=\"1080\" srcset=\"https:\/\/exaudi.org\/wp-content\/uploads\/2025\/12\/GRACIAS.jpg 1080w, https:\/\/exaudi.org\/wp-content\/uploads\/2025\/12\/GRACIAS-300x300.jpg 300w, https:\/\/exaudi.org\/wp-content\/uploads\/2025\/12\/GRACIAS-1024x1024.jpg 1024w, https:\/\/exaudi.org\/wp-content\/uploads\/2025\/12\/GRACIAS-100x100.jpg?crop=1 100w, https:\/\/exaudi.org\/wp-content\/uploads\/2025\/12\/GRACIAS-770x770.jpg 770w, https:\/\/exaudi.org\/wp-content\/uploads\/2025\/12\/GRACIAS-500x500.jpg 500w\" sizes=\"auto, (max-width: 1080px) 100vw, 1080px\" \/><\/p>\n","protected":false},"excerpt":{"rendered":"<p>Gracias de nuevo por tanto, y danos un feliz a\u00f1o,\u00a0ense\u00f1\u00e1ndonos a repartir alegr\u00eda y felicidad<\/p>\n","protected":false},"author":170,"featured_media":152118,"comment_status":"closed","ping_status":"closed","sticky":false,"template":"","format":"standard","meta":{"_acf_changed":false,"_crdt_document":"","inline_featured_image":false,"footnotes":""},"categories":[96],"tags":[4744,1761,87475,913,8866,624,4625,87474,87477,60790,25344,15853,87476,625,1690,17571],"class_list":["post-152115","post","type-post","status-publish","format-standard","has-post-thumbnail","hentry","category-espiritualidad","tag-alegria","tag-amor","tag-ano-nuevo-2026","tag-bendiciones","tag-bondad","tag-esperanza","tag-felicidad","tag-feliz-ano-nuevo","tag-gracias-a-dios","tag-maria-jose-calvo","tag-mensaje-cristiano","tag-optimismo","tag-oracion-fin-de-ano","tag-paz","tag-perdon","tag-reflexion-espiritual"],"acf":[],"yoast_head":"<!-- This site is optimized with the Yoast SEO plugin v27.5 - https:\/\/yoast.com\/product\/yoast-seo-wordpress\/ -->\n<title>Feliz A\u00f1o Nuevo &#8211; Exaudi<\/title>\n<meta name=\"robots\" content=\"index, follow, max-snippet:-1, max-image-preview:large, max-video-preview:-1\" \/>\n<link rel=\"canonical\" href=\"https:\/\/exaudi.org\/es\/feliz-ano-nuevo\/\" \/>\n<meta property=\"og:locale\" content=\"es_ES\" \/>\n<meta property=\"og:type\" content=\"article\" \/>\n<meta property=\"og:title\" content=\"Feliz A\u00f1o Nuevo &#8211; Exaudi\" \/>\n<meta property=\"og:description\" content=\"Gracias de nuevo por tanto, y danos un feliz a\u00f1o,\u00a0ense\u00f1\u00e1ndonos a repartir alegr\u00eda y felicidad\" \/>\n<meta property=\"og:url\" content=\"https:\/\/exaudi.org\/es\/feliz-ano-nuevo\/\" \/>\n<meta property=\"og:site_name\" content=\"Exaudi\" \/>\n<meta property=\"article:publisher\" content=\"https:\/\/www.facebook.com\/ExaudiNews\" \/>\n<meta property=\"article:published_time\" content=\"2025-12-31T11:58:41+00:00\" \/>\n<meta property=\"article:modified_time\" content=\"2025-12-31T14:35:46+00:00\" \/>\n<meta property=\"og:image\" content=\"https:\/\/exaudi.org\/wp-content\/uploads\/2025\/12\/pexels-alexander-popadin-2158248492-35439457-scaled.jpg\" \/>\n\t<meta property=\"og:image:width\" content=\"2560\" \/>\n\t<meta property=\"og:image:height\" content=\"1707\" \/>\n\t<meta property=\"og:image:type\" content=\"image\/jpeg\" \/>\n<meta name=\"author\" content=\"Mar\u00eda Jos\u00e9 Calvo\" \/>\n<meta name=\"twitter:card\" content=\"summary_large_image\" \/>\n<meta name=\"twitter:creator\" content=\"@Exaudi_News\" \/>\n<meta name=\"twitter:site\" content=\"@Exaudi_News\" \/>\n<meta name=\"twitter:label1\" content=\"Escrito por\" \/>\n\t<meta name=\"twitter:data1\" content=\"Mar\u00eda Jos\u00e9 Calvo\" \/>\n\t<meta name=\"twitter:label2\" content=\"Tiempo de lectura\" \/>\n\t<meta name=\"twitter:data2\" content=\"2 minutos\" \/>\n<script type=\"application\/ld+json\" class=\"yoast-schema-graph\">{\"@context\":\"https:\\\/\\\/schema.org\",\"@graph\":[{\"@type\":\"Article\",\"@id\":\"https:\\\/\\\/exaudi.org\\\/es\\\/feliz-ano-nuevo\\\/#article\",\"isPartOf\":{\"@id\":\"https:\\\/\\\/exaudi.org\\\/es\\\/feliz-ano-nuevo\\\/\"},\"author\":{\"name\":\"Mar\u00eda Jos\u00e9 Calvo\",\"@id\":\"https:\\\/\\\/exaudi.org\\\/#\\\/schema\\\/person\\\/fd37060fab16c88ce87c85e001ec18d5\"},\"headline\":\"Feliz A\u00f1o Nuevo\",\"datePublished\":\"2025-12-31T11:58:41+00:00\",\"dateModified\":\"2025-12-31T14:35:46+00:00\",\"mainEntityOfPage\":{\"@id\":\"https:\\\/\\\/exaudi.org\\\/es\\\/feliz-ano-nuevo\\\/\"},\"wordCount\":475,\"image\":{\"@id\":\"https:\\\/\\\/exaudi.org\\\/es\\\/feliz-ano-nuevo\\\/#primaryimage\"},\"thumbnailUrl\":\"https:\\\/\\\/exaudi.org\\\/wp-content\\\/uploads\\\/2025\\\/12\\\/pexels-alexander-popadin-2158248492-35439457-scaled.jpg\",\"keywords\":[\"alegr\u00eda\",\"Amor\",\"a\u00f1o nuevo 2026\",\"bendiciones\",\"Bondad\",\"Esperanza\",\"Felicidad\",\"feliz a\u00f1o nuevo\",\"gracias a dios\",\"Mar\u00eda Jos\u00e9 Calvo\",\"mensaje cristiano\",\"optimismo\",\"oraci\u00f3n fin de a\u00f1o\",\"Paz\",\"Perd\u00f3n\",\"Reflexi\u00f3n espiritual\"],\"articleSection\":[\"Espiritualidad\"],\"inLanguage\":\"es\"},{\"@type\":\"WebPage\",\"@id\":\"https:\\\/\\\/exaudi.org\\\/es\\\/feliz-ano-nuevo\\\/\",\"url\":\"https:\\\/\\\/exaudi.org\\\/es\\\/feliz-ano-nuevo\\\/\",\"name\":\"Feliz A\u00f1o Nuevo &#8211; Exaudi\",\"isPartOf\":{\"@id\":\"https:\\\/\\\/exaudi.org\\\/#website\"},\"primaryImageOfPage\":{\"@id\":\"https:\\\/\\\/exaudi.org\\\/es\\\/feliz-ano-nuevo\\\/#primaryimage\"},\"image\":{\"@id\":\"https:\\\/\\\/exaudi.org\\\/es\\\/feliz-ano-nuevo\\\/#primaryimage\"},\"thumbnailUrl\":\"https:\\\/\\\/exaudi.org\\\/wp-content\\\/uploads\\\/2025\\\/12\\\/pexels-alexander-popadin-2158248492-35439457-scaled.jpg\",\"datePublished\":\"2025-12-31T11:58:41+00:00\",\"dateModified\":\"2025-12-31T14:35:46+00:00\",\"author\":{\"@id\":\"https:\\\/\\\/exaudi.org\\\/#\\\/schema\\\/person\\\/fd37060fab16c88ce87c85e001ec18d5\"},\"breadcrumb\":{\"@id\":\"https:\\\/\\\/exaudi.org\\\/es\\\/feliz-ano-nuevo\\\/#breadcrumb\"},\"inLanguage\":\"es\",\"potentialAction\":[{\"@type\":\"ReadAction\",\"target\":[\"https:\\\/\\\/exaudi.org\\\/es\\\/feliz-ano-nuevo\\\/\"]}]},{\"@type\":\"ImageObject\",\"inLanguage\":\"es\",\"@id\":\"https:\\\/\\\/exaudi.org\\\/es\\\/feliz-ano-nuevo\\\/#primaryimage\",\"url\":\"https:\\\/\\\/exaudi.org\\\/wp-content\\\/uploads\\\/2025\\\/12\\\/pexels-alexander-popadin-2158248492-35439457-scaled.jpg\",\"contentUrl\":\"https:\\\/\\\/exaudi.org\\\/wp-content\\\/uploads\\\/2025\\\/12\\\/pexels-alexander-popadin-2158248492-35439457-scaled.jpg\",\"width\":2560,\"height\":1707},{\"@type\":\"BreadcrumbList\",\"@id\":\"https:\\\/\\\/exaudi.org\\\/es\\\/feliz-ano-nuevo\\\/#breadcrumb\",\"itemListElement\":[{\"@type\":\"ListItem\",\"position\":1,\"name\":\"Portada\",\"item\":\"https:\\\/\\\/exaudi.org\\\/es\\\/\"},{\"@type\":\"ListItem\",\"position\":2,\"name\":\"Feliz A\u00f1o Nuevo\"}]},{\"@type\":\"WebSite\",\"@id\":\"https:\\\/\\\/exaudi.org\\\/#website\",\"url\":\"https:\\\/\\\/exaudi.org\\\/\",\"name\":\"Exaudi\",\"description\":\"News\",\"potentialAction\":[{\"@type\":\"SearchAction\",\"target\":{\"@type\":\"EntryPoint\",\"urlTemplate\":\"https:\\\/\\\/exaudi.org\\\/?s={search_term_string}\"},\"query-input\":{\"@type\":\"PropertyValueSpecification\",\"valueRequired\":true,\"valueName\":\"search_term_string\"}}],\"inLanguage\":\"es\"},{\"@type\":\"Person\",\"@id\":\"https:\\\/\\\/exaudi.org\\\/#\\\/schema\\\/person\\\/fd37060fab16c88ce87c85e001ec18d5\",\"name\":\"Mar\u00eda Jos\u00e9 Calvo\",\"image\":{\"@type\":\"ImageObject\",\"inLanguage\":\"es\",\"@id\":\"https:\\\/\\\/secure.gravatar.com\\\/avatar\\\/73b6961814c942fd30afb64aa4ccbb8793af117007ab407cdbb779f4a3224ab4?s=96&d=mm&r=g\",\"url\":\"https:\\\/\\\/secure.gravatar.com\\\/avatar\\\/73b6961814c942fd30afb64aa4ccbb8793af117007ab407cdbb779f4a3224ab4?s=96&d=mm&r=g\",\"contentUrl\":\"https:\\\/\\\/secure.gravatar.com\\\/avatar\\\/73b6961814c942fd30afb64aa4ccbb8793af117007ab407cdbb779f4a3224ab4?s=96&d=mm&r=g\",\"caption\":\"Mar\u00eda Jos\u00e9 Calvo\"},\"description\":\"Soy M\u00aa Jos\u00e9, M\u00e9dico de familia. Estudi\u00e9 en la Universidad de Navarra, y all\u00ed conoc\u00ed a mi marido. Pronto la familia suscit\u00f3 un gran inter\u00e9s en mi. Tuve la suerte de conocer y formarme con grandes pedagogos, entre ellos el Profesor Oliveros F. Otero, uno de los fundadores del Instituto de Ciencias de la Educaci\u00f3n de la Universidad de Navarra. Tambi\u00e9n hice diplomados en Orientaci\u00f3n Familiar en Madrid, en IPAO, con grandes profesionales y amigos, y un Asesoramiento familiar con Edufamilia. Hace tiempo comenc\u00e9 la aventura de escribir para compartir tantas cosas que ten\u00eda en mi cabeza y en mi coraz\u00f3n, e iba haciendo vida en mi propia familia, a la vez que escrib\u00eda en la Revista Hacer Familia, de Palabra. Pinceladas sobre la familia, el amor de pareja, y el arte de educar, con una mirada antropol\u00f3gica human\u00edstica, basada en la ciencia, la biolog\u00eda, la medicina\u2026 Asimismo, colaboro con otras revistas y diversas webs. En familia creamos un ambiente de confianza y libertad, donde se construye y re-construye cada persona, y donde se quiere a los dem\u00e1s de forma natural. Y ese ambiente va humanizando nuestro entorno. Aqu\u00ed me tienes: optimistaseducando.blogspot.com.es\",\"sameAs\":[\"https:\\\/\\\/optimistaseducando.blogspot.com\\\/\"],\"url\":\"https:\\\/\\\/exaudi.org\\\/es\\\/author\\\/maria-jose-calvo\\\/\"}]}<\/script>\n<!-- \/ Yoast SEO plugin. -->","yoast_head_json":{"title":"Feliz A\u00f1o Nuevo &#8211; Exaudi","robots":{"index":"index","follow":"follow","max-snippet":"max-snippet:-1","max-image-preview":"max-image-preview:large","max-video-preview":"max-video-preview:-1"},"canonical":"https:\/\/exaudi.org\/es\/feliz-ano-nuevo\/","og_locale":"es_ES","og_type":"article","og_title":"Feliz A\u00f1o Nuevo &#8211; Exaudi","og_description":"Gracias de nuevo por tanto, y danos un feliz a\u00f1o,\u00a0ense\u00f1\u00e1ndonos a repartir alegr\u00eda y felicidad","og_url":"https:\/\/exaudi.org\/es\/feliz-ano-nuevo\/","og_site_name":"Exaudi","article_publisher":"https:\/\/www.facebook.com\/ExaudiNews","article_published_time":"2025-12-31T11:58:41+00:00","article_modified_time":"2025-12-31T14:35:46+00:00","og_image":[{"width":2560,"height":1707,"url":"https:\/\/exaudi.org\/wp-content\/uploads\/2025\/12\/pexels-alexander-popadin-2158248492-35439457-scaled.jpg","type":"image\/jpeg"}],"author":"Mar\u00eda Jos\u00e9 Calvo","twitter_card":"summary_large_image","twitter_creator":"@Exaudi_News","twitter_site":"@Exaudi_News","twitter_misc":{"Escrito por":"Mar\u00eda Jos\u00e9 Calvo","Tiempo de lectura":"2 minutos"},"schema":{"@context":"https:\/\/schema.org","@graph":[{"@type":"Article","@id":"https:\/\/exaudi.org\/es\/feliz-ano-nuevo\/#article","isPartOf":{"@id":"https:\/\/exaudi.org\/es\/feliz-ano-nuevo\/"},"author":{"name":"Mar\u00eda Jos\u00e9 Calvo","@id":"https:\/\/exaudi.org\/#\/schema\/person\/fd37060fab16c88ce87c85e001ec18d5"},"headline":"Feliz A\u00f1o Nuevo","datePublished":"2025-12-31T11:58:41+00:00","dateModified":"2025-12-31T14:35:46+00:00","mainEntityOfPage":{"@id":"https:\/\/exaudi.org\/es\/feliz-ano-nuevo\/"},"wordCount":475,"image":{"@id":"https:\/\/exaudi.org\/es\/feliz-ano-nuevo\/#primaryimage"},"thumbnailUrl":"https:\/\/exaudi.org\/wp-content\/uploads\/2025\/12\/pexels-alexander-popadin-2158248492-35439457-scaled.jpg","keywords":["alegr\u00eda","Amor","a\u00f1o nuevo 2026","bendiciones","Bondad","Esperanza","Felicidad","feliz a\u00f1o nuevo","gracias a dios","Mar\u00eda Jos\u00e9 Calvo","mensaje cristiano","optimismo","oraci\u00f3n fin de a\u00f1o","Paz","Perd\u00f3n","Reflexi\u00f3n espiritual"],"articleSection":["Espiritualidad"],"inLanguage":"es"},{"@type":"WebPage","@id":"https:\/\/exaudi.org\/es\/feliz-ano-nuevo\/","url":"https:\/\/exaudi.org\/es\/feliz-ano-nuevo\/","name":"Feliz A\u00f1o Nuevo &#8211; Exaudi","isPartOf":{"@id":"https:\/\/exaudi.org\/#website"},"primaryImageOfPage":{"@id":"https:\/\/exaudi.org\/es\/feliz-ano-nuevo\/#primaryimage"},"image":{"@id":"https:\/\/exaudi.org\/es\/feliz-ano-nuevo\/#primaryimage"},"thumbnailUrl":"https:\/\/exaudi.org\/wp-content\/uploads\/2025\/12\/pexels-alexander-popadin-2158248492-35439457-scaled.jpg","datePublished":"2025-12-31T11:58:41+00:00","dateModified":"2025-12-31T14:35:46+00:00","author":{"@id":"https:\/\/exaudi.org\/#\/schema\/person\/fd37060fab16c88ce87c85e001ec18d5"},"breadcrumb":{"@id":"https:\/\/exaudi.org\/es\/feliz-ano-nuevo\/#breadcrumb"},"inLanguage":"es","potentialAction":[{"@type":"ReadAction","target":["https:\/\/exaudi.org\/es\/feliz-ano-nuevo\/"]}]},{"@type":"ImageObject","inLanguage":"es","@id":"https:\/\/exaudi.org\/es\/feliz-ano-nuevo\/#primaryimage","url":"https:\/\/exaudi.org\/wp-content\/uploads\/2025\/12\/pexels-alexander-popadin-2158248492-35439457-scaled.jpg","contentUrl":"https:\/\/exaudi.org\/wp-content\/uploads\/2025\/12\/pexels-alexander-popadin-2158248492-35439457-scaled.jpg","width":2560,"height":1707},{"@type":"BreadcrumbList","@id":"https:\/\/exaudi.org\/es\/feliz-ano-nuevo\/#breadcrumb","itemListElement":[{"@type":"ListItem","position":1,"name":"Portada","item":"https:\/\/exaudi.org\/es\/"},{"@type":"ListItem","position":2,"name":"Feliz A\u00f1o Nuevo"}]},{"@type":"WebSite","@id":"https:\/\/exaudi.org\/#website","url":"https:\/\/exaudi.org\/","name":"Exaudi","description":"News","potentialAction":[{"@type":"SearchAction","target":{"@type":"EntryPoint","urlTemplate":"https:\/\/exaudi.org\/?s={search_term_string}"},"query-input":{"@type":"PropertyValueSpecification","valueRequired":true,"valueName":"search_term_string"}}],"inLanguage":"es"},{"@type":"Person","@id":"https:\/\/exaudi.org\/#\/schema\/person\/fd37060fab16c88ce87c85e001ec18d5","name":"Mar\u00eda Jos\u00e9 Calvo","image":{"@type":"ImageObject","inLanguage":"es","@id":"https:\/\/secure.gravatar.com\/avatar\/73b6961814c942fd30afb64aa4ccbb8793af117007ab407cdbb779f4a3224ab4?s=96&d=mm&r=g","url":"https:\/\/secure.gravatar.com\/avatar\/73b6961814c942fd30afb64aa4ccbb8793af117007ab407cdbb779f4a3224ab4?s=96&d=mm&r=g","contentUrl":"https:\/\/secure.gravatar.com\/avatar\/73b6961814c942fd30afb64aa4ccbb8793af117007ab407cdbb779f4a3224ab4?s=96&d=mm&r=g","caption":"Mar\u00eda Jos\u00e9 Calvo"},"description":"Soy M\u00aa Jos\u00e9, M\u00e9dico de familia. Estudi\u00e9 en la Universidad de Navarra, y all\u00ed conoc\u00ed a mi marido. Pronto la familia suscit\u00f3 un gran inter\u00e9s en mi. Tuve la suerte de conocer y formarme con grandes pedagogos, entre ellos el Profesor Oliveros F. Otero, uno de los fundadores del Instituto de Ciencias de la Educaci\u00f3n de la Universidad de Navarra. Tambi\u00e9n hice diplomados en Orientaci\u00f3n Familiar en Madrid, en IPAO, con grandes profesionales y amigos, y un Asesoramiento familiar con Edufamilia. Hace tiempo comenc\u00e9 la aventura de escribir para compartir tantas cosas que ten\u00eda en mi cabeza y en mi coraz\u00f3n, e iba haciendo vida en mi propia familia, a la vez que escrib\u00eda en la Revista Hacer Familia, de Palabra. Pinceladas sobre la familia, el amor de pareja, y el arte de educar, con una mirada antropol\u00f3gica human\u00edstica, basada en la ciencia, la biolog\u00eda, la medicina\u2026 Asimismo, colaboro con otras revistas y diversas webs. En familia creamos un ambiente de confianza y libertad, donde se construye y re-construye cada persona, y donde se quiere a los dem\u00e1s de forma natural. Y ese ambiente va humanizando nuestro entorno. Aqu\u00ed me tienes: optimistaseducando.blogspot.com.es","sameAs":["https:\/\/optimistaseducando.blogspot.com\/"],"url":"https:\/\/exaudi.org\/es\/author\/maria-jose-calvo\/"}]}},"jetpack_featured_media_url":"https:\/\/exaudi.org\/wp-content\/uploads\/2025\/12\/pexels-alexander-popadin-2158248492-35439457-scaled.jpg","jetpack_shortlink":"https:\/\/wp.me\/pgKjF2-Dzt","_links":{"self":[{"href":"https:\/\/exaudi.org\/es\/wp-json\/wp\/v2\/posts\/152115","targetHints":{"allow":["GET"]}}],"collection":[{"href":"https:\/\/exaudi.org\/es\/wp-json\/wp\/v2\/posts"}],"about":[{"href":"https:\/\/exaudi.org\/es\/wp-json\/wp\/v2\/types\/post"}],"author":[{"embeddable":true,"href":"https:\/\/exaudi.org\/es\/wp-json\/wp\/v2\/users\/170"}],"replies":[{"embeddable":true,"href":"https:\/\/exaudi.org\/es\/wp-json\/wp\/v2\/comments?post=152115"}],"version-history":[{"count":5,"href":"https:\/\/exaudi.org\/es\/wp-json\/wp\/v2\/posts\/152115\/revisions"}],"predecessor-version":[{"id":152135,"href":"https:\/\/exaudi.org\/es\/wp-json\/wp\/v2\/posts\/152115\/revisions\/152135"}],"wp:featuredmedia":[{"embeddable":true,"href":"https:\/\/exaudi.org\/es\/wp-json\/wp\/v2\/media\/152118"}],"wp:attachment":[{"href":"https:\/\/exaudi.org\/es\/wp-json\/wp\/v2\/media?parent=152115"}],"wp:term":[{"taxonomy":"category","embeddable":true,"href":"https:\/\/exaudi.org\/es\/wp-json\/wp\/v2\/categories?post=152115"},{"taxonomy":"post_tag","embeddable":true,"href":"https:\/\/exaudi.org\/es\/wp-json\/wp\/v2\/tags?post=152115"}],"curies":[{"name":"wp","href":"https:\/\/api.w.org\/{rel}","templated":true}]}}