{"id":15192,"date":"2021-05-05T08:55:16","date_gmt":"2021-05-05T06:55:16","guid":{"rendered":"https:\/\/exaudi.org\/?p=15192"},"modified":"2021-05-06T17:47:32","modified_gmt":"2021-05-06T15:47:32","slug":"colombia-obispos-convocan-jornada-de-oracion-por-la-paz","status":"publish","type":"post","link":"https:\/\/exaudi.org\/es\/colombia-obispos-convocan-jornada-de-oracion-por-la-paz\/","title":{"rendered":"Colombia: Obispos convocan jornada de oraci\u00f3n por la paz"},"content":{"rendered":"<p>Los obispos de Colombia convocan a todas las comunidades cat\u00f3licas para que este 7 de mayo se realice en todas las parroquias del pa\u00eds una jornada de oraci\u00f3n para pedir por la paz en la naci\u00f3n.<\/p>\n<p>Ante la compleja situaci\u00f3n social que atraviesa el pa\u00eds en estos momentos, enmarcada en la emergencia sanitaria mundial, la <a href=\"https:\/\/www.cec.org.co\/\" target=\"_blank\" rel=\"noopener noreferrer\">Conferencia Episcopal de Colombia<\/a> emiti\u00f3 ayer, 4 de mayo de 2021, un comunicado de 8 puntos en el que advierte que, si bien las protestas son un derecho v\u00e1lido de ejercer y una alternativa, \u00e9stas deben hacerse respetando los derechos humanos.<\/p>\n<p>\u201cRechazamos decididamente, sea cual fuere su proveniencia, las violaciones a los derechos humanos, los actos de violencia vand\u00e1lica, los bloqueos a la movilidad y al abastecimiento de alimentos, la desaparici\u00f3n de personas, los atentados contra la integridad f\u00edsica de cualquier persona, los destrozos causados a los bienes p\u00fablicos y privados\u201d, se lee en el texto.<\/p>\n<p>Igualmente, en este <a href=\"https:\/\/exaudi.org\/es\/colombia-obispos-proponen-suspender-marchas-del-28-de-abril\/\" target=\"_blank\" rel=\"noopener noreferrer\">segundo comunicado<\/a> relacionado con el tema del paro nacional, los obispos expresan el dolor de Iglesia por las muertes, los heridos y los enfermos que no han podido contar con la atenci\u00f3n de la misi\u00f3n m\u00e9dica, por causa de los cierres y las afectaciones en las v\u00edas.<\/p>\n<h4><strong>Llamado a detener la violencia<\/strong><\/h4>\n<p>En su mensaje, el episcopado reafirma que \u201cla violencia, el vandalismo, las agresiones, el abuso de la fuerza y el caos social no solucionan nada, pues s\u00f3lo traen consigo sufrimiento y muerte, especialmente a los m\u00e1s pobres, adem\u00e1s de deslegitimar y hacer cuestionable cualquier protesta social\u201d. De este modo, los obispos hacen un llamado urgente y clamoroso para que se detengan estos hechos de violencia y de muerte que se est\u00e1n impulsando: \u201cEs momento de emprender juntos la tarea de generar un modelo de desarrollo humano integral\u201d, sostienen.<\/p>\n<p>Asimismo, exhortan a seguir el insistente llamado que el Papa Francisco ha hecho de abrir los canales para el di\u00e1logo social; esto, indican, ayudar\u00e1 a afrontar la compleja situaci\u00f3n que vive el pa\u00eds. \u201cInsistimos en la imperante necesidad de avanzar hacia la reconciliaci\u00f3n nacional y hacia la paz, con la participaci\u00f3n y los esfuerzos de todos los ciudadanos, sin perder de vista que es un camino arduo que requiere valent\u00eda y perseverancia\u201d, subrayan los prelados.<\/p>\n<h4><b>Antecedentes<\/b><\/h4>\n<p>Con la finalidad de propiciar un espacio de escucha rec\u00edproca en el contexto del debate nacional por la propuesta de reforma tributaria planteada por el Gobierno nacional, que ha generado una oleada de protestas en el pa\u00eds, tuvo lugar el viernes 30 de abril de 2021 una <a href=\"https:\/\/exaudi.org\/es\/colombia-reunion-episcopado-comite-nacional-paro-2021\/\" target=\"_blank\" rel=\"noopener noreferrer\">reuni\u00f3n virtual<\/a> entre directivos del episcopado de Colombia\u00a0y representantes de las organizaciones que integran el Comit\u00e9 Nacional del Paro.<\/p>\n<p>La Iglesia colombiana, al igual que el Comit\u00e9 Nacional del Paro, reconoce la situaci\u00f3n de crisis social y econ\u00f3mica que afronta el pa\u00eds, y, por ello, considera que \u201cen esta coyuntura critica el deber es repensar el futuro de nuestra naci\u00f3n, y emprender juntos la tarea de realizar un proyecto com\u00fan para el pa\u00eds. Es una tarea compleja que requiere honestidad y coherencia en el dialogo y en las acciones\u201d, tal como indica el citado comunicado.<\/p>\n<p>Los representantes de la CEC se comprometieron a seguir prestando sus buenos oficios para avanzar en el di\u00e1logo de las fuerzas vivas del pa\u00eds, lo cual, sin darle lugar a la duda, contribuir\u00e1 a la construcci\u00f3n de una sociedad colombiana m\u00e1s justa, solidaria y en paz.<\/p>\n","protected":false},"excerpt":{"rendered":"<p>El pr\u00f3ximo 7 de mayo<\/p>\n","protected":false},"author":5,"featured_media":15207,"comment_status":"closed","ping_status":"closed","sticky":false,"template":"","format":"standard","meta":{"_acf_changed":false,"_crdt_document":"","inline_featured_image":false,"footnotes":""},"categories":[86,94],"tags":[724,2132,2131,625,2015,2013],"class_list":["post-15192","post","type-post","status-publish","format-standard","has-post-thumbnail","hentry","category-iglesia-local","category-justicia-y-paz","tag-colombia","tag-conferencia-episcopal-de-colombia","tag-oracion-por-la-paz","tag-paz","tag-protestas","tag-reforma-tributaria"],"acf":[],"yoast_head":"<!-- This site is optimized with the Yoast SEO plugin v27.5 - https:\/\/yoast.com\/product\/yoast-seo-wordpress\/ -->\n<title>Colombia: Obispos convocan jornada de oraci\u00f3n por la paz &#8211; Exaudi<\/title>\n<meta name=\"description\" content=\"Obispos de Colombia\u00a0convocan a que\u00a0se realice en todas las parroquias del pa\u00eds una\u00a0jornada de oraci\u00f3n para pedir por la paz el 7 de mayo\" \/>\n<meta name=\"robots\" content=\"index, follow, max-snippet:-1, max-image-preview:large, max-video-preview:-1\" \/>\n<link rel=\"canonical\" href=\"https:\/\/exaudi.org\/es\/colombia-obispos-convocan-jornada-de-oracion-por-la-paz\/\" \/>\n<meta property=\"og:locale\" content=\"es_ES\" \/>\n<meta property=\"og:type\" content=\"article\" \/>\n<meta property=\"og:title\" content=\"Colombia: Obispos convocan jornada de oraci\u00f3n por la paz &#8211; Exaudi\" \/>\n<meta property=\"og:description\" content=\"Obispos de Colombia\u00a0convocan a que\u00a0se realice en todas las parroquias del pa\u00eds una\u00a0jornada de oraci\u00f3n para pedir por la paz el 7 de mayo\" \/>\n<meta property=\"og:url\" content=\"https:\/\/exaudi.org\/es\/colombia-obispos-convocan-jornada-de-oracion-por-la-paz\/\" \/>\n<meta property=\"og:site_name\" content=\"Exaudi\" \/>\n<meta property=\"article:publisher\" content=\"https:\/\/www.facebook.com\/ExaudiNews\" \/>\n<meta property=\"article:published_time\" content=\"2021-05-05T06:55:16+00:00\" \/>\n<meta property=\"article:modified_time\" content=\"2021-05-06T15:47:32+00:00\" \/>\n<meta property=\"og:image\" content=\"https:\/\/exaudi.org\/wp-content\/uploads\/2021\/05\/cathopic_1509649259601258-scaled.jpg\" \/>\n\t<meta property=\"og:image:width\" content=\"2560\" \/>\n\t<meta property=\"og:image:height\" content=\"1707\" \/>\n\t<meta property=\"og:image:type\" content=\"image\/jpeg\" \/>\n<meta name=\"author\" content=\"Larissa I. L\u00f3pez\" \/>\n<meta name=\"twitter:card\" content=\"summary_large_image\" \/>\n<meta name=\"twitter:creator\" content=\"@Exaudi_News\" \/>\n<meta name=\"twitter:site\" content=\"@Exaudi_News\" \/>\n<meta name=\"twitter:label1\" content=\"Escrito por\" \/>\n\t<meta name=\"twitter:data1\" content=\"Larissa I. L\u00f3pez\" \/>\n\t<meta name=\"twitter:label2\" content=\"Tiempo de lectura\" \/>\n\t<meta name=\"twitter:data2\" content=\"3 minutos\" \/>\n<script type=\"application\/ld+json\" class=\"yoast-schema-graph\">{\"@context\":\"https:\\\/\\\/schema.org\",\"@graph\":[{\"@type\":\"Article\",\"@id\":\"https:\\\/\\\/exaudi.org\\\/es\\\/colombia-obispos-convocan-jornada-de-oracion-por-la-paz\\\/#article\",\"isPartOf\":{\"@id\":\"https:\\\/\\\/exaudi.org\\\/es\\\/colombia-obispos-convocan-jornada-de-oracion-por-la-paz\\\/\"},\"author\":{\"name\":\"Larissa I. L\u00f3pez\",\"@id\":\"https:\\\/\\\/exaudi.org\\\/#\\\/schema\\\/person\\\/7d2f77db033c2c0929edfab6dbe8c588\"},\"headline\":\"Colombia: Obispos convocan jornada de oraci\u00f3n por la paz\",\"datePublished\":\"2021-05-05T06:55:16+00:00\",\"dateModified\":\"2021-05-06T15:47:32+00:00\",\"mainEntityOfPage\":{\"@id\":\"https:\\\/\\\/exaudi.org\\\/es\\\/colombia-obispos-convocan-jornada-de-oracion-por-la-paz\\\/\"},\"wordCount\":601,\"image\":{\"@id\":\"https:\\\/\\\/exaudi.org\\\/es\\\/colombia-obispos-convocan-jornada-de-oracion-por-la-paz\\\/#primaryimage\"},\"thumbnailUrl\":\"https:\\\/\\\/exaudi.org\\\/wp-content\\\/uploads\\\/2021\\\/05\\\/cathopic_1509649259601258-scaled.jpg\",\"keywords\":[\"Colombia\",\"Conferencia Episcopal de Colombia\",\"Oraci\u00f3n por la paz\",\"Paz\",\"Protestas\",\"Reforma tributaria\"],\"articleSection\":[\"Iglesia Local\",\"Justicia y Paz\"],\"inLanguage\":\"es\"},{\"@type\":\"WebPage\",\"@id\":\"https:\\\/\\\/exaudi.org\\\/es\\\/colombia-obispos-convocan-jornada-de-oracion-por-la-paz\\\/\",\"url\":\"https:\\\/\\\/exaudi.org\\\/es\\\/colombia-obispos-convocan-jornada-de-oracion-por-la-paz\\\/\",\"name\":\"Colombia: Obispos convocan jornada de oraci\u00f3n por la paz &#8211; Exaudi\",\"isPartOf\":{\"@id\":\"https:\\\/\\\/exaudi.org\\\/#website\"},\"primaryImageOfPage\":{\"@id\":\"https:\\\/\\\/exaudi.org\\\/es\\\/colombia-obispos-convocan-jornada-de-oracion-por-la-paz\\\/#primaryimage\"},\"image\":{\"@id\":\"https:\\\/\\\/exaudi.org\\\/es\\\/colombia-obispos-convocan-jornada-de-oracion-por-la-paz\\\/#primaryimage\"},\"thumbnailUrl\":\"https:\\\/\\\/exaudi.org\\\/wp-content\\\/uploads\\\/2021\\\/05\\\/cathopic_1509649259601258-scaled.jpg\",\"datePublished\":\"2021-05-05T06:55:16+00:00\",\"dateModified\":\"2021-05-06T15:47:32+00:00\",\"author\":{\"@id\":\"https:\\\/\\\/exaudi.org\\\/#\\\/schema\\\/person\\\/7d2f77db033c2c0929edfab6dbe8c588\"},\"description\":\"Obispos de Colombia\u00a0convocan a que\u00a0se realice en todas las parroquias del pa\u00eds una\u00a0jornada de oraci\u00f3n para pedir por la paz el 7 de mayo\",\"breadcrumb\":{\"@id\":\"https:\\\/\\\/exaudi.org\\\/es\\\/colombia-obispos-convocan-jornada-de-oracion-por-la-paz\\\/#breadcrumb\"},\"inLanguage\":\"es\",\"potentialAction\":[{\"@type\":\"ReadAction\",\"target\":[\"https:\\\/\\\/exaudi.org\\\/es\\\/colombia-obispos-convocan-jornada-de-oracion-por-la-paz\\\/\"]}]},{\"@type\":\"ImageObject\",\"inLanguage\":\"es\",\"@id\":\"https:\\\/\\\/exaudi.org\\\/es\\\/colombia-obispos-convocan-jornada-de-oracion-por-la-paz\\\/#primaryimage\",\"url\":\"https:\\\/\\\/exaudi.org\\\/wp-content\\\/uploads\\\/2021\\\/05\\\/cathopic_1509649259601258-scaled.jpg\",\"contentUrl\":\"https:\\\/\\\/exaudi.org\\\/wp-content\\\/uploads\\\/2021\\\/05\\\/cathopic_1509649259601258-scaled.jpg\",\"width\":2560,\"height\":1707,\"caption\":\"Oraci\u00f3n por la paz \u00a9 Cathopic. Exe Lobaiza\"},{\"@type\":\"BreadcrumbList\",\"@id\":\"https:\\\/\\\/exaudi.org\\\/es\\\/colombia-obispos-convocan-jornada-de-oracion-por-la-paz\\\/#breadcrumb\",\"itemListElement\":[{\"@type\":\"ListItem\",\"position\":1,\"name\":\"Portada\",\"item\":\"https:\\\/\\\/exaudi.org\\\/es\\\/\"},{\"@type\":\"ListItem\",\"position\":2,\"name\":\"Colombia: Obispos convocan jornada de oraci\u00f3n por la paz\"}]},{\"@type\":\"WebSite\",\"@id\":\"https:\\\/\\\/exaudi.org\\\/#website\",\"url\":\"https:\\\/\\\/exaudi.org\\\/\",\"name\":\"Exaudi\",\"description\":\"News\",\"potentialAction\":[{\"@type\":\"SearchAction\",\"target\":{\"@type\":\"EntryPoint\",\"urlTemplate\":\"https:\\\/\\\/exaudi.org\\\/?s={search_term_string}\"},\"query-input\":{\"@type\":\"PropertyValueSpecification\",\"valueRequired\":true,\"valueName\":\"search_term_string\"}}],\"inLanguage\":\"es\"},{\"@type\":\"Person\",\"@id\":\"https:\\\/\\\/exaudi.org\\\/#\\\/schema\\\/person\\\/7d2f77db033c2c0929edfab6dbe8c588\",\"name\":\"Larissa I. L\u00f3pez\",\"image\":{\"@type\":\"ImageObject\",\"inLanguage\":\"es\",\"@id\":\"https:\\\/\\\/secure.gravatar.com\\\/avatar\\\/db3ef399ff343d0bb9d25dc5198bc8ece5ac6d621eca79876697a354dabc1e3f?s=96&d=mm&r=g\",\"url\":\"https:\\\/\\\/secure.gravatar.com\\\/avatar\\\/db3ef399ff343d0bb9d25dc5198bc8ece5ac6d621eca79876697a354dabc1e3f?s=96&d=mm&r=g\",\"contentUrl\":\"https:\\\/\\\/secure.gravatar.com\\\/avatar\\\/db3ef399ff343d0bb9d25dc5198bc8ece5ac6d621eca79876697a354dabc1e3f?s=96&d=mm&r=g\",\"caption\":\"Larissa I. L\u00f3pez\"},\"description\":\"Doctora en Comunicaci\u00f3n. Mi trayectoria profesional ha transcurrido entre el \u00e1mbito de la comunicaci\u00f3n y el de la docencia. En los \u00faltimos a\u00f1os, he trabajado como coordinadora y redactora de la edici\u00f3n de ZENIT en espa\u00f1ol. Como profesora, he impartido clases en la universidad y en centros de FP y bachillerato. Cordobesa de nacimiento, tambi\u00e9n he vivido en Sevilla, Madrid y Roma\",\"url\":\"https:\\\/\\\/exaudi.org\\\/es\\\/author\\\/llopezexaudi-org\\\/\"}]}<\/script>\n<!-- \/ Yoast SEO plugin. -->","yoast_head_json":{"title":"Colombia: Obispos convocan jornada de oraci\u00f3n por la paz &#8211; Exaudi","description":"Obispos de Colombia\u00a0convocan a que\u00a0se realice en todas las parroquias del pa\u00eds una\u00a0jornada de oraci\u00f3n para pedir por la paz el 7 de mayo","robots":{"index":"index","follow":"follow","max-snippet":"max-snippet:-1","max-image-preview":"max-image-preview:large","max-video-preview":"max-video-preview:-1"},"canonical":"https:\/\/exaudi.org\/es\/colombia-obispos-convocan-jornada-de-oracion-por-la-paz\/","og_locale":"es_ES","og_type":"article","og_title":"Colombia: Obispos convocan jornada de oraci\u00f3n por la paz &#8211; Exaudi","og_description":"Obispos de Colombia\u00a0convocan a que\u00a0se realice en todas las parroquias del pa\u00eds una\u00a0jornada de oraci\u00f3n para pedir por la paz el 7 de mayo","og_url":"https:\/\/exaudi.org\/es\/colombia-obispos-convocan-jornada-de-oracion-por-la-paz\/","og_site_name":"Exaudi","article_publisher":"https:\/\/www.facebook.com\/ExaudiNews","article_published_time":"2021-05-05T06:55:16+00:00","article_modified_time":"2021-05-06T15:47:32+00:00","og_image":[{"width":2560,"height":1707,"url":"https:\/\/exaudi.org\/wp-content\/uploads\/2021\/05\/cathopic_1509649259601258-scaled.jpg","type":"image\/jpeg"}],"author":"Larissa I. L\u00f3pez","twitter_card":"summary_large_image","twitter_creator":"@Exaudi_News","twitter_site":"@Exaudi_News","twitter_misc":{"Escrito por":"Larissa I. L\u00f3pez","Tiempo de lectura":"3 minutos"},"schema":{"@context":"https:\/\/schema.org","@graph":[{"@type":"Article","@id":"https:\/\/exaudi.org\/es\/colombia-obispos-convocan-jornada-de-oracion-por-la-paz\/#article","isPartOf":{"@id":"https:\/\/exaudi.org\/es\/colombia-obispos-convocan-jornada-de-oracion-por-la-paz\/"},"author":{"name":"Larissa I. L\u00f3pez","@id":"https:\/\/exaudi.org\/#\/schema\/person\/7d2f77db033c2c0929edfab6dbe8c588"},"headline":"Colombia: Obispos convocan jornada de oraci\u00f3n por la paz","datePublished":"2021-05-05T06:55:16+00:00","dateModified":"2021-05-06T15:47:32+00:00","mainEntityOfPage":{"@id":"https:\/\/exaudi.org\/es\/colombia-obispos-convocan-jornada-de-oracion-por-la-paz\/"},"wordCount":601,"image":{"@id":"https:\/\/exaudi.org\/es\/colombia-obispos-convocan-jornada-de-oracion-por-la-paz\/#primaryimage"},"thumbnailUrl":"https:\/\/exaudi.org\/wp-content\/uploads\/2021\/05\/cathopic_1509649259601258-scaled.jpg","keywords":["Colombia","Conferencia Episcopal de Colombia","Oraci\u00f3n por la paz","Paz","Protestas","Reforma tributaria"],"articleSection":["Iglesia Local","Justicia y Paz"],"inLanguage":"es"},{"@type":"WebPage","@id":"https:\/\/exaudi.org\/es\/colombia-obispos-convocan-jornada-de-oracion-por-la-paz\/","url":"https:\/\/exaudi.org\/es\/colombia-obispos-convocan-jornada-de-oracion-por-la-paz\/","name":"Colombia: Obispos convocan jornada de oraci\u00f3n por la paz &#8211; Exaudi","isPartOf":{"@id":"https:\/\/exaudi.org\/#website"},"primaryImageOfPage":{"@id":"https:\/\/exaudi.org\/es\/colombia-obispos-convocan-jornada-de-oracion-por-la-paz\/#primaryimage"},"image":{"@id":"https:\/\/exaudi.org\/es\/colombia-obispos-convocan-jornada-de-oracion-por-la-paz\/#primaryimage"},"thumbnailUrl":"https:\/\/exaudi.org\/wp-content\/uploads\/2021\/05\/cathopic_1509649259601258-scaled.jpg","datePublished":"2021-05-05T06:55:16+00:00","dateModified":"2021-05-06T15:47:32+00:00","author":{"@id":"https:\/\/exaudi.org\/#\/schema\/person\/7d2f77db033c2c0929edfab6dbe8c588"},"description":"Obispos de Colombia\u00a0convocan a que\u00a0se realice en todas las parroquias del pa\u00eds una\u00a0jornada de oraci\u00f3n para pedir por la paz el 7 de mayo","breadcrumb":{"@id":"https:\/\/exaudi.org\/es\/colombia-obispos-convocan-jornada-de-oracion-por-la-paz\/#breadcrumb"},"inLanguage":"es","potentialAction":[{"@type":"ReadAction","target":["https:\/\/exaudi.org\/es\/colombia-obispos-convocan-jornada-de-oracion-por-la-paz\/"]}]},{"@type":"ImageObject","inLanguage":"es","@id":"https:\/\/exaudi.org\/es\/colombia-obispos-convocan-jornada-de-oracion-por-la-paz\/#primaryimage","url":"https:\/\/exaudi.org\/wp-content\/uploads\/2021\/05\/cathopic_1509649259601258-scaled.jpg","contentUrl":"https:\/\/exaudi.org\/wp-content\/uploads\/2021\/05\/cathopic_1509649259601258-scaled.jpg","width":2560,"height":1707,"caption":"Oraci\u00f3n por la paz \u00a9 Cathopic. Exe Lobaiza"},{"@type":"BreadcrumbList","@id":"https:\/\/exaudi.org\/es\/colombia-obispos-convocan-jornada-de-oracion-por-la-paz\/#breadcrumb","itemListElement":[{"@type":"ListItem","position":1,"name":"Portada","item":"https:\/\/exaudi.org\/es\/"},{"@type":"ListItem","position":2,"name":"Colombia: Obispos convocan jornada de oraci\u00f3n por la paz"}]},{"@type":"WebSite","@id":"https:\/\/exaudi.org\/#website","url":"https:\/\/exaudi.org\/","name":"Exaudi","description":"News","potentialAction":[{"@type":"SearchAction","target":{"@type":"EntryPoint","urlTemplate":"https:\/\/exaudi.org\/?s={search_term_string}"},"query-input":{"@type":"PropertyValueSpecification","valueRequired":true,"valueName":"search_term_string"}}],"inLanguage":"es"},{"@type":"Person","@id":"https:\/\/exaudi.org\/#\/schema\/person\/7d2f77db033c2c0929edfab6dbe8c588","name":"Larissa I. L\u00f3pez","image":{"@type":"ImageObject","inLanguage":"es","@id":"https:\/\/secure.gravatar.com\/avatar\/db3ef399ff343d0bb9d25dc5198bc8ece5ac6d621eca79876697a354dabc1e3f?s=96&d=mm&r=g","url":"https:\/\/secure.gravatar.com\/avatar\/db3ef399ff343d0bb9d25dc5198bc8ece5ac6d621eca79876697a354dabc1e3f?s=96&d=mm&r=g","contentUrl":"https:\/\/secure.gravatar.com\/avatar\/db3ef399ff343d0bb9d25dc5198bc8ece5ac6d621eca79876697a354dabc1e3f?s=96&d=mm&r=g","caption":"Larissa I. L\u00f3pez"},"description":"Doctora en Comunicaci\u00f3n. Mi trayectoria profesional ha transcurrido entre el \u00e1mbito de la comunicaci\u00f3n y el de la docencia. En los \u00faltimos a\u00f1os, he trabajado como coordinadora y redactora de la edici\u00f3n de ZENIT en espa\u00f1ol. Como profesora, he impartido clases en la universidad y en centros de FP y bachillerato. Cordobesa de nacimiento, tambi\u00e9n he vivido en Sevilla, Madrid y Roma","url":"https:\/\/exaudi.org\/es\/author\/llopezexaudi-org\/"}]}},"jetpack_featured_media_url":"https:\/\/exaudi.org\/wp-content\/uploads\/2021\/05\/cathopic_1509649259601258-scaled.jpg","jetpack_shortlink":"https:\/\/wp.me\/pgKjF2-3X2","_links":{"self":[{"href":"https:\/\/exaudi.org\/es\/wp-json\/wp\/v2\/posts\/15192","targetHints":{"allow":["GET"]}}],"collection":[{"href":"https:\/\/exaudi.org\/es\/wp-json\/wp\/v2\/posts"}],"about":[{"href":"https:\/\/exaudi.org\/es\/wp-json\/wp\/v2\/types\/post"}],"author":[{"embeddable":true,"href":"https:\/\/exaudi.org\/es\/wp-json\/wp\/v2\/users\/5"}],"replies":[{"embeddable":true,"href":"https:\/\/exaudi.org\/es\/wp-json\/wp\/v2\/comments?post=15192"}],"version-history":[{"count":0,"href":"https:\/\/exaudi.org\/es\/wp-json\/wp\/v2\/posts\/15192\/revisions"}],"wp:featuredmedia":[{"embeddable":true,"href":"https:\/\/exaudi.org\/es\/wp-json\/wp\/v2\/media\/15207"}],"wp:attachment":[{"href":"https:\/\/exaudi.org\/es\/wp-json\/wp\/v2\/media?parent=15192"}],"wp:term":[{"taxonomy":"category","embeddable":true,"href":"https:\/\/exaudi.org\/es\/wp-json\/wp\/v2\/categories?post=15192"},{"taxonomy":"post_tag","embeddable":true,"href":"https:\/\/exaudi.org\/es\/wp-json\/wp\/v2\/tags?post=15192"}],"curies":[{"name":"wp","href":"https:\/\/api.w.org\/{rel}","templated":true}]}}