{"id":151504,"date":"2025-12-23T16:27:24","date_gmt":"2025-12-23T15:27:24","guid":{"rendered":"https:\/\/exaudi.org\/?p=151504"},"modified":"2025-12-23T16:27:24","modified_gmt":"2025-12-23T15:27:24","slug":"la-navidad-la-humanidad-atormentada-y-la-voz-consoladora-de-los-papas","status":"publish","type":"post","link":"https:\/\/exaudi.org\/es\/la-navidad-la-humanidad-atormentada-y-la-voz-consoladora-de-los-papas\/","title":{"rendered":"La Navidad, \u00abla humanidad atormentada\u201d y la voz consoladora de los Papas"},"content":{"rendered":"<p>La Navidad es alegr\u00eda, luz, paz. El nacimiento de un pobre Ni\u00f1o, acostado en un pesebre, ilumina el mundo tambi\u00e9n entre guerras, carest\u00edas, calamidades, p\u00e1ginas dram\u00e1ticas que afectan a la historia de naciones, pueblos, familias. Los Papas exhortan a acoger y abrazar a este peque\u00f1o hombre que nace en Bel\u00e9n y consuela a la humanidad dolorida.<\/p>\n<h3><b>P\u00edo XII y los destinos de muerte por razones de nacionalidad<\/b><\/h3>\n<p>Un momento oscuro y tr\u00e1gico fue el que se vivi\u00f3, en particular por los jud\u00edos en Europa, durante la segunda guerra mundial. El 20 de enero de 1942 algunos de entre los mayores funcionarios del partido nazi y del gobierno alem\u00e1n, se reunieron en una villa en el suburbio de Berl\u00edn de Wannsee para discutir un tema que en el verbal de esta conferencia es indicado con las palabras \u201csoluci\u00f3n final a la cuesti\u00f3n jud\u00eda\u201d.<\/p>\n<p>Casi un a\u00f1o despu\u00e9s, el 24 de diciembre de 1942, se eleva desde los micr\u00f3fonos de la Radio Vaticana \u201cuna voz solitaria \u2013 se lee en un editorial de la \u00e9poca del peri\u00f3dico estadounidense\u00a0<i>The New York Times\u00a0<b>\u2013\u00a0<\/b><\/i>que grita desde el silencio de un continente\u201d. Es la voz del Papa P\u00edo XII\u00a0<a href=\"https:\/\/www.vatican.va\/content\/pius-xii\/es\/speeches\/1942\/documents\/hf_p-xii_spe_19421224_radiomessage-christmas.html\" target=\"_blank\" rel=\"external noopener\">que pronuncia su radiomensaje en la vigilia de Navidad.<\/a>\u00a0El Pont\u00edfice desea que para \u201cla humanidad atormentada\u201d pueda resplandecer \u201cconsoladora e incitante la estrella que brilla sobre la cueva de Bel\u00e9n\u201d en un mundo marcado por los horrores de la guerra. El Papa Pacelli indica entre las atrocidades del segundo conflicto mundial tambi\u00e9n la tragedia que en el vocabulario de los nazis corresponde a la expresi\u00f3n \u201csoluci\u00f3n final\u201d.<\/p>\n<figure id=\"attachment_151506\" aria-describedby=\"caption-attachment-151506\" style=\"width: 750px\" class=\"wp-caption alignnone\"><img loading=\"lazy\" decoding=\"async\" class=\"size-full wp-image-151506\" src=\"https:\/\/exaudi.org\/wp-content\/uploads\/2025\/12\/cq5dam.thumbnail.cropped.750.422-20.jpeg\" alt=\"\" width=\"750\" height=\"422\" srcset=\"https:\/\/exaudi.org\/wp-content\/uploads\/2025\/12\/cq5dam.thumbnail.cropped.750.422-20.jpeg 750w, https:\/\/exaudi.org\/wp-content\/uploads\/2025\/12\/cq5dam.thumbnail.cropped.750.422-20-300x169.jpeg 300w, https:\/\/exaudi.org\/wp-content\/uploads\/2025\/12\/cq5dam.thumbnail.cropped.750.422-20-500x281.jpeg 500w\" sizes=\"auto, (max-width: 750px) 100vw, 750px\" \/><figcaption id=\"caption-attachment-151506\" class=\"wp-caption-text\">El Papa P\u00edo XII frente a los micr\u00f3fonos de Radio Vaticana (foto de archivo)<\/figcaption><\/figure>\n<h3><b>Juan XXIII y los peque\u00f1os enfermos<\/b><\/h3>\n<p>La humanidad atormentada est\u00e1 marcada por la guerra, pero tambi\u00e9n por el sufrimiento, la enfermedad. En el d\u00eda de Navidad de 1958 el Hospital Bambino Ges\u00f9 acoge al Papa Juan XXIII. Es el primer Pont\u00edfice que sube al Gianicolo para visitar \u201csu hospital\u201d. Durante esa visita, el Papa Roncalli saluda y bendice a los peque\u00f1os pacientes. En una de las \u00faltimas habitaciones un ni\u00f1o le cuenta al Papa que se llama Emanuele. \u201cAs\u00ed es \u2013 afirma Juan XXIII \u2013 un nombre que resume la solemnidad actual. Esto significa: Dios con nosotros\u201d.<\/p>\n<figure id=\"attachment_151510\" aria-describedby=\"caption-attachment-151510\" style=\"width: 750px\" class=\"wp-caption alignnone\"><img loading=\"lazy\" decoding=\"async\" class=\"size-full wp-image-151510\" src=\"https:\/\/exaudi.org\/wp-content\/uploads\/2025\/12\/cq5dam.thumbnail.cropped.750.422-1-6.jpeg\" alt=\"\" width=\"750\" height=\"422\" srcset=\"https:\/\/exaudi.org\/wp-content\/uploads\/2025\/12\/cq5dam.thumbnail.cropped.750.422-1-6.jpeg 750w, https:\/\/exaudi.org\/wp-content\/uploads\/2025\/12\/cq5dam.thumbnail.cropped.750.422-1-6-300x169.jpeg 300w, https:\/\/exaudi.org\/wp-content\/uploads\/2025\/12\/cq5dam.thumbnail.cropped.750.422-1-6-500x281.jpeg 500w\" sizes=\"auto, (max-width: 750px) 100vw, 750px\" \/><figcaption id=\"caption-attachment-151510\" class=\"wp-caption-text\">Juan XXIII visita el Hospital Pedi\u00e1trico Bambino Ges\u00f9 el 25 de diciembre de 1958<\/figcaption><\/figure>\n<h3><b>Pablo VI y las luchas del mundo de los trabajadores<\/b><\/h3>\n<p>El 1968, en Italia, es un a\u00f1o marcado, en el mundo del trabajo, por fuertes tensiones sociales. En ese a\u00f1o el Papa Pablo VI\u00a0<a href=\"https:\/\/www.vatican.va\/content\/paul-vi\/it\/homilies\/1968\/documents\/hf_p-vi_hom_19681225.html\" rel=\"external\">celebra la Misa de Navidad entre los trabajadores.<\/a>\u00a0El Pont\u00edfice visita la acer\u00eda de Taranto para sanar una separaci\u00f3n: la que existe entre la clase obrera y la Iglesia. El tel\u00f3n de fondo, casi navide\u00f1o, es la acer\u00eda, que el peri\u00f3dico de la Santa Sede, \u00abL&#8217;Osservatore Romano\u00bb, define como \u00abla nueva caba\u00f1a de la era tecnol\u00f3gica\u00bb. En su homil\u00eda, el Papa Montini se dirige a los trabajadores, inst\u00e1ndolos a mirar hacia \u00abel Cristo del Evangelio\u00bb: \u00abTrabajadores, que nos escuch\u00e1is: Jes\u00fas, el Cristo, est\u00e1 con vosotros\u00bb.<\/p>\n<p><i>Os hablamos con el coraz\u00f3n. Os diremos una cosa muy sencilla, pero llena de significado. Y es esta: Nosotros tenemos dificultad en hablaros. Sentimos la dificultad en hacernos entender por vosotros. \u00bfO Nosotros quiz\u00e1 no os comprendemos lo suficiente? Es un hecho que el discurso es para Nosotros bastante dif\u00edcil. Nos parece que entre vosotros y Nosotros no hay un lenguaje com\u00fan. Est\u00e1is inmersos en un mundo ajeno al que vivimos nosotros, hombres de Iglesia. \u00a1Vosotros pens\u00e1is y trabaj\u00e1is de una manera muy diferente a la de la Iglesia! Os dec\u00edamos, salud\u00e1ndoos, que somos hermanos y amigos: \u00bfpero es eso realmente cierto? Porque todos nosotros percibimos esta evidencia: el trabajo y la religi\u00f3n, en nuestro mundo moderno, son dos cosas separadas, distantes, a menudo incluso opuestas. Hubo un tiempo en que no era as\u00ed.<\/i><\/p>\n<figure id=\"attachment_151513\" aria-describedby=\"caption-attachment-151513\" style=\"width: 750px\" class=\"wp-caption alignnone\"><img loading=\"lazy\" decoding=\"async\" class=\"size-full wp-image-151513\" src=\"https:\/\/exaudi.org\/wp-content\/uploads\/2025\/12\/cq5dam.thumbnail.cropped.750.422-2-6.jpeg\" alt=\"\" width=\"750\" height=\"421\" srcset=\"https:\/\/exaudi.org\/wp-content\/uploads\/2025\/12\/cq5dam.thumbnail.cropped.750.422-2-6.jpeg 750w, https:\/\/exaudi.org\/wp-content\/uploads\/2025\/12\/cq5dam.thumbnail.cropped.750.422-2-6-300x168.jpeg 300w, https:\/\/exaudi.org\/wp-content\/uploads\/2025\/12\/cq5dam.thumbnail.cropped.750.422-2-6-500x281.jpeg 500w\" sizes=\"auto, (max-width: 750px) 100vw, 750px\" \/><figcaption id=\"caption-attachment-151513\" class=\"wp-caption-text\">El Papa Pablo VI en el centro sider\u00fargico de Taranto<\/figcaption><\/figure>\n<h3><b>Juan Pablo II y los primeros pasos del hombre en el tercer milenio<\/b><\/h3>\n<p>El hist\u00f3rico pasaje de la humanidad entre dos milenios se condensa en una imagen impresa en la memoria colectiva:\u00a0<a href=\"https:\/\/www.vatican.va\/content\/john-paul-ii\/es\/homilies\/1999\/documents\/hf_jp-ii_hom_24121999.html\" rel=\"external\">la apertura de la Puerta Santa el 24 de diciembre de 1999.<\/a>\u00a0Es el d\u00eda en el que el Papa Juan Pablo II cruza simb\u00f3licamente el umbral del tercer milenio. En ese momento, el tiempo resuena con un timbre singular: \u201cno es solo el recuerdo del nacimiento del Redentor, es el inicio solemne del Gran Jubileo\u201d.\u00a0 La humanidad, marcada por heridas profundas como guerras e injusticias, se aferra a una esperanza, a una Persona. Nadie \u2013 afirma Papa\u00a0<i>Wojty\u0142a<\/i>\u00a0\u2013 quede excluido del abrazo del Padre.<\/p>\n<p><i>\u00a1T\u00fa eres Cristo, el Hijo del Dios vivo! En el umbral del tercer milenio, la Iglesia te saluda, Hijo de Dios, que viniste al mundo para vencer a la muerte. Viniste para iluminar la vida humana mediante el Evangelio. La Iglesia te saluda y junto contigo quiere entrar en el tercer milenio. T\u00fa eres nuestra esperanza. S\u00f3lo T\u00fa tienes palabras de vida eterna. \u2026S\u00e9 para nosotros la Puerta que nos introduce en el misterio del Padre. \u00a1Haz que nadie quede excluido de su abrazo de misericordia y de paz!<\/i><\/p>\n<figure id=\"attachment_151517\" aria-describedby=\"caption-attachment-151517\" style=\"width: 750px\" class=\"wp-caption alignnone\"><img loading=\"lazy\" decoding=\"async\" class=\"size-full wp-image-151517\" src=\"https:\/\/exaudi.org\/wp-content\/uploads\/2025\/12\/cq5dam.thumbnail.cropped.750.422-3-4.jpeg\" alt=\"\" width=\"750\" height=\"422\" srcset=\"https:\/\/exaudi.org\/wp-content\/uploads\/2025\/12\/cq5dam.thumbnail.cropped.750.422-3-4.jpeg 750w, https:\/\/exaudi.org\/wp-content\/uploads\/2025\/12\/cq5dam.thumbnail.cropped.750.422-3-4-300x169.jpeg 300w, https:\/\/exaudi.org\/wp-content\/uploads\/2025\/12\/cq5dam.thumbnail.cropped.750.422-3-4-500x281.jpeg 500w\" sizes=\"auto, (max-width: 750px) 100vw, 750px\" \/><figcaption id=\"caption-attachment-151517\" class=\"wp-caption-text\">Santa misa de Nochebuena presidida por el Papa Juan Pablo II y apertura del Gran Jubileo del A\u00f1o 2000, 24 de diciembre de 1999<\/figcaption><\/figure>\n<h3><b>Benedicto XVI, la cuesti\u00f3n de los migrantes y el espacio para Dios<\/b><\/h3>\n<p>Hay una humanidad que busca un futuro mejor, que huye de miseria y persecuciones. Es el pueblo de los migrantes. Despu\u00e9s de un largo y cansado viaje de Nazaret a Bel\u00e9n, Jos\u00e9 y Mar\u00eda ven nacer al Mes\u00edas en un pesebre, porque no hab\u00eda sitio para ellos en otro lugar. \u00bfSi Mar\u00eda y Jos\u00e9 llamaran a nuestra puerta, habr\u00eda lugar para ellos? Esta pregunta, planteada por el Papa Benedicto XVI, durante la Santa Misa el\u00a0<a href=\"https:\/\/www.vatican.va\/content\/benedict-xvi\/es\/homilies\/2012\/documents\/hf_ben-xvi_hom_20121224_christmas.html\" rel=\"external\">24 de diciembre de 2012<\/a>, se convierte en una exhortaci\u00f3n a la oraci\u00f3n \u201cpara que se cree en nuestro interior un espacio\u201d para el Se\u00f1or. \u201cY para que, de este modo, podamos reconocerlo tambi\u00e9n en aquellos a trav\u00e9s de los cuales se dirige a nosotros: en los ni\u00f1os, en los que sufren, en los abandonados, los marginados y los pobres de este mundo\u201d<\/p>\n<p><i>As\u00ed que la gran cuesti\u00f3n moral de lo que sucede entre nosotros a prop\u00f3sito de los pr\u00f3fugos, los refugiados, los emigrantes, alcanza un sentido m\u00e1s fundamental a\u00fan: \u00bfTenemos un puesto para Dios cuando \u00e9l trata de entrar en nosotros? \u00bfTenemos tiempo y espacio para \u00e9l? \u00bfNo es precisamente a Dios mismo al que rechazamos? Y as\u00ed se comienza porque no tenemos tiempo para Dios. Cuanto m\u00e1s r\u00e1pidamente nos movemos, cuanto m\u00e1s eficaces son los medios que nos permiten ahorrar tiempo, menos tiempo nos queda disponible. \u00bfY Dios? Lo que se refiere a \u00e9l, nunca parece urgente. Nuestro tiempo ya est\u00e1 completamente ocupado.<\/i><\/p>\n<figure id=\"attachment_151520\" aria-describedby=\"caption-attachment-151520\" style=\"width: 750px\" class=\"wp-caption alignnone\"><img loading=\"lazy\" decoding=\"async\" class=\"size-full wp-image-151520\" src=\"https:\/\/exaudi.org\/wp-content\/uploads\/2025\/12\/cq5dam.thumbnail.cropped.750.422-4-4.jpeg\" alt=\"\" width=\"750\" height=\"422\" srcset=\"https:\/\/exaudi.org\/wp-content\/uploads\/2025\/12\/cq5dam.thumbnail.cropped.750.422-4-4.jpeg 750w, https:\/\/exaudi.org\/wp-content\/uploads\/2025\/12\/cq5dam.thumbnail.cropped.750.422-4-4-300x169.jpeg 300w, https:\/\/exaudi.org\/wp-content\/uploads\/2025\/12\/cq5dam.thumbnail.cropped.750.422-4-4-500x281.jpeg 500w\" sizes=\"auto, (max-width: 750px) 100vw, 750px\" \/><figcaption id=\"caption-attachment-151520\" class=\"wp-caption-text\">Santa misa de Nochebuena presidida por el Papa Benedicto XVI, 24 de diciembre de 2012<\/figcaption><\/figure>\n<h3><b>Francisco y llevar la esperanza donde se ha perdido<\/b><\/h3>\n<p>Jes\u00fas nace por nosotros, por cada hombre y mujer. Nace, tambi\u00e9n y sobre todo, entre las miserias y las periferias existenciales. La\u00a0<a href=\"https:\/\/www.vatican.va\/content\/francesco\/es\/homilies\/2024\/documents\/20241224-omelia-natale.html\" rel=\"external\">Navidad del 2024<\/a>\u00a0est\u00e1 marcada por la apertura de la Puerta Santa y el inicio del A\u00f1o Santo de la Esperanza. En la Misa, en la solemnidad de la Natividad del Se\u00f1or, el Papa Francisco exhorta a los cristianos a comprometerse para transformar el mundo.<\/p>\n<p><i>Todos nosotros tenemos el don y la tarea de llevar esperanza all\u00ed donde se ha perdido; all\u00ed donde la vida est\u00e1 herida, en las expectativas traicionadas, en los sue\u00f1os rotos, en los fracasos que destrozan el coraz\u00f3n; en el cansancio de quien no puede m\u00e1s, en la soledad amarga de quien se siente derrotado, en el sufrimiento que devasta el alma; en los d\u00edas largos y vac\u00edos de los presos, en las habitaciones estrechas y fr\u00edas de los pobres, en los lugares profanados por la guerra y la violencia. Llevar esperanza all\u00ed, sembrar esperanza all\u00ed.<\/i><\/p>\n<figure id=\"attachment_151524\" aria-describedby=\"caption-attachment-151524\" style=\"width: 750px\" class=\"wp-caption alignnone\"><img loading=\"lazy\" decoding=\"async\" class=\"size-full wp-image-151524\" src=\"https:\/\/exaudi.org\/wp-content\/uploads\/2025\/12\/cq5dam.thumbnail.cropped.750.422-5-2.jpeg\" alt=\"\" width=\"750\" height=\"422\" srcset=\"https:\/\/exaudi.org\/wp-content\/uploads\/2025\/12\/cq5dam.thumbnail.cropped.750.422-5-2.jpeg 750w, https:\/\/exaudi.org\/wp-content\/uploads\/2025\/12\/cq5dam.thumbnail.cropped.750.422-5-2-300x169.jpeg 300w, https:\/\/exaudi.org\/wp-content\/uploads\/2025\/12\/cq5dam.thumbnail.cropped.750.422-5-2-500x281.jpeg 500w\" sizes=\"auto, (max-width: 750px) 100vw, 750px\" \/><figcaption id=\"caption-attachment-151524\" class=\"wp-caption-text\">Santa misa de Nochebuena presidida por el Papa Francisco en la Bas\u00edlica de San Pedro, 24 de diciembre de 2024 (VATICAN MEDIA Divisione Foto)<\/figcaption><\/figure>\n<h3><b>Le\u00f3n XIV y la Navidad, una fiesta de luz<\/b><\/h3>\n<p>Se acerca el tiempo en el que se celebra el nacimiento de Jes\u00fas. El 24 de diciembre Le\u00f3n XIV presidir\u00e1 la Misa en la Bas\u00edlica de San Pedro. En la solemnidad de la Natividad del Se\u00f1or son muchas y a\u00fan lacerantes las heridas que sacuden la humanidad. En el 2020, en un periodo marcado por la pandemia, el entonces obispo de Chiclayo y administrador apost\u00f3lico de la di\u00f3cesis de Callao en Per\u00fa, monse\u00f1or Robert Francis Prevost, env\u00eda un mensaje para la Navidad. Su saludo es publicado en el canal YouTube de la di\u00f3cesis de Callao. Cuando todav\u00eda no se ve una conclusi\u00f3n de este tiempo marcado por la enfermedad y muchas muertes \u2013 subraya el entonces obispo de Chiclayo \u2013 llega la fiesta de la esperanza. La Navidad es siempre \u201cuna fiesta de luz en la tierra\u201d, tambi\u00e9n en los momentos que parecen dominados por la oscuridad.<\/p>\n<p><em><strong>Fuente: <a href=\"https:\/\/www.vaticannews.va\/es\/papa\/news\/2025-12\/la-navidad-la-humanidad-atormentada-y-la-voz-de-los-papas.html\" target=\"_blank\" rel=\"noopener\">Amedeo Lomonaco<\/a><\/strong><\/em><\/p>\n","protected":false},"excerpt":{"rendered":"<p>Para la solemnidad de la Natividad del Se\u00f1or, hacemos un recorrido por algunas reflexiones de los Pont\u00edfices sobre esta fiesta que renueva la esperanza tambi\u00e9n entre heridas y angustias profundas<\/p>\n","protected":false},"author":15,"featured_media":151529,"comment_status":"closed","ping_status":"closed","sticky":false,"template":"","format":"standard","meta":{"_acf_changed":false,"_crdt_document":"","inline_featured_image":false,"footnotes":""},"categories":[72],"tags":[34920,58067,174,4700,436,58111],"class_list":["post-151504","post","type-post","status-publish","format-standard","has-post-thumbnail","hentry","category-analisis","tag-featured-es-14","tag-leon-xiv","tag-mensaje","tag-navidad","tag-papa-es","tag-papa-leon-xiv"],"acf":[],"yoast_head":"<!-- This site is optimized with the Yoast SEO plugin v27.4 - https:\/\/yoast.com\/product\/yoast-seo-wordpress\/ -->\n<title>La Navidad, &quot;la humanidad atormentada\u201d y la voz consoladora de los Papas &#8211; Exaudi<\/title>\n<meta name=\"robots\" content=\"index, follow, max-snippet:-1, max-image-preview:large, max-video-preview:-1\" \/>\n<link rel=\"canonical\" href=\"https:\/\/exaudi.org\/es\/la-navidad-la-humanidad-atormentada-y-la-voz-consoladora-de-los-papas\/\" \/>\n<meta property=\"og:locale\" content=\"es_ES\" \/>\n<meta property=\"og:type\" content=\"article\" \/>\n<meta property=\"og:title\" content=\"La Navidad, &quot;la humanidad atormentada\u201d y la voz consoladora de los Papas &#8211; Exaudi\" \/>\n<meta property=\"og:description\" content=\"Para la solemnidad de la Natividad del Se\u00f1or, hacemos un recorrido por algunas reflexiones de los Pont\u00edfices sobre esta fiesta que renueva la esperanza tambi\u00e9n entre heridas y angustias profundas\" \/>\n<meta property=\"og:url\" content=\"https:\/\/exaudi.org\/es\/la-navidad-la-humanidad-atormentada-y-la-voz-consoladora-de-los-papas\/\" \/>\n<meta property=\"og:site_name\" content=\"Exaudi\" \/>\n<meta property=\"article:publisher\" content=\"https:\/\/www.facebook.com\/ExaudiNews\" \/>\n<meta property=\"article:author\" content=\"https:\/\/www.facebook.com\/ExaudiNoticias\/\" \/>\n<meta property=\"article:published_time\" content=\"2025-12-23T15:27:24+00:00\" \/>\n<meta property=\"og:image\" content=\"https:\/\/exaudi.org\/wp-content\/uploads\/2025\/12\/cq5dam.thumbnail.cropped.750.422-6-3.jpeg\" \/>\n\t<meta property=\"og:image:width\" content=\"750\" \/>\n\t<meta property=\"og:image:height\" content=\"422\" \/>\n\t<meta property=\"og:image:type\" content=\"image\/jpeg\" \/>\n<meta name=\"author\" content=\"Exaudi Redacci\u00f3n\" \/>\n<meta name=\"twitter:card\" content=\"summary_large_image\" \/>\n<meta name=\"twitter:creator\" content=\"@Exaudi_noticias\" \/>\n<meta name=\"twitter:site\" content=\"@Exaudi_News\" \/>\n<meta name=\"twitter:label1\" content=\"Escrito por\" \/>\n\t<meta name=\"twitter:data1\" content=\"Exaudi Redacci\u00f3n\" \/>\n\t<meta name=\"twitter:label2\" content=\"Tiempo de lectura\" \/>\n\t<meta name=\"twitter:data2\" content=\"8 minutos\" \/>\n<script type=\"application\/ld+json\" class=\"yoast-schema-graph\">{\"@context\":\"https:\\\/\\\/schema.org\",\"@graph\":[{\"@type\":\"Article\",\"@id\":\"https:\\\/\\\/exaudi.org\\\/es\\\/la-navidad-la-humanidad-atormentada-y-la-voz-consoladora-de-los-papas\\\/#article\",\"isPartOf\":{\"@id\":\"https:\\\/\\\/exaudi.org\\\/es\\\/la-navidad-la-humanidad-atormentada-y-la-voz-consoladora-de-los-papas\\\/\"},\"author\":{\"name\":\"Exaudi Redacci\u00f3n\",\"@id\":\"https:\\\/\\\/exaudi.org\\\/#\\\/schema\\\/person\\\/f5fc8f063065e38742da7afe15f25df7\"},\"headline\":\"La Navidad, \u00abla humanidad atormentada\u201d y la voz consoladora de los Papas\",\"datePublished\":\"2025-12-23T15:27:24+00:00\",\"mainEntityOfPage\":{\"@id\":\"https:\\\/\\\/exaudi.org\\\/es\\\/la-navidad-la-humanidad-atormentada-y-la-voz-consoladora-de-los-papas\\\/\"},\"wordCount\":1642,\"image\":{\"@id\":\"https:\\\/\\\/exaudi.org\\\/es\\\/la-navidad-la-humanidad-atormentada-y-la-voz-consoladora-de-los-papas\\\/#primaryimage\"},\"thumbnailUrl\":\"https:\\\/\\\/exaudi.org\\\/wp-content\\\/uploads\\\/2025\\\/12\\\/cq5dam.thumbnail.cropped.750.422-6-3.jpeg\",\"keywords\":[\"Featured\",\"Le\u00f3n XIV\",\"mensaje\",\"navidad\",\"Papa\",\"papa le\u00f3n xiv\"],\"articleSection\":[\"An\u00e1lisis\"],\"inLanguage\":\"es\"},{\"@type\":\"WebPage\",\"@id\":\"https:\\\/\\\/exaudi.org\\\/es\\\/la-navidad-la-humanidad-atormentada-y-la-voz-consoladora-de-los-papas\\\/\",\"url\":\"https:\\\/\\\/exaudi.org\\\/es\\\/la-navidad-la-humanidad-atormentada-y-la-voz-consoladora-de-los-papas\\\/\",\"name\":\"La Navidad, \\\"la humanidad atormentada\u201d y la voz consoladora de los Papas &#8211; Exaudi\",\"isPartOf\":{\"@id\":\"https:\\\/\\\/exaudi.org\\\/#website\"},\"primaryImageOfPage\":{\"@id\":\"https:\\\/\\\/exaudi.org\\\/es\\\/la-navidad-la-humanidad-atormentada-y-la-voz-consoladora-de-los-papas\\\/#primaryimage\"},\"image\":{\"@id\":\"https:\\\/\\\/exaudi.org\\\/es\\\/la-navidad-la-humanidad-atormentada-y-la-voz-consoladora-de-los-papas\\\/#primaryimage\"},\"thumbnailUrl\":\"https:\\\/\\\/exaudi.org\\\/wp-content\\\/uploads\\\/2025\\\/12\\\/cq5dam.thumbnail.cropped.750.422-6-3.jpeg\",\"datePublished\":\"2025-12-23T15:27:24+00:00\",\"author\":{\"@id\":\"https:\\\/\\\/exaudi.org\\\/#\\\/schema\\\/person\\\/f5fc8f063065e38742da7afe15f25df7\"},\"breadcrumb\":{\"@id\":\"https:\\\/\\\/exaudi.org\\\/es\\\/la-navidad-la-humanidad-atormentada-y-la-voz-consoladora-de-los-papas\\\/#breadcrumb\"},\"inLanguage\":\"es\",\"potentialAction\":[{\"@type\":\"ReadAction\",\"target\":[\"https:\\\/\\\/exaudi.org\\\/es\\\/la-navidad-la-humanidad-atormentada-y-la-voz-consoladora-de-los-papas\\\/\"]}]},{\"@type\":\"ImageObject\",\"inLanguage\":\"es\",\"@id\":\"https:\\\/\\\/exaudi.org\\\/es\\\/la-navidad-la-humanidad-atormentada-y-la-voz-consoladora-de-los-papas\\\/#primaryimage\",\"url\":\"https:\\\/\\\/exaudi.org\\\/wp-content\\\/uploads\\\/2025\\\/12\\\/cq5dam.thumbnail.cropped.750.422-6-3.jpeg\",\"contentUrl\":\"https:\\\/\\\/exaudi.org\\\/wp-content\\\/uploads\\\/2025\\\/12\\\/cq5dam.thumbnail.cropped.750.422-6-3.jpeg\",\"width\":750,\"height\":422},{\"@type\":\"BreadcrumbList\",\"@id\":\"https:\\\/\\\/exaudi.org\\\/es\\\/la-navidad-la-humanidad-atormentada-y-la-voz-consoladora-de-los-papas\\\/#breadcrumb\",\"itemListElement\":[{\"@type\":\"ListItem\",\"position\":1,\"name\":\"Portada\",\"item\":\"https:\\\/\\\/exaudi.org\\\/es\\\/\"},{\"@type\":\"ListItem\",\"position\":2,\"name\":\"La Navidad, \u00abla humanidad atormentada\u201d y la voz consoladora de los Papas\"}]},{\"@type\":\"WebSite\",\"@id\":\"https:\\\/\\\/exaudi.org\\\/#website\",\"url\":\"https:\\\/\\\/exaudi.org\\\/\",\"name\":\"Exaudi\",\"description\":\"News\",\"potentialAction\":[{\"@type\":\"SearchAction\",\"target\":{\"@type\":\"EntryPoint\",\"urlTemplate\":\"https:\\\/\\\/exaudi.org\\\/?s={search_term_string}\"},\"query-input\":{\"@type\":\"PropertyValueSpecification\",\"valueRequired\":true,\"valueName\":\"search_term_string\"}}],\"inLanguage\":\"es\"},{\"@type\":\"Person\",\"@id\":\"https:\\\/\\\/exaudi.org\\\/#\\\/schema\\\/person\\\/f5fc8f063065e38742da7afe15f25df7\",\"name\":\"Exaudi Redacci\u00f3n\",\"image\":{\"@type\":\"ImageObject\",\"inLanguage\":\"es\",\"@id\":\"https:\\\/\\\/secure.gravatar.com\\\/avatar\\\/fe0f6a059fb68d9b3e11bc5850dd4899b1c7492091a3cb6dd9b01b56ad828be2?s=96&d=mm&r=g\",\"url\":\"https:\\\/\\\/secure.gravatar.com\\\/avatar\\\/fe0f6a059fb68d9b3e11bc5850dd4899b1c7492091a3cb6dd9b01b56ad828be2?s=96&d=mm&r=g\",\"contentUrl\":\"https:\\\/\\\/secure.gravatar.com\\\/avatar\\\/fe0f6a059fb68d9b3e11bc5850dd4899b1c7492091a3cb6dd9b01b56ad828be2?s=96&d=mm&r=g\",\"caption\":\"Exaudi Redacci\u00f3n\"},\"description\":\"\u00bfQu\u00e9 es Exaudi News? Exaudi News es un medio de comunicaci\u00f3n cat\u00f3lico internacional que informa, forma y transforma, diariamente en espa\u00f1ol, ingl\u00e9s e italiano. A trav\u00e9s de noticias, art\u00edculos de an\u00e1lisis y transmisiones en directo de los eventos del Papa, Exaudi busca fortalecer la unidad de los cristianos y contribuir a la evangelizaci\u00f3n del mundo, siempre guiados por la doctrina social de la Iglesia. Trabajamos para acercar la verdad y los valores cristianos a cada rinc\u00f3n del planeta. \u00a1Ay\u00fadanos a transformar el mundo con Exaudi! En Exaudi creemos que la evangelizaci\u00f3n y la informaci\u00f3n de calidad pueden cambiar vidas. Para continuar con nuestra misi\u00f3n y expandir nuestro alcance, necesitamos tu ayuda. Adem\u00e1s, buscamos personas comprometidas que deseen unirse a nuestro equipo. Con tu apoyo, lograremos llegar a m\u00e1s personas, difundir el mensaje de Cristo y reforzar la unidad de los cristianos. \u00bfTe unes a nuestra misi\u00f3n? Para m\u00e1s informaci\u00f3n sobre c\u00f3mo colaborar, visita Exaudi.org\\\/es o cont\u00e1ctanos directamente: info@exaudi.org Exaudi: Informa, forma y transforma.\",\"sameAs\":[\"https:\\\/\\\/www.facebook.com\\\/ExaudiNoticias\\\/\",\"https:\\\/\\\/www.instagram.com\\\/exaudi_noticias\\\/\",\"https:\\\/\\\/x.com\\\/Exaudi_noticias\",\"https:\\\/\\\/www.youtube.com\\\/@exaudicatholicnews\"],\"url\":\"https:\\\/\\\/exaudi.org\\\/es\\\/author\\\/redaccionexaudi\\\/\"}]}<\/script>\n<!-- \/ Yoast SEO plugin. -->","yoast_head_json":{"title":"La Navidad, \"la humanidad atormentada\u201d y la voz consoladora de los Papas &#8211; Exaudi","robots":{"index":"index","follow":"follow","max-snippet":"max-snippet:-1","max-image-preview":"max-image-preview:large","max-video-preview":"max-video-preview:-1"},"canonical":"https:\/\/exaudi.org\/es\/la-navidad-la-humanidad-atormentada-y-la-voz-consoladora-de-los-papas\/","og_locale":"es_ES","og_type":"article","og_title":"La Navidad, \"la humanidad atormentada\u201d y la voz consoladora de los Papas &#8211; Exaudi","og_description":"Para la solemnidad de la Natividad del Se\u00f1or, hacemos un recorrido por algunas reflexiones de los Pont\u00edfices sobre esta fiesta que renueva la esperanza tambi\u00e9n entre heridas y angustias profundas","og_url":"https:\/\/exaudi.org\/es\/la-navidad-la-humanidad-atormentada-y-la-voz-consoladora-de-los-papas\/","og_site_name":"Exaudi","article_publisher":"https:\/\/www.facebook.com\/ExaudiNews","article_author":"https:\/\/www.facebook.com\/ExaudiNoticias\/","article_published_time":"2025-12-23T15:27:24+00:00","og_image":[{"width":750,"height":422,"url":"https:\/\/exaudi.org\/wp-content\/uploads\/2025\/12\/cq5dam.thumbnail.cropped.750.422-6-3.jpeg","type":"image\/jpeg"}],"author":"Exaudi Redacci\u00f3n","twitter_card":"summary_large_image","twitter_creator":"@Exaudi_noticias","twitter_site":"@Exaudi_News","twitter_misc":{"Escrito por":"Exaudi Redacci\u00f3n","Tiempo de lectura":"8 minutos"},"schema":{"@context":"https:\/\/schema.org","@graph":[{"@type":"Article","@id":"https:\/\/exaudi.org\/es\/la-navidad-la-humanidad-atormentada-y-la-voz-consoladora-de-los-papas\/#article","isPartOf":{"@id":"https:\/\/exaudi.org\/es\/la-navidad-la-humanidad-atormentada-y-la-voz-consoladora-de-los-papas\/"},"author":{"name":"Exaudi Redacci\u00f3n","@id":"https:\/\/exaudi.org\/#\/schema\/person\/f5fc8f063065e38742da7afe15f25df7"},"headline":"La Navidad, \u00abla humanidad atormentada\u201d y la voz consoladora de los Papas","datePublished":"2025-12-23T15:27:24+00:00","mainEntityOfPage":{"@id":"https:\/\/exaudi.org\/es\/la-navidad-la-humanidad-atormentada-y-la-voz-consoladora-de-los-papas\/"},"wordCount":1642,"image":{"@id":"https:\/\/exaudi.org\/es\/la-navidad-la-humanidad-atormentada-y-la-voz-consoladora-de-los-papas\/#primaryimage"},"thumbnailUrl":"https:\/\/exaudi.org\/wp-content\/uploads\/2025\/12\/cq5dam.thumbnail.cropped.750.422-6-3.jpeg","keywords":["Featured","Le\u00f3n XIV","mensaje","navidad","Papa","papa le\u00f3n xiv"],"articleSection":["An\u00e1lisis"],"inLanguage":"es"},{"@type":"WebPage","@id":"https:\/\/exaudi.org\/es\/la-navidad-la-humanidad-atormentada-y-la-voz-consoladora-de-los-papas\/","url":"https:\/\/exaudi.org\/es\/la-navidad-la-humanidad-atormentada-y-la-voz-consoladora-de-los-papas\/","name":"La Navidad, \"la humanidad atormentada\u201d y la voz consoladora de los Papas &#8211; Exaudi","isPartOf":{"@id":"https:\/\/exaudi.org\/#website"},"primaryImageOfPage":{"@id":"https:\/\/exaudi.org\/es\/la-navidad-la-humanidad-atormentada-y-la-voz-consoladora-de-los-papas\/#primaryimage"},"image":{"@id":"https:\/\/exaudi.org\/es\/la-navidad-la-humanidad-atormentada-y-la-voz-consoladora-de-los-papas\/#primaryimage"},"thumbnailUrl":"https:\/\/exaudi.org\/wp-content\/uploads\/2025\/12\/cq5dam.thumbnail.cropped.750.422-6-3.jpeg","datePublished":"2025-12-23T15:27:24+00:00","author":{"@id":"https:\/\/exaudi.org\/#\/schema\/person\/f5fc8f063065e38742da7afe15f25df7"},"breadcrumb":{"@id":"https:\/\/exaudi.org\/es\/la-navidad-la-humanidad-atormentada-y-la-voz-consoladora-de-los-papas\/#breadcrumb"},"inLanguage":"es","potentialAction":[{"@type":"ReadAction","target":["https:\/\/exaudi.org\/es\/la-navidad-la-humanidad-atormentada-y-la-voz-consoladora-de-los-papas\/"]}]},{"@type":"ImageObject","inLanguage":"es","@id":"https:\/\/exaudi.org\/es\/la-navidad-la-humanidad-atormentada-y-la-voz-consoladora-de-los-papas\/#primaryimage","url":"https:\/\/exaudi.org\/wp-content\/uploads\/2025\/12\/cq5dam.thumbnail.cropped.750.422-6-3.jpeg","contentUrl":"https:\/\/exaudi.org\/wp-content\/uploads\/2025\/12\/cq5dam.thumbnail.cropped.750.422-6-3.jpeg","width":750,"height":422},{"@type":"BreadcrumbList","@id":"https:\/\/exaudi.org\/es\/la-navidad-la-humanidad-atormentada-y-la-voz-consoladora-de-los-papas\/#breadcrumb","itemListElement":[{"@type":"ListItem","position":1,"name":"Portada","item":"https:\/\/exaudi.org\/es\/"},{"@type":"ListItem","position":2,"name":"La Navidad, \u00abla humanidad atormentada\u201d y la voz consoladora de los Papas"}]},{"@type":"WebSite","@id":"https:\/\/exaudi.org\/#website","url":"https:\/\/exaudi.org\/","name":"Exaudi","description":"News","potentialAction":[{"@type":"SearchAction","target":{"@type":"EntryPoint","urlTemplate":"https:\/\/exaudi.org\/?s={search_term_string}"},"query-input":{"@type":"PropertyValueSpecification","valueRequired":true,"valueName":"search_term_string"}}],"inLanguage":"es"},{"@type":"Person","@id":"https:\/\/exaudi.org\/#\/schema\/person\/f5fc8f063065e38742da7afe15f25df7","name":"Exaudi Redacci\u00f3n","image":{"@type":"ImageObject","inLanguage":"es","@id":"https:\/\/secure.gravatar.com\/avatar\/fe0f6a059fb68d9b3e11bc5850dd4899b1c7492091a3cb6dd9b01b56ad828be2?s=96&d=mm&r=g","url":"https:\/\/secure.gravatar.com\/avatar\/fe0f6a059fb68d9b3e11bc5850dd4899b1c7492091a3cb6dd9b01b56ad828be2?s=96&d=mm&r=g","contentUrl":"https:\/\/secure.gravatar.com\/avatar\/fe0f6a059fb68d9b3e11bc5850dd4899b1c7492091a3cb6dd9b01b56ad828be2?s=96&d=mm&r=g","caption":"Exaudi Redacci\u00f3n"},"description":"\u00bfQu\u00e9 es Exaudi News? Exaudi News es un medio de comunicaci\u00f3n cat\u00f3lico internacional que informa, forma y transforma, diariamente en espa\u00f1ol, ingl\u00e9s e italiano. A trav\u00e9s de noticias, art\u00edculos de an\u00e1lisis y transmisiones en directo de los eventos del Papa, Exaudi busca fortalecer la unidad de los cristianos y contribuir a la evangelizaci\u00f3n del mundo, siempre guiados por la doctrina social de la Iglesia. Trabajamos para acercar la verdad y los valores cristianos a cada rinc\u00f3n del planeta. \u00a1Ay\u00fadanos a transformar el mundo con Exaudi! En Exaudi creemos que la evangelizaci\u00f3n y la informaci\u00f3n de calidad pueden cambiar vidas. Para continuar con nuestra misi\u00f3n y expandir nuestro alcance, necesitamos tu ayuda. Adem\u00e1s, buscamos personas comprometidas que deseen unirse a nuestro equipo. Con tu apoyo, lograremos llegar a m\u00e1s personas, difundir el mensaje de Cristo y reforzar la unidad de los cristianos. \u00bfTe unes a nuestra misi\u00f3n? Para m\u00e1s informaci\u00f3n sobre c\u00f3mo colaborar, visita Exaudi.org\/es o cont\u00e1ctanos directamente: info@exaudi.org Exaudi: Informa, forma y transforma.","sameAs":["https:\/\/www.facebook.com\/ExaudiNoticias\/","https:\/\/www.instagram.com\/exaudi_noticias\/","https:\/\/x.com\/Exaudi_noticias","https:\/\/www.youtube.com\/@exaudicatholicnews"],"url":"https:\/\/exaudi.org\/es\/author\/redaccionexaudi\/"}]}},"jetpack_featured_media_url":"https:\/\/exaudi.org\/wp-content\/uploads\/2025\/12\/cq5dam.thumbnail.cropped.750.422-6-3.jpeg","jetpack_shortlink":"https:\/\/wp.me\/pgKjF2-DpC","_links":{"self":[{"href":"https:\/\/exaudi.org\/es\/wp-json\/wp\/v2\/posts\/151504","targetHints":{"allow":["GET"]}}],"collection":[{"href":"https:\/\/exaudi.org\/es\/wp-json\/wp\/v2\/posts"}],"about":[{"href":"https:\/\/exaudi.org\/es\/wp-json\/wp\/v2\/types\/post"}],"author":[{"embeddable":true,"href":"https:\/\/exaudi.org\/es\/wp-json\/wp\/v2\/users\/15"}],"replies":[{"embeddable":true,"href":"https:\/\/exaudi.org\/es\/wp-json\/wp\/v2\/comments?post=151504"}],"version-history":[{"count":7,"href":"https:\/\/exaudi.org\/es\/wp-json\/wp\/v2\/posts\/151504\/revisions"}],"predecessor-version":[{"id":151532,"href":"https:\/\/exaudi.org\/es\/wp-json\/wp\/v2\/posts\/151504\/revisions\/151532"}],"wp:featuredmedia":[{"embeddable":true,"href":"https:\/\/exaudi.org\/es\/wp-json\/wp\/v2\/media\/151529"}],"wp:attachment":[{"href":"https:\/\/exaudi.org\/es\/wp-json\/wp\/v2\/media?parent=151504"}],"wp:term":[{"taxonomy":"category","embeddable":true,"href":"https:\/\/exaudi.org\/es\/wp-json\/wp\/v2\/categories?post=151504"},{"taxonomy":"post_tag","embeddable":true,"href":"https:\/\/exaudi.org\/es\/wp-json\/wp\/v2\/tags?post=151504"}],"curies":[{"name":"wp","href":"https:\/\/api.w.org\/{rel}","templated":true}]}}