{"id":151435,"date":"2025-12-22T18:14:14","date_gmt":"2025-12-22T17:14:14","guid":{"rendered":"https:\/\/exaudi.org\/?p=151435"},"modified":"2025-12-22T18:22:31","modified_gmt":"2025-12-22T17:22:31","slug":"leon-xiv-cada-uno-participa-tal-como-es-permaneciendo-en-su-lugar-y-haciendo-lo-que-debe-hacer","status":"publish","type":"post","link":"https:\/\/exaudi.org\/es\/leon-xiv-cada-uno-participa-tal-como-es-permaneciendo-en-su-lugar-y-haciendo-lo-que-debe-hacer\/","title":{"rendered":"Le\u00f3n XIV: \u00abCada uno participa tal como es, permaneciendo en su lugar y haciendo lo que debe hacer\u00bb"},"content":{"rendered":"<p dir=\"auto\">En un ambiente familiar y festivo, el Papa Le\u00f3n XIV recibi\u00f3 este lunes en el Aula Pablo VI a los empleados de la Curia Romana, de la Gobernaci\u00f3n del Estado de la Ciudad del Vaticano y del Vicariato de Roma, junto a muchos de sus familiares, para intercambiar saludos navide\u00f1os. Se trata del primer encuentro de este tipo desde su elecci\u00f3n el pasado 8 de mayo, y el Pont\u00edfice aprovech\u00f3 la ocasi\u00f3n para agradecer el servicio diario de los presentes y reflexionar sobre el sentido profundo del trabajo a la luz del misterio de la Navidad.<\/p>\n<p dir=\"auto\">Ante un bel\u00e9n donado por Costa Rica que presid\u00eda la escena, Le\u00f3n XIV evoc\u00f3 la tradici\u00f3n popular de incluir en los nacimientos figuras de oficios cotidianos \u2014el herrero, el posadero, la lavandera o el afilador\u2014 para recordar que todas las actividades humanas encuentran su pleno significado en el designio de Dios, centrado en Jesucristo. \u201cEs como si el Ni\u00f1o Jes\u00fas, desde el pesebre, bendijera todo y a todos. Su presencia mansa y humilde difunde por todas partes la ternura de Dios\u201d, expres\u00f3 el Papa.<\/p>\n<p dir=\"auto\">El Santo Padre subray\u00f3 que, aunque los personajes del bel\u00e9n parecen ajenos al acontecimiento central, en realidad participan plenamente al realizar sus tareas con dedicaci\u00f3n. Aplic\u00f3 esta imagen a la vida laboral: \u201cMe gusta pensar que tambi\u00e9n puede ser as\u00ed para nosotros, en nuestras jornadas laborales: cada uno realiza su tarea y alabamos a Dios precisamente haci\u00e9ndola bien, con dedicaci\u00f3n\u201d. Destac\u00f3 especialmente a los laicos, invit\u00e1ndolos a santificar su trabajo y su amor familiar como una forma de dar gloria al Se\u00f1or.<\/p>\n<p dir=\"auto\"><img loading=\"lazy\" decoding=\"async\" class=\"size-full wp-image-151439 alignnone\" src=\"https:\/\/exaudi.org\/wp-content\/uploads\/2025\/12\/cq5dam.thumbnail.cropped.750.422-18.jpeg\" alt=\"\" width=\"750\" height=\"422\" srcset=\"https:\/\/exaudi.org\/wp-content\/uploads\/2025\/12\/cq5dam.thumbnail.cropped.750.422-18.jpeg 750w, https:\/\/exaudi.org\/wp-content\/uploads\/2025\/12\/cq5dam.thumbnail.cropped.750.422-18-300x169.jpeg 300w, https:\/\/exaudi.org\/wp-content\/uploads\/2025\/12\/cq5dam.thumbnail.cropped.750.422-18-500x281.jpeg 500w\" sizes=\"auto, (max-width: 750px) 100vw, 750px\" \/><\/p>\n<p dir=\"auto\">Le\u00f3n XIV, quien ha enfatizado desde su elecci\u00f3n la continuidad con las reformas de Francisco y la b\u00fasqueda de unidad en la Iglesia, llam\u00f3 a aprender de la Navidad \u201cel estilo de la sencillez y de la humildad\u201d. \u201cHagamos, todos juntos, que este sea cada vez m\u00e1s el estilo de la Iglesia, en todas sus expresiones\u201d, afirm\u00f3. Pidi\u00f3 tambi\u00e9n que los presentes llevaran su saludo a los seres queridos, especialmente a los mayores y enfermos, a quienes asegur\u00f3 que el Papa reza por ellos.<\/p>\n<p dir=\"auto\">El discurso, pronunciado en un tono c\u00e1lido y cercano, culmin\u00f3 con un deseo de \u201cuna santa Navidad, en la alegr\u00eda y en la serenidad que Jes\u00fas nos dona\u201d. Este encuentro marca el cierre de las actividades navide\u00f1as en el Vaticano antes de las celebraciones lit\u00fargicas de la Nochebuena y Navidad, en un a\u00f1o jubilar que concluir\u00e1 en enero de 2026.<\/p>\n<p dir=\"auto\"><strong>Texto completo:<\/strong><\/p>\n<div class=\"abstract text parbase vaticanrichtext\">\n<p style=\"text-align: center;\">FELICITACIONES A LOS EMPLEADOS DE LA CURIA ROMANA,<br \/>\nDE LA GOBERNACI\u00d3N DEL ESTADO CIUDAD DEL VATICANO Y DEL VICARIATO DE ROMA<\/p>\n<p style=\"text-align: center;\"><b><i><span class=\"title-1-color\">DISCURSO DEL SANTO PADRE LE\u00d3N XIV<\/span><\/i><\/b><\/p>\n<p style=\"text-align: center;\"><i><span class=\"color-text\">Aula Pablo VI<br \/>\nLunes, 22 de diciembre de 2025<\/span><\/i><\/p>\n<p>____________________________________<\/p>\n<\/div>\n<div class=\"text parbase vaticanrichtext\">\n<p>En el nombre del Padre, del Hijo y del Esp\u00edritu Santo.<\/p>\n<p>\u00a1La paz est\u00e9 con ustedes!<\/p>\n<p><i>Queridos hermanos y hermanas<\/i>,<\/p>\n<p>gracias por su c\u00e1lido saludo y, sobre todo, gracias por haber acudido a esta cita navide\u00f1a. Como saben, es la primera para m\u00ed, y es la primera vez que me encuentro con todos ustedes juntos, incluso con muchos de sus familiares, \u00a1y esto me alegra mucho!<\/p>\n<p>Hoy no tenemos que hablar de trabajo, pero quiero aprovechar esta ocasi\u00f3n para dar las gracias a cada uno de ustedes por el trabajo que realizan. Estoy aprendiendo a conocer el Vaticano como un gran mosaico de oficinas y servicios, y poco a poco, con la ayuda de Dios, creo que tambi\u00e9n podr\u00e9 encontrarme con ustedes visitando los distintos lugares de trabajo.<\/p>\n<p>Pero hoy estoy contento con este momento familiar, ya casi en v\u00edsperas de Navidad. Lo vivimos ante\u00a0<a href=\"https:\/\/www.vaticanstate.va\/es\/novedades\/2798-comunicado-de-prensa-de-la-gobernacion-del-estado-de-la-ciudad-del-vaticano-navidad-2025.html\">el bel\u00e9n, que de hecho est\u00e1 presente tambi\u00e9n aqu\u00ed, en esta escena de la Natividad donada por Costa Rica<\/a>. En el bel\u00e9n, la imaginaci\u00f3n popular ha insertado a menudo muchas figuras tomadas de la vida cotidiana, que pueblan el espacio alrededor de la gruta. As\u00ed, adem\u00e1s de los inevitables pastores, protagonistas del acontecimiento seg\u00fan el Evangelio, podemos encontrar figuritas que representan diferentes oficios: el herrero, el posadero, la posadera, la lavandera, el afilador, etc\u00e9tera. Por supuesto, se trata de oficios de anta\u00f1o: algunos de ellos han desaparecido o se han transformado por completo. Sin embargo, conservan su significado dentro del bel\u00e9n. Nos recuerdan que todas nuestras actividades, nuestras ocupaciones cotidianas, adquieren su pleno sentido en el designio de Dios, que tiene su centro en Jesucristo.<\/p>\n<p><img loading=\"lazy\" decoding=\"async\" class=\"size-full wp-image-151443 alignnone\" src=\"https:\/\/exaudi.org\/wp-content\/uploads\/2025\/12\/cq5dam.thumbnail.cropped.1000.563-4.jpeg\" alt=\"\" width=\"1000\" height=\"563\" srcset=\"https:\/\/exaudi.org\/wp-content\/uploads\/2025\/12\/cq5dam.thumbnail.cropped.1000.563-4.jpeg 1000w, https:\/\/exaudi.org\/wp-content\/uploads\/2025\/12\/cq5dam.thumbnail.cropped.1000.563-4-300x169.jpeg 300w, https:\/\/exaudi.org\/wp-content\/uploads\/2025\/12\/cq5dam.thumbnail.cropped.1000.563-4-770x434.jpeg 770w, https:\/\/exaudi.org\/wp-content\/uploads\/2025\/12\/cq5dam.thumbnail.cropped.1000.563-4-500x282.jpeg 500w\" sizes=\"auto, (max-width: 1000px) 100vw, 1000px\" \/><\/p>\n<p>Es como si el Ni\u00f1o Jes\u00fas, desde el pesebre en el que yace, bendijera todo y a todos. Su presencia mansa y humilde difunde por todas partes la ternura de Dios. Mientras Mar\u00eda y Jos\u00e9 adoran al Ni\u00f1o y los pastores se acercan llenos de asombro, los dem\u00e1s personajes realizan sus gestos cotidianos. Parecen ajenos al acontecimiento central, pero no es as\u00ed: en realidad, cada uno participa tal como es, permaneciendo en su lugar y haciendo lo que debe hacer, su trabajo. Me gusta pensar que tambi\u00e9n puede ser as\u00ed para nosotros, en nuestras jornadas laborales: cada uno de nosotros realiza su tarea y alabamos a Dios precisamente haci\u00e9ndola bien, con dedicaci\u00f3n. A veces estamos tan ocupados que no pensamos en el Se\u00f1or ni en la Iglesia, pero el hecho mismo de trabajar con dedicaci\u00f3n, tratando de dar lo mejor de nosotros mismos, y tambi\u00e9n \u2014para ustedes, los laicos\u2014 con amor por su familia, por sus hijos, da gloria al Se\u00f1or.<\/p>\n<p>Querid\u00edsimos, aprendamos de la Navidad de Jes\u00fas el estilo de la sencillez, de la humildad, y hagamos, todos juntos, que este sea cada vez m\u00e1s el estilo de la Iglesia, en todas sus expresiones. Les pido que lleven mi saludo tambi\u00e9n a sus seres queridos en susu hogares; especialmente a las personas mayores o enfermas, d\u00edganles que el Papa reza por ellas.<\/p>\n<p>Les deseo una santa Navidad, en la alegr\u00eda y en la serenidad que Jes\u00fas nos dona. \u00a1Gracias!<\/p>\n<\/div>\n","protected":false},"excerpt":{"rendered":"<p>El Papa Le\u00f3n XIV felicita a los empleados vaticanos y llama a santificar el trabajo cotidiano<\/p>\n","protected":false},"author":15,"featured_media":151436,"comment_status":"closed","ping_status":"closed","sticky":false,"template":"","format":"standard","meta":{"_acf_changed":false,"_crdt_document":"","inline_featured_image":false,"footnotes":""},"categories":[68],"tags":[3552,82494,87014,5598,87011,87012,87015,41000,449,87013,3951,40168,87016,58111,46696,59428,58880,272,84429],"class_list":["post-151435","post","type-post","status-publish","format-standard","has-post-thumbnail","hentry","category-leon-xiv","tag-aula-pablo-vi","tag-belen-navideno","tag-bendicion-del-trabajo","tag-curia-romana-es","tag-discurso-navideno","tag-empleados-vaticanos","tag-estilo-de-la-navidad","tag-gobernacion-del-vaticano","tag-iglesia-catolica","tag-jesus-nino","tag-natividad","tag-navidad-2025","tag-oracion-por-enfermos-y-ancianos","tag-papa-leon-xiv","tag-santificar-el-trabajo","tag-sencillez-y-humildad","tag-trending-es-151","tag-vaticano-es","tag-vicariato-de-roma"],"acf":[],"yoast_head":"<!-- This site is optimized with the Yoast SEO plugin v27.5 - https:\/\/yoast.com\/product\/yoast-seo-wordpress\/ -->\n<title>Le\u00f3n XIV: &quot;Cada uno participa tal como es, permaneciendo en su lugar y haciendo lo que debe hacer&quot; &#8211; Exaudi<\/title>\n<meta name=\"robots\" content=\"index, follow, max-snippet:-1, max-image-preview:large, max-video-preview:-1\" \/>\n<link rel=\"canonical\" href=\"https:\/\/exaudi.org\/es\/leon-xiv-cada-uno-participa-tal-como-es-permaneciendo-en-su-lugar-y-haciendo-lo-que-debe-hacer\/\" \/>\n<meta property=\"og:locale\" content=\"es_ES\" \/>\n<meta property=\"og:type\" content=\"article\" \/>\n<meta property=\"og:title\" content=\"Le\u00f3n XIV: &quot;Cada uno participa tal como es, permaneciendo en su lugar y haciendo lo que debe hacer&quot; &#8211; Exaudi\" \/>\n<meta property=\"og:description\" content=\"El Papa Le\u00f3n XIV felicita a los empleados vaticanos y llama a santificar el trabajo cotidiano\" \/>\n<meta property=\"og:url\" content=\"https:\/\/exaudi.org\/es\/leon-xiv-cada-uno-participa-tal-como-es-permaneciendo-en-su-lugar-y-haciendo-lo-que-debe-hacer\/\" \/>\n<meta property=\"og:site_name\" content=\"Exaudi\" \/>\n<meta property=\"article:publisher\" content=\"https:\/\/www.facebook.com\/ExaudiNews\" \/>\n<meta property=\"article:author\" content=\"https:\/\/www.facebook.com\/ExaudiNoticias\/\" \/>\n<meta property=\"article:published_time\" content=\"2025-12-22T17:14:14+00:00\" \/>\n<meta property=\"article:modified_time\" content=\"2025-12-22T17:22:31+00:00\" \/>\n<meta property=\"og:image\" content=\"https:\/\/exaudi.org\/wp-content\/uploads\/2025\/12\/cq5dam.thumbnail.cropped.1000.563-3.jpeg\" \/>\n\t<meta property=\"og:image:width\" content=\"1000\" \/>\n\t<meta property=\"og:image:height\" content=\"563\" \/>\n\t<meta property=\"og:image:type\" content=\"image\/jpeg\" \/>\n<meta name=\"author\" content=\"Exaudi Redacci\u00f3n\" \/>\n<meta name=\"twitter:card\" content=\"summary_large_image\" \/>\n<meta name=\"twitter:creator\" content=\"@Exaudi_noticias\" \/>\n<meta name=\"twitter:site\" content=\"@Exaudi_News\" \/>\n<meta name=\"twitter:label1\" content=\"Escrito por\" \/>\n\t<meta name=\"twitter:data1\" content=\"Exaudi Redacci\u00f3n\" \/>\n\t<meta name=\"twitter:label2\" content=\"Tiempo de lectura\" \/>\n\t<meta name=\"twitter:data2\" content=\"5 minutos\" \/>\n<script type=\"application\/ld+json\" class=\"yoast-schema-graph\">{\"@context\":\"https:\\\/\\\/schema.org\",\"@graph\":[{\"@type\":\"Article\",\"@id\":\"https:\\\/\\\/exaudi.org\\\/es\\\/leon-xiv-cada-uno-participa-tal-como-es-permaneciendo-en-su-lugar-y-haciendo-lo-que-debe-hacer\\\/#article\",\"isPartOf\":{\"@id\":\"https:\\\/\\\/exaudi.org\\\/es\\\/leon-xiv-cada-uno-participa-tal-como-es-permaneciendo-en-su-lugar-y-haciendo-lo-que-debe-hacer\\\/\"},\"author\":{\"name\":\"Exaudi Redacci\u00f3n\",\"@id\":\"https:\\\/\\\/exaudi.org\\\/#\\\/schema\\\/person\\\/f5fc8f063065e38742da7afe15f25df7\"},\"headline\":\"Le\u00f3n XIV: \u00abCada uno participa tal como es, permaneciendo en su lugar y haciendo lo que debe hacer\u00bb\",\"datePublished\":\"2025-12-22T17:14:14+00:00\",\"dateModified\":\"2025-12-22T17:22:31+00:00\",\"mainEntityOfPage\":{\"@id\":\"https:\\\/\\\/exaudi.org\\\/es\\\/leon-xiv-cada-uno-participa-tal-como-es-permaneciendo-en-su-lugar-y-haciendo-lo-que-debe-hacer\\\/\"},\"wordCount\":1035,\"image\":{\"@id\":\"https:\\\/\\\/exaudi.org\\\/es\\\/leon-xiv-cada-uno-participa-tal-como-es-permaneciendo-en-su-lugar-y-haciendo-lo-que-debe-hacer\\\/#primaryimage\"},\"thumbnailUrl\":\"https:\\\/\\\/exaudi.org\\\/wp-content\\\/uploads\\\/2025\\\/12\\\/cq5dam.thumbnail.cropped.1000.563-3.jpeg\",\"keywords\":[\"Aula Pablo VI\",\"Bel\u00e9n navide\u00f1o\",\"bendici\u00f3n del trabajo\",\"curia romana\",\"discurso navide\u00f1o\",\"empleados vaticanos\",\"estilo de la Navidad\",\"Gobernaci\u00f3n del Vaticano\",\"Iglesia cat\u00f3lica\",\"Jes\u00fas Ni\u00f1o\",\"Natividad\",\"Navidad 2025\",\"oraci\u00f3n por enfermos y ancianos\",\"papa le\u00f3n xiv\",\"santificar el trabajo\",\"sencillez y humildad\",\"Trending\",\"Vaticano\",\"Vicariato de Roma\"],\"articleSection\":[\"Le\u00f3n XIV\"],\"inLanguage\":\"es\"},{\"@type\":\"WebPage\",\"@id\":\"https:\\\/\\\/exaudi.org\\\/es\\\/leon-xiv-cada-uno-participa-tal-como-es-permaneciendo-en-su-lugar-y-haciendo-lo-que-debe-hacer\\\/\",\"url\":\"https:\\\/\\\/exaudi.org\\\/es\\\/leon-xiv-cada-uno-participa-tal-como-es-permaneciendo-en-su-lugar-y-haciendo-lo-que-debe-hacer\\\/\",\"name\":\"Le\u00f3n XIV: \\\"Cada uno participa tal como es, permaneciendo en su lugar y haciendo lo que debe hacer\\\" &#8211; Exaudi\",\"isPartOf\":{\"@id\":\"https:\\\/\\\/exaudi.org\\\/#website\"},\"primaryImageOfPage\":{\"@id\":\"https:\\\/\\\/exaudi.org\\\/es\\\/leon-xiv-cada-uno-participa-tal-como-es-permaneciendo-en-su-lugar-y-haciendo-lo-que-debe-hacer\\\/#primaryimage\"},\"image\":{\"@id\":\"https:\\\/\\\/exaudi.org\\\/es\\\/leon-xiv-cada-uno-participa-tal-como-es-permaneciendo-en-su-lugar-y-haciendo-lo-que-debe-hacer\\\/#primaryimage\"},\"thumbnailUrl\":\"https:\\\/\\\/exaudi.org\\\/wp-content\\\/uploads\\\/2025\\\/12\\\/cq5dam.thumbnail.cropped.1000.563-3.jpeg\",\"datePublished\":\"2025-12-22T17:14:14+00:00\",\"dateModified\":\"2025-12-22T17:22:31+00:00\",\"author\":{\"@id\":\"https:\\\/\\\/exaudi.org\\\/#\\\/schema\\\/person\\\/f5fc8f063065e38742da7afe15f25df7\"},\"breadcrumb\":{\"@id\":\"https:\\\/\\\/exaudi.org\\\/es\\\/leon-xiv-cada-uno-participa-tal-como-es-permaneciendo-en-su-lugar-y-haciendo-lo-que-debe-hacer\\\/#breadcrumb\"},\"inLanguage\":\"es\",\"potentialAction\":[{\"@type\":\"ReadAction\",\"target\":[\"https:\\\/\\\/exaudi.org\\\/es\\\/leon-xiv-cada-uno-participa-tal-como-es-permaneciendo-en-su-lugar-y-haciendo-lo-que-debe-hacer\\\/\"]}]},{\"@type\":\"ImageObject\",\"inLanguage\":\"es\",\"@id\":\"https:\\\/\\\/exaudi.org\\\/es\\\/leon-xiv-cada-uno-participa-tal-como-es-permaneciendo-en-su-lugar-y-haciendo-lo-que-debe-hacer\\\/#primaryimage\",\"url\":\"https:\\\/\\\/exaudi.org\\\/wp-content\\\/uploads\\\/2025\\\/12\\\/cq5dam.thumbnail.cropped.1000.563-3.jpeg\",\"contentUrl\":\"https:\\\/\\\/exaudi.org\\\/wp-content\\\/uploads\\\/2025\\\/12\\\/cq5dam.thumbnail.cropped.1000.563-3.jpeg\",\"width\":1000,\"height\":563},{\"@type\":\"BreadcrumbList\",\"@id\":\"https:\\\/\\\/exaudi.org\\\/es\\\/leon-xiv-cada-uno-participa-tal-como-es-permaneciendo-en-su-lugar-y-haciendo-lo-que-debe-hacer\\\/#breadcrumb\",\"itemListElement\":[{\"@type\":\"ListItem\",\"position\":1,\"name\":\"Portada\",\"item\":\"https:\\\/\\\/exaudi.org\\\/es\\\/\"},{\"@type\":\"ListItem\",\"position\":2,\"name\":\"Le\u00f3n XIV: \u00abCada uno participa tal como es, permaneciendo en su lugar y haciendo lo que debe hacer\u00bb\"}]},{\"@type\":\"WebSite\",\"@id\":\"https:\\\/\\\/exaudi.org\\\/#website\",\"url\":\"https:\\\/\\\/exaudi.org\\\/\",\"name\":\"Exaudi\",\"description\":\"News\",\"potentialAction\":[{\"@type\":\"SearchAction\",\"target\":{\"@type\":\"EntryPoint\",\"urlTemplate\":\"https:\\\/\\\/exaudi.org\\\/?s={search_term_string}\"},\"query-input\":{\"@type\":\"PropertyValueSpecification\",\"valueRequired\":true,\"valueName\":\"search_term_string\"}}],\"inLanguage\":\"es\"},{\"@type\":\"Person\",\"@id\":\"https:\\\/\\\/exaudi.org\\\/#\\\/schema\\\/person\\\/f5fc8f063065e38742da7afe15f25df7\",\"name\":\"Exaudi Redacci\u00f3n\",\"image\":{\"@type\":\"ImageObject\",\"inLanguage\":\"es\",\"@id\":\"https:\\\/\\\/secure.gravatar.com\\\/avatar\\\/fe0f6a059fb68d9b3e11bc5850dd4899b1c7492091a3cb6dd9b01b56ad828be2?s=96&d=mm&r=g\",\"url\":\"https:\\\/\\\/secure.gravatar.com\\\/avatar\\\/fe0f6a059fb68d9b3e11bc5850dd4899b1c7492091a3cb6dd9b01b56ad828be2?s=96&d=mm&r=g\",\"contentUrl\":\"https:\\\/\\\/secure.gravatar.com\\\/avatar\\\/fe0f6a059fb68d9b3e11bc5850dd4899b1c7492091a3cb6dd9b01b56ad828be2?s=96&d=mm&r=g\",\"caption\":\"Exaudi Redacci\u00f3n\"},\"description\":\"\u00bfQu\u00e9 es Exaudi News? Exaudi News es un medio de comunicaci\u00f3n cat\u00f3lico internacional que informa, forma y transforma, diariamente en espa\u00f1ol, ingl\u00e9s e italiano. A trav\u00e9s de noticias, art\u00edculos de an\u00e1lisis y transmisiones en directo de los eventos del Papa, Exaudi busca fortalecer la unidad de los cristianos y contribuir a la evangelizaci\u00f3n del mundo, siempre guiados por la doctrina social de la Iglesia. Trabajamos para acercar la verdad y los valores cristianos a cada rinc\u00f3n del planeta. \u00a1Ay\u00fadanos a transformar el mundo con Exaudi! En Exaudi creemos que la evangelizaci\u00f3n y la informaci\u00f3n de calidad pueden cambiar vidas. Para continuar con nuestra misi\u00f3n y expandir nuestro alcance, necesitamos tu ayuda. Adem\u00e1s, buscamos personas comprometidas que deseen unirse a nuestro equipo. Con tu apoyo, lograremos llegar a m\u00e1s personas, difundir el mensaje de Cristo y reforzar la unidad de los cristianos. \u00bfTe unes a nuestra misi\u00f3n? Para m\u00e1s informaci\u00f3n sobre c\u00f3mo colaborar, visita Exaudi.org\\\/es o cont\u00e1ctanos directamente: info@exaudi.org Exaudi: Informa, forma y transforma.\",\"sameAs\":[\"https:\\\/\\\/www.facebook.com\\\/ExaudiNoticias\\\/\",\"https:\\\/\\\/www.instagram.com\\\/exaudi_noticias\\\/\",\"https:\\\/\\\/x.com\\\/Exaudi_noticias\",\"https:\\\/\\\/www.youtube.com\\\/@exaudicatholicnews\"],\"url\":\"https:\\\/\\\/exaudi.org\\\/es\\\/author\\\/redaccionexaudi\\\/\"}]}<\/script>\n<!-- \/ Yoast SEO plugin. -->","yoast_head_json":{"title":"Le\u00f3n XIV: \"Cada uno participa tal como es, permaneciendo en su lugar y haciendo lo que debe hacer\" &#8211; Exaudi","robots":{"index":"index","follow":"follow","max-snippet":"max-snippet:-1","max-image-preview":"max-image-preview:large","max-video-preview":"max-video-preview:-1"},"canonical":"https:\/\/exaudi.org\/es\/leon-xiv-cada-uno-participa-tal-como-es-permaneciendo-en-su-lugar-y-haciendo-lo-que-debe-hacer\/","og_locale":"es_ES","og_type":"article","og_title":"Le\u00f3n XIV: \"Cada uno participa tal como es, permaneciendo en su lugar y haciendo lo que debe hacer\" &#8211; Exaudi","og_description":"El Papa Le\u00f3n XIV felicita a los empleados vaticanos y llama a santificar el trabajo cotidiano","og_url":"https:\/\/exaudi.org\/es\/leon-xiv-cada-uno-participa-tal-como-es-permaneciendo-en-su-lugar-y-haciendo-lo-que-debe-hacer\/","og_site_name":"Exaudi","article_publisher":"https:\/\/www.facebook.com\/ExaudiNews","article_author":"https:\/\/www.facebook.com\/ExaudiNoticias\/","article_published_time":"2025-12-22T17:14:14+00:00","article_modified_time":"2025-12-22T17:22:31+00:00","og_image":[{"width":1000,"height":563,"url":"https:\/\/exaudi.org\/wp-content\/uploads\/2025\/12\/cq5dam.thumbnail.cropped.1000.563-3.jpeg","type":"image\/jpeg"}],"author":"Exaudi Redacci\u00f3n","twitter_card":"summary_large_image","twitter_creator":"@Exaudi_noticias","twitter_site":"@Exaudi_News","twitter_misc":{"Escrito por":"Exaudi Redacci\u00f3n","Tiempo de lectura":"5 minutos"},"schema":{"@context":"https:\/\/schema.org","@graph":[{"@type":"Article","@id":"https:\/\/exaudi.org\/es\/leon-xiv-cada-uno-participa-tal-como-es-permaneciendo-en-su-lugar-y-haciendo-lo-que-debe-hacer\/#article","isPartOf":{"@id":"https:\/\/exaudi.org\/es\/leon-xiv-cada-uno-participa-tal-como-es-permaneciendo-en-su-lugar-y-haciendo-lo-que-debe-hacer\/"},"author":{"name":"Exaudi Redacci\u00f3n","@id":"https:\/\/exaudi.org\/#\/schema\/person\/f5fc8f063065e38742da7afe15f25df7"},"headline":"Le\u00f3n XIV: \u00abCada uno participa tal como es, permaneciendo en su lugar y haciendo lo que debe hacer\u00bb","datePublished":"2025-12-22T17:14:14+00:00","dateModified":"2025-12-22T17:22:31+00:00","mainEntityOfPage":{"@id":"https:\/\/exaudi.org\/es\/leon-xiv-cada-uno-participa-tal-como-es-permaneciendo-en-su-lugar-y-haciendo-lo-que-debe-hacer\/"},"wordCount":1035,"image":{"@id":"https:\/\/exaudi.org\/es\/leon-xiv-cada-uno-participa-tal-como-es-permaneciendo-en-su-lugar-y-haciendo-lo-que-debe-hacer\/#primaryimage"},"thumbnailUrl":"https:\/\/exaudi.org\/wp-content\/uploads\/2025\/12\/cq5dam.thumbnail.cropped.1000.563-3.jpeg","keywords":["Aula Pablo VI","Bel\u00e9n navide\u00f1o","bendici\u00f3n del trabajo","curia romana","discurso navide\u00f1o","empleados vaticanos","estilo de la Navidad","Gobernaci\u00f3n del Vaticano","Iglesia cat\u00f3lica","Jes\u00fas Ni\u00f1o","Natividad","Navidad 2025","oraci\u00f3n por enfermos y ancianos","papa le\u00f3n xiv","santificar el trabajo","sencillez y humildad","Trending","Vaticano","Vicariato de Roma"],"articleSection":["Le\u00f3n XIV"],"inLanguage":"es"},{"@type":"WebPage","@id":"https:\/\/exaudi.org\/es\/leon-xiv-cada-uno-participa-tal-como-es-permaneciendo-en-su-lugar-y-haciendo-lo-que-debe-hacer\/","url":"https:\/\/exaudi.org\/es\/leon-xiv-cada-uno-participa-tal-como-es-permaneciendo-en-su-lugar-y-haciendo-lo-que-debe-hacer\/","name":"Le\u00f3n XIV: \"Cada uno participa tal como es, permaneciendo en su lugar y haciendo lo que debe hacer\" &#8211; Exaudi","isPartOf":{"@id":"https:\/\/exaudi.org\/#website"},"primaryImageOfPage":{"@id":"https:\/\/exaudi.org\/es\/leon-xiv-cada-uno-participa-tal-como-es-permaneciendo-en-su-lugar-y-haciendo-lo-que-debe-hacer\/#primaryimage"},"image":{"@id":"https:\/\/exaudi.org\/es\/leon-xiv-cada-uno-participa-tal-como-es-permaneciendo-en-su-lugar-y-haciendo-lo-que-debe-hacer\/#primaryimage"},"thumbnailUrl":"https:\/\/exaudi.org\/wp-content\/uploads\/2025\/12\/cq5dam.thumbnail.cropped.1000.563-3.jpeg","datePublished":"2025-12-22T17:14:14+00:00","dateModified":"2025-12-22T17:22:31+00:00","author":{"@id":"https:\/\/exaudi.org\/#\/schema\/person\/f5fc8f063065e38742da7afe15f25df7"},"breadcrumb":{"@id":"https:\/\/exaudi.org\/es\/leon-xiv-cada-uno-participa-tal-como-es-permaneciendo-en-su-lugar-y-haciendo-lo-que-debe-hacer\/#breadcrumb"},"inLanguage":"es","potentialAction":[{"@type":"ReadAction","target":["https:\/\/exaudi.org\/es\/leon-xiv-cada-uno-participa-tal-como-es-permaneciendo-en-su-lugar-y-haciendo-lo-que-debe-hacer\/"]}]},{"@type":"ImageObject","inLanguage":"es","@id":"https:\/\/exaudi.org\/es\/leon-xiv-cada-uno-participa-tal-como-es-permaneciendo-en-su-lugar-y-haciendo-lo-que-debe-hacer\/#primaryimage","url":"https:\/\/exaudi.org\/wp-content\/uploads\/2025\/12\/cq5dam.thumbnail.cropped.1000.563-3.jpeg","contentUrl":"https:\/\/exaudi.org\/wp-content\/uploads\/2025\/12\/cq5dam.thumbnail.cropped.1000.563-3.jpeg","width":1000,"height":563},{"@type":"BreadcrumbList","@id":"https:\/\/exaudi.org\/es\/leon-xiv-cada-uno-participa-tal-como-es-permaneciendo-en-su-lugar-y-haciendo-lo-que-debe-hacer\/#breadcrumb","itemListElement":[{"@type":"ListItem","position":1,"name":"Portada","item":"https:\/\/exaudi.org\/es\/"},{"@type":"ListItem","position":2,"name":"Le\u00f3n XIV: \u00abCada uno participa tal como es, permaneciendo en su lugar y haciendo lo que debe hacer\u00bb"}]},{"@type":"WebSite","@id":"https:\/\/exaudi.org\/#website","url":"https:\/\/exaudi.org\/","name":"Exaudi","description":"News","potentialAction":[{"@type":"SearchAction","target":{"@type":"EntryPoint","urlTemplate":"https:\/\/exaudi.org\/?s={search_term_string}"},"query-input":{"@type":"PropertyValueSpecification","valueRequired":true,"valueName":"search_term_string"}}],"inLanguage":"es"},{"@type":"Person","@id":"https:\/\/exaudi.org\/#\/schema\/person\/f5fc8f063065e38742da7afe15f25df7","name":"Exaudi Redacci\u00f3n","image":{"@type":"ImageObject","inLanguage":"es","@id":"https:\/\/secure.gravatar.com\/avatar\/fe0f6a059fb68d9b3e11bc5850dd4899b1c7492091a3cb6dd9b01b56ad828be2?s=96&d=mm&r=g","url":"https:\/\/secure.gravatar.com\/avatar\/fe0f6a059fb68d9b3e11bc5850dd4899b1c7492091a3cb6dd9b01b56ad828be2?s=96&d=mm&r=g","contentUrl":"https:\/\/secure.gravatar.com\/avatar\/fe0f6a059fb68d9b3e11bc5850dd4899b1c7492091a3cb6dd9b01b56ad828be2?s=96&d=mm&r=g","caption":"Exaudi Redacci\u00f3n"},"description":"\u00bfQu\u00e9 es Exaudi News? Exaudi News es un medio de comunicaci\u00f3n cat\u00f3lico internacional que informa, forma y transforma, diariamente en espa\u00f1ol, ingl\u00e9s e italiano. A trav\u00e9s de noticias, art\u00edculos de an\u00e1lisis y transmisiones en directo de los eventos del Papa, Exaudi busca fortalecer la unidad de los cristianos y contribuir a la evangelizaci\u00f3n del mundo, siempre guiados por la doctrina social de la Iglesia. Trabajamos para acercar la verdad y los valores cristianos a cada rinc\u00f3n del planeta. \u00a1Ay\u00fadanos a transformar el mundo con Exaudi! En Exaudi creemos que la evangelizaci\u00f3n y la informaci\u00f3n de calidad pueden cambiar vidas. Para continuar con nuestra misi\u00f3n y expandir nuestro alcance, necesitamos tu ayuda. Adem\u00e1s, buscamos personas comprometidas que deseen unirse a nuestro equipo. Con tu apoyo, lograremos llegar a m\u00e1s personas, difundir el mensaje de Cristo y reforzar la unidad de los cristianos. \u00bfTe unes a nuestra misi\u00f3n? Para m\u00e1s informaci\u00f3n sobre c\u00f3mo colaborar, visita Exaudi.org\/es o cont\u00e1ctanos directamente: info@exaudi.org Exaudi: Informa, forma y transforma.","sameAs":["https:\/\/www.facebook.com\/ExaudiNoticias\/","https:\/\/www.instagram.com\/exaudi_noticias\/","https:\/\/x.com\/Exaudi_noticias","https:\/\/www.youtube.com\/@exaudicatholicnews"],"url":"https:\/\/exaudi.org\/es\/author\/redaccionexaudi\/"}]}},"jetpack_featured_media_url":"https:\/\/exaudi.org\/wp-content\/uploads\/2025\/12\/cq5dam.thumbnail.cropped.1000.563-3.jpeg","jetpack_shortlink":"https:\/\/wp.me\/pgKjF2-Dov","_links":{"self":[{"href":"https:\/\/exaudi.org\/es\/wp-json\/wp\/v2\/posts\/151435","targetHints":{"allow":["GET"]}}],"collection":[{"href":"https:\/\/exaudi.org\/es\/wp-json\/wp\/v2\/posts"}],"about":[{"href":"https:\/\/exaudi.org\/es\/wp-json\/wp\/v2\/types\/post"}],"author":[{"embeddable":true,"href":"https:\/\/exaudi.org\/es\/wp-json\/wp\/v2\/users\/15"}],"replies":[{"embeddable":true,"href":"https:\/\/exaudi.org\/es\/wp-json\/wp\/v2\/comments?post=151435"}],"version-history":[{"count":2,"href":"https:\/\/exaudi.org\/es\/wp-json\/wp\/v2\/posts\/151435\/revisions"}],"predecessor-version":[{"id":151446,"href":"https:\/\/exaudi.org\/es\/wp-json\/wp\/v2\/posts\/151435\/revisions\/151446"}],"wp:featuredmedia":[{"embeddable":true,"href":"https:\/\/exaudi.org\/es\/wp-json\/wp\/v2\/media\/151436"}],"wp:attachment":[{"href":"https:\/\/exaudi.org\/es\/wp-json\/wp\/v2\/media?parent=151435"}],"wp:term":[{"taxonomy":"category","embeddable":true,"href":"https:\/\/exaudi.org\/es\/wp-json\/wp\/v2\/categories?post=151435"},{"taxonomy":"post_tag","embeddable":true,"href":"https:\/\/exaudi.org\/es\/wp-json\/wp\/v2\/tags?post=151435"}],"curies":[{"name":"wp","href":"https:\/\/api.w.org\/{rel}","templated":true}]}}