{"id":15139,"date":"2021-05-05T11:32:39","date_gmt":"2021-05-05T09:32:39","guid":{"rendered":"https:\/\/exaudi.org\/?p=15139"},"modified":"2021-05-06T17:40:09","modified_gmt":"2021-05-06T15:40:09","slug":"audiencia-general-catequesis-oracion-contemplativa-2021","status":"publish","type":"post","link":"https:\/\/exaudi.org\/es\/audiencia-general-catequesis-oracion-contemplativa-2021\/","title":{"rendered":"Audiencia general: Catequesis, \u201cLa oraci\u00f3n contemplativa\u201d"},"content":{"rendered":"<p>En la <a href=\"https:\/\/exaudi.org\/es\/audiencia-general-caridad-contemplacion-sinonimos-2021\/\" target=\"_blank\" rel=\"noopener noreferrer\">audiencia general<\/a>, de hoy, 5 de mayo de 2021, el Papa Francisco ha explicado durante su catequesis que en la oraci\u00f3n contemplativa \u201camorosa, t\u00edpica de la oraci\u00f3n m\u00e1s \u00edntima, no son necesarias muchas palabras: basta una mirada, basta con estar convencidos de que nuestra vida est\u00e1 rodeada de un amor grande y fiel del que nada nos podr\u00e1 separar\u201d.<\/p>\n<p>La audiencia general de este mi\u00e9rcoles ha sido emitida desde la biblioteca del Palacio Apost\u00f3lico vaticano, sin p\u00fablico, en prevenci\u00f3n frente a la COVID-19. El Santo Padre ha retomado el ciclo de catequesis sobre la oraci\u00f3n para centrarse en el tema \u201cLa oraci\u00f3n contemplativa\u201d (Lectura: Sal 8,2.4-6.10).<\/p>\n<h4><strong>Contemplar con el coraz\u00f3n<\/strong><\/h4>\n<p>Al comienzo de su catequesis, Francisco ha se\u00f1alado que \u201cla dimensi\u00f3n contemplativa del ser humano, que a\u00fan no es la oraci\u00f3n contemplativa, es un poco como la &#8216;sal&#8217; de la vida: da sabor, da gusto a nuestros d\u00edas. Se puede contemplar mirando el sol saliendo por la ma\u00f1ana, o los \u00e1rboles que visten de verde la primavera; se puede contemplar escuchando m\u00fasica o el canto de los p\u00e1jaros, leyendo un libro, delante de una obra de arte o esa obra maestra que es el rostro humano\u2026\u201d.<\/p>\n<p>Ser contemplativos, prosigue, \u201cno depende de los ojos, sino del coraz\u00f3n. Y aqu\u00ed entra en juego la oraci\u00f3n, como acto de fe y de amor, como &#8216;respiraci\u00f3n&#8217; de nuestra relaci\u00f3n con Dios. La oraci\u00f3n purifica el coraz\u00f3n, y con eso, aclara tambi\u00e9n la mirada, permitiendo acoger la realidad desde otro punto de vista\u201d.<\/p>\n<p><img loading=\"lazy\" decoding=\"async\" class=\"alignleft size-medium wp-image-15158\" src=\"https:\/\/exaudi.org\/wp-content\/uploads\/2021\/05\/DSC6581-200x300.jpg\" alt=\"Audiencia general catequesis contemplativa\" width=\"200\" height=\"300\" srcset=\"https:\/\/exaudi.org\/wp-content\/uploads\/2021\/05\/DSC6581-200x300.jpg 200w, https:\/\/exaudi.org\/wp-content\/uploads\/2021\/05\/DSC6581-681x1024.jpg 681w, https:\/\/exaudi.org\/wp-content\/uploads\/2021\/05\/DSC6581-768x1154.jpg 768w, https:\/\/exaudi.org\/wp-content\/uploads\/2021\/05\/DSC6581-1022x1536.jpg 1022w, https:\/\/exaudi.org\/wp-content\/uploads\/2021\/05\/DSC6581-1363x2048.jpg 1363w, https:\/\/exaudi.org\/wp-content\/uploads\/2021\/05\/DSC6581-150x225.jpg 150w, https:\/\/exaudi.org\/wp-content\/uploads\/2021\/05\/DSC6581-300x451.jpg 300w, https:\/\/exaudi.org\/wp-content\/uploads\/2021\/05\/DSC6581-696x1046.jpg 696w, https:\/\/exaudi.org\/wp-content\/uploads\/2021\/05\/DSC6581-1068x1605.jpg 1068w, https:\/\/exaudi.org\/wp-content\/uploads\/2021\/05\/DSC6581-1920x2886.jpg 1920w, https:\/\/exaudi.org\/wp-content\/uploads\/2021\/05\/DSC6581-279x420.jpg 279w, https:\/\/exaudi.org\/wp-content\/uploads\/2021\/05\/DSC6581-scaled.jpg 1703w\" sizes=\"auto, (max-width: 200px) 100vw, 200px\" \/><\/p>\n<h4><strong>Luz de la mirada de Jes\u00fas<\/strong><\/h4>\n<p>El Papa ha citado el Catecismo para decir que \u201cla luz de la mirada de Jes\u00fas ilumina los ojos de nuestro coraz\u00f3n; nos ense\u00f1a a ver todo a la luz de su verdad y de su compasi\u00f3n por todos los hombres\u201d. Todo nace ah\u00ed, sostiene, \u201cde un coraz\u00f3n que se siente mirado con amor. Entonces la realidad es contemplada con ojos diferentes\u201d.<\/p>\n<p>\u201cJes\u00fas ha sido maestro de esta mirada. En su vida no han faltado nunca los tiempos, los espacios, los silencios, la comuni\u00f3n amorosa que permite a la existencia no ser devastada por las pruebas inevitables, sino de custodiar intacta la belleza. Su secreto era la relaci\u00f3n con el Padre celeste\u201d, subraya.<\/p>\n<h4><strong>Contemplaci\u00f3n y acci\u00f3n<\/strong><\/h4>\n<p>El Pont\u00edfice relata que \u201calgunos maestros de espiritualidad del pasado han entendido la contemplaci\u00f3n como opuesta a la acci\u00f3n, y han exaltado esas vocaciones que huyen del mundo y de sus problemas para dedicarse completamente a la oraci\u00f3n\u201d. En realidad, contin\u00faa, \u201cen Jesucristo en su persona y en el Evangelio no hay contraposici\u00f3n entre contemplaci\u00f3n y acci\u00f3n, no. En el Evangelio en Jes\u00fas no hay contradicci\u00f3n\u201d.<\/p>\n<p>\u201cHay una \u00fanica gran llamada en el Evangelio, y es la de seguir a Jes\u00fas por el camino del amor. Este es el \u00e1pice, es el centro de todo. En este sentido, caridad y contemplaci\u00f3n son sin\u00f3nimos, dicen lo mismo\u201d. Lo nacido de la oraci\u00f3n y no de la presunci\u00f3n de uno mismo, concluye, \u201clo que es purificado por la humildad, incluso si es un acto de amor apartado y silencioso, es el milagro m\u00e1s grande que un cristiano pueda realizar\u201d.<\/p>\n<p>A continuaci\u00f3n, sigue la catequesis completa del Obispo de Roma.<\/p>\n<p>***<\/p>\n<h4><b>Catequesis 32. <i>La oraci\u00f3n contemplativa<\/i><\/b><\/h4>\n<p><i>Queridos hermanos y hermanas, \u00a1buenos d\u00edas!<\/i><\/p>\n<p>Seguimos con las catequesis sobre la oraci\u00f3n y en esta catequesis quisiera detenerme en la oraci\u00f3n de contemplaci\u00f3n.<\/p>\n<p>La dimensi\u00f3n contemplativa del ser humano \u2014que a\u00fan no es la oraci\u00f3n contemplativa\u2014 es un poco como la \u201csal\u201d de la vida: da sabor, da gusto a nuestros d\u00edas. Se puede contemplar mirando el sol saliendo por la ma\u00f1ana, o los \u00e1rboles que visten de verde la primavera; se puede contemplar escuchando m\u00fasica o el canto de los p\u00e1jaros, leyendo un libro, delante de una obra de arte o esa obra maestra que es el rostro humano\u2026 Carlo Mar\u00eda Martini, enviado como obispo a Mil\u00e1n, titul\u00f3 su primera Carta pastoral \u201cLa dimensi\u00f3n contemplativa de la vida\u201d: de hecho, quien vive en una gran ciudad, donde todo \u00a0\u2014podemos decir\u2014 es artificial, donde todo es funcional, corre el riesgo de perder la capacidad de contemplar. Contemplar no es en primer lugar una forma de hacer, sino que es una forma de ser: ser contemplativo.<\/p>\n<p>Ser contemplativos no depende de los ojos, sino del coraz\u00f3n. Y aqu\u00ed entra en juego la oraci\u00f3n, como acto de fe y de amor, como \u201crespiraci\u00f3n\u201d de nuestra relaci\u00f3n con Dios. La oraci\u00f3n purifica el coraz\u00f3n, y con eso, aclara tambi\u00e9n la mirada, permitiendo acoger la realidad desde otro punto de vista. El Catecismo describe esta transformaci\u00f3n del coraz\u00f3n por parte de la oraci\u00f3n citando un famoso testimonio del Santo Cura de Ars: \u00abLa oraci\u00f3n contemplativa es mirada de fe, fijada en Jes\u00fas. \u201cYo le miro y \u00e9l me mira\u201d, dec\u00eda a su santo cura un campesino de Ars que oraba ante el Sagrario. [\u2026] La luz de la mirada de Jes\u00fas ilumina los ojos de nuestro coraz\u00f3n; nos ense\u00f1a a ver todo a la luz de su verdad y de su compasi\u00f3n por todos los hombres\u00bb (<i><a href=\"http:\/\/www.vatican.va\/archive\/catechism_sp\/p4s1c3a1_sp.html#III._La_oraci%C3%B3n_contemplativa\" target=\"_blank\" rel=\"noopener noreferrer\">Catecismo de la Iglesia Cat\u00f3lica<\/a><\/i>, 2715). Todo nace de ah\u00ed: de un coraz\u00f3n que se siente mirado con amor. Entonces la realidad es contemplada con ojos diferentes.<\/p>\n<p><img loading=\"lazy\" decoding=\"async\" class=\"alignright size-medium wp-image-15161\" src=\"https:\/\/exaudi.org\/wp-content\/uploads\/2021\/05\/DSC9136-300x200.jpg\" alt=\"\" width=\"300\" height=\"200\" srcset=\"https:\/\/exaudi.org\/wp-content\/uploads\/2021\/05\/DSC9136-300x200.jpg 300w, https:\/\/exaudi.org\/wp-content\/uploads\/2021\/05\/DSC9136-1024x681.jpg 1024w, https:\/\/exaudi.org\/wp-content\/uploads\/2021\/05\/DSC9136-768x511.jpg 768w, https:\/\/exaudi.org\/wp-content\/uploads\/2021\/05\/DSC9136-1536x1022.jpg 1536w, https:\/\/exaudi.org\/wp-content\/uploads\/2021\/05\/DSC9136-2048x1363.jpg 2048w, https:\/\/exaudi.org\/wp-content\/uploads\/2021\/05\/DSC9136-150x100.jpg 150w, https:\/\/exaudi.org\/wp-content\/uploads\/2021\/05\/DSC9136-696x463.jpg 696w, https:\/\/exaudi.org\/wp-content\/uploads\/2021\/05\/DSC9136-1068x711.jpg 1068w, https:\/\/exaudi.org\/wp-content\/uploads\/2021\/05\/DSC9136-1920x1277.jpg 1920w, https:\/\/exaudi.org\/wp-content\/uploads\/2021\/05\/DSC9136-631x420.jpg 631w\" sizes=\"auto, (max-width: 300px) 100vw, 300px\" \/><\/p>\n<p>\u201c\u00a1Yo le miro, y \u00c9l me mira!\u201d. Es as\u00ed: en la contemplaci\u00f3n amorosa, t\u00edpica de la oraci\u00f3n m\u00e1s \u00edntima, no son necesarias muchas palabras: basta una mirada, basta con estar convencidos de que nuestra vida est\u00e1 rodeada de un amor grande y fiel del que nada nos podr\u00e1 separar.<\/p>\n<p>Jes\u00fas ha sido maestro de esta mirada. En su vida no han faltado nunca los tiempos, los espacios, los silencios, la comuni\u00f3n amorosa que permite a la existencia no ser devastada por las pruebas inevitables, sino de custodiar intacta la belleza. Su secreto era la relaci\u00f3n con el Padre celeste.<\/p>\n<p>Pensemos en el suceso de la Transfiguraci\u00f3n. Los Evangelios colocan este episodio en el momento cr\u00edtico de la misi\u00f3n de Jes\u00fas, cuando crecen en torno a \u00c9l la protesta y el rechazo. Incluso entre sus disc\u00edpulos muchos no lo entienden y se van; uno de los Doce alberga pensamientos de traici\u00f3n. Jes\u00fas empieza a hablar abiertamente de los sufrimientos y de la muerte que le esperan en Jerusal\u00e9n. En este contexto Jes\u00fas sube a lo alto del monte con Pedro, Santiago y Juan. Dice el Evangelio de Marcos: \u00abY se transfigur\u00f3 delante de ellos, y sus vestidos se volvieron resplandecientes, muy blancos, tanto que ning\u00fan batanero en la tierra ser\u00eda capaz de blanquearlos de ese modo\u00bb (9,2-3). Precisamente en el momento en el que Jes\u00fas es incomprendido \u2014se iban, le dejaban solo porque no entend\u00edan\u2014, y en este momento que \u00c9l es incomprendido, precisamente cuando todo parece ofuscarse en un torbellino de malentendidos, es ah\u00ed que resplandece una luz divina. Es la luz del amor del Padre, que llena el coraz\u00f3n del Hijo y transfigura toda su Persona.<\/p>\n<p>Algunos maestros de espiritualidad del pasado han entendido la contemplaci\u00f3n como opuesta a la acci\u00f3n, y han exaltado esas vocaciones que huyen del mundo y de sus problemas para dedicarse completamente a la oraci\u00f3n. En realidad, en Jesucristo en su persona y en el Evangelio no hay contraposici\u00f3n entre contemplaci\u00f3n y acci\u00f3n, no. En el Evangelio en Jes\u00fas no hay contradicci\u00f3n. Esta puede que provenga de la influencia de alg\u00fan fil\u00f3sofo neoplat\u00f3nico, pero seguramente se trata de un dualismo que no pertenece al mensaje cristiano.<\/p>\n<p><img loading=\"lazy\" decoding=\"async\" class=\"alignleft size-medium wp-image-15165\" src=\"https:\/\/exaudi.org\/wp-content\/uploads\/2021\/05\/DSC9113-200x300.jpg\" alt=\"\" width=\"200\" height=\"300\" srcset=\"https:\/\/exaudi.org\/wp-content\/uploads\/2021\/05\/DSC9113-200x300.jpg 200w, https:\/\/exaudi.org\/wp-content\/uploads\/2021\/05\/DSC9113-681x1024.jpg 681w, https:\/\/exaudi.org\/wp-content\/uploads\/2021\/05\/DSC9113-768x1155.jpg 768w, https:\/\/exaudi.org\/wp-content\/uploads\/2021\/05\/DSC9113-1022x1536.jpg 1022w, https:\/\/exaudi.org\/wp-content\/uploads\/2021\/05\/DSC9113-1362x2048.jpg 1362w, https:\/\/exaudi.org\/wp-content\/uploads\/2021\/05\/DSC9113-150x225.jpg 150w, https:\/\/exaudi.org\/wp-content\/uploads\/2021\/05\/DSC9113-300x451.jpg 300w, https:\/\/exaudi.org\/wp-content\/uploads\/2021\/05\/DSC9113-696x1046.jpg 696w, https:\/\/exaudi.org\/wp-content\/uploads\/2021\/05\/DSC9113-1068x1606.jpg 1068w, https:\/\/exaudi.org\/wp-content\/uploads\/2021\/05\/DSC9113-1920x2886.jpg 1920w, https:\/\/exaudi.org\/wp-content\/uploads\/2021\/05\/DSC9113-279x420.jpg 279w, https:\/\/exaudi.org\/wp-content\/uploads\/2021\/05\/DSC9113-scaled.jpg 1703w\" sizes=\"auto, (max-width: 200px) 100vw, 200px\" \/><\/p>\n<p>Hay una \u00fanica gran llamada en el Evangelio, y es la de seguir a Jes\u00fas por el camino del amor. Este es el \u00e1pice, es el centro de todo. En este sentido, caridad y contemplaci\u00f3n son sin\u00f3nimos, dicen lo mismo. San Juan de la Cruz sosten\u00eda que un peque\u00f1o acto de amor puro es m\u00e1s \u00fatil a la Iglesia que todas las dem\u00e1s obras juntas. Lo que nace de la oraci\u00f3n y no de la presunci\u00f3n de nuestro yo, lo que es purificado por la humildad, incluso si es un acto de amor apartado y silencioso, es el milagro m\u00e1s grande que un cristiano pueda realizar. Y este es el camino de la oraci\u00f3n de contemplaci\u00f3n: \u00a1yo le miro, \u00c9l me mira! Este acto de amor en el di\u00e1logo silencioso con Jes\u00fas ha hecho mucho bien a la Iglesia.<\/p>\n<p><strong>\u00a9 Librer\u00eda Editora Vaticana<\/strong><\/p>\n","protected":false},"excerpt":{"rendered":"<p>Texto completo<\/p>\n","protected":false},"author":6,"featured_media":15172,"comment_status":"closed","ping_status":"closed","sticky":false,"template":"","format":"standard","meta":{"_acf_changed":false,"_crdt_document":"","inline_featured_image":false,"footnotes":""},"categories":[112],"tags":[179,182,2127,676,158],"class_list":["post-15139","post","type-post","status-publish","format-standard","has-post-thumbnail","hentry","category-audiencia-general","tag-audiencia-general","tag-catequesis","tag-contemplacion","tag-oracion","tag-papa-francisco"],"acf":[],"yoast_head":"<!-- This site is optimized with the Yoast SEO plugin v27.4 - https:\/\/yoast.com\/product\/yoast-seo-wordpress\/ -->\n<title>Audiencia general: Catequesis, \u201cLa oraci\u00f3n contemplativa\u201d - Exaudi<\/title>\n<meta name=\"description\" content=\"En la catequesis de la Audiencia general, el Papa ha continuado el ciclo de catequesis sobre la oraci\u00f3n y se ha centrado en contemplativa.\" \/>\n<meta name=\"robots\" content=\"index, follow, max-snippet:-1, max-image-preview:large, max-video-preview:-1\" \/>\n<link rel=\"canonical\" href=\"https:\/\/exaudi.org\/es\/audiencia-general-catequesis-oracion-contemplativa-2021\/\" \/>\n<meta property=\"og:locale\" content=\"es_ES\" \/>\n<meta property=\"og:type\" content=\"article\" \/>\n<meta property=\"og:title\" content=\"Audiencia general: Catequesis, \u201cLa oraci\u00f3n contemplativa\u201d - Exaudi\" \/>\n<meta property=\"og:description\" content=\"En la catequesis de la Audiencia general, el Papa ha continuado el ciclo de catequesis sobre la oraci\u00f3n y se ha centrado en contemplativa.\" \/>\n<meta property=\"og:url\" content=\"https:\/\/exaudi.org\/es\/audiencia-general-catequesis-oracion-contemplativa-2021\/\" \/>\n<meta property=\"og:site_name\" content=\"Exaudi\" \/>\n<meta property=\"article:publisher\" content=\"https:\/\/www.facebook.com\/ExaudiNews\" \/>\n<meta property=\"article:published_time\" content=\"2021-05-05T09:32:39+00:00\" \/>\n<meta property=\"article:modified_time\" content=\"2021-05-06T15:40:09+00:00\" \/>\n<meta property=\"og:image\" content=\"https:\/\/exaudi.org\/wp-content\/uploads\/2021\/05\/completa-scaled.jpg\" \/>\n\t<meta property=\"og:image:width\" content=\"2560\" \/>\n\t<meta property=\"og:image:height\" content=\"1704\" \/>\n\t<meta property=\"og:image:type\" content=\"image\/jpeg\" \/>\n<meta name=\"author\" content=\"Gabriel Sales\" \/>\n<meta name=\"twitter:card\" content=\"summary_large_image\" \/>\n<meta name=\"twitter:creator\" content=\"@habemusman\" \/>\n<meta name=\"twitter:site\" content=\"@Exaudi_News\" \/>\n<meta name=\"twitter:label1\" content=\"Escrito por\" \/>\n\t<meta name=\"twitter:data1\" content=\"Gabriel Sales\" \/>\n\t<meta name=\"twitter:label2\" content=\"Tiempo de lectura\" \/>\n\t<meta name=\"twitter:data2\" content=\"7 minutos\" \/>\n<script type=\"application\/ld+json\" class=\"yoast-schema-graph\">{\"@context\":\"https:\\\/\\\/schema.org\",\"@graph\":[{\"@type\":\"Article\",\"@id\":\"https:\\\/\\\/exaudi.org\\\/es\\\/audiencia-general-catequesis-oracion-contemplativa-2021\\\/#article\",\"isPartOf\":{\"@id\":\"https:\\\/\\\/exaudi.org\\\/es\\\/audiencia-general-catequesis-oracion-contemplativa-2021\\\/\"},\"author\":{\"name\":\"Gabriel Sales\",\"@id\":\"https:\\\/\\\/exaudi.org\\\/#\\\/schema\\\/person\\\/d134b96438278131ce90c90c03fda6cd\"},\"headline\":\"Audiencia general: Catequesis, \u201cLa oraci\u00f3n contemplativa\u201d\",\"datePublished\":\"2021-05-05T09:32:39+00:00\",\"dateModified\":\"2021-05-06T15:40:09+00:00\",\"mainEntityOfPage\":{\"@id\":\"https:\\\/\\\/exaudi.org\\\/es\\\/audiencia-general-catequesis-oracion-contemplativa-2021\\\/\"},\"wordCount\":1506,\"image\":{\"@id\":\"https:\\\/\\\/exaudi.org\\\/es\\\/audiencia-general-catequesis-oracion-contemplativa-2021\\\/#primaryimage\"},\"thumbnailUrl\":\"https:\\\/\\\/exaudi.org\\\/wp-content\\\/uploads\\\/2021\\\/05\\\/completa-scaled.jpg\",\"keywords\":[\"audiencia general\",\"catequesis\",\"Contemplaci\u00f3n\",\"Oraci\u00f3n\",\"papa francisco\"],\"articleSection\":[\"Audiencia General\"],\"inLanguage\":\"es\"},{\"@type\":\"WebPage\",\"@id\":\"https:\\\/\\\/exaudi.org\\\/es\\\/audiencia-general-catequesis-oracion-contemplativa-2021\\\/\",\"url\":\"https:\\\/\\\/exaudi.org\\\/es\\\/audiencia-general-catequesis-oracion-contemplativa-2021\\\/\",\"name\":\"Audiencia general: Catequesis, \u201cLa oraci\u00f3n contemplativa\u201d - Exaudi\",\"isPartOf\":{\"@id\":\"https:\\\/\\\/exaudi.org\\\/#website\"},\"primaryImageOfPage\":{\"@id\":\"https:\\\/\\\/exaudi.org\\\/es\\\/audiencia-general-catequesis-oracion-contemplativa-2021\\\/#primaryimage\"},\"image\":{\"@id\":\"https:\\\/\\\/exaudi.org\\\/es\\\/audiencia-general-catequesis-oracion-contemplativa-2021\\\/#primaryimage\"},\"thumbnailUrl\":\"https:\\\/\\\/exaudi.org\\\/wp-content\\\/uploads\\\/2021\\\/05\\\/completa-scaled.jpg\",\"datePublished\":\"2021-05-05T09:32:39+00:00\",\"dateModified\":\"2021-05-06T15:40:09+00:00\",\"author\":{\"@id\":\"https:\\\/\\\/exaudi.org\\\/#\\\/schema\\\/person\\\/d134b96438278131ce90c90c03fda6cd\"},\"description\":\"En la catequesis de la Audiencia general, el Papa ha continuado el ciclo de catequesis sobre la oraci\u00f3n y se ha centrado en contemplativa.\",\"breadcrumb\":{\"@id\":\"https:\\\/\\\/exaudi.org\\\/es\\\/audiencia-general-catequesis-oracion-contemplativa-2021\\\/#breadcrumb\"},\"inLanguage\":\"es\",\"potentialAction\":[{\"@type\":\"ReadAction\",\"target\":[\"https:\\\/\\\/exaudi.org\\\/es\\\/audiencia-general-catequesis-oracion-contemplativa-2021\\\/\"]}]},{\"@type\":\"ImageObject\",\"inLanguage\":\"es\",\"@id\":\"https:\\\/\\\/exaudi.org\\\/es\\\/audiencia-general-catequesis-oracion-contemplativa-2021\\\/#primaryimage\",\"url\":\"https:\\\/\\\/exaudi.org\\\/wp-content\\\/uploads\\\/2021\\\/05\\\/completa-scaled.jpg\",\"contentUrl\":\"https:\\\/\\\/exaudi.org\\\/wp-content\\\/uploads\\\/2021\\\/05\\\/completa-scaled.jpg\",\"width\":2560,\"height\":1704,\"caption\":\"Audiencia general 5 mayo 2021 \u00a9 Vatican Media\"},{\"@type\":\"BreadcrumbList\",\"@id\":\"https:\\\/\\\/exaudi.org\\\/es\\\/audiencia-general-catequesis-oracion-contemplativa-2021\\\/#breadcrumb\",\"itemListElement\":[{\"@type\":\"ListItem\",\"position\":1,\"name\":\"Portada\",\"item\":\"https:\\\/\\\/exaudi.org\\\/es\\\/\"},{\"@type\":\"ListItem\",\"position\":2,\"name\":\"Audiencia general: Catequesis, \u201cLa oraci\u00f3n contemplativa\u201d\"}]},{\"@type\":\"WebSite\",\"@id\":\"https:\\\/\\\/exaudi.org\\\/#website\",\"url\":\"https:\\\/\\\/exaudi.org\\\/\",\"name\":\"Exaudi\",\"description\":\"News\",\"potentialAction\":[{\"@type\":\"SearchAction\",\"target\":{\"@type\":\"EntryPoint\",\"urlTemplate\":\"https:\\\/\\\/exaudi.org\\\/?s={search_term_string}\"},\"query-input\":{\"@type\":\"PropertyValueSpecification\",\"valueRequired\":true,\"valueName\":\"search_term_string\"}}],\"inLanguage\":\"es\"},{\"@type\":\"Person\",\"@id\":\"https:\\\/\\\/exaudi.org\\\/#\\\/schema\\\/person\\\/d134b96438278131ce90c90c03fda6cd\",\"name\":\"Gabriel Sales\",\"image\":{\"@type\":\"ImageObject\",\"inLanguage\":\"es\",\"@id\":\"https:\\\/\\\/secure.gravatar.com\\\/avatar\\\/9b1269566f6a063ed26ffb3532b66a373cdde231ce5d0effb266167437fdaffd?s=96&d=mm&r=g\",\"url\":\"https:\\\/\\\/secure.gravatar.com\\\/avatar\\\/9b1269566f6a063ed26ffb3532b66a373cdde231ce5d0effb266167437fdaffd?s=96&d=mm&r=g\",\"contentUrl\":\"https:\\\/\\\/secure.gravatar.com\\\/avatar\\\/9b1269566f6a063ed26ffb3532b66a373cdde231ce5d0effb266167437fdaffd?s=96&d=mm&r=g\",\"caption\":\"Gabriel Sales\"},\"description\":\"Periodista y especialista en Comunicaci\u00f3n y Branding digital. Cin\u00e9filo y cr\u00edtico de cine y series de televisi\u00f3n.\",\"sameAs\":[\"https:\\\/\\\/www.instagram.com\\\/cine90segundos\\\/\",\"www.linkedin.com\\\/in\\\/habemusman\",\"https:\\\/\\\/x.com\\\/habemusman\",\"https:\\\/\\\/www.youtube.com\\\/channel\\\/UCVfCiOMkJ_C7T7OpyjuaLDg\"],\"url\":\"https:\\\/\\\/exaudi.org\\\/es\\\/author\\\/gsalesexaudi-org\\\/\"}]}<\/script>\n<!-- \/ Yoast SEO plugin. -->","yoast_head_json":{"title":"Audiencia general: Catequesis, \u201cLa oraci\u00f3n contemplativa\u201d - Exaudi","description":"En la catequesis de la Audiencia general, el Papa ha continuado el ciclo de catequesis sobre la oraci\u00f3n y se ha centrado en contemplativa.","robots":{"index":"index","follow":"follow","max-snippet":"max-snippet:-1","max-image-preview":"max-image-preview:large","max-video-preview":"max-video-preview:-1"},"canonical":"https:\/\/exaudi.org\/es\/audiencia-general-catequesis-oracion-contemplativa-2021\/","og_locale":"es_ES","og_type":"article","og_title":"Audiencia general: Catequesis, \u201cLa oraci\u00f3n contemplativa\u201d - Exaudi","og_description":"En la catequesis de la Audiencia general, el Papa ha continuado el ciclo de catequesis sobre la oraci\u00f3n y se ha centrado en contemplativa.","og_url":"https:\/\/exaudi.org\/es\/audiencia-general-catequesis-oracion-contemplativa-2021\/","og_site_name":"Exaudi","article_publisher":"https:\/\/www.facebook.com\/ExaudiNews","article_published_time":"2021-05-05T09:32:39+00:00","article_modified_time":"2021-05-06T15:40:09+00:00","og_image":[{"width":2560,"height":1704,"url":"https:\/\/exaudi.org\/wp-content\/uploads\/2021\/05\/completa-scaled.jpg","type":"image\/jpeg"}],"author":"Gabriel Sales","twitter_card":"summary_large_image","twitter_creator":"@habemusman","twitter_site":"@Exaudi_News","twitter_misc":{"Escrito por":"Gabriel Sales","Tiempo de lectura":"7 minutos"},"schema":{"@context":"https:\/\/schema.org","@graph":[{"@type":"Article","@id":"https:\/\/exaudi.org\/es\/audiencia-general-catequesis-oracion-contemplativa-2021\/#article","isPartOf":{"@id":"https:\/\/exaudi.org\/es\/audiencia-general-catequesis-oracion-contemplativa-2021\/"},"author":{"name":"Gabriel Sales","@id":"https:\/\/exaudi.org\/#\/schema\/person\/d134b96438278131ce90c90c03fda6cd"},"headline":"Audiencia general: Catequesis, \u201cLa oraci\u00f3n contemplativa\u201d","datePublished":"2021-05-05T09:32:39+00:00","dateModified":"2021-05-06T15:40:09+00:00","mainEntityOfPage":{"@id":"https:\/\/exaudi.org\/es\/audiencia-general-catequesis-oracion-contemplativa-2021\/"},"wordCount":1506,"image":{"@id":"https:\/\/exaudi.org\/es\/audiencia-general-catequesis-oracion-contemplativa-2021\/#primaryimage"},"thumbnailUrl":"https:\/\/exaudi.org\/wp-content\/uploads\/2021\/05\/completa-scaled.jpg","keywords":["audiencia general","catequesis","Contemplaci\u00f3n","Oraci\u00f3n","papa francisco"],"articleSection":["Audiencia General"],"inLanguage":"es"},{"@type":"WebPage","@id":"https:\/\/exaudi.org\/es\/audiencia-general-catequesis-oracion-contemplativa-2021\/","url":"https:\/\/exaudi.org\/es\/audiencia-general-catequesis-oracion-contemplativa-2021\/","name":"Audiencia general: Catequesis, \u201cLa oraci\u00f3n contemplativa\u201d - Exaudi","isPartOf":{"@id":"https:\/\/exaudi.org\/#website"},"primaryImageOfPage":{"@id":"https:\/\/exaudi.org\/es\/audiencia-general-catequesis-oracion-contemplativa-2021\/#primaryimage"},"image":{"@id":"https:\/\/exaudi.org\/es\/audiencia-general-catequesis-oracion-contemplativa-2021\/#primaryimage"},"thumbnailUrl":"https:\/\/exaudi.org\/wp-content\/uploads\/2021\/05\/completa-scaled.jpg","datePublished":"2021-05-05T09:32:39+00:00","dateModified":"2021-05-06T15:40:09+00:00","author":{"@id":"https:\/\/exaudi.org\/#\/schema\/person\/d134b96438278131ce90c90c03fda6cd"},"description":"En la catequesis de la Audiencia general, el Papa ha continuado el ciclo de catequesis sobre la oraci\u00f3n y se ha centrado en contemplativa.","breadcrumb":{"@id":"https:\/\/exaudi.org\/es\/audiencia-general-catequesis-oracion-contemplativa-2021\/#breadcrumb"},"inLanguage":"es","potentialAction":[{"@type":"ReadAction","target":["https:\/\/exaudi.org\/es\/audiencia-general-catequesis-oracion-contemplativa-2021\/"]}]},{"@type":"ImageObject","inLanguage":"es","@id":"https:\/\/exaudi.org\/es\/audiencia-general-catequesis-oracion-contemplativa-2021\/#primaryimage","url":"https:\/\/exaudi.org\/wp-content\/uploads\/2021\/05\/completa-scaled.jpg","contentUrl":"https:\/\/exaudi.org\/wp-content\/uploads\/2021\/05\/completa-scaled.jpg","width":2560,"height":1704,"caption":"Audiencia general 5 mayo 2021 \u00a9 Vatican Media"},{"@type":"BreadcrumbList","@id":"https:\/\/exaudi.org\/es\/audiencia-general-catequesis-oracion-contemplativa-2021\/#breadcrumb","itemListElement":[{"@type":"ListItem","position":1,"name":"Portada","item":"https:\/\/exaudi.org\/es\/"},{"@type":"ListItem","position":2,"name":"Audiencia general: Catequesis, \u201cLa oraci\u00f3n contemplativa\u201d"}]},{"@type":"WebSite","@id":"https:\/\/exaudi.org\/#website","url":"https:\/\/exaudi.org\/","name":"Exaudi","description":"News","potentialAction":[{"@type":"SearchAction","target":{"@type":"EntryPoint","urlTemplate":"https:\/\/exaudi.org\/?s={search_term_string}"},"query-input":{"@type":"PropertyValueSpecification","valueRequired":true,"valueName":"search_term_string"}}],"inLanguage":"es"},{"@type":"Person","@id":"https:\/\/exaudi.org\/#\/schema\/person\/d134b96438278131ce90c90c03fda6cd","name":"Gabriel Sales","image":{"@type":"ImageObject","inLanguage":"es","@id":"https:\/\/secure.gravatar.com\/avatar\/9b1269566f6a063ed26ffb3532b66a373cdde231ce5d0effb266167437fdaffd?s=96&d=mm&r=g","url":"https:\/\/secure.gravatar.com\/avatar\/9b1269566f6a063ed26ffb3532b66a373cdde231ce5d0effb266167437fdaffd?s=96&d=mm&r=g","contentUrl":"https:\/\/secure.gravatar.com\/avatar\/9b1269566f6a063ed26ffb3532b66a373cdde231ce5d0effb266167437fdaffd?s=96&d=mm&r=g","caption":"Gabriel Sales"},"description":"Periodista y especialista en Comunicaci\u00f3n y Branding digital. Cin\u00e9filo y cr\u00edtico de cine y series de televisi\u00f3n.","sameAs":["https:\/\/www.instagram.com\/cine90segundos\/","www.linkedin.com\/in\/habemusman","https:\/\/x.com\/habemusman","https:\/\/www.youtube.com\/channel\/UCVfCiOMkJ_C7T7OpyjuaLDg"],"url":"https:\/\/exaudi.org\/es\/author\/gsalesexaudi-org\/"}]}},"jetpack_featured_media_url":"https:\/\/exaudi.org\/wp-content\/uploads\/2021\/05\/completa-scaled.jpg","jetpack_shortlink":"https:\/\/wp.me\/pgKjF2-3Wb","_links":{"self":[{"href":"https:\/\/exaudi.org\/es\/wp-json\/wp\/v2\/posts\/15139","targetHints":{"allow":["GET"]}}],"collection":[{"href":"https:\/\/exaudi.org\/es\/wp-json\/wp\/v2\/posts"}],"about":[{"href":"https:\/\/exaudi.org\/es\/wp-json\/wp\/v2\/types\/post"}],"author":[{"embeddable":true,"href":"https:\/\/exaudi.org\/es\/wp-json\/wp\/v2\/users\/6"}],"replies":[{"embeddable":true,"href":"https:\/\/exaudi.org\/es\/wp-json\/wp\/v2\/comments?post=15139"}],"version-history":[{"count":0,"href":"https:\/\/exaudi.org\/es\/wp-json\/wp\/v2\/posts\/15139\/revisions"}],"wp:featuredmedia":[{"embeddable":true,"href":"https:\/\/exaudi.org\/es\/wp-json\/wp\/v2\/media\/15172"}],"wp:attachment":[{"href":"https:\/\/exaudi.org\/es\/wp-json\/wp\/v2\/media?parent=15139"}],"wp:term":[{"taxonomy":"category","embeddable":true,"href":"https:\/\/exaudi.org\/es\/wp-json\/wp\/v2\/categories?post=15139"},{"taxonomy":"post_tag","embeddable":true,"href":"https:\/\/exaudi.org\/es\/wp-json\/wp\/v2\/tags?post=15139"}],"curies":[{"name":"wp","href":"https:\/\/api.w.org\/{rel}","templated":true}]}}