{"id":151373,"date":"2025-12-22T12:09:25","date_gmt":"2025-12-22T11:09:25","guid":{"rendered":"https:\/\/exaudi.org\/?p=151373"},"modified":"2025-12-22T18:27:50","modified_gmt":"2025-12-22T17:27:50","slug":"el-papa-leon-xiv-llama-a-la-curia-romana-a-ser-mas-misionera-y-signo-de-comunion-en-un-mundo-dividido","status":"publish","type":"post","link":"https:\/\/exaudi.org\/es\/el-papa-leon-xiv-llama-a-la-curia-romana-a-ser-mas-misionera-y-signo-de-comunion-en-un-mundo-dividido\/","title":{"rendered":"El Papa Le\u00f3n XIV llama a la Curia Romana a ser m\u00e1s misionera y signo de comuni\u00f3n en un mundo dividido"},"content":{"rendered":"<p dir=\"auto\">En el tradicional encuentro de felicitaciones navide\u00f1as en el Aula de las Bendiciones, el Papa Le\u00f3n XIV se dirigi\u00f3 a los miembros de la Curia Romana con un discurso centrado en la necesidad de una Curia cada vez m\u00e1s orientada a la misi\u00f3n y a la construcci\u00f3n de la comuni\u00f3n, inspirado en el magisterio de sus predecesores y en el esp\u00edritu del Evangelio.<\/p>\n<p dir=\"auto\">El Pont\u00edfice expres\u00f3 su gratitud hacia el Papa Francisco, destacando su voz prof\u00e9tica, su estilo pastoral y su rico magisterio, que han marcado el camino de la Iglesia reciente. \u201cSu \u00e9nfasis en la misericordia de Dios, el impulso a la evangelizaci\u00f3n y la construcci\u00f3n de una Iglesia alegre, acogedora con todos y especialmente cercana a los m\u00e1s pobres, han sido una gu\u00eda luminosa\u201d, afirm\u00f3 Le\u00f3n XIV.<\/p>\n<p dir=\"auto\">Retomando las ense\u00f1anzas de la exhortaci\u00f3n apost\u00f3lica <em>Evangelii gaudium<\/em>, record\u00f3 que la Iglesia es <strong>por naturaleza extrovertida y misionera<\/strong>, \u201cabierta al mundo\u201d y en permanente estado de misi\u00f3n. \u201cLa misi\u00f3n de Jes\u00fas en la tierra debe convertirse en el criterio fundamental para discernir nuestra vida, nuestra fe y las pr\u00e1cticas eclesiales, incluyendo el servicio que realizamos en la Curia\u201d, se\u00f1al\u00f3.<\/p>\n<p dir=\"auto\">El Papa subray\u00f3 que misi\u00f3n y comuni\u00f3n est\u00e1n indisolublemente unidas: la primera impulsa a la Iglesia hacia el exterior, mientras que la segunda fortalece los v\u00ednculos internos. \u201cEl amor del Padre nos capacita para ser signo de una humanidad nueva, no basada en el ego\u00edsmo, sino en el amor rec\u00edproco y la solidaridad\u201d, explic\u00f3.<\/p>\n<p dir=\"auto\"><img loading=\"lazy\" decoding=\"async\" class=\"size-full wp-image-151374 alignnone\" src=\"https:\/\/exaudi.org\/wp-content\/uploads\/2025\/12\/cq5dam.thumbnail.cropped.750.422-2-4.jpeg\" alt=\"\" width=\"750\" height=\"422\" srcset=\"https:\/\/exaudi.org\/wp-content\/uploads\/2025\/12\/cq5dam.thumbnail.cropped.750.422-2-4.jpeg 750w, https:\/\/exaudi.org\/wp-content\/uploads\/2025\/12\/cq5dam.thumbnail.cropped.750.422-2-4-300x169.jpeg 300w, https:\/\/exaudi.org\/wp-content\/uploads\/2025\/12\/cq5dam.thumbnail.cropped.750.422-2-4-500x281.jpeg 500w\" sizes=\"auto, (max-width: 750px) 100vw, 750px\" \/><\/p>\n<p dir=\"auto\"><strong>Ad intra<\/strong>, Le\u00f3n XIV llam\u00f3 a una conversi\u00f3n continua en las relaciones cotidianas, promoviendo una Iglesia sinodal donde se valoren las diferencias sin caer en la uniformidad ni en la exacerbaci\u00f3n de las divisiones. Advirti\u00f3 contra el rigorismo ideol\u00f3gico, las din\u00e1micas de poder y los \u201cfantasmas de la divisi\u00f3n\u201d que pueden ocultarse tras una aparente tranquilidad. Citando a san Agust\u00edn, insisti\u00f3 en la belleza de las relaciones de amistad y fraternidad: \u201cEs hermoso cuando encontramos amigos en quienes poder confiar, cuando caen las m\u00e1scaras, cuando hay ayuda mutua y se reconoce el valor de cada uno\u201d.<\/p>\n<p dir=\"auto\">El Santo Padre pregunt\u00f3: \u201c\u00bfEs posible ser amigos en la Curia Romana? \u00bfTener relaciones de fraternidad aut\u00e9ntica?\u201d. Pidi\u00f3 que las relaciones laborales reflejen el amor de Cristo, sin usar a las personas ni generar rencores, para que la Curia sea un verdadero testimonio de comuni\u00f3n.<\/p>\n<p dir=\"auto\"><strong>Ad extra<\/strong>, en un mundo marcado por conflictos, agresividad y fragmentaci\u00f3n \u2014alimentados por lo digital y lo pol\u00edtico\u2014, la Curia debe ser un fermento de fraternidad universal entre pueblos, religiones y culturas. \u201cNo somos peque\u00f1os jardineros dedicados a cuidar el propio huerto, sino disc\u00edpulos y testigos del Reino de Dios\u201d, afirm\u00f3.<\/p>\n<p dir=\"auto\">Le\u00f3n XIV enfatiz\u00f3 que la Curia no debe limitarse a la administraci\u00f3n ordinaria, sino orientarse hacia los grandes desaf\u00edos eclesiales, pastorales y sociales del momento. \u201cNecesitamos una Curia Romana cada vez m\u00e1s misionera, donde las instituciones y oficinas est\u00e9n al servicio de la evangelizaci\u00f3n y no la obstaculicen\u201d, concluy\u00f3.<\/p>\n<p dir=\"auto\">El discurso cerr\u00f3 con referencias al Jubileo reci\u00e9n concluido, dedicado a la esperanza, al 1700 aniversario del Concilio de Nicea y al 60 aniversario del Concilio Vaticano II, as\u00ed como al 50 aniversario de la exhortaci\u00f3n <em>Evangelii Nuntiandi<\/em> de san Pablo VI, que recuerda que el testimonio de una vida cristiana aut\u00e9ntica \u2014en comuni\u00f3n con Dios y donada al pr\u00f3jimo\u2014 es el primer medio de evangelizaci\u00f3n.<\/p>\n<p dir=\"auto\">Concluy\u00f3 con una oraci\u00f3n por la paz: \u201cQue el Se\u00f1or nos traiga su luz y d\u00e9 al mundo la paz\u201d. Como regalo, obsequi\u00f3 a los presentes el libro <em>La pr\u00e1ctica de la presencia de Dios<\/em> de fray Lorenzo de la Resurrecci\u00f3n.<\/p>\n<p dir=\"auto\"><em><strong>Texto completo:<\/strong><\/em><\/p>\n<div class=\"abstract text parbase vaticanrichtext\">\n<p style=\"text-align: center;\"><b><i><span class=\"title-1-color\">DISCURSO DEL SANTO PADRE LE\u00d3N XIV<br \/>\nA LA CURIA ROMANA EN OCASI\u00d3N DEL SALUDO DE NAVIDAD<\/span><\/i><\/b><\/p>\n<p style=\"text-align: center;\"><i><span class=\"color-text\">Aula de las Bendiciones<br \/>\nLunes, 22 de diciembre de 2025<\/span><\/i><\/p>\n<p>____________________________________<\/p>\n<\/div>\n<div class=\"text parbase vaticanrichtext\">\n<p><i>Se\u00f1ores Cardenales,<br \/>\nvenerados hermanos en el episcopado y en el presbiterado,<br \/>\nqueridos hermanos y hermanas<\/i>:<\/p>\n<p>La luz de la Navidad viene a nuestro encuentro, invit\u00e1ndonos a redescubrir la novedad que, desde la humilde gruta de Bel\u00e9n, recorre la historia humana. Atra\u00eddos por esta novedad, que abarca toda la creaci\u00f3n, caminamos con alegr\u00eda y esperanza, porque ha nacido para nosotros el Salvador (cf.\u00a0<i>Lc<\/i>\u00a02,11): Dios se ha hecho carne, se ha convertido en nuestro hermano y permanece para siempre como el Dios-con-nosotros.<\/p>\n<p>Con esta alegr\u00eda en el coraz\u00f3n y con un profundo sentido de gratitud, podemos mirar los acontecimientos que se suceden, tambi\u00e9n en la vida de la Iglesia. Por eso, ahora que estamos en la vigilia de las fiestas navide\u00f1as, mientras saludo cordialmente a todos y agradezco al Cardenal Decano sus palabras \u2015siempre llenas de entusiasmo: hoy el Salmo nos dice que son setenta nuestros a\u00f1os, ochenta para los m\u00e1s robustos, as\u00ed que celebramos tambi\u00e9n con ustedes\u2015, deseo en primer lugar recordar a mi querido predecesor, el\u00a0<a href=\"https:\/\/www.vatican.va\/content\/francesco\/es.html\">Papa Francisco<\/a>, que este a\u00f1o ha concluido su vida terrenal. Su voz prof\u00e9tica, su estilo pastoral y su rico magisterio han marcado el camino de la Iglesia en estos a\u00f1os, anim\u00e1ndonos principalmente a volver a colocar en el centro la misericordia de Dios, a dar un mayor impulso a la evangelizaci\u00f3n, a ser una Iglesia alegre y gozosa, acogedora con todos, atenta a los m\u00e1s pobres.<\/p>\n<p>Inspir\u00e1ndome precisamente en su Exhortaci\u00f3n apost\u00f3lica\u00a0<i><a href=\"https:\/\/www.vatican.va\/content\/francesco\/es\/apost_exhortations\/documents\/papa-francesco_esortazione-ap_20131124_evangelii-gaudium.html\">Evangelii gaudium<\/a><\/i>, quisiera volver sobre dos aspectos fundamentales de la vida de la Iglesia: la\u00a0<i>misi\u00f3n<\/i>\u00a0y la\u00a0<i>comuni\u00f3n<\/i>.<\/p>\n<p>La Iglesia es, por naturaleza, extrovertida, abierta al mundo,\u00a0<i>misionera<\/i>. Ha recibido de Cristo el don del Esp\u00edritu para llevar a todos la buena nueva del amor de Dios. Signo vivo de este amor divino por la humanidad, la Iglesia existe para invitar, llamar y reunir al banquete festivo que el Se\u00f1or prepara para nosotros, para que cada uno pueda descubrirse hijo amado, hermano del pr\u00f3jimo, hombre nuevo a imagen de Cristo y, por lo tanto, testigo de la verdad, la justicia y la paz.<\/p>\n<p><i><a href=\"https:\/\/www.vatican.va\/content\/francesco\/es\/apost_exhortations\/documents\/papa-francesco_esortazione-ap_20131124_evangelii-gaudium.html\">Evangelii gaudium<\/a><\/i>\u00a0nos anima a avanzar en la transformaci\u00f3n misionera de la Iglesia, que encuentra su fuerza inagotable en el mandato de Cristo Resucitado. \u00abEn este \u201cid\u201d de Jes\u00fas est\u00e1n presentes los escenarios y los desaf\u00edos siempre nuevos de la misi\u00f3n evangelizadora de la Iglesia, y todos estamos llamados a esta nueva \u201csalida\u201d misionera\u00bb (<i>EG<\/i>, 20). Este estado de misi\u00f3n deriva del hecho de que Dios mismo, primero, se puso en camino hacia nosotros y, en Cristo, vino a buscarnos. La misi\u00f3n comienza en el coraz\u00f3n de la Sant\u00edsima Trinidad: Dios, en efecto, consagr\u00f3 y envi\u00f3 a su Hijo al mundo para que \u00abtodo aquel que cree en \u00e9l no perezca, sino que tenga vida eterna\u00bb (<i>Jn<\/i>\u00a03,16). El primer gran \u201c\u00e9xodo\u201d, por tanto, es el de Dios, que sale de s\u00ed mismo para venir a nuestro encuentro. El misterio de la Navidad nos anuncia precisamente esto: la misi\u00f3n del Hijo consiste en su venida al mundo (cf. San Agust\u00edn,\u00a0<i>La Trinidad<\/i>, IV, 20.28).<\/p>\n<p>De ese modo, la misi\u00f3n de Jes\u00fas en la tierra, que se prolonga por el Esp\u00edritu Santo en la misi\u00f3n de la Iglesia, se vuelve criterio de discernimiento para nuestra vida, para nuestro camino de fe, para las praxis eclesiales, como tambi\u00e9n para el servicio que llevamos adelante en la Curia Romana. Las estructuras, en efecto, no deben entorpecer, detener la carrera del Evangelio o impedir el dinamismo de la evangelizaci\u00f3n; por el contrario, debemos \u00abprocurar que todas ellas se vuelvan m\u00e1s misioneras\u00bb (<i><a href=\"https:\/\/www.vatican.va\/content\/francesco\/es\/apost_exhortations\/documents\/papa-francesco_esortazione-ap_20131124_evangelii-gaudium.html\">Evangelii gaudium<\/a><\/i>, 27).<\/p>\n<p>Por eso, en el esp\u00edritu de la corresponsabilidad bautismal, todos estamos llamados a participar en la misi\u00f3n de Cristo. Tambi\u00e9n el trabajo de la Curia debe estar animado por este esp\u00edritu y promover la solicitud pastoral al servicio de las Iglesias particulares y de sus pastores. Necesitamos una\u00a0<a href=\"https:\/\/www.vatican.va\/content\/romancuria\/es.html\">Curia Romana<\/a>\u00a0cada vez m\u00e1s misionera, donde las instituciones, las oficinas y las tareas est\u00e9n pensadas atendiendo a los grandes desaf\u00edos eclesiales, pastorales y sociales de hoy, y no s\u00f3lo para garantizar la administraci\u00f3n ordinaria.<\/p>\n<p>Al mismo tiempo, la misi\u00f3n en la vida de la Iglesia est\u00e1 estrechamente ligada a la\u00a0<i>comuni\u00f3n<\/i>. El misterio de la Navidad, efectivamente, mientras celebra la misi\u00f3n del Hijo de Dios entre nosotros, contempla tambi\u00e9n su finalidad: Dios ha reconciliado consigo al mundo por medio de Cristo (cf.\u00a0<i>2 Co<\/i>\u00a05,19) y, en \u00c9l, nos ha hecho sus hijos. La Navidad nos recuerda que Jes\u00fas ha venido a revelarnos el verdadero rostro de Dios como Padre, para que todos pudi\u00e9ramos ser sus hijos y, por tanto, hermanos y hermanas entre nosotros. El amor del Padre, que Jes\u00fas encarna y manifiesta en sus gestos de liberaci\u00f3n y en su predicaci\u00f3n, nos hace capaces, en el Esp\u00edritu Santo, de ser signo de una nueva humanidad, no fundada en la l\u00f3gica del ego\u00edsmo y el individualismo, sino en el amor mutuo y la solidaridad rec\u00edproca.<\/p>\n<p>Esta es una tarea m\u00e1s urgente que nunca\u00a0<i>ad intra<\/i>\u00a0y\u00a0<i>ad extra<\/i>.<\/p>\n<p>Lo es\u00a0<i>ad intra<\/i>, porque la comuni\u00f3n en la Iglesia permanece siempre como un desaf\u00edo que nos llama a la conversi\u00f3n. A veces, detr\u00e1s de una aparente tranquilidad, se agitan los fantasmas de la divisi\u00f3n. Y estos nos hacen caer en la tentaci\u00f3n de oscilar entre dos extremos opuestos: uniformar todo sin valorar las diferencias o, por el contrario, exasperar las diversidades y los puntos de vista en vez de buscar la comuni\u00f3n. As\u00ed, en las relaciones interpersonales, en las din\u00e1micas internas de las oficinas y los roles, o tratando los temas que se refieren a la fe, la liturgia, la moral u otros, se corre el riesgo de ser v\u00edctimas de la rigidez y de la ideolog\u00eda, con las contraposiciones que ello implica.<\/p>\n<p>Pero nosotros somos la Iglesia de Cristo, somos sus miembros, su cuerpo. Somos hermanos y hermanas en \u00c9l. Y en Cristo, aun siendo muchos y diferentes, somos uno: \u201c<i>In Illo uno unum<\/i>\u201d.<\/p>\n<p>Estamos llamados tambi\u00e9n, y sobre todo aqu\u00ed en la Curia, a ser constructores de la comuni\u00f3n de Cristo, que pide configurarse como Iglesia sinodal, donde todos colaboran y cooperan en la misma misi\u00f3n, cada uno seg\u00fan el propio carisma y el rol recibido. Pero esto se construye, m\u00e1s que con las palabras y los documentos, mediante gestos y actitudes concretos que deben manifestarse en lo cotidiano, tambi\u00e9n en el ambiente laboral. Me gusta recordar lo que escrib\u00eda san Agust\u00edn en su carta a Proba: \u00abEn todos los negocios humanos, nada es grato para el hombre si no tiene por amigo al hombre\u00bb. Sin embargo, se preguntaba con una pizca de amargura: \u00ab\u00bfQui\u00e9n puede hallarse que sea tan buen amigo, que podamos tener en esta vida seguridad cierta de su intenci\u00f3n y de sus costumbres?\u00bb (<i>Carta<\/i>\u00a0130, 4).<\/p>\n<p>Esta amargura en ocasiones se abre camino entre nosotros cuando, quiz\u00e1s despu\u00e9s de muchos a\u00f1os ofrecidos al servicio de la Curia, notamos con desilusi\u00f3n que, a algunas din\u00e1micas vinculadas al ejercicio del poder, al af\u00e1n de sobresalir, al cuidado de los propios intereses, les cuesta cambiar. Y cabe preguntarse: \u00bfes posible ser amigos en la Curia Romana, tener relaciones de amigable fraternidad? En el esfuerzo cotidiano es hermoso cuando encontramos amigos en quienes poder confiar, cuando caen m\u00e1scaras y enga\u00f1os, cuando las personas no son usadas y pasadas por encima, cuando hay ayuda mutua, cuando se reconoce a cada uno el propio valor y la propia competencia, evitando generar insatisfacciones y rencores. Hay una conversi\u00f3n personal que debemos desear y perseguir, para que en nuestras relaciones pueda transparentarse el amor de Cristo que nos hace hermanos.<\/p>\n<p>Esto se vuelve un signo tambi\u00e9n\u00a0<i>ad extra<\/i>, en un mundo herido por discordias, violencia y conflictos, en el que vemos tambi\u00e9n un aumento de la agresividad y la rabia, frecuentemente instrumentalizadas por el mundo digital y la pol\u00edtica. La Navidad del Se\u00f1or trae consigo el don de la paz y nos invita a ser un signo prof\u00e9tico en un contexto humano y cultural demasiado fragmentado. El trabajo de la Curia y el de la Iglesia en general debe pensarse tambi\u00e9n en este amplio horizonte: no somos peque\u00f1os jardineros dedicados a cuidar el propio huerto, sino que somos disc\u00edpulos y testigos del Reino de Dios, llamados a ser en Cristo fermento de fraternidad universal, entre pueblos distintos, religiones diferentes, entre mujeres y hombres de toda lengua y cultura. Y esto ocurre si somos nosotros los primeros en vivir como hermanos y hacemos brillar en el mundo la luz de la comuni\u00f3n.<\/p>\n<p>Queridos hermanos, la misi\u00f3n y la comuni\u00f3n son posibles si ponemos a Cristo en el centro.\u00a0<a href=\"https:\/\/www.iubilaeum2025.va\/es.html\">El Jubileo de este a\u00f1o<\/a>\u00a0nos ha recordado que s\u00f3lo \u00c9l es la esperanza que no declina. Y, precisamente durante el A\u00f1o Santo, celebraciones importantes nos han hecho recordar otros dos acontecimientos: el Concilio de Nicea, que nos reconduce a las ra\u00edces de nuestra fe, y el\u00a0<a href=\"https:\/\/www.vatican.va\/archive\/hist_councils\/ii_vatican_council\/index_sp.htm\">Concilio Vaticano II<\/a>, que fijando la mirada en Cristo ha consolidado a la Iglesia y la ha impulsado a salir al encuentro del mundo, a la escucha de las alegr\u00edas y las esperanzas, las tristezas y las angustias de los hombres de hoy\u00a0(cf.\u00a0<i><a href=\"https:\/\/www.vatican.va\/archive\/hist_councils\/ii_vatican_council\/documents\/vat-ii_const_19651207_gaudium-et-spes_sp.html\">Gaudium et spes<\/a><\/i>, 1).<\/p>\n<p>Por \u00faltimo, perm\u00edtanme recordar que hace cincuenta a\u00f1os, en el d\u00eda de la Inmaculada Concepci\u00f3n, fue promulgada por\u00a0<a href=\"https:\/\/www.vatican.va\/content\/paul-vi\/es.html\">san Pablo VI<\/a>\u00a0la Exhortaci\u00f3n apost\u00f3lica\u00a0<i><a href=\"https:\/\/www.vatican.va\/content\/paul-vi\/es\/apost_exhortations\/documents\/hf_p-vi_exh_19751208_evangelii-nuntiandi.html\">Evangelii nuntiandi<\/a><\/i>,\u00a0escrita despu\u00e9s de la tercera Asamblea General Ordinaria del S\u00ednodo de los Obispos. Esta subraya, entre otras cosas, dos realidades que podemos destacar aqu\u00ed: el hecho de que \u00abla Iglesia recibe la misi\u00f3n de evangelizar y [\u2026] la actividad de cada miembro constituye algo importante para el conjunto\u00bb (n. 15); y, al mismo tiempo, la convicci\u00f3n de que \u00abel primer medio de evangelizaci\u00f3n consiste en un testimonio de vida aut\u00e9nticamente cristiana, entregada a Dios en una comuni\u00f3n que nada debe interrumpir y a la vez consagrada igualmente al pr\u00f3jimo con un celo sin l\u00edmites\u00bb (n. 41).<\/p>\n<p>Recordemos esto tambi\u00e9n en nuestro servicio curial: la labor de cada uno es importante para el todo, y el testimonio de una vida cristiana, que se expresa en la comuni\u00f3n, es el primer y el mayor servicio que podemos ofrecer.<\/p>\n<p>Eminencias, Excelencias, queridos hermanos y hermanas, el Se\u00f1or desciende del cielo y se abaja hacia nosotros. Como escrib\u00eda Bonhoeffer, meditando sobre el misterio de la Navidad, \u201cDios no se averg\u00fcenza de la bajeza del hombre, entra en \u00e9l [\u2026]. Dios ama lo que est\u00e1 perdido, lo que nadie considera, lo insignificante, lo marginado, d\u00e9bil y abatido\u201d (cf. D. Bonhoeffer,\u00a0<i>Riconoscere Dio al centro della vita<\/i>, Brescia 2004, 12). Que el Se\u00f1or nos d\u00e9 su misma condescendencia, su misma compasi\u00f3n, su amor, para que cada d\u00eda seamos sus disc\u00edpulos y testigos.<\/p>\n<p>Les deseo de coraz\u00f3n a todos una Santa Navidad. Que el Se\u00f1or nos traiga su luz y conceda al mundo la paz.<\/p>\n<p><iframe loading=\"lazy\" title=\"Audiencia Curia Romana\" width=\"500\" height=\"281\" src=\"https:\/\/www.youtube.com\/embed\/lpF5-W4mTXk?feature=oembed\" frameborder=\"0\" allow=\"accelerometer; autoplay; clipboard-write; encrypted-media; gyroscope; picture-in-picture; web-share\" referrerpolicy=\"strict-origin-when-cross-origin\" allowfullscreen><\/iframe><\/p>\n<\/div>\n","protected":false},"excerpt":{"rendered":"<p>Audiencia del Papa Le\u00f3n XIV a la Curia Romana en ocasi\u00f3n de los saludos navide\u00f1os<\/p>\n","protected":false},"author":15,"featured_media":151456,"comment_status":"closed","ping_status":"closed","sticky":false,"template":"","format":"standard","meta":{"_acf_changed":false,"_crdt_document":"","inline_featured_image":false,"footnotes":""},"categories":[68],"tags":[5024,86961,26519,2998,48080,5598,8442,86962,1019,34920,240,86963,21098,5856,58067,3592,4700,158,58111,19550,3007,23044],"class_list":["post-151373","post","type-post","status-publish","format-standard","has-post-thumbnail","hentry","category-leon-xiv","tag-adviento","tag-audiencia-navidena-2025","tag-comunion-eclesial","tag-concilio-vaticano-ii","tag-conversion-personal","tag-curia-romana-es","tag-evangelii-gaudium","tag-evangelii-nuntiandi","tag-evangelizacion","tag-featured-es-14","tag-fraternidad","tag-iglesia-extrovertida","tag-iglesia-misionera","tag-jubileo-2025","tag-leon-xiv","tag-misericordia-es","tag-navidad","tag-papa-francisco","tag-papa-leon-xiv","tag-paz-mundial","tag-sinodalidad-es","tag-testimonio-cristiano"],"acf":[],"yoast_head":"<!-- This site is optimized with the Yoast SEO plugin v27.4 - https:\/\/yoast.com\/product\/yoast-seo-wordpress\/ -->\n<title>El Papa Le\u00f3n XIV llama a la Curia Romana a ser m\u00e1s misionera y signo de comuni\u00f3n en un mundo dividido &#8211; Exaudi<\/title>\n<meta name=\"robots\" content=\"index, follow, max-snippet:-1, max-image-preview:large, max-video-preview:-1\" \/>\n<link rel=\"canonical\" href=\"https:\/\/exaudi.org\/es\/el-papa-leon-xiv-llama-a-la-curia-romana-a-ser-mas-misionera-y-signo-de-comunion-en-un-mundo-dividido\/\" \/>\n<meta property=\"og:locale\" content=\"es_ES\" \/>\n<meta property=\"og:type\" content=\"article\" \/>\n<meta property=\"og:title\" content=\"El Papa Le\u00f3n XIV llama a la Curia Romana a ser m\u00e1s misionera y signo de comuni\u00f3n en un mundo dividido &#8211; Exaudi\" \/>\n<meta property=\"og:description\" content=\"Audiencia del Papa Le\u00f3n XIV a la Curia Romana en ocasi\u00f3n de los saludos navide\u00f1os\" \/>\n<meta property=\"og:url\" content=\"https:\/\/exaudi.org\/es\/el-papa-leon-xiv-llama-a-la-curia-romana-a-ser-mas-misionera-y-signo-de-comunion-en-un-mundo-dividido\/\" \/>\n<meta property=\"og:site_name\" content=\"Exaudi\" \/>\n<meta property=\"article:publisher\" content=\"https:\/\/www.facebook.com\/ExaudiNews\" \/>\n<meta property=\"article:author\" content=\"https:\/\/www.facebook.com\/ExaudiNoticias\/\" \/>\n<meta property=\"article:published_time\" content=\"2025-12-22T11:09:25+00:00\" \/>\n<meta property=\"article:modified_time\" content=\"2025-12-22T17:27:50+00:00\" \/>\n<meta property=\"og:image\" content=\"https:\/\/exaudi.org\/wp-content\/uploads\/2025\/12\/cq5dam.thumbnail.cropped.750.422-2-5.jpeg\" \/>\n\t<meta property=\"og:image:width\" content=\"750\" \/>\n\t<meta property=\"og:image:height\" content=\"422\" \/>\n\t<meta property=\"og:image:type\" content=\"image\/jpeg\" \/>\n<meta name=\"author\" content=\"Exaudi Redacci\u00f3n\" \/>\n<meta name=\"twitter:card\" content=\"summary_large_image\" \/>\n<meta name=\"twitter:creator\" content=\"@Exaudi_noticias\" \/>\n<meta name=\"twitter:site\" content=\"@Exaudi_News\" \/>\n<meta name=\"twitter:label1\" content=\"Escrito por\" \/>\n\t<meta name=\"twitter:data1\" content=\"Exaudi Redacci\u00f3n\" \/>\n\t<meta name=\"twitter:label2\" content=\"Tiempo de lectura\" \/>\n\t<meta name=\"twitter:data2\" content=\"13 minutos\" \/>\n<script type=\"application\/ld+json\" class=\"yoast-schema-graph\">{\"@context\":\"https:\\\/\\\/schema.org\",\"@graph\":[{\"@type\":\"Article\",\"@id\":\"https:\\\/\\\/exaudi.org\\\/es\\\/el-papa-leon-xiv-llama-a-la-curia-romana-a-ser-mas-misionera-y-signo-de-comunion-en-un-mundo-dividido\\\/#article\",\"isPartOf\":{\"@id\":\"https:\\\/\\\/exaudi.org\\\/es\\\/el-papa-leon-xiv-llama-a-la-curia-romana-a-ser-mas-misionera-y-signo-de-comunion-en-un-mundo-dividido\\\/\"},\"author\":{\"name\":\"Exaudi Redacci\u00f3n\",\"@id\":\"https:\\\/\\\/exaudi.org\\\/#\\\/schema\\\/person\\\/f5fc8f063065e38742da7afe15f25df7\"},\"headline\":\"El Papa Le\u00f3n XIV llama a la Curia Romana a ser m\u00e1s misionera y signo de comuni\u00f3n en un mundo dividido\",\"datePublished\":\"2025-12-22T11:09:25+00:00\",\"dateModified\":\"2025-12-22T17:27:50+00:00\",\"mainEntityOfPage\":{\"@id\":\"https:\\\/\\\/exaudi.org\\\/es\\\/el-papa-leon-xiv-llama-a-la-curia-romana-a-ser-mas-misionera-y-signo-de-comunion-en-un-mundo-dividido\\\/\"},\"wordCount\":2625,\"image\":{\"@id\":\"https:\\\/\\\/exaudi.org\\\/es\\\/el-papa-leon-xiv-llama-a-la-curia-romana-a-ser-mas-misionera-y-signo-de-comunion-en-un-mundo-dividido\\\/#primaryimage\"},\"thumbnailUrl\":\"https:\\\/\\\/exaudi.org\\\/wp-content\\\/uploads\\\/2025\\\/12\\\/cq5dam.thumbnail.cropped.750.422-2-5.jpeg\",\"keywords\":[\"Adviento\",\"audiencia navide\u00f1a 2025\",\"comuni\u00f3n eclesial\",\"Concilio Vaticano II\",\"conversi\u00f3n personal\",\"curia romana\",\"Evangelii gaudium\",\"Evangelii Nuntiandi\",\"Evangelizaci\u00f3n\",\"Featured\",\"fraternidad\",\"Iglesia extrovertida\",\"Iglesia Misionera\",\"Jubileo 2025\",\"Le\u00f3n XIV\",\"misericordia\",\"navidad\",\"papa francisco\",\"papa le\u00f3n xiv\",\"paz mundial\",\"Sinodalidad\",\"testimonio cristiano\"],\"articleSection\":[\"Le\u00f3n XIV\"],\"inLanguage\":\"es\"},{\"@type\":\"WebPage\",\"@id\":\"https:\\\/\\\/exaudi.org\\\/es\\\/el-papa-leon-xiv-llama-a-la-curia-romana-a-ser-mas-misionera-y-signo-de-comunion-en-un-mundo-dividido\\\/\",\"url\":\"https:\\\/\\\/exaudi.org\\\/es\\\/el-papa-leon-xiv-llama-a-la-curia-romana-a-ser-mas-misionera-y-signo-de-comunion-en-un-mundo-dividido\\\/\",\"name\":\"El Papa Le\u00f3n XIV llama a la Curia Romana a ser m\u00e1s misionera y signo de comuni\u00f3n en un mundo dividido &#8211; Exaudi\",\"isPartOf\":{\"@id\":\"https:\\\/\\\/exaudi.org\\\/#website\"},\"primaryImageOfPage\":{\"@id\":\"https:\\\/\\\/exaudi.org\\\/es\\\/el-papa-leon-xiv-llama-a-la-curia-romana-a-ser-mas-misionera-y-signo-de-comunion-en-un-mundo-dividido\\\/#primaryimage\"},\"image\":{\"@id\":\"https:\\\/\\\/exaudi.org\\\/es\\\/el-papa-leon-xiv-llama-a-la-curia-romana-a-ser-mas-misionera-y-signo-de-comunion-en-un-mundo-dividido\\\/#primaryimage\"},\"thumbnailUrl\":\"https:\\\/\\\/exaudi.org\\\/wp-content\\\/uploads\\\/2025\\\/12\\\/cq5dam.thumbnail.cropped.750.422-2-5.jpeg\",\"datePublished\":\"2025-12-22T11:09:25+00:00\",\"dateModified\":\"2025-12-22T17:27:50+00:00\",\"author\":{\"@id\":\"https:\\\/\\\/exaudi.org\\\/#\\\/schema\\\/person\\\/f5fc8f063065e38742da7afe15f25df7\"},\"breadcrumb\":{\"@id\":\"https:\\\/\\\/exaudi.org\\\/es\\\/el-papa-leon-xiv-llama-a-la-curia-romana-a-ser-mas-misionera-y-signo-de-comunion-en-un-mundo-dividido\\\/#breadcrumb\"},\"inLanguage\":\"es\",\"potentialAction\":[{\"@type\":\"ReadAction\",\"target\":[\"https:\\\/\\\/exaudi.org\\\/es\\\/el-papa-leon-xiv-llama-a-la-curia-romana-a-ser-mas-misionera-y-signo-de-comunion-en-un-mundo-dividido\\\/\"]}]},{\"@type\":\"ImageObject\",\"inLanguage\":\"es\",\"@id\":\"https:\\\/\\\/exaudi.org\\\/es\\\/el-papa-leon-xiv-llama-a-la-curia-romana-a-ser-mas-misionera-y-signo-de-comunion-en-un-mundo-dividido\\\/#primaryimage\",\"url\":\"https:\\\/\\\/exaudi.org\\\/wp-content\\\/uploads\\\/2025\\\/12\\\/cq5dam.thumbnail.cropped.750.422-2-5.jpeg\",\"contentUrl\":\"https:\\\/\\\/exaudi.org\\\/wp-content\\\/uploads\\\/2025\\\/12\\\/cq5dam.thumbnail.cropped.750.422-2-5.jpeg\",\"width\":750,\"height\":422},{\"@type\":\"BreadcrumbList\",\"@id\":\"https:\\\/\\\/exaudi.org\\\/es\\\/el-papa-leon-xiv-llama-a-la-curia-romana-a-ser-mas-misionera-y-signo-de-comunion-en-un-mundo-dividido\\\/#breadcrumb\",\"itemListElement\":[{\"@type\":\"ListItem\",\"position\":1,\"name\":\"Portada\",\"item\":\"https:\\\/\\\/exaudi.org\\\/es\\\/\"},{\"@type\":\"ListItem\",\"position\":2,\"name\":\"El Papa Le\u00f3n XIV llama a la Curia Romana a ser m\u00e1s misionera y signo de comuni\u00f3n en un mundo dividido\"}]},{\"@type\":\"WebSite\",\"@id\":\"https:\\\/\\\/exaudi.org\\\/#website\",\"url\":\"https:\\\/\\\/exaudi.org\\\/\",\"name\":\"Exaudi\",\"description\":\"News\",\"potentialAction\":[{\"@type\":\"SearchAction\",\"target\":{\"@type\":\"EntryPoint\",\"urlTemplate\":\"https:\\\/\\\/exaudi.org\\\/?s={search_term_string}\"},\"query-input\":{\"@type\":\"PropertyValueSpecification\",\"valueRequired\":true,\"valueName\":\"search_term_string\"}}],\"inLanguage\":\"es\"},{\"@type\":\"Person\",\"@id\":\"https:\\\/\\\/exaudi.org\\\/#\\\/schema\\\/person\\\/f5fc8f063065e38742da7afe15f25df7\",\"name\":\"Exaudi Redacci\u00f3n\",\"image\":{\"@type\":\"ImageObject\",\"inLanguage\":\"es\",\"@id\":\"https:\\\/\\\/secure.gravatar.com\\\/avatar\\\/fe0f6a059fb68d9b3e11bc5850dd4899b1c7492091a3cb6dd9b01b56ad828be2?s=96&d=mm&r=g\",\"url\":\"https:\\\/\\\/secure.gravatar.com\\\/avatar\\\/fe0f6a059fb68d9b3e11bc5850dd4899b1c7492091a3cb6dd9b01b56ad828be2?s=96&d=mm&r=g\",\"contentUrl\":\"https:\\\/\\\/secure.gravatar.com\\\/avatar\\\/fe0f6a059fb68d9b3e11bc5850dd4899b1c7492091a3cb6dd9b01b56ad828be2?s=96&d=mm&r=g\",\"caption\":\"Exaudi Redacci\u00f3n\"},\"description\":\"\u00bfQu\u00e9 es Exaudi News? Exaudi News es un medio de comunicaci\u00f3n cat\u00f3lico internacional que informa, forma y transforma, diariamente en espa\u00f1ol, ingl\u00e9s e italiano. A trav\u00e9s de noticias, art\u00edculos de an\u00e1lisis y transmisiones en directo de los eventos del Papa, Exaudi busca fortalecer la unidad de los cristianos y contribuir a la evangelizaci\u00f3n del mundo, siempre guiados por la doctrina social de la Iglesia. Trabajamos para acercar la verdad y los valores cristianos a cada rinc\u00f3n del planeta. \u00a1Ay\u00fadanos a transformar el mundo con Exaudi! En Exaudi creemos que la evangelizaci\u00f3n y la informaci\u00f3n de calidad pueden cambiar vidas. Para continuar con nuestra misi\u00f3n y expandir nuestro alcance, necesitamos tu ayuda. Adem\u00e1s, buscamos personas comprometidas que deseen unirse a nuestro equipo. Con tu apoyo, lograremos llegar a m\u00e1s personas, difundir el mensaje de Cristo y reforzar la unidad de los cristianos. \u00bfTe unes a nuestra misi\u00f3n? Para m\u00e1s informaci\u00f3n sobre c\u00f3mo colaborar, visita Exaudi.org\\\/es o cont\u00e1ctanos directamente: info@exaudi.org Exaudi: Informa, forma y transforma.\",\"sameAs\":[\"https:\\\/\\\/www.facebook.com\\\/ExaudiNoticias\\\/\",\"https:\\\/\\\/www.instagram.com\\\/exaudi_noticias\\\/\",\"https:\\\/\\\/x.com\\\/Exaudi_noticias\",\"https:\\\/\\\/www.youtube.com\\\/@exaudicatholicnews\"],\"url\":\"https:\\\/\\\/exaudi.org\\\/es\\\/author\\\/redaccionexaudi\\\/\"}]}<\/script>\n<!-- \/ Yoast SEO plugin. -->","yoast_head_json":{"title":"El Papa Le\u00f3n XIV llama a la Curia Romana a ser m\u00e1s misionera y signo de comuni\u00f3n en un mundo dividido &#8211; Exaudi","robots":{"index":"index","follow":"follow","max-snippet":"max-snippet:-1","max-image-preview":"max-image-preview:large","max-video-preview":"max-video-preview:-1"},"canonical":"https:\/\/exaudi.org\/es\/el-papa-leon-xiv-llama-a-la-curia-romana-a-ser-mas-misionera-y-signo-de-comunion-en-un-mundo-dividido\/","og_locale":"es_ES","og_type":"article","og_title":"El Papa Le\u00f3n XIV llama a la Curia Romana a ser m\u00e1s misionera y signo de comuni\u00f3n en un mundo dividido &#8211; Exaudi","og_description":"Audiencia del Papa Le\u00f3n XIV a la Curia Romana en ocasi\u00f3n de los saludos navide\u00f1os","og_url":"https:\/\/exaudi.org\/es\/el-papa-leon-xiv-llama-a-la-curia-romana-a-ser-mas-misionera-y-signo-de-comunion-en-un-mundo-dividido\/","og_site_name":"Exaudi","article_publisher":"https:\/\/www.facebook.com\/ExaudiNews","article_author":"https:\/\/www.facebook.com\/ExaudiNoticias\/","article_published_time":"2025-12-22T11:09:25+00:00","article_modified_time":"2025-12-22T17:27:50+00:00","og_image":[{"width":750,"height":422,"url":"https:\/\/exaudi.org\/wp-content\/uploads\/2025\/12\/cq5dam.thumbnail.cropped.750.422-2-5.jpeg","type":"image\/jpeg"}],"author":"Exaudi Redacci\u00f3n","twitter_card":"summary_large_image","twitter_creator":"@Exaudi_noticias","twitter_site":"@Exaudi_News","twitter_misc":{"Escrito por":"Exaudi Redacci\u00f3n","Tiempo de lectura":"13 minutos"},"schema":{"@context":"https:\/\/schema.org","@graph":[{"@type":"Article","@id":"https:\/\/exaudi.org\/es\/el-papa-leon-xiv-llama-a-la-curia-romana-a-ser-mas-misionera-y-signo-de-comunion-en-un-mundo-dividido\/#article","isPartOf":{"@id":"https:\/\/exaudi.org\/es\/el-papa-leon-xiv-llama-a-la-curia-romana-a-ser-mas-misionera-y-signo-de-comunion-en-un-mundo-dividido\/"},"author":{"name":"Exaudi Redacci\u00f3n","@id":"https:\/\/exaudi.org\/#\/schema\/person\/f5fc8f063065e38742da7afe15f25df7"},"headline":"El Papa Le\u00f3n XIV llama a la Curia Romana a ser m\u00e1s misionera y signo de comuni\u00f3n en un mundo dividido","datePublished":"2025-12-22T11:09:25+00:00","dateModified":"2025-12-22T17:27:50+00:00","mainEntityOfPage":{"@id":"https:\/\/exaudi.org\/es\/el-papa-leon-xiv-llama-a-la-curia-romana-a-ser-mas-misionera-y-signo-de-comunion-en-un-mundo-dividido\/"},"wordCount":2625,"image":{"@id":"https:\/\/exaudi.org\/es\/el-papa-leon-xiv-llama-a-la-curia-romana-a-ser-mas-misionera-y-signo-de-comunion-en-un-mundo-dividido\/#primaryimage"},"thumbnailUrl":"https:\/\/exaudi.org\/wp-content\/uploads\/2025\/12\/cq5dam.thumbnail.cropped.750.422-2-5.jpeg","keywords":["Adviento","audiencia navide\u00f1a 2025","comuni\u00f3n eclesial","Concilio Vaticano II","conversi\u00f3n personal","curia romana","Evangelii gaudium","Evangelii Nuntiandi","Evangelizaci\u00f3n","Featured","fraternidad","Iglesia extrovertida","Iglesia Misionera","Jubileo 2025","Le\u00f3n XIV","misericordia","navidad","papa francisco","papa le\u00f3n xiv","paz mundial","Sinodalidad","testimonio cristiano"],"articleSection":["Le\u00f3n XIV"],"inLanguage":"es"},{"@type":"WebPage","@id":"https:\/\/exaudi.org\/es\/el-papa-leon-xiv-llama-a-la-curia-romana-a-ser-mas-misionera-y-signo-de-comunion-en-un-mundo-dividido\/","url":"https:\/\/exaudi.org\/es\/el-papa-leon-xiv-llama-a-la-curia-romana-a-ser-mas-misionera-y-signo-de-comunion-en-un-mundo-dividido\/","name":"El Papa Le\u00f3n XIV llama a la Curia Romana a ser m\u00e1s misionera y signo de comuni\u00f3n en un mundo dividido &#8211; Exaudi","isPartOf":{"@id":"https:\/\/exaudi.org\/#website"},"primaryImageOfPage":{"@id":"https:\/\/exaudi.org\/es\/el-papa-leon-xiv-llama-a-la-curia-romana-a-ser-mas-misionera-y-signo-de-comunion-en-un-mundo-dividido\/#primaryimage"},"image":{"@id":"https:\/\/exaudi.org\/es\/el-papa-leon-xiv-llama-a-la-curia-romana-a-ser-mas-misionera-y-signo-de-comunion-en-un-mundo-dividido\/#primaryimage"},"thumbnailUrl":"https:\/\/exaudi.org\/wp-content\/uploads\/2025\/12\/cq5dam.thumbnail.cropped.750.422-2-5.jpeg","datePublished":"2025-12-22T11:09:25+00:00","dateModified":"2025-12-22T17:27:50+00:00","author":{"@id":"https:\/\/exaudi.org\/#\/schema\/person\/f5fc8f063065e38742da7afe15f25df7"},"breadcrumb":{"@id":"https:\/\/exaudi.org\/es\/el-papa-leon-xiv-llama-a-la-curia-romana-a-ser-mas-misionera-y-signo-de-comunion-en-un-mundo-dividido\/#breadcrumb"},"inLanguage":"es","potentialAction":[{"@type":"ReadAction","target":["https:\/\/exaudi.org\/es\/el-papa-leon-xiv-llama-a-la-curia-romana-a-ser-mas-misionera-y-signo-de-comunion-en-un-mundo-dividido\/"]}]},{"@type":"ImageObject","inLanguage":"es","@id":"https:\/\/exaudi.org\/es\/el-papa-leon-xiv-llama-a-la-curia-romana-a-ser-mas-misionera-y-signo-de-comunion-en-un-mundo-dividido\/#primaryimage","url":"https:\/\/exaudi.org\/wp-content\/uploads\/2025\/12\/cq5dam.thumbnail.cropped.750.422-2-5.jpeg","contentUrl":"https:\/\/exaudi.org\/wp-content\/uploads\/2025\/12\/cq5dam.thumbnail.cropped.750.422-2-5.jpeg","width":750,"height":422},{"@type":"BreadcrumbList","@id":"https:\/\/exaudi.org\/es\/el-papa-leon-xiv-llama-a-la-curia-romana-a-ser-mas-misionera-y-signo-de-comunion-en-un-mundo-dividido\/#breadcrumb","itemListElement":[{"@type":"ListItem","position":1,"name":"Portada","item":"https:\/\/exaudi.org\/es\/"},{"@type":"ListItem","position":2,"name":"El Papa Le\u00f3n XIV llama a la Curia Romana a ser m\u00e1s misionera y signo de comuni\u00f3n en un mundo dividido"}]},{"@type":"WebSite","@id":"https:\/\/exaudi.org\/#website","url":"https:\/\/exaudi.org\/","name":"Exaudi","description":"News","potentialAction":[{"@type":"SearchAction","target":{"@type":"EntryPoint","urlTemplate":"https:\/\/exaudi.org\/?s={search_term_string}"},"query-input":{"@type":"PropertyValueSpecification","valueRequired":true,"valueName":"search_term_string"}}],"inLanguage":"es"},{"@type":"Person","@id":"https:\/\/exaudi.org\/#\/schema\/person\/f5fc8f063065e38742da7afe15f25df7","name":"Exaudi Redacci\u00f3n","image":{"@type":"ImageObject","inLanguage":"es","@id":"https:\/\/secure.gravatar.com\/avatar\/fe0f6a059fb68d9b3e11bc5850dd4899b1c7492091a3cb6dd9b01b56ad828be2?s=96&d=mm&r=g","url":"https:\/\/secure.gravatar.com\/avatar\/fe0f6a059fb68d9b3e11bc5850dd4899b1c7492091a3cb6dd9b01b56ad828be2?s=96&d=mm&r=g","contentUrl":"https:\/\/secure.gravatar.com\/avatar\/fe0f6a059fb68d9b3e11bc5850dd4899b1c7492091a3cb6dd9b01b56ad828be2?s=96&d=mm&r=g","caption":"Exaudi Redacci\u00f3n"},"description":"\u00bfQu\u00e9 es Exaudi News? Exaudi News es un medio de comunicaci\u00f3n cat\u00f3lico internacional que informa, forma y transforma, diariamente en espa\u00f1ol, ingl\u00e9s e italiano. A trav\u00e9s de noticias, art\u00edculos de an\u00e1lisis y transmisiones en directo de los eventos del Papa, Exaudi busca fortalecer la unidad de los cristianos y contribuir a la evangelizaci\u00f3n del mundo, siempre guiados por la doctrina social de la Iglesia. Trabajamos para acercar la verdad y los valores cristianos a cada rinc\u00f3n del planeta. \u00a1Ay\u00fadanos a transformar el mundo con Exaudi! En Exaudi creemos que la evangelizaci\u00f3n y la informaci\u00f3n de calidad pueden cambiar vidas. Para continuar con nuestra misi\u00f3n y expandir nuestro alcance, necesitamos tu ayuda. Adem\u00e1s, buscamos personas comprometidas que deseen unirse a nuestro equipo. Con tu apoyo, lograremos llegar a m\u00e1s personas, difundir el mensaje de Cristo y reforzar la unidad de los cristianos. \u00bfTe unes a nuestra misi\u00f3n? Para m\u00e1s informaci\u00f3n sobre c\u00f3mo colaborar, visita Exaudi.org\/es o cont\u00e1ctanos directamente: info@exaudi.org Exaudi: Informa, forma y transforma.","sameAs":["https:\/\/www.facebook.com\/ExaudiNoticias\/","https:\/\/www.instagram.com\/exaudi_noticias\/","https:\/\/x.com\/Exaudi_noticias","https:\/\/www.youtube.com\/@exaudicatholicnews"],"url":"https:\/\/exaudi.org\/es\/author\/redaccionexaudi\/"}]}},"jetpack_featured_media_url":"https:\/\/exaudi.org\/wp-content\/uploads\/2025\/12\/cq5dam.thumbnail.cropped.750.422-2-5.jpeg","jetpack_shortlink":"https:\/\/wp.me\/pgKjF2-Dnv","_links":{"self":[{"href":"https:\/\/exaudi.org\/es\/wp-json\/wp\/v2\/posts\/151373","targetHints":{"allow":["GET"]}}],"collection":[{"href":"https:\/\/exaudi.org\/es\/wp-json\/wp\/v2\/posts"}],"about":[{"href":"https:\/\/exaudi.org\/es\/wp-json\/wp\/v2\/types\/post"}],"author":[{"embeddable":true,"href":"https:\/\/exaudi.org\/es\/wp-json\/wp\/v2\/users\/15"}],"replies":[{"embeddable":true,"href":"https:\/\/exaudi.org\/es\/wp-json\/wp\/v2\/comments?post=151373"}],"version-history":[{"count":7,"href":"https:\/\/exaudi.org\/es\/wp-json\/wp\/v2\/posts\/151373\/revisions"}],"predecessor-version":[{"id":151386,"href":"https:\/\/exaudi.org\/es\/wp-json\/wp\/v2\/posts\/151373\/revisions\/151386"}],"wp:featuredmedia":[{"embeddable":true,"href":"https:\/\/exaudi.org\/es\/wp-json\/wp\/v2\/media\/151456"}],"wp:attachment":[{"href":"https:\/\/exaudi.org\/es\/wp-json\/wp\/v2\/media?parent=151373"}],"wp:term":[{"taxonomy":"category","embeddable":true,"href":"https:\/\/exaudi.org\/es\/wp-json\/wp\/v2\/categories?post=151373"},{"taxonomy":"post_tag","embeddable":true,"href":"https:\/\/exaudi.org\/es\/wp-json\/wp\/v2\/tags?post=151373"}],"curies":[{"name":"wp","href":"https:\/\/api.w.org\/{rel}","templated":true}]}}