{"id":151316,"date":"2025-12-22T09:00:38","date_gmt":"2025-12-22T08:00:38","guid":{"rendered":"https:\/\/exaudi.org\/?p=151316"},"modified":"2025-12-21T22:04:34","modified_gmt":"2025-12-21T21:04:34","slug":"cuando-decir-para-siempre-se-vuelve-subversivo","status":"publish","type":"post","link":"https:\/\/exaudi.org\/es\/cuando-decir-para-siempre-se-vuelve-subversivo\/","title":{"rendered":"Cuando decir \u00abPara Siempre\u00bb se vuelve subversivo"},"content":{"rendered":"<div dir=\"auto\">\n<div dir=\"auto\">\n<h3 style=\"text-align: left;\" align=\"center\"><b>Una est\u00e9tica que ya no pide perd\u00f3n<\/b><\/h3>\n<p style=\"text-align: left;\" align=\"center\">El 13 de diciembre de 2025, festividad de Santa Luc\u00eda, habia mucha luz en el Monasterio de Santa Clara de Medina de Pomar. Alli se celebraba la profesion de votos solemnes de una monja.<\/p>\n<p><iframe title=\"Spotify Embed: Cuando decir \u00abPara Siempre\u00bb se vuelve subversivo\" style=\"border-radius: 12px\" width=\"100%\" height=\"152\" frameborder=\"0\" allowfullscreen allow=\"autoplay; clipboard-write; encrypted-media; fullscreen; picture-in-picture\" loading=\"lazy\" src=\"https:\/\/open.spotify.com\/embed\/episode\/3EPMhSgNZxQm5bomWB5mz0?si=U_PbJOj-RWCeBllSCg4Skw&amp;utm_source=oembed\"><\/iframe><\/p>\n<p style=\"text-align: left;\" align=\"center\">Entr\u00e9 en la iglesia con un prejuicio muy contempor\u00e1nea: el de estar a punto de asistir a algo curioso pero innecesario. Largo, solemne, cargado de s\u00edmbolos que ya no manejamos con soltura. Y, sin embargo, bastaron unos minutos para comprender que aquello no era un vestigio arqueol\u00f3gico del pasado, sino una interpelaci\u00f3n cultural directa, inc\u00f3moda y sorprendentemente actual.<\/p>\n<p style=\"text-align: left;\" align=\"center\">El retablo barroco dominaba el espacio con una voluntad que hoy resulta casi provocadora. Oro por todas partes. Columnas, relieves, im\u00e1genes superpuestas hasta rozar el exceso. Para mi gran amigo agn\u00f3stico: una decoraci\u00f3n \u201cpurpurinesca\u201d, una est\u00e9tica pasada de moda, incluso kitsch. Pero el barroco no es decorativo: es afirmativo. Surge cuando Europa empieza a dudar de s\u00ed misma y responde no con sutileza, sino con abundancia. Frente al vaciamiento iconoclasta protestante, <i>_horror vacui_<\/i> . Frente a la sospecha, plenitud. Frente a la fragmentaci\u00f3n, totalidad. No explica: se impone.<\/p>\n<p style=\"text-align: left;\" align=\"center\">En el centro, Santa Clara, inm\u00f3vil, austera dentro del exceso. Arriba, San Miguel Arc\u00e1ngel, derrotando al diablo. Nada de ambig\u00fcedad moral ni est\u00e9tica. El bien y el mal existen, la lucha es real, y merece ser representada sin complejos. En una cultura que ha convertido el minimalismo en una forma de neutralidad moral, esta est\u00e9tica resulta casi ofensiva. Precisamente por eso sigue diciendo algo.<\/p>\n<h3 style=\"text-align: left;\" align=\"center\"><b>Una ceremonia que desmiente t\u00f3picos<\/b><\/h3>\n<p style=\"text-align: left;\" align=\"center\">En ese marco, Sor Mar\u00eda Esclava de Jes\u00fas, 29 a\u00f1os, iba a pronunciar sus votos solemnes como monja de clausura clarisa.<\/p>\n<p style=\"text-align: left;\" align=\"center\">La iglesia estaba llena. Cientos de personas, autobuses llegados desde Baracaldo, una veintena de sacerdotes, D. Mario Iceta, arzobispo de Burgos, y otras tantas monjas de la comunidad. Nada de marginalidad ni clandestinidad. La escena desment\u00eda de entrada otro prejuicio habitual: la vida contemplativa como fen\u00f3meno residual, propio de minor\u00edas exc\u00e9ntricas. Aquello era un acto socialmente visible, compartido, incluso festivo.<\/p>\n<h3 style=\"text-align: left;\" align=\"center\"><b>Nueve a\u00f1os para poder decir s\u00ed<\/b><\/h3>\n<p style=\"text-align: left;\" align=\"center\">Uno de los argumentos m\u00e1s repetidos contra este tipo de decisiones es que nacen de la inmadurez, de elecciones forzadas o precipitadas. Pero la biograf\u00eda de Sor Mar\u00eda que me narr\u00f3 su madre desmonta ese t\u00f3pico con la paciencia de los hechos: nueve a\u00f1os de proceso. A\u00f1o y medio de postulantado, cuatro de noviciado, tres de votos temporales. Nueve a\u00f1os antes de poder decir \u201cpara siempre\u201d.<\/p>\n<p style=\"text-align: left;\" align=\"center\">En una cultura que apenas tolera compromisos duraderos, esta lentitud resulta casi subversiva.<\/p>\n<h3 style=\"text-align: left;\" align=\"center\"><b>Postrarse: el gesto que incomoda a la modernidad<\/b><\/h3>\n<p style=\"text-align: left;\" align=\"center\">El momento m\u00e1s desconcertante para el lego lleg\u00f3 cuando Sor Mar\u00eda se postr\u00f3 en tierra, completamente tendida en el suelo. Un gesto antiguo que hoy incomoda. Desde fuera puede interpretarse como anulaci\u00f3n del individuo. Pero quiz\u00e1 diga justo lo contrario.<\/p>\n<p style=\"text-align: left;\" align=\"center\">Como se\u00f1alaba Romano Guardini, solo quien se pertenece puede entregarse. La libertad moderna tiende a identificarse con la ausencia de v\u00ednculos; aqu\u00ed se propon\u00eda otra definici\u00f3n: la libertad como capacidad de comprometerse sin reservas.<\/p>\n<h3 style=\"text-align: left;\" align=\"center\"><b>\u00bfY para qu\u00e9 sirve esto?<\/b><\/h3>\n<p style=\"text-align: left;\" align=\"center\">Sor Mar\u00eda Esclava de Jes\u00fas ingresaba definitivamente en una comunidad de monjas de clausura. Y es aqu\u00ed donde suele aparecer la pregunta final, formulada con mayor o menor iron\u00eda: \u00bfpara qu\u00e9 sirve esto?<\/p>\n<p style=\"text-align: left;\" align=\"center\">Vivimos inmersos en una l\u00f3gica de utilidad permanente. Todo debe justificar su existencia por su rendimiento, su impacto, su productividad. Lo que no produce resultados visibles parece sospechoso. Desde ese marco mental, la vida contemplativa resulta incomprensible, cuando no irritante.<\/p>\n<p style=\"text-align: left;\" align=\"center\">Y, sin embargo, quiz\u00e1 por eso mismo es relevante.<\/p>\n<p style=\"text-align: left;\" align=\"center\">Alguien me dijo una vez que las monjas y monjes de clausura \u201cno sirven para nada\u201d. Mi respuesta fue simple: yo agradezco que exista todav\u00eda alguien que piense en los dem\u00e1s y ore por nosotros sin esperar nada a cambio. En un mundo organizado casi exclusivamente en torno al intercambio, la gratuidad resulta profundamente gratificante aunque sea inc\u00f3moda para otros.<\/p>\n<p style=\"text-align: left;\" align=\"center\">La vieja divisi\u00f3n medieval en estamentos de la sociedad \u2014 <i>_oratores, bellatores y laboratores_<\/i>\u00a0\u2014 puede parecer desfasada hoy, aunque a\u00fan perviva de alg\u00fan modo en la India. Pero quiz\u00e1 en una \u00e9poca en la que parec\u00eda que todos \u00e9ramos ya\u00a0<i>_homo economicus<\/i>_ y descubrimos, sin embargo, que resurgen peligrosamente los guerreros, seguimos necesitando a los orantes.<\/p>\n<p style=\"text-align: left;\" align=\"center\">Como ha se\u00f1alado Charles Taylor, las sociedades que pierden sus fuentes de sentido acaban agot\u00e1ndose o destruy\u00e9ndose, incluso cuando parece que funcionan t\u00e9cnicamente. No todo lo que sostiene una cultura es visible ni cuantificable.<\/p>\n<h3 style=\"text-align: left;\" align=\"center\"><b>Clausura no es huida<\/b><\/h3>\n<p style=\"text-align: left;\" align=\"center\">Las Clarisas de Medina de Pomar no viven al margen de la realidad. Trabajan, hacen pasteles \u2014las famosas herraduras\u2014, mantienen una peque\u00f1a hospeder\u00eda y abren su iglesia a las visitas. Pero su l\u00f3gica no es la de la eficiencia, sino la de la permanencia.<\/p>\n<p style=\"text-align: left;\" align=\"center\">Byung-Chul Han dir\u00eda que representan una resistencia silenciosa frente a la sociedad del rendimiento, del cansancio y de la autoexplotaci\u00f3n constante.<\/p>\n<h3 style=\"text-align: left;\" align=\"center\"><strong>Una normalidad que desconcierta al incr\u00e9dul<\/strong><\/h3>\n<p style=\"text-align: left;\" align=\"center\">La familia de Sor Mar\u00eda Esclava de Jes\u00fas estaba all\u00ed, serena. Padres creyentes, cinco hijos, varios de ellos encaminados a la vida religiosa. Ning\u00fan conflicto dram\u00e1tico, ninguna ruptura generacional, s\u00f3lo la broma del padre de que a este paso quiz\u00e1s tendr\u00edan que adoptar los nietos&#8230; A veces la fe no produce enfrentamiento, sino continuidad. Y esa normalidad resulta casi m\u00e1s desconcertante que la rebeld\u00eda.<\/p>\n<h3 style=\"text-align: left;\" align=\"center\"><strong>La fiesta de boda<\/strong><\/h3>\n<p style=\"text-align: left;\" align=\"center\">Tras la solemnidad lleg\u00f3 la fiesta. Canciones actuales con letras ad hoc hablando de Sor Mar\u00eda y su vocaci\u00f3n, risas, abrazos. Nada l\u00fagubre. Nada rancio. Nada intocable. Muchas y alegres monjas dominicanas en una especie de tornaviaje evangelizador. Una clausura, para m\u00ed desconocida, que me sorprendi\u00f3 porque no huye del mundo, sino que lo mira sin ansiedad.<\/p>\n<\/div>\n<\/div>\n<h3 dir=\"auto\"><strong>Elegir durar: la nueva contraculturalidad<\/strong><\/h3>\n<p dir=\"auto\">Sal\u00ed de la iglesia con la sensaci\u00f3n de haber asistido a algo profundamente contracultural. En una \u00e9poca que glorifica lo provisional, alguien hab\u00eda dicho \u201cpara siempre\u201d. En una sociedad que idolatra la utilidad, alguien hab\u00eda elegido lo aparentemente in\u00fatil. En un tiempo que sospecha de la belleza excesiva, el oro segu\u00eda brillando en honor de lo m\u00e1s sagrado, sin pedir perd\u00f3n.<\/p>\n<p dir=\"auto\">Quiz\u00e1 por eso estas decisiones perduran. No porque sean f\u00e1ciles, sino porque no se sostienen solo en la emoci\u00f3n voluble ni \u00fanicamente en el fr\u00edo c\u00e1lculo. Se fundamentan en una convicci\u00f3n que hoy escasea: que a\u00fan hay cosas que merecen toda una vida, porque aspiran a ser espejo de eternidad.<\/p>\n","protected":false},"excerpt":{"rendered":"<p>Cronica de la profesion solemne de una monja de clausura en el siglo XXI<\/p>\n","protected":false},"author":171,"featured_media":151318,"comment_status":"closed","ping_status":"closed","sticky":false,"template":"","format":"standard","meta":{"_acf_changed":false,"_crdt_document":"","inline_featured_image":false,"footnotes":""},"categories":[74,98],"tags":[14489,10202,86889,4295,86887,86888,1008,86883,17567,8902,86885,86884,86879,676,86882,86878,34073,11567,14185,86886,86881,2781,58880,11227,33618,86880],"class_list":["post-151316","post","type-post","status-publish","format-standard","has-post-thumbnail","hentry","category-iglesia-y-mundo","category-testimonios","tag-burgos-2","tag-byung-chul-han","tag-charles-taylor","tag-clarisas","tag-compromiso-duradero","tag-contracultura","tag-espana","tag-estetica-barroca","tag-fiesta-religiosa","tag-gratuidad","tag-medina-de-pomar","tag-monasterio-santa-clara","tag-monja-clausura","tag-oracion","tag-para-siempre","tag-profesion-solemne","tag-romano-guardini","tag-santa-lucia","tag-siglo-xxi","tag-sor-maria-esclava-de-jesus","tag-subversivo","tag-testimonio","tag-trending-es-151","tag-vida-contemplativa","tag-vocacion-religiosa","tag-votos-perpetuos"],"acf":[],"yoast_head":"<!-- This site is optimized with the Yoast SEO plugin v27.4 - https:\/\/yoast.com\/product\/yoast-seo-wordpress\/ -->\n<title>Cuando decir &quot;Para Siempre&quot; se vuelve subversivo &#8211; Exaudi<\/title>\n<meta name=\"robots\" content=\"index, follow, max-snippet:-1, max-image-preview:large, max-video-preview:-1\" \/>\n<link rel=\"canonical\" href=\"https:\/\/exaudi.org\/es\/cuando-decir-para-siempre-se-vuelve-subversivo\/\" \/>\n<meta property=\"og:locale\" content=\"es_ES\" \/>\n<meta property=\"og:type\" content=\"article\" \/>\n<meta property=\"og:title\" content=\"Cuando decir &quot;Para Siempre&quot; se vuelve subversivo &#8211; Exaudi\" \/>\n<meta property=\"og:description\" content=\"Cronica de la profesion solemne de una monja de clausura en el siglo XXI\" \/>\n<meta property=\"og:url\" content=\"https:\/\/exaudi.org\/es\/cuando-decir-para-siempre-se-vuelve-subversivo\/\" \/>\n<meta property=\"og:site_name\" content=\"Exaudi\" \/>\n<meta property=\"article:publisher\" content=\"https:\/\/www.facebook.com\/ExaudiNews\" \/>\n<meta property=\"article:author\" content=\"https:\/\/www.facebook.com\/merladet\" \/>\n<meta property=\"article:published_time\" content=\"2025-12-22T08:00:38+00:00\" \/>\n<meta property=\"og:image\" content=\"https:\/\/exaudi.org\/wp-content\/uploads\/2025\/12\/pexels-shvets-production-8410751-scaled.jpg\" \/>\n\t<meta property=\"og:image:width\" content=\"2560\" \/>\n\t<meta property=\"og:image:height\" content=\"1703\" \/>\n\t<meta property=\"og:image:type\" content=\"image\/jpeg\" \/>\n<meta name=\"author\" content=\"Jos\u00e9 F\u00e9lix Merladet\" \/>\n<meta name=\"twitter:card\" content=\"summary_large_image\" \/>\n<meta name=\"twitter:creator\" content=\"@Exaudi_News\" \/>\n<meta name=\"twitter:site\" content=\"@Exaudi_News\" \/>\n<meta name=\"twitter:label1\" content=\"Escrito por\" \/>\n\t<meta name=\"twitter:data1\" content=\"Jos\u00e9 F\u00e9lix Merladet\" \/>\n\t<meta name=\"twitter:label2\" content=\"Tiempo de lectura\" \/>\n\t<meta name=\"twitter:data2\" content=\"6 minutos\" \/>\n<script type=\"application\/ld+json\" class=\"yoast-schema-graph\">{\"@context\":\"https:\\\/\\\/schema.org\",\"@graph\":[{\"@type\":\"Article\",\"@id\":\"https:\\\/\\\/exaudi.org\\\/es\\\/cuando-decir-para-siempre-se-vuelve-subversivo\\\/#article\",\"isPartOf\":{\"@id\":\"https:\\\/\\\/exaudi.org\\\/es\\\/cuando-decir-para-siempre-se-vuelve-subversivo\\\/\"},\"author\":{\"name\":\"Jos\u00e9 F\u00e9lix Merladet\",\"@id\":\"https:\\\/\\\/exaudi.org\\\/#\\\/schema\\\/person\\\/ab755392f440e8ebcaf018de585a2efc\"},\"headline\":\"Cuando decir \u00abPara Siempre\u00bb se vuelve subversivo\",\"datePublished\":\"2025-12-22T08:00:38+00:00\",\"mainEntityOfPage\":{\"@id\":\"https:\\\/\\\/exaudi.org\\\/es\\\/cuando-decir-para-siempre-se-vuelve-subversivo\\\/\"},\"wordCount\":1158,\"image\":{\"@id\":\"https:\\\/\\\/exaudi.org\\\/es\\\/cuando-decir-para-siempre-se-vuelve-subversivo\\\/#primaryimage\"},\"thumbnailUrl\":\"https:\\\/\\\/exaudi.org\\\/wp-content\\\/uploads\\\/2025\\\/12\\\/pexels-shvets-production-8410751-scaled.jpg\",\"keywords\":[\"Burgos\",\"Byung-Chul Han\",\"Charles Taylor\",\"Clarisas\",\"compromiso duradero\",\"contracultura\",\"Espa\u00f1a\",\"est\u00e9tica barroca\",\"Fiesta religiosa\",\"gratuidad\",\"Medina de Pomar\",\"Monasterio Santa Clara\",\"monja clausura\",\"Oraci\u00f3n\",\"para siempre\",\"profesi\u00f3n solemne\",\"Romano Guardini\",\"Santa Luc\u00eda\",\"Siglo XXI\",\"Sor Mar\u00eda Esclava de Jes\u00fas\",\"subversivo\",\"Testimonio\",\"Trending\",\"vida contemplativa\",\"vocaci\u00f3n religiosa\",\"votos perpetuos\"],\"articleSection\":[\"Iglesia y Mundo\",\"Testimonios\"],\"inLanguage\":\"es\"},{\"@type\":\"WebPage\",\"@id\":\"https:\\\/\\\/exaudi.org\\\/es\\\/cuando-decir-para-siempre-se-vuelve-subversivo\\\/\",\"url\":\"https:\\\/\\\/exaudi.org\\\/es\\\/cuando-decir-para-siempre-se-vuelve-subversivo\\\/\",\"name\":\"Cuando decir \\\"Para Siempre\\\" se vuelve subversivo &#8211; Exaudi\",\"isPartOf\":{\"@id\":\"https:\\\/\\\/exaudi.org\\\/#website\"},\"primaryImageOfPage\":{\"@id\":\"https:\\\/\\\/exaudi.org\\\/es\\\/cuando-decir-para-siempre-se-vuelve-subversivo\\\/#primaryimage\"},\"image\":{\"@id\":\"https:\\\/\\\/exaudi.org\\\/es\\\/cuando-decir-para-siempre-se-vuelve-subversivo\\\/#primaryimage\"},\"thumbnailUrl\":\"https:\\\/\\\/exaudi.org\\\/wp-content\\\/uploads\\\/2025\\\/12\\\/pexels-shvets-production-8410751-scaled.jpg\",\"datePublished\":\"2025-12-22T08:00:38+00:00\",\"author\":{\"@id\":\"https:\\\/\\\/exaudi.org\\\/#\\\/schema\\\/person\\\/ab755392f440e8ebcaf018de585a2efc\"},\"breadcrumb\":{\"@id\":\"https:\\\/\\\/exaudi.org\\\/es\\\/cuando-decir-para-siempre-se-vuelve-subversivo\\\/#breadcrumb\"},\"inLanguage\":\"es\",\"potentialAction\":[{\"@type\":\"ReadAction\",\"target\":[\"https:\\\/\\\/exaudi.org\\\/es\\\/cuando-decir-para-siempre-se-vuelve-subversivo\\\/\"]}]},{\"@type\":\"ImageObject\",\"inLanguage\":\"es\",\"@id\":\"https:\\\/\\\/exaudi.org\\\/es\\\/cuando-decir-para-siempre-se-vuelve-subversivo\\\/#primaryimage\",\"url\":\"https:\\\/\\\/exaudi.org\\\/wp-content\\\/uploads\\\/2025\\\/12\\\/pexels-shvets-production-8410751-scaled.jpg\",\"contentUrl\":\"https:\\\/\\\/exaudi.org\\\/wp-content\\\/uploads\\\/2025\\\/12\\\/pexels-shvets-production-8410751-scaled.jpg\",\"width\":2560,\"height\":1703},{\"@type\":\"BreadcrumbList\",\"@id\":\"https:\\\/\\\/exaudi.org\\\/es\\\/cuando-decir-para-siempre-se-vuelve-subversivo\\\/#breadcrumb\",\"itemListElement\":[{\"@type\":\"ListItem\",\"position\":1,\"name\":\"Portada\",\"item\":\"https:\\\/\\\/exaudi.org\\\/es\\\/\"},{\"@type\":\"ListItem\",\"position\":2,\"name\":\"Cuando decir &#8220;Para Siempre&#8221; se vuelve subversivo\"}]},{\"@type\":\"WebSite\",\"@id\":\"https:\\\/\\\/exaudi.org\\\/#website\",\"url\":\"https:\\\/\\\/exaudi.org\\\/\",\"name\":\"Exaudi\",\"description\":\"News\",\"potentialAction\":[{\"@type\":\"SearchAction\",\"target\":{\"@type\":\"EntryPoint\",\"urlTemplate\":\"https:\\\/\\\/exaudi.org\\\/?s={search_term_string}\"},\"query-input\":{\"@type\":\"PropertyValueSpecification\",\"valueRequired\":true,\"valueName\":\"search_term_string\"}}],\"inLanguage\":\"es\"},{\"@type\":\"Person\",\"@id\":\"https:\\\/\\\/exaudi.org\\\/#\\\/schema\\\/person\\\/ab755392f440e8ebcaf018de585a2efc\",\"name\":\"Jos\u00e9 F\u00e9lix Merladet\",\"image\":{\"@type\":\"ImageObject\",\"inLanguage\":\"es\",\"@id\":\"https:\\\/\\\/secure.gravatar.com\\\/avatar\\\/7647bb0441916ffc6f1461f67e427ca0d46bf21c38c29131844f58ed01d7e899?s=96&d=mm&r=g\",\"url\":\"https:\\\/\\\/secure.gravatar.com\\\/avatar\\\/7647bb0441916ffc6f1461f67e427ca0d46bf21c38c29131844f58ed01d7e899?s=96&d=mm&r=g\",\"contentUrl\":\"https:\\\/\\\/secure.gravatar.com\\\/avatar\\\/7647bb0441916ffc6f1461f67e427ca0d46bf21c38c29131844f58ed01d7e899?s=96&d=mm&r=g\",\"caption\":\"Jos\u00e9 F\u00e9lix Merladet\"},\"description\":\"Escritor. Antiguo funcionario del servicio exterior de la Comisi\u00f3n Europea, estuvo destinado como diplom\u00e1tico europeo en Uruguay, India y Mozambique. Ha sido profesor de las universidades de Navarra y de Deusto sobre cooperaci\u00f3n internacional al desarrollo y sobre la India. Fue tambi\u00e9n Vicesecretario general del Partido Dem\u00f3crata Europeo.\",\"sameAs\":[\"https:\\\/\\\/www.facebook.com\\\/merladet\"],\"url\":\"https:\\\/\\\/exaudi.org\\\/es\\\/author\\\/jose-felix-merladet\\\/\"}]}<\/script>\n<!-- \/ Yoast SEO plugin. -->","yoast_head_json":{"title":"Cuando decir \"Para Siempre\" se vuelve subversivo &#8211; Exaudi","robots":{"index":"index","follow":"follow","max-snippet":"max-snippet:-1","max-image-preview":"max-image-preview:large","max-video-preview":"max-video-preview:-1"},"canonical":"https:\/\/exaudi.org\/es\/cuando-decir-para-siempre-se-vuelve-subversivo\/","og_locale":"es_ES","og_type":"article","og_title":"Cuando decir \"Para Siempre\" se vuelve subversivo &#8211; Exaudi","og_description":"Cronica de la profesion solemne de una monja de clausura en el siglo XXI","og_url":"https:\/\/exaudi.org\/es\/cuando-decir-para-siempre-se-vuelve-subversivo\/","og_site_name":"Exaudi","article_publisher":"https:\/\/www.facebook.com\/ExaudiNews","article_author":"https:\/\/www.facebook.com\/merladet","article_published_time":"2025-12-22T08:00:38+00:00","og_image":[{"width":2560,"height":1703,"url":"https:\/\/exaudi.org\/wp-content\/uploads\/2025\/12\/pexels-shvets-production-8410751-scaled.jpg","type":"image\/jpeg"}],"author":"Jos\u00e9 F\u00e9lix Merladet","twitter_card":"summary_large_image","twitter_creator":"@Exaudi_News","twitter_site":"@Exaudi_News","twitter_misc":{"Escrito por":"Jos\u00e9 F\u00e9lix Merladet","Tiempo de lectura":"6 minutos"},"schema":{"@context":"https:\/\/schema.org","@graph":[{"@type":"Article","@id":"https:\/\/exaudi.org\/es\/cuando-decir-para-siempre-se-vuelve-subversivo\/#article","isPartOf":{"@id":"https:\/\/exaudi.org\/es\/cuando-decir-para-siempre-se-vuelve-subversivo\/"},"author":{"name":"Jos\u00e9 F\u00e9lix Merladet","@id":"https:\/\/exaudi.org\/#\/schema\/person\/ab755392f440e8ebcaf018de585a2efc"},"headline":"Cuando decir \u00abPara Siempre\u00bb se vuelve subversivo","datePublished":"2025-12-22T08:00:38+00:00","mainEntityOfPage":{"@id":"https:\/\/exaudi.org\/es\/cuando-decir-para-siempre-se-vuelve-subversivo\/"},"wordCount":1158,"image":{"@id":"https:\/\/exaudi.org\/es\/cuando-decir-para-siempre-se-vuelve-subversivo\/#primaryimage"},"thumbnailUrl":"https:\/\/exaudi.org\/wp-content\/uploads\/2025\/12\/pexels-shvets-production-8410751-scaled.jpg","keywords":["Burgos","Byung-Chul Han","Charles Taylor","Clarisas","compromiso duradero","contracultura","Espa\u00f1a","est\u00e9tica barroca","Fiesta religiosa","gratuidad","Medina de Pomar","Monasterio Santa Clara","monja clausura","Oraci\u00f3n","para siempre","profesi\u00f3n solemne","Romano Guardini","Santa Luc\u00eda","Siglo XXI","Sor Mar\u00eda Esclava de Jes\u00fas","subversivo","Testimonio","Trending","vida contemplativa","vocaci\u00f3n religiosa","votos perpetuos"],"articleSection":["Iglesia y Mundo","Testimonios"],"inLanguage":"es"},{"@type":"WebPage","@id":"https:\/\/exaudi.org\/es\/cuando-decir-para-siempre-se-vuelve-subversivo\/","url":"https:\/\/exaudi.org\/es\/cuando-decir-para-siempre-se-vuelve-subversivo\/","name":"Cuando decir \"Para Siempre\" se vuelve subversivo &#8211; Exaudi","isPartOf":{"@id":"https:\/\/exaudi.org\/#website"},"primaryImageOfPage":{"@id":"https:\/\/exaudi.org\/es\/cuando-decir-para-siempre-se-vuelve-subversivo\/#primaryimage"},"image":{"@id":"https:\/\/exaudi.org\/es\/cuando-decir-para-siempre-se-vuelve-subversivo\/#primaryimage"},"thumbnailUrl":"https:\/\/exaudi.org\/wp-content\/uploads\/2025\/12\/pexels-shvets-production-8410751-scaled.jpg","datePublished":"2025-12-22T08:00:38+00:00","author":{"@id":"https:\/\/exaudi.org\/#\/schema\/person\/ab755392f440e8ebcaf018de585a2efc"},"breadcrumb":{"@id":"https:\/\/exaudi.org\/es\/cuando-decir-para-siempre-se-vuelve-subversivo\/#breadcrumb"},"inLanguage":"es","potentialAction":[{"@type":"ReadAction","target":["https:\/\/exaudi.org\/es\/cuando-decir-para-siempre-se-vuelve-subversivo\/"]}]},{"@type":"ImageObject","inLanguage":"es","@id":"https:\/\/exaudi.org\/es\/cuando-decir-para-siempre-se-vuelve-subversivo\/#primaryimage","url":"https:\/\/exaudi.org\/wp-content\/uploads\/2025\/12\/pexels-shvets-production-8410751-scaled.jpg","contentUrl":"https:\/\/exaudi.org\/wp-content\/uploads\/2025\/12\/pexels-shvets-production-8410751-scaled.jpg","width":2560,"height":1703},{"@type":"BreadcrumbList","@id":"https:\/\/exaudi.org\/es\/cuando-decir-para-siempre-se-vuelve-subversivo\/#breadcrumb","itemListElement":[{"@type":"ListItem","position":1,"name":"Portada","item":"https:\/\/exaudi.org\/es\/"},{"@type":"ListItem","position":2,"name":"Cuando decir &#8220;Para Siempre&#8221; se vuelve subversivo"}]},{"@type":"WebSite","@id":"https:\/\/exaudi.org\/#website","url":"https:\/\/exaudi.org\/","name":"Exaudi","description":"News","potentialAction":[{"@type":"SearchAction","target":{"@type":"EntryPoint","urlTemplate":"https:\/\/exaudi.org\/?s={search_term_string}"},"query-input":{"@type":"PropertyValueSpecification","valueRequired":true,"valueName":"search_term_string"}}],"inLanguage":"es"},{"@type":"Person","@id":"https:\/\/exaudi.org\/#\/schema\/person\/ab755392f440e8ebcaf018de585a2efc","name":"Jos\u00e9 F\u00e9lix Merladet","image":{"@type":"ImageObject","inLanguage":"es","@id":"https:\/\/secure.gravatar.com\/avatar\/7647bb0441916ffc6f1461f67e427ca0d46bf21c38c29131844f58ed01d7e899?s=96&d=mm&r=g","url":"https:\/\/secure.gravatar.com\/avatar\/7647bb0441916ffc6f1461f67e427ca0d46bf21c38c29131844f58ed01d7e899?s=96&d=mm&r=g","contentUrl":"https:\/\/secure.gravatar.com\/avatar\/7647bb0441916ffc6f1461f67e427ca0d46bf21c38c29131844f58ed01d7e899?s=96&d=mm&r=g","caption":"Jos\u00e9 F\u00e9lix Merladet"},"description":"Escritor. Antiguo funcionario del servicio exterior de la Comisi\u00f3n Europea, estuvo destinado como diplom\u00e1tico europeo en Uruguay, India y Mozambique. Ha sido profesor de las universidades de Navarra y de Deusto sobre cooperaci\u00f3n internacional al desarrollo y sobre la India. Fue tambi\u00e9n Vicesecretario general del Partido Dem\u00f3crata Europeo.","sameAs":["https:\/\/www.facebook.com\/merladet"],"url":"https:\/\/exaudi.org\/es\/author\/jose-felix-merladet\/"}]}},"jetpack_featured_media_url":"https:\/\/exaudi.org\/wp-content\/uploads\/2025\/12\/pexels-shvets-production-8410751-scaled.jpg","jetpack_shortlink":"https:\/\/wp.me\/pgKjF2-DmA","_links":{"self":[{"href":"https:\/\/exaudi.org\/es\/wp-json\/wp\/v2\/posts\/151316","targetHints":{"allow":["GET"]}}],"collection":[{"href":"https:\/\/exaudi.org\/es\/wp-json\/wp\/v2\/posts"}],"about":[{"href":"https:\/\/exaudi.org\/es\/wp-json\/wp\/v2\/types\/post"}],"author":[{"embeddable":true,"href":"https:\/\/exaudi.org\/es\/wp-json\/wp\/v2\/users\/171"}],"replies":[{"embeddable":true,"href":"https:\/\/exaudi.org\/es\/wp-json\/wp\/v2\/comments?post=151316"}],"version-history":[{"count":5,"href":"https:\/\/exaudi.org\/es\/wp-json\/wp\/v2\/posts\/151316\/revisions"}],"predecessor-version":[{"id":151340,"href":"https:\/\/exaudi.org\/es\/wp-json\/wp\/v2\/posts\/151316\/revisions\/151340"}],"wp:featuredmedia":[{"embeddable":true,"href":"https:\/\/exaudi.org\/es\/wp-json\/wp\/v2\/media\/151318"}],"wp:attachment":[{"href":"https:\/\/exaudi.org\/es\/wp-json\/wp\/v2\/media?parent=151316"}],"wp:term":[{"taxonomy":"category","embeddable":true,"href":"https:\/\/exaudi.org\/es\/wp-json\/wp\/v2\/categories?post=151316"},{"taxonomy":"post_tag","embeddable":true,"href":"https:\/\/exaudi.org\/es\/wp-json\/wp\/v2\/tags?post=151316"}],"curies":[{"name":"wp","href":"https:\/\/api.w.org\/{rel}","templated":true}]}}