{"id":151232,"date":"2025-12-20T09:17:44","date_gmt":"2025-12-20T08:17:44","guid":{"rendered":"https:\/\/exaudi.org\/?p=151232"},"modified":"2025-12-20T09:17:44","modified_gmt":"2025-12-20T08:17:44","slug":"jesus-nacera-de-maria-desposada-con-jose-hijo-de-david-comentario-del-p-jorge-miro-2","status":"publish","type":"post","link":"https:\/\/exaudi.org\/es\/jesus-nacera-de-maria-desposada-con-jose-hijo-de-david-comentario-del-p-jorge-miro-2\/","title":{"rendered":"Jes\u00fas nacer\u00e1 de Mar\u00eda, desposada con Jos\u00e9, hijo de David: Comentario del P. Jorge Mir\u00f3"},"content":{"rendered":"<p><span dir=\"auto\">El P. Jorge Mir\u00f3 comparte con los lectores de Exaudi su comentario al\u00a0<a href=\"https:\/\/www.dominicos.org\/predicacion\/homilia\/21-12-2025\/lecturas\/\" target=\"_blank\" rel=\"noopener\">Evangelio del domingo 21 de diciembre de 2025\u00a0<\/a><\/span><span dir=\"auto\">titulado, \u201cJes\u00fas nacer\u00e1 de Mar\u00eda, desposada con Jos\u00e9, hijo de David<\/span>\u201d<span dir=\"auto\">.<\/span><\/p>\n<p>***<\/p>\n<p><strong>Para<\/strong><strong> poder celebrar la Navidad <em>como Dios manda,<\/em><\/strong> la Iglesia nos propone en este \u00faltimo Domingo de Adviento el <em>ejemplo de la Virgen Mar\u00eda <\/em>y de <em>San Jos\u00e9<\/em>. <strong>La Virgen Mar\u00eda ha podido recibir a Jes\u00fas <em>porque estaba preparada<\/em><\/strong>, y nosotros s\u00f3lo podremos recibir a Jes\u00fas si estamos preparados como Mar\u00eda.<\/p>\n<p>Porque la <strong>gran trampa<\/strong> en la que podemos caer es la de quedarnos en <strong>vivir la Navidad de una manera superficial<\/strong>. Podemos adornar nuestras casas, poner el bel\u00e9n, el \u00e1rbol, luces, hacer celebraciones, comidas, felicitaciones&#8230; Todas estas cosas que son buenas, pero son un signo, un signo externo. Y lo principal no es el signo, sino que <strong>lo principal es lo que hay en el coraz\u00f3n<\/strong>.<\/p>\n<p><strong>Si adornamos la casa es<\/strong> porque estamos contentos, <strong>porque queremos celebrar algo grande:<\/strong> porque tenemos al Se\u00f1or en el coraz\u00f3n. Tenemos al Dios con nosotros en medio de nuestra vida. Y por eso toda esa alegr\u00eda y ese gozo lo queremos significar y manifestar en todos estos signos externos. que representan algo profundo del coraz\u00f3n.<\/p>\n<p><strong>\u00bfC\u00f3mo nos hemos de preparar?<\/strong> En primer lugar, con un verdadero deseo de que venga Jes\u00fas; <strong>abri\u00e9ndonos a la acci\u00f3n del Esp\u00edritu Santo<\/strong> y <strong>eliminando los obst\u00e1culos<\/strong> que haya en nuestro coraz\u00f3n <strong>que impiden la venida de Jes\u00fas<\/strong>: el pecado, la soberbia, el orgullo, la autosuficiencia, la falta de humildad, el ego\u00edsmo\u2026<\/p>\n<p>Tambi\u00e9n es importante que -en medio del ruido de la sociedad- tengamos una <strong>actitud de <em>escucha<\/em> de la Palabra de Dios<\/strong>, dej\u00e1ndola penetrar y actuar en tu coraz\u00f3n; y de <strong><em>docilidad<\/em> al Esp\u00edritu Santo<\/strong>, dejando que \u00c9l conduzca tu vida.<\/p>\n<p>La Palabra de Dios hoy nos ense\u00f1a que <strong>los humildes son los que encuentran a Dios. <\/strong>Nos lo ha recordado tambi\u00e9n el Salmo: <em>\u00bfQui\u00e9n puede subir al monte del Se\u00f1or?&#8230; El hombre de manos inocentes y puro coraz\u00f3n\u2026 Ese recibir\u00e1 la bendici\u00f3n del Se\u00f1or.<\/em><\/p>\n<p><strong>Mar\u00eda es la humilde servidora del Se\u00f1or.<\/strong> La peque\u00f1a, la que es sencilla y est\u00e1 abierta a Dios. Mar\u00eda se convierte as\u00ed en un modelo para nosotros en este final del Adviento: <strong>ella recibe a Dios por su humildad, porque le acepta sin condiciones, porque est\u00e1 dispuesta a aceptar y cumplir su voluntad<\/strong>, porque sabe que \u00c9l es el Se\u00f1or y ella la sierva, \u00c9l es el Maestro y ella la disc\u00edpula.<\/p>\n<p>Destaca tambi\u00e9n el especial el silencio de <strong>san Jos\u00e9<\/strong>, <strong><em>que era un hombre justo. <\/em><\/strong>\u00bfQu\u00e9 significa ser <em>justo?<\/em> El salmo 1 nos lo explica: <em>Dichoso el hombre que no sigue el consejo de los imp\u00edos,\u00a0ni entra por la senda de los pecadores, ni se sienta en la reuni\u00f3n de los c\u00ednicos; sino que <strong>su gozo es la ley del Se\u00f1or. <\/strong><\/em><strong>Su silencio<\/strong> no <strong>manifiesta<\/strong> un vac\u00edo interior, sino, al contrario, <strong>la plenitud de fe que lleva en su coraz\u00f3n<\/strong> y que gu\u00eda su vida.<\/p>\n<p>Por eso, <strong>la Palabra de Dios te invita hoy a tener un coraz\u00f3n humilde, sencillo y contemplativo, como Mar\u00eda y Jos\u00e9, a abrir tu coraz\u00f3n sin reservas a Dios que ya llega, a no ponerle condiciones. <\/strong>S\u00f3lo los humildes encontrar\u00e1n a Dios. Dios habla s\u00f3lo a los que son pobres de esp\u00edritu, a los humildes y sencillos que acuden a \u00c9l porque se sienten necesitados de \u00c9l. <strong>S\u00f3lo los humildes pueden tener fe.<\/strong><\/p>\n<p><strong>\u00bfC\u00f3mo est\u00e1 tu coraz\u00f3n? \u00bfEst\u00e1s preparado ya para recibir al Se\u00f1or que llega? \u00bfEst\u00e1 tu coraz\u00f3n limpio de todo obst\u00e1culo? \u00bfTienes ganas de que Jes\u00fas est\u00e9 en tu coraz\u00f3n y lo llene?<\/strong> \u00a1An\u00edmate! \u00a1No caigas en la trampa que la sociedad materialista te pone!<\/p>\n<p><strong>\u00a1Pide el <em>don <\/em>del Esp\u00edritu Santo! \u00a1Deja que \u00c9l te prepare un coraz\u00f3n sencillo y humilde como el de Mar\u00eda y el de Jos\u00e9 y as\u00ed puedas recibir al Se\u00f1or!<\/strong> \u00a1Encontrar\u00e1s la paz, la alegr\u00eda y la felicidad que s\u00f3lo el Se\u00f1or te puede dar!<\/p>\n<p>\u00a1\u00c1nimo! <strong>\u00a1No te dejes robar la Navidad!<\/strong> Porque <strong><em>llega el Enmanuel, \u201cDios con nosotros\u201d.<\/em><\/strong> \u00c9l Se\u00f1or quiere entrar en tu coraz\u00f3n. \u00a1\u00c1brelo de par en par! \u00a1D\u00e9jate llenar por \u00c9l!<\/p>\n<p>\u00a1Ven, Se\u00f1or Jes\u00fas!<\/p>\n","protected":false},"excerpt":{"rendered":"<p>Domingo, 21 de diciembre de 2025<\/p>\n","protected":false},"author":20,"featured_media":151235,"comment_status":"closed","ping_status":"closed","sticky":false,"template":"","format":"standard","meta":{"_acf_changed":false,"_crdt_document":"","inline_featured_image":false,"footnotes":""},"categories":[96,74],"tags":[1087,1372,5185,6281,58880],"class_list":["post-151232","post","type-post","status-publish","format-standard","has-post-thumbnail","hentry","category-espiritualidad","category-iglesia-y-mundo","tag-comentario","tag-evangelio","tag-iv-domingo-de-adviento","tag-jorge-miro","tag-trending-es-151"],"acf":[],"yoast_head":"<!-- This site is optimized with the Yoast SEO plugin v27.5 - https:\/\/yoast.com\/product\/yoast-seo-wordpress\/ -->\n<title>Jes\u00fas nacer\u00e1 de Mar\u00eda, desposada con Jos\u00e9, hijo de David: Comentario del P. Jorge Mir\u00f3 &#8211; Exaudi<\/title>\n<meta name=\"robots\" content=\"index, follow, max-snippet:-1, max-image-preview:large, max-video-preview:-1\" \/>\n<link rel=\"canonical\" href=\"https:\/\/exaudi.org\/es\/jesus-nacera-de-maria-desposada-con-jose-hijo-de-david-comentario-del-p-jorge-miro-2\/\" \/>\n<meta property=\"og:locale\" content=\"es_ES\" \/>\n<meta property=\"og:type\" content=\"article\" \/>\n<meta property=\"og:title\" content=\"Jes\u00fas nacer\u00e1 de Mar\u00eda, desposada con Jos\u00e9, hijo de David: Comentario del P. Jorge Mir\u00f3 &#8211; Exaudi\" \/>\n<meta property=\"og:description\" content=\"Domingo, 21 de diciembre de 2025\" \/>\n<meta property=\"og:url\" content=\"https:\/\/exaudi.org\/es\/jesus-nacera-de-maria-desposada-con-jose-hijo-de-david-comentario-del-p-jorge-miro-2\/\" \/>\n<meta property=\"og:site_name\" content=\"Exaudi\" \/>\n<meta property=\"article:publisher\" content=\"https:\/\/www.facebook.com\/ExaudiNews\" \/>\n<meta property=\"article:published_time\" content=\"2025-12-20T08:17:44+00:00\" \/>\n<meta name=\"author\" content=\"Jorge Mir\u00f3\" \/>\n<meta name=\"twitter:card\" content=\"summary_large_image\" \/>\n<meta name=\"twitter:creator\" content=\"@Exaudi_News\" \/>\n<meta name=\"twitter:site\" content=\"@Exaudi_News\" \/>\n<meta name=\"twitter:label1\" content=\"Escrito por\" \/>\n\t<meta name=\"twitter:data1\" content=\"Jorge Mir\u00f3\" \/>\n\t<meta name=\"twitter:label2\" content=\"Tiempo de lectura\" \/>\n\t<meta name=\"twitter:data2\" content=\"4 minutos\" \/>\n<script type=\"application\/ld+json\" class=\"yoast-schema-graph\">{\"@context\":\"https:\\\/\\\/schema.org\",\"@graph\":[{\"@type\":\"Article\",\"@id\":\"https:\\\/\\\/exaudi.org\\\/es\\\/jesus-nacera-de-maria-desposada-con-jose-hijo-de-david-comentario-del-p-jorge-miro-2\\\/#article\",\"isPartOf\":{\"@id\":\"https:\\\/\\\/exaudi.org\\\/es\\\/jesus-nacera-de-maria-desposada-con-jose-hijo-de-david-comentario-del-p-jorge-miro-2\\\/\"},\"author\":{\"name\":\"Jorge Mir\u00f3\",\"@id\":\"https:\\\/\\\/exaudi.org\\\/#\\\/schema\\\/person\\\/a258c56b05e63b2b367bdca29e0ed3e3\"},\"headline\":\"Jes\u00fas nacer\u00e1 de Mar\u00eda, desposada con Jos\u00e9, hijo de David: Comentario del P. Jorge Mir\u00f3\",\"datePublished\":\"2025-12-20T08:17:44+00:00\",\"mainEntityOfPage\":{\"@id\":\"https:\\\/\\\/exaudi.org\\\/es\\\/jesus-nacera-de-maria-desposada-con-jose-hijo-de-david-comentario-del-p-jorge-miro-2\\\/\"},\"wordCount\":784,\"image\":{\"@id\":\"https:\\\/\\\/exaudi.org\\\/es\\\/jesus-nacera-de-maria-desposada-con-jose-hijo-de-david-comentario-del-p-jorge-miro-2\\\/#primaryimage\"},\"thumbnailUrl\":\"https:\\\/\\\/exaudi.org\\\/wp-content\\\/uploads\\\/2025\\\/12\\\/advent-wreath-1069961_1920.jpg\",\"keywords\":[\"Comentario\",\"Evangelio\",\"IV Domingo de Adviento\",\"Jorge Mir\u00f3\",\"Trending\"],\"articleSection\":[\"Espiritualidad\",\"Iglesia y Mundo\"],\"inLanguage\":\"es\"},{\"@type\":\"WebPage\",\"@id\":\"https:\\\/\\\/exaudi.org\\\/es\\\/jesus-nacera-de-maria-desposada-con-jose-hijo-de-david-comentario-del-p-jorge-miro-2\\\/\",\"url\":\"https:\\\/\\\/exaudi.org\\\/es\\\/jesus-nacera-de-maria-desposada-con-jose-hijo-de-david-comentario-del-p-jorge-miro-2\\\/\",\"name\":\"Jes\u00fas nacer\u00e1 de Mar\u00eda, desposada con Jos\u00e9, hijo de David: Comentario del P. Jorge Mir\u00f3 &#8211; Exaudi\",\"isPartOf\":{\"@id\":\"https:\\\/\\\/exaudi.org\\\/#website\"},\"primaryImageOfPage\":{\"@id\":\"https:\\\/\\\/exaudi.org\\\/es\\\/jesus-nacera-de-maria-desposada-con-jose-hijo-de-david-comentario-del-p-jorge-miro-2\\\/#primaryimage\"},\"image\":{\"@id\":\"https:\\\/\\\/exaudi.org\\\/es\\\/jesus-nacera-de-maria-desposada-con-jose-hijo-de-david-comentario-del-p-jorge-miro-2\\\/#primaryimage\"},\"thumbnailUrl\":\"https:\\\/\\\/exaudi.org\\\/wp-content\\\/uploads\\\/2025\\\/12\\\/advent-wreath-1069961_1920.jpg\",\"datePublished\":\"2025-12-20T08:17:44+00:00\",\"author\":{\"@id\":\"https:\\\/\\\/exaudi.org\\\/#\\\/schema\\\/person\\\/a258c56b05e63b2b367bdca29e0ed3e3\"},\"breadcrumb\":{\"@id\":\"https:\\\/\\\/exaudi.org\\\/es\\\/jesus-nacera-de-maria-desposada-con-jose-hijo-de-david-comentario-del-p-jorge-miro-2\\\/#breadcrumb\"},\"inLanguage\":\"es\",\"potentialAction\":[{\"@type\":\"ReadAction\",\"target\":[\"https:\\\/\\\/exaudi.org\\\/es\\\/jesus-nacera-de-maria-desposada-con-jose-hijo-de-david-comentario-del-p-jorge-miro-2\\\/\"]}]},{\"@type\":\"ImageObject\",\"inLanguage\":\"es\",\"@id\":\"https:\\\/\\\/exaudi.org\\\/es\\\/jesus-nacera-de-maria-desposada-con-jose-hijo-de-david-comentario-del-p-jorge-miro-2\\\/#primaryimage\",\"url\":\"https:\\\/\\\/exaudi.org\\\/wp-content\\\/uploads\\\/2025\\\/12\\\/advent-wreath-1069961_1920.jpg\",\"contentUrl\":\"https:\\\/\\\/exaudi.org\\\/wp-content\\\/uploads\\\/2025\\\/12\\\/advent-wreath-1069961_1920.jpg\",\"width\":1920,\"height\":1115},{\"@type\":\"BreadcrumbList\",\"@id\":\"https:\\\/\\\/exaudi.org\\\/es\\\/jesus-nacera-de-maria-desposada-con-jose-hijo-de-david-comentario-del-p-jorge-miro-2\\\/#breadcrumb\",\"itemListElement\":[{\"@type\":\"ListItem\",\"position\":1,\"name\":\"Portada\",\"item\":\"https:\\\/\\\/exaudi.org\\\/es\\\/\"},{\"@type\":\"ListItem\",\"position\":2,\"name\":\"Jes\u00fas nacer\u00e1 de Mar\u00eda, desposada con Jos\u00e9, hijo de David: Comentario del P. Jorge Mir\u00f3\"}]},{\"@type\":\"WebSite\",\"@id\":\"https:\\\/\\\/exaudi.org\\\/#website\",\"url\":\"https:\\\/\\\/exaudi.org\\\/\",\"name\":\"Exaudi\",\"description\":\"News\",\"potentialAction\":[{\"@type\":\"SearchAction\",\"target\":{\"@type\":\"EntryPoint\",\"urlTemplate\":\"https:\\\/\\\/exaudi.org\\\/?s={search_term_string}\"},\"query-input\":{\"@type\":\"PropertyValueSpecification\",\"valueRequired\":true,\"valueName\":\"search_term_string\"}}],\"inLanguage\":\"es\"},{\"@type\":\"Person\",\"@id\":\"https:\\\/\\\/exaudi.org\\\/#\\\/schema\\\/person\\\/a258c56b05e63b2b367bdca29e0ed3e3\",\"name\":\"Jorge Mir\u00f3\",\"image\":{\"@type\":\"ImageObject\",\"inLanguage\":\"es\",\"@id\":\"https:\\\/\\\/secure.gravatar.com\\\/avatar\\\/f5ea26c436669b01b7b02124bf13596df002525d6f392707d301543be365bd44?s=96&d=mm&r=g\",\"url\":\"https:\\\/\\\/secure.gravatar.com\\\/avatar\\\/f5ea26c436669b01b7b02124bf13596df002525d6f392707d301543be365bd44?s=96&d=mm&r=g\",\"contentUrl\":\"https:\\\/\\\/secure.gravatar.com\\\/avatar\\\/f5ea26c436669b01b7b02124bf13596df002525d6f392707d301543be365bd44?s=96&d=mm&r=g\",\"caption\":\"Jorge Mir\u00f3\"},\"description\":\"Sacerdote de la archidi\u00f3cesis de Valencia y profesor en la Facultad de Ciencias Jur\u00eddicas, Econ\u00f3micas y Sociales de la Universidad Cat\u00f3lica de Valencia\",\"url\":\"https:\\\/\\\/exaudi.org\\\/es\\\/author\\\/jorgemiro\\\/\"}]}<\/script>\n<!-- \/ Yoast SEO plugin. -->","yoast_head_json":{"title":"Jes\u00fas nacer\u00e1 de Mar\u00eda, desposada con Jos\u00e9, hijo de David: Comentario del P. Jorge Mir\u00f3 &#8211; Exaudi","robots":{"index":"index","follow":"follow","max-snippet":"max-snippet:-1","max-image-preview":"max-image-preview:large","max-video-preview":"max-video-preview:-1"},"canonical":"https:\/\/exaudi.org\/es\/jesus-nacera-de-maria-desposada-con-jose-hijo-de-david-comentario-del-p-jorge-miro-2\/","og_locale":"es_ES","og_type":"article","og_title":"Jes\u00fas nacer\u00e1 de Mar\u00eda, desposada con Jos\u00e9, hijo de David: Comentario del P. Jorge Mir\u00f3 &#8211; Exaudi","og_description":"Domingo, 21 de diciembre de 2025","og_url":"https:\/\/exaudi.org\/es\/jesus-nacera-de-maria-desposada-con-jose-hijo-de-david-comentario-del-p-jorge-miro-2\/","og_site_name":"Exaudi","article_publisher":"https:\/\/www.facebook.com\/ExaudiNews","article_published_time":"2025-12-20T08:17:44+00:00","author":"Jorge Mir\u00f3","twitter_card":"summary_large_image","twitter_creator":"@Exaudi_News","twitter_site":"@Exaudi_News","twitter_misc":{"Escrito por":"Jorge Mir\u00f3","Tiempo de lectura":"4 minutos"},"schema":{"@context":"https:\/\/schema.org","@graph":[{"@type":"Article","@id":"https:\/\/exaudi.org\/es\/jesus-nacera-de-maria-desposada-con-jose-hijo-de-david-comentario-del-p-jorge-miro-2\/#article","isPartOf":{"@id":"https:\/\/exaudi.org\/es\/jesus-nacera-de-maria-desposada-con-jose-hijo-de-david-comentario-del-p-jorge-miro-2\/"},"author":{"name":"Jorge Mir\u00f3","@id":"https:\/\/exaudi.org\/#\/schema\/person\/a258c56b05e63b2b367bdca29e0ed3e3"},"headline":"Jes\u00fas nacer\u00e1 de Mar\u00eda, desposada con Jos\u00e9, hijo de David: Comentario del P. Jorge Mir\u00f3","datePublished":"2025-12-20T08:17:44+00:00","mainEntityOfPage":{"@id":"https:\/\/exaudi.org\/es\/jesus-nacera-de-maria-desposada-con-jose-hijo-de-david-comentario-del-p-jorge-miro-2\/"},"wordCount":784,"image":{"@id":"https:\/\/exaudi.org\/es\/jesus-nacera-de-maria-desposada-con-jose-hijo-de-david-comentario-del-p-jorge-miro-2\/#primaryimage"},"thumbnailUrl":"https:\/\/exaudi.org\/wp-content\/uploads\/2025\/12\/advent-wreath-1069961_1920.jpg","keywords":["Comentario","Evangelio","IV Domingo de Adviento","Jorge Mir\u00f3","Trending"],"articleSection":["Espiritualidad","Iglesia y Mundo"],"inLanguage":"es"},{"@type":"WebPage","@id":"https:\/\/exaudi.org\/es\/jesus-nacera-de-maria-desposada-con-jose-hijo-de-david-comentario-del-p-jorge-miro-2\/","url":"https:\/\/exaudi.org\/es\/jesus-nacera-de-maria-desposada-con-jose-hijo-de-david-comentario-del-p-jorge-miro-2\/","name":"Jes\u00fas nacer\u00e1 de Mar\u00eda, desposada con Jos\u00e9, hijo de David: Comentario del P. Jorge Mir\u00f3 &#8211; Exaudi","isPartOf":{"@id":"https:\/\/exaudi.org\/#website"},"primaryImageOfPage":{"@id":"https:\/\/exaudi.org\/es\/jesus-nacera-de-maria-desposada-con-jose-hijo-de-david-comentario-del-p-jorge-miro-2\/#primaryimage"},"image":{"@id":"https:\/\/exaudi.org\/es\/jesus-nacera-de-maria-desposada-con-jose-hijo-de-david-comentario-del-p-jorge-miro-2\/#primaryimage"},"thumbnailUrl":"https:\/\/exaudi.org\/wp-content\/uploads\/2025\/12\/advent-wreath-1069961_1920.jpg","datePublished":"2025-12-20T08:17:44+00:00","author":{"@id":"https:\/\/exaudi.org\/#\/schema\/person\/a258c56b05e63b2b367bdca29e0ed3e3"},"breadcrumb":{"@id":"https:\/\/exaudi.org\/es\/jesus-nacera-de-maria-desposada-con-jose-hijo-de-david-comentario-del-p-jorge-miro-2\/#breadcrumb"},"inLanguage":"es","potentialAction":[{"@type":"ReadAction","target":["https:\/\/exaudi.org\/es\/jesus-nacera-de-maria-desposada-con-jose-hijo-de-david-comentario-del-p-jorge-miro-2\/"]}]},{"@type":"ImageObject","inLanguage":"es","@id":"https:\/\/exaudi.org\/es\/jesus-nacera-de-maria-desposada-con-jose-hijo-de-david-comentario-del-p-jorge-miro-2\/#primaryimage","url":"https:\/\/exaudi.org\/wp-content\/uploads\/2025\/12\/advent-wreath-1069961_1920.jpg","contentUrl":"https:\/\/exaudi.org\/wp-content\/uploads\/2025\/12\/advent-wreath-1069961_1920.jpg","width":1920,"height":1115},{"@type":"BreadcrumbList","@id":"https:\/\/exaudi.org\/es\/jesus-nacera-de-maria-desposada-con-jose-hijo-de-david-comentario-del-p-jorge-miro-2\/#breadcrumb","itemListElement":[{"@type":"ListItem","position":1,"name":"Portada","item":"https:\/\/exaudi.org\/es\/"},{"@type":"ListItem","position":2,"name":"Jes\u00fas nacer\u00e1 de Mar\u00eda, desposada con Jos\u00e9, hijo de David: Comentario del P. Jorge Mir\u00f3"}]},{"@type":"WebSite","@id":"https:\/\/exaudi.org\/#website","url":"https:\/\/exaudi.org\/","name":"Exaudi","description":"News","potentialAction":[{"@type":"SearchAction","target":{"@type":"EntryPoint","urlTemplate":"https:\/\/exaudi.org\/?s={search_term_string}"},"query-input":{"@type":"PropertyValueSpecification","valueRequired":true,"valueName":"search_term_string"}}],"inLanguage":"es"},{"@type":"Person","@id":"https:\/\/exaudi.org\/#\/schema\/person\/a258c56b05e63b2b367bdca29e0ed3e3","name":"Jorge Mir\u00f3","image":{"@type":"ImageObject","inLanguage":"es","@id":"https:\/\/secure.gravatar.com\/avatar\/f5ea26c436669b01b7b02124bf13596df002525d6f392707d301543be365bd44?s=96&d=mm&r=g","url":"https:\/\/secure.gravatar.com\/avatar\/f5ea26c436669b01b7b02124bf13596df002525d6f392707d301543be365bd44?s=96&d=mm&r=g","contentUrl":"https:\/\/secure.gravatar.com\/avatar\/f5ea26c436669b01b7b02124bf13596df002525d6f392707d301543be365bd44?s=96&d=mm&r=g","caption":"Jorge Mir\u00f3"},"description":"Sacerdote de la archidi\u00f3cesis de Valencia y profesor en la Facultad de Ciencias Jur\u00eddicas, Econ\u00f3micas y Sociales de la Universidad Cat\u00f3lica de Valencia","url":"https:\/\/exaudi.org\/es\/author\/jorgemiro\/"}]}},"jetpack_featured_media_url":"https:\/\/exaudi.org\/wp-content\/uploads\/2025\/12\/advent-wreath-1069961_1920.jpg","jetpack_shortlink":"https:\/\/wp.me\/pgKjF2-Dle","_links":{"self":[{"href":"https:\/\/exaudi.org\/es\/wp-json\/wp\/v2\/posts\/151232","targetHints":{"allow":["GET"]}}],"collection":[{"href":"https:\/\/exaudi.org\/es\/wp-json\/wp\/v2\/posts"}],"about":[{"href":"https:\/\/exaudi.org\/es\/wp-json\/wp\/v2\/types\/post"}],"author":[{"embeddable":true,"href":"https:\/\/exaudi.org\/es\/wp-json\/wp\/v2\/users\/20"}],"replies":[{"embeddable":true,"href":"https:\/\/exaudi.org\/es\/wp-json\/wp\/v2\/comments?post=151232"}],"version-history":[{"count":3,"href":"https:\/\/exaudi.org\/es\/wp-json\/wp\/v2\/posts\/151232\/revisions"}],"predecessor-version":[{"id":151238,"href":"https:\/\/exaudi.org\/es\/wp-json\/wp\/v2\/posts\/151232\/revisions\/151238"}],"wp:featuredmedia":[{"embeddable":true,"href":"https:\/\/exaudi.org\/es\/wp-json\/wp\/v2\/media\/151235"}],"wp:attachment":[{"href":"https:\/\/exaudi.org\/es\/wp-json\/wp\/v2\/media?parent=151232"}],"wp:term":[{"taxonomy":"category","embeddable":true,"href":"https:\/\/exaudi.org\/es\/wp-json\/wp\/v2\/categories?post=151232"},{"taxonomy":"post_tag","embeddable":true,"href":"https:\/\/exaudi.org\/es\/wp-json\/wp\/v2\/tags?post=151232"}],"curies":[{"name":"wp","href":"https:\/\/api.w.org\/{rel}","templated":true}]}}