{"id":15115,"date":"2021-05-05T09:45:46","date_gmt":"2021-05-05T07:45:46","guid":{"rendered":"https:\/\/exaudi.org\/?p=15115"},"modified":"2021-05-06T09:35:04","modified_gmt":"2021-05-06T07:35:04","slug":"maraton-de-oracion-papa-informa-del-rezo-del-rosario-en-corea-del-sur","status":"publish","type":"post","link":"https:\/\/exaudi.org\/es\/maraton-de-oracion-papa-informa-del-rezo-del-rosario-en-corea-del-sur\/","title":{"rendered":"Marat\u00f3n de oraci\u00f3n: Hoy, Rosario desde Corea del Sur"},"content":{"rendered":"<p>En la <a href=\"https:\/\/exaudi.org\/es\/audiencia-general-caridad-contemplacion-sinonimos-2021\/\" target=\"_blank\" rel=\"noopener noreferrer\">audiencia general<\/a> de esta ma\u00f1ana, mi\u00e9rcoles 5 de mayo de 2021, el Papa Francisco ha recordado que hoy el santuario de la Virgen del Rosario de Corea del Sur es el encargado de guiar el rezo del Rosario por el fin de la pandemia por COVID-19 en el <a href=\"https:\/\/exaudi.org\/es\/papa-promueve-maraton-de-oracion-por-fin-de-pandemia-2021\/\" target=\"_blank\" rel=\"noopener noreferrer\">marat\u00f3n de oraci\u00f3n del mes de Mar\u00eda<\/a>.<\/p>\n<p>\u201cGuiados por los santuarios dispersos por el mundo, en este mes de mayo recitamos el Rosario para invocar el fin de la pandemia y la reanudaci\u00f3n de las actividades sociales y laborales. Hoy gu\u00eda esta oraci\u00f3n mariana el santuario de la Beata Virgen del Rosario en Namyang, Corea del Sur. Nos unimos a los que est\u00e1n reunidos en este Santuario, rezando especialmente por los ni\u00f1os y los adolescentes\u201d, han sido las palabras del Santo Padre.<\/p>\n<h4><strong>Marat\u00f3n de oraci\u00f3n<\/strong><\/h4>\n<p>En mayo de 2021, mes de la Virgen, santuarios de todo el mundo se unen a un <a href=\"https:\/\/exaudi.org\/es\/mayo-2021-maraton-de-oracion-desde-30-santuarios-del-mundo\/\" target=\"_blank\" rel=\"noopener noreferrer\">marat\u00f3n de oraci\u00f3n convocado por el Santo Padre<\/a> para invocar el fin de la crisis sanitaria. Esta iniciativa ha sido organizada por el <a href=\"http:\/\/www.pcpne.va\/content\/pcpne\/es\/news\/2021-04-23.html\" target=\"_blank\" rel=\"noopener noreferrer\">Pontificio Consejo para la Promoci\u00f3n de la Nueva Evangelizaci\u00f3n<\/a>, que, a trav\u00e9s de un comunicado, hizo p\u00fablico el 27 de abril de 2021, los nombres de los 30 templos que formar\u00e1n parte del evento.<\/p>\n<p>\u201cPor ferviente deseo del Santo Padre, el mes de mayo se dedicar\u00e1 a un \u2018marat\u00f3n\u2019 de oraci\u00f3n para invocar el fin de la pandemia, que aflige al mundo desde hace m\u00e1s de un a\u00f1o, y para la reanudaci\u00f3n de las actividades sociales y laborales\u201d, se lee en la nota del Pontificio Consejo. El Santo Padre \u201cha querido implicar a todos los santuarios del mundo en esta iniciativa, para que se conviertan en instrumentos de la oraci\u00f3n de toda la Iglesia. La iniciativa se realiza a la luz de la expresi\u00f3n b\u00edblica: \u2018De toda la Iglesia sub\u00eda incesantemente la oraci\u00f3n a Dios\u2019 (Hch 12, 5)\u201d.<\/p>\n<h4><strong>Rezo del Rosario en San Pedro<\/strong><\/h4>\n<p>A las 18 horas del pasado s\u00e1bado 1 de mayo, frente a Nuestra Se\u00f1ora del Socorro, en la Capilla Gregoriana de la Bas\u00edlica Vaticana, el Papa presidi\u00f3 el <a href=\"https:\/\/fb.watch\/5dhqoIkDRx\/\" target=\"_blank\" rel=\"noopener noreferrer\">rezo del Rosario<\/a> que abr\u00eda el marat\u00f3n de oraci\u00f3n con el tema \u201cDe toda la Iglesia sub\u00eda incesantemente la oraci\u00f3n a Dios\u201d (Hch 12, 5), para invocar el fin de la pandemia.<\/p>\n<p>Antes de comenzar el <a href=\"http:\/\/www.vatican.va\/special\/rosary\/index_rosary_sp.htm\" target=\"_blank\" rel=\"noopener noreferrer\">Rosario<\/a>, el Pont\u00edfice y monse\u00f1or Rino Fisichella, presidente del Consejo para la Nueva Evangelizaci\u00f3n, colocaron una arreglo floral ante la Virgen.\u00a0Despu\u00e9s, Francisco pronunci\u00f3 una oraci\u00f3n introductoria: \u201cAl comienzo del mes dedicado a la Virgen, nos unimos en oraci\u00f3n con todos los santuarios de todo el mundo, con los fieles y con todas las personas de buena voluntad, para encomendar a las manos de la Sant\u00edsima Virgen la humanidad entera, muy probada por esta \u00e9poca de pandemia. Cada d\u00eda de este mes de mayo te encomendaremos a Ti, Madre de la Misericordia, las muchas personas que han sido afectadas por el virus y que siguen sufriendo sus consecuencias\u201d.<\/p>\n<h4><strong>30 santuarios del mundo<\/strong><\/h4>\n<p>Los 30 santuarios representativos, repartidos por todo el mundo, que han sido elegidos para dirigir la oraci\u00f3n mariana un d\u00eda del mes son: Nuestra Se\u00f1ora de Walsingham en Inglaterra; Jes\u00fas el Salvador y Mar\u00eda Madre en Nigeria; Nuestra Se\u00f1ora de Cz\u0119stochowa en Polonia; Bas\u00edlica de la Anunciaci\u00f3n en Nazaret; Santa Virgen del Rosario en Corea del Sur; Nuestra Se\u00f1ora de Aparecida en Brasil; Nuestra Se\u00f1ora de la Paz y del buen viaje en Filipinas; Nuestra Se\u00f1ora de Luj\u00e1n en Argentina; Santa Casa de Loreto en Italia; Nuestra Se\u00f1ora de Knock en Irlanda; Virgen de los Pobres en B\u00e9lgica; Nuestra Se\u00f1ora de \u00c1frica en Argelia; Santa Virgen del Rosario de F\u00e1tima en Portugal; Nuestra Se\u00f1ora de la Salud en India; Virgen Reina de la Paz en Bosnia; la Catedral de Santa Mar\u00eda en Australia; Inmaculada Concepci\u00f3n en U.S.A.; Nuestra Se\u00f1ora de Lourdes en Francia; Virgen Mar\u00eda en Turqu\u00eda; Nuestra Se\u00f1ora de la Caridad del Cobre en Cuba; Virgen de Nagasaki en Jap\u00f3n; Nuestra Se\u00f1ora de Montserrat en Espa\u00f1a; Nuestra Se\u00f1ora de Cap en Canad\u00e1; Virgen de Ta\u2019Pinu en Malta; Nuestra Se\u00f1ora de Guadalupe en M\u00e9xico; Madre de Dios en Ucrania; Virgen Negra de Alt\u00f6tting en Alemania; Nuestra Se\u00f1ora de L\u00edbano (en L\u00edbano; Virgen del Santo Rosario de Pompeya en Italia.<\/p>\n<p>La oraci\u00f3n desde cada uno de estos lugares es transmitida por los canales oficiales de la Santa Sede a las 18 horas, seg\u00fan el horario de Roma. Para la ocasi\u00f3n se ha preparado un breve subsidio lit\u00fargico en el que se ofrecen algunas indicaciones \u00fatiles para compartir este momento participando con la propia comunidad. El subsidio en italiano, ingl\u00e9s y espa\u00f1ol puede descargarse de la p\u00e1gina web del Pontificio Consejo para la Promoci\u00f3n de la Nueva Evangelizaci\u00f3n (<a href=\"http:\/\/www.pcpne.va\/\">www.pcpne.va<\/a>).<\/p>\n<p><strong>Con Larissa l. L\u00f3pez<\/strong><\/p>\n","protected":false},"excerpt":{"rendered":"<p>Santuario Virgen del Rosario<\/p>\n","protected":false},"author":6,"featured_media":15135,"comment_status":"closed","ping_status":"closed","sticky":false,"template":"","format":"standard","meta":{"_acf_changed":false,"_crdt_document":"","inline_featured_image":false,"footnotes":""},"categories":[112,298],"tags":[2021,2085],"class_list":["post-15115","post","type-post","status-publish","format-standard","has-post-thumbnail","hentry","category-audiencia-general","category-ultimas-noticias","tag-corea-del-sur","tag-maraton-de-oracion-2021"],"acf":[],"yoast_head":"<!-- This site is optimized with the Yoast SEO plugin v27.5 - https:\/\/yoast.com\/product\/yoast-seo-wordpress\/ -->\n<title>Marat\u00f3n de oraci\u00f3n: Hoy, Rosario desde Corea del Sur<\/title>\n<meta name=\"description\" content=\"El Papa recuerda que hoy el rezo del Rosario del marat\u00f3n de oraci\u00f3n por el fin de la pandemia se hace desde el Santuario de Corea del Sur.\" \/>\n<meta name=\"robots\" content=\"index, follow, max-snippet:-1, max-image-preview:large, max-video-preview:-1\" \/>\n<link rel=\"canonical\" href=\"https:\/\/exaudi.org\/es\/maraton-de-oracion-papa-informa-del-rezo-del-rosario-en-corea-del-sur\/\" \/>\n<meta property=\"og:locale\" content=\"es_ES\" \/>\n<meta property=\"og:type\" content=\"article\" \/>\n<meta property=\"og:title\" content=\"Marat\u00f3n de oraci\u00f3n: Hoy, Rosario desde Corea del Sur\" \/>\n<meta property=\"og:description\" content=\"El Papa recuerda que hoy el rezo del Rosario del marat\u00f3n de oraci\u00f3n por el fin de la pandemia se hace desde el Santuario de Corea del Sur.\" \/>\n<meta property=\"og:url\" content=\"https:\/\/exaudi.org\/es\/maraton-de-oracion-papa-informa-del-rezo-del-rosario-en-corea-del-sur\/\" \/>\n<meta property=\"og:site_name\" content=\"Exaudi\" \/>\n<meta property=\"article:publisher\" content=\"https:\/\/www.facebook.com\/ExaudiNews\" \/>\n<meta property=\"article:published_time\" content=\"2021-05-05T07:45:46+00:00\" \/>\n<meta property=\"article:modified_time\" content=\"2021-05-06T07:35:04+00:00\" \/>\n<meta property=\"og:image\" content=\"https:\/\/exaudi.org\/wp-content\/uploads\/2021\/05\/DSC6333-scaled.jpg\" \/>\n\t<meta property=\"og:image:width\" content=\"2560\" \/>\n\t<meta property=\"og:image:height\" content=\"1703\" \/>\n\t<meta property=\"og:image:type\" content=\"image\/jpeg\" \/>\n<meta name=\"author\" content=\"Gabriel Sales\" \/>\n<meta name=\"twitter:card\" content=\"summary_large_image\" \/>\n<meta name=\"twitter:creator\" content=\"@habemusman\" \/>\n<meta name=\"twitter:site\" content=\"@Exaudi_News\" \/>\n<meta name=\"twitter:label1\" content=\"Escrito por\" \/>\n\t<meta name=\"twitter:data1\" content=\"Gabriel Sales\" \/>\n\t<meta name=\"twitter:label2\" content=\"Tiempo de lectura\" \/>\n\t<meta name=\"twitter:data2\" content=\"4 minutos\" \/>\n<script type=\"application\/ld+json\" class=\"yoast-schema-graph\">{\"@context\":\"https:\\\/\\\/schema.org\",\"@graph\":[{\"@type\":\"Article\",\"@id\":\"https:\\\/\\\/exaudi.org\\\/es\\\/maraton-de-oracion-papa-informa-del-rezo-del-rosario-en-corea-del-sur\\\/#article\",\"isPartOf\":{\"@id\":\"https:\\\/\\\/exaudi.org\\\/es\\\/maraton-de-oracion-papa-informa-del-rezo-del-rosario-en-corea-del-sur\\\/\"},\"author\":{\"name\":\"Gabriel Sales\",\"@id\":\"https:\\\/\\\/exaudi.org\\\/#\\\/schema\\\/person\\\/d134b96438278131ce90c90c03fda6cd\"},\"headline\":\"Marat\u00f3n de oraci\u00f3n: Hoy, Rosario desde Corea del Sur\",\"datePublished\":\"2021-05-05T07:45:46+00:00\",\"dateModified\":\"2021-05-06T07:35:04+00:00\",\"mainEntityOfPage\":{\"@id\":\"https:\\\/\\\/exaudi.org\\\/es\\\/maraton-de-oracion-papa-informa-del-rezo-del-rosario-en-corea-del-sur\\\/\"},\"wordCount\":876,\"image\":{\"@id\":\"https:\\\/\\\/exaudi.org\\\/es\\\/maraton-de-oracion-papa-informa-del-rezo-del-rosario-en-corea-del-sur\\\/#primaryimage\"},\"thumbnailUrl\":\"https:\\\/\\\/exaudi.org\\\/wp-content\\\/uploads\\\/2021\\\/05\\\/DSC6333-scaled.jpg\",\"keywords\":[\"Corea del Sur\",\"Marat\u00f3n de oraci\u00f3n 2021\"],\"articleSection\":[\"Audiencia General\",\"\u00daltimas noticias\"],\"inLanguage\":\"es\"},{\"@type\":\"WebPage\",\"@id\":\"https:\\\/\\\/exaudi.org\\\/es\\\/maraton-de-oracion-papa-informa-del-rezo-del-rosario-en-corea-del-sur\\\/\",\"url\":\"https:\\\/\\\/exaudi.org\\\/es\\\/maraton-de-oracion-papa-informa-del-rezo-del-rosario-en-corea-del-sur\\\/\",\"name\":\"Marat\u00f3n de oraci\u00f3n: Hoy, Rosario desde Corea del Sur\",\"isPartOf\":{\"@id\":\"https:\\\/\\\/exaudi.org\\\/#website\"},\"primaryImageOfPage\":{\"@id\":\"https:\\\/\\\/exaudi.org\\\/es\\\/maraton-de-oracion-papa-informa-del-rezo-del-rosario-en-corea-del-sur\\\/#primaryimage\"},\"image\":{\"@id\":\"https:\\\/\\\/exaudi.org\\\/es\\\/maraton-de-oracion-papa-informa-del-rezo-del-rosario-en-corea-del-sur\\\/#primaryimage\"},\"thumbnailUrl\":\"https:\\\/\\\/exaudi.org\\\/wp-content\\\/uploads\\\/2021\\\/05\\\/DSC6333-scaled.jpg\",\"datePublished\":\"2021-05-05T07:45:46+00:00\",\"dateModified\":\"2021-05-06T07:35:04+00:00\",\"author\":{\"@id\":\"https:\\\/\\\/exaudi.org\\\/#\\\/schema\\\/person\\\/d134b96438278131ce90c90c03fda6cd\"},\"description\":\"El Papa recuerda que hoy el rezo del Rosario del marat\u00f3n de oraci\u00f3n por el fin de la pandemia se hace desde el Santuario de Corea del Sur.\",\"breadcrumb\":{\"@id\":\"https:\\\/\\\/exaudi.org\\\/es\\\/maraton-de-oracion-papa-informa-del-rezo-del-rosario-en-corea-del-sur\\\/#breadcrumb\"},\"inLanguage\":\"es\",\"potentialAction\":[{\"@type\":\"ReadAction\",\"target\":[\"https:\\\/\\\/exaudi.org\\\/es\\\/maraton-de-oracion-papa-informa-del-rezo-del-rosario-en-corea-del-sur\\\/\"]}]},{\"@type\":\"ImageObject\",\"inLanguage\":\"es\",\"@id\":\"https:\\\/\\\/exaudi.org\\\/es\\\/maraton-de-oracion-papa-informa-del-rezo-del-rosario-en-corea-del-sur\\\/#primaryimage\",\"url\":\"https:\\\/\\\/exaudi.org\\\/wp-content\\\/uploads\\\/2021\\\/05\\\/DSC6333-scaled.jpg\",\"contentUrl\":\"https:\\\/\\\/exaudi.org\\\/wp-content\\\/uploads\\\/2021\\\/05\\\/DSC6333-scaled.jpg\",\"width\":2560,\"height\":1703,\"caption\":\"Audiencia general 5 mayo 2021 \u00a9 Vatican Media\"},{\"@type\":\"BreadcrumbList\",\"@id\":\"https:\\\/\\\/exaudi.org\\\/es\\\/maraton-de-oracion-papa-informa-del-rezo-del-rosario-en-corea-del-sur\\\/#breadcrumb\",\"itemListElement\":[{\"@type\":\"ListItem\",\"position\":1,\"name\":\"Portada\",\"item\":\"https:\\\/\\\/exaudi.org\\\/es\\\/\"},{\"@type\":\"ListItem\",\"position\":2,\"name\":\"Marat\u00f3n de oraci\u00f3n: Hoy, Rosario desde Corea del Sur\"}]},{\"@type\":\"WebSite\",\"@id\":\"https:\\\/\\\/exaudi.org\\\/#website\",\"url\":\"https:\\\/\\\/exaudi.org\\\/\",\"name\":\"Exaudi\",\"description\":\"News\",\"potentialAction\":[{\"@type\":\"SearchAction\",\"target\":{\"@type\":\"EntryPoint\",\"urlTemplate\":\"https:\\\/\\\/exaudi.org\\\/?s={search_term_string}\"},\"query-input\":{\"@type\":\"PropertyValueSpecification\",\"valueRequired\":true,\"valueName\":\"search_term_string\"}}],\"inLanguage\":\"es\"},{\"@type\":\"Person\",\"@id\":\"https:\\\/\\\/exaudi.org\\\/#\\\/schema\\\/person\\\/d134b96438278131ce90c90c03fda6cd\",\"name\":\"Gabriel Sales\",\"image\":{\"@type\":\"ImageObject\",\"inLanguage\":\"es\",\"@id\":\"https:\\\/\\\/secure.gravatar.com\\\/avatar\\\/9b1269566f6a063ed26ffb3532b66a373cdde231ce5d0effb266167437fdaffd?s=96&d=mm&r=g\",\"url\":\"https:\\\/\\\/secure.gravatar.com\\\/avatar\\\/9b1269566f6a063ed26ffb3532b66a373cdde231ce5d0effb266167437fdaffd?s=96&d=mm&r=g\",\"contentUrl\":\"https:\\\/\\\/secure.gravatar.com\\\/avatar\\\/9b1269566f6a063ed26ffb3532b66a373cdde231ce5d0effb266167437fdaffd?s=96&d=mm&r=g\",\"caption\":\"Gabriel Sales\"},\"description\":\"Periodista y especialista en Comunicaci\u00f3n y Branding digital. Cin\u00e9filo y cr\u00edtico de cine y series de televisi\u00f3n.\",\"sameAs\":[\"https:\\\/\\\/www.instagram.com\\\/cine90segundos\\\/\",\"www.linkedin.com\\\/in\\\/habemusman\",\"https:\\\/\\\/x.com\\\/habemusman\",\"https:\\\/\\\/www.youtube.com\\\/channel\\\/UCVfCiOMkJ_C7T7OpyjuaLDg\"],\"url\":\"https:\\\/\\\/exaudi.org\\\/es\\\/author\\\/gsalesexaudi-org\\\/\"}]}<\/script>\n<!-- \/ Yoast SEO plugin. -->","yoast_head_json":{"title":"Marat\u00f3n de oraci\u00f3n: Hoy, Rosario desde Corea del Sur","description":"El Papa recuerda que hoy el rezo del Rosario del marat\u00f3n de oraci\u00f3n por el fin de la pandemia se hace desde el Santuario de Corea del Sur.","robots":{"index":"index","follow":"follow","max-snippet":"max-snippet:-1","max-image-preview":"max-image-preview:large","max-video-preview":"max-video-preview:-1"},"canonical":"https:\/\/exaudi.org\/es\/maraton-de-oracion-papa-informa-del-rezo-del-rosario-en-corea-del-sur\/","og_locale":"es_ES","og_type":"article","og_title":"Marat\u00f3n de oraci\u00f3n: Hoy, Rosario desde Corea del Sur","og_description":"El Papa recuerda que hoy el rezo del Rosario del marat\u00f3n de oraci\u00f3n por el fin de la pandemia se hace desde el Santuario de Corea del Sur.","og_url":"https:\/\/exaudi.org\/es\/maraton-de-oracion-papa-informa-del-rezo-del-rosario-en-corea-del-sur\/","og_site_name":"Exaudi","article_publisher":"https:\/\/www.facebook.com\/ExaudiNews","article_published_time":"2021-05-05T07:45:46+00:00","article_modified_time":"2021-05-06T07:35:04+00:00","og_image":[{"width":2560,"height":1703,"url":"https:\/\/exaudi.org\/wp-content\/uploads\/2021\/05\/DSC6333-scaled.jpg","type":"image\/jpeg"}],"author":"Gabriel Sales","twitter_card":"summary_large_image","twitter_creator":"@habemusman","twitter_site":"@Exaudi_News","twitter_misc":{"Escrito por":"Gabriel Sales","Tiempo de lectura":"4 minutos"},"schema":{"@context":"https:\/\/schema.org","@graph":[{"@type":"Article","@id":"https:\/\/exaudi.org\/es\/maraton-de-oracion-papa-informa-del-rezo-del-rosario-en-corea-del-sur\/#article","isPartOf":{"@id":"https:\/\/exaudi.org\/es\/maraton-de-oracion-papa-informa-del-rezo-del-rosario-en-corea-del-sur\/"},"author":{"name":"Gabriel Sales","@id":"https:\/\/exaudi.org\/#\/schema\/person\/d134b96438278131ce90c90c03fda6cd"},"headline":"Marat\u00f3n de oraci\u00f3n: Hoy, Rosario desde Corea del Sur","datePublished":"2021-05-05T07:45:46+00:00","dateModified":"2021-05-06T07:35:04+00:00","mainEntityOfPage":{"@id":"https:\/\/exaudi.org\/es\/maraton-de-oracion-papa-informa-del-rezo-del-rosario-en-corea-del-sur\/"},"wordCount":876,"image":{"@id":"https:\/\/exaudi.org\/es\/maraton-de-oracion-papa-informa-del-rezo-del-rosario-en-corea-del-sur\/#primaryimage"},"thumbnailUrl":"https:\/\/exaudi.org\/wp-content\/uploads\/2021\/05\/DSC6333-scaled.jpg","keywords":["Corea del Sur","Marat\u00f3n de oraci\u00f3n 2021"],"articleSection":["Audiencia General","\u00daltimas noticias"],"inLanguage":"es"},{"@type":"WebPage","@id":"https:\/\/exaudi.org\/es\/maraton-de-oracion-papa-informa-del-rezo-del-rosario-en-corea-del-sur\/","url":"https:\/\/exaudi.org\/es\/maraton-de-oracion-papa-informa-del-rezo-del-rosario-en-corea-del-sur\/","name":"Marat\u00f3n de oraci\u00f3n: Hoy, Rosario desde Corea del Sur","isPartOf":{"@id":"https:\/\/exaudi.org\/#website"},"primaryImageOfPage":{"@id":"https:\/\/exaudi.org\/es\/maraton-de-oracion-papa-informa-del-rezo-del-rosario-en-corea-del-sur\/#primaryimage"},"image":{"@id":"https:\/\/exaudi.org\/es\/maraton-de-oracion-papa-informa-del-rezo-del-rosario-en-corea-del-sur\/#primaryimage"},"thumbnailUrl":"https:\/\/exaudi.org\/wp-content\/uploads\/2021\/05\/DSC6333-scaled.jpg","datePublished":"2021-05-05T07:45:46+00:00","dateModified":"2021-05-06T07:35:04+00:00","author":{"@id":"https:\/\/exaudi.org\/#\/schema\/person\/d134b96438278131ce90c90c03fda6cd"},"description":"El Papa recuerda que hoy el rezo del Rosario del marat\u00f3n de oraci\u00f3n por el fin de la pandemia se hace desde el Santuario de Corea del Sur.","breadcrumb":{"@id":"https:\/\/exaudi.org\/es\/maraton-de-oracion-papa-informa-del-rezo-del-rosario-en-corea-del-sur\/#breadcrumb"},"inLanguage":"es","potentialAction":[{"@type":"ReadAction","target":["https:\/\/exaudi.org\/es\/maraton-de-oracion-papa-informa-del-rezo-del-rosario-en-corea-del-sur\/"]}]},{"@type":"ImageObject","inLanguage":"es","@id":"https:\/\/exaudi.org\/es\/maraton-de-oracion-papa-informa-del-rezo-del-rosario-en-corea-del-sur\/#primaryimage","url":"https:\/\/exaudi.org\/wp-content\/uploads\/2021\/05\/DSC6333-scaled.jpg","contentUrl":"https:\/\/exaudi.org\/wp-content\/uploads\/2021\/05\/DSC6333-scaled.jpg","width":2560,"height":1703,"caption":"Audiencia general 5 mayo 2021 \u00a9 Vatican Media"},{"@type":"BreadcrumbList","@id":"https:\/\/exaudi.org\/es\/maraton-de-oracion-papa-informa-del-rezo-del-rosario-en-corea-del-sur\/#breadcrumb","itemListElement":[{"@type":"ListItem","position":1,"name":"Portada","item":"https:\/\/exaudi.org\/es\/"},{"@type":"ListItem","position":2,"name":"Marat\u00f3n de oraci\u00f3n: Hoy, Rosario desde Corea del Sur"}]},{"@type":"WebSite","@id":"https:\/\/exaudi.org\/#website","url":"https:\/\/exaudi.org\/","name":"Exaudi","description":"News","potentialAction":[{"@type":"SearchAction","target":{"@type":"EntryPoint","urlTemplate":"https:\/\/exaudi.org\/?s={search_term_string}"},"query-input":{"@type":"PropertyValueSpecification","valueRequired":true,"valueName":"search_term_string"}}],"inLanguage":"es"},{"@type":"Person","@id":"https:\/\/exaudi.org\/#\/schema\/person\/d134b96438278131ce90c90c03fda6cd","name":"Gabriel Sales","image":{"@type":"ImageObject","inLanguage":"es","@id":"https:\/\/secure.gravatar.com\/avatar\/9b1269566f6a063ed26ffb3532b66a373cdde231ce5d0effb266167437fdaffd?s=96&d=mm&r=g","url":"https:\/\/secure.gravatar.com\/avatar\/9b1269566f6a063ed26ffb3532b66a373cdde231ce5d0effb266167437fdaffd?s=96&d=mm&r=g","contentUrl":"https:\/\/secure.gravatar.com\/avatar\/9b1269566f6a063ed26ffb3532b66a373cdde231ce5d0effb266167437fdaffd?s=96&d=mm&r=g","caption":"Gabriel Sales"},"description":"Periodista y especialista en Comunicaci\u00f3n y Branding digital. Cin\u00e9filo y cr\u00edtico de cine y series de televisi\u00f3n.","sameAs":["https:\/\/www.instagram.com\/cine90segundos\/","www.linkedin.com\/in\/habemusman","https:\/\/x.com\/habemusman","https:\/\/www.youtube.com\/channel\/UCVfCiOMkJ_C7T7OpyjuaLDg"],"url":"https:\/\/exaudi.org\/es\/author\/gsalesexaudi-org\/"}]}},"jetpack_featured_media_url":"https:\/\/exaudi.org\/wp-content\/uploads\/2021\/05\/DSC6333-scaled.jpg","jetpack_shortlink":"https:\/\/wp.me\/pgKjF2-3VN","_links":{"self":[{"href":"https:\/\/exaudi.org\/es\/wp-json\/wp\/v2\/posts\/15115","targetHints":{"allow":["GET"]}}],"collection":[{"href":"https:\/\/exaudi.org\/es\/wp-json\/wp\/v2\/posts"}],"about":[{"href":"https:\/\/exaudi.org\/es\/wp-json\/wp\/v2\/types\/post"}],"author":[{"embeddable":true,"href":"https:\/\/exaudi.org\/es\/wp-json\/wp\/v2\/users\/6"}],"replies":[{"embeddable":true,"href":"https:\/\/exaudi.org\/es\/wp-json\/wp\/v2\/comments?post=15115"}],"version-history":[{"count":0,"href":"https:\/\/exaudi.org\/es\/wp-json\/wp\/v2\/posts\/15115\/revisions"}],"wp:featuredmedia":[{"embeddable":true,"href":"https:\/\/exaudi.org\/es\/wp-json\/wp\/v2\/media\/15135"}],"wp:attachment":[{"href":"https:\/\/exaudi.org\/es\/wp-json\/wp\/v2\/media?parent=15115"}],"wp:term":[{"taxonomy":"category","embeddable":true,"href":"https:\/\/exaudi.org\/es\/wp-json\/wp\/v2\/categories?post=15115"},{"taxonomy":"post_tag","embeddable":true,"href":"https:\/\/exaudi.org\/es\/wp-json\/wp\/v2\/tags?post=15115"}],"curies":[{"name":"wp","href":"https:\/\/api.w.org\/{rel}","templated":true}]}}