{"id":15106,"date":"2021-05-05T12:20:11","date_gmt":"2021-05-05T10:20:11","guid":{"rendered":"https:\/\/exaudi.org\/?p=15106"},"modified":"2021-05-06T17:38:43","modified_gmt":"2021-05-06T15:38:43","slug":"audiencia-general-caridad-contemplacion-sinonimos-2021","status":"publish","type":"post","link":"https:\/\/exaudi.org\/es\/audiencia-general-caridad-contemplacion-sinonimos-2021\/","title":{"rendered":"Audiencia general: \u201cCaridad y contemplaci\u00f3n son sin\u00f3nimos\u201d"},"content":{"rendered":"<p>En la <a href=\"https:\/\/exaudi.org\/es\/audiencia-general-catequesis-oracion-contemplativa-2021\/\" target=\"_blank\" rel=\"noopener noreferrer\">audiencia general<\/a> de esta ma\u00f1ana, el Papa Francisco ha se\u00f1alado que \u201cla llamada del Evangelio es seguir a Jes\u00fas en la v\u00eda del amor. Esto es el culmen de toda la vida cristiana. Caridad y contemplaci\u00f3n son sin\u00f3nimos, se refieren a la misma realidad\u201d.<\/p>\n<p>Hoy, 5 de mayo de 2021, el Santo Padre ha presidido la audiencia general en la biblioteca del <a href=\"http:\/\/www.vatican.va\/news_services\/press\/documentazione\/documents\/sp_ss_scv\/informazione_generale\/sp_ss_scv_info-generale_sp.html\" target=\"_blank\" rel=\"noopener noreferrer\">Palacio Apost\u00f3lico\u00a0vaticano<\/a>, transmitida en directo, de nuevo sin fieles, como medida de prevenci\u00f3n frente a la <a href=\"https:\/\/exaudi.org\/es\/cardenal-felipe-arizmendi-vacunas-para-la-vida\/\" target=\"_blank\" rel=\"noopener noreferrer\">COVID-19<\/a>, y ha seguido con el ciclo de catequesis sobre la oraci\u00f3n centrada en tema de \u201cLa oraci\u00f3n de contemplaci\u00f3n\u201d.<\/p>\n<h4><strong>Modo de rezar<\/strong><\/h4>\n<p>El Papa ha explicado que \u201cla contemplaci\u00f3n, m\u00e1s que un m\u00e9todo o un modo de rezar, es una \u00edntima condici\u00f3n del ser humano que debemos descubrir\u201d.<\/p>\n<p>\u201dSomos contemplativos, tenemos la capacidad de ver el mundo con los ojos del coraz\u00f3n, que van m\u00e1s all\u00e1 del simple examen de la realidad, mirando desde el amor y la fe\u201d, afirma.<\/p>\n<h4><strong>Delante de Dios<\/strong><\/h4>\n<p>El Pont\u00edfice sostiene que, desde esta realidad, \u201cnuestra oraci\u00f3n contemplativa nos pone delante de un Dios que nos mira con amor. La luz de esa mirada ilumina nuestro esp\u00edritu, le da ojos de misericordia para contemplar el mundo\u201d.<\/p>\n<p>El mismo Se\u00f1or, a\u00f1ade, \u201ces modelo de esta oraci\u00f3n, una oraci\u00f3n que no se desentiende de la realidad y el sufrimiento, sino que por el contrario, se acrecienta ante la inminencia de su Pasi\u00f3n\u201d. De este modo, subraya, \u201cen la transfiguraci\u00f3n podemos contemplar c\u00f3mo la luz del amor del Padre llena el coraz\u00f3n de Jes\u00fas y hace resplandecer toda su persona, como un preludio de la Cruz\u201d.<\/p>\n<p>\u201cSan Juan de la Cruz afirmaba que un peque\u00f1o acto de amor es m\u00e1s \u00fatil a la Iglesia que todas las dem\u00e1s acciones juntas. Un acto de amor, purificado en la oraci\u00f3n para que no nazca de nuestra presunci\u00f3n y de nuestro ego\u00edsmo, es el mayor milagro que un cristiano pueda alcanzar\u201d, manifiesta Francisco.<\/p>\n<h4><strong>Amor infinito y paciente<\/strong><\/h4>\n<p>En las peticiones realizadas en su habitual saludo a los peregrinos de lengua espa\u00f1ola, de Espa\u00f1a y Latinoam\u00e9rica, el Papa ha animado a hacer \u201cuna pausa para ir a la iglesia m\u00e1s cercana, a sentarse un rato delante del sagrario\u201d. Les ha llamado a dejarse \u201cmirar por el amor infinito y paciente de Jes\u00fas, que all\u00ed los espera, y cont\u00e9mplenlo con los ojos de la fe y como los ojos del amor\u201d.<\/p>\n<p>Por \u00faltimo, el Obispo de Roma ha deseado a todos los fieles \u201cque Dios los bendiga y la Virgen Santa los cuide. Muchas gracias\u201d.<\/p>\n","protected":false},"excerpt":{"rendered":"<p>Resumen en espa\u00f1ol<\/p>\n","protected":false},"author":6,"featured_media":15109,"comment_status":"closed","ping_status":"closed","sticky":false,"template":"","format":"standard","meta":{"_acf_changed":false,"_crdt_document":"","inline_featured_image":false,"footnotes":""},"categories":[112,298],"tags":[179,676,158],"class_list":["post-15106","post","type-post","status-publish","format-standard","has-post-thumbnail","hentry","category-audiencia-general","category-ultimas-noticias","tag-audiencia-general","tag-oracion","tag-papa-francisco"],"acf":[],"yoast_head":"<!-- This site is optimized with the Yoast SEO plugin v27.5 - https:\/\/yoast.com\/product\/yoast-seo-wordpress\/ -->\n<title>Audiencia general: \u201cCaridad y contemplaci\u00f3n son sin\u00f3nimos\u201d - Exaudi<\/title>\n<meta name=\"description\" content=\"En la audiencia general de hoy 5 de mayo de 2021, el Papa Francisco ha abordado su catequesis con el tema de \u201cLa oraci\u00f3n de contemplaci\u00f3n\u201d\" \/>\n<meta name=\"robots\" content=\"index, follow, max-snippet:-1, max-image-preview:large, max-video-preview:-1\" \/>\n<link rel=\"canonical\" href=\"https:\/\/exaudi.org\/es\/audiencia-general-caridad-contemplacion-sinonimos-2021\/\" \/>\n<meta property=\"og:locale\" content=\"es_ES\" \/>\n<meta property=\"og:type\" content=\"article\" \/>\n<meta property=\"og:title\" content=\"Audiencia general: \u201cCaridad y contemplaci\u00f3n son sin\u00f3nimos\u201d - Exaudi\" \/>\n<meta property=\"og:description\" content=\"En la audiencia general de hoy 5 de mayo de 2021, el Papa Francisco ha abordado su catequesis con el tema de \u201cLa oraci\u00f3n de contemplaci\u00f3n\u201d\" \/>\n<meta property=\"og:url\" content=\"https:\/\/exaudi.org\/es\/audiencia-general-caridad-contemplacion-sinonimos-2021\/\" \/>\n<meta property=\"og:site_name\" content=\"Exaudi\" \/>\n<meta property=\"article:publisher\" content=\"https:\/\/www.facebook.com\/ExaudiNews\" \/>\n<meta property=\"article:published_time\" content=\"2021-05-05T10:20:11+00:00\" \/>\n<meta property=\"article:modified_time\" content=\"2021-05-06T15:38:43+00:00\" \/>\n<meta property=\"og:image\" content=\"https:\/\/exaudi.org\/wp-content\/uploads\/2021\/05\/DSC61091143-scaled.jpg\" \/>\n\t<meta property=\"og:image:width\" content=\"2560\" \/>\n\t<meta property=\"og:image:height\" content=\"1706\" \/>\n\t<meta property=\"og:image:type\" content=\"image\/jpeg\" \/>\n<meta name=\"author\" content=\"Gabriel Sales\" \/>\n<meta name=\"twitter:card\" content=\"summary_large_image\" \/>\n<meta name=\"twitter:creator\" content=\"@habemusman\" \/>\n<meta name=\"twitter:site\" content=\"@Exaudi_News\" \/>\n<meta name=\"twitter:label1\" content=\"Escrito por\" \/>\n\t<meta name=\"twitter:data1\" content=\"Gabriel Sales\" \/>\n\t<meta name=\"twitter:label2\" content=\"Tiempo de lectura\" \/>\n\t<meta name=\"twitter:data2\" content=\"2 minutos\" \/>\n<script type=\"application\/ld+json\" class=\"yoast-schema-graph\">{\"@context\":\"https:\\\/\\\/schema.org\",\"@graph\":[{\"@type\":\"Article\",\"@id\":\"https:\\\/\\\/exaudi.org\\\/es\\\/audiencia-general-caridad-contemplacion-sinonimos-2021\\\/#article\",\"isPartOf\":{\"@id\":\"https:\\\/\\\/exaudi.org\\\/es\\\/audiencia-general-caridad-contemplacion-sinonimos-2021\\\/\"},\"author\":{\"name\":\"Gabriel Sales\",\"@id\":\"https:\\\/\\\/exaudi.org\\\/#\\\/schema\\\/person\\\/d134b96438278131ce90c90c03fda6cd\"},\"headline\":\"Audiencia general: \u201cCaridad y contemplaci\u00f3n son sin\u00f3nimos\u201d\",\"datePublished\":\"2021-05-05T10:20:11+00:00\",\"dateModified\":\"2021-05-06T15:38:43+00:00\",\"mainEntityOfPage\":{\"@id\":\"https:\\\/\\\/exaudi.org\\\/es\\\/audiencia-general-caridad-contemplacion-sinonimos-2021\\\/\"},\"wordCount\":472,\"image\":{\"@id\":\"https:\\\/\\\/exaudi.org\\\/es\\\/audiencia-general-caridad-contemplacion-sinonimos-2021\\\/#primaryimage\"},\"thumbnailUrl\":\"https:\\\/\\\/exaudi.org\\\/wp-content\\\/uploads\\\/2021\\\/05\\\/DSC61091143-scaled.jpg\",\"keywords\":[\"audiencia general\",\"Oraci\u00f3n\",\"papa francisco\"],\"articleSection\":[\"Audiencia General\",\"\u00daltimas noticias\"],\"inLanguage\":\"es\"},{\"@type\":\"WebPage\",\"@id\":\"https:\\\/\\\/exaudi.org\\\/es\\\/audiencia-general-caridad-contemplacion-sinonimos-2021\\\/\",\"url\":\"https:\\\/\\\/exaudi.org\\\/es\\\/audiencia-general-caridad-contemplacion-sinonimos-2021\\\/\",\"name\":\"Audiencia general: \u201cCaridad y contemplaci\u00f3n son sin\u00f3nimos\u201d - Exaudi\",\"isPartOf\":{\"@id\":\"https:\\\/\\\/exaudi.org\\\/#website\"},\"primaryImageOfPage\":{\"@id\":\"https:\\\/\\\/exaudi.org\\\/es\\\/audiencia-general-caridad-contemplacion-sinonimos-2021\\\/#primaryimage\"},\"image\":{\"@id\":\"https:\\\/\\\/exaudi.org\\\/es\\\/audiencia-general-caridad-contemplacion-sinonimos-2021\\\/#primaryimage\"},\"thumbnailUrl\":\"https:\\\/\\\/exaudi.org\\\/wp-content\\\/uploads\\\/2021\\\/05\\\/DSC61091143-scaled.jpg\",\"datePublished\":\"2021-05-05T10:20:11+00:00\",\"dateModified\":\"2021-05-06T15:38:43+00:00\",\"author\":{\"@id\":\"https:\\\/\\\/exaudi.org\\\/#\\\/schema\\\/person\\\/d134b96438278131ce90c90c03fda6cd\"},\"description\":\"En la audiencia general de hoy 5 de mayo de 2021, el Papa Francisco ha abordado su catequesis con el tema de \u201cLa oraci\u00f3n de contemplaci\u00f3n\u201d\",\"breadcrumb\":{\"@id\":\"https:\\\/\\\/exaudi.org\\\/es\\\/audiencia-general-caridad-contemplacion-sinonimos-2021\\\/#breadcrumb\"},\"inLanguage\":\"es\",\"potentialAction\":[{\"@type\":\"ReadAction\",\"target\":[\"https:\\\/\\\/exaudi.org\\\/es\\\/audiencia-general-caridad-contemplacion-sinonimos-2021\\\/\"]}]},{\"@type\":\"ImageObject\",\"inLanguage\":\"es\",\"@id\":\"https:\\\/\\\/exaudi.org\\\/es\\\/audiencia-general-caridad-contemplacion-sinonimos-2021\\\/#primaryimage\",\"url\":\"https:\\\/\\\/exaudi.org\\\/wp-content\\\/uploads\\\/2021\\\/05\\\/DSC61091143-scaled.jpg\",\"contentUrl\":\"https:\\\/\\\/exaudi.org\\\/wp-content\\\/uploads\\\/2021\\\/05\\\/DSC61091143-scaled.jpg\",\"width\":2560,\"height\":1706,\"caption\":\"Audiencia general 5 mayo 2021 \u00a9 Vatican Media\"},{\"@type\":\"BreadcrumbList\",\"@id\":\"https:\\\/\\\/exaudi.org\\\/es\\\/audiencia-general-caridad-contemplacion-sinonimos-2021\\\/#breadcrumb\",\"itemListElement\":[{\"@type\":\"ListItem\",\"position\":1,\"name\":\"Portada\",\"item\":\"https:\\\/\\\/exaudi.org\\\/es\\\/\"},{\"@type\":\"ListItem\",\"position\":2,\"name\":\"Audiencia general: \u201cCaridad y contemplaci\u00f3n son sin\u00f3nimos\u201d\"}]},{\"@type\":\"WebSite\",\"@id\":\"https:\\\/\\\/exaudi.org\\\/#website\",\"url\":\"https:\\\/\\\/exaudi.org\\\/\",\"name\":\"Exaudi\",\"description\":\"News\",\"potentialAction\":[{\"@type\":\"SearchAction\",\"target\":{\"@type\":\"EntryPoint\",\"urlTemplate\":\"https:\\\/\\\/exaudi.org\\\/?s={search_term_string}\"},\"query-input\":{\"@type\":\"PropertyValueSpecification\",\"valueRequired\":true,\"valueName\":\"search_term_string\"}}],\"inLanguage\":\"es\"},{\"@type\":\"Person\",\"@id\":\"https:\\\/\\\/exaudi.org\\\/#\\\/schema\\\/person\\\/d134b96438278131ce90c90c03fda6cd\",\"name\":\"Gabriel Sales\",\"image\":{\"@type\":\"ImageObject\",\"inLanguage\":\"es\",\"@id\":\"https:\\\/\\\/secure.gravatar.com\\\/avatar\\\/9b1269566f6a063ed26ffb3532b66a373cdde231ce5d0effb266167437fdaffd?s=96&d=mm&r=g\",\"url\":\"https:\\\/\\\/secure.gravatar.com\\\/avatar\\\/9b1269566f6a063ed26ffb3532b66a373cdde231ce5d0effb266167437fdaffd?s=96&d=mm&r=g\",\"contentUrl\":\"https:\\\/\\\/secure.gravatar.com\\\/avatar\\\/9b1269566f6a063ed26ffb3532b66a373cdde231ce5d0effb266167437fdaffd?s=96&d=mm&r=g\",\"caption\":\"Gabriel Sales\"},\"description\":\"Periodista y especialista en Comunicaci\u00f3n y Branding digital. Cin\u00e9filo y cr\u00edtico de cine y series de televisi\u00f3n.\",\"sameAs\":[\"https:\\\/\\\/www.instagram.com\\\/cine90segundos\\\/\",\"www.linkedin.com\\\/in\\\/habemusman\",\"https:\\\/\\\/x.com\\\/habemusman\",\"https:\\\/\\\/www.youtube.com\\\/channel\\\/UCVfCiOMkJ_C7T7OpyjuaLDg\"],\"url\":\"https:\\\/\\\/exaudi.org\\\/es\\\/author\\\/gsalesexaudi-org\\\/\"}]}<\/script>\n<!-- \/ Yoast SEO plugin. -->","yoast_head_json":{"title":"Audiencia general: \u201cCaridad y contemplaci\u00f3n son sin\u00f3nimos\u201d - Exaudi","description":"En la audiencia general de hoy 5 de mayo de 2021, el Papa Francisco ha abordado su catequesis con el tema de \u201cLa oraci\u00f3n de contemplaci\u00f3n\u201d","robots":{"index":"index","follow":"follow","max-snippet":"max-snippet:-1","max-image-preview":"max-image-preview:large","max-video-preview":"max-video-preview:-1"},"canonical":"https:\/\/exaudi.org\/es\/audiencia-general-caridad-contemplacion-sinonimos-2021\/","og_locale":"es_ES","og_type":"article","og_title":"Audiencia general: \u201cCaridad y contemplaci\u00f3n son sin\u00f3nimos\u201d - Exaudi","og_description":"En la audiencia general de hoy 5 de mayo de 2021, el Papa Francisco ha abordado su catequesis con el tema de \u201cLa oraci\u00f3n de contemplaci\u00f3n\u201d","og_url":"https:\/\/exaudi.org\/es\/audiencia-general-caridad-contemplacion-sinonimos-2021\/","og_site_name":"Exaudi","article_publisher":"https:\/\/www.facebook.com\/ExaudiNews","article_published_time":"2021-05-05T10:20:11+00:00","article_modified_time":"2021-05-06T15:38:43+00:00","og_image":[{"width":2560,"height":1706,"url":"https:\/\/exaudi.org\/wp-content\/uploads\/2021\/05\/DSC61091143-scaled.jpg","type":"image\/jpeg"}],"author":"Gabriel Sales","twitter_card":"summary_large_image","twitter_creator":"@habemusman","twitter_site":"@Exaudi_News","twitter_misc":{"Escrito por":"Gabriel Sales","Tiempo de lectura":"2 minutos"},"schema":{"@context":"https:\/\/schema.org","@graph":[{"@type":"Article","@id":"https:\/\/exaudi.org\/es\/audiencia-general-caridad-contemplacion-sinonimos-2021\/#article","isPartOf":{"@id":"https:\/\/exaudi.org\/es\/audiencia-general-caridad-contemplacion-sinonimos-2021\/"},"author":{"name":"Gabriel Sales","@id":"https:\/\/exaudi.org\/#\/schema\/person\/d134b96438278131ce90c90c03fda6cd"},"headline":"Audiencia general: \u201cCaridad y contemplaci\u00f3n son sin\u00f3nimos\u201d","datePublished":"2021-05-05T10:20:11+00:00","dateModified":"2021-05-06T15:38:43+00:00","mainEntityOfPage":{"@id":"https:\/\/exaudi.org\/es\/audiencia-general-caridad-contemplacion-sinonimos-2021\/"},"wordCount":472,"image":{"@id":"https:\/\/exaudi.org\/es\/audiencia-general-caridad-contemplacion-sinonimos-2021\/#primaryimage"},"thumbnailUrl":"https:\/\/exaudi.org\/wp-content\/uploads\/2021\/05\/DSC61091143-scaled.jpg","keywords":["audiencia general","Oraci\u00f3n","papa francisco"],"articleSection":["Audiencia General","\u00daltimas noticias"],"inLanguage":"es"},{"@type":"WebPage","@id":"https:\/\/exaudi.org\/es\/audiencia-general-caridad-contemplacion-sinonimos-2021\/","url":"https:\/\/exaudi.org\/es\/audiencia-general-caridad-contemplacion-sinonimos-2021\/","name":"Audiencia general: \u201cCaridad y contemplaci\u00f3n son sin\u00f3nimos\u201d - Exaudi","isPartOf":{"@id":"https:\/\/exaudi.org\/#website"},"primaryImageOfPage":{"@id":"https:\/\/exaudi.org\/es\/audiencia-general-caridad-contemplacion-sinonimos-2021\/#primaryimage"},"image":{"@id":"https:\/\/exaudi.org\/es\/audiencia-general-caridad-contemplacion-sinonimos-2021\/#primaryimage"},"thumbnailUrl":"https:\/\/exaudi.org\/wp-content\/uploads\/2021\/05\/DSC61091143-scaled.jpg","datePublished":"2021-05-05T10:20:11+00:00","dateModified":"2021-05-06T15:38:43+00:00","author":{"@id":"https:\/\/exaudi.org\/#\/schema\/person\/d134b96438278131ce90c90c03fda6cd"},"description":"En la audiencia general de hoy 5 de mayo de 2021, el Papa Francisco ha abordado su catequesis con el tema de \u201cLa oraci\u00f3n de contemplaci\u00f3n\u201d","breadcrumb":{"@id":"https:\/\/exaudi.org\/es\/audiencia-general-caridad-contemplacion-sinonimos-2021\/#breadcrumb"},"inLanguage":"es","potentialAction":[{"@type":"ReadAction","target":["https:\/\/exaudi.org\/es\/audiencia-general-caridad-contemplacion-sinonimos-2021\/"]}]},{"@type":"ImageObject","inLanguage":"es","@id":"https:\/\/exaudi.org\/es\/audiencia-general-caridad-contemplacion-sinonimos-2021\/#primaryimage","url":"https:\/\/exaudi.org\/wp-content\/uploads\/2021\/05\/DSC61091143-scaled.jpg","contentUrl":"https:\/\/exaudi.org\/wp-content\/uploads\/2021\/05\/DSC61091143-scaled.jpg","width":2560,"height":1706,"caption":"Audiencia general 5 mayo 2021 \u00a9 Vatican Media"},{"@type":"BreadcrumbList","@id":"https:\/\/exaudi.org\/es\/audiencia-general-caridad-contemplacion-sinonimos-2021\/#breadcrumb","itemListElement":[{"@type":"ListItem","position":1,"name":"Portada","item":"https:\/\/exaudi.org\/es\/"},{"@type":"ListItem","position":2,"name":"Audiencia general: \u201cCaridad y contemplaci\u00f3n son sin\u00f3nimos\u201d"}]},{"@type":"WebSite","@id":"https:\/\/exaudi.org\/#website","url":"https:\/\/exaudi.org\/","name":"Exaudi","description":"News","potentialAction":[{"@type":"SearchAction","target":{"@type":"EntryPoint","urlTemplate":"https:\/\/exaudi.org\/?s={search_term_string}"},"query-input":{"@type":"PropertyValueSpecification","valueRequired":true,"valueName":"search_term_string"}}],"inLanguage":"es"},{"@type":"Person","@id":"https:\/\/exaudi.org\/#\/schema\/person\/d134b96438278131ce90c90c03fda6cd","name":"Gabriel Sales","image":{"@type":"ImageObject","inLanguage":"es","@id":"https:\/\/secure.gravatar.com\/avatar\/9b1269566f6a063ed26ffb3532b66a373cdde231ce5d0effb266167437fdaffd?s=96&d=mm&r=g","url":"https:\/\/secure.gravatar.com\/avatar\/9b1269566f6a063ed26ffb3532b66a373cdde231ce5d0effb266167437fdaffd?s=96&d=mm&r=g","contentUrl":"https:\/\/secure.gravatar.com\/avatar\/9b1269566f6a063ed26ffb3532b66a373cdde231ce5d0effb266167437fdaffd?s=96&d=mm&r=g","caption":"Gabriel Sales"},"description":"Periodista y especialista en Comunicaci\u00f3n y Branding digital. Cin\u00e9filo y cr\u00edtico de cine y series de televisi\u00f3n.","sameAs":["https:\/\/www.instagram.com\/cine90segundos\/","www.linkedin.com\/in\/habemusman","https:\/\/x.com\/habemusman","https:\/\/www.youtube.com\/channel\/UCVfCiOMkJ_C7T7OpyjuaLDg"],"url":"https:\/\/exaudi.org\/es\/author\/gsalesexaudi-org\/"}]}},"jetpack_featured_media_url":"https:\/\/exaudi.org\/wp-content\/uploads\/2021\/05\/DSC61091143-scaled.jpg","jetpack_shortlink":"https:\/\/wp.me\/pgKjF2-3VE","_links":{"self":[{"href":"https:\/\/exaudi.org\/es\/wp-json\/wp\/v2\/posts\/15106","targetHints":{"allow":["GET"]}}],"collection":[{"href":"https:\/\/exaudi.org\/es\/wp-json\/wp\/v2\/posts"}],"about":[{"href":"https:\/\/exaudi.org\/es\/wp-json\/wp\/v2\/types\/post"}],"author":[{"embeddable":true,"href":"https:\/\/exaudi.org\/es\/wp-json\/wp\/v2\/users\/6"}],"replies":[{"embeddable":true,"href":"https:\/\/exaudi.org\/es\/wp-json\/wp\/v2\/comments?post=15106"}],"version-history":[{"count":0,"href":"https:\/\/exaudi.org\/es\/wp-json\/wp\/v2\/posts\/15106\/revisions"}],"wp:featuredmedia":[{"embeddable":true,"href":"https:\/\/exaudi.org\/es\/wp-json\/wp\/v2\/media\/15109"}],"wp:attachment":[{"href":"https:\/\/exaudi.org\/es\/wp-json\/wp\/v2\/media?parent=15106"}],"wp:term":[{"taxonomy":"category","embeddable":true,"href":"https:\/\/exaudi.org\/es\/wp-json\/wp\/v2\/categories?post=15106"},{"taxonomy":"post_tag","embeddable":true,"href":"https:\/\/exaudi.org\/es\/wp-json\/wp\/v2\/tags?post=15106"}],"curies":[{"name":"wp","href":"https:\/\/api.w.org\/{rel}","templated":true}]}}