{"id":15086,"date":"2021-05-05T08:44:23","date_gmt":"2021-05-05T06:44:23","guid":{"rendered":"https:\/\/exaudi.org\/?p=15086"},"modified":"2021-05-06T09:27:48","modified_gmt":"2021-05-06T07:27:48","slug":"cardenal-arizmendi-la-politica-altisima-vocacion","status":"publish","type":"post","link":"https:\/\/exaudi.org\/es\/cardenal-arizmendi-la-politica-altisima-vocacion\/","title":{"rendered":"Cardenal Arizmendi: La pol\u00edtica, alt\u00edsima vocaci\u00f3n"},"content":{"rendered":"<p>El cardenal\u00a0<a href=\"https:\/\/exaudi.org\/es\/author\/felipearizmendi\/\">Felipe Arizmendi Esquivel<\/a>, obispo em\u00e9rito de San Crist\u00f3bal de Las Casas y responsable de la Doctrina de la Fe en la\u00a0<a href=\"https:\/\/www.cem.org.mx\/\">Conferencia del Episcopado Mexicano<\/a>\u00a0(CEM), ofrece a los lectores de Exaudi su art\u00edculo semanal titulado \u201cLa pol\u00edtica, alt\u00edsima vocaci\u00f3n\u201d.<\/p>\n<h4><strong>Ver<\/strong><\/h4>\n<p>Cuando era joven sacerdote, mi obispo me confi\u00f3 el servicio de coordinar la pastoral vocacional en la di\u00f3cesis de Toluca. Entre otras actividades, organic\u00e9 un retiro espiritual con j\u00f3venes l\u00edderes de diversos grupos apost\u00f3licos. Uno de ellos, que pensaba ingresar al Seminario y ser sacerdote, en ese retiro descubri\u00f3 su vocaci\u00f3n pol\u00edtica, como laico cristiano. Ocup\u00f3 altos cargos en nuestro Estado y a nivel nacional, llegando a ser presidente de su partido pol\u00edtico. En una ocasi\u00f3n me confi\u00f3 que era muy dif\u00edcil conservarse limpio entre tanta corrupci\u00f3n y entre tantas pr\u00e1cticas inmorales que hay en ese ambiente. Se esforz\u00f3 por mantenerse fiel a sus principios y hacer lo posible por dignificar la pol\u00edtica.<\/p>\n<p>Ahora que en nuestro pa\u00eds estamos en campa\u00f1as electorales, aunque ya no tengo ning\u00fan cargo en una di\u00f3cesis, se me han acercado algunos candidatos a puestos p\u00fablicos, para platicarme sobre sus proyectos y escuchar una palabra de mi parte. Todos me dicen que su intenci\u00f3n es hacer algo por la comunidad, y en ello les aliento. Les animo a participar en la contienda electoral, siempre con la mejor intenci\u00f3n de promover el bienestar del pueblo. Pero les advierto tambi\u00e9n que no se contaminen con las malas pr\u00e1cticas habituales en ese medio, haci\u00e9ndoles ver los peligros que corren ante la presi\u00f3n de grupos de delincuentes que pretenden imponer sus leyes, amenazando que, si no se sujetan a lo que ellos disponen, est\u00e1n en riesgo su vida y la de sus familias. Aunque nuestro gobierno m\u00e1ximo dice que no van a permitir eso, en la pr\u00e1ctica se est\u00e1 sintiendo este poder alterno.<\/p>\n<h4><strong>Pensar<\/strong><\/h4>\n<p>El Papa Francisco, en su enc\u00edclica <a href=\"https:\/\/exaudi.org\/es\/enciclica-fratelli-tutti-papa\/\" target=\"_blank\" rel=\"noopener noreferrer\"><em>Fratelli tutti<\/em><\/a>, dice: \u201cReconocer a cada ser humano como un hermano o una hermana y buscar una amistad social que integre a todos no son meras utop\u00edas. Exigen la decisi\u00f3n y la capacidad para encontrar los caminos eficaces que las hagan realmente posibles. Cualquier empe\u00f1o en esta l\u00ednea se convierte en un ejercicio supremo de la caridad. Porque un individuo puede ayudar a una persona necesitada, pero cuando se une a otros para generar procesos sociales de fraternidad y de justicia para todos, entra en el campo de la m\u00e1s amplia caridad, la caridad pol\u00edtica. Se trata de avanzar hacia un orden social y pol\u00edtico cuya alma sea la caridad social. Una vez m\u00e1s convoco a rehabilitar la pol\u00edtica, que es una alt\u00edsima vocaci\u00f3n, es una de las formas m\u00e1s preciosas de la caridad, porque busca el bien com\u00fan\u201d (180).<\/p>\n<p>\u201cTodos los compromisos que brotan de la Doctrina Social de la Iglesia provienen de la caridad que, seg\u00fan la ense\u00f1anza de Jes\u00fas, es la s\u00edntesis de toda la Ley (cf.\u00a0Mt\u00a022,36-40). Esto supone reconocer que el amor, lleno de peque\u00f1os gestos de cuidado mutuo, es tambi\u00e9n civil y pol\u00edtico, y se manifiesta en todas las acciones que procuran construir un mundo mejor. Por esa raz\u00f3n, el amor no s\u00f3lo se expresa en relaciones \u00edntimas y cercanas, sino tambi\u00e9n en las macro-relaciones, como las relaciones sociales, econ\u00f3micas y pol\u00edticas\u201d (181).<\/p>\n<p>\u201cEsta caridad pol\u00edtica supone haber desarrollado un sentido social que supera toda mentalidad individualista: La caridad social nos hace amar el bien com\u00fan y nos lleva a buscar efectivamente el bien de todas las personas, consideradas no s\u00f3lo individualmente, sino tambi\u00e9n en la dimensi\u00f3n social que las une\u201d (182).<\/p>\n<p>\u201cSon actos de caridad aquellos que impulsan a crear instituciones m\u00e1s sanas, regulaciones m\u00e1s justas, estructuras m\u00e1s solidarias. Es un acto de caridad el esfuerzo dirigido a organizar y estructurar la sociedad de modo que el pr\u00f3jimo no tenga que padecer la miseria. Es caridad acompa\u00f1ar a una persona que sufre, y tambi\u00e9n es caridad todo lo que se realiza, aun sin tener contacto directo con esa persona, para modificar las condiciones sociales que provocan su sufrimiento. Si alguien ayuda a un anciano a cruzar un r\u00edo, y eso es exquisita caridad, el pol\u00edtico le construye un puente, y eso tambi\u00e9n es caridad. Si alguien ayuda a otro con comida, el pol\u00edtico le crea una fuente de trabajo, y ejercita un modo alt\u00edsimo de la caridad que ennoblece su acci\u00f3n pol\u00edtica\u201d (186).<\/p>\n<h4><strong>A<\/strong><strong>ctuar<\/strong><\/h4>\n<p>Exhorto respetuosamente a quienes ejercen un cargo pol\u00edtico, as\u00ed como a quienes aspiran a ello, a rescatar la pol\u00edtica y vivirla como un acto de amor al pr\u00f3jimo. Es posible vivir la pol\u00edtica como una <em>alt\u00edsima vocaci\u00f3n.<\/em> No es una simple profesi\u00f3n, ni una inversi\u00f3n de tiempo y de dinero para obtener dividendos individualistas, sino una oportunidad de desgastar la propia vida para que otros vivan m\u00e1s dignamente. As\u00ed, \u00a1s\u00ed vale la pena la pol\u00edtica!<\/p>\n<p>Y al elegir a alg\u00fan candidato, m\u00e1s que en el partido, fij\u00e9monos si, en su vida, ha sido un verdadero servidor de la comunidad; conozcamos sus frutos, para valorar la calidad del \u00e1rbol, y no nos dejemos enga\u00f1ar s\u00f3lo por las ramas de sus promesas y de su publicidad. Apoyemos a los comprobados servidores del pueblo, no a los oportunistas.<\/p>\n<audio class=\"wp-audio-shortcode\" id=\"audio-15086-1\" preload=\"none\" style=\"width: 100%;\" controls=\"controls\"><source type=\"audio\/mpeg\" src=\"https:\/\/exaudi.org\/wp-content\/uploads\/2021\/05\/Articulo-5-mayo.mp3?_=1\" \/><a href=\"https:\/\/exaudi.org\/wp-content\/uploads\/2021\/05\/Articulo-5-mayo.mp3\">https:\/\/exaudi.org\/wp-content\/uploads\/2021\/05\/Articulo-5-mayo.mp3<\/a><\/audio>\n","protected":false},"excerpt":{"rendered":"<p>Oportunidad de desgastar la propia vida para otros<\/p>\n","protected":false},"author":24,"featured_media":15090,"comment_status":"closed","ping_status":"closed","sticky":false,"template":"","format":"standard","meta":{"_acf_changed":false,"_crdt_document":"","inline_featured_image":false,"footnotes":""},"categories":[130],"tags":[413,634],"class_list":["post-15086","post","type-post","status-publish","format-standard","has-post-thumbnail","hentry","category-voces","tag-cardenal-felipe-arizmendi-esquivel","tag-politica"],"acf":[],"yoast_head":"<!-- This site is optimized with the Yoast SEO plugin v27.5 - https:\/\/yoast.com\/product\/yoast-seo-wordpress\/ -->\n<title>Cardenal Arizmendi: La pol\u00edtica, alt\u00edsima vocaci\u00f3n &#8211; Exaudi<\/title>\n<meta name=\"description\" content=\"El cardenal\u00a0Felipe Arizmendi, obispo em\u00e9rito de San Crist\u00f3bal de Las Casas, ofrece su art\u00edculo titulado \u201cLa pol\u00edtica, alt\u00edsima vocaci\u00f3n\u201d.\" \/>\n<meta name=\"robots\" content=\"index, follow, max-snippet:-1, max-image-preview:large, max-video-preview:-1\" \/>\n<link rel=\"canonical\" href=\"https:\/\/exaudi.org\/es\/cardenal-arizmendi-la-politica-altisima-vocacion\/\" \/>\n<meta property=\"og:locale\" content=\"es_ES\" \/>\n<meta property=\"og:type\" content=\"article\" \/>\n<meta property=\"og:title\" content=\"Cardenal Arizmendi: La pol\u00edtica, alt\u00edsima vocaci\u00f3n &#8211; Exaudi\" \/>\n<meta property=\"og:description\" content=\"El cardenal\u00a0Felipe Arizmendi, obispo em\u00e9rito de San Crist\u00f3bal de Las Casas, ofrece su art\u00edculo titulado \u201cLa pol\u00edtica, alt\u00edsima vocaci\u00f3n\u201d.\" \/>\n<meta property=\"og:url\" content=\"https:\/\/exaudi.org\/es\/cardenal-arizmendi-la-politica-altisima-vocacion\/\" \/>\n<meta property=\"og:site_name\" content=\"Exaudi\" \/>\n<meta property=\"article:publisher\" content=\"https:\/\/www.facebook.com\/ExaudiNews\" \/>\n<meta property=\"article:published_time\" content=\"2021-05-05T06:44:23+00:00\" \/>\n<meta property=\"article:modified_time\" content=\"2021-05-06T07:27:48+00:00\" \/>\n<meta property=\"og:image\" content=\"https:\/\/exaudi.org\/wp-content\/uploads\/2021\/05\/achievement-african-american-agreement-arms-business-business-agreement-1446499-pxhere.com_-scaled.jpg\" \/>\n\t<meta property=\"og:image:width\" content=\"2560\" \/>\n\t<meta property=\"og:image:height\" content=\"1706\" \/>\n\t<meta property=\"og:image:type\" content=\"image\/jpeg\" \/>\n<meta name=\"author\" content=\"Cardenal Felipe Arizmendi\" \/>\n<meta name=\"twitter:card\" content=\"summary_large_image\" \/>\n<meta name=\"twitter:creator\" content=\"@Exaudi_News\" \/>\n<meta name=\"twitter:site\" content=\"@Exaudi_News\" \/>\n<meta name=\"twitter:label1\" content=\"Escrito por\" \/>\n\t<meta name=\"twitter:data1\" content=\"Cardenal Felipe Arizmendi\" \/>\n\t<meta name=\"twitter:label2\" content=\"Tiempo de lectura\" \/>\n\t<meta name=\"twitter:data2\" content=\"4 minutos\" \/>\n<script type=\"application\/ld+json\" class=\"yoast-schema-graph\">{\"@context\":\"https:\\\/\\\/schema.org\",\"@graph\":[{\"@type\":\"Article\",\"@id\":\"https:\\\/\\\/exaudi.org\\\/es\\\/cardenal-arizmendi-la-politica-altisima-vocacion\\\/#article\",\"isPartOf\":{\"@id\":\"https:\\\/\\\/exaudi.org\\\/es\\\/cardenal-arizmendi-la-politica-altisima-vocacion\\\/\"},\"author\":{\"name\":\"Cardenal Felipe Arizmendi\",\"@id\":\"https:\\\/\\\/exaudi.org\\\/#\\\/schema\\\/person\\\/c7d223f87e58f1105d044d8da1439102\"},\"headline\":\"Cardenal Arizmendi: La pol\u00edtica, alt\u00edsima vocaci\u00f3n\",\"datePublished\":\"2021-05-05T06:44:23+00:00\",\"dateModified\":\"2021-05-06T07:27:48+00:00\",\"mainEntityOfPage\":{\"@id\":\"https:\\\/\\\/exaudi.org\\\/es\\\/cardenal-arizmendi-la-politica-altisima-vocacion\\\/\"},\"wordCount\":968,\"image\":{\"@id\":\"https:\\\/\\\/exaudi.org\\\/es\\\/cardenal-arizmendi-la-politica-altisima-vocacion\\\/#primaryimage\"},\"thumbnailUrl\":\"https:\\\/\\\/exaudi.org\\\/wp-content\\\/uploads\\\/2021\\\/05\\\/achievement-african-american-agreement-arms-business-business-agreement-1446499-pxhere.com_-scaled.jpg\",\"keywords\":[\"Cardenal Felipe Arizmendi Esquivel\",\"Pol\u00edtica\"],\"articleSection\":[\"Voces\"],\"inLanguage\":\"es\"},{\"@type\":\"WebPage\",\"@id\":\"https:\\\/\\\/exaudi.org\\\/es\\\/cardenal-arizmendi-la-politica-altisima-vocacion\\\/\",\"url\":\"https:\\\/\\\/exaudi.org\\\/es\\\/cardenal-arizmendi-la-politica-altisima-vocacion\\\/\",\"name\":\"Cardenal Arizmendi: La pol\u00edtica, alt\u00edsima vocaci\u00f3n &#8211; Exaudi\",\"isPartOf\":{\"@id\":\"https:\\\/\\\/exaudi.org\\\/#website\"},\"primaryImageOfPage\":{\"@id\":\"https:\\\/\\\/exaudi.org\\\/es\\\/cardenal-arizmendi-la-politica-altisima-vocacion\\\/#primaryimage\"},\"image\":{\"@id\":\"https:\\\/\\\/exaudi.org\\\/es\\\/cardenal-arizmendi-la-politica-altisima-vocacion\\\/#primaryimage\"},\"thumbnailUrl\":\"https:\\\/\\\/exaudi.org\\\/wp-content\\\/uploads\\\/2021\\\/05\\\/achievement-african-american-agreement-arms-business-business-agreement-1446499-pxhere.com_-scaled.jpg\",\"datePublished\":\"2021-05-05T06:44:23+00:00\",\"dateModified\":\"2021-05-06T07:27:48+00:00\",\"author\":{\"@id\":\"https:\\\/\\\/exaudi.org\\\/#\\\/schema\\\/person\\\/c7d223f87e58f1105d044d8da1439102\"},\"description\":\"El cardenal\u00a0Felipe Arizmendi, obispo em\u00e9rito de San Crist\u00f3bal de Las Casas, ofrece su art\u00edculo titulado \u201cLa pol\u00edtica, alt\u00edsima vocaci\u00f3n\u201d.\",\"breadcrumb\":{\"@id\":\"https:\\\/\\\/exaudi.org\\\/es\\\/cardenal-arizmendi-la-politica-altisima-vocacion\\\/#breadcrumb\"},\"inLanguage\":\"es\",\"potentialAction\":[{\"@type\":\"ReadAction\",\"target\":[\"https:\\\/\\\/exaudi.org\\\/es\\\/cardenal-arizmendi-la-politica-altisima-vocacion\\\/\"]}]},{\"@type\":\"ImageObject\",\"inLanguage\":\"es\",\"@id\":\"https:\\\/\\\/exaudi.org\\\/es\\\/cardenal-arizmendi-la-politica-altisima-vocacion\\\/#primaryimage\",\"url\":\"https:\\\/\\\/exaudi.org\\\/wp-content\\\/uploads\\\/2021\\\/05\\\/achievement-african-american-agreement-arms-business-business-agreement-1446499-pxhere.com_-scaled.jpg\",\"contentUrl\":\"https:\\\/\\\/exaudi.org\\\/wp-content\\\/uploads\\\/2021\\\/05\\\/achievement-african-american-agreement-arms-business-business-agreement-1446499-pxhere.com_-scaled.jpg\",\"width\":2560,\"height\":1706,\"caption\":\"Po\u00edtica \u00a9 Pxhere\"},{\"@type\":\"BreadcrumbList\",\"@id\":\"https:\\\/\\\/exaudi.org\\\/es\\\/cardenal-arizmendi-la-politica-altisima-vocacion\\\/#breadcrumb\",\"itemListElement\":[{\"@type\":\"ListItem\",\"position\":1,\"name\":\"Portada\",\"item\":\"https:\\\/\\\/exaudi.org\\\/es\\\/\"},{\"@type\":\"ListItem\",\"position\":2,\"name\":\"Cardenal Arizmendi: La pol\u00edtica, alt\u00edsima vocaci\u00f3n\"}]},{\"@type\":\"WebSite\",\"@id\":\"https:\\\/\\\/exaudi.org\\\/#website\",\"url\":\"https:\\\/\\\/exaudi.org\\\/\",\"name\":\"Exaudi\",\"description\":\"News\",\"potentialAction\":[{\"@type\":\"SearchAction\",\"target\":{\"@type\":\"EntryPoint\",\"urlTemplate\":\"https:\\\/\\\/exaudi.org\\\/?s={search_term_string}\"},\"query-input\":{\"@type\":\"PropertyValueSpecification\",\"valueRequired\":true,\"valueName\":\"search_term_string\"}}],\"inLanguage\":\"es\"},{\"@type\":\"Person\",\"@id\":\"https:\\\/\\\/exaudi.org\\\/#\\\/schema\\\/person\\\/c7d223f87e58f1105d044d8da1439102\",\"name\":\"Cardenal Felipe Arizmendi\",\"image\":{\"@type\":\"ImageObject\",\"inLanguage\":\"es\",\"@id\":\"https:\\\/\\\/secure.gravatar.com\\\/avatar\\\/4ffc5520d896b86d39346168903de33a17ef0f23d16de0ff45062c1ff422ed2f?s=96&d=mm&r=g\",\"url\":\"https:\\\/\\\/secure.gravatar.com\\\/avatar\\\/4ffc5520d896b86d39346168903de33a17ef0f23d16de0ff45062c1ff422ed2f?s=96&d=mm&r=g\",\"contentUrl\":\"https:\\\/\\\/secure.gravatar.com\\\/avatar\\\/4ffc5520d896b86d39346168903de33a17ef0f23d16de0ff45062c1ff422ed2f?s=96&d=mm&r=g\",\"caption\":\"Cardenal Felipe Arizmendi\"},\"description\":\"Nacido en Chiltepec el 1 de mayo de 1940. Estudi\u00f3 Humanidades y Filosof\u00eda en el Seminario de Toluca, de 1952 a 1959. Curs\u00f3 la Teolog\u00eda en la Universidad Pontificia de Salamanca, Espa\u00f1a, de 1959 a 1963, obteniendo la licenciatura en Teolog\u00eda Dogm\u00e1tica. Por su cuenta, se especializ\u00f3 en Liturgia. Fue ordenado sacerdote el 25 de agosto de 1963 en Toluca. Sirvi\u00f3 como Vicario Parroquial en tres parroquias por tres a\u00f1os y medio y fue p\u00e1rroco de una comunidad ind\u00edgena otom\u00ed, de 1967 a 1970. Fue Director Espiritual del Seminario de Toluca por diez a\u00f1os, y Rector del mismo de 1981 a 1991. El 7 de marzo de 1991, fue ordenado obispo de la di\u00f3cesis de Tapachula, donde estuvo hasta el 30 de abril del a\u00f1o 2000. El 1 de mayo del 2000, inici\u00f3 su ministerio episcopal como XLVI obispo de la di\u00f3cesis de San Crist\u00f3bal de las Casas, Chiapas, una de las di\u00f3cesis m\u00e1s antiguas de M\u00e9xico, erigida en 1539; all\u00ed sirvi\u00f3 por casi 18 a\u00f1os. Ha ocupado diversos cargos en la Conferencia del Episcopado Mexicano y en el CELAM. El 3 de noviembre de 2017, el Papa Francisco le acept\u00f3, por edad, su renuncia al servicio episcopal en esta di\u00f3cesis, que entreg\u00f3 a su sucesor el 3 de enero de 2018. Desde entonces, reside en la ciudad de Toluca. Desde 1979, escribe art\u00edculos de actualidad en varios medios religiosos y civiles. Es autor de varias publicaciones.\",\"url\":\"https:\\\/\\\/exaudi.org\\\/es\\\/author\\\/felipearizmendi\\\/\"}]}<\/script>\n<!-- \/ Yoast SEO plugin. -->","yoast_head_json":{"title":"Cardenal Arizmendi: La pol\u00edtica, alt\u00edsima vocaci\u00f3n &#8211; Exaudi","description":"El cardenal\u00a0Felipe Arizmendi, obispo em\u00e9rito de San Crist\u00f3bal de Las Casas, ofrece su art\u00edculo titulado \u201cLa pol\u00edtica, alt\u00edsima vocaci\u00f3n\u201d.","robots":{"index":"index","follow":"follow","max-snippet":"max-snippet:-1","max-image-preview":"max-image-preview:large","max-video-preview":"max-video-preview:-1"},"canonical":"https:\/\/exaudi.org\/es\/cardenal-arizmendi-la-politica-altisima-vocacion\/","og_locale":"es_ES","og_type":"article","og_title":"Cardenal Arizmendi: La pol\u00edtica, alt\u00edsima vocaci\u00f3n &#8211; Exaudi","og_description":"El cardenal\u00a0Felipe Arizmendi, obispo em\u00e9rito de San Crist\u00f3bal de Las Casas, ofrece su art\u00edculo titulado \u201cLa pol\u00edtica, alt\u00edsima vocaci\u00f3n\u201d.","og_url":"https:\/\/exaudi.org\/es\/cardenal-arizmendi-la-politica-altisima-vocacion\/","og_site_name":"Exaudi","article_publisher":"https:\/\/www.facebook.com\/ExaudiNews","article_published_time":"2021-05-05T06:44:23+00:00","article_modified_time":"2021-05-06T07:27:48+00:00","og_image":[{"width":2560,"height":1706,"url":"https:\/\/exaudi.org\/wp-content\/uploads\/2021\/05\/achievement-african-american-agreement-arms-business-business-agreement-1446499-pxhere.com_-scaled.jpg","type":"image\/jpeg"}],"author":"Cardenal Felipe Arizmendi","twitter_card":"summary_large_image","twitter_creator":"@Exaudi_News","twitter_site":"@Exaudi_News","twitter_misc":{"Escrito por":"Cardenal Felipe Arizmendi","Tiempo de lectura":"4 minutos"},"schema":{"@context":"https:\/\/schema.org","@graph":[{"@type":"Article","@id":"https:\/\/exaudi.org\/es\/cardenal-arizmendi-la-politica-altisima-vocacion\/#article","isPartOf":{"@id":"https:\/\/exaudi.org\/es\/cardenal-arizmendi-la-politica-altisima-vocacion\/"},"author":{"name":"Cardenal Felipe Arizmendi","@id":"https:\/\/exaudi.org\/#\/schema\/person\/c7d223f87e58f1105d044d8da1439102"},"headline":"Cardenal Arizmendi: La pol\u00edtica, alt\u00edsima vocaci\u00f3n","datePublished":"2021-05-05T06:44:23+00:00","dateModified":"2021-05-06T07:27:48+00:00","mainEntityOfPage":{"@id":"https:\/\/exaudi.org\/es\/cardenal-arizmendi-la-politica-altisima-vocacion\/"},"wordCount":968,"image":{"@id":"https:\/\/exaudi.org\/es\/cardenal-arizmendi-la-politica-altisima-vocacion\/#primaryimage"},"thumbnailUrl":"https:\/\/exaudi.org\/wp-content\/uploads\/2021\/05\/achievement-african-american-agreement-arms-business-business-agreement-1446499-pxhere.com_-scaled.jpg","keywords":["Cardenal Felipe Arizmendi Esquivel","Pol\u00edtica"],"articleSection":["Voces"],"inLanguage":"es"},{"@type":"WebPage","@id":"https:\/\/exaudi.org\/es\/cardenal-arizmendi-la-politica-altisima-vocacion\/","url":"https:\/\/exaudi.org\/es\/cardenal-arizmendi-la-politica-altisima-vocacion\/","name":"Cardenal Arizmendi: La pol\u00edtica, alt\u00edsima vocaci\u00f3n &#8211; Exaudi","isPartOf":{"@id":"https:\/\/exaudi.org\/#website"},"primaryImageOfPage":{"@id":"https:\/\/exaudi.org\/es\/cardenal-arizmendi-la-politica-altisima-vocacion\/#primaryimage"},"image":{"@id":"https:\/\/exaudi.org\/es\/cardenal-arizmendi-la-politica-altisima-vocacion\/#primaryimage"},"thumbnailUrl":"https:\/\/exaudi.org\/wp-content\/uploads\/2021\/05\/achievement-african-american-agreement-arms-business-business-agreement-1446499-pxhere.com_-scaled.jpg","datePublished":"2021-05-05T06:44:23+00:00","dateModified":"2021-05-06T07:27:48+00:00","author":{"@id":"https:\/\/exaudi.org\/#\/schema\/person\/c7d223f87e58f1105d044d8da1439102"},"description":"El cardenal\u00a0Felipe Arizmendi, obispo em\u00e9rito de San Crist\u00f3bal de Las Casas, ofrece su art\u00edculo titulado \u201cLa pol\u00edtica, alt\u00edsima vocaci\u00f3n\u201d.","breadcrumb":{"@id":"https:\/\/exaudi.org\/es\/cardenal-arizmendi-la-politica-altisima-vocacion\/#breadcrumb"},"inLanguage":"es","potentialAction":[{"@type":"ReadAction","target":["https:\/\/exaudi.org\/es\/cardenal-arizmendi-la-politica-altisima-vocacion\/"]}]},{"@type":"ImageObject","inLanguage":"es","@id":"https:\/\/exaudi.org\/es\/cardenal-arizmendi-la-politica-altisima-vocacion\/#primaryimage","url":"https:\/\/exaudi.org\/wp-content\/uploads\/2021\/05\/achievement-african-american-agreement-arms-business-business-agreement-1446499-pxhere.com_-scaled.jpg","contentUrl":"https:\/\/exaudi.org\/wp-content\/uploads\/2021\/05\/achievement-african-american-agreement-arms-business-business-agreement-1446499-pxhere.com_-scaled.jpg","width":2560,"height":1706,"caption":"Po\u00edtica \u00a9 Pxhere"},{"@type":"BreadcrumbList","@id":"https:\/\/exaudi.org\/es\/cardenal-arizmendi-la-politica-altisima-vocacion\/#breadcrumb","itemListElement":[{"@type":"ListItem","position":1,"name":"Portada","item":"https:\/\/exaudi.org\/es\/"},{"@type":"ListItem","position":2,"name":"Cardenal Arizmendi: La pol\u00edtica, alt\u00edsima vocaci\u00f3n"}]},{"@type":"WebSite","@id":"https:\/\/exaudi.org\/#website","url":"https:\/\/exaudi.org\/","name":"Exaudi","description":"News","potentialAction":[{"@type":"SearchAction","target":{"@type":"EntryPoint","urlTemplate":"https:\/\/exaudi.org\/?s={search_term_string}"},"query-input":{"@type":"PropertyValueSpecification","valueRequired":true,"valueName":"search_term_string"}}],"inLanguage":"es"},{"@type":"Person","@id":"https:\/\/exaudi.org\/#\/schema\/person\/c7d223f87e58f1105d044d8da1439102","name":"Cardenal Felipe Arizmendi","image":{"@type":"ImageObject","inLanguage":"es","@id":"https:\/\/secure.gravatar.com\/avatar\/4ffc5520d896b86d39346168903de33a17ef0f23d16de0ff45062c1ff422ed2f?s=96&d=mm&r=g","url":"https:\/\/secure.gravatar.com\/avatar\/4ffc5520d896b86d39346168903de33a17ef0f23d16de0ff45062c1ff422ed2f?s=96&d=mm&r=g","contentUrl":"https:\/\/secure.gravatar.com\/avatar\/4ffc5520d896b86d39346168903de33a17ef0f23d16de0ff45062c1ff422ed2f?s=96&d=mm&r=g","caption":"Cardenal Felipe Arizmendi"},"description":"Nacido en Chiltepec el 1 de mayo de 1940. Estudi\u00f3 Humanidades y Filosof\u00eda en el Seminario de Toluca, de 1952 a 1959. Curs\u00f3 la Teolog\u00eda en la Universidad Pontificia de Salamanca, Espa\u00f1a, de 1959 a 1963, obteniendo la licenciatura en Teolog\u00eda Dogm\u00e1tica. Por su cuenta, se especializ\u00f3 en Liturgia. Fue ordenado sacerdote el 25 de agosto de 1963 en Toluca. Sirvi\u00f3 como Vicario Parroquial en tres parroquias por tres a\u00f1os y medio y fue p\u00e1rroco de una comunidad ind\u00edgena otom\u00ed, de 1967 a 1970. Fue Director Espiritual del Seminario de Toluca por diez a\u00f1os, y Rector del mismo de 1981 a 1991. El 7 de marzo de 1991, fue ordenado obispo de la di\u00f3cesis de Tapachula, donde estuvo hasta el 30 de abril del a\u00f1o 2000. El 1 de mayo del 2000, inici\u00f3 su ministerio episcopal como XLVI obispo de la di\u00f3cesis de San Crist\u00f3bal de las Casas, Chiapas, una de las di\u00f3cesis m\u00e1s antiguas de M\u00e9xico, erigida en 1539; all\u00ed sirvi\u00f3 por casi 18 a\u00f1os. Ha ocupado diversos cargos en la Conferencia del Episcopado Mexicano y en el CELAM. El 3 de noviembre de 2017, el Papa Francisco le acept\u00f3, por edad, su renuncia al servicio episcopal en esta di\u00f3cesis, que entreg\u00f3 a su sucesor el 3 de enero de 2018. Desde entonces, reside en la ciudad de Toluca. Desde 1979, escribe art\u00edculos de actualidad en varios medios religiosos y civiles. Es autor de varias publicaciones.","url":"https:\/\/exaudi.org\/es\/author\/felipearizmendi\/"}]}},"jetpack_featured_media_url":"https:\/\/exaudi.org\/wp-content\/uploads\/2021\/05\/achievement-african-american-agreement-arms-business-business-agreement-1446499-pxhere.com_-scaled.jpg","jetpack_shortlink":"https:\/\/wp.me\/pgKjF2-3Vk","_links":{"self":[{"href":"https:\/\/exaudi.org\/es\/wp-json\/wp\/v2\/posts\/15086","targetHints":{"allow":["GET"]}}],"collection":[{"href":"https:\/\/exaudi.org\/es\/wp-json\/wp\/v2\/posts"}],"about":[{"href":"https:\/\/exaudi.org\/es\/wp-json\/wp\/v2\/types\/post"}],"author":[{"embeddable":true,"href":"https:\/\/exaudi.org\/es\/wp-json\/wp\/v2\/users\/24"}],"replies":[{"embeddable":true,"href":"https:\/\/exaudi.org\/es\/wp-json\/wp\/v2\/comments?post=15086"}],"version-history":[{"count":0,"href":"https:\/\/exaudi.org\/es\/wp-json\/wp\/v2\/posts\/15086\/revisions"}],"wp:featuredmedia":[{"embeddable":true,"href":"https:\/\/exaudi.org\/es\/wp-json\/wp\/v2\/media\/15090"}],"wp:attachment":[{"href":"https:\/\/exaudi.org\/es\/wp-json\/wp\/v2\/media?parent=15086"}],"wp:term":[{"taxonomy":"category","embeddable":true,"href":"https:\/\/exaudi.org\/es\/wp-json\/wp\/v2\/categories?post=15086"},{"taxonomy":"post_tag","embeddable":true,"href":"https:\/\/exaudi.org\/es\/wp-json\/wp\/v2\/tags?post=15086"}],"curies":[{"name":"wp","href":"https:\/\/api.w.org\/{rel}","templated":true}]}}