{"id":150348,"date":"2025-12-13T20:44:10","date_gmt":"2025-12-13T19:44:10","guid":{"rendered":"https:\/\/exaudi.org\/?p=150348"},"modified":"2025-12-14T12:45:58","modified_gmt":"2025-12-14T11:45:58","slug":"el-papa-leon-xiv-impulsa-el-espiritu-navideno-con-audiencias-dedicadas-al-belen-y-la-musica","status":"publish","type":"post","link":"https:\/\/exaudi.org\/es\/el-papa-leon-xiv-impulsa-el-espiritu-navideno-con-audiencias-dedicadas-al-belen-y-la-musica\/","title":{"rendered":"El Papa Le\u00f3n XIV impulsa el esp\u00edritu navide\u00f1o con audiencias dedicadas al bel\u00e9n y la m\u00fasica"},"content":{"rendered":"<p dir=\"auto\">Ciudad del Vaticano, 13 de diciembre de 2025. El Papa Le\u00f3n XIV ha centrado su agenda este s\u00e1bado en celebraciones navide\u00f1as, recibiendo en audiencia a dos grupos de artistas que enriquecen el esp\u00edritu de la Natividad con tradiciones centenarias y expresiones musicales solidarias.<\/p>\n<p dir=\"auto\">En la ma\u00f1ana, el Pont\u00edfice se reuni\u00f3 en el Aula de las Bendiciones con los participantes y artistas responsables del \u00abPesebre Viviente\u00bb que se representa en la Bas\u00edlica papal de Santa Mar\u00eda la Mayor, conocida como el \u00abBel\u00e9n de Occidente\u00bb. Le\u00f3n XIV alab\u00f3 esta tradici\u00f3n, recordando que el bel\u00e9n, con su \u00abdesarmante pobreza\u00bb, invita a los fieles a ponerse en camino espiritualmente, atra\u00eddos por la humildad de Dios hecho hombre. Evocando la primera representaci\u00f3n realizada por san Francisco de As\u00eds en Greccio en 1223 y la veneraci\u00f3n de la Sagrada Cuna en la bas\u00edlica romana, el Papa describi\u00f3 a los artistas como \u00abun don de luz para nuestro mundo, que necesita desesperadamente seguir teniendo esperanza\u00bb. Los alent\u00f3 a difundir este mensaje de consuelo y paz a trav\u00e9s de su procesi\u00f3n por las calles de Roma, con coreograf\u00edas, vestuarios y m\u00fasica, convirti\u00e9ndose en peregrinos que gu\u00edan a los que habitan en tinieblas hacia el camino de la paz.<\/p>\n<p dir=\"auto\"><img loading=\"lazy\" decoding=\"async\" class=\"size-full wp-image-150359 alignnone\" src=\"https:\/\/exaudi.org\/wp-content\/uploads\/2025\/12\/cq5dam.thumbnail.cropped.750.422-10.jpeg\" alt=\"\" width=\"750\" height=\"422\" srcset=\"https:\/\/exaudi.org\/wp-content\/uploads\/2025\/12\/cq5dam.thumbnail.cropped.750.422-10.jpeg 750w, https:\/\/exaudi.org\/wp-content\/uploads\/2025\/12\/cq5dam.thumbnail.cropped.750.422-10-300x169.jpeg 300w, https:\/\/exaudi.org\/wp-content\/uploads\/2025\/12\/cq5dam.thumbnail.cropped.750.422-10-500x281.jpeg 500w\" sizes=\"auto, (max-width: 750px) 100vw, 750px\" \/><\/p>\n<p dir=\"auto\">Posteriormente, en la Sala Clementina, el Papa recibi\u00f3 a los promotores y artistas del Concierto de Navidad 2025, un evento que apoya un proyecto misionero salesiano en la Rep\u00fablica del Congo para la construcci\u00f3n de una escuela primaria con capacidad para 350 ni\u00f1os. Le\u00f3n XIV enfatiz\u00f3 que la m\u00fasica debe ser \u00abun lugar del alma\u00bb donde el coraz\u00f3n tome voz, acerc\u00e1ndonos a Dios e inspirando nuestra humanidad con su amor. Record\u00f3 que la Navidad revela a Dios en la sencillez cotidiana, eligiendo una casa humilde en lugar de escenarios grandiosos, y que las melod\u00edas del concierto, provenientes de diversos contextos, forman una armon\u00eda universal que promueve la solidaridad y el cuidado de los m\u00e1s vulnerables.<\/p>\n<p dir=\"auto\">En paralelo, el cardenal Pietro Parolin, Secretario de Estado vaticano, presidi\u00f3 una Santa Misa en el Aula Pablo VI con motivo del Jubileo de la Diplomacia Italiana. En su homil\u00eda, Parolin inst\u00f3 a que la diplomacia abra nuevas posibilidades para creer en la paz, ante conflictos como los de Tierra Santa, Ucrania y regiones olvidadas de \u00c1frica, tales como Mozambique, la Rep\u00fablica Democr\u00e1tica del Congo, Sud\u00e1n y el Sahel. Destac\u00f3 la necesidad de compasi\u00f3n, di\u00e1logo y verdad sin agresi\u00f3n para superar el fatalismo.<\/p>\n<p dir=\"auto\"><img loading=\"lazy\" decoding=\"async\" class=\"size-full wp-image-150350 alignnone\" src=\"https:\/\/exaudi.org\/wp-content\/uploads\/2025\/12\/cq5dam.thumbnail.cropped.750.422-7-1.jpeg\" alt=\"\" width=\"750\" height=\"422\" srcset=\"https:\/\/exaudi.org\/wp-content\/uploads\/2025\/12\/cq5dam.thumbnail.cropped.750.422-7-1.jpeg 750w, https:\/\/exaudi.org\/wp-content\/uploads\/2025\/12\/cq5dam.thumbnail.cropped.750.422-7-1-300x169.jpeg 300w, https:\/\/exaudi.org\/wp-content\/uploads\/2025\/12\/cq5dam.thumbnail.cropped.750.422-7-1-500x281.jpeg 500w\" sizes=\"auto, (max-width: 750px) 100vw, 750px\" \/><\/p>\n<p dir=\"auto\">Adem\u00e1s, en Espa\u00f1a, el cardenal Marcello Semeraro presidi\u00f3 en nombre del Papa la beatificaci\u00f3n de 124 m\u00e1rtires de la Guerra Civil Espa\u00f1ola en la catedral de Ja\u00e9n. Estos incluyen 110 sacerdotes, una monja clarisa y trece laicos, que murieron perdonando a sus verdugos y testimoniando el amor a la verdad y la justicia. Semeraro los present\u00f3 como semillas de evangelizaci\u00f3n y ejemplos de esperanza que vence el miedo.<\/p>\n<p dir=\"auto\">Estas actividades reflejan el compromiso del Vaticano con la esperanza cristiana en tiempos de adversidad, combinando tradici\u00f3n, arte y testimonio de fe.<\/p>\n","protected":false},"excerpt":{"rendered":"<p>En un fin de semana intenso de actividades vaticanas, el Pont\u00edfice recibe a artistas que promueven tradiciones de Navidad y destaca la esperanza en medio de un mundo necesitado de luz<\/p>\n","protected":false},"author":15,"featured_media":150353,"comment_status":"closed","ping_status":"closed","sticky":false,"template":"","format":"standard","meta":{"_acf_changed":false,"_crdt_document":"","inline_featured_image":false,"footnotes":""},"categories":[74,68,132],"tags":[85812,85813,5217,6297,85810,14707,449,5856,58067,85811,85809,40168,58111,19550,84773,85814,8298,5113,58880,272],"class_list":["post-150348","post","type-post","status-publish","format-standard","has-post-thumbnail","hentry","category-iglesia-y-mundo","category-leon-xiv","category-vaticano-es","tag-beatificacion-jaen","tag-cardenal-semeraro","tag-concierto-navidad","tag-congo-es","tag-diplomacia-italiana","tag-esperanza-cristiana","tag-iglesia-catolica","tag-jubileo-2025","tag-leon-xiv","tag-martires-guerra-civil-espanola","tag-musica-solidaria","tag-navidad-2025","tag-papa-leon-xiv","tag-paz-mundial","tag-pesebre-viviente","tag-pontifice-estadounidense","tag-robert-francis-prevost","tag-santa-maria-la-mayor","tag-trending-es-151","tag-vaticano-es"],"acf":[],"yoast_head":"<!-- This site is optimized with the Yoast SEO plugin v27.5 - https:\/\/yoast.com\/product\/yoast-seo-wordpress\/ -->\n<title>El Papa Le\u00f3n XIV impulsa el esp\u00edritu navide\u00f1o con audiencias dedicadas al bel\u00e9n y la m\u00fasica &#8211; Exaudi<\/title>\n<meta name=\"robots\" content=\"index, follow, max-snippet:-1, max-image-preview:large, max-video-preview:-1\" \/>\n<link rel=\"canonical\" href=\"https:\/\/exaudi.org\/es\/el-papa-leon-xiv-impulsa-el-espiritu-navideno-con-audiencias-dedicadas-al-belen-y-la-musica\/\" \/>\n<meta property=\"og:locale\" content=\"es_ES\" \/>\n<meta property=\"og:type\" content=\"article\" \/>\n<meta property=\"og:title\" content=\"El Papa Le\u00f3n XIV impulsa el esp\u00edritu navide\u00f1o con audiencias dedicadas al bel\u00e9n y la m\u00fasica &#8211; Exaudi\" \/>\n<meta property=\"og:description\" content=\"En un fin de semana intenso de actividades vaticanas, el Pont\u00edfice recibe a artistas que promueven tradiciones de Navidad y destaca la esperanza en medio de un mundo necesitado de luz\" \/>\n<meta property=\"og:url\" content=\"https:\/\/exaudi.org\/es\/el-papa-leon-xiv-impulsa-el-espiritu-navideno-con-audiencias-dedicadas-al-belen-y-la-musica\/\" \/>\n<meta property=\"og:site_name\" content=\"Exaudi\" \/>\n<meta property=\"article:publisher\" content=\"https:\/\/www.facebook.com\/ExaudiNews\" \/>\n<meta property=\"article:author\" content=\"https:\/\/www.facebook.com\/ExaudiNoticias\/\" \/>\n<meta property=\"article:published_time\" content=\"2025-12-13T19:44:10+00:00\" \/>\n<meta property=\"article:modified_time\" content=\"2025-12-14T11:45:58+00:00\" \/>\n<meta property=\"og:image\" content=\"https:\/\/exaudi.org\/wp-content\/uploads\/2025\/12\/cq5dam.thumbnail.cropped.750.422-3-1.jpeg\" \/>\n\t<meta property=\"og:image:width\" content=\"750\" \/>\n\t<meta property=\"og:image:height\" content=\"422\" \/>\n\t<meta property=\"og:image:type\" content=\"image\/jpeg\" \/>\n<meta name=\"author\" content=\"Exaudi Redacci\u00f3n\" \/>\n<meta name=\"twitter:card\" content=\"summary_large_image\" \/>\n<meta name=\"twitter:creator\" content=\"@Exaudi_noticias\" \/>\n<meta name=\"twitter:site\" content=\"@Exaudi_News\" \/>\n<meta name=\"twitter:label1\" content=\"Escrito por\" \/>\n\t<meta name=\"twitter:data1\" content=\"Exaudi Redacci\u00f3n\" \/>\n\t<meta name=\"twitter:label2\" content=\"Tiempo de lectura\" \/>\n\t<meta name=\"twitter:data2\" content=\"3 minutos\" \/>\n<script type=\"application\/ld+json\" class=\"yoast-schema-graph\">{\"@context\":\"https:\\\/\\\/schema.org\",\"@graph\":[{\"@type\":\"Article\",\"@id\":\"https:\\\/\\\/exaudi.org\\\/es\\\/el-papa-leon-xiv-impulsa-el-espiritu-navideno-con-audiencias-dedicadas-al-belen-y-la-musica\\\/#article\",\"isPartOf\":{\"@id\":\"https:\\\/\\\/exaudi.org\\\/es\\\/el-papa-leon-xiv-impulsa-el-espiritu-navideno-con-audiencias-dedicadas-al-belen-y-la-musica\\\/\"},\"author\":{\"name\":\"Exaudi Redacci\u00f3n\",\"@id\":\"https:\\\/\\\/exaudi.org\\\/#\\\/schema\\\/person\\\/f5fc8f063065e38742da7afe15f25df7\"},\"headline\":\"El Papa Le\u00f3n XIV impulsa el esp\u00edritu navide\u00f1o con audiencias dedicadas al bel\u00e9n y la m\u00fasica\",\"datePublished\":\"2025-12-13T19:44:10+00:00\",\"dateModified\":\"2025-12-14T11:45:58+00:00\",\"mainEntityOfPage\":{\"@id\":\"https:\\\/\\\/exaudi.org\\\/es\\\/el-papa-leon-xiv-impulsa-el-espiritu-navideno-con-audiencias-dedicadas-al-belen-y-la-musica\\\/\"},\"wordCount\":550,\"image\":{\"@id\":\"https:\\\/\\\/exaudi.org\\\/es\\\/el-papa-leon-xiv-impulsa-el-espiritu-navideno-con-audiencias-dedicadas-al-belen-y-la-musica\\\/#primaryimage\"},\"thumbnailUrl\":\"https:\\\/\\\/exaudi.org\\\/wp-content\\\/uploads\\\/2025\\\/12\\\/cq5dam.thumbnail.cropped.750.422-3-1.jpeg\",\"keywords\":[\"beatificaci\u00f3n ja\u00e9n\",\"cardenal semeraro\",\"concierto Navidad\",\"Congo\",\"diplomacia italiana\",\"esperanza cristiana\",\"Iglesia cat\u00f3lica\",\"Jubileo 2025\",\"Le\u00f3n XIV\",\"m\u00e1rtires guerra civil espa\u00f1ola\",\"m\u00fasica solidaria\",\"Navidad 2025\",\"papa le\u00f3n xiv\",\"paz mundial\",\"Pesebre viviente\",\"pont\u00edfice estadounidense\",\"Robert Francis Prevost\",\"Santa Mar\u00eda la Mayor\",\"Trending\",\"Vaticano\"],\"articleSection\":[\"Iglesia y Mundo\",\"Le\u00f3n XIV\",\"Vaticano\"],\"inLanguage\":\"es\"},{\"@type\":\"WebPage\",\"@id\":\"https:\\\/\\\/exaudi.org\\\/es\\\/el-papa-leon-xiv-impulsa-el-espiritu-navideno-con-audiencias-dedicadas-al-belen-y-la-musica\\\/\",\"url\":\"https:\\\/\\\/exaudi.org\\\/es\\\/el-papa-leon-xiv-impulsa-el-espiritu-navideno-con-audiencias-dedicadas-al-belen-y-la-musica\\\/\",\"name\":\"El Papa Le\u00f3n XIV impulsa el esp\u00edritu navide\u00f1o con audiencias dedicadas al bel\u00e9n y la m\u00fasica &#8211; Exaudi\",\"isPartOf\":{\"@id\":\"https:\\\/\\\/exaudi.org\\\/#website\"},\"primaryImageOfPage\":{\"@id\":\"https:\\\/\\\/exaudi.org\\\/es\\\/el-papa-leon-xiv-impulsa-el-espiritu-navideno-con-audiencias-dedicadas-al-belen-y-la-musica\\\/#primaryimage\"},\"image\":{\"@id\":\"https:\\\/\\\/exaudi.org\\\/es\\\/el-papa-leon-xiv-impulsa-el-espiritu-navideno-con-audiencias-dedicadas-al-belen-y-la-musica\\\/#primaryimage\"},\"thumbnailUrl\":\"https:\\\/\\\/exaudi.org\\\/wp-content\\\/uploads\\\/2025\\\/12\\\/cq5dam.thumbnail.cropped.750.422-3-1.jpeg\",\"datePublished\":\"2025-12-13T19:44:10+00:00\",\"dateModified\":\"2025-12-14T11:45:58+00:00\",\"author\":{\"@id\":\"https:\\\/\\\/exaudi.org\\\/#\\\/schema\\\/person\\\/f5fc8f063065e38742da7afe15f25df7\"},\"breadcrumb\":{\"@id\":\"https:\\\/\\\/exaudi.org\\\/es\\\/el-papa-leon-xiv-impulsa-el-espiritu-navideno-con-audiencias-dedicadas-al-belen-y-la-musica\\\/#breadcrumb\"},\"inLanguage\":\"es\",\"potentialAction\":[{\"@type\":\"ReadAction\",\"target\":[\"https:\\\/\\\/exaudi.org\\\/es\\\/el-papa-leon-xiv-impulsa-el-espiritu-navideno-con-audiencias-dedicadas-al-belen-y-la-musica\\\/\"]}]},{\"@type\":\"ImageObject\",\"inLanguage\":\"es\",\"@id\":\"https:\\\/\\\/exaudi.org\\\/es\\\/el-papa-leon-xiv-impulsa-el-espiritu-navideno-con-audiencias-dedicadas-al-belen-y-la-musica\\\/#primaryimage\",\"url\":\"https:\\\/\\\/exaudi.org\\\/wp-content\\\/uploads\\\/2025\\\/12\\\/cq5dam.thumbnail.cropped.750.422-3-1.jpeg\",\"contentUrl\":\"https:\\\/\\\/exaudi.org\\\/wp-content\\\/uploads\\\/2025\\\/12\\\/cq5dam.thumbnail.cropped.750.422-3-1.jpeg\",\"width\":750,\"height\":422},{\"@type\":\"BreadcrumbList\",\"@id\":\"https:\\\/\\\/exaudi.org\\\/es\\\/el-papa-leon-xiv-impulsa-el-espiritu-navideno-con-audiencias-dedicadas-al-belen-y-la-musica\\\/#breadcrumb\",\"itemListElement\":[{\"@type\":\"ListItem\",\"position\":1,\"name\":\"Portada\",\"item\":\"https:\\\/\\\/exaudi.org\\\/es\\\/\"},{\"@type\":\"ListItem\",\"position\":2,\"name\":\"El Papa Le\u00f3n XIV impulsa el esp\u00edritu navide\u00f1o con audiencias dedicadas al bel\u00e9n y la m\u00fasica\"}]},{\"@type\":\"WebSite\",\"@id\":\"https:\\\/\\\/exaudi.org\\\/#website\",\"url\":\"https:\\\/\\\/exaudi.org\\\/\",\"name\":\"Exaudi\",\"description\":\"News\",\"potentialAction\":[{\"@type\":\"SearchAction\",\"target\":{\"@type\":\"EntryPoint\",\"urlTemplate\":\"https:\\\/\\\/exaudi.org\\\/?s={search_term_string}\"},\"query-input\":{\"@type\":\"PropertyValueSpecification\",\"valueRequired\":true,\"valueName\":\"search_term_string\"}}],\"inLanguage\":\"es\"},{\"@type\":\"Person\",\"@id\":\"https:\\\/\\\/exaudi.org\\\/#\\\/schema\\\/person\\\/f5fc8f063065e38742da7afe15f25df7\",\"name\":\"Exaudi Redacci\u00f3n\",\"image\":{\"@type\":\"ImageObject\",\"inLanguage\":\"es\",\"@id\":\"https:\\\/\\\/secure.gravatar.com\\\/avatar\\\/fe0f6a059fb68d9b3e11bc5850dd4899b1c7492091a3cb6dd9b01b56ad828be2?s=96&d=mm&r=g\",\"url\":\"https:\\\/\\\/secure.gravatar.com\\\/avatar\\\/fe0f6a059fb68d9b3e11bc5850dd4899b1c7492091a3cb6dd9b01b56ad828be2?s=96&d=mm&r=g\",\"contentUrl\":\"https:\\\/\\\/secure.gravatar.com\\\/avatar\\\/fe0f6a059fb68d9b3e11bc5850dd4899b1c7492091a3cb6dd9b01b56ad828be2?s=96&d=mm&r=g\",\"caption\":\"Exaudi Redacci\u00f3n\"},\"description\":\"\u00bfQu\u00e9 es Exaudi News? Exaudi News es un medio de comunicaci\u00f3n cat\u00f3lico internacional que informa, forma y transforma, diariamente en espa\u00f1ol, ingl\u00e9s e italiano. A trav\u00e9s de noticias, art\u00edculos de an\u00e1lisis y transmisiones en directo de los eventos del Papa, Exaudi busca fortalecer la unidad de los cristianos y contribuir a la evangelizaci\u00f3n del mundo, siempre guiados por la doctrina social de la Iglesia. Trabajamos para acercar la verdad y los valores cristianos a cada rinc\u00f3n del planeta. \u00a1Ay\u00fadanos a transformar el mundo con Exaudi! En Exaudi creemos que la evangelizaci\u00f3n y la informaci\u00f3n de calidad pueden cambiar vidas. Para continuar con nuestra misi\u00f3n y expandir nuestro alcance, necesitamos tu ayuda. Adem\u00e1s, buscamos personas comprometidas que deseen unirse a nuestro equipo. Con tu apoyo, lograremos llegar a m\u00e1s personas, difundir el mensaje de Cristo y reforzar la unidad de los cristianos. \u00bfTe unes a nuestra misi\u00f3n? Para m\u00e1s informaci\u00f3n sobre c\u00f3mo colaborar, visita Exaudi.org\\\/es o cont\u00e1ctanos directamente: info@exaudi.org Exaudi: Informa, forma y transforma.\",\"sameAs\":[\"https:\\\/\\\/www.facebook.com\\\/ExaudiNoticias\\\/\",\"https:\\\/\\\/www.instagram.com\\\/exaudi_noticias\\\/\",\"https:\\\/\\\/x.com\\\/Exaudi_noticias\",\"https:\\\/\\\/www.youtube.com\\\/@exaudicatholicnews\"],\"url\":\"https:\\\/\\\/exaudi.org\\\/es\\\/author\\\/redaccionexaudi\\\/\"}]}<\/script>\n<!-- \/ Yoast SEO plugin. -->","yoast_head_json":{"title":"El Papa Le\u00f3n XIV impulsa el esp\u00edritu navide\u00f1o con audiencias dedicadas al bel\u00e9n y la m\u00fasica &#8211; Exaudi","robots":{"index":"index","follow":"follow","max-snippet":"max-snippet:-1","max-image-preview":"max-image-preview:large","max-video-preview":"max-video-preview:-1"},"canonical":"https:\/\/exaudi.org\/es\/el-papa-leon-xiv-impulsa-el-espiritu-navideno-con-audiencias-dedicadas-al-belen-y-la-musica\/","og_locale":"es_ES","og_type":"article","og_title":"El Papa Le\u00f3n XIV impulsa el esp\u00edritu navide\u00f1o con audiencias dedicadas al bel\u00e9n y la m\u00fasica &#8211; Exaudi","og_description":"En un fin de semana intenso de actividades vaticanas, el Pont\u00edfice recibe a artistas que promueven tradiciones de Navidad y destaca la esperanza en medio de un mundo necesitado de luz","og_url":"https:\/\/exaudi.org\/es\/el-papa-leon-xiv-impulsa-el-espiritu-navideno-con-audiencias-dedicadas-al-belen-y-la-musica\/","og_site_name":"Exaudi","article_publisher":"https:\/\/www.facebook.com\/ExaudiNews","article_author":"https:\/\/www.facebook.com\/ExaudiNoticias\/","article_published_time":"2025-12-13T19:44:10+00:00","article_modified_time":"2025-12-14T11:45:58+00:00","og_image":[{"width":750,"height":422,"url":"https:\/\/exaudi.org\/wp-content\/uploads\/2025\/12\/cq5dam.thumbnail.cropped.750.422-3-1.jpeg","type":"image\/jpeg"}],"author":"Exaudi Redacci\u00f3n","twitter_card":"summary_large_image","twitter_creator":"@Exaudi_noticias","twitter_site":"@Exaudi_News","twitter_misc":{"Escrito por":"Exaudi Redacci\u00f3n","Tiempo de lectura":"3 minutos"},"schema":{"@context":"https:\/\/schema.org","@graph":[{"@type":"Article","@id":"https:\/\/exaudi.org\/es\/el-papa-leon-xiv-impulsa-el-espiritu-navideno-con-audiencias-dedicadas-al-belen-y-la-musica\/#article","isPartOf":{"@id":"https:\/\/exaudi.org\/es\/el-papa-leon-xiv-impulsa-el-espiritu-navideno-con-audiencias-dedicadas-al-belen-y-la-musica\/"},"author":{"name":"Exaudi Redacci\u00f3n","@id":"https:\/\/exaudi.org\/#\/schema\/person\/f5fc8f063065e38742da7afe15f25df7"},"headline":"El Papa Le\u00f3n XIV impulsa el esp\u00edritu navide\u00f1o con audiencias dedicadas al bel\u00e9n y la m\u00fasica","datePublished":"2025-12-13T19:44:10+00:00","dateModified":"2025-12-14T11:45:58+00:00","mainEntityOfPage":{"@id":"https:\/\/exaudi.org\/es\/el-papa-leon-xiv-impulsa-el-espiritu-navideno-con-audiencias-dedicadas-al-belen-y-la-musica\/"},"wordCount":550,"image":{"@id":"https:\/\/exaudi.org\/es\/el-papa-leon-xiv-impulsa-el-espiritu-navideno-con-audiencias-dedicadas-al-belen-y-la-musica\/#primaryimage"},"thumbnailUrl":"https:\/\/exaudi.org\/wp-content\/uploads\/2025\/12\/cq5dam.thumbnail.cropped.750.422-3-1.jpeg","keywords":["beatificaci\u00f3n ja\u00e9n","cardenal semeraro","concierto Navidad","Congo","diplomacia italiana","esperanza cristiana","Iglesia cat\u00f3lica","Jubileo 2025","Le\u00f3n XIV","m\u00e1rtires guerra civil espa\u00f1ola","m\u00fasica solidaria","Navidad 2025","papa le\u00f3n xiv","paz mundial","Pesebre viviente","pont\u00edfice estadounidense","Robert Francis Prevost","Santa Mar\u00eda la Mayor","Trending","Vaticano"],"articleSection":["Iglesia y Mundo","Le\u00f3n XIV","Vaticano"],"inLanguage":"es"},{"@type":"WebPage","@id":"https:\/\/exaudi.org\/es\/el-papa-leon-xiv-impulsa-el-espiritu-navideno-con-audiencias-dedicadas-al-belen-y-la-musica\/","url":"https:\/\/exaudi.org\/es\/el-papa-leon-xiv-impulsa-el-espiritu-navideno-con-audiencias-dedicadas-al-belen-y-la-musica\/","name":"El Papa Le\u00f3n XIV impulsa el esp\u00edritu navide\u00f1o con audiencias dedicadas al bel\u00e9n y la m\u00fasica &#8211; Exaudi","isPartOf":{"@id":"https:\/\/exaudi.org\/#website"},"primaryImageOfPage":{"@id":"https:\/\/exaudi.org\/es\/el-papa-leon-xiv-impulsa-el-espiritu-navideno-con-audiencias-dedicadas-al-belen-y-la-musica\/#primaryimage"},"image":{"@id":"https:\/\/exaudi.org\/es\/el-papa-leon-xiv-impulsa-el-espiritu-navideno-con-audiencias-dedicadas-al-belen-y-la-musica\/#primaryimage"},"thumbnailUrl":"https:\/\/exaudi.org\/wp-content\/uploads\/2025\/12\/cq5dam.thumbnail.cropped.750.422-3-1.jpeg","datePublished":"2025-12-13T19:44:10+00:00","dateModified":"2025-12-14T11:45:58+00:00","author":{"@id":"https:\/\/exaudi.org\/#\/schema\/person\/f5fc8f063065e38742da7afe15f25df7"},"breadcrumb":{"@id":"https:\/\/exaudi.org\/es\/el-papa-leon-xiv-impulsa-el-espiritu-navideno-con-audiencias-dedicadas-al-belen-y-la-musica\/#breadcrumb"},"inLanguage":"es","potentialAction":[{"@type":"ReadAction","target":["https:\/\/exaudi.org\/es\/el-papa-leon-xiv-impulsa-el-espiritu-navideno-con-audiencias-dedicadas-al-belen-y-la-musica\/"]}]},{"@type":"ImageObject","inLanguage":"es","@id":"https:\/\/exaudi.org\/es\/el-papa-leon-xiv-impulsa-el-espiritu-navideno-con-audiencias-dedicadas-al-belen-y-la-musica\/#primaryimage","url":"https:\/\/exaudi.org\/wp-content\/uploads\/2025\/12\/cq5dam.thumbnail.cropped.750.422-3-1.jpeg","contentUrl":"https:\/\/exaudi.org\/wp-content\/uploads\/2025\/12\/cq5dam.thumbnail.cropped.750.422-3-1.jpeg","width":750,"height":422},{"@type":"BreadcrumbList","@id":"https:\/\/exaudi.org\/es\/el-papa-leon-xiv-impulsa-el-espiritu-navideno-con-audiencias-dedicadas-al-belen-y-la-musica\/#breadcrumb","itemListElement":[{"@type":"ListItem","position":1,"name":"Portada","item":"https:\/\/exaudi.org\/es\/"},{"@type":"ListItem","position":2,"name":"El Papa Le\u00f3n XIV impulsa el esp\u00edritu navide\u00f1o con audiencias dedicadas al bel\u00e9n y la m\u00fasica"}]},{"@type":"WebSite","@id":"https:\/\/exaudi.org\/#website","url":"https:\/\/exaudi.org\/","name":"Exaudi","description":"News","potentialAction":[{"@type":"SearchAction","target":{"@type":"EntryPoint","urlTemplate":"https:\/\/exaudi.org\/?s={search_term_string}"},"query-input":{"@type":"PropertyValueSpecification","valueRequired":true,"valueName":"search_term_string"}}],"inLanguage":"es"},{"@type":"Person","@id":"https:\/\/exaudi.org\/#\/schema\/person\/f5fc8f063065e38742da7afe15f25df7","name":"Exaudi Redacci\u00f3n","image":{"@type":"ImageObject","inLanguage":"es","@id":"https:\/\/secure.gravatar.com\/avatar\/fe0f6a059fb68d9b3e11bc5850dd4899b1c7492091a3cb6dd9b01b56ad828be2?s=96&d=mm&r=g","url":"https:\/\/secure.gravatar.com\/avatar\/fe0f6a059fb68d9b3e11bc5850dd4899b1c7492091a3cb6dd9b01b56ad828be2?s=96&d=mm&r=g","contentUrl":"https:\/\/secure.gravatar.com\/avatar\/fe0f6a059fb68d9b3e11bc5850dd4899b1c7492091a3cb6dd9b01b56ad828be2?s=96&d=mm&r=g","caption":"Exaudi Redacci\u00f3n"},"description":"\u00bfQu\u00e9 es Exaudi News? Exaudi News es un medio de comunicaci\u00f3n cat\u00f3lico internacional que informa, forma y transforma, diariamente en espa\u00f1ol, ingl\u00e9s e italiano. A trav\u00e9s de noticias, art\u00edculos de an\u00e1lisis y transmisiones en directo de los eventos del Papa, Exaudi busca fortalecer la unidad de los cristianos y contribuir a la evangelizaci\u00f3n del mundo, siempre guiados por la doctrina social de la Iglesia. Trabajamos para acercar la verdad y los valores cristianos a cada rinc\u00f3n del planeta. \u00a1Ay\u00fadanos a transformar el mundo con Exaudi! En Exaudi creemos que la evangelizaci\u00f3n y la informaci\u00f3n de calidad pueden cambiar vidas. Para continuar con nuestra misi\u00f3n y expandir nuestro alcance, necesitamos tu ayuda. Adem\u00e1s, buscamos personas comprometidas que deseen unirse a nuestro equipo. Con tu apoyo, lograremos llegar a m\u00e1s personas, difundir el mensaje de Cristo y reforzar la unidad de los cristianos. \u00bfTe unes a nuestra misi\u00f3n? Para m\u00e1s informaci\u00f3n sobre c\u00f3mo colaborar, visita Exaudi.org\/es o cont\u00e1ctanos directamente: info@exaudi.org Exaudi: Informa, forma y transforma.","sameAs":["https:\/\/www.facebook.com\/ExaudiNoticias\/","https:\/\/www.instagram.com\/exaudi_noticias\/","https:\/\/x.com\/Exaudi_noticias","https:\/\/www.youtube.com\/@exaudicatholicnews"],"url":"https:\/\/exaudi.org\/es\/author\/redaccionexaudi\/"}]}},"jetpack_featured_media_url":"https:\/\/exaudi.org\/wp-content\/uploads\/2025\/12\/cq5dam.thumbnail.cropped.750.422-3-1.jpeg","jetpack_shortlink":"https:\/\/wp.me\/pgKjF2-D6Y","_links":{"self":[{"href":"https:\/\/exaudi.org\/es\/wp-json\/wp\/v2\/posts\/150348","targetHints":{"allow":["GET"]}}],"collection":[{"href":"https:\/\/exaudi.org\/es\/wp-json\/wp\/v2\/posts"}],"about":[{"href":"https:\/\/exaudi.org\/es\/wp-json\/wp\/v2\/types\/post"}],"author":[{"embeddable":true,"href":"https:\/\/exaudi.org\/es\/wp-json\/wp\/v2\/users\/15"}],"replies":[{"embeddable":true,"href":"https:\/\/exaudi.org\/es\/wp-json\/wp\/v2\/comments?post=150348"}],"version-history":[{"count":2,"href":"https:\/\/exaudi.org\/es\/wp-json\/wp\/v2\/posts\/150348\/revisions"}],"predecessor-version":[{"id":150362,"href":"https:\/\/exaudi.org\/es\/wp-json\/wp\/v2\/posts\/150348\/revisions\/150362"}],"wp:featuredmedia":[{"embeddable":true,"href":"https:\/\/exaudi.org\/es\/wp-json\/wp\/v2\/media\/150353"}],"wp:attachment":[{"href":"https:\/\/exaudi.org\/es\/wp-json\/wp\/v2\/media?parent=150348"}],"wp:term":[{"taxonomy":"category","embeddable":true,"href":"https:\/\/exaudi.org\/es\/wp-json\/wp\/v2\/categories?post=150348"},{"taxonomy":"post_tag","embeddable":true,"href":"https:\/\/exaudi.org\/es\/wp-json\/wp\/v2\/tags?post=150348"}],"curies":[{"name":"wp","href":"https:\/\/api.w.org\/{rel}","templated":true}]}}