{"id":150083,"date":"2025-12-11T12:26:33","date_gmt":"2025-12-11T11:26:33","guid":{"rendered":"https:\/\/exaudi.org\/?p=150083"},"modified":"2025-12-11T12:26:33","modified_gmt":"2025-12-11T11:26:33","slug":"estreno-mundial-de-el-corazon-de-sor-lucia-en-el-centenario-de-la-aparicion-de-pontevedra","status":"publish","type":"post","link":"https:\/\/exaudi.org\/es\/estreno-mundial-de-el-corazon-de-sor-lucia-en-el-centenario-de-la-aparicion-de-pontevedra\/","title":{"rendered":"Estreno mundial de \u00abEl Coraz\u00f3n de sor Luc\u00eda\u00bb en el centenario de la aparici\u00f3n de Pontevedra"},"content":{"rendered":"<p>Estreno gratuito en YouTube del cortometraje \u00abEl Coraz\u00f3n de sor Luc\u00eda\u00bb, coincidiendo con el primer centenario de la aparici\u00f3n del Coraz\u00f3n Inmaculado de Mar\u00eda a sor Luc\u00eda dos Santos en Pontevedra, el 10 de diciembre de 1925.<\/p>\n<p>El proyecto, impulsado por <a href=\"https:\/\/eukmamie.org\/es\/cortometrajes-sp\/el-corazon-de-sor-lucia\" target=\"_blank\" rel=\"noopener\">HM Televisi\u00f3n<\/a>, naci\u00f3 del IV Curso de Medios de Comunicaci\u00f3n para j\u00f3venes celebrado el pasado verano y ha contado con la supervisi\u00f3n directa del Carmelo de Coimbra y de la hermana \u00c1ngela Coelho, m\u00e9dica, religiosa de la Alianza de Santa Mar\u00eda y postuladora de las causas de canonizaci\u00f3n de Francisco y Jacinta Marto y, actualmente, tambi\u00e9n de sor Luc\u00eda.<\/p>\n<h3><strong>Un preestreno cargado de emoci\u00f3n<\/strong><\/h3>\n<p>El pasado 29 de noviembre, el Palacio Arzobispal de Alcal\u00e1 de Henares acogi\u00f3 el preestreno del corto ante un auditorio lleno. Entre los asistentes se encontraba la doctora Branca Pereira Azevedo Paul, que durante quince a\u00f1os fue la m\u00e9dica personal de sor Luc\u00eda en el Carmelo de Coimbra hasta el fallecimiento de la vidente el 13 de febrero de 2005.<\/p>\n<p>Visiblemente emocionada, la doctora Branca comparti\u00f3 ante los presentes una confesi\u00f3n que resumi\u00f3 su relaci\u00f3n con la pastora de F\u00e1tima: \u00abYo fui la m\u00e9dico del cuerpo de sor Luc\u00eda, pero ella fue la m\u00e9dico de mi alma\u00bb.<\/p>\n<p>La doctora relat\u00f3 c\u00f3mo, tras a\u00f1os de alejamiento espiritual absorbida por su carrera y su investigaci\u00f3n oncol\u00f3gica, un encuentro aparentemente casual cambi\u00f3 su vida: el doctor Miguel, hasta entonces m\u00e9dico de sor Luc\u00eda, le pidi\u00f3 que asumiera su cuidado por estar \u00e9l mismo gravemente enfermo. Aquella petici\u00f3n despert\u00f3 en ella los recuerdos de infancia, cuando enferma en cama y abrazada a las estampas de los pastorcitos. \u00abClaro que s\u00ed, claro que quiero\u00bb, respondi\u00f3 entre l\u00e1grimas. \u00abA partir de ese momento comenz\u00f3 mi conversi\u00f3n\u00bb, reconoci\u00f3.<\/p>\n<p>Quince a\u00f1os de visitas al Carmelo transformaron su vida y la convirtieron hoy en uno de los testigos principales de la causa de canonizaci\u00f3n de sor Luc\u00eda.<\/p>\n<h3><strong>Cien a\u00f1os de la petici\u00f3n de Pontevedra<\/strong><\/h3>\n<p>El cortometraje recrea las \u00faltimas horas de sor Luc\u00eda en su celda de Coimbra, desde donde la vidente repasa en flashback los momentos clave de su misi\u00f3n: las apariciones de 1917 en la Cova da Iria junto a Francisco y Jacinta, la promesa de la Virgen de volver, y la aparici\u00f3n del 10 de diciembre de 1925 en Pontevedra \u2013cuando Mar\u00eda, con el Ni\u00f1o Jes\u00fas, le pidi\u00f3 la devoci\u00f3n reparadora de los cinco primeros s\u00e1bados y anunci\u00f3 la futura petici\u00f3n de consagraci\u00f3n de Rusia a su Coraz\u00f3n Inmaculado.<\/p>\n<p>Ocho a\u00f1os despu\u00e9s de las apariciones principales de F\u00e1tima y con Luc\u00eda ya como hermana Dorotea en Espa\u00f1a, aquella visi\u00f3n de 1925 abri\u00f3 la segunda gran etapa del mensaje mariano, cuya trascendencia espiritual da testimonio este cortometraje.<\/p>\n<h3><strong>C\u00f3mo ver el estreno<\/strong><\/h3>\n<p>A trav\u00e9s del canal de <a href=\"https:\/\/www.youtube.com\/watch?app=desktop&amp;v=9vZUyfhBKCk\" target=\"_blank\" rel=\"noopener\">YouTube de HM Televisi\u00f3n<\/a>, y al final de este art\u00edculo. El acceso es completamente gratuito y no requiere suscripci\u00f3n.<\/p>\n<p>En la p\u00e1gina web oficial del cortometraje se puede descargar un amplio dosier con informaci\u00f3n adicional sobre la producci\u00f3n y sobre la devoci\u00f3n al Coraz\u00f3n Inmaculado de Mar\u00eda.<\/p>\n<p>Con este estreno, HM Televisi\u00f3n y los j\u00f3venes que han participado en su realizaci\u00f3n quieren sumarse al deseo expresado por sor Luc\u00eda durante toda su vida: que el mundo conozca y viva el mensaje de reparaci\u00f3n y conversi\u00f3n confiado por la Virgen en F\u00e1tima y Pontevedra hace ahora exactamente cien a\u00f1os.<\/p>\n<p>Que la Madre del Cielo bendiga esta peque\u00f1a ofrenda cinematogr\u00e1fica y haga fecundo su fruto en muchas almas.<\/p>\n<p><iframe loading=\"lazy\" title=\"El Coraz\u00f3n de Sor Luc\u00eda (Cortometraje)\" width=\"500\" height=\"281\" src=\"https:\/\/www.youtube.com\/embed\/9vZUyfhBKCk?feature=oembed\" frameborder=\"0\" allow=\"accelerometer; autoplay; clipboard-write; encrypted-media; gyroscope; picture-in-picture; web-share\" referrerpolicy=\"strict-origin-when-cross-origin\" allowfullscreen><\/iframe><\/p>\n","protected":false},"excerpt":{"rendered":"<p>El cortometraje producido por HM Televisi\u00f3n ya est\u00e1 disponible en YouTube, exactamente cien a\u00f1os despu\u00e9s de que la Virgen pidiera a sor Luc\u00eda la devoci\u00f3n reparadora de los Primeros S\u00e1bados<\/p>\n","protected":false},"author":15,"featured_media":150086,"comment_status":"closed","ping_status":"closed","sticky":false,"template":"","format":"standard","meta":{"_acf_changed":false,"_crdt_document":"","inline_featured_image":false,"footnotes":""},"categories":[74],"tags":[85338,85557,29933,85561,85563,85556,5224,85558,61748,42067,46598,85560,31469,85559,2270,85564,14130,85562,85555,85554,58880,78943],"class_list":["post-150083","post","type-post","status-publish","format-standard","has-post-thumbnail","hentry","category-iglesia-y-mundo","tag-10-diciembre-2025","tag-apariciones-mariana","tag-canal-de-youtube-uniservitate","tag-canonizacion-sor-lucia","tag-carmelitas-coimbra","tag-centenario-fatima","tag-cine-catolico","tag-consagracion-rusia","tag-corazon-inmaculado-de-maria","tag-cortometraje-catolico","tag-devocion-primeros-sabados","tag-doctora-branca-paul","tag-espiritualidad-mariana","tag-estreno-youtube-2025","tag-fatima-es","tag-hermana-angela-coelho","tag-hm-television","tag-mensaje-fatima","tag-pontevedra-1925","tag-sor-lucia","tag-trending-es-151","tag-youtube-hm-television"],"acf":[],"yoast_head":"<!-- This site is optimized with the Yoast SEO plugin v27.5 - https:\/\/yoast.com\/product\/yoast-seo-wordpress\/ -->\n<title>Estreno mundial de \u00abEl Coraz\u00f3n de sor Luc\u00eda\u00bb en el centenario de la aparici\u00f3n de Pontevedra &#8211; Exaudi<\/title>\n<meta name=\"robots\" content=\"index, follow, max-snippet:-1, max-image-preview:large, max-video-preview:-1\" \/>\n<link rel=\"canonical\" href=\"https:\/\/exaudi.org\/es\/estreno-mundial-de-el-corazon-de-sor-lucia-en-el-centenario-de-la-aparicion-de-pontevedra\/\" \/>\n<meta property=\"og:locale\" content=\"es_ES\" \/>\n<meta property=\"og:type\" content=\"article\" \/>\n<meta property=\"og:title\" content=\"Estreno mundial de \u00abEl Coraz\u00f3n de sor Luc\u00eda\u00bb en el centenario de la aparici\u00f3n de Pontevedra &#8211; Exaudi\" \/>\n<meta property=\"og:description\" content=\"El cortometraje producido por HM Televisi\u00f3n ya est\u00e1 disponible en YouTube, exactamente cien a\u00f1os despu\u00e9s de que la Virgen pidiera a sor Luc\u00eda la devoci\u00f3n reparadora de los Primeros S\u00e1bados\" \/>\n<meta property=\"og:url\" content=\"https:\/\/exaudi.org\/es\/estreno-mundial-de-el-corazon-de-sor-lucia-en-el-centenario-de-la-aparicion-de-pontevedra\/\" \/>\n<meta property=\"og:site_name\" content=\"Exaudi\" \/>\n<meta property=\"article:publisher\" content=\"https:\/\/www.facebook.com\/ExaudiNews\" \/>\n<meta property=\"article:author\" content=\"https:\/\/www.facebook.com\/ExaudiNoticias\/\" \/>\n<meta property=\"article:published_time\" content=\"2025-12-11T11:26:33+00:00\" \/>\n<meta name=\"author\" content=\"Exaudi Redacci\u00f3n\" \/>\n<meta name=\"twitter:card\" content=\"summary_large_image\" \/>\n<meta name=\"twitter:creator\" content=\"@Exaudi_noticias\" \/>\n<meta name=\"twitter:site\" content=\"@Exaudi_News\" \/>\n<meta name=\"twitter:label1\" content=\"Escrito por\" \/>\n\t<meta name=\"twitter:data1\" content=\"Exaudi Redacci\u00f3n\" \/>\n\t<meta name=\"twitter:label2\" content=\"Tiempo de lectura\" \/>\n\t<meta name=\"twitter:data2\" content=\"3 minutos\" \/>\n<script type=\"application\/ld+json\" class=\"yoast-schema-graph\">{\"@context\":\"https:\\\/\\\/schema.org\",\"@graph\":[{\"@type\":\"Article\",\"@id\":\"https:\\\/\\\/exaudi.org\\\/es\\\/estreno-mundial-de-el-corazon-de-sor-lucia-en-el-centenario-de-la-aparicion-de-pontevedra\\\/#article\",\"isPartOf\":{\"@id\":\"https:\\\/\\\/exaudi.org\\\/es\\\/estreno-mundial-de-el-corazon-de-sor-lucia-en-el-centenario-de-la-aparicion-de-pontevedra\\\/\"},\"author\":{\"name\":\"Exaudi Redacci\u00f3n\",\"@id\":\"https:\\\/\\\/exaudi.org\\\/#\\\/schema\\\/person\\\/f5fc8f063065e38742da7afe15f25df7\"},\"headline\":\"Estreno mundial de \u00abEl Coraz\u00f3n de sor Luc\u00eda\u00bb en el centenario de la aparici\u00f3n de Pontevedra\",\"datePublished\":\"2025-12-11T11:26:33+00:00\",\"mainEntityOfPage\":{\"@id\":\"https:\\\/\\\/exaudi.org\\\/es\\\/estreno-mundial-de-el-corazon-de-sor-lucia-en-el-centenario-de-la-aparicion-de-pontevedra\\\/\"},\"wordCount\":667,\"image\":{\"@id\":\"https:\\\/\\\/exaudi.org\\\/es\\\/estreno-mundial-de-el-corazon-de-sor-lucia-en-el-centenario-de-la-aparicion-de-pontevedra\\\/#primaryimage\"},\"thumbnailUrl\":\"https:\\\/\\\/exaudi.org\\\/wp-content\\\/uploads\\\/2025\\\/12\\\/dorotea.jpg\",\"keywords\":[\"10 diciembre 2025\",\"apariciones mariana\",\"canal de YouTube Uniservitate\",\"canonizaci\u00f3n sor Luc\u00eda\",\"Carmelitas Coimbra\",\"centenario F\u00e1tima\",\"cine cat\u00f3lico\",\"consagraci\u00f3n Rusia\",\"coraz\u00f3n inmaculado de Mar\u00eda\",\"cortometraje cat\u00f3lico\",\"devoci\u00f3n primeros s\u00e1bados\",\"doctora Branca Paul\",\"espiritualidad mariana\",\"estreno YouTube 2025\",\"fatima\",\"hermana \u00c1ngela Coelho\",\"HM Televisi\u00f3n\",\"mensaje F\u00e1tima\",\"Pontevedra 1925\",\"sor Luc\u00eda\",\"Trending\",\"YouTube HM Televisi\u00f3n\"],\"articleSection\":[\"Iglesia y Mundo\"],\"inLanguage\":\"es\"},{\"@type\":\"WebPage\",\"@id\":\"https:\\\/\\\/exaudi.org\\\/es\\\/estreno-mundial-de-el-corazon-de-sor-lucia-en-el-centenario-de-la-aparicion-de-pontevedra\\\/\",\"url\":\"https:\\\/\\\/exaudi.org\\\/es\\\/estreno-mundial-de-el-corazon-de-sor-lucia-en-el-centenario-de-la-aparicion-de-pontevedra\\\/\",\"name\":\"Estreno mundial de \u00abEl Coraz\u00f3n de sor Luc\u00eda\u00bb en el centenario de la aparici\u00f3n de Pontevedra &#8211; Exaudi\",\"isPartOf\":{\"@id\":\"https:\\\/\\\/exaudi.org\\\/#website\"},\"primaryImageOfPage\":{\"@id\":\"https:\\\/\\\/exaudi.org\\\/es\\\/estreno-mundial-de-el-corazon-de-sor-lucia-en-el-centenario-de-la-aparicion-de-pontevedra\\\/#primaryimage\"},\"image\":{\"@id\":\"https:\\\/\\\/exaudi.org\\\/es\\\/estreno-mundial-de-el-corazon-de-sor-lucia-en-el-centenario-de-la-aparicion-de-pontevedra\\\/#primaryimage\"},\"thumbnailUrl\":\"https:\\\/\\\/exaudi.org\\\/wp-content\\\/uploads\\\/2025\\\/12\\\/dorotea.jpg\",\"datePublished\":\"2025-12-11T11:26:33+00:00\",\"author\":{\"@id\":\"https:\\\/\\\/exaudi.org\\\/#\\\/schema\\\/person\\\/f5fc8f063065e38742da7afe15f25df7\"},\"breadcrumb\":{\"@id\":\"https:\\\/\\\/exaudi.org\\\/es\\\/estreno-mundial-de-el-corazon-de-sor-lucia-en-el-centenario-de-la-aparicion-de-pontevedra\\\/#breadcrumb\"},\"inLanguage\":\"es\",\"potentialAction\":[{\"@type\":\"ReadAction\",\"target\":[\"https:\\\/\\\/exaudi.org\\\/es\\\/estreno-mundial-de-el-corazon-de-sor-lucia-en-el-centenario-de-la-aparicion-de-pontevedra\\\/\"]}]},{\"@type\":\"ImageObject\",\"inLanguage\":\"es\",\"@id\":\"https:\\\/\\\/exaudi.org\\\/es\\\/estreno-mundial-de-el-corazon-de-sor-lucia-en-el-centenario-de-la-aparicion-de-pontevedra\\\/#primaryimage\",\"url\":\"https:\\\/\\\/exaudi.org\\\/wp-content\\\/uploads\\\/2025\\\/12\\\/dorotea.jpg\",\"contentUrl\":\"https:\\\/\\\/exaudi.org\\\/wp-content\\\/uploads\\\/2025\\\/12\\\/dorotea.jpg\",\"width\":1920,\"height\":807},{\"@type\":\"BreadcrumbList\",\"@id\":\"https:\\\/\\\/exaudi.org\\\/es\\\/estreno-mundial-de-el-corazon-de-sor-lucia-en-el-centenario-de-la-aparicion-de-pontevedra\\\/#breadcrumb\",\"itemListElement\":[{\"@type\":\"ListItem\",\"position\":1,\"name\":\"Portada\",\"item\":\"https:\\\/\\\/exaudi.org\\\/es\\\/\"},{\"@type\":\"ListItem\",\"position\":2,\"name\":\"Estreno mundial de \u00abEl Coraz\u00f3n de sor Luc\u00eda\u00bb en el centenario de la aparici\u00f3n de Pontevedra\"}]},{\"@type\":\"WebSite\",\"@id\":\"https:\\\/\\\/exaudi.org\\\/#website\",\"url\":\"https:\\\/\\\/exaudi.org\\\/\",\"name\":\"Exaudi\",\"description\":\"News\",\"potentialAction\":[{\"@type\":\"SearchAction\",\"target\":{\"@type\":\"EntryPoint\",\"urlTemplate\":\"https:\\\/\\\/exaudi.org\\\/?s={search_term_string}\"},\"query-input\":{\"@type\":\"PropertyValueSpecification\",\"valueRequired\":true,\"valueName\":\"search_term_string\"}}],\"inLanguage\":\"es\"},{\"@type\":\"Person\",\"@id\":\"https:\\\/\\\/exaudi.org\\\/#\\\/schema\\\/person\\\/f5fc8f063065e38742da7afe15f25df7\",\"name\":\"Exaudi Redacci\u00f3n\",\"image\":{\"@type\":\"ImageObject\",\"inLanguage\":\"es\",\"@id\":\"https:\\\/\\\/secure.gravatar.com\\\/avatar\\\/fe0f6a059fb68d9b3e11bc5850dd4899b1c7492091a3cb6dd9b01b56ad828be2?s=96&d=mm&r=g\",\"url\":\"https:\\\/\\\/secure.gravatar.com\\\/avatar\\\/fe0f6a059fb68d9b3e11bc5850dd4899b1c7492091a3cb6dd9b01b56ad828be2?s=96&d=mm&r=g\",\"contentUrl\":\"https:\\\/\\\/secure.gravatar.com\\\/avatar\\\/fe0f6a059fb68d9b3e11bc5850dd4899b1c7492091a3cb6dd9b01b56ad828be2?s=96&d=mm&r=g\",\"caption\":\"Exaudi Redacci\u00f3n\"},\"description\":\"\u00bfQu\u00e9 es Exaudi News? Exaudi News es un medio de comunicaci\u00f3n cat\u00f3lico internacional que informa, forma y transforma, diariamente en espa\u00f1ol, ingl\u00e9s e italiano. A trav\u00e9s de noticias, art\u00edculos de an\u00e1lisis y transmisiones en directo de los eventos del Papa, Exaudi busca fortalecer la unidad de los cristianos y contribuir a la evangelizaci\u00f3n del mundo, siempre guiados por la doctrina social de la Iglesia. Trabajamos para acercar la verdad y los valores cristianos a cada rinc\u00f3n del planeta. \u00a1Ay\u00fadanos a transformar el mundo con Exaudi! En Exaudi creemos que la evangelizaci\u00f3n y la informaci\u00f3n de calidad pueden cambiar vidas. Para continuar con nuestra misi\u00f3n y expandir nuestro alcance, necesitamos tu ayuda. Adem\u00e1s, buscamos personas comprometidas que deseen unirse a nuestro equipo. Con tu apoyo, lograremos llegar a m\u00e1s personas, difundir el mensaje de Cristo y reforzar la unidad de los cristianos. \u00bfTe unes a nuestra misi\u00f3n? Para m\u00e1s informaci\u00f3n sobre c\u00f3mo colaborar, visita Exaudi.org\\\/es o cont\u00e1ctanos directamente: info@exaudi.org Exaudi: Informa, forma y transforma.\",\"sameAs\":[\"https:\\\/\\\/www.facebook.com\\\/ExaudiNoticias\\\/\",\"https:\\\/\\\/www.instagram.com\\\/exaudi_noticias\\\/\",\"https:\\\/\\\/x.com\\\/Exaudi_noticias\",\"https:\\\/\\\/www.youtube.com\\\/@exaudicatholicnews\"],\"url\":\"https:\\\/\\\/exaudi.org\\\/es\\\/author\\\/redaccionexaudi\\\/\"}]}<\/script>\n<!-- \/ Yoast SEO plugin. -->","yoast_head_json":{"title":"Estreno mundial de \u00abEl Coraz\u00f3n de sor Luc\u00eda\u00bb en el centenario de la aparici\u00f3n de Pontevedra &#8211; Exaudi","robots":{"index":"index","follow":"follow","max-snippet":"max-snippet:-1","max-image-preview":"max-image-preview:large","max-video-preview":"max-video-preview:-1"},"canonical":"https:\/\/exaudi.org\/es\/estreno-mundial-de-el-corazon-de-sor-lucia-en-el-centenario-de-la-aparicion-de-pontevedra\/","og_locale":"es_ES","og_type":"article","og_title":"Estreno mundial de \u00abEl Coraz\u00f3n de sor Luc\u00eda\u00bb en el centenario de la aparici\u00f3n de Pontevedra &#8211; Exaudi","og_description":"El cortometraje producido por HM Televisi\u00f3n ya est\u00e1 disponible en YouTube, exactamente cien a\u00f1os despu\u00e9s de que la Virgen pidiera a sor Luc\u00eda la devoci\u00f3n reparadora de los Primeros S\u00e1bados","og_url":"https:\/\/exaudi.org\/es\/estreno-mundial-de-el-corazon-de-sor-lucia-en-el-centenario-de-la-aparicion-de-pontevedra\/","og_site_name":"Exaudi","article_publisher":"https:\/\/www.facebook.com\/ExaudiNews","article_author":"https:\/\/www.facebook.com\/ExaudiNoticias\/","article_published_time":"2025-12-11T11:26:33+00:00","author":"Exaudi Redacci\u00f3n","twitter_card":"summary_large_image","twitter_creator":"@Exaudi_noticias","twitter_site":"@Exaudi_News","twitter_misc":{"Escrito por":"Exaudi Redacci\u00f3n","Tiempo de lectura":"3 minutos"},"schema":{"@context":"https:\/\/schema.org","@graph":[{"@type":"Article","@id":"https:\/\/exaudi.org\/es\/estreno-mundial-de-el-corazon-de-sor-lucia-en-el-centenario-de-la-aparicion-de-pontevedra\/#article","isPartOf":{"@id":"https:\/\/exaudi.org\/es\/estreno-mundial-de-el-corazon-de-sor-lucia-en-el-centenario-de-la-aparicion-de-pontevedra\/"},"author":{"name":"Exaudi Redacci\u00f3n","@id":"https:\/\/exaudi.org\/#\/schema\/person\/f5fc8f063065e38742da7afe15f25df7"},"headline":"Estreno mundial de \u00abEl Coraz\u00f3n de sor Luc\u00eda\u00bb en el centenario de la aparici\u00f3n de Pontevedra","datePublished":"2025-12-11T11:26:33+00:00","mainEntityOfPage":{"@id":"https:\/\/exaudi.org\/es\/estreno-mundial-de-el-corazon-de-sor-lucia-en-el-centenario-de-la-aparicion-de-pontevedra\/"},"wordCount":667,"image":{"@id":"https:\/\/exaudi.org\/es\/estreno-mundial-de-el-corazon-de-sor-lucia-en-el-centenario-de-la-aparicion-de-pontevedra\/#primaryimage"},"thumbnailUrl":"https:\/\/exaudi.org\/wp-content\/uploads\/2025\/12\/dorotea.jpg","keywords":["10 diciembre 2025","apariciones mariana","canal de YouTube Uniservitate","canonizaci\u00f3n sor Luc\u00eda","Carmelitas Coimbra","centenario F\u00e1tima","cine cat\u00f3lico","consagraci\u00f3n Rusia","coraz\u00f3n inmaculado de Mar\u00eda","cortometraje cat\u00f3lico","devoci\u00f3n primeros s\u00e1bados","doctora Branca Paul","espiritualidad mariana","estreno YouTube 2025","fatima","hermana \u00c1ngela Coelho","HM Televisi\u00f3n","mensaje F\u00e1tima","Pontevedra 1925","sor Luc\u00eda","Trending","YouTube HM Televisi\u00f3n"],"articleSection":["Iglesia y Mundo"],"inLanguage":"es"},{"@type":"WebPage","@id":"https:\/\/exaudi.org\/es\/estreno-mundial-de-el-corazon-de-sor-lucia-en-el-centenario-de-la-aparicion-de-pontevedra\/","url":"https:\/\/exaudi.org\/es\/estreno-mundial-de-el-corazon-de-sor-lucia-en-el-centenario-de-la-aparicion-de-pontevedra\/","name":"Estreno mundial de \u00abEl Coraz\u00f3n de sor Luc\u00eda\u00bb en el centenario de la aparici\u00f3n de Pontevedra &#8211; Exaudi","isPartOf":{"@id":"https:\/\/exaudi.org\/#website"},"primaryImageOfPage":{"@id":"https:\/\/exaudi.org\/es\/estreno-mundial-de-el-corazon-de-sor-lucia-en-el-centenario-de-la-aparicion-de-pontevedra\/#primaryimage"},"image":{"@id":"https:\/\/exaudi.org\/es\/estreno-mundial-de-el-corazon-de-sor-lucia-en-el-centenario-de-la-aparicion-de-pontevedra\/#primaryimage"},"thumbnailUrl":"https:\/\/exaudi.org\/wp-content\/uploads\/2025\/12\/dorotea.jpg","datePublished":"2025-12-11T11:26:33+00:00","author":{"@id":"https:\/\/exaudi.org\/#\/schema\/person\/f5fc8f063065e38742da7afe15f25df7"},"breadcrumb":{"@id":"https:\/\/exaudi.org\/es\/estreno-mundial-de-el-corazon-de-sor-lucia-en-el-centenario-de-la-aparicion-de-pontevedra\/#breadcrumb"},"inLanguage":"es","potentialAction":[{"@type":"ReadAction","target":["https:\/\/exaudi.org\/es\/estreno-mundial-de-el-corazon-de-sor-lucia-en-el-centenario-de-la-aparicion-de-pontevedra\/"]}]},{"@type":"ImageObject","inLanguage":"es","@id":"https:\/\/exaudi.org\/es\/estreno-mundial-de-el-corazon-de-sor-lucia-en-el-centenario-de-la-aparicion-de-pontevedra\/#primaryimage","url":"https:\/\/exaudi.org\/wp-content\/uploads\/2025\/12\/dorotea.jpg","contentUrl":"https:\/\/exaudi.org\/wp-content\/uploads\/2025\/12\/dorotea.jpg","width":1920,"height":807},{"@type":"BreadcrumbList","@id":"https:\/\/exaudi.org\/es\/estreno-mundial-de-el-corazon-de-sor-lucia-en-el-centenario-de-la-aparicion-de-pontevedra\/#breadcrumb","itemListElement":[{"@type":"ListItem","position":1,"name":"Portada","item":"https:\/\/exaudi.org\/es\/"},{"@type":"ListItem","position":2,"name":"Estreno mundial de \u00abEl Coraz\u00f3n de sor Luc\u00eda\u00bb en el centenario de la aparici\u00f3n de Pontevedra"}]},{"@type":"WebSite","@id":"https:\/\/exaudi.org\/#website","url":"https:\/\/exaudi.org\/","name":"Exaudi","description":"News","potentialAction":[{"@type":"SearchAction","target":{"@type":"EntryPoint","urlTemplate":"https:\/\/exaudi.org\/?s={search_term_string}"},"query-input":{"@type":"PropertyValueSpecification","valueRequired":true,"valueName":"search_term_string"}}],"inLanguage":"es"},{"@type":"Person","@id":"https:\/\/exaudi.org\/#\/schema\/person\/f5fc8f063065e38742da7afe15f25df7","name":"Exaudi Redacci\u00f3n","image":{"@type":"ImageObject","inLanguage":"es","@id":"https:\/\/secure.gravatar.com\/avatar\/fe0f6a059fb68d9b3e11bc5850dd4899b1c7492091a3cb6dd9b01b56ad828be2?s=96&d=mm&r=g","url":"https:\/\/secure.gravatar.com\/avatar\/fe0f6a059fb68d9b3e11bc5850dd4899b1c7492091a3cb6dd9b01b56ad828be2?s=96&d=mm&r=g","contentUrl":"https:\/\/secure.gravatar.com\/avatar\/fe0f6a059fb68d9b3e11bc5850dd4899b1c7492091a3cb6dd9b01b56ad828be2?s=96&d=mm&r=g","caption":"Exaudi Redacci\u00f3n"},"description":"\u00bfQu\u00e9 es Exaudi News? Exaudi News es un medio de comunicaci\u00f3n cat\u00f3lico internacional que informa, forma y transforma, diariamente en espa\u00f1ol, ingl\u00e9s e italiano. A trav\u00e9s de noticias, art\u00edculos de an\u00e1lisis y transmisiones en directo de los eventos del Papa, Exaudi busca fortalecer la unidad de los cristianos y contribuir a la evangelizaci\u00f3n del mundo, siempre guiados por la doctrina social de la Iglesia. Trabajamos para acercar la verdad y los valores cristianos a cada rinc\u00f3n del planeta. \u00a1Ay\u00fadanos a transformar el mundo con Exaudi! En Exaudi creemos que la evangelizaci\u00f3n y la informaci\u00f3n de calidad pueden cambiar vidas. Para continuar con nuestra misi\u00f3n y expandir nuestro alcance, necesitamos tu ayuda. Adem\u00e1s, buscamos personas comprometidas que deseen unirse a nuestro equipo. Con tu apoyo, lograremos llegar a m\u00e1s personas, difundir el mensaje de Cristo y reforzar la unidad de los cristianos. \u00bfTe unes a nuestra misi\u00f3n? Para m\u00e1s informaci\u00f3n sobre c\u00f3mo colaborar, visita Exaudi.org\/es o cont\u00e1ctanos directamente: info@exaudi.org Exaudi: Informa, forma y transforma.","sameAs":["https:\/\/www.facebook.com\/ExaudiNoticias\/","https:\/\/www.instagram.com\/exaudi_noticias\/","https:\/\/x.com\/Exaudi_noticias","https:\/\/www.youtube.com\/@exaudicatholicnews"],"url":"https:\/\/exaudi.org\/es\/author\/redaccionexaudi\/"}]}},"jetpack_featured_media_url":"https:\/\/exaudi.org\/wp-content\/uploads\/2025\/12\/dorotea.jpg","jetpack_shortlink":"https:\/\/wp.me\/pgKjF2-D2H","_links":{"self":[{"href":"https:\/\/exaudi.org\/es\/wp-json\/wp\/v2\/posts\/150083","targetHints":{"allow":["GET"]}}],"collection":[{"href":"https:\/\/exaudi.org\/es\/wp-json\/wp\/v2\/posts"}],"about":[{"href":"https:\/\/exaudi.org\/es\/wp-json\/wp\/v2\/types\/post"}],"author":[{"embeddable":true,"href":"https:\/\/exaudi.org\/es\/wp-json\/wp\/v2\/users\/15"}],"replies":[{"embeddable":true,"href":"https:\/\/exaudi.org\/es\/wp-json\/wp\/v2\/comments?post=150083"}],"version-history":[{"count":3,"href":"https:\/\/exaudi.org\/es\/wp-json\/wp\/v2\/posts\/150083\/revisions"}],"predecessor-version":[{"id":150089,"href":"https:\/\/exaudi.org\/es\/wp-json\/wp\/v2\/posts\/150083\/revisions\/150089"}],"wp:featuredmedia":[{"embeddable":true,"href":"https:\/\/exaudi.org\/es\/wp-json\/wp\/v2\/media\/150086"}],"wp:attachment":[{"href":"https:\/\/exaudi.org\/es\/wp-json\/wp\/v2\/media?parent=150083"}],"wp:term":[{"taxonomy":"category","embeddable":true,"href":"https:\/\/exaudi.org\/es\/wp-json\/wp\/v2\/categories?post=150083"},{"taxonomy":"post_tag","embeddable":true,"href":"https:\/\/exaudi.org\/es\/wp-json\/wp\/v2\/tags?post=150083"}],"curies":[{"name":"wp","href":"https:\/\/api.w.org\/{rel}","templated":true}]}}