{"id":149620,"date":"2025-12-09T11:53:10","date_gmt":"2025-12-09T10:53:10","guid":{"rendered":"https:\/\/exaudi.org\/?p=149620"},"modified":"2025-12-09T13:01:29","modified_gmt":"2025-12-09T12:01:29","slug":"el-papa-leon-se-reune-con-el-presidente-ucraniano-zelenskyy","status":"publish","type":"post","link":"https:\/\/exaudi.org\/es\/el-papa-leon-se-reune-con-el-presidente-ucraniano-zelenskyy\/","title":{"rendered":"El Papa Le\u00f3n se re\u00fane con el presidente ucraniano Zelenskyy"},"content":{"rendered":"<p dir=\"auto\">El Papa Le\u00f3n XIV recibi\u00f3 al presidente ucraniano Volod\u00edmir Zelenskyy en la residencia papal de Castel Gandolfo la ma\u00f1ana del 9 de diciembre.<\/p>\n<p dir=\"auto\">La Oficina de Prensa de la Santa Sede emiti\u00f3 un comunicado describiendo la cordial reuni\u00f3n, en la que las discusiones se centraron principalmente en la guerra en Ucrania. Durante las conversaciones, el Papa reiter\u00f3 la importancia del di\u00e1logo continuo y una vez m\u00e1s enfatiz\u00f3 su \u00aburgente esperanza de que los esfuerzos diplom\u00e1ticos en curso conduzcan a una paz justa y duradera\u00bb.<\/p>\n<p dir=\"auto\">Los dos jefes de Estado tambi\u00e9n hablaron sobre el tema de los prisioneros de guerra, llamando a garantizar el regreso seguro de los ni\u00f1os ucranianos a sus familias.<\/p>\n<p dir=\"auto\">Hace exactamente cinco meses, el presidente se reuni\u00f3 con el Papa Le\u00f3n en la residencia de Castel Gandolfo para una audiencia privada, durante la cual se discutieron temas similares.<\/p>\n<p dir=\"auto\">En la reuni\u00f3n de julio, el Papa Le\u00f3n \u2014elegido apenas dos meses antes para el papado\u2014 expres\u00f3 su dolor por las v\u00edctimas de la guerra y asegur\u00f3 al pueblo de Ucrania sus oraciones continuas por ellos.<\/p>\n<p dir=\"auto\">El Papa Le\u00f3n y Zelenskyy se reunieron hace cinco meses en Castel Gandolfo (@Vatican Media)<\/p>\n<p dir=\"auto\">El Santo Padre tambi\u00e9n hab\u00eda reiterado la disposici\u00f3n del Vaticano para acoger tanto a Ucrania como a Rusia en posibles negociaciones.<\/p>\n<p dir=\"auto\">Tras la reuni\u00f3n, el presidente Zelenskyy se dirigi\u00f3 a los periodistas en ingl\u00e9s, expresando su gratitud por la audiencia y el apoyo del Papa, especialmente en cuanto al regreso de los ni\u00f1os ucranianos, llam\u00e1ndolo \u00abuna cuesti\u00f3n muy importante\u00bb.<\/p>\n","protected":false},"excerpt":{"rendered":"<p>El Papa Le\u00f3n XIV recibe al presidente ucraniano Volod\u00edmir Zelenskyy en la residencia papal de Castel Gandolfo para discutir la guerra en Ucrania y el regreso de los ni\u00f1os ucranianos<\/p>\n","protected":false},"author":15,"featured_media":149621,"comment_status":"closed","ping_status":"closed","sticky":false,"template":"","format":"standard","meta":{"_acf_changed":false,"_crdt_document":"","inline_featured_image":false,"footnotes":""},"categories":[68],"tags":[36143,62989,83630,54103,34920,22164,58067,85078,85076,58111,85075,85077,85074,598,1891,1235,272,85073],"class_list":["post-149620","post","type-post","status-publish","format-standard","has-post-thumbnail","hentry","category-leon-xiv","tag-audiencia-papal","tag-castel-gandolfo-3","tag-diciembre-2025","tag-diplomacia-vaticana","tag-featured-es-14","tag-guerra-en-ucrania","tag-leon-xiv","tag-negociaciones-de-paz","tag-ninos-ucranianos-deportados","tag-papa-leon-xiv","tag-paz-justa-y-duradera","tag-prisioneros-de-guerra","tag-reunion-papal","tag-rusia","tag-santa-sede","tag-ucrania","tag-vaticano-es","tag-volodimir-zelenskyy"],"acf":[],"yoast_head":"<!-- This site is optimized with the Yoast SEO plugin v27.5 - https:\/\/yoast.com\/product\/yoast-seo-wordpress\/ -->\n<title>El Papa Le\u00f3n se re\u00fane con el presidente ucraniano Zelenskyy &#8211; Exaudi<\/title>\n<meta name=\"robots\" content=\"index, follow, max-snippet:-1, max-image-preview:large, max-video-preview:-1\" \/>\n<link rel=\"canonical\" href=\"https:\/\/exaudi.org\/es\/el-papa-leon-se-reune-con-el-presidente-ucraniano-zelenskyy\/\" \/>\n<meta property=\"og:locale\" content=\"es_ES\" \/>\n<meta property=\"og:type\" content=\"article\" \/>\n<meta property=\"og:title\" content=\"El Papa Le\u00f3n se re\u00fane con el presidente ucraniano Zelenskyy &#8211; Exaudi\" \/>\n<meta property=\"og:description\" content=\"El Papa Le\u00f3n XIV recibe al presidente ucraniano Volod\u00edmir Zelenskyy en la residencia papal de Castel Gandolfo para discutir la guerra en Ucrania y el regreso de los ni\u00f1os ucranianos\" \/>\n<meta property=\"og:url\" content=\"https:\/\/exaudi.org\/es\/el-papa-leon-se-reune-con-el-presidente-ucraniano-zelenskyy\/\" \/>\n<meta property=\"og:site_name\" content=\"Exaudi\" \/>\n<meta property=\"article:publisher\" content=\"https:\/\/www.facebook.com\/ExaudiNews\" \/>\n<meta property=\"article:author\" content=\"https:\/\/www.facebook.com\/ExaudiNoticias\/\" \/>\n<meta property=\"article:published_time\" content=\"2025-12-09T10:53:10+00:00\" \/>\n<meta property=\"article:modified_time\" content=\"2025-12-09T12:01:29+00:00\" \/>\n<meta property=\"og:image\" content=\"https:\/\/exaudi.org\/wp-content\/uploads\/2025\/12\/cq5dam.thumbnail.cropped.1500.844.jpeg\" \/>\n\t<meta property=\"og:image:width\" content=\"1280\" \/>\n\t<meta property=\"og:image:height\" content=\"844\" \/>\n\t<meta property=\"og:image:type\" content=\"image\/jpeg\" \/>\n<meta name=\"author\" content=\"Exaudi Redacci\u00f3n\" \/>\n<meta name=\"twitter:card\" content=\"summary_large_image\" \/>\n<meta name=\"twitter:creator\" content=\"@Exaudi_noticias\" \/>\n<meta name=\"twitter:site\" content=\"@Exaudi_News\" \/>\n<meta name=\"twitter:label1\" content=\"Escrito por\" \/>\n\t<meta name=\"twitter:data1\" content=\"Exaudi Redacci\u00f3n\" \/>\n\t<meta name=\"twitter:label2\" content=\"Tiempo de lectura\" \/>\n\t<meta name=\"twitter:data2\" content=\"1 minuto\" \/>\n<script type=\"application\/ld+json\" class=\"yoast-schema-graph\">{\"@context\":\"https:\\\/\\\/schema.org\",\"@graph\":[{\"@type\":\"Article\",\"@id\":\"https:\\\/\\\/exaudi.org\\\/es\\\/el-papa-leon-se-reune-con-el-presidente-ucraniano-zelenskyy\\\/#article\",\"isPartOf\":{\"@id\":\"https:\\\/\\\/exaudi.org\\\/es\\\/el-papa-leon-se-reune-con-el-presidente-ucraniano-zelenskyy\\\/\"},\"author\":{\"name\":\"Exaudi Redacci\u00f3n\",\"@id\":\"https:\\\/\\\/exaudi.org\\\/#\\\/schema\\\/person\\\/f5fc8f063065e38742da7afe15f25df7\"},\"headline\":\"El Papa Le\u00f3n se re\u00fane con el presidente ucraniano Zelenskyy\",\"datePublished\":\"2025-12-09T10:53:10+00:00\",\"dateModified\":\"2025-12-09T12:01:29+00:00\",\"mainEntityOfPage\":{\"@id\":\"https:\\\/\\\/exaudi.org\\\/es\\\/el-papa-leon-se-reune-con-el-presidente-ucraniano-zelenskyy\\\/\"},\"wordCount\":284,\"image\":{\"@id\":\"https:\\\/\\\/exaudi.org\\\/es\\\/el-papa-leon-se-reune-con-el-presidente-ucraniano-zelenskyy\\\/#primaryimage\"},\"thumbnailUrl\":\"https:\\\/\\\/exaudi.org\\\/wp-content\\\/uploads\\\/2025\\\/12\\\/cq5dam.thumbnail.cropped.1500.844.jpeg\",\"keywords\":[\"audiencia papal\",\"castel gandolfo\",\"diciembre 2025\",\"diplomacia vaticana\",\"Featured\",\"guerra en Ucrania\",\"Le\u00f3n XIV\",\"negociaciones de paz\",\"ni\u00f1os ucranianos deportados\",\"papa le\u00f3n xiv\",\"paz justa y duradera\",\"prisioneros de guerra\",\"reuni\u00f3n papal\",\"Rusia\",\"Santa Sede\",\"Ucrania\",\"Vaticano\",\"Volod\u00edmir Zelenskyy\"],\"articleSection\":[\"Le\u00f3n XIV\"],\"inLanguage\":\"es\"},{\"@type\":\"WebPage\",\"@id\":\"https:\\\/\\\/exaudi.org\\\/es\\\/el-papa-leon-se-reune-con-el-presidente-ucraniano-zelenskyy\\\/\",\"url\":\"https:\\\/\\\/exaudi.org\\\/es\\\/el-papa-leon-se-reune-con-el-presidente-ucraniano-zelenskyy\\\/\",\"name\":\"El Papa Le\u00f3n se re\u00fane con el presidente ucraniano Zelenskyy &#8211; Exaudi\",\"isPartOf\":{\"@id\":\"https:\\\/\\\/exaudi.org\\\/#website\"},\"primaryImageOfPage\":{\"@id\":\"https:\\\/\\\/exaudi.org\\\/es\\\/el-papa-leon-se-reune-con-el-presidente-ucraniano-zelenskyy\\\/#primaryimage\"},\"image\":{\"@id\":\"https:\\\/\\\/exaudi.org\\\/es\\\/el-papa-leon-se-reune-con-el-presidente-ucraniano-zelenskyy\\\/#primaryimage\"},\"thumbnailUrl\":\"https:\\\/\\\/exaudi.org\\\/wp-content\\\/uploads\\\/2025\\\/12\\\/cq5dam.thumbnail.cropped.1500.844.jpeg\",\"datePublished\":\"2025-12-09T10:53:10+00:00\",\"dateModified\":\"2025-12-09T12:01:29+00:00\",\"author\":{\"@id\":\"https:\\\/\\\/exaudi.org\\\/#\\\/schema\\\/person\\\/f5fc8f063065e38742da7afe15f25df7\"},\"breadcrumb\":{\"@id\":\"https:\\\/\\\/exaudi.org\\\/es\\\/el-papa-leon-se-reune-con-el-presidente-ucraniano-zelenskyy\\\/#breadcrumb\"},\"inLanguage\":\"es\",\"potentialAction\":[{\"@type\":\"ReadAction\",\"target\":[\"https:\\\/\\\/exaudi.org\\\/es\\\/el-papa-leon-se-reune-con-el-presidente-ucraniano-zelenskyy\\\/\"]}]},{\"@type\":\"ImageObject\",\"inLanguage\":\"es\",\"@id\":\"https:\\\/\\\/exaudi.org\\\/es\\\/el-papa-leon-se-reune-con-el-presidente-ucraniano-zelenskyy\\\/#primaryimage\",\"url\":\"https:\\\/\\\/exaudi.org\\\/wp-content\\\/uploads\\\/2025\\\/12\\\/cq5dam.thumbnail.cropped.1500.844.jpeg\",\"contentUrl\":\"https:\\\/\\\/exaudi.org\\\/wp-content\\\/uploads\\\/2025\\\/12\\\/cq5dam.thumbnail.cropped.1500.844.jpeg\",\"width\":1280,\"height\":844},{\"@type\":\"BreadcrumbList\",\"@id\":\"https:\\\/\\\/exaudi.org\\\/es\\\/el-papa-leon-se-reune-con-el-presidente-ucraniano-zelenskyy\\\/#breadcrumb\",\"itemListElement\":[{\"@type\":\"ListItem\",\"position\":1,\"name\":\"Portada\",\"item\":\"https:\\\/\\\/exaudi.org\\\/es\\\/\"},{\"@type\":\"ListItem\",\"position\":2,\"name\":\"El Papa Le\u00f3n se re\u00fane con el presidente ucraniano Zelenskyy\"}]},{\"@type\":\"WebSite\",\"@id\":\"https:\\\/\\\/exaudi.org\\\/#website\",\"url\":\"https:\\\/\\\/exaudi.org\\\/\",\"name\":\"Exaudi\",\"description\":\"News\",\"potentialAction\":[{\"@type\":\"SearchAction\",\"target\":{\"@type\":\"EntryPoint\",\"urlTemplate\":\"https:\\\/\\\/exaudi.org\\\/?s={search_term_string}\"},\"query-input\":{\"@type\":\"PropertyValueSpecification\",\"valueRequired\":true,\"valueName\":\"search_term_string\"}}],\"inLanguage\":\"es\"},{\"@type\":\"Person\",\"@id\":\"https:\\\/\\\/exaudi.org\\\/#\\\/schema\\\/person\\\/f5fc8f063065e38742da7afe15f25df7\",\"name\":\"Exaudi Redacci\u00f3n\",\"image\":{\"@type\":\"ImageObject\",\"inLanguage\":\"es\",\"@id\":\"https:\\\/\\\/secure.gravatar.com\\\/avatar\\\/fe0f6a059fb68d9b3e11bc5850dd4899b1c7492091a3cb6dd9b01b56ad828be2?s=96&d=mm&r=g\",\"url\":\"https:\\\/\\\/secure.gravatar.com\\\/avatar\\\/fe0f6a059fb68d9b3e11bc5850dd4899b1c7492091a3cb6dd9b01b56ad828be2?s=96&d=mm&r=g\",\"contentUrl\":\"https:\\\/\\\/secure.gravatar.com\\\/avatar\\\/fe0f6a059fb68d9b3e11bc5850dd4899b1c7492091a3cb6dd9b01b56ad828be2?s=96&d=mm&r=g\",\"caption\":\"Exaudi Redacci\u00f3n\"},\"description\":\"\u00bfQu\u00e9 es Exaudi News? Exaudi News es un medio de comunicaci\u00f3n cat\u00f3lico internacional que informa, forma y transforma, diariamente en espa\u00f1ol, ingl\u00e9s e italiano. A trav\u00e9s de noticias, art\u00edculos de an\u00e1lisis y transmisiones en directo de los eventos del Papa, Exaudi busca fortalecer la unidad de los cristianos y contribuir a la evangelizaci\u00f3n del mundo, siempre guiados por la doctrina social de la Iglesia. Trabajamos para acercar la verdad y los valores cristianos a cada rinc\u00f3n del planeta. \u00a1Ay\u00fadanos a transformar el mundo con Exaudi! En Exaudi creemos que la evangelizaci\u00f3n y la informaci\u00f3n de calidad pueden cambiar vidas. Para continuar con nuestra misi\u00f3n y expandir nuestro alcance, necesitamos tu ayuda. Adem\u00e1s, buscamos personas comprometidas que deseen unirse a nuestro equipo. Con tu apoyo, lograremos llegar a m\u00e1s personas, difundir el mensaje de Cristo y reforzar la unidad de los cristianos. \u00bfTe unes a nuestra misi\u00f3n? Para m\u00e1s informaci\u00f3n sobre c\u00f3mo colaborar, visita Exaudi.org\\\/es o cont\u00e1ctanos directamente: info@exaudi.org Exaudi: Informa, forma y transforma.\",\"sameAs\":[\"https:\\\/\\\/www.facebook.com\\\/ExaudiNoticias\\\/\",\"https:\\\/\\\/www.instagram.com\\\/exaudi_noticias\\\/\",\"https:\\\/\\\/x.com\\\/Exaudi_noticias\",\"https:\\\/\\\/www.youtube.com\\\/@exaudicatholicnews\"],\"url\":\"https:\\\/\\\/exaudi.org\\\/es\\\/author\\\/redaccionexaudi\\\/\"}]}<\/script>\n<!-- \/ Yoast SEO plugin. -->","yoast_head_json":{"title":"El Papa Le\u00f3n se re\u00fane con el presidente ucraniano Zelenskyy &#8211; Exaudi","robots":{"index":"index","follow":"follow","max-snippet":"max-snippet:-1","max-image-preview":"max-image-preview:large","max-video-preview":"max-video-preview:-1"},"canonical":"https:\/\/exaudi.org\/es\/el-papa-leon-se-reune-con-el-presidente-ucraniano-zelenskyy\/","og_locale":"es_ES","og_type":"article","og_title":"El Papa Le\u00f3n se re\u00fane con el presidente ucraniano Zelenskyy &#8211; Exaudi","og_description":"El Papa Le\u00f3n XIV recibe al presidente ucraniano Volod\u00edmir Zelenskyy en la residencia papal de Castel Gandolfo para discutir la guerra en Ucrania y el regreso de los ni\u00f1os ucranianos","og_url":"https:\/\/exaudi.org\/es\/el-papa-leon-se-reune-con-el-presidente-ucraniano-zelenskyy\/","og_site_name":"Exaudi","article_publisher":"https:\/\/www.facebook.com\/ExaudiNews","article_author":"https:\/\/www.facebook.com\/ExaudiNoticias\/","article_published_time":"2025-12-09T10:53:10+00:00","article_modified_time":"2025-12-09T12:01:29+00:00","og_image":[{"width":1280,"height":844,"url":"https:\/\/exaudi.org\/wp-content\/uploads\/2025\/12\/cq5dam.thumbnail.cropped.1500.844.jpeg","type":"image\/jpeg"}],"author":"Exaudi Redacci\u00f3n","twitter_card":"summary_large_image","twitter_creator":"@Exaudi_noticias","twitter_site":"@Exaudi_News","twitter_misc":{"Escrito por":"Exaudi Redacci\u00f3n","Tiempo de lectura":"1 minuto"},"schema":{"@context":"https:\/\/schema.org","@graph":[{"@type":"Article","@id":"https:\/\/exaudi.org\/es\/el-papa-leon-se-reune-con-el-presidente-ucraniano-zelenskyy\/#article","isPartOf":{"@id":"https:\/\/exaudi.org\/es\/el-papa-leon-se-reune-con-el-presidente-ucraniano-zelenskyy\/"},"author":{"name":"Exaudi Redacci\u00f3n","@id":"https:\/\/exaudi.org\/#\/schema\/person\/f5fc8f063065e38742da7afe15f25df7"},"headline":"El Papa Le\u00f3n se re\u00fane con el presidente ucraniano Zelenskyy","datePublished":"2025-12-09T10:53:10+00:00","dateModified":"2025-12-09T12:01:29+00:00","mainEntityOfPage":{"@id":"https:\/\/exaudi.org\/es\/el-papa-leon-se-reune-con-el-presidente-ucraniano-zelenskyy\/"},"wordCount":284,"image":{"@id":"https:\/\/exaudi.org\/es\/el-papa-leon-se-reune-con-el-presidente-ucraniano-zelenskyy\/#primaryimage"},"thumbnailUrl":"https:\/\/exaudi.org\/wp-content\/uploads\/2025\/12\/cq5dam.thumbnail.cropped.1500.844.jpeg","keywords":["audiencia papal","castel gandolfo","diciembre 2025","diplomacia vaticana","Featured","guerra en Ucrania","Le\u00f3n XIV","negociaciones de paz","ni\u00f1os ucranianos deportados","papa le\u00f3n xiv","paz justa y duradera","prisioneros de guerra","reuni\u00f3n papal","Rusia","Santa Sede","Ucrania","Vaticano","Volod\u00edmir Zelenskyy"],"articleSection":["Le\u00f3n XIV"],"inLanguage":"es"},{"@type":"WebPage","@id":"https:\/\/exaudi.org\/es\/el-papa-leon-se-reune-con-el-presidente-ucraniano-zelenskyy\/","url":"https:\/\/exaudi.org\/es\/el-papa-leon-se-reune-con-el-presidente-ucraniano-zelenskyy\/","name":"El Papa Le\u00f3n se re\u00fane con el presidente ucraniano Zelenskyy &#8211; Exaudi","isPartOf":{"@id":"https:\/\/exaudi.org\/#website"},"primaryImageOfPage":{"@id":"https:\/\/exaudi.org\/es\/el-papa-leon-se-reune-con-el-presidente-ucraniano-zelenskyy\/#primaryimage"},"image":{"@id":"https:\/\/exaudi.org\/es\/el-papa-leon-se-reune-con-el-presidente-ucraniano-zelenskyy\/#primaryimage"},"thumbnailUrl":"https:\/\/exaudi.org\/wp-content\/uploads\/2025\/12\/cq5dam.thumbnail.cropped.1500.844.jpeg","datePublished":"2025-12-09T10:53:10+00:00","dateModified":"2025-12-09T12:01:29+00:00","author":{"@id":"https:\/\/exaudi.org\/#\/schema\/person\/f5fc8f063065e38742da7afe15f25df7"},"breadcrumb":{"@id":"https:\/\/exaudi.org\/es\/el-papa-leon-se-reune-con-el-presidente-ucraniano-zelenskyy\/#breadcrumb"},"inLanguage":"es","potentialAction":[{"@type":"ReadAction","target":["https:\/\/exaudi.org\/es\/el-papa-leon-se-reune-con-el-presidente-ucraniano-zelenskyy\/"]}]},{"@type":"ImageObject","inLanguage":"es","@id":"https:\/\/exaudi.org\/es\/el-papa-leon-se-reune-con-el-presidente-ucraniano-zelenskyy\/#primaryimage","url":"https:\/\/exaudi.org\/wp-content\/uploads\/2025\/12\/cq5dam.thumbnail.cropped.1500.844.jpeg","contentUrl":"https:\/\/exaudi.org\/wp-content\/uploads\/2025\/12\/cq5dam.thumbnail.cropped.1500.844.jpeg","width":1280,"height":844},{"@type":"BreadcrumbList","@id":"https:\/\/exaudi.org\/es\/el-papa-leon-se-reune-con-el-presidente-ucraniano-zelenskyy\/#breadcrumb","itemListElement":[{"@type":"ListItem","position":1,"name":"Portada","item":"https:\/\/exaudi.org\/es\/"},{"@type":"ListItem","position":2,"name":"El Papa Le\u00f3n se re\u00fane con el presidente ucraniano Zelenskyy"}]},{"@type":"WebSite","@id":"https:\/\/exaudi.org\/#website","url":"https:\/\/exaudi.org\/","name":"Exaudi","description":"News","potentialAction":[{"@type":"SearchAction","target":{"@type":"EntryPoint","urlTemplate":"https:\/\/exaudi.org\/?s={search_term_string}"},"query-input":{"@type":"PropertyValueSpecification","valueRequired":true,"valueName":"search_term_string"}}],"inLanguage":"es"},{"@type":"Person","@id":"https:\/\/exaudi.org\/#\/schema\/person\/f5fc8f063065e38742da7afe15f25df7","name":"Exaudi Redacci\u00f3n","image":{"@type":"ImageObject","inLanguage":"es","@id":"https:\/\/secure.gravatar.com\/avatar\/fe0f6a059fb68d9b3e11bc5850dd4899b1c7492091a3cb6dd9b01b56ad828be2?s=96&d=mm&r=g","url":"https:\/\/secure.gravatar.com\/avatar\/fe0f6a059fb68d9b3e11bc5850dd4899b1c7492091a3cb6dd9b01b56ad828be2?s=96&d=mm&r=g","contentUrl":"https:\/\/secure.gravatar.com\/avatar\/fe0f6a059fb68d9b3e11bc5850dd4899b1c7492091a3cb6dd9b01b56ad828be2?s=96&d=mm&r=g","caption":"Exaudi Redacci\u00f3n"},"description":"\u00bfQu\u00e9 es Exaudi News? Exaudi News es un medio de comunicaci\u00f3n cat\u00f3lico internacional que informa, forma y transforma, diariamente en espa\u00f1ol, ingl\u00e9s e italiano. A trav\u00e9s de noticias, art\u00edculos de an\u00e1lisis y transmisiones en directo de los eventos del Papa, Exaudi busca fortalecer la unidad de los cristianos y contribuir a la evangelizaci\u00f3n del mundo, siempre guiados por la doctrina social de la Iglesia. Trabajamos para acercar la verdad y los valores cristianos a cada rinc\u00f3n del planeta. \u00a1Ay\u00fadanos a transformar el mundo con Exaudi! En Exaudi creemos que la evangelizaci\u00f3n y la informaci\u00f3n de calidad pueden cambiar vidas. Para continuar con nuestra misi\u00f3n y expandir nuestro alcance, necesitamos tu ayuda. Adem\u00e1s, buscamos personas comprometidas que deseen unirse a nuestro equipo. Con tu apoyo, lograremos llegar a m\u00e1s personas, difundir el mensaje de Cristo y reforzar la unidad de los cristianos. \u00bfTe unes a nuestra misi\u00f3n? Para m\u00e1s informaci\u00f3n sobre c\u00f3mo colaborar, visita Exaudi.org\/es o cont\u00e1ctanos directamente: info@exaudi.org Exaudi: Informa, forma y transforma.","sameAs":["https:\/\/www.facebook.com\/ExaudiNoticias\/","https:\/\/www.instagram.com\/exaudi_noticias\/","https:\/\/x.com\/Exaudi_noticias","https:\/\/www.youtube.com\/@exaudicatholicnews"],"url":"https:\/\/exaudi.org\/es\/author\/redaccionexaudi\/"}]}},"jetpack_featured_media_url":"https:\/\/exaudi.org\/wp-content\/uploads\/2025\/12\/cq5dam.thumbnail.cropped.1500.844.jpeg","jetpack_shortlink":"https:\/\/wp.me\/pgKjF2-CVe","_links":{"self":[{"href":"https:\/\/exaudi.org\/es\/wp-json\/wp\/v2\/posts\/149620","targetHints":{"allow":["GET"]}}],"collection":[{"href":"https:\/\/exaudi.org\/es\/wp-json\/wp\/v2\/posts"}],"about":[{"href":"https:\/\/exaudi.org\/es\/wp-json\/wp\/v2\/types\/post"}],"author":[{"embeddable":true,"href":"https:\/\/exaudi.org\/es\/wp-json\/wp\/v2\/users\/15"}],"replies":[{"embeddable":true,"href":"https:\/\/exaudi.org\/es\/wp-json\/wp\/v2\/comments?post=149620"}],"version-history":[{"count":3,"href":"https:\/\/exaudi.org\/es\/wp-json\/wp\/v2\/posts\/149620\/revisions"}],"predecessor-version":[{"id":149646,"href":"https:\/\/exaudi.org\/es\/wp-json\/wp\/v2\/posts\/149620\/revisions\/149646"}],"wp:featuredmedia":[{"embeddable":true,"href":"https:\/\/exaudi.org\/es\/wp-json\/wp\/v2\/media\/149621"}],"wp:attachment":[{"href":"https:\/\/exaudi.org\/es\/wp-json\/wp\/v2\/media?parent=149620"}],"wp:term":[{"taxonomy":"category","embeddable":true,"href":"https:\/\/exaudi.org\/es\/wp-json\/wp\/v2\/categories?post=149620"},{"taxonomy":"post_tag","embeddable":true,"href":"https:\/\/exaudi.org\/es\/wp-json\/wp\/v2\/tags?post=149620"}],"curies":[{"name":"wp","href":"https:\/\/api.w.org\/{rel}","templated":true}]}}