{"id":149601,"date":"2025-12-10T09:00:16","date_gmt":"2025-12-10T08:00:16","guid":{"rendered":"https:\/\/exaudi.org\/?p=149601"},"modified":"2025-12-09T15:09:36","modified_gmt":"2025-12-09T14:09:36","slug":"la-paz-que-une-nuestros-corazones","status":"publish","type":"post","link":"https:\/\/exaudi.org\/es\/la-paz-que-une-nuestros-corazones\/","title":{"rendered":"La Paz que une nuestros corazones"},"content":{"rendered":"<p>\u00a1Mis valientes! Ya tenemos dos velas encendidas. La corona empieza a parecer un faro peque\u00f1o en la mesa. Hoy hablamos de la paz, la paz de verdad, la que solo Jes\u00fas puede dar.<\/p>\n<p><iframe title=\"Spotify Embed: La Paz que une nuestros corazones\" style=\"border-radius: 12px\" width=\"100%\" height=\"152\" frameborder=\"0\" allowfullscreen allow=\"autoplay; clipboard-write; encrypted-media; fullscreen; picture-in-picture\" loading=\"lazy\" src=\"https:\/\/open.spotify.com\/embed\/episode\/5UOtw75GNj67JLgYSfbnip?si=a3ece1a196104f37&#038;utm_source=oembed\"><\/iframe><\/p>\n<p>En la misa de hoy siempre se lee a Juan el Bautista. Imaginaos la escena: un hombre fuerte, vestido con piel de camello, comiendo langostas y miel silvestre, gritando en pleno desierto: \u201c\u00a1Preparad el camino del Se\u00f1or, allanad sus senderos! \u00a1Todo valle ser\u00e1 rellenado, todo monte allanado!\u201d.<\/p>\n<p>\u00bfQu\u00e9 quer\u00eda decir? Que en nuestro coraz\u00f3n hay \u201cmontes\u201d de orgullo, \u201cvallados\u201d de rencor, \u201ccaminos torcidos\u201d de mentiras\u2026 y todo eso hay que arreglarlo antes de que llegue Jes\u00fas.<\/p>\n<p>En casa hacemos una cosa muy especial este domingo: la \u201ccaja de la reconciliaci\u00f3n\u201d. Es una cajita de madera que est\u00e1 todo el a\u00f1o guardada. La sacamos hoy. Cada uno escribe en un papelito a qui\u00e9n tiene que pedir perd\u00f3n o a qui\u00e9n tiene que perdonar de coraz\u00f3n. Lo dobla, lo mete dentro y\u2026 \u00a1no se abre hasta Nochebuena! As\u00ed aprendemos que la paz cuesta, pero merece la pena.<\/p>\n<p>Otra tradici\u00f3n preciosa son las Posadas (aunque se hagan m\u00e1s en pa\u00edses de habla hispana, nosotros tambi\u00e9n las vivimos en familia). Durante nueve d\u00edas representamos c\u00f3mo Mar\u00eda y Jos\u00e9 buscaban posada. Vamos de habitaci\u00f3n en habitaci\u00f3n cantando:<\/p>\n<p>\u2014 \u201cEn nombre del cielo os pido posada\u2026\u201d \u2014 \u201cAqu\u00ed no es mes\u00f3n, sigan adelante\u2026\u201d<\/p>\n<p>Hasta que al final, en el sal\u00f3n, abrimos la puerta del bel\u00e9n y cantamos todos juntos: \u201c\u00a1Entren, santos peregrinos, reciban este rinc\u00f3n!\u201d. Y rompemos una pi\u00f1ata llena de caramelos, porque cuando Jes\u00fas entra en el coraz\u00f3n\u2026 \u00a1todo se vuelve dulce!<\/p>\n<p>Oraci\u00f3n de hoy junto a la segunda vela:<\/p>\n<p>\u201cJes\u00fas, Pr\u00edncipe de la Paz, T\u00fa que naciste en un mundo lleno de guerras y de miedos, ven a nuestras familias. Quita de nosotros el enfado, la envidia y la mentira. Haz que sepamos pedir perd\u00f3n y perdonar de coraz\u00f3n. Am\u00e9n.\u201d<\/p>\n<p><img loading=\"lazy\" decoding=\"async\" class=\"size-full wp-image-149606 alignnone\" src=\"https:\/\/exaudi.org\/wp-content\/uploads\/2025\/12\/voces-3.jpg\" alt=\"\" width=\"940\" height=\"788\" srcset=\"https:\/\/exaudi.org\/wp-content\/uploads\/2025\/12\/voces-3.jpg 940w, https:\/\/exaudi.org\/wp-content\/uploads\/2025\/12\/voces-3-300x251.jpg 300w, https:\/\/exaudi.org\/wp-content\/uploads\/2025\/12\/voces-3-770x645.jpg 770w, https:\/\/exaudi.org\/wp-content\/uploads\/2025\/12\/voces-3-500x419.jpg 500w\" sizes=\"auto, (max-width: 940px) 100vw, 940px\" \/><\/p>\n","protected":false},"excerpt":{"rendered":"<p>Segundo Domingo de Adviento: C\u00f3mo Juan el Bautista nos ense\u00f1a a \u201callanar los caminos\u201d<\/p>\n","protected":false},"author":172,"featured_media":149603,"comment_status":"closed","ping_status":"closed","sticky":false,"template":"","format":"standard","meta":{"_acf_changed":false,"_crdt_document":"","inline_featured_image":false,"footnotes":""},"categories":[130],"tags":[5024,85049,85057,85051,85060,34794,85061,85058,41623,17562,85053,84296,85059,84284,82272,6580,85050,85055,24691,85048,46614,3589,85054,5079,85056,85052,58880,85047],"class_list":["post-149601","post","type-post","status-publish","format-standard","has-post-thumbnail","hentry","category-voces","tag-adviento","tag-allanar-los-caminos","tag-belen-en-casa","tag-caja-de-la-reconciliacion","tag-como-vivir-el-adviento-en-familia","tag-corona-de-adviento","tag-devocional-adviento","tag-espiritualidad-adviento","tag-familia-catolica","tag-juan-el-bautista","tag-maria-y-jose-buscan-posada","tag-miguel-morales-gabriel","tag-ninos-y-adviento","tag-oracion-adviento","tag-paz-de-jesus","tag-pedir-perdon","tag-perdonar-de-corazon","tag-pinata-navidena","tag-posadas-navidenas","tag-preparad-el-camino-del-senor","tag-principe-de-la-paz","tag-reconciliacion","tag-santos-peregrinos","tag-segundo-domingo-de-adviento","tag-tradicion-catolica-navidad","tag-tradicion-familiar-adviento","tag-trending-es-151","tag-vela-de-la-paz"],"acf":[],"yoast_head":"<!-- This site is optimized with the Yoast SEO plugin v27.5 - https:\/\/yoast.com\/product\/yoast-seo-wordpress\/ -->\n<title>La Paz que une nuestros corazones &#8211; Exaudi<\/title>\n<meta name=\"robots\" content=\"index, follow, max-snippet:-1, max-image-preview:large, max-video-preview:-1\" \/>\n<link rel=\"canonical\" href=\"https:\/\/exaudi.org\/es\/la-paz-que-une-nuestros-corazones\/\" \/>\n<meta property=\"og:locale\" content=\"es_ES\" \/>\n<meta property=\"og:type\" content=\"article\" \/>\n<meta property=\"og:title\" content=\"La Paz que une nuestros corazones &#8211; Exaudi\" \/>\n<meta property=\"og:description\" content=\"Segundo Domingo de Adviento: C\u00f3mo Juan el Bautista nos ense\u00f1a a \u201callanar los caminos\u201d\" \/>\n<meta property=\"og:url\" content=\"https:\/\/exaudi.org\/es\/la-paz-que-une-nuestros-corazones\/\" \/>\n<meta property=\"og:site_name\" content=\"Exaudi\" \/>\n<meta property=\"article:publisher\" content=\"https:\/\/www.facebook.com\/ExaudiNews\" \/>\n<meta property=\"article:published_time\" content=\"2025-12-10T08:00:16+00:00\" \/>\n<meta property=\"og:image\" content=\"https:\/\/exaudi.org\/wp-content\/uploads\/2025\/12\/image.jpg\" \/>\n\t<meta property=\"og:image:width\" content=\"1280\" \/>\n\t<meta property=\"og:image:height\" content=\"720\" \/>\n\t<meta property=\"og:image:type\" content=\"image\/jpeg\" \/>\n<meta name=\"author\" content=\"Miguel Morales Gabriel\" \/>\n<meta name=\"twitter:card\" content=\"summary_large_image\" \/>\n<meta name=\"twitter:creator\" content=\"@Exaudi_News\" \/>\n<meta name=\"twitter:site\" content=\"@Exaudi_News\" \/>\n<meta name=\"twitter:label1\" content=\"Escrito por\" \/>\n\t<meta name=\"twitter:data1\" content=\"Miguel Morales Gabriel\" \/>\n\t<meta name=\"twitter:label2\" content=\"Tiempo de lectura\" \/>\n\t<meta name=\"twitter:data2\" content=\"2 minutos\" \/>\n<script type=\"application\/ld+json\" class=\"yoast-schema-graph\">{\"@context\":\"https:\\\/\\\/schema.org\",\"@graph\":[{\"@type\":\"Article\",\"@id\":\"https:\\\/\\\/exaudi.org\\\/es\\\/la-paz-que-une-nuestros-corazones\\\/#article\",\"isPartOf\":{\"@id\":\"https:\\\/\\\/exaudi.org\\\/es\\\/la-paz-que-une-nuestros-corazones\\\/\"},\"author\":{\"name\":\"Miguel Morales Gabriel\",\"@id\":\"https:\\\/\\\/exaudi.org\\\/#\\\/schema\\\/person\\\/e3aa4e56ecee909fa93b86ab62788ea5\"},\"headline\":\"La Paz que une nuestros corazones\",\"datePublished\":\"2025-12-10T08:00:16+00:00\",\"mainEntityOfPage\":{\"@id\":\"https:\\\/\\\/exaudi.org\\\/es\\\/la-paz-que-une-nuestros-corazones\\\/\"},\"wordCount\":370,\"image\":{\"@id\":\"https:\\\/\\\/exaudi.org\\\/es\\\/la-paz-que-une-nuestros-corazones\\\/#primaryimage\"},\"thumbnailUrl\":\"https:\\\/\\\/exaudi.org\\\/wp-content\\\/uploads\\\/2025\\\/12\\\/image.jpg\",\"keywords\":[\"Adviento\",\"allanar los caminos\",\"bel\u00e9n en casa\",\"caja de la reconciliaci\u00f3n\",\"c\u00f3mo vivir el Adviento en familia\",\"corona de Adviento\",\"devocional Adviento\",\"espiritualidad adviento\",\"familia cat\u00f3lica\",\"Juan el Bautista\",\"Mar\u00eda y Jos\u00e9 buscan posada\",\"Miguel Morales Gabriel\",\"ni\u00f1os y Adviento\",\"oraci\u00f3n Adviento\",\"paz de Jes\u00fas\",\"Pedir perd\u00f3n\",\"perdonar de coraz\u00f3n\",\"pi\u00f1ata navide\u00f1a\",\"Posadas navide\u00f1as\",\"preparad el camino del Se\u00f1or\",\"Pr\u00edncipe de la Paz\",\"Reconciliaci\u00f3n\",\"santos peregrinos\",\"Segundo Domingo de Adviento\",\"tradici\u00f3n cat\u00f3lica Navidad\",\"tradici\u00f3n familiar Adviento\",\"Trending\",\"vela de la paz\"],\"articleSection\":[\"Voces\"],\"inLanguage\":\"es\"},{\"@type\":\"WebPage\",\"@id\":\"https:\\\/\\\/exaudi.org\\\/es\\\/la-paz-que-une-nuestros-corazones\\\/\",\"url\":\"https:\\\/\\\/exaudi.org\\\/es\\\/la-paz-que-une-nuestros-corazones\\\/\",\"name\":\"La Paz que une nuestros corazones &#8211; Exaudi\",\"isPartOf\":{\"@id\":\"https:\\\/\\\/exaudi.org\\\/#website\"},\"primaryImageOfPage\":{\"@id\":\"https:\\\/\\\/exaudi.org\\\/es\\\/la-paz-que-une-nuestros-corazones\\\/#primaryimage\"},\"image\":{\"@id\":\"https:\\\/\\\/exaudi.org\\\/es\\\/la-paz-que-une-nuestros-corazones\\\/#primaryimage\"},\"thumbnailUrl\":\"https:\\\/\\\/exaudi.org\\\/wp-content\\\/uploads\\\/2025\\\/12\\\/image.jpg\",\"datePublished\":\"2025-12-10T08:00:16+00:00\",\"author\":{\"@id\":\"https:\\\/\\\/exaudi.org\\\/#\\\/schema\\\/person\\\/e3aa4e56ecee909fa93b86ab62788ea5\"},\"breadcrumb\":{\"@id\":\"https:\\\/\\\/exaudi.org\\\/es\\\/la-paz-que-une-nuestros-corazones\\\/#breadcrumb\"},\"inLanguage\":\"es\",\"potentialAction\":[{\"@type\":\"ReadAction\",\"target\":[\"https:\\\/\\\/exaudi.org\\\/es\\\/la-paz-que-une-nuestros-corazones\\\/\"]}]},{\"@type\":\"ImageObject\",\"inLanguage\":\"es\",\"@id\":\"https:\\\/\\\/exaudi.org\\\/es\\\/la-paz-que-une-nuestros-corazones\\\/#primaryimage\",\"url\":\"https:\\\/\\\/exaudi.org\\\/wp-content\\\/uploads\\\/2025\\\/12\\\/image.jpg\",\"contentUrl\":\"https:\\\/\\\/exaudi.org\\\/wp-content\\\/uploads\\\/2025\\\/12\\\/image.jpg\",\"width\":1280,\"height\":720},{\"@type\":\"BreadcrumbList\",\"@id\":\"https:\\\/\\\/exaudi.org\\\/es\\\/la-paz-que-une-nuestros-corazones\\\/#breadcrumb\",\"itemListElement\":[{\"@type\":\"ListItem\",\"position\":1,\"name\":\"Portada\",\"item\":\"https:\\\/\\\/exaudi.org\\\/es\\\/\"},{\"@type\":\"ListItem\",\"position\":2,\"name\":\"La Paz que une nuestros corazones\"}]},{\"@type\":\"WebSite\",\"@id\":\"https:\\\/\\\/exaudi.org\\\/#website\",\"url\":\"https:\\\/\\\/exaudi.org\\\/\",\"name\":\"Exaudi\",\"description\":\"News\",\"potentialAction\":[{\"@type\":\"SearchAction\",\"target\":{\"@type\":\"EntryPoint\",\"urlTemplate\":\"https:\\\/\\\/exaudi.org\\\/?s={search_term_string}\"},\"query-input\":{\"@type\":\"PropertyValueSpecification\",\"valueRequired\":true,\"valueName\":\"search_term_string\"}}],\"inLanguage\":\"es\"},{\"@type\":\"Person\",\"@id\":\"https:\\\/\\\/exaudi.org\\\/#\\\/schema\\\/person\\\/e3aa4e56ecee909fa93b86ab62788ea5\",\"name\":\"Miguel Morales Gabriel\",\"image\":{\"@type\":\"ImageObject\",\"inLanguage\":\"es\",\"@id\":\"https:\\\/\\\/secure.gravatar.com\\\/avatar\\\/ebf41cf87d1ad0ad22bb9835362c20595e2ea28aef545333e7b96251378f3aae?s=96&d=mm&r=g\",\"url\":\"https:\\\/\\\/secure.gravatar.com\\\/avatar\\\/ebf41cf87d1ad0ad22bb9835362c20595e2ea28aef545333e7b96251378f3aae?s=96&d=mm&r=g\",\"contentUrl\":\"https:\\\/\\\/secure.gravatar.com\\\/avatar\\\/ebf41cf87d1ad0ad22bb9835362c20595e2ea28aef545333e7b96251378f3aae?s=96&d=mm&r=g\",\"caption\":\"Miguel Morales Gabriel\"},\"description\":\"Soy un jubilado empresario cat\u00f3lico, esposo devoto, padre esforzado, abuelo cari\u00f1oso y amigo leal; fundador de su empresa familiar donde lider\u00f3 con integridad durante d\u00e9cadas generando empleo y desarrollo local, siempre guiado por su fe, la solidaridad comunitaria y el amor incondicional a su esposa, hijos y nietos, viviendo con el lema de servir con humildad.\",\"url\":\"https:\\\/\\\/exaudi.org\\\/es\\\/author\\\/miguel-morales-gabriel\\\/\"}]}<\/script>\n<!-- \/ Yoast SEO plugin. -->","yoast_head_json":{"title":"La Paz que une nuestros corazones &#8211; Exaudi","robots":{"index":"index","follow":"follow","max-snippet":"max-snippet:-1","max-image-preview":"max-image-preview:large","max-video-preview":"max-video-preview:-1"},"canonical":"https:\/\/exaudi.org\/es\/la-paz-que-une-nuestros-corazones\/","og_locale":"es_ES","og_type":"article","og_title":"La Paz que une nuestros corazones &#8211; Exaudi","og_description":"Segundo Domingo de Adviento: C\u00f3mo Juan el Bautista nos ense\u00f1a a \u201callanar los caminos\u201d","og_url":"https:\/\/exaudi.org\/es\/la-paz-que-une-nuestros-corazones\/","og_site_name":"Exaudi","article_publisher":"https:\/\/www.facebook.com\/ExaudiNews","article_published_time":"2025-12-10T08:00:16+00:00","og_image":[{"width":1280,"height":720,"url":"https:\/\/exaudi.org\/wp-content\/uploads\/2025\/12\/image.jpg","type":"image\/jpeg"}],"author":"Miguel Morales Gabriel","twitter_card":"summary_large_image","twitter_creator":"@Exaudi_News","twitter_site":"@Exaudi_News","twitter_misc":{"Escrito por":"Miguel Morales Gabriel","Tiempo de lectura":"2 minutos"},"schema":{"@context":"https:\/\/schema.org","@graph":[{"@type":"Article","@id":"https:\/\/exaudi.org\/es\/la-paz-que-une-nuestros-corazones\/#article","isPartOf":{"@id":"https:\/\/exaudi.org\/es\/la-paz-que-une-nuestros-corazones\/"},"author":{"name":"Miguel Morales Gabriel","@id":"https:\/\/exaudi.org\/#\/schema\/person\/e3aa4e56ecee909fa93b86ab62788ea5"},"headline":"La Paz que une nuestros corazones","datePublished":"2025-12-10T08:00:16+00:00","mainEntityOfPage":{"@id":"https:\/\/exaudi.org\/es\/la-paz-que-une-nuestros-corazones\/"},"wordCount":370,"image":{"@id":"https:\/\/exaudi.org\/es\/la-paz-que-une-nuestros-corazones\/#primaryimage"},"thumbnailUrl":"https:\/\/exaudi.org\/wp-content\/uploads\/2025\/12\/image.jpg","keywords":["Adviento","allanar los caminos","bel\u00e9n en casa","caja de la reconciliaci\u00f3n","c\u00f3mo vivir el Adviento en familia","corona de Adviento","devocional Adviento","espiritualidad adviento","familia cat\u00f3lica","Juan el Bautista","Mar\u00eda y Jos\u00e9 buscan posada","Miguel Morales Gabriel","ni\u00f1os y Adviento","oraci\u00f3n Adviento","paz de Jes\u00fas","Pedir perd\u00f3n","perdonar de coraz\u00f3n","pi\u00f1ata navide\u00f1a","Posadas navide\u00f1as","preparad el camino del Se\u00f1or","Pr\u00edncipe de la Paz","Reconciliaci\u00f3n","santos peregrinos","Segundo Domingo de Adviento","tradici\u00f3n cat\u00f3lica Navidad","tradici\u00f3n familiar Adviento","Trending","vela de la paz"],"articleSection":["Voces"],"inLanguage":"es"},{"@type":"WebPage","@id":"https:\/\/exaudi.org\/es\/la-paz-que-une-nuestros-corazones\/","url":"https:\/\/exaudi.org\/es\/la-paz-que-une-nuestros-corazones\/","name":"La Paz que une nuestros corazones &#8211; Exaudi","isPartOf":{"@id":"https:\/\/exaudi.org\/#website"},"primaryImageOfPage":{"@id":"https:\/\/exaudi.org\/es\/la-paz-que-une-nuestros-corazones\/#primaryimage"},"image":{"@id":"https:\/\/exaudi.org\/es\/la-paz-que-une-nuestros-corazones\/#primaryimage"},"thumbnailUrl":"https:\/\/exaudi.org\/wp-content\/uploads\/2025\/12\/image.jpg","datePublished":"2025-12-10T08:00:16+00:00","author":{"@id":"https:\/\/exaudi.org\/#\/schema\/person\/e3aa4e56ecee909fa93b86ab62788ea5"},"breadcrumb":{"@id":"https:\/\/exaudi.org\/es\/la-paz-que-une-nuestros-corazones\/#breadcrumb"},"inLanguage":"es","potentialAction":[{"@type":"ReadAction","target":["https:\/\/exaudi.org\/es\/la-paz-que-une-nuestros-corazones\/"]}]},{"@type":"ImageObject","inLanguage":"es","@id":"https:\/\/exaudi.org\/es\/la-paz-que-une-nuestros-corazones\/#primaryimage","url":"https:\/\/exaudi.org\/wp-content\/uploads\/2025\/12\/image.jpg","contentUrl":"https:\/\/exaudi.org\/wp-content\/uploads\/2025\/12\/image.jpg","width":1280,"height":720},{"@type":"BreadcrumbList","@id":"https:\/\/exaudi.org\/es\/la-paz-que-une-nuestros-corazones\/#breadcrumb","itemListElement":[{"@type":"ListItem","position":1,"name":"Portada","item":"https:\/\/exaudi.org\/es\/"},{"@type":"ListItem","position":2,"name":"La Paz que une nuestros corazones"}]},{"@type":"WebSite","@id":"https:\/\/exaudi.org\/#website","url":"https:\/\/exaudi.org\/","name":"Exaudi","description":"News","potentialAction":[{"@type":"SearchAction","target":{"@type":"EntryPoint","urlTemplate":"https:\/\/exaudi.org\/?s={search_term_string}"},"query-input":{"@type":"PropertyValueSpecification","valueRequired":true,"valueName":"search_term_string"}}],"inLanguage":"es"},{"@type":"Person","@id":"https:\/\/exaudi.org\/#\/schema\/person\/e3aa4e56ecee909fa93b86ab62788ea5","name":"Miguel Morales Gabriel","image":{"@type":"ImageObject","inLanguage":"es","@id":"https:\/\/secure.gravatar.com\/avatar\/ebf41cf87d1ad0ad22bb9835362c20595e2ea28aef545333e7b96251378f3aae?s=96&d=mm&r=g","url":"https:\/\/secure.gravatar.com\/avatar\/ebf41cf87d1ad0ad22bb9835362c20595e2ea28aef545333e7b96251378f3aae?s=96&d=mm&r=g","contentUrl":"https:\/\/secure.gravatar.com\/avatar\/ebf41cf87d1ad0ad22bb9835362c20595e2ea28aef545333e7b96251378f3aae?s=96&d=mm&r=g","caption":"Miguel Morales Gabriel"},"description":"Soy un jubilado empresario cat\u00f3lico, esposo devoto, padre esforzado, abuelo cari\u00f1oso y amigo leal; fundador de su empresa familiar donde lider\u00f3 con integridad durante d\u00e9cadas generando empleo y desarrollo local, siempre guiado por su fe, la solidaridad comunitaria y el amor incondicional a su esposa, hijos y nietos, viviendo con el lema de servir con humildad.","url":"https:\/\/exaudi.org\/es\/author\/miguel-morales-gabriel\/"}]}},"jetpack_featured_media_url":"https:\/\/exaudi.org\/wp-content\/uploads\/2025\/12\/image.jpg","jetpack_shortlink":"https:\/\/wp.me\/pgKjF2-CUV","_links":{"self":[{"href":"https:\/\/exaudi.org\/es\/wp-json\/wp\/v2\/posts\/149601","targetHints":{"allow":["GET"]}}],"collection":[{"href":"https:\/\/exaudi.org\/es\/wp-json\/wp\/v2\/posts"}],"about":[{"href":"https:\/\/exaudi.org\/es\/wp-json\/wp\/v2\/types\/post"}],"author":[{"embeddable":true,"href":"https:\/\/exaudi.org\/es\/wp-json\/wp\/v2\/users\/172"}],"replies":[{"embeddable":true,"href":"https:\/\/exaudi.org\/es\/wp-json\/wp\/v2\/comments?post=149601"}],"version-history":[{"count":4,"href":"https:\/\/exaudi.org\/es\/wp-json\/wp\/v2\/posts\/149601\/revisions"}],"predecessor-version":[{"id":149650,"href":"https:\/\/exaudi.org\/es\/wp-json\/wp\/v2\/posts\/149601\/revisions\/149650"}],"wp:featuredmedia":[{"embeddable":true,"href":"https:\/\/exaudi.org\/es\/wp-json\/wp\/v2\/media\/149603"}],"wp:attachment":[{"href":"https:\/\/exaudi.org\/es\/wp-json\/wp\/v2\/media?parent=149601"}],"wp:term":[{"taxonomy":"category","embeddable":true,"href":"https:\/\/exaudi.org\/es\/wp-json\/wp\/v2\/categories?post=149601"},{"taxonomy":"post_tag","embeddable":true,"href":"https:\/\/exaudi.org\/es\/wp-json\/wp\/v2\/tags?post=149601"}],"curies":[{"name":"wp","href":"https:\/\/api.w.org\/{rel}","templated":true}]}}