{"id":149318,"date":"2025-12-07T09:35:47","date_gmt":"2025-12-07T08:35:47","guid":{"rendered":"https:\/\/exaudi.org\/?p=149318"},"modified":"2025-12-07T09:35:47","modified_gmt":"2025-12-07T08:35:47","slug":"reflexion-de-monsenor-enrique-diaz-ven-senor-rey-de-justicia-y-de-paz","status":"publish","type":"post","link":"https:\/\/exaudi.org\/es\/reflexion-de-monsenor-enrique-diaz-ven-senor-rey-de-justicia-y-de-paz\/","title":{"rendered":"Reflexi\u00f3n de Monse\u00f1or Enrique D\u00edaz: \u201cVen, Se\u00f1or, rey de justicia y de paz\u201d"},"content":{"rendered":"<audio class=\"wp-audio-shortcode\" id=\"audio-149318-1\" preload=\"none\" style=\"width: 100%;\" controls=\"controls\"><source type=\"audio\/mpeg\" src=\"https:\/\/exaudi.org\/wp-content\/uploads\/2025\/12\/7-diciembre.mp3?_=1\" \/><a href=\"https:\/\/exaudi.org\/wp-content\/uploads\/2025\/12\/7-diciembre.mp3\">https:\/\/exaudi.org\/wp-content\/uploads\/2025\/12\/7-diciembre.mp3<\/a><\/audio>\n<p><span dir=\"auto\">Monse\u00f1or Enrique D\u00edaz D\u00edaz comparte con los lectores de Exaudi su reflexi\u00f3n sobre el\u00a0<a href=\"https:\/\/www.dominicos.org\/predicacion\/homilia\/7-12-2025\/lecturas\/\" target=\"_blank\" rel=\"noopener\">Evangelio de este domingo 7 de diciembre de 2025<\/a>,\u00a0<\/span><span dir=\"auto\">titulado: \u201cVen, Se\u00f1or, rey de justicia y de paz<em>\u201d<\/em><\/span><em><span dir=\"auto\">.<\/span><\/em><\/p>\n<p><span dir=\"auto\">***<\/span><\/p>\n<p>Isa\u00edas 11, 1-10: \u201cHabitar\u00e1 el lobo con el cordero\u201d<\/p>\n<p>Salmo 71: \u201cVen, Se\u00f1or, rey de justicia y de paz\u201d<\/p>\n<p>Romanos 15, 4- 9: \u201cQue Dios les conceda vivir en perfecta armon\u00eda unos con otros\u201d<\/p>\n<p>San Mateo 3, 1-12: \u201cConvi\u00e9rtanse, porque el Reino de los cielos ya est\u00e1 cerca\u201d<\/p>\n<p>Hay sue\u00f1os que mueven voluntades y que crean nuevas situaciones, hay sue\u00f1os que transforman realidades y expresan los m\u00e1s profundos anhelos del coraz\u00f3n. El sue\u00f1o de un mundo en paz y en armon\u00eda ser\u00e1 siempre el m\u00e1s grande anhelo del hombre porque nace de su primordial necesidad de ser semejante a un Dios que es armon\u00eda y unidad. Hoy el profeta Isa\u00edas nos reta a buscar el m\u00e1s ambicioso de los sue\u00f1os y nos pinta el cuadro maravilloso de la m\u00e1s incre\u00edble escena. Los animales dom\u00e9sticos, d\u00e9biles e indefensos, conviven pac\u00edficamente con las m\u00e1s feroces y sanguinarias bestias. El cordero no teme habitar junto al lobo, el cabrito se echa junto a la pantera y el novillo y el le\u00f3n comen del mismo \u201cplato\u201d.\u00a0 \u201cDemasiado bello para ser realidad. Est\u00e1s so\u00f1ando\u201d\u00a0 acusar\u00e1n todos los esc\u00e9pticos. Sin embargo Isa\u00edas lo plantea como la m\u00e1s pura realidad porque cuando se conf\u00eda en la Palabra del Se\u00f1or se tiene derecho a so\u00f1ar.<\/p>\n<p>El sue\u00f1o que nos propone Is\u00edas no es un adormilamiento ni un escape de la realidad, es mirar el futuro con los ojos de Dios y saber que con su fuerza y con nuestro empe\u00f1o todo ser\u00e1 posible. Esta escena buc\u00f3lica que nos presenta Isa\u00edas tiene sus premisas y, aunque es un don, no cae simplemente del cielo. El requisito fundamental para encontrar la verdadera paz est\u00e1 en la justicia y en la fidelidad. No es la pacificaci\u00f3n sostenida por los poderosos que pretenden someter y silenciar a los d\u00e9biles para no escuchar sus gritos de dolor. No es la indiferencia que permite a los malvados matar inmisericordemente y cometer los peores atropellos. No es el miedo que paraliza o que nos impulsa a hacer cosas irracionales. Es la fe y la confianza en la fuerza de \u201cQuien sabemos tiene el poder\u201d y\u00a0 camina con nosotros<\/p>\n<p>Aunque est\u00e1n basadas en la fortaleza y seguridad que Dios nos otorga, la paz y la armon\u00eda con que sue\u00f1a Isa\u00edas brotan no de los altos e imponentes cedros del L\u00edbano, sino que brotan del viejo y olvidado tronco de Jes\u00e9 que parec\u00eda muerto. Brotan de la vida interior que lleva en su seno aunque aparentaba estar seco. El hombre nuevo, aunque parezca imposible, lleva en su seno la savia del Esp\u00edritu y es posible que ofrezca renuevos inesperados pero tendr\u00e1 que basarse en ese Esp\u00edritu nuevo que le da esperanza. Es posible una nueva forma de vivir basada no en las apariencias ni en las palabras, sino cimentada en la justicia y en la equidad. Este \u201cRenuevo\u201d es el Mes\u00edas que viene a despertar las ocultas y casi desaparecidas fibras de la humanidad para crear una nueva civilizaci\u00f3n.\u00a0 Ese peque\u00f1ito, que es promesa del Adviento, comparado a un d\u00e9bil reto\u00f1o, despierta nuevas ilusiones en el hombre tocado por el pecado pero siempre llamado a construir un mundo nuevo.<\/p>\n<p>San Pablo recuerda a los Romanos que la Palabra de Dios nos invita a so\u00f1ar y nos mantiene despiertos para luchar por este sue\u00f1o: \u201cPor las Escrituras, mantengamos la esperanza\u201d.\u00a0 Y nos ofrece se\u00f1ales muy pr\u00e1cticas que nos ayudan a superar la ola de violencia e injusticia que est\u00e1 destrozando nuestras comunidades. No es posible vivir en las divisiones y las venganzas por ello nos dice que Dios es la fuente de todo consuelo y que nos puede conceder vivir en armon\u00eda con un solo coraz\u00f3n y una sola voz.<\/p>\n<p>Cuando Juan Bautista recoge esta promesa de un mundo nuevo, inicia su preg\u00f3n en medio del desierto y despierta la curiosidad de todos hombres y mujeres que no hab\u00edan perdido la esperanza de hacer realidad el sue\u00f1o. Pero el Bautista es muy claro y desde su impresionante figura ya est\u00e1 reclamando una nueva actitud. Hay que cambiar el coraz\u00f3n para poder superar la violencia y la maldad. \u201cConvi\u00e9rtanse, porque ya est\u00e1 cerca el Reino de los cielos\u201d. Conversi\u00f3n, metanoia, no es un simple cambio exterior y superficial, no basta mirar lo que estamos haciendo mal. Para la verdadera conversi\u00f3n se requiere un cambio radical, total, que afecta todo nuestro ser y las dimensiones de nuestra existencia. Es poner toda nuestra vida y nuestras relaciones delante de Dios y obrar delante de \u00c9l que nos ofrece el sue\u00f1o de la armon\u00eda pero que tambi\u00e9n nos exige una verdadera conversi\u00f3n. Es volverse hacia Dios para obrar en verdad, justicia y amor. No es estamos condenados a un caos de injusticia y de perversidad pero tenemos que cambiar radicalmente nuestras opciones y nuestro interior.<\/p>\n<p>Hoy toda la liturgia nos invita a so\u00f1ar otro mundo posible, pero es necesario seguir los pasos del Esp\u00edritu y dejarse invadir por su soplo. Hay que comenzar desde el principio, desde lo m\u00e1s profundo y aut\u00e9ntico del hombre por m\u00e1s peque\u00f1o y olvidado que parezca. Hay que retomar la relaci\u00f3n imprescindible con Dios que le da sentido a la vida. Esa voz que nos urge a preparar el camino del Se\u00f1or, comienza por recordarnos que somos hijos de un mismo Padre, nos lleva a mirar con orgullo nuestro origen y as\u00ed actuar en conformidad en la relaci\u00f3n con los otros pues son nuestros hermanos. S\u00f3lo en la hermandad, que supone la diferencia, podremos reencontrar el fundamento para la armon\u00eda. Hoy junto a la claridad de un sue\u00f1o, aparece la voz \u00a0que con urgencia nos pide allanar, enderezar, igualar, para que el reino de Dios se acerque y para que todos podamos ver la salvaci\u00f3n de Dios. \u00bfCu\u00e1les son mis sue\u00f1os de Adviento? \u00bfCreo posible la armon\u00eda y la justicia en medio de nosotros? \u00bfEstoy dispuesto a una verdadera conversi\u00f3n?<\/p>\n<p><em>Se\u00f1or, que siempre alientas con tu amor la esperanza del hombre, ay\u00fadanos a descubrir nuestras ra\u00edces que tienden hacia Ti, para que en armon\u00eda y justicia construyamos una nueva comunidad, es espera de tu hijo Jes\u00fas. Am\u00e9n<\/em><\/p>\n<p>&nbsp;<\/p>\n<p>&nbsp;<\/p>\n<p>&nbsp;<\/p>\n","protected":false},"excerpt":{"rendered":"<p>II Domingo de Adviento<\/p>\n","protected":false},"author":25,"featured_media":149324,"comment_status":"closed","ping_status":"closed","sticky":false,"template":"","format":"standard","meta":{"_acf_changed":false,"_crdt_document":"","inline_featured_image":false,"footnotes":""},"categories":[96,74],"tags":[5654,1372,84701,414,58880],"class_list":["post-149318","post","type-post","status-publish","format-standard","has-post-thumbnail","hentry","category-espiritualidad","category-iglesia-y-mundo","tag-enrique-diaz","tag-evangelio","tag-ii-domingo-de-adviento","tag-reflexion","tag-trending-es-151"],"acf":[],"yoast_head":"<!-- This site is optimized with the Yoast SEO plugin v27.5 - https:\/\/yoast.com\/product\/yoast-seo-wordpress\/ -->\n<title>Reflexi\u00f3n de Monse\u00f1or Enrique D\u00edaz: \u201cVen, Se\u00f1or, rey de justicia y de paz\u201d &#8211; Exaudi<\/title>\n<meta name=\"robots\" content=\"index, follow, max-snippet:-1, max-image-preview:large, max-video-preview:-1\" \/>\n<link rel=\"canonical\" href=\"https:\/\/exaudi.org\/es\/reflexion-de-monsenor-enrique-diaz-ven-senor-rey-de-justicia-y-de-paz\/\" \/>\n<meta property=\"og:locale\" content=\"es_ES\" \/>\n<meta property=\"og:type\" content=\"article\" \/>\n<meta property=\"og:title\" content=\"Reflexi\u00f3n de Monse\u00f1or Enrique D\u00edaz: \u201cVen, Se\u00f1or, rey de justicia y de paz\u201d &#8211; Exaudi\" \/>\n<meta property=\"og:description\" content=\"II Domingo de Adviento\" \/>\n<meta property=\"og:url\" content=\"https:\/\/exaudi.org\/es\/reflexion-de-monsenor-enrique-diaz-ven-senor-rey-de-justicia-y-de-paz\/\" \/>\n<meta property=\"og:site_name\" content=\"Exaudi\" \/>\n<meta property=\"article:publisher\" content=\"https:\/\/www.facebook.com\/ExaudiNews\" \/>\n<meta property=\"article:published_time\" content=\"2025-12-07T08:35:47+00:00\" \/>\n<meta name=\"author\" content=\"Enrique D\u00edaz\" \/>\n<meta name=\"twitter:card\" content=\"summary_large_image\" \/>\n<meta name=\"twitter:creator\" content=\"@Exaudi_News\" \/>\n<meta name=\"twitter:site\" content=\"@Exaudi_News\" \/>\n<meta name=\"twitter:label1\" content=\"Escrito por\" \/>\n\t<meta name=\"twitter:data1\" content=\"Enrique D\u00edaz\" \/>\n\t<meta name=\"twitter:label2\" content=\"Tiempo de lectura\" \/>\n\t<meta name=\"twitter:data2\" content=\"6 minutos\" \/>\n<script type=\"application\/ld+json\" class=\"yoast-schema-graph\">{\"@context\":\"https:\\\/\\\/schema.org\",\"@graph\":[{\"@type\":\"Article\",\"@id\":\"https:\\\/\\\/exaudi.org\\\/es\\\/reflexion-de-monsenor-enrique-diaz-ven-senor-rey-de-justicia-y-de-paz\\\/#article\",\"isPartOf\":{\"@id\":\"https:\\\/\\\/exaudi.org\\\/es\\\/reflexion-de-monsenor-enrique-diaz-ven-senor-rey-de-justicia-y-de-paz\\\/\"},\"author\":{\"name\":\"Enrique D\u00edaz\",\"@id\":\"https:\\\/\\\/exaudi.org\\\/#\\\/schema\\\/person\\\/c02ffbd10830fa375f6882f7dcf1844d\"},\"headline\":\"Reflexi\u00f3n de Monse\u00f1or Enrique D\u00edaz: \u201cVen, Se\u00f1or, rey de justicia y de paz\u201d\",\"datePublished\":\"2025-12-07T08:35:47+00:00\",\"mainEntityOfPage\":{\"@id\":\"https:\\\/\\\/exaudi.org\\\/es\\\/reflexion-de-monsenor-enrique-diaz-ven-senor-rey-de-justicia-y-de-paz\\\/\"},\"wordCount\":1161,\"image\":{\"@id\":\"https:\\\/\\\/exaudi.org\\\/es\\\/reflexion-de-monsenor-enrique-diaz-ven-senor-rey-de-justicia-y-de-paz\\\/#primaryimage\"},\"thumbnailUrl\":\"https:\\\/\\\/exaudi.org\\\/wp-content\\\/uploads\\\/2025\\\/12\\\/wreath-3005547_1280.webp\",\"keywords\":[\"Enrique D\u00edaz\",\"Evangelio\",\"II domingo de Adviento\",\"Reflexi\u00f3n\",\"Trending\"],\"articleSection\":[\"Espiritualidad\",\"Iglesia y Mundo\"],\"inLanguage\":\"es\"},{\"@type\":\"WebPage\",\"@id\":\"https:\\\/\\\/exaudi.org\\\/es\\\/reflexion-de-monsenor-enrique-diaz-ven-senor-rey-de-justicia-y-de-paz\\\/\",\"url\":\"https:\\\/\\\/exaudi.org\\\/es\\\/reflexion-de-monsenor-enrique-diaz-ven-senor-rey-de-justicia-y-de-paz\\\/\",\"name\":\"Reflexi\u00f3n de Monse\u00f1or Enrique D\u00edaz: \u201cVen, Se\u00f1or, rey de justicia y de paz\u201d &#8211; Exaudi\",\"isPartOf\":{\"@id\":\"https:\\\/\\\/exaudi.org\\\/#website\"},\"primaryImageOfPage\":{\"@id\":\"https:\\\/\\\/exaudi.org\\\/es\\\/reflexion-de-monsenor-enrique-diaz-ven-senor-rey-de-justicia-y-de-paz\\\/#primaryimage\"},\"image\":{\"@id\":\"https:\\\/\\\/exaudi.org\\\/es\\\/reflexion-de-monsenor-enrique-diaz-ven-senor-rey-de-justicia-y-de-paz\\\/#primaryimage\"},\"thumbnailUrl\":\"https:\\\/\\\/exaudi.org\\\/wp-content\\\/uploads\\\/2025\\\/12\\\/wreath-3005547_1280.webp\",\"datePublished\":\"2025-12-07T08:35:47+00:00\",\"author\":{\"@id\":\"https:\\\/\\\/exaudi.org\\\/#\\\/schema\\\/person\\\/c02ffbd10830fa375f6882f7dcf1844d\"},\"breadcrumb\":{\"@id\":\"https:\\\/\\\/exaudi.org\\\/es\\\/reflexion-de-monsenor-enrique-diaz-ven-senor-rey-de-justicia-y-de-paz\\\/#breadcrumb\"},\"inLanguage\":\"es\",\"potentialAction\":[{\"@type\":\"ReadAction\",\"target\":[\"https:\\\/\\\/exaudi.org\\\/es\\\/reflexion-de-monsenor-enrique-diaz-ven-senor-rey-de-justicia-y-de-paz\\\/\"]}]},{\"@type\":\"ImageObject\",\"inLanguage\":\"es\",\"@id\":\"https:\\\/\\\/exaudi.org\\\/es\\\/reflexion-de-monsenor-enrique-diaz-ven-senor-rey-de-justicia-y-de-paz\\\/#primaryimage\",\"url\":\"https:\\\/\\\/exaudi.org\\\/wp-content\\\/uploads\\\/2025\\\/12\\\/wreath-3005547_1280.webp\",\"contentUrl\":\"https:\\\/\\\/exaudi.org\\\/wp-content\\\/uploads\\\/2025\\\/12\\\/wreath-3005547_1280.webp\",\"width\":1280,\"height\":1280},{\"@type\":\"BreadcrumbList\",\"@id\":\"https:\\\/\\\/exaudi.org\\\/es\\\/reflexion-de-monsenor-enrique-diaz-ven-senor-rey-de-justicia-y-de-paz\\\/#breadcrumb\",\"itemListElement\":[{\"@type\":\"ListItem\",\"position\":1,\"name\":\"Portada\",\"item\":\"https:\\\/\\\/exaudi.org\\\/es\\\/\"},{\"@type\":\"ListItem\",\"position\":2,\"name\":\"Reflexi\u00f3n de Monse\u00f1or Enrique D\u00edaz: \u201cVen, Se\u00f1or, rey de justicia y de paz\u201d\"}]},{\"@type\":\"WebSite\",\"@id\":\"https:\\\/\\\/exaudi.org\\\/#website\",\"url\":\"https:\\\/\\\/exaudi.org\\\/\",\"name\":\"Exaudi\",\"description\":\"News\",\"potentialAction\":[{\"@type\":\"SearchAction\",\"target\":{\"@type\":\"EntryPoint\",\"urlTemplate\":\"https:\\\/\\\/exaudi.org\\\/?s={search_term_string}\"},\"query-input\":{\"@type\":\"PropertyValueSpecification\",\"valueRequired\":true,\"valueName\":\"search_term_string\"}}],\"inLanguage\":\"es\"},{\"@type\":\"Person\",\"@id\":\"https:\\\/\\\/exaudi.org\\\/#\\\/schema\\\/person\\\/c02ffbd10830fa375f6882f7dcf1844d\",\"name\":\"Enrique D\u00edaz\",\"image\":{\"@type\":\"ImageObject\",\"inLanguage\":\"es\",\"@id\":\"https:\\\/\\\/secure.gravatar.com\\\/avatar\\\/7ca10be5325a95d04b74082d68ba605aa69611eb0f68f47096cb1bc349873284?s=96&d=mm&r=g\",\"url\":\"https:\\\/\\\/secure.gravatar.com\\\/avatar\\\/7ca10be5325a95d04b74082d68ba605aa69611eb0f68f47096cb1bc349873284?s=96&d=mm&r=g\",\"contentUrl\":\"https:\\\/\\\/secure.gravatar.com\\\/avatar\\\/7ca10be5325a95d04b74082d68ba605aa69611eb0f68f47096cb1bc349873284?s=96&d=mm&r=g\",\"caption\":\"Enrique D\u00edaz\"},\"description\":\"Naci\u00f3 en Huandacareo, Michoac\u00e1n, M\u00e9xico, en 1952. Realiz\u00f3 sus estudios de Filosof\u00eda y Teolog\u00eda en el Seminario de Morelia. Ordenado di\u00e1cono el 22 de mayo de 1977, y presb\u00edtero el 23 de octubre del mismo a\u00f1o. Obtuvo la Licenciatura en Sagrada Escritura en el Pontificio Instituto B\u00edblico en Roma. Ha desarrollado m\u00faltiples encargos pastorales como el de capell\u00e1n de la rector\u00eda de las Tres Aves Mar\u00edas; responsable de la Pastoral B\u00edblica Diocesana y director de la Escuela B\u00edblica en Morelia; maestro de Biblia en el Seminario Conciliar de Morelia, p\u00e1rroco de la Parroquia de Nuestra Se\u00f1ora de Guadalupe, Col. Guadalupe, Morelia; o vicario episcopal para la Zona de Nuestra Se\u00f1ora de la Luz, P\u00e1tzcuaro. Ordenado obispo auxiliar de san Crist\u00f3bal de las Casas en 2003. En la Conferencia Episcopal form\u00f3 parte de las Comisiones de Biblia, Diaconado y Ministerios Laicales. Fue responsable de las Dimensiones de Ministerios Laicales, de Educaci\u00f3n y Cultura. Ha participado en encuentros latinoamericanos y mundiales sobre el Diaconado Permanente. Actualmente es el responsable de la Dimensi\u00f3n de Pastoral de la Cultura. Particip\u00f3 como Miembro del S\u00ednodo de Obispos sobre la Palabra de Dios en la Vida y Misi\u00f3n de la Iglesia en Roma, en 2008. Recibi\u00f3 el nombramiento de obispo coadjutor de San Crist\u00f3bal de las Casas en 2014. Nombrado II obispo de Irapuato el d\u00eda 11 de marzo, tom\u00f3 posesi\u00f3n el 19 de Mayo. Colabora en varias revistas y publicaciones sobre todo con la reflexi\u00f3n diaria y dominical tanto en audio como escrita.\",\"url\":\"https:\\\/\\\/exaudi.org\\\/es\\\/author\\\/enriquediaz\\\/\"}]}<\/script>\n<!-- \/ Yoast SEO plugin. -->","yoast_head_json":{"title":"Reflexi\u00f3n de Monse\u00f1or Enrique D\u00edaz: \u201cVen, Se\u00f1or, rey de justicia y de paz\u201d &#8211; Exaudi","robots":{"index":"index","follow":"follow","max-snippet":"max-snippet:-1","max-image-preview":"max-image-preview:large","max-video-preview":"max-video-preview:-1"},"canonical":"https:\/\/exaudi.org\/es\/reflexion-de-monsenor-enrique-diaz-ven-senor-rey-de-justicia-y-de-paz\/","og_locale":"es_ES","og_type":"article","og_title":"Reflexi\u00f3n de Monse\u00f1or Enrique D\u00edaz: \u201cVen, Se\u00f1or, rey de justicia y de paz\u201d &#8211; Exaudi","og_description":"II Domingo de Adviento","og_url":"https:\/\/exaudi.org\/es\/reflexion-de-monsenor-enrique-diaz-ven-senor-rey-de-justicia-y-de-paz\/","og_site_name":"Exaudi","article_publisher":"https:\/\/www.facebook.com\/ExaudiNews","article_published_time":"2025-12-07T08:35:47+00:00","author":"Enrique D\u00edaz","twitter_card":"summary_large_image","twitter_creator":"@Exaudi_News","twitter_site":"@Exaudi_News","twitter_misc":{"Escrito por":"Enrique D\u00edaz","Tiempo de lectura":"6 minutos"},"schema":{"@context":"https:\/\/schema.org","@graph":[{"@type":"Article","@id":"https:\/\/exaudi.org\/es\/reflexion-de-monsenor-enrique-diaz-ven-senor-rey-de-justicia-y-de-paz\/#article","isPartOf":{"@id":"https:\/\/exaudi.org\/es\/reflexion-de-monsenor-enrique-diaz-ven-senor-rey-de-justicia-y-de-paz\/"},"author":{"name":"Enrique D\u00edaz","@id":"https:\/\/exaudi.org\/#\/schema\/person\/c02ffbd10830fa375f6882f7dcf1844d"},"headline":"Reflexi\u00f3n de Monse\u00f1or Enrique D\u00edaz: \u201cVen, Se\u00f1or, rey de justicia y de paz\u201d","datePublished":"2025-12-07T08:35:47+00:00","mainEntityOfPage":{"@id":"https:\/\/exaudi.org\/es\/reflexion-de-monsenor-enrique-diaz-ven-senor-rey-de-justicia-y-de-paz\/"},"wordCount":1161,"image":{"@id":"https:\/\/exaudi.org\/es\/reflexion-de-monsenor-enrique-diaz-ven-senor-rey-de-justicia-y-de-paz\/#primaryimage"},"thumbnailUrl":"https:\/\/exaudi.org\/wp-content\/uploads\/2025\/12\/wreath-3005547_1280.webp","keywords":["Enrique D\u00edaz","Evangelio","II domingo de Adviento","Reflexi\u00f3n","Trending"],"articleSection":["Espiritualidad","Iglesia y Mundo"],"inLanguage":"es"},{"@type":"WebPage","@id":"https:\/\/exaudi.org\/es\/reflexion-de-monsenor-enrique-diaz-ven-senor-rey-de-justicia-y-de-paz\/","url":"https:\/\/exaudi.org\/es\/reflexion-de-monsenor-enrique-diaz-ven-senor-rey-de-justicia-y-de-paz\/","name":"Reflexi\u00f3n de Monse\u00f1or Enrique D\u00edaz: \u201cVen, Se\u00f1or, rey de justicia y de paz\u201d &#8211; Exaudi","isPartOf":{"@id":"https:\/\/exaudi.org\/#website"},"primaryImageOfPage":{"@id":"https:\/\/exaudi.org\/es\/reflexion-de-monsenor-enrique-diaz-ven-senor-rey-de-justicia-y-de-paz\/#primaryimage"},"image":{"@id":"https:\/\/exaudi.org\/es\/reflexion-de-monsenor-enrique-diaz-ven-senor-rey-de-justicia-y-de-paz\/#primaryimage"},"thumbnailUrl":"https:\/\/exaudi.org\/wp-content\/uploads\/2025\/12\/wreath-3005547_1280.webp","datePublished":"2025-12-07T08:35:47+00:00","author":{"@id":"https:\/\/exaudi.org\/#\/schema\/person\/c02ffbd10830fa375f6882f7dcf1844d"},"breadcrumb":{"@id":"https:\/\/exaudi.org\/es\/reflexion-de-monsenor-enrique-diaz-ven-senor-rey-de-justicia-y-de-paz\/#breadcrumb"},"inLanguage":"es","potentialAction":[{"@type":"ReadAction","target":["https:\/\/exaudi.org\/es\/reflexion-de-monsenor-enrique-diaz-ven-senor-rey-de-justicia-y-de-paz\/"]}]},{"@type":"ImageObject","inLanguage":"es","@id":"https:\/\/exaudi.org\/es\/reflexion-de-monsenor-enrique-diaz-ven-senor-rey-de-justicia-y-de-paz\/#primaryimage","url":"https:\/\/exaudi.org\/wp-content\/uploads\/2025\/12\/wreath-3005547_1280.webp","contentUrl":"https:\/\/exaudi.org\/wp-content\/uploads\/2025\/12\/wreath-3005547_1280.webp","width":1280,"height":1280},{"@type":"BreadcrumbList","@id":"https:\/\/exaudi.org\/es\/reflexion-de-monsenor-enrique-diaz-ven-senor-rey-de-justicia-y-de-paz\/#breadcrumb","itemListElement":[{"@type":"ListItem","position":1,"name":"Portada","item":"https:\/\/exaudi.org\/es\/"},{"@type":"ListItem","position":2,"name":"Reflexi\u00f3n de Monse\u00f1or Enrique D\u00edaz: \u201cVen, Se\u00f1or, rey de justicia y de paz\u201d"}]},{"@type":"WebSite","@id":"https:\/\/exaudi.org\/#website","url":"https:\/\/exaudi.org\/","name":"Exaudi","description":"News","potentialAction":[{"@type":"SearchAction","target":{"@type":"EntryPoint","urlTemplate":"https:\/\/exaudi.org\/?s={search_term_string}"},"query-input":{"@type":"PropertyValueSpecification","valueRequired":true,"valueName":"search_term_string"}}],"inLanguage":"es"},{"@type":"Person","@id":"https:\/\/exaudi.org\/#\/schema\/person\/c02ffbd10830fa375f6882f7dcf1844d","name":"Enrique D\u00edaz","image":{"@type":"ImageObject","inLanguage":"es","@id":"https:\/\/secure.gravatar.com\/avatar\/7ca10be5325a95d04b74082d68ba605aa69611eb0f68f47096cb1bc349873284?s=96&d=mm&r=g","url":"https:\/\/secure.gravatar.com\/avatar\/7ca10be5325a95d04b74082d68ba605aa69611eb0f68f47096cb1bc349873284?s=96&d=mm&r=g","contentUrl":"https:\/\/secure.gravatar.com\/avatar\/7ca10be5325a95d04b74082d68ba605aa69611eb0f68f47096cb1bc349873284?s=96&d=mm&r=g","caption":"Enrique D\u00edaz"},"description":"Naci\u00f3 en Huandacareo, Michoac\u00e1n, M\u00e9xico, en 1952. Realiz\u00f3 sus estudios de Filosof\u00eda y Teolog\u00eda en el Seminario de Morelia. Ordenado di\u00e1cono el 22 de mayo de 1977, y presb\u00edtero el 23 de octubre del mismo a\u00f1o. Obtuvo la Licenciatura en Sagrada Escritura en el Pontificio Instituto B\u00edblico en Roma. Ha desarrollado m\u00faltiples encargos pastorales como el de capell\u00e1n de la rector\u00eda de las Tres Aves Mar\u00edas; responsable de la Pastoral B\u00edblica Diocesana y director de la Escuela B\u00edblica en Morelia; maestro de Biblia en el Seminario Conciliar de Morelia, p\u00e1rroco de la Parroquia de Nuestra Se\u00f1ora de Guadalupe, Col. Guadalupe, Morelia; o vicario episcopal para la Zona de Nuestra Se\u00f1ora de la Luz, P\u00e1tzcuaro. Ordenado obispo auxiliar de san Crist\u00f3bal de las Casas en 2003. En la Conferencia Episcopal form\u00f3 parte de las Comisiones de Biblia, Diaconado y Ministerios Laicales. Fue responsable de las Dimensiones de Ministerios Laicales, de Educaci\u00f3n y Cultura. Ha participado en encuentros latinoamericanos y mundiales sobre el Diaconado Permanente. Actualmente es el responsable de la Dimensi\u00f3n de Pastoral de la Cultura. Particip\u00f3 como Miembro del S\u00ednodo de Obispos sobre la Palabra de Dios en la Vida y Misi\u00f3n de la Iglesia en Roma, en 2008. Recibi\u00f3 el nombramiento de obispo coadjutor de San Crist\u00f3bal de las Casas en 2014. Nombrado II obispo de Irapuato el d\u00eda 11 de marzo, tom\u00f3 posesi\u00f3n el 19 de Mayo. Colabora en varias revistas y publicaciones sobre todo con la reflexi\u00f3n diaria y dominical tanto en audio como escrita.","url":"https:\/\/exaudi.org\/es\/author\/enriquediaz\/"}]}},"jetpack_featured_media_url":"https:\/\/exaudi.org\/wp-content\/uploads\/2025\/12\/wreath-3005547_1280.webp","jetpack_shortlink":"https:\/\/wp.me\/pgKjF2-CQm","_links":{"self":[{"href":"https:\/\/exaudi.org\/es\/wp-json\/wp\/v2\/posts\/149318","targetHints":{"allow":["GET"]}}],"collection":[{"href":"https:\/\/exaudi.org\/es\/wp-json\/wp\/v2\/posts"}],"about":[{"href":"https:\/\/exaudi.org\/es\/wp-json\/wp\/v2\/types\/post"}],"author":[{"embeddable":true,"href":"https:\/\/exaudi.org\/es\/wp-json\/wp\/v2\/users\/25"}],"replies":[{"embeddable":true,"href":"https:\/\/exaudi.org\/es\/wp-json\/wp\/v2\/comments?post=149318"}],"version-history":[{"count":3,"href":"https:\/\/exaudi.org\/es\/wp-json\/wp\/v2\/posts\/149318\/revisions"}],"predecessor-version":[{"id":149327,"href":"https:\/\/exaudi.org\/es\/wp-json\/wp\/v2\/posts\/149318\/revisions\/149327"}],"wp:featuredmedia":[{"embeddable":true,"href":"https:\/\/exaudi.org\/es\/wp-json\/wp\/v2\/media\/149324"}],"wp:attachment":[{"href":"https:\/\/exaudi.org\/es\/wp-json\/wp\/v2\/media?parent=149318"}],"wp:term":[{"taxonomy":"category","embeddable":true,"href":"https:\/\/exaudi.org\/es\/wp-json\/wp\/v2\/categories?post=149318"},{"taxonomy":"post_tag","embeddable":true,"href":"https:\/\/exaudi.org\/es\/wp-json\/wp\/v2\/tags?post=149318"}],"curies":[{"name":"wp","href":"https:\/\/api.w.org\/{rel}","templated":true}]}}