{"id":14928,"date":"2021-05-04T12:10:02","date_gmt":"2021-05-04T10:10:02","guid":{"rendered":"https:\/\/exaudi.org\/?p=14928"},"modified":"2022-01-03T16:54:38","modified_gmt":"2022-01-03T15:54:38","slug":"arzobispo-shevchuk-ucrania-espera-la-visita-del-papa","status":"publish","type":"post","link":"https:\/\/exaudi.org\/es\/arzobispo-shevchuk-ucrania-espera-la-visita-del-papa\/","title":{"rendered":"Arzobispo Shevchuk: \u201cUcrania espera la visita del Papa\u201d"},"content":{"rendered":"<p>Ucrania espera la visita del Papa Francisco: as\u00ed lo ha manifestado <a href=\"https:\/\/exaudi.org\/es\/arzobispo-shevchuk-ucrania-teme-una-invasion-seria-un-desastre\/\" target=\"_blank\" rel=\"noopener noreferrer\">Sviatoslav Shevchuk<\/a>, primado de la Iglesia greco-cat\u00f3lica ucraniana unida a Roma, a la fundaci\u00f3n internacional <a href=\"https:\/\/acninternational.org\/es\/\" target=\"_blank\" rel=\"noopener noreferrer\">Ayuda a la Iglesia Necesitada<\/a> (ACN), informa esta asociaci\u00f3n en una nota.<\/p>\n<p>Textualmente, el arzobispo mayor de Kiev-Galitzia dijo: \u201cDel mismo modo que visit\u00f3 recientemente Irak, al igual que visitar\u00e1 otros pa\u00edses del mundo incluso en las dif\u00edciles condiciones marcadas por la COVID-19, Ucrania espera la visita del santo Padre. Recuerdo que recientemente se me acerc\u00f3 una anciana y me dijo: \u2018\u00bfSabe?, cuando el santo Padre venga y pise el suelo ucraniano, la guerra se acabar\u00e1\u2019\u201d.<\/p>\n<h4><strong>Invitaci\u00f3n del primer ministro<\/strong><\/h4>\n<p>El primer ministro ucraniano Denys Shmyhal, durante su <a href=\"https:\/\/exaudi.org\/es\/ucrania-audiencia-papa-primer-ministro-2021\/\" target=\"_blank\" rel=\"noopener noreferrer\">visita al Vaticano<\/a> a finales de marzo, entreg\u00f3 al Papa Francisco una invitaci\u00f3n para que visite Ucrania. De acuerdo a la nota, en el propio pa\u00eds, el encuentro entre el Papa y el jefe del Gobierno fue bien recibido. \u201cTambi\u00e9n fue un claro s\u00edntoma de que las relaciones entre el Estado ucraniano y la santa sede ofrecer\u00e1n una buena oportunidad para evitar cualquier escalada del conflicto en Ucrania ,\u00a0 tambi\u00e9n para aprender c\u00f3mo se promueve el di\u00e1logo y la reconciliaci\u00f3n\u201d, declara el arzobispo.<\/p>\n<p>Francisco recuerda constantemente la <a href=\"https:\/\/exaudi.org\/es\/regina-coeli-papa-paz-ucrania\/\" target=\"_blank\" rel=\"noopener noreferrer\">dif\u00edcil situaci\u00f3n de Ucrania<\/a>, m\u00e1s recientemente durante su discurso <a href=\"https:\/\/exaudi.org\/es\/pascua-2021-mensaje-papa-francisco\/\" target=\"_blank\" rel=\"noopener noreferrer\"><em>Urbi et orbi<\/em><\/a> con ocasi\u00f3n de la Pascua latina. Mons. En este sentido, Mons. Shevchuk manifiesta estar \u201cmuy agradecidos al <a href=\"https:\/\/exaudi.org\/es\/regina-coeli-papa-paz-ucrania\/\" target=\"_blank\" rel=\"noopener noreferrer\">Santo Padre<\/a> por su apoyo constante, por su oraci\u00f3n y por su solidaridad con Ucrania y el pueblo ucraniano\u201d.<\/p>\n<h4><strong>Di\u00e1logo como soluci\u00f3n<\/strong><\/h4>\n<p>Ante las tensiones entre Ucrania y Rusia, especialmente al este del pa\u00eds, Shevchuk subray\u00f3 que no puede haber una soluci\u00f3n militar a la situaci\u00f3n en Ucrania, sino solo diplom\u00e1tica: \u201cApuesto por el di\u00e1logo, porque con el di\u00e1logo podemos curar las heridas y la paz puede superar la guerra\u201d. \u00daltimamente, Rusia ha llegado a concentrar all\u00ed hasta 100.000 soldados. Mientras que Mosc\u00fa dice que se trata de maniobras, los observadores ucranianos e internacionales ven en ello una provocaci\u00f3n deliberada.<\/p>\n<p>En su di\u00e1logo con ACN internacional, el primado de la Iglesia greco-latina, que actualmente dirige el Consejo de Iglesias y Organizaciones Religiosas de Ucrania, renov\u00f3 el llamamiento del consejo interreligioso a un alto el fuego durante la Pascua en el este de Ucrania, disputado desde hace a\u00f1os entre Ucrania y los separatistas prorrusos. \u201cRezamos para que los alegres cantos lit\u00fargicos prevalezcan sobre el ruido de las armas y los ca\u00f1ones. Rezamos por la paz. Nuestro gran anhelo es que Cristo, como rey de la paz, traiga con su resurrecci\u00f3n un alivio de la violencia y del miedo a ser atacados de nuevo\u201d.<\/p>\n<h4><strong>Situaci\u00f3n humanitaria<\/strong><\/h4>\n<p>Asimismo, el arzobispo mayor Shevchuk expres\u00f3 su preocupaci\u00f3n por la situaci\u00f3n humanitaria de sus fieles en el este de Ucrania: \u201cNuestra principal intenci\u00f3n es la situaci\u00f3n humanitaria en esta parte de Ucrania, porque la situaci\u00f3n ha empeorado desde que estall\u00f3 la pandemia del coronavirus. La poblaci\u00f3n all\u00ed est\u00e1 aislada y olvidada, no puede conseguir medicinas\u201d. Para \u00e9l, el pueblo necesita el apoyo de la Iglesia, pues \u201csu \u00fanica salvaci\u00f3n son los sacerdotes y las parroquias, es la \u00fanica forma de obtener apoyo o ayuda. Por eso, decidimos quedarnos con el pueblo. Nuestros sacerdotes est\u00e1n haciendo un trabajo extraordinario all\u00ed\u201d.<\/p>\n<p>Sin embargo, contin\u00faa relatando, debido a la pandemia, la labor pastoral de la Iglesia se ve masivamente reducida. \u201cMuchos de nosotros hemos comenzado a transmitir nuestros servicios online para proporcionar a nuestros feligreses una manera de asistir a las misas y a los oficios dominicales virtualmente\u201d.<\/p>\n<p>Al hacerlo, se\u00f1ala, le vienen a la mente recuerdos de las persecuciones de la era sovi\u00e9tica: \u201cla \u00fanica forma de obtener apoyo espiritual era escuchar Radio Vaticano. Es casi\u00a0 la misma situaci\u00f3n\u201d. Actualmente la atenci\u00f3n pastoral se topa con sus l\u00edmites debido a las reducidas opciones de administrar los sacramentos. \u201cPodemos rezar y predicar online, tambi\u00e9n podemos meditar sobre las Sagradas Escrituras online, pero no podemos administrar los sacramentos online.\u00a0 Ese es nuestro gran sufrimiento hoy\u201d, lamenta el arzobispo mayor.<\/p>\n<h4><strong>Ayuda en Ucrania<\/strong><\/h4>\n<p>ACN internacional lleva muchos a\u00f1os ayudando a la Iglesia en Ucrania. El apoyo a las di\u00f3cesis cat\u00f3licas de la regi\u00f3n afectada se ha reforzado desde que estall\u00f3 el conflicto al este de Ucrania.<\/p>\n<p>Sin la ayuda exterior, ni los sacerdotes ni las parroquias podr\u00edan existir all\u00ed. ACN tambi\u00e9n presta especial atenci\u00f3n a la promoci\u00f3n de los medios de comunicaci\u00f3n cristianos. Sirven de fuente de informaci\u00f3n y de instrumento de predicaci\u00f3n.<\/p>\n<h4><strong>Ayuda a la Iglesia Necesitada<\/strong><\/h4>\n<p>Es una organizaci\u00f3n internacional, con sede social en el Vaticano y cuya central est\u00e1 ubicada en la localidad de K\u00f6nigstein, Alemania. All\u00ed se gestionan las aportaciones recaudadas por las oficinas nacionales, y se reciben y eval\u00faan las peticiones de ayuda procedentes de m\u00e1s de 145 pa\u00edses, donde los cat\u00f3licos sufren necesidad o persecuci\u00f3n. Desde K\u00f6nigstein se realiza tambi\u00e9n el seguimiento exhaustivo de los proyectos a los que se da apoyo.<\/p>\n<p>ACN proporciona ayuda a los proyectos que realiza la Iglesia local (obispos, sacerdotes, comunidades religiosas y laicos) cuyo objetivo espec\u00edfico es proporcionar apoyo pastoral y espiritual a los cat\u00f3licos en todo el mundo.<\/p>\n<p>ACN solo da ayuda a aquellos proyectos que han sido aprobados por el obispo local (proyectos diocesanos o parroquiales) o el superior religioso (proyectos exclusivamente internos de una congregaci\u00f3n religiosa).<\/p>\n","protected":false},"excerpt":{"rendered":"<p>Declaraciones del l\u00edder de la Iglesia greco-cat\u00f3lica a ACN <\/p>\n","protected":false},"author":89,"featured_media":14934,"comment_status":"closed","ping_status":"closed","sticky":false,"template":"","format":"standard","meta":{"_acf_changed":false,"_crdt_document":"","inline_featured_image":false,"footnotes":""},"categories":[86,94,298],"tags":[1770,158,1235],"class_list":["post-14928","post","type-post","status-publish","format-standard","has-post-thumbnail","hentry","category-iglesia-local","category-justicia-y-paz","category-ultimas-noticias","tag-arzobispo-shevchuk","tag-papa-francisco","tag-ucrania"],"acf":[],"yoast_head":"<!-- This site is optimized with the Yoast SEO plugin v27.5 - https:\/\/yoast.com\/product\/yoast-seo-wordpress\/ -->\n<title>Arzobispo Shevchuk: \u201cUcrania espera la visita del Papa\u201d &#8211; Exaudi<\/title>\n<meta name=\"description\" content=\"Ucrania espera la visita del Papa, dice el arzobispo Shevchuk, primado de la Iglesia greco-cat\u00f3lica ucraniana a Ayuda a la Iglesia Necesitada\" \/>\n<meta name=\"robots\" content=\"index, follow, max-snippet:-1, max-image-preview:large, max-video-preview:-1\" \/>\n<link rel=\"canonical\" href=\"https:\/\/exaudi.org\/es\/arzobispo-shevchuk-ucrania-espera-la-visita-del-papa\/\" \/>\n<meta property=\"og:locale\" content=\"es_ES\" \/>\n<meta property=\"og:type\" content=\"article\" \/>\n<meta property=\"og:title\" content=\"Arzobispo Shevchuk: \u201cUcrania espera la visita del Papa\u201d &#8211; Exaudi\" \/>\n<meta property=\"og:description\" content=\"Ucrania espera la visita del Papa, dice el arzobispo Shevchuk, primado de la Iglesia greco-cat\u00f3lica ucraniana a Ayuda a la Iglesia Necesitada\" \/>\n<meta property=\"og:url\" content=\"https:\/\/exaudi.org\/es\/arzobispo-shevchuk-ucrania-espera-la-visita-del-papa\/\" \/>\n<meta property=\"og:site_name\" content=\"Exaudi\" \/>\n<meta property=\"article:publisher\" content=\"https:\/\/www.facebook.com\/ExaudiNews\" \/>\n<meta property=\"article:author\" content=\"https:\/\/www.facebook.com\/ayudaalaiglesianecesitada\/?ref=ts\" \/>\n<meta property=\"article:published_time\" content=\"2021-05-04T10:10:02+00:00\" \/>\n<meta property=\"article:modified_time\" content=\"2022-01-03T15:54:38+00:00\" \/>\n<meta property=\"og:image\" content=\"https:\/\/exaudi.org\/wp-content\/uploads\/2021\/05\/Arzobispo-Sviatoslav-Shevchuk-Ayuda-a-la-Iglesia-Necesitada-scaled.jpeg\" \/>\n\t<meta property=\"og:image:width\" content=\"2560\" \/>\n\t<meta property=\"og:image:height\" content=\"1706\" \/>\n\t<meta property=\"og:image:type\" content=\"image\/jpeg\" \/>\n<meta name=\"author\" content=\"Ayuda a la Iglesia Necesitada\" \/>\n<meta name=\"twitter:card\" content=\"summary_large_image\" \/>\n<meta name=\"twitter:creator\" content=\"@https:\/\/x.com\/AyudaIglesNeces\" \/>\n<meta name=\"twitter:site\" content=\"@Exaudi_News\" \/>\n<meta name=\"twitter:label1\" content=\"Escrito por\" \/>\n\t<meta name=\"twitter:data1\" content=\"Ayuda a la Iglesia Necesitada\" \/>\n\t<meta name=\"twitter:label2\" content=\"Tiempo de lectura\" \/>\n\t<meta name=\"twitter:data2\" content=\"4 minutos\" \/>\n<script type=\"application\/ld+json\" class=\"yoast-schema-graph\">{\"@context\":\"https:\\\/\\\/schema.org\",\"@graph\":[{\"@type\":\"Article\",\"@id\":\"https:\\\/\\\/exaudi.org\\\/es\\\/arzobispo-shevchuk-ucrania-espera-la-visita-del-papa\\\/#article\",\"isPartOf\":{\"@id\":\"https:\\\/\\\/exaudi.org\\\/es\\\/arzobispo-shevchuk-ucrania-espera-la-visita-del-papa\\\/\"},\"author\":{\"name\":\"Ayuda a la Iglesia Necesitada\",\"@id\":\"https:\\\/\\\/exaudi.org\\\/#\\\/schema\\\/person\\\/d4906ab3b6c174ffe37d722c51c73317\"},\"headline\":\"Arzobispo Shevchuk: \u201cUcrania espera la visita del Papa\u201d\",\"datePublished\":\"2021-05-04T10:10:02+00:00\",\"dateModified\":\"2022-01-03T15:54:38+00:00\",\"mainEntityOfPage\":{\"@id\":\"https:\\\/\\\/exaudi.org\\\/es\\\/arzobispo-shevchuk-ucrania-espera-la-visita-del-papa\\\/\"},\"wordCount\":948,\"image\":{\"@id\":\"https:\\\/\\\/exaudi.org\\\/es\\\/arzobispo-shevchuk-ucrania-espera-la-visita-del-papa\\\/#primaryimage\"},\"thumbnailUrl\":\"https:\\\/\\\/exaudi.org\\\/wp-content\\\/uploads\\\/2021\\\/05\\\/Arzobispo-Sviatoslav-Shevchuk-Ayuda-a-la-Iglesia-Necesitada-scaled.jpeg\",\"keywords\":[\"Arzobispo Shevchuk\",\"papa francisco\",\"Ucrania\"],\"articleSection\":[\"Iglesia Local\",\"Justicia y Paz\",\"\u00daltimas noticias\"],\"inLanguage\":\"es\"},{\"@type\":\"WebPage\",\"@id\":\"https:\\\/\\\/exaudi.org\\\/es\\\/arzobispo-shevchuk-ucrania-espera-la-visita-del-papa\\\/\",\"url\":\"https:\\\/\\\/exaudi.org\\\/es\\\/arzobispo-shevchuk-ucrania-espera-la-visita-del-papa\\\/\",\"name\":\"Arzobispo Shevchuk: \u201cUcrania espera la visita del Papa\u201d &#8211; Exaudi\",\"isPartOf\":{\"@id\":\"https:\\\/\\\/exaudi.org\\\/#website\"},\"primaryImageOfPage\":{\"@id\":\"https:\\\/\\\/exaudi.org\\\/es\\\/arzobispo-shevchuk-ucrania-espera-la-visita-del-papa\\\/#primaryimage\"},\"image\":{\"@id\":\"https:\\\/\\\/exaudi.org\\\/es\\\/arzobispo-shevchuk-ucrania-espera-la-visita-del-papa\\\/#primaryimage\"},\"thumbnailUrl\":\"https:\\\/\\\/exaudi.org\\\/wp-content\\\/uploads\\\/2021\\\/05\\\/Arzobispo-Sviatoslav-Shevchuk-Ayuda-a-la-Iglesia-Necesitada-scaled.jpeg\",\"datePublished\":\"2021-05-04T10:10:02+00:00\",\"dateModified\":\"2022-01-03T15:54:38+00:00\",\"author\":{\"@id\":\"https:\\\/\\\/exaudi.org\\\/#\\\/schema\\\/person\\\/d4906ab3b6c174ffe37d722c51c73317\"},\"description\":\"Ucrania espera la visita del Papa, dice el arzobispo Shevchuk, primado de la Iglesia greco-cat\u00f3lica ucraniana a Ayuda a la Iglesia Necesitada\",\"breadcrumb\":{\"@id\":\"https:\\\/\\\/exaudi.org\\\/es\\\/arzobispo-shevchuk-ucrania-espera-la-visita-del-papa\\\/#breadcrumb\"},\"inLanguage\":\"es\",\"potentialAction\":[{\"@type\":\"ReadAction\",\"target\":[\"https:\\\/\\\/exaudi.org\\\/es\\\/arzobispo-shevchuk-ucrania-espera-la-visita-del-papa\\\/\"]}]},{\"@type\":\"ImageObject\",\"inLanguage\":\"es\",\"@id\":\"https:\\\/\\\/exaudi.org\\\/es\\\/arzobispo-shevchuk-ucrania-espera-la-visita-del-papa\\\/#primaryimage\",\"url\":\"https:\\\/\\\/exaudi.org\\\/wp-content\\\/uploads\\\/2021\\\/05\\\/Arzobispo-Sviatoslav-Shevchuk-Ayuda-a-la-Iglesia-Necesitada-scaled.jpeg\",\"contentUrl\":\"https:\\\/\\\/exaudi.org\\\/wp-content\\\/uploads\\\/2021\\\/05\\\/Arzobispo-Sviatoslav-Shevchuk-Ayuda-a-la-Iglesia-Necesitada-scaled.jpeg\",\"width\":2560,\"height\":1706,\"caption\":\"Arzobispo Sviatoslav Shevchuk \u00a9 Ayuda a la Iglesia Necesitada\"},{\"@type\":\"BreadcrumbList\",\"@id\":\"https:\\\/\\\/exaudi.org\\\/es\\\/arzobispo-shevchuk-ucrania-espera-la-visita-del-papa\\\/#breadcrumb\",\"itemListElement\":[{\"@type\":\"ListItem\",\"position\":1,\"name\":\"Portada\",\"item\":\"https:\\\/\\\/exaudi.org\\\/es\\\/\"},{\"@type\":\"ListItem\",\"position\":2,\"name\":\"Arzobispo Shevchuk: \u201cUcrania espera la visita del Papa\u201d\"}]},{\"@type\":\"WebSite\",\"@id\":\"https:\\\/\\\/exaudi.org\\\/#website\",\"url\":\"https:\\\/\\\/exaudi.org\\\/\",\"name\":\"Exaudi\",\"description\":\"News\",\"potentialAction\":[{\"@type\":\"SearchAction\",\"target\":{\"@type\":\"EntryPoint\",\"urlTemplate\":\"https:\\\/\\\/exaudi.org\\\/?s={search_term_string}\"},\"query-input\":{\"@type\":\"PropertyValueSpecification\",\"valueRequired\":true,\"valueName\":\"search_term_string\"}}],\"inLanguage\":\"es\"},{\"@type\":\"Person\",\"@id\":\"https:\\\/\\\/exaudi.org\\\/#\\\/schema\\\/person\\\/d4906ab3b6c174ffe37d722c51c73317\",\"name\":\"Ayuda a la Iglesia Necesitada\",\"image\":{\"@type\":\"ImageObject\",\"inLanguage\":\"es\",\"@id\":\"https:\\\/\\\/secure.gravatar.com\\\/avatar\\\/18b646e6575a46729bc25d1c374d5965acb9854728a2929ada390e85905160db?s=96&d=mm&r=g\",\"url\":\"https:\\\/\\\/secure.gravatar.com\\\/avatar\\\/18b646e6575a46729bc25d1c374d5965acb9854728a2929ada390e85905160db?s=96&d=mm&r=g\",\"contentUrl\":\"https:\\\/\\\/secure.gravatar.com\\\/avatar\\\/18b646e6575a46729bc25d1c374d5965acb9854728a2929ada390e85905160db?s=96&d=mm&r=g\",\"caption\":\"Ayuda a la Iglesia Necesitada\"},\"description\":\"Ayuda a la Iglesia Necesitada (ACN) es la Fundaci\u00f3n Pontificia que apoya a la Iglesia cat\u00f3lica en su labor evangelizadora en las comunidades m\u00e1s necesitadas, discriminadas y perseguidas del mundo. Cada a\u00f1o, ACN financia m\u00e1s de 5.000 proyectos pastorales y de emergencia humanitaria en m\u00e1s de 130 pa\u00edses. Cuenta con m\u00e1s de 20 oficinas en el mundo (en Espa\u00f1a desde 1965), dedicadas a informar sobre la realidad de estos cristianos; al fomento de la oraci\u00f3n, y a la recaudaci\u00f3n de fondos para la cobertura de proyectos. El 100% de los proyectos que desarrolla ACN se sostienen gracias a los donativos de personas f\u00edsicas u organizaciones que valoran la labor de la Iglesia en el mundo. La Fundaci\u00f3n no recibe subvenciones de organismos p\u00fablicos.\",\"sameAs\":[\"https:\\\/\\\/www.facebook.com\\\/ayudaalaiglesianecesitada\\\/?ref=ts\",\"https:\\\/\\\/www.instagram.com\\\/ayudaiglesianecesitada\\\/\",\"https:\\\/\\\/x.com\\\/https:\\\/\\\/x.com\\\/AyudaIglesNeces\",\"https:\\\/\\\/www.youtube.com\\\/user\\\/AINorg\"],\"url\":\"https:\\\/\\\/exaudi.org\\\/es\\\/author\\\/ayudaalaiglesianecesitada\\\/\"}]}<\/script>\n<!-- \/ Yoast SEO plugin. -->","yoast_head_json":{"title":"Arzobispo Shevchuk: \u201cUcrania espera la visita del Papa\u201d &#8211; Exaudi","description":"Ucrania espera la visita del Papa, dice el arzobispo Shevchuk, primado de la Iglesia greco-cat\u00f3lica ucraniana a Ayuda a la Iglesia Necesitada","robots":{"index":"index","follow":"follow","max-snippet":"max-snippet:-1","max-image-preview":"max-image-preview:large","max-video-preview":"max-video-preview:-1"},"canonical":"https:\/\/exaudi.org\/es\/arzobispo-shevchuk-ucrania-espera-la-visita-del-papa\/","og_locale":"es_ES","og_type":"article","og_title":"Arzobispo Shevchuk: \u201cUcrania espera la visita del Papa\u201d &#8211; Exaudi","og_description":"Ucrania espera la visita del Papa, dice el arzobispo Shevchuk, primado de la Iglesia greco-cat\u00f3lica ucraniana a Ayuda a la Iglesia Necesitada","og_url":"https:\/\/exaudi.org\/es\/arzobispo-shevchuk-ucrania-espera-la-visita-del-papa\/","og_site_name":"Exaudi","article_publisher":"https:\/\/www.facebook.com\/ExaudiNews","article_author":"https:\/\/www.facebook.com\/ayudaalaiglesianecesitada\/?ref=ts","article_published_time":"2021-05-04T10:10:02+00:00","article_modified_time":"2022-01-03T15:54:38+00:00","og_image":[{"width":2560,"height":1706,"url":"https:\/\/exaudi.org\/wp-content\/uploads\/2021\/05\/Arzobispo-Sviatoslav-Shevchuk-Ayuda-a-la-Iglesia-Necesitada-scaled.jpeg","type":"image\/jpeg"}],"author":"Ayuda a la Iglesia Necesitada","twitter_card":"summary_large_image","twitter_creator":"@https:\/\/x.com\/AyudaIglesNeces","twitter_site":"@Exaudi_News","twitter_misc":{"Escrito por":"Ayuda a la Iglesia Necesitada","Tiempo de lectura":"4 minutos"},"schema":{"@context":"https:\/\/schema.org","@graph":[{"@type":"Article","@id":"https:\/\/exaudi.org\/es\/arzobispo-shevchuk-ucrania-espera-la-visita-del-papa\/#article","isPartOf":{"@id":"https:\/\/exaudi.org\/es\/arzobispo-shevchuk-ucrania-espera-la-visita-del-papa\/"},"author":{"name":"Ayuda a la Iglesia Necesitada","@id":"https:\/\/exaudi.org\/#\/schema\/person\/d4906ab3b6c174ffe37d722c51c73317"},"headline":"Arzobispo Shevchuk: \u201cUcrania espera la visita del Papa\u201d","datePublished":"2021-05-04T10:10:02+00:00","dateModified":"2022-01-03T15:54:38+00:00","mainEntityOfPage":{"@id":"https:\/\/exaudi.org\/es\/arzobispo-shevchuk-ucrania-espera-la-visita-del-papa\/"},"wordCount":948,"image":{"@id":"https:\/\/exaudi.org\/es\/arzobispo-shevchuk-ucrania-espera-la-visita-del-papa\/#primaryimage"},"thumbnailUrl":"https:\/\/exaudi.org\/wp-content\/uploads\/2021\/05\/Arzobispo-Sviatoslav-Shevchuk-Ayuda-a-la-Iglesia-Necesitada-scaled.jpeg","keywords":["Arzobispo Shevchuk","papa francisco","Ucrania"],"articleSection":["Iglesia Local","Justicia y Paz","\u00daltimas noticias"],"inLanguage":"es"},{"@type":"WebPage","@id":"https:\/\/exaudi.org\/es\/arzobispo-shevchuk-ucrania-espera-la-visita-del-papa\/","url":"https:\/\/exaudi.org\/es\/arzobispo-shevchuk-ucrania-espera-la-visita-del-papa\/","name":"Arzobispo Shevchuk: \u201cUcrania espera la visita del Papa\u201d &#8211; Exaudi","isPartOf":{"@id":"https:\/\/exaudi.org\/#website"},"primaryImageOfPage":{"@id":"https:\/\/exaudi.org\/es\/arzobispo-shevchuk-ucrania-espera-la-visita-del-papa\/#primaryimage"},"image":{"@id":"https:\/\/exaudi.org\/es\/arzobispo-shevchuk-ucrania-espera-la-visita-del-papa\/#primaryimage"},"thumbnailUrl":"https:\/\/exaudi.org\/wp-content\/uploads\/2021\/05\/Arzobispo-Sviatoslav-Shevchuk-Ayuda-a-la-Iglesia-Necesitada-scaled.jpeg","datePublished":"2021-05-04T10:10:02+00:00","dateModified":"2022-01-03T15:54:38+00:00","author":{"@id":"https:\/\/exaudi.org\/#\/schema\/person\/d4906ab3b6c174ffe37d722c51c73317"},"description":"Ucrania espera la visita del Papa, dice el arzobispo Shevchuk, primado de la Iglesia greco-cat\u00f3lica ucraniana a Ayuda a la Iglesia Necesitada","breadcrumb":{"@id":"https:\/\/exaudi.org\/es\/arzobispo-shevchuk-ucrania-espera-la-visita-del-papa\/#breadcrumb"},"inLanguage":"es","potentialAction":[{"@type":"ReadAction","target":["https:\/\/exaudi.org\/es\/arzobispo-shevchuk-ucrania-espera-la-visita-del-papa\/"]}]},{"@type":"ImageObject","inLanguage":"es","@id":"https:\/\/exaudi.org\/es\/arzobispo-shevchuk-ucrania-espera-la-visita-del-papa\/#primaryimage","url":"https:\/\/exaudi.org\/wp-content\/uploads\/2021\/05\/Arzobispo-Sviatoslav-Shevchuk-Ayuda-a-la-Iglesia-Necesitada-scaled.jpeg","contentUrl":"https:\/\/exaudi.org\/wp-content\/uploads\/2021\/05\/Arzobispo-Sviatoslav-Shevchuk-Ayuda-a-la-Iglesia-Necesitada-scaled.jpeg","width":2560,"height":1706,"caption":"Arzobispo Sviatoslav Shevchuk \u00a9 Ayuda a la Iglesia Necesitada"},{"@type":"BreadcrumbList","@id":"https:\/\/exaudi.org\/es\/arzobispo-shevchuk-ucrania-espera-la-visita-del-papa\/#breadcrumb","itemListElement":[{"@type":"ListItem","position":1,"name":"Portada","item":"https:\/\/exaudi.org\/es\/"},{"@type":"ListItem","position":2,"name":"Arzobispo Shevchuk: \u201cUcrania espera la visita del Papa\u201d"}]},{"@type":"WebSite","@id":"https:\/\/exaudi.org\/#website","url":"https:\/\/exaudi.org\/","name":"Exaudi","description":"News","potentialAction":[{"@type":"SearchAction","target":{"@type":"EntryPoint","urlTemplate":"https:\/\/exaudi.org\/?s={search_term_string}"},"query-input":{"@type":"PropertyValueSpecification","valueRequired":true,"valueName":"search_term_string"}}],"inLanguage":"es"},{"@type":"Person","@id":"https:\/\/exaudi.org\/#\/schema\/person\/d4906ab3b6c174ffe37d722c51c73317","name":"Ayuda a la Iglesia Necesitada","image":{"@type":"ImageObject","inLanguage":"es","@id":"https:\/\/secure.gravatar.com\/avatar\/18b646e6575a46729bc25d1c374d5965acb9854728a2929ada390e85905160db?s=96&d=mm&r=g","url":"https:\/\/secure.gravatar.com\/avatar\/18b646e6575a46729bc25d1c374d5965acb9854728a2929ada390e85905160db?s=96&d=mm&r=g","contentUrl":"https:\/\/secure.gravatar.com\/avatar\/18b646e6575a46729bc25d1c374d5965acb9854728a2929ada390e85905160db?s=96&d=mm&r=g","caption":"Ayuda a la Iglesia Necesitada"},"description":"Ayuda a la Iglesia Necesitada (ACN) es la Fundaci\u00f3n Pontificia que apoya a la Iglesia cat\u00f3lica en su labor evangelizadora en las comunidades m\u00e1s necesitadas, discriminadas y perseguidas del mundo. Cada a\u00f1o, ACN financia m\u00e1s de 5.000 proyectos pastorales y de emergencia humanitaria en m\u00e1s de 130 pa\u00edses. Cuenta con m\u00e1s de 20 oficinas en el mundo (en Espa\u00f1a desde 1965), dedicadas a informar sobre la realidad de estos cristianos; al fomento de la oraci\u00f3n, y a la recaudaci\u00f3n de fondos para la cobertura de proyectos. El 100% de los proyectos que desarrolla ACN se sostienen gracias a los donativos de personas f\u00edsicas u organizaciones que valoran la labor de la Iglesia en el mundo. La Fundaci\u00f3n no recibe subvenciones de organismos p\u00fablicos.","sameAs":["https:\/\/www.facebook.com\/ayudaalaiglesianecesitada\/?ref=ts","https:\/\/www.instagram.com\/ayudaiglesianecesitada\/","https:\/\/x.com\/https:\/\/x.com\/AyudaIglesNeces","https:\/\/www.youtube.com\/user\/AINorg"],"url":"https:\/\/exaudi.org\/es\/author\/ayudaalaiglesianecesitada\/"}]}},"jetpack_featured_media_url":"https:\/\/exaudi.org\/wp-content\/uploads\/2021\/05\/Arzobispo-Sviatoslav-Shevchuk-Ayuda-a-la-Iglesia-Necesitada-scaled.jpeg","jetpack_shortlink":"https:\/\/wp.me\/pgKjF2-3SM","_links":{"self":[{"href":"https:\/\/exaudi.org\/es\/wp-json\/wp\/v2\/posts\/14928","targetHints":{"allow":["GET"]}}],"collection":[{"href":"https:\/\/exaudi.org\/es\/wp-json\/wp\/v2\/posts"}],"about":[{"href":"https:\/\/exaudi.org\/es\/wp-json\/wp\/v2\/types\/post"}],"author":[{"embeddable":true,"href":"https:\/\/exaudi.org\/es\/wp-json\/wp\/v2\/users\/89"}],"replies":[{"embeddable":true,"href":"https:\/\/exaudi.org\/es\/wp-json\/wp\/v2\/comments?post=14928"}],"version-history":[{"count":0,"href":"https:\/\/exaudi.org\/es\/wp-json\/wp\/v2\/posts\/14928\/revisions"}],"wp:featuredmedia":[{"embeddable":true,"href":"https:\/\/exaudi.org\/es\/wp-json\/wp\/v2\/media\/14934"}],"wp:attachment":[{"href":"https:\/\/exaudi.org\/es\/wp-json\/wp\/v2\/media?parent=14928"}],"wp:term":[{"taxonomy":"category","embeddable":true,"href":"https:\/\/exaudi.org\/es\/wp-json\/wp\/v2\/categories?post=14928"},{"taxonomy":"post_tag","embeddable":true,"href":"https:\/\/exaudi.org\/es\/wp-json\/wp\/v2\/tags?post=14928"}],"curies":[{"name":"wp","href":"https:\/\/api.w.org\/{rel}","templated":true}]}}