{"id":149269,"date":"2025-12-06T09:43:21","date_gmt":"2025-12-06T08:43:21","guid":{"rendered":"https:\/\/exaudi.org\/?p=149269"},"modified":"2025-12-06T09:43:21","modified_gmt":"2025-12-06T08:43:21","slug":"convertios-porque-esta-cerca-el-reino-de-los-cielos-comentario-del-p-jorge-miro-2","status":"publish","type":"post","link":"https:\/\/exaudi.org\/es\/convertios-porque-esta-cerca-el-reino-de-los-cielos-comentario-del-p-jorge-miro-2\/","title":{"rendered":"Convert\u00edos, porque est\u00e1 cerca el reino de los cielos: Comentario del P. Jorge Mir\u00f3"},"content":{"rendered":"<p><span dir=\"auto\">El P. Jorge Mir\u00f3 comparte con los lectores de Exaudi su comentario al\u00a0<a href=\"https:\/\/www.dominicos.org\/predicacion\/homilia\/7-12-2025\/lecturas\/\" target=\"_blank\" rel=\"noopener\">Evangelio del domingo 7 de diciembre de 2025<\/a>\u00a0<\/span><span dir=\"auto\">titulado, \u201cConvert\u00edos, porque est\u00e1 cerca el reino de los cielos<\/span><span dir=\"auto\">\u201d.<\/span><\/p>\n<p>***<\/p>\n<p>La <strong>Palabra de Dios<\/strong> que proclamamos este segundo Domingo de Adviento es una <strong>invitaci\u00f3n seria y profunda a la <em>conversi\u00f3n<\/em><\/strong>.<\/p>\n<p>La <strong>Buena Noticia de Jesucristo<\/strong>, el Hijo de Dios, <strong>comienza con esta llamada <\/strong>de san Juan Bautista: <strong><em>\u00a1Preparad el camino al Se\u00f1or, allanad sus senderos! <\/em><\/strong>Jes\u00fas llama a la conversi\u00f3n.<\/p>\n<p>Una gran <strong>tentaci\u00f3n<\/strong> en la que puedes caer es <strong>pensar que ya est\u00e1s convertido<\/strong>, que no necesitas la conversi\u00f3n, que ya eres bastante bueno y <em>que<\/em>, por tanto, <em>no hay nada que cambiar en tu vida;<\/em> o, por el contrario, pensar que tu vida no tiene remedio, <em>que no vale la pena luchar porque no puedes cambiar tu vida. <\/em>O tambi\u00e9n quedarte en una conversi\u00f3n meramente moralista: fijarse \u00fanicamente en cuatro detalles, pero no ir al fondo de la cuesti\u00f3n: <strong>\u00bfqui\u00e9n es el Se\u00f1or de tu vida?<\/strong><\/p>\n<p>Por ello, el Evangelio de hoy te advierte con seriedad que <strong>ha llegado la hora de la conversi\u00f3n<\/strong>, que para preparar la venida del Se\u00f1or <strong>hay que estar siempre en actitud de conversi\u00f3n<\/strong>.<\/p>\n<p>Dios quiere que todos los hombres se salven y lleguen al conocimiento de la verdad. Dios te ama m\u00e1s que nadie. <strong>Cristo viene a salvarte a ti.<\/strong> Para ello <strong>quiere tu colaboraci\u00f3n y una actitud fundamental:<\/strong> la <strong>conversi\u00f3n,<\/strong> que es la <strong>vuelta <em>sincera<\/em> y <em>total<\/em> a Dios<\/strong>. Esto significa dejar tu vida en sus manos y orientarla seg\u00fan el Evangelio; aceptar ser guiado por \u00c9l y fiarte de su amor.<\/p>\n<p><strong>Preparar el camino al Se\u00f1or significa estar siempre en <em>actitud de conversi\u00f3n<\/em><\/strong>. Significa superar la <em>soberbia<\/em> de los que creen que todo lo hacen bien y la <em>hipocres\u00eda<\/em> de los que se dedican \u00fanicamente a criticar los fallos de los dem\u00e1s sin fijarse en los suyos.<\/p>\n<p><strong><em>Convertirse<\/em><\/strong> significa <em>cambiar tu forma de pensar para cambiar tu forma de vivir.<\/em> Es decir, <strong>acoger la Palabra de Dios para que <\/strong><strong>cambie tu coraz\u00f3n<\/strong>, y as\u00ed puedas tener los mismos sentimientos y actitudes que tuvo Jes\u00fas.<\/p>\n<p><strong><em>Convertirse<\/em><\/strong> significa rechazar el estilo de vida del mundo para <strong>tener el estilo de vida de Jes\u00fas. <\/strong><\/p>\n<p><strong><em>Convertirse<\/em><\/strong> significa que el Evangelio ha de transformar <em>toda<\/em> tu vida, que has de ser cristiano en todo, que <strong>no puede haber ning\u00fan rinc\u00f3n de tu vida cerrado a la Palabra de Dios. <\/strong><\/p>\n<p><strong><em>Convertirse<\/em><\/strong> significa aceptar a <strong>Jesucristo como el \u00fanico Maestro y el \u00fanico Se\u00f1or <\/strong>de tu vida.<\/p>\n<p><strong><em>Convertirse <\/em><\/strong><em>significa que has de <strong>tomar en serio la vida cristiana.<\/strong><\/em> No confiarte en que est\u00e1s bautizado o en que vas a Misa todos los domingos, o en que apareces por la parroquia. \u00a1Es necesario, pero no es suficiente! Has de <strong>vivir conforme a la Palabra de Dios, y tratar de ser fiel a Jesucristo<\/strong> <strong>y a la Iglesia<\/strong>, y dar frutos de misericordia y caridad.<\/p>\n<p><strong><em>Convertirse y preparar el camino al Se\u00f1or <\/em><\/strong>significa que has de esforzarte, de luchar por ser cristiano, que, al igual que el atleta tiene que entrenarse, esforzarse y luchar para conquistar la medalla, t\u00fa tambi\u00e9n has de <strong>esforzarte y trabajar en serio <\/strong>si quieres alcanzar la vida eterna. Este esfuerzo de conversi\u00f3n no es s\u00f3lo una obra humana.<\/p>\n<p><strong>La conversi\u00f3n es primeramente una obra de la gracia de Dios <\/strong>que hace volver a \u00e9l nuestros corazones. Dios es quien nos da la fuerza para comenzar de nuevo. Al descubrir la grandeza del amor de Dios, nuestro coraz\u00f3n se estremece ante nuestros pecados. Es el movimiento del \u00abcoraz\u00f3n arrepentido\u00bb, atra\u00eddo y movido por la gracia a responder al amor misericordioso de Dios que te ha amado primero.<\/p>\n<p><strong><em>Convertirse<\/em><\/strong><em> significa que has de vivir en la paciencia y el amor,<\/em> es decir: <strong>vivir la cruz de cada d\u00eda<\/strong> con fortaleza y amor, apoyado en la Palabra de Dios que renueva el mundo y transforma tu coraz\u00f3n si te dejas llenar por ella<\/p>\n<p>\u00a1Ven, Se\u00f1or Jes\u00fas!<\/p>\n","protected":false},"excerpt":{"rendered":"<p>Domingo, 7 de diciembre de 2025<\/p>\n","protected":false},"author":20,"featured_media":149271,"comment_status":"closed","ping_status":"closed","sticky":false,"template":"","format":"standard","meta":{"_acf_changed":false,"_crdt_document":"","inline_featured_image":false,"footnotes":""},"categories":[96,74],"tags":[84679,1087,1372,6281,58880],"class_list":["post-149269","post","type-post","status-publish","format-standard","has-post-thumbnail","hentry","category-espiritualidad","category-iglesia-y-mundo","tag-2o-domingo-de-adviento","tag-comentario","tag-evangelio","tag-jorge-miro","tag-trending-es-151"],"acf":[],"yoast_head":"<!-- This site is optimized with the Yoast SEO plugin v27.5 - https:\/\/yoast.com\/product\/yoast-seo-wordpress\/ -->\n<title>Convert\u00edos, porque est\u00e1 cerca el reino de los cielos: Comentario del P. Jorge Mir\u00f3 &#8211; Exaudi<\/title>\n<meta name=\"robots\" content=\"index, follow, max-snippet:-1, max-image-preview:large, max-video-preview:-1\" \/>\n<link rel=\"canonical\" href=\"https:\/\/exaudi.org\/es\/convertios-porque-esta-cerca-el-reino-de-los-cielos-comentario-del-p-jorge-miro-2\/\" \/>\n<meta property=\"og:locale\" content=\"es_ES\" \/>\n<meta property=\"og:type\" content=\"article\" \/>\n<meta property=\"og:title\" content=\"Convert\u00edos, porque est\u00e1 cerca el reino de los cielos: Comentario del P. Jorge Mir\u00f3 &#8211; Exaudi\" \/>\n<meta property=\"og:description\" content=\"Domingo, 7 de diciembre de 2025\" \/>\n<meta property=\"og:url\" content=\"https:\/\/exaudi.org\/es\/convertios-porque-esta-cerca-el-reino-de-los-cielos-comentario-del-p-jorge-miro-2\/\" \/>\n<meta property=\"og:site_name\" content=\"Exaudi\" \/>\n<meta property=\"article:publisher\" content=\"https:\/\/www.facebook.com\/ExaudiNews\" \/>\n<meta property=\"article:published_time\" content=\"2025-12-06T08:43:21+00:00\" \/>\n<meta name=\"author\" content=\"Jorge Mir\u00f3\" \/>\n<meta name=\"twitter:card\" content=\"summary_large_image\" \/>\n<meta name=\"twitter:creator\" content=\"@Exaudi_News\" \/>\n<meta name=\"twitter:site\" content=\"@Exaudi_News\" \/>\n<meta name=\"twitter:label1\" content=\"Escrito por\" \/>\n\t<meta name=\"twitter:data1\" content=\"Jorge Mir\u00f3\" \/>\n\t<meta name=\"twitter:label2\" content=\"Tiempo de lectura\" \/>\n\t<meta name=\"twitter:data2\" content=\"4 minutos\" \/>\n<script type=\"application\/ld+json\" class=\"yoast-schema-graph\">{\"@context\":\"https:\\\/\\\/schema.org\",\"@graph\":[{\"@type\":\"Article\",\"@id\":\"https:\\\/\\\/exaudi.org\\\/es\\\/convertios-porque-esta-cerca-el-reino-de-los-cielos-comentario-del-p-jorge-miro-2\\\/#article\",\"isPartOf\":{\"@id\":\"https:\\\/\\\/exaudi.org\\\/es\\\/convertios-porque-esta-cerca-el-reino-de-los-cielos-comentario-del-p-jorge-miro-2\\\/\"},\"author\":{\"name\":\"Jorge Mir\u00f3\",\"@id\":\"https:\\\/\\\/exaudi.org\\\/#\\\/schema\\\/person\\\/a258c56b05e63b2b367bdca29e0ed3e3\"},\"headline\":\"Convert\u00edos, porque est\u00e1 cerca el reino de los cielos: Comentario del P. Jorge Mir\u00f3\",\"datePublished\":\"2025-12-06T08:43:21+00:00\",\"mainEntityOfPage\":{\"@id\":\"https:\\\/\\\/exaudi.org\\\/es\\\/convertios-porque-esta-cerca-el-reino-de-los-cielos-comentario-del-p-jorge-miro-2\\\/\"},\"wordCount\":716,\"image\":{\"@id\":\"https:\\\/\\\/exaudi.org\\\/es\\\/convertios-porque-esta-cerca-el-reino-de-los-cielos-comentario-del-p-jorge-miro-2\\\/#primaryimage\"},\"thumbnailUrl\":\"https:\\\/\\\/exaudi.org\\\/wp-content\\\/uploads\\\/2025\\\/12\\\/christmas-wallpaper-3612508_1280.jpg\",\"keywords\":[\"2\u00ba Domingo de Adviento\",\"Comentario\",\"Evangelio\",\"Jorge Mir\u00f3\",\"Trending\"],\"articleSection\":[\"Espiritualidad\",\"Iglesia y Mundo\"],\"inLanguage\":\"es\"},{\"@type\":\"WebPage\",\"@id\":\"https:\\\/\\\/exaudi.org\\\/es\\\/convertios-porque-esta-cerca-el-reino-de-los-cielos-comentario-del-p-jorge-miro-2\\\/\",\"url\":\"https:\\\/\\\/exaudi.org\\\/es\\\/convertios-porque-esta-cerca-el-reino-de-los-cielos-comentario-del-p-jorge-miro-2\\\/\",\"name\":\"Convert\u00edos, porque est\u00e1 cerca el reino de los cielos: Comentario del P. Jorge Mir\u00f3 &#8211; Exaudi\",\"isPartOf\":{\"@id\":\"https:\\\/\\\/exaudi.org\\\/#website\"},\"primaryImageOfPage\":{\"@id\":\"https:\\\/\\\/exaudi.org\\\/es\\\/convertios-porque-esta-cerca-el-reino-de-los-cielos-comentario-del-p-jorge-miro-2\\\/#primaryimage\"},\"image\":{\"@id\":\"https:\\\/\\\/exaudi.org\\\/es\\\/convertios-porque-esta-cerca-el-reino-de-los-cielos-comentario-del-p-jorge-miro-2\\\/#primaryimage\"},\"thumbnailUrl\":\"https:\\\/\\\/exaudi.org\\\/wp-content\\\/uploads\\\/2025\\\/12\\\/christmas-wallpaper-3612508_1280.jpg\",\"datePublished\":\"2025-12-06T08:43:21+00:00\",\"author\":{\"@id\":\"https:\\\/\\\/exaudi.org\\\/#\\\/schema\\\/person\\\/a258c56b05e63b2b367bdca29e0ed3e3\"},\"breadcrumb\":{\"@id\":\"https:\\\/\\\/exaudi.org\\\/es\\\/convertios-porque-esta-cerca-el-reino-de-los-cielos-comentario-del-p-jorge-miro-2\\\/#breadcrumb\"},\"inLanguage\":\"es\",\"potentialAction\":[{\"@type\":\"ReadAction\",\"target\":[\"https:\\\/\\\/exaudi.org\\\/es\\\/convertios-porque-esta-cerca-el-reino-de-los-cielos-comentario-del-p-jorge-miro-2\\\/\"]}]},{\"@type\":\"ImageObject\",\"inLanguage\":\"es\",\"@id\":\"https:\\\/\\\/exaudi.org\\\/es\\\/convertios-porque-esta-cerca-el-reino-de-los-cielos-comentario-del-p-jorge-miro-2\\\/#primaryimage\",\"url\":\"https:\\\/\\\/exaudi.org\\\/wp-content\\\/uploads\\\/2025\\\/12\\\/christmas-wallpaper-3612508_1280.jpg\",\"contentUrl\":\"https:\\\/\\\/exaudi.org\\\/wp-content\\\/uploads\\\/2025\\\/12\\\/christmas-wallpaper-3612508_1280.jpg\",\"width\":1280,\"height\":731},{\"@type\":\"BreadcrumbList\",\"@id\":\"https:\\\/\\\/exaudi.org\\\/es\\\/convertios-porque-esta-cerca-el-reino-de-los-cielos-comentario-del-p-jorge-miro-2\\\/#breadcrumb\",\"itemListElement\":[{\"@type\":\"ListItem\",\"position\":1,\"name\":\"Portada\",\"item\":\"https:\\\/\\\/exaudi.org\\\/es\\\/\"},{\"@type\":\"ListItem\",\"position\":2,\"name\":\"Convert\u00edos, porque est\u00e1 cerca el reino de los cielos: Comentario del P. Jorge Mir\u00f3\"}]},{\"@type\":\"WebSite\",\"@id\":\"https:\\\/\\\/exaudi.org\\\/#website\",\"url\":\"https:\\\/\\\/exaudi.org\\\/\",\"name\":\"Exaudi\",\"description\":\"News\",\"potentialAction\":[{\"@type\":\"SearchAction\",\"target\":{\"@type\":\"EntryPoint\",\"urlTemplate\":\"https:\\\/\\\/exaudi.org\\\/?s={search_term_string}\"},\"query-input\":{\"@type\":\"PropertyValueSpecification\",\"valueRequired\":true,\"valueName\":\"search_term_string\"}}],\"inLanguage\":\"es\"},{\"@type\":\"Person\",\"@id\":\"https:\\\/\\\/exaudi.org\\\/#\\\/schema\\\/person\\\/a258c56b05e63b2b367bdca29e0ed3e3\",\"name\":\"Jorge Mir\u00f3\",\"image\":{\"@type\":\"ImageObject\",\"inLanguage\":\"es\",\"@id\":\"https:\\\/\\\/secure.gravatar.com\\\/avatar\\\/f5ea26c436669b01b7b02124bf13596df002525d6f392707d301543be365bd44?s=96&d=mm&r=g\",\"url\":\"https:\\\/\\\/secure.gravatar.com\\\/avatar\\\/f5ea26c436669b01b7b02124bf13596df002525d6f392707d301543be365bd44?s=96&d=mm&r=g\",\"contentUrl\":\"https:\\\/\\\/secure.gravatar.com\\\/avatar\\\/f5ea26c436669b01b7b02124bf13596df002525d6f392707d301543be365bd44?s=96&d=mm&r=g\",\"caption\":\"Jorge Mir\u00f3\"},\"description\":\"Sacerdote de la archidi\u00f3cesis de Valencia y profesor en la Facultad de Ciencias Jur\u00eddicas, Econ\u00f3micas y Sociales de la Universidad Cat\u00f3lica de Valencia\",\"url\":\"https:\\\/\\\/exaudi.org\\\/es\\\/author\\\/jorgemiro\\\/\"}]}<\/script>\n<!-- \/ Yoast SEO plugin. -->","yoast_head_json":{"title":"Convert\u00edos, porque est\u00e1 cerca el reino de los cielos: Comentario del P. Jorge Mir\u00f3 &#8211; Exaudi","robots":{"index":"index","follow":"follow","max-snippet":"max-snippet:-1","max-image-preview":"max-image-preview:large","max-video-preview":"max-video-preview:-1"},"canonical":"https:\/\/exaudi.org\/es\/convertios-porque-esta-cerca-el-reino-de-los-cielos-comentario-del-p-jorge-miro-2\/","og_locale":"es_ES","og_type":"article","og_title":"Convert\u00edos, porque est\u00e1 cerca el reino de los cielos: Comentario del P. Jorge Mir\u00f3 &#8211; Exaudi","og_description":"Domingo, 7 de diciembre de 2025","og_url":"https:\/\/exaudi.org\/es\/convertios-porque-esta-cerca-el-reino-de-los-cielos-comentario-del-p-jorge-miro-2\/","og_site_name":"Exaudi","article_publisher":"https:\/\/www.facebook.com\/ExaudiNews","article_published_time":"2025-12-06T08:43:21+00:00","author":"Jorge Mir\u00f3","twitter_card":"summary_large_image","twitter_creator":"@Exaudi_News","twitter_site":"@Exaudi_News","twitter_misc":{"Escrito por":"Jorge Mir\u00f3","Tiempo de lectura":"4 minutos"},"schema":{"@context":"https:\/\/schema.org","@graph":[{"@type":"Article","@id":"https:\/\/exaudi.org\/es\/convertios-porque-esta-cerca-el-reino-de-los-cielos-comentario-del-p-jorge-miro-2\/#article","isPartOf":{"@id":"https:\/\/exaudi.org\/es\/convertios-porque-esta-cerca-el-reino-de-los-cielos-comentario-del-p-jorge-miro-2\/"},"author":{"name":"Jorge Mir\u00f3","@id":"https:\/\/exaudi.org\/#\/schema\/person\/a258c56b05e63b2b367bdca29e0ed3e3"},"headline":"Convert\u00edos, porque est\u00e1 cerca el reino de los cielos: Comentario del P. Jorge Mir\u00f3","datePublished":"2025-12-06T08:43:21+00:00","mainEntityOfPage":{"@id":"https:\/\/exaudi.org\/es\/convertios-porque-esta-cerca-el-reino-de-los-cielos-comentario-del-p-jorge-miro-2\/"},"wordCount":716,"image":{"@id":"https:\/\/exaudi.org\/es\/convertios-porque-esta-cerca-el-reino-de-los-cielos-comentario-del-p-jorge-miro-2\/#primaryimage"},"thumbnailUrl":"https:\/\/exaudi.org\/wp-content\/uploads\/2025\/12\/christmas-wallpaper-3612508_1280.jpg","keywords":["2\u00ba Domingo de Adviento","Comentario","Evangelio","Jorge Mir\u00f3","Trending"],"articleSection":["Espiritualidad","Iglesia y Mundo"],"inLanguage":"es"},{"@type":"WebPage","@id":"https:\/\/exaudi.org\/es\/convertios-porque-esta-cerca-el-reino-de-los-cielos-comentario-del-p-jorge-miro-2\/","url":"https:\/\/exaudi.org\/es\/convertios-porque-esta-cerca-el-reino-de-los-cielos-comentario-del-p-jorge-miro-2\/","name":"Convert\u00edos, porque est\u00e1 cerca el reino de los cielos: Comentario del P. Jorge Mir\u00f3 &#8211; Exaudi","isPartOf":{"@id":"https:\/\/exaudi.org\/#website"},"primaryImageOfPage":{"@id":"https:\/\/exaudi.org\/es\/convertios-porque-esta-cerca-el-reino-de-los-cielos-comentario-del-p-jorge-miro-2\/#primaryimage"},"image":{"@id":"https:\/\/exaudi.org\/es\/convertios-porque-esta-cerca-el-reino-de-los-cielos-comentario-del-p-jorge-miro-2\/#primaryimage"},"thumbnailUrl":"https:\/\/exaudi.org\/wp-content\/uploads\/2025\/12\/christmas-wallpaper-3612508_1280.jpg","datePublished":"2025-12-06T08:43:21+00:00","author":{"@id":"https:\/\/exaudi.org\/#\/schema\/person\/a258c56b05e63b2b367bdca29e0ed3e3"},"breadcrumb":{"@id":"https:\/\/exaudi.org\/es\/convertios-porque-esta-cerca-el-reino-de-los-cielos-comentario-del-p-jorge-miro-2\/#breadcrumb"},"inLanguage":"es","potentialAction":[{"@type":"ReadAction","target":["https:\/\/exaudi.org\/es\/convertios-porque-esta-cerca-el-reino-de-los-cielos-comentario-del-p-jorge-miro-2\/"]}]},{"@type":"ImageObject","inLanguage":"es","@id":"https:\/\/exaudi.org\/es\/convertios-porque-esta-cerca-el-reino-de-los-cielos-comentario-del-p-jorge-miro-2\/#primaryimage","url":"https:\/\/exaudi.org\/wp-content\/uploads\/2025\/12\/christmas-wallpaper-3612508_1280.jpg","contentUrl":"https:\/\/exaudi.org\/wp-content\/uploads\/2025\/12\/christmas-wallpaper-3612508_1280.jpg","width":1280,"height":731},{"@type":"BreadcrumbList","@id":"https:\/\/exaudi.org\/es\/convertios-porque-esta-cerca-el-reino-de-los-cielos-comentario-del-p-jorge-miro-2\/#breadcrumb","itemListElement":[{"@type":"ListItem","position":1,"name":"Portada","item":"https:\/\/exaudi.org\/es\/"},{"@type":"ListItem","position":2,"name":"Convert\u00edos, porque est\u00e1 cerca el reino de los cielos: Comentario del P. Jorge Mir\u00f3"}]},{"@type":"WebSite","@id":"https:\/\/exaudi.org\/#website","url":"https:\/\/exaudi.org\/","name":"Exaudi","description":"News","potentialAction":[{"@type":"SearchAction","target":{"@type":"EntryPoint","urlTemplate":"https:\/\/exaudi.org\/?s={search_term_string}"},"query-input":{"@type":"PropertyValueSpecification","valueRequired":true,"valueName":"search_term_string"}}],"inLanguage":"es"},{"@type":"Person","@id":"https:\/\/exaudi.org\/#\/schema\/person\/a258c56b05e63b2b367bdca29e0ed3e3","name":"Jorge Mir\u00f3","image":{"@type":"ImageObject","inLanguage":"es","@id":"https:\/\/secure.gravatar.com\/avatar\/f5ea26c436669b01b7b02124bf13596df002525d6f392707d301543be365bd44?s=96&d=mm&r=g","url":"https:\/\/secure.gravatar.com\/avatar\/f5ea26c436669b01b7b02124bf13596df002525d6f392707d301543be365bd44?s=96&d=mm&r=g","contentUrl":"https:\/\/secure.gravatar.com\/avatar\/f5ea26c436669b01b7b02124bf13596df002525d6f392707d301543be365bd44?s=96&d=mm&r=g","caption":"Jorge Mir\u00f3"},"description":"Sacerdote de la archidi\u00f3cesis de Valencia y profesor en la Facultad de Ciencias Jur\u00eddicas, Econ\u00f3micas y Sociales de la Universidad Cat\u00f3lica de Valencia","url":"https:\/\/exaudi.org\/es\/author\/jorgemiro\/"}]}},"jetpack_featured_media_url":"https:\/\/exaudi.org\/wp-content\/uploads\/2025\/12\/christmas-wallpaper-3612508_1280.jpg","jetpack_shortlink":"https:\/\/wp.me\/pgKjF2-CPz","_links":{"self":[{"href":"https:\/\/exaudi.org\/es\/wp-json\/wp\/v2\/posts\/149269","targetHints":{"allow":["GET"]}}],"collection":[{"href":"https:\/\/exaudi.org\/es\/wp-json\/wp\/v2\/posts"}],"about":[{"href":"https:\/\/exaudi.org\/es\/wp-json\/wp\/v2\/types\/post"}],"author":[{"embeddable":true,"href":"https:\/\/exaudi.org\/es\/wp-json\/wp\/v2\/users\/20"}],"replies":[{"embeddable":true,"href":"https:\/\/exaudi.org\/es\/wp-json\/wp\/v2\/comments?post=149269"}],"version-history":[{"count":2,"href":"https:\/\/exaudi.org\/es\/wp-json\/wp\/v2\/posts\/149269\/revisions"}],"predecessor-version":[{"id":149274,"href":"https:\/\/exaudi.org\/es\/wp-json\/wp\/v2\/posts\/149269\/revisions\/149274"}],"wp:featuredmedia":[{"embeddable":true,"href":"https:\/\/exaudi.org\/es\/wp-json\/wp\/v2\/media\/149271"}],"wp:attachment":[{"href":"https:\/\/exaudi.org\/es\/wp-json\/wp\/v2\/media?parent=149269"}],"wp:term":[{"taxonomy":"category","embeddable":true,"href":"https:\/\/exaudi.org\/es\/wp-json\/wp\/v2\/categories?post=149269"},{"taxonomy":"post_tag","embeddable":true,"href":"https:\/\/exaudi.org\/es\/wp-json\/wp\/v2\/tags?post=149269"}],"curies":[{"name":"wp","href":"https:\/\/api.w.org\/{rel}","templated":true}]}}