{"id":14924,"date":"2021-05-04T12:16:29","date_gmt":"2021-05-04T10:16:29","guid":{"rendered":"https:\/\/exaudi.org\/?p=14924"},"modified":"2021-05-04T15:37:33","modified_gmt":"2021-05-04T13:37:33","slug":"cuba-carta-de-los-religiosos-a-las-autoridades-de-camaguey","status":"publish","type":"post","link":"https:\/\/exaudi.org\/es\/cuba-carta-de-los-religiosos-a-las-autoridades-de-camaguey\/","title":{"rendered":"Cuba: Carta de los religiosos a las autoridades de Camag\u00fcey"},"content":{"rendered":"<p>Los religiosos de Cuba hicieron llegar el pasado s\u00e1bado 1 de mayo de 2021 a las autoridades provinciales de Camag\u00fcey una carta en la que les trasladan la dram\u00e1tica situaci\u00f3n econ\u00f3mica, sanitaria y social que vive el pueblo, inform\u00f3 la <a href=\"http:\/\/www.vrencuba.org\/\" target=\"_blank\" rel=\"noopener noreferrer\">Conferencia Cubana de Religiosos y Religiosas (CONCUR)<\/a>.<\/p>\n<p>La misiva, firmada por los encargados de Asuntos Religiosos, CONCUR y el arzobispado de Camag\u00fcey, expresa que \u201ccon respeto y preocupaci\u00f3n\u201d se dirigen a las autoridades para presentarles \u201clas situaciones dolorosas que estamos viviendo como pueblo con el objetivo de solicitarles alternativas para su alivio\u201d.<\/p>\n<h4><strong>Situaci\u00f3n dolorosa<\/strong><\/h4>\n<p>Al comienzo de la carta, la organizaci\u00f3n eclesial comparte una serie de situaciones dram\u00e1ticas en el pa\u00eds: Salarios insuficientes y subida de precios, dificultad de atenci\u00f3n m\u00e9dica y medicamentos, desabastecimiento en tiendas, elevaci\u00f3n de coste de bienes de consumo b\u00e1sicos, descenso de seguimiento en la atenci\u00f3n a los m\u00e1s necesitados, alimentaci\u00f3n precaria, deterioro de viviendas, obst\u00e1culos en la comercializaci\u00f3n del producto local o falta de libertad de expresi\u00f3n.<\/p>\n<p>Partiendo de esta realidad, los religiosos explican que \u201clas personas est\u00e1n cansadas y estresadas, lo que deteriora las relaciones sociales, familiares y personales. Las conversaciones de la gente solo giran alrededor de estos temas, es su preocupaci\u00f3n principal. Sentimos que el pueblo no aguanta m\u00e1s, es una situaci\u00f3n insostenible. La poblaci\u00f3n desea alternativas factibles que encaminen al pa\u00eds hacia el desarrollo y el bienestar social\u201d.<\/p>\n<h4><strong>Responsabilidad de las autoridades<\/strong><\/h4>\n<p>Siguiendo la l\u00ednea anterior, el mensaje exhorta a las autoridades competentes a \u201casegurar que los precios de la canasta b\u00e1sica total est\u00e9n por debajo del salario m\u00ednimo y la pensi\u00f3n m\u00ednima\u201d y \u201chacer efectiva y real la liberaci\u00f3n de las fuerzas productivas del pa\u00eds, tanto estatales como no estatales. Especialmente eliminar trabas y estimular la producci\u00f3n en los cuentapropistas\u201d.<\/p>\n<p>Asimismo, piden \u201cabastecer las tiendas en CUP, como se anunci\u00f3, que es la moneda nacional en la que se realizan los pagos salariales\u201d, redefinir los precios de los servicios p\u00fablicos, hacer disponible las medicinas para la poblaci\u00f3n y \u201chacer efectiva la asistencia social a trav\u00e9s de la optimizaci\u00f3n de la labor de los trabajadores sociales y las instancias involucradas\u201d.<\/p>\n<p>Por \u00faltimo, llaman al poder a \u201cbuscar los medios para abastecer al pa\u00eds con materiales de construcci\u00f3n para solventar los subsidios otorgados, la asignaci\u00f3n de materiales a precios favorables y la venta de manera liberada\u201d y abrir la posibilidad de que \u201clas personas opinen, den sugerencias, expresen libremente lo que piensan, sienten y desean en diversos grupos convocados por los mismos ciudadanos-as, garantizando el respeto a su integridad y dignidad humana independientemente de sus ideas\u201d.<\/p>\n","protected":false},"excerpt":{"rendered":"<p>Dram\u00e1tica situaci\u00f3n y necesidad de soluciones<\/p>\n","protected":false},"author":6,"featured_media":14942,"comment_status":"closed","ping_status":"closed","sticky":false,"template":"","format":"standard","meta":{"_acf_changed":false,"_crdt_document":"","inline_featured_image":false,"footnotes":""},"categories":[86,298],"tags":[2108],"class_list":["post-14924","post","type-post","status-publish","format-standard","has-post-thumbnail","hentry","category-iglesia-local","category-ultimas-noticias","tag-conferencia-cubana-de-religiosos-y-religiosas-concur"],"acf":[],"yoast_head":"<!-- This site is optimized with the Yoast SEO plugin v27.5 - https:\/\/yoast.com\/product\/yoast-seo-wordpress\/ -->\n<title>Cuba: Carta de los religiosos a las autoridades de Camag\u00fcey - Exaudi<\/title>\n<meta name=\"description\" content=\"Religiosos de Cuba escribieron una carta a las autoridades de Camag\u00fcey para trasladarles la dram\u00e1tica situaci\u00f3n econ\u00f3mica, sanitaria y social.\" \/>\n<meta name=\"robots\" content=\"index, follow, max-snippet:-1, max-image-preview:large, max-video-preview:-1\" \/>\n<link rel=\"canonical\" href=\"https:\/\/exaudi.org\/es\/cuba-carta-de-los-religiosos-a-las-autoridades-de-camaguey\/\" \/>\n<meta property=\"og:locale\" content=\"es_ES\" \/>\n<meta property=\"og:type\" content=\"article\" \/>\n<meta property=\"og:title\" content=\"Cuba: Carta de los religiosos a las autoridades de Camag\u00fcey - Exaudi\" \/>\n<meta property=\"og:description\" content=\"Religiosos de Cuba escribieron una carta a las autoridades de Camag\u00fcey para trasladarles la dram\u00e1tica situaci\u00f3n econ\u00f3mica, sanitaria y social.\" \/>\n<meta property=\"og:url\" content=\"https:\/\/exaudi.org\/es\/cuba-carta-de-los-religiosos-a-las-autoridades-de-camaguey\/\" \/>\n<meta property=\"og:site_name\" content=\"Exaudi\" \/>\n<meta property=\"article:publisher\" content=\"https:\/\/www.facebook.com\/ExaudiNews\" \/>\n<meta property=\"article:published_time\" content=\"2021-05-04T10:16:29+00:00\" \/>\n<meta property=\"article:modified_time\" content=\"2021-05-04T13:37:33+00:00\" \/>\n<meta property=\"og:image\" content=\"https:\/\/exaudi.org\/wp-content\/uploads\/2021\/05\/142691358_3661954653899898_5882554009243886366_n.jpg\" \/>\n\t<meta property=\"og:image:width\" content=\"960\" \/>\n\t<meta property=\"og:image:height\" content=\"642\" \/>\n\t<meta property=\"og:image:type\" content=\"image\/jpeg\" \/>\n<meta name=\"author\" content=\"Gabriel Sales\" \/>\n<meta name=\"twitter:card\" content=\"summary_large_image\" \/>\n<meta name=\"twitter:creator\" content=\"@habemusman\" \/>\n<meta name=\"twitter:site\" content=\"@Exaudi_News\" \/>\n<meta name=\"twitter:label1\" content=\"Escrito por\" \/>\n\t<meta name=\"twitter:data1\" content=\"Gabriel Sales\" \/>\n\t<meta name=\"twitter:label2\" content=\"Tiempo de lectura\" \/>\n\t<meta name=\"twitter:data2\" content=\"2 minutos\" \/>\n<script type=\"application\/ld+json\" class=\"yoast-schema-graph\">{\"@context\":\"https:\\\/\\\/schema.org\",\"@graph\":[{\"@type\":\"Article\",\"@id\":\"https:\\\/\\\/exaudi.org\\\/es\\\/cuba-carta-de-los-religiosos-a-las-autoridades-de-camaguey\\\/#article\",\"isPartOf\":{\"@id\":\"https:\\\/\\\/exaudi.org\\\/es\\\/cuba-carta-de-los-religiosos-a-las-autoridades-de-camaguey\\\/\"},\"author\":{\"name\":\"Gabriel Sales\",\"@id\":\"https:\\\/\\\/exaudi.org\\\/#\\\/schema\\\/person\\\/d134b96438278131ce90c90c03fda6cd\"},\"headline\":\"Cuba: Carta de los religiosos a las autoridades de Camag\u00fcey\",\"datePublished\":\"2021-05-04T10:16:29+00:00\",\"dateModified\":\"2021-05-04T13:37:33+00:00\",\"mainEntityOfPage\":{\"@id\":\"https:\\\/\\\/exaudi.org\\\/es\\\/cuba-carta-de-los-religiosos-a-las-autoridades-de-camaguey\\\/\"},\"wordCount\":476,\"image\":{\"@id\":\"https:\\\/\\\/exaudi.org\\\/es\\\/cuba-carta-de-los-religiosos-a-las-autoridades-de-camaguey\\\/#primaryimage\"},\"thumbnailUrl\":\"https:\\\/\\\/exaudi.org\\\/wp-content\\\/uploads\\\/2021\\\/05\\\/142691358_3661954653899898_5882554009243886366_n.jpg\",\"keywords\":[\"Conferencia Cubana de Religiosos y Religiosas (CONCUR)\"],\"articleSection\":[\"Iglesia Local\",\"\u00daltimas noticias\"],\"inLanguage\":\"es\"},{\"@type\":\"WebPage\",\"@id\":\"https:\\\/\\\/exaudi.org\\\/es\\\/cuba-carta-de-los-religiosos-a-las-autoridades-de-camaguey\\\/\",\"url\":\"https:\\\/\\\/exaudi.org\\\/es\\\/cuba-carta-de-los-religiosos-a-las-autoridades-de-camaguey\\\/\",\"name\":\"Cuba: Carta de los religiosos a las autoridades de Camag\u00fcey - Exaudi\",\"isPartOf\":{\"@id\":\"https:\\\/\\\/exaudi.org\\\/#website\"},\"primaryImageOfPage\":{\"@id\":\"https:\\\/\\\/exaudi.org\\\/es\\\/cuba-carta-de-los-religiosos-a-las-autoridades-de-camaguey\\\/#primaryimage\"},\"image\":{\"@id\":\"https:\\\/\\\/exaudi.org\\\/es\\\/cuba-carta-de-los-religiosos-a-las-autoridades-de-camaguey\\\/#primaryimage\"},\"thumbnailUrl\":\"https:\\\/\\\/exaudi.org\\\/wp-content\\\/uploads\\\/2021\\\/05\\\/142691358_3661954653899898_5882554009243886366_n.jpg\",\"datePublished\":\"2021-05-04T10:16:29+00:00\",\"dateModified\":\"2021-05-04T13:37:33+00:00\",\"author\":{\"@id\":\"https:\\\/\\\/exaudi.org\\\/#\\\/schema\\\/person\\\/d134b96438278131ce90c90c03fda6cd\"},\"description\":\"Religiosos de Cuba escribieron una carta a las autoridades de Camag\u00fcey para trasladarles la dram\u00e1tica situaci\u00f3n econ\u00f3mica, sanitaria y social.\",\"breadcrumb\":{\"@id\":\"https:\\\/\\\/exaudi.org\\\/es\\\/cuba-carta-de-los-religiosos-a-las-autoridades-de-camaguey\\\/#breadcrumb\"},\"inLanguage\":\"es\",\"potentialAction\":[{\"@type\":\"ReadAction\",\"target\":[\"https:\\\/\\\/exaudi.org\\\/es\\\/cuba-carta-de-los-religiosos-a-las-autoridades-de-camaguey\\\/\"]}]},{\"@type\":\"ImageObject\",\"inLanguage\":\"es\",\"@id\":\"https:\\\/\\\/exaudi.org\\\/es\\\/cuba-carta-de-los-religiosos-a-las-autoridades-de-camaguey\\\/#primaryimage\",\"url\":\"https:\\\/\\\/exaudi.org\\\/wp-content\\\/uploads\\\/2021\\\/05\\\/142691358_3661954653899898_5882554009243886366_n.jpg\",\"contentUrl\":\"https:\\\/\\\/exaudi.org\\\/wp-content\\\/uploads\\\/2021\\\/05\\\/142691358_3661954653899898_5882554009243886366_n.jpg\",\"width\":960,\"height\":642,\"caption\":\"El Papa junto a las religiosas de Cuba \u00a9 CONCUR\"},{\"@type\":\"BreadcrumbList\",\"@id\":\"https:\\\/\\\/exaudi.org\\\/es\\\/cuba-carta-de-los-religiosos-a-las-autoridades-de-camaguey\\\/#breadcrumb\",\"itemListElement\":[{\"@type\":\"ListItem\",\"position\":1,\"name\":\"Portada\",\"item\":\"https:\\\/\\\/exaudi.org\\\/es\\\/\"},{\"@type\":\"ListItem\",\"position\":2,\"name\":\"Cuba: Carta de los religiosos a las autoridades de Camag\u00fcey\"}]},{\"@type\":\"WebSite\",\"@id\":\"https:\\\/\\\/exaudi.org\\\/#website\",\"url\":\"https:\\\/\\\/exaudi.org\\\/\",\"name\":\"Exaudi\",\"description\":\"News\",\"potentialAction\":[{\"@type\":\"SearchAction\",\"target\":{\"@type\":\"EntryPoint\",\"urlTemplate\":\"https:\\\/\\\/exaudi.org\\\/?s={search_term_string}\"},\"query-input\":{\"@type\":\"PropertyValueSpecification\",\"valueRequired\":true,\"valueName\":\"search_term_string\"}}],\"inLanguage\":\"es\"},{\"@type\":\"Person\",\"@id\":\"https:\\\/\\\/exaudi.org\\\/#\\\/schema\\\/person\\\/d134b96438278131ce90c90c03fda6cd\",\"name\":\"Gabriel Sales\",\"image\":{\"@type\":\"ImageObject\",\"inLanguage\":\"es\",\"@id\":\"https:\\\/\\\/secure.gravatar.com\\\/avatar\\\/9b1269566f6a063ed26ffb3532b66a373cdde231ce5d0effb266167437fdaffd?s=96&d=mm&r=g\",\"url\":\"https:\\\/\\\/secure.gravatar.com\\\/avatar\\\/9b1269566f6a063ed26ffb3532b66a373cdde231ce5d0effb266167437fdaffd?s=96&d=mm&r=g\",\"contentUrl\":\"https:\\\/\\\/secure.gravatar.com\\\/avatar\\\/9b1269566f6a063ed26ffb3532b66a373cdde231ce5d0effb266167437fdaffd?s=96&d=mm&r=g\",\"caption\":\"Gabriel Sales\"},\"description\":\"Periodista y especialista en Comunicaci\u00f3n y Branding digital. Cin\u00e9filo y cr\u00edtico de cine y series de televisi\u00f3n.\",\"sameAs\":[\"https:\\\/\\\/www.instagram.com\\\/cine90segundos\\\/\",\"www.linkedin.com\\\/in\\\/habemusman\",\"https:\\\/\\\/x.com\\\/habemusman\",\"https:\\\/\\\/www.youtube.com\\\/channel\\\/UCVfCiOMkJ_C7T7OpyjuaLDg\"],\"url\":\"https:\\\/\\\/exaudi.org\\\/es\\\/author\\\/gsalesexaudi-org\\\/\"}]}<\/script>\n<!-- \/ Yoast SEO plugin. -->","yoast_head_json":{"title":"Cuba: Carta de los religiosos a las autoridades de Camag\u00fcey - Exaudi","description":"Religiosos de Cuba escribieron una carta a las autoridades de Camag\u00fcey para trasladarles la dram\u00e1tica situaci\u00f3n econ\u00f3mica, sanitaria y social.","robots":{"index":"index","follow":"follow","max-snippet":"max-snippet:-1","max-image-preview":"max-image-preview:large","max-video-preview":"max-video-preview:-1"},"canonical":"https:\/\/exaudi.org\/es\/cuba-carta-de-los-religiosos-a-las-autoridades-de-camaguey\/","og_locale":"es_ES","og_type":"article","og_title":"Cuba: Carta de los religiosos a las autoridades de Camag\u00fcey - Exaudi","og_description":"Religiosos de Cuba escribieron una carta a las autoridades de Camag\u00fcey para trasladarles la dram\u00e1tica situaci\u00f3n econ\u00f3mica, sanitaria y social.","og_url":"https:\/\/exaudi.org\/es\/cuba-carta-de-los-religiosos-a-las-autoridades-de-camaguey\/","og_site_name":"Exaudi","article_publisher":"https:\/\/www.facebook.com\/ExaudiNews","article_published_time":"2021-05-04T10:16:29+00:00","article_modified_time":"2021-05-04T13:37:33+00:00","og_image":[{"width":960,"height":642,"url":"https:\/\/exaudi.org\/wp-content\/uploads\/2021\/05\/142691358_3661954653899898_5882554009243886366_n.jpg","type":"image\/jpeg"}],"author":"Gabriel Sales","twitter_card":"summary_large_image","twitter_creator":"@habemusman","twitter_site":"@Exaudi_News","twitter_misc":{"Escrito por":"Gabriel Sales","Tiempo de lectura":"2 minutos"},"schema":{"@context":"https:\/\/schema.org","@graph":[{"@type":"Article","@id":"https:\/\/exaudi.org\/es\/cuba-carta-de-los-religiosos-a-las-autoridades-de-camaguey\/#article","isPartOf":{"@id":"https:\/\/exaudi.org\/es\/cuba-carta-de-los-religiosos-a-las-autoridades-de-camaguey\/"},"author":{"name":"Gabriel Sales","@id":"https:\/\/exaudi.org\/#\/schema\/person\/d134b96438278131ce90c90c03fda6cd"},"headline":"Cuba: Carta de los religiosos a las autoridades de Camag\u00fcey","datePublished":"2021-05-04T10:16:29+00:00","dateModified":"2021-05-04T13:37:33+00:00","mainEntityOfPage":{"@id":"https:\/\/exaudi.org\/es\/cuba-carta-de-los-religiosos-a-las-autoridades-de-camaguey\/"},"wordCount":476,"image":{"@id":"https:\/\/exaudi.org\/es\/cuba-carta-de-los-religiosos-a-las-autoridades-de-camaguey\/#primaryimage"},"thumbnailUrl":"https:\/\/exaudi.org\/wp-content\/uploads\/2021\/05\/142691358_3661954653899898_5882554009243886366_n.jpg","keywords":["Conferencia Cubana de Religiosos y Religiosas (CONCUR)"],"articleSection":["Iglesia Local","\u00daltimas noticias"],"inLanguage":"es"},{"@type":"WebPage","@id":"https:\/\/exaudi.org\/es\/cuba-carta-de-los-religiosos-a-las-autoridades-de-camaguey\/","url":"https:\/\/exaudi.org\/es\/cuba-carta-de-los-religiosos-a-las-autoridades-de-camaguey\/","name":"Cuba: Carta de los religiosos a las autoridades de Camag\u00fcey - Exaudi","isPartOf":{"@id":"https:\/\/exaudi.org\/#website"},"primaryImageOfPage":{"@id":"https:\/\/exaudi.org\/es\/cuba-carta-de-los-religiosos-a-las-autoridades-de-camaguey\/#primaryimage"},"image":{"@id":"https:\/\/exaudi.org\/es\/cuba-carta-de-los-religiosos-a-las-autoridades-de-camaguey\/#primaryimage"},"thumbnailUrl":"https:\/\/exaudi.org\/wp-content\/uploads\/2021\/05\/142691358_3661954653899898_5882554009243886366_n.jpg","datePublished":"2021-05-04T10:16:29+00:00","dateModified":"2021-05-04T13:37:33+00:00","author":{"@id":"https:\/\/exaudi.org\/#\/schema\/person\/d134b96438278131ce90c90c03fda6cd"},"description":"Religiosos de Cuba escribieron una carta a las autoridades de Camag\u00fcey para trasladarles la dram\u00e1tica situaci\u00f3n econ\u00f3mica, sanitaria y social.","breadcrumb":{"@id":"https:\/\/exaudi.org\/es\/cuba-carta-de-los-religiosos-a-las-autoridades-de-camaguey\/#breadcrumb"},"inLanguage":"es","potentialAction":[{"@type":"ReadAction","target":["https:\/\/exaudi.org\/es\/cuba-carta-de-los-religiosos-a-las-autoridades-de-camaguey\/"]}]},{"@type":"ImageObject","inLanguage":"es","@id":"https:\/\/exaudi.org\/es\/cuba-carta-de-los-religiosos-a-las-autoridades-de-camaguey\/#primaryimage","url":"https:\/\/exaudi.org\/wp-content\/uploads\/2021\/05\/142691358_3661954653899898_5882554009243886366_n.jpg","contentUrl":"https:\/\/exaudi.org\/wp-content\/uploads\/2021\/05\/142691358_3661954653899898_5882554009243886366_n.jpg","width":960,"height":642,"caption":"El Papa junto a las religiosas de Cuba \u00a9 CONCUR"},{"@type":"BreadcrumbList","@id":"https:\/\/exaudi.org\/es\/cuba-carta-de-los-religiosos-a-las-autoridades-de-camaguey\/#breadcrumb","itemListElement":[{"@type":"ListItem","position":1,"name":"Portada","item":"https:\/\/exaudi.org\/es\/"},{"@type":"ListItem","position":2,"name":"Cuba: Carta de los religiosos a las autoridades de Camag\u00fcey"}]},{"@type":"WebSite","@id":"https:\/\/exaudi.org\/#website","url":"https:\/\/exaudi.org\/","name":"Exaudi","description":"News","potentialAction":[{"@type":"SearchAction","target":{"@type":"EntryPoint","urlTemplate":"https:\/\/exaudi.org\/?s={search_term_string}"},"query-input":{"@type":"PropertyValueSpecification","valueRequired":true,"valueName":"search_term_string"}}],"inLanguage":"es"},{"@type":"Person","@id":"https:\/\/exaudi.org\/#\/schema\/person\/d134b96438278131ce90c90c03fda6cd","name":"Gabriel Sales","image":{"@type":"ImageObject","inLanguage":"es","@id":"https:\/\/secure.gravatar.com\/avatar\/9b1269566f6a063ed26ffb3532b66a373cdde231ce5d0effb266167437fdaffd?s=96&d=mm&r=g","url":"https:\/\/secure.gravatar.com\/avatar\/9b1269566f6a063ed26ffb3532b66a373cdde231ce5d0effb266167437fdaffd?s=96&d=mm&r=g","contentUrl":"https:\/\/secure.gravatar.com\/avatar\/9b1269566f6a063ed26ffb3532b66a373cdde231ce5d0effb266167437fdaffd?s=96&d=mm&r=g","caption":"Gabriel Sales"},"description":"Periodista y especialista en Comunicaci\u00f3n y Branding digital. Cin\u00e9filo y cr\u00edtico de cine y series de televisi\u00f3n.","sameAs":["https:\/\/www.instagram.com\/cine90segundos\/","www.linkedin.com\/in\/habemusman","https:\/\/x.com\/habemusman","https:\/\/www.youtube.com\/channel\/UCVfCiOMkJ_C7T7OpyjuaLDg"],"url":"https:\/\/exaudi.org\/es\/author\/gsalesexaudi-org\/"}]}},"jetpack_featured_media_url":"https:\/\/exaudi.org\/wp-content\/uploads\/2021\/05\/142691358_3661954653899898_5882554009243886366_n.jpg","jetpack_shortlink":"https:\/\/wp.me\/pgKjF2-3SI","_links":{"self":[{"href":"https:\/\/exaudi.org\/es\/wp-json\/wp\/v2\/posts\/14924","targetHints":{"allow":["GET"]}}],"collection":[{"href":"https:\/\/exaudi.org\/es\/wp-json\/wp\/v2\/posts"}],"about":[{"href":"https:\/\/exaudi.org\/es\/wp-json\/wp\/v2\/types\/post"}],"author":[{"embeddable":true,"href":"https:\/\/exaudi.org\/es\/wp-json\/wp\/v2\/users\/6"}],"replies":[{"embeddable":true,"href":"https:\/\/exaudi.org\/es\/wp-json\/wp\/v2\/comments?post=14924"}],"version-history":[{"count":0,"href":"https:\/\/exaudi.org\/es\/wp-json\/wp\/v2\/posts\/14924\/revisions"}],"wp:featuredmedia":[{"embeddable":true,"href":"https:\/\/exaudi.org\/es\/wp-json\/wp\/v2\/media\/14942"}],"wp:attachment":[{"href":"https:\/\/exaudi.org\/es\/wp-json\/wp\/v2\/media?parent=14924"}],"wp:term":[{"taxonomy":"category","embeddable":true,"href":"https:\/\/exaudi.org\/es\/wp-json\/wp\/v2\/categories?post=14924"},{"taxonomy":"post_tag","embeddable":true,"href":"https:\/\/exaudi.org\/es\/wp-json\/wp\/v2\/tags?post=14924"}],"curies":[{"name":"wp","href":"https:\/\/api.w.org\/{rel}","templated":true}]}}