{"id":149144,"date":"2025-12-04T19:00:21","date_gmt":"2025-12-04T18:00:21","guid":{"rendered":"https:\/\/exaudi.org\/?p=149144"},"modified":"2026-04-11T20:37:49","modified_gmt":"2026-04-11T18:37:49","slug":"venga-a-nosotros-tu-reino","status":"publish","type":"post","link":"https:\/\/exaudi.org\/es\/venga-a-nosotros-tu-reino\/","title":{"rendered":"Venga a nosotros tu Reino"},"content":{"rendered":"<p>Albert Cortina conversa con Francesc Torralba, fil\u00f3sofo, te\u00f3logo y uno de los grandes pensadores cat\u00f3licos del siglo XXI (<a href=\"https:\/\/www.francesctorralba.com\/es\/biografia\/\" target=\"_blank\" rel=\"noopener\">Biograf\u00eda<\/a>). Casado y padre de cinco hijos. Uno de ellos, Oriol, muri\u00f3 en un accidente de monta\u00f1a en 2023. En la siguiente conversaci\u00f3n, Francesc nos ofrece su visi\u00f3n m\u00e1s \u00edntima sobre su relaci\u00f3n personal con Dios, a trav\u00e9s de un profundo enfoque espiritual.<\/p>\n<p><iframe title=\"Spotify Embed: Venga a nosotros tu Reino\" style=\"border-radius: 12px\" width=\"100%\" height=\"152\" frameborder=\"0\" allowfullscreen allow=\"autoplay; clipboard-write; encrypted-media; fullscreen; picture-in-picture\" loading=\"lazy\" src=\"https:\/\/open.spotify.com\/embed\/episode\/6XzA1Pf29NBAc4Js6LoE3p?si=9bd8d7cc5a0f49d0&amp;utm_source=oembed\"><\/iframe><\/p>\n<p><strong>\u00bfCu\u00e1ndo identificas el momento donde has sentido con mayor profundidad y de forma m\u00e1s \u00edntima tu encuentro personal con Jesucristo? \u00bfCu\u00e1ndo te enamoraste de \u00c9l?<\/strong><\/p>\n<p>No puedo indicar un momento, menos a\u00fan una hora y un lugar. Se trata de un proceso de acercamiento gradual que paulatinamente ha ido adoptando formas distintas a lo largo del tiempo. No soy un converso. No he experimentado una experiencia de ruptura, de transformaci\u00f3n. Fui iniciado en la fe por mis padres, particip\u00e9 desde ni\u00f1o de los sacramentos, de la escucha de la Palabra y de los rituales cat\u00f3licos, desde la eucarist\u00eda hasta la bendici\u00f3n de la mesa en mi casa. Sent\u00ed, con el tiempo, el deseo de indagar m\u00e1s a fondo mi fe, de poder pensar reflexivamente y analizar su consistencia racional. Por ello, estudi\u00e9 teolog\u00eda, hice el doctorado y la lectura de los grandes maestros espirituales cristianos y de los te\u00f3logos de referencia me sirvi\u00f3 para comprender mejor el inmenso tesoro de la fe, la cosmovisi\u00f3n cristiana, la escatolog\u00eda, lo que podemos esperar a la luz de la revelaci\u00f3n de Dios. De este modo pude comprender mejor el mensaje revelador de Jesucristo, su humanidad y divinidad, su rebeld\u00eda, su opci\u00f3n preferencial por los m\u00e1s vulnerables, el don que representa para la humanidad la encarnaci\u00f3n del Hijo de Dios.<\/p>\n<p><strong>\u00bfC\u00f3mo un pensador y fil\u00f3sofo como t\u00fa se hace d\u00f3cil a las mociones e inspiraciones del Esp\u00edritu Santo?<\/strong><\/p>\n<p>Dice san Agust\u00edn que la humildad es la madre de todas las virtudes. Solo si uno la pr\u00e1ctica puede ser receptivo a los dones de la naturaleza, pero tambi\u00e9n a los dones del Esp\u00edritu Santo. Esto significa estar abierto, atento a la gracia que Dios regala a trav\u00e9s de la Tercera Persona de la Trinidad. El combate m\u00e1s dif\u00edcil que debe librar cualquier pensador es la lucha contra el ego, contra la arrogancia intelectual, contra la soberbia, primer pecado capital. Solo cuando uno se reconoce una nada consciente, un ser fr\u00e1gil, limitado y temporal, una criatura que depende a cada instante de Dios, se abre a \u00c9l con gratitud y se dispone a recibir sus dones. Siete son los dones del Esp\u00edritu Santo, aunque muchas veces no somos conscientes de lo que se nos ha dado por la v\u00eda espiritual.<\/p>\n<figure id=\"attachment_149149\" aria-describedby=\"caption-attachment-149149\" style=\"width: 900px\" class=\"wp-caption alignnone\"><img loading=\"lazy\" decoding=\"async\" class=\"size-full wp-image-149149\" src=\"https:\/\/exaudi.org\/wp-content\/uploads\/2025\/12\/01-1.jpg\" alt=\"\" width=\"900\" height=\"600\" srcset=\"https:\/\/exaudi.org\/wp-content\/uploads\/2025\/12\/01-1.jpg 900w, https:\/\/exaudi.org\/wp-content\/uploads\/2025\/12\/01-1-300x200.jpg 300w, https:\/\/exaudi.org\/wp-content\/uploads\/2025\/12\/01-1-770x513.jpg 770w, https:\/\/exaudi.org\/wp-content\/uploads\/2025\/12\/01-1-360x240.jpg?crop=1 360w, https:\/\/exaudi.org\/wp-content\/uploads\/2025\/12\/01-1-500x333.jpg 500w\" sizes=\"auto, (max-width: 900px) 100vw, 900px\" \/><figcaption id=\"caption-attachment-149149\" class=\"wp-caption-text\">El Esp\u00edritu Santo y sus dones, en un baldequino de la iglesia de Pusy House, Oxford. (Foto: Flick\/LawrenceOP)<\/figcaption><\/figure>\n<p><strong>\u00bfC\u00f3mo definir\u00edas la crisis de sobrenaturalidad y sacralidad que hoy sufre tanto el mundo secular como incluso algunos creyentes cristianos?<\/strong><\/p>\n<p>En el imaginario colectivo subsiste una visi\u00f3n de la realidad de corte materialista, positivista y, por lo tanto, reduccionista. La realidad es m\u00e1s que lo que captamos a trav\u00e9s de nuestros sentidos externos, es m\u00e1s que lo que concebimos con la raz\u00f3n. La realidad es m\u00e1s que lo que podemos comprender desde la racionalidad. El arte expresa esa dimensi\u00f3n que trasciende el mundo, su elemento intangible, espiritual, que no se deja agarrar por el trabajo del concepto. Hay un latido espiritual en nuestro mundo, una b\u00fasqueda de plenitud que no da, ni ofrece este mundo, una sed de sentido que no encuentra su satisfacci\u00f3n en la esfera material, en el universo del consumo, de la producci\u00f3n propia del tecno-capitalismo. Lo sacro se opone a lo profano, a lo \u00fatil, a lo instrumental, a lo que sirve para mejorar nuestra eficacia y eficiencia. Lo sacro revela lo m\u00e1s valioso de la realidad, lo que escapa al lenguaje conceptual y cient\u00edfico. Evoca lo que viene de las alturas, lo que nos dignifica y nos eleva como seres humanos.<\/p>\n<p><strong>\u00bfPara ti que es la Verdad en may\u00fasculas?<\/strong><\/p>\n<p>Jes\u00fas es el camino, la verdad y la vida, pero para comprender qu\u00e9 significa esta afirmaci\u00f3n tenemos que indagar a fondo en su naturaleza, en sus obras, en sus palabras y en sus silencios, pues solo de este modo, podemos captar la naturaleza de Dios que se ha revelado definitivamente en Jesucristo, su Hijo.<\/p>\n<figure id=\"attachment_149152\" aria-describedby=\"caption-attachment-149152\" style=\"width: 1030px\" class=\"wp-caption alignnone\"><img loading=\"lazy\" decoding=\"async\" class=\"wp-image-149152 size-full\" src=\"https:\/\/exaudi.org\/wp-content\/uploads\/2025\/12\/02.jpg\" alt=\"\" width=\"1030\" height=\"600\" srcset=\"https:\/\/exaudi.org\/wp-content\/uploads\/2025\/12\/02.jpg 1030w, https:\/\/exaudi.org\/wp-content\/uploads\/2025\/12\/02-300x175.jpg 300w, https:\/\/exaudi.org\/wp-content\/uploads\/2025\/12\/02-1024x597.jpg 1024w, https:\/\/exaudi.org\/wp-content\/uploads\/2025\/12\/02-770x449.jpg 770w, https:\/\/exaudi.org\/wp-content\/uploads\/2025\/12\/02-500x291.jpg 500w\" sizes=\"auto, (max-width: 1030px) 100vw, 1030px\" \/><figcaption id=\"caption-attachment-149152\" class=\"wp-caption-text\">Cristo caminando con los disc\u00edpulos de Edward von Steinle. St\u00e4del Museum, Fr\u00e1ncfort -Alemania (Foto: Internet)<\/figcaption><\/figure>\n<p><strong>\u00bfC\u00f3mo explicar\u00edas a nuestros contempor\u00e1neos que Jesucristo es el camino, la verdad y la vida y que \u00c9l es el Salvador y Redentor que nos lleva al Padre con el Esp\u00edritu Santo?<\/strong><\/p>\n<p>La capacidad de persuasi\u00f3n racional tiene l\u00edmites. Uno puede intentar hilar argumentos, pero lo que realmente puede transformar a las personas es el ejemplo. En la cultura contempor\u00e1nea se presentan una pluralidad de v\u00edas y de formas de conocer a Jesucristo, ya sea a trav\u00e9s del arte, de la literatura, de la filosof\u00eda o de la teolog\u00eda. La clave es dar testimonio. Eso es lo m\u00e1s efectivo, pero aun as\u00ed tampoco es determinante. Cuando uno da testimonio de que su vida se cimenta en la fe en Jesucristo y que esta fe constituye el motivo y la raz\u00f3n de su existencia, se convierte en un ejemplo visible. Dar ejemplo en situaciones de adversidad, de contrariedad, de hundimiento moral es la clave, porque en estas circunstancias es cuando se demuestra por la v\u00eda del ejemplo que uno es sostenido por Jesucristo y que la fe es un b\u00e1lsamo, una fuente infinita de consolaci\u00f3n y un proyecto de vida.<\/p>\n<p><strong>\u00bfDesde tu experiencia vital actual, para ti que supone contar con la Providencia Divina?<\/strong><\/p>\n<p>Significa contar con la presencia de Dios en la vida de cada d\u00eda. El Dios del Evangelio no es un principio abstracto, no es un fundamento filos\u00f3fico, no es el Primer Motor Inm\u00f3vil. Es vida, es coraz\u00f3n, es amor infinito que se manifiesta a trav\u00e9s de todas las criaturas. Dios se hace presente a trav\u00e9s de todo lo que nos ocurre, tanto de lo bello y noble, como de lo dif\u00edcil y adverso. Debemos ser capaces de descifrar esta presencia y aprender tanto de lo bello, como de lo arduo. Dios est\u00e1 presente de un modo latente. Est\u00e1 ausente en lo material. No ha creado un teatro de t\u00edteres, sino a seres libres, capaces de decidir y de hacer de sus vidas una obra de arte, pero Dios no es ajeno a ninguno de nosotros, no se mantiene al margen, como un espectador neutral. Vela para que cada uno de nosotros llegue a devenir lo que est\u00e1 llamado a ser. Descifrar esta misi\u00f3n en el mundo no siempre es f\u00e1cil. Leer las se\u00f1ales que Dios manda tampoco es simple, pero Dios se manifiesta a trav\u00e9s de los hechos que nos ocurren, a pesar de que, en ocasiones, nos resulte dif\u00edcil poderlos comprender, digerir y asumir.<\/p>\n<p><strong>Has tenido que sufrir una gran prueba: la muerte de tu hijo Oriol. En tu reciente libro \u201cLa palabra que me sostiene. Meditaciones de un te\u00f3logo en tiempo de duelo\u201d (ed. Now Books, 2025) ofreces una reflexi\u00f3n \u00edntima y honesta sobre como el duelo, vivido sin evasiones, puede convertirse en una b\u00fasqueda de sentido y en una forma distinta de paz. Francesc, \u00bfc\u00f3mo te imaginas la inmortalidad del alma, la resurrecci\u00f3n del cuerpo glorioso y la vida eterna?<\/strong><\/p>\n<p>En el Nuevo Testamento hay pocos textos que se refieren a ello. Entramos en el terreno del misterio, del enigma, de lo que trasciende el mundo de los sentidos y de la racionalidad. Antoni Gaud\u00ed relaciona dos palabras con la vida de la gloria: luz y plasticidad. Imagino el cielo como un gran banquete, imagino un reencuentro, una experiencia de amor tan pleno que no cabe en nuestro coraz\u00f3n, ni en nuestro entendimiento. Lo imagino como una gran celebraci\u00f3n. La resurrecci\u00f3n es el renacimiento total de nuestro ser, tanto an\u00edmica como corporalmente, un nuevo amanecer hecho de luz y de cuerpos sutiles que se manifiestan, se aman, se reconocen y se abrazan.<\/p>\n<p><a href=\"https:\/\/www.amazon.es\/Palabra-que-sostiene-Meditaciones-te%C3%B3logo\/dp\/8416245800\/ref=sr_1_1?adgrpid=60236784670&amp;dib=eyJ2IjoiMSJ9.0EN2uzKlxD40NWxp1uZN1d36gBettOv84qkzT5Be92uIMaWZoIA0tTL52UTx1nZ69JfQF1erNqijzqS0UrvpXdn2LJzqZ7fSP_k02UZuejvTCz9Q_M1BGRpxwhOt-NdB-D-oKEYdQv15eOZCVmizpg.8MRKJFNrX4MzIc-FPfhSCD1k6rsQxXrFSn7EpM71CL4&amp;dib_tag=se&amp;hvadid=275311680435&amp;hvdev=c&amp;hvexpln=0&amp;hvlocphy=9190106&amp;hvnetw=g&amp;hvocijid=9596140341907356524--&amp;hvqmt=e&amp;hvrand=9596140341907356524&amp;hvtargid=kwd-2444277159575&amp;hydadcr=1980_1824566&amp;keywords=la+palabra+que+me+sostiene&amp;mcid=7d3570cba7073209b3dcc80f2f1acb31&amp;qid=1764869678&amp;sr=8-1\" target=\"_blank\" rel=\"noopener\"><img loading=\"lazy\" decoding=\"async\" class=\" wp-image-149167 alignnone\" src=\"https:\/\/exaudi.org\/wp-content\/uploads\/2025\/12\/WhatsApp-Image-2025-12-04-at-18.32.53.jpeg\" alt=\"\" width=\"519\" height=\"756\" srcset=\"https:\/\/exaudi.org\/wp-content\/uploads\/2025\/12\/WhatsApp-Image-2025-12-04-at-18.32.53.jpeg 400w, https:\/\/exaudi.org\/wp-content\/uploads\/2025\/12\/WhatsApp-Image-2025-12-04-at-18.32.53-206x300.jpeg 206w\" sizes=\"auto, (max-width: 519px) 100vw, 519px\" \/><\/a><\/p>\n<p><em><a href=\"https:\/\/www.amazon.es\/Palabra-que-sostiene-Meditaciones-te%C3%B3logo\/dp\/8416245800\/ref=sr_1_1?adgrpid=60236784670&amp;dib=eyJ2IjoiMSJ9.0EN2uzKlxD40NWxp1uZN1d36gBettOv84qkzT5Be92uIMaWZoIA0tTL52UTx1nZ69JfQF1erNqijzqS0UrvpXdn2LJzqZ7fSP_k02UZuejvTCz9Q_M1BGRpxwhOt-NdB-D-oKEYdQv15eOZCVmizpg.8MRKJFNrX4MzIc-FPfhSCD1k6rsQxXrFSn7EpM71CL4&amp;dib_tag=se&amp;hvadid=275311680435&amp;hvdev=c&amp;hvexpln=0&amp;hvlocphy=9190106&amp;hvnetw=g&amp;hvocijid=9596140341907356524--&amp;hvqmt=e&amp;hvrand=9596140341907356524&amp;hvtargid=kwd-2444277159575&amp;hydadcr=1980_1824566&amp;keywords=la+palabra+que+me+sostiene&amp;mcid=7d3570cba7073209b3dcc80f2f1acb31&amp;qid=1764869678&amp;sr=8-1\" target=\"_blank\" rel=\"noopener\">Puede obtener el libro aqu\u00ed.<\/a><\/em><\/p>\n<p><strong>La confianza en la Gloria y la resurrecci\u00f3n se sustenta en la promesa del Se\u00f1or. \u00bfC\u00f3mo se lo explicar\u00edas a alguien que no tiene fe?<\/strong><\/p>\n<p>No hay demostraci\u00f3n racional. La fe en la resurrecci\u00f3n de la carne es un cap\u00edtulo de la fe, un art\u00edculo del credo de Nicea que se sustenta en el hecho pascual, esto es, en la muerte y resurrecci\u00f3n del Se\u00f1or tal y como lo narran los Evangelios sin\u00f3pticos. Nosotros, los creyentes, creemos que es verdad el hecho de la resurrecci\u00f3n y que Jes\u00fas fue resucitado por obra del Esp\u00edritu Santo. Sobre esta fe se construye la fe en nuestra propia resurrecci\u00f3n. Creemos que la muerte no es la \u00faltima palabra de la existencia humana, sino la transici\u00f3n a una vida plena, la culminaci\u00f3n del deseo infinito que experimenta el coraz\u00f3n humano y que no halla en nada de este mundo su satisfacci\u00f3n.<\/p>\n<p><strong>Para ti la esperanza es una de las virtudes teologales ant\u00eddoto al desencanto y a la desesperanza del mundo contempor\u00e1neo. \u00bfC\u00f3mo se puede hoy fortalecer dicha virtud de la esperanza?<\/strong><\/p>\n<p>El clima de desencanto y de desesperanza colapsa la vida cotidiana. Da la impresi\u00f3n que cualquier discurso en clave de esperanza est\u00e9 condenado al fracaso. Se le considera pueril, ingenuo e infantil. Sin embargo, necesitamos la esperanza como el aliento, como el agua, como el aire que respiramos. Necesitamos creer que es posible alcanzar la paz, que la lucha por un mundo mejor no es balad\u00ed, ni est\u00e1 condenada al absurdo. Debemos dar raz\u00f3n de que ello es posible y que las conquistas de derechos que hemos alcanzado no han sido una casualidad, ni un regalo del azar, sino el resultado de una lucha constante y permanente que ha dado frutos. Unos siembran y otros recogen. Nosotros recogemos lo que nuestros antepasados sembraron. Nuestros nietos van a recoger lo que nosotros hemos sembrado.<\/p>\n<figure id=\"attachment_149155\" aria-describedby=\"caption-attachment-149155\" style=\"width: 758px\" class=\"wp-caption alignnone\"><img loading=\"lazy\" decoding=\"async\" class=\"size-full wp-image-149155\" src=\"https:\/\/exaudi.org\/wp-content\/uploads\/2025\/12\/03.jpg\" alt=\"\" width=\"758\" height=\"1011\" srcset=\"https:\/\/exaudi.org\/wp-content\/uploads\/2025\/12\/03.jpg 758w, https:\/\/exaudi.org\/wp-content\/uploads\/2025\/12\/03-225x300.jpg 225w, https:\/\/exaudi.org\/wp-content\/uploads\/2025\/12\/03-500x667.jpg 500w\" sizes=\"auto, (max-width: 758px) 100vw, 758px\" \/><figcaption id=\"caption-attachment-149155\" class=\"wp-caption-text\">Francesc Torralba impartiendo una conferencia sobre la esperanza como ant\u00eddoto al desencanto, en el Monasterio de Sant Cugat del Vall\u00e8s (Foto: Albert Cortina)<\/figcaption><\/figure>\n<p><strong>Buena parte de la humanidad profesa otras convicciones, creencias y religiones distintas del cristianismo. \u00bfC\u00f3mo te imaginas un dialogo de los cristianos con dichas personas, en los espacios compartidos (la paz, la custodia de la creaci\u00f3n, la justicia, la dignidad humana, la libertad, el bien com\u00fan\u2026) sin caer en el sincretismo ni en un neognosticismo de la <em>New Age<\/em>?<\/strong><\/p>\n<p>En el di\u00e1logo interreligioso y filos\u00f3fico es clave el principio de honestidad. Uno debe presentarse en \u00e9l desde su identidad, desde sus convicciones, sin simular algo que no es, ni manifestar algo que no cree. Tambi\u00e9n debe asumir con humildad, la posibilidad de aprender del otro y reconocer los l\u00edmites y las fragilidades de la propia posici\u00f3n intelectual. Es clave, adem\u00e1s, identificar lo que nos une a los dem\u00e1s, m\u00e1s all\u00e1 de sus opciones pol\u00edticas, religiosas o espirituales, sin olvidar lo que nos separa, la propia identidad. Es posible hallar campos de intersecci\u00f3n en el terreno de los valores, de la justicia, de la paz, de la eco-sensibilidad, del gobierno de la disrupci\u00f3n tecnol\u00f3gica. Es posible e imprescindible tender puentes de di\u00e1logo y llegar a entendimientos.<\/p>\n<p><strong>\u00bfPor qu\u00e9 crees que Dios escoge a los sencillos y humildes para revelar su plan de Salvaci\u00f3n a la humanidad? Por ejemplo, escogi\u00f3 a Mar\u00eda, una humilde joven para la Encarnaci\u00f3n del Hijo de Dios, a unos sencillos pastores para recibir la buena nueva del nacimiento de Jes\u00fas en Bel\u00e9n, a unos ni\u00f1os casi analfabetos o a personas sencillas en diversas apariciones marianas o a unos simples pescadores que formaron el grupo inicial de los doce ap\u00f3stoles para la evangelizaci\u00f3n del mundo.<\/strong><\/p>\n<p>La humildad es el camino hacia la verdad. Santa Teresa de Jes\u00fas lo expresa a la perfecci\u00f3n. Solo quien es humilde se predispone a escuchar al otro, a dejarse afectar por el otro. El soberbio solo se escucha a s\u00ed mismo y trata de imponer su criterio a los dem\u00e1s. Cuando uno atraviesa el desierto del sufrimiento, de la soledad, de la adversidad, se abre a los dem\u00e1s, se dispone a recibir su ayuda, porque sabe que no es autosuficiente, sino que requiere de los dem\u00e1s para ser lo que es y para seguir siendo.<\/p>\n<p><strong>\u00bfC\u00f3mo contemplas la figura de la Sant\u00edsima Virgen Mar\u00eda con su <em>Fiat<\/em> incondicional a Dios, en un tiempo que nos empuja hacia la autosuficiencia y la reafirmaci\u00f3n del <em>yo<\/em> y a la autonom\u00eda de la voluntad individual sin l\u00edmites, al margen de la voluntad de Dios? <\/strong><\/p>\n<p>La autonom\u00eda ha sido sacralizada como valor axial en la sociedad contempor\u00e1nea. Se desprecia la heteronom\u00eda, la dependencia, la fragilidad y cualquiera de sus epifan\u00edas. Y, sin embargo, el ser humano es constitutivamente fr\u00e1gil, vulnerable, indigente y contingente. La sabidur\u00eda consiste en tener conciencia de ello. Mar\u00eda virgen se vac\u00eda de s\u00ed misma, escucha la llamada de Dios y se dispone a hospedarla en su interioridad. Esta aceptaci\u00f3n de la llamada de Dios es lo que la convierte en ejemplo paradigm\u00e1tico para cualquier creyente.<\/p>\n<figure id=\"attachment_149158\" aria-describedby=\"caption-attachment-149158\" style=\"width: 752px\" class=\"wp-caption alignnone\"><img loading=\"lazy\" decoding=\"async\" class=\"size-full wp-image-149158\" src=\"https:\/\/exaudi.org\/wp-content\/uploads\/2025\/12\/06.png\" alt=\"\" width=\"752\" height=\"1024\" srcset=\"https:\/\/exaudi.org\/wp-content\/uploads\/2025\/12\/06.png 752w, https:\/\/exaudi.org\/wp-content\/uploads\/2025\/12\/06-220x300.png 220w, https:\/\/exaudi.org\/wp-content\/uploads\/2025\/12\/06-500x681.png 500w\" sizes=\"auto, (max-width: 752px) 100vw, 752px\" \/><figcaption id=\"caption-attachment-149158\" class=\"wp-caption-text\">Inmaculada Virgen Mar\u00eda. Monasterio de Sant Cugat del Vall\u00e8s (Foto: Albert Cortina)<\/figcaption><\/figure>\n<p><strong>\u00bfC\u00f3mo explicar\u00edas el misterio de la Sant\u00edsima Trinidad y la Comuni\u00f3n de los Santos a alguien que quiera comprenderlo de forma sencilla?<\/strong><\/p>\n<p>El te\u00f3logo suizo Hans Urs von Balthasar lo expresa bellamente: Dios es una comunidad de personas en el amor. El ser humano, creado a su imagen y semejanza, est\u00e1 llamado a amar y a ser amado, a reproducir en su vida cotidiana comunidades de amor que sean anal\u00f3gicamente expresiones finitas del amor infinito de Dios, de su naturaleza m\u00e1s \u00edntima. Creemos en la comuni\u00f3n de los santos, en la vida eterna de los hombres y mujeres que han sido luz en la historia, que, con su ejemplo, nos han impulsado a reflejar, a trav\u00e9s de nuestras vidas, el amor infinito de Dios.<\/p>\n<p><strong>\u00bfC\u00f3mo podemos entender hoy que Jesucristo es el Rey del Universo? \u00bfC\u00f3mo lo relacionar\u00edas con las siguientes palabras del Padrenuestro: \u201cvenga a nosotros tu reino; h\u00e1gase tu voluntad, en la tierra como en el cielo\u201d?<\/strong><\/p>\n<p>Partimos de que hay dos niveles de realidad: lo visible y lo invisible, lo divino y lo humano, lo que est\u00e1 m\u00e1s all\u00e1 de nuestros l\u00edmites y lo finito. Dios que habita en el reino de los cielos se ha manifestado en el mundo terrenal, en la ciudad de los hombres y no nos ha dejado en la completa ignorancia de su existencia o de su esencia. Deseamos que este mundo sea una imagen transparente del cielo, que en el amor se haga expresivo y que refleje la ciudad de Dios. Para ello, es esencial luchar, rezar, cooperar en el proceso de creaci\u00f3n continua a trav\u00e9s del trabajo, del compromiso social y de la creaci\u00f3n de belleza.<\/p>\n<p><strong>Contemplando el G\u00e9nesis como el primer libro de las Sagradas Escrituras y el Apocalipsis como el \u00faltimo libro de la Biblia, \u00bfc\u00f3mo explicar\u00edas el plan de Dios y su actuaci\u00f3n a lo largo de la historia de la humanidad y de la Salvaci\u00f3n, hasta el final de los tiempos, donde se producir\u00e1 la recapitulaci\u00f3n de todas las cosas en Cristo?<\/strong><\/p>\n<p>El plan de Dios es la salvaci\u00f3n universal, que todo ser humano participe de su gloria infinita, pero Dios ha creado al ser humano libre, capaz de decidir, de elegir, de obrar conforme a su Ley, pero tambi\u00e9n, de rehusarle y vivir al margen de la Ley del amor. Cabe la posibilidad de la perdici\u00f3n, del naufragio, de la descomposici\u00f3n del ser humano, porque Dios respeta esa libertad incluso aunque est\u00e9 operando contra el propio ser humano. El fin de la creaci\u00f3n es la salvaci\u00f3n universal, la total reconciliaci\u00f3n, la fiesta de todos los seres creados, tanto humanos como no humanos, el gozo eterno, pero ello no solo depende de Dios, sino tambi\u00e9n de las decisiones que toma cada ser humano a lo largo de su existencia, pues la libertad es un don, pero a su vez, una tarea que entra\u00f1a angustia y responsabilidad.<\/p>\n<figure id=\"attachment_149161\" aria-describedby=\"caption-attachment-149161\" style=\"width: 580px\" class=\"wp-caption alignnone\"><img loading=\"lazy\" decoding=\"async\" class=\"size-full wp-image-149161\" src=\"https:\/\/exaudi.org\/wp-content\/uploads\/2025\/12\/04.jpg\" alt=\"\" width=\"580\" height=\"303\" srcset=\"https:\/\/exaudi.org\/wp-content\/uploads\/2025\/12\/04.jpg 580w, https:\/\/exaudi.org\/wp-content\/uploads\/2025\/12\/04-300x157.jpg 300w, https:\/\/exaudi.org\/wp-content\/uploads\/2025\/12\/04-500x261.jpg 500w\" sizes=\"auto, (max-width: 580px) 100vw, 580px\" \/><figcaption id=\"caption-attachment-149161\" class=\"wp-caption-text\">Recapitulaci\u00f3n de todas las cosas en Cristo. (Foto: Internet)<\/figcaption><\/figure>\n<p><strong>Francesc, muchas gracias por abrirnos tu coraz\u00f3n y hacernos part\u00edcipes de tu profunda espiritualidad. Tambi\u00e9n gracias al Esp\u00edritu Santo por los dones de sabidur\u00eda, entendimiento, consejo y ciencia que te ha otorgado y que te permiten explicar con claridad los misterios de nuestra fe. \u00a0<\/strong><\/p>\n<p><strong>En efecto, sabidur\u00eda para ver el mundo a trav\u00e9s de los ojos de Dios, valorando lo divino sobre lo terrenal. Entendimiento para comprender la Palabra de Dios, las verdades de la fe y la voluntad de Dios. Consejo para guiar y discernir las decisiones de tal forma que se alineen con la voluntad del Se\u00f1or y nos lleven a la aut\u00e9ntica felicidad, orientando los sentimientos y las intenciones seg\u00fan el coraz\u00f3n de Dios. Y finalmente, el don de ciencia que permite ver la belleza y la bondad de cada cosa, conduci\u00e9ndonos al conocimiento de Dios, su voluntad y su amor.<\/strong><\/p>\n<figure id=\"attachment_149164\" aria-describedby=\"caption-attachment-149164\" style=\"width: 547px\" class=\"wp-caption alignnone\"><img loading=\"lazy\" decoding=\"async\" class=\"size-full wp-image-149164\" src=\"https:\/\/exaudi.org\/wp-content\/uploads\/2025\/12\/05.jpg\" alt=\"\" width=\"547\" height=\"609\" srcset=\"https:\/\/exaudi.org\/wp-content\/uploads\/2025\/12\/05.jpg 547w, https:\/\/exaudi.org\/wp-content\/uploads\/2025\/12\/05-269x300.jpg 269w, https:\/\/exaudi.org\/wp-content\/uploads\/2025\/12\/05-500x557.jpg 500w\" sizes=\"auto, (max-width: 547px) 100vw, 547px\" \/><figcaption id=\"caption-attachment-149164\" class=\"wp-caption-text\">La Sabidur\u00eda divina. Icono de la escuela de Novgorod. (Foto: Internet)<\/figcaption><\/figure>\n<p><img loading=\"lazy\" decoding=\"async\" class=\"alignleft wp-image-149177 size-full\" src=\"https:\/\/exaudi.org\/wp-content\/uploads\/2025\/12\/Entrevista-2.jpg\" alt=\"\" width=\"940\" height=\"788\" srcset=\"https:\/\/exaudi.org\/wp-content\/uploads\/2025\/12\/Entrevista-2.jpg 940w, https:\/\/exaudi.org\/wp-content\/uploads\/2025\/12\/Entrevista-2-300x251.jpg 300w, https:\/\/exaudi.org\/wp-content\/uploads\/2025\/12\/Entrevista-2-770x645.jpg 770w, https:\/\/exaudi.org\/wp-content\/uploads\/2025\/12\/Entrevista-2-500x419.jpg 500w\" sizes=\"auto, (max-width: 940px) 100vw, 940px\" \/><\/p>\n","protected":false},"excerpt":{"rendered":"<p>Testimonios de la verdad<\/p>\n","protected":false},"author":146,"featured_media":149145,"comment_status":"closed","ping_status":"closed","sticky":false,"template":"","format":"standard","meta":{"_acf_changed":false,"_crdt_document":"","inline_featured_image":false,"footnotes":""},"categories":[108],"tags":[14131,20350,1473,84558,854,15858,84560,33339,393,25519,448,18645,41393,84562,84564,20833,84565,33709,84559,84567,84568,84570,7023,84563,74513,39835,84566,84571,2513,19229,23044,850,58880,84557,14712,1119,47156],"class_list":["post-149144","post","type-post","status-publish","format-standard","has-post-thumbnail","hentry","category-entrevistas","tag-albert-cortina","tag-amor-de-dios","tag-comunion-de-los-santos","tag-crisis-de-sobrenaturalidad","tag-dialogo-interreligioso-es","tag-dones-del-espiritu-santo","tag-duelo-y-esperanza","tag-encuentro-con-jesucristo","tag-entrevista","tag-esperanza-teologal","tag-espiritu-santo","tag-espiritualidad-cristiana","tag-fe-y-sufrimiento","tag-fiat-de-maria","tag-filosofo-catolico","tag-francesc-torralba","tag-humildad-y-fe","tag-jesucristo-rey-del-universo","tag-jesucristo-verdad-y-vida","tag-libro-la-palabra-que-me-sostiene","tag-meditaciones-en-el-duelo","tag-misterio-de-la-fe","tag-padrenuestro","tag-plan-de-salvacion","tag-recapitulacion-en-cristo","tag-revelacion-divina","tag-sacralidad","tag-salvacion-universal","tag-santisima-trinidad","tag-teologia-catolica","tag-testimonio-cristiano","tag-testimonio-de-fe","tag-trending-es-151","tag-venga-a-nosotros-tu-reino","tag-vida-eterna","tag-virgen-maria","tag-virtud-de-la-esperanza"],"acf":[],"yoast_head":"<!-- This site is optimized with the Yoast SEO plugin v27.5 - https:\/\/yoast.com\/product\/yoast-seo-wordpress\/ -->\n<title>Venga a nosotros tu Reino &#8211; Exaudi<\/title>\n<meta name=\"robots\" content=\"index, follow, max-snippet:-1, max-image-preview:large, max-video-preview:-1\" \/>\n<link rel=\"canonical\" href=\"https:\/\/exaudi.org\/es\/venga-a-nosotros-tu-reino\/\" \/>\n<meta property=\"og:locale\" content=\"es_ES\" \/>\n<meta property=\"og:type\" content=\"article\" \/>\n<meta property=\"og:title\" content=\"Venga a nosotros tu Reino &#8211; Exaudi\" \/>\n<meta property=\"og:description\" content=\"Testimonios de la verdad\" \/>\n<meta property=\"og:url\" content=\"https:\/\/exaudi.org\/es\/venga-a-nosotros-tu-reino\/\" \/>\n<meta property=\"og:site_name\" content=\"Exaudi\" \/>\n<meta property=\"article:publisher\" content=\"https:\/\/www.facebook.com\/ExaudiNews\" \/>\n<meta property=\"article:published_time\" content=\"2025-12-04T18:00:21+00:00\" \/>\n<meta property=\"article:modified_time\" content=\"2026-04-11T18:37:49+00:00\" \/>\n<meta property=\"og:image\" content=\"https:\/\/exaudi.org\/wp-content\/uploads\/2025\/12\/WhatsApp-Image-2025-12-04-at-18.14.48.jpeg\" \/>\n\t<meta property=\"og:image:width\" content=\"1600\" \/>\n\t<meta property=\"og:image:height\" content=\"1200\" \/>\n\t<meta property=\"og:image:type\" content=\"image\/jpeg\" \/>\n<meta name=\"author\" content=\"Albert Cortina\" \/>\n<meta name=\"twitter:card\" content=\"summary_large_image\" \/>\n<meta name=\"twitter:creator\" content=\"@Exaudi_News\" \/>\n<meta name=\"twitter:site\" content=\"@Exaudi_News\" \/>\n<meta name=\"twitter:label1\" content=\"Escrito por\" \/>\n\t<meta name=\"twitter:data1\" content=\"Albert Cortina\" \/>\n\t<meta name=\"twitter:label2\" content=\"Tiempo de lectura\" \/>\n\t<meta name=\"twitter:data2\" content=\"15 minutos\" \/>\n<script type=\"application\/ld+json\" class=\"yoast-schema-graph\">{\"@context\":\"https:\\\/\\\/schema.org\",\"@graph\":[{\"@type\":\"Article\",\"@id\":\"https:\\\/\\\/exaudi.org\\\/es\\\/venga-a-nosotros-tu-reino\\\/#article\",\"isPartOf\":{\"@id\":\"https:\\\/\\\/exaudi.org\\\/es\\\/venga-a-nosotros-tu-reino\\\/\"},\"author\":{\"name\":\"Albert Cortina\",\"@id\":\"https:\\\/\\\/exaudi.org\\\/#\\\/schema\\\/person\\\/eb838cd3b0de54952c6e6999dff746e0\"},\"headline\":\"Venga a nosotros tu Reino\",\"datePublished\":\"2025-12-04T18:00:21+00:00\",\"dateModified\":\"2026-04-11T18:37:49+00:00\",\"mainEntityOfPage\":{\"@id\":\"https:\\\/\\\/exaudi.org\\\/es\\\/venga-a-nosotros-tu-reino\\\/\"},\"wordCount\":3096,\"image\":{\"@id\":\"https:\\\/\\\/exaudi.org\\\/es\\\/venga-a-nosotros-tu-reino\\\/#primaryimage\"},\"thumbnailUrl\":\"https:\\\/\\\/exaudi.org\\\/wp-content\\\/uploads\\\/2025\\\/12\\\/WhatsApp-Image-2025-12-04-at-18.14.48.jpeg\",\"keywords\":[\"Albert Cortina\",\"amor de Dios\",\"Comuni\u00f3n de los santos\",\"crisis de sobrenaturalidad\",\"dialogo interreligioso\",\"dones del Esp\u00edritu Santo\",\"duelo y esperanza\",\"encuentro con Jesucristo\",\"Entrevista\",\"Esperanza teologal\",\"Esp\u00edritu Santo\",\"espiritualidad cristiana\",\"Fe y sufrimiento\",\"Fiat de Mar\u00eda\",\"fil\u00f3sofo cat\u00f3lico\",\"Francesc Torralba\",\"humildad y fe\",\"Jesucristo Rey del Universo\",\"Jesucristo verdad y vida\",\"libro La palabra que me sostiene\",\"meditaciones en el duelo\",\"misterio de la fe\",\"Padrenuestro\",\"plan de salvaci\u00f3n\",\"recapitulaci\u00f3n en Cristo\",\"revelaci\u00f3n divina\",\"sacralidad\",\"salvaci\u00f3n universal\",\"Sant\u00edsima Trinidad\",\"teolog\u00eda cat\u00f3lica\",\"testimonio cristiano\",\"Testimonio de fe\",\"Trending\",\"Venga a nosotros tu Reino\",\"Vida eterna\",\"Virgen Mar\u00eda\",\"virtud de la esperanza\"],\"articleSection\":[\"Entrevistas\"],\"inLanguage\":\"es\"},{\"@type\":\"WebPage\",\"@id\":\"https:\\\/\\\/exaudi.org\\\/es\\\/venga-a-nosotros-tu-reino\\\/\",\"url\":\"https:\\\/\\\/exaudi.org\\\/es\\\/venga-a-nosotros-tu-reino\\\/\",\"name\":\"Venga a nosotros tu Reino &#8211; Exaudi\",\"isPartOf\":{\"@id\":\"https:\\\/\\\/exaudi.org\\\/#website\"},\"primaryImageOfPage\":{\"@id\":\"https:\\\/\\\/exaudi.org\\\/es\\\/venga-a-nosotros-tu-reino\\\/#primaryimage\"},\"image\":{\"@id\":\"https:\\\/\\\/exaudi.org\\\/es\\\/venga-a-nosotros-tu-reino\\\/#primaryimage\"},\"thumbnailUrl\":\"https:\\\/\\\/exaudi.org\\\/wp-content\\\/uploads\\\/2025\\\/12\\\/WhatsApp-Image-2025-12-04-at-18.14.48.jpeg\",\"datePublished\":\"2025-12-04T18:00:21+00:00\",\"dateModified\":\"2026-04-11T18:37:49+00:00\",\"author\":{\"@id\":\"https:\\\/\\\/exaudi.org\\\/#\\\/schema\\\/person\\\/eb838cd3b0de54952c6e6999dff746e0\"},\"breadcrumb\":{\"@id\":\"https:\\\/\\\/exaudi.org\\\/es\\\/venga-a-nosotros-tu-reino\\\/#breadcrumb\"},\"inLanguage\":\"es\",\"potentialAction\":[{\"@type\":\"ReadAction\",\"target\":[\"https:\\\/\\\/exaudi.org\\\/es\\\/venga-a-nosotros-tu-reino\\\/\"]}]},{\"@type\":\"ImageObject\",\"inLanguage\":\"es\",\"@id\":\"https:\\\/\\\/exaudi.org\\\/es\\\/venga-a-nosotros-tu-reino\\\/#primaryimage\",\"url\":\"https:\\\/\\\/exaudi.org\\\/wp-content\\\/uploads\\\/2025\\\/12\\\/WhatsApp-Image-2025-12-04-at-18.14.48.jpeg\",\"contentUrl\":\"https:\\\/\\\/exaudi.org\\\/wp-content\\\/uploads\\\/2025\\\/12\\\/WhatsApp-Image-2025-12-04-at-18.14.48.jpeg\",\"width\":1600,\"height\":1200},{\"@type\":\"BreadcrumbList\",\"@id\":\"https:\\\/\\\/exaudi.org\\\/es\\\/venga-a-nosotros-tu-reino\\\/#breadcrumb\",\"itemListElement\":[{\"@type\":\"ListItem\",\"position\":1,\"name\":\"Portada\",\"item\":\"https:\\\/\\\/exaudi.org\\\/es\\\/\"},{\"@type\":\"ListItem\",\"position\":2,\"name\":\"Venga a nosotros tu Reino\"}]},{\"@type\":\"WebSite\",\"@id\":\"https:\\\/\\\/exaudi.org\\\/#website\",\"url\":\"https:\\\/\\\/exaudi.org\\\/\",\"name\":\"Exaudi\",\"description\":\"News\",\"potentialAction\":[{\"@type\":\"SearchAction\",\"target\":{\"@type\":\"EntryPoint\",\"urlTemplate\":\"https:\\\/\\\/exaudi.org\\\/?s={search_term_string}\"},\"query-input\":{\"@type\":\"PropertyValueSpecification\",\"valueRequired\":true,\"valueName\":\"search_term_string\"}}],\"inLanguage\":\"es\"},{\"@type\":\"Person\",\"@id\":\"https:\\\/\\\/exaudi.org\\\/#\\\/schema\\\/person\\\/eb838cd3b0de54952c6e6999dff746e0\",\"name\":\"Albert Cortina\",\"image\":{\"@type\":\"ImageObject\",\"inLanguage\":\"es\",\"@id\":\"https:\\\/\\\/secure.gravatar.com\\\/avatar\\\/a6ff6f8f9d2f6d3dfd6a704e7dfe85e4f91abe27f2654610849fd7578b1d572d?s=96&d=mm&r=g\",\"url\":\"https:\\\/\\\/secure.gravatar.com\\\/avatar\\\/a6ff6f8f9d2f6d3dfd6a704e7dfe85e4f91abe27f2654610849fd7578b1d572d?s=96&d=mm&r=g\",\"contentUrl\":\"https:\\\/\\\/secure.gravatar.com\\\/avatar\\\/a6ff6f8f9d2f6d3dfd6a704e7dfe85e4f91abe27f2654610849fd7578b1d572d?s=96&d=mm&r=g\",\"caption\":\"Albert Cortina\"},\"description\":\"Albert Cortina es abogado y urbanista. Director del Estudio DTUM, impulsa un humanismo avanzado para una sociedad donde las biotecnolog\u00edas exponenciales est\u00e9n al servicio de las personas y de la vida. Promueve la integraci\u00f3n entre ciencia, \u00e9tica y espiritualidad. Actualmente focaliza su atenci\u00f3n en la preservaci\u00f3n de la naturaleza y condici\u00f3n humana desde una antropolog\u00eda adecuada que priorice el desarrollo integral de la persona. Cree en unos principios basados en una \u00e9tica universal que tenga su fundamento en la ley natural y en la espiritualidad del coraz\u00f3n. Desde su vocaci\u00f3n profesional gestiona ideas, valores y proyectos a favor del bien com\u00fan.\",\"url\":\"https:\\\/\\\/exaudi.org\\\/es\\\/author\\\/albert-cortina\\\/\"}]}<\/script>\n<!-- \/ Yoast SEO plugin. -->","yoast_head_json":{"title":"Venga a nosotros tu Reino &#8211; Exaudi","robots":{"index":"index","follow":"follow","max-snippet":"max-snippet:-1","max-image-preview":"max-image-preview:large","max-video-preview":"max-video-preview:-1"},"canonical":"https:\/\/exaudi.org\/es\/venga-a-nosotros-tu-reino\/","og_locale":"es_ES","og_type":"article","og_title":"Venga a nosotros tu Reino &#8211; Exaudi","og_description":"Testimonios de la verdad","og_url":"https:\/\/exaudi.org\/es\/venga-a-nosotros-tu-reino\/","og_site_name":"Exaudi","article_publisher":"https:\/\/www.facebook.com\/ExaudiNews","article_published_time":"2025-12-04T18:00:21+00:00","article_modified_time":"2026-04-11T18:37:49+00:00","og_image":[{"width":1600,"height":1200,"url":"https:\/\/exaudi.org\/wp-content\/uploads\/2025\/12\/WhatsApp-Image-2025-12-04-at-18.14.48.jpeg","type":"image\/jpeg"}],"author":"Albert Cortina","twitter_card":"summary_large_image","twitter_creator":"@Exaudi_News","twitter_site":"@Exaudi_News","twitter_misc":{"Escrito por":"Albert Cortina","Tiempo de lectura":"15 minutos"},"schema":{"@context":"https:\/\/schema.org","@graph":[{"@type":"Article","@id":"https:\/\/exaudi.org\/es\/venga-a-nosotros-tu-reino\/#article","isPartOf":{"@id":"https:\/\/exaudi.org\/es\/venga-a-nosotros-tu-reino\/"},"author":{"name":"Albert Cortina","@id":"https:\/\/exaudi.org\/#\/schema\/person\/eb838cd3b0de54952c6e6999dff746e0"},"headline":"Venga a nosotros tu Reino","datePublished":"2025-12-04T18:00:21+00:00","dateModified":"2026-04-11T18:37:49+00:00","mainEntityOfPage":{"@id":"https:\/\/exaudi.org\/es\/venga-a-nosotros-tu-reino\/"},"wordCount":3096,"image":{"@id":"https:\/\/exaudi.org\/es\/venga-a-nosotros-tu-reino\/#primaryimage"},"thumbnailUrl":"https:\/\/exaudi.org\/wp-content\/uploads\/2025\/12\/WhatsApp-Image-2025-12-04-at-18.14.48.jpeg","keywords":["Albert Cortina","amor de Dios","Comuni\u00f3n de los santos","crisis de sobrenaturalidad","dialogo interreligioso","dones del Esp\u00edritu Santo","duelo y esperanza","encuentro con Jesucristo","Entrevista","Esperanza teologal","Esp\u00edritu Santo","espiritualidad cristiana","Fe y sufrimiento","Fiat de Mar\u00eda","fil\u00f3sofo cat\u00f3lico","Francesc Torralba","humildad y fe","Jesucristo Rey del Universo","Jesucristo verdad y vida","libro La palabra que me sostiene","meditaciones en el duelo","misterio de la fe","Padrenuestro","plan de salvaci\u00f3n","recapitulaci\u00f3n en Cristo","revelaci\u00f3n divina","sacralidad","salvaci\u00f3n universal","Sant\u00edsima Trinidad","teolog\u00eda cat\u00f3lica","testimonio cristiano","Testimonio de fe","Trending","Venga a nosotros tu Reino","Vida eterna","Virgen Mar\u00eda","virtud de la esperanza"],"articleSection":["Entrevistas"],"inLanguage":"es"},{"@type":"WebPage","@id":"https:\/\/exaudi.org\/es\/venga-a-nosotros-tu-reino\/","url":"https:\/\/exaudi.org\/es\/venga-a-nosotros-tu-reino\/","name":"Venga a nosotros tu Reino &#8211; Exaudi","isPartOf":{"@id":"https:\/\/exaudi.org\/#website"},"primaryImageOfPage":{"@id":"https:\/\/exaudi.org\/es\/venga-a-nosotros-tu-reino\/#primaryimage"},"image":{"@id":"https:\/\/exaudi.org\/es\/venga-a-nosotros-tu-reino\/#primaryimage"},"thumbnailUrl":"https:\/\/exaudi.org\/wp-content\/uploads\/2025\/12\/WhatsApp-Image-2025-12-04-at-18.14.48.jpeg","datePublished":"2025-12-04T18:00:21+00:00","dateModified":"2026-04-11T18:37:49+00:00","author":{"@id":"https:\/\/exaudi.org\/#\/schema\/person\/eb838cd3b0de54952c6e6999dff746e0"},"breadcrumb":{"@id":"https:\/\/exaudi.org\/es\/venga-a-nosotros-tu-reino\/#breadcrumb"},"inLanguage":"es","potentialAction":[{"@type":"ReadAction","target":["https:\/\/exaudi.org\/es\/venga-a-nosotros-tu-reino\/"]}]},{"@type":"ImageObject","inLanguage":"es","@id":"https:\/\/exaudi.org\/es\/venga-a-nosotros-tu-reino\/#primaryimage","url":"https:\/\/exaudi.org\/wp-content\/uploads\/2025\/12\/WhatsApp-Image-2025-12-04-at-18.14.48.jpeg","contentUrl":"https:\/\/exaudi.org\/wp-content\/uploads\/2025\/12\/WhatsApp-Image-2025-12-04-at-18.14.48.jpeg","width":1600,"height":1200},{"@type":"BreadcrumbList","@id":"https:\/\/exaudi.org\/es\/venga-a-nosotros-tu-reino\/#breadcrumb","itemListElement":[{"@type":"ListItem","position":1,"name":"Portada","item":"https:\/\/exaudi.org\/es\/"},{"@type":"ListItem","position":2,"name":"Venga a nosotros tu Reino"}]},{"@type":"WebSite","@id":"https:\/\/exaudi.org\/#website","url":"https:\/\/exaudi.org\/","name":"Exaudi","description":"News","potentialAction":[{"@type":"SearchAction","target":{"@type":"EntryPoint","urlTemplate":"https:\/\/exaudi.org\/?s={search_term_string}"},"query-input":{"@type":"PropertyValueSpecification","valueRequired":true,"valueName":"search_term_string"}}],"inLanguage":"es"},{"@type":"Person","@id":"https:\/\/exaudi.org\/#\/schema\/person\/eb838cd3b0de54952c6e6999dff746e0","name":"Albert Cortina","image":{"@type":"ImageObject","inLanguage":"es","@id":"https:\/\/secure.gravatar.com\/avatar\/a6ff6f8f9d2f6d3dfd6a704e7dfe85e4f91abe27f2654610849fd7578b1d572d?s=96&d=mm&r=g","url":"https:\/\/secure.gravatar.com\/avatar\/a6ff6f8f9d2f6d3dfd6a704e7dfe85e4f91abe27f2654610849fd7578b1d572d?s=96&d=mm&r=g","contentUrl":"https:\/\/secure.gravatar.com\/avatar\/a6ff6f8f9d2f6d3dfd6a704e7dfe85e4f91abe27f2654610849fd7578b1d572d?s=96&d=mm&r=g","caption":"Albert Cortina"},"description":"Albert Cortina es abogado y urbanista. Director del Estudio DTUM, impulsa un humanismo avanzado para una sociedad donde las biotecnolog\u00edas exponenciales est\u00e9n al servicio de las personas y de la vida. Promueve la integraci\u00f3n entre ciencia, \u00e9tica y espiritualidad. Actualmente focaliza su atenci\u00f3n en la preservaci\u00f3n de la naturaleza y condici\u00f3n humana desde una antropolog\u00eda adecuada que priorice el desarrollo integral de la persona. Cree en unos principios basados en una \u00e9tica universal que tenga su fundamento en la ley natural y en la espiritualidad del coraz\u00f3n. Desde su vocaci\u00f3n profesional gestiona ideas, valores y proyectos a favor del bien com\u00fan.","url":"https:\/\/exaudi.org\/es\/author\/albert-cortina\/"}]}},"jetpack_featured_media_url":"https:\/\/exaudi.org\/wp-content\/uploads\/2025\/12\/WhatsApp-Image-2025-12-04-at-18.14.48.jpeg","jetpack_shortlink":"https:\/\/wp.me\/pgKjF2-CNy","_links":{"self":[{"href":"https:\/\/exaudi.org\/es\/wp-json\/wp\/v2\/posts\/149144","targetHints":{"allow":["GET"]}}],"collection":[{"href":"https:\/\/exaudi.org\/es\/wp-json\/wp\/v2\/posts"}],"about":[{"href":"https:\/\/exaudi.org\/es\/wp-json\/wp\/v2\/types\/post"}],"author":[{"embeddable":true,"href":"https:\/\/exaudi.org\/es\/wp-json\/wp\/v2\/users\/146"}],"replies":[{"embeddable":true,"href":"https:\/\/exaudi.org\/es\/wp-json\/wp\/v2\/comments?post=149144"}],"version-history":[{"count":8,"href":"https:\/\/exaudi.org\/es\/wp-json\/wp\/v2\/posts\/149144\/revisions"}],"predecessor-version":[{"id":149268,"href":"https:\/\/exaudi.org\/es\/wp-json\/wp\/v2\/posts\/149144\/revisions\/149268"}],"wp:featuredmedia":[{"embeddable":true,"href":"https:\/\/exaudi.org\/es\/wp-json\/wp\/v2\/media\/149145"}],"wp:attachment":[{"href":"https:\/\/exaudi.org\/es\/wp-json\/wp\/v2\/media?parent=149144"}],"wp:term":[{"taxonomy":"category","embeddable":true,"href":"https:\/\/exaudi.org\/es\/wp-json\/wp\/v2\/categories?post=149144"},{"taxonomy":"post_tag","embeddable":true,"href":"https:\/\/exaudi.org\/es\/wp-json\/wp\/v2\/tags?post=149144"}],"curies":[{"name":"wp","href":"https:\/\/api.w.org\/{rel}","templated":true}]}}