{"id":148967,"date":"2025-12-04T10:00:35","date_gmt":"2025-12-04T09:00:35","guid":{"rendered":"https:\/\/exaudi.org\/?p=148967"},"modified":"2025-12-04T10:55:04","modified_gmt":"2025-12-04T09:55:04","slug":"la-esperanza-que-ilumina-el-camino","status":"publish","type":"post","link":"https:\/\/exaudi.org\/es\/la-esperanza-que-ilumina-el-camino\/","title":{"rendered":"La Esperanza que ilumina el camino"},"content":{"rendered":"<p dir=\"auto\">Queridos nietos, acercaos todos al sill\u00f3n grande, que hoy empieza lo m\u00e1s bonito del a\u00f1o. Hoy es el Primer Domingo de Adviento y en casa ya huele a pino, a casta\u00f1as y a algo mucho m\u00e1s grande: la esperanza.<\/p>\n<p><iframe title=\"Spotify Embed: La Esperanza que ilumina el camino\" style=\"border-radius: 12px\" width=\"100%\" height=\"152\" frameborder=\"0\" allowfullscreen allow=\"autoplay; clipboard-write; encrypted-media; fullscreen; picture-in-picture\" loading=\"lazy\" src=\"https:\/\/open.spotify.com\/embed\/episode\/4xmrECY0xlUA9zN4mumDA2?si=4803ebd5f90a4fe6&#038;utm_source=oembed\"><\/iframe><\/p>\n<p dir=\"auto\">\u00bfSab\u00e9is qu\u00e9 significa Adviento? Viene de una palabra latina que quiere decir \u201cvenida\u201d. Dios mismo viene a visitarnos. Pero no llega de golpe como los Reyes Magos, no; \u00c9l quiere que le preparemos la casa del coraz\u00f3n poco a poco, durante cuatro domingos enteros.<\/p>\n<p dir=\"auto\">Por eso hacemos la corona de Adviento. Miradla: es redonda porque el amor de Dios no tiene principio ni fin. Las ramas siempre verdes porque Dios nunca se seca ni se cansa de querernos. Y las cuatro velas son las cuatro semanas que faltan para Navidad.<\/p>\n<p dir=\"auto\">Hoy encendemos la primera vela, que se llama \u201cla vela de la esperanza\u201d. Es violeta porque el violeta es color de espera y de cambio de vida. Cuando la encendemos rezamos as\u00ed:<\/p>\n<p dir=\"auto\">\u201cSe\u00f1or, T\u00fa que hiciste brillar una estrella para guiar a los Magos, enciende hoy en nosotros la lucecita de la esperanza. Que nunca nos cansemos de esperar lo bueno, aunque todo parezca oscuro. Am\u00e9n.\u201d<\/p>\n<p dir=\"auto\">\u00bfRecord\u00e1is la historia del pueblo de Israel? Durante cientos y cientos de a\u00f1os vivieron esperando al Salvador. Los profetas repet\u00edan: \u201c\u00a1Consolaos, pueblo m\u00edo! \u00a1Ya viene vuestro Dios!\u201d. Y un d\u00eda, el profeta Isa\u00edas grit\u00f3 con toda su alma: \u201c\u00a1El pueblo que caminaba en tinieblas vio una gran luz!\u201d. Esa luz era Jes\u00fas, que ven\u00eda a curar corazones rotos, a devolver la sonrisa a los tristes y a decirnos que nunca estamos solos.<\/p>\n<p dir=\"auto\">En casa siempre hemos puesto luces peque\u00f1as por las ventanas en Adviento, no las grandes y brillantes de Navidad todav\u00eda, sino luces suaves, como la luz de quien espera con el coraz\u00f3n despierto.<\/p>\n<p dir=\"auto\">Una tradici\u00f3n muy antigua y muy cat\u00f3lica es escribir en papelitos lo que m\u00e1s deseamos cambiar antes de Navidad: ser m\u00e1s obedientes, ayudar m\u00e1s en casa, rezar m\u00e1s, perdonar a alguien\u2026 Lo doblamos y lo metemos dentro de la corona, al pie de la vela. Cada semana, cuando encendemos la siguiente vela, quemamos uno de esos papelitos, como diciendo: \u201cSe\u00f1or, esto te lo ofrezco para que lo hagas nuevo\u201d.<\/p>\n<p dir=\"auto\">Y as\u00ed, mis ni\u00f1os, la primera vela nos ense\u00f1a que la esperanza no es esperar sentados: es encender luz en medio de la noche.<\/p>\n<p dir=\"auto\"><img loading=\"lazy\" decoding=\"async\" class=\"size-full wp-image-148978 alignnone\" src=\"https:\/\/exaudi.org\/wp-content\/uploads\/2025\/12\/Voces-2.jpg\" alt=\"\" width=\"940\" height=\"788\" srcset=\"https:\/\/exaudi.org\/wp-content\/uploads\/2025\/12\/Voces-2.jpg 940w, https:\/\/exaudi.org\/wp-content\/uploads\/2025\/12\/Voces-2-300x251.jpg 300w, https:\/\/exaudi.org\/wp-content\/uploads\/2025\/12\/Voces-2-770x645.jpg 770w, https:\/\/exaudi.org\/wp-content\/uploads\/2025\/12\/Voces-2-500x419.jpg 500w\" sizes=\"auto, (max-width: 940px) 100vw, 940px\" \/><\/p>\n","protected":false},"excerpt":{"rendered":"<p>Adviento: la Llegada de la Luz en la Oscuridad<\/p>\n","protected":false},"author":172,"featured_media":148974,"comment_status":"closed","ping_status":"closed","sticky":false,"template":"","format":"standard","meta":{"_acf_changed":false,"_crdt_document":"","inline_featured_image":false,"footnotes":""},"categories":[130],"tags":[84283,5024,84292,84285,84291,34794,14707,84287,39558,41623,84282,84288,38150,84296,35258,84295,84284,82501,33851,84281,84289,84293,84290,84280,84286,58880,84278,84279,84294],"class_list":["post-148967","post","type-post","status-publish","format-standard","has-post-thumbnail","hentry","category-voces","tag-abuelos-y-nietos","tag-adviento","tag-amor-eterno-de-dios","tag-cambiar-el-corazon","tag-consuelo-de-dios","tag-corona-de-adviento","tag-esperanza-cristiana","tag-esperar-con-fe","tag-estrella-de-belen","tag-familia-catolica","tag-jesus-luz-del-mundo","tag-luces-de-adviento","tag-luz-en-la-oscuridad","tag-miguel-morales-gabriel","tag-navidad-cristiana","tag-ofrecer-sacrificios-navidad","tag-oracion-adviento","tag-preparacion-navidad","tag-primer-domingo-de-adviento","tag-profecia-isaias","tag-pueblo-de-israel","tag-ramas-verdes-eternas","tag-salvador-prometido","tag-tradicion-catolica-adviento","tag-tradicion-corona-velas","tag-trending-es-151","tag-vela-de-la-esperanza","tag-venida-de-jesus","tag-violeta-penitencia"],"acf":[],"yoast_head":"<!-- This site is optimized with the Yoast SEO plugin v27.5 - https:\/\/yoast.com\/product\/yoast-seo-wordpress\/ -->\n<title>La Esperanza que ilumina el camino &#8211; Exaudi<\/title>\n<meta name=\"robots\" content=\"index, follow, max-snippet:-1, max-image-preview:large, max-video-preview:-1\" \/>\n<link rel=\"canonical\" href=\"https:\/\/exaudi.org\/es\/la-esperanza-que-ilumina-el-camino\/\" \/>\n<meta property=\"og:locale\" content=\"es_ES\" \/>\n<meta property=\"og:type\" content=\"article\" \/>\n<meta property=\"og:title\" content=\"La Esperanza que ilumina el camino &#8211; Exaudi\" \/>\n<meta property=\"og:description\" content=\"Adviento: la Llegada de la Luz en la Oscuridad\" \/>\n<meta property=\"og:url\" content=\"https:\/\/exaudi.org\/es\/la-esperanza-que-ilumina-el-camino\/\" \/>\n<meta property=\"og:site_name\" content=\"Exaudi\" \/>\n<meta property=\"article:publisher\" content=\"https:\/\/www.facebook.com\/ExaudiNews\" \/>\n<meta property=\"article:published_time\" content=\"2025-12-04T09:00:35+00:00\" \/>\n<meta property=\"article:modified_time\" content=\"2025-12-04T09:55:04+00:00\" \/>\n<meta property=\"og:image\" content=\"https:\/\/exaudi.org\/wp-content\/uploads\/2025\/12\/pexels-cottonbro-6158663-scaled.jpg\" \/>\n\t<meta property=\"og:image:width\" content=\"2560\" \/>\n\t<meta property=\"og:image:height\" content=\"1707\" \/>\n\t<meta property=\"og:image:type\" content=\"image\/jpeg\" \/>\n<meta name=\"author\" content=\"Miguel Morales Gabriel\" \/>\n<meta name=\"twitter:card\" content=\"summary_large_image\" \/>\n<meta name=\"twitter:creator\" content=\"@Exaudi_News\" \/>\n<meta name=\"twitter:site\" content=\"@Exaudi_News\" \/>\n<meta name=\"twitter:label1\" content=\"Escrito por\" \/>\n\t<meta name=\"twitter:data1\" content=\"Miguel Morales Gabriel\" \/>\n\t<meta name=\"twitter:label2\" content=\"Tiempo de lectura\" \/>\n\t<meta name=\"twitter:data2\" content=\"2 minutos\" \/>\n<script type=\"application\/ld+json\" class=\"yoast-schema-graph\">{\"@context\":\"https:\\\/\\\/schema.org\",\"@graph\":[{\"@type\":\"Article\",\"@id\":\"https:\\\/\\\/exaudi.org\\\/es\\\/la-esperanza-que-ilumina-el-camino\\\/#article\",\"isPartOf\":{\"@id\":\"https:\\\/\\\/exaudi.org\\\/es\\\/la-esperanza-que-ilumina-el-camino\\\/\"},\"author\":{\"name\":\"Miguel Morales Gabriel\",\"@id\":\"https:\\\/\\\/exaudi.org\\\/#\\\/schema\\\/person\\\/e3aa4e56ecee909fa93b86ab62788ea5\"},\"headline\":\"La Esperanza que ilumina el camino\",\"datePublished\":\"2025-12-04T09:00:35+00:00\",\"dateModified\":\"2025-12-04T09:55:04+00:00\",\"mainEntityOfPage\":{\"@id\":\"https:\\\/\\\/exaudi.org\\\/es\\\/la-esperanza-que-ilumina-el-camino\\\/\"},\"wordCount\":442,\"image\":{\"@id\":\"https:\\\/\\\/exaudi.org\\\/es\\\/la-esperanza-que-ilumina-el-camino\\\/#primaryimage\"},\"thumbnailUrl\":\"https:\\\/\\\/exaudi.org\\\/wp-content\\\/uploads\\\/2025\\\/12\\\/pexels-cottonbro-6158663-scaled.jpg\",\"keywords\":[\"abuelos y nietos\",\"Adviento\",\"amor eterno de Dios\",\"cambiar el coraz\u00f3n\",\"consuelo de Dios\",\"corona de Adviento\",\"esperanza cristiana\",\"esperar con fe\",\"estrella de Bel\u00e9n\",\"familia cat\u00f3lica\",\"Jes\u00fas luz del mundo\",\"luces de Adviento\",\"luz en la oscuridad\",\"Miguel Morales Gabriel\",\"Navidad cristiana\",\"ofrecer sacrificios Navidad\",\"oraci\u00f3n Adviento\",\"preparaci\u00f3n Navidad\",\"primer domingo de Adviento\",\"profec\u00eda Isa\u00edas\",\"pueblo de Israel\",\"ramas verdes eternas\",\"Salvador prometido\",\"tradici\u00f3n cat\u00f3lica Adviento\",\"tradici\u00f3n corona velas\",\"Trending\",\"vela de la esperanza\",\"venida de Jes\u00fas\",\"violeta penitencia\"],\"articleSection\":[\"Voces\"],\"inLanguage\":\"es\"},{\"@type\":\"WebPage\",\"@id\":\"https:\\\/\\\/exaudi.org\\\/es\\\/la-esperanza-que-ilumina-el-camino\\\/\",\"url\":\"https:\\\/\\\/exaudi.org\\\/es\\\/la-esperanza-que-ilumina-el-camino\\\/\",\"name\":\"La Esperanza que ilumina el camino &#8211; Exaudi\",\"isPartOf\":{\"@id\":\"https:\\\/\\\/exaudi.org\\\/#website\"},\"primaryImageOfPage\":{\"@id\":\"https:\\\/\\\/exaudi.org\\\/es\\\/la-esperanza-que-ilumina-el-camino\\\/#primaryimage\"},\"image\":{\"@id\":\"https:\\\/\\\/exaudi.org\\\/es\\\/la-esperanza-que-ilumina-el-camino\\\/#primaryimage\"},\"thumbnailUrl\":\"https:\\\/\\\/exaudi.org\\\/wp-content\\\/uploads\\\/2025\\\/12\\\/pexels-cottonbro-6158663-scaled.jpg\",\"datePublished\":\"2025-12-04T09:00:35+00:00\",\"dateModified\":\"2025-12-04T09:55:04+00:00\",\"author\":{\"@id\":\"https:\\\/\\\/exaudi.org\\\/#\\\/schema\\\/person\\\/e3aa4e56ecee909fa93b86ab62788ea5\"},\"breadcrumb\":{\"@id\":\"https:\\\/\\\/exaudi.org\\\/es\\\/la-esperanza-que-ilumina-el-camino\\\/#breadcrumb\"},\"inLanguage\":\"es\",\"potentialAction\":[{\"@type\":\"ReadAction\",\"target\":[\"https:\\\/\\\/exaudi.org\\\/es\\\/la-esperanza-que-ilumina-el-camino\\\/\"]}]},{\"@type\":\"ImageObject\",\"inLanguage\":\"es\",\"@id\":\"https:\\\/\\\/exaudi.org\\\/es\\\/la-esperanza-que-ilumina-el-camino\\\/#primaryimage\",\"url\":\"https:\\\/\\\/exaudi.org\\\/wp-content\\\/uploads\\\/2025\\\/12\\\/pexels-cottonbro-6158663-scaled.jpg\",\"contentUrl\":\"https:\\\/\\\/exaudi.org\\\/wp-content\\\/uploads\\\/2025\\\/12\\\/pexels-cottonbro-6158663-scaled.jpg\",\"width\":2560,\"height\":1707},{\"@type\":\"BreadcrumbList\",\"@id\":\"https:\\\/\\\/exaudi.org\\\/es\\\/la-esperanza-que-ilumina-el-camino\\\/#breadcrumb\",\"itemListElement\":[{\"@type\":\"ListItem\",\"position\":1,\"name\":\"Portada\",\"item\":\"https:\\\/\\\/exaudi.org\\\/es\\\/\"},{\"@type\":\"ListItem\",\"position\":2,\"name\":\"La Esperanza que ilumina el camino\"}]},{\"@type\":\"WebSite\",\"@id\":\"https:\\\/\\\/exaudi.org\\\/#website\",\"url\":\"https:\\\/\\\/exaudi.org\\\/\",\"name\":\"Exaudi\",\"description\":\"News\",\"potentialAction\":[{\"@type\":\"SearchAction\",\"target\":{\"@type\":\"EntryPoint\",\"urlTemplate\":\"https:\\\/\\\/exaudi.org\\\/?s={search_term_string}\"},\"query-input\":{\"@type\":\"PropertyValueSpecification\",\"valueRequired\":true,\"valueName\":\"search_term_string\"}}],\"inLanguage\":\"es\"},{\"@type\":\"Person\",\"@id\":\"https:\\\/\\\/exaudi.org\\\/#\\\/schema\\\/person\\\/e3aa4e56ecee909fa93b86ab62788ea5\",\"name\":\"Miguel Morales Gabriel\",\"image\":{\"@type\":\"ImageObject\",\"inLanguage\":\"es\",\"@id\":\"https:\\\/\\\/secure.gravatar.com\\\/avatar\\\/ebf41cf87d1ad0ad22bb9835362c20595e2ea28aef545333e7b96251378f3aae?s=96&d=mm&r=g\",\"url\":\"https:\\\/\\\/secure.gravatar.com\\\/avatar\\\/ebf41cf87d1ad0ad22bb9835362c20595e2ea28aef545333e7b96251378f3aae?s=96&d=mm&r=g\",\"contentUrl\":\"https:\\\/\\\/secure.gravatar.com\\\/avatar\\\/ebf41cf87d1ad0ad22bb9835362c20595e2ea28aef545333e7b96251378f3aae?s=96&d=mm&r=g\",\"caption\":\"Miguel Morales Gabriel\"},\"description\":\"Soy un jubilado empresario cat\u00f3lico, esposo devoto, padre esforzado, abuelo cari\u00f1oso y amigo leal; fundador de su empresa familiar donde lider\u00f3 con integridad durante d\u00e9cadas generando empleo y desarrollo local, siempre guiado por su fe, la solidaridad comunitaria y el amor incondicional a su esposa, hijos y nietos, viviendo con el lema de servir con humildad.\",\"url\":\"https:\\\/\\\/exaudi.org\\\/es\\\/author\\\/miguel-morales-gabriel\\\/\"}]}<\/script>\n<!-- \/ Yoast SEO plugin. -->","yoast_head_json":{"title":"La Esperanza que ilumina el camino &#8211; Exaudi","robots":{"index":"index","follow":"follow","max-snippet":"max-snippet:-1","max-image-preview":"max-image-preview:large","max-video-preview":"max-video-preview:-1"},"canonical":"https:\/\/exaudi.org\/es\/la-esperanza-que-ilumina-el-camino\/","og_locale":"es_ES","og_type":"article","og_title":"La Esperanza que ilumina el camino &#8211; Exaudi","og_description":"Adviento: la Llegada de la Luz en la Oscuridad","og_url":"https:\/\/exaudi.org\/es\/la-esperanza-que-ilumina-el-camino\/","og_site_name":"Exaudi","article_publisher":"https:\/\/www.facebook.com\/ExaudiNews","article_published_time":"2025-12-04T09:00:35+00:00","article_modified_time":"2025-12-04T09:55:04+00:00","og_image":[{"width":2560,"height":1707,"url":"https:\/\/exaudi.org\/wp-content\/uploads\/2025\/12\/pexels-cottonbro-6158663-scaled.jpg","type":"image\/jpeg"}],"author":"Miguel Morales Gabriel","twitter_card":"summary_large_image","twitter_creator":"@Exaudi_News","twitter_site":"@Exaudi_News","twitter_misc":{"Escrito por":"Miguel Morales Gabriel","Tiempo de lectura":"2 minutos"},"schema":{"@context":"https:\/\/schema.org","@graph":[{"@type":"Article","@id":"https:\/\/exaudi.org\/es\/la-esperanza-que-ilumina-el-camino\/#article","isPartOf":{"@id":"https:\/\/exaudi.org\/es\/la-esperanza-que-ilumina-el-camino\/"},"author":{"name":"Miguel Morales Gabriel","@id":"https:\/\/exaudi.org\/#\/schema\/person\/e3aa4e56ecee909fa93b86ab62788ea5"},"headline":"La Esperanza que ilumina el camino","datePublished":"2025-12-04T09:00:35+00:00","dateModified":"2025-12-04T09:55:04+00:00","mainEntityOfPage":{"@id":"https:\/\/exaudi.org\/es\/la-esperanza-que-ilumina-el-camino\/"},"wordCount":442,"image":{"@id":"https:\/\/exaudi.org\/es\/la-esperanza-que-ilumina-el-camino\/#primaryimage"},"thumbnailUrl":"https:\/\/exaudi.org\/wp-content\/uploads\/2025\/12\/pexels-cottonbro-6158663-scaled.jpg","keywords":["abuelos y nietos","Adviento","amor eterno de Dios","cambiar el coraz\u00f3n","consuelo de Dios","corona de Adviento","esperanza cristiana","esperar con fe","estrella de Bel\u00e9n","familia cat\u00f3lica","Jes\u00fas luz del mundo","luces de Adviento","luz en la oscuridad","Miguel Morales Gabriel","Navidad cristiana","ofrecer sacrificios Navidad","oraci\u00f3n Adviento","preparaci\u00f3n Navidad","primer domingo de Adviento","profec\u00eda Isa\u00edas","pueblo de Israel","ramas verdes eternas","Salvador prometido","tradici\u00f3n cat\u00f3lica Adviento","tradici\u00f3n corona velas","Trending","vela de la esperanza","venida de Jes\u00fas","violeta penitencia"],"articleSection":["Voces"],"inLanguage":"es"},{"@type":"WebPage","@id":"https:\/\/exaudi.org\/es\/la-esperanza-que-ilumina-el-camino\/","url":"https:\/\/exaudi.org\/es\/la-esperanza-que-ilumina-el-camino\/","name":"La Esperanza que ilumina el camino &#8211; Exaudi","isPartOf":{"@id":"https:\/\/exaudi.org\/#website"},"primaryImageOfPage":{"@id":"https:\/\/exaudi.org\/es\/la-esperanza-que-ilumina-el-camino\/#primaryimage"},"image":{"@id":"https:\/\/exaudi.org\/es\/la-esperanza-que-ilumina-el-camino\/#primaryimage"},"thumbnailUrl":"https:\/\/exaudi.org\/wp-content\/uploads\/2025\/12\/pexels-cottonbro-6158663-scaled.jpg","datePublished":"2025-12-04T09:00:35+00:00","dateModified":"2025-12-04T09:55:04+00:00","author":{"@id":"https:\/\/exaudi.org\/#\/schema\/person\/e3aa4e56ecee909fa93b86ab62788ea5"},"breadcrumb":{"@id":"https:\/\/exaudi.org\/es\/la-esperanza-que-ilumina-el-camino\/#breadcrumb"},"inLanguage":"es","potentialAction":[{"@type":"ReadAction","target":["https:\/\/exaudi.org\/es\/la-esperanza-que-ilumina-el-camino\/"]}]},{"@type":"ImageObject","inLanguage":"es","@id":"https:\/\/exaudi.org\/es\/la-esperanza-que-ilumina-el-camino\/#primaryimage","url":"https:\/\/exaudi.org\/wp-content\/uploads\/2025\/12\/pexels-cottonbro-6158663-scaled.jpg","contentUrl":"https:\/\/exaudi.org\/wp-content\/uploads\/2025\/12\/pexels-cottonbro-6158663-scaled.jpg","width":2560,"height":1707},{"@type":"BreadcrumbList","@id":"https:\/\/exaudi.org\/es\/la-esperanza-que-ilumina-el-camino\/#breadcrumb","itemListElement":[{"@type":"ListItem","position":1,"name":"Portada","item":"https:\/\/exaudi.org\/es\/"},{"@type":"ListItem","position":2,"name":"La Esperanza que ilumina el camino"}]},{"@type":"WebSite","@id":"https:\/\/exaudi.org\/#website","url":"https:\/\/exaudi.org\/","name":"Exaudi","description":"News","potentialAction":[{"@type":"SearchAction","target":{"@type":"EntryPoint","urlTemplate":"https:\/\/exaudi.org\/?s={search_term_string}"},"query-input":{"@type":"PropertyValueSpecification","valueRequired":true,"valueName":"search_term_string"}}],"inLanguage":"es"},{"@type":"Person","@id":"https:\/\/exaudi.org\/#\/schema\/person\/e3aa4e56ecee909fa93b86ab62788ea5","name":"Miguel Morales Gabriel","image":{"@type":"ImageObject","inLanguage":"es","@id":"https:\/\/secure.gravatar.com\/avatar\/ebf41cf87d1ad0ad22bb9835362c20595e2ea28aef545333e7b96251378f3aae?s=96&d=mm&r=g","url":"https:\/\/secure.gravatar.com\/avatar\/ebf41cf87d1ad0ad22bb9835362c20595e2ea28aef545333e7b96251378f3aae?s=96&d=mm&r=g","contentUrl":"https:\/\/secure.gravatar.com\/avatar\/ebf41cf87d1ad0ad22bb9835362c20595e2ea28aef545333e7b96251378f3aae?s=96&d=mm&r=g","caption":"Miguel Morales Gabriel"},"description":"Soy un jubilado empresario cat\u00f3lico, esposo devoto, padre esforzado, abuelo cari\u00f1oso y amigo leal; fundador de su empresa familiar donde lider\u00f3 con integridad durante d\u00e9cadas generando empleo y desarrollo local, siempre guiado por su fe, la solidaridad comunitaria y el amor incondicional a su esposa, hijos y nietos, viviendo con el lema de servir con humildad.","url":"https:\/\/exaudi.org\/es\/author\/miguel-morales-gabriel\/"}]}},"jetpack_featured_media_url":"https:\/\/exaudi.org\/wp-content\/uploads\/2025\/12\/pexels-cottonbro-6158663-scaled.jpg","jetpack_shortlink":"https:\/\/wp.me\/pgKjF2-CKH","_links":{"self":[{"href":"https:\/\/exaudi.org\/es\/wp-json\/wp\/v2\/posts\/148967","targetHints":{"allow":["GET"]}}],"collection":[{"href":"https:\/\/exaudi.org\/es\/wp-json\/wp\/v2\/posts"}],"about":[{"href":"https:\/\/exaudi.org\/es\/wp-json\/wp\/v2\/types\/post"}],"author":[{"embeddable":true,"href":"https:\/\/exaudi.org\/es\/wp-json\/wp\/v2\/users\/172"}],"replies":[{"embeddable":true,"href":"https:\/\/exaudi.org\/es\/wp-json\/wp\/v2\/comments?post=148967"}],"version-history":[{"count":5,"href":"https:\/\/exaudi.org\/es\/wp-json\/wp\/v2\/posts\/148967\/revisions"}],"predecessor-version":[{"id":149082,"href":"https:\/\/exaudi.org\/es\/wp-json\/wp\/v2\/posts\/148967\/revisions\/149082"}],"wp:featuredmedia":[{"embeddable":true,"href":"https:\/\/exaudi.org\/es\/wp-json\/wp\/v2\/media\/148974"}],"wp:attachment":[{"href":"https:\/\/exaudi.org\/es\/wp-json\/wp\/v2\/media?parent=148967"}],"wp:term":[{"taxonomy":"category","embeddable":true,"href":"https:\/\/exaudi.org\/es\/wp-json\/wp\/v2\/categories?post=148967"},{"taxonomy":"post_tag","embeddable":true,"href":"https:\/\/exaudi.org\/es\/wp-json\/wp\/v2\/tags?post=148967"}],"curies":[{"name":"wp","href":"https:\/\/api.w.org\/{rel}","templated":true}]}}